{"id":2422,"date":"2026-03-09T06:50:34","date_gmt":"2026-03-09T06:50:34","guid":{"rendered":"https:\/\/www.sebastien-auziere.fr\/blog\/?p=2422"},"modified":"2026-03-09T06:51:46","modified_gmt":"2026-03-09T06:51:46","slug":"qui-foi-o-primeiro-marido-da-madame-macron","status":"publish","type":"post","link":"https:\/\/www.sebastien-auziere.fr\/blog\/pt\/qui-foi-o-primeiro-marido-da-madame-macron\/","title":{"rendered":"Qui foi o primeiro marido da Madame Macron ?"},"content":{"rendered":"<p style=\"padding: 24px;background: lightblue\"><strong>Resposta direta:<\/strong> o primeiro marido de Brigitte Macron (nascida Trogneux) chamava-se <strong>Andr\u00e9-Louis Auzi\u00e8re<\/strong>. Nascido em <strong>28 de fevereiro de 1951 em \u00c9s\u00e9ka, Camar\u00f5es<\/strong>, ele era <strong>banco<\/strong> por profiss\u00e3o. Casou-se com Brigitte Trogneux em <strong>22 de junho de 1974<\/strong> em Touquet-Paris-Plage. Juntos, tiveram <strong>tr\u00eas filhos<\/strong>: S\u00e9bastien (1975), Laurence (1977) e Tiphaine (1984). O div\u00f3rcio foi declarado em <strong>26 de janeiro de 2006<\/strong>, ap\u00f3s a rela\u00e7\u00e3o de Brigitte com Emmanuel Macron. Andr\u00e9-Louis Auzi\u00e8re faleceu em <strong>24 de dezembro de 2019<\/strong> no hospital Georges-Pompidou em Paris, aos 68 anos. Sua morte s\u00f3 foi tornada p\u00fablica em <strong>outubro de 2020<\/strong>, por sua filha Tiphaine na <em>Paris Match<\/em>.<\/p>\n<p>Antes de se tornar a Primeira Dama da Fran\u00e7a ao lado de Emmanuel Macron, <strong>Brigitte Macron<\/strong> compartilhou mais de trinta anos de sua vida com <strong>Andr\u00e9-Louis Auzi\u00e8re<\/strong>. Este homem discreto, que optou por permanecer na sombra durante toda a sua vida, \u00e9, no entanto, uma figura central para entender o percurso de Brigitte. Retrato de um homem que a notoriedade nunca alcan\u00e7ou, mesmo depois que se tornou inevit\u00e1vel.<\/p>\n<ol>\n<li><a href=\"#qui-etait\">Quem era Andr\u00e9-Louis Auzi\u00e8re?<\/a><\/li>\n<li><a href=\"#rencontre-mariage\">O encontro com Brigitte Trogneux e o casamento<\/a><\/li>\n<li><a href=\"#vie-de-famille\">Vida familiar: tr\u00eas filhos, v\u00e1rias cidades<\/a><\/li>\n<li><a href=\"#rupture\">A ruptura: Emmanuel Macron e o fim do casamento<\/a><\/li>\n<li><a href=\"#apres-divorce\">Sua vida ap\u00f3s o div\u00f3rcio: a escolha do sil\u00eancio<\/a><\/li>\n<li><a href=\"#deces\">Sua morte em 2019 e o an\u00fancio tardio<\/a><\/li>\n<li><a href=\"#enfants\">Os tr\u00eas filhos de Andr\u00e9-Louis e Brigitte Auzi\u00e8re<\/a><\/li>\n<\/ol>\n<h2 id=\"qui-etait\">Quem era Andr\u00e9-Louis Auzi\u00e8re?<\/h2>\n<p>Andr\u00e9-Louis Auzi\u00e8re nasceu em <strong>28 de fevereiro de 1951 em \u00c9s\u00e9ka<\/strong>, uma cidade dos Camar\u00f5es sob administra\u00e7\u00e3o francesa na \u00e9poca. Seu pai, Louis Auzi\u00e8re, era alto funcion\u00e1rio no Camar\u00f5es franc\u00eas, o que explica o nascimento de seu filho no continente africano. A fam\u00edlia retorna \u00e0 Fran\u00e7a, e Andr\u00e9-Louis cursa estudos voltados para finan\u00e7as e economia.<\/p>\n<p>Ele faz carreira no &lt;strong setor banc\u00e1rio<\/strong>, ocupando cargos de executivo em v\u00e1rias institui\u00e7\u00f5es:<\/p>\n<ul>\n<li><strong>Banque Fran\u00e7aise du Commerce Ext\u00e9rieur (BFCE)<\/strong>: onde assume a dire\u00e7\u00e3o de uma ag\u00eancia em Estrasburgo<\/li>\n<li><strong>Cr\u00e9dit du Nord<\/strong>: onde trabalha ap\u00f3s seu div\u00f3rcio, baseado em Paris<\/li>\n<\/ul>\n<p>Seus amigos o descrevem como um homem <strong>discreto, reservado, mas gentil<\/strong> \u2014 um perfil radicalmente oposto ao do mundo midi\u00e1tico em que sua ex-esposa acabaria por evoluir. Ele apreciava os prazeres simples, era um grande jogador de cassino ocasionalmente, e nunca buscou a luz.<\/p>\n<h2 id=\"rencontre-mariage\">O encontro com Brigitte Trogneux e o casamento<\/h2>\n<p>Foi em <strong>Lille, no in\u00edcio da d\u00e9cada de 1970<\/strong>, que Andr\u00e9-Louis Auzi\u00e8re encontrou pela primeira vez Brigitte Trogneux, uma jovem vinda de uma fam\u00edlia de chocolatiers bem estabelecida em Amiens. Ele era ent\u00e3o estudante de finan\u00e7as, rec\u00e9m-chegado dos Camar\u00f5es.<\/p>\n<p>O casal se casou em <strong>22 de junho de 1974 em Touquet-Paris-Plage<\/strong>. Brigitte tinha 21 anos, Andr\u00e9-Louis 23. Trata-se de um casamento que parece corresponder \u00e0 imagem de um casal burgu\u00eas provincial cl\u00e1ssico: discreto, est\u00e1vel, ancorado em valores familiares.<\/p>\n<blockquote><p>\u00ab Eles se conheceram em Lille, ele era estudante. Era algu\u00e9m reservado, que estava cursando finan\u00e7as e acabaria se tornando banqueiro. \u00bb \u2014 Biografia n\u00e3o oficial de Brigitte Macron<\/p><\/blockquote>\n<h2 id=\"vie-de-famille\">Vida familiar: tr\u00eas filhos, v\u00e1rias cidades<\/h2>\n<p>Dessa uni\u00e3o nasceram tr\u00eas filhos:<\/p>\n<ul>\n<li><strong>S\u00e9bastien Auzi\u00e8re<\/strong> (1975) \u2014 engenheiro estat\u00edstico, graduado na \u00c9cole nationale de la statistique et de l&rsquo;analyse de l&rsquo;information<\/li>\n<li><strong>Laurence Auzi\u00e8re<\/strong> (1977) \u2014 cardiologista<\/li>\n<li><strong>Tiphaine Auzi\u00e8re<\/strong> (1984) \u2014 advogada, a mais pr\u00f3xima publicamente de Brigitte e Emmanuel Macron<\/li>\n<\/ul>\n<p>A fam\u00edlia acompanha as mudan\u00e7as profissionais de Andr\u00e9-Louis:<\/p>\n<div style=\"overflow:auto;max-width:100%\">\n<table>\n<caption>Cronologia geogr\u00e1fica da fam\u00edlia Auzi\u00e8re<\/caption>\n<thead>\n<tr>\n<th>Per\u00edodo<\/th>\n<th>Local<\/th>\n<th>Contexto<\/th>\n<\/tr>\n<\/thead>\n<tbody>\n<tr>\n<td>D\u00e9cada de 1970<\/td>\n<td>Lille, depois Truchtersheim (Baixo Reno)<\/td>\n<td>In\u00edcio da carreira de Andr\u00e9-Louis na BFCE, dire\u00e7\u00e3o da ag\u00eancia de Estrasburgo<\/td>\n<\/tr>\n<tr>\n<td>1987\u20131992<\/td>\n<td>Baixo Reno (ALS\u00c1CIA)<\/td>\n<td>Brigitte ensina na regi\u00e3o<\/td>\n<\/tr>\n<tr>\n<td>A partir de 1991\u20131992<\/td>\n<td>Amiens<\/td>\n<td>Brigitte se torna professora de franc\u00eas na escola La Providence \u2014 onde conhecer\u00e1 Emmanuel Macron<\/td>\n<\/tr>\n<\/tbody>\n<\/table>\n<\/div>\n<p>Foi em Amiens que a vida familiar vai mudar.<\/p>\n<h2 id=\"rupture\">A ruptura: Emmanuel Macron e o fim do casamento<\/h2>\n<p>No ano letivo de 1992\u20131993, Brigitte Auzi\u00e8re dirige um workshop de teatro na escola La Providence em Amiens. Entre seus alunos do segundo ano est\u00e1 <strong>Emmanuel Macron<\/strong>, ent\u00e3o com 15 anos \u2014 e colega de classe de sua pr\u00f3pria filha Laurence. Brigitte diria mais tarde ter ficado \u201ctotalmente fascinada pela intelig\u00eancia desse garoto\u201d.<\/p>\n<p>A rela\u00e7\u00e3o que se desenvolve entre a professora e seu aluno acaba chegando aos ouvidos de Andr\u00e9-Louis Auzi\u00e8re. A biografia <em>Il venait d&rsquo;avoir dix-sept ans<\/em> de Sylvie Bommel descreve sua rea\u00e7\u00e3o como radical: ele deixa a casa conjugal sem discuss\u00e3o. A ferida \u00e9 descrita como profunda \u2014 especialmente porque Emmanuel Macron era colega de classe de sua filha Laurence.<\/p>\n<p>A separa\u00e7\u00e3o de fato precedeu em v\u00e1rios anos o div\u00f3rcio oficial. Este \u00e9 declarado em <strong>26 de janeiro de 2006<\/strong>. Brigitte casar\u00e1 com Emmanuel Macron em 20 de outubro de 2007 em Touquet-Paris-Plage.<\/p>\n<blockquote><p>\u00ab O amor levou tudo consigo e me levou ao div\u00f3rcio. Imposs\u00edvel resistir a ele. O essencial era preservar os meus, que aceitaram essas mudan\u00e7as. \u00bb \u2014 Brigitte Macron, Paris Match<\/p><\/blockquote>\n<h2 id=\"apres-divorce\">Sua vida ap\u00f3s o div\u00f3rcio: a escolha do sil\u00eancio<\/h2>\n<p>Ap\u00f3s o div\u00f3rcio, Andr\u00e9-Louis Auzi\u00e8re volta a viver em <strong>Paris<\/strong>, onde trabalha para o Cr\u00e9dit du Nord. Ele adota o que ser\u00e1 sua postura definitiva: o sil\u00eancio total.<\/p>\n<p>Nunca uma entrevista. Nunca uma declara\u00e7\u00e3o p\u00fablica. Mesmo durante a campanha presidencial de 2017, que fez de Emmanuel Macron o presidente da Rep\u00fablica e de Brigitte a Primeira Dama da Fran\u00e7a \u2014 e que desencadeou uma intensa curiosidade midi\u00e1tica sobre todo o c\u00edrculo do casal \u2014 Andr\u00e9-Louis Auzi\u00e8re permanece inating\u00edvel, recusando sistematicamente qualquer solicita\u00e7\u00e3o jornal\u00edstica.<\/p>\n<p>Ele corta todos os la\u00e7os com o mundo midi\u00e1tico de tal forma que se perde praticamente todo registro dele. Mesmo sua morte, ocorrida em dezembro de 2019, s\u00f3 ser\u00e1 conhecida publicamente dez meses depois.<\/p>\n<h2 id=\"deces\">Sua morte em 2019 e o an\u00fancio tardio<\/h2>\n<p>Andr\u00e9-Louis Auzi\u00e8re faleceu em <strong>24 de dezembro de 2019<\/strong> no <strong>h\u00f4pital Georges-Pompidou<\/strong> em Paris, \u201cap\u00f3s uma longa luta contra a doen\u00e7a\u201d. Ele tinha 68 anos.<\/p>\n<p>Sua morte permanece confidencial por quase um ano, de acordo com suas vontades. \u00c9 sua filha <strong>Tiphaine Auzi\u00e8re<\/strong> quem a anuncia publicamente, em <strong>8 de outubro de 2020<\/strong>, nas p\u00e1ginas da <em>Paris Match<\/em>:<\/p>\n<blockquote><p>\u00ab Meu pai faleceu, eu o enterrei no dia 24 de dezembro passado na mais estrita intimidade. Eu o adorava, ele era uma pessoa especial, um anticonformista que valorizava mais que tudo seu anonimato. \u00c9 preciso respeit\u00e1-lo. \u00bb<\/p><\/blockquote>\n<p>Este an\u00fancio tardio, dez meses ap\u00f3s os fatos, \u00e9, por si s\u00f3, a \u00faltima ilustra\u00e7\u00e3o da personalidade de Andr\u00e9-Louis Auzi\u00e8re: um homem que protegeu seu anonimato at\u00e9 o fim, mesmo na morte. Ele \u00e9 enterrado com a completa discri\u00e7\u00e3o, sem cerim\u00f4nia p\u00fablica.<\/p>\n<h2 id=\"enfants\">Os tr\u00eas filhos de Andr\u00e9-Louis e Brigitte Auzi\u00e8re<\/h2>\n<p>O legado mais palp\u00e1vel de Andr\u00e9-Louis Auzi\u00e8re \u00e9 familiar. Seus tr\u00eas filhos constru\u00edram todos carreiras s\u00f3lidas e respeit\u00e1veis:<\/p>\n<ul>\n<li><strong>S\u00e9bastien Auzi\u00e8re<\/strong> \u2014 engenheiro estat\u00edstico, graduado pela ENSAI. O mais discreto dos tr\u00eas, vive longe dos meios de comunica\u00e7\u00e3o, na continuidade da personalidade de seu pai.<\/li>\n<li><strong>Laurence Auzi\u00e8re<\/strong> \u2014 cardiologista. Ela foi colega de turma de Emmanuel Macron na escola La Providence, o que torna seu caso particularmente \u00fanico nesta hist\u00f3ria.<\/li>\n<li><strong>Tiphaine Auzi\u00e8re<\/strong> \u2014 advogada, fundadora da escola Autrement em Boulogne-sur-Mer, envolvida na campanha presidencial de 2017. Ela \u00e9 a mais pr\u00f3xima publicamente do casal Macron e a \u00fanica a se pronunciar regularmente sobre sua fam\u00edlia.<\/li>\n<\/ul>\n<p>Esses tr\u00eas filhos mant\u00eam rela\u00e7\u00f5es com Emmanuel Macron, que Brigitte Macron integrou como figura paterna de cora\u00e7\u00e3o na fam\u00edlia reconstitu\u00edda.<\/p>\n<h2>FAQ<\/h2>\n<h3>Como se chamava o primeiro marido de Brigitte Macron?<\/h3>\n<p>O primeiro marido de Brigitte Macron chamava-se Andr\u00e9-Louis Auzi\u00e8re. Nascido em 1951 em Camar\u00f5es, banqueiro de profiss\u00e3o, casou-se com Brigitte Trogneux em 1974 e divorciou-se em 2006.<\/p>\n<h3>Quantos filhos Brigitte Macron teve com Andr\u00e9-Louis Auzi\u00e8re?<\/h3>\n<p>Tr\u00eas filhos: S\u00e9bastien Auzi\u00e8re (nascido em 1975, engenheiro estat\u00edstico), Laurence Auzi\u00e8re (nascida em 1977, cardiologista) e Tiphaine Auzi\u00e8re (nascida em 1984, advogada).<\/p>\n<h3>Quando Brigitte Macron se divorciou de seu primeiro marido?<\/h3>\n<p>O div\u00f3rcio de Andr\u00e9-Louis Auzi\u00e8re e Brigitte Macron foi declarado em 26 de janeiro de 2006, v\u00e1rios anos ap\u00f3s sua separa\u00e7\u00e3o de fato relacionada \u00e0 rela\u00e7\u00e3o de Brigitte com Emmanuel Macron.<\/p>\n<h3>Quando faleceu Andr\u00e9-Louis Auzi\u00e8re?<\/h3>\n<p>Andr\u00e9-Louis Auzi\u00e8re faleceu em 24 de dezembro de 2019 no hospital Georges-Pompidou em Paris, aos 68 anos, ap\u00f3s uma longa doen\u00e7a. Sua morte s\u00f3 foi tornada p\u00fablica em outubro de 2020 por sua filha Tiphaine na Paris Match.<\/p>\n<h3>Por que Andr\u00e9-Louis Auzi\u00e8re nunca falou com a m\u00eddia?<\/h3>\n<p>Andr\u00e9-Louis Auzi\u00e8re era um homem profundamente discreto, descrito por seus conhecidos como um \u201canticonformista\u201d que valorizava acima de tudo seu anonimato. Ele recusou todas as solicita\u00e7\u00f5es jornal\u00edsticas, mesmo durante a campanha presidencial de 2017, e garantiu que mesmo sua morte permanecesse confidencial durante dez meses.<\/p>\n<h3>Onde Andr\u00e9-Louis Auzi\u00e8re trabalhou?<\/h3>\n<p>Ele trabalhou como banqueiro na Banque Fran\u00e7aise du Commerce Ext\u00e9rieur (BFCE), notavelmente em Estrasburgo, e depois no Cr\u00e9dit du Nord em Paris ap\u00f3s seu div\u00f3rcio.<\/p>\n<p>[<br \/>\n  {<br \/>\n    \u00ab\u00a0@context\u00a0\u00bb: \u00ab\u00a0https:\/\/schema.org\u00a0\u00bb,<br \/>\n    \u00ab\u00a0@type\u00a0\u00bb: \u00ab\u00a0Article\u00a0\u00bb,<br \/>\n    \u00ab\u00a0headline\u00a0\u00bb: \u00ab\u00a0Quem era o primeiro marido da Senhora Macron? Andr\u00e9-Louis Auzi\u00e8re\u00a0\u00bb,<br \/>\n    \u00ab\u00a0description\u00a0\u00bb: \u00ab\u00a0Biografia de Andr\u00e9-Louis Auzi\u00e8re, primeiro marido de Brigitte Macron. Nascido em 1951 em Camar\u00f5es, banqueiro, casado em 1974, divorciado em 2006, falecido em 24 de dezembro de 2019.\u00a0\u00bb,<br \/>\n    \u00ab\u00a0inLanguage\u00a0\u00bb: \u00ab\u00a0pt\u00a0\u00bb,<br \/>\n    \u00ab\u00a0about\u00a0\u00bb: {<br \/>\n      \u00ab\u00a0@type\u00a0\u00bb: \u00ab\u00a0Person\u00a0\u00bb,<br \/>\n      \u00ab\u00a0name\u00a0\u00bb: \u00ab\u00a0Andr\u00e9-Louis Auzi\u00e8re\u00a0\u00bb,<br \/>\n      \u00ab\u00a0birthDate\u00a0\u00bb: \u00ab\u00a01951-02-28\u00a0\u00bb,<br \/>\n      \u00ab\u00a0birthPlace\u00a0\u00bb: { \u00ab\u00a0@type\u00a0\u00bb: \u00ab\u00a0Place\u00a0\u00bb, \u00ab\u00a0name\u00a0\u00bb: \u00ab\u00a0\u00c9s\u00e9ka, Camar\u00f5es\u00a0\u00bb },<br \/>\n      \u00ab\u00a0deathDate\u00a0\u00bb: \u00ab\u00a02019-12-24\u00a0\u00bb,<br \/>\n      \u00ab\u00a0deathPlace\u00a0\u00bb: { \u00ab\u00a0@type\u00a0\u00bb: \u00ab\u00a0Place\u00a0\u00bb, \u00ab\u00a0name\u00a0\u00bb: \u00ab\u00a0H\u00f4pital Georges-Pompidou, Paris\u00a0\u00bb },<br \/>\n      \u00ab\u00a0jobTitle\u00a0\u00bb: \u00ab\u00a0Banqueiro\u00a0\u00bb,<br \/>\n      \u00ab\u00a0spouse\u00a0\u00bb: { \u00ab\u00a0@type\u00a0\u00bb: \u00ab\u00a0Person\u00a0\u00bb, \u00ab\u00a0name\u00a0\u00bb: \u00ab\u00a0Brigitte Macron\u00a0\u00bb },<br \/>\n      \u00ab\u00a0children\u00a0\u00bb: [<br \/>\n        { \u00ab\u00a0@type\u00a0\u00bb: \u00ab\u00a0Person\u00a0\u00bb, \u00ab\u00a0name\u00a0\u00bb: \u00ab\u00a0S\u00e9bastien Auzi\u00e8re\u00a0\u00bb },<br \/>\n        { \u00ab\u00a0@type\u00a0\u00bb: \u00ab\u00a0Person\u00a0\u00bb, \u00ab\u00a0name\u00a0\u00bb: \u00ab\u00a0Laurence Auzi\u00e8re\u00a0\u00bb },<br \/>\n        { \u00ab\u00a0@type\u00a0\u00bb: \u00ab\u00a0Person\u00a0\u00bb, \u00ab\u00a0name\u00a0\u00bb: \u00ab\u00a0Tiphaine Auzi\u00e8re\u00a0\u00bb }<br \/>\n      ]<br \/>\n    }<br \/>\n  },<br \/>\n  {<br \/>\n    \u00ab\u00a0@context\u00a0\u00bb: \u00ab\u00a0https:\/\/schema.org\u00a0\u00bb,<br \/>\n    \u00ab\u00a0@type\u00a0\u00bb: \u00ab\u00a0FAQPage\u00a0\u00bb,<br \/>\n    \u00ab\u00a0mainEntity\u00a0\u00bb: [<br \/>\n      {<br \/>\n        \u00ab\u00a0@type\u00a0\u00bb: \u00ab\u00a0Question\u00a0\u00bb,<br \/>\n        \u00ab\u00a0name\u00a0\u00bb: \u00ab\u00a0Como se chamava o primeiro marido de Brigitte Macron?\u00a0\u00bb,<br \/>\n        \u00ab\u00a0acceptedAnswer\u00a0\u00bb: { \u00ab\u00a0@type\u00a0\u00bb: \u00ab\u00a0Answer\u00a0\u00bb, \u00ab\u00a0text\u00a0\u00bb: \u00ab\u00a0Andr\u00e9-Louis Auzi\u00e8re. Nascido em 1951 em Camar\u00f5es, banqueiro, esposo de Brigitte Trogneux de 1974 a 2006.\u00a0\u00bb }<br \/>\n      },<br \/>\n      {<br \/>\n        \u00ab\u00a0@type\u00a0\u00bb: \u00ab\u00a0Question\u00a0\u00bb,<br \/>\n        \u00ab\u00a0name\u00a0\u00bb: \u00ab\u00a0Quantos filhos Brigitte Macron teve com Andr\u00e9-Louis Auzi\u00e8re?\u00a0\u00bb,<br \/>\n        \u00ab\u00a0acceptedAnswer\u00a0\u00bb: { \u00ab\u00a0@type\u00a0\u00bb: \u00ab\u00a0Answer\u00a0\u00bb, \u00ab\u00a0text\u00a0\u00bb: \u00ab\u00a0Tr\u00eas filhos: S\u00e9bastien Auzi\u00e8re (1975, engenheiro estat\u00edstico), Laurence Auzi\u00e8re (1977, cardiologista) e Tiphaine Auzi\u00e8re (1984, advogada).\u00a0\u00bb }<br \/>\n      },<br \/>\n      {<br \/>\n        \u00ab\u00a0@type\u00a0\u00bb: \u00ab\u00a0Question\u00a0\u00bb,<br \/>\n        \u00ab\u00a0name\u00a0\u00bb: \u00ab\u00a0Quando Brigitte Macron se divorciou de seu primeiro marido?\u00a0\u00bb,<br \/>\n        \u00ab\u00a0acceptedAnswer\u00a0\u00bb: { \u00ab\u00a0@type\u00a0\u00bb: \u00ab\u00a0Answer\u00a0\u00bb, \u00ab\u00a0text\u00a0\u00bb: \u00ab\u00a0O div\u00f3rcio foi declarado em 26 de janeiro de 2006.\u00a0\u00bb }<br \/>\n      },<br \/>\n      {<br \/>\n        \u00ab\u00a0@type\u00a0\u00bb: \u00ab\u00a0Question\u00a0\u00bb,<br \/>\n        \u00ab\u00a0name\u00a0\u00bb: \u00ab\u00a0Quando faleceu Andr\u00e9-Louis Auzi\u00e8re?\u00a0\u00bb,<br \/>\n        \u00ab\u00a0acceptedAnswer\u00a0\u00bb: { \u00ab\u00a0@type\u00a0\u00bb: \u00ab\u00a0Answer\u00a0\u00bb, \u00ab\u00a0text\u00a0\u00bb: \u00ab\u00a0Em 24 de dezembro de 2019 no hospital Georges-Pompidou em Paris, aos 68 anos. Anunciado publicamente em outubro de 2020 por sua filha Tiphaine na Paris Match.\u00a0\u00bb }<br \/>\n      },<br \/>\n      {<br \/>\n        \u00ab\u00a0@type\u00a0\u00bb: \u00ab\u00a0Question\u00a0\u00bb,<br \/>\n        \u00ab\u00a0name\u00a0\u00bb: \u00ab\u00a0Por que Andr\u00e9-Louis Auzi\u00e8re nunca falou com a m\u00eddia?\u00a0\u00bb,<br \/>\n        \u00ab\u00a0acceptedAnswer\u00a0\u00bb: { \u00ab\u00a0@type\u00a0\u00bb: \u00ab\u00a0Answer\u00a0\u00bb, \u00ab\u00a0text\u00a0\u00bb: \u00ab\u00a0Um homem profundamente discreto, ele recusou todas as solicita\u00e7\u00f5es jornal\u00edsticas e fez com que sua morte permanecesse confidencial durante dez meses, em conformidade com sua vontade de anonimato.\u00a0\u00bb }<br \/>\n      },<br \/>\n      {<br \/>\n        \u00ab\u00a0@type\u00a0\u00bb: \u00ab\u00a0Question\u00a0\u00bb,<br \/>\n        \u00ab\u00a0name\u00a0\u00bb: \u00ab\u00a0Onde Andr\u00e9-Louis Auzi\u00e8re trabalhou?\u00a0\u00bb,<br \/>\n        \u00ab\u00a0acceptedAnswer\u00a0\u00bb: { \u00ab\u00a0@type\u00a0\u00bb: \u00ab\u00a0Answer\u00a0\u00bb, \u00ab\u00a0text\u00a0\u00bb: \u00ab\u00a0Ele trabalhou no Banque Fran\u00e7aise du Commerce Ext\u00e9rieur (BFCE), notavelmente em Estrasburgo, e depois no Cr\u00e9dit du Nord em Paris ap\u00f3s seu div\u00f3rcio.\u00a0\u00bb }<br \/>\n      }<br \/>\n    ]<br \/>\n  }<br \/>\n]<\/p>\n","protected":false},"excerpt":{"rendered":"<p>Resposta direta: o primeiro marido de Brigitte Macron (nascida Trogneux) chamava-se Andr\u00e9-Louis Auzi\u00e8re. Nascido em 28 de fevereiro de 1951 em \u00c9s\u00e9ka, Camar\u00f5es, ele era banco por profiss\u00e3o. Casou-se com Brigitte Trogneux em 22 de junho de 1974 em Touquet-Paris-Plage. Juntos, tiveram tr\u00eas filhos: S\u00e9bastien (1975), Laurence (1977) e Tiphaine (1984). O div\u00f3rcio foi declarado &#8230; <a title=\"Qui foi o primeiro marido da Madame Macron ?\" class=\"read-more\" href=\"https:\/\/www.sebastien-auziere.fr\/blog\/pt\/qui-foi-o-primeiro-marido-da-madame-macron\/\" aria-label=\"En savoir plus sur Qui foi o primeiro marido da Madame Macron ?\">Lire plus<\/a><\/p>\n","protected":false},"author":4,"featured_media":2316,"comment_status":"open","ping_status":"open","sticky":false,"template":"","format":"standard","meta":{"footnotes":""},"categories":[848],"tags":[],"class_list":["post-2422","post","type-post","status-publish","format-standard","has-post-thumbnail","hentry","category-non-classe-pt"],"yoast_head":"<!-- This site is optimized with the Yoast SEO plugin v27.5 - https:\/\/yoast.com\/product\/yoast-seo-wordpress\/ -->\n<title>Qui \u00e9tait le premier mari de Madame Macron ? Andr\u00e9-Louis Auzi\u00e8re<\/title>\n<meta name=\"description\" content=\"Le premier mari de Brigitte Macron s&#039;appelait Andr\u00e9-Louis Auzi\u00e8re. Banquier n\u00e9 au Cameroun en 1951, mari\u00e9 \u00e0 Brigitte en 1974, divorc\u00e9 en 2006, d\u00e9c\u00e9d\u00e9 le 24 d\u00e9cembre 2019. Biographie compl\u00e8te\" \/>\n<meta name=\"robots\" content=\"index, follow, max-snippet:-1, max-image-preview:large, max-video-preview:-1\" \/>\n<link rel=\"canonical\" href=\"https:\/\/www.sebastien-auziere.fr\/blog\/pt\/qui-foi-o-primeiro-marido-da-madame-macron\/\" \/>\n<meta property=\"og:locale\" content=\"fr_FR\" \/>\n<meta property=\"og:type\" content=\"article\" \/>\n<meta property=\"og:title\" content=\"Qui \u00e9tait le premier mari de Madame Macron ? Andr\u00e9-Louis Auzi\u00e8re\" \/>\n<meta property=\"og:description\" content=\"Le premier mari de Brigitte Macron s&#039;appelait Andr\u00e9-Louis Auzi\u00e8re. Banquier n\u00e9 au Cameroun en 1951, mari\u00e9 \u00e0 Brigitte en 1974, divorc\u00e9 en 2006, d\u00e9c\u00e9d\u00e9 le 24 d\u00e9cembre 2019. Biographie compl\u00e8te\" \/>\n<meta property=\"og:url\" content=\"https:\/\/www.sebastien-auziere.fr\/blog\/pt\/qui-foi-o-primeiro-marido-da-madame-macron\/\" \/>\n<meta property=\"og:site_name\" content=\"Fan site S\u00e9bastien Auzi\u00e8re\" \/>\n<meta property=\"article:published_time\" content=\"2026-03-09T06:50:34+00:00\" \/>\n<meta property=\"article:modified_time\" content=\"2026-03-09T06:51:46+00:00\" \/>\n<meta property=\"og:image\" content=\"https:\/\/www.sebastien-auziere.fr\/blog\/wp-content\/uploads\/2026\/03\/louis-auziere-mari-macron.jpg\" \/>\n\t<meta property=\"og:image:width\" content=\"1536\" \/>\n\t<meta property=\"og:image:height\" content=\"1024\" \/>\n\t<meta property=\"og:image:type\" content=\"image\/jpeg\" \/>\n<meta name=\"author\" content=\"Celine\" \/>\n<meta name=\"twitter:card\" content=\"summary_large_image\" \/>\n<meta name=\"twitter:label1\" content=\"\u00c9crit par\" \/>\n\t<meta name=\"twitter:data1\" content=\"Celine\" \/>\n\t<meta name=\"twitter:label2\" content=\"Dur\u00e9e de lecture estim\u00e9e\" \/>\n\t<meta name=\"twitter:data2\" content=\"9 minutes\" \/>\n<script type=\"application\/ld+json\" class=\"yoast-schema-graph\">{\"@context\":\"https:\\\/\\\/schema.org\",\"@graph\":[{\"@type\":\"Article\",\"@id\":\"https:\\\/\\\/www.sebastien-auziere.fr\\\/blog\\\/pt\\\/qui-foi-o-primeiro-marido-da-madame-macron\\\/#article\",\"isPartOf\":{\"@id\":\"https:\\\/\\\/www.sebastien-auziere.fr\\\/blog\\\/pt\\\/qui-foi-o-primeiro-marido-da-madame-macron\\\/\"},\"author\":{\"name\":\"Celine\",\"@id\":\"https:\\\/\\\/www.sebastien-auziere.fr\\\/blog\\\/#\\\/schema\\\/person\\\/1e270a963009242469ed08b1c461f81f\"},\"headline\":\"Qui foi o primeiro marido da Madame Macron ?\",\"datePublished\":\"2026-03-09T06:50:34+00:00\",\"dateModified\":\"2026-03-09T06:51:46+00:00\",\"mainEntityOfPage\":{\"@id\":\"https:\\\/\\\/www.sebastien-auziere.fr\\\/blog\\\/pt\\\/qui-foi-o-primeiro-marido-da-madame-macron\\\/\"},\"wordCount\":1892,\"commentCount\":0,\"publisher\":{\"@id\":\"https:\\\/\\\/www.sebastien-auziere.fr\\\/blog\\\/#organization\"},\"image\":{\"@id\":\"https:\\\/\\\/www.sebastien-auziere.fr\\\/blog\\\/pt\\\/qui-foi-o-primeiro-marido-da-madame-macron\\\/#primaryimage\"},\"thumbnailUrl\":\"https:\\\/\\\/www.sebastien-auziere.fr\\\/blog\\\/wp-content\\\/uploads\\\/2026\\\/03\\\/louis-auziere-mari-macron.jpg\",\"inLanguage\":\"fr-FR\",\"potentialAction\":[{\"@type\":\"CommentAction\",\"name\":\"Comment\",\"target\":[\"https:\\\/\\\/www.sebastien-auziere.fr\\\/blog\\\/pt\\\/qui-foi-o-primeiro-marido-da-madame-macron\\\/#respond\"]}]},{\"@type\":\"WebPage\",\"@id\":\"https:\\\/\\\/www.sebastien-auziere.fr\\\/blog\\\/pt\\\/qui-foi-o-primeiro-marido-da-madame-macron\\\/\",\"url\":\"https:\\\/\\\/www.sebastien-auziere.fr\\\/blog\\\/pt\\\/qui-foi-o-primeiro-marido-da-madame-macron\\\/\",\"name\":\"Qui \u00e9tait le premier mari de Madame Macron ? Andr\u00e9-Louis Auzi\u00e8re\",\"isPartOf\":{\"@id\":\"https:\\\/\\\/www.sebastien-auziere.fr\\\/blog\\\/#website\"},\"primaryImageOfPage\":{\"@id\":\"https:\\\/\\\/www.sebastien-auziere.fr\\\/blog\\\/pt\\\/qui-foi-o-primeiro-marido-da-madame-macron\\\/#primaryimage\"},\"image\":{\"@id\":\"https:\\\/\\\/www.sebastien-auziere.fr\\\/blog\\\/pt\\\/qui-foi-o-primeiro-marido-da-madame-macron\\\/#primaryimage\"},\"thumbnailUrl\":\"https:\\\/\\\/www.sebastien-auziere.fr\\\/blog\\\/wp-content\\\/uploads\\\/2026\\\/03\\\/louis-auziere-mari-macron.jpg\",\"datePublished\":\"2026-03-09T06:50:34+00:00\",\"dateModified\":\"2026-03-09T06:51:46+00:00\",\"description\":\"Le premier mari de Brigitte Macron s'appelait Andr\u00e9-Louis Auzi\u00e8re. Banquier n\u00e9 au Cameroun en 1951, mari\u00e9 \u00e0 Brigitte en 1974, divorc\u00e9 en 2006, d\u00e9c\u00e9d\u00e9 le 24 d\u00e9cembre 2019. Biographie compl\u00e8te\",\"breadcrumb\":{\"@id\":\"https:\\\/\\\/www.sebastien-auziere.fr\\\/blog\\\/pt\\\/qui-foi-o-primeiro-marido-da-madame-macron\\\/#breadcrumb\"},\"inLanguage\":\"fr-FR\",\"potentialAction\":[{\"@type\":\"ReadAction\",\"target\":[\"https:\\\/\\\/www.sebastien-auziere.fr\\\/blog\\\/pt\\\/qui-foi-o-primeiro-marido-da-madame-macron\\\/\"]}]},{\"@type\":\"ImageObject\",\"inLanguage\":\"fr-FR\",\"@id\":\"https:\\\/\\\/www.sebastien-auziere.fr\\\/blog\\\/pt\\\/qui-foi-o-primeiro-marido-da-madame-macron\\\/#primaryimage\",\"url\":\"https:\\\/\\\/www.sebastien-auziere.fr\\\/blog\\\/wp-content\\\/uploads\\\/2026\\\/03\\\/louis-auziere-mari-macron.jpg\",\"contentUrl\":\"https:\\\/\\\/www.sebastien-auziere.fr\\\/blog\\\/wp-content\\\/uploads\\\/2026\\\/03\\\/louis-auziere-mari-macron.jpg\",\"width\":1536,\"height\":1024,\"caption\":\"andre louis auziere ex mari de brigitte macron\"},{\"@type\":\"BreadcrumbList\",\"@id\":\"https:\\\/\\\/www.sebastien-auziere.fr\\\/blog\\\/pt\\\/qui-foi-o-primeiro-marido-da-madame-macron\\\/#breadcrumb\",\"itemListElement\":[{\"@type\":\"ListItem\",\"position\":1,\"name\":\"Home\",\"item\":\"https:\\\/\\\/www.sebastien-auziere.fr\\\/blog\\\/\"},{\"@type\":\"ListItem\",\"position\":2,\"name\":\"Qui foi o primeiro marido da Madame Macron ?\"}]},{\"@type\":\"WebSite\",\"@id\":\"https:\\\/\\\/www.sebastien-auziere.fr\\\/blog\\\/#website\",\"url\":\"https:\\\/\\\/www.sebastien-auziere.fr\\\/blog\\\/\",\"name\":\"Fan site S\u00e9bastien Auzi\u00e8re\",\"description\":\"M\u00e9dia g\u00e9n\u00e9raliste\",\"publisher\":{\"@id\":\"https:\\\/\\\/www.sebastien-auziere.fr\\\/blog\\\/#organization\"},\"potentialAction\":[{\"@type\":\"SearchAction\",\"target\":{\"@type\":\"EntryPoint\",\"urlTemplate\":\"https:\\\/\\\/www.sebastien-auziere.fr\\\/blog\\\/?s={search_term_string}\"},\"query-input\":{\"@type\":\"PropertyValueSpecification\",\"valueRequired\":true,\"valueName\":\"search_term_string\"}}],\"inLanguage\":\"fr-FR\"},{\"@type\":\"Organization\",\"@id\":\"https:\\\/\\\/www.sebastien-auziere.fr\\\/blog\\\/#organization\",\"name\":\"Fan site S\u00e9bastien Auzi\u00e8re\",\"url\":\"https:\\\/\\\/www.sebastien-auziere.fr\\\/blog\\\/\",\"logo\":{\"@type\":\"ImageObject\",\"inLanguage\":\"fr-FR\",\"@id\":\"https:\\\/\\\/www.sebastien-auziere.fr\\\/blog\\\/#\\\/schema\\\/logo\\\/image\\\/\",\"url\":\"https:\\\/\\\/www.sebastien-auziere.fr\\\/blog\\\/wp-content\\\/uploads\\\/2026\\\/03\\\/cropped-cropped-cropped-ChatGPT-Image-6-mars-2026-12_58_09-e1772798376794.jpg\",\"contentUrl\":\"https:\\\/\\\/www.sebastien-auziere.fr\\\/blog\\\/wp-content\\\/uploads\\\/2026\\\/03\\\/cropped-cropped-cropped-ChatGPT-Image-6-mars-2026-12_58_09-e1772798376794.jpg\",\"width\":512,\"height\":360,\"caption\":\"Fan site S\u00e9bastien Auzi\u00e8re\"},\"image\":{\"@id\":\"https:\\\/\\\/www.sebastien-auziere.fr\\\/blog\\\/#\\\/schema\\\/logo\\\/image\\\/\"}},{\"@type\":\"Person\",\"@id\":\"https:\\\/\\\/www.sebastien-auziere.fr\\\/blog\\\/#\\\/schema\\\/person\\\/1e270a963009242469ed08b1c461f81f\",\"name\":\"Celine\",\"image\":{\"@type\":\"ImageObject\",\"inLanguage\":\"fr-FR\",\"@id\":\"https:\\\/\\\/secure.gravatar.com\\\/avatar\\\/c88d569fbe1fe19a13c7f21ee0f8973822df96073df21850b95af6a09ba820c9?s=96&d=mm&r=g\",\"url\":\"https:\\\/\\\/secure.gravatar.com\\\/avatar\\\/c88d569fbe1fe19a13c7f21ee0f8973822df96073df21850b95af6a09ba820c9?s=96&d=mm&r=g\",\"contentUrl\":\"https:\\\/\\\/secure.gravatar.com\\\/avatar\\\/c88d569fbe1fe19a13c7f21ee0f8973822df96073df21850b95af6a09ba820c9?s=96&d=mm&r=g\",\"caption\":\"Celine\"},\"description\":\"Je m'appelle C\u00e9line, j'ai 31 ans et je suis journaliste sp\u00e9cialis\u00e9e dans le cin\u00e9ma. Passionn\u00e9e par le septi\u00e8me art, j'explore les actualit\u00e9s, les critiques et les tendances du monde cin\u00e9matographique. Mon objectif est de partager ma passion et d'informer les amateurs de films \u00e0 travers des articles percutants et des analyses approfondies.\",\"url\":\"https:\\\/\\\/www.sebastien-auziere.fr\\\/blog\\\/author\\\/celine\\\/\"}]}<\/script>\n<!-- \/ Yoast SEO plugin. -->","yoast_head_json":{"title":"Qui \u00e9tait le premier mari de Madame Macron ? Andr\u00e9-Louis Auzi\u00e8re","description":"Le premier mari de Brigitte Macron s'appelait Andr\u00e9-Louis Auzi\u00e8re. Banquier n\u00e9 au Cameroun en 1951, mari\u00e9 \u00e0 Brigitte en 1974, divorc\u00e9 en 2006, d\u00e9c\u00e9d\u00e9 le 24 d\u00e9cembre 2019. Biographie compl\u00e8te","robots":{"index":"index","follow":"follow","max-snippet":"max-snippet:-1","max-image-preview":"max-image-preview:large","max-video-preview":"max-video-preview:-1"},"canonical":"https:\/\/www.sebastien-auziere.fr\/blog\/pt\/qui-foi-o-primeiro-marido-da-madame-macron\/","og_locale":"fr_FR","og_type":"article","og_title":"Qui \u00e9tait le premier mari de Madame Macron ? Andr\u00e9-Louis Auzi\u00e8re","og_description":"Le premier mari de Brigitte Macron s'appelait Andr\u00e9-Louis Auzi\u00e8re. Banquier n\u00e9 au Cameroun en 1951, mari\u00e9 \u00e0 Brigitte en 1974, divorc\u00e9 en 2006, d\u00e9c\u00e9d\u00e9 le 24 d\u00e9cembre 2019. Biographie compl\u00e8te","og_url":"https:\/\/www.sebastien-auziere.fr\/blog\/pt\/qui-foi-o-primeiro-marido-da-madame-macron\/","og_site_name":"Fan site S\u00e9bastien Auzi\u00e8re","article_published_time":"2026-03-09T06:50:34+00:00","article_modified_time":"2026-03-09T06:51:46+00:00","og_image":[{"width":1536,"height":1024,"url":"https:\/\/www.sebastien-auziere.fr\/blog\/wp-content\/uploads\/2026\/03\/louis-auziere-mari-macron.jpg","type":"image\/jpeg"}],"author":"Celine","twitter_card":"summary_large_image","twitter_misc":{"\u00c9crit par":"Celine","Dur\u00e9e de lecture estim\u00e9e":"9 minutes"},"schema":{"@context":"https:\/\/schema.org","@graph":[{"@type":"Article","@id":"https:\/\/www.sebastien-auziere.fr\/blog\/pt\/qui-foi-o-primeiro-marido-da-madame-macron\/#article","isPartOf":{"@id":"https:\/\/www.sebastien-auziere.fr\/blog\/pt\/qui-foi-o-primeiro-marido-da-madame-macron\/"},"author":{"name":"Celine","@id":"https:\/\/www.sebastien-auziere.fr\/blog\/#\/schema\/person\/1e270a963009242469ed08b1c461f81f"},"headline":"Qui foi o primeiro marido da Madame Macron ?","datePublished":"2026-03-09T06:50:34+00:00","dateModified":"2026-03-09T06:51:46+00:00","mainEntityOfPage":{"@id":"https:\/\/www.sebastien-auziere.fr\/blog\/pt\/qui-foi-o-primeiro-marido-da-madame-macron\/"},"wordCount":1892,"commentCount":0,"publisher":{"@id":"https:\/\/www.sebastien-auziere.fr\/blog\/#organization"},"image":{"@id":"https:\/\/www.sebastien-auziere.fr\/blog\/pt\/qui-foi-o-primeiro-marido-da-madame-macron\/#primaryimage"},"thumbnailUrl":"https:\/\/www.sebastien-auziere.fr\/blog\/wp-content\/uploads\/2026\/03\/louis-auziere-mari-macron.jpg","inLanguage":"fr-FR","potentialAction":[{"@type":"CommentAction","name":"Comment","target":["https:\/\/www.sebastien-auziere.fr\/blog\/pt\/qui-foi-o-primeiro-marido-da-madame-macron\/#respond"]}]},{"@type":"WebPage","@id":"https:\/\/www.sebastien-auziere.fr\/blog\/pt\/qui-foi-o-primeiro-marido-da-madame-macron\/","url":"https:\/\/www.sebastien-auziere.fr\/blog\/pt\/qui-foi-o-primeiro-marido-da-madame-macron\/","name":"Qui \u00e9tait le premier mari de Madame Macron ? Andr\u00e9-Louis Auzi\u00e8re","isPartOf":{"@id":"https:\/\/www.sebastien-auziere.fr\/blog\/#website"},"primaryImageOfPage":{"@id":"https:\/\/www.sebastien-auziere.fr\/blog\/pt\/qui-foi-o-primeiro-marido-da-madame-macron\/#primaryimage"},"image":{"@id":"https:\/\/www.sebastien-auziere.fr\/blog\/pt\/qui-foi-o-primeiro-marido-da-madame-macron\/#primaryimage"},"thumbnailUrl":"https:\/\/www.sebastien-auziere.fr\/blog\/wp-content\/uploads\/2026\/03\/louis-auziere-mari-macron.jpg","datePublished":"2026-03-09T06:50:34+00:00","dateModified":"2026-03-09T06:51:46+00:00","description":"Le premier mari de Brigitte Macron s'appelait Andr\u00e9-Louis Auzi\u00e8re. Banquier n\u00e9 au Cameroun en 1951, mari\u00e9 \u00e0 Brigitte en 1974, divorc\u00e9 en 2006, d\u00e9c\u00e9d\u00e9 le 24 d\u00e9cembre 2019. Biographie compl\u00e8te","breadcrumb":{"@id":"https:\/\/www.sebastien-auziere.fr\/blog\/pt\/qui-foi-o-primeiro-marido-da-madame-macron\/#breadcrumb"},"inLanguage":"fr-FR","potentialAction":[{"@type":"ReadAction","target":["https:\/\/www.sebastien-auziere.fr\/blog\/pt\/qui-foi-o-primeiro-marido-da-madame-macron\/"]}]},{"@type":"ImageObject","inLanguage":"fr-FR","@id":"https:\/\/www.sebastien-auziere.fr\/blog\/pt\/qui-foi-o-primeiro-marido-da-madame-macron\/#primaryimage","url":"https:\/\/www.sebastien-auziere.fr\/blog\/wp-content\/uploads\/2026\/03\/louis-auziere-mari-macron.jpg","contentUrl":"https:\/\/www.sebastien-auziere.fr\/blog\/wp-content\/uploads\/2026\/03\/louis-auziere-mari-macron.jpg","width":1536,"height":1024,"caption":"andre louis auziere ex mari de brigitte macron"},{"@type":"BreadcrumbList","@id":"https:\/\/www.sebastien-auziere.fr\/blog\/pt\/qui-foi-o-primeiro-marido-da-madame-macron\/#breadcrumb","itemListElement":[{"@type":"ListItem","position":1,"name":"Home","item":"https:\/\/www.sebastien-auziere.fr\/blog\/"},{"@type":"ListItem","position":2,"name":"Qui foi o primeiro marido da Madame Macron ?"}]},{"@type":"WebSite","@id":"https:\/\/www.sebastien-auziere.fr\/blog\/#website","url":"https:\/\/www.sebastien-auziere.fr\/blog\/","name":"Fan site S\u00e9bastien Auzi\u00e8re","description":"M\u00e9dia g\u00e9n\u00e9raliste","publisher":{"@id":"https:\/\/www.sebastien-auziere.fr\/blog\/#organization"},"potentialAction":[{"@type":"SearchAction","target":{"@type":"EntryPoint","urlTemplate":"https:\/\/www.sebastien-auziere.fr\/blog\/?s={search_term_string}"},"query-input":{"@type":"PropertyValueSpecification","valueRequired":true,"valueName":"search_term_string"}}],"inLanguage":"fr-FR"},{"@type":"Organization","@id":"https:\/\/www.sebastien-auziere.fr\/blog\/#organization","name":"Fan site S\u00e9bastien Auzi\u00e8re","url":"https:\/\/www.sebastien-auziere.fr\/blog\/","logo":{"@type":"ImageObject","inLanguage":"fr-FR","@id":"https:\/\/www.sebastien-auziere.fr\/blog\/#\/schema\/logo\/image\/","url":"https:\/\/www.sebastien-auziere.fr\/blog\/wp-content\/uploads\/2026\/03\/cropped-cropped-cropped-ChatGPT-Image-6-mars-2026-12_58_09-e1772798376794.jpg","contentUrl":"https:\/\/www.sebastien-auziere.fr\/blog\/wp-content\/uploads\/2026\/03\/cropped-cropped-cropped-ChatGPT-Image-6-mars-2026-12_58_09-e1772798376794.jpg","width":512,"height":360,"caption":"Fan site S\u00e9bastien Auzi\u00e8re"},"image":{"@id":"https:\/\/www.sebastien-auziere.fr\/blog\/#\/schema\/logo\/image\/"}},{"@type":"Person","@id":"https:\/\/www.sebastien-auziere.fr\/blog\/#\/schema\/person\/1e270a963009242469ed08b1c461f81f","name":"Celine","image":{"@type":"ImageObject","inLanguage":"fr-FR","@id":"https:\/\/secure.gravatar.com\/avatar\/c88d569fbe1fe19a13c7f21ee0f8973822df96073df21850b95af6a09ba820c9?s=96&d=mm&r=g","url":"https:\/\/secure.gravatar.com\/avatar\/c88d569fbe1fe19a13c7f21ee0f8973822df96073df21850b95af6a09ba820c9?s=96&d=mm&r=g","contentUrl":"https:\/\/secure.gravatar.com\/avatar\/c88d569fbe1fe19a13c7f21ee0f8973822df96073df21850b95af6a09ba820c9?s=96&d=mm&r=g","caption":"Celine"},"description":"Je m'appelle C\u00e9line, j'ai 31 ans et je suis journaliste sp\u00e9cialis\u00e9e dans le cin\u00e9ma. Passionn\u00e9e par le septi\u00e8me art, j'explore les actualit\u00e9s, les critiques et les tendances du monde cin\u00e9matographique. Mon objectif est de partager ma passion et d'informer les amateurs de films \u00e0 travers des articles percutants et des analyses approfondies.","url":"https:\/\/www.sebastien-auziere.fr\/blog\/author\/celine\/"}]}},"views":13,"_links":{"self":[{"href":"https:\/\/www.sebastien-auziere.fr\/blog\/wp-json\/wp\/v2\/posts\/2422","targetHints":{"allow":["GET"]}}],"collection":[{"href":"https:\/\/www.sebastien-auziere.fr\/blog\/wp-json\/wp\/v2\/posts"}],"about":[{"href":"https:\/\/www.sebastien-auziere.fr\/blog\/wp-json\/wp\/v2\/types\/post"}],"author":[{"embeddable":true,"href":"https:\/\/www.sebastien-auziere.fr\/blog\/wp-json\/wp\/v2\/users\/4"}],"replies":[{"embeddable":true,"href":"https:\/\/www.sebastien-auziere.fr\/blog\/wp-json\/wp\/v2\/comments?post=2422"}],"version-history":[{"count":1,"href":"https:\/\/www.sebastien-auziere.fr\/blog\/wp-json\/wp\/v2\/posts\/2422\/revisions"}],"predecessor-version":[{"id":2423,"href":"https:\/\/www.sebastien-auziere.fr\/blog\/wp-json\/wp\/v2\/posts\/2422\/revisions\/2423"}],"wp:featuredmedia":[{"embeddable":true,"href":"https:\/\/www.sebastien-auziere.fr\/blog\/wp-json\/wp\/v2\/media\/2316"}],"wp:attachment":[{"href":"https:\/\/www.sebastien-auziere.fr\/blog\/wp-json\/wp\/v2\/media?parent=2422"}],"wp:term":[{"taxonomy":"category","embeddable":true,"href":"https:\/\/www.sebastien-auziere.fr\/blog\/wp-json\/wp\/v2\/categories?post=2422"},{"taxonomy":"post_tag","embeddable":true,"href":"https:\/\/www.sebastien-auziere.fr\/blog\/wp-json\/wp\/v2\/tags?post=2422"}],"curies":[{"name":"wp","href":"https:\/\/api.w.org\/{rel}","templated":true}]}}