{"id":2416,"date":"2026-03-09T06:47:12","date_gmt":"2026-03-09T06:47:12","guid":{"rendered":"https:\/\/www.sebastien-auziere.fr\/blog\/?p=2416"},"modified":"2026-03-09T06:48:10","modified_gmt":"2026-03-09T06:48:10","slug":"quien-fue-el-primer-marido-de-madame-macron","status":"publish","type":"post","link":"https:\/\/www.sebastien-auziere.fr\/blog\/es\/quien-fue-el-primer-marido-de-madame-macron\/","title":{"rendered":"\u00bfQui\u00e9n fue el primer marido de Madame Macron?"},"content":{"rendered":"<p style=\"padding: 24px;background: lightblue\"><strong>Respuesta directa:<\/strong> el primer esposo de Brigitte Macron (de soltera Trogneux) se llamaba <strong>Andr\u00e9-Louis Auzi\u00e8re<\/strong>. Naci\u00f3 el <strong>28 de febrero de 1951 en \u00c9s\u00e9ka, Camer\u00fan<\/strong>, y era <strong>bancario<\/strong> de profesi\u00f3n. Se cas\u00f3 con Brigitte Trogneux el <strong>22 de junio de 1974<\/strong> en Touquet-Paris-Plage. Juntos, tuvieron <strong>tres hijos<\/strong>: S\u00e9bastien (1975), Laurence (1977) y Tiphaine (1984). Su divorcio se pronunci\u00f3 el <strong>26 de enero de 2006<\/strong>, tras la relaci\u00f3n de Brigitte con Emmanuel Macron. Andr\u00e9-Louis Auzi\u00e8re falleci\u00f3 el <strong>24 de diciembre de 2019<\/strong> en el hospital Georges-Pompidou en Par\u00eds, a la edad de 68 a\u00f1os. Su fallecimiento no se hizo p\u00fablico hasta <strong>octubre de 2020<\/strong>, por su hija Tiphaine en <em>Paris Match<\/em>.<\/p>\n<p>Antes de convertirse en la Primera Dama de Francia junto a Emmanuel Macron, <strong>Brigitte Macron<\/strong> comparti\u00f3 m\u00e1s de treinta a\u00f1os de su vida con <strong>Andr\u00e9-Louis Auzi\u00e8re<\/strong>. Este hombre discreto, que permaneci\u00f3 voluntariamente en la sombra toda su vida, es, sin embargo, una figura central para comprender el recorrido de Brigitte. Retrato de un hombre que la notoriedad nunca alcanz\u00f3, incluso despu\u00e9s de que esta se volviera inevitable.<\/p>\n<ol>\n<li><a href=\"#qui-etait\">\u00bfQui\u00e9n fue Andr\u00e9-Louis Auzi\u00e8re?<\/a><\/li>\n<li><a href=\"#rencontre-mariage\">El encuentro con Brigitte Trogneux y el matrimonio<\/a><\/li>\n<li><a href=\"#vie-de-famille\">Vida familiar: tres hijos, varias ciudades<\/a><\/li>\n<li><a href=\"#rupture\">La ruptura: Emmanuel Macron y el fin del matrimonio<\/a><\/li>\n<li><a href=\"#apres-divorce\">Su vida despu\u00e9s del divorcio: la elecci\u00f3n del silencio<\/a><\/li>\n<li><a href=\"#deces\">Su fallecimiento en 2019 y su anuncio tard\u00edo<\/a><\/li>\n<li><a href=\"#enfants\">Los tres hijos de Andr\u00e9-Louis y Brigitte Auzi\u00e8re<\/a><\/li>\n<\/ol>\n<h2 id=\"qui-etait\">\u00bfQui\u00e9n fue Andr\u00e9-Louis Auzi\u00e8re?<\/h2>\n<p>Andr\u00e9-Louis Auzi\u00e8re naci\u00f3 el <strong>28 de febrero de 1951 en \u00c9s\u00e9ka<\/strong>, una ciudad de Camer\u00fan que entonces estaba bajo administraci\u00f3n francesa. Su padre, Louis Auzi\u00e8re, era alto funcionario en el Camer\u00fan franc\u00e9s, lo que explica el nacimiento de su hijo en el continente africano. La familia regresa a Francia, y Andr\u00e9-Louis sigue estudios orientados hacia las finanzas y la econom\u00eda.<\/p>\n<p>Hizo carrera en el <strong>sector bancario<\/strong>, ocupando puestos de alto nivel en varias instituciones:<\/p>\n<ul>\n<li><strong>Banque Fran\u00e7aise du Commerce Ext\u00e9rieur (BFCE)<\/strong>: all\u00ed asumi\u00f3 la direcci\u00f3n de una agencia en Estrasburgo.<\/li>\n<li><strong>Cr\u00e9dit du Nord<\/strong>: donde trabaj\u00f3 despu\u00e9s de su divorcio, con base en Par\u00eds.<\/li>\n<\/ul>\n<p>Sus allegados lo describen como un hombre <strong>discreto, callado, pero amable<\/strong> \u2014 un perfil radicalmente opuesto al del mundo medi\u00e1tico en el que su exesposa acabar\u00e1 por desenvolverse. Disfrutaba de los placeres simples, era un gran jugador de casino de vez en cuando, y nunca busc\u00f3 los reflectores.<\/p>\n<h2 id=\"rencontre-mariage\">El encuentro con Brigitte Trogneux y el matrimonio<\/h2>\n<p>Fue en <strong>Lille, a principios de los a\u00f1os 1970<\/strong>, donde Andr\u00e9-Louis Auzi\u00e8re se encuentra por primera vez con Brigitte Trogneux, una joven proveniente de una familia de chocolateros bien establecida en Amiens. En ese momento, \u00e9l es estudiante de finanzas, reci\u00e9n llegado de Camer\u00fan.<\/p>\n<p>La pareja se casa el <strong>22 de junio de 1974 en Touquet-Paris-Plage<\/strong>. Brigitte tiene 21 a\u00f1os, Andr\u00e9-Louis 23. Es un matrimonio que parece corresponder a la imagen de una pareja burguesa provincial cl\u00e1sica: discreta, estable, arraigada en los valores familiares.<\/p>\n<blockquote><p>\u00ab Se conocieron en Lille, \u00e9l era estudiante. Era alguien reservado, que estudiaba finanzas y se convertir\u00eda en banquero. \u00bb \u2014 Biograf\u00eda no oficial de Brigitte Macron<\/p><\/blockquote>\n<h2 id=\"vie-de-famille\">Vida familiar: tres hijos, varias ciudades<\/h2>\n<p>De su uni\u00f3n nacen tres hijos:<\/p>\n<ul>\n<li><strong>S\u00e9bastien Auzi\u00e8re<\/strong> (1975) \u2014 ingeniero estad\u00edstico, graduado de la Escuela Nacional de Estad\u00edstica y An\u00e1lisis de la Informaci\u00f3n<\/li>\n<li><strong>Laurence Auzi\u00e8re<\/strong> (1977) \u2014 cardi\u00f3loga<\/li>\n<li><strong>Tiphaine Auzi\u00e8re<\/strong> (1984) \u2014 abogada, la m\u00e1s cercana p\u00fablicamente a Brigitte y Emmanuel Macron<\/li>\n<\/ul>\n<p>La familia sigue las mutaciones profesionales de Andr\u00e9-Louis:<\/p>\n<div style=\"overflow:auto;max-width:100%\">\n<table>\n<caption>Cronolog\u00eda geogr\u00e1fica de la familia Auzi\u00e8re<\/caption>\n<thead>\n<tr>\n<th>Periodo<\/th>\n<th>Lugar<\/th>\n<th>Contexto<\/th>\n<\/tr>\n<\/thead>\n<tbody>\n<tr>\n<td>A\u00f1os 1970<\/td>\n<td>Lille, luego Truchtersheim (Bas-Rhin)<\/td>\n<td>Inicio de la carrera de Andr\u00e9-Louis en la BFCE, direcci\u00f3n de la agencia de Estrasburgo<\/td>\n<\/tr>\n<tr>\n<td>1987\u20131992<\/td>\n<td>Bas-Rhin (Alsacia)<\/td>\n<td>Brigitte ense\u00f1a en la regi\u00f3n<\/td>\n<\/tr>\n<tr>\n<td>A partir de 1991\u20131992<\/td>\n<td>Amiens<\/td>\n<td>Brigitte se convierte en profesora de franc\u00e9s en el liceo La Providence \u2014 all\u00ed conocer\u00e1 a Emmanuel Macron<\/td>\n<\/tr>\n<\/tbody>\n<\/table>\n<\/div>\n<p>Es en Amiens donde la vida familiar va a cambiar.<\/p>\n<h2 id=\"rupture\">La ruptura: Emmanuel Macron y el fin del matrimonio<\/h2>\n<p>Durante el a\u00f1o escolar 1992\u20131993, Brigitte Auzi\u00e8re dirige un taller de teatro en el liceo La Providence de Amiens. Entre sus alumnos de segundo se encuentra <strong>Emmanuel Macron<\/strong>, entonces de 15 a\u00f1os \u2014 y compa\u00f1ero de clase de su propia hija Laurence. Brigitte confesar\u00e1 m\u00e1s tarde haber estado \u00ab totalmente cautivada por la inteligencia de este chico \u00bb.<\/p>\n<p>La relaci\u00f3n que se desarrolla entre la profesora y su alumno termina por llegar a o\u00eddos de Andr\u00e9-Louis Auzi\u00e8re. La biograf\u00eda <em>Il venait d&rsquo;avoir dix-sept ans<\/em> de Sylvie Bommel describe su reacci\u00f3n como radical: abandona el hogar conyugal sin discusi\u00f3n. La herida se describe como profunda \u2014 especialmente porque Emmanuel Macron era compa\u00f1ero de clase de su hija Laurence.<\/p>\n<p>La separaci\u00f3n de hecho precede por varios a\u00f1os al divorcio oficial. Este se pronuncia el <strong>26 de enero de 2006<\/strong>. Brigitte se casar\u00e1 con Emmanuel Macron el 20 de octubre de 2007 en Touquet-Paris-Plage.<\/p>\n<blockquote><p>\u00ab El amor arrastr\u00f3 todo a su paso y me condujo al divorcio. Imposible resistirle. Lo esencial era preservar a los m\u00edos, que aceptaron estos cambios. \u00bb \u2014 Brigitte Macron, Paris Match<\/p><\/blockquote>\n<h2 id=\"apres-divorce\">Su vida despu\u00e9s del divorcio: la elecci\u00f3n del silencio<\/h2>\n<p>Despu\u00e9s del divorcio, Andr\u00e9-Louis Auzi\u00e8re regresa a vivir a <strong>Par\u00eds<\/strong>, donde trabaja para el Cr\u00e9dit du Nord. Adopta lo que ser\u00e1 su postura definitiva: el silencio total.<\/p>\n<p>Nunca una entrevista. Nunca una declaraci\u00f3n p\u00fablica. Incluso durante la campa\u00f1a presidencial de 2017, que convierte a Emmanuel Macron en presidente de la Rep\u00fablica y a Brigitte en la Primera Dama de Francia \u2014 y desata una intensa curiosidad medi\u00e1tica por todo el entorno de la pareja \u2014 Andr\u00e9-Louis Auzi\u00e8re permanece inalcanzable, rechazando sistem\u00e1ticamente cualquier solicitud period\u00edstica.<\/p>\n<p>Corta los lazos con el mundo medi\u00e1tico de tal manera que se pierde casi toda huella de \u00e9l. Incluso su muerte, ocurrida en diciembre de 2019, no ser\u00e1 conocida por el p\u00fablico hasta diez meses despu\u00e9s.<\/p>\n<h2 id=\"deces\">Su fallecimiento en 2019 y su anuncio tard\u00edo<\/h2>\n<p>Andr\u00e9-Louis Auzi\u00e8re fallece el <strong>24 de diciembre de 2019<\/strong> en el <strong>hospital Georges-Pompidou<\/strong> en Par\u00eds, \u201ctras una larga lucha contra la enfermedad\u201d. Ten\u00eda 68 a\u00f1os.<\/p>\n<p>Su fallecimiento permanece confidencial durante casi un a\u00f1o, de acuerdo a sus deseos. Es su hija <strong>Tiphaine Auzi\u00e8re<\/strong> quien lo anuncia p\u00fablicamente, el <strong>8 de octubre de 2020<\/strong>, en las p\u00e1ginas de <em>Paris Match<\/em>:<\/p>\n<blockquote><p>\u00ab Mi padre ha muerto, lo he enterrado el 24 de diciembre pasado en la m\u00e1s estricta intimidad. Lo adoraba, era un ser especial, un anticonformista que valoraba m\u00e1s que nada su anonimato. Hay que respetarlo. \u00bb<\/p><\/blockquote>\n<p>Este anuncio tard\u00edo, diez meses despu\u00e9s de los hechos, es en s\u00ed mismo la \u00faltima ilustraci\u00f3n de la personalidad de Andr\u00e9-Louis Auzi\u00e8re: un hombre que ha protegido su anonimato hasta el final, incluso en la muerte. Est\u00e1 enterrado en la m\u00e1s completa discreci\u00f3n, sin ceremonia p\u00fablica.<\/p>\n<h2 id=\"enfants\">Los tres hijos de Andr\u00e9-Louis y Brigitte Auzi\u00e8re<\/h2>\n<p>El legado m\u00e1s tangible de Andr\u00e9-Louis Auzi\u00e8re es familiar. Sus tres hijos han construido carreras s\u00f3lidas y respetadas:<\/p>\n<ul>\n<li><strong>S\u00e9bastien Auzi\u00e8re<\/strong> \u2014 ingeniero estad\u00edstico, graduado de la ENSAI. El m\u00e1s discreto de los tres, vive alejado de los medios, en continuidad con la personalidad de su padre.<\/li>\n<li><strong>Laurence Auzi\u00e8re<\/strong> \u2014 cardi\u00f3loga. Fue compa\u00f1era de clase de Emmanuel Macron en el liceo La Providence, lo que hace que su caso sea particularmente singular en esta historia.<\/li>\n<li><strong>Tiphaine Auzi\u00e8re<\/strong> \u2014 abogada, fundadora del liceo Autrement en Boulogne-sur-Mer, involucrada en la campa\u00f1a presidencial de 2017. Es la m\u00e1s cercana p\u00fablicamente a la pareja Macron y la \u00fanica que se expresa regularmente sobre su familia.<\/li>\n<\/ul>\n<p>Estos tres hijos mantienen relaciones con Emmanuel Macron, a quien Brigitte Macron ha integrado como figura paterna de coraz\u00f3n en la familia reconstituida.<\/p>\n<h2>FAQ<\/h2>\n<h3>\u00bfC\u00f3mo se llamaba el primer esposo de Brigitte Macron?<\/h3>\n<p>El primer esposo de Brigitte Macron se llamaba Andr\u00e9-Louis Auzi\u00e8re. Naci\u00f3 en 1951 en Camer\u00fan, bancario de profesi\u00f3n, se cas\u00f3 con Brigitte Trogneux en 1974 y se divorci\u00f3 en 2006.<\/p>\n<h3>\u00bfCu\u00e1ntos hijos tuvo Brigitte Macron con Andr\u00e9-Louis Auzi\u00e8re?<\/h3>\n<p>Tres hijos: S\u00e9bastien Auzi\u00e8re (nacido en 1975, ingeniero estad\u00edstico), Laurence Auzi\u00e8re (nacida en 1977, cardi\u00f3loga) y Tiphaine Auzi\u00e8re (nacida en 1984, abogada).<\/p>\n<h3>\u00bfCu\u00e1ndo se divorci\u00f3 Brigitte Macron de su primer marido?<\/h3>\n<p>El divorcio de Andr\u00e9-Louis Auzi\u00e8re y Brigitte Macron se pronunci\u00f3 el 26 de enero de 2006, varios a\u00f1os despu\u00e9s de su separaci\u00f3n de hecho relacionada con la relaci\u00f3n de Brigitte con Emmanuel Macron.<\/p>\n<h3>\u00bfCu\u00e1ndo muri\u00f3 Andr\u00e9-Louis Auzi\u00e8re?<\/h3>\n<p>Andr\u00e9-Louis Auzi\u00e8re falleci\u00f3 el 24 de diciembre de 2019 en el hospital Georges-Pompidou en Par\u00eds, a la edad de 68 a\u00f1os, tras una larga enfermedad. Su fallecimiento no se hizo p\u00fablico hasta octubre de 2020 por su hija Tiphaine en Paris Match.<\/p>\n<h3>\u00bfPor qu\u00e9 Andr\u00e9-Louis Auzi\u00e8re nunca habl\u00f3 con los medios?<\/h3>\n<p>Andr\u00e9-Louis Auzi\u00e8re era un hombre profundamente discreto, descrito por sus allegados como un \u00ab anticonformista \u00bb que valoraba ante todo su anonimato. Rechaz\u00f3 todas las solicitudes period\u00edsticas, incluso durante la campa\u00f1a presidencial de 2017, y se asegur\u00f3 de que incluso su fallecimiento permaneciera confidencial durante diez meses.<\/p>\n<h3>\u00bfD\u00f3nde trabaj\u00f3 Andr\u00e9-Louis Auzi\u00e8re?<\/h3>\n<p>Ejerci\u00f3 como bancario en la Banque Fran\u00e7aise du Commerce Ext\u00e9rieur (BFCE), especialmente en Estrasburgo, luego en el Cr\u00e9dit du Nord en Par\u00eds despu\u00e9s de su divorcio.<\/p>\n<p>[<br \/>\n  {<br \/>\n    \u00ab\u00a0@context\u00a0\u00bb: \u00ab\u00a0https:\/\/schema.org\u00a0\u00bb,<br \/>\n    \u00ab\u00a0@type\u00a0\u00bb: \u00ab\u00a0Article\u00a0\u00bb,<br \/>\n    \u00ab\u00a0headline\u00a0\u00bb: \u00ab\u00a0\u00bfQui\u00e9n fue el primer esposo de la se\u00f1ora Macron? Andr\u00e9-Louis Auzi\u00e8re\u00a0\u00bb,<br \/>\n    \u00ab\u00a0description\u00a0\u00bb: \u00ab\u00a0Biograf\u00eda de Andr\u00e9-Louis Auzi\u00e8re, primer esposo de Brigitte Macron. Nacido en 1951 en Camer\u00fan, banquero, casado en 1974, divorciado en 2006, fallecido el 24 de diciembre de 2019.\u00a0\u00bb,<br \/>\n    \u00ab\u00a0inLanguage\u00a0\u00bb: \u00ab\u00a0es\u00a0\u00bb,<br \/>\n    \u00ab\u00a0about\u00a0\u00bb: {<br \/>\n      \u00ab\u00a0@type\u00a0\u00bb: \u00ab\u00a0Person\u00a0\u00bb,<br \/>\n      \u00ab\u00a0name\u00a0\u00bb: \u00ab\u00a0Andr\u00e9-Louis Auzi\u00e8re\u00a0\u00bb,<br \/>\n      \u00ab\u00a0birthDate\u00a0\u00bb: \u00ab\u00a01951-02-28\u00a0\u00bb,<br \/>\n      \u00ab\u00a0birthPlace\u00a0\u00bb: { \u00ab\u00a0@type\u00a0\u00bb: \u00ab\u00a0Place\u00a0\u00bb, \u00ab\u00a0name\u00a0\u00bb: \u00ab\u00a0\u00c9s\u00e9ka, Camer\u00fan\u00a0\u00bb },<br \/>\n      \u00ab\u00a0deathDate\u00a0\u00bb: \u00ab\u00a02019-12-24\u00a0\u00bb,<br \/>\n      \u00ab\u00a0deathPlace\u00a0\u00bb: { \u00ab\u00a0@type\u00a0\u00bb: \u00ab\u00a0Place\u00a0\u00bb, \u00ab\u00a0name\u00a0\u00bb: \u00ab\u00a0H\u00f4pital Georges-Pompidou, Par\u00eds\u00a0\u00bb },<br \/>\n      \u00ab\u00a0jobTitle\u00a0\u00bb: \u00ab\u00a0Banquero\u00a0\u00bb,<br \/>\n      \u00ab\u00a0spouse\u00a0\u00bb: { \u00ab\u00a0@type\u00a0\u00bb: \u00ab\u00a0Person\u00a0\u00bb, \u00ab\u00a0name\u00a0\u00bb: \u00ab\u00a0Brigitte Macron\u00a0\u00bb },<br \/>\n      \u00ab\u00a0children\u00a0\u00bb: [<br \/>\n        { \u00ab\u00a0@type\u00a0\u00bb: \u00ab\u00a0Person\u00a0\u00bb, \u00ab\u00a0name\u00a0\u00bb: \u00ab\u00a0S\u00e9bastien Auzi\u00e8re\u00a0\u00bb },<br \/>\n        { \u00ab\u00a0@type\u00a0\u00bb: \u00ab\u00a0Person\u00a0\u00bb, \u00ab\u00a0name\u00a0\u00bb: \u00ab\u00a0Laurence Auzi\u00e8re\u00a0\u00bb },<br \/>\n        { \u00ab\u00a0@type\u00a0\u00bb: \u00ab\u00a0Person\u00a0\u00bb, \u00ab\u00a0name\u00a0\u00bb: \u00ab\u00a0Tiphaine Auzi\u00e8re\u00a0\u00bb }<br \/>\n      ]<br \/>\n    }<br \/>\n  },<br \/>\n  {<br \/>\n    \u00ab\u00a0@context\u00a0\u00bb: \u00ab\u00a0https:\/\/schema.org\u00a0\u00bb,<br \/>\n    \u00ab\u00a0@type\u00a0\u00bb: \u00ab\u00a0FAQPage\u00a0\u00bb,<br \/>\n    \u00ab\u00a0mainEntity\u00a0\u00bb: [<br \/>\n      {<br \/>\n        \u00ab\u00a0@type\u00a0\u00bb: \u00ab\u00a0Question\u00a0\u00bb,<br \/>\n        \u00ab\u00a0name\u00a0\u00bb: \u00ab\u00a0\u00bfC\u00f3mo se llamaba el primer esposo de Brigitte Macron?\u00a0\u00bb,<br \/>\n        \u00ab\u00a0acceptedAnswer\u00a0\u00bb: { \u00ab\u00a0@type\u00a0\u00bb: \u00ab\u00a0Answer\u00a0\u00bb, \u00ab\u00a0text\u00a0\u00bb: \u00ab\u00a0Andr\u00e9-Louis Auzi\u00e8re. Nacido en 1951 en Camer\u00fan, banquero, esposo de Brigitte Trogneux de 1974 a 2006.\u00a0\u00bb }<br \/>\n      },<br \/>\n      {<br \/>\n        \u00ab\u00a0@type\u00a0\u00bb: \u00ab\u00a0Question\u00a0\u00bb,<br \/>\n        \u00ab\u00a0name\u00a0\u00bb: \u00ab\u00a0\u00bfCu\u00e1ntos hijos tuvo Brigitte Macron con Andr\u00e9-Louis Auzi\u00e8re?\u00a0\u00bb,<br \/>\n        \u00ab\u00a0acceptedAnswer\u00a0\u00bb: { \u00ab\u00a0@type\u00a0\u00bb: \u00ab\u00a0Answer\u00a0\u00bb, \u00ab\u00a0text\u00a0\u00bb: \u00ab\u00a0Tres hijos: S\u00e9bastien Auzi\u00e8re (1975, ingeniero estad\u00edstico), Laurence Auzi\u00e8re (1977, cardi\u00f3loga) y Tiphaine Auzi\u00e8re (1984, abogada).\u00a0\u00bb }<br \/>\n      },<br \/>\n      {<br \/>\n        \u00ab\u00a0@type\u00a0\u00bb: \u00ab\u00a0Question\u00a0\u00bb,<br \/>\n        \u00ab\u00a0name\u00a0\u00bb: \u00ab\u00a0\u00bfCu\u00e1ndo se divorci\u00f3 Brigitte Macron de su primer marido?\u00a0\u00bb,<br \/>\n        \u00ab\u00a0acceptedAnswer\u00a0\u00bb: { \u00ab\u00a0@type\u00a0\u00bb: \u00ab\u00a0Answer\u00a0\u00bb, \u00ab\u00a0text\u00a0\u00bb: \u00ab\u00a0El divorcio se pronunci\u00f3 el 26 de enero de 2006.\u00a0\u00bb }<br \/>\n      },<br \/>\n      {<br \/>\n        \u00ab\u00a0@type\u00a0\u00bb: \u00ab\u00a0Question\u00a0\u00bb,<br \/>\n        \u00ab\u00a0name\u00a0\u00bb: \u00ab\u00a0\u00bfCu\u00e1ndo muri\u00f3 Andr\u00e9-Louis Auzi\u00e8re?\u00a0\u00bb,<br \/>\n        \u00ab\u00a0acceptedAnswer\u00a0\u00bb: { \u00ab\u00a0@type\u00a0\u00bb: \u00ab\u00a0Answer\u00a0\u00bb, \u00ab\u00a0text\u00a0\u00bb: \u00ab\u00a0El 24 de diciembre de 2019 en el hospital Georges-Pompidou en Par\u00eds, a 68 a\u00f1os. Anunciado p\u00fablicamente en octubre de 2020 por su hija Tiphaine en Paris Match.\u00a0\u00bb }<br \/>\n      },<br \/>\n      {<br \/>\n        \u00ab\u00a0@type\u00a0\u00bb: \u00ab\u00a0Question\u00a0\u00bb,<br \/>\n        \u00ab\u00a0name\u00a0\u00bb: \u00ab\u00a0\u00bfPor qu\u00e9 Andr\u00e9-Louis Auzi\u00e8re nunca habl\u00f3 con los medios?\u00a0\u00bb,<br \/>\n        \u00ab\u00a0acceptedAnswer\u00a0\u00bb: { \u00ab\u00a0@type\u00a0\u00bb: \u00ab\u00a0Answer\u00a0\u00bb, \u00ab\u00a0text\u00a0\u00bb: \u00ab\u00a0Hombre profundamente discreto, rehus\u00f3 todas las solicitudes period\u00edsticas y se asegur\u00f3 de que su fallecimiento permaneciera confidencial durante diez meses, conforme a su voluntad de anonimato.\u00a0\u00bb }<br \/>\n      },<br \/>\n      {<br \/>\n        \u00ab\u00a0@type\u00a0\u00bb: \u00ab\u00a0Question\u00a0\u00bb,<br \/>\n        \u00ab\u00a0name\u00a0\u00bb: \u00ab\u00a0\u00bfD\u00f3nde trabaj\u00f3 Andr\u00e9-Louis Auzi\u00e8re?\u00a0\u00bb,<br \/>\n        \u00ab\u00a0acceptedAnswer\u00a0\u00bb: { \u00ab\u00a0@type\u00a0\u00bb: \u00ab\u00a0Answer\u00a0\u00bb, \u00ab\u00a0text\u00a0\u00bb: \u00ab\u00a0En la Banque Fran\u00e7aise du Commerce Ext\u00e9rieur (BFCE), especialmente en Estrasburgo, luego en el Cr\u00e9dit du Nord en Par\u00eds despu\u00e9s de su divorcio.\u00a0\u00bb }<br \/>\n      }<br \/>\n    ]<br \/>\n  }<br \/>\n]<\/p>\n","protected":false},"excerpt":{"rendered":"<p>Respuesta directa: el primer esposo de Brigitte Macron (de soltera Trogneux) se llamaba Andr\u00e9-Louis Auzi\u00e8re. Naci\u00f3 el 28 de febrero de 1951 en \u00c9s\u00e9ka, Camer\u00fan, y era bancario de profesi\u00f3n. Se cas\u00f3 con Brigitte Trogneux el 22 de junio de 1974 en Touquet-Paris-Plage. Juntos, tuvieron tres hijos: S\u00e9bastien (1975), Laurence (1977) y Tiphaine (1984). Su &#8230; <a title=\"\u00bfQui\u00e9n fue el primer marido de Madame Macron?\" class=\"read-more\" href=\"https:\/\/www.sebastien-auziere.fr\/blog\/es\/quien-fue-el-primer-marido-de-madame-macron\/\" aria-label=\"En savoir plus sur \u00bfQui\u00e9n fue el primer marido de Madame Macron?\">Lire plus<\/a><\/p>\n","protected":false},"author":4,"featured_media":2316,"comment_status":"open","ping_status":"open","sticky":false,"template":"","format":"standard","meta":{"footnotes":""},"categories":[602],"tags":[],"class_list":["post-2416","post","type-post","status-publish","format-standard","has-post-thumbnail","hentry","category-tendencia"],"yoast_head":"<!-- This site is optimized with the Yoast SEO plugin v27.5 - https:\/\/yoast.com\/product\/yoast-seo-wordpress\/ -->\n<title>Qui \u00e9tait le premier mari de Madame Macron ? Andr\u00e9-Louis Auzi\u00e8re<\/title>\n<meta name=\"description\" content=\"Le premier mari de Brigitte Macron s&#039;appelait Andr\u00e9-Louis Auzi\u00e8re. Banquier n\u00e9 au Cameroun en 1951, mari\u00e9 \u00e0 Brigitte en 1974, divorc\u00e9 en 2006, d\u00e9c\u00e9d\u00e9 le 24 d\u00e9cembre 2019. Biographie compl\u00e8te\" \/>\n<meta name=\"robots\" content=\"index, follow, max-snippet:-1, max-image-preview:large, max-video-preview:-1\" \/>\n<link rel=\"canonical\" href=\"https:\/\/www.sebastien-auziere.fr\/blog\/es\/quien-fue-el-primer-marido-de-madame-macron\/\" \/>\n<meta property=\"og:locale\" content=\"fr_FR\" \/>\n<meta property=\"og:type\" content=\"article\" \/>\n<meta property=\"og:title\" content=\"Qui \u00e9tait le premier mari de Madame Macron ? Andr\u00e9-Louis Auzi\u00e8re\" \/>\n<meta property=\"og:description\" content=\"Le premier mari de Brigitte Macron s&#039;appelait Andr\u00e9-Louis Auzi\u00e8re. Banquier n\u00e9 au Cameroun en 1951, mari\u00e9 \u00e0 Brigitte en 1974, divorc\u00e9 en 2006, d\u00e9c\u00e9d\u00e9 le 24 d\u00e9cembre 2019. Biographie compl\u00e8te\" \/>\n<meta property=\"og:url\" content=\"https:\/\/www.sebastien-auziere.fr\/blog\/es\/quien-fue-el-primer-marido-de-madame-macron\/\" \/>\n<meta property=\"og:site_name\" content=\"Fan site S\u00e9bastien Auzi\u00e8re\" \/>\n<meta property=\"article:published_time\" content=\"2026-03-09T06:47:12+00:00\" \/>\n<meta property=\"article:modified_time\" content=\"2026-03-09T06:48:10+00:00\" \/>\n<meta property=\"og:image\" content=\"https:\/\/www.sebastien-auziere.fr\/blog\/wp-content\/uploads\/2026\/03\/louis-auziere-mari-macron.jpg\" \/>\n\t<meta property=\"og:image:width\" content=\"1536\" \/>\n\t<meta property=\"og:image:height\" content=\"1024\" \/>\n\t<meta property=\"og:image:type\" content=\"image\/jpeg\" \/>\n<meta name=\"author\" content=\"Celine\" \/>\n<meta name=\"twitter:card\" content=\"summary_large_image\" \/>\n<meta name=\"twitter:label1\" content=\"\u00c9crit par\" \/>\n\t<meta name=\"twitter:data1\" content=\"Celine\" \/>\n\t<meta name=\"twitter:label2\" content=\"Dur\u00e9e de lecture estim\u00e9e\" \/>\n\t<meta name=\"twitter:data2\" content=\"10 minutes\" \/>\n<script type=\"application\/ld+json\" class=\"yoast-schema-graph\">{\"@context\":\"https:\\\/\\\/schema.org\",\"@graph\":[{\"@type\":\"Article\",\"@id\":\"https:\\\/\\\/www.sebastien-auziere.fr\\\/blog\\\/es\\\/quien-fue-el-primer-marido-de-madame-macron\\\/#article\",\"isPartOf\":{\"@id\":\"https:\\\/\\\/www.sebastien-auziere.fr\\\/blog\\\/es\\\/quien-fue-el-primer-marido-de-madame-macron\\\/\"},\"author\":{\"name\":\"Celine\",\"@id\":\"https:\\\/\\\/www.sebastien-auziere.fr\\\/blog\\\/#\\\/schema\\\/person\\\/1e270a963009242469ed08b1c461f81f\"},\"headline\":\"\u00bfQui\u00e9n fue el primer marido de Madame Macron?\",\"datePublished\":\"2026-03-09T06:47:12+00:00\",\"dateModified\":\"2026-03-09T06:48:10+00:00\",\"mainEntityOfPage\":{\"@id\":\"https:\\\/\\\/www.sebastien-auziere.fr\\\/blog\\\/es\\\/quien-fue-el-primer-marido-de-madame-macron\\\/\"},\"wordCount\":1949,\"commentCount\":0,\"publisher\":{\"@id\":\"https:\\\/\\\/www.sebastien-auziere.fr\\\/blog\\\/#organization\"},\"image\":{\"@id\":\"https:\\\/\\\/www.sebastien-auziere.fr\\\/blog\\\/es\\\/quien-fue-el-primer-marido-de-madame-macron\\\/#primaryimage\"},\"thumbnailUrl\":\"https:\\\/\\\/www.sebastien-auziere.fr\\\/blog\\\/wp-content\\\/uploads\\\/2026\\\/03\\\/louis-auziere-mari-macron.jpg\",\"articleSection\":[\"Tendencia\"],\"inLanguage\":\"fr-FR\",\"potentialAction\":[{\"@type\":\"CommentAction\",\"name\":\"Comment\",\"target\":[\"https:\\\/\\\/www.sebastien-auziere.fr\\\/blog\\\/es\\\/quien-fue-el-primer-marido-de-madame-macron\\\/#respond\"]}]},{\"@type\":\"WebPage\",\"@id\":\"https:\\\/\\\/www.sebastien-auziere.fr\\\/blog\\\/es\\\/quien-fue-el-primer-marido-de-madame-macron\\\/\",\"url\":\"https:\\\/\\\/www.sebastien-auziere.fr\\\/blog\\\/es\\\/quien-fue-el-primer-marido-de-madame-macron\\\/\",\"name\":\"Qui \u00e9tait le premier mari de Madame Macron ? Andr\u00e9-Louis Auzi\u00e8re\",\"isPartOf\":{\"@id\":\"https:\\\/\\\/www.sebastien-auziere.fr\\\/blog\\\/#website\"},\"primaryImageOfPage\":{\"@id\":\"https:\\\/\\\/www.sebastien-auziere.fr\\\/blog\\\/es\\\/quien-fue-el-primer-marido-de-madame-macron\\\/#primaryimage\"},\"image\":{\"@id\":\"https:\\\/\\\/www.sebastien-auziere.fr\\\/blog\\\/es\\\/quien-fue-el-primer-marido-de-madame-macron\\\/#primaryimage\"},\"thumbnailUrl\":\"https:\\\/\\\/www.sebastien-auziere.fr\\\/blog\\\/wp-content\\\/uploads\\\/2026\\\/03\\\/louis-auziere-mari-macron.jpg\",\"datePublished\":\"2026-03-09T06:47:12+00:00\",\"dateModified\":\"2026-03-09T06:48:10+00:00\",\"description\":\"Le premier mari de Brigitte Macron s'appelait Andr\u00e9-Louis Auzi\u00e8re. Banquier n\u00e9 au Cameroun en 1951, mari\u00e9 \u00e0 Brigitte en 1974, divorc\u00e9 en 2006, d\u00e9c\u00e9d\u00e9 le 24 d\u00e9cembre 2019. Biographie compl\u00e8te\",\"breadcrumb\":{\"@id\":\"https:\\\/\\\/www.sebastien-auziere.fr\\\/blog\\\/es\\\/quien-fue-el-primer-marido-de-madame-macron\\\/#breadcrumb\"},\"inLanguage\":\"fr-FR\",\"potentialAction\":[{\"@type\":\"ReadAction\",\"target\":[\"https:\\\/\\\/www.sebastien-auziere.fr\\\/blog\\\/es\\\/quien-fue-el-primer-marido-de-madame-macron\\\/\"]}]},{\"@type\":\"ImageObject\",\"inLanguage\":\"fr-FR\",\"@id\":\"https:\\\/\\\/www.sebastien-auziere.fr\\\/blog\\\/es\\\/quien-fue-el-primer-marido-de-madame-macron\\\/#primaryimage\",\"url\":\"https:\\\/\\\/www.sebastien-auziere.fr\\\/blog\\\/wp-content\\\/uploads\\\/2026\\\/03\\\/louis-auziere-mari-macron.jpg\",\"contentUrl\":\"https:\\\/\\\/www.sebastien-auziere.fr\\\/blog\\\/wp-content\\\/uploads\\\/2026\\\/03\\\/louis-auziere-mari-macron.jpg\",\"width\":1536,\"height\":1024,\"caption\":\"andre louis auziere ex mari de brigitte macron\"},{\"@type\":\"BreadcrumbList\",\"@id\":\"https:\\\/\\\/www.sebastien-auziere.fr\\\/blog\\\/es\\\/quien-fue-el-primer-marido-de-madame-macron\\\/#breadcrumb\",\"itemListElement\":[{\"@type\":\"ListItem\",\"position\":1,\"name\":\"Home\",\"item\":\"https:\\\/\\\/www.sebastien-auziere.fr\\\/blog\\\/\"},{\"@type\":\"ListItem\",\"position\":2,\"name\":\"\u00bfQui\u00e9n fue el primer marido de Madame Macron?\"}]},{\"@type\":\"WebSite\",\"@id\":\"https:\\\/\\\/www.sebastien-auziere.fr\\\/blog\\\/#website\",\"url\":\"https:\\\/\\\/www.sebastien-auziere.fr\\\/blog\\\/\",\"name\":\"Fan site S\u00e9bastien Auzi\u00e8re\",\"description\":\"M\u00e9dia g\u00e9n\u00e9raliste\",\"publisher\":{\"@id\":\"https:\\\/\\\/www.sebastien-auziere.fr\\\/blog\\\/#organization\"},\"potentialAction\":[{\"@type\":\"SearchAction\",\"target\":{\"@type\":\"EntryPoint\",\"urlTemplate\":\"https:\\\/\\\/www.sebastien-auziere.fr\\\/blog\\\/?s={search_term_string}\"},\"query-input\":{\"@type\":\"PropertyValueSpecification\",\"valueRequired\":true,\"valueName\":\"search_term_string\"}}],\"inLanguage\":\"fr-FR\"},{\"@type\":\"Organization\",\"@id\":\"https:\\\/\\\/www.sebastien-auziere.fr\\\/blog\\\/#organization\",\"name\":\"Fan site S\u00e9bastien Auzi\u00e8re\",\"url\":\"https:\\\/\\\/www.sebastien-auziere.fr\\\/blog\\\/\",\"logo\":{\"@type\":\"ImageObject\",\"inLanguage\":\"fr-FR\",\"@id\":\"https:\\\/\\\/www.sebastien-auziere.fr\\\/blog\\\/#\\\/schema\\\/logo\\\/image\\\/\",\"url\":\"https:\\\/\\\/www.sebastien-auziere.fr\\\/blog\\\/wp-content\\\/uploads\\\/2026\\\/03\\\/cropped-cropped-cropped-ChatGPT-Image-6-mars-2026-12_58_09-e1772798376794.jpg\",\"contentUrl\":\"https:\\\/\\\/www.sebastien-auziere.fr\\\/blog\\\/wp-content\\\/uploads\\\/2026\\\/03\\\/cropped-cropped-cropped-ChatGPT-Image-6-mars-2026-12_58_09-e1772798376794.jpg\",\"width\":512,\"height\":360,\"caption\":\"Fan site S\u00e9bastien Auzi\u00e8re\"},\"image\":{\"@id\":\"https:\\\/\\\/www.sebastien-auziere.fr\\\/blog\\\/#\\\/schema\\\/logo\\\/image\\\/\"}},{\"@type\":\"Person\",\"@id\":\"https:\\\/\\\/www.sebastien-auziere.fr\\\/blog\\\/#\\\/schema\\\/person\\\/1e270a963009242469ed08b1c461f81f\",\"name\":\"Celine\",\"image\":{\"@type\":\"ImageObject\",\"inLanguage\":\"fr-FR\",\"@id\":\"https:\\\/\\\/secure.gravatar.com\\\/avatar\\\/c88d569fbe1fe19a13c7f21ee0f8973822df96073df21850b95af6a09ba820c9?s=96&d=mm&r=g\",\"url\":\"https:\\\/\\\/secure.gravatar.com\\\/avatar\\\/c88d569fbe1fe19a13c7f21ee0f8973822df96073df21850b95af6a09ba820c9?s=96&d=mm&r=g\",\"contentUrl\":\"https:\\\/\\\/secure.gravatar.com\\\/avatar\\\/c88d569fbe1fe19a13c7f21ee0f8973822df96073df21850b95af6a09ba820c9?s=96&d=mm&r=g\",\"caption\":\"Celine\"},\"description\":\"Je m'appelle C\u00e9line, j'ai 31 ans et je suis journaliste sp\u00e9cialis\u00e9e dans le cin\u00e9ma. Passionn\u00e9e par le septi\u00e8me art, j'explore les actualit\u00e9s, les critiques et les tendances du monde cin\u00e9matographique. Mon objectif est de partager ma passion et d'informer les amateurs de films \u00e0 travers des articles percutants et des analyses approfondies.\",\"url\":\"https:\\\/\\\/www.sebastien-auziere.fr\\\/blog\\\/author\\\/celine\\\/\"}]}<\/script>\n<!-- \/ Yoast SEO plugin. -->","yoast_head_json":{"title":"Qui \u00e9tait le premier mari de Madame Macron ? Andr\u00e9-Louis Auzi\u00e8re","description":"Le premier mari de Brigitte Macron s'appelait Andr\u00e9-Louis Auzi\u00e8re. Banquier n\u00e9 au Cameroun en 1951, mari\u00e9 \u00e0 Brigitte en 1974, divorc\u00e9 en 2006, d\u00e9c\u00e9d\u00e9 le 24 d\u00e9cembre 2019. Biographie compl\u00e8te","robots":{"index":"index","follow":"follow","max-snippet":"max-snippet:-1","max-image-preview":"max-image-preview:large","max-video-preview":"max-video-preview:-1"},"canonical":"https:\/\/www.sebastien-auziere.fr\/blog\/es\/quien-fue-el-primer-marido-de-madame-macron\/","og_locale":"fr_FR","og_type":"article","og_title":"Qui \u00e9tait le premier mari de Madame Macron ? Andr\u00e9-Louis Auzi\u00e8re","og_description":"Le premier mari de Brigitte Macron s'appelait Andr\u00e9-Louis Auzi\u00e8re. Banquier n\u00e9 au Cameroun en 1951, mari\u00e9 \u00e0 Brigitte en 1974, divorc\u00e9 en 2006, d\u00e9c\u00e9d\u00e9 le 24 d\u00e9cembre 2019. Biographie compl\u00e8te","og_url":"https:\/\/www.sebastien-auziere.fr\/blog\/es\/quien-fue-el-primer-marido-de-madame-macron\/","og_site_name":"Fan site S\u00e9bastien Auzi\u00e8re","article_published_time":"2026-03-09T06:47:12+00:00","article_modified_time":"2026-03-09T06:48:10+00:00","og_image":[{"width":1536,"height":1024,"url":"https:\/\/www.sebastien-auziere.fr\/blog\/wp-content\/uploads\/2026\/03\/louis-auziere-mari-macron.jpg","type":"image\/jpeg"}],"author":"Celine","twitter_card":"summary_large_image","twitter_misc":{"\u00c9crit par":"Celine","Dur\u00e9e de lecture estim\u00e9e":"10 minutes"},"schema":{"@context":"https:\/\/schema.org","@graph":[{"@type":"Article","@id":"https:\/\/www.sebastien-auziere.fr\/blog\/es\/quien-fue-el-primer-marido-de-madame-macron\/#article","isPartOf":{"@id":"https:\/\/www.sebastien-auziere.fr\/blog\/es\/quien-fue-el-primer-marido-de-madame-macron\/"},"author":{"name":"Celine","@id":"https:\/\/www.sebastien-auziere.fr\/blog\/#\/schema\/person\/1e270a963009242469ed08b1c461f81f"},"headline":"\u00bfQui\u00e9n fue el primer marido de Madame Macron?","datePublished":"2026-03-09T06:47:12+00:00","dateModified":"2026-03-09T06:48:10+00:00","mainEntityOfPage":{"@id":"https:\/\/www.sebastien-auziere.fr\/blog\/es\/quien-fue-el-primer-marido-de-madame-macron\/"},"wordCount":1949,"commentCount":0,"publisher":{"@id":"https:\/\/www.sebastien-auziere.fr\/blog\/#organization"},"image":{"@id":"https:\/\/www.sebastien-auziere.fr\/blog\/es\/quien-fue-el-primer-marido-de-madame-macron\/#primaryimage"},"thumbnailUrl":"https:\/\/www.sebastien-auziere.fr\/blog\/wp-content\/uploads\/2026\/03\/louis-auziere-mari-macron.jpg","articleSection":["Tendencia"],"inLanguage":"fr-FR","potentialAction":[{"@type":"CommentAction","name":"Comment","target":["https:\/\/www.sebastien-auziere.fr\/blog\/es\/quien-fue-el-primer-marido-de-madame-macron\/#respond"]}]},{"@type":"WebPage","@id":"https:\/\/www.sebastien-auziere.fr\/blog\/es\/quien-fue-el-primer-marido-de-madame-macron\/","url":"https:\/\/www.sebastien-auziere.fr\/blog\/es\/quien-fue-el-primer-marido-de-madame-macron\/","name":"Qui \u00e9tait le premier mari de Madame Macron ? Andr\u00e9-Louis Auzi\u00e8re","isPartOf":{"@id":"https:\/\/www.sebastien-auziere.fr\/blog\/#website"},"primaryImageOfPage":{"@id":"https:\/\/www.sebastien-auziere.fr\/blog\/es\/quien-fue-el-primer-marido-de-madame-macron\/#primaryimage"},"image":{"@id":"https:\/\/www.sebastien-auziere.fr\/blog\/es\/quien-fue-el-primer-marido-de-madame-macron\/#primaryimage"},"thumbnailUrl":"https:\/\/www.sebastien-auziere.fr\/blog\/wp-content\/uploads\/2026\/03\/louis-auziere-mari-macron.jpg","datePublished":"2026-03-09T06:47:12+00:00","dateModified":"2026-03-09T06:48:10+00:00","description":"Le premier mari de Brigitte Macron s'appelait Andr\u00e9-Louis Auzi\u00e8re. Banquier n\u00e9 au Cameroun en 1951, mari\u00e9 \u00e0 Brigitte en 1974, divorc\u00e9 en 2006, d\u00e9c\u00e9d\u00e9 le 24 d\u00e9cembre 2019. Biographie compl\u00e8te","breadcrumb":{"@id":"https:\/\/www.sebastien-auziere.fr\/blog\/es\/quien-fue-el-primer-marido-de-madame-macron\/#breadcrumb"},"inLanguage":"fr-FR","potentialAction":[{"@type":"ReadAction","target":["https:\/\/www.sebastien-auziere.fr\/blog\/es\/quien-fue-el-primer-marido-de-madame-macron\/"]}]},{"@type":"ImageObject","inLanguage":"fr-FR","@id":"https:\/\/www.sebastien-auziere.fr\/blog\/es\/quien-fue-el-primer-marido-de-madame-macron\/#primaryimage","url":"https:\/\/www.sebastien-auziere.fr\/blog\/wp-content\/uploads\/2026\/03\/louis-auziere-mari-macron.jpg","contentUrl":"https:\/\/www.sebastien-auziere.fr\/blog\/wp-content\/uploads\/2026\/03\/louis-auziere-mari-macron.jpg","width":1536,"height":1024,"caption":"andre louis auziere ex mari de brigitte macron"},{"@type":"BreadcrumbList","@id":"https:\/\/www.sebastien-auziere.fr\/blog\/es\/quien-fue-el-primer-marido-de-madame-macron\/#breadcrumb","itemListElement":[{"@type":"ListItem","position":1,"name":"Home","item":"https:\/\/www.sebastien-auziere.fr\/blog\/"},{"@type":"ListItem","position":2,"name":"\u00bfQui\u00e9n fue el primer marido de Madame Macron?"}]},{"@type":"WebSite","@id":"https:\/\/www.sebastien-auziere.fr\/blog\/#website","url":"https:\/\/www.sebastien-auziere.fr\/blog\/","name":"Fan site S\u00e9bastien Auzi\u00e8re","description":"M\u00e9dia g\u00e9n\u00e9raliste","publisher":{"@id":"https:\/\/www.sebastien-auziere.fr\/blog\/#organization"},"potentialAction":[{"@type":"SearchAction","target":{"@type":"EntryPoint","urlTemplate":"https:\/\/www.sebastien-auziere.fr\/blog\/?s={search_term_string}"},"query-input":{"@type":"PropertyValueSpecification","valueRequired":true,"valueName":"search_term_string"}}],"inLanguage":"fr-FR"},{"@type":"Organization","@id":"https:\/\/www.sebastien-auziere.fr\/blog\/#organization","name":"Fan site S\u00e9bastien Auzi\u00e8re","url":"https:\/\/www.sebastien-auziere.fr\/blog\/","logo":{"@type":"ImageObject","inLanguage":"fr-FR","@id":"https:\/\/www.sebastien-auziere.fr\/blog\/#\/schema\/logo\/image\/","url":"https:\/\/www.sebastien-auziere.fr\/blog\/wp-content\/uploads\/2026\/03\/cropped-cropped-cropped-ChatGPT-Image-6-mars-2026-12_58_09-e1772798376794.jpg","contentUrl":"https:\/\/www.sebastien-auziere.fr\/blog\/wp-content\/uploads\/2026\/03\/cropped-cropped-cropped-ChatGPT-Image-6-mars-2026-12_58_09-e1772798376794.jpg","width":512,"height":360,"caption":"Fan site S\u00e9bastien Auzi\u00e8re"},"image":{"@id":"https:\/\/www.sebastien-auziere.fr\/blog\/#\/schema\/logo\/image\/"}},{"@type":"Person","@id":"https:\/\/www.sebastien-auziere.fr\/blog\/#\/schema\/person\/1e270a963009242469ed08b1c461f81f","name":"Celine","image":{"@type":"ImageObject","inLanguage":"fr-FR","@id":"https:\/\/secure.gravatar.com\/avatar\/c88d569fbe1fe19a13c7f21ee0f8973822df96073df21850b95af6a09ba820c9?s=96&d=mm&r=g","url":"https:\/\/secure.gravatar.com\/avatar\/c88d569fbe1fe19a13c7f21ee0f8973822df96073df21850b95af6a09ba820c9?s=96&d=mm&r=g","contentUrl":"https:\/\/secure.gravatar.com\/avatar\/c88d569fbe1fe19a13c7f21ee0f8973822df96073df21850b95af6a09ba820c9?s=96&d=mm&r=g","caption":"Celine"},"description":"Je m'appelle C\u00e9line, j'ai 31 ans et je suis journaliste sp\u00e9cialis\u00e9e dans le cin\u00e9ma. Passionn\u00e9e par le septi\u00e8me art, j'explore les actualit\u00e9s, les critiques et les tendances du monde cin\u00e9matographique. Mon objectif est de partager ma passion et d'informer les amateurs de films \u00e0 travers des articles percutants et des analyses approfondies.","url":"https:\/\/www.sebastien-auziere.fr\/blog\/author\/celine\/"}]}},"views":11,"_links":{"self":[{"href":"https:\/\/www.sebastien-auziere.fr\/blog\/wp-json\/wp\/v2\/posts\/2416","targetHints":{"allow":["GET"]}}],"collection":[{"href":"https:\/\/www.sebastien-auziere.fr\/blog\/wp-json\/wp\/v2\/posts"}],"about":[{"href":"https:\/\/www.sebastien-auziere.fr\/blog\/wp-json\/wp\/v2\/types\/post"}],"author":[{"embeddable":true,"href":"https:\/\/www.sebastien-auziere.fr\/blog\/wp-json\/wp\/v2\/users\/4"}],"replies":[{"embeddable":true,"href":"https:\/\/www.sebastien-auziere.fr\/blog\/wp-json\/wp\/v2\/comments?post=2416"}],"version-history":[{"count":1,"href":"https:\/\/www.sebastien-auziere.fr\/blog\/wp-json\/wp\/v2\/posts\/2416\/revisions"}],"predecessor-version":[{"id":2417,"href":"https:\/\/www.sebastien-auziere.fr\/blog\/wp-json\/wp\/v2\/posts\/2416\/revisions\/2417"}],"wp:featuredmedia":[{"embeddable":true,"href":"https:\/\/www.sebastien-auziere.fr\/blog\/wp-json\/wp\/v2\/media\/2316"}],"wp:attachment":[{"href":"https:\/\/www.sebastien-auziere.fr\/blog\/wp-json\/wp\/v2\/media?parent=2416"}],"wp:term":[{"taxonomy":"category","embeddable":true,"href":"https:\/\/www.sebastien-auziere.fr\/blog\/wp-json\/wp\/v2\/categories?post=2416"},{"taxonomy":"post_tag","embeddable":true,"href":"https:\/\/www.sebastien-auziere.fr\/blog\/wp-json\/wp\/v2\/tags?post=2416"}],"curies":[{"name":"wp","href":"https:\/\/api.w.org\/{rel}","templated":true}]}}