{"id":2401,"date":"2026-03-08T09:56:32","date_gmt":"2026-03-08T09:56:32","guid":{"rendered":"https:\/\/www.sebastien-auziere.fr\/blog\/?p=2401"},"modified":"2026-03-08T09:57:08","modified_gmt":"2026-03-08T09:57:08","slug":"jean-michel-trogneux-foto-de-familia-e-historia-da-familia-trogneux","status":"publish","type":"post","link":"https:\/\/www.sebastien-auziere.fr\/blog\/pt\/jean-michel-trogneux-foto-de-familia-e-historia-da-familia-trogneux\/","title":{"rendered":"Jean-Michel Trogneux: foto de fam\u00edlia e hist\u00f3ria da fam\u00edlia Trogneux"},"content":{"rendered":"\n<p>Foto da fonte: Document\u00e1rio \u00ab\u00a0Brigitte Macron, um romance franc\u00eas\u00a0\u00bb \/ France 3.<\/p>\n\n\n<p style=\"padding:24px;background:lightblue\">\nO que \u00e9 necess\u00e1rio reter: <strong>Jean-Michel Trogneux<\/strong> pertence \u00e0 famosa fam\u00edlia Trogneux de Amiens, conhecida por sua chocolateria hist\u00f3rica. As pesquisas na internet sobre a <strong>foto da fam\u00edlia Trogneux<\/strong> muitas vezes surgem da curiosidade do p\u00fablico sobre as origens familiares de Brigitte Macron e a hist\u00f3ria dessa dinastia de empreendedores.\n<\/p>\n<p>\nA fam\u00edlia Trogneux \u00e9 uma fam\u00edlia bem conhecida na cidade de Amiens. Com a midiatiza\u00e7\u00e3o de Brigitte Macron, muitos internautas buscam atualmente informa\u00e7\u00f5es sobre <strong>Jean-Michel Trogneux<\/strong> ou sobre uma poss\u00edvel <strong>foto da fam\u00edlia Trogneux<\/strong>. Neste artigo, voc\u00ea vai descobrir <strong>quem \u00e9 Jean-Michel Trogneux, a hist\u00f3ria da fam\u00edlia e por que essas fotos familiares despertam tanto interesse<\/strong>.\n<\/p>\n<ol>\n<li><a href=\"#famille-trogneux\">A fam\u00edlia Trogneux de Amiens<\/a><\/li>\n<li><a href=\"#jean-michel-trogneux\">Quem \u00e9 Jean-Michel Trogneux<\/a><\/li>\n<li><a href=\"#photo-famille\">As fotos da fam\u00edlia Trogneux<\/a><\/li>\n<li><a href=\"#chocolaterie\">A famosa chocolateria Trogneux<\/a><\/li>\n<\/ol>\n<h2 id=\"famille-trogneux\">A fam\u00edlia Trogneux de Amiens<\/h2>\n<p>\nA fam\u00edlia Trogneux \u00e9 uma fam\u00edlia de empreendedores estabelecida em Amiens h\u00e1 v\u00e1rias gera\u00e7\u00f5es. \u00c9 particularmente conhecida por sua empresa de chocolateria artesanal.\n<\/p>\n<h3>Uma dinastia de empreendedores<\/h3>\n<p>\nDesde o s\u00e9culo XIX, a casa Trogneux fabrica especialidades doces, incluindo os famosos <strong>macarons de Amiens<\/strong>.\n<\/p>\n<ul>\n<li>Empresa familiar fundada no s\u00e9culo XIX<\/li>\n<li>Especialidade: macarons de Amiens<\/li>\n<li>Reputa\u00e7\u00e3o hist\u00f3rica na regi\u00e3o<\/li>\n<\/ul>\n<p>\nEssa notoriedade explica por que a fam\u00edlia hoje atrai a aten\u00e7\u00e3o do grande p\u00fablico.\n<\/p>\n<h2 id=\"jean-michel-trogneux\">Quem \u00e9 Jean-Michel Trogneux<\/h2>\n<p>\nJean-Michel Trogneux faz parte dessa grande fam\u00edlia amiensense. Ele pertence \u00e0 fraternidade da fam\u00edlia Trogneux, da qual <strong>Brigitte Macron<\/strong> \u00e9 origin\u00e1ria.\n<\/p>\n<h3>Um membro da fam\u00edlia Trogneux<\/h3>\n<p>\nComo outros membros da fam\u00edlia, ele est\u00e1 associado \u00e0 hist\u00f3ria familiar e \u00e0 empresa de chocolateria que fez a reputa\u00e7\u00e3o do nome Trogneux.\n<\/p>\n<p>\nNo entanto, a maioria dos membros da fam\u00edlia sempre levou uma vida relativamente discreta, apesar da aten\u00e7\u00e3o midi\u00e1tica.\n<\/p>\n<h2 id=\"photo-famille\">As fotos da fam\u00edlia Trogneux<\/h2>\n<p>\nAs pesquisas sobre uma <strong>foto da fam\u00edlia Trogneux<\/strong> muitas vezes prov\u00eam do interesse pelas origens familiares de Brigitte Macron.\n<\/p>\n<h3>Imagens raramente p\u00fablicas<\/h3>\n<p>\nA maioria das fotos de fam\u00edlia permanece privada e n\u00e3o s\u00e3o amplamente divulgadas na m\u00eddia.\n<\/p>\n<p>\nAlgumas imagens de arquivo \u00e0s vezes aparecem em reportagens ou artigos dedicados \u00e0 hist\u00f3ria da fam\u00edlia.\n<\/p>\n<ul>\n<li>Fotos familiares antigas<\/li>\n<li>Arquivos relacionados \u00e0 empresa familiar<\/li>\n<li>Imagens de eventos familiares<\/li>\n<\/ul>\n<h2 id=\"chocolaterie\">A famosa chocolateria Trogneux<\/h2>\n<p>\nA empresa familiar continua sendo hoje um dos s\u00edmbolos da fam\u00edlia Trogneux.\n<\/p>\n<h3>Uma especialidade de Amiens<\/h3>\n<p>\nA casa Trogneux continua a produzir os famosos macarons de Amiens e outras especialidades doces reconhecidas em todo o pa\u00eds.\n<\/p>\n<p>\nEssa empresa contribui para manter o v\u00ednculo entre a fam\u00edlia e a cidade de Amiens.\n<\/p>\n<div style=\"overflow:auto;max-width:100%\">\n<table>\n<tbody>\n<tr>\n<th>Elemento<\/th>\n<th>Informa\u00e7\u00e3o<\/th>\n<th>Import\u00e2ncia<\/th>\n<\/tr>\n<tr>\n<td>Fam\u00edlia<\/td>\n<td>Trogneux<\/td>\n<td>Fam\u00edlia de empreendedores<\/td>\n<\/tr>\n<tr>\n<td>Cidade<\/td>\n<td>Amiens<\/td>\n<td>Origens familiares<\/td>\n<\/tr>\n<tr>\n<td>Atividade<\/td>\n<td>Chocolateria e macarons<\/td>\n<td>Empresa hist\u00f3rica<\/td>\n<\/tr>\n<tr>\n<td>Fotos familiares<\/td>\n<td>Arquivos privados<\/td>\n<td>Interesse midi\u00e1tico<\/td>\n<\/tr>\n<\/tbody>\n<\/table>\n<\/div>\n<p>\nA fam\u00edlia Trogneux permanece hoje um elemento importante da hist\u00f3ria de Amiens e suscita um interesse crescente desde a chegada de Brigitte Macron \u00e0 cena pol\u00edtica francesa.\n<\/p>\n<h2>FAQ<\/h2>\n<h3>Quem \u00e9 Jean-Michel Trogneux?<\/h3>\n<p>\nJean-Michel Trogneux \u00e9 um membro da fam\u00edlia Trogneux, a fam\u00edlia de origem de Brigitte Macron.\n<\/p>\n<h3>Por que os internautas buscam uma foto da fam\u00edlia Trogneux?<\/h3>\n<p>\nPorque a fam\u00edlia Trogneux est\u00e1 ligada a Brigitte Macron e possui uma hist\u00f3ria familiar conhecida em Amiens.\n<\/p>\n<h3>Que empresa possui a fam\u00edlia Trogneux?<\/h3>\n<p>\nA fam\u00edlia \u00e9 conhecida por sua chocolateria e pela fabrica\u00e7\u00e3o dos macarons de Amiens.\n<\/p>\n<h3>As fotos da fam\u00edlia Trogneux s\u00e3o p\u00fablicas?<\/h3>\n<p>\nA maioria das fotos familiares permanece privada e n\u00e3o s\u00e3o amplamente divulgadas.\n<\/p>\n<p><br \/>\n[<br \/>\n{<br \/>\n\u00ab\u00a0@context\u00a0\u00bb:\u00a0\u00bbhttps:\/\/schema.org\u00a0\u00bb,<br \/>\n\u00ab\u00a0@type\u00a0\u00bb:\u00a0\u00bbArticle\u00a0\u00bb,<br \/>\n\u00ab\u00a0headline\u00a0\u00bb:\u00a0\u00bbJean-Michel Trogneux: foto da fam\u00edlia e hist\u00f3ria da fam\u00edlia Trogneux\u00a0\u00bb,<br \/>\n\u00ab\u00a0description\u00a0\u00bb:\u00a0\u00bbDescubra a hist\u00f3ria de Jean-Michel Trogneux e da fam\u00edlia Trogneux de Amiens, conhecida por sua chocolateria e seus macarons.\u00a0\u00bb,<br \/>\n\u00ab\u00a0inLanguage\u00a0\u00bb:\u00a0\u00bbpt\u00a0\u00bb,<br \/>\n\u00ab\u00a0articleSection\u00a0\u00bb:\u00a0\u00bbbiografia\u00a0\u00bb,<br \/>\n\u00ab\u00a0abstract\u00a0\u00bb:\u00a0\u00bbA fam\u00edlia Trogneux de Amiens \u00e9 conhecida por sua empresa de chocolateria e seu v\u00ednculo com Brigitte Macron.\u00a0\u00bb<br \/>\n},<br \/>\n{<br \/>\n\u00ab\u00a0@context\u00a0\u00bb:\u00a0\u00bbhttps:\/\/schema.org\u00a0\u00bb,<br \/>\n\u00ab\u00a0@type\u00a0\u00bb:\u00a0\u00bbFAQPage\u00a0\u00bb,<br \/>\n\u00ab\u00a0mainEntity\u00a0\u00bb:[<br \/>\n{<br \/>\n\u00ab\u00a0@type\u00a0\u00bb:\u00a0\u00bbQuestion\u00a0\u00bb,<br \/>\n\u00ab\u00a0name\u00a0\u00bb:\u00a0\u00bbQuem \u00e9 Jean-Michel Trogneux?\u00a0\u00bb,<br \/>\n\u00ab\u00a0acceptedAnswer\u00a0\u00bb:{<br \/>\n\u00ab\u00a0@type\u00a0\u00bb:\u00a0\u00bbAnswer\u00a0\u00bb,<br \/>\n\u00ab\u00a0text\u00a0\u00bb:\u00a0\u00bbJean-Michel Trogneux pertence \u00e0 fam\u00edlia Trogneux de Amiens, conhecida por sua chocolateria.\u00a0\u00bb<br \/>\n}<br \/>\n},<br \/>\n{<br \/>\n\u00ab\u00a0@type\u00a0\u00bb:\u00a0\u00bbQuestion\u00a0\u00bb,<br \/>\n\u00ab\u00a0name\u00a0\u00bb:\u00a0\u00bbPor que fala-se da foto da fam\u00edlia Trogneux?\u00a0\u00bb,<br \/>\n\u00ab\u00a0acceptedAnswer\u00a0\u00bb:{<br \/>\n\u00ab\u00a0@type\u00a0\u00bb:\u00a0\u00bbAnswer\u00a0\u00bb,<br \/>\n\u00ab\u00a0text\u00a0\u00bb:\u00a0\u00bbOs internautas se interessam pelas origens familiares de Brigitte Macron e pela hist\u00f3ria da fam\u00edlia Trogneux.\u00a0\u00bb<br \/>\n}<br \/>\n}<br \/>\n]<br \/>\n}<br \/>\n]<br \/>\n<\/p>","protected":false},"excerpt":{"rendered":"<p>Foto da fonte: Document\u00e1rio \u00ab\u00a0Brigitte Macron, um romance franc\u00eas\u00a0\u00bb \/ France 3. O que \u00e9 necess\u00e1rio reter: Jean-Michel Trogneux pertence \u00e0 famosa fam\u00edlia Trogneux de Amiens, conhecida por sua chocolateria hist\u00f3rica. As pesquisas na internet sobre a foto da fam\u00edlia Trogneux muitas vezes surgem da curiosidade do p\u00fablico sobre as origens familiares de Brigitte Macron &#8230; <a title=\"Jean-Michel Trogneux: foto de fam\u00edlia e hist\u00f3ria da fam\u00edlia Trogneux\" class=\"read-more\" href=\"https:\/\/www.sebastien-auziere.fr\/blog\/pt\/jean-michel-trogneux-foto-de-familia-e-historia-da-familia-trogneux\/\" aria-label=\"En savoir plus sur Jean-Michel Trogneux: foto de fam\u00edlia e hist\u00f3ria da fam\u00edlia Trogneux\">Lire plus<\/a><\/p>\n","protected":false},"author":4,"featured_media":2391,"comment_status":"open","ping_status":"open","sticky":false,"template":"","format":"standard","meta":{"footnotes":""},"categories":[848],"tags":[],"class_list":["post-2401","post","type-post","status-publish","format-standard","has-post-thumbnail","hentry","category-non-classe-pt"],"yoast_head":"<!-- This site is optimized with the Yoast SEO plugin v27.5 - https:\/\/yoast.com\/product\/yoast-seo-wordpress\/ -->\n<title>Jean-Michel Trogneux: foto de fam\u00edlia e hist\u00f3ria da fam\u00edlia Trogneux - Fan site S\u00e9bastien Auzi\u00e8re<\/title>\n<meta name=\"robots\" content=\"index, follow, max-snippet:-1, max-image-preview:large, max-video-preview:-1\" \/>\n<link rel=\"canonical\" href=\"https:\/\/www.sebastien-auziere.fr\/blog\/pt\/jean-michel-trogneux-foto-de-familia-e-historia-da-familia-trogneux\/\" \/>\n<meta property=\"og:locale\" content=\"fr_FR\" \/>\n<meta property=\"og:type\" content=\"article\" \/>\n<meta property=\"og:title\" content=\"Jean-Michel Trogneux: foto de fam\u00edlia e hist\u00f3ria da fam\u00edlia Trogneux - Fan site S\u00e9bastien Auzi\u00e8re\" \/>\n<meta property=\"og:description\" content=\"Foto da fonte: Document\u00e1rio \u00ab\u00a0Brigitte Macron, um romance franc\u00eas\u00a0\u00bb \/ France 3. O que \u00e9 necess\u00e1rio reter: Jean-Michel Trogneux pertence \u00e0 famosa fam\u00edlia Trogneux de Amiens, conhecida por sua chocolateria hist\u00f3rica. As pesquisas na internet sobre a foto da fam\u00edlia Trogneux muitas vezes surgem da curiosidade do p\u00fablico sobre as origens familiares de Brigitte Macron ... Lire plus\" \/>\n<meta property=\"og:url\" content=\"https:\/\/www.sebastien-auziere.fr\/blog\/pt\/jean-michel-trogneux-foto-de-familia-e-historia-da-familia-trogneux\/\" \/>\n<meta property=\"og:site_name\" content=\"Fan site S\u00e9bastien Auzi\u00e8re\" \/>\n<meta property=\"article:published_time\" content=\"2026-03-08T09:56:32+00:00\" \/>\n<meta property=\"article:modified_time\" content=\"2026-03-08T09:57:08+00:00\" \/>\n<meta property=\"og:image\" content=\"https:\/\/www.sebastien-auziere.fr\/blog\/wp-content\/uploads\/2026\/03\/jean-michel-trogneux-toulon.jpg\" \/>\n\t<meta property=\"og:image:width\" content=\"689\" \/>\n\t<meta property=\"og:image:height\" content=\"410\" \/>\n\t<meta property=\"og:image:type\" content=\"image\/jpeg\" \/>\n<meta name=\"author\" content=\"Celine\" \/>\n<meta name=\"twitter:card\" content=\"summary_large_image\" \/>\n<meta name=\"twitter:label1\" content=\"\u00c9crit par\" \/>\n\t<meta name=\"twitter:data1\" content=\"Celine\" \/>\n\t<meta name=\"twitter:label2\" content=\"Dur\u00e9e de lecture estim\u00e9e\" \/>\n\t<meta name=\"twitter:data2\" content=\"4 minutes\" \/>\n<script type=\"application\/ld+json\" class=\"yoast-schema-graph\">{\"@context\":\"https:\\\/\\\/schema.org\",\"@graph\":[{\"@type\":\"Article\",\"@id\":\"https:\\\/\\\/www.sebastien-auziere.fr\\\/blog\\\/pt\\\/jean-michel-trogneux-foto-de-familia-e-historia-da-familia-trogneux\\\/#article\",\"isPartOf\":{\"@id\":\"https:\\\/\\\/www.sebastien-auziere.fr\\\/blog\\\/pt\\\/jean-michel-trogneux-foto-de-familia-e-historia-da-familia-trogneux\\\/\"},\"author\":{\"name\":\"Celine\",\"@id\":\"https:\\\/\\\/www.sebastien-auziere.fr\\\/blog\\\/#\\\/schema\\\/person\\\/1e270a963009242469ed08b1c461f81f\"},\"headline\":\"Jean-Michel Trogneux: foto de fam\u00edlia e hist\u00f3ria da fam\u00edlia Trogneux\",\"datePublished\":\"2026-03-08T09:56:32+00:00\",\"dateModified\":\"2026-03-08T09:57:08+00:00\",\"mainEntityOfPage\":{\"@id\":\"https:\\\/\\\/www.sebastien-auziere.fr\\\/blog\\\/pt\\\/jean-michel-trogneux-foto-de-familia-e-historia-da-familia-trogneux\\\/\"},\"wordCount\":745,\"commentCount\":0,\"publisher\":{\"@id\":\"https:\\\/\\\/www.sebastien-auziere.fr\\\/blog\\\/#organization\"},\"image\":{\"@id\":\"https:\\\/\\\/www.sebastien-auziere.fr\\\/blog\\\/pt\\\/jean-michel-trogneux-foto-de-familia-e-historia-da-familia-trogneux\\\/#primaryimage\"},\"thumbnailUrl\":\"https:\\\/\\\/www.sebastien-auziere.fr\\\/blog\\\/wp-content\\\/uploads\\\/2026\\\/03\\\/jean-michel-trogneux-toulon.jpg\",\"inLanguage\":\"fr-FR\",\"potentialAction\":[{\"@type\":\"CommentAction\",\"name\":\"Comment\",\"target\":[\"https:\\\/\\\/www.sebastien-auziere.fr\\\/blog\\\/pt\\\/jean-michel-trogneux-foto-de-familia-e-historia-da-familia-trogneux\\\/#respond\"]}]},{\"@type\":\"WebPage\",\"@id\":\"https:\\\/\\\/www.sebastien-auziere.fr\\\/blog\\\/pt\\\/jean-michel-trogneux-foto-de-familia-e-historia-da-familia-trogneux\\\/\",\"url\":\"https:\\\/\\\/www.sebastien-auziere.fr\\\/blog\\\/pt\\\/jean-michel-trogneux-foto-de-familia-e-historia-da-familia-trogneux\\\/\",\"name\":\"Jean-Michel Trogneux: foto de fam\u00edlia e hist\u00f3ria da fam\u00edlia Trogneux - Fan site S\u00e9bastien Auzi\u00e8re\",\"isPartOf\":{\"@id\":\"https:\\\/\\\/www.sebastien-auziere.fr\\\/blog\\\/#website\"},\"primaryImageOfPage\":{\"@id\":\"https:\\\/\\\/www.sebastien-auziere.fr\\\/blog\\\/pt\\\/jean-michel-trogneux-foto-de-familia-e-historia-da-familia-trogneux\\\/#primaryimage\"},\"image\":{\"@id\":\"https:\\\/\\\/www.sebastien-auziere.fr\\\/blog\\\/pt\\\/jean-michel-trogneux-foto-de-familia-e-historia-da-familia-trogneux\\\/#primaryimage\"},\"thumbnailUrl\":\"https:\\\/\\\/www.sebastien-auziere.fr\\\/blog\\\/wp-content\\\/uploads\\\/2026\\\/03\\\/jean-michel-trogneux-toulon.jpg\",\"datePublished\":\"2026-03-08T09:56:32+00:00\",\"dateModified\":\"2026-03-08T09:57:08+00:00\",\"breadcrumb\":{\"@id\":\"https:\\\/\\\/www.sebastien-auziere.fr\\\/blog\\\/pt\\\/jean-michel-trogneux-foto-de-familia-e-historia-da-familia-trogneux\\\/#breadcrumb\"},\"inLanguage\":\"fr-FR\",\"potentialAction\":[{\"@type\":\"ReadAction\",\"target\":[\"https:\\\/\\\/www.sebastien-auziere.fr\\\/blog\\\/pt\\\/jean-michel-trogneux-foto-de-familia-e-historia-da-familia-trogneux\\\/\"]}]},{\"@type\":\"ImageObject\",\"inLanguage\":\"fr-FR\",\"@id\":\"https:\\\/\\\/www.sebastien-auziere.fr\\\/blog\\\/pt\\\/jean-michel-trogneux-foto-de-familia-e-historia-da-familia-trogneux\\\/#primaryimage\",\"url\":\"https:\\\/\\\/www.sebastien-auziere.fr\\\/blog\\\/wp-content\\\/uploads\\\/2026\\\/03\\\/jean-michel-trogneux-toulon.jpg\",\"contentUrl\":\"https:\\\/\\\/www.sebastien-auziere.fr\\\/blog\\\/wp-content\\\/uploads\\\/2026\\\/03\\\/jean-michel-trogneux-toulon.jpg\",\"width\":689,\"height\":410,\"caption\":\"Jean-Michel Trogneux photo de famille\"},{\"@type\":\"BreadcrumbList\",\"@id\":\"https:\\\/\\\/www.sebastien-auziere.fr\\\/blog\\\/pt\\\/jean-michel-trogneux-foto-de-familia-e-historia-da-familia-trogneux\\\/#breadcrumb\",\"itemListElement\":[{\"@type\":\"ListItem\",\"position\":1,\"name\":\"Home\",\"item\":\"https:\\\/\\\/www.sebastien-auziere.fr\\\/blog\\\/\"},{\"@type\":\"ListItem\",\"position\":2,\"name\":\"Jean-Michel Trogneux: foto de fam\u00edlia e hist\u00f3ria da fam\u00edlia Trogneux\"}]},{\"@type\":\"WebSite\",\"@id\":\"https:\\\/\\\/www.sebastien-auziere.fr\\\/blog\\\/#website\",\"url\":\"https:\\\/\\\/www.sebastien-auziere.fr\\\/blog\\\/\",\"name\":\"Fan site S\u00e9bastien Auzi\u00e8re\",\"description\":\"M\u00e9dia g\u00e9n\u00e9raliste\",\"publisher\":{\"@id\":\"https:\\\/\\\/www.sebastien-auziere.fr\\\/blog\\\/#organization\"},\"potentialAction\":[{\"@type\":\"SearchAction\",\"target\":{\"@type\":\"EntryPoint\",\"urlTemplate\":\"https:\\\/\\\/www.sebastien-auziere.fr\\\/blog\\\/?s={search_term_string}\"},\"query-input\":{\"@type\":\"PropertyValueSpecification\",\"valueRequired\":true,\"valueName\":\"search_term_string\"}}],\"inLanguage\":\"fr-FR\"},{\"@type\":\"Organization\",\"@id\":\"https:\\\/\\\/www.sebastien-auziere.fr\\\/blog\\\/#organization\",\"name\":\"Fan site S\u00e9bastien Auzi\u00e8re\",\"url\":\"https:\\\/\\\/www.sebastien-auziere.fr\\\/blog\\\/\",\"logo\":{\"@type\":\"ImageObject\",\"inLanguage\":\"fr-FR\",\"@id\":\"https:\\\/\\\/www.sebastien-auziere.fr\\\/blog\\\/#\\\/schema\\\/logo\\\/image\\\/\",\"url\":\"https:\\\/\\\/www.sebastien-auziere.fr\\\/blog\\\/wp-content\\\/uploads\\\/2026\\\/03\\\/cropped-cropped-cropped-ChatGPT-Image-6-mars-2026-12_58_09-e1772798376794.jpg\",\"contentUrl\":\"https:\\\/\\\/www.sebastien-auziere.fr\\\/blog\\\/wp-content\\\/uploads\\\/2026\\\/03\\\/cropped-cropped-cropped-ChatGPT-Image-6-mars-2026-12_58_09-e1772798376794.jpg\",\"width\":512,\"height\":360,\"caption\":\"Fan site S\u00e9bastien Auzi\u00e8re\"},\"image\":{\"@id\":\"https:\\\/\\\/www.sebastien-auziere.fr\\\/blog\\\/#\\\/schema\\\/logo\\\/image\\\/\"}},{\"@type\":\"Person\",\"@id\":\"https:\\\/\\\/www.sebastien-auziere.fr\\\/blog\\\/#\\\/schema\\\/person\\\/1e270a963009242469ed08b1c461f81f\",\"name\":\"Celine\",\"image\":{\"@type\":\"ImageObject\",\"inLanguage\":\"fr-FR\",\"@id\":\"https:\\\/\\\/secure.gravatar.com\\\/avatar\\\/c88d569fbe1fe19a13c7f21ee0f8973822df96073df21850b95af6a09ba820c9?s=96&d=mm&r=g\",\"url\":\"https:\\\/\\\/secure.gravatar.com\\\/avatar\\\/c88d569fbe1fe19a13c7f21ee0f8973822df96073df21850b95af6a09ba820c9?s=96&d=mm&r=g\",\"contentUrl\":\"https:\\\/\\\/secure.gravatar.com\\\/avatar\\\/c88d569fbe1fe19a13c7f21ee0f8973822df96073df21850b95af6a09ba820c9?s=96&d=mm&r=g\",\"caption\":\"Celine\"},\"description\":\"Je m'appelle C\u00e9line, j'ai 31 ans et je suis journaliste sp\u00e9cialis\u00e9e dans le cin\u00e9ma. Passionn\u00e9e par le septi\u00e8me art, j'explore les actualit\u00e9s, les critiques et les tendances du monde cin\u00e9matographique. Mon objectif est de partager ma passion et d'informer les amateurs de films \u00e0 travers des articles percutants et des analyses approfondies.\",\"url\":\"https:\\\/\\\/www.sebastien-auziere.fr\\\/blog\\\/author\\\/celine\\\/\"}]}<\/script>\n<!-- \/ Yoast SEO plugin. -->","yoast_head_json":{"title":"Jean-Michel Trogneux: foto de fam\u00edlia e hist\u00f3ria da fam\u00edlia Trogneux - Fan site S\u00e9bastien Auzi\u00e8re","robots":{"index":"index","follow":"follow","max-snippet":"max-snippet:-1","max-image-preview":"max-image-preview:large","max-video-preview":"max-video-preview:-1"},"canonical":"https:\/\/www.sebastien-auziere.fr\/blog\/pt\/jean-michel-trogneux-foto-de-familia-e-historia-da-familia-trogneux\/","og_locale":"fr_FR","og_type":"article","og_title":"Jean-Michel Trogneux: foto de fam\u00edlia e hist\u00f3ria da fam\u00edlia Trogneux - Fan site S\u00e9bastien Auzi\u00e8re","og_description":"Foto da fonte: Document\u00e1rio \u00ab\u00a0Brigitte Macron, um romance franc\u00eas\u00a0\u00bb \/ France 3. O que \u00e9 necess\u00e1rio reter: Jean-Michel Trogneux pertence \u00e0 famosa fam\u00edlia Trogneux de Amiens, conhecida por sua chocolateria hist\u00f3rica. As pesquisas na internet sobre a foto da fam\u00edlia Trogneux muitas vezes surgem da curiosidade do p\u00fablico sobre as origens familiares de Brigitte Macron ... Lire plus","og_url":"https:\/\/www.sebastien-auziere.fr\/blog\/pt\/jean-michel-trogneux-foto-de-familia-e-historia-da-familia-trogneux\/","og_site_name":"Fan site S\u00e9bastien Auzi\u00e8re","article_published_time":"2026-03-08T09:56:32+00:00","article_modified_time":"2026-03-08T09:57:08+00:00","og_image":[{"width":689,"height":410,"url":"https:\/\/www.sebastien-auziere.fr\/blog\/wp-content\/uploads\/2026\/03\/jean-michel-trogneux-toulon.jpg","type":"image\/jpeg"}],"author":"Celine","twitter_card":"summary_large_image","twitter_misc":{"\u00c9crit par":"Celine","Dur\u00e9e de lecture estim\u00e9e":"4 minutes"},"schema":{"@context":"https:\/\/schema.org","@graph":[{"@type":"Article","@id":"https:\/\/www.sebastien-auziere.fr\/blog\/pt\/jean-michel-trogneux-foto-de-familia-e-historia-da-familia-trogneux\/#article","isPartOf":{"@id":"https:\/\/www.sebastien-auziere.fr\/blog\/pt\/jean-michel-trogneux-foto-de-familia-e-historia-da-familia-trogneux\/"},"author":{"name":"Celine","@id":"https:\/\/www.sebastien-auziere.fr\/blog\/#\/schema\/person\/1e270a963009242469ed08b1c461f81f"},"headline":"Jean-Michel Trogneux: foto de fam\u00edlia e hist\u00f3ria da fam\u00edlia Trogneux","datePublished":"2026-03-08T09:56:32+00:00","dateModified":"2026-03-08T09:57:08+00:00","mainEntityOfPage":{"@id":"https:\/\/www.sebastien-auziere.fr\/blog\/pt\/jean-michel-trogneux-foto-de-familia-e-historia-da-familia-trogneux\/"},"wordCount":745,"commentCount":0,"publisher":{"@id":"https:\/\/www.sebastien-auziere.fr\/blog\/#organization"},"image":{"@id":"https:\/\/www.sebastien-auziere.fr\/blog\/pt\/jean-michel-trogneux-foto-de-familia-e-historia-da-familia-trogneux\/#primaryimage"},"thumbnailUrl":"https:\/\/www.sebastien-auziere.fr\/blog\/wp-content\/uploads\/2026\/03\/jean-michel-trogneux-toulon.jpg","inLanguage":"fr-FR","potentialAction":[{"@type":"CommentAction","name":"Comment","target":["https:\/\/www.sebastien-auziere.fr\/blog\/pt\/jean-michel-trogneux-foto-de-familia-e-historia-da-familia-trogneux\/#respond"]}]},{"@type":"WebPage","@id":"https:\/\/www.sebastien-auziere.fr\/blog\/pt\/jean-michel-trogneux-foto-de-familia-e-historia-da-familia-trogneux\/","url":"https:\/\/www.sebastien-auziere.fr\/blog\/pt\/jean-michel-trogneux-foto-de-familia-e-historia-da-familia-trogneux\/","name":"Jean-Michel Trogneux: foto de fam\u00edlia e hist\u00f3ria da fam\u00edlia Trogneux - Fan site S\u00e9bastien Auzi\u00e8re","isPartOf":{"@id":"https:\/\/www.sebastien-auziere.fr\/blog\/#website"},"primaryImageOfPage":{"@id":"https:\/\/www.sebastien-auziere.fr\/blog\/pt\/jean-michel-trogneux-foto-de-familia-e-historia-da-familia-trogneux\/#primaryimage"},"image":{"@id":"https:\/\/www.sebastien-auziere.fr\/blog\/pt\/jean-michel-trogneux-foto-de-familia-e-historia-da-familia-trogneux\/#primaryimage"},"thumbnailUrl":"https:\/\/www.sebastien-auziere.fr\/blog\/wp-content\/uploads\/2026\/03\/jean-michel-trogneux-toulon.jpg","datePublished":"2026-03-08T09:56:32+00:00","dateModified":"2026-03-08T09:57:08+00:00","breadcrumb":{"@id":"https:\/\/www.sebastien-auziere.fr\/blog\/pt\/jean-michel-trogneux-foto-de-familia-e-historia-da-familia-trogneux\/#breadcrumb"},"inLanguage":"fr-FR","potentialAction":[{"@type":"ReadAction","target":["https:\/\/www.sebastien-auziere.fr\/blog\/pt\/jean-michel-trogneux-foto-de-familia-e-historia-da-familia-trogneux\/"]}]},{"@type":"ImageObject","inLanguage":"fr-FR","@id":"https:\/\/www.sebastien-auziere.fr\/blog\/pt\/jean-michel-trogneux-foto-de-familia-e-historia-da-familia-trogneux\/#primaryimage","url":"https:\/\/www.sebastien-auziere.fr\/blog\/wp-content\/uploads\/2026\/03\/jean-michel-trogneux-toulon.jpg","contentUrl":"https:\/\/www.sebastien-auziere.fr\/blog\/wp-content\/uploads\/2026\/03\/jean-michel-trogneux-toulon.jpg","width":689,"height":410,"caption":"Jean-Michel Trogneux photo de famille"},{"@type":"BreadcrumbList","@id":"https:\/\/www.sebastien-auziere.fr\/blog\/pt\/jean-michel-trogneux-foto-de-familia-e-historia-da-familia-trogneux\/#breadcrumb","itemListElement":[{"@type":"ListItem","position":1,"name":"Home","item":"https:\/\/www.sebastien-auziere.fr\/blog\/"},{"@type":"ListItem","position":2,"name":"Jean-Michel Trogneux: foto de fam\u00edlia e hist\u00f3ria da fam\u00edlia Trogneux"}]},{"@type":"WebSite","@id":"https:\/\/www.sebastien-auziere.fr\/blog\/#website","url":"https:\/\/www.sebastien-auziere.fr\/blog\/","name":"Fan site S\u00e9bastien Auzi\u00e8re","description":"M\u00e9dia g\u00e9n\u00e9raliste","publisher":{"@id":"https:\/\/www.sebastien-auziere.fr\/blog\/#organization"},"potentialAction":[{"@type":"SearchAction","target":{"@type":"EntryPoint","urlTemplate":"https:\/\/www.sebastien-auziere.fr\/blog\/?s={search_term_string}"},"query-input":{"@type":"PropertyValueSpecification","valueRequired":true,"valueName":"search_term_string"}}],"inLanguage":"fr-FR"},{"@type":"Organization","@id":"https:\/\/www.sebastien-auziere.fr\/blog\/#organization","name":"Fan site S\u00e9bastien Auzi\u00e8re","url":"https:\/\/www.sebastien-auziere.fr\/blog\/","logo":{"@type":"ImageObject","inLanguage":"fr-FR","@id":"https:\/\/www.sebastien-auziere.fr\/blog\/#\/schema\/logo\/image\/","url":"https:\/\/www.sebastien-auziere.fr\/blog\/wp-content\/uploads\/2026\/03\/cropped-cropped-cropped-ChatGPT-Image-6-mars-2026-12_58_09-e1772798376794.jpg","contentUrl":"https:\/\/www.sebastien-auziere.fr\/blog\/wp-content\/uploads\/2026\/03\/cropped-cropped-cropped-ChatGPT-Image-6-mars-2026-12_58_09-e1772798376794.jpg","width":512,"height":360,"caption":"Fan site S\u00e9bastien Auzi\u00e8re"},"image":{"@id":"https:\/\/www.sebastien-auziere.fr\/blog\/#\/schema\/logo\/image\/"}},{"@type":"Person","@id":"https:\/\/www.sebastien-auziere.fr\/blog\/#\/schema\/person\/1e270a963009242469ed08b1c461f81f","name":"Celine","image":{"@type":"ImageObject","inLanguage":"fr-FR","@id":"https:\/\/secure.gravatar.com\/avatar\/c88d569fbe1fe19a13c7f21ee0f8973822df96073df21850b95af6a09ba820c9?s=96&d=mm&r=g","url":"https:\/\/secure.gravatar.com\/avatar\/c88d569fbe1fe19a13c7f21ee0f8973822df96073df21850b95af6a09ba820c9?s=96&d=mm&r=g","contentUrl":"https:\/\/secure.gravatar.com\/avatar\/c88d569fbe1fe19a13c7f21ee0f8973822df96073df21850b95af6a09ba820c9?s=96&d=mm&r=g","caption":"Celine"},"description":"Je m'appelle C\u00e9line, j'ai 31 ans et je suis journaliste sp\u00e9cialis\u00e9e dans le cin\u00e9ma. Passionn\u00e9e par le septi\u00e8me art, j'explore les actualit\u00e9s, les critiques et les tendances du monde cin\u00e9matographique. Mon objectif est de partager ma passion et d'informer les amateurs de films \u00e0 travers des articles percutants et des analyses approfondies.","url":"https:\/\/www.sebastien-auziere.fr\/blog\/author\/celine\/"}]}},"views":11,"_links":{"self":[{"href":"https:\/\/www.sebastien-auziere.fr\/blog\/wp-json\/wp\/v2\/posts\/2401","targetHints":{"allow":["GET"]}}],"collection":[{"href":"https:\/\/www.sebastien-auziere.fr\/blog\/wp-json\/wp\/v2\/posts"}],"about":[{"href":"https:\/\/www.sebastien-auziere.fr\/blog\/wp-json\/wp\/v2\/types\/post"}],"author":[{"embeddable":true,"href":"https:\/\/www.sebastien-auziere.fr\/blog\/wp-json\/wp\/v2\/users\/4"}],"replies":[{"embeddable":true,"href":"https:\/\/www.sebastien-auziere.fr\/blog\/wp-json\/wp\/v2\/comments?post=2401"}],"version-history":[{"count":1,"href":"https:\/\/www.sebastien-auziere.fr\/blog\/wp-json\/wp\/v2\/posts\/2401\/revisions"}],"predecessor-version":[{"id":2402,"href":"https:\/\/www.sebastien-auziere.fr\/blog\/wp-json\/wp\/v2\/posts\/2401\/revisions\/2402"}],"wp:featuredmedia":[{"embeddable":true,"href":"https:\/\/www.sebastien-auziere.fr\/blog\/wp-json\/wp\/v2\/media\/2391"}],"wp:attachment":[{"href":"https:\/\/www.sebastien-auziere.fr\/blog\/wp-json\/wp\/v2\/media?parent=2401"}],"wp:term":[{"taxonomy":"category","embeddable":true,"href":"https:\/\/www.sebastien-auziere.fr\/blog\/wp-json\/wp\/v2\/categories?post=2401"},{"taxonomy":"post_tag","embeddable":true,"href":"https:\/\/www.sebastien-auziere.fr\/blog\/wp-json\/wp\/v2\/tags?post=2401"}],"curies":[{"name":"wp","href":"https:\/\/api.w.org\/{rel}","templated":true}]}}