{"id":2399,"date":"2026-03-08T09:55:34","date_gmt":"2026-03-08T09:55:34","guid":{"rendered":"https:\/\/www.sebastien-auziere.fr\/blog\/?p=2399"},"modified":"2026-03-08T09:56:17","modified_gmt":"2026-03-08T09:56:17","slug":"jean-michel-trogneux-foto-di-famiglia-e-storia-della-famiglia-trogneux","status":"publish","type":"post","link":"https:\/\/www.sebastien-auziere.fr\/blog\/it\/jean-michel-trogneux-foto-di-famiglia-e-storia-della-famiglia-trogneux\/","title":{"rendered":"Jean-Michel Trogneux : foto di famiglia e storia della famiglia Trogneux"},"content":{"rendered":"\n<p>Foto di origine: Documentario \u00ab\u00a0Brigitte Macron, un romanzo francese\u00a0\u00bb \/ France 3.<\/p>\n\n\n<p style=\"padding:24px;background:lightblue\">\nCosa tenere a mente: <strong>Jean-Michel Trogneux<\/strong> appartiene alla celebre famiglia Trogneux di Amiens, nota per la sua storica cioccolateria. Le ricerche su Internet riguardanti la <strong>foto di famiglia Trogneux<\/strong> derivano spesso dalla curiosit\u00e0 del pubblico per le origini familiari di Brigitte Macron e la storia di questa dinastia di imprenditori.\n<\/p>\n<p>\nLa famiglia Trogneux \u00e8 ben nota nella citt\u00e0 di Amiens. Con la mediatizzazione di Brigitte Macron, molti internauti cercano oggi informazioni su <strong>Jean-Michel Trogneux<\/strong> o su una eventuale <strong>foto di famiglia Trogneux<\/strong>. In questo articolo, scoprirai <strong>chi \u00e8 Jean-Michel Trogneux, la storia della famiglia e perch\u00e9 queste foto familiari suscitano tanto interesse<\/strong>.\n<\/p>\n<ol>\n<li><a href=\"#famille-trogneux\">La famiglia Trogneux di Amiens<\/a><\/li>\n<li><a href=\"#jean-michel-trogneux\">Chi \u00e8 Jean-Michel Trogneux<\/a><\/li>\n<li><a href=\"#photo-famille\">Le foto di famiglia Trogneux<\/a><\/li>\n<li><a href=\"#chocolaterie\">La celebre cioccolateria Trogneux<\/a><\/li>\n<\/ol>\n<h2 id=\"famille-trogneux\">La famiglia Trogneux di Amiens<\/h2>\n<p>\nLa famiglia Trogneux \u00e8 una famiglia di imprenditori stabilita ad Amiens da diverse generazioni. \u00c8 nota soprattutto per la sua azienda di cioccolateria artigianale.\n<\/p>\n<h3>Una dinastia di imprenditori<\/h3>\n<p>\nDal XIX secolo, la casa Trogneux produce specialit\u00e0 dolciarie, in particolare i celebri <strong>macarons di Amiens<\/strong>.\n<\/p>\n<ul>\n<li>Impresa familiare fondata nel XIX secolo<\/li>\n<li>Specialit\u00e0: macarons di Amiens<\/li>\n<li>Reputazione storica nella regione<\/li>\n<\/ul>\n<p>\nQuesta notoriet\u00e0 spiega perch\u00e9 la famiglia attira oggi l&rsquo;attenzione del grande pubblico.\n<\/p>\n<h2 id=\"jean-michel-trogneux\">Chi \u00e8 Jean-Michel Trogneux<\/h2>\n<p>\nJean-Michel Trogneux fa parte di questa grande famiglia ami\u00e9noise. Appartiene alla fratria della famiglia Trogneux, da cui proviene <strong>Brigitte Macron<\/strong>.\n<\/p>\n<h3>Un membro della famiglia Trogneux<\/h3>\n<p>\nCome altri membri della famiglia, \u00e8 associato alla storia familiare e all\u2019azienda di cioccolateria che ha fatto la reputazione del nome Trogneux.\n<\/p>\n<p>\nTuttavia, la maggior parte dei membri della famiglia ha sempre condotto una vita relativamente discreta nonostante l&rsquo;attenzione mediatica.\n<\/p>\n<h2 id=\"photo-famille\">Le foto di famiglia Trogneux<\/h2>\n<p>\nLe ricerche riguardanti una <strong>foto di famiglia Trogneux<\/strong> provengono spesso dall&rsquo;interesse per le origini familiari di Brigitte Macron.\n<\/p>\n<h3>Immagini raramente pubbliche<\/h3>\n<p>\nLa maggior parte delle foto di famiglia rimane privata e non \u00e8 ampiamente diffusa nei media.\n<\/p>\n<p>\nAlcune immagini d&rsquo;archivio appaiono a volte in reportage o articoli dedicati alla storia della famiglia.\n<\/p>\n<ul>\n<li>Foto di famiglia antiche<\/li>\n<li>Archivi legati all\u2019impresa familiare<\/li>\n<li>Immagini di eventi familiari<\/li>\n<\/ul>\n<h2 id=\"chocolaterie\">La celebre cioccolateria Trogneux<\/h2>\n<p>\nL\u2019impresa familiare rimane oggi uno dei simboli della famiglia Trogneux.\n<\/p>\n<h3>Una specialit\u00e0 di Amiens<\/h3>\n<p>\nLa casa Trogneux continua a produrre i celebri macarons di Amiens e altre specialit\u00e0 dolciarie riconosciute in tutta la Francia.\n<\/p>\n<p>\nQuesta impresa contribuisce a mantenere il legame tra la famiglia e la citt\u00e0 di Amiens.\n<\/p>\n<div style=\"overflow:auto;max-width:100%\">\n<table>\n<tbody>\n<tr>\n<th>Elemento<\/th>\n<th>Informazione<\/th>\n<th>Importanza<\/th>\n<\/tr>\n<tr>\n<td>Famiglia<\/td>\n<td>Trogneux<\/td>\n<td>Famiglia di imprenditori<\/td>\n<\/tr>\n<tr>\n<td>Citt\u00e0<\/td>\n<td>Amiens<\/td>\n<td>Origini familiari<\/td>\n<\/tr>\n<tr>\n<td>Attivit\u00e0<\/td>\n<td>Cioccolateria e macarons<\/td>\n<td>Impresa storica<\/td>\n<\/tr>\n<tr>\n<td>Foto di famiglia<\/td>\n<td>Archivi privati<\/td>\n<td>Interesse mediatico<\/td>\n<\/tr>\n<\/tbody>\n<\/table>\n<\/div>\n<p>\nLa famiglia Trogneux rimane oggi un elemento importante della storia di Amiens e suscita un interesse crescente dalla comparsa di Brigitte Macron sulla scena politica francese.\n<\/p>\n<h2>FAQ<\/h2>\n<h3>Chi \u00e8 Jean-Michel Trogneux?<\/h3>\n<p>\nJean-Michel Trogneux \u00e8 un membro della famiglia Trogneux, la famiglia d&rsquo;origine di Brigitte Macron.\n<\/p>\n<h3>Perch\u00e9 gli internauti cercano una foto di famiglia Trogneux?<\/h3>\n<p>\nPerch\u00e9 la famiglia Trogneux \u00e8 legata a Brigitte Macron e possiede una storia familiare conosciuta ad Amiens.\n<\/p>\n<h3>Quale azienda possiede la famiglia Trogneux?<\/h3>\n<p>\nLa famiglia \u00e8 conosciuta per la sua cioccolateria e per la produzione dei macarons di Amiens.\n<\/p>\n<h3>Le foto di famiglia Trogneux sono pubbliche?<\/h3>\n<p>\nLa maggior parte delle foto di famiglia rimane privata e non \u00e8 ampiamente diffuse.\n<\/p>\n<p><br \/>\n[<br \/>\n{<br \/>\n\u00ab\u00a0@context\u00a0\u00bb:\u00a0\u00bbhttps:\/\/schema.org\u00a0\u00bb,<br \/>\n\u00ab\u00a0@type\u00a0\u00bb:\u00a0\u00bbArticle\u00a0\u00bb,<br \/>\n\u00ab\u00a0headline\u00a0\u00bb:\u00a0\u00bbJean-Michel Trogneux: foto di famiglia e storia della famiglia Trogneux\u00a0\u00bb,<br \/>\n\u00ab\u00a0description\u00a0\u00bb:\u00a0\u00bbScopri la storia di Jean-Michel Trogneux e della famiglia Trogneux di Amiens, nota per la sua cioccolateria e i suoi macarons.\u00a0\u00bb,<br \/>\n\u00ab\u00a0inLanguage\u00a0\u00bb:\u00a0\u00bbfr\u00a0\u00bb,<br \/>\n\u00ab\u00a0articleSection\u00a0\u00bb:\u00a0\u00bbbiografia\u00a0\u00bb,<br \/>\n\u00ab\u00a0abstract\u00a0\u00bb:\u00a0\u00bbLa famiglia Trogneux di Amiens \u00e8 nota per la sua azienda di cioccolateria e il suo legame con Brigitte Macron.\u00a0\u00bb<br \/>\n},<br \/>\n{<br \/>\n\u00ab\u00a0@context\u00a0\u00bb:\u00a0\u00bbhttps:\/\/schema.org\u00a0\u00bb,<br \/>\n\u00ab\u00a0@type\u00a0\u00bb:\u00a0\u00bbFAQPage\u00a0\u00bb,<br \/>\n\u00ab\u00a0mainEntity\u00a0\u00bb:[<br \/>\n{<br \/>\n\u00ab\u00a0@type\u00a0\u00bb:\u00a0\u00bbQuestion\u00a0\u00bb,<br \/>\n\u00ab\u00a0name\u00a0\u00bb:\u00a0\u00bbChi \u00e8 Jean-Michel Trogneux?\u00a0\u00bb,<br \/>\n\u00ab\u00a0acceptedAnswer\u00a0\u00bb:{<br \/>\n\u00ab\u00a0@type\u00a0\u00bb:\u00a0\u00bbAnswer\u00a0\u00bb,<br \/>\n\u00ab\u00a0text\u00a0\u00bb:\u00a0\u00bbJean-Michel Trogneux appartiene alla famiglia Trogneux di Amiens, conosciuta per la sua cioccolateria.\u00a0\u00bb<br \/>\n}<br \/>\n},<br \/>\n{<br \/>\n\u00ab\u00a0@type\u00a0\u00bb:\u00a0\u00bbQuestion\u00a0\u00bb,<br \/>\n\u00ab\u00a0name\u00a0\u00bb:\u00a0\u00bbPerch\u00e9 si parla di foto di famiglia Trogneux?\u00a0\u00bb,<br \/>\n\u00ab\u00a0acceptedAnswer\u00a0\u00bb:{<br \/>\n\u00ab\u00a0@type\u00a0\u00bb:\u00a0\u00bbAnswer\u00a0\u00bb,<br \/>\n\u00ab\u00a0text\u00a0\u00bb:\u00a0\u00bbGli internauti sono interessati alle origini familiari di Brigitte Macron e alla storia della famiglia Trogneux.\u00a0\u00bb<br \/>\n}<br \/>\n}<br \/>\n]<br \/>\n}<br \/>\n]<\/br>\n<\/p>","protected":false},"excerpt":{"rendered":"<p>Foto di origine: Documentario \u00ab\u00a0Brigitte Macron, un romanzo francese\u00a0\u00bb \/ France 3. Cosa tenere a mente: Jean-Michel Trogneux appartiene alla celebre famiglia Trogneux di Amiens, nota per la sua storica cioccolateria. Le ricerche su Internet riguardanti la foto di famiglia Trogneux derivano spesso dalla curiosit\u00e0 del pubblico per le origini familiari di Brigitte Macron e &#8230; <a title=\"Jean-Michel Trogneux : foto di famiglia e storia della famiglia Trogneux\" class=\"read-more\" href=\"https:\/\/www.sebastien-auziere.fr\/blog\/it\/jean-michel-trogneux-foto-di-famiglia-e-storia-della-famiglia-trogneux\/\" aria-label=\"En savoir plus sur Jean-Michel Trogneux : foto di famiglia e storia della famiglia Trogneux\">Lire plus<\/a><\/p>\n","protected":false},"author":4,"featured_media":2391,"comment_status":"open","ping_status":"open","sticky":false,"template":"","format":"standard","meta":{"footnotes":""},"categories":[843],"tags":[],"class_list":["post-2399","post","type-post","status-publish","format-standard","has-post-thumbnail","hentry","category-non-classe-it"],"yoast_head":"<!-- This site is optimized with the Yoast SEO plugin v27.5 - https:\/\/yoast.com\/product\/yoast-seo-wordpress\/ -->\n<title>Jean-Michel Trogneux : foto di famiglia e storia della famiglia Trogneux - Fan site S\u00e9bastien Auzi\u00e8re<\/title>\n<meta name=\"robots\" content=\"index, follow, max-snippet:-1, max-image-preview:large, max-video-preview:-1\" \/>\n<link rel=\"canonical\" href=\"https:\/\/www.sebastien-auziere.fr\/blog\/it\/jean-michel-trogneux-foto-di-famiglia-e-storia-della-famiglia-trogneux\/\" \/>\n<meta property=\"og:locale\" content=\"fr_FR\" \/>\n<meta property=\"og:type\" content=\"article\" \/>\n<meta property=\"og:title\" content=\"Jean-Michel Trogneux : foto di famiglia e storia della famiglia Trogneux - Fan site S\u00e9bastien Auzi\u00e8re\" \/>\n<meta property=\"og:description\" content=\"Foto di origine: Documentario \u00ab\u00a0Brigitte Macron, un romanzo francese\u00a0\u00bb \/ France 3. Cosa tenere a mente: Jean-Michel Trogneux appartiene alla celebre famiglia Trogneux di Amiens, nota per la sua storica cioccolateria. Le ricerche su Internet riguardanti la foto di famiglia Trogneux derivano spesso dalla curiosit\u00e0 del pubblico per le origini familiari di Brigitte Macron e ... Lire plus\" \/>\n<meta property=\"og:url\" content=\"https:\/\/www.sebastien-auziere.fr\/blog\/it\/jean-michel-trogneux-foto-di-famiglia-e-storia-della-famiglia-trogneux\/\" \/>\n<meta property=\"og:site_name\" content=\"Fan site S\u00e9bastien Auzi\u00e8re\" \/>\n<meta property=\"article:published_time\" content=\"2026-03-08T09:55:34+00:00\" \/>\n<meta property=\"article:modified_time\" content=\"2026-03-08T09:56:17+00:00\" \/>\n<meta property=\"og:image\" content=\"https:\/\/www.sebastien-auziere.fr\/blog\/wp-content\/uploads\/2026\/03\/jean-michel-trogneux-toulon.jpg\" \/>\n\t<meta property=\"og:image:width\" content=\"689\" \/>\n\t<meta property=\"og:image:height\" content=\"410\" \/>\n\t<meta property=\"og:image:type\" content=\"image\/jpeg\" \/>\n<meta name=\"author\" content=\"Celine\" \/>\n<meta name=\"twitter:card\" content=\"summary_large_image\" \/>\n<meta name=\"twitter:label1\" content=\"\u00c9crit par\" \/>\n\t<meta name=\"twitter:data1\" content=\"Celine\" \/>\n\t<meta name=\"twitter:label2\" content=\"Dur\u00e9e de lecture estim\u00e9e\" \/>\n\t<meta name=\"twitter:data2\" content=\"3 minutes\" \/>\n<script type=\"application\/ld+json\" class=\"yoast-schema-graph\">{\"@context\":\"https:\\\/\\\/schema.org\",\"@graph\":[{\"@type\":\"Article\",\"@id\":\"https:\\\/\\\/www.sebastien-auziere.fr\\\/blog\\\/it\\\/jean-michel-trogneux-foto-di-famiglia-e-storia-della-famiglia-trogneux\\\/#article\",\"isPartOf\":{\"@id\":\"https:\\\/\\\/www.sebastien-auziere.fr\\\/blog\\\/it\\\/jean-michel-trogneux-foto-di-famiglia-e-storia-della-famiglia-trogneux\\\/\"},\"author\":{\"name\":\"Celine\",\"@id\":\"https:\\\/\\\/www.sebastien-auziere.fr\\\/blog\\\/#\\\/schema\\\/person\\\/1e270a963009242469ed08b1c461f81f\"},\"headline\":\"Jean-Michel Trogneux : foto di famiglia e storia della famiglia Trogneux\",\"datePublished\":\"2026-03-08T09:55:34+00:00\",\"dateModified\":\"2026-03-08T09:56:17+00:00\",\"mainEntityOfPage\":{\"@id\":\"https:\\\/\\\/www.sebastien-auziere.fr\\\/blog\\\/it\\\/jean-michel-trogneux-foto-di-famiglia-e-storia-della-famiglia-trogneux\\\/\"},\"wordCount\":660,\"commentCount\":0,\"publisher\":{\"@id\":\"https:\\\/\\\/www.sebastien-auziere.fr\\\/blog\\\/#organization\"},\"image\":{\"@id\":\"https:\\\/\\\/www.sebastien-auziere.fr\\\/blog\\\/it\\\/jean-michel-trogneux-foto-di-famiglia-e-storia-della-famiglia-trogneux\\\/#primaryimage\"},\"thumbnailUrl\":\"https:\\\/\\\/www.sebastien-auziere.fr\\\/blog\\\/wp-content\\\/uploads\\\/2026\\\/03\\\/jean-michel-trogneux-toulon.jpg\",\"inLanguage\":\"fr-FR\",\"potentialAction\":[{\"@type\":\"CommentAction\",\"name\":\"Comment\",\"target\":[\"https:\\\/\\\/www.sebastien-auziere.fr\\\/blog\\\/it\\\/jean-michel-trogneux-foto-di-famiglia-e-storia-della-famiglia-trogneux\\\/#respond\"]}]},{\"@type\":\"WebPage\",\"@id\":\"https:\\\/\\\/www.sebastien-auziere.fr\\\/blog\\\/it\\\/jean-michel-trogneux-foto-di-famiglia-e-storia-della-famiglia-trogneux\\\/\",\"url\":\"https:\\\/\\\/www.sebastien-auziere.fr\\\/blog\\\/it\\\/jean-michel-trogneux-foto-di-famiglia-e-storia-della-famiglia-trogneux\\\/\",\"name\":\"Jean-Michel Trogneux : foto di famiglia e storia della famiglia Trogneux - Fan site S\u00e9bastien Auzi\u00e8re\",\"isPartOf\":{\"@id\":\"https:\\\/\\\/www.sebastien-auziere.fr\\\/blog\\\/#website\"},\"primaryImageOfPage\":{\"@id\":\"https:\\\/\\\/www.sebastien-auziere.fr\\\/blog\\\/it\\\/jean-michel-trogneux-foto-di-famiglia-e-storia-della-famiglia-trogneux\\\/#primaryimage\"},\"image\":{\"@id\":\"https:\\\/\\\/www.sebastien-auziere.fr\\\/blog\\\/it\\\/jean-michel-trogneux-foto-di-famiglia-e-storia-della-famiglia-trogneux\\\/#primaryimage\"},\"thumbnailUrl\":\"https:\\\/\\\/www.sebastien-auziere.fr\\\/blog\\\/wp-content\\\/uploads\\\/2026\\\/03\\\/jean-michel-trogneux-toulon.jpg\",\"datePublished\":\"2026-03-08T09:55:34+00:00\",\"dateModified\":\"2026-03-08T09:56:17+00:00\",\"breadcrumb\":{\"@id\":\"https:\\\/\\\/www.sebastien-auziere.fr\\\/blog\\\/it\\\/jean-michel-trogneux-foto-di-famiglia-e-storia-della-famiglia-trogneux\\\/#breadcrumb\"},\"inLanguage\":\"fr-FR\",\"potentialAction\":[{\"@type\":\"ReadAction\",\"target\":[\"https:\\\/\\\/www.sebastien-auziere.fr\\\/blog\\\/it\\\/jean-michel-trogneux-foto-di-famiglia-e-storia-della-famiglia-trogneux\\\/\"]}]},{\"@type\":\"ImageObject\",\"inLanguage\":\"fr-FR\",\"@id\":\"https:\\\/\\\/www.sebastien-auziere.fr\\\/blog\\\/it\\\/jean-michel-trogneux-foto-di-famiglia-e-storia-della-famiglia-trogneux\\\/#primaryimage\",\"url\":\"https:\\\/\\\/www.sebastien-auziere.fr\\\/blog\\\/wp-content\\\/uploads\\\/2026\\\/03\\\/jean-michel-trogneux-toulon.jpg\",\"contentUrl\":\"https:\\\/\\\/www.sebastien-auziere.fr\\\/blog\\\/wp-content\\\/uploads\\\/2026\\\/03\\\/jean-michel-trogneux-toulon.jpg\",\"width\":689,\"height\":410,\"caption\":\"Jean-Michel Trogneux photo de famille\"},{\"@type\":\"BreadcrumbList\",\"@id\":\"https:\\\/\\\/www.sebastien-auziere.fr\\\/blog\\\/it\\\/jean-michel-trogneux-foto-di-famiglia-e-storia-della-famiglia-trogneux\\\/#breadcrumb\",\"itemListElement\":[{\"@type\":\"ListItem\",\"position\":1,\"name\":\"Home\",\"item\":\"https:\\\/\\\/www.sebastien-auziere.fr\\\/blog\\\/\"},{\"@type\":\"ListItem\",\"position\":2,\"name\":\"Jean-Michel Trogneux : foto di famiglia e storia della famiglia Trogneux\"}]},{\"@type\":\"WebSite\",\"@id\":\"https:\\\/\\\/www.sebastien-auziere.fr\\\/blog\\\/#website\",\"url\":\"https:\\\/\\\/www.sebastien-auziere.fr\\\/blog\\\/\",\"name\":\"Fan site S\u00e9bastien Auzi\u00e8re\",\"description\":\"M\u00e9dia g\u00e9n\u00e9raliste\",\"publisher\":{\"@id\":\"https:\\\/\\\/www.sebastien-auziere.fr\\\/blog\\\/#organization\"},\"potentialAction\":[{\"@type\":\"SearchAction\",\"target\":{\"@type\":\"EntryPoint\",\"urlTemplate\":\"https:\\\/\\\/www.sebastien-auziere.fr\\\/blog\\\/?s={search_term_string}\"},\"query-input\":{\"@type\":\"PropertyValueSpecification\",\"valueRequired\":true,\"valueName\":\"search_term_string\"}}],\"inLanguage\":\"fr-FR\"},{\"@type\":\"Organization\",\"@id\":\"https:\\\/\\\/www.sebastien-auziere.fr\\\/blog\\\/#organization\",\"name\":\"Fan site S\u00e9bastien Auzi\u00e8re\",\"url\":\"https:\\\/\\\/www.sebastien-auziere.fr\\\/blog\\\/\",\"logo\":{\"@type\":\"ImageObject\",\"inLanguage\":\"fr-FR\",\"@id\":\"https:\\\/\\\/www.sebastien-auziere.fr\\\/blog\\\/#\\\/schema\\\/logo\\\/image\\\/\",\"url\":\"https:\\\/\\\/www.sebastien-auziere.fr\\\/blog\\\/wp-content\\\/uploads\\\/2026\\\/03\\\/cropped-cropped-cropped-ChatGPT-Image-6-mars-2026-12_58_09-e1772798376794.jpg\",\"contentUrl\":\"https:\\\/\\\/www.sebastien-auziere.fr\\\/blog\\\/wp-content\\\/uploads\\\/2026\\\/03\\\/cropped-cropped-cropped-ChatGPT-Image-6-mars-2026-12_58_09-e1772798376794.jpg\",\"width\":512,\"height\":360,\"caption\":\"Fan site S\u00e9bastien Auzi\u00e8re\"},\"image\":{\"@id\":\"https:\\\/\\\/www.sebastien-auziere.fr\\\/blog\\\/#\\\/schema\\\/logo\\\/image\\\/\"}},{\"@type\":\"Person\",\"@id\":\"https:\\\/\\\/www.sebastien-auziere.fr\\\/blog\\\/#\\\/schema\\\/person\\\/1e270a963009242469ed08b1c461f81f\",\"name\":\"Celine\",\"image\":{\"@type\":\"ImageObject\",\"inLanguage\":\"fr-FR\",\"@id\":\"https:\\\/\\\/secure.gravatar.com\\\/avatar\\\/c88d569fbe1fe19a13c7f21ee0f8973822df96073df21850b95af6a09ba820c9?s=96&d=mm&r=g\",\"url\":\"https:\\\/\\\/secure.gravatar.com\\\/avatar\\\/c88d569fbe1fe19a13c7f21ee0f8973822df96073df21850b95af6a09ba820c9?s=96&d=mm&r=g\",\"contentUrl\":\"https:\\\/\\\/secure.gravatar.com\\\/avatar\\\/c88d569fbe1fe19a13c7f21ee0f8973822df96073df21850b95af6a09ba820c9?s=96&d=mm&r=g\",\"caption\":\"Celine\"},\"description\":\"Je m'appelle C\u00e9line, j'ai 31 ans et je suis journaliste sp\u00e9cialis\u00e9e dans le cin\u00e9ma. Passionn\u00e9e par le septi\u00e8me art, j'explore les actualit\u00e9s, les critiques et les tendances du monde cin\u00e9matographique. Mon objectif est de partager ma passion et d'informer les amateurs de films \u00e0 travers des articles percutants et des analyses approfondies.\",\"url\":\"https:\\\/\\\/www.sebastien-auziere.fr\\\/blog\\\/author\\\/celine\\\/\"}]}<\/script>\n<!-- \/ Yoast SEO plugin. -->","yoast_head_json":{"title":"Jean-Michel Trogneux : foto di famiglia e storia della famiglia Trogneux - Fan site S\u00e9bastien Auzi\u00e8re","robots":{"index":"index","follow":"follow","max-snippet":"max-snippet:-1","max-image-preview":"max-image-preview:large","max-video-preview":"max-video-preview:-1"},"canonical":"https:\/\/www.sebastien-auziere.fr\/blog\/it\/jean-michel-trogneux-foto-di-famiglia-e-storia-della-famiglia-trogneux\/","og_locale":"fr_FR","og_type":"article","og_title":"Jean-Michel Trogneux : foto di famiglia e storia della famiglia Trogneux - Fan site S\u00e9bastien Auzi\u00e8re","og_description":"Foto di origine: Documentario \u00ab\u00a0Brigitte Macron, un romanzo francese\u00a0\u00bb \/ France 3. Cosa tenere a mente: Jean-Michel Trogneux appartiene alla celebre famiglia Trogneux di Amiens, nota per la sua storica cioccolateria. Le ricerche su Internet riguardanti la foto di famiglia Trogneux derivano spesso dalla curiosit\u00e0 del pubblico per le origini familiari di Brigitte Macron e ... Lire plus","og_url":"https:\/\/www.sebastien-auziere.fr\/blog\/it\/jean-michel-trogneux-foto-di-famiglia-e-storia-della-famiglia-trogneux\/","og_site_name":"Fan site S\u00e9bastien Auzi\u00e8re","article_published_time":"2026-03-08T09:55:34+00:00","article_modified_time":"2026-03-08T09:56:17+00:00","og_image":[{"width":689,"height":410,"url":"https:\/\/www.sebastien-auziere.fr\/blog\/wp-content\/uploads\/2026\/03\/jean-michel-trogneux-toulon.jpg","type":"image\/jpeg"}],"author":"Celine","twitter_card":"summary_large_image","twitter_misc":{"\u00c9crit par":"Celine","Dur\u00e9e de lecture estim\u00e9e":"3 minutes"},"schema":{"@context":"https:\/\/schema.org","@graph":[{"@type":"Article","@id":"https:\/\/www.sebastien-auziere.fr\/blog\/it\/jean-michel-trogneux-foto-di-famiglia-e-storia-della-famiglia-trogneux\/#article","isPartOf":{"@id":"https:\/\/www.sebastien-auziere.fr\/blog\/it\/jean-michel-trogneux-foto-di-famiglia-e-storia-della-famiglia-trogneux\/"},"author":{"name":"Celine","@id":"https:\/\/www.sebastien-auziere.fr\/blog\/#\/schema\/person\/1e270a963009242469ed08b1c461f81f"},"headline":"Jean-Michel Trogneux : foto di famiglia e storia della famiglia Trogneux","datePublished":"2026-03-08T09:55:34+00:00","dateModified":"2026-03-08T09:56:17+00:00","mainEntityOfPage":{"@id":"https:\/\/www.sebastien-auziere.fr\/blog\/it\/jean-michel-trogneux-foto-di-famiglia-e-storia-della-famiglia-trogneux\/"},"wordCount":660,"commentCount":0,"publisher":{"@id":"https:\/\/www.sebastien-auziere.fr\/blog\/#organization"},"image":{"@id":"https:\/\/www.sebastien-auziere.fr\/blog\/it\/jean-michel-trogneux-foto-di-famiglia-e-storia-della-famiglia-trogneux\/#primaryimage"},"thumbnailUrl":"https:\/\/www.sebastien-auziere.fr\/blog\/wp-content\/uploads\/2026\/03\/jean-michel-trogneux-toulon.jpg","inLanguage":"fr-FR","potentialAction":[{"@type":"CommentAction","name":"Comment","target":["https:\/\/www.sebastien-auziere.fr\/blog\/it\/jean-michel-trogneux-foto-di-famiglia-e-storia-della-famiglia-trogneux\/#respond"]}]},{"@type":"WebPage","@id":"https:\/\/www.sebastien-auziere.fr\/blog\/it\/jean-michel-trogneux-foto-di-famiglia-e-storia-della-famiglia-trogneux\/","url":"https:\/\/www.sebastien-auziere.fr\/blog\/it\/jean-michel-trogneux-foto-di-famiglia-e-storia-della-famiglia-trogneux\/","name":"Jean-Michel Trogneux : foto di famiglia e storia della famiglia Trogneux - Fan site S\u00e9bastien Auzi\u00e8re","isPartOf":{"@id":"https:\/\/www.sebastien-auziere.fr\/blog\/#website"},"primaryImageOfPage":{"@id":"https:\/\/www.sebastien-auziere.fr\/blog\/it\/jean-michel-trogneux-foto-di-famiglia-e-storia-della-famiglia-trogneux\/#primaryimage"},"image":{"@id":"https:\/\/www.sebastien-auziere.fr\/blog\/it\/jean-michel-trogneux-foto-di-famiglia-e-storia-della-famiglia-trogneux\/#primaryimage"},"thumbnailUrl":"https:\/\/www.sebastien-auziere.fr\/blog\/wp-content\/uploads\/2026\/03\/jean-michel-trogneux-toulon.jpg","datePublished":"2026-03-08T09:55:34+00:00","dateModified":"2026-03-08T09:56:17+00:00","breadcrumb":{"@id":"https:\/\/www.sebastien-auziere.fr\/blog\/it\/jean-michel-trogneux-foto-di-famiglia-e-storia-della-famiglia-trogneux\/#breadcrumb"},"inLanguage":"fr-FR","potentialAction":[{"@type":"ReadAction","target":["https:\/\/www.sebastien-auziere.fr\/blog\/it\/jean-michel-trogneux-foto-di-famiglia-e-storia-della-famiglia-trogneux\/"]}]},{"@type":"ImageObject","inLanguage":"fr-FR","@id":"https:\/\/www.sebastien-auziere.fr\/blog\/it\/jean-michel-trogneux-foto-di-famiglia-e-storia-della-famiglia-trogneux\/#primaryimage","url":"https:\/\/www.sebastien-auziere.fr\/blog\/wp-content\/uploads\/2026\/03\/jean-michel-trogneux-toulon.jpg","contentUrl":"https:\/\/www.sebastien-auziere.fr\/blog\/wp-content\/uploads\/2026\/03\/jean-michel-trogneux-toulon.jpg","width":689,"height":410,"caption":"Jean-Michel Trogneux photo de famille"},{"@type":"BreadcrumbList","@id":"https:\/\/www.sebastien-auziere.fr\/blog\/it\/jean-michel-trogneux-foto-di-famiglia-e-storia-della-famiglia-trogneux\/#breadcrumb","itemListElement":[{"@type":"ListItem","position":1,"name":"Home","item":"https:\/\/www.sebastien-auziere.fr\/blog\/"},{"@type":"ListItem","position":2,"name":"Jean-Michel Trogneux : foto di famiglia e storia della famiglia Trogneux"}]},{"@type":"WebSite","@id":"https:\/\/www.sebastien-auziere.fr\/blog\/#website","url":"https:\/\/www.sebastien-auziere.fr\/blog\/","name":"Fan site S\u00e9bastien Auzi\u00e8re","description":"M\u00e9dia g\u00e9n\u00e9raliste","publisher":{"@id":"https:\/\/www.sebastien-auziere.fr\/blog\/#organization"},"potentialAction":[{"@type":"SearchAction","target":{"@type":"EntryPoint","urlTemplate":"https:\/\/www.sebastien-auziere.fr\/blog\/?s={search_term_string}"},"query-input":{"@type":"PropertyValueSpecification","valueRequired":true,"valueName":"search_term_string"}}],"inLanguage":"fr-FR"},{"@type":"Organization","@id":"https:\/\/www.sebastien-auziere.fr\/blog\/#organization","name":"Fan site S\u00e9bastien Auzi\u00e8re","url":"https:\/\/www.sebastien-auziere.fr\/blog\/","logo":{"@type":"ImageObject","inLanguage":"fr-FR","@id":"https:\/\/www.sebastien-auziere.fr\/blog\/#\/schema\/logo\/image\/","url":"https:\/\/www.sebastien-auziere.fr\/blog\/wp-content\/uploads\/2026\/03\/cropped-cropped-cropped-ChatGPT-Image-6-mars-2026-12_58_09-e1772798376794.jpg","contentUrl":"https:\/\/www.sebastien-auziere.fr\/blog\/wp-content\/uploads\/2026\/03\/cropped-cropped-cropped-ChatGPT-Image-6-mars-2026-12_58_09-e1772798376794.jpg","width":512,"height":360,"caption":"Fan site S\u00e9bastien Auzi\u00e8re"},"image":{"@id":"https:\/\/www.sebastien-auziere.fr\/blog\/#\/schema\/logo\/image\/"}},{"@type":"Person","@id":"https:\/\/www.sebastien-auziere.fr\/blog\/#\/schema\/person\/1e270a963009242469ed08b1c461f81f","name":"Celine","image":{"@type":"ImageObject","inLanguage":"fr-FR","@id":"https:\/\/secure.gravatar.com\/avatar\/c88d569fbe1fe19a13c7f21ee0f8973822df96073df21850b95af6a09ba820c9?s=96&d=mm&r=g","url":"https:\/\/secure.gravatar.com\/avatar\/c88d569fbe1fe19a13c7f21ee0f8973822df96073df21850b95af6a09ba820c9?s=96&d=mm&r=g","contentUrl":"https:\/\/secure.gravatar.com\/avatar\/c88d569fbe1fe19a13c7f21ee0f8973822df96073df21850b95af6a09ba820c9?s=96&d=mm&r=g","caption":"Celine"},"description":"Je m'appelle C\u00e9line, j'ai 31 ans et je suis journaliste sp\u00e9cialis\u00e9e dans le cin\u00e9ma. Passionn\u00e9e par le septi\u00e8me art, j'explore les actualit\u00e9s, les critiques et les tendances du monde cin\u00e9matographique. Mon objectif est de partager ma passion et d'informer les amateurs de films \u00e0 travers des articles percutants et des analyses approfondies.","url":"https:\/\/www.sebastien-auziere.fr\/blog\/author\/celine\/"}]}},"views":4,"_links":{"self":[{"href":"https:\/\/www.sebastien-auziere.fr\/blog\/wp-json\/wp\/v2\/posts\/2399","targetHints":{"allow":["GET"]}}],"collection":[{"href":"https:\/\/www.sebastien-auziere.fr\/blog\/wp-json\/wp\/v2\/posts"}],"about":[{"href":"https:\/\/www.sebastien-auziere.fr\/blog\/wp-json\/wp\/v2\/types\/post"}],"author":[{"embeddable":true,"href":"https:\/\/www.sebastien-auziere.fr\/blog\/wp-json\/wp\/v2\/users\/4"}],"replies":[{"embeddable":true,"href":"https:\/\/www.sebastien-auziere.fr\/blog\/wp-json\/wp\/v2\/comments?post=2399"}],"version-history":[{"count":1,"href":"https:\/\/www.sebastien-auziere.fr\/blog\/wp-json\/wp\/v2\/posts\/2399\/revisions"}],"predecessor-version":[{"id":2400,"href":"https:\/\/www.sebastien-auziere.fr\/blog\/wp-json\/wp\/v2\/posts\/2399\/revisions\/2400"}],"wp:featuredmedia":[{"embeddable":true,"href":"https:\/\/www.sebastien-auziere.fr\/blog\/wp-json\/wp\/v2\/media\/2391"}],"wp:attachment":[{"href":"https:\/\/www.sebastien-auziere.fr\/blog\/wp-json\/wp\/v2\/media?parent=2399"}],"wp:term":[{"taxonomy":"category","embeddable":true,"href":"https:\/\/www.sebastien-auziere.fr\/blog\/wp-json\/wp\/v2\/categories?post=2399"},{"taxonomy":"post_tag","embeddable":true,"href":"https:\/\/www.sebastien-auziere.fr\/blog\/wp-json\/wp\/v2\/tags?post=2399"}],"curies":[{"name":"wp","href":"https:\/\/api.w.org\/{rel}","templated":true}]}}