{"id":2397,"date":"2026-03-08T09:53:12","date_gmt":"2026-03-08T09:53:12","guid":{"rendered":"https:\/\/www.sebastien-auziere.fr\/blog\/?p=2397"},"modified":"2026-03-08T09:53:50","modified_gmt":"2026-03-08T09:53:50","slug":"jean-michel-trogneux-familienfoto-und-geschichte-der-familie-trogneux","status":"publish","type":"post","link":"https:\/\/www.sebastien-auziere.fr\/blog\/de\/jean-michel-trogneux-familienfoto-und-geschichte-der-familie-trogneux\/","title":{"rendered":"Jean-Michel Trogneux: Familienfoto und Geschichte der Familie Trogneux"},"content":{"rendered":"\n<p>Quellfoto: Dokumentation \u00ab\u00a0Brigitte Macron, ein franz\u00f6sischer Roman\u00a0\u00bb \/ France 3.<\/p>\n\n\n<p style=\"padding:24px;background:lightblue\">\nWas man beachten sollte: <strong>Jean-Michel Trogneux<\/strong> geh\u00f6rt zur ber\u00fchmten Familie Trogneux aus Amiens, die f\u00fcr ihre historische Schokoladenfabrik bekannt ist. Die Internetrecherchen zur <strong>Trogneux-Familienfoto<\/strong> resultieren oft aus der Neugier der \u00d6ffentlichkeit hinsichtlich der famili\u00e4ren Herkunft von Brigitte Macron und der Geschichte dieser Unternehmerdynastie.\n<\/p>\n<p>\nDie Familie Trogneux ist eine wohlbekannte Familie in der Stadt Amiens. Mit der Medialisierung von Brigitte Macron suchen heute viele Internetnutzer nach Informationen \u00fcber <strong>Jean-Michel Trogneux<\/strong> oder \u00fcber ein m\u00f6gliches <strong>Trogneux-Familienfoto<\/strong>. In diesem Artikel wirst du entdecken, <strong>wer Jean-Michel Trogneux ist, die Geschichte der Familie und warum diese Familienfotos so viel Interesse wecken<\/strong>.\n<\/p>\n<ol>\n<li><a href=\"#famille-trogneux\">Die Familie Trogneux aus Amiens<\/a><\/li>\n<li><a href=\"#jean-michel-trogneux\">Wer ist Jean-Michel Trogneux<\/a><\/li>\n<li><a href=\"#photo-famille\">Die Trogneux-Familienfotos<\/a><\/li>\n<li><a href=\"#chocolaterie\">Die ber\u00fchmte Chocolaterie Trogneux<\/a><\/li>\n<\/ol>\n<h2 id=\"famille-trogneux\">Die Familie Trogneux aus Amiens<\/h2>\n<p>\nDie Familie Trogneux ist eine Unternehmerfamilie, die seit mehreren Generationen in Amiens ans\u00e4ssig ist. Sie ist besonders bekannt f\u00fcr ihr Unternehmen, die handwerkliche Schokoladenfabrik.\n<\/p>\n<h3>Eine Dynastie von Unternehmern<\/h3>\n<p>\nSeit dem 19. Jahrhundert stellt das Haus Trogneux s\u00fc\u00dfe Spezialit\u00e4ten her, darunter die ber\u00fchmten <strong>Macarons aus Amiens<\/strong>.\n<\/p>\n<ul>\n<li>Familienunternehmen gegr\u00fcndet im 19. Jahrhundert<\/li>\n<li>Spezialit\u00e4t: Macarons aus Amiens<\/li>\n<li>Historischer Ruf in der Region<\/li>\n<\/ul>\n<p>\nDiese Bekanntheit erkl\u00e4rt, warum die Familie heute die Aufmerksamkeit der breiten \u00d6ffentlichkeit auf sich zieht.\n<\/p>\n<h2 id=\"jean-michel-trogneux\">Wer ist Jean-Michel Trogneux<\/h2>\n<p>\nJean-Michel Trogneux ist Teil dieser gro\u00dfen Familie aus Amiens. Er geh\u00f6rt zur Geschwisterschar der Familie Trogneux, zu der <strong>Brigitte Macron<\/strong> geh\u00f6rt.\n<\/p>\n<h3>Ein Mitglied der Familie Trogneux<\/h3>\n<p>\nWie andere Mitglieder der Familie ist er mit der Familiengeschichte und dem Schokoladenunternehmen verbunden, das den Namen Trogneux ber\u00fchmt gemacht hat.\n<\/p>\n<p>\nDennoch f\u00fchren die meisten Familienmitglieder trotz der medialen Aufmerksamkeit ein relativ diskretes Leben.\n<\/p>\n<h2 id=\"photo-famille\">Die Trogneux-Familienfotos<\/h2>\n<p>\nDie Recherchen zu einem <strong>Trogneux-Familienfoto<\/strong>\tresultieren h\u00e4ufig aus dem Interesse an den famili\u00e4ren Urspr\u00fcngen von Brigitte Macron.\n<\/p>\n<h3>Selten \u00f6ffentliche Bilder<\/h3>\n<p>\nDie meisten Familienfotos bleiben privat und werden in den Medien nicht gro\u00dffl\u00e4chig ver\u00f6ffentlicht.\n<\/p>\n<p>\nEinige Archivbilder erscheinen manchmal in Berichten oder Artikeln \u00fcber die Geschichte der Familie.\n<\/p>\n<ul>\n<li>Alte Familienfotos<\/li>\n<li>Archive, die mit dem Familienunternehmen verbunden sind<\/li>\n<li>Bilder von Familienereignissen<\/li>\n<\/ul>\n<h2 id=\"chocolaterie\">Die ber\u00fchmte Chocolaterie Trogneux<\/h2>\n<p>\nDas Familienunternehmen bleibt heute eines der Symbole der Familie Trogneux.\n<\/p>\n<h3>Eine Spezialit\u00e4t aus Amiens<\/h3>\n<p>\nDas Haus Trogneux produziert weiterhin die ber\u00fchmten Macarons aus Amiens und andere s\u00fc\u00dfe Spezialit\u00e4ten, die in ganz Frankreich anerkannt sind.\n<\/p>\n<p>\nDieses Unternehmen tr\u00e4gt dazu bei, die Verbindung zwischen der Familie und der Stadt Amiens aufrechtzuerhalten.\n<\/p>\n<div style=\"overflow:auto;max-width:100%\">\n<table>\n<tbody>\n<tr>\n<th>Element<\/th>\n<th>Information<\/th>\n<th>Bedeutung<\/th>\n<\/tr>\n<tr>\n<td>Familie<\/td>\n<td>Trogneux<\/td>\n<td>Unternehmerfamilie<\/td>\n<\/tr>\n<tr>\n<td>Stadt<\/td>\n<td>Amiens<\/td>\n<td>Familienurspr\u00fcnge<\/td>\n<\/tr>\n<tr>\n<td>Aktivit\u00e4t<\/td>\n<td>Schokoladenfabrik und Macarons<\/td>\n<td>Geschichtliches Unternehmen<\/td>\n<\/tr>\n<tr>\n<td>Familienfotos<\/td>\n<td>Private Archive<\/td>\n<td>Mediales Interesse<\/td>\n<\/tr>\n<\/tbody>\n<\/table>\n<\/div>\n<p>\nDie Familie Trogneux bleibt heute ein wichtiger Bestandteil der Geschichte von Amiens und weckt seit Brigitte Macrons Aufstieg auf der franz\u00f6sischen politischen B\u00fchne ein wachsendes Interesse.\n<\/p>\n<h2>FAQ<\/h2>\n<h3>Wer ist Jean-Michel Trogneux?<\/h3>\n<p>\nJean-Michel Trogneux ist ein Mitglied der Familie Trogneux, der Familie von Brigitte Macron.\n<\/p>\n<h3>Warum suchen Internetnutzer nach einem Trogneux-Familienfoto?<\/h3>\n<p>\nWeil die Familie Trogneux mit Brigitte Macron verbunden ist und eine in Amiens bekannte Familiengeschichte hat.\n<\/p>\n<h3>Welches Unternehmen besitzt die Familie Trogneux?<\/h3>\n<p>\nDie Familie ist bekannt f\u00fcr ihre Schokoladenfabrik und die Herstellung von Macarons aus Amiens.\n<\/p>\n<h3>Sind die Trogneux-Familienfotos \u00f6ffentlich?<\/h3>\n<p>\nDie meisten Familienfotos bleiben privat und werden nicht gro\u00dffl\u00e4chig verbreitet.\n<\/p>\n<p><br \/>\n[<br \/>\n{<br \/>\n\u00ab\u00a0@context\u00a0\u00bb:\u00a0\u00bbhttps:\/\/schema.org\u00a0\u00bb,<br \/>\n\u00ab\u00a0@type\u00a0\u00bb:\u00a0\u00bbArticle\u00a0\u00bb,<br \/>\n\u00ab\u00a0headline\u00a0\u00bb:\u00a0\u00bbJean-Michel Trogneux: Familienfoto und Geschichte der Familie Trogneux\u00a0\u00bb,<br \/>\n\u00ab\u00a0description\u00a0\u00bb:\u00a0\u00bbEntdecken Sie die Geschichte von Jean-Michel Trogneux und der Familie Trogneux aus Amiens, bekannt f\u00fcr ihre Schokoladenfabrik und ihre Macarons.\u00a0\u00bb,<br \/>\n\u00ab\u00a0inLanguage\u00a0\u00bb:\u00a0\u00bbfr\u00a0\u00bb,<br \/>\n\u00ab\u00a0articleSection\u00a0\u00bb:\u00a0\u00bbbiographie\u00a0\u00bb,<br \/>\n\u00ab\u00a0abstract\u00a0\u00bb:\u00a0\u00bbDie Familie Trogneux aus Amiens ist f\u00fcr ihre Schokoladenfabrik und ihre Verbindung zu Brigitte Macron bekannt.\u00a0\u00bb<br \/>\n},<br \/>\n{<br \/>\n\u00ab\u00a0@context\u00a0\u00bb:\u00a0\u00bbhttps:\/\/schema.org\u00a0\u00bb,<br \/>\n\u00ab\u00a0@type\u00a0\u00bb:\u00a0\u00bbFAQPage\u00a0\u00bb,<br \/>\n\u00ab\u00a0mainEntity\u00a0\u00bb:[<br \/>\n{<br \/>\n\u00ab\u00a0@type\u00a0\u00bb:\u00a0\u00bbQuestion\u00a0\u00bb,<br \/>\n\u00ab\u00a0name\u00a0\u00bb:\u00a0\u00bbWer ist Jean-Michel Trogneux?\u00a0\u00bb,<br \/>\n\u00ab\u00a0acceptedAnswer\u00a0\u00bb:{<br \/>\n\u00ab\u00a0@type\u00a0\u00bb:\u00a0\u00bbAnswer\u00a0\u00bb,<br \/>\n\u00ab\u00a0text\u00a0\u00bb:\u00a0\u00bbJean-Michel Trogneux geh\u00f6rt zur Familie Trogneux aus Amiens, die f\u00fcr ihre Schokoladenfabrik bekannt ist.\u00a0\u00bb<br \/>\n}<br \/>\n},<br \/>\n{<br \/>\n\u00ab\u00a0@type\u00a0\u00bb:\u00a0\u00bbQuestion\u00a0\u00bb,<br \/>\n\u00ab\u00a0name\u00a0\u00bb:\u00a0\u00bbWarum spricht man von einem Trogneux-Familienfoto?\u00a0\u00bb,<br \/>\n\u00ab\u00a0acceptedAnswer\u00a0\u00bb:{<br \/>\n\u00ab\u00a0@type\u00a0\u00bb:\u00a0\u00bbAnswer\u00a0\u00bb,<br \/>\n\u00ab\u00a0text\u00a0\u00bb:\u00a0\u00bbInternetnutzer interessieren sich f\u00fcr die famili\u00e4ren Urspr\u00fcnge von Brigitte Macron und die Geschichte der Familie Trogneux.\u00a0\u00bb<br \/>\n}<br \/>\n}<br \/>\n]<br \/>\n}<br \/>\n]<\/br>\n<\/p>","protected":false},"excerpt":{"rendered":"<p>Quellfoto: Dokumentation \u00ab\u00a0Brigitte Macron, ein franz\u00f6sischer Roman\u00a0\u00bb \/ France 3. Was man beachten sollte: Jean-Michel Trogneux geh\u00f6rt zur ber\u00fchmten Familie Trogneux aus Amiens, die f\u00fcr ihre historische Schokoladenfabrik bekannt ist. Die Internetrecherchen zur Trogneux-Familienfoto resultieren oft aus der Neugier der \u00d6ffentlichkeit hinsichtlich der famili\u00e4ren Herkunft von Brigitte Macron und der Geschichte dieser Unternehmerdynastie. Die Familie &#8230; <a title=\"Jean-Michel Trogneux: Familienfoto und Geschichte der Familie Trogneux\" class=\"read-more\" href=\"https:\/\/www.sebastien-auziere.fr\/blog\/de\/jean-michel-trogneux-familienfoto-und-geschichte-der-familie-trogneux\/\" aria-label=\"En savoir plus sur Jean-Michel Trogneux: Familienfoto und Geschichte der Familie Trogneux\">Lire plus<\/a><\/p>\n","protected":false},"author":4,"featured_media":2391,"comment_status":"open","ping_status":"open","sticky":false,"template":"","format":"standard","meta":{"footnotes":""},"categories":[838],"tags":[],"class_list":["post-2397","post","type-post","status-publish","format-standard","has-post-thumbnail","hentry","category-non-classe-de"],"yoast_head":"<!-- This site is optimized with the Yoast SEO plugin v27.5 - https:\/\/yoast.com\/product\/yoast-seo-wordpress\/ -->\n<title>Jean-Michel Trogneux: Familienfoto und Geschichte der Familie Trogneux - Fan site S\u00e9bastien Auzi\u00e8re<\/title>\n<meta name=\"robots\" content=\"index, follow, max-snippet:-1, max-image-preview:large, max-video-preview:-1\" \/>\n<link rel=\"canonical\" href=\"https:\/\/www.sebastien-auziere.fr\/blog\/de\/jean-michel-trogneux-familienfoto-und-geschichte-der-familie-trogneux\/\" \/>\n<meta property=\"og:locale\" content=\"fr_FR\" \/>\n<meta property=\"og:type\" content=\"article\" \/>\n<meta property=\"og:title\" content=\"Jean-Michel Trogneux: Familienfoto und Geschichte der Familie Trogneux - Fan site S\u00e9bastien Auzi\u00e8re\" \/>\n<meta property=\"og:description\" content=\"Quellfoto: Dokumentation \u00ab\u00a0Brigitte Macron, ein franz\u00f6sischer Roman\u00a0\u00bb \/ France 3. Was man beachten sollte: Jean-Michel Trogneux geh\u00f6rt zur ber\u00fchmten Familie Trogneux aus Amiens, die f\u00fcr ihre historische Schokoladenfabrik bekannt ist. Die Internetrecherchen zur Trogneux-Familienfoto resultieren oft aus der Neugier der \u00d6ffentlichkeit hinsichtlich der famili\u00e4ren Herkunft von Brigitte Macron und der Geschichte dieser Unternehmerdynastie. Die Familie ... Lire plus\" \/>\n<meta property=\"og:url\" content=\"https:\/\/www.sebastien-auziere.fr\/blog\/de\/jean-michel-trogneux-familienfoto-und-geschichte-der-familie-trogneux\/\" \/>\n<meta property=\"og:site_name\" content=\"Fan site S\u00e9bastien Auzi\u00e8re\" \/>\n<meta property=\"article:published_time\" content=\"2026-03-08T09:53:12+00:00\" \/>\n<meta property=\"article:modified_time\" content=\"2026-03-08T09:53:50+00:00\" \/>\n<meta property=\"og:image\" content=\"https:\/\/www.sebastien-auziere.fr\/blog\/wp-content\/uploads\/2026\/03\/jean-michel-trogneux-toulon.jpg\" \/>\n\t<meta property=\"og:image:width\" content=\"689\" \/>\n\t<meta property=\"og:image:height\" content=\"410\" \/>\n\t<meta property=\"og:image:type\" content=\"image\/jpeg\" \/>\n<meta name=\"author\" content=\"Celine\" \/>\n<meta name=\"twitter:card\" content=\"summary_large_image\" \/>\n<meta name=\"twitter:label1\" content=\"\u00c9crit par\" \/>\n\t<meta name=\"twitter:data1\" content=\"Celine\" \/>\n\t<meta name=\"twitter:label2\" content=\"Dur\u00e9e de lecture estim\u00e9e\" \/>\n\t<meta name=\"twitter:data2\" content=\"3 minutes\" \/>\n<script type=\"application\/ld+json\" class=\"yoast-schema-graph\">{\"@context\":\"https:\\\/\\\/schema.org\",\"@graph\":[{\"@type\":\"Article\",\"@id\":\"https:\\\/\\\/www.sebastien-auziere.fr\\\/blog\\\/de\\\/jean-michel-trogneux-familienfoto-und-geschichte-der-familie-trogneux\\\/#article\",\"isPartOf\":{\"@id\":\"https:\\\/\\\/www.sebastien-auziere.fr\\\/blog\\\/de\\\/jean-michel-trogneux-familienfoto-und-geschichte-der-familie-trogneux\\\/\"},\"author\":{\"name\":\"Celine\",\"@id\":\"https:\\\/\\\/www.sebastien-auziere.fr\\\/blog\\\/#\\\/schema\\\/person\\\/1e270a963009242469ed08b1c461f81f\"},\"headline\":\"Jean-Michel Trogneux: Familienfoto und Geschichte der Familie Trogneux\",\"datePublished\":\"2026-03-08T09:53:12+00:00\",\"dateModified\":\"2026-03-08T09:53:50+00:00\",\"mainEntityOfPage\":{\"@id\":\"https:\\\/\\\/www.sebastien-auziere.fr\\\/blog\\\/de\\\/jean-michel-trogneux-familienfoto-und-geschichte-der-familie-trogneux\\\/\"},\"wordCount\":665,\"commentCount\":0,\"publisher\":{\"@id\":\"https:\\\/\\\/www.sebastien-auziere.fr\\\/blog\\\/#organization\"},\"image\":{\"@id\":\"https:\\\/\\\/www.sebastien-auziere.fr\\\/blog\\\/de\\\/jean-michel-trogneux-familienfoto-und-geschichte-der-familie-trogneux\\\/#primaryimage\"},\"thumbnailUrl\":\"https:\\\/\\\/www.sebastien-auziere.fr\\\/blog\\\/wp-content\\\/uploads\\\/2026\\\/03\\\/jean-michel-trogneux-toulon.jpg\",\"inLanguage\":\"fr-FR\",\"potentialAction\":[{\"@type\":\"CommentAction\",\"name\":\"Comment\",\"target\":[\"https:\\\/\\\/www.sebastien-auziere.fr\\\/blog\\\/de\\\/jean-michel-trogneux-familienfoto-und-geschichte-der-familie-trogneux\\\/#respond\"]}]},{\"@type\":\"WebPage\",\"@id\":\"https:\\\/\\\/www.sebastien-auziere.fr\\\/blog\\\/de\\\/jean-michel-trogneux-familienfoto-und-geschichte-der-familie-trogneux\\\/\",\"url\":\"https:\\\/\\\/www.sebastien-auziere.fr\\\/blog\\\/de\\\/jean-michel-trogneux-familienfoto-und-geschichte-der-familie-trogneux\\\/\",\"name\":\"Jean-Michel Trogneux: Familienfoto und Geschichte der Familie Trogneux - Fan site S\u00e9bastien Auzi\u00e8re\",\"isPartOf\":{\"@id\":\"https:\\\/\\\/www.sebastien-auziere.fr\\\/blog\\\/#website\"},\"primaryImageOfPage\":{\"@id\":\"https:\\\/\\\/www.sebastien-auziere.fr\\\/blog\\\/de\\\/jean-michel-trogneux-familienfoto-und-geschichte-der-familie-trogneux\\\/#primaryimage\"},\"image\":{\"@id\":\"https:\\\/\\\/www.sebastien-auziere.fr\\\/blog\\\/de\\\/jean-michel-trogneux-familienfoto-und-geschichte-der-familie-trogneux\\\/#primaryimage\"},\"thumbnailUrl\":\"https:\\\/\\\/www.sebastien-auziere.fr\\\/blog\\\/wp-content\\\/uploads\\\/2026\\\/03\\\/jean-michel-trogneux-toulon.jpg\",\"datePublished\":\"2026-03-08T09:53:12+00:00\",\"dateModified\":\"2026-03-08T09:53:50+00:00\",\"breadcrumb\":{\"@id\":\"https:\\\/\\\/www.sebastien-auziere.fr\\\/blog\\\/de\\\/jean-michel-trogneux-familienfoto-und-geschichte-der-familie-trogneux\\\/#breadcrumb\"},\"inLanguage\":\"fr-FR\",\"potentialAction\":[{\"@type\":\"ReadAction\",\"target\":[\"https:\\\/\\\/www.sebastien-auziere.fr\\\/blog\\\/de\\\/jean-michel-trogneux-familienfoto-und-geschichte-der-familie-trogneux\\\/\"]}]},{\"@type\":\"ImageObject\",\"inLanguage\":\"fr-FR\",\"@id\":\"https:\\\/\\\/www.sebastien-auziere.fr\\\/blog\\\/de\\\/jean-michel-trogneux-familienfoto-und-geschichte-der-familie-trogneux\\\/#primaryimage\",\"url\":\"https:\\\/\\\/www.sebastien-auziere.fr\\\/blog\\\/wp-content\\\/uploads\\\/2026\\\/03\\\/jean-michel-trogneux-toulon.jpg\",\"contentUrl\":\"https:\\\/\\\/www.sebastien-auziere.fr\\\/blog\\\/wp-content\\\/uploads\\\/2026\\\/03\\\/jean-michel-trogneux-toulon.jpg\",\"width\":689,\"height\":410,\"caption\":\"Jean-Michel Trogneux photo de famille\"},{\"@type\":\"BreadcrumbList\",\"@id\":\"https:\\\/\\\/www.sebastien-auziere.fr\\\/blog\\\/de\\\/jean-michel-trogneux-familienfoto-und-geschichte-der-familie-trogneux\\\/#breadcrumb\",\"itemListElement\":[{\"@type\":\"ListItem\",\"position\":1,\"name\":\"Home\",\"item\":\"https:\\\/\\\/www.sebastien-auziere.fr\\\/blog\\\/\"},{\"@type\":\"ListItem\",\"position\":2,\"name\":\"Jean-Michel Trogneux: Familienfoto und Geschichte der Familie Trogneux\"}]},{\"@type\":\"WebSite\",\"@id\":\"https:\\\/\\\/www.sebastien-auziere.fr\\\/blog\\\/#website\",\"url\":\"https:\\\/\\\/www.sebastien-auziere.fr\\\/blog\\\/\",\"name\":\"Fan site S\u00e9bastien Auzi\u00e8re\",\"description\":\"M\u00e9dia g\u00e9n\u00e9raliste\",\"publisher\":{\"@id\":\"https:\\\/\\\/www.sebastien-auziere.fr\\\/blog\\\/#organization\"},\"potentialAction\":[{\"@type\":\"SearchAction\",\"target\":{\"@type\":\"EntryPoint\",\"urlTemplate\":\"https:\\\/\\\/www.sebastien-auziere.fr\\\/blog\\\/?s={search_term_string}\"},\"query-input\":{\"@type\":\"PropertyValueSpecification\",\"valueRequired\":true,\"valueName\":\"search_term_string\"}}],\"inLanguage\":\"fr-FR\"},{\"@type\":\"Organization\",\"@id\":\"https:\\\/\\\/www.sebastien-auziere.fr\\\/blog\\\/#organization\",\"name\":\"Fan site S\u00e9bastien Auzi\u00e8re\",\"url\":\"https:\\\/\\\/www.sebastien-auziere.fr\\\/blog\\\/\",\"logo\":{\"@type\":\"ImageObject\",\"inLanguage\":\"fr-FR\",\"@id\":\"https:\\\/\\\/www.sebastien-auziere.fr\\\/blog\\\/#\\\/schema\\\/logo\\\/image\\\/\",\"url\":\"https:\\\/\\\/www.sebastien-auziere.fr\\\/blog\\\/wp-content\\\/uploads\\\/2026\\\/03\\\/cropped-cropped-cropped-ChatGPT-Image-6-mars-2026-12_58_09-e1772798376794.jpg\",\"contentUrl\":\"https:\\\/\\\/www.sebastien-auziere.fr\\\/blog\\\/wp-content\\\/uploads\\\/2026\\\/03\\\/cropped-cropped-cropped-ChatGPT-Image-6-mars-2026-12_58_09-e1772798376794.jpg\",\"width\":512,\"height\":360,\"caption\":\"Fan site S\u00e9bastien Auzi\u00e8re\"},\"image\":{\"@id\":\"https:\\\/\\\/www.sebastien-auziere.fr\\\/blog\\\/#\\\/schema\\\/logo\\\/image\\\/\"}},{\"@type\":\"Person\",\"@id\":\"https:\\\/\\\/www.sebastien-auziere.fr\\\/blog\\\/#\\\/schema\\\/person\\\/1e270a963009242469ed08b1c461f81f\",\"name\":\"Celine\",\"image\":{\"@type\":\"ImageObject\",\"inLanguage\":\"fr-FR\",\"@id\":\"https:\\\/\\\/secure.gravatar.com\\\/avatar\\\/c88d569fbe1fe19a13c7f21ee0f8973822df96073df21850b95af6a09ba820c9?s=96&d=mm&r=g\",\"url\":\"https:\\\/\\\/secure.gravatar.com\\\/avatar\\\/c88d569fbe1fe19a13c7f21ee0f8973822df96073df21850b95af6a09ba820c9?s=96&d=mm&r=g\",\"contentUrl\":\"https:\\\/\\\/secure.gravatar.com\\\/avatar\\\/c88d569fbe1fe19a13c7f21ee0f8973822df96073df21850b95af6a09ba820c9?s=96&d=mm&r=g\",\"caption\":\"Celine\"},\"description\":\"Je m'appelle C\u00e9line, j'ai 31 ans et je suis journaliste sp\u00e9cialis\u00e9e dans le cin\u00e9ma. Passionn\u00e9e par le septi\u00e8me art, j'explore les actualit\u00e9s, les critiques et les tendances du monde cin\u00e9matographique. Mon objectif est de partager ma passion et d'informer les amateurs de films \u00e0 travers des articles percutants et des analyses approfondies.\",\"url\":\"https:\\\/\\\/www.sebastien-auziere.fr\\\/blog\\\/author\\\/celine\\\/\"}]}<\/script>\n<!-- \/ Yoast SEO plugin. -->","yoast_head_json":{"title":"Jean-Michel Trogneux: Familienfoto und Geschichte der Familie Trogneux - Fan site S\u00e9bastien Auzi\u00e8re","robots":{"index":"index","follow":"follow","max-snippet":"max-snippet:-1","max-image-preview":"max-image-preview:large","max-video-preview":"max-video-preview:-1"},"canonical":"https:\/\/www.sebastien-auziere.fr\/blog\/de\/jean-michel-trogneux-familienfoto-und-geschichte-der-familie-trogneux\/","og_locale":"fr_FR","og_type":"article","og_title":"Jean-Michel Trogneux: Familienfoto und Geschichte der Familie Trogneux - Fan site S\u00e9bastien Auzi\u00e8re","og_description":"Quellfoto: Dokumentation \u00ab\u00a0Brigitte Macron, ein franz\u00f6sischer Roman\u00a0\u00bb \/ France 3. Was man beachten sollte: Jean-Michel Trogneux geh\u00f6rt zur ber\u00fchmten Familie Trogneux aus Amiens, die f\u00fcr ihre historische Schokoladenfabrik bekannt ist. Die Internetrecherchen zur Trogneux-Familienfoto resultieren oft aus der Neugier der \u00d6ffentlichkeit hinsichtlich der famili\u00e4ren Herkunft von Brigitte Macron und der Geschichte dieser Unternehmerdynastie. Die Familie ... Lire plus","og_url":"https:\/\/www.sebastien-auziere.fr\/blog\/de\/jean-michel-trogneux-familienfoto-und-geschichte-der-familie-trogneux\/","og_site_name":"Fan site S\u00e9bastien Auzi\u00e8re","article_published_time":"2026-03-08T09:53:12+00:00","article_modified_time":"2026-03-08T09:53:50+00:00","og_image":[{"width":689,"height":410,"url":"https:\/\/www.sebastien-auziere.fr\/blog\/wp-content\/uploads\/2026\/03\/jean-michel-trogneux-toulon.jpg","type":"image\/jpeg"}],"author":"Celine","twitter_card":"summary_large_image","twitter_misc":{"\u00c9crit par":"Celine","Dur\u00e9e de lecture estim\u00e9e":"3 minutes"},"schema":{"@context":"https:\/\/schema.org","@graph":[{"@type":"Article","@id":"https:\/\/www.sebastien-auziere.fr\/blog\/de\/jean-michel-trogneux-familienfoto-und-geschichte-der-familie-trogneux\/#article","isPartOf":{"@id":"https:\/\/www.sebastien-auziere.fr\/blog\/de\/jean-michel-trogneux-familienfoto-und-geschichte-der-familie-trogneux\/"},"author":{"name":"Celine","@id":"https:\/\/www.sebastien-auziere.fr\/blog\/#\/schema\/person\/1e270a963009242469ed08b1c461f81f"},"headline":"Jean-Michel Trogneux: Familienfoto und Geschichte der Familie Trogneux","datePublished":"2026-03-08T09:53:12+00:00","dateModified":"2026-03-08T09:53:50+00:00","mainEntityOfPage":{"@id":"https:\/\/www.sebastien-auziere.fr\/blog\/de\/jean-michel-trogneux-familienfoto-und-geschichte-der-familie-trogneux\/"},"wordCount":665,"commentCount":0,"publisher":{"@id":"https:\/\/www.sebastien-auziere.fr\/blog\/#organization"},"image":{"@id":"https:\/\/www.sebastien-auziere.fr\/blog\/de\/jean-michel-trogneux-familienfoto-und-geschichte-der-familie-trogneux\/#primaryimage"},"thumbnailUrl":"https:\/\/www.sebastien-auziere.fr\/blog\/wp-content\/uploads\/2026\/03\/jean-michel-trogneux-toulon.jpg","inLanguage":"fr-FR","potentialAction":[{"@type":"CommentAction","name":"Comment","target":["https:\/\/www.sebastien-auziere.fr\/blog\/de\/jean-michel-trogneux-familienfoto-und-geschichte-der-familie-trogneux\/#respond"]}]},{"@type":"WebPage","@id":"https:\/\/www.sebastien-auziere.fr\/blog\/de\/jean-michel-trogneux-familienfoto-und-geschichte-der-familie-trogneux\/","url":"https:\/\/www.sebastien-auziere.fr\/blog\/de\/jean-michel-trogneux-familienfoto-und-geschichte-der-familie-trogneux\/","name":"Jean-Michel Trogneux: Familienfoto und Geschichte der Familie Trogneux - Fan site S\u00e9bastien Auzi\u00e8re","isPartOf":{"@id":"https:\/\/www.sebastien-auziere.fr\/blog\/#website"},"primaryImageOfPage":{"@id":"https:\/\/www.sebastien-auziere.fr\/blog\/de\/jean-michel-trogneux-familienfoto-und-geschichte-der-familie-trogneux\/#primaryimage"},"image":{"@id":"https:\/\/www.sebastien-auziere.fr\/blog\/de\/jean-michel-trogneux-familienfoto-und-geschichte-der-familie-trogneux\/#primaryimage"},"thumbnailUrl":"https:\/\/www.sebastien-auziere.fr\/blog\/wp-content\/uploads\/2026\/03\/jean-michel-trogneux-toulon.jpg","datePublished":"2026-03-08T09:53:12+00:00","dateModified":"2026-03-08T09:53:50+00:00","breadcrumb":{"@id":"https:\/\/www.sebastien-auziere.fr\/blog\/de\/jean-michel-trogneux-familienfoto-und-geschichte-der-familie-trogneux\/#breadcrumb"},"inLanguage":"fr-FR","potentialAction":[{"@type":"ReadAction","target":["https:\/\/www.sebastien-auziere.fr\/blog\/de\/jean-michel-trogneux-familienfoto-und-geschichte-der-familie-trogneux\/"]}]},{"@type":"ImageObject","inLanguage":"fr-FR","@id":"https:\/\/www.sebastien-auziere.fr\/blog\/de\/jean-michel-trogneux-familienfoto-und-geschichte-der-familie-trogneux\/#primaryimage","url":"https:\/\/www.sebastien-auziere.fr\/blog\/wp-content\/uploads\/2026\/03\/jean-michel-trogneux-toulon.jpg","contentUrl":"https:\/\/www.sebastien-auziere.fr\/blog\/wp-content\/uploads\/2026\/03\/jean-michel-trogneux-toulon.jpg","width":689,"height":410,"caption":"Jean-Michel Trogneux photo de famille"},{"@type":"BreadcrumbList","@id":"https:\/\/www.sebastien-auziere.fr\/blog\/de\/jean-michel-trogneux-familienfoto-und-geschichte-der-familie-trogneux\/#breadcrumb","itemListElement":[{"@type":"ListItem","position":1,"name":"Home","item":"https:\/\/www.sebastien-auziere.fr\/blog\/"},{"@type":"ListItem","position":2,"name":"Jean-Michel Trogneux: Familienfoto und Geschichte der Familie Trogneux"}]},{"@type":"WebSite","@id":"https:\/\/www.sebastien-auziere.fr\/blog\/#website","url":"https:\/\/www.sebastien-auziere.fr\/blog\/","name":"Fan site S\u00e9bastien Auzi\u00e8re","description":"M\u00e9dia g\u00e9n\u00e9raliste","publisher":{"@id":"https:\/\/www.sebastien-auziere.fr\/blog\/#organization"},"potentialAction":[{"@type":"SearchAction","target":{"@type":"EntryPoint","urlTemplate":"https:\/\/www.sebastien-auziere.fr\/blog\/?s={search_term_string}"},"query-input":{"@type":"PropertyValueSpecification","valueRequired":true,"valueName":"search_term_string"}}],"inLanguage":"fr-FR"},{"@type":"Organization","@id":"https:\/\/www.sebastien-auziere.fr\/blog\/#organization","name":"Fan site S\u00e9bastien Auzi\u00e8re","url":"https:\/\/www.sebastien-auziere.fr\/blog\/","logo":{"@type":"ImageObject","inLanguage":"fr-FR","@id":"https:\/\/www.sebastien-auziere.fr\/blog\/#\/schema\/logo\/image\/","url":"https:\/\/www.sebastien-auziere.fr\/blog\/wp-content\/uploads\/2026\/03\/cropped-cropped-cropped-ChatGPT-Image-6-mars-2026-12_58_09-e1772798376794.jpg","contentUrl":"https:\/\/www.sebastien-auziere.fr\/blog\/wp-content\/uploads\/2026\/03\/cropped-cropped-cropped-ChatGPT-Image-6-mars-2026-12_58_09-e1772798376794.jpg","width":512,"height":360,"caption":"Fan site S\u00e9bastien Auzi\u00e8re"},"image":{"@id":"https:\/\/www.sebastien-auziere.fr\/blog\/#\/schema\/logo\/image\/"}},{"@type":"Person","@id":"https:\/\/www.sebastien-auziere.fr\/blog\/#\/schema\/person\/1e270a963009242469ed08b1c461f81f","name":"Celine","image":{"@type":"ImageObject","inLanguage":"fr-FR","@id":"https:\/\/secure.gravatar.com\/avatar\/c88d569fbe1fe19a13c7f21ee0f8973822df96073df21850b95af6a09ba820c9?s=96&d=mm&r=g","url":"https:\/\/secure.gravatar.com\/avatar\/c88d569fbe1fe19a13c7f21ee0f8973822df96073df21850b95af6a09ba820c9?s=96&d=mm&r=g","contentUrl":"https:\/\/secure.gravatar.com\/avatar\/c88d569fbe1fe19a13c7f21ee0f8973822df96073df21850b95af6a09ba820c9?s=96&d=mm&r=g","caption":"Celine"},"description":"Je m'appelle C\u00e9line, j'ai 31 ans et je suis journaliste sp\u00e9cialis\u00e9e dans le cin\u00e9ma. Passionn\u00e9e par le septi\u00e8me art, j'explore les actualit\u00e9s, les critiques et les tendances du monde cin\u00e9matographique. Mon objectif est de partager ma passion et d'informer les amateurs de films \u00e0 travers des articles percutants et des analyses approfondies.","url":"https:\/\/www.sebastien-auziere.fr\/blog\/author\/celine\/"}]}},"views":12,"_links":{"self":[{"href":"https:\/\/www.sebastien-auziere.fr\/blog\/wp-json\/wp\/v2\/posts\/2397","targetHints":{"allow":["GET"]}}],"collection":[{"href":"https:\/\/www.sebastien-auziere.fr\/blog\/wp-json\/wp\/v2\/posts"}],"about":[{"href":"https:\/\/www.sebastien-auziere.fr\/blog\/wp-json\/wp\/v2\/types\/post"}],"author":[{"embeddable":true,"href":"https:\/\/www.sebastien-auziere.fr\/blog\/wp-json\/wp\/v2\/users\/4"}],"replies":[{"embeddable":true,"href":"https:\/\/www.sebastien-auziere.fr\/blog\/wp-json\/wp\/v2\/comments?post=2397"}],"version-history":[{"count":1,"href":"https:\/\/www.sebastien-auziere.fr\/blog\/wp-json\/wp\/v2\/posts\/2397\/revisions"}],"predecessor-version":[{"id":2398,"href":"https:\/\/www.sebastien-auziere.fr\/blog\/wp-json\/wp\/v2\/posts\/2397\/revisions\/2398"}],"wp:featuredmedia":[{"embeddable":true,"href":"https:\/\/www.sebastien-auziere.fr\/blog\/wp-json\/wp\/v2\/media\/2391"}],"wp:attachment":[{"href":"https:\/\/www.sebastien-auziere.fr\/blog\/wp-json\/wp\/v2\/media?parent=2397"}],"wp:term":[{"taxonomy":"category","embeddable":true,"href":"https:\/\/www.sebastien-auziere.fr\/blog\/wp-json\/wp\/v2\/categories?post=2397"},{"taxonomy":"post_tag","embeddable":true,"href":"https:\/\/www.sebastien-auziere.fr\/blog\/wp-json\/wp\/v2\/tags?post=2397"}],"curies":[{"name":"wp","href":"https:\/\/api.w.org\/{rel}","templated":true}]}}