{"id":2395,"date":"2026-03-08T09:52:28","date_gmt":"2026-03-08T09:52:28","guid":{"rendered":"https:\/\/www.sebastien-auziere.fr\/blog\/?p=2395"},"modified":"2026-03-08T09:53:01","modified_gmt":"2026-03-08T09:53:01","slug":"jean-michel-trogneux-foto-de-familia-e-historia-de-la-familia-trogneux","status":"publish","type":"post","link":"https:\/\/www.sebastien-auziere.fr\/blog\/es\/jean-michel-trogneux-foto-de-familia-e-historia-de-la-familia-trogneux\/","title":{"rendered":"Jean-Michel Trogneux: foto de familia e historia de la familia Trogneux"},"content":{"rendered":"\n<p>Foto de origen: Documental \u00ab\u00a0Brigitte Macron, una novela francesa\u00a0\u00bb \/ France 3.<\/p>\n\n\n<p style=\"padding:24px;background:lightblue\">\nLo que hay que recordar: <strong>Jean-Michel Trogneux<\/strong> pertenece a la famosa familia Trogneux de Amiens, conocida por su hist\u00f3rica chocolater\u00eda. Las b\u00fasquedas en Internet sobre la <strong>foto de familia Trogneux<\/strong> provienen a menudo de la curiosidad del p\u00fablico por los or\u00edgenes familiares de Brigitte Macron y la historia de esta dinast\u00eda de emprendedores.\n<\/p>\n<p>\nLa familia Trogneux es una familia bien conocida en la ciudad de Amiens. Con la medi\u00e1tica de Brigitte Macron, muchos internautas buscan hoy en d\u00eda informaci\u00f3n sobre <strong>Jean-Michel Trogneux<\/strong> o sobre una posible <strong>foto de familia Trogneux<\/strong>. En este art\u00edculo, descubrir\u00e1s <strong>qui\u00e9n es Jean-Michel Trogneux, la historia de la familia y por qu\u00e9 estas fotos familiares suscitan tanto inter\u00e9s<\/strong>.\n<\/p>\n<ol>\n<li><a href=\"#famille-trogneux\">La familia Trogneux de Amiens<\/a><\/li>\n<li><a href=\"#jean-michel-trogneux\">\u00bfQui\u00e9n es Jean-Michel Trogneux?<\/a><\/li>\n<li><a href=\"#photo-famille\">Las fotos de familia Trogneux<\/a><\/li>\n<li><a href=\"#chocolaterie\">La famosa chocolater\u00eda Trogneux<\/a><\/li>\n<\/ol>\n<h2 id=\"famille-trogneux\">La familia Trogneux de Amiens<\/h2>\n<p>\nLa familia Trogneux es una familia de emprendedores establecida en Amiens desde hace varias generaciones. Es conocida por su empresa de chocolater\u00eda artesanal.\n<\/p>\n<h3>Una dinast\u00eda de emprendedores<\/h3>\n<p>\nDesde el siglo XIX, la casa Trogneux fabrica especialidades dulces, incluidos los famosos <strong>macarons de Amiens<\/strong>.\n<\/p>\n<ul>\n<li>Empresa familiar fundada en el siglo XIX<\/li>\n<li>Especialidad: macarons de Amiens<\/li>\n<li>Reputaci\u00f3n hist\u00f3rica en la regi\u00f3n<\/li>\n<\/ul>\n<p>\nEsta notoriedad explica por qu\u00e9 la familia atrae hoy en d\u00eda la atenci\u00f3n del gran p\u00fablico.\n<\/p>\n<h2 id=\"jean-michel-trogneux\">\u00bfQui\u00e9n es Jean-Michel Trogneux?<\/h2>\n<p>\nJean-Michel Trogneux forma parte de esta gran familia ami\u00e9noise. Pertenece a la fraternidad de la familia Trogneux, de la que es originaria <strong>Brigitte Macron<\/strong>.\n<\/p>\n<h3>Un miembro de la familia Trogneux<\/h3>\n<p>\nAl igual que otros miembros de la familia, est\u00e1 asociado a la historia familiar y a la empresa de chocolater\u00eda que ha hecho famosa la marca Trogneux.\n<\/p>\n<p>\nSin embargo, la mayor\u00eda de los miembros de la familia siempre han llevado una vida relativamente discreta a pesar de la atenci\u00f3n medi\u00e1tica.\n<\/p>\n<h2 id=\"photo-famille\">Las fotos de familia Trogneux<\/h2>\n<p>\nLas investigaciones sobre una <strong>foto de familia Trogneux<\/strong> a menudo provienen del inter\u00e9s por los or\u00edgenes familiares de Brigitte Macron.\n<\/p>\n<h3>Im\u00e1genes raramente p\u00fablicas<\/h3>\n<p>\nLa mayor\u00eda de las fotos de familia permanecen privadas y no se difunden ampliamente en los medios.\n<\/p>\n<p>\nAlgunas im\u00e1genes de archivo aparecen a veces en reportajes o art\u00edculos dedicados a la historia de la familia.\n<\/p>\n<ul>\n<li>Fotos familiares antiguas<\/li>\n<li>Archivos relacionados con la empresa familiar<\/li>\n<li>Im\u00e1genes de eventos familiares<\/li>\n<\/ul>\n<h2 id=\"chocolaterie\">La famosa chocolater\u00eda Trogneux<\/h2>\n<p>\nLa empresa familiar sigue siendo hoy uno de los s\u00edmbolos de la familia Trogneux.\n<\/p>\n<h3>Una especialidad de Amiens<\/h3>\n<p>\nLa casa Trogneux contin\u00faa produciendo los famosos macarons de Amiens y otras especialidades dulces reconocidas en toda Francia.\n<\/p>\n<p>\nEsta empresa contribuye a mantener el v\u00ednculo entre la familia y la ciudad de Amiens.\n<\/p>\n<div style=\"overflow:auto;max-width:100%\">\n<table>\n<tbody>\n<tr>\n<th>Elemento<\/th>\n<th>Informaci\u00f3n<\/th>\n<th>Importancia<\/th>\n<\/tr>\n<tr>\n<td>Familia<\/td>\n<td>Trogneux<\/td>\n<td>Familia de emprendedores<\/td>\n<\/tr>\n<tr>\n<td>Ciudad<\/td>\n<td>Amiens<\/td>\n<td>Or\u00edgenes familiares<\/td>\n<\/tr>\n<tr>\n<td>Actividad<\/td>\n<td>Chocolater\u00eda y macarons<\/td>\n<td>Empresa hist\u00f3rica<\/td>\n<\/tr>\n<tr>\n<td>Fotos familiares<\/td>\n<td>Archivos privados<\/td>\n<td>Inter\u00e9s medi\u00e1tico<\/td>\n<\/tr>\n<\/tbody>\n<\/table>\n<\/div>\n<p>\nLa familia Trogneux sigue siendo hoy un elemento importante de la historia de Amiens y suscita un inter\u00e9s creciente desde la llegada de Brigitte Macron al escenario pol\u00edtico franc\u00e9s.\n<\/p>\n<h2>FAQ<\/h2>\n<h3>\u00bfQui\u00e9n es Jean-Michel Trogneux?<\/h3>\n<p>\nJean-Michel Trogneux es un miembro de la familia Trogneux, la familia de origen de Brigitte Macron.\n<\/p>\n<h3>\u00bfPor qu\u00e9 los internautas buscan una foto de familia Trogneux?<\/h3>\n<p>\nPorque la familia Trogneux est\u00e1 vinculada a Brigitte Macron y tiene una historia familiar conocida en Amiens.\n<\/p>\n<h3>\u00bfQu\u00e9 empresa posee la familia Trogneux?<\/h3>\n<p>\nLa familia es conocida por su chocolater\u00eda y la fabricaci\u00f3n de los macarons de Amiens.\n<\/p>\n<h3>\u00bfLas fotos de familia Trogneux son p\u00fablicas?<\/h3>\n<p>\nLa mayor\u00eda de las fotos familiares permanecen privadas y no se difunden ampliamente.\n<\/p>\n<p><br \/>\n[<br \/>\n{<br \/>\n\u00ab\u00a0@context\u00a0\u00bb:\u00a0\u00bbhttps:\/\/schema.org\u00a0\u00bb,<br \/>\n\u00ab\u00a0@type\u00a0\u00bb:\u00a0\u00bbArticle\u00a0\u00bb,<br \/>\n\u00ab\u00a0headline\u00a0\u00bb:\u00a0\u00bbJean-Michel Trogneux: foto de familia e historia de la familia Trogneux\u00a0\u00bb,<br \/>\n\u00ab\u00a0description\u00a0\u00bb:\u00a0\u00bbDescubre la historia de Jean-Michel Trogneux y de la familia Trogneux de Amiens, conocida por su chocolater\u00eda y sus macarons.\u00a0\u00bb,<br \/>\n\u00ab\u00a0inLanguage\u00a0\u00bb:\u00a0\u00bbfr\u00a0\u00bb,<br \/>\n\u00ab\u00a0articleSection\u00a0\u00bb:\u00a0\u00bbbiograf\u00eda\u00a0\u00bb,<br \/>\n\u00ab\u00a0abstract\u00a0\u00bb:\u00a0\u00bbLa familia Trogneux de Amiens es conocida por su empresa de chocolater\u00eda y su v\u00ednculo con Brigitte Macron.\u00a0\u00bb<br \/>\n},<br \/>\n{<br \/>\n\u00ab\u00a0@context\u00a0\u00bb:\u00a0\u00bbhttps:\/\/schema.org\u00a0\u00bb,<br \/>\n\u00ab\u00a0@type\u00a0\u00bb:\u00a0\u00bbFAQPage\u00a0\u00bb,<br \/>\n\u00ab\u00a0mainEntity\u00a0\u00bb:[<br \/>\n{<br \/>\n\u00ab\u00a0@type\u00a0\u00bb:\u00a0\u00bbQuestion\u00a0\u00bb,<br \/>\n\u00ab\u00a0name\u00a0\u00bb:\u00a0\u00bb\u00bfQui\u00e9n es Jean-Michel Trogneux?\u00a0\u00bb,<br \/>\n\u00ab\u00a0acceptedAnswer\u00a0\u00bb:{<br \/>\n\u00ab\u00a0@type\u00a0\u00bb:\u00a0\u00bbAnswer\u00a0\u00bb,<br \/>\n\u00ab\u00a0text\u00a0\u00bb:\u00a0\u00bbJean-Michel Trogneux pertenece a la familia Trogneux de Amiens, conocida por su chocolater\u00eda.\u00a0\u00bb<br \/>\n}<br \/>\n},<br \/>\n{<br \/>\n\u00ab\u00a0@type\u00a0\u00bb:\u00a0\u00bbQuestion\u00a0\u00bb,<br \/>\n\u00ab\u00a0name\u00a0\u00bb:\u00a0\u00bb\u00bfPor qu\u00e9 se habla de la foto de familia Trogneux?\u00a0\u00bb,<br \/>\n\u00ab\u00a0acceptedAnswer\u00a0\u00bb:{<br \/>\n\u00ab\u00a0@type\u00a0\u00bb:\u00a0\u00bbAnswer\u00a0\u00bb,<br \/>\n\u00ab\u00a0text\u00a0\u00bb:\u00a0\u00bbLos internautas est\u00e1n interesados en los or\u00edgenes familiares de Brigitte Macron y en la historia de la familia Trogneux.\u00a0\u00bb<br \/>\n}<br \/>\n}<br \/>\n]<br \/>\n}<br \/>\n]<br \/>\n<\/p>","protected":false},"excerpt":{"rendered":"<p>Foto de origen: Documental \u00ab\u00a0Brigitte Macron, una novela francesa\u00a0\u00bb \/ France 3. Lo que hay que recordar: Jean-Michel Trogneux pertenece a la famosa familia Trogneux de Amiens, conocida por su hist\u00f3rica chocolater\u00eda. Las b\u00fasquedas en Internet sobre la foto de familia Trogneux provienen a menudo de la curiosidad del p\u00fablico por los or\u00edgenes familiares de &#8230; <a title=\"Jean-Michel Trogneux: foto de familia e historia de la familia Trogneux\" class=\"read-more\" href=\"https:\/\/www.sebastien-auziere.fr\/blog\/es\/jean-michel-trogneux-foto-de-familia-e-historia-de-la-familia-trogneux\/\" aria-label=\"En savoir plus sur Jean-Michel Trogneux: foto de familia e historia de la familia Trogneux\">Lire plus<\/a><\/p>\n","protected":false},"author":4,"featured_media":2391,"comment_status":"open","ping_status":"open","sticky":false,"template":"","format":"standard","meta":{"footnotes":""},"categories":[602],"tags":[],"class_list":["post-2395","post","type-post","status-publish","format-standard","has-post-thumbnail","hentry","category-tendencia"],"yoast_head":"<!-- This site is optimized with the Yoast SEO plugin v27.5 - https:\/\/yoast.com\/product\/yoast-seo-wordpress\/ -->\n<title>Jean-Michel Trogneux: foto de familia e historia de la familia Trogneux - Fan site S\u00e9bastien Auzi\u00e8re<\/title>\n<meta name=\"robots\" content=\"index, follow, max-snippet:-1, max-image-preview:large, max-video-preview:-1\" \/>\n<link rel=\"canonical\" href=\"https:\/\/www.sebastien-auziere.fr\/blog\/es\/jean-michel-trogneux-foto-de-familia-e-historia-de-la-familia-trogneux\/\" \/>\n<meta property=\"og:locale\" content=\"fr_FR\" \/>\n<meta property=\"og:type\" content=\"article\" \/>\n<meta property=\"og:title\" content=\"Jean-Michel Trogneux: foto de familia e historia de la familia Trogneux - Fan site S\u00e9bastien Auzi\u00e8re\" \/>\n<meta property=\"og:description\" content=\"Foto de origen: Documental \u00ab\u00a0Brigitte Macron, una novela francesa\u00a0\u00bb \/ France 3. Lo que hay que recordar: Jean-Michel Trogneux pertenece a la famosa familia Trogneux de Amiens, conocida por su hist\u00f3rica chocolater\u00eda. Las b\u00fasquedas en Internet sobre la foto de familia Trogneux provienen a menudo de la curiosidad del p\u00fablico por los or\u00edgenes familiares de ... Lire plus\" \/>\n<meta property=\"og:url\" content=\"https:\/\/www.sebastien-auziere.fr\/blog\/es\/jean-michel-trogneux-foto-de-familia-e-historia-de-la-familia-trogneux\/\" \/>\n<meta property=\"og:site_name\" content=\"Fan site S\u00e9bastien Auzi\u00e8re\" \/>\n<meta property=\"article:published_time\" content=\"2026-03-08T09:52:28+00:00\" \/>\n<meta property=\"article:modified_time\" content=\"2026-03-08T09:53:01+00:00\" \/>\n<meta property=\"og:image\" content=\"https:\/\/www.sebastien-auziere.fr\/blog\/wp-content\/uploads\/2026\/03\/jean-michel-trogneux-toulon.jpg\" \/>\n\t<meta property=\"og:image:width\" content=\"689\" \/>\n\t<meta property=\"og:image:height\" content=\"410\" \/>\n\t<meta property=\"og:image:type\" content=\"image\/jpeg\" \/>\n<meta name=\"author\" content=\"Celine\" \/>\n<meta name=\"twitter:card\" content=\"summary_large_image\" \/>\n<meta name=\"twitter:label1\" content=\"\u00c9crit par\" \/>\n\t<meta name=\"twitter:data1\" content=\"Celine\" \/>\n\t<meta name=\"twitter:label2\" content=\"Dur\u00e9e de lecture estim\u00e9e\" \/>\n\t<meta name=\"twitter:data2\" content=\"4 minutes\" \/>\n<script type=\"application\/ld+json\" class=\"yoast-schema-graph\">{\"@context\":\"https:\\\/\\\/schema.org\",\"@graph\":[{\"@type\":\"Article\",\"@id\":\"https:\\\/\\\/www.sebastien-auziere.fr\\\/blog\\\/es\\\/jean-michel-trogneux-foto-de-familia-e-historia-de-la-familia-trogneux\\\/#article\",\"isPartOf\":{\"@id\":\"https:\\\/\\\/www.sebastien-auziere.fr\\\/blog\\\/es\\\/jean-michel-trogneux-foto-de-familia-e-historia-de-la-familia-trogneux\\\/\"},\"author\":{\"name\":\"Celine\",\"@id\":\"https:\\\/\\\/www.sebastien-auziere.fr\\\/blog\\\/#\\\/schema\\\/person\\\/1e270a963009242469ed08b1c461f81f\"},\"headline\":\"Jean-Michel Trogneux: foto de familia e historia de la familia Trogneux\",\"datePublished\":\"2026-03-08T09:52:28+00:00\",\"dateModified\":\"2026-03-08T09:53:01+00:00\",\"mainEntityOfPage\":{\"@id\":\"https:\\\/\\\/www.sebastien-auziere.fr\\\/blog\\\/es\\\/jean-michel-trogneux-foto-de-familia-e-historia-de-la-familia-trogneux\\\/\"},\"wordCount\":780,\"commentCount\":0,\"publisher\":{\"@id\":\"https:\\\/\\\/www.sebastien-auziere.fr\\\/blog\\\/#organization\"},\"image\":{\"@id\":\"https:\\\/\\\/www.sebastien-auziere.fr\\\/blog\\\/es\\\/jean-michel-trogneux-foto-de-familia-e-historia-de-la-familia-trogneux\\\/#primaryimage\"},\"thumbnailUrl\":\"https:\\\/\\\/www.sebastien-auziere.fr\\\/blog\\\/wp-content\\\/uploads\\\/2026\\\/03\\\/jean-michel-trogneux-toulon.jpg\",\"articleSection\":[\"Tendencia\"],\"inLanguage\":\"fr-FR\",\"potentialAction\":[{\"@type\":\"CommentAction\",\"name\":\"Comment\",\"target\":[\"https:\\\/\\\/www.sebastien-auziere.fr\\\/blog\\\/es\\\/jean-michel-trogneux-foto-de-familia-e-historia-de-la-familia-trogneux\\\/#respond\"]}]},{\"@type\":\"WebPage\",\"@id\":\"https:\\\/\\\/www.sebastien-auziere.fr\\\/blog\\\/es\\\/jean-michel-trogneux-foto-de-familia-e-historia-de-la-familia-trogneux\\\/\",\"url\":\"https:\\\/\\\/www.sebastien-auziere.fr\\\/blog\\\/es\\\/jean-michel-trogneux-foto-de-familia-e-historia-de-la-familia-trogneux\\\/\",\"name\":\"Jean-Michel Trogneux: foto de familia e historia de la familia Trogneux - Fan site S\u00e9bastien Auzi\u00e8re\",\"isPartOf\":{\"@id\":\"https:\\\/\\\/www.sebastien-auziere.fr\\\/blog\\\/#website\"},\"primaryImageOfPage\":{\"@id\":\"https:\\\/\\\/www.sebastien-auziere.fr\\\/blog\\\/es\\\/jean-michel-trogneux-foto-de-familia-e-historia-de-la-familia-trogneux\\\/#primaryimage\"},\"image\":{\"@id\":\"https:\\\/\\\/www.sebastien-auziere.fr\\\/blog\\\/es\\\/jean-michel-trogneux-foto-de-familia-e-historia-de-la-familia-trogneux\\\/#primaryimage\"},\"thumbnailUrl\":\"https:\\\/\\\/www.sebastien-auziere.fr\\\/blog\\\/wp-content\\\/uploads\\\/2026\\\/03\\\/jean-michel-trogneux-toulon.jpg\",\"datePublished\":\"2026-03-08T09:52:28+00:00\",\"dateModified\":\"2026-03-08T09:53:01+00:00\",\"breadcrumb\":{\"@id\":\"https:\\\/\\\/www.sebastien-auziere.fr\\\/blog\\\/es\\\/jean-michel-trogneux-foto-de-familia-e-historia-de-la-familia-trogneux\\\/#breadcrumb\"},\"inLanguage\":\"fr-FR\",\"potentialAction\":[{\"@type\":\"ReadAction\",\"target\":[\"https:\\\/\\\/www.sebastien-auziere.fr\\\/blog\\\/es\\\/jean-michel-trogneux-foto-de-familia-e-historia-de-la-familia-trogneux\\\/\"]}]},{\"@type\":\"ImageObject\",\"inLanguage\":\"fr-FR\",\"@id\":\"https:\\\/\\\/www.sebastien-auziere.fr\\\/blog\\\/es\\\/jean-michel-trogneux-foto-de-familia-e-historia-de-la-familia-trogneux\\\/#primaryimage\",\"url\":\"https:\\\/\\\/www.sebastien-auziere.fr\\\/blog\\\/wp-content\\\/uploads\\\/2026\\\/03\\\/jean-michel-trogneux-toulon.jpg\",\"contentUrl\":\"https:\\\/\\\/www.sebastien-auziere.fr\\\/blog\\\/wp-content\\\/uploads\\\/2026\\\/03\\\/jean-michel-trogneux-toulon.jpg\",\"width\":689,\"height\":410,\"caption\":\"Jean-Michel Trogneux photo de famille\"},{\"@type\":\"BreadcrumbList\",\"@id\":\"https:\\\/\\\/www.sebastien-auziere.fr\\\/blog\\\/es\\\/jean-michel-trogneux-foto-de-familia-e-historia-de-la-familia-trogneux\\\/#breadcrumb\",\"itemListElement\":[{\"@type\":\"ListItem\",\"position\":1,\"name\":\"Home\",\"item\":\"https:\\\/\\\/www.sebastien-auziere.fr\\\/blog\\\/\"},{\"@type\":\"ListItem\",\"position\":2,\"name\":\"Jean-Michel Trogneux: foto de familia e historia de la familia Trogneux\"}]},{\"@type\":\"WebSite\",\"@id\":\"https:\\\/\\\/www.sebastien-auziere.fr\\\/blog\\\/#website\",\"url\":\"https:\\\/\\\/www.sebastien-auziere.fr\\\/blog\\\/\",\"name\":\"Fan site S\u00e9bastien Auzi\u00e8re\",\"description\":\"M\u00e9dia g\u00e9n\u00e9raliste\",\"publisher\":{\"@id\":\"https:\\\/\\\/www.sebastien-auziere.fr\\\/blog\\\/#organization\"},\"potentialAction\":[{\"@type\":\"SearchAction\",\"target\":{\"@type\":\"EntryPoint\",\"urlTemplate\":\"https:\\\/\\\/www.sebastien-auziere.fr\\\/blog\\\/?s={search_term_string}\"},\"query-input\":{\"@type\":\"PropertyValueSpecification\",\"valueRequired\":true,\"valueName\":\"search_term_string\"}}],\"inLanguage\":\"fr-FR\"},{\"@type\":\"Organization\",\"@id\":\"https:\\\/\\\/www.sebastien-auziere.fr\\\/blog\\\/#organization\",\"name\":\"Fan site S\u00e9bastien Auzi\u00e8re\",\"url\":\"https:\\\/\\\/www.sebastien-auziere.fr\\\/blog\\\/\",\"logo\":{\"@type\":\"ImageObject\",\"inLanguage\":\"fr-FR\",\"@id\":\"https:\\\/\\\/www.sebastien-auziere.fr\\\/blog\\\/#\\\/schema\\\/logo\\\/image\\\/\",\"url\":\"https:\\\/\\\/www.sebastien-auziere.fr\\\/blog\\\/wp-content\\\/uploads\\\/2026\\\/03\\\/cropped-cropped-cropped-ChatGPT-Image-6-mars-2026-12_58_09-e1772798376794.jpg\",\"contentUrl\":\"https:\\\/\\\/www.sebastien-auziere.fr\\\/blog\\\/wp-content\\\/uploads\\\/2026\\\/03\\\/cropped-cropped-cropped-ChatGPT-Image-6-mars-2026-12_58_09-e1772798376794.jpg\",\"width\":512,\"height\":360,\"caption\":\"Fan site S\u00e9bastien Auzi\u00e8re\"},\"image\":{\"@id\":\"https:\\\/\\\/www.sebastien-auziere.fr\\\/blog\\\/#\\\/schema\\\/logo\\\/image\\\/\"}},{\"@type\":\"Person\",\"@id\":\"https:\\\/\\\/www.sebastien-auziere.fr\\\/blog\\\/#\\\/schema\\\/person\\\/1e270a963009242469ed08b1c461f81f\",\"name\":\"Celine\",\"image\":{\"@type\":\"ImageObject\",\"inLanguage\":\"fr-FR\",\"@id\":\"https:\\\/\\\/secure.gravatar.com\\\/avatar\\\/c88d569fbe1fe19a13c7f21ee0f8973822df96073df21850b95af6a09ba820c9?s=96&d=mm&r=g\",\"url\":\"https:\\\/\\\/secure.gravatar.com\\\/avatar\\\/c88d569fbe1fe19a13c7f21ee0f8973822df96073df21850b95af6a09ba820c9?s=96&d=mm&r=g\",\"contentUrl\":\"https:\\\/\\\/secure.gravatar.com\\\/avatar\\\/c88d569fbe1fe19a13c7f21ee0f8973822df96073df21850b95af6a09ba820c9?s=96&d=mm&r=g\",\"caption\":\"Celine\"},\"description\":\"Je m'appelle C\u00e9line, j'ai 31 ans et je suis journaliste sp\u00e9cialis\u00e9e dans le cin\u00e9ma. Passionn\u00e9e par le septi\u00e8me art, j'explore les actualit\u00e9s, les critiques et les tendances du monde cin\u00e9matographique. Mon objectif est de partager ma passion et d'informer les amateurs de films \u00e0 travers des articles percutants et des analyses approfondies.\",\"url\":\"https:\\\/\\\/www.sebastien-auziere.fr\\\/blog\\\/author\\\/celine\\\/\"}]}<\/script>\n<!-- \/ Yoast SEO plugin. -->","yoast_head_json":{"title":"Jean-Michel Trogneux: foto de familia e historia de la familia Trogneux - Fan site S\u00e9bastien Auzi\u00e8re","robots":{"index":"index","follow":"follow","max-snippet":"max-snippet:-1","max-image-preview":"max-image-preview:large","max-video-preview":"max-video-preview:-1"},"canonical":"https:\/\/www.sebastien-auziere.fr\/blog\/es\/jean-michel-trogneux-foto-de-familia-e-historia-de-la-familia-trogneux\/","og_locale":"fr_FR","og_type":"article","og_title":"Jean-Michel Trogneux: foto de familia e historia de la familia Trogneux - Fan site S\u00e9bastien Auzi\u00e8re","og_description":"Foto de origen: Documental \u00ab\u00a0Brigitte Macron, una novela francesa\u00a0\u00bb \/ France 3. Lo que hay que recordar: Jean-Michel Trogneux pertenece a la famosa familia Trogneux de Amiens, conocida por su hist\u00f3rica chocolater\u00eda. Las b\u00fasquedas en Internet sobre la foto de familia Trogneux provienen a menudo de la curiosidad del p\u00fablico por los or\u00edgenes familiares de ... Lire plus","og_url":"https:\/\/www.sebastien-auziere.fr\/blog\/es\/jean-michel-trogneux-foto-de-familia-e-historia-de-la-familia-trogneux\/","og_site_name":"Fan site S\u00e9bastien Auzi\u00e8re","article_published_time":"2026-03-08T09:52:28+00:00","article_modified_time":"2026-03-08T09:53:01+00:00","og_image":[{"width":689,"height":410,"url":"https:\/\/www.sebastien-auziere.fr\/blog\/wp-content\/uploads\/2026\/03\/jean-michel-trogneux-toulon.jpg","type":"image\/jpeg"}],"author":"Celine","twitter_card":"summary_large_image","twitter_misc":{"\u00c9crit par":"Celine","Dur\u00e9e de lecture estim\u00e9e":"4 minutes"},"schema":{"@context":"https:\/\/schema.org","@graph":[{"@type":"Article","@id":"https:\/\/www.sebastien-auziere.fr\/blog\/es\/jean-michel-trogneux-foto-de-familia-e-historia-de-la-familia-trogneux\/#article","isPartOf":{"@id":"https:\/\/www.sebastien-auziere.fr\/blog\/es\/jean-michel-trogneux-foto-de-familia-e-historia-de-la-familia-trogneux\/"},"author":{"name":"Celine","@id":"https:\/\/www.sebastien-auziere.fr\/blog\/#\/schema\/person\/1e270a963009242469ed08b1c461f81f"},"headline":"Jean-Michel Trogneux: foto de familia e historia de la familia Trogneux","datePublished":"2026-03-08T09:52:28+00:00","dateModified":"2026-03-08T09:53:01+00:00","mainEntityOfPage":{"@id":"https:\/\/www.sebastien-auziere.fr\/blog\/es\/jean-michel-trogneux-foto-de-familia-e-historia-de-la-familia-trogneux\/"},"wordCount":780,"commentCount":0,"publisher":{"@id":"https:\/\/www.sebastien-auziere.fr\/blog\/#organization"},"image":{"@id":"https:\/\/www.sebastien-auziere.fr\/blog\/es\/jean-michel-trogneux-foto-de-familia-e-historia-de-la-familia-trogneux\/#primaryimage"},"thumbnailUrl":"https:\/\/www.sebastien-auziere.fr\/blog\/wp-content\/uploads\/2026\/03\/jean-michel-trogneux-toulon.jpg","articleSection":["Tendencia"],"inLanguage":"fr-FR","potentialAction":[{"@type":"CommentAction","name":"Comment","target":["https:\/\/www.sebastien-auziere.fr\/blog\/es\/jean-michel-trogneux-foto-de-familia-e-historia-de-la-familia-trogneux\/#respond"]}]},{"@type":"WebPage","@id":"https:\/\/www.sebastien-auziere.fr\/blog\/es\/jean-michel-trogneux-foto-de-familia-e-historia-de-la-familia-trogneux\/","url":"https:\/\/www.sebastien-auziere.fr\/blog\/es\/jean-michel-trogneux-foto-de-familia-e-historia-de-la-familia-trogneux\/","name":"Jean-Michel Trogneux: foto de familia e historia de la familia Trogneux - Fan site S\u00e9bastien Auzi\u00e8re","isPartOf":{"@id":"https:\/\/www.sebastien-auziere.fr\/blog\/#website"},"primaryImageOfPage":{"@id":"https:\/\/www.sebastien-auziere.fr\/blog\/es\/jean-michel-trogneux-foto-de-familia-e-historia-de-la-familia-trogneux\/#primaryimage"},"image":{"@id":"https:\/\/www.sebastien-auziere.fr\/blog\/es\/jean-michel-trogneux-foto-de-familia-e-historia-de-la-familia-trogneux\/#primaryimage"},"thumbnailUrl":"https:\/\/www.sebastien-auziere.fr\/blog\/wp-content\/uploads\/2026\/03\/jean-michel-trogneux-toulon.jpg","datePublished":"2026-03-08T09:52:28+00:00","dateModified":"2026-03-08T09:53:01+00:00","breadcrumb":{"@id":"https:\/\/www.sebastien-auziere.fr\/blog\/es\/jean-michel-trogneux-foto-de-familia-e-historia-de-la-familia-trogneux\/#breadcrumb"},"inLanguage":"fr-FR","potentialAction":[{"@type":"ReadAction","target":["https:\/\/www.sebastien-auziere.fr\/blog\/es\/jean-michel-trogneux-foto-de-familia-e-historia-de-la-familia-trogneux\/"]}]},{"@type":"ImageObject","inLanguage":"fr-FR","@id":"https:\/\/www.sebastien-auziere.fr\/blog\/es\/jean-michel-trogneux-foto-de-familia-e-historia-de-la-familia-trogneux\/#primaryimage","url":"https:\/\/www.sebastien-auziere.fr\/blog\/wp-content\/uploads\/2026\/03\/jean-michel-trogneux-toulon.jpg","contentUrl":"https:\/\/www.sebastien-auziere.fr\/blog\/wp-content\/uploads\/2026\/03\/jean-michel-trogneux-toulon.jpg","width":689,"height":410,"caption":"Jean-Michel Trogneux photo de famille"},{"@type":"BreadcrumbList","@id":"https:\/\/www.sebastien-auziere.fr\/blog\/es\/jean-michel-trogneux-foto-de-familia-e-historia-de-la-familia-trogneux\/#breadcrumb","itemListElement":[{"@type":"ListItem","position":1,"name":"Home","item":"https:\/\/www.sebastien-auziere.fr\/blog\/"},{"@type":"ListItem","position":2,"name":"Jean-Michel Trogneux: foto de familia e historia de la familia Trogneux"}]},{"@type":"WebSite","@id":"https:\/\/www.sebastien-auziere.fr\/blog\/#website","url":"https:\/\/www.sebastien-auziere.fr\/blog\/","name":"Fan site S\u00e9bastien Auzi\u00e8re","description":"M\u00e9dia g\u00e9n\u00e9raliste","publisher":{"@id":"https:\/\/www.sebastien-auziere.fr\/blog\/#organization"},"potentialAction":[{"@type":"SearchAction","target":{"@type":"EntryPoint","urlTemplate":"https:\/\/www.sebastien-auziere.fr\/blog\/?s={search_term_string}"},"query-input":{"@type":"PropertyValueSpecification","valueRequired":true,"valueName":"search_term_string"}}],"inLanguage":"fr-FR"},{"@type":"Organization","@id":"https:\/\/www.sebastien-auziere.fr\/blog\/#organization","name":"Fan site S\u00e9bastien Auzi\u00e8re","url":"https:\/\/www.sebastien-auziere.fr\/blog\/","logo":{"@type":"ImageObject","inLanguage":"fr-FR","@id":"https:\/\/www.sebastien-auziere.fr\/blog\/#\/schema\/logo\/image\/","url":"https:\/\/www.sebastien-auziere.fr\/blog\/wp-content\/uploads\/2026\/03\/cropped-cropped-cropped-ChatGPT-Image-6-mars-2026-12_58_09-e1772798376794.jpg","contentUrl":"https:\/\/www.sebastien-auziere.fr\/blog\/wp-content\/uploads\/2026\/03\/cropped-cropped-cropped-ChatGPT-Image-6-mars-2026-12_58_09-e1772798376794.jpg","width":512,"height":360,"caption":"Fan site S\u00e9bastien Auzi\u00e8re"},"image":{"@id":"https:\/\/www.sebastien-auziere.fr\/blog\/#\/schema\/logo\/image\/"}},{"@type":"Person","@id":"https:\/\/www.sebastien-auziere.fr\/blog\/#\/schema\/person\/1e270a963009242469ed08b1c461f81f","name":"Celine","image":{"@type":"ImageObject","inLanguage":"fr-FR","@id":"https:\/\/secure.gravatar.com\/avatar\/c88d569fbe1fe19a13c7f21ee0f8973822df96073df21850b95af6a09ba820c9?s=96&d=mm&r=g","url":"https:\/\/secure.gravatar.com\/avatar\/c88d569fbe1fe19a13c7f21ee0f8973822df96073df21850b95af6a09ba820c9?s=96&d=mm&r=g","contentUrl":"https:\/\/secure.gravatar.com\/avatar\/c88d569fbe1fe19a13c7f21ee0f8973822df96073df21850b95af6a09ba820c9?s=96&d=mm&r=g","caption":"Celine"},"description":"Je m'appelle C\u00e9line, j'ai 31 ans et je suis journaliste sp\u00e9cialis\u00e9e dans le cin\u00e9ma. Passionn\u00e9e par le septi\u00e8me art, j'explore les actualit\u00e9s, les critiques et les tendances du monde cin\u00e9matographique. Mon objectif est de partager ma passion et d'informer les amateurs de films \u00e0 travers des articles percutants et des analyses approfondies.","url":"https:\/\/www.sebastien-auziere.fr\/blog\/author\/celine\/"}]}},"views":4,"_links":{"self":[{"href":"https:\/\/www.sebastien-auziere.fr\/blog\/wp-json\/wp\/v2\/posts\/2395","targetHints":{"allow":["GET"]}}],"collection":[{"href":"https:\/\/www.sebastien-auziere.fr\/blog\/wp-json\/wp\/v2\/posts"}],"about":[{"href":"https:\/\/www.sebastien-auziere.fr\/blog\/wp-json\/wp\/v2\/types\/post"}],"author":[{"embeddable":true,"href":"https:\/\/www.sebastien-auziere.fr\/blog\/wp-json\/wp\/v2\/users\/4"}],"replies":[{"embeddable":true,"href":"https:\/\/www.sebastien-auziere.fr\/blog\/wp-json\/wp\/v2\/comments?post=2395"}],"version-history":[{"count":1,"href":"https:\/\/www.sebastien-auziere.fr\/blog\/wp-json\/wp\/v2\/posts\/2395\/revisions"}],"predecessor-version":[{"id":2396,"href":"https:\/\/www.sebastien-auziere.fr\/blog\/wp-json\/wp\/v2\/posts\/2395\/revisions\/2396"}],"wp:featuredmedia":[{"embeddable":true,"href":"https:\/\/www.sebastien-auziere.fr\/blog\/wp-json\/wp\/v2\/media\/2391"}],"wp:attachment":[{"href":"https:\/\/www.sebastien-auziere.fr\/blog\/wp-json\/wp\/v2\/media?parent=2395"}],"wp:term":[{"taxonomy":"category","embeddable":true,"href":"https:\/\/www.sebastien-auziere.fr\/blog\/wp-json\/wp\/v2\/categories?post=2395"},{"taxonomy":"post_tag","embeddable":true,"href":"https:\/\/www.sebastien-auziere.fr\/blog\/wp-json\/wp\/v2\/tags?post=2395"}],"curies":[{"name":"wp","href":"https:\/\/api.w.org\/{rel}","templated":true}]}}