{"id":2393,"date":"2026-03-08T09:51:51","date_gmt":"2026-03-08T09:51:51","guid":{"rendered":"https:\/\/www.sebastien-auziere.fr\/blog\/?p=2393"},"modified":"2026-03-08T09:52:27","modified_gmt":"2026-03-08T09:52:27","slug":"jean-michel-trogneux-family-photo-and-history-of-the-trogneux-family","status":"publish","type":"post","link":"https:\/\/www.sebastien-auziere.fr\/blog\/en\/jean-michel-trogneux-family-photo-and-history-of-the-trogneux-family\/","title":{"rendered":"Jean-Michel Trogneux: family photo and history of the Trogneux family"},"content":{"rendered":"\n<p>Source photo: Documentary \u00ab\u00a0Brigitte Macron, a French novel\u00a0\u00bb \/ France 3.<\/p>\n\n\n<p style=\"padding:24px;background:lightblue\">\nWhat you need to remember: <strong>Jean-Michel Trogneux<\/strong> belongs to the famous Trogneux family of Amiens, known for its historic chocolate shop. Internet searches regarding the <strong>Trogneux family photo<\/strong> often stem from public curiosity about Brigitte Macron&rsquo;s family origins and the history of this dynasty of entrepreneurs.\n<\/p>\n<p>\nThe Trogneux family is a well-known family in the city of Amiens. With the media coverage of Brigitte Macron, many internet users today are seeking information about <strong>Jean-Michel Trogneux<\/strong> or a potential <strong>Trogneux family photo<\/strong>. In this article, you will discover <strong>who Jean-Michel Trogneux is, the history of the family, and why these family photos generate so much interest<\/strong>.\n<\/p>\n<ol>\n<li><a href=\"#famille-trogneux\">The Trogneux family of Amiens<\/a><\/li>\n<li><a href=\"#jean-michel-trogneux\">Who is Jean-Michel Trogneux<\/a><\/li>\n<li><a href=\"#photo-famille\">The Trogneux family photos<\/a><\/li>\n<li><a href=\"#chocolaterie\">The famous Trogneux chocolate shop<\/a><\/li>\n<\/ol>\n<h2 id=\"famille-trogneux\">The Trogneux family of Amiens<\/h2>\n<p>\nThe Trogneux family is a family of entrepreneurs situated in Amiens for several generations. It is notably known for its artisanal chocolate business.\n<\/p>\n<h3>A dynasty of entrepreneurs<\/h3>\n<p>\nSince the 19th century, the Trogneux house has been producing sweet specialties, notably the famous <strong>macarons of Amiens<\/strong>.\n<\/p>\n<ul>\n<li>Family business founded in the 19th century<\/li>\n<li>Specialty: macarons of Amiens<\/li>\n<li>Historic reputation in the region<\/li>\n<\/ul>\n<p>\nThis notoriety explains why the family attracts the attention of the general public today.\n<\/p>\n<h2 id=\"jean-michel-trogneux\">Who is Jean-Michel Trogneux<\/h2>\n<p>\nJean-Michel Trogneux is part of this large Amiens family. He belongs to the sibling group of the Trogneux family, from which <strong>Brigitte Macron<\/strong> originates.\n<\/p>\n<h3>A member of the Trogneux family<\/h3>\n<p>\nLike other family members, he is connected to the family history and the chocolate shop that has established the reputation of the Trogneux name.\n<\/p>\n<p>\nHowever, most family members have always led a relatively discreet life despite the media attention.\n<\/p>\n<h2 id=\"photo-famille\">The Trogneux family photos<\/h2>\n<p>\nResearch regarding a <strong>Trogneux family photo<\/strong> often comes from interest in Brigitte Macron&rsquo;s family origins.\n<\/p>\n<h3>Images rarely public<\/h3>\n<p>\nMost family photos remain private and are not widely circulated in the media.\n<\/p>\n<p>\nSome archival images occasionally appear in reports or articles dedicated to the family&rsquo;s history.\n<\/p>\n<ul>\n<li>Old family photos<\/li>\n<li>Archives related to the family business<\/li>\n<li>Images of family events<\/li>\n<\/ul>\n<h2 id=\"chocolaterie\">The famous Trogneux chocolate shop<\/h2>\n<p>\nThe family business remains today one of the symbols of the Trogneux family.\n<\/p>\n<h3>A specialty of Amiens<\/h3>\n<p>\nThe Trogneux house continues to produce the famous macarons of Amiens and other sweet specialties recognized throughout France.\n<\/p>\n<p>\nThis business helps maintain the link between the family and the city of Amiens.\n<\/p>\n<div style=\"overflow:auto;max-width:100%\">\n<table>\n<tbody>\n<tr>\n<th>Element<\/th>\n<th>Information<\/th>\n<th>Importance<\/th>\n<\/tr>\n<tr>\n<td>Family<\/td>\n<td>Trogneux<\/td>\n<td>Family of entrepreneurs<\/td>\n<\/tr>\n<tr>\n<td>City<\/td>\n<td>Amiens<\/td>\n<td>Family origins<\/td>\n<\/tr>\n<tr>\n<td>Activity<\/td>\n<td>Chocolate shop and macarons<\/td>\n<td>Historic business<\/td>\n<\/tr>\n<tr>\n<td>Family photos<\/td>\n<td>Private archives<\/td>\n<td>Media interest<\/td>\n<\/tr>\n<\/tbody>\n<\/table>\n<\/div>\n<p>\nThe Trogneux family remains an important element of the history of Amiens today and has generated growing interest since Brigitte Macron&rsquo;s arrival on the French political scene.\n<\/p>\n<h2>FAQ<\/h2>\n<h3>Who is Jean-Michel Trogneux?<\/h3>\n<p>\nJean-Michel Trogneux is a member of the Trogneux family, the family of origin of Brigitte Macron.\n<\/p>\n<h3>Why are internet users searching for a Trogneux family photo?<\/h3>\n<p>\nBecause the Trogneux family is related to Brigitte Macron and has a well-known family history in Amiens.\n<\/p>\n<h3>What company does the Trogneux family own?<\/h3>\n<p>\nThe family is known for its chocolate shop and the production of macarons of Amiens.\n<\/p>\n<h3>Are the Trogneux family photos public?<\/h3>\n<p>\nMost family photos remain private and are not widely disseminated.\n<\/p>\n<p><br \/>\n[<br \/>\n{<br \/>\n\u00ab\u00a0@context\u00a0\u00bb:\u00a0\u00bbhttps:\/\/schema.org\u00a0\u00bb,<br \/>\n\u00ab\u00a0@type\u00a0\u00bb:\u00a0\u00bbArticle\u00a0\u00bb,<br \/>\n\u00ab\u00a0headline\u00a0\u00bb:\u00a0\u00bbJean-Michel Trogneux: family photo and history of the Trogneux family\u00a0\u00bb,<br \/>\n\u00ab\u00a0description\u00a0\u00bb:\u00a0\u00bbDiscover the story of Jean-Michel Trogneux and the Trogneux family of Amiens, known for its chocolate shop and its macarons.\u00a0\u00bb,<br \/>\n\u00ab\u00a0inLanguage\u00a0\u00bb:\u00a0\u00bben\u00a0\u00bb,<br \/>\n\u00ab\u00a0articleSection\u00a0\u00bb:\u00a0\u00bbbiography\u00a0\u00bb,<br \/>\n\u00ab\u00a0abstract\u00a0\u00bb:\u00a0\u00bbThe Trogneux family of Amiens is known for its chocolate business and its link with Brigitte Macron.\u00a0\u00bb<br \/>\n},<br \/>\n{<br \/>\n\u00ab\u00a0@context\u00a0\u00bb:\u00a0\u00bbhttps:\/\/schema.org\u00a0\u00bb,<br \/>\n\u00ab\u00a0@type\u00a0\u00bb:\u00a0\u00bbFAQPage\u00a0\u00bb,<br \/>\n\u00ab\u00a0mainEntity\u00a0\u00bb:[<br \/>\n{<br \/>\n\u00ab\u00a0@type\u00a0\u00bb:\u00a0\u00bbQuestion\u00a0\u00bb,<br \/>\n\u00ab\u00a0name\u00a0\u00bb:\u00a0\u00bbWho is Jean-Michel Trogneux?\u00a0\u00bb,<br \/>\n\u00ab\u00a0acceptedAnswer\u00a0\u00bb:{<br \/>\n\u00ab\u00a0@type\u00a0\u00bb:\u00a0\u00bbAnswer\u00a0\u00bb,<br \/>\n\u00ab\u00a0text\u00a0\u00bb:\u00a0\u00bbJean-Michel Trogneux belongs to the Trogneux family of Amiens, known for its chocolate shop.\u00a0\u00bb<br \/>\n}<br \/>\n},<br \/>\n{<br \/>\n\u00ab\u00a0@type\u00a0\u00bb:\u00a0\u00bbQuestion\u00a0\u00bb,<br \/>\n\u00ab\u00a0name\u00a0\u00bb:\u00a0\u00bbWhy is there talk of a Trogneux family photo?\u00a0\u00bb,<br \/>\n\u00ab\u00a0acceptedAnswer\u00a0\u00bb:{<br \/>\n\u00ab\u00a0@type\u00a0\u00bb:\u00a0\u00bbAnswer\u00a0\u00bb,<br \/>\n\u00ab\u00a0text\u00a0\u00bb:\u00a0\u00bbInternet users are interested in the family origins of Brigitte Macron and the history of the Trogneux family.\u00a0\u00bb<br \/>\n}<br \/>\n}<br \/>\n]<br \/>\n}<br \/>\n]<\/br>\n<\/p>","protected":false},"excerpt":{"rendered":"<p>Source photo: Documentary \u00ab\u00a0Brigitte Macron, a French novel\u00a0\u00bb \/ France 3. What you need to remember: Jean-Michel Trogneux belongs to the famous Trogneux family of Amiens, known for its historic chocolate shop. Internet searches regarding the Trogneux family photo often stem from public curiosity about Brigitte Macron&rsquo;s family origins and the history of this dynasty &#8230; <a title=\"Jean-Michel Trogneux: family photo and history of the Trogneux family\" class=\"read-more\" href=\"https:\/\/www.sebastien-auziere.fr\/blog\/en\/jean-michel-trogneux-family-photo-and-history-of-the-trogneux-family\/\" aria-label=\"En savoir plus sur Jean-Michel Trogneux: family photo and history of the Trogneux family\">Lire plus<\/a><\/p>\n","protected":false},"author":4,"featured_media":2391,"comment_status":"open","ping_status":"open","sticky":false,"template":"","format":"standard","meta":{"footnotes":""},"categories":[829],"tags":[],"class_list":["post-2393","post","type-post","status-publish","format-standard","has-post-thumbnail","hentry","category-tendency"],"yoast_head":"<!-- This site is optimized with the Yoast SEO plugin v27.5 - https:\/\/yoast.com\/product\/yoast-seo-wordpress\/ -->\n<title>Jean-Michel Trogneux: family photo and history of the Trogneux family - Fan site S\u00e9bastien Auzi\u00e8re<\/title>\n<meta name=\"robots\" content=\"index, follow, max-snippet:-1, max-image-preview:large, max-video-preview:-1\" \/>\n<link rel=\"canonical\" href=\"https:\/\/www.sebastien-auziere.fr\/blog\/en\/jean-michel-trogneux-family-photo-and-history-of-the-trogneux-family\/\" \/>\n<meta property=\"og:locale\" content=\"fr_FR\" \/>\n<meta property=\"og:type\" content=\"article\" \/>\n<meta property=\"og:title\" content=\"Jean-Michel Trogneux: family photo and history of the Trogneux family - Fan site S\u00e9bastien Auzi\u00e8re\" \/>\n<meta property=\"og:description\" content=\"Source photo: Documentary \u00ab\u00a0Brigitte Macron, a French novel\u00a0\u00bb \/ France 3. What you need to remember: Jean-Michel Trogneux belongs to the famous Trogneux family of Amiens, known for its historic chocolate shop. Internet searches regarding the Trogneux family photo often stem from public curiosity about Brigitte Macron&rsquo;s family origins and the history of this dynasty ... Lire plus\" \/>\n<meta property=\"og:url\" content=\"https:\/\/www.sebastien-auziere.fr\/blog\/en\/jean-michel-trogneux-family-photo-and-history-of-the-trogneux-family\/\" \/>\n<meta property=\"og:site_name\" content=\"Fan site S\u00e9bastien Auzi\u00e8re\" \/>\n<meta property=\"article:published_time\" content=\"2026-03-08T09:51:51+00:00\" \/>\n<meta property=\"article:modified_time\" content=\"2026-03-08T09:52:27+00:00\" \/>\n<meta property=\"og:image\" content=\"https:\/\/www.sebastien-auziere.fr\/blog\/wp-content\/uploads\/2026\/03\/jean-michel-trogneux-toulon.jpg\" \/>\n\t<meta property=\"og:image:width\" content=\"689\" \/>\n\t<meta property=\"og:image:height\" content=\"410\" \/>\n\t<meta property=\"og:image:type\" content=\"image\/jpeg\" \/>\n<meta name=\"author\" content=\"Celine\" \/>\n<meta name=\"twitter:card\" content=\"summary_large_image\" \/>\n<meta name=\"twitter:label1\" content=\"\u00c9crit par\" \/>\n\t<meta name=\"twitter:data1\" content=\"Celine\" \/>\n\t<meta name=\"twitter:label2\" content=\"Dur\u00e9e de lecture estim\u00e9e\" \/>\n\t<meta name=\"twitter:data2\" content=\"3 minutes\" \/>\n<script type=\"application\/ld+json\" class=\"yoast-schema-graph\">{\"@context\":\"https:\\\/\\\/schema.org\",\"@graph\":[{\"@type\":\"Article\",\"@id\":\"https:\\\/\\\/www.sebastien-auziere.fr\\\/blog\\\/en\\\/jean-michel-trogneux-family-photo-and-history-of-the-trogneux-family\\\/#article\",\"isPartOf\":{\"@id\":\"https:\\\/\\\/www.sebastien-auziere.fr\\\/blog\\\/en\\\/jean-michel-trogneux-family-photo-and-history-of-the-trogneux-family\\\/\"},\"author\":{\"name\":\"Celine\",\"@id\":\"https:\\\/\\\/www.sebastien-auziere.fr\\\/blog\\\/#\\\/schema\\\/person\\\/1e270a963009242469ed08b1c461f81f\"},\"headline\":\"Jean-Michel Trogneux: family photo and history of the Trogneux family\",\"datePublished\":\"2026-03-08T09:51:51+00:00\",\"dateModified\":\"2026-03-08T09:52:27+00:00\",\"mainEntityOfPage\":{\"@id\":\"https:\\\/\\\/www.sebastien-auziere.fr\\\/blog\\\/en\\\/jean-michel-trogneux-family-photo-and-history-of-the-trogneux-family\\\/\"},\"wordCount\":675,\"commentCount\":0,\"publisher\":{\"@id\":\"https:\\\/\\\/www.sebastien-auziere.fr\\\/blog\\\/#organization\"},\"image\":{\"@id\":\"https:\\\/\\\/www.sebastien-auziere.fr\\\/blog\\\/en\\\/jean-michel-trogneux-family-photo-and-history-of-the-trogneux-family\\\/#primaryimage\"},\"thumbnailUrl\":\"https:\\\/\\\/www.sebastien-auziere.fr\\\/blog\\\/wp-content\\\/uploads\\\/2026\\\/03\\\/jean-michel-trogneux-toulon.jpg\",\"articleSection\":[\"Tendency\"],\"inLanguage\":\"fr-FR\",\"potentialAction\":[{\"@type\":\"CommentAction\",\"name\":\"Comment\",\"target\":[\"https:\\\/\\\/www.sebastien-auziere.fr\\\/blog\\\/en\\\/jean-michel-trogneux-family-photo-and-history-of-the-trogneux-family\\\/#respond\"]}]},{\"@type\":\"WebPage\",\"@id\":\"https:\\\/\\\/www.sebastien-auziere.fr\\\/blog\\\/en\\\/jean-michel-trogneux-family-photo-and-history-of-the-trogneux-family\\\/\",\"url\":\"https:\\\/\\\/www.sebastien-auziere.fr\\\/blog\\\/en\\\/jean-michel-trogneux-family-photo-and-history-of-the-trogneux-family\\\/\",\"name\":\"Jean-Michel Trogneux: family photo and history of the Trogneux family - Fan site S\u00e9bastien Auzi\u00e8re\",\"isPartOf\":{\"@id\":\"https:\\\/\\\/www.sebastien-auziere.fr\\\/blog\\\/#website\"},\"primaryImageOfPage\":{\"@id\":\"https:\\\/\\\/www.sebastien-auziere.fr\\\/blog\\\/en\\\/jean-michel-trogneux-family-photo-and-history-of-the-trogneux-family\\\/#primaryimage\"},\"image\":{\"@id\":\"https:\\\/\\\/www.sebastien-auziere.fr\\\/blog\\\/en\\\/jean-michel-trogneux-family-photo-and-history-of-the-trogneux-family\\\/#primaryimage\"},\"thumbnailUrl\":\"https:\\\/\\\/www.sebastien-auziere.fr\\\/blog\\\/wp-content\\\/uploads\\\/2026\\\/03\\\/jean-michel-trogneux-toulon.jpg\",\"datePublished\":\"2026-03-08T09:51:51+00:00\",\"dateModified\":\"2026-03-08T09:52:27+00:00\",\"breadcrumb\":{\"@id\":\"https:\\\/\\\/www.sebastien-auziere.fr\\\/blog\\\/en\\\/jean-michel-trogneux-family-photo-and-history-of-the-trogneux-family\\\/#breadcrumb\"},\"inLanguage\":\"fr-FR\",\"potentialAction\":[{\"@type\":\"ReadAction\",\"target\":[\"https:\\\/\\\/www.sebastien-auziere.fr\\\/blog\\\/en\\\/jean-michel-trogneux-family-photo-and-history-of-the-trogneux-family\\\/\"]}]},{\"@type\":\"ImageObject\",\"inLanguage\":\"fr-FR\",\"@id\":\"https:\\\/\\\/www.sebastien-auziere.fr\\\/blog\\\/en\\\/jean-michel-trogneux-family-photo-and-history-of-the-trogneux-family\\\/#primaryimage\",\"url\":\"https:\\\/\\\/www.sebastien-auziere.fr\\\/blog\\\/wp-content\\\/uploads\\\/2026\\\/03\\\/jean-michel-trogneux-toulon.jpg\",\"contentUrl\":\"https:\\\/\\\/www.sebastien-auziere.fr\\\/blog\\\/wp-content\\\/uploads\\\/2026\\\/03\\\/jean-michel-trogneux-toulon.jpg\",\"width\":689,\"height\":410,\"caption\":\"Jean-Michel Trogneux photo de famille\"},{\"@type\":\"BreadcrumbList\",\"@id\":\"https:\\\/\\\/www.sebastien-auziere.fr\\\/blog\\\/en\\\/jean-michel-trogneux-family-photo-and-history-of-the-trogneux-family\\\/#breadcrumb\",\"itemListElement\":[{\"@type\":\"ListItem\",\"position\":1,\"name\":\"Home\",\"item\":\"https:\\\/\\\/www.sebastien-auziere.fr\\\/blog\\\/\"},{\"@type\":\"ListItem\",\"position\":2,\"name\":\"Jean-Michel Trogneux: family photo and history of the Trogneux family\"}]},{\"@type\":\"WebSite\",\"@id\":\"https:\\\/\\\/www.sebastien-auziere.fr\\\/blog\\\/#website\",\"url\":\"https:\\\/\\\/www.sebastien-auziere.fr\\\/blog\\\/\",\"name\":\"Fan site S\u00e9bastien Auzi\u00e8re\",\"description\":\"M\u00e9dia g\u00e9n\u00e9raliste\",\"publisher\":{\"@id\":\"https:\\\/\\\/www.sebastien-auziere.fr\\\/blog\\\/#organization\"},\"potentialAction\":[{\"@type\":\"SearchAction\",\"target\":{\"@type\":\"EntryPoint\",\"urlTemplate\":\"https:\\\/\\\/www.sebastien-auziere.fr\\\/blog\\\/?s={search_term_string}\"},\"query-input\":{\"@type\":\"PropertyValueSpecification\",\"valueRequired\":true,\"valueName\":\"search_term_string\"}}],\"inLanguage\":\"fr-FR\"},{\"@type\":\"Organization\",\"@id\":\"https:\\\/\\\/www.sebastien-auziere.fr\\\/blog\\\/#organization\",\"name\":\"Fan site S\u00e9bastien Auzi\u00e8re\",\"url\":\"https:\\\/\\\/www.sebastien-auziere.fr\\\/blog\\\/\",\"logo\":{\"@type\":\"ImageObject\",\"inLanguage\":\"fr-FR\",\"@id\":\"https:\\\/\\\/www.sebastien-auziere.fr\\\/blog\\\/#\\\/schema\\\/logo\\\/image\\\/\",\"url\":\"https:\\\/\\\/www.sebastien-auziere.fr\\\/blog\\\/wp-content\\\/uploads\\\/2026\\\/03\\\/cropped-cropped-cropped-ChatGPT-Image-6-mars-2026-12_58_09-e1772798376794.jpg\",\"contentUrl\":\"https:\\\/\\\/www.sebastien-auziere.fr\\\/blog\\\/wp-content\\\/uploads\\\/2026\\\/03\\\/cropped-cropped-cropped-ChatGPT-Image-6-mars-2026-12_58_09-e1772798376794.jpg\",\"width\":512,\"height\":360,\"caption\":\"Fan site S\u00e9bastien Auzi\u00e8re\"},\"image\":{\"@id\":\"https:\\\/\\\/www.sebastien-auziere.fr\\\/blog\\\/#\\\/schema\\\/logo\\\/image\\\/\"}},{\"@type\":\"Person\",\"@id\":\"https:\\\/\\\/www.sebastien-auziere.fr\\\/blog\\\/#\\\/schema\\\/person\\\/1e270a963009242469ed08b1c461f81f\",\"name\":\"Celine\",\"image\":{\"@type\":\"ImageObject\",\"inLanguage\":\"fr-FR\",\"@id\":\"https:\\\/\\\/secure.gravatar.com\\\/avatar\\\/c88d569fbe1fe19a13c7f21ee0f8973822df96073df21850b95af6a09ba820c9?s=96&d=mm&r=g\",\"url\":\"https:\\\/\\\/secure.gravatar.com\\\/avatar\\\/c88d569fbe1fe19a13c7f21ee0f8973822df96073df21850b95af6a09ba820c9?s=96&d=mm&r=g\",\"contentUrl\":\"https:\\\/\\\/secure.gravatar.com\\\/avatar\\\/c88d569fbe1fe19a13c7f21ee0f8973822df96073df21850b95af6a09ba820c9?s=96&d=mm&r=g\",\"caption\":\"Celine\"},\"description\":\"Je m'appelle C\u00e9line, j'ai 31 ans et je suis journaliste sp\u00e9cialis\u00e9e dans le cin\u00e9ma. Passionn\u00e9e par le septi\u00e8me art, j'explore les actualit\u00e9s, les critiques et les tendances du monde cin\u00e9matographique. Mon objectif est de partager ma passion et d'informer les amateurs de films \u00e0 travers des articles percutants et des analyses approfondies.\",\"url\":\"https:\\\/\\\/www.sebastien-auziere.fr\\\/blog\\\/author\\\/celine\\\/\"}]}<\/script>\n<!-- \/ Yoast SEO plugin. -->","yoast_head_json":{"title":"Jean-Michel Trogneux: family photo and history of the Trogneux family - Fan site S\u00e9bastien Auzi\u00e8re","robots":{"index":"index","follow":"follow","max-snippet":"max-snippet:-1","max-image-preview":"max-image-preview:large","max-video-preview":"max-video-preview:-1"},"canonical":"https:\/\/www.sebastien-auziere.fr\/blog\/en\/jean-michel-trogneux-family-photo-and-history-of-the-trogneux-family\/","og_locale":"fr_FR","og_type":"article","og_title":"Jean-Michel Trogneux: family photo and history of the Trogneux family - Fan site S\u00e9bastien Auzi\u00e8re","og_description":"Source photo: Documentary \u00ab\u00a0Brigitte Macron, a French novel\u00a0\u00bb \/ France 3. What you need to remember: Jean-Michel Trogneux belongs to the famous Trogneux family of Amiens, known for its historic chocolate shop. Internet searches regarding the Trogneux family photo often stem from public curiosity about Brigitte Macron&rsquo;s family origins and the history of this dynasty ... Lire plus","og_url":"https:\/\/www.sebastien-auziere.fr\/blog\/en\/jean-michel-trogneux-family-photo-and-history-of-the-trogneux-family\/","og_site_name":"Fan site S\u00e9bastien Auzi\u00e8re","article_published_time":"2026-03-08T09:51:51+00:00","article_modified_time":"2026-03-08T09:52:27+00:00","og_image":[{"width":689,"height":410,"url":"https:\/\/www.sebastien-auziere.fr\/blog\/wp-content\/uploads\/2026\/03\/jean-michel-trogneux-toulon.jpg","type":"image\/jpeg"}],"author":"Celine","twitter_card":"summary_large_image","twitter_misc":{"\u00c9crit par":"Celine","Dur\u00e9e de lecture estim\u00e9e":"3 minutes"},"schema":{"@context":"https:\/\/schema.org","@graph":[{"@type":"Article","@id":"https:\/\/www.sebastien-auziere.fr\/blog\/en\/jean-michel-trogneux-family-photo-and-history-of-the-trogneux-family\/#article","isPartOf":{"@id":"https:\/\/www.sebastien-auziere.fr\/blog\/en\/jean-michel-trogneux-family-photo-and-history-of-the-trogneux-family\/"},"author":{"name":"Celine","@id":"https:\/\/www.sebastien-auziere.fr\/blog\/#\/schema\/person\/1e270a963009242469ed08b1c461f81f"},"headline":"Jean-Michel Trogneux: family photo and history of the Trogneux family","datePublished":"2026-03-08T09:51:51+00:00","dateModified":"2026-03-08T09:52:27+00:00","mainEntityOfPage":{"@id":"https:\/\/www.sebastien-auziere.fr\/blog\/en\/jean-michel-trogneux-family-photo-and-history-of-the-trogneux-family\/"},"wordCount":675,"commentCount":0,"publisher":{"@id":"https:\/\/www.sebastien-auziere.fr\/blog\/#organization"},"image":{"@id":"https:\/\/www.sebastien-auziere.fr\/blog\/en\/jean-michel-trogneux-family-photo-and-history-of-the-trogneux-family\/#primaryimage"},"thumbnailUrl":"https:\/\/www.sebastien-auziere.fr\/blog\/wp-content\/uploads\/2026\/03\/jean-michel-trogneux-toulon.jpg","articleSection":["Tendency"],"inLanguage":"fr-FR","potentialAction":[{"@type":"CommentAction","name":"Comment","target":["https:\/\/www.sebastien-auziere.fr\/blog\/en\/jean-michel-trogneux-family-photo-and-history-of-the-trogneux-family\/#respond"]}]},{"@type":"WebPage","@id":"https:\/\/www.sebastien-auziere.fr\/blog\/en\/jean-michel-trogneux-family-photo-and-history-of-the-trogneux-family\/","url":"https:\/\/www.sebastien-auziere.fr\/blog\/en\/jean-michel-trogneux-family-photo-and-history-of-the-trogneux-family\/","name":"Jean-Michel Trogneux: family photo and history of the Trogneux family - Fan site S\u00e9bastien Auzi\u00e8re","isPartOf":{"@id":"https:\/\/www.sebastien-auziere.fr\/blog\/#website"},"primaryImageOfPage":{"@id":"https:\/\/www.sebastien-auziere.fr\/blog\/en\/jean-michel-trogneux-family-photo-and-history-of-the-trogneux-family\/#primaryimage"},"image":{"@id":"https:\/\/www.sebastien-auziere.fr\/blog\/en\/jean-michel-trogneux-family-photo-and-history-of-the-trogneux-family\/#primaryimage"},"thumbnailUrl":"https:\/\/www.sebastien-auziere.fr\/blog\/wp-content\/uploads\/2026\/03\/jean-michel-trogneux-toulon.jpg","datePublished":"2026-03-08T09:51:51+00:00","dateModified":"2026-03-08T09:52:27+00:00","breadcrumb":{"@id":"https:\/\/www.sebastien-auziere.fr\/blog\/en\/jean-michel-trogneux-family-photo-and-history-of-the-trogneux-family\/#breadcrumb"},"inLanguage":"fr-FR","potentialAction":[{"@type":"ReadAction","target":["https:\/\/www.sebastien-auziere.fr\/blog\/en\/jean-michel-trogneux-family-photo-and-history-of-the-trogneux-family\/"]}]},{"@type":"ImageObject","inLanguage":"fr-FR","@id":"https:\/\/www.sebastien-auziere.fr\/blog\/en\/jean-michel-trogneux-family-photo-and-history-of-the-trogneux-family\/#primaryimage","url":"https:\/\/www.sebastien-auziere.fr\/blog\/wp-content\/uploads\/2026\/03\/jean-michel-trogneux-toulon.jpg","contentUrl":"https:\/\/www.sebastien-auziere.fr\/blog\/wp-content\/uploads\/2026\/03\/jean-michel-trogneux-toulon.jpg","width":689,"height":410,"caption":"Jean-Michel Trogneux photo de famille"},{"@type":"BreadcrumbList","@id":"https:\/\/www.sebastien-auziere.fr\/blog\/en\/jean-michel-trogneux-family-photo-and-history-of-the-trogneux-family\/#breadcrumb","itemListElement":[{"@type":"ListItem","position":1,"name":"Home","item":"https:\/\/www.sebastien-auziere.fr\/blog\/"},{"@type":"ListItem","position":2,"name":"Jean-Michel Trogneux: family photo and history of the Trogneux family"}]},{"@type":"WebSite","@id":"https:\/\/www.sebastien-auziere.fr\/blog\/#website","url":"https:\/\/www.sebastien-auziere.fr\/blog\/","name":"Fan site S\u00e9bastien Auzi\u00e8re","description":"M\u00e9dia g\u00e9n\u00e9raliste","publisher":{"@id":"https:\/\/www.sebastien-auziere.fr\/blog\/#organization"},"potentialAction":[{"@type":"SearchAction","target":{"@type":"EntryPoint","urlTemplate":"https:\/\/www.sebastien-auziere.fr\/blog\/?s={search_term_string}"},"query-input":{"@type":"PropertyValueSpecification","valueRequired":true,"valueName":"search_term_string"}}],"inLanguage":"fr-FR"},{"@type":"Organization","@id":"https:\/\/www.sebastien-auziere.fr\/blog\/#organization","name":"Fan site S\u00e9bastien Auzi\u00e8re","url":"https:\/\/www.sebastien-auziere.fr\/blog\/","logo":{"@type":"ImageObject","inLanguage":"fr-FR","@id":"https:\/\/www.sebastien-auziere.fr\/blog\/#\/schema\/logo\/image\/","url":"https:\/\/www.sebastien-auziere.fr\/blog\/wp-content\/uploads\/2026\/03\/cropped-cropped-cropped-ChatGPT-Image-6-mars-2026-12_58_09-e1772798376794.jpg","contentUrl":"https:\/\/www.sebastien-auziere.fr\/blog\/wp-content\/uploads\/2026\/03\/cropped-cropped-cropped-ChatGPT-Image-6-mars-2026-12_58_09-e1772798376794.jpg","width":512,"height":360,"caption":"Fan site S\u00e9bastien Auzi\u00e8re"},"image":{"@id":"https:\/\/www.sebastien-auziere.fr\/blog\/#\/schema\/logo\/image\/"}},{"@type":"Person","@id":"https:\/\/www.sebastien-auziere.fr\/blog\/#\/schema\/person\/1e270a963009242469ed08b1c461f81f","name":"Celine","image":{"@type":"ImageObject","inLanguage":"fr-FR","@id":"https:\/\/secure.gravatar.com\/avatar\/c88d569fbe1fe19a13c7f21ee0f8973822df96073df21850b95af6a09ba820c9?s=96&d=mm&r=g","url":"https:\/\/secure.gravatar.com\/avatar\/c88d569fbe1fe19a13c7f21ee0f8973822df96073df21850b95af6a09ba820c9?s=96&d=mm&r=g","contentUrl":"https:\/\/secure.gravatar.com\/avatar\/c88d569fbe1fe19a13c7f21ee0f8973822df96073df21850b95af6a09ba820c9?s=96&d=mm&r=g","caption":"Celine"},"description":"Je m'appelle C\u00e9line, j'ai 31 ans et je suis journaliste sp\u00e9cialis\u00e9e dans le cin\u00e9ma. Passionn\u00e9e par le septi\u00e8me art, j'explore les actualit\u00e9s, les critiques et les tendances du monde cin\u00e9matographique. Mon objectif est de partager ma passion et d'informer les amateurs de films \u00e0 travers des articles percutants et des analyses approfondies.","url":"https:\/\/www.sebastien-auziere.fr\/blog\/author\/celine\/"}]}},"views":32,"_links":{"self":[{"href":"https:\/\/www.sebastien-auziere.fr\/blog\/wp-json\/wp\/v2\/posts\/2393","targetHints":{"allow":["GET"]}}],"collection":[{"href":"https:\/\/www.sebastien-auziere.fr\/blog\/wp-json\/wp\/v2\/posts"}],"about":[{"href":"https:\/\/www.sebastien-auziere.fr\/blog\/wp-json\/wp\/v2\/types\/post"}],"author":[{"embeddable":true,"href":"https:\/\/www.sebastien-auziere.fr\/blog\/wp-json\/wp\/v2\/users\/4"}],"replies":[{"embeddable":true,"href":"https:\/\/www.sebastien-auziere.fr\/blog\/wp-json\/wp\/v2\/comments?post=2393"}],"version-history":[{"count":1,"href":"https:\/\/www.sebastien-auziere.fr\/blog\/wp-json\/wp\/v2\/posts\/2393\/revisions"}],"predecessor-version":[{"id":2394,"href":"https:\/\/www.sebastien-auziere.fr\/blog\/wp-json\/wp\/v2\/posts\/2393\/revisions\/2394"}],"wp:featuredmedia":[{"embeddable":true,"href":"https:\/\/www.sebastien-auziere.fr\/blog\/wp-json\/wp\/v2\/media\/2391"}],"wp:attachment":[{"href":"https:\/\/www.sebastien-auziere.fr\/blog\/wp-json\/wp\/v2\/media?parent=2393"}],"wp:term":[{"taxonomy":"category","embeddable":true,"href":"https:\/\/www.sebastien-auziere.fr\/blog\/wp-json\/wp\/v2\/categories?post=2393"},{"taxonomy":"post_tag","embeddable":true,"href":"https:\/\/www.sebastien-auziere.fr\/blog\/wp-json\/wp\/v2\/tags?post=2393"}],"curies":[{"name":"wp","href":"https:\/\/api.w.org\/{rel}","templated":true}]}}