{"id":2380,"date":"2026-03-07T17:23:53","date_gmt":"2026-03-07T17:23:53","guid":{"rendered":"https:\/\/www.sebastien-auziere.fr\/blog\/?p=2380"},"modified":"2026-03-18T10:38:33","modified_gmt":"2026-03-18T10:38:33","slug":"brigitte-macron-jovem-como-ela-era-aos-20-anos","status":"publish","type":"post","link":"https:\/\/www.sebastien-auziere.fr\/blog\/pt\/brigitte-macron-jovem-como-ela-era-aos-20-anos\/","title":{"rendered":"Brigitte Macron jovem: como ela era aos 20 anos?"},"content":{"rendered":"\n<p>Imagem gerada por intelig\u00eancia artificial, ilustra\u00e7\u00e3o n\u00e3o real.<\/p>\n\n\n\n<p>O essencial: <strong>Brigitte Macron, nascida Trogneux em 13 de abril de 1953 em Amiens<\/strong>, tinha 20 anos em 1973. Nessa idade, ela havia acabado de obter seu diploma de Ensino M\u00e9dio com distin\u00e7\u00e3o e iniciava uma p\u00f3s-gradua\u00e7\u00e3o em letras cl\u00e1ssicas. As <strong>fotos de Brigitte Macron jovem s\u00e3o raras<\/strong>: algumas imagens de arquivo relacionadas \u00e0 sua comunh\u00e3o, \u00e0 sua vida estudantil e aos seus primeiros anos como professora circulam na m\u00eddia, mas nenhuma s\u00e9rie oficial jamais foi publicada. As imagens dispon\u00edveis mostram uma jovem <strong>com sorriso confiante, de apar\u00eancia elegante e discreta<\/strong>, caracter\u00edstica do estilo dos anos 1970 em Amiens.<\/p>\n\n\n\n<p>Quem era Brigitte Macron antes do \u00c9lys\u00e9e, antes de Emmanuel Macron, antes mesmo de ser conhecida pelo grande p\u00fablico? A curiosidade em torno de suas fotos de juventude \u00e9 imensa \u2014 e as imagens aut\u00eanticas, estas, continuam raras. Este artigo re\u00fane tudo o que se sabe sobre sua juventude aos 20 anos: seu ambiente familiar, sua escolaridade, seu estilo da \u00e9poca, seus estudos, seu primeiro casamento e algumas fotos que testemunham esse per\u00edodo.<\/p>\n\n\n\n<ol class=\"wp-block-list\">\n<li><a href=\"#brigitte-trogneux-20-ans\">Brigitte Trogneux aos 20 anos: o contexto<\/a><\/li>\n\n\n\n<li><a href=\"#photos-disponibles\">As fotos de Brigitte Macron jovem: o que realmente existe<\/a><\/li>\n\n\n\n<li><a href=\"#enfance-amiens\">Inf\u00e2ncia em Amiens e fam\u00edlia Trogneux<\/a><\/li>\n\n\n\n<li><a href=\"#scolarite-sacre-coeur\">Educa\u00e7\u00e3o no Sacr\u00e9-C\u0153ur: entre rigor e paix\u00e3o pelas letras<\/a><\/li>\n\n\n\n<li><a href=\"#etudes-litteraires\">Estudos em letras e disserta\u00e7\u00e3o sobre amor cort\u00eas<\/a><\/li>\n\n\n\n<li><a href=\"#style-jeunesse\">Seu estilo nos anos 1970: eleg\u00e2ncia discreta<\/a><\/li>\n\n\n\n<li><a href=\"#premier-mariage-auziere\">O primeiro casamento com Andr\u00e9-Louis Auzi\u00e8re (1974)<\/a><\/li>\n\n\n\n<li><a href=\"#carriere-enseignante\">De assessora de imprensa a professora de letras<\/a><\/li>\n\n\n\n<li><a href=\"#rencontre-emmanuel-macron\">O encontro com Emmanuel Macron em 1992<\/a><\/li>\n<\/ol>\n\n\n\n<h2 class=\"wp-block-heading\" id=\"brigitte-trogneux-20-ans\">Brigitte Trogneux aos 20 anos: o contexto<\/h2>\n\n\n\n<p>Em 1973, Brigitte Trogneux tem 20 anos. Ela ainda vive em Amiens, sua cidade natal, no seio da fam\u00edlia de uma das fam\u00edlias burguesas mais conhecidas da cidade. <strong>Ela acaba de obter seu diploma de Ensino M\u00e9dio com distin\u00e7\u00e3o<\/strong>, conquistado em 1972 no col\u00e9gio Sacr\u00e9-C\u0153ur de Amiens, aos 19 anos. Ela se prepara para iniciar estudos superiores em letras cl\u00e1ssicas, disciplina na qual se tornar\u00e1 t\u00e3o apaixonada que dedicar\u00e1 sua disserta\u00e7\u00e3o de fim de curso ao \u201camor cort\u00eas\u201d.<\/p>\n\n\n\n<p>A Fran\u00e7a de 1973 est\u00e1 em plena transforma\u00e7\u00e3o social: os c\u00f3digos de vestu\u00e1rio se tornam mais flex\u00edveis, as mulheres t\u00eam acesso em massa \u00e0 universidade, e as grandes fam\u00edlias de prov\u00edncia, como os Trogneux, permanecem enraizadas em valores ao mesmo tempo tradicionais e cultos. \u00c9 nesse contexto que se forma a personalidade da futura Primeira Dama.<\/p>\n\n\n\n<h2 class=\"wp-block-heading\" id=\"photos-disponibles\">As fotos de Brigitte Macron jovem: o que realmente existe<\/h2>\n\n\n\n<p>A raridade das fotos de Brigitte Macron jovem \u00e9 uma das primeiras coisas que se nota ao pesquisar. <strong>Entre seus 15 e 40 anos, as imagens aut\u00eanticas s\u00e3o muito poucas<\/strong>, se n\u00e3o praticamente inexistentes no espa\u00e7o p\u00fablico. Nenhuma s\u00e9rie oficial, nenhum \u00e1lbum publicado por ela ou por seu c\u00edrculo abrange esse per\u00edodo.<\/p>\n\n\n\n<h3 class=\"wp-block-heading\">As fotos conhecidas e verificadas<\/h3>\n\n\n\n<ul class=\"wp-block-list\">\n<li><strong>Foto de comunh\u00e3o:<\/strong> uma das raras imagens de inf\u00e2ncia autenticadas, frequentemente reproduzida em biografias e reportagens na TV<\/li>\n\n\n\n<li><strong>Fotos de turma no Sacr\u00e9-C\u0153ur:<\/strong> algumas imagens de arquivo escolar circulam em reportagens dedicadas ao seu percurso<\/li>\n\n\n\n<li><strong>Fotos de professora nos anos 1990:<\/strong> imagens que a mostram em sua sala de aula em Amiens, sorrindo para seus alunos, nos primeiros anos de seu trabalho no col\u00e9gio La Providence<\/li>\n\n\n\n<li><strong>Uma rara imagem de beb\u00ea:<\/strong> uma captura de um reportagem da France 3 foi utilizada em v\u00e1rios artigos biogr\u00e1ficos<\/li>\n<\/ul>\n\n\n\n<p>Brigitte Macron nunca divulgou pessoalmente fotos de juventude, <strong>demonstrando uma constante discri\u00e7\u00e3o sobre esse per\u00edodo<\/strong>. Sua filha Tiphaine Auzi\u00e8re confirmou durante o julgamento por cyberass\u00e9dio em outubro de 2025 que sua m\u00e3e deve agora monitorar cada imagem para evitar desvios \u2014 o que torna ainda mais improv\u00e1vel qualquer divulga\u00e7\u00e3o espont\u00e2nea de fotos antigas.<\/p>\n\n\n\n<h3 class=\"wp-block-heading\">Como distinguir as verdadeiras fotos das falsas<\/h3>\n\n\n\n<p>Com a prolifera\u00e7\u00e3o de teorias conspirat\u00f3rias em torno de sua identidade desde 2021, muitas fotos falsas circulam online sob o t\u00edtulo \u00ab\u00a0Brigitte Macron jovem\u00a0\u00bb. Para distinguir o aut\u00eantico do fabricado, algumas refer\u00eancias simples:<\/p>\n\n\n\n<ul class=\"wp-block-list\">\n<li>Verificar a fonte: as fotos cred\u00edveis v\u00eam de meios de comunica\u00e7\u00e3o conhecidos (Paris Match, arquivos FR3, Le Point) ou de biografias publicadas<\/li>\n\n\n\n<li>Realizar uma pesquisa reversa atrav\u00e9s do Google Imagens ou TinEye para encontrar a primeira ocorr\u00eancia da imagem online<\/li>\n\n\n\n<li>Verificar a coer\u00eancia de vestu\u00e1rio e cabelo com os anos 1960-1970 em Amiens<\/li>\n\n\n\n<li>Ignorar todo e qualquer clique publicado exclusivamente em sites conspiracionistas ou redes sociais sem fonte identificada<\/li>\n<\/ul>\n\n\n\n<h2 class=\"wp-block-heading\" id=\"enfance-amiens\">Inf\u00e2ncia em Amiens e fam\u00edlia Trogneux<\/h2>\n\n\n\n<p>Brigitte Marie-Claude Trogneux nasce em 13 de abril de 1953 em Amiens, <strong>ca\u00e7ula de uma ninhada de seis filhos<\/strong>. Seu pai, Jean Trogneux, dirige a chocolateria familiar fundada em 1872 \u2014 uma institui\u00e7\u00e3o amiensense famosa por seus macarons. Sua m\u00e3e, Simone Pujol, esposa de Jean Trogneux desde 26 de setembro de 1931, transforma o sal\u00e3o familiar em um verdadeiro lar art\u00edstico onde criatividade e exig\u00eancia coexistem.<\/p>\n\n\n\n<p>Seus irm\u00e3os e irm\u00e3s s\u00e3o Jean-Claude Trogneux (nascido em 1933, falecido em novembro de 2018), Anne-Marie Trogneux (nascida em 1932, falecida em julho de 2025), Monique Trogneux (nascida em 1941, esposa de Jean-Claude Gueudet, um dos maiores concession\u00e1rios de autom\u00f3veis do pa\u00eds) e Jean-Michel Trogneux (nascido em 11 de fevereiro de 1945). Brigitte \u00e9 a mais nova, <strong>mimada por seus pais que lhe \u00ab\u00a0passavam tudo ou quase tudo\u00a0\u00bb<\/strong>, como ela confiou na obra <em>Brigitte Macron, a confidente<\/em>.<\/p>\n\n\n\n<blockquote class=\"wp-block-quote is-layout-flow wp-block-quote-is-layout-flow\">\n<p>\u00ab Eu podia fazer tudo, at\u00e9 trazer notas ruins. \u00bb<br>\u2014 Brigitte Macron, sobre sua inf\u00e2ncia na casa da fam\u00edlia em Amiens<\/p>\n<\/blockquote>\n\n\n\n<p>Essa liberdade em casa contrasta com a disciplina rigorosa de sua escolaridade \u2014 e essa dupla experi\u00eancia molda de forma duradoura sua futura pedagogia: exigente no conte\u00fado, humana na forma.<\/p>\n\n\n\n<h2 class=\"wp-block-heading\" id=\"scolarite-sacre-coeur\">Educa\u00e7\u00e3o no Sacr\u00e9-C\u0153ur: entre rigor e paix\u00e3o pelas letras<\/h2>\n\n\n\n<p>Brigitte Trogneux realiza toda sua educa\u00e7\u00e3o na <strong>institui\u00e7\u00e3o cat\u00f3lica Sacr\u00e9-C\u0153ur de Amiens<\/strong>, escola renomada pela exig\u00eancia acad\u00eamica, onde \u201ca ess\u00eancia das aulas \u00e9 ministrada por freiras e a confiss\u00e3o ocorre duas vezes por semana\u201d. Esse ambiente estruturado lhe incute valores de assiduidade e disciplina que marcar\u00e3o profundamente sua futura carreira de professora.<\/p>\n\n\n\n<p>\u00c9 nesse contexto escolar r\u00edgido que se revela sua paix\u00e3o pela literatura francesa e pelo teatro. O teatro, em particular, ocupa muito cedo um lugar de destaque em sua vida \u2014 ele nutre sua necessidade de transmitir, de falar, de testar a imagina\u00e7\u00e3o. Ela obt\u00e9m seu diploma com <strong>distin\u00e7\u00e3o em 1972<\/strong>, aos 19 anos.<\/p>\n\n\n\n<h2 class=\"wp-block-heading\" id=\"etudes-litteraires\">Estudos em letras e disserta\u00e7\u00e3o sobre amor cort\u00eas<\/h2>\n\n\n\n<p>Aos 20 anos, em 1973, Brigitte Trogneux \u00e9 estudante de letras cl\u00e1ssicas. Ela conquista uma <strong>p\u00f3s-gradua\u00e7\u00e3o em letras cl\u00e1ssicas<\/strong> e dedica sua disserta\u00e7\u00e3o de fim de curso ao <strong>\u201camor cort\u00eas\u201d<\/strong> \u2014 tema que, retrospectivamente, adquire uma resson\u00e2ncia particular em rela\u00e7\u00e3o \u00e0 hist\u00f3ria de amor at\u00edpica que viver\u00e1 duas d\u00e9cadas depois.<\/p>\n\n\n\n<p>No in\u00edcio dos anos 1980, antes de entrar plenamente no ensino, ela trabalha durante dois anos como <strong>assessora de imprensa na c\u00e2mara de com\u00e9rcio do Norte-Pas-de-Calais<\/strong>. Uma pausa profissional que testemunha sua curiosidade e sua capacidade de se aventurar em \u00e1reas variadas. Foi somente em 1986 que ela obteve o CAPES em letras cl\u00e1ssicas, depois do nascimento de seu terceiro filho.<\/p>\n\n\n\n<h2 class=\"wp-block-heading\" id=\"style-jeunesse\">Seu estilo nos anos 1970: eleg\u00e2ncia discreta<\/h2>\n\n\n\n<p>As raras fotos de Brigitte Macron jovem que circulam na m\u00eddia mostram uma jovem com <strong>estilo simples e cuidado, caracter\u00edstico dos anos 1970 na burguesia amiensense<\/strong>: cabelos curtos, roupas cl\u00e1ssicas e discretas, apar\u00eancia elegante sem ostenta\u00e7\u00e3o. Segundo aqueles que a conheceram na \u00e9poca, ela j\u00e1 exibia essa <strong>tranquilidade confiante<\/strong> que a caracteriza hoje.<\/p>\n\n\n\n<p>Seu sorriso \u00e9 frequentemente citado como o elemento mais marcante nessas antigas imagens \u2014 um sorriso que, segundo v\u00e1rias fontes biogr\u00e1ficas, n\u00e3o mudou fundamentalmente ao longo das d\u00e9cadas. O que se observa tamb\u00e9m nessas imagens: um olhar decidido, uma postura segura e uma presen\u00e7a natural que n\u00e3o deve nada ao ensaio.<\/p>\n\n\n\n<h2 class=\"wp-block-heading\" id=\"premier-mariage-auziere\">O primeiro casamento com Andr\u00e9-Louis Auzi\u00e8re (1974)<\/h2>\n\n\n\n<p>No dia 22 de junho de 1974, aos 21 anos, Brigitte Trogneux casa-se com <strong>Andr\u00e9-Louis Auzi\u00e8re<\/strong> em Touquet-Paris-Plage. Nascido em \u00c9s\u00e9ka, Camar\u00f5es, Andr\u00e9-Louis Auzi\u00e8re \u00e9 banqueiro, filho de Louis Auzi\u00e8re, alto funcion\u00e1rio no Camar\u00f5es franc\u00eas. O casal se instala e constr\u00f3i uma vida familiar: tr\u00eas filhos nascer\u00e3o dessa uni\u00e3o \u2014 <strong>S\u00e9bastien Auzi\u00e8re<\/strong> (1975), engenheiro estat\u00edstico, <strong>Laurence Auzi\u00e8re<\/strong> (1977), cardiologista, e <strong>Tiphaine Auzi\u00e8re<\/strong> (1984).<\/p>\n\n\n\n<p>Em 1984, a fam\u00edlia se muda para Truchtersheim, na Baixa Ren\u00e2nia, devido \u00e0 mudan\u00e7a profissional de Andr\u00e9-Louis Auzi\u00e8re. Brigitte Macron se envolve na vida associativa local e at\u00e9 figurou, em 1989, em uma lista sem partido chamada \u00ab\u00a0Truchtersheim amanh\u00e3\u00a0\u00bb nas elei\u00e7\u00f5es municipais \u2014 sem ser eleita. A fam\u00edlia deixa a Als\u00e1cia para voltar a Amiens, onde Brigitte ingressa no col\u00e9gio La Providence como professora de letras e teatro.<\/p>\n\n\n\n<h2 class=\"wp-block-heading\" id=\"carriere-enseignante\">De assessora de imprensa a professora de letras<\/h2>\n\n\n\n<p>O percurso profissional de Brigitte Macron \u00e9 mais sinuoso do que geralmente se imagina. Ap\u00f3s seus estudos e dois anos na c\u00e2mara de com\u00e9rcio, ela obt\u00e9m o CAPES de letras cl\u00e1ssicas em 1986, ap\u00f3s o nascimento de seu terceiro filho. Ela ensina inicialmente franc\u00eas e latim no <strong>col\u00e9gio Lucie-Berger de Estrasburgo<\/strong>, uma institui\u00e7\u00e3o privada protestante, de 1986 a 1991.<\/p>\n\n\n\n<figure class=\"wp-block-table\"><table class=\"has-fixed-layout\"><thead><tr><th>Per\u00edodo<\/th><th>Cargo<\/th><th>Institui\u00e7\u00e3o<\/th><\/tr><\/thead><tbody><tr><td>In\u00edcio dos anos 1980<\/td><td>Assessora de imprensa<\/td><td>C\u00e2mara de com\u00e9rcio Norte-Pas-de-Calais<\/td><\/tr><tr><td>1986\u20131991<\/td><td>Professora de franc\u00eas e latim<\/td><td>Col\u00e9gio Lucie-Berger, Estrasburgo<\/td><\/tr><tr><td>1991\u20132007<\/td><td>Professora de letras e teatro<\/td><td>Col\u00e9gio La Providence, Amiens<\/td><\/tr><tr><td>2007\u20132015<\/td><td>Professora de franc\u00eas<\/td><td>Col\u00e9gio Saint-Louis-de-Gonzague, Paris<\/td><\/tr><tr><td>Desde 2015<\/td><td>Primeira dama, licen\u00e7a da Educa\u00e7\u00e3o nacional<\/td><td>\u2014<\/td><\/tr><\/tbody><\/table><\/figure>\n\n\n\n<p>Em Paris, no col\u00e9gio jesu\u00edta Saint-Louis-de-Gonzague (tamb\u00e9m conhecido como Franklin), ela ensina, entre outros, os filhos de Bernard Arnault. Em setembro de 2015, ela se licencia da Educa\u00e7\u00e3o nacional para se dedicar plenamente \u00e0 campanha presidencial de Emmanuel Macron.<\/p>\n\n\n\n<h2 class=\"wp-block-heading\" id=\"rencontre-emmanuel-macron\">O encontro com Emmanuel Macron em 1992<\/h2>\n\n\n\n<p>O encontro entre Brigitte Auzi\u00e8re e Emmanuel Macron ocorre durante o ano letivo de 1992-1993, no col\u00e9gio La Providence de Amiens. Ela dirige um ateli\u00ea de teatro. Entre seus alunos: um garoto de 15 anos, na segunda s\u00e9rie \u2014 <strong>na mesma classe que sua filha Laurence<\/strong>. Seu nome \u00e9 Emmanuel Macron. Ela confessar\u00e1 mais tarde ter ficado \u201ctotalmente fascinada pela intelig\u00eancia desse garoto\u201d.<\/p>\n\n\n\n<blockquote class=\"wp-block-quote is-layout-flow wp-block-quote-is-layout-flow\">\n<p>\u00ab A escrita nos reunia todas as sextas-feiras e desencadeou uma incr\u00edvel proximidade. \u00bb<br>\u2014 Brigitte Macron \u00e0 Paris Match<\/p>\n<\/blockquote>\n\n\n\n<p>A rela\u00e7\u00e3o deles se desenvolve em torno de uma paix\u00e3o comum pela literatura e pelo teatro. Uma primeira apresenta\u00e7\u00e3o de fim de ano os v\u00ea colaborar em uma adapta\u00e7\u00e3o do livro <em>A Com\u00e9dia da Linguagem<\/em> de Jean Tardieu, onde Emmanuel interpreta um espantalho. No ano seguinte, eles trabalham juntos novamente em <em>A Arte da Com\u00e9dia<\/em> de Eduardo De Filippo. Emmanuel Macron, aos 17 anos, promete que vai se casar com ela. <strong>Eles se casam em 20 de outubro de 2007<\/strong>, ap\u00f3s Brigitte ter se divorciado de Andr\u00e9-Louis Auzi\u00e8re \u2014 que falecer\u00e1 em 2019.<\/p>\n\n\n\n<p>Essa diferen\u00e7a de idade de vinte e quatro anos, comentada com curiosidade pela m\u00eddia durante muito tempo, tamb\u00e9m foi instrumentalizada pelos meios conspiracionistas para alimentar rumores infundados \u2014 notadamente a teoria transf\u00f3bica sobre Jean-Michel Trogneux, condenada pelos tribunais franceses em 2023 e novamente em janeiro de 2026.<\/p>\n\n\n\n<h2 class=\"wp-block-heading\">Conclus\u00e3o<\/h2>\n\n\n\n<p>Brigitte Macron aos 20 anos \u00e9 uma jovem de Amiens, oriunda de uma grande fam\u00edlia de chocolataria, apaixonada por letras e teatro, que acaba de passar em seu exame com distin\u00e7\u00e3o e se prepara para dedicar sua disserta\u00e7\u00e3o ao amor cort\u00eas. As fotos aut\u00eanticas desse per\u00edodo s\u00e3o raras \u2014 mas as poucas que existem mostram uma personalidade j\u00e1 afirmada, um estilo discreto e elegante, e um sorriso reconhec\u00edvel. Seu percurso, de assessora de imprensa a professora respeitada e, depois, a Primeira Dama, forma uma trajet\u00f3ria coerente, feita de paix\u00e3o pela cultura e capacidade constante de se reinventar.<\/p>\n\n\n\n<h2 class=\"wp-block-heading\">FAQ<\/h2>\n\n\n\n<h3 class=\"wp-block-heading\">Como Brigitte Macron era aos 20 anos?<\/h3>\n\n\n\n<p>Aos 20 anos, em 1973, Brigitte Trogneux era uma jovem mulher estudante de letras em Amiens, com um estilo discreto e elegante caracter\u00edstico dos anos 1970. As raras fotos dispon\u00edveis mostram uma jovem com sorriso confiante, cabelos curtos, apar\u00eancia cuidada e uma presen\u00e7a natural j\u00e1 not\u00e1vel, segundo aqueles que a conheceram na \u00e9poca.<\/p>\n\n\n\n<h3 class=\"wp-block-heading\">Onde encontrar fotos de Brigitte Macron jovem?<\/h3>\n\n\n\n<p>As fotos aut\u00eanticas de <a href=\"https:\/\/www.sebastien-auziere.fr\/blog\/brigitte-macron-1980\/\">Brigitte Macron jovem<\/a> s\u00e3o raras. As mais conhecidas foram publicadas em reportagens de TV (France 3), biografias ou revistas como Le Point e Paris Match. Nenhuma s\u00e9rie oficial jamais foi publicada por ela ou por seu c\u00edrculo. As fotos que circulam em sites conspiracionistas s\u00e3o, em sua maioria, n\u00e3o verific\u00e1veis ou fabricadas.<\/p>\n\n\n\n<h3 class=\"wp-block-heading\">O que Brigitte Macron fazia aos 20 anos?<\/h3>\n\n\n\n<p>Em 1973, Brigitte Trogneux havia acabado de obter seu diploma de Ensino M\u00e9dio com distin\u00e7\u00e3o e iniciava uma p\u00f3s-gradua\u00e7\u00e3o em letras cl\u00e1ssicas na universidade de Amiens. Ela ainda vivia na casa da fam\u00edlia, no universo da chocolateria Trogneux fundada em 1872, antes de se casar com Andr\u00e9-Louis Auzi\u00e8re em junho de 1974.<\/p>\n\n\n\n<h3 class=\"wp-block-heading\">Brigitte Macron publicou fotos de sua juventude?<\/h3>\n\n\n\n<p>N\u00e3o. Brigitte Macron nunca tornou p\u00fablicas fotos pessoais de sua juventude. Sua discri\u00e7\u00e3o sobre esse per\u00edodo \u00e9 constante. Sua filha Tiphaine Auzi\u00e8re confirmou durante o julgamento por cyberass\u00e9dio em 2025 que sua m\u00e3e monitora atentamente o uso de sua imagem para evitar desvios.<\/p>\n\n\n\n<h3 class=\"wp-block-heading\">Quando Brigitte Macron conheceu Emmanuel Macron?<\/h3>\n\n\n\n<p>Brigitte Macron conheceu Emmanuel Macron durante o ano letivo de 1992-1993, no col\u00e9gio La Providence em Amiens, onde ela lecionava teatro. Ele tinha 15 anos, ela 39. Eles se casaram em 20 de outubro de 2007, ap\u00f3s Brigitte ter se divorciado de seu primeiro marido, Andr\u00e9-Louis Auzi\u00e8re.<\/p>\n\n\n\n<h3 class=\"wp-block-heading\">Quantos filhos Brigitte Macron tem?<\/h3>\n\n\n\n<p>Brigitte Macron tem tr\u00eas filhos do seu primeiro casamento com Andr\u00e9-Louis Auzi\u00e8re: S\u00e9bastien Auzi\u00e8re (nascido em 1975), engenheiro estat\u00edstico; Laurence Auzi\u00e8re (nascida em 1977), cardiologista; e Tiphaine Auzi\u00e8re (nascida em 1984). Ela tamb\u00e9m \u00e9 av\u00f3 de sete netos. Emmanuel Macron n\u00e3o tem filhos biol\u00f3gicos.<\/p>\n\n\n\n<h3 class=\"wp-block-heading\">Por que as fotos de Brigitte Macron jovem s\u00e3o raras?<\/h3>\n\n\n\n<p>Brigitte Macron cresceu e viveu at\u00e9 seus 64 anos com relativa discri\u00e7\u00e3o, longe da m\u00eddia. Antes de 2017 e da elei\u00e7\u00e3o de Emmanuel Macron \u00e0 presid\u00eancia, ela n\u00e3o era uma personalidade p\u00fablica. Assim, os arquivos fotogr\u00e1ficos de sua juventude nunca foram constitu\u00eddos nem divulgados, ao contr\u00e1rio das personalidades que entram na vida p\u00fablica desde cedo.<\/p>\n\n\n\n<p><br \/>\n[<br \/>\n  {<br \/>\n    \u00ab\u00a0@context\u00a0\u00bb: \u00ab\u00a0https:\/\/schema.org\u00a0\u00bb,<br \/>\n    \u00ab\u00a0@type\u00a0\u00bb: \u00ab\u00a0Article\u00a0\u00bb,<br \/>\n    \u00ab\u00a0headline\u00a0\u00bb: \u00ab\u00a0Brigitte Macron jovem: como ela era aos 20 anos?\u00a0\u00bb,<br \/>\n    \u00ab\u00a0description\u00a0\u00bb: \u00ab\u00a0Brigitte Macron aos 20 anos: fotos raras, inf\u00e2ncia em Amiens, fam\u00edlia Trogneux, estudos de letras, primeiro casamento e encontro com Emmanuel Macron. Tudo o que sabemos sobre sua juventude.\u00a0\u00bb,<br \/>\n    \u00ab\u00a0inLanguage\u00a0\u00bb: \u00ab\u00a0pt\u00a0\u00bb,<br \/>\n    \u00ab\u00a0about\u00a0\u00bb: {<br \/>\n      \u00ab\u00a0@type\u00a0\u00bb: \u00ab\u00a0Person\u00a0\u00bb,<br \/>\n      \u00ab\u00a0name\u00a0\u00bb: \u00ab\u00a0Brigitte Macron\u00a0\u00bb,<br \/>\n      \u00ab\u00a0birthDate\u00a0\u00bb: \u00ab\u00a01953-04-13\u00a0\u00bb,<br \/>\n      \u00ab\u00a0birthPlace\u00a0\u00bb: \u00ab\u00a0Amiens, Fran\u00e7a\u00a0\u00bb,<br \/>\n      \u00ab\u00a0spouse\u00a0\u00bb: {\u00ab\u00a0@type\u00a0\u00bb: \u00ab\u00a0Person\u00a0\u00bb, \u00ab\u00a0name\u00a0\u00bb: \u00ab\u00a0Emmanuel Macron\u00a0\u00bb}<br \/>\n    }<br \/>\n  },<br \/>\n  {<br \/>\n    \u00ab\u00a0@context\u00a0\u00bb: \u00ab\u00a0https:\/\/schema.org\u00a0\u00bb,<br \/>\n    \u00ab\u00a0@type\u00a0\u00bb: \u00ab\u00a0FAQPage\u00a0\u00bb,<br \/>\n    \u00ab\u00a0mainEntity\u00a0\u00bb: [<br \/>\n      {<br \/>\n        \u00ab\u00a0@type\u00a0\u00bb: \u00ab\u00a0Question\u00a0\u00bb,<br \/>\n        \u00ab\u00a0name\u00a0\u00bb: \u00ab\u00a0Como Brigitte Macron era aos 20 anos?\u00a0\u00bb,<br \/>\n        \u00ab\u00a0acceptedAnswer\u00a0\u00bb: {<br \/>\n          \u00ab\u00a0@type\u00a0\u00bb: \u00ab\u00a0Answer\u00a0\u00bb,<br \/>\n          \u00ab\u00a0text\u00a0\u00bb: \u00ab\u00a0Aos 20 anos, em 1973, Brigitte Trogneux era uma jovem estudante de letras em Amiens, com um estilo discreto e elegante caracter\u00edstico dos anos 1970, com um sorriso confiante e uma presen\u00e7a natural j\u00e1 not\u00e1vel.\u00a0\u00bb<br \/>\n        }<br \/>\n      },<br \/>\n      {<br \/>\n        \u00ab\u00a0@type\u00a0\u00bb: \u00ab\u00a0Question\u00a0\u00bb,<br \/>\n        \u00ab\u00a0name\u00a0\u00bb: \u00ab\u00a0Onde encontrar fotos de Brigitte Macron jovem?\u00a0\u00bb,<br \/>\n        \u00ab\u00a0acceptedAnswer\u00a0\u00bb: {<br \/>\n          \u00ab\u00a0@type\u00a0\u00bb: \u00ab\u00a0Answer\u00a0\u00bb,<br \/>\n          \u00ab\u00a0text\u00a0\u00bb: \u00ab\u00a0As fotos aut\u00eanticas de Brigitte Macron jovem s\u00e3o raras. As mais conhecidas foram publicadas em reportagens da France 3, biografias e revistas como Le Point e Paris Match. Nenhuma s\u00e9rie oficial foi divulgada.\u00a0\u00bb<br \/>\n        }<br \/>\n      },<br \/>\n      {<br \/>\n        \u00ab\u00a0@type\u00a0\u00bb: \u00ab\u00a0Question\u00a0\u00bb,<br \/>\n        \u00ab\u00a0name\u00a0\u00bb: \u00ab\u00a0O que Brigitte Macron fazia aos 20 anos?\u00a0\u00bb,<br \/>\n        \u00ab\u00a0acceptedAnswer\u00a0\u00bb: {<br \/>\n          \u00ab\u00a0@type\u00a0\u00bb: \u00ab\u00a0Answer\u00a0\u00bb,<br \/>\n          \u00ab\u00a0text\u00a0\u00bb: \u00ab\u00a0Em 1973, aos 20 anos, Brigitte Trogneux havia acabado de obter seu diploma de Ensino M\u00e9dio com distin\u00e7\u00e3o e iniciava uma p\u00f3s-gradua\u00e7\u00e3o em letras cl\u00e1ssicas em Amiens, antes de se casar com Andr\u00e9-Louis Auzi\u00e8re em junho de 1974.\u00a0\u00bb<br \/>\n        }<br \/>\n      },<br \/>\n      {<br \/>\n        \u00ab\u00a0@type\u00a0\u00bb: \u00ab\u00a0Question\u00a0\u00bb,<br \/>\n        \u00ab\u00a0name\u00a0\u00bb: \u00ab\u00a0Quando Brigitte Macron conheceu Emmanuel Macron?\u00a0\u00bb,<br \/>\n        \u00ab\u00a0acceptedAnswer\u00a0\u00bb: {<br \/>\n          \u00ab\u00a0@type\u00a0\u00bb: \u00ab\u00a0Answer\u00a0\u00bb,<br \/>\n          \u00ab\u00a0text\u00a0\u00bb: \u00ab\u00a0Brigitte Macron conheceu Emmanuel Macron durante o ano letivo de 1992-1993 no col\u00e9gio La Providence em Amiens, onde ela lecionava teatro. Ele tinha 15 anos, ela 39. Eles se casaram em 20 de outubro de 2007.\u00a0\u00bb<br \/>\n        }<br \/>\n      },<br \/>\n      {<br \/>\n        \u00ab\u00a0@type\u00a0\u00bb: \u00ab\u00a0Question\u00a0\u00bb,<br \/>\n        \u00ab\u00a0name\u00a0\u00bb: \u00ab\u00a0Quantos filhos Brigitte Macron tem?\u00a0\u00bb,<br \/>\n        \u00ab\u00a0acceptedAnswer\u00a0\u00bb: {<br \/>\n          \u00ab\u00a0@type\u00a0\u00bb: \u00ab\u00a0Answer\u00a0\u00bb,<br \/>\n          \u00ab\u00a0text\u00a0\u00bb: \u00ab\u00a0Brigitte Macron tem tr\u00eas filhos do seu primeiro casamento: S\u00e9bastien Auzi\u00e8re (1975), Laurence Auzi\u00e8re (1977) e Tiphaine Auzi\u00e8re (1984). Ela \u00e9 av\u00f3 de sete netos. Emmanuel Macron n\u00e3o tem filhos biol\u00f3gicos.\u00a0\u00bb<br \/>\n        }<br \/>\n      },<br \/>\n      {<br \/>\n        \u00ab\u00a0@type\u00a0\u00bb: \u00ab\u00a0Question\u00a0\u00bb,<br \/>\n        \u00ab\u00a0name\u00a0\u00bb: \u00ab\u00a0Por que as fotos de Brigitte Macron jovem s\u00e3o raras?\u00a0\u00bb,<br \/>\n        \u00ab\u00a0acceptedAnswer\u00a0\u00bb: {<br \/>\n          \u00ab\u00a0@type\u00a0\u00bb: \u00ab\u00a0Answer\u00a0\u00bb,<br \/>\n          \u00ab\u00a0text\u00a0\u00bb: \u00ab\u00a0Brigitte Macron viveu em relativa discri\u00e7\u00e3o at\u00e9 2017. Antes da elei\u00e7\u00e3o de Emmanuel Macron, ela n\u00e3o era uma personalidade p\u00fablica, e os arquivos fotogr\u00e1ficos de sua juventude nunca foram constitu\u00eddos nem divulgados.\u00a0\u00bb<br \/>\n        }<br \/>\n      }<br \/>\n    ]<br \/>\n  }<br \/>\n]<br \/>\n<\/p>\n\n\n\n<p><br>\n<\/p>\n","protected":false},"excerpt":{"rendered":"<p>Imagem gerada por intelig\u00eancia artificial, ilustra\u00e7\u00e3o n\u00e3o real. O essencial: Brigitte Macron, nascida Trogneux em 13 de abril de 1953 em Amiens, tinha 20 anos em 1973. Nessa idade, ela havia acabado de obter seu diploma de Ensino M\u00e9dio com distin\u00e7\u00e3o e iniciava uma p\u00f3s-gradua\u00e7\u00e3o em letras cl\u00e1ssicas. As fotos de Brigitte Macron jovem s\u00e3o &#8230; <a title=\"Brigitte Macron jovem: como ela era aos 20 anos?\" class=\"read-more\" href=\"https:\/\/www.sebastien-auziere.fr\/blog\/pt\/brigitte-macron-jovem-como-ela-era-aos-20-anos\/\" aria-label=\"En savoir plus sur Brigitte Macron jovem: como ela era aos 20 anos?\">Lire plus<\/a><\/p>\n","protected":false},"author":4,"featured_media":2360,"comment_status":"open","ping_status":"open","sticky":false,"template":"","format":"standard","meta":{"footnotes":""},"categories":[848],"tags":[],"class_list":["post-2380","post","type-post","status-publish","format-standard","has-post-thumbnail","hentry","category-non-classe-pt"],"yoast_head":"<!-- This site is optimized with the Yoast SEO plugin v27.5 - https:\/\/yoast.com\/product\/yoast-seo-wordpress\/ -->\n<title>Brigitte Macron jovem: como ela era aos 20 anos? - Fan site S\u00e9bastien Auzi\u00e8re<\/title>\n<meta name=\"robots\" content=\"index, follow, max-snippet:-1, max-image-preview:large, max-video-preview:-1\" \/>\n<link rel=\"canonical\" href=\"https:\/\/www.sebastien-auziere.fr\/blog\/pt\/brigitte-macron-jovem-como-ela-era-aos-20-anos\/\" \/>\n<meta property=\"og:locale\" content=\"fr_FR\" \/>\n<meta property=\"og:type\" content=\"article\" \/>\n<meta property=\"og:title\" content=\"Brigitte Macron jovem: como ela era aos 20 anos? - Fan site S\u00e9bastien Auzi\u00e8re\" \/>\n<meta property=\"og:description\" content=\"Imagem gerada por intelig\u00eancia artificial, ilustra\u00e7\u00e3o n\u00e3o real. O essencial: Brigitte Macron, nascida Trogneux em 13 de abril de 1953 em Amiens, tinha 20 anos em 1973. Nessa idade, ela havia acabado de obter seu diploma de Ensino M\u00e9dio com distin\u00e7\u00e3o e iniciava uma p\u00f3s-gradua\u00e7\u00e3o em letras cl\u00e1ssicas. As fotos de Brigitte Macron jovem s\u00e3o ... Lire plus\" \/>\n<meta property=\"og:url\" content=\"https:\/\/www.sebastien-auziere.fr\/blog\/pt\/brigitte-macron-jovem-como-ela-era-aos-20-anos\/\" \/>\n<meta property=\"og:site_name\" content=\"Fan site S\u00e9bastien Auzi\u00e8re\" \/>\n<meta property=\"article:published_time\" content=\"2026-03-07T17:23:53+00:00\" \/>\n<meta property=\"article:modified_time\" content=\"2026-03-18T10:38:33+00:00\" \/>\n<meta property=\"og:image\" content=\"https:\/\/www.sebastien-auziere.fr\/blog\/wp-content\/uploads\/2026\/03\/ChatGPT-Image-7-mars-2026-17_58_29.jpg\" \/>\n\t<meta property=\"og:image:width\" content=\"1536\" \/>\n\t<meta property=\"og:image:height\" content=\"1024\" \/>\n\t<meta property=\"og:image:type\" content=\"image\/jpeg\" \/>\n<meta name=\"author\" content=\"Celine\" \/>\n<meta name=\"twitter:card\" content=\"summary_large_image\" \/>\n<meta name=\"twitter:label1\" content=\"\u00c9crit par\" \/>\n\t<meta name=\"twitter:data1\" content=\"Celine\" \/>\n\t<meta name=\"twitter:label2\" content=\"Dur\u00e9e de lecture estim\u00e9e\" \/>\n\t<meta name=\"twitter:data2\" content=\"14 minutes\" \/>\n<script type=\"application\/ld+json\" class=\"yoast-schema-graph\">{\"@context\":\"https:\\\/\\\/schema.org\",\"@graph\":[{\"@type\":\"Article\",\"@id\":\"https:\\\/\\\/www.sebastien-auziere.fr\\\/blog\\\/pt\\\/brigitte-macron-jovem-como-ela-era-aos-20-anos\\\/#article\",\"isPartOf\":{\"@id\":\"https:\\\/\\\/www.sebastien-auziere.fr\\\/blog\\\/pt\\\/brigitte-macron-jovem-como-ela-era-aos-20-anos\\\/\"},\"author\":{\"name\":\"Celine\",\"@id\":\"https:\\\/\\\/www.sebastien-auziere.fr\\\/blog\\\/#\\\/schema\\\/person\\\/1e270a963009242469ed08b1c461f81f\"},\"headline\":\"Brigitte Macron jovem: como ela era aos 20 anos?\",\"datePublished\":\"2026-03-07T17:23:53+00:00\",\"dateModified\":\"2026-03-18T10:38:33+00:00\",\"mainEntityOfPage\":{\"@id\":\"https:\\\/\\\/www.sebastien-auziere.fr\\\/blog\\\/pt\\\/brigitte-macron-jovem-como-ela-era-aos-20-anos\\\/\"},\"wordCount\":2813,\"commentCount\":0,\"publisher\":{\"@id\":\"https:\\\/\\\/www.sebastien-auziere.fr\\\/blog\\\/#organization\"},\"image\":{\"@id\":\"https:\\\/\\\/www.sebastien-auziere.fr\\\/blog\\\/pt\\\/brigitte-macron-jovem-como-ela-era-aos-20-anos\\\/#primaryimage\"},\"thumbnailUrl\":\"https:\\\/\\\/www.sebastien-auziere.fr\\\/blog\\\/wp-content\\\/uploads\\\/2026\\\/03\\\/ChatGPT-Image-7-mars-2026-17_58_29.jpg\",\"inLanguage\":\"fr-FR\",\"potentialAction\":[{\"@type\":\"CommentAction\",\"name\":\"Comment\",\"target\":[\"https:\\\/\\\/www.sebastien-auziere.fr\\\/blog\\\/pt\\\/brigitte-macron-jovem-como-ela-era-aos-20-anos\\\/#respond\"]}]},{\"@type\":\"WebPage\",\"@id\":\"https:\\\/\\\/www.sebastien-auziere.fr\\\/blog\\\/pt\\\/brigitte-macron-jovem-como-ela-era-aos-20-anos\\\/\",\"url\":\"https:\\\/\\\/www.sebastien-auziere.fr\\\/blog\\\/pt\\\/brigitte-macron-jovem-como-ela-era-aos-20-anos\\\/\",\"name\":\"Brigitte Macron jovem: como ela era aos 20 anos? - Fan site S\u00e9bastien Auzi\u00e8re\",\"isPartOf\":{\"@id\":\"https:\\\/\\\/www.sebastien-auziere.fr\\\/blog\\\/#website\"},\"primaryImageOfPage\":{\"@id\":\"https:\\\/\\\/www.sebastien-auziere.fr\\\/blog\\\/pt\\\/brigitte-macron-jovem-como-ela-era-aos-20-anos\\\/#primaryimage\"},\"image\":{\"@id\":\"https:\\\/\\\/www.sebastien-auziere.fr\\\/blog\\\/pt\\\/brigitte-macron-jovem-como-ela-era-aos-20-anos\\\/#primaryimage\"},\"thumbnailUrl\":\"https:\\\/\\\/www.sebastien-auziere.fr\\\/blog\\\/wp-content\\\/uploads\\\/2026\\\/03\\\/ChatGPT-Image-7-mars-2026-17_58_29.jpg\",\"datePublished\":\"2026-03-07T17:23:53+00:00\",\"dateModified\":\"2026-03-18T10:38:33+00:00\",\"breadcrumb\":{\"@id\":\"https:\\\/\\\/www.sebastien-auziere.fr\\\/blog\\\/pt\\\/brigitte-macron-jovem-como-ela-era-aos-20-anos\\\/#breadcrumb\"},\"inLanguage\":\"fr-FR\",\"potentialAction\":[{\"@type\":\"ReadAction\",\"target\":[\"https:\\\/\\\/www.sebastien-auziere.fr\\\/blog\\\/pt\\\/brigitte-macron-jovem-como-ela-era-aos-20-anos\\\/\"]}]},{\"@type\":\"ImageObject\",\"inLanguage\":\"fr-FR\",\"@id\":\"https:\\\/\\\/www.sebastien-auziere.fr\\\/blog\\\/pt\\\/brigitte-macron-jovem-como-ela-era-aos-20-anos\\\/#primaryimage\",\"url\":\"https:\\\/\\\/www.sebastien-auziere.fr\\\/blog\\\/wp-content\\\/uploads\\\/2026\\\/03\\\/ChatGPT-Image-7-mars-2026-17_58_29.jpg\",\"contentUrl\":\"https:\\\/\\\/www.sebastien-auziere.fr\\\/blog\\\/wp-content\\\/uploads\\\/2026\\\/03\\\/ChatGPT-Image-7-mars-2026-17_58_29.jpg\",\"width\":1536,\"height\":1024,\"caption\":\"Brigitte Macron jeune\"},{\"@type\":\"BreadcrumbList\",\"@id\":\"https:\\\/\\\/www.sebastien-auziere.fr\\\/blog\\\/pt\\\/brigitte-macron-jovem-como-ela-era-aos-20-anos\\\/#breadcrumb\",\"itemListElement\":[{\"@type\":\"ListItem\",\"position\":1,\"name\":\"Home\",\"item\":\"https:\\\/\\\/www.sebastien-auziere.fr\\\/blog\\\/\"},{\"@type\":\"ListItem\",\"position\":2,\"name\":\"Brigitte Macron jovem: como ela era aos 20 anos?\"}]},{\"@type\":\"WebSite\",\"@id\":\"https:\\\/\\\/www.sebastien-auziere.fr\\\/blog\\\/#website\",\"url\":\"https:\\\/\\\/www.sebastien-auziere.fr\\\/blog\\\/\",\"name\":\"Fan site S\u00e9bastien Auzi\u00e8re\",\"description\":\"M\u00e9dia g\u00e9n\u00e9raliste\",\"publisher\":{\"@id\":\"https:\\\/\\\/www.sebastien-auziere.fr\\\/blog\\\/#organization\"},\"potentialAction\":[{\"@type\":\"SearchAction\",\"target\":{\"@type\":\"EntryPoint\",\"urlTemplate\":\"https:\\\/\\\/www.sebastien-auziere.fr\\\/blog\\\/?s={search_term_string}\"},\"query-input\":{\"@type\":\"PropertyValueSpecification\",\"valueRequired\":true,\"valueName\":\"search_term_string\"}}],\"inLanguage\":\"fr-FR\"},{\"@type\":\"Organization\",\"@id\":\"https:\\\/\\\/www.sebastien-auziere.fr\\\/blog\\\/#organization\",\"name\":\"Fan site S\u00e9bastien Auzi\u00e8re\",\"url\":\"https:\\\/\\\/www.sebastien-auziere.fr\\\/blog\\\/\",\"logo\":{\"@type\":\"ImageObject\",\"inLanguage\":\"fr-FR\",\"@id\":\"https:\\\/\\\/www.sebastien-auziere.fr\\\/blog\\\/#\\\/schema\\\/logo\\\/image\\\/\",\"url\":\"https:\\\/\\\/www.sebastien-auziere.fr\\\/blog\\\/wp-content\\\/uploads\\\/2026\\\/03\\\/cropped-cropped-cropped-ChatGPT-Image-6-mars-2026-12_58_09-e1772798376794.jpg\",\"contentUrl\":\"https:\\\/\\\/www.sebastien-auziere.fr\\\/blog\\\/wp-content\\\/uploads\\\/2026\\\/03\\\/cropped-cropped-cropped-ChatGPT-Image-6-mars-2026-12_58_09-e1772798376794.jpg\",\"width\":512,\"height\":360,\"caption\":\"Fan site S\u00e9bastien Auzi\u00e8re\"},\"image\":{\"@id\":\"https:\\\/\\\/www.sebastien-auziere.fr\\\/blog\\\/#\\\/schema\\\/logo\\\/image\\\/\"}},{\"@type\":\"Person\",\"@id\":\"https:\\\/\\\/www.sebastien-auziere.fr\\\/blog\\\/#\\\/schema\\\/person\\\/1e270a963009242469ed08b1c461f81f\",\"name\":\"Celine\",\"image\":{\"@type\":\"ImageObject\",\"inLanguage\":\"fr-FR\",\"@id\":\"https:\\\/\\\/secure.gravatar.com\\\/avatar\\\/c88d569fbe1fe19a13c7f21ee0f8973822df96073df21850b95af6a09ba820c9?s=96&d=mm&r=g\",\"url\":\"https:\\\/\\\/secure.gravatar.com\\\/avatar\\\/c88d569fbe1fe19a13c7f21ee0f8973822df96073df21850b95af6a09ba820c9?s=96&d=mm&r=g\",\"contentUrl\":\"https:\\\/\\\/secure.gravatar.com\\\/avatar\\\/c88d569fbe1fe19a13c7f21ee0f8973822df96073df21850b95af6a09ba820c9?s=96&d=mm&r=g\",\"caption\":\"Celine\"},\"description\":\"Je m'appelle C\u00e9line, j'ai 31 ans et je suis journaliste sp\u00e9cialis\u00e9e dans le cin\u00e9ma. Passionn\u00e9e par le septi\u00e8me art, j'explore les actualit\u00e9s, les critiques et les tendances du monde cin\u00e9matographique. Mon objectif est de partager ma passion et d'informer les amateurs de films \u00e0 travers des articles percutants et des analyses approfondies.\",\"url\":\"https:\\\/\\\/www.sebastien-auziere.fr\\\/blog\\\/author\\\/celine\\\/\"}]}<\/script>\n<!-- \/ Yoast SEO plugin. -->","yoast_head_json":{"title":"Brigitte Macron jovem: como ela era aos 20 anos? - Fan site S\u00e9bastien Auzi\u00e8re","robots":{"index":"index","follow":"follow","max-snippet":"max-snippet:-1","max-image-preview":"max-image-preview:large","max-video-preview":"max-video-preview:-1"},"canonical":"https:\/\/www.sebastien-auziere.fr\/blog\/pt\/brigitte-macron-jovem-como-ela-era-aos-20-anos\/","og_locale":"fr_FR","og_type":"article","og_title":"Brigitte Macron jovem: como ela era aos 20 anos? - Fan site S\u00e9bastien Auzi\u00e8re","og_description":"Imagem gerada por intelig\u00eancia artificial, ilustra\u00e7\u00e3o n\u00e3o real. O essencial: Brigitte Macron, nascida Trogneux em 13 de abril de 1953 em Amiens, tinha 20 anos em 1973. Nessa idade, ela havia acabado de obter seu diploma de Ensino M\u00e9dio com distin\u00e7\u00e3o e iniciava uma p\u00f3s-gradua\u00e7\u00e3o em letras cl\u00e1ssicas. As fotos de Brigitte Macron jovem s\u00e3o ... Lire plus","og_url":"https:\/\/www.sebastien-auziere.fr\/blog\/pt\/brigitte-macron-jovem-como-ela-era-aos-20-anos\/","og_site_name":"Fan site S\u00e9bastien Auzi\u00e8re","article_published_time":"2026-03-07T17:23:53+00:00","article_modified_time":"2026-03-18T10:38:33+00:00","og_image":[{"width":1536,"height":1024,"url":"https:\/\/www.sebastien-auziere.fr\/blog\/wp-content\/uploads\/2026\/03\/ChatGPT-Image-7-mars-2026-17_58_29.jpg","type":"image\/jpeg"}],"author":"Celine","twitter_card":"summary_large_image","twitter_misc":{"\u00c9crit par":"Celine","Dur\u00e9e de lecture estim\u00e9e":"14 minutes"},"schema":{"@context":"https:\/\/schema.org","@graph":[{"@type":"Article","@id":"https:\/\/www.sebastien-auziere.fr\/blog\/pt\/brigitte-macron-jovem-como-ela-era-aos-20-anos\/#article","isPartOf":{"@id":"https:\/\/www.sebastien-auziere.fr\/blog\/pt\/brigitte-macron-jovem-como-ela-era-aos-20-anos\/"},"author":{"name":"Celine","@id":"https:\/\/www.sebastien-auziere.fr\/blog\/#\/schema\/person\/1e270a963009242469ed08b1c461f81f"},"headline":"Brigitte Macron jovem: como ela era aos 20 anos?","datePublished":"2026-03-07T17:23:53+00:00","dateModified":"2026-03-18T10:38:33+00:00","mainEntityOfPage":{"@id":"https:\/\/www.sebastien-auziere.fr\/blog\/pt\/brigitte-macron-jovem-como-ela-era-aos-20-anos\/"},"wordCount":2813,"commentCount":0,"publisher":{"@id":"https:\/\/www.sebastien-auziere.fr\/blog\/#organization"},"image":{"@id":"https:\/\/www.sebastien-auziere.fr\/blog\/pt\/brigitte-macron-jovem-como-ela-era-aos-20-anos\/#primaryimage"},"thumbnailUrl":"https:\/\/www.sebastien-auziere.fr\/blog\/wp-content\/uploads\/2026\/03\/ChatGPT-Image-7-mars-2026-17_58_29.jpg","inLanguage":"fr-FR","potentialAction":[{"@type":"CommentAction","name":"Comment","target":["https:\/\/www.sebastien-auziere.fr\/blog\/pt\/brigitte-macron-jovem-como-ela-era-aos-20-anos\/#respond"]}]},{"@type":"WebPage","@id":"https:\/\/www.sebastien-auziere.fr\/blog\/pt\/brigitte-macron-jovem-como-ela-era-aos-20-anos\/","url":"https:\/\/www.sebastien-auziere.fr\/blog\/pt\/brigitte-macron-jovem-como-ela-era-aos-20-anos\/","name":"Brigitte Macron jovem: como ela era aos 20 anos? - Fan site S\u00e9bastien Auzi\u00e8re","isPartOf":{"@id":"https:\/\/www.sebastien-auziere.fr\/blog\/#website"},"primaryImageOfPage":{"@id":"https:\/\/www.sebastien-auziere.fr\/blog\/pt\/brigitte-macron-jovem-como-ela-era-aos-20-anos\/#primaryimage"},"image":{"@id":"https:\/\/www.sebastien-auziere.fr\/blog\/pt\/brigitte-macron-jovem-como-ela-era-aos-20-anos\/#primaryimage"},"thumbnailUrl":"https:\/\/www.sebastien-auziere.fr\/blog\/wp-content\/uploads\/2026\/03\/ChatGPT-Image-7-mars-2026-17_58_29.jpg","datePublished":"2026-03-07T17:23:53+00:00","dateModified":"2026-03-18T10:38:33+00:00","breadcrumb":{"@id":"https:\/\/www.sebastien-auziere.fr\/blog\/pt\/brigitte-macron-jovem-como-ela-era-aos-20-anos\/#breadcrumb"},"inLanguage":"fr-FR","potentialAction":[{"@type":"ReadAction","target":["https:\/\/www.sebastien-auziere.fr\/blog\/pt\/brigitte-macron-jovem-como-ela-era-aos-20-anos\/"]}]},{"@type":"ImageObject","inLanguage":"fr-FR","@id":"https:\/\/www.sebastien-auziere.fr\/blog\/pt\/brigitte-macron-jovem-como-ela-era-aos-20-anos\/#primaryimage","url":"https:\/\/www.sebastien-auziere.fr\/blog\/wp-content\/uploads\/2026\/03\/ChatGPT-Image-7-mars-2026-17_58_29.jpg","contentUrl":"https:\/\/www.sebastien-auziere.fr\/blog\/wp-content\/uploads\/2026\/03\/ChatGPT-Image-7-mars-2026-17_58_29.jpg","width":1536,"height":1024,"caption":"Brigitte Macron jeune"},{"@type":"BreadcrumbList","@id":"https:\/\/www.sebastien-auziere.fr\/blog\/pt\/brigitte-macron-jovem-como-ela-era-aos-20-anos\/#breadcrumb","itemListElement":[{"@type":"ListItem","position":1,"name":"Home","item":"https:\/\/www.sebastien-auziere.fr\/blog\/"},{"@type":"ListItem","position":2,"name":"Brigitte Macron jovem: como ela era aos 20 anos?"}]},{"@type":"WebSite","@id":"https:\/\/www.sebastien-auziere.fr\/blog\/#website","url":"https:\/\/www.sebastien-auziere.fr\/blog\/","name":"Fan site S\u00e9bastien Auzi\u00e8re","description":"M\u00e9dia g\u00e9n\u00e9raliste","publisher":{"@id":"https:\/\/www.sebastien-auziere.fr\/blog\/#organization"},"potentialAction":[{"@type":"SearchAction","target":{"@type":"EntryPoint","urlTemplate":"https:\/\/www.sebastien-auziere.fr\/blog\/?s={search_term_string}"},"query-input":{"@type":"PropertyValueSpecification","valueRequired":true,"valueName":"search_term_string"}}],"inLanguage":"fr-FR"},{"@type":"Organization","@id":"https:\/\/www.sebastien-auziere.fr\/blog\/#organization","name":"Fan site S\u00e9bastien Auzi\u00e8re","url":"https:\/\/www.sebastien-auziere.fr\/blog\/","logo":{"@type":"ImageObject","inLanguage":"fr-FR","@id":"https:\/\/www.sebastien-auziere.fr\/blog\/#\/schema\/logo\/image\/","url":"https:\/\/www.sebastien-auziere.fr\/blog\/wp-content\/uploads\/2026\/03\/cropped-cropped-cropped-ChatGPT-Image-6-mars-2026-12_58_09-e1772798376794.jpg","contentUrl":"https:\/\/www.sebastien-auziere.fr\/blog\/wp-content\/uploads\/2026\/03\/cropped-cropped-cropped-ChatGPT-Image-6-mars-2026-12_58_09-e1772798376794.jpg","width":512,"height":360,"caption":"Fan site S\u00e9bastien Auzi\u00e8re"},"image":{"@id":"https:\/\/www.sebastien-auziere.fr\/blog\/#\/schema\/logo\/image\/"}},{"@type":"Person","@id":"https:\/\/www.sebastien-auziere.fr\/blog\/#\/schema\/person\/1e270a963009242469ed08b1c461f81f","name":"Celine","image":{"@type":"ImageObject","inLanguage":"fr-FR","@id":"https:\/\/secure.gravatar.com\/avatar\/c88d569fbe1fe19a13c7f21ee0f8973822df96073df21850b95af6a09ba820c9?s=96&d=mm&r=g","url":"https:\/\/secure.gravatar.com\/avatar\/c88d569fbe1fe19a13c7f21ee0f8973822df96073df21850b95af6a09ba820c9?s=96&d=mm&r=g","contentUrl":"https:\/\/secure.gravatar.com\/avatar\/c88d569fbe1fe19a13c7f21ee0f8973822df96073df21850b95af6a09ba820c9?s=96&d=mm&r=g","caption":"Celine"},"description":"Je m'appelle C\u00e9line, j'ai 31 ans et je suis journaliste sp\u00e9cialis\u00e9e dans le cin\u00e9ma. Passionn\u00e9e par le septi\u00e8me art, j'explore les actualit\u00e9s, les critiques et les tendances du monde cin\u00e9matographique. Mon objectif est de partager ma passion et d'informer les amateurs de films \u00e0 travers des articles percutants et des analyses approfondies.","url":"https:\/\/www.sebastien-auziere.fr\/blog\/author\/celine\/"}]}},"views":2687,"_links":{"self":[{"href":"https:\/\/www.sebastien-auziere.fr\/blog\/wp-json\/wp\/v2\/posts\/2380","targetHints":{"allow":["GET"]}}],"collection":[{"href":"https:\/\/www.sebastien-auziere.fr\/blog\/wp-json\/wp\/v2\/posts"}],"about":[{"href":"https:\/\/www.sebastien-auziere.fr\/blog\/wp-json\/wp\/v2\/types\/post"}],"author":[{"embeddable":true,"href":"https:\/\/www.sebastien-auziere.fr\/blog\/wp-json\/wp\/v2\/users\/4"}],"replies":[{"embeddable":true,"href":"https:\/\/www.sebastien-auziere.fr\/blog\/wp-json\/wp\/v2\/comments?post=2380"}],"version-history":[{"count":3,"href":"https:\/\/www.sebastien-auziere.fr\/blog\/wp-json\/wp\/v2\/posts\/2380\/revisions"}],"predecessor-version":[{"id":2561,"href":"https:\/\/www.sebastien-auziere.fr\/blog\/wp-json\/wp\/v2\/posts\/2380\/revisions\/2561"}],"wp:featuredmedia":[{"embeddable":true,"href":"https:\/\/www.sebastien-auziere.fr\/blog\/wp-json\/wp\/v2\/media\/2360"}],"wp:attachment":[{"href":"https:\/\/www.sebastien-auziere.fr\/blog\/wp-json\/wp\/v2\/media?parent=2380"}],"wp:term":[{"taxonomy":"category","embeddable":true,"href":"https:\/\/www.sebastien-auziere.fr\/blog\/wp-json\/wp\/v2\/categories?post=2380"},{"taxonomy":"post_tag","embeddable":true,"href":"https:\/\/www.sebastien-auziere.fr\/blog\/wp-json\/wp\/v2\/tags?post=2380"}],"curies":[{"name":"wp","href":"https:\/\/api.w.org\/{rel}","templated":true}]}}