{"id":2378,"date":"2026-03-07T17:21:44","date_gmt":"2026-03-07T17:21:44","guid":{"rendered":"https:\/\/www.sebastien-auziere.fr\/blog\/?p=2378"},"modified":"2026-03-18T10:34:29","modified_gmt":"2026-03-18T10:34:29","slug":"brigitte-macron-giovane-come-appariva-a-20-anni","status":"publish","type":"post","link":"https:\/\/www.sebastien-auziere.fr\/blog\/it\/brigitte-macron-giovane-come-appariva-a-20-anni\/","title":{"rendered":"Brigitte Macron giovane : com&rsquo;era a 20 anni ?"},"content":{"rendered":"\n<p>Immagine generata da intelligenza artificiale, illustrazione non reale.<\/p>\n\n\n\n<p>Essenziale: <strong>Brigitte Macron, nata Trogneux il 13 aprile 1953 ad Amiens<\/strong>, aveva 20 anni nel 1973. A quest&rsquo;et\u00e0, aveva appena conseguito il diploma di maturit\u00e0 con il massimo dei voti e stava iniziando una laurea in lettere classiche. Le <strong>foto di Brigitte Macron giovane sono rare<\/strong>: alcune immagini d&rsquo;archivio legate alla sua comunione, alla sua vita da studentessa e ai suoi primi anni come insegnante circolano nei media, ma nessuna serie ufficiale \u00e8 mai stata pubblicata. Le immagini disponibili mostrano una giovane donna <strong>con un sorriso deciso, dall&rsquo;aspetto elegante e sobrio<\/strong>, caratteristica dello stile degli anni &rsquo;70 ad Amiens.<\/p>\n\n\n\n<p>Chi era Brigitte Macron prima dell&rsquo;\u00c9lys\u00e9e, prima di Emmanuel Macron, prima ancora di essere conosciuta dal grande pubblico? La curiosit\u00e0 intorno alle sue foto di giovent\u00f9 \u00e8 immensa \u2014 e le immagini autentiche, esse, rimangono rare. Questo articolo raccoglie tutto ci\u00f2 che sappiamo della sua giovent\u00f9 a 20 anni: il suo ambiente familiare, il suo percorso scolastico, il suo stile dell&rsquo;epoca, i suoi studi, il suo primo matrimonio e le poche foto che testimoniano questo periodo.<\/p>\n\n\n\n<ol class=\"wp-block-list\">\n<li><a href=\"#brigitte-trogneux-20-ans\">Brigitte Trogneux a 20 anni: il contesto<\/a><\/li>\n\n\n\n<li><a href=\"#photos-disponibles\">Le foto di Brigitte Macron giovane: ci\u00f2 che esiste davvero<\/a><\/li>\n\n\n\n<li><a href=\"#enfance-amiens\">Infanzia ad Amiens e famiglia Trogneux<\/a><\/li>\n\n\n\n<li><a href=\"#scolarite-sacre-coeur\">Percorso scolastico al Sacr\u00e9-C\u0153ur: tra rigore e passione per le lettere<\/a><\/li>\n\n\n\n<li><a href=\"#etudes-litteraires\">Studi di lettere e tesi sull&rsquo;amore cortese<\/a><\/li>\n\n\n\n<li><a href=\"#style-jeunesse\">Il suo stile negli anni &rsquo;70: eleganza sobria<\/a><\/li>\n\n\n\n<li><a href=\"#premier-mariage-auziere\">Il primo matrimonio con Andr\u00e9-Louis Auzi\u00e8re (1974)<\/a><\/li>\n\n\n\n<li><a href=\"#carriere-enseignante\">Da addetta stampa a insegnante di lettere<\/a><\/li>\n\n\n\n<li><a href=\"#rencontre-emmanuel-macron\">L&rsquo;incontro con Emmanuel Macron nel 1992<\/a><\/li>\n<\/ol>\n\n\n\n<h2 class=\"wp-block-heading\" id=\"brigitte-trogneux-20-ans\">Brigitte Trogneux a 20 anni: il contesto<\/h2>\n\n\n\n<p>Nel 1973, Brigitte Trogneux ha 20 anni. Vive ancora ad Amiens, la sua citt\u00e0 natale, nella casa familiare di una delle famiglie borghesi pi\u00f9 conosciute della citt\u00e0. <strong>Ha appena conseguito il diploma di maturit\u00e0 con il massimo dei voti<\/strong>, ottenuto nel 1972 al liceo Sacr\u00e9-C\u0153ur di Amiens, all&rsquo;et\u00e0 di 19 anni. Si prepara a iniziare studi universitari in lettere classiche, una disciplina per cui si appassioner\u00e0 tanto da dedicare la sua tesi di laurea all&rsquo;\u00abamore cortese\u00bb.<\/p>\n\n\n\n<p>La Francia del 1973 \u00e8 in piena mutazione sociale: i codici di abbigliamento si allentano, le donne accedono massicciamente all&rsquo;universit\u00e0, e le grandi famiglie di provincia come i Trogneux restano ancorate a valori sia tradizionali che colti. \u00c8 in questo contesto che si forma la personalit\u00e0 della futura First Lady.<\/p>\n\n\n\n<h2 class=\"wp-block-heading\" id=\"photos-disponibles\">Le foto di Brigitte Macron giovane: ci\u00f2 che esiste davvero<\/h2>\n\n\n\n<p>La rarit\u00e0 delle foto di Brigitte Macron giovane \u00e8 una delle prime cose che si nota cercando. <strong>Tra i 15 e i 40 anni, le immagini autentiche sono molto poche<\/strong>, se non quasi inesistenti nello spazio pubblico. Nessuna serie ufficiale, nessun album reso pubblico da lei o dal suo entourage copre questo periodo.<\/p>\n\n\n\n<h3 class=\"wp-block-heading\">Le foto conosciute e verificate<\/h3>\n\n\n\n<ul class=\"wp-block-list\">\n<li><strong>Foto di comunione:<\/strong> una delle rare immagini d&rsquo;infanzia certificate, spesso ripresa in biografie e reportage televisivi<\/li>\n\n\n\n<li><strong>Foto di classe al Sacr\u00e9-C\u0153ur:<\/strong> alcune immagini d&rsquo;archivio scolastico circolano in reportage consacrati al suo percorso<\/li>\n\n\n\n<li><strong>Foto da insegnante negli anni &rsquo;90:<\/strong> immagini che la mostrano nella sua classe ad Amiens, sorridente di fronte ai suoi alunni, nei primi anni del suo incarico al liceo La Providence<\/li>\n\n\n\n<li><strong>Una rara immagine da beb\u00e8:<\/strong> una cattura da un reportage di France 3 \u00e8 stata ripresa in diversi articoli biografici<\/li>\n<\/ul>\n\n\n\n<p>Brigitte Macron non ha mai diffuso di persona foto personali di giovent\u00f9, <strong>testimoniando una costante discrezione su questo periodo<\/strong>. Sua figlia Tiphaine Auzi\u00e8re ha confermato durante il processo per cyberbullismo nell&rsquo;ottobre 2025 che sua madre deve ora monitorare ogni immagine per evitare distorsioni \u2014 il che rende ancora pi\u00f9 improbabile qualsiasi diffusione spontanea di vecchi scatti.<\/p>\n\n\n\n<h3 class=\"wp-block-heading\">Come distinguere le vere foto dalle false<\/h3>\n\n\n\n<p>Con la proliferazione di teorie complottiste intorno alla sua identit\u00e0 dal 2021, molte foto false circolano online sotto il titolo \u00ab\u00a0Brigitte Macron giovane\u00a0\u00bb. Per distinguere l&rsquo;autentico dal fabbricato, alcuni semplici punti di riferimento:<\/p>\n\n\n\n<ul class=\"wp-block-list\">\n<li>Verificare la fonte: le foto credibili provengono da media noti (Paris Match, archivi FR3, Le Point) o da biografie pubblicate<\/li>\n\n\n\n<li>Eseguire una ricerca inversa tramite Google Images o TinEye per individuare la prima occorrenza dell&rsquo;immagine online<\/li>\n\n\n\n<li>Verificare la coerenza dell&rsquo;abbigliamento e dei capelli con gli anni &rsquo;60-&rsquo;70 ad Amiens<\/li>\n\n\n\n<li>Ignorare qualsiasi immagine pubblicata esclusivamente su siti complottisti o social media senza fonte identificata<\/li>\n<\/ul>\n\n\n\n<h2 class=\"wp-block-heading\" id=\"enfance-amiens\">Infanzia ad Amiens e famiglia Trogneux<\/h2>\n\n\n\n<p>Brigitte Marie-Claude Trogneux nasce il 13 aprile 1953 ad Amiens, <strong>beniamina di una fratria di sei figli<\/strong>. Suo padre, Jean Trogneux, dirige la cioccolateria familiare fondata nel 1872 \u2014 un&rsquo;istituzione ami\u00e9noise famosa per i suoi macarons. Sua madre, Simone Pujol, moglie di Jean Trogneux dal 26 settembre 1931, trasforma il salotto familiare in un vero e proprio focolare artistico dove creativit\u00e0 ed esigente coesistono.<\/p>\n\n\n\n<p>I suoi fratelli e sorelle sono Jean-Claude Trogneux (nato nel 1933, deceduto nel novembre 2018), Anne-Marie Trogneux (nata nel 1932, deceduta nel luglio 2025), Monique Trogneux (nata nel 1941, moglie di Jean-Claude Gueudet, uno dei pi\u00f9 grandi concessionari automobilistici del paese) e Jean-Michel Trogneux (nato l&rsquo;11 febbraio 1945). Brigitte \u00e8 la pi\u00f9 giovane, <strong>coccolata dai genitori che le \u00ab concedevano tutto o quasi \u00bb<\/strong>, come ha confessato nel libro <em>Brigitte Macron, la confidente<\/em>.<\/p>\n\n\n\n<blockquote class=\"wp-block-quote is-layout-flow wp-block-quote-is-layout-flow\">\n<p>\u00ab Potevo fare tutto, anche portare voti scarsi. \u00bb<br>\u2014 Brigitte Macron, sulla sua infanzia nella casa familiare di Amiens<\/p>\n<\/blockquote>\n\n\n\n<p>Questa libert\u00e0 a casa contrasta con la disciplina rigorosa della sua scolarit\u00e0 \u2014 e questa doppia esperienza plasmer\u00e0 duramente la sua futura pedagogia: esigente sul fondo, umana nella forma.<\/p>\n\n\n\n<h2 class=\"wp-block-heading\" id=\"scolarite-sacre-coeur\">Percorso scolastico al Sacr\u00e9-C\u0153ur: tra rigore e passione per le lettere<\/h2>\n\n\n\n<p>Brigitte Trogneux completa tutto il suo percorso scolastico all&rsquo;<strong>istituzione cattolica del Sacr\u00e9-C\u0153ur di Amiens<\/strong>, un istituto noto per la sua esigente accademica, dove \u00ab la maggior parte delle lezioni \u00e8 tenuta da suore e la confessione si tiene due volte a settimana \u00bb. Questo contesto strutturato le insegna valori di assiduit\u00e0 e disciplina che segneranno profondamente la sua futura carriera di insegnante.<\/p>\n\n\n\n<p>\u00c8 in questo contesto scolastico rigoroso che si rivela la sua passione per la letteratura francese e il teatro. Il teatro, in particolare, occupa fin da subito un posto di rilievo nella sua vita \u2014 nutre il suo bisogno di trasmettere, di prendere la parola, di testare l&rsquo;immaginario. Ottiene il diploma di maturit\u00e0 con <strong>il massimo dei voti nel 1972<\/strong>, a 19 anni.<\/p>\n\n\n\n<h2 class=\"wp-block-heading\" id=\"etudes-litteraires\">Studi di lettere e tesi sull&rsquo;amore cortese<\/h2>\n\n\n\n<p>A 20 anni, nel 1973, Brigitte Trogneux \u00e8 studentessa di lettere classiche. Ottiene una <strong>laurea in lettere classiche<\/strong> e dedica la sua tesi di laurea a <strong>\u00ab l&rsquo;amore cortese \u00bb<\/strong> \u2014 tema che, retrospettivamente, acquista un significato particolare in relazione alla storia d&rsquo;amore atipica che vivr\u00e0 due decenni dopo.<\/p>\n\n\n\n<p>All&rsquo;inizio degli anni &rsquo;80, prima di entrare completamente nell&rsquo;insegnamento, lavora per due anni come <strong>addetta stampa alla camera di commercio del Nord-Pas-de-Calais<\/strong>. Una parentesi professionale che testimonia la sua curiosit\u00e0 e la sua capacit\u00e0 di investire in ambiti vari. Solo nel 1986 ottiene il CAPES di lettere classiche, dopo la nascita del suo terzo figlio.<\/p>\n\n\n\n<h2 class=\"wp-block-heading\" id=\"style-jeunesse\">Il suo stile negli anni &rsquo;70: eleganza sobria<\/h2>\n\n\n\n<p>Le rare foto di Brigitte Macron giovane che circolano nei media mostrano una giovane donna dal <strong>stile semplice e curato, caratteristico degli anni &rsquo;70 nella borghesia ami\u00e9noise<\/strong>: capelli corti, abiti classici e discreti, aspetto elegante senza ostentazione. Secondo coloro che l&rsquo;hanno conosciuta all&rsquo;epoca, gi\u00e0 esprimeva questa <strong>sicurezza tranquilla<\/strong> che la caratterizza oggi.<\/p>\n\n\n\n<p>Il suo sorriso \u00e8 spesso citato come l&rsquo;elemento pi\u00f9 notevole in queste immagini antiche \u2014 un sorriso che, secondo diverse fonti biografiche, non \u00e8 cambiato sostanzialmente nel corso delle decadi. Ci\u00f2 che si ritrova anche in queste immagini: uno sguardo deciso, una postura sicura e una presenza naturale che non deve nulla alla messa in scena.<\/p>\n\n\n\n<h2 class=\"wp-block-heading\" id=\"premier-mariage-auziere\">Il primo matrimonio con Andr\u00e9-Louis Auzi\u00e8re (1974)<\/h2>\n\n\n\n<p>Il 22 giugno 1974, all&rsquo;et\u00e0 di 21 anni, Brigitte Trogneux sposa <strong>Andr\u00e9-Louis Auzi\u00e8re<\/strong> a Touquet-Paris-Plage. Nato a \u00c9s\u00e9ka in Camerun, Andr\u00e9-Louis Auzi\u00e8re \u00e8 banchiere, figlio di Louis Auzi\u00e8re, alto funzionario nel Camerun francese. La coppia si stabilisce e costruisce una vita familiare: tre figli nasceranno da questa unione \u2014 <strong>S\u00e9bastien Auzi\u00e8re<\/strong> (1975), ingegnere statistico, <strong>Laurence Auzi\u00e8re<\/strong> (1977), cardiologa, e <strong>Tiphaine Auzi\u00e8re<\/strong> (1984).<\/p>\n\n\n\n<p>Nel 1984, la famiglia si trasferisce a Truchtersheim nel Bas-Rhin, a causa del trasferimento professionale di Andr\u00e9-Louis Auzi\u00e8re. Brigitte Macron si impegna nella vita associativa locale e appare anche, nel 1989, su una lista indipendente \u00ab Truchtersheim demain \u00bb alle elezioni municipali \u2014 senza essere eletta. La famiglia lascia poi l&rsquo;Alsazia per tornare ad Amiens, dove Brigitte entra nel liceo La Providence come insegnante di lettere e teatro.<\/p>\n\n\n\n<h2 class=\"wp-block-heading\" id=\"carriere-enseignante\">Da addetta stampa a insegnante di lettere<\/h2>\n\n\n\n<p>Il percorso professionale di Brigitte Macron \u00e8 pi\u00f9 tortuoso di quanto spesso si immagini. Dopo i suoi studi e due anni alla camera di commercio, ottiene il CAPES di lettere classiche nel 1986, dopo la nascita del suo terzo figlio. Insegna inizialmente francese e latino al <strong>collegio Lucie-Berger di Strasburgo<\/strong>, un istituto privato protestante, dal 1986 al 1991.<\/p>\n\n\n\n<figure class=\"wp-block-table\"><table class=\"has-fixed-layout\"><thead><tr><th>Periodo<\/th><th>Posizione<\/th><th>Istituto<\/th><\/tr><\/thead><tbody><tr><td>Inizio anni &rsquo;80<\/td><td>Addetta stampa<\/td><td>Camera di commercio Nord-Pas-de-Calais<\/td><\/tr><tr><td>1986\u20131991<\/td><td>Professoressa di francese e latino<\/td><td>Collegio Lucie-Berger, Strasburgo<\/td><\/tr><tr><td>1991\u20132007<\/td><td>Professoressa di lettere e teatro<\/td><td>Liceo La Providence, Amiens<\/td><\/tr><tr><td>2007\u20132015<\/td><td>Professoressa di francese<\/td><td>Liceo Saint-Louis-de-Gonzague, Parigi<\/td><\/tr><tr><td>Dal 2015<\/td><td>First lady, disponibilit\u00e0 Educazione nazionale<\/td><td>\u2014<\/td><\/tr><\/tbody><\/table><\/figure>\n\n\n\n<p>A Parigi, al liceo gesuita Saint-Louis-de-Gonzague (detto Franklin), insegna anche ai figli di Bernard Arnault. Nel settembre 2015, si mette in disponibilit\u00e0 dall&rsquo;Educazione nazionale per dedicarsi completamente alla campagna presidenziale di Emmanuel Macron.<\/p>\n\n\n\n<h2 class=\"wp-block-heading\" id=\"rencontre-emmanuel-macron\">L&rsquo;incontro con Emmanuel Macron nel 1992<\/h2>\n\n\n\n<p>L&rsquo;incontro tra Brigitte Auzi\u00e8re ed Emmanuel Macron avviene nell&rsquo;anno scolastico 1992-1993, al liceo La Providence di Amiens. Lei dirige un laboratorio di teatro. Tra i suoi alunni: un ragazzo di 15 anni, in seconda \u2014 <strong>nella stessa classe di sua figlia Laurence<\/strong>. Si chiama Emmanuel Macron. Lei confider\u00e0 poi di essere stata \u00ab totalmente affascinata dall&rsquo;intelligenza di questo ragazzo \u00bb.<\/p>\n\n\n\n<blockquote class=\"wp-block-quote is-layout-flow wp-block-quote-is-layout-flow\">\n<p>\u00ab La scrittura ci riuniva ogni venerd\u00ec e ha innescato una incredibile vicinanza. \u00bb<br>\u2014 Brigitte Macron a Paris Match<\/p>\n<\/blockquote>\n\n\n\n<p>La loro relazione si sviluppa attorno a una passione comune per la letteratura e il teatro. Una prima rappresentazione di fine anno li vede collaborare su un&rsquo;adattamento del raccolta <em>La Com\u00e9die du langage<\/em> di Jean Tardieu, in cui Emmanuel recita nella parte di uno spaventapasseri. L&rsquo;anno successivo, rielaborano insieme <em>L&rsquo;Art de la com\u00e9die<\/em> di Eduardo De Filippo. Emmanuel Macron, a 17 anni, le promette che la sposer\u00e0. <strong>Si sposano il 20 ottobre 2007<\/strong>, dopo che Brigitte ha divorziato da Andr\u00e9-Louis Auzi\u00e8re \u2014 deceduto nel 2019.<\/p>\n\n\n\n<p>Questa differenza di et\u00e0 di ventiquattro anni, a lungo commentata con curiosit\u00e0 dai media, \u00e8 stata anche strumentalizzata da ambienti complottisti per alimentare voci infondate \u2014 in particolare la teoria transfobica su Jean-Michel Trogneux, condannata dai tribunali francesi nel 2023 e poi nel gennaio 2026.<\/p>\n\n\n\n<h2 class=\"wp-block-heading\">Conclusione<\/h2>\n\n\n\n<p>Brigitte Macron a 20 anni \u00e8 una giovane donna di Amiens, proveniente da una grande famiglia di cioccolatieri, appassionata di lettere e teatro, che ha appena conseguito il diploma con il massimo dei voti e si prepara a dedicare la sua tesi all&rsquo;amore cortese. Le foto autentiche di questo periodo sono rare \u2014 ma i pochi scatti che esistono mostrano una personalit\u00e0 gi\u00e0 affermata, uno stile sobrio ed elegante e un sorriso riconoscibile. Il suo percorso, da addetta stampa a insegnante rinomata fino a First lady, forma una traiettoria coerente, fatta di passione per la cultura e di costante capacit\u00e0 di reinventarsi.<\/p>\n\n\n\n<h2 class=\"wp-block-heading\">FAQ<\/h2>\n\n\n\n<h3 class=\"wp-block-heading\">A cosa assomigliava Brigitte Macron a 20 anni?<\/h3>\n\n\n\n<p>A 20 anni, nel 1973, Brigitte Trogneux era una giovane donna studente di lettere ad Amiens, con uno stile sobrio ed elegante caratteristico degli anni &rsquo;70. Le rare foto disponibili mostrano una giovane donna con un sorriso deciso, capelli corti, aspetto curato e una presenza naturale gi\u00e0 notevole, secondo coloro che l&rsquo;hanno conosciuta all&rsquo;epoca.<\/p>\n\n\n\n<h3 class=\"wp-block-heading\">Dove trovare foto di Brigitte Macron giovane?<\/h3>\n\n\n\n<p>Le foto autentiche di <a href=\"https:\/\/www.sebastien-auziere.fr\/blog\/brigitte-macron-1980\/\">Brigitte Macron giovane<\/a> sono rare. Le pi\u00f9 conosciute sono state pubblicate in reportage televisivi (France 3), biografie o riviste come Le Point e Paris Match. Nessuna serie ufficiale \u00e8 mai stata resa pubblica n\u00e9 da lei n\u00e9 dal suo entourage. Le foto circolanti su siti complottisti sono per la maggior parte non verificabili o fabbricate.<\/p>\n\n\n\n<h3 class=\"wp-block-heading\">Cosa faceva Brigitte Macron a 20 anni?<\/h3>\n\n\n\n<p>Nel 1973, Brigitte Trogneux aveva appena conseguito il diploma di maturit\u00e0 con il massimo dei voti e stava iniziando una laurea in lettere classiche all&rsquo;universit\u00e0 di Amiens. Viveva ancora nella casa familiare, nell&rsquo;universo della cioccolateria Trogneux fondata nel 1872, prima di sposare Andr\u00e9-Louis Auzi\u00e8re nel giugno 1974.<\/p>\n\n\n\n<h3 class=\"wp-block-heading\">Brigitte Macron ha pubblicato foto della sua giovent\u00f9?<\/h3>\n\n\n\n<p>No. Brigitte Macron non ha mai reso pubbliche foto personali della sua giovent\u00f9. La sua discrezione su questo periodo \u00e8 costante. Sua figlia Tiphaine Auzi\u00e8re ha confermato durante il processo per cyberbullismo nel 2025 che sua madre monitora attentamente l&rsquo;uso della sua immagine per evitare distorsioni.<\/p>\n\n\n\n<h3 class=\"wp-block-heading\">Quando Brigitte Macron ha incontrato Emmanuel Macron?<\/h3>\n\n\n\n<p>Brigitte Macron ha incontrato Emmanuel Macron durante l&rsquo;anno scolastico 1992-1993, al liceo La Providence di Amiens, dove insegnava teatro. Lui aveva 15 anni, lei 39. Si sono sposati il 20 ottobre 2007, dopo che Brigitte ha divorziato dal suo primo marito, Andr\u00e9-Louis Auzi\u00e8re.<\/p>\n\n\n\n<h3 class=\"wp-block-heading\">Quanti figli ha Brigitte Macron?<\/h3>\n\n\n\n<p>Brigitte Macron ha tre figli frutto del suo primo matrimonio con Andr\u00e9-Louis Auzi\u00e8re: S\u00e9bastien Auzi\u00e8re (nato nel 1975), ingegnere statistico; Laurence Auzi\u00e8re (nata nel 1977), cardiologa; e Tiphaine Auzi\u00e8re (nata nel 1984). \u00c8 anche nonna di sette nipoti. Emmanuel Macron non ha figli biologici.<\/p>\n\n\n\n<h3 class=\"wp-block-heading\">Perch\u00e9 le foto di Brigitte Macron giovane sono rare?<\/h3>\n\n\n\n<p>Brigitte Macron \u00e8 cresciuta e ha vissuto fino a 64 anni in una relativa discrezione, lontano dai media. Prima del 2017 e dell&rsquo;elezione di Emmanuel Macron alla presidenza, non era una personalit\u00e0 pubblica. Gli archivi fotografici della sua giovent\u00f9 non sono mai stati costituiti n\u00e9 diffusi, a differenza delle personalit\u00e0 che entrano nella vita pubblica sin dalla loro giovent\u00f9.<\/p>\n\n\n\n<p><br \/>\n[<br \/>\n  {<br \/>\n    \u00ab\u00a0@context\u00a0\u00bb: \u00ab\u00a0https:\/\/schema.org\u00a0\u00bb,<br \/>\n    \u00ab\u00a0@type\u00a0\u00bb: \u00ab\u00a0Article\u00a0\u00bb,<br \/>\n    \u00ab\u00a0headline\u00a0\u00bb: \u00ab\u00a0Brigitte Macron giovane: a cosa assomigliava a 20 anni?\u00a0\u00bb,<br \/>\n    \u00ab\u00a0description\u00a0\u00bb: \u00ab\u00a0Brigitte Macron a 20 anni: foto rare, infanzia ad Amiens, famiglia Trogneux, studi di lettere, primo matrimonio e incontro con Emmanuel Macron. Tutto ci\u00f2 che sappiamo della sua giovent\u00f9.\u00a0\u00bb,<br \/>\n    \u00ab\u00a0inLanguage\u00a0\u00bb: \u00ab\u00a0fr\u00a0\u00bb,<br \/>\n    \u00ab\u00a0about\u00a0\u00bb: {<br \/>\n      \u00ab\u00a0@type\u00a0\u00bb: \u00ab\u00a0Person\u00a0\u00bb,<br \/>\n      \u00ab\u00a0name\u00a0\u00bb: \u00ab\u00a0Brigitte Macron\u00a0\u00bb,<br \/>\n      \u00ab\u00a0birthDate\u00a0\u00bb: \u00ab\u00a01953-04-13\u00a0\u00bb,<br \/>\n      \u00ab\u00a0birthPlace\u00a0\u00bb: \u00ab\u00a0Amiens, Francia\u00a0\u00bb,<br \/>\n      \u00ab\u00a0spouse\u00a0\u00bb: {\u00ab\u00a0@type\u00a0\u00bb: \u00ab\u00a0Person\u00a0\u00bb, \u00ab\u00a0name\u00a0\u00bb: \u00ab\u00a0Emmanuel Macron\u00a0\u00bb}<br \/>\n    }<br \/>\n  },<br \/>\n  {<br \/>\n    \u00ab\u00a0@context\u00a0\u00bb: \u00ab\u00a0https:\/\/schema.org\u00a0\u00bb,<br \/>\n    \u00ab\u00a0@type\u00a0\u00bb: \u00ab\u00a0FAQPage\u00a0\u00bb,<br \/>\n    \u00ab\u00a0mainEntity\u00a0\u00bb: [<br \/>\n      {<br \/>\n        \u00ab\u00a0@type\u00a0\u00bb: \u00ab\u00a0Question\u00a0\u00bb,<br \/>\n        \u00ab\u00a0name\u00a0\u00bb: \u00ab\u00a0A cosa assomigliava Brigitte Macron a 20 anni?\u00a0\u00bb,<br \/>\n        \u00ab\u00a0acceptedAnswer\u00a0\u00bb: {<br \/>\n          \u00ab\u00a0@type\u00a0\u00bb: \u00ab\u00a0Answer\u00a0\u00bb,<br \/>\n          \u00ab\u00a0text\u00a0\u00bb: \u00ab\u00a0A 20 anni, nel 1973, Brigitte Trogneux era una giovane donna studente di lettere ad Amiens, con uno stile sobrio ed elegante caratteristico degli anni &rsquo;70, con un sorriso deciso e una presenza naturale gi\u00e0 notevole.\u00a0\u00bb<br \/>\n        }<br \/>\n      },<br \/>\n      {<br \/>\n        \u00ab\u00a0@type\u00a0\u00bb: \u00ab\u00a0Question\u00a0\u00bb,<br \/>\n        \u00ab\u00a0name\u00a0\u00bb: \u00ab\u00a0Dove trovare foto di Brigitte Macron giovane?\u00a0\u00bb,<br \/>\n        \u00ab\u00a0acceptedAnswer\u00a0\u00bb: {<br \/>\n          \u00ab\u00a0@type\u00a0\u00bb: \u00ab\u00a0Answer\u00a0\u00bb,<br \/>\n          \u00ab\u00a0text\u00a0\u00bb: \u00ab\u00a0Le foto autentiche di Brigitte Macron giovane sono rare. Le pi\u00f9 conosciute sono state pubblicate in reportage di France 3, biografie e riviste come Le Point e Paris Match. Nessuna serie ufficiale \u00e8 stata resa pubblica.\u00a0\u00bb<br \/>\n        }<br \/>\n      },<br \/>\n      {<br \/>\n        \u00ab\u00a0@type\u00a0\u00bb: \u00ab\u00a0Question\u00a0\u00bb,<br \/>\n        \u00ab\u00a0name\u00a0\u00bb: \u00ab\u00a0Cosa faceva Brigitte Macron a 20 anni?\u00a0\u00bb,<br \/>\n        \u00ab\u00a0acceptedAnswer\u00a0\u00bb: {<br \/>\n          \u00ab\u00a0@type\u00a0\u00bb: \u00ab\u00a0Answer\u00a0\u00bb,<br \/>\n          \u00ab\u00a0text\u00a0\u00bb: \u00ab\u00a0Nel 1973, a 20 anni, Brigitte Trogneux aveva appena conseguito il diploma di maturit\u00e0 con il massimo dei voti e stava iniziando una laurea in lettere classiche ad Amiens, prima di sposare Andr\u00e9-Louis Auzi\u00e8re nel giugno 1974.\u00a0\u00bb<br \/>\n        }<br \/>\n      },<br \/>\n      {<br \/>\n        \u00ab\u00a0@type\u00a0\u00bb: \u00ab\u00a0Question\u00a0\u00bb,<br \/>\n        \u00ab\u00a0name\u00a0\u00bb: \u00ab\u00a0Quando Brigitte Macron ha incontrato Emmanuel Macron?\u00a0\u00bb,<br \/>\n        \u00ab\u00a0acceptedAnswer\u00a0\u00bb: {<br \/>\n          \u00ab\u00a0@type\u00a0\u00bb: \u00ab\u00a0Answer\u00a0\u00bb,<br \/>\n          \u00ab\u00a0text\u00a0\u00bb: \u00ab\u00a0Brigitte Macron ha incontrato Emmanuel Macron durante l&rsquo;anno scolastico 1992-1993 al liceo La Providence di Amiens, dove insegnava teatro. Lui aveva 15 anni, lei 39. Si sono sposati il 20 ottobre 2007.\u00a0\u00bb<br \/>\n        }<br \/>\n      },<br \/>\n      {<br \/>\n        \u00ab\u00a0@type\u00a0\u00bb: \u00ab\u00a0Question\u00a0\u00bb,<br \/>\n        \u00ab\u00a0name\u00a0\u00bb: \u00ab\u00a0Quanti figli ha Brigitte Macron?\u00a0\u00bb,<br \/>\n        \u00ab\u00a0acceptedAnswer\u00a0\u00bb: {<br \/>\n          \u00ab\u00a0@type\u00a0\u00bb: \u00ab\u00a0Answer\u00a0\u00bb,<br \/>\n          \u00ab\u00a0text\u00a0\u00bb: \u00ab\u00a0Brigitte Macron ha tre figli frutto del suo primo matrimonio: S\u00e9bastien Auzi\u00e8re (1975), Laurence Auzi\u00e8re (1977) e Tiphaine Auzi\u00e8re (1984). \u00c8 grand madre di sette nipoti. Emmanuel Macron non ha figli biologici.\u00a0\u00bb<br \/>\n        }<br \/>\n      },<br \/>\n      {<br \/>\n        \u00ab\u00a0@type\u00a0\u00bb: \u00ab\u00a0Question\u00a0\u00bb,<br \/>\n        \u00ab\u00a0name\u00a0\u00bb: \u00ab\u00a0Perch\u00e9 le foto di Brigitte Macron giovane sono rare?\u00a0\u00bb,<br \/>\n        \u00ab\u00a0acceptedAnswer\u00a0\u00bb: {<br \/>\n          \u00ab\u00a0@type\u00a0\u00bb: \u00ab\u00a0Answer\u00a0\u00bb,<br \/>\n          \u00ab\u00a0text\u00a0\u00bb: \u00ab\u00a0Brigitte Macron ha vissuto in una relativa discrezione fino al 2017. Prima dell&rsquo;elezione di Emmanuel Macron, non era una personalit\u00e0 pubblica, e gli archivi fotografici della sua giovent\u00f9 non sono stati mai costituiti n\u00e9 diffusi.\u00a0\u00bb<br \/>\n        }<br \/>\n      }<br \/>\n    ]<br \/>\n  }<br \/>\n]<br \/>\n<\/p>\n\n\n\n<p><br>\n<\/p>\n","protected":false},"excerpt":{"rendered":"<p>Immagine generata da intelligenza artificiale, illustrazione non reale. Essenziale: Brigitte Macron, nata Trogneux il 13 aprile 1953 ad Amiens, aveva 20 anni nel 1973. A quest&rsquo;et\u00e0, aveva appena conseguito il diploma di maturit\u00e0 con il massimo dei voti e stava iniziando una laurea in lettere classiche. Le foto di Brigitte Macron giovane sono rare: alcune &#8230; <a title=\"Brigitte Macron giovane : com&rsquo;era a 20 anni ?\" class=\"read-more\" href=\"https:\/\/www.sebastien-auziere.fr\/blog\/it\/brigitte-macron-giovane-come-appariva-a-20-anni\/\" aria-label=\"En savoir plus sur Brigitte Macron giovane : com&rsquo;era a 20 anni ?\">Lire plus<\/a><\/p>\n","protected":false},"author":4,"featured_media":2360,"comment_status":"open","ping_status":"open","sticky":false,"template":"","format":"standard","meta":{"footnotes":""},"categories":[843],"tags":[],"class_list":["post-2378","post","type-post","status-publish","format-standard","has-post-thumbnail","hentry","category-non-classe-it"],"yoast_head":"<!-- This site is optimized with the Yoast SEO plugin v27.5 - https:\/\/yoast.com\/product\/yoast-seo-wordpress\/ -->\n<title>Brigitte Macron giovane : com&#039;era a 20 anni ? - Fan site S\u00e9bastien Auzi\u00e8re<\/title>\n<meta name=\"robots\" content=\"index, follow, max-snippet:-1, max-image-preview:large, max-video-preview:-1\" \/>\n<link rel=\"canonical\" href=\"https:\/\/www.sebastien-auziere.fr\/blog\/it\/brigitte-macron-giovane-come-appariva-a-20-anni\/\" \/>\n<meta property=\"og:locale\" content=\"fr_FR\" \/>\n<meta property=\"og:type\" content=\"article\" \/>\n<meta property=\"og:title\" content=\"Brigitte Macron giovane : com&#039;era a 20 anni ? - Fan site S\u00e9bastien Auzi\u00e8re\" \/>\n<meta property=\"og:description\" content=\"Immagine generata da intelligenza artificiale, illustrazione non reale. Essenziale: Brigitte Macron, nata Trogneux il 13 aprile 1953 ad Amiens, aveva 20 anni nel 1973. A quest&rsquo;et\u00e0, aveva appena conseguito il diploma di maturit\u00e0 con il massimo dei voti e stava iniziando una laurea in lettere classiche. Le foto di Brigitte Macron giovane sono rare: alcune ... Lire plus\" \/>\n<meta property=\"og:url\" content=\"https:\/\/www.sebastien-auziere.fr\/blog\/it\/brigitte-macron-giovane-come-appariva-a-20-anni\/\" \/>\n<meta property=\"og:site_name\" content=\"Fan site S\u00e9bastien Auzi\u00e8re\" \/>\n<meta property=\"article:published_time\" content=\"2026-03-07T17:21:44+00:00\" \/>\n<meta property=\"article:modified_time\" content=\"2026-03-18T10:34:29+00:00\" \/>\n<meta property=\"og:image\" content=\"https:\/\/www.sebastien-auziere.fr\/blog\/wp-content\/uploads\/2026\/03\/ChatGPT-Image-7-mars-2026-17_58_29.jpg\" \/>\n\t<meta property=\"og:image:width\" content=\"1536\" \/>\n\t<meta property=\"og:image:height\" content=\"1024\" \/>\n\t<meta property=\"og:image:type\" content=\"image\/jpeg\" \/>\n<meta name=\"author\" content=\"Celine\" \/>\n<meta name=\"twitter:card\" content=\"summary_large_image\" \/>\n<meta name=\"twitter:label1\" content=\"\u00c9crit par\" \/>\n\t<meta name=\"twitter:data1\" content=\"Celine\" \/>\n\t<meta name=\"twitter:label2\" content=\"Dur\u00e9e de lecture estim\u00e9e\" \/>\n\t<meta name=\"twitter:data2\" content=\"13 minutes\" \/>\n<script type=\"application\/ld+json\" class=\"yoast-schema-graph\">{\"@context\":\"https:\\\/\\\/schema.org\",\"@graph\":[{\"@type\":\"Article\",\"@id\":\"https:\\\/\\\/www.sebastien-auziere.fr\\\/blog\\\/it\\\/brigitte-macron-giovane-come-appariva-a-20-anni\\\/#article\",\"isPartOf\":{\"@id\":\"https:\\\/\\\/www.sebastien-auziere.fr\\\/blog\\\/it\\\/brigitte-macron-giovane-come-appariva-a-20-anni\\\/\"},\"author\":{\"name\":\"Celine\",\"@id\":\"https:\\\/\\\/www.sebastien-auziere.fr\\\/blog\\\/#\\\/schema\\\/person\\\/1e270a963009242469ed08b1c461f81f\"},\"headline\":\"Brigitte Macron giovane : com&rsquo;era a 20 anni ?\",\"datePublished\":\"2026-03-07T17:21:44+00:00\",\"dateModified\":\"2026-03-18T10:34:29+00:00\",\"mainEntityOfPage\":{\"@id\":\"https:\\\/\\\/www.sebastien-auziere.fr\\\/blog\\\/it\\\/brigitte-macron-giovane-come-appariva-a-20-anni\\\/\"},\"wordCount\":2532,\"commentCount\":0,\"publisher\":{\"@id\":\"https:\\\/\\\/www.sebastien-auziere.fr\\\/blog\\\/#organization\"},\"image\":{\"@id\":\"https:\\\/\\\/www.sebastien-auziere.fr\\\/blog\\\/it\\\/brigitte-macron-giovane-come-appariva-a-20-anni\\\/#primaryimage\"},\"thumbnailUrl\":\"https:\\\/\\\/www.sebastien-auziere.fr\\\/blog\\\/wp-content\\\/uploads\\\/2026\\\/03\\\/ChatGPT-Image-7-mars-2026-17_58_29.jpg\",\"inLanguage\":\"fr-FR\",\"potentialAction\":[{\"@type\":\"CommentAction\",\"name\":\"Comment\",\"target\":[\"https:\\\/\\\/www.sebastien-auziere.fr\\\/blog\\\/it\\\/brigitte-macron-giovane-come-appariva-a-20-anni\\\/#respond\"]}]},{\"@type\":\"WebPage\",\"@id\":\"https:\\\/\\\/www.sebastien-auziere.fr\\\/blog\\\/it\\\/brigitte-macron-giovane-come-appariva-a-20-anni\\\/\",\"url\":\"https:\\\/\\\/www.sebastien-auziere.fr\\\/blog\\\/it\\\/brigitte-macron-giovane-come-appariva-a-20-anni\\\/\",\"name\":\"Brigitte Macron giovane : com'era a 20 anni ? - Fan site S\u00e9bastien Auzi\u00e8re\",\"isPartOf\":{\"@id\":\"https:\\\/\\\/www.sebastien-auziere.fr\\\/blog\\\/#website\"},\"primaryImageOfPage\":{\"@id\":\"https:\\\/\\\/www.sebastien-auziere.fr\\\/blog\\\/it\\\/brigitte-macron-giovane-come-appariva-a-20-anni\\\/#primaryimage\"},\"image\":{\"@id\":\"https:\\\/\\\/www.sebastien-auziere.fr\\\/blog\\\/it\\\/brigitte-macron-giovane-come-appariva-a-20-anni\\\/#primaryimage\"},\"thumbnailUrl\":\"https:\\\/\\\/www.sebastien-auziere.fr\\\/blog\\\/wp-content\\\/uploads\\\/2026\\\/03\\\/ChatGPT-Image-7-mars-2026-17_58_29.jpg\",\"datePublished\":\"2026-03-07T17:21:44+00:00\",\"dateModified\":\"2026-03-18T10:34:29+00:00\",\"breadcrumb\":{\"@id\":\"https:\\\/\\\/www.sebastien-auziere.fr\\\/blog\\\/it\\\/brigitte-macron-giovane-come-appariva-a-20-anni\\\/#breadcrumb\"},\"inLanguage\":\"fr-FR\",\"potentialAction\":[{\"@type\":\"ReadAction\",\"target\":[\"https:\\\/\\\/www.sebastien-auziere.fr\\\/blog\\\/it\\\/brigitte-macron-giovane-come-appariva-a-20-anni\\\/\"]}]},{\"@type\":\"ImageObject\",\"inLanguage\":\"fr-FR\",\"@id\":\"https:\\\/\\\/www.sebastien-auziere.fr\\\/blog\\\/it\\\/brigitte-macron-giovane-come-appariva-a-20-anni\\\/#primaryimage\",\"url\":\"https:\\\/\\\/www.sebastien-auziere.fr\\\/blog\\\/wp-content\\\/uploads\\\/2026\\\/03\\\/ChatGPT-Image-7-mars-2026-17_58_29.jpg\",\"contentUrl\":\"https:\\\/\\\/www.sebastien-auziere.fr\\\/blog\\\/wp-content\\\/uploads\\\/2026\\\/03\\\/ChatGPT-Image-7-mars-2026-17_58_29.jpg\",\"width\":1536,\"height\":1024,\"caption\":\"Brigitte Macron jeune\"},{\"@type\":\"BreadcrumbList\",\"@id\":\"https:\\\/\\\/www.sebastien-auziere.fr\\\/blog\\\/it\\\/brigitte-macron-giovane-come-appariva-a-20-anni\\\/#breadcrumb\",\"itemListElement\":[{\"@type\":\"ListItem\",\"position\":1,\"name\":\"Home\",\"item\":\"https:\\\/\\\/www.sebastien-auziere.fr\\\/blog\\\/\"},{\"@type\":\"ListItem\",\"position\":2,\"name\":\"Brigitte Macron giovane : com&rsquo;era a 20 anni ?\"}]},{\"@type\":\"WebSite\",\"@id\":\"https:\\\/\\\/www.sebastien-auziere.fr\\\/blog\\\/#website\",\"url\":\"https:\\\/\\\/www.sebastien-auziere.fr\\\/blog\\\/\",\"name\":\"Fan site S\u00e9bastien Auzi\u00e8re\",\"description\":\"M\u00e9dia g\u00e9n\u00e9raliste\",\"publisher\":{\"@id\":\"https:\\\/\\\/www.sebastien-auziere.fr\\\/blog\\\/#organization\"},\"potentialAction\":[{\"@type\":\"SearchAction\",\"target\":{\"@type\":\"EntryPoint\",\"urlTemplate\":\"https:\\\/\\\/www.sebastien-auziere.fr\\\/blog\\\/?s={search_term_string}\"},\"query-input\":{\"@type\":\"PropertyValueSpecification\",\"valueRequired\":true,\"valueName\":\"search_term_string\"}}],\"inLanguage\":\"fr-FR\"},{\"@type\":\"Organization\",\"@id\":\"https:\\\/\\\/www.sebastien-auziere.fr\\\/blog\\\/#organization\",\"name\":\"Fan site S\u00e9bastien Auzi\u00e8re\",\"url\":\"https:\\\/\\\/www.sebastien-auziere.fr\\\/blog\\\/\",\"logo\":{\"@type\":\"ImageObject\",\"inLanguage\":\"fr-FR\",\"@id\":\"https:\\\/\\\/www.sebastien-auziere.fr\\\/blog\\\/#\\\/schema\\\/logo\\\/image\\\/\",\"url\":\"https:\\\/\\\/www.sebastien-auziere.fr\\\/blog\\\/wp-content\\\/uploads\\\/2026\\\/03\\\/cropped-cropped-cropped-ChatGPT-Image-6-mars-2026-12_58_09-e1772798376794.jpg\",\"contentUrl\":\"https:\\\/\\\/www.sebastien-auziere.fr\\\/blog\\\/wp-content\\\/uploads\\\/2026\\\/03\\\/cropped-cropped-cropped-ChatGPT-Image-6-mars-2026-12_58_09-e1772798376794.jpg\",\"width\":512,\"height\":360,\"caption\":\"Fan site S\u00e9bastien Auzi\u00e8re\"},\"image\":{\"@id\":\"https:\\\/\\\/www.sebastien-auziere.fr\\\/blog\\\/#\\\/schema\\\/logo\\\/image\\\/\"}},{\"@type\":\"Person\",\"@id\":\"https:\\\/\\\/www.sebastien-auziere.fr\\\/blog\\\/#\\\/schema\\\/person\\\/1e270a963009242469ed08b1c461f81f\",\"name\":\"Celine\",\"image\":{\"@type\":\"ImageObject\",\"inLanguage\":\"fr-FR\",\"@id\":\"https:\\\/\\\/secure.gravatar.com\\\/avatar\\\/c88d569fbe1fe19a13c7f21ee0f8973822df96073df21850b95af6a09ba820c9?s=96&d=mm&r=g\",\"url\":\"https:\\\/\\\/secure.gravatar.com\\\/avatar\\\/c88d569fbe1fe19a13c7f21ee0f8973822df96073df21850b95af6a09ba820c9?s=96&d=mm&r=g\",\"contentUrl\":\"https:\\\/\\\/secure.gravatar.com\\\/avatar\\\/c88d569fbe1fe19a13c7f21ee0f8973822df96073df21850b95af6a09ba820c9?s=96&d=mm&r=g\",\"caption\":\"Celine\"},\"description\":\"Je m'appelle C\u00e9line, j'ai 31 ans et je suis journaliste sp\u00e9cialis\u00e9e dans le cin\u00e9ma. Passionn\u00e9e par le septi\u00e8me art, j'explore les actualit\u00e9s, les critiques et les tendances du monde cin\u00e9matographique. Mon objectif est de partager ma passion et d'informer les amateurs de films \u00e0 travers des articles percutants et des analyses approfondies.\",\"url\":\"https:\\\/\\\/www.sebastien-auziere.fr\\\/blog\\\/author\\\/celine\\\/\"}]}<\/script>\n<!-- \/ Yoast SEO plugin. -->","yoast_head_json":{"title":"Brigitte Macron giovane : com'era a 20 anni ? - Fan site S\u00e9bastien Auzi\u00e8re","robots":{"index":"index","follow":"follow","max-snippet":"max-snippet:-1","max-image-preview":"max-image-preview:large","max-video-preview":"max-video-preview:-1"},"canonical":"https:\/\/www.sebastien-auziere.fr\/blog\/it\/brigitte-macron-giovane-come-appariva-a-20-anni\/","og_locale":"fr_FR","og_type":"article","og_title":"Brigitte Macron giovane : com'era a 20 anni ? - Fan site S\u00e9bastien Auzi\u00e8re","og_description":"Immagine generata da intelligenza artificiale, illustrazione non reale. Essenziale: Brigitte Macron, nata Trogneux il 13 aprile 1953 ad Amiens, aveva 20 anni nel 1973. A quest&rsquo;et\u00e0, aveva appena conseguito il diploma di maturit\u00e0 con il massimo dei voti e stava iniziando una laurea in lettere classiche. Le foto di Brigitte Macron giovane sono rare: alcune ... Lire plus","og_url":"https:\/\/www.sebastien-auziere.fr\/blog\/it\/brigitte-macron-giovane-come-appariva-a-20-anni\/","og_site_name":"Fan site S\u00e9bastien Auzi\u00e8re","article_published_time":"2026-03-07T17:21:44+00:00","article_modified_time":"2026-03-18T10:34:29+00:00","og_image":[{"width":1536,"height":1024,"url":"https:\/\/www.sebastien-auziere.fr\/blog\/wp-content\/uploads\/2026\/03\/ChatGPT-Image-7-mars-2026-17_58_29.jpg","type":"image\/jpeg"}],"author":"Celine","twitter_card":"summary_large_image","twitter_misc":{"\u00c9crit par":"Celine","Dur\u00e9e de lecture estim\u00e9e":"13 minutes"},"schema":{"@context":"https:\/\/schema.org","@graph":[{"@type":"Article","@id":"https:\/\/www.sebastien-auziere.fr\/blog\/it\/brigitte-macron-giovane-come-appariva-a-20-anni\/#article","isPartOf":{"@id":"https:\/\/www.sebastien-auziere.fr\/blog\/it\/brigitte-macron-giovane-come-appariva-a-20-anni\/"},"author":{"name":"Celine","@id":"https:\/\/www.sebastien-auziere.fr\/blog\/#\/schema\/person\/1e270a963009242469ed08b1c461f81f"},"headline":"Brigitte Macron giovane : com&rsquo;era a 20 anni ?","datePublished":"2026-03-07T17:21:44+00:00","dateModified":"2026-03-18T10:34:29+00:00","mainEntityOfPage":{"@id":"https:\/\/www.sebastien-auziere.fr\/blog\/it\/brigitte-macron-giovane-come-appariva-a-20-anni\/"},"wordCount":2532,"commentCount":0,"publisher":{"@id":"https:\/\/www.sebastien-auziere.fr\/blog\/#organization"},"image":{"@id":"https:\/\/www.sebastien-auziere.fr\/blog\/it\/brigitte-macron-giovane-come-appariva-a-20-anni\/#primaryimage"},"thumbnailUrl":"https:\/\/www.sebastien-auziere.fr\/blog\/wp-content\/uploads\/2026\/03\/ChatGPT-Image-7-mars-2026-17_58_29.jpg","inLanguage":"fr-FR","potentialAction":[{"@type":"CommentAction","name":"Comment","target":["https:\/\/www.sebastien-auziere.fr\/blog\/it\/brigitte-macron-giovane-come-appariva-a-20-anni\/#respond"]}]},{"@type":"WebPage","@id":"https:\/\/www.sebastien-auziere.fr\/blog\/it\/brigitte-macron-giovane-come-appariva-a-20-anni\/","url":"https:\/\/www.sebastien-auziere.fr\/blog\/it\/brigitte-macron-giovane-come-appariva-a-20-anni\/","name":"Brigitte Macron giovane : com'era a 20 anni ? - Fan site S\u00e9bastien Auzi\u00e8re","isPartOf":{"@id":"https:\/\/www.sebastien-auziere.fr\/blog\/#website"},"primaryImageOfPage":{"@id":"https:\/\/www.sebastien-auziere.fr\/blog\/it\/brigitte-macron-giovane-come-appariva-a-20-anni\/#primaryimage"},"image":{"@id":"https:\/\/www.sebastien-auziere.fr\/blog\/it\/brigitte-macron-giovane-come-appariva-a-20-anni\/#primaryimage"},"thumbnailUrl":"https:\/\/www.sebastien-auziere.fr\/blog\/wp-content\/uploads\/2026\/03\/ChatGPT-Image-7-mars-2026-17_58_29.jpg","datePublished":"2026-03-07T17:21:44+00:00","dateModified":"2026-03-18T10:34:29+00:00","breadcrumb":{"@id":"https:\/\/www.sebastien-auziere.fr\/blog\/it\/brigitte-macron-giovane-come-appariva-a-20-anni\/#breadcrumb"},"inLanguage":"fr-FR","potentialAction":[{"@type":"ReadAction","target":["https:\/\/www.sebastien-auziere.fr\/blog\/it\/brigitte-macron-giovane-come-appariva-a-20-anni\/"]}]},{"@type":"ImageObject","inLanguage":"fr-FR","@id":"https:\/\/www.sebastien-auziere.fr\/blog\/it\/brigitte-macron-giovane-come-appariva-a-20-anni\/#primaryimage","url":"https:\/\/www.sebastien-auziere.fr\/blog\/wp-content\/uploads\/2026\/03\/ChatGPT-Image-7-mars-2026-17_58_29.jpg","contentUrl":"https:\/\/www.sebastien-auziere.fr\/blog\/wp-content\/uploads\/2026\/03\/ChatGPT-Image-7-mars-2026-17_58_29.jpg","width":1536,"height":1024,"caption":"Brigitte Macron jeune"},{"@type":"BreadcrumbList","@id":"https:\/\/www.sebastien-auziere.fr\/blog\/it\/brigitte-macron-giovane-come-appariva-a-20-anni\/#breadcrumb","itemListElement":[{"@type":"ListItem","position":1,"name":"Home","item":"https:\/\/www.sebastien-auziere.fr\/blog\/"},{"@type":"ListItem","position":2,"name":"Brigitte Macron giovane : com&rsquo;era a 20 anni ?"}]},{"@type":"WebSite","@id":"https:\/\/www.sebastien-auziere.fr\/blog\/#website","url":"https:\/\/www.sebastien-auziere.fr\/blog\/","name":"Fan site S\u00e9bastien Auzi\u00e8re","description":"M\u00e9dia g\u00e9n\u00e9raliste","publisher":{"@id":"https:\/\/www.sebastien-auziere.fr\/blog\/#organization"},"potentialAction":[{"@type":"SearchAction","target":{"@type":"EntryPoint","urlTemplate":"https:\/\/www.sebastien-auziere.fr\/blog\/?s={search_term_string}"},"query-input":{"@type":"PropertyValueSpecification","valueRequired":true,"valueName":"search_term_string"}}],"inLanguage":"fr-FR"},{"@type":"Organization","@id":"https:\/\/www.sebastien-auziere.fr\/blog\/#organization","name":"Fan site S\u00e9bastien Auzi\u00e8re","url":"https:\/\/www.sebastien-auziere.fr\/blog\/","logo":{"@type":"ImageObject","inLanguage":"fr-FR","@id":"https:\/\/www.sebastien-auziere.fr\/blog\/#\/schema\/logo\/image\/","url":"https:\/\/www.sebastien-auziere.fr\/blog\/wp-content\/uploads\/2026\/03\/cropped-cropped-cropped-ChatGPT-Image-6-mars-2026-12_58_09-e1772798376794.jpg","contentUrl":"https:\/\/www.sebastien-auziere.fr\/blog\/wp-content\/uploads\/2026\/03\/cropped-cropped-cropped-ChatGPT-Image-6-mars-2026-12_58_09-e1772798376794.jpg","width":512,"height":360,"caption":"Fan site S\u00e9bastien Auzi\u00e8re"},"image":{"@id":"https:\/\/www.sebastien-auziere.fr\/blog\/#\/schema\/logo\/image\/"}},{"@type":"Person","@id":"https:\/\/www.sebastien-auziere.fr\/blog\/#\/schema\/person\/1e270a963009242469ed08b1c461f81f","name":"Celine","image":{"@type":"ImageObject","inLanguage":"fr-FR","@id":"https:\/\/secure.gravatar.com\/avatar\/c88d569fbe1fe19a13c7f21ee0f8973822df96073df21850b95af6a09ba820c9?s=96&d=mm&r=g","url":"https:\/\/secure.gravatar.com\/avatar\/c88d569fbe1fe19a13c7f21ee0f8973822df96073df21850b95af6a09ba820c9?s=96&d=mm&r=g","contentUrl":"https:\/\/secure.gravatar.com\/avatar\/c88d569fbe1fe19a13c7f21ee0f8973822df96073df21850b95af6a09ba820c9?s=96&d=mm&r=g","caption":"Celine"},"description":"Je m'appelle C\u00e9line, j'ai 31 ans et je suis journaliste sp\u00e9cialis\u00e9e dans le cin\u00e9ma. Passionn\u00e9e par le septi\u00e8me art, j'explore les actualit\u00e9s, les critiques et les tendances du monde cin\u00e9matographique. Mon objectif est de partager ma passion et d'informer les amateurs de films \u00e0 travers des articles percutants et des analyses approfondies.","url":"https:\/\/www.sebastien-auziere.fr\/blog\/author\/celine\/"}]}},"views":2692,"_links":{"self":[{"href":"https:\/\/www.sebastien-auziere.fr\/blog\/wp-json\/wp\/v2\/posts\/2378","targetHints":{"allow":["GET"]}}],"collection":[{"href":"https:\/\/www.sebastien-auziere.fr\/blog\/wp-json\/wp\/v2\/posts"}],"about":[{"href":"https:\/\/www.sebastien-auziere.fr\/blog\/wp-json\/wp\/v2\/types\/post"}],"author":[{"embeddable":true,"href":"https:\/\/www.sebastien-auziere.fr\/blog\/wp-json\/wp\/v2\/users\/4"}],"replies":[{"embeddable":true,"href":"https:\/\/www.sebastien-auziere.fr\/blog\/wp-json\/wp\/v2\/comments?post=2378"}],"version-history":[{"count":3,"href":"https:\/\/www.sebastien-auziere.fr\/blog\/wp-json\/wp\/v2\/posts\/2378\/revisions"}],"predecessor-version":[{"id":2560,"href":"https:\/\/www.sebastien-auziere.fr\/blog\/wp-json\/wp\/v2\/posts\/2378\/revisions\/2560"}],"wp:featuredmedia":[{"embeddable":true,"href":"https:\/\/www.sebastien-auziere.fr\/blog\/wp-json\/wp\/v2\/media\/2360"}],"wp:attachment":[{"href":"https:\/\/www.sebastien-auziere.fr\/blog\/wp-json\/wp\/v2\/media?parent=2378"}],"wp:term":[{"taxonomy":"category","embeddable":true,"href":"https:\/\/www.sebastien-auziere.fr\/blog\/wp-json\/wp\/v2\/categories?post=2378"},{"taxonomy":"post_tag","embeddable":true,"href":"https:\/\/www.sebastien-auziere.fr\/blog\/wp-json\/wp\/v2\/tags?post=2378"}],"curies":[{"name":"wp","href":"https:\/\/api.w.org\/{rel}","templated":true}]}}