{"id":2376,"date":"2026-03-07T17:19:53","date_gmt":"2026-03-07T17:19:53","guid":{"rendered":"https:\/\/www.sebastien-auziere.fr\/blog\/?p=2376"},"modified":"2026-03-18T10:31:56","modified_gmt":"2026-03-18T10:31:56","slug":"brigitte-macron-jung-wie-sah-sie-mit-20-jahren-aus","status":"publish","type":"post","link":"https:\/\/www.sebastien-auziere.fr\/blog\/de\/brigitte-macron-jung-wie-sah-sie-mit-20-jahren-aus\/","title":{"rendered":"Brigitte Macron jung: Wie sah sie mit 20 Jahren aus?"},"content":{"rendered":"\n<p>Von k\u00fcnstlicher Intelligenz erzeugtes Bild, nicht reale Illustration.<\/p>\n\n\n\n<p>Das Wesentliche: <strong>Brigitte Macron, geborene Trogneux, am 13. April 1953 in Amiens geboren<\/strong>, war 20 Jahre alt im Jahr 1973. In diesem Alter hatte sie gerade ihr Abitur mit Auszeichnung bestanden und begann ein Masterstudium in klassischen Literatur. Die <strong>Bilder von Brigitte Macron in ihrer Jugend sind rar<\/strong>: Einige Archivfotos, die mit ihrer Kommunion, ihrem Studentenleben und ihren ersten Jahren als Lehrerin verbunden sind, kursieren in den Medien, aber keine offizielle Serie wurde jemals ver\u00f6ffentlicht. Die verf\u00fcgbaren Bilder zeigen eine junge Frau <strong>mit einem ausgepr\u00e4gten L\u00e4cheln, elegant und schlicht gekleidet<\/strong>, charakteristisch f\u00fcr den Stil der 1970er Jahre in Amiens.<\/p>\n\n\n\n<p>Wer war Brigitte Macron vor dem \u00c9lys\u00e9e, vor Emmanuel Macron, sogar bevor sie dem breiten Publikum bekannt wurde? Die Neugier um ihre Jugendfotos ist immens \u2014 und die authentischen Bilder sind rar. Dieser Artikel fasst alles zusammen, was wir \u00fcber ihre Jugend im Alter von 20 Jahren wissen: ihr famili\u00e4res Umfeld, ihre Schulzeit, ihren Stil der damaligen Zeit, ihr Studium, ihre erste Ehe und die wenigen Fotos, die von dieser Zeit zeugen.<\/p>\n\n\n\n<ol class=\"wp-block-list\">\n<li><a href=\"#brigitte-trogneux-20-ans\">Brigitte Trogneux mit 20 Jahren: der Kontext<\/a><\/li>\n\n\n\n<li><a href=\"#photos-disponibles\">Die Fotos von Brigitte Macron in ihrer Jugend: was wirklich existiert<\/a><\/li>\n\n\n\n<li><a href=\"#enfance-amiens\">Kindheit in Amiens und die Familie Trogneux<\/a><\/li>\n\n\n\n<li><a href=\"#scolarite-sacre-coeur\">Schulzeit am Sacr\u00e9-C\u0153ur: zwischen Strenge und Leidenschaft f\u00fcr Literatur<\/a><\/li>\n\n\n\n<li><a href=\"#etudes-litteraires\">Literaturstudium und Abschlussarbeit \u00fcber die h\u00f6fische Liebe<\/a><\/li>\n\n\n\n<li><a href=\"#style-jeunesse\">Ihr Stil in den 1970er Jahren: schlichte Eleganz<\/a><\/li>\n\n\n\n<li><a href=\"#premier-mariage-auziere\">Die erste Ehe mit Andr\u00e9-Louis Auzi\u00e8re (1974)<\/a><\/li>\n\n\n\n<li><a href=\"#carriere-enseignante\">Von der Pressesprecherin zur Literaturlehrerin<\/a><\/li>\n\n\n\n<li><a href=\"#rencontre-emmanuel-macron\">Die Begegnung mit Emmanuel Macron im Jahr 1992<\/a><\/li>\n<\/ol>\n\n\n\n<h2 class=\"wp-block-heading\" id=\"brigitte-trogneux-20-ans\">Brigitte Trogneux mit 20 Jahren: der Kontext<\/h2>\n\n\n\n<p>Im Jahr 1973 ist Brigitte Trogneux 20 Jahre alt. Sie lebt noch in Amiens, ihrer Geburtsstadt, im Elternhaus einer der bekanntesten bourgeoisen Familien der Stadt. <strong>Sie hat gerade ihr Abitur mit Auszeichnung bestanden<\/strong>, das sie 1972 am Lyc\u00e9e Sacr\u00e9-C\u0153ur in Amiens mit 19 Jahren erworben hat. Sie bereitet sich darauf vor, ein Studium der klassischen Literatur zu beginnen, eine Disziplin, f\u00fcr die sie sich so begeistert, dass sie ihre Abschlussarbeit dem Thema \u201eh\u00f6fische Liebe\u201c widmet.<\/p>\n\n\n\n<p>Frankreich im Jahr 1973 befindet sich im Wandel: Die Kleidervorschriften lockern sich, Frauen haben massiven Zugang zur Universit\u00e4t, und gro\u00dfe Familien aus der Provinz wie die Trogneux halten an sowohl traditionellen als auch kultivierten Werten fest. In diesem Kontext formt sich die Pers\u00f6nlichkeit der zuk\u00fcnftigen First Lady.<\/p>\n\n\n\n<h2 class=\"wp-block-heading\" id=\"photos-disponibles\">Die Fotos von Brigitte Macron in ihrer Jugend: was wirklich existiert<\/h2>\n\n\n\n<p>Die Seltenheit der Fotos von Brigitte Macron in ihrer Jugend ist eine der ersten Dinge, die beim Suchen auffallen. <strong>Zwischen ihrem 15. und 40. Lebensjahr sind authentische Bilder sehr rar<\/strong>, nahezu nicht existent im \u00f6ffentlichen Raum. Keine offizielle Serie, kein Album, das von ihr oder ihrem Umfeld ver\u00f6ffentlicht wurde, deckt diesen Zeitraum ab.<\/p>\n\n\n\n<h3 class=\"wp-block-heading\">Die bekannten und verifizierten Fotos<\/h3>\n\n\n\n<ul class=\"wp-block-list\">\n<li><strong>Kommunionsfoto:<\/strong> eines der wenigen authentifizierten Kinderbilder, das h\u00e4ufig in Biografien und Fernsehdokumentationen verwendet wird<\/li>\n\n\n\n<li><strong>Klassenzimmerbilder am Sacr\u00e9-C\u0153ur:<\/strong> einige Archivfotos aus der Schulzeit kursieren in Berichten \u00fcber ihren Werdegang<\/li>\n\n\n\n<li><strong>Lehrbilder aus den 1990er Jahren:<\/strong> Bilder, die sie in ihrer Klasse in Amiens zeigen, l\u00e4chelnd gegen\u00fcber ihren Sch\u00fclern in den ersten Jahren ihrer T\u00e4tigkeit am Lyc\u00e9e La Providence<\/li>\n\n\n\n<li><strong>Ein seltenes Babyfoto:<\/strong> eine Aufnahme aus einem Bericht von France 3 wurde in mehreren biografischen Artikeln aufgegriffen<\/li>\n<\/ul>\n\n\n\n<p>Brigitte Macron hat selbst nie pers\u00f6nliche Jugendfotos ver\u00f6ffentlicht, <strong>was von einer st\u00e4ndigen Diskretion \u00fcber diesen Zeitraum zeugt<\/strong>. Ihre Tochter Tiphaine Auzi\u00e8re hat w\u00e4hrend des Prozesses wegen Cybermobbing im Oktober 2025 best\u00e4tigt, dass ihre Mutter nun jede Bildverwendung \u00fcberwachen muss, um Missbrauch zu vermeiden \u2014 was jede spontane Verbreitung alter Aufnahmen noch unwahrscheinlicher macht.<\/p>\n\n\n\n<h3 class=\"wp-block-heading\">Wie man echte Fotos von gef\u00e4lschten unterscheidet<\/h3>\n\n\n\n<p>Mit der Proliferation von Verschw\u00f6rungstheorien zu ihrer Identit\u00e4t seit 2021 kursieren zahlreiche gef\u00e4lschte Fotos im Internet unter dem Titel \u201eBrigitte Macron jung\u201c. Um das Authentische vom Gef\u00e4lschten zu unterscheiden, hier einige einfache Hinweise:<\/p>\n\n\n\n<ul class=\"wp-block-list\">\n<li>\u00dcberpr\u00fcfen Sie die Quelle: Glaubw\u00fcrdige Fotos stammen von bekannten Medien (Paris Match, Archive FR3, Le Point) oder ver\u00f6ffentlichten Biografien<\/li>\n\n\n\n<li>F\u00fchren Sie eine umgekehrte Bildsuche \u00fcber Google Images oder TinEye durch, um das erste Auftreten des Bildes online zu finden<\/li>\n\n\n\n<li>\u00dcberpr\u00fcfen Sie die Kleidungs- und Haarstylings, ob sie mit den 1960er-1970er Jahren in Amiens \u00fcbereinstimmen<\/li>\n\n\n\n<li>Ignorieren Sie jede Aufnahme, die ausschlie\u00dflich auf Verschw\u00f6rungsseiten oder sozialen Netzwerken ohne identifizierte Quelle ver\u00f6ffentlicht wurde<\/li>\n<\/ul>\n\n\n\n<h2 class=\"wp-block-heading\" id=\"enfance-amiens\">Kindheit in Amiens und die Familie Trogneux<\/h2>\n\n\n\n<p>Brigitte Marie-Claude Trogneux wird am 13. April 1953 in Amiens geboren, <strong>das j\u00fcngste von sechs Geschwistern<\/strong>. Ihr Vater, Jean Trogneux, leitet die familiengef\u00fchrte Schokoladenfabrik, die 1872 gegr\u00fcndet wurde \u2014 eine ber\u00fchmte Institution aus Amiens, bekannt f\u00fcr ihre Macarons. Ihre Mutter, Simone Pujol, die seit dem 26. September 1931 mit Jean Trogneux verheiratet ist, verwandelt das Familienzimmer in ein wahres k\u00fcnstlerisches Zuhause, in dem Kreativit\u00e4t und Anforderungen nebeneinander bestehen.<\/p>\n\n\n\n<p>Ihre Geschwister sind Jean-Claude Trogneux (geboren 1933, verstorben im November 2018), Anne-Marie Trogneux (geboren 1932, verstorben im Juli 2025), Monique Trogneux (geboren 1941, verheiratet mit Jean-Claude Gueudet, einem der gr\u00f6\u00dften Autoh\u00e4ndler des Landes) und Jean-Michel Trogneux (geboren am 11. Februar 1945). Brigitte ist die J\u00fcngste, <strong>verw\u00f6hnt von ihren Eltern, die ihr \u201efast alles durchgehen lie\u00dfen\u201c<\/strong>, wie sie im Buch <em>Brigitte Macron, die Vertraute<\/em> zugibt.<\/p>\n\n\n\n<blockquote class=\"wp-block-quote is-layout-flow wp-block-quote-is-layout-flow\">\n<p>\u201eIch konnte alles machen, sogar schlechte Noten nach Hause bringen.\u201c<br>\u2014 Brigitte Macron, \u00fcber ihre Kindheit im Elternhaus in Amiens<\/p>\n<\/blockquote>\n\n\n\n<p>Diese Freiheit zu Hause steht im Kontrast zur strengen Disziplin ihrer Schulzeit \u2014 und diese doppelte Erfahrung pr\u00e4gt nachhaltig ihre zuk\u00fcnftige P\u00e4dagogik: anspruchsvoll im Inhalt, menschlich in der Form.<\/p>\n\n\n\n<h2 class=\"wp-block-heading\" id=\"scolarite-sacre-coeur\">Schulzeit am Sacr\u00e9-C\u0153ur: zwischen Strenge und Leidenschaft f\u00fcr Literatur<\/h2>\n\n\n\n<p>Brigitte Trogneux absolviert ihre gesamte Schulzeit an der <strong>katholischen Institution Sacr\u00e9-C\u0153ur in Amiens<\/strong>, einer Einrichtung, die f\u00fcr ihre akademischen Anforderungen bekannt ist, wo \u201eder Gro\u00dfteil des Unterrichts von Nonnen erteilt wird und die Beichte zweimal pro Woche stattfindet\u201c. Dieses strukturierte Umfeld vermittelt ihr Werte von Flei\u00df und Disziplin, die ihre zuk\u00fcnftige Karriere als Lehrerin tief pr\u00e4gen werden.<\/p>\n\n\n\n<p>Es ist in diesem strengen Schulsystem, dass ihre Leidenschaft f\u00fcr die franz\u00f6sische Literatur und das Theater zutage tritt. Das Theater nimmt von fr\u00fchester Kindheit einen wichtigen Platz in ihrem Leben ein \u2014 es n\u00e4hrt ihr Bed\u00fcrfnis, Wissen weiterzugeben, zu reden und die Fantasie zu testen. Sie erh\u00e4lt ihr Abitur mit <strong>Auszeichnung im Jahr 1972<\/strong>, mit 19 Jahren.<\/p>\n\n\n\n<h2 class=\"wp-block-heading\" id=\"etudes-litteraires\">Literaturstudium und Abschlussarbeit \u00fcber die h\u00f6fische Liebe<\/h2>\n\n\n\n<p>Mit 20 Jahren, im Jahr 1973, ist Brigitte Trogneux Studentin der klassischen Literatur. Sie schlie\u00dft mit einem <strong>Master in klassischer Literatur<\/strong> ab und widmet ihre Abschlussarbeit der <strong>\u201eh\u00f6fischen Liebe\u201c<\/strong> \u2014 ein Thema, das r\u00fcckblickend besonders evokativ erscheint, im Hinblick auf die unkonventionelle Liebesgeschichte, die sie zwei Jahrzehnte sp\u00e4ter erleben wird.<\/p>\n\n\n\n<p>Zu Beginn der 1980er Jahre, bevor sie sich vollst\u00e4ndig dem Lehrerberuf widmet, arbeitet sie zwei Jahre lang als <strong>Pressesprecherin bei der Handelskammer Nord-Pas-de-Calais<\/strong>. Ein berufliches Intermezzo, das von ihrer Neugier und ihrer F\u00e4higkeit zeugt, sich in verschiedene Bereiche einzubringen. Erst 1986 erwirbt sie das CAPES f\u00fcr klassische Literatur, nach der Geburt ihres dritten Kindes.<\/p>\n\n\n\n<h2 class=\"wp-block-heading\" id=\"style-jeunesse\">Ihr Stil in den 1970er Jahren: schlichte Eleganz<\/h2>\n\n\n\n<p>Die wenigen Fotos von Brigitte Macron in ihrer Jugend, die in den Medien kursieren, zeigen eine junge Frau mit <strong>einfacher und gepflegter Kleidung, charakteristisch f\u00fcr die 1970er Jahre in der bourgeoisen Gesellschaft von Amiens<\/strong>: kurze Haare, klassische und dezente Kleidung, eine elegante Erscheinung ohne Auff\u00e4lligkeit. Sie strahlte bereits, so die, die sie damals kannten, diese <strong>ruhige Sicherheit<\/strong> aus, die sie heute auszeichnet.<\/p>\n\n\n\n<p>Ihr L\u00e4cheln wird oft als das auff\u00e4lligste Element in diesen alten Aufnahmen genannt \u2014 ein L\u00e4cheln, das laut mehrerer biografischer Quellen \u00fcber die Jahrzehnte hinweg nicht grundlegend ver\u00e4ndert hat. Was sich auch in diesen Bildern zeigt: ein selbstbewusster Blick, eine sichere Haltung und eine nat\u00fcrliche Pr\u00e4senz, die nichts der Inszenierung verdankt.<\/p>\n\n\n\n<h2 class=\"wp-block-heading\" id=\"premier-mariage-auziere\">Die erste Ehe mit Andr\u00e9-Louis Auzi\u00e8re (1974)<\/h2>\n\n\n\n<p>Am 22. Juni 1974 heiratet Brigitte Trogneux im Alter von 21 Jahren <strong>Andr\u00e9-Louis Auzi\u00e8re<\/strong> in Touquet-Paris-Plage. Andr\u00e9-Louis Auzi\u00e8re, geboren in \u00c9s\u00e9ka in Kamerun, ist Bankier und Sohn von Louis Auzi\u00e8re, einem hohen Beamten im franz\u00f6sischen Kamerun. Das Paar gr\u00fcndet eine Familie: Drei Kinder werden aus dieser Ehe geboren \u2014 <strong>S\u00e9bastien Auzi\u00e8re<\/strong> (1975), Statistiker, <strong>Laurence Auzi\u00e8re<\/strong> (1977), Kardiologe, und <strong>Tiphaine Auzi\u00e8re<\/strong> (1984).<\/p>\n\n\n\n<p>Im Jahr 1984 zieht die Familie nach Truchtersheim im Bas-Rhein, nachdem Andr\u00e9-Louis Auzi\u00e8re beruflich versetzt wurde. Brigitte Macron engagiert sich im lokalen Vereinsleben und tritt sogar 1989 auf einer parteilosen Liste \u201eTruchtersheim morgen\u201c bei den Kommunalwahlen an \u2014 ohne gew\u00e4hlt zu werden. Anschlie\u00dfend verl\u00e4sst die Familie das Elsass, um nach Amiens zur\u00fcckzukehren, wo Brigitte als Lehrerin f\u00fcr Literatur und Theater am Lyc\u00e9e La Providence arbeitet.<\/p>\n\n\n\n<h2 class=\"wp-block-heading\" id=\"carriere-enseignante\">Von der Pressesprecherin zur Literaturlehrerin<\/h2>\n\n\n\n<p>Brigitte Macrons beruflicher Werdegang ist verworrenere als man oft annimmt. Nach ihrem Studium und zwei Jahren in der Handelskammer erwirbt sie 1986 das CAPES f\u00fcr klassische Literatur, nach der Geburt ihres dritten Kindes. Zun\u00e4chst unterrichtet sie Franz\u00f6sisch und Latein am <strong>Coll\u00e8ge Lucie-Berger in Stra\u00dfburg<\/strong>, einer privaten protestantischen Einrichtung, von 1986 bis 1991.<\/p>\n\n\n\n<figure class=\"wp-block-table\"><table class=\"has-fixed-layout\"><thead><tr><th>Zeitraum<\/th><th>Position<\/th><th>Einrichtung<\/th><\/tr><\/thead><tbody><tr><td>Beginn der 1980er Jahre<\/td><td>Pressesprecherin<\/td><td>Handelskammer Nord-Pas-de-Calais<\/td><\/tr><tr><td>1986\u20131991<\/td><td>Franz\u00f6sisch- und Lateinlehrerin<\/td><td>Coll\u00e8ge Lucie-Berger, Stra\u00dfburg<\/td><\/tr><tr><td>1991\u20132007<\/td><td>Literatur- und Theaterlehrerin<\/td><td>Lyc\u00e9e La Providence, Amiens<\/td><\/tr><tr><td>2007\u20132015<\/td><td>Franz\u00f6sischlehrerin<\/td><td>Lyc\u00e9e Saint-Louis-de-Gonzague, Paris<\/td><\/tr><tr><td>Seit 2015<\/td><td>First Lady, Freistellung von der Bildungswesen<\/td><td>\u2014<\/td><\/tr><\/tbody><\/table><\/figure>\n\n\n\n<p>In Paris unterrichtet sie am jesuitischen Lyc\u00e9e Saint-Louis-de-Gonzague (auch Franklin genannt), unter anderem die Kinder von Bernard Arnault. Im September 2015 nimmt sie eine Beurlaubung vom Bildungswesen, um sich vollst\u00e4ndig der Pr\u00e4sidentschaftskampagne von Emmanuel Macron zu widmen.<\/p>\n\n\n\n<h2 class=\"wp-block-heading\" id=\"rencontre-emmanuel-macron\">Die Begegnung mit Emmanuel Macron im Jahr 1992<\/h2>\n\n\n\n<p>Die Begegnung zwischen Brigitte Auzi\u00e8re und Emmanuel Macron findet im Schuljahr 1992-1993 am Lyc\u00e9e La Providence in Amiens statt. Sie leitet einen Theaterworkshop. Unter ihren Sch\u00fclern ist ein 15-j\u00e4hriger Junge, der in der gleichen Klasse wie ihre Tochter Laurence ist \u2014 <strong>er hei\u00dft Emmanuel Macron<\/strong>. Sie gesteht sp\u00e4ter ein, dass sie \u201ev\u00f6llig verbl\u00fcfft von der Intelligenz dieses Jungen\u201c war.<\/p>\n\n\n\n<blockquote class=\"wp-block-quote is-layout-flow wp-block-quote-is-layout-flow\">\n<p>\u201eDas Schreiben brachte uns jeden Freitag zusammen und l\u00f6ste eine unglaubliche N\u00e4he aus.\u201c<br>\u2014 Brigitte Macron gegen\u00fcber Paris Match<\/p>\n<\/blockquote>\n\n\n\n<p>Ihre Beziehung entwickelt sich um eine gemeinsame Leidenschaft f\u00fcr Literatur und Theater. Eine erste Abschlussauff\u00fchrung f\u00fchrt dazu, dass sie gemeinsam an einer Adaption des Werkes <em>La Com\u00e9die du langage<\/em> von Jean Tardieu arbeiten, wobei Emmanuel einen Vogelscheuche spielt. Im folgenden Jahr arbeiten sie erneut zusammen an <em>L&rsquo;Art de la com\u00e9die<\/em> von Eduardo De Filippo. Emmanuel Macron verspricht ihr im Alter von 17 Jahren, dass er sie heiraten wird. <strong>Sie heiraten am 20. Oktober 2007<\/strong>, nachdem Brigitte sich von Andr\u00e9-Louis Auzi\u00e8re, der 2019 verstorben ist, scheiden lie\u00df.<\/p>\n\n\n\n<p>Dieser Altersunterschied von vierundzwanzig Jahren, der von den Medien lange mit Neugier kommentiert wurde, wurde auch von Verschw\u00f6rungskreisen instrumentalisiert, um unbegr\u00fcndete Ger\u00fcchte zu sch\u00fcren \u2014 insbesondere die transphobe Theorie \u00fcber Jean-Michel Trogneux, die von den franz\u00f6sischen Gerichten 2023 und dann im Januar 2026 verurteilt wurde.<\/p>\n\n\n\n<h2 class=\"wp-block-heading\">Fazit<\/h2>\n\n\n\n<p>Brigitte Macron mit 20 Jahren ist eine junge Frau aus Amiens, aus einer gro\u00dfen Schokoladenfamilie, leidenschaftlich f\u00fcr Literatur und Theater, die gerade ihr Abitur mit Auszeichnung bestanden hat und sich darauf vorbereitet, ihre Abschlussarbeit \u00fcber die h\u00f6fische Liebe zu schreiben. Die authentischen Fotos aus dieser Zeit sind selten \u2014 aber die wenigen existierenden Bilder zeigen bereits eine ausgepr\u00e4gte Pers\u00f6nlichkeit, einen schlichten und eleganten Stil und ein wiedererkennbares L\u00e4cheln. Ihr Weg von der Pressesprecherin zur angesehenen Lehrerin und dann zur First Lady bildet eine koh\u00e4rente Entwicklung, gepr\u00e4gt von einer Leidenschaft f\u00fcr Kultur und der st\u00e4ndigen F\u00e4higkeit zur Neuorientierung.<\/p>\n\n\n\n<h2 class=\"wp-block-heading\">FAQ<\/h2>\n\n\n\n<h3 class=\"wp-block-heading\">Wie sah Brigitte Macron mit 20 Jahren aus?<\/h3>\n\n\n\n<p>Mit 20 Jahren, im Jahr 1973, war Brigitte Trogneux eine junge Frau, die Literatur studierte in Amiens, mit einem schlichten und eleganten Stil, charakteristisch f\u00fcr die 1970er Jahre. Die wenigen verf\u00fcgbaren Fotos zeigen eine junge Frau mit einem ausgepr\u00e4gten L\u00e4cheln, kurzen Haaren, gepflegtem Erscheinungsbild und bereits bemerkenswerter nat\u00fcrlicher Pr\u00e4senz, so die, die sie damals kannten.<\/p>\n\n\n\n<h3 class=\"wp-block-heading\">Wo findet man Fotos von Brigitte Macron in ihrer Jugend?<\/h3>\n\n\n\n<p>Die authentischen Fotos von <a href=\"https:\/\/www.sebastien-auziere.fr\/blog\/brigitte-macron-1980\/\">Brigitte Macron in ihrer Jugend<\/a> sind selten. Die bekanntesten wurden in Fernsehdokumentationen (France 3), Biografien oder Magazinen wie Le Point und Paris Match ver\u00f6ffentlicht. Keine offizielle Serie wurde jemals von ihr oder ihrem Umfeld ver\u00f6ffentlicht. Die Bilder, die auf Verschw\u00f6rungsseiten kursieren, sind gr\u00f6\u00dftenteils nicht verifizierbar oder gef\u00e4lscht.<\/p>\n\n\n\n<h3 class=\"wp-block-heading\">Was machte Brigitte Macron mit 20 Jahren?<\/h3>\n\n\n\n<p>Im Jahr 1973 hatte Brigitte Trogneux gerade ihr Abitur mit Auszeichnung bestanden und begann ein Masterstudium in klassischer Literatur an der Universit\u00e4t von Amiens. Sie lebte noch im Elternhaus, in der Welt der 1872 gegr\u00fcndeten Schokoladenfabrik Trogneux, bevor sie im Juni 1974 Andr\u00e9-Louis Auzi\u00e8re heiratete.<\/p>\n\n\n\n<h3 class=\"wp-block-heading\">Hat Brigitte Macron Fotos aus ihrer Jugend ver\u00f6ffentlicht?<\/h3>\n\n\n\n<p>Nein. Brigitte Macron hat niemals pers\u00f6nliche Fotos aus ihrer Jugend ver\u00f6ffentlicht. Ihre Diskretion \u00fcber diesen Zeitraum ist konstant. Ihre Tochter Tiphaine Auzi\u00e8re hat w\u00e4hrend des Cybermobbing-Prozesses 2025 best\u00e4tigt, dass ihre Mutter die Verwendung ihres Bildes sorgf\u00e4ltig \u00fcberwacht, um Missbrauch zu vermeiden.<\/p>\n\n\n\n<h3 class=\"wp-block-heading\">Wann traf Brigitte Macron Emmanuel Macron?<\/h3>\n\n\n\n<p>Brigitte Macron begegnete Emmanuel Macron im Schuljahr 1992-1993 am Lyc\u00e9e La Providence in Amiens, wo sie Theater unterrichtete. Er war 15 Jahre alt, sie war 39. Sie heirateten am 20. Oktober 2007, nachdem Brigitte sich von ihrem ersten Ehemann, Andr\u00e9-Louis Auzi\u00e8re, scheiden lie\u00df.<\/p>\n\n\n\n<h3 class=\"wp-block-heading\">Wie viele Kinder hat Brigitte Macron?<\/h3>\n\n\n\n<p>Brigitte Macron hat drei Kinder aus ihrer ersten Ehe mit Andr\u00e9-Louis Auzi\u00e8re: S\u00e9bastien Auzi\u00e8re (geboren 1975), Statistiker; Laurence Auzi\u00e8re (geboren 1977), Kardiologe; und Tiphaine Auzi\u00e8re (geboren 1984). Au\u00dferdem ist sie Gro\u00dfmutter von sieben Enkeln. Emmanuel Macron hat keine leiblichen Kinder.<\/p>\n\n\n\n<h3 class=\"wp-block-heading\">Warum sind die Fotos von Brigitte Macron in ihrer Jugend so rar?<\/h3>\n\n\n\n<p>Brigitte Macron wuchs bis zu ihrem 64. Lebensjahr in relativer Diskretion abseits der Medien auf. Vor 2017 und der Wahl von Emmanuel Macron zur Pr\u00e4sidentschaft war sie keine \u00f6ffentliche Person. Die Fotoarchive ihrer Jugend wurden daher nie angelegt oder ver\u00f6ffentlicht, im Gegensatz zu Pers\u00f6nlichkeiten, die bereits in jungen Jahren ins \u00f6ffentliche Leben treten.<\/p>\n\n\n\n<p><br \/>\n[<br \/>\n  {<br \/>\n    \u00ab\u00a0@context\u00a0\u00bb: \u00ab\u00a0https:\/\/schema.org\u00a0\u00bb,<br \/>\n    \u00ab\u00a0@type\u00a0\u00bb: \u00ab\u00a0Article\u00a0\u00bb,<br \/>\n    \u00ab\u00a0headline\u00a0\u00bb: \u00ab\u00a0Brigitte Macron in ihrer Jugend: Wie sah sie mit 20 Jahren aus?\u00a0\u00bb,<br \/>\n    \u00ab\u00a0description\u00a0\u00bb: \u00ab\u00a0Brigitte Macron mit 20 Jahren: seltene Fotos, Kindheit in Amiens, Familie Trogneux, Literaturstudium, erste Ehe und Begegnung mit Emmanuel Macron. Alles, was wir \u00fcber ihre Jugend wissen.\u00a0\u00bb,<br \/>\n    \u00ab\u00a0inLanguage\u00a0\u00bb: \u00ab\u00a0fr\u00a0\u00bb,<br \/>\n    \u00ab\u00a0about\u00a0\u00bb: {<br \/>\n      \u00ab\u00a0@type\u00a0\u00bb: \u00ab\u00a0Person\u00a0\u00bb,<br \/>\n      \u00ab\u00a0name\u00a0\u00bb: \u00ab\u00a0Brigitte Macron\u00a0\u00bb,<br \/>\n      \u00ab\u00a0birthDate\u00a0\u00bb: \u00ab\u00a01953-04-13\u00a0\u00bb,<br \/>\n      \u00ab\u00a0birthPlace\u00a0\u00bb: \u00ab\u00a0Amiens, Frankreich\u00a0\u00bb,<br \/>\n      \u00ab\u00a0spouse\u00a0\u00bb: {\u00ab\u00a0@type\u00a0\u00bb: \u00ab\u00a0Person\u00a0\u00bb, \u00ab\u00a0name\u00a0\u00bb: \u00ab\u00a0Emmanuel Macron\u00a0\u00bb}<br \/>\n    }<br \/>\n  },<br \/>\n  {<br \/>\n    \u00ab\u00a0@context\u00a0\u00bb: \u00ab\u00a0https:\/\/schema.org\u00a0\u00bb,<br \/>\n    \u00ab\u00a0@type\u00a0\u00bb: \u00ab\u00a0FAQPage\u00a0\u00bb,<br \/>\n    \u00ab\u00a0mainEntity\u00a0\u00bb: [<br \/>\n      {<br \/>\n        \u00ab\u00a0@type\u00a0\u00bb: \u00ab\u00a0Question\u00a0\u00bb,<br \/>\n        \u00ab\u00a0name\u00a0\u00bb: \u00ab\u00a0Wie sah Brigitte Macron mit 20 Jahren aus?\u00a0\u00bb,<br \/>\n        \u00ab\u00a0acceptedAnswer\u00a0\u00bb: {<br \/>\n          \u00ab\u00a0@type\u00a0\u00bb: \u00ab\u00a0Answer\u00a0\u00bb,<br \/>\n          \u00ab\u00a0text\u00a0\u00bb: \u00ab\u00a0Mit 20 Jahren, im Jahr 1973, war Brigitte Trogneux eine junge Frau, die Literatur studierte in Amiens, mit einem schlichten und eleganten Stil, charakteristisch f\u00fcr die 1970er Jahre, mit einem ausgepr\u00e4gten L\u00e4cheln und bereits bemerkenswerter nat\u00fcrlicher Pr\u00e4senz.\u00a0\u00bb<br \/>\n        }<br \/>\n      },<br \/>\n      {<br \/>\n        \u00ab\u00a0@type\u00a0\u00bb: \u00ab\u00a0Question\u00a0\u00bb,<br \/>\n        \u00ab\u00a0name\u00a0\u00bb: \u00ab\u00a0Wo findet man Fotos von Brigitte Macron in ihrer Jugend?\u00a0\u00bb,<br \/>\n        \u00ab\u00a0acceptedAnswer\u00a0\u00bb: {<br \/>\n          \u00ab\u00a0@type\u00a0\u00bb: \u00ab\u00a0Answer\u00a0\u00bb,<br \/>\n          \u00ab\u00a0text\u00a0\u00bb: \u00ab\u00a0Die authentischen Fotos von Brigitte Macron in ihrer Jugend sind selten. Die bekanntesten wurden in Fernsehdokumentationen von France 3, in Biografien und in Magazinen wie Le Point und Paris Match ver\u00f6ffentlicht. Keine offizielle Serie wurde ver\u00f6ffentlicht.\u00a0\u00bb<br \/>\n        }<br \/>\n      },<br \/>\n      {<br \/>\n        \u00ab\u00a0@type\u00a0\u00bb: \u00ab\u00a0Question\u00a0\u00bb,<br \/>\n        \u00ab\u00a0name\u00a0\u00bb: \u00ab\u00a0Was machte Brigitte Macron mit 20 Jahren?\u00a0\u00bb,<br \/>\n        \u00ab\u00a0acceptedAnswer\u00a0\u00bb: {<br \/>\n          \u00ab\u00a0@type\u00a0\u00bb: \u00ab\u00a0Answer\u00a0\u00bb,<br \/>\n          \u00ab\u00a0text\u00a0\u00bb: \u00ab\u00a0Im Jahr 1973 hatte Brigitte Trogneux gerade ihr Abitur mit Auszeichnung bestanden und begann ein Masterstudium in klassischer Literatur in Amiens, bevor sie im Juni 1974 Andr\u00e9-Louis Auzi\u00e8re heiratete.\u00a0\u00bb<br \/>\n        }<br \/>\n      },<br \/>\n      {<br \/>\n        \u00ab\u00a0@type\u00a0\u00bb: \u00ab\u00a0Question\u00a0\u00bb,<br \/>\n        \u00ab\u00a0name\u00a0\u00bb: \u00ab\u00a0Wann traf Brigitte Macron Emmanuel Macron?\u00a0\u00bb,<br \/>\n        \u00ab\u00a0acceptedAnswer\u00a0\u00bb: {<br \/>\n          \u00ab\u00a0@type\u00a0\u00bb: \u00ab\u00a0Answer\u00a0\u00bb,<br \/>\n          \u00ab\u00a0text\u00a0\u00bb: \u00ab\u00a0Brigitte Macron begegnete Emmanuel Macron im Schuljahr 1992-1993 am Lyc\u00e9e La Providence in Amiens, wo sie Theater unterrichtete. Er war 15 Jahre alt, sie 39. Sie heirateten am 20. Oktober 2007.\u00a0\u00bb<br \/>\n        }<br \/>\n      },<br \/>\n      {<br \/>\n        \u00ab\u00a0@type\u00a0\u00bb: \u00ab\u00a0Question\u00a0\u00bb,<br \/>\n        \u00ab\u00a0name\u00a0\u00bb: \u00ab\u00a0Wie viele Kinder hat Brigitte Macron?\u00a0\u00bb,<br \/>\n        \u00ab\u00a0acceptedAnswer\u00a0\u00bb: {<br \/>\n          \u00ab\u00a0@type\u00a0\u00bb: \u00ab\u00a0Answer\u00a0\u00bb,<br \/>\n          \u00ab\u00a0text\u00a0\u00bb: \u00ab\u00a0Brigitte Macron hat drei Kinder aus ihrer ersten Ehe: S\u00e9bastien Auzi\u00e8re (1975), Laurence Auzi\u00e8re (1977) und Tiphaine Auzi\u00e8re (1984). Sie ist Gro\u00dfmutter von sieben Enkeln. Emmanuel Macron hat keine leiblichen Kinder.\u00a0\u00bb<br \/>\n        }<br \/>\n      },<br \/>\n      {<br \/>\n        \u00ab\u00a0@type\u00a0\u00bb: \u00ab\u00a0Question\u00a0\u00bb,<br \/>\n        \u00ab\u00a0name\u00a0\u00bb: \u00ab\u00a0Warum sind die Fotos von Brigitte Macron in ihrer Jugend so rar?\u00a0\u00bb,<br \/>\n        \u00ab\u00a0acceptedAnswer\u00a0\u00bb: {<br \/>\n          \u00ab\u00a0@type\u00a0\u00bb: \u00ab\u00a0Answer\u00a0\u00bb,<br \/>\n          \u00ab\u00a0text\u00a0\u00bb: \u00ab\u00a0Brigitte Macron hat bis 2017 in relativer Diskretion gelebt. Vor der Wahl von Emmanuel Macron war sie keine \u00f6ffentliche Person, und die Fotoarchive ihrer Jugend wurden nie angelegt oder ver\u00f6ffentlicht.\u00a0\u00bb<br \/>\n        }<br \/>\n      }<br \/>\n    ]<br \/>\n  }<br \/>\n]<br \/>\n<\/p>\n\n\n\n<p><br>\n<\/p>\n","protected":false},"excerpt":{"rendered":"<p>Von k\u00fcnstlicher Intelligenz erzeugtes Bild, nicht reale Illustration. Das Wesentliche: Brigitte Macron, geborene Trogneux, am 13. April 1953 in Amiens geboren, war 20 Jahre alt im Jahr 1973. In diesem Alter hatte sie gerade ihr Abitur mit Auszeichnung bestanden und begann ein Masterstudium in klassischen Literatur. Die Bilder von Brigitte Macron in ihrer Jugend sind &#8230; <a title=\"Brigitte Macron jung: Wie sah sie mit 20 Jahren aus?\" class=\"read-more\" href=\"https:\/\/www.sebastien-auziere.fr\/blog\/de\/brigitte-macron-jung-wie-sah-sie-mit-20-jahren-aus\/\" aria-label=\"En savoir plus sur Brigitte Macron jung: Wie sah sie mit 20 Jahren aus?\">Lire plus<\/a><\/p>\n","protected":false},"author":4,"featured_media":2360,"comment_status":"open","ping_status":"open","sticky":false,"template":"","format":"standard","meta":{"footnotes":""},"categories":[838],"tags":[],"class_list":["post-2376","post","type-post","status-publish","format-standard","has-post-thumbnail","hentry","category-non-classe-de"],"yoast_head":"<!-- This site is optimized with the Yoast SEO plugin v27.5 - https:\/\/yoast.com\/product\/yoast-seo-wordpress\/ -->\n<title>Brigitte Macron jung: Wie sah sie mit 20 Jahren aus? - Fan site S\u00e9bastien Auzi\u00e8re<\/title>\n<meta name=\"robots\" content=\"index, follow, max-snippet:-1, max-image-preview:large, max-video-preview:-1\" \/>\n<link rel=\"canonical\" href=\"https:\/\/www.sebastien-auziere.fr\/blog\/de\/brigitte-macron-jung-wie-sah-sie-mit-20-jahren-aus\/\" \/>\n<meta property=\"og:locale\" content=\"fr_FR\" \/>\n<meta property=\"og:type\" content=\"article\" \/>\n<meta property=\"og:title\" content=\"Brigitte Macron jung: Wie sah sie mit 20 Jahren aus? - Fan site S\u00e9bastien Auzi\u00e8re\" \/>\n<meta property=\"og:description\" content=\"Von k\u00fcnstlicher Intelligenz erzeugtes Bild, nicht reale Illustration. Das Wesentliche: Brigitte Macron, geborene Trogneux, am 13. April 1953 in Amiens geboren, war 20 Jahre alt im Jahr 1973. In diesem Alter hatte sie gerade ihr Abitur mit Auszeichnung bestanden und begann ein Masterstudium in klassischen Literatur. Die Bilder von Brigitte Macron in ihrer Jugend sind ... Lire plus\" \/>\n<meta property=\"og:url\" content=\"https:\/\/www.sebastien-auziere.fr\/blog\/de\/brigitte-macron-jung-wie-sah-sie-mit-20-jahren-aus\/\" \/>\n<meta property=\"og:site_name\" content=\"Fan site S\u00e9bastien Auzi\u00e8re\" \/>\n<meta property=\"article:published_time\" content=\"2026-03-07T17:19:53+00:00\" \/>\n<meta property=\"article:modified_time\" content=\"2026-03-18T10:31:56+00:00\" \/>\n<meta property=\"og:image\" content=\"https:\/\/www.sebastien-auziere.fr\/blog\/wp-content\/uploads\/2026\/03\/ChatGPT-Image-7-mars-2026-17_58_29.jpg\" \/>\n\t<meta property=\"og:image:width\" content=\"1536\" \/>\n\t<meta property=\"og:image:height\" content=\"1024\" \/>\n\t<meta property=\"og:image:type\" content=\"image\/jpeg\" \/>\n<meta name=\"author\" content=\"Celine\" \/>\n<meta name=\"twitter:card\" content=\"summary_large_image\" \/>\n<meta name=\"twitter:label1\" content=\"\u00c9crit par\" \/>\n\t<meta name=\"twitter:data1\" content=\"Celine\" \/>\n\t<meta name=\"twitter:label2\" content=\"Dur\u00e9e de lecture estim\u00e9e\" \/>\n\t<meta name=\"twitter:data2\" content=\"13 minutes\" \/>\n<script type=\"application\/ld+json\" class=\"yoast-schema-graph\">{\"@context\":\"https:\\\/\\\/schema.org\",\"@graph\":[{\"@type\":\"Article\",\"@id\":\"https:\\\/\\\/www.sebastien-auziere.fr\\\/blog\\\/de\\\/brigitte-macron-jung-wie-sah-sie-mit-20-jahren-aus\\\/#article\",\"isPartOf\":{\"@id\":\"https:\\\/\\\/www.sebastien-auziere.fr\\\/blog\\\/de\\\/brigitte-macron-jung-wie-sah-sie-mit-20-jahren-aus\\\/\"},\"author\":{\"name\":\"Celine\",\"@id\":\"https:\\\/\\\/www.sebastien-auziere.fr\\\/blog\\\/#\\\/schema\\\/person\\\/1e270a963009242469ed08b1c461f81f\"},\"headline\":\"Brigitte Macron jung: Wie sah sie mit 20 Jahren aus?\",\"datePublished\":\"2026-03-07T17:19:53+00:00\",\"dateModified\":\"2026-03-18T10:31:56+00:00\",\"mainEntityOfPage\":{\"@id\":\"https:\\\/\\\/www.sebastien-auziere.fr\\\/blog\\\/de\\\/brigitte-macron-jung-wie-sah-sie-mit-20-jahren-aus\\\/\"},\"wordCount\":2669,\"commentCount\":0,\"publisher\":{\"@id\":\"https:\\\/\\\/www.sebastien-auziere.fr\\\/blog\\\/#organization\"},\"image\":{\"@id\":\"https:\\\/\\\/www.sebastien-auziere.fr\\\/blog\\\/de\\\/brigitte-macron-jung-wie-sah-sie-mit-20-jahren-aus\\\/#primaryimage\"},\"thumbnailUrl\":\"https:\\\/\\\/www.sebastien-auziere.fr\\\/blog\\\/wp-content\\\/uploads\\\/2026\\\/03\\\/ChatGPT-Image-7-mars-2026-17_58_29.jpg\",\"inLanguage\":\"fr-FR\",\"potentialAction\":[{\"@type\":\"CommentAction\",\"name\":\"Comment\",\"target\":[\"https:\\\/\\\/www.sebastien-auziere.fr\\\/blog\\\/de\\\/brigitte-macron-jung-wie-sah-sie-mit-20-jahren-aus\\\/#respond\"]}]},{\"@type\":\"WebPage\",\"@id\":\"https:\\\/\\\/www.sebastien-auziere.fr\\\/blog\\\/de\\\/brigitte-macron-jung-wie-sah-sie-mit-20-jahren-aus\\\/\",\"url\":\"https:\\\/\\\/www.sebastien-auziere.fr\\\/blog\\\/de\\\/brigitte-macron-jung-wie-sah-sie-mit-20-jahren-aus\\\/\",\"name\":\"Brigitte Macron jung: Wie sah sie mit 20 Jahren aus? - Fan site S\u00e9bastien Auzi\u00e8re\",\"isPartOf\":{\"@id\":\"https:\\\/\\\/www.sebastien-auziere.fr\\\/blog\\\/#website\"},\"primaryImageOfPage\":{\"@id\":\"https:\\\/\\\/www.sebastien-auziere.fr\\\/blog\\\/de\\\/brigitte-macron-jung-wie-sah-sie-mit-20-jahren-aus\\\/#primaryimage\"},\"image\":{\"@id\":\"https:\\\/\\\/www.sebastien-auziere.fr\\\/blog\\\/de\\\/brigitte-macron-jung-wie-sah-sie-mit-20-jahren-aus\\\/#primaryimage\"},\"thumbnailUrl\":\"https:\\\/\\\/www.sebastien-auziere.fr\\\/blog\\\/wp-content\\\/uploads\\\/2026\\\/03\\\/ChatGPT-Image-7-mars-2026-17_58_29.jpg\",\"datePublished\":\"2026-03-07T17:19:53+00:00\",\"dateModified\":\"2026-03-18T10:31:56+00:00\",\"breadcrumb\":{\"@id\":\"https:\\\/\\\/www.sebastien-auziere.fr\\\/blog\\\/de\\\/brigitte-macron-jung-wie-sah-sie-mit-20-jahren-aus\\\/#breadcrumb\"},\"inLanguage\":\"fr-FR\",\"potentialAction\":[{\"@type\":\"ReadAction\",\"target\":[\"https:\\\/\\\/www.sebastien-auziere.fr\\\/blog\\\/de\\\/brigitte-macron-jung-wie-sah-sie-mit-20-jahren-aus\\\/\"]}]},{\"@type\":\"ImageObject\",\"inLanguage\":\"fr-FR\",\"@id\":\"https:\\\/\\\/www.sebastien-auziere.fr\\\/blog\\\/de\\\/brigitte-macron-jung-wie-sah-sie-mit-20-jahren-aus\\\/#primaryimage\",\"url\":\"https:\\\/\\\/www.sebastien-auziere.fr\\\/blog\\\/wp-content\\\/uploads\\\/2026\\\/03\\\/ChatGPT-Image-7-mars-2026-17_58_29.jpg\",\"contentUrl\":\"https:\\\/\\\/www.sebastien-auziere.fr\\\/blog\\\/wp-content\\\/uploads\\\/2026\\\/03\\\/ChatGPT-Image-7-mars-2026-17_58_29.jpg\",\"width\":1536,\"height\":1024,\"caption\":\"Brigitte Macron jeune\"},{\"@type\":\"BreadcrumbList\",\"@id\":\"https:\\\/\\\/www.sebastien-auziere.fr\\\/blog\\\/de\\\/brigitte-macron-jung-wie-sah-sie-mit-20-jahren-aus\\\/#breadcrumb\",\"itemListElement\":[{\"@type\":\"ListItem\",\"position\":1,\"name\":\"Home\",\"item\":\"https:\\\/\\\/www.sebastien-auziere.fr\\\/blog\\\/\"},{\"@type\":\"ListItem\",\"position\":2,\"name\":\"Brigitte Macron jung: Wie sah sie mit 20 Jahren aus?\"}]},{\"@type\":\"WebSite\",\"@id\":\"https:\\\/\\\/www.sebastien-auziere.fr\\\/blog\\\/#website\",\"url\":\"https:\\\/\\\/www.sebastien-auziere.fr\\\/blog\\\/\",\"name\":\"Fan site S\u00e9bastien Auzi\u00e8re\",\"description\":\"M\u00e9dia g\u00e9n\u00e9raliste\",\"publisher\":{\"@id\":\"https:\\\/\\\/www.sebastien-auziere.fr\\\/blog\\\/#organization\"},\"potentialAction\":[{\"@type\":\"SearchAction\",\"target\":{\"@type\":\"EntryPoint\",\"urlTemplate\":\"https:\\\/\\\/www.sebastien-auziere.fr\\\/blog\\\/?s={search_term_string}\"},\"query-input\":{\"@type\":\"PropertyValueSpecification\",\"valueRequired\":true,\"valueName\":\"search_term_string\"}}],\"inLanguage\":\"fr-FR\"},{\"@type\":\"Organization\",\"@id\":\"https:\\\/\\\/www.sebastien-auziere.fr\\\/blog\\\/#organization\",\"name\":\"Fan site S\u00e9bastien Auzi\u00e8re\",\"url\":\"https:\\\/\\\/www.sebastien-auziere.fr\\\/blog\\\/\",\"logo\":{\"@type\":\"ImageObject\",\"inLanguage\":\"fr-FR\",\"@id\":\"https:\\\/\\\/www.sebastien-auziere.fr\\\/blog\\\/#\\\/schema\\\/logo\\\/image\\\/\",\"url\":\"https:\\\/\\\/www.sebastien-auziere.fr\\\/blog\\\/wp-content\\\/uploads\\\/2026\\\/03\\\/cropped-cropped-cropped-ChatGPT-Image-6-mars-2026-12_58_09-e1772798376794.jpg\",\"contentUrl\":\"https:\\\/\\\/www.sebastien-auziere.fr\\\/blog\\\/wp-content\\\/uploads\\\/2026\\\/03\\\/cropped-cropped-cropped-ChatGPT-Image-6-mars-2026-12_58_09-e1772798376794.jpg\",\"width\":512,\"height\":360,\"caption\":\"Fan site S\u00e9bastien Auzi\u00e8re\"},\"image\":{\"@id\":\"https:\\\/\\\/www.sebastien-auziere.fr\\\/blog\\\/#\\\/schema\\\/logo\\\/image\\\/\"}},{\"@type\":\"Person\",\"@id\":\"https:\\\/\\\/www.sebastien-auziere.fr\\\/blog\\\/#\\\/schema\\\/person\\\/1e270a963009242469ed08b1c461f81f\",\"name\":\"Celine\",\"image\":{\"@type\":\"ImageObject\",\"inLanguage\":\"fr-FR\",\"@id\":\"https:\\\/\\\/secure.gravatar.com\\\/avatar\\\/c88d569fbe1fe19a13c7f21ee0f8973822df96073df21850b95af6a09ba820c9?s=96&d=mm&r=g\",\"url\":\"https:\\\/\\\/secure.gravatar.com\\\/avatar\\\/c88d569fbe1fe19a13c7f21ee0f8973822df96073df21850b95af6a09ba820c9?s=96&d=mm&r=g\",\"contentUrl\":\"https:\\\/\\\/secure.gravatar.com\\\/avatar\\\/c88d569fbe1fe19a13c7f21ee0f8973822df96073df21850b95af6a09ba820c9?s=96&d=mm&r=g\",\"caption\":\"Celine\"},\"description\":\"Je m'appelle C\u00e9line, j'ai 31 ans et je suis journaliste sp\u00e9cialis\u00e9e dans le cin\u00e9ma. Passionn\u00e9e par le septi\u00e8me art, j'explore les actualit\u00e9s, les critiques et les tendances du monde cin\u00e9matographique. Mon objectif est de partager ma passion et d'informer les amateurs de films \u00e0 travers des articles percutants et des analyses approfondies.\",\"url\":\"https:\\\/\\\/www.sebastien-auziere.fr\\\/blog\\\/author\\\/celine\\\/\"}]}<\/script>\n<!-- \/ Yoast SEO plugin. -->","yoast_head_json":{"title":"Brigitte Macron jung: Wie sah sie mit 20 Jahren aus? - Fan site S\u00e9bastien Auzi\u00e8re","robots":{"index":"index","follow":"follow","max-snippet":"max-snippet:-1","max-image-preview":"max-image-preview:large","max-video-preview":"max-video-preview:-1"},"canonical":"https:\/\/www.sebastien-auziere.fr\/blog\/de\/brigitte-macron-jung-wie-sah-sie-mit-20-jahren-aus\/","og_locale":"fr_FR","og_type":"article","og_title":"Brigitte Macron jung: Wie sah sie mit 20 Jahren aus? - Fan site S\u00e9bastien Auzi\u00e8re","og_description":"Von k\u00fcnstlicher Intelligenz erzeugtes Bild, nicht reale Illustration. Das Wesentliche: Brigitte Macron, geborene Trogneux, am 13. April 1953 in Amiens geboren, war 20 Jahre alt im Jahr 1973. In diesem Alter hatte sie gerade ihr Abitur mit Auszeichnung bestanden und begann ein Masterstudium in klassischen Literatur. Die Bilder von Brigitte Macron in ihrer Jugend sind ... Lire plus","og_url":"https:\/\/www.sebastien-auziere.fr\/blog\/de\/brigitte-macron-jung-wie-sah-sie-mit-20-jahren-aus\/","og_site_name":"Fan site S\u00e9bastien Auzi\u00e8re","article_published_time":"2026-03-07T17:19:53+00:00","article_modified_time":"2026-03-18T10:31:56+00:00","og_image":[{"width":1536,"height":1024,"url":"https:\/\/www.sebastien-auziere.fr\/blog\/wp-content\/uploads\/2026\/03\/ChatGPT-Image-7-mars-2026-17_58_29.jpg","type":"image\/jpeg"}],"author":"Celine","twitter_card":"summary_large_image","twitter_misc":{"\u00c9crit par":"Celine","Dur\u00e9e de lecture estim\u00e9e":"13 minutes"},"schema":{"@context":"https:\/\/schema.org","@graph":[{"@type":"Article","@id":"https:\/\/www.sebastien-auziere.fr\/blog\/de\/brigitte-macron-jung-wie-sah-sie-mit-20-jahren-aus\/#article","isPartOf":{"@id":"https:\/\/www.sebastien-auziere.fr\/blog\/de\/brigitte-macron-jung-wie-sah-sie-mit-20-jahren-aus\/"},"author":{"name":"Celine","@id":"https:\/\/www.sebastien-auziere.fr\/blog\/#\/schema\/person\/1e270a963009242469ed08b1c461f81f"},"headline":"Brigitte Macron jung: Wie sah sie mit 20 Jahren aus?","datePublished":"2026-03-07T17:19:53+00:00","dateModified":"2026-03-18T10:31:56+00:00","mainEntityOfPage":{"@id":"https:\/\/www.sebastien-auziere.fr\/blog\/de\/brigitte-macron-jung-wie-sah-sie-mit-20-jahren-aus\/"},"wordCount":2669,"commentCount":0,"publisher":{"@id":"https:\/\/www.sebastien-auziere.fr\/blog\/#organization"},"image":{"@id":"https:\/\/www.sebastien-auziere.fr\/blog\/de\/brigitte-macron-jung-wie-sah-sie-mit-20-jahren-aus\/#primaryimage"},"thumbnailUrl":"https:\/\/www.sebastien-auziere.fr\/blog\/wp-content\/uploads\/2026\/03\/ChatGPT-Image-7-mars-2026-17_58_29.jpg","inLanguage":"fr-FR","potentialAction":[{"@type":"CommentAction","name":"Comment","target":["https:\/\/www.sebastien-auziere.fr\/blog\/de\/brigitte-macron-jung-wie-sah-sie-mit-20-jahren-aus\/#respond"]}]},{"@type":"WebPage","@id":"https:\/\/www.sebastien-auziere.fr\/blog\/de\/brigitte-macron-jung-wie-sah-sie-mit-20-jahren-aus\/","url":"https:\/\/www.sebastien-auziere.fr\/blog\/de\/brigitte-macron-jung-wie-sah-sie-mit-20-jahren-aus\/","name":"Brigitte Macron jung: Wie sah sie mit 20 Jahren aus? - Fan site S\u00e9bastien Auzi\u00e8re","isPartOf":{"@id":"https:\/\/www.sebastien-auziere.fr\/blog\/#website"},"primaryImageOfPage":{"@id":"https:\/\/www.sebastien-auziere.fr\/blog\/de\/brigitte-macron-jung-wie-sah-sie-mit-20-jahren-aus\/#primaryimage"},"image":{"@id":"https:\/\/www.sebastien-auziere.fr\/blog\/de\/brigitte-macron-jung-wie-sah-sie-mit-20-jahren-aus\/#primaryimage"},"thumbnailUrl":"https:\/\/www.sebastien-auziere.fr\/blog\/wp-content\/uploads\/2026\/03\/ChatGPT-Image-7-mars-2026-17_58_29.jpg","datePublished":"2026-03-07T17:19:53+00:00","dateModified":"2026-03-18T10:31:56+00:00","breadcrumb":{"@id":"https:\/\/www.sebastien-auziere.fr\/blog\/de\/brigitte-macron-jung-wie-sah-sie-mit-20-jahren-aus\/#breadcrumb"},"inLanguage":"fr-FR","potentialAction":[{"@type":"ReadAction","target":["https:\/\/www.sebastien-auziere.fr\/blog\/de\/brigitte-macron-jung-wie-sah-sie-mit-20-jahren-aus\/"]}]},{"@type":"ImageObject","inLanguage":"fr-FR","@id":"https:\/\/www.sebastien-auziere.fr\/blog\/de\/brigitte-macron-jung-wie-sah-sie-mit-20-jahren-aus\/#primaryimage","url":"https:\/\/www.sebastien-auziere.fr\/blog\/wp-content\/uploads\/2026\/03\/ChatGPT-Image-7-mars-2026-17_58_29.jpg","contentUrl":"https:\/\/www.sebastien-auziere.fr\/blog\/wp-content\/uploads\/2026\/03\/ChatGPT-Image-7-mars-2026-17_58_29.jpg","width":1536,"height":1024,"caption":"Brigitte Macron jeune"},{"@type":"BreadcrumbList","@id":"https:\/\/www.sebastien-auziere.fr\/blog\/de\/brigitte-macron-jung-wie-sah-sie-mit-20-jahren-aus\/#breadcrumb","itemListElement":[{"@type":"ListItem","position":1,"name":"Home","item":"https:\/\/www.sebastien-auziere.fr\/blog\/"},{"@type":"ListItem","position":2,"name":"Brigitte Macron jung: Wie sah sie mit 20 Jahren aus?"}]},{"@type":"WebSite","@id":"https:\/\/www.sebastien-auziere.fr\/blog\/#website","url":"https:\/\/www.sebastien-auziere.fr\/blog\/","name":"Fan site S\u00e9bastien Auzi\u00e8re","description":"M\u00e9dia g\u00e9n\u00e9raliste","publisher":{"@id":"https:\/\/www.sebastien-auziere.fr\/blog\/#organization"},"potentialAction":[{"@type":"SearchAction","target":{"@type":"EntryPoint","urlTemplate":"https:\/\/www.sebastien-auziere.fr\/blog\/?s={search_term_string}"},"query-input":{"@type":"PropertyValueSpecification","valueRequired":true,"valueName":"search_term_string"}}],"inLanguage":"fr-FR"},{"@type":"Organization","@id":"https:\/\/www.sebastien-auziere.fr\/blog\/#organization","name":"Fan site S\u00e9bastien Auzi\u00e8re","url":"https:\/\/www.sebastien-auziere.fr\/blog\/","logo":{"@type":"ImageObject","inLanguage":"fr-FR","@id":"https:\/\/www.sebastien-auziere.fr\/blog\/#\/schema\/logo\/image\/","url":"https:\/\/www.sebastien-auziere.fr\/blog\/wp-content\/uploads\/2026\/03\/cropped-cropped-cropped-ChatGPT-Image-6-mars-2026-12_58_09-e1772798376794.jpg","contentUrl":"https:\/\/www.sebastien-auziere.fr\/blog\/wp-content\/uploads\/2026\/03\/cropped-cropped-cropped-ChatGPT-Image-6-mars-2026-12_58_09-e1772798376794.jpg","width":512,"height":360,"caption":"Fan site S\u00e9bastien Auzi\u00e8re"},"image":{"@id":"https:\/\/www.sebastien-auziere.fr\/blog\/#\/schema\/logo\/image\/"}},{"@type":"Person","@id":"https:\/\/www.sebastien-auziere.fr\/blog\/#\/schema\/person\/1e270a963009242469ed08b1c461f81f","name":"Celine","image":{"@type":"ImageObject","inLanguage":"fr-FR","@id":"https:\/\/secure.gravatar.com\/avatar\/c88d569fbe1fe19a13c7f21ee0f8973822df96073df21850b95af6a09ba820c9?s=96&d=mm&r=g","url":"https:\/\/secure.gravatar.com\/avatar\/c88d569fbe1fe19a13c7f21ee0f8973822df96073df21850b95af6a09ba820c9?s=96&d=mm&r=g","contentUrl":"https:\/\/secure.gravatar.com\/avatar\/c88d569fbe1fe19a13c7f21ee0f8973822df96073df21850b95af6a09ba820c9?s=96&d=mm&r=g","caption":"Celine"},"description":"Je m'appelle C\u00e9line, j'ai 31 ans et je suis journaliste sp\u00e9cialis\u00e9e dans le cin\u00e9ma. Passionn\u00e9e par le septi\u00e8me art, j'explore les actualit\u00e9s, les critiques et les tendances du monde cin\u00e9matographique. Mon objectif est de partager ma passion et d'informer les amateurs de films \u00e0 travers des articles percutants et des analyses approfondies.","url":"https:\/\/www.sebastien-auziere.fr\/blog\/author\/celine\/"}]}},"views":2691,"_links":{"self":[{"href":"https:\/\/www.sebastien-auziere.fr\/blog\/wp-json\/wp\/v2\/posts\/2376","targetHints":{"allow":["GET"]}}],"collection":[{"href":"https:\/\/www.sebastien-auziere.fr\/blog\/wp-json\/wp\/v2\/posts"}],"about":[{"href":"https:\/\/www.sebastien-auziere.fr\/blog\/wp-json\/wp\/v2\/types\/post"}],"author":[{"embeddable":true,"href":"https:\/\/www.sebastien-auziere.fr\/blog\/wp-json\/wp\/v2\/users\/4"}],"replies":[{"embeddable":true,"href":"https:\/\/www.sebastien-auziere.fr\/blog\/wp-json\/wp\/v2\/comments?post=2376"}],"version-history":[{"count":3,"href":"https:\/\/www.sebastien-auziere.fr\/blog\/wp-json\/wp\/v2\/posts\/2376\/revisions"}],"predecessor-version":[{"id":2559,"href":"https:\/\/www.sebastien-auziere.fr\/blog\/wp-json\/wp\/v2\/posts\/2376\/revisions\/2559"}],"wp:featuredmedia":[{"embeddable":true,"href":"https:\/\/www.sebastien-auziere.fr\/blog\/wp-json\/wp\/v2\/media\/2360"}],"wp:attachment":[{"href":"https:\/\/www.sebastien-auziere.fr\/blog\/wp-json\/wp\/v2\/media?parent=2376"}],"wp:term":[{"taxonomy":"category","embeddable":true,"href":"https:\/\/www.sebastien-auziere.fr\/blog\/wp-json\/wp\/v2\/categories?post=2376"},{"taxonomy":"post_tag","embeddable":true,"href":"https:\/\/www.sebastien-auziere.fr\/blog\/wp-json\/wp\/v2\/tags?post=2376"}],"curies":[{"name":"wp","href":"https:\/\/api.w.org\/{rel}","templated":true}]}}