{"id":2374,"date":"2026-03-07T17:17:51","date_gmt":"2026-03-07T17:17:51","guid":{"rendered":"https:\/\/www.sebastien-auziere.fr\/blog\/?p=2374"},"modified":"2026-03-18T10:28:04","modified_gmt":"2026-03-18T10:28:04","slug":"brigitte-macron-joven-como-era-a-los-20-anos","status":"publish","type":"post","link":"https:\/\/www.sebastien-auziere.fr\/blog\/es\/brigitte-macron-joven-como-era-a-los-20-anos\/","title":{"rendered":"Brigitte Macron joven: \u00bfc\u00f3mo era a los 20 a\u00f1os?"},"content":{"rendered":"\n<p>Imagen generada por inteligencia artificial, ilustraci\u00f3n no real.<\/p>\n\n\n\n<p>Lo esencial: <strong>Brigitte Macron, nacida Trogneux el 13 de abril de 1953 en Amiens<\/strong>, ten\u00eda 20 a\u00f1os en 1973. A esa edad, acababa de obtener su bachillerato con menci\u00f3n muy bien y comenzaba una maestr\u00eda en letras cl\u00e1sicas. Las <strong>fotos de Brigitte Macron joven son raras<\/strong>: algunas im\u00e1genes de archivo relacionadas con su comuni\u00f3n, su vida estudiantil y sus primeros a\u00f1os como docente circulan en los medios, pero nunca se ha publicado una serie oficial. Las im\u00e1genes disponibles muestran a una joven <strong>con una sonrisa afirmada, con una apariencia elegante y sobria<\/strong>, caracter\u00edstica del estilo de los a\u00f1os 70 en Amiens.<\/p>\n\n\n\n<p>\u00bfQui\u00e9n era Brigitte Macron antes del El\u00edseo, antes de Emmanuel Macron, incluso antes de ser conocida por el gran p\u00fablico? La curiosidad en torno a sus fotos de juventud es inmensa \u2014 y las im\u00e1genes aut\u00e9nticas siguen siendo raras. Este art\u00edculo re\u00fane todo lo que sabemos de su juventud a los 20 a\u00f1os: su entorno familiar, su escolaridad, su estilo de la \u00e9poca, sus estudios, su primer matrimonio y algunas fotos que atestiguan este per\u00edodo.<\/p>\n\n\n\n<ol class=\"wp-block-list\">\n<li><a href=\"#brigitte-trogneux-20-ans\">Brigitte Trogneux a los 20 a\u00f1os: el contexto<\/a><\/li>\n\n\n\n<li><a href=\"#photos-disponibles\">Las fotos de Brigitte Macron joven: lo que realmente existe<\/a><\/li>\n\n\n\n<li><a href=\"#enfance-amiens\">Infancia en Amiens y la familia Trogneux<\/a><\/li>\n\n\n\n<li><a href=\"#scolarite-sacre-coeur\">Escolaridad en el Sacr\u00e9-C\u0153ur: entre rigor y pasi\u00f3n por las letras<\/a><\/li>\n\n\n\n<li><a href=\"#etudes-litteraires\">Estudios de letras y memoria sobre el amor cort\u00e9s<\/a><\/li>\n\n\n\n<li><a href=\"#style-jeunesse\">Su estilo en los a\u00f1os 70: elegancia sobria<\/a><\/li>\n\n\n\n<li><a href=\"#premier-mariage-auziere\">El primer matrimonio con Andr\u00e9-Louis Auzi\u00e8re (1974)<\/a><\/li>\n\n\n\n<li><a href=\"#carriere-enseignante\">De asistente de prensa a docente de letras<\/a><\/li>\n\n\n\n<li><a href=\"#rencontre-emmanuel-macron\">El encuentro con Emmanuel Macron en 1992<\/a><\/li>\n<\/ol>\n\n\n\n<h2 class=\"wp-block-heading\" id=\"brigitte-trogneux-20-ans\">Brigitte Trogneux a los 20 a\u00f1os: el contexto<\/h2>\n\n\n\n<p>En 1973, Brigitte Trogneux tiene 20 a\u00f1os. Sigue viviendo en Amiens, su ciudad natal, en el hogar familiar de una de las familias burguesas m\u00e1s conocidas de la ciudad. <strong>Acaba de obtener su bachillerato con menci\u00f3n muy bien<\/strong>, conseguido en 1972 en el liceo Sacr\u00e9-C\u0153ur de Amiens, a la edad de 19 a\u00f1os. Se prepara para comenzar estudios superiores en letras cl\u00e1sicas, disciplina en la que se va a apasionar hasta el punto de dedicar su memoria de fin de estudios al \u00ab amor cort\u00e9s \u00bb.<\/p>\n\n\n\n<p>Francia en 1973 est\u00e1 en plena mutaci\u00f3n social: los c\u00f3digos de vestimenta se flexibilizan, las mujeres acceden masivamente a la universidad, y las grandes familias de provincias como los Trogneux se mantienen ancladas en valores a la vez tradicionales y cultivados. Es en este contexto donde se forja la personalidad de la futura Primera dama.<\/p>\n\n\n\n<h2 class=\"wp-block-heading\" id=\"photos-disponibles\">Las fotos de Brigitte Macron joven: lo que realmente existe<\/h2>\n\n\n\n<p>La rareza de las fotos de Brigitte Macron joven es una de las primeras cosas que se nota al buscar. <strong>Entre sus 15 y 40 a\u00f1os, las im\u00e1genes aut\u00e9nticas son muy pocas<\/strong>, casi inexistentes en el espacio p\u00fablico. Ninguna serie oficial, ning\u00fan \u00e1lbum hecho p\u00fablico por ella misma o por su entorno cubre este per\u00edodo.<\/p>\n\n\n\n<h3 class=\"wp-block-heading\">Las fotos conocidas y verificadas<\/h3>\n\n\n\n<ul class=\"wp-block-list\">\n<li><strong>Foto de comuni\u00f3n:<\/strong> una de las raras im\u00e1genes de infancia autenticadas, a menudo reproducidas en biograf\u00edas y reportajes televisivos<\/li>\n\n\n\n<li><strong>Fotos de clase en el Sacr\u00e9-C\u0153ur:<\/strong> algunas im\u00e1genes de archivos escolares circulan en reportajes dedicados a su trayectoria<\/li>\n\n\n\n<li><strong>Fotos de docente en los a\u00f1os 90:<\/strong> im\u00e1genes que la muestran en su clase en Amiens, sonriendo frente a sus alumnos, en los primeros a\u00f1os de su puesto en el liceo La Providence<\/li>\n\n\n\n<li><strong>Una rara imagen de beb\u00e9:<\/strong> una captura de un reportaje de France 3 ha sido reproducida en varios art\u00edculos biogr\u00e1ficos<\/li>\n<\/ul>\n\n\n\n<p>Brigitte Macron nunca ha divulgado personalmente fotos personales de su juventud, <strong>testificando de una constante discreci\u00f3n sobre este per\u00edodo<\/strong>. Su hija Tiphaine Auzi\u00e8re de hecho confirm\u00f3 durante el juicio por ciberacoso en octubre de 2025 que su madre ahora debe vigilar cada imagen para evitar malentendidos \u2014 lo que hace a\u00fan m\u00e1s improbable cualquier difusi\u00f3n espont\u00e1nea de fotos antiguas.<\/p>\n\n\n\n<h3 class=\"wp-block-heading\">C\u00f3mo distinguir las verdaderas fotos de las falsas<\/h3>\n\n\n\n<p>Con la proliferaci\u00f3n de teor\u00edas conspirativas sobre su identidad desde 2021, muchas fotos falsas circulan en l\u00ednea bajo el t\u00edtulo \u00ab\u00a0Brigitte Macron joven\u00a0\u00bb. Para distinguir lo aut\u00e9ntico de lo fabricado, algunos puntos de referencia simples:<\/p>\n\n\n\n<ul class=\"wp-block-list\">\n<li>Verificar la fuente: las fotos cre\u00edbles provienen de medios conocidos (Paris Match, archivos FR3, Le Point) o de biograf\u00edas publicadas<\/li>\n\n\n\n<li>Realizar una b\u00fasqueda inversa a trav\u00e9s de Google Im\u00e1genes o TinEye para rastrear la primera aparici\u00f3n de la imagen en l\u00ednea<\/li>\n\n\n\n<li>Verificar la coherencia de vestimenta y cabello con los a\u00f1os 1960-1970 en Amiens<\/li>\n\n\n\n<li>Ignorar cualquier imagen publicada exclusivamente en sitios conspirativos o redes sociales sin fuente identificada<\/li>\n<\/ul>\n\n\n\n<h2 class=\"wp-block-heading\" id=\"enfance-amiens\">Infancia en Amiens y la familia Trogneux<\/h2>\n\n\n\n<p>Brigitte Marie-Claude Trogneux nace el 13 de abril de 1953 en Amiens, <strong>hija menor de una familia de seis hijos<\/strong>. Su padre, Jean Trogneux, dirige la chocolater\u00eda familiar fundada en 1872 \u2014 una instituci\u00f3n amiensense famosa por sus macarons. Su madre, Simone Pujol, esposa de Jean Trogneux desde el 26 de septiembre de 1931, transforma el sal\u00f3n familiar en un verdadero hogar art\u00edstico donde la creatividad y la exigencia coexisten.<\/p>\n\n\n\n<p>Sus hermanos y hermanas son Jean-Claude Trogneux (nacido en 1933, fallecido en noviembre de 2018), Anne-Marie Trogneux (nacida en 1932, fallecida en julio de 2025), Monique Trogneux (nacida en 1941, esposa de Jean-Claude Gueudet, uno de los mayores concesionarios de autom\u00f3viles del pa\u00eds) y Jean-Michel Trogneux (nacido el 11 de febrero de 1945). Brigitte es la m\u00e1s joven, <strong>mimada por sus padres que le \u00ab pasaban todo o casi todo \u00bb<\/strong>, como ella misma confes\u00f3 en la obra <em>Brigitte Macron, la confidente<\/em>.<\/p>\n\n\n\n<blockquote class=\"wp-block-quote is-layout-flow wp-block-quote-is-layout-flow\">\n<p>\u00ab Pod\u00eda hacer todo, incluso traer malas notas. \u00bb<br>\u2014 Brigitte Macron, sobre su infancia en la casa familiar de Amiens<\/p>\n<\/blockquote>\n\n\n\n<p>Esta libertad en casa contrasta con la disciplina rigurosa de su escolaridad \u2014 y esta doble experiencia moldea duraderamente su futura pedagog\u00eda: exigente en el fondo, humana en la forma.<\/p>\n\n\n\n<h2 class=\"wp-block-heading\" id=\"scolarite-sacre-coeur\">Escolaridad en el Sacr\u00e9-C\u0153ur: entre rigor y pasi\u00f3n por las letras<\/h2>\n\n\n\n<p>Brigitte Trogneux realiza toda su escolaridad en la <strong>instituci\u00f3n cat\u00f3lica del Sacr\u00e9-C\u0153ur de Amiens<\/strong>, un establecimiento reputado por su exigencia acad\u00e9mica, donde \u00ab la mayor\u00eda de las clases son impartidas por religiosas y la confesi\u00f3n ocurre dos veces por semana \u00bb. Este marco estructurado le inculca valores de asiduidad y disciplina que marcar\u00e1n profundamente su futura carrera como docente.<\/p>\n\n\n\n<p>Es en este contexto escolar estricto donde se revela su pasi\u00f3n por la literatura francesa y el teatro. El teatro, en particular, ocupa muy pronto un lugar destacado en su vida \u2014 alimenta su necesidad de transmitir, de tomar la palabra, de probar la imaginaci\u00f3n. Obtiene su bachillerato con <strong>menci\u00f3n muy bien en 1972<\/strong>, a los 19 a\u00f1os.<\/p>\n\n\n\n<h2 class=\"wp-block-heading\" id=\"etudes-litteraires\">Estudios de letras y memoria sobre el amor cort\u00e9s<\/h2>\n\n\n\n<p>A los 20 a\u00f1os, en 1973, Brigitte Trogneux es estudiante de letras cl\u00e1sicas. Obtiene una <strong>maestr\u00eda en letras cl\u00e1sicas<\/strong> y dedica su memoria de fin de estudios a <strong>\u00ab el amor cort\u00e9s \u00bb<\/strong> \u2014 tema que, en retrospectiva, tiene una resonancia particular a la luz de la historia de amor at\u00edpica que vivir\u00e1 dos d\u00e9cadas m\u00e1s tarde.<\/p>\n\n\n\n<p>A principios de los a\u00f1os 80, antes de dedicarse plenamente a la ense\u00f1anza, trabaja durante dos a\u00f1os como <strong>asistente de prensa en la c\u00e1mara de comercio del Norte-Paso de Calais<\/strong>. Un par\u00e9ntesis profesional que da testimonio de su curiosidad y su capacidad para invertir en campos variados. No es hasta 1986 que obtiene el CAPES de letras cl\u00e1sicas, despu\u00e9s del nacimiento de su tercer hijo.<\/p>\n\n\n\n<h2 class=\"wp-block-heading\" id=\"style-jeunesse\">Su estilo en los a\u00f1os 70: elegancia sobria<\/h2>\n\n\n\n<p>Las raras fotos de Brigitte Macron joven que circulan en los medios muestran a una joven con un <strong>estilo simple y cuidado, caracter\u00edstico de los a\u00f1os 70 en la burgues\u00eda amiensense<\/strong>: cabello corto, ropa cl\u00e1sica y discreta, apariencia elegante sin ostentaci\u00f3n. Ella ya desprend\u00eda, seg\u00fan quienes la conocieron en esa \u00e9poca, esta <strong>confianza tranquila<\/strong> que la caracteriza hoy.<\/p>\n\n\n\n<p>Su sonrisa es a menudo citada como el elemento m\u00e1s llamativo en estos antiguos clich\u00e9s \u2014 una sonrisa que, seg\u00fan varias fuentes biogr\u00e1ficas, no ha cambiado fundamentalmente a lo largo de las d\u00e9cadas. Lo que tambi\u00e9n se encuentra en estas im\u00e1genes: una mirada afirmada, una postura segura, y una presencia natural que no debe nada a la puesta en escena.<\/p>\n\n\n\n<h2 class=\"wp-block-heading\" id=\"premier-mariage-auziere\">El primer matrimonio con Andr\u00e9-Louis Auzi\u00e8re (1974)<\/h2>\n\n\n\n<p>El 22 de junio de 1974, a la edad de 21 a\u00f1os, Brigitte Trogneux se casa con <strong>Andr\u00e9-Louis Auzi\u00e8re<\/strong> en Touquet-Paris-Plage. Nacido en \u00c9s\u00e9ka, Camer\u00fan, Andr\u00e9-Louis Auzi\u00e8re es banquero, hijo de Louis Auzi\u00e8re, alto funcionario en Camer\u00fan franc\u00e9s. La pareja se establece y construye una vida familiar: tres hijos nacer\u00e1n de esta uni\u00f3n \u2014 <strong>S\u00e9bastien Auzi\u00e8re<\/strong> (1975), ingeniero estad\u00edstico, <strong>Laurence Auzi\u00e8re<\/strong> (1977), cardi\u00f3logo, y <strong>Tiphaine Auzi\u00e8re<\/strong> (1984).<\/p>\n\n\n\n<p>En 1984, la familia se muda a Truchtersheim en el Bajo Rin, tras la reubicaci\u00f3n profesional de Andr\u00e9-Louis Auzi\u00e8re. Brigitte Macron se compromete en la vida asociativa local y figura incluso, en 1989, en una lista sin etiqueta \u00ab Truchtersheim demain \u00bb en las elecciones municipales \u2014 sin ser elegida. La familia luego deja Alsacia para regresar a Amiens, donde Brigitte se une al liceo La Providence como docente de letras y teatro.<\/p>\n\n\n\n<h2 class=\"wp-block-heading\" id=\"carriere-enseignante\">De asistente de prensa a docente de letras<\/h2>\n\n\n\n<p>El recorrido profesional de Brigitte Macron es m\u00e1s sinuoso de lo que se imagina a menudo. Despu\u00e9s de sus estudios y dos a\u00f1os en la c\u00e1mara de comercio, obtiene el CAPES de letras cl\u00e1sicas en 1986, despu\u00e9s del nacimiento de su tercer hijo. Ense\u00f1a inicialmente franc\u00e9s y lat\u00edn en el <strong>colegio Lucie-Berger de Estrasburgo<\/strong>, establecimiento privado protestante, de 1986 a 1991.<\/p>\n\n\n\n<figure class=\"wp-block-table\"><table class=\"has-fixed-layout\"><thead><tr><th>Per\u00edodo<\/th><th>Puesto<\/th><th>Establecimiento<\/th><\/tr><\/thead><tbody><tr><td>Inicio de los a\u00f1os 80<\/td><td>Asistente de prensa<\/td><td>C\u00e1mara de comercio Nord-Paso de Calais<\/td><\/tr><tr><td>1986\u20131991<\/td><td>Profesora de franc\u00e9s y lat\u00edn<\/td><td>Colegio Lucie-Berger, Estrasburgo<\/td><\/tr><tr><td>1991\u20132007<\/td><td>Profesora de letras y teatro<\/td><td>Liceo La Providence, Amiens<\/td><\/tr><tr><td>2007\u20132015<\/td><td>Profesora de franc\u00e9s<\/td><td>Liceo Saint-Louis-de-Gonzague, Par\u00eds<\/td><\/tr><tr><td>Desde 2015<\/td><td>Primera dama, disponibilidad en Educaci\u00f3n Nacional<\/td><td>\u2014<\/td><\/tr><\/tbody><\/table><\/figure>\n\n\n\n<p>En Par\u00eds, en el liceo jesuita Saint-Louis-de-Gonzague (dicho Franklin), ense\u00f1a, entre otros, a los hijos de Bernard Arnault. En septiembre de 2015, se pone en disponibilidad de la Educaci\u00f3n Nacional para dedicarse plenamente a la campa\u00f1a presidencial de Emmanuel Macron.<\/p>\n\n\n\n<h2 class=\"wp-block-heading\" id=\"rencontre-emmanuel-macron\">El encuentro con Emmanuel Macron en 1992<\/h2>\n\n\n\n<p>El encuentro entre Brigitte Auzi\u00e8re y Emmanuel Macron tiene lugar durante el a\u00f1o escolar 1992-1993, en el liceo La Providence de Amiens. Ella dirige un taller de teatro. Entre sus alumnos: un chico de 15 a\u00f1os, en segundo \u2014 <strong>en la misma clase que su hija Laurence<\/strong>. Se llama Emmanuel Macron. Ella confiesa m\u00e1s tarde haber quedado \u00ab totalmente cautivada por la inteligencia de este chico \u00bb.<\/p>\n\n\n\n<blockquote class=\"wp-block-quote is-layout-flow wp-block-quote-is-layout-flow\">\n<p>\u00ab La escritura nos reun\u00eda cada viernes y desencaden\u00f3 una incre\u00edble cercan\u00eda. \u00bb<br>\u2014 Brigitte Macron a Paris Match<\/p>\n<\/blockquote>\n\n\n\n<p>Su relaci\u00f3n se desarrolla en torno a una pasi\u00f3n compartida por la literatura y el teatro. Una primera representaci\u00f3n de fin de a\u00f1o les ve colaborar en una adaptaci\u00f3n del volumen <em>La Com\u00e9die du langage<\/em> de Jean Tardieu, Emmanuel interpretando un espantap\u00e1jaros. Al a\u00f1o siguiente, vuelven a trabajar juntos <em>L&rsquo;Art de la com\u00e9die<\/em> de Eduardo De Filippo. Emmanuel Macron, a los 17 a\u00f1os, le promete que se casar\u00e1 con ella. <strong>Se casan el 20 de octubre de 2007<\/strong>, despu\u00e9s de que Brigitte ha divorciado de Andr\u00e9-Louis Auzi\u00e8re \u2014 quien fallecer\u00e1 en 2019.<\/p>\n\n\n\n<p>Esta diferencia de edad de veinticuatro a\u00f1os, comentada durante mucho tiempo con curiosidad por los medios, tambi\u00e9n ha sido instrumentalizada por los c\u00edrculos conspirativos para alimentar rumores infundados \u2014 en particular la teor\u00eda transf\u00f3bica sobre Jean-Michel Trogneux, condenada por los tribunales franceses en 2023 y luego en enero de 2026.<\/p>\n\n\n\n<h2 class=\"wp-block-heading\">Conclusi\u00f3n<\/h2>\n\n\n\n<p>Brigitte Macron a los 20 a\u00f1os es una joven de Amiens, proveniente de una gran familia de chocolateros, apasionada por las letras y el teatro, que acaba de obtener su bachillerato con menci\u00f3n y se apresta a dedicar su memoria al amor cort\u00e9s. Las fotos aut\u00e9nticas de este per\u00edodo son raras \u2014 pero las pocas im\u00e1genes que existen muestran una personalidad ya afirmada, un estilo sobrio y elegante, y una sonrisa reconocible. Su trayectoria, de asistente de prensa a docente reconocida hasta ser Primera dama, forma una trayectoria coherente, hecha de pasi\u00f3n por la cultura y de capacidad constante para reinventarse.<\/p>\n\n\n\n<h2 class=\"wp-block-heading\">FAQ<\/h2>\n\n\n\n<h3 class=\"wp-block-heading\">\u00bfC\u00f3mo era Brigitte Macron a los 20 a\u00f1os?<\/h3>\n\n\n\n<p>A los 20 a\u00f1os, en 1973, Brigitte Trogneux era una joven estudiante de letras en Amiens, con un estilo sobrio y elegante caracter\u00edstico de los a\u00f1os 70. Las pocas fotos disponibles muestran a una joven con una sonrisa afirmada, cabello corto, apariencia cuidada y una presencia natural ya notable seg\u00fan quienes la conocieron en la \u00e9poca.<\/p>\n\n\n\n<h3 class=\"wp-block-heading\">\u00bfD\u00f3nde encontrar fotos de Brigitte Macron joven?<\/h3>\n\n\n\n<p>Las fotos aut\u00e9nticas de <a href=\"https:\/\/www.sebastien-auziere.fr\/blog\/brigitte-macron-1980\/\">Brigitte Macron joven<\/a> son raras. Las m\u00e1s conocidas han sido publicadas en reportajes televisivos (France 3), biograf\u00edas o revistas como Le Point y Paris Match. Ninguna serie oficial ha sido publicada por ella misma o por su entorno. Las fotos que circulan en sitios conspirativos son, en su mayor\u00eda, inverificables o fabricadas.<\/p>\n\n\n\n<h3 class=\"wp-block-heading\">\u00bfQu\u00e9 hac\u00eda Brigitte Macron a los 20 a\u00f1os?<\/h3>\n\n\n\n<p>En 1973, Brigitte Trogneux acababa de obtener su bachillerato con menci\u00f3n muy bien y comenzaba una maestr\u00eda en letras cl\u00e1sicas en la universidad de Amiens. A\u00fan viv\u00eda en la casa familiar, en el universo de la chocolater\u00eda Trogneux fundada en 1872, antes de casarse con Andr\u00e9-Louis Auzi\u00e8re en junio de 1974.<\/p>\n\n\n\n<h3 class=\"wp-block-heading\">\u00bfBrigitte Macron ha publicado fotos de su juventud?<\/h3>\n\n\n\n<p>No. Brigitte Macron nunca ha hecho p\u00fablicas fotos personales de su juventud. Su discreci\u00f3n sobre este per\u00edodo es constante. Su hija Tiphaine Auzi\u00e8re confirm\u00f3 durante el juicio por ciberacoso en 2025 que su madre vigila atentamente el uso de su imagen para evitar malentendidos.<\/p>\n\n\n\n<h3 class=\"wp-block-heading\">\u00bfCu\u00e1ndo conoci\u00f3 Brigitte Macron a Emmanuel Macron?<\/h3>\n\n\n\n<p>Brigitte Macron conoci\u00f3 a Emmanuel Macron durante el a\u00f1o escolar 1992-1993, en el liceo La Providence de Amiens, donde ense\u00f1aba teatro. \u00c9l ten\u00eda 15 a\u00f1os, ella 39. Se casaron el 20 de octubre de 2007, despu\u00e9s de que Brigitte se divorciara de su primer esposo, Andr\u00e9-Louis Auzi\u00e8re.<\/p>\n\n\n\n<h3 class=\"wp-block-heading\">\u00bfCu\u00e1ntos hijos tiene Brigitte Macron?<\/h3>\n\n\n\n<p>Brigitte Macron tiene tres hijos de su primer matrimonio con Andr\u00e9-Louis Auzi\u00e8re: S\u00e9bastien Auzi\u00e8re (nacido en 1975), ingeniero estad\u00edstico; Laurence Auzi\u00e8re (nacida en 1977), cardi\u00f3logo; y Tiphaine Auzi\u00e8re (nacida en 1984). Tambi\u00e9n es abuela de siete nietos. Emmanuel Macron no tiene hijos biol\u00f3gicos.<\/p>\n\n\n\n<h3 class=\"wp-block-heading\">\u00bfPor qu\u00e9 las fotos de Brigitte Macron joven son raras?<\/h3>\n\n\n\n<p>Brigitte Macron creci\u00f3 y vivi\u00f3 hasta los 64 a\u00f1os en una relativa discreci\u00f3n, lejos de los medios. Antes de 2017 y la elecci\u00f3n de Emmanuel Macron a la presidencia, no era una personalidad p\u00fablica. Los archivos fotogr\u00e1ficos de su juventud nunca se han constituido ni se han difundido, a diferencia de las personalidades que entran en la vida p\u00fablica desde su juventud.<\/p>\n\n\n\n<p><br \/>\n[<br \/>\n  {<br \/>\n    \u00ab\u00a0@context\u00a0\u00bb: \u00ab\u00a0https:\/\/schema.org\u00a0\u00bb,<br \/>\n    \u00ab\u00a0@type\u00a0\u00bb: \u00ab\u00a0Article\u00a0\u00bb,<br \/>\n    \u00ab\u00a0headline\u00a0\u00bb: \u00ab\u00a0Brigitte Macron joven: \u00bfc\u00f3mo era a los 20 a\u00f1os?\u00a0\u00bb,<br \/>\n    \u00ab\u00a0description\u00a0\u00bb: \u00ab\u00a0Brigitte Macron a los 20 a\u00f1os: fotos raras, infancia en Amiens, familia Trogneux, estudios de letras, primer matrimonio y encuentro con Emmanuel Macron. Todo lo que sabemos de su juventud.\u00a0\u00bb,<br \/>\n    \u00ab\u00a0inLanguage\u00a0\u00bb: \u00ab\u00a0fr\u00a0\u00bb,<br \/>\n    \u00ab\u00a0about\u00a0\u00bb: {<br \/>\n      \u00ab\u00a0@type\u00a0\u00bb: \u00ab\u00a0Person\u00a0\u00bb,<br \/>\n      \u00ab\u00a0name\u00a0\u00bb: \u00ab\u00a0Brigitte Macron\u00a0\u00bb,<br \/>\n      \u00ab\u00a0birthDate\u00a0\u00bb: \u00ab\u00a01953-04-13\u00a0\u00bb,<br \/>\n      \u00ab\u00a0birthPlace\u00a0\u00bb: \u00ab\u00a0Amiens, Francia\u00a0\u00bb,<br \/>\n      \u00ab\u00a0spouse\u00a0\u00bb: {\u00ab\u00a0@type\u00a0\u00bb: \u00ab\u00a0Person\u00a0\u00bb, \u00ab\u00a0name\u00a0\u00bb: \u00ab\u00a0Emmanuel Macron\u00a0\u00bb}<br \/>\n    }<br \/>\n  },<br \/>\n  {<br \/>\n    \u00ab\u00a0@context\u00a0\u00bb: \u00ab\u00a0https:\/\/schema.org\u00a0\u00bb,<br \/>\n    \u00ab\u00a0@type\u00a0\u00bb: \u00ab\u00a0FAQPage\u00a0\u00bb,<br \/>\n    \u00ab\u00a0mainEntity\u00a0\u00bb: [<br \/>\n      {<br \/>\n        \u00ab\u00a0@type\u00a0\u00bb: \u00ab\u00a0Question\u00a0\u00bb,<br \/>\n        \u00ab\u00a0name\u00a0\u00bb: \u00ab\u00a0\u00bfC\u00f3mo era Brigitte Macron a los 20 a\u00f1os?\u00a0\u00bb,<br \/>\n        \u00ab\u00a0acceptedAnswer\u00a0\u00bb: {<br \/>\n          \u00ab\u00a0@type\u00a0\u00bb: \u00ab\u00a0Answer\u00a0\u00bb,<br \/>\n          \u00ab\u00a0text\u00a0\u00bb: \u00ab\u00a0A los 20 a\u00f1os, en 1973, Brigitte Trogneux era una joven estudiante de letras en Amiens, con un estilo sobrio y elegante caracter\u00edstico de los a\u00f1os 70, con una sonrisa afirmada y una presencia natural ya notable.\u00a0\u00bb<br \/>\n        }<br \/>\n      },<br \/>\n      {<br \/>\n        \u00ab\u00a0@type\u00a0\u00bb: \u00ab\u00a0Question\u00a0\u00bb,<br \/>\n        \u00ab\u00a0name\u00a0\u00bb: \u00ab\u00a0\u00bfD\u00f3nde encontrar fotos de Brigitte Macron joven?\u00a0\u00bb,<br \/>\n        \u00ab\u00a0acceptedAnswer\u00a0\u00bb: {<br \/>\n          \u00ab\u00a0@type\u00a0\u00bb: \u00ab\u00a0Answer\u00a0\u00bb,<br \/>\n          \u00ab\u00a0text\u00a0\u00bb: \u00ab\u00a0Las fotos aut\u00e9nticas de Brigitte Macron joven son raras. Las m\u00e1s conocidas han sido publicadas en reportajes de France 3, biograf\u00edas y revistas como Le Point y Paris Match. Ninguna serie oficial ha sido publicada.\u00a0\u00bb<br \/>\n        }<br \/>\n      },<br \/>\n      {<br \/>\n        \u00ab\u00a0@type\u00a0\u00bb: \u00ab\u00a0Question\u00a0\u00bb,<br \/>\n        \u00ab\u00a0name\u00a0\u00bb: \u00ab\u00a0\u00bfQu\u00e9 hac\u00eda Brigitte Macron a los 20 a\u00f1os?\u00a0\u00bb,<br \/>\n        \u00ab\u00a0acceptedAnswer\u00a0\u00bb: {<br \/>\n          \u00ab\u00a0@type\u00a0\u00bb: \u00ab\u00a0Answer\u00a0\u00bb,<br \/>\n          \u00ab\u00a0text\u00a0\u00bb: \u00ab\u00a0En 1973, a los 20 a\u00f1os, Brigitte Trogneux acababa de obtener su bachillerato con menci\u00f3n muy bien y comenzaba una maestr\u00eda en letras cl\u00e1sicas en Amiens, antes de casarse con Andr\u00e9-Louis Auzi\u00e8re en junio de 1974.\u00a0\u00bb<br \/>\n        }<br \/>\n      },<br \/>\n      {<br \/>\n        \u00ab\u00a0@type\u00a0\u00bb: \u00ab\u00a0Question\u00a0\u00bb,<br \/>\n        \u00ab\u00a0name\u00a0\u00bb: \u00ab\u00a0\u00bfCu\u00e1ndo conoci\u00f3 Brigitte Macron a Emmanuel Macron?\u00a0\u00bb,<br \/>\n        \u00ab\u00a0acceptedAnswer\u00a0\u00bb: {<br \/>\n          \u00ab\u00a0@type\u00a0\u00bb: \u00ab\u00a0Answer\u00a0\u00bb,<br \/>\n          \u00ab\u00a0text\u00a0\u00bb: \u00ab\u00a0Brigitte Macron conoci\u00f3 a Emmanuel Macron durante el a\u00f1o escolar 1992-1993 en el liceo La Providence de Amiens, donde ense\u00f1aba teatro. \u00c9l ten\u00eda 15 a\u00f1os, ella 39. Se casaron el 20 de octubre de 2007.\u00a0\u00bb<br \/>\n        }<br \/>\n      },<br \/>\n      {<br \/>\n        \u00ab\u00a0@type\u00a0\u00bb: \u00ab\u00a0Question\u00a0\u00bb,<br \/>\n        \u00ab\u00a0name\u00a0\u00bb: \u00ab\u00a0\u00bfCu\u00e1ntos hijos tiene Brigitte Macron?\u00a0\u00bb,<br \/>\n        \u00ab\u00a0acceptedAnswer\u00a0\u00bb: {<br \/>\n          \u00ab\u00a0@type\u00a0\u00bb: \u00ab\u00a0Answer\u00a0\u00bb,<br \/>\n          \u00ab\u00a0text\u00a0\u00bb: \u00ab\u00a0Brigitte Macron tiene tres hijos de su primer matrimonio: S\u00e9bastien Auzi\u00e8re (1975), Laurence Auzi\u00e8re (1977) y Tiphaine Auzi\u00e8re (1984). Es abuela de siete nietos. Emmanuel Macron no tiene hijos biol\u00f3gicos.\u00a0\u00bb<br \/>\n        }<br \/>\n      },<br \/>\n      {<br \/>\n        \u00ab\u00a0@type\u00a0\u00bb: \u00ab\u00a0Question\u00a0\u00bb,<br \/>\n        \u00ab\u00a0name\u00a0\u00bb: \u00ab\u00a0\u00bfPor qu\u00e9 las fotos de Brigitte Macron joven son raras?\u00a0\u00bb,<br \/>\n        \u00ab\u00a0acceptedAnswer\u00a0\u00bb: {<br \/>\n          \u00ab\u00a0@type\u00a0\u00bb: \u00ab\u00a0Answer\u00a0\u00bb,<br \/>\n          \u00ab\u00a0text\u00a0\u00bb: \u00ab\u00a0Brigitte Macron ha vivido en una relativa discreci\u00f3n hasta 2017. Antes de la elecci\u00f3n de Emmanuel Macron, no era una personalidad p\u00fablica, y los archivos fotogr\u00e1ficos de su juventud nunca se han constituido ni se han difundido.\u00a0\u00bb<br \/>\n        }<br \/>\n      }<br \/>\n    ]<br \/>\n  }<br \/>\n]<br \/>\n<\/p>\n\n\n\n<p><br>\n<\/p>\n","protected":false},"excerpt":{"rendered":"<p>Imagen generada por inteligencia artificial, ilustraci\u00f3n no real. Lo esencial: Brigitte Macron, nacida Trogneux el 13 de abril de 1953 en Amiens, ten\u00eda 20 a\u00f1os en 1973. A esa edad, acababa de obtener su bachillerato con menci\u00f3n muy bien y comenzaba una maestr\u00eda en letras cl\u00e1sicas. Las fotos de Brigitte Macron joven son raras: algunas &#8230; <a title=\"Brigitte Macron joven: \u00bfc\u00f3mo era a los 20 a\u00f1os?\" class=\"read-more\" href=\"https:\/\/www.sebastien-auziere.fr\/blog\/es\/brigitte-macron-joven-como-era-a-los-20-anos\/\" aria-label=\"En savoir plus sur Brigitte Macron joven: \u00bfc\u00f3mo era a los 20 a\u00f1os?\">Lire plus<\/a><\/p>\n","protected":false},"author":4,"featured_media":2360,"comment_status":"open","ping_status":"open","sticky":false,"template":"","format":"standard","meta":{"footnotes":""},"categories":[602],"tags":[],"class_list":["post-2374","post","type-post","status-publish","format-standard","has-post-thumbnail","hentry","category-tendencia"],"yoast_head":"<!-- This site is optimized with the Yoast SEO plugin v27.5 - https:\/\/yoast.com\/product\/yoast-seo-wordpress\/ -->\n<title>Brigitte Macron joven: \u00bfc\u00f3mo era a los 20 a\u00f1os? - Fan site S\u00e9bastien Auzi\u00e8re<\/title>\n<meta name=\"robots\" content=\"index, follow, max-snippet:-1, max-image-preview:large, max-video-preview:-1\" \/>\n<link rel=\"canonical\" href=\"https:\/\/www.sebastien-auziere.fr\/blog\/es\/brigitte-macron-joven-como-era-a-los-20-anos\/\" \/>\n<meta property=\"og:locale\" content=\"fr_FR\" \/>\n<meta property=\"og:type\" content=\"article\" \/>\n<meta property=\"og:title\" content=\"Brigitte Macron joven: \u00bfc\u00f3mo era a los 20 a\u00f1os? - Fan site S\u00e9bastien Auzi\u00e8re\" \/>\n<meta property=\"og:description\" content=\"Imagen generada por inteligencia artificial, ilustraci\u00f3n no real. Lo esencial: Brigitte Macron, nacida Trogneux el 13 de abril de 1953 en Amiens, ten\u00eda 20 a\u00f1os en 1973. A esa edad, acababa de obtener su bachillerato con menci\u00f3n muy bien y comenzaba una maestr\u00eda en letras cl\u00e1sicas. Las fotos de Brigitte Macron joven son raras: algunas ... Lire plus\" \/>\n<meta property=\"og:url\" content=\"https:\/\/www.sebastien-auziere.fr\/blog\/es\/brigitte-macron-joven-como-era-a-los-20-anos\/\" \/>\n<meta property=\"og:site_name\" content=\"Fan site S\u00e9bastien Auzi\u00e8re\" \/>\n<meta property=\"article:published_time\" content=\"2026-03-07T17:17:51+00:00\" \/>\n<meta property=\"article:modified_time\" content=\"2026-03-18T10:28:04+00:00\" \/>\n<meta property=\"og:image\" content=\"https:\/\/www.sebastien-auziere.fr\/blog\/wp-content\/uploads\/2026\/03\/ChatGPT-Image-7-mars-2026-17_58_29.jpg\" \/>\n\t<meta property=\"og:image:width\" content=\"1536\" \/>\n\t<meta property=\"og:image:height\" content=\"1024\" \/>\n\t<meta property=\"og:image:type\" content=\"image\/jpeg\" \/>\n<meta name=\"author\" content=\"Celine\" \/>\n<meta name=\"twitter:card\" content=\"summary_large_image\" \/>\n<meta name=\"twitter:label1\" content=\"\u00c9crit par\" \/>\n\t<meta name=\"twitter:data1\" content=\"Celine\" \/>\n\t<meta name=\"twitter:label2\" content=\"Dur\u00e9e de lecture estim\u00e9e\" \/>\n\t<meta name=\"twitter:data2\" content=\"15 minutes\" \/>\n<script type=\"application\/ld+json\" class=\"yoast-schema-graph\">{\"@context\":\"https:\\\/\\\/schema.org\",\"@graph\":[{\"@type\":\"Article\",\"@id\":\"https:\\\/\\\/www.sebastien-auziere.fr\\\/blog\\\/es\\\/brigitte-macron-joven-como-era-a-los-20-anos\\\/#article\",\"isPartOf\":{\"@id\":\"https:\\\/\\\/www.sebastien-auziere.fr\\\/blog\\\/es\\\/brigitte-macron-joven-como-era-a-los-20-anos\\\/\"},\"author\":{\"name\":\"Celine\",\"@id\":\"https:\\\/\\\/www.sebastien-auziere.fr\\\/blog\\\/#\\\/schema\\\/person\\\/1e270a963009242469ed08b1c461f81f\"},\"headline\":\"Brigitte Macron joven: \u00bfc\u00f3mo era a los 20 a\u00f1os?\",\"datePublished\":\"2026-03-07T17:17:51+00:00\",\"dateModified\":\"2026-03-18T10:28:04+00:00\",\"mainEntityOfPage\":{\"@id\":\"https:\\\/\\\/www.sebastien-auziere.fr\\\/blog\\\/es\\\/brigitte-macron-joven-como-era-a-los-20-anos\\\/\"},\"wordCount\":2929,\"commentCount\":0,\"publisher\":{\"@id\":\"https:\\\/\\\/www.sebastien-auziere.fr\\\/blog\\\/#organization\"},\"image\":{\"@id\":\"https:\\\/\\\/www.sebastien-auziere.fr\\\/blog\\\/es\\\/brigitte-macron-joven-como-era-a-los-20-anos\\\/#primaryimage\"},\"thumbnailUrl\":\"https:\\\/\\\/www.sebastien-auziere.fr\\\/blog\\\/wp-content\\\/uploads\\\/2026\\\/03\\\/ChatGPT-Image-7-mars-2026-17_58_29.jpg\",\"articleSection\":[\"Tendencia\"],\"inLanguage\":\"fr-FR\",\"potentialAction\":[{\"@type\":\"CommentAction\",\"name\":\"Comment\",\"target\":[\"https:\\\/\\\/www.sebastien-auziere.fr\\\/blog\\\/es\\\/brigitte-macron-joven-como-era-a-los-20-anos\\\/#respond\"]}]},{\"@type\":\"WebPage\",\"@id\":\"https:\\\/\\\/www.sebastien-auziere.fr\\\/blog\\\/es\\\/brigitte-macron-joven-como-era-a-los-20-anos\\\/\",\"url\":\"https:\\\/\\\/www.sebastien-auziere.fr\\\/blog\\\/es\\\/brigitte-macron-joven-como-era-a-los-20-anos\\\/\",\"name\":\"Brigitte Macron joven: \u00bfc\u00f3mo era a los 20 a\u00f1os? - Fan site S\u00e9bastien Auzi\u00e8re\",\"isPartOf\":{\"@id\":\"https:\\\/\\\/www.sebastien-auziere.fr\\\/blog\\\/#website\"},\"primaryImageOfPage\":{\"@id\":\"https:\\\/\\\/www.sebastien-auziere.fr\\\/blog\\\/es\\\/brigitte-macron-joven-como-era-a-los-20-anos\\\/#primaryimage\"},\"image\":{\"@id\":\"https:\\\/\\\/www.sebastien-auziere.fr\\\/blog\\\/es\\\/brigitte-macron-joven-como-era-a-los-20-anos\\\/#primaryimage\"},\"thumbnailUrl\":\"https:\\\/\\\/www.sebastien-auziere.fr\\\/blog\\\/wp-content\\\/uploads\\\/2026\\\/03\\\/ChatGPT-Image-7-mars-2026-17_58_29.jpg\",\"datePublished\":\"2026-03-07T17:17:51+00:00\",\"dateModified\":\"2026-03-18T10:28:04+00:00\",\"breadcrumb\":{\"@id\":\"https:\\\/\\\/www.sebastien-auziere.fr\\\/blog\\\/es\\\/brigitte-macron-joven-como-era-a-los-20-anos\\\/#breadcrumb\"},\"inLanguage\":\"fr-FR\",\"potentialAction\":[{\"@type\":\"ReadAction\",\"target\":[\"https:\\\/\\\/www.sebastien-auziere.fr\\\/blog\\\/es\\\/brigitte-macron-joven-como-era-a-los-20-anos\\\/\"]}]},{\"@type\":\"ImageObject\",\"inLanguage\":\"fr-FR\",\"@id\":\"https:\\\/\\\/www.sebastien-auziere.fr\\\/blog\\\/es\\\/brigitte-macron-joven-como-era-a-los-20-anos\\\/#primaryimage\",\"url\":\"https:\\\/\\\/www.sebastien-auziere.fr\\\/blog\\\/wp-content\\\/uploads\\\/2026\\\/03\\\/ChatGPT-Image-7-mars-2026-17_58_29.jpg\",\"contentUrl\":\"https:\\\/\\\/www.sebastien-auziere.fr\\\/blog\\\/wp-content\\\/uploads\\\/2026\\\/03\\\/ChatGPT-Image-7-mars-2026-17_58_29.jpg\",\"width\":1536,\"height\":1024,\"caption\":\"Brigitte Macron jeune\"},{\"@type\":\"BreadcrumbList\",\"@id\":\"https:\\\/\\\/www.sebastien-auziere.fr\\\/blog\\\/es\\\/brigitte-macron-joven-como-era-a-los-20-anos\\\/#breadcrumb\",\"itemListElement\":[{\"@type\":\"ListItem\",\"position\":1,\"name\":\"Home\",\"item\":\"https:\\\/\\\/www.sebastien-auziere.fr\\\/blog\\\/\"},{\"@type\":\"ListItem\",\"position\":2,\"name\":\"Brigitte Macron joven: \u00bfc\u00f3mo era a los 20 a\u00f1os?\"}]},{\"@type\":\"WebSite\",\"@id\":\"https:\\\/\\\/www.sebastien-auziere.fr\\\/blog\\\/#website\",\"url\":\"https:\\\/\\\/www.sebastien-auziere.fr\\\/blog\\\/\",\"name\":\"Fan site S\u00e9bastien Auzi\u00e8re\",\"description\":\"M\u00e9dia g\u00e9n\u00e9raliste\",\"publisher\":{\"@id\":\"https:\\\/\\\/www.sebastien-auziere.fr\\\/blog\\\/#organization\"},\"potentialAction\":[{\"@type\":\"SearchAction\",\"target\":{\"@type\":\"EntryPoint\",\"urlTemplate\":\"https:\\\/\\\/www.sebastien-auziere.fr\\\/blog\\\/?s={search_term_string}\"},\"query-input\":{\"@type\":\"PropertyValueSpecification\",\"valueRequired\":true,\"valueName\":\"search_term_string\"}}],\"inLanguage\":\"fr-FR\"},{\"@type\":\"Organization\",\"@id\":\"https:\\\/\\\/www.sebastien-auziere.fr\\\/blog\\\/#organization\",\"name\":\"Fan site S\u00e9bastien Auzi\u00e8re\",\"url\":\"https:\\\/\\\/www.sebastien-auziere.fr\\\/blog\\\/\",\"logo\":{\"@type\":\"ImageObject\",\"inLanguage\":\"fr-FR\",\"@id\":\"https:\\\/\\\/www.sebastien-auziere.fr\\\/blog\\\/#\\\/schema\\\/logo\\\/image\\\/\",\"url\":\"https:\\\/\\\/www.sebastien-auziere.fr\\\/blog\\\/wp-content\\\/uploads\\\/2026\\\/03\\\/cropped-cropped-cropped-ChatGPT-Image-6-mars-2026-12_58_09-e1772798376794.jpg\",\"contentUrl\":\"https:\\\/\\\/www.sebastien-auziere.fr\\\/blog\\\/wp-content\\\/uploads\\\/2026\\\/03\\\/cropped-cropped-cropped-ChatGPT-Image-6-mars-2026-12_58_09-e1772798376794.jpg\",\"width\":512,\"height\":360,\"caption\":\"Fan site S\u00e9bastien Auzi\u00e8re\"},\"image\":{\"@id\":\"https:\\\/\\\/www.sebastien-auziere.fr\\\/blog\\\/#\\\/schema\\\/logo\\\/image\\\/\"}},{\"@type\":\"Person\",\"@id\":\"https:\\\/\\\/www.sebastien-auziere.fr\\\/blog\\\/#\\\/schema\\\/person\\\/1e270a963009242469ed08b1c461f81f\",\"name\":\"Celine\",\"image\":{\"@type\":\"ImageObject\",\"inLanguage\":\"fr-FR\",\"@id\":\"https:\\\/\\\/secure.gravatar.com\\\/avatar\\\/c88d569fbe1fe19a13c7f21ee0f8973822df96073df21850b95af6a09ba820c9?s=96&d=mm&r=g\",\"url\":\"https:\\\/\\\/secure.gravatar.com\\\/avatar\\\/c88d569fbe1fe19a13c7f21ee0f8973822df96073df21850b95af6a09ba820c9?s=96&d=mm&r=g\",\"contentUrl\":\"https:\\\/\\\/secure.gravatar.com\\\/avatar\\\/c88d569fbe1fe19a13c7f21ee0f8973822df96073df21850b95af6a09ba820c9?s=96&d=mm&r=g\",\"caption\":\"Celine\"},\"description\":\"Je m'appelle C\u00e9line, j'ai 31 ans et je suis journaliste sp\u00e9cialis\u00e9e dans le cin\u00e9ma. Passionn\u00e9e par le septi\u00e8me art, j'explore les actualit\u00e9s, les critiques et les tendances du monde cin\u00e9matographique. Mon objectif est de partager ma passion et d'informer les amateurs de films \u00e0 travers des articles percutants et des analyses approfondies.\",\"url\":\"https:\\\/\\\/www.sebastien-auziere.fr\\\/blog\\\/author\\\/celine\\\/\"}]}<\/script>\n<!-- \/ Yoast SEO plugin. -->","yoast_head_json":{"title":"Brigitte Macron joven: \u00bfc\u00f3mo era a los 20 a\u00f1os? - Fan site S\u00e9bastien Auzi\u00e8re","robots":{"index":"index","follow":"follow","max-snippet":"max-snippet:-1","max-image-preview":"max-image-preview:large","max-video-preview":"max-video-preview:-1"},"canonical":"https:\/\/www.sebastien-auziere.fr\/blog\/es\/brigitte-macron-joven-como-era-a-los-20-anos\/","og_locale":"fr_FR","og_type":"article","og_title":"Brigitte Macron joven: \u00bfc\u00f3mo era a los 20 a\u00f1os? - Fan site S\u00e9bastien Auzi\u00e8re","og_description":"Imagen generada por inteligencia artificial, ilustraci\u00f3n no real. Lo esencial: Brigitte Macron, nacida Trogneux el 13 de abril de 1953 en Amiens, ten\u00eda 20 a\u00f1os en 1973. A esa edad, acababa de obtener su bachillerato con menci\u00f3n muy bien y comenzaba una maestr\u00eda en letras cl\u00e1sicas. Las fotos de Brigitte Macron joven son raras: algunas ... Lire plus","og_url":"https:\/\/www.sebastien-auziere.fr\/blog\/es\/brigitte-macron-joven-como-era-a-los-20-anos\/","og_site_name":"Fan site S\u00e9bastien Auzi\u00e8re","article_published_time":"2026-03-07T17:17:51+00:00","article_modified_time":"2026-03-18T10:28:04+00:00","og_image":[{"width":1536,"height":1024,"url":"https:\/\/www.sebastien-auziere.fr\/blog\/wp-content\/uploads\/2026\/03\/ChatGPT-Image-7-mars-2026-17_58_29.jpg","type":"image\/jpeg"}],"author":"Celine","twitter_card":"summary_large_image","twitter_misc":{"\u00c9crit par":"Celine","Dur\u00e9e de lecture estim\u00e9e":"15 minutes"},"schema":{"@context":"https:\/\/schema.org","@graph":[{"@type":"Article","@id":"https:\/\/www.sebastien-auziere.fr\/blog\/es\/brigitte-macron-joven-como-era-a-los-20-anos\/#article","isPartOf":{"@id":"https:\/\/www.sebastien-auziere.fr\/blog\/es\/brigitte-macron-joven-como-era-a-los-20-anos\/"},"author":{"name":"Celine","@id":"https:\/\/www.sebastien-auziere.fr\/blog\/#\/schema\/person\/1e270a963009242469ed08b1c461f81f"},"headline":"Brigitte Macron joven: \u00bfc\u00f3mo era a los 20 a\u00f1os?","datePublished":"2026-03-07T17:17:51+00:00","dateModified":"2026-03-18T10:28:04+00:00","mainEntityOfPage":{"@id":"https:\/\/www.sebastien-auziere.fr\/blog\/es\/brigitte-macron-joven-como-era-a-los-20-anos\/"},"wordCount":2929,"commentCount":0,"publisher":{"@id":"https:\/\/www.sebastien-auziere.fr\/blog\/#organization"},"image":{"@id":"https:\/\/www.sebastien-auziere.fr\/blog\/es\/brigitte-macron-joven-como-era-a-los-20-anos\/#primaryimage"},"thumbnailUrl":"https:\/\/www.sebastien-auziere.fr\/blog\/wp-content\/uploads\/2026\/03\/ChatGPT-Image-7-mars-2026-17_58_29.jpg","articleSection":["Tendencia"],"inLanguage":"fr-FR","potentialAction":[{"@type":"CommentAction","name":"Comment","target":["https:\/\/www.sebastien-auziere.fr\/blog\/es\/brigitte-macron-joven-como-era-a-los-20-anos\/#respond"]}]},{"@type":"WebPage","@id":"https:\/\/www.sebastien-auziere.fr\/blog\/es\/brigitte-macron-joven-como-era-a-los-20-anos\/","url":"https:\/\/www.sebastien-auziere.fr\/blog\/es\/brigitte-macron-joven-como-era-a-los-20-anos\/","name":"Brigitte Macron joven: \u00bfc\u00f3mo era a los 20 a\u00f1os? - Fan site S\u00e9bastien Auzi\u00e8re","isPartOf":{"@id":"https:\/\/www.sebastien-auziere.fr\/blog\/#website"},"primaryImageOfPage":{"@id":"https:\/\/www.sebastien-auziere.fr\/blog\/es\/brigitte-macron-joven-como-era-a-los-20-anos\/#primaryimage"},"image":{"@id":"https:\/\/www.sebastien-auziere.fr\/blog\/es\/brigitte-macron-joven-como-era-a-los-20-anos\/#primaryimage"},"thumbnailUrl":"https:\/\/www.sebastien-auziere.fr\/blog\/wp-content\/uploads\/2026\/03\/ChatGPT-Image-7-mars-2026-17_58_29.jpg","datePublished":"2026-03-07T17:17:51+00:00","dateModified":"2026-03-18T10:28:04+00:00","breadcrumb":{"@id":"https:\/\/www.sebastien-auziere.fr\/blog\/es\/brigitte-macron-joven-como-era-a-los-20-anos\/#breadcrumb"},"inLanguage":"fr-FR","potentialAction":[{"@type":"ReadAction","target":["https:\/\/www.sebastien-auziere.fr\/blog\/es\/brigitte-macron-joven-como-era-a-los-20-anos\/"]}]},{"@type":"ImageObject","inLanguage":"fr-FR","@id":"https:\/\/www.sebastien-auziere.fr\/blog\/es\/brigitte-macron-joven-como-era-a-los-20-anos\/#primaryimage","url":"https:\/\/www.sebastien-auziere.fr\/blog\/wp-content\/uploads\/2026\/03\/ChatGPT-Image-7-mars-2026-17_58_29.jpg","contentUrl":"https:\/\/www.sebastien-auziere.fr\/blog\/wp-content\/uploads\/2026\/03\/ChatGPT-Image-7-mars-2026-17_58_29.jpg","width":1536,"height":1024,"caption":"Brigitte Macron jeune"},{"@type":"BreadcrumbList","@id":"https:\/\/www.sebastien-auziere.fr\/blog\/es\/brigitte-macron-joven-como-era-a-los-20-anos\/#breadcrumb","itemListElement":[{"@type":"ListItem","position":1,"name":"Home","item":"https:\/\/www.sebastien-auziere.fr\/blog\/"},{"@type":"ListItem","position":2,"name":"Brigitte Macron joven: \u00bfc\u00f3mo era a los 20 a\u00f1os?"}]},{"@type":"WebSite","@id":"https:\/\/www.sebastien-auziere.fr\/blog\/#website","url":"https:\/\/www.sebastien-auziere.fr\/blog\/","name":"Fan site S\u00e9bastien Auzi\u00e8re","description":"M\u00e9dia g\u00e9n\u00e9raliste","publisher":{"@id":"https:\/\/www.sebastien-auziere.fr\/blog\/#organization"},"potentialAction":[{"@type":"SearchAction","target":{"@type":"EntryPoint","urlTemplate":"https:\/\/www.sebastien-auziere.fr\/blog\/?s={search_term_string}"},"query-input":{"@type":"PropertyValueSpecification","valueRequired":true,"valueName":"search_term_string"}}],"inLanguage":"fr-FR"},{"@type":"Organization","@id":"https:\/\/www.sebastien-auziere.fr\/blog\/#organization","name":"Fan site S\u00e9bastien Auzi\u00e8re","url":"https:\/\/www.sebastien-auziere.fr\/blog\/","logo":{"@type":"ImageObject","inLanguage":"fr-FR","@id":"https:\/\/www.sebastien-auziere.fr\/blog\/#\/schema\/logo\/image\/","url":"https:\/\/www.sebastien-auziere.fr\/blog\/wp-content\/uploads\/2026\/03\/cropped-cropped-cropped-ChatGPT-Image-6-mars-2026-12_58_09-e1772798376794.jpg","contentUrl":"https:\/\/www.sebastien-auziere.fr\/blog\/wp-content\/uploads\/2026\/03\/cropped-cropped-cropped-ChatGPT-Image-6-mars-2026-12_58_09-e1772798376794.jpg","width":512,"height":360,"caption":"Fan site S\u00e9bastien Auzi\u00e8re"},"image":{"@id":"https:\/\/www.sebastien-auziere.fr\/blog\/#\/schema\/logo\/image\/"}},{"@type":"Person","@id":"https:\/\/www.sebastien-auziere.fr\/blog\/#\/schema\/person\/1e270a963009242469ed08b1c461f81f","name":"Celine","image":{"@type":"ImageObject","inLanguage":"fr-FR","@id":"https:\/\/secure.gravatar.com\/avatar\/c88d569fbe1fe19a13c7f21ee0f8973822df96073df21850b95af6a09ba820c9?s=96&d=mm&r=g","url":"https:\/\/secure.gravatar.com\/avatar\/c88d569fbe1fe19a13c7f21ee0f8973822df96073df21850b95af6a09ba820c9?s=96&d=mm&r=g","contentUrl":"https:\/\/secure.gravatar.com\/avatar\/c88d569fbe1fe19a13c7f21ee0f8973822df96073df21850b95af6a09ba820c9?s=96&d=mm&r=g","caption":"Celine"},"description":"Je m'appelle C\u00e9line, j'ai 31 ans et je suis journaliste sp\u00e9cialis\u00e9e dans le cin\u00e9ma. Passionn\u00e9e par le septi\u00e8me art, j'explore les actualit\u00e9s, les critiques et les tendances du monde cin\u00e9matographique. Mon objectif est de partager ma passion et d'informer les amateurs de films \u00e0 travers des articles percutants et des analyses approfondies.","url":"https:\/\/www.sebastien-auziere.fr\/blog\/author\/celine\/"}]}},"views":2691,"_links":{"self":[{"href":"https:\/\/www.sebastien-auziere.fr\/blog\/wp-json\/wp\/v2\/posts\/2374","targetHints":{"allow":["GET"]}}],"collection":[{"href":"https:\/\/www.sebastien-auziere.fr\/blog\/wp-json\/wp\/v2\/posts"}],"about":[{"href":"https:\/\/www.sebastien-auziere.fr\/blog\/wp-json\/wp\/v2\/types\/post"}],"author":[{"embeddable":true,"href":"https:\/\/www.sebastien-auziere.fr\/blog\/wp-json\/wp\/v2\/users\/4"}],"replies":[{"embeddable":true,"href":"https:\/\/www.sebastien-auziere.fr\/blog\/wp-json\/wp\/v2\/comments?post=2374"}],"version-history":[{"count":3,"href":"https:\/\/www.sebastien-auziere.fr\/blog\/wp-json\/wp\/v2\/posts\/2374\/revisions"}],"predecessor-version":[{"id":2558,"href":"https:\/\/www.sebastien-auziere.fr\/blog\/wp-json\/wp\/v2\/posts\/2374\/revisions\/2558"}],"wp:featuredmedia":[{"embeddable":true,"href":"https:\/\/www.sebastien-auziere.fr\/blog\/wp-json\/wp\/v2\/media\/2360"}],"wp:attachment":[{"href":"https:\/\/www.sebastien-auziere.fr\/blog\/wp-json\/wp\/v2\/media?parent=2374"}],"wp:term":[{"taxonomy":"category","embeddable":true,"href":"https:\/\/www.sebastien-auziere.fr\/blog\/wp-json\/wp\/v2\/categories?post=2374"},{"taxonomy":"post_tag","embeddable":true,"href":"https:\/\/www.sebastien-auziere.fr\/blog\/wp-json\/wp\/v2\/tags?post=2374"}],"curies":[{"name":"wp","href":"https:\/\/api.w.org\/{rel}","templated":true}]}}