{"id":2368,"date":"2026-03-07T17:11:48","date_gmt":"2026-03-07T17:11:48","guid":{"rendered":"https:\/\/www.sebastien-auziere.fr\/blog\/?p=2368"},"modified":"2026-03-07T17:13:18","modified_gmt":"2026-03-07T17:13:18","slug":"jean-michel-trogneux-fotos-recentes-quem-e-ele-realmente","status":"publish","type":"post","link":"https:\/\/www.sebastien-auziere.fr\/blog\/pt\/jean-michel-trogneux-fotos-recentes-quem-e-ele-realmente\/","title":{"rendered":"Jean-Michel Trogneux fotos recentes: quem \u00e9 ele realmente?"},"content":{"rendered":"\n<p>Imagem gerada por intelig\u00eancia artificial, ilustra\u00e7\u00e3o n\u00e3o real.<\/p>\n\n\n<p style=\"padding: 24px;background: lightblue\">O essencial: <strong>Jean-Michel Trogneux \u00e9 o irm\u00e3o de Brigitte Macron<\/strong>, nascido em 11 de fevereiro de 1945 em Amiens. Ele \u00e9 o herdeiro da <strong>chocolateria Trogneux<\/strong>, fundada em 1872, e leva uma vida discreta longe da m\u00eddia. Desde 2021, seu nome est\u00e1 no centro de uma <strong>teoria conspirat\u00f3ria infundada e transf\u00f3bica<\/strong>, afirmando que ele seria a mesma pessoa que sua irm\u00e3. Este boato foi <strong>condenado judicialmente<\/strong> v\u00e1rias vezes. Em agosto de 2025, a revista Closer publicou fotos recentes de Jean-Michel Trogneux, mostrando um homem com cabelos brancos, presente nas cerim\u00f4nias de posse de Emmanuel Macron em 2017 e 2022.<\/p>\n<p>Se voc\u00ea est\u00e1 procurando fotos recentes de Jean-Michel Trogneux, provavelmente se deparou com resultados que misturam boatos, teorias da conspira\u00e7\u00e3o e artigos judiciais. <strong>Este guia esclarece tudo<\/strong>: quem \u00e9 realmente Jean-Michel Trogneux, por que seu nome circula tanto nas redes, quais fotos existem realmente e o que decidiram os tribunais franceses e americanos diante dessa desinforma\u00e7\u00e3o.<\/p>\n<ol>\n<li><a href=\"#qui-est-jean-michel-trogneux\">Quem \u00e9 Jean-Michel Trogneux?<\/a><\/li>\n<li><a href=\"#photos-recentes-ce-qui-existe\">As fotos recentes de Jean-Michel Trogneux: o que realmente existe<\/a><\/li>\n<li><a href=\"#origine-rumeur\">A origem do boato: dezembro de 2021, um v\u00eddeo viral<\/a><\/li>\n<li><a href=\"#condamnations-justice\">As condena\u00e7\u00f5es judiciais: Fran\u00e7a e Estados Unidos<\/a><\/li>\n<li><a href=\"#proces-cyberharcelement-2025\">O processo por cyberass\u00e9dio de outubro de 2025<\/a><\/li>\n<li><a href=\"#candace-owens-usa\">O caso Candace Owens e a queixa nos Estados Unidos<\/a><\/li>\n<li><a href=\"#pourquoi-rumeur-persiste\">Por que esse boato persiste apesar das condena\u00e7\u00f5es?<\/a><\/li>\n<\/ol>\n<h2 id=\"qui-est-jean-michel-trogneux\">Quem \u00e9 Jean-Michel Trogneux?<\/h2>\n<p>Jean-Michel Trogneux \u00e9 o irm\u00e3o de Brigitte Macron, Primeira-dama da Fran\u00e7a. Ele nasceu em <strong>11 de fevereiro de 1945 em Amiens<\/strong>, na Somme, onde ainda reside hoje. Proveniente de uma fam\u00edlia de seis filhos, ele \u00e9 o mais velho dos irm\u00e3os e irm\u00e3s ainda vivos de Brigitte Macron \u2014 seu irm\u00e3o mais velho, Jean-Claude Trogneux, diretor da chocolateria familiar, faleceu em novembro de 2018, aos 85 anos, e sua irm\u00e3 mais velha, Anne-Marie Trogneux, faleceu em julho de 2025, aos 93 anos.<\/p>\n<h3>A fam\u00edlia Trogneux e a chocolateria de Amiens<\/h3>\n<p>A fam\u00edlia Trogneux \u00e9 uma fam\u00edlia burguesa bem conhecida em Amiens, ligada h\u00e1 gera\u00e7\u00f5es \u00e0 <strong>chocolateria Trogneux<\/strong>, fundada em 1872. Esta casa artesanal \u00e9 famosa principalmente por seus macarons de Amiens. Jean-Michel Trogneux representa a transmiss\u00e3o desse patrim\u00f4nio familiar e leva uma vida enraizada localmente, <strong>totalmente afastado da cena pol\u00edtica e midi\u00e1tica<\/strong>. Ele n\u00e3o ocupa nenhuma fun\u00e7\u00e3o p\u00fablica e nunca buscou exposi\u00e7\u00e3o.<\/p>\n<blockquote><p>Jean-Michel Trogneux existe. E ele n\u00e3o \u00e9 sua irm\u00e3 \u2014 assim como n\u00e3o \u00e9 o pai que se tornou m\u00e3e dos tr\u00eas filhos que Brigitte Macron teve com seu primeiro esposo, Andr\u00e9-Louis Auzi\u00e8res.<\/p><\/blockquote>\n<h2 id=\"photos-recentes-ce-qui-existe\">As fotos recentes de Jean-Michel Trogneux: o que realmente existe<\/h2>\n<p>Jean-Michel Trogneux \u00e9 um homem muito discreto, que nunca apareceu na m\u00eddia por conta pr\u00f3pria. Suas apari\u00e7\u00f5es p\u00fablicas s\u00e3o contadas nos dedos de uma m\u00e3o \u2014 e quase todas est\u00e3o ligadas \u00e0s cerim\u00f4nias oficiais em torno da presid\u00eancia de Emmanuel Macron.<\/p>\n<h3>As fotos publicadas pela Closer em agosto de 2025<\/h3>\n<p>Em agosto de 2025, em um contexto onde o boato sobre sua identidade tomava uma propor\u00e7\u00e3o internacional, a revista <strong>Closer publicou fotos de Jean-Michel Trogneux<\/strong> tiradas das duas cerim\u00f4nias de posse de Emmanuel Macron, transmitidas na \u00e9poca pela BFMTV. Vemos um homem com <strong>cabelos brancos e rosto redondo<\/strong>, perto de sua irm\u00e3 Brigitte Macron durante as cerim\u00f4nias oficiais de 2017 e 2022.<\/p>\n<p>Essas fotos s\u00e3o at\u00e9 hoje as imagens mais recentes e claramente identificadas de Jean-Michel Trogneux no espa\u00e7o p\u00fablico. Elas foram publicadas precisamente para <strong>responder \u00e0queles que afirmavam que esse homem n\u00e3o existia<\/strong> ou n\u00e3o poderia ser distinto de sua irm\u00e3.<\/p>\n<h3>O que a Getty Images referencia sob seu nome<\/h3>\n<p>Uma pesquisa \u00ab\u00a0Jean Trogneux\u00a0\u00bb na Getty Images retorna mais de 100 fotos \u2014 mas a quase totalidade dessas imagens diz respeito na verdade \u00e0 <strong>chocolateria Trogneux em Amiens<\/strong> ou a eventos em que Brigitte Macron est\u00e1 acompanhada pelo ministro Jean-Michel Blanquer, cujo primeiro nome gerou confus\u00e3o nas metadados de algumas ag\u00eancias fotogr\u00e1ficas. Nenhuma dessas imagens mostra Jean-Michel Trogneux como uma pessoa distinta.<\/p>\n<ul>\n<li><strong>Fotos existentes:<\/strong> cerim\u00f4nias de posse 2017 e 2022 (Closer, agosto de 2025)<\/li>\n<li><strong>Fotos Getty:<\/strong> ligadas \u00e0 chocolateria ou a Jean-Michel Blanquer (confus\u00e3o de nome)<\/li>\n<li><strong>Fotos de inf\u00e2ncia:<\/strong> nenhuma foi tornada p\u00fablica pela fam\u00edlia<\/li>\n<\/ul>\n<h2 id=\"origine-rumeur\">A origem do boato: dezembro de 2021, um v\u00eddeo viral<\/h2>\n<p>Para entender por que essa busca por Jean-Michel Trogneux gera tanta confus\u00e3o, \u00e9 preciso voltar a <strong>dezembro de 2021<\/strong>. Duas mulheres \u2014 Natacha Rey, se apresentando como jornalista independente, e Delphine J\u00e9gousse, alias \u00ab\u00a0Amandine Roy\u00a0\u00bb, uma m\u00e9dium \u2014 publicam um v\u00eddeo de quatro horas no YouTube.<\/p>\n<h3>O conte\u00fado do v\u00eddeo e sua propaga\u00e7\u00e3o<\/h3>\n<p>Neste v\u00eddeo, elas afirmavam que <strong>Brigitte Macron nunca teria existido<\/strong> como mulher, e que seu irm\u00e3o Jean-Michel Trogneux teria assumido sua identidade ap\u00f3s uma transi\u00e7\u00e3o de g\u00eanero. Esta teoria, <strong>totalmente infundada e sem nenhuma prova<\/strong>, foi assistida mais de 4 milh\u00f5es de vezes. Ela se espalhou atrav\u00e9s de redes conspirat\u00f3rias, de c\u00edrculos de extrema direita na Fran\u00e7a, e depois atravessou o Atl\u00e2ntico a partir do final de 2023.<\/p>\n<p>Victor Mottin, especialista em teorias da conspira\u00e7\u00e3o, ressalta que esses boatos se inscrevem em um fen\u00f4meno mais amplo chamado <strong>\u00ab transvestigation \u00bb<\/strong> \u2014 uma pr\u00e1tica que visa mulheres p\u00fablicas insinuando que elas seriam homens transexuais, com o intuito de descredibiliz\u00e1-las. Essa pr\u00e1tica explora a transfobia e o sexismo como armas pol\u00edticas.<\/p>\n<h2 id=\"condamnations-justice\">As condena\u00e7\u00f5es judiciais: Fran\u00e7a e Estados Unidos<\/h2>\n<p>Desde fevereiro de 2022, a fam\u00edlia Trogneux-Macron reagiu judicialmente. Brigitte Macron, Jean-Michel Trogneux e os tr\u00eas filhos Auzi\u00e8re foram \u00e0 justi\u00e7a, obtendo uma s\u00e9rie de procedimentos e condena\u00e7\u00f5es.<\/p>\n<h3>A cronologia judicial na Fran\u00e7a<\/h3>\n<ul>\n<li><strong>Fevereiro de 2022:<\/strong> a\u00e7\u00e3o judicial contra Natacha Rey e Amandine Roy por viola\u00e7\u00e3o de privacidade, direito \u00e0 imagem e difama\u00e7\u00e3o<\/li>\n<li><strong>Fevereiro de 2023:<\/strong> primeira condena\u00e7\u00e3o por difama\u00e7\u00e3o \u2014 Natacha Rey e Amandine Roy condenadas a pagar danos e interesses<\/li>\n<li><strong>10 de julho de 2025:<\/strong> absolvi\u00e7\u00e3o em apela\u00e7\u00e3o \u2014 o tribunal de apela\u00e7\u00e3o de Paris considera que as 18 passagens mencionadas n\u00e3o constitu\u00edam difama\u00e7\u00e3o ou estavam dentro da boa-f\u00e9<\/li>\n<li><strong>Julho de 2025:<\/strong> Brigitte Macron e Jean-Michel Trogneux anunciam um recurso em cassa\u00e7\u00e3o<\/li>\n<\/ul>\n<h3>Jean-Michel Trogneux na a\u00e7\u00e3o<\/h3>\n<p>Jean-Michel Trogneux participou ativamente das a\u00e7\u00f5es judiciais. Al\u00e9m das demandas compartilhadas com sua irm\u00e3 por viola\u00e7\u00e3o de privacidade e direito \u00e0 imagem, ele solicitou danos adicionais por <strong>\u00ab\u00a0supervis\u00e3o imprudente\u00a0\u00bb<\/strong>, uma vez que seu endere\u00e7o pessoal foi divulgado publicamente pelos propagadores do boato \u2014 dado que exp\u00f4s sua vida privada a riscos reais.<\/p>\n<h2 id=\"proces-cyberharcelement-2025\">O processo por cyberass\u00e9dio de outubro de 2025<\/h2>\n<p>Em 27 de outubro de 2025, dez pessoas compareceram perante o tribunal penal de Paris por <strong>cyberass\u00e9dio<\/strong>. Este julgamento marca um ponto de virada: n\u00e3o se trata apenas de difama\u00e7\u00e3o, mas da propaga\u00e7\u00e3o organizada de uma falsa informa\u00e7\u00e3o sobre o g\u00eanero e a sexualidade de Brigitte Macron. Os r\u00e9us \u2014 com idades entre 41 e 60 anos, incluindo um eleito local, um professor, um inform\u00e1tico e um galerista \u2014 haviam disseminado o boato nas redes sociais.<\/p>\n<h3>O veredicto de janeiro de 2026<\/h3>\n<p>Em janeiro de 2026, o tribunal penal de Paris <strong>condenou os dez r\u00e9us<\/strong>. Delphine J\u00e9gousse, alias Amandine Roy, considerada uma das principais instigadoras, foi condenada a <strong>seis meses de pris\u00e3o condicional<\/strong>. A filha de Brigitte Macron, Tiphaine Auzi\u00e8re, testemunhou durante o julgamento sobre a \u00ab\u00a0deteriora\u00e7\u00e3o\u00a0\u00bb da vida de sua m\u00e3e desde a intensifica\u00e7\u00e3o do ass\u00e9dio, afirmando que ela \u00ab\u00a0n\u00e3o consegue ignorar as coisas horr\u00edveis que dizem sobre ela\u00a0\u00bb.<\/p>\n<blockquote><p>O v\u00eddeo foi assistido 4 milh\u00f5es de vezes. Ele afetou a sa\u00fade mental de Brigitte Macron e for\u00e7ou sua filha a monitorar a imagem de sua m\u00e3e para evitar o uso indevido de fotos.<br \/>\n<br \/>\u2014 Tiphaine Auzi\u00e8re, durante o julgamento por cyberass\u00e9dio, outubro de 2025<\/p><\/blockquote>\n<h2 id=\"candace-owens-usa\">O caso Candace Owens e a queixa nos Estados Unidos<\/h2>\n<p>A partir de 2024, o boato tomou uma nova dimens\u00e3o internacional. A influenciadora americana <strong>Candace Owens<\/strong>, pr\u00f3xima de Donald Trump, adotou ativamente essa teoria em suas redes sociais, alcan\u00e7ando milh\u00f5es de seguidores nos Estados Unidos e no mundo de l\u00edngua inglesa.<\/p>\n<h3>A queixa em Delaware em julho de 2025<\/h3>\n<p>Em 23 de julho de 2025, Emmanuel Macron e Brigitte Macron apresentaram uma <strong>queixa por difama\u00e7\u00e3o perante um tribunal de Delaware<\/strong> contra Candace Owens. Segundo seu advogado, o casal se compromete a apresentar perante o tribunal americano <strong>provas fotogr\u00e1ficas e cient\u00edficas<\/strong> que estabele\u00e7am que Brigitte Macron nasceu mulher. Este processo americano ainda est\u00e1 em andamento.<\/p>\n<h2 id=\"pourquoi-rumeur-persiste\">Por que esse boato persiste apesar das condena\u00e7\u00f5es?<\/h2>\n<p>V\u00e1rias condena\u00e7\u00f5es, um processo por cyberass\u00e9dio, uma queixa nos Estados Unidos \u2014 e ainda assim o boato continua circulando. Como explicar isso?<\/p>\n<h3>O mecanismo da \u00ab\u00a0transvestigation\u00a0\u00bb<\/h3>\n<p>Como analisa Victor Mottin, especialista em teorias da conspira\u00e7\u00e3o, a \u00ab\u00a0transvestigation\u00a0\u00bb \u00e9 uma pr\u00e1tica que atinge especificamente mulheres na pol\u00edtica ou no espa\u00e7o p\u00fablico, acusando-as de serem homens transexuais. Ela explora simultaneamente <strong>a transfobia, o sexismo e a desconfian\u00e7a em rela\u00e7\u00e3o ao poder<\/strong>. Mesmo que seja refutada, mesmo que seja condenada, deixa uma marca duradoura nos motores de busca e nas redes sociais, pois os algoritmos amplificam o que gera engajamento \u2014 incluindo conte\u00fados pol\u00eamicos infundados.<\/p>\n<h3>A internacionaliza\u00e7\u00e3o como fator de amplifica\u00e7\u00e3o<\/h3>\n<p>O boato se beneficiou de uma <strong>caixa de resson\u00e2ncia internacional<\/strong> que as primeiras condena\u00e7\u00f5es francesas n\u00e3o puderam alcan\u00e7ar. Um v\u00eddeo de quatro horas no YouTube, divulgado na Fran\u00e7a em 2021, levou dois anos para atravessar o Atl\u00e2ntico \u2014 mas, uma vez adotado por uma influenciadora americana com milh\u00f5es de seguidores, ele se espalhou a uma velocidade e escala sem precedentes em compara\u00e7\u00e3o com as capacidades de resposta judicial tradicionais.<\/p>\n<ul>\n<li><strong>2021:<\/strong> nascimento do boato no YouTube na Fran\u00e7a<\/li>\n<li><strong>2023:<\/strong> primeiras condena\u00e7\u00f5es francesas por difama\u00e7\u00e3o<\/li>\n<li><strong>2024:<\/strong> ampla ado\u00e7\u00e3o por Candace Owens nos Estados Unidos<\/li>\n<li><strong>2025:<\/strong> processo por cyberass\u00e9dio em Paris, queixa em Delaware<\/li>\n<li><strong>Janeiro de 2026:<\/strong> dez condena\u00e7\u00f5es por cyberass\u00e9dio<\/li>\n<\/ul>\n<h2>FAQ<\/h2>\n<h3>Quem \u00e9 Jean-Michel Trogneux?<\/h3>\n<p>Jean-Michel Trogneux \u00e9 o irm\u00e3o de Brigitte Macron, nascido em 11 de fevereiro de 1945 em Amiens. Herdeiro da chocolateria familiar fundada em 1872, leva uma vida discreta e n\u00e3o ocupa nenhuma fun\u00e7\u00e3o p\u00fablica. Ele \u00e9 uma pessoa real e distinta de sua irm\u00e3, ao contr\u00e1rio do que afirma uma teoria conspirat\u00f3ria infundada.<\/p>\n<h3>Onde encontrar fotos recentes de Jean-Michel Trogneux?<\/h3>\n<p>As \u00fanicas fotos recentes e identificadas de Jean-Michel Trogneux foram publicadas pela revista Closer em agosto de 2025. Elas s\u00e3o tiradas das cerim\u00f4nias de posse de Emmanuel Macron de 2017 e 2022. Nelas, vemos um homem com cabelos brancos e rosto redondo, ao lado de sua irm\u00e3 Brigitte Macron durante essas cerim\u00f4nias oficiais.<\/p>\n<h3>Por que est\u00e3o procurando fotos de Jean-Michel Trogneux?<\/h3>\n<p>Essa busca est\u00e1 diretamente ligada a uma teoria da conspira\u00e7\u00e3o transf\u00f3bica, lan\u00e7ada em dezembro de 2021, segundo a qual Brigitte Macron seria na verdade seu irm\u00e3o Jean-Michel que mudara de g\u00eanero e usurpado sua identidade. Esta teoria \u00e9 <strong>totalmente infundada<\/strong>, foi refutada pela justi\u00e7a francesa e \u00e9 objeto de a\u00e7\u00f5es judiciais na Fran\u00e7a e nos Estados Unidos.<\/p>\n<h3>Qual \u00e9 a rela\u00e7\u00e3o entre Jean-Michel Trogneux e Brigitte Macron?<\/h3>\n<p>Jean-Michel Trogneux \u00e9 o irm\u00e3o de Brigitte Macron, nascida Brigitte Trogneux. Eles s\u00e3o da mesma fam\u00edlia de seis filhos, origin\u00e1ria de Amiens. Jean-Michel Trogneux participou dos processos judiciais movidos contra os propagadores do boato, ao lado de sua irm\u00e3 e de seus sobrinhos e sobrinhas.<\/p>\n<h3>O boato sobre Brigitte Macron e Jean-Michel Trogneux foi condenado judicialmente?<\/h3>\n<p>Sim. Na Fran\u00e7a, as principais propagadoras do boato foram condenadas em 2023 por difama\u00e7\u00e3o, antes de serem absolvidas em apela\u00e7\u00e3o em julho de 2025 \u2014 decis\u00e3o contestada pela fam\u00edlia atrav\u00e9s de um recurso em cassa\u00e7\u00e3o. Em janeiro de 2026, dez pessoas foram condenadas por cyberass\u00e9dio em Paris. Nos Estados Unidos, o casal Macron apresentou queixa contra a influenciadora Candace Owens perante um tribunal de Delaware em julho de 2025.<\/p>\n<h3>O que \u00e9 a \u00ab\u00a0transvestigation\u00a0\u00bb?<\/h3>\n<p>A \u00ab\u00a0transvestigation\u00a0\u00bb \u00e9 uma pr\u00e1tica conspirat\u00f3ria que consiste em acusar mulheres p\u00fablicas de serem homens transexuais a fim de descredibiliz\u00e1-las. Baseia-se na transfobia e no sexismo, e visa minar a legitimidade de suas alvos. Brigitte Macron \u00e9 uma das personalidades mais visadas por essa pr\u00e1tica na Fran\u00e7a e no mundo de l\u00edngua inglesa.<\/p>\n<p><br \/>\n[<br \/>\n  {<br \/>\n    \u00ab\u00a0@context\u00a0\u00bb: \u00ab\u00a0https:\/\/schema.org\u00a0\u00bb,<br \/>\n    \u00ab\u00a0@type\u00a0\u00bb: \u00ab\u00a0Article\u00a0\u00bb,<br \/>\n    \u00ab\u00a0headline\u00a0\u00bb: \u00ab\u00a0Jean-Michel Trogneux fotos recentes: quem ele realmente \u00e9?\u00a0\u00bb,<br \/>\n    \u00ab\u00a0description\u00a0\u00bb: \u00ab\u00a0Quem \u00e9 Jean-Michel Trogneux? Irm\u00e3o de Brigitte Macron, nascido em 1945 em Amiens, herdeiro da chocolateria familiar. Esclarecimento sobre o boato infundado, as fotos publicadas pela Closer e as condena\u00e7\u00f5es judiciais.\u00a0\u00bb,<br \/>\n    \u00ab\u00a0inLanguage\u00a0\u00bb: \u00ab\u00a0pt\u00a0\u00bb,<br \/>\n    \u00ab\u00a0articleSection\u00a0\u00bb: [<br \/>\n      \u00ab\u00a0Quem \u00e9 Jean-Michel Trogneux\u00a0\u00bb,<br \/>\n      \u00ab\u00a0Fotos recentes\u00a0\u00bb,<br \/>\n      \u00ab\u00a0Origem do boato\u00a0\u00bb,<br \/>\n      \u00ab\u00a0Condena\u00e7\u00f5es judiciais\u00a0\u00bb,<br \/>\n      \u00ab\u00a0Processo por cyberass\u00e9dio 2025\u00a0\u00bb,<br \/>\n      \u00ab\u00a0Caso Candace Owens\u00a0\u00bb,<br \/>\n      \u00ab\u00a0Por que o boato persiste\u00a0\u00bb<br \/>\n    ]<br \/>\n  },<br \/>\n  {<br \/>\n    \u00ab\u00a0@context\u00a0\u00bb: \u00ab\u00a0https:\/\/schema.org\u00a0\u00bb,<br \/>\n    \u00ab\u00a0@type\u00a0\u00bb: \u00ab\u00a0FAQPage\u00a0\u00bb,<br \/>\n    \u00ab\u00a0mainEntity\u00a0\u00bb: [<br \/>\n      {<br \/>\n        \u00ab\u00a0@type\u00a0\u00bb: \u00ab\u00a0Question\u00a0\u00bb,<br \/>\n        \u00ab\u00a0name\u00a0\u00bb: \u00ab\u00a0Quem \u00e9 Jean-Michel Trogneux?\u00a0\u00bb,<br \/>\n        \u00ab\u00a0acceptedAnswer\u00a0\u00bb: {<br \/>\n          \u00ab\u00a0@type\u00a0\u00bb: \u00ab\u00a0Answer\u00a0\u00bb,<br \/>\n          \u00ab\u00a0text\u00a0\u00bb: \u00ab\u00a0Jean-Michel Trogneux \u00e9 o irm\u00e3o de Brigitte Macron, nascido em 11 de fevereiro de 1945 em Amiens. Herdeiro da chocolateria familiar fundada em 1872, leva uma vida discreta e n\u00e3o ocupa nenhuma fun\u00e7\u00e3o p\u00fablica.\u00a0\u00bb<br \/>\n        }<br \/>\n      },<br \/>\n      {<br \/>\n        \u00ab\u00a0@type\u00a0\u00bb: \u00ab\u00a0Question\u00a0\u00bb,<br \/>\n        \u00ab\u00a0name\u00a0\u00bb: \u00ab\u00a0Onde encontrar fotos recentes de Jean-Michel Trogneux?\u00a0\u00bb,<br \/>\n        \u00ab\u00a0acceptedAnswer\u00a0\u00bb: {<br \/>\n          \u00ab\u00a0@type\u00a0\u00bb: \u00ab\u00a0Answer\u00a0\u00bb,<br \/>\n          \u00ab\u00a0text\u00a0\u00bb: \u00ab\u00a0As \u00fanicas fotos recentes e identificadas de Jean-Michel Trogneux foram publicadas pela revista Closer em agosto de 2025, tiradas das cerim\u00f4nias de posse de Emmanuel Macron de 2017 e 2022.\u00a0\u00bb<br \/>\n        }<br \/>\n      },<br \/>\n      {<br \/>\n        \u00ab\u00a0@type\u00a0\u00bb: \u00ab\u00a0Question\u00a0\u00bb,<br \/>\n        \u00ab\u00a0name\u00a0\u00bb: \u00ab\u00a0Por que est\u00e3o procurando fotos de Jean-Michel Trogneux?\u00a0\u00bb,<br \/>\n        \u00ab\u00a0acceptedAnswer\u00a0\u00bb: {<br \/>\n          \u00ab\u00a0@type\u00a0\u00bb: \u00ab\u00a0Answer\u00a0\u00bb,<br \/>\n          \u00ab\u00a0text\u00a0\u00bb: \u00ab\u00a0Essa busca est\u00e1 ligada a uma teoria da conspira\u00e7\u00e3o transf\u00f3bica lan\u00e7ada em dezembro de 2021, segundo a qual Brigitte Macron seria na verdade seu irm\u00e3o Jean-Michel. Esta teoria \u00e9 totalmente infundada e foi condenada pela justi\u00e7a francesa.\u00a0\u00bb<br \/>\n        }<br \/>\n      },<br \/>\n      {<br \/>\n        \u00ab\u00a0@type\u00a0\u00bb: \u00ab\u00a0Question\u00a0\u00bb,<br \/>\n        \u00ab\u00a0name\u00a0\u00bb: \u00ab\u00a0O boato sobre Brigitte Macron e Jean-Michel Trogneux foi condenado judicialmente?\u00a0\u00bb,<br \/>\n        \u00ab\u00a0acceptedAnswer\u00a0\u00bb: {<br \/>\n          \u00ab\u00a0@type\u00a0\u00bb: \u00ab\u00a0Answer\u00a0\u00bb,<br \/>\n          \u00ab\u00a0text\u00a0\u00bb: \u00ab\u00a0Sim. Dez pessoas foram condenadas por cyberass\u00e9dio em Paris em janeiro de 2026. O casal Macron tamb\u00e9m apresentou queixa nos Estados Unidos contra a influenciadora Candace Owens perante um tribunal de Delaware em julho de 2025.\u00a0\u00bb<br \/>\n        }<br \/>\n      },<br \/>\n      {<br \/>\n        \u00ab\u00a0@type\u00a0\u00bb: \u00ab\u00a0Question\u00a0\u00bb,<br \/>\n        \u00ab\u00a0name\u00a0\u00bb: \u00ab\u00a0O que \u00e9 a transvestigation?\u00a0\u00bb,<br \/>\n        \u00ab\u00a0acceptedAnswer\u00a0\u00bb: {<br \/>\n          \u00ab\u00a0@type\u00a0\u00bb: \u00ab\u00a0Answer\u00a0\u00bb,<br \/>\n          \u00ab\u00a0text\u00a0\u00bb: \u00ab\u00a0A transvestigation \u00e9 uma pr\u00e1tica conspirat\u00f3ria que consiste em acusar mulheres p\u00fablicas de serem homens transexuais a fim de descredibiliz\u00e1-las. Ela se baseia na transfobia e no sexismo.\u00a0\u00bb<br \/>\n        }<br \/>\n      }<br \/>\n    ]<br \/>\n  }<br \/>\n]<br \/>\n<\/p>\n<p><br \/>\n<\/p>","protected":false},"excerpt":{"rendered":"<p>Imagem gerada por intelig\u00eancia artificial, ilustra\u00e7\u00e3o n\u00e3o real. O essencial: Jean-Michel Trogneux \u00e9 o irm\u00e3o de Brigitte Macron, nascido em 11 de fevereiro de 1945 em Amiens. Ele \u00e9 o herdeiro da chocolateria Trogneux, fundada em 1872, e leva uma vida discreta longe da m\u00eddia. Desde 2021, seu nome est\u00e1 no centro de uma teoria &#8230; <a title=\"Jean-Michel Trogneux fotos recentes: quem \u00e9 ele realmente?\" class=\"read-more\" href=\"https:\/\/www.sebastien-auziere.fr\/blog\/pt\/jean-michel-trogneux-fotos-recentes-quem-e-ele-realmente\/\" aria-label=\"En savoir plus sur Jean-Michel Trogneux fotos recentes: quem \u00e9 ele realmente?\">Lire plus<\/a><\/p>\n","protected":false},"author":4,"featured_media":2350,"comment_status":"open","ping_status":"open","sticky":false,"template":"","format":"standard","meta":{"footnotes":""},"categories":[848],"tags":[],"class_list":["post-2368","post","type-post","status-publish","format-standard","has-post-thumbnail","hentry","category-non-classe-pt"],"yoast_head":"<!-- This site is optimized with the Yoast SEO plugin v27.5 - https:\/\/yoast.com\/product\/yoast-seo-wordpress\/ -->\n<title>Jean-Michel Trogneux fotos recentes: quem \u00e9 ele realmente? - Fan site S\u00e9bastien Auzi\u00e8re<\/title>\n<meta name=\"robots\" content=\"index, follow, max-snippet:-1, max-image-preview:large, max-video-preview:-1\" \/>\n<link rel=\"canonical\" href=\"https:\/\/www.sebastien-auziere.fr\/blog\/pt\/jean-michel-trogneux-fotos-recentes-quem-e-ele-realmente\/\" \/>\n<meta property=\"og:locale\" content=\"fr_FR\" \/>\n<meta property=\"og:type\" content=\"article\" \/>\n<meta property=\"og:title\" content=\"Jean-Michel Trogneux fotos recentes: quem \u00e9 ele realmente? - Fan site S\u00e9bastien Auzi\u00e8re\" \/>\n<meta property=\"og:description\" content=\"Imagem gerada por intelig\u00eancia artificial, ilustra\u00e7\u00e3o n\u00e3o real. O essencial: Jean-Michel Trogneux \u00e9 o irm\u00e3o de Brigitte Macron, nascido em 11 de fevereiro de 1945 em Amiens. Ele \u00e9 o herdeiro da chocolateria Trogneux, fundada em 1872, e leva uma vida discreta longe da m\u00eddia. Desde 2021, seu nome est\u00e1 no centro de uma teoria ... Lire plus\" \/>\n<meta property=\"og:url\" content=\"https:\/\/www.sebastien-auziere.fr\/blog\/pt\/jean-michel-trogneux-fotos-recentes-quem-e-ele-realmente\/\" \/>\n<meta property=\"og:site_name\" content=\"Fan site S\u00e9bastien Auzi\u00e8re\" \/>\n<meta property=\"article:published_time\" content=\"2026-03-07T17:11:48+00:00\" \/>\n<meta property=\"article:modified_time\" content=\"2026-03-07T17:13:18+00:00\" \/>\n<meta property=\"og:image\" content=\"https:\/\/www.sebastien-auziere.fr\/blog\/wp-content\/uploads\/2026\/03\/ChatGPT-Image-7-mars-2026-17_49_23.jpg\" \/>\n\t<meta property=\"og:image:width\" content=\"1536\" \/>\n\t<meta property=\"og:image:height\" content=\"1024\" \/>\n\t<meta property=\"og:image:type\" content=\"image\/jpeg\" \/>\n<meta name=\"author\" content=\"Celine\" \/>\n<meta name=\"twitter:card\" content=\"summary_large_image\" \/>\n<meta name=\"twitter:label1\" content=\"\u00c9crit par\" \/>\n\t<meta name=\"twitter:data1\" content=\"Celine\" \/>\n\t<meta name=\"twitter:label2\" content=\"Dur\u00e9e de lecture estim\u00e9e\" \/>\n\t<meta name=\"twitter:data2\" content=\"12 minutes\" \/>\n<script type=\"application\/ld+json\" class=\"yoast-schema-graph\">{\"@context\":\"https:\\\/\\\/schema.org\",\"@graph\":[{\"@type\":\"Article\",\"@id\":\"https:\\\/\\\/www.sebastien-auziere.fr\\\/blog\\\/pt\\\/jean-michel-trogneux-fotos-recentes-quem-e-ele-realmente\\\/#article\",\"isPartOf\":{\"@id\":\"https:\\\/\\\/www.sebastien-auziere.fr\\\/blog\\\/pt\\\/jean-michel-trogneux-fotos-recentes-quem-e-ele-realmente\\\/\"},\"author\":{\"name\":\"Celine\",\"@id\":\"https:\\\/\\\/www.sebastien-auziere.fr\\\/blog\\\/#\\\/schema\\\/person\\\/1e270a963009242469ed08b1c461f81f\"},\"headline\":\"Jean-Michel Trogneux fotos recentes: quem \u00e9 ele realmente?\",\"datePublished\":\"2026-03-07T17:11:48+00:00\",\"dateModified\":\"2026-03-07T17:13:18+00:00\",\"mainEntityOfPage\":{\"@id\":\"https:\\\/\\\/www.sebastien-auziere.fr\\\/blog\\\/pt\\\/jean-michel-trogneux-fotos-recentes-quem-e-ele-realmente\\\/\"},\"wordCount\":2384,\"commentCount\":0,\"publisher\":{\"@id\":\"https:\\\/\\\/www.sebastien-auziere.fr\\\/blog\\\/#organization\"},\"image\":{\"@id\":\"https:\\\/\\\/www.sebastien-auziere.fr\\\/blog\\\/pt\\\/jean-michel-trogneux-fotos-recentes-quem-e-ele-realmente\\\/#primaryimage\"},\"thumbnailUrl\":\"https:\\\/\\\/www.sebastien-auziere.fr\\\/blog\\\/wp-content\\\/uploads\\\/2026\\\/03\\\/ChatGPT-Image-7-mars-2026-17_49_23.jpg\",\"inLanguage\":\"fr-FR\",\"potentialAction\":[{\"@type\":\"CommentAction\",\"name\":\"Comment\",\"target\":[\"https:\\\/\\\/www.sebastien-auziere.fr\\\/blog\\\/pt\\\/jean-michel-trogneux-fotos-recentes-quem-e-ele-realmente\\\/#respond\"]}]},{\"@type\":\"WebPage\",\"@id\":\"https:\\\/\\\/www.sebastien-auziere.fr\\\/blog\\\/pt\\\/jean-michel-trogneux-fotos-recentes-quem-e-ele-realmente\\\/\",\"url\":\"https:\\\/\\\/www.sebastien-auziere.fr\\\/blog\\\/pt\\\/jean-michel-trogneux-fotos-recentes-quem-e-ele-realmente\\\/\",\"name\":\"Jean-Michel Trogneux fotos recentes: quem \u00e9 ele realmente? - Fan site S\u00e9bastien Auzi\u00e8re\",\"isPartOf\":{\"@id\":\"https:\\\/\\\/www.sebastien-auziere.fr\\\/blog\\\/#website\"},\"primaryImageOfPage\":{\"@id\":\"https:\\\/\\\/www.sebastien-auziere.fr\\\/blog\\\/pt\\\/jean-michel-trogneux-fotos-recentes-quem-e-ele-realmente\\\/#primaryimage\"},\"image\":{\"@id\":\"https:\\\/\\\/www.sebastien-auziere.fr\\\/blog\\\/pt\\\/jean-michel-trogneux-fotos-recentes-quem-e-ele-realmente\\\/#primaryimage\"},\"thumbnailUrl\":\"https:\\\/\\\/www.sebastien-auziere.fr\\\/blog\\\/wp-content\\\/uploads\\\/2026\\\/03\\\/ChatGPT-Image-7-mars-2026-17_49_23.jpg\",\"datePublished\":\"2026-03-07T17:11:48+00:00\",\"dateModified\":\"2026-03-07T17:13:18+00:00\",\"breadcrumb\":{\"@id\":\"https:\\\/\\\/www.sebastien-auziere.fr\\\/blog\\\/pt\\\/jean-michel-trogneux-fotos-recentes-quem-e-ele-realmente\\\/#breadcrumb\"},\"inLanguage\":\"fr-FR\",\"potentialAction\":[{\"@type\":\"ReadAction\",\"target\":[\"https:\\\/\\\/www.sebastien-auziere.fr\\\/blog\\\/pt\\\/jean-michel-trogneux-fotos-recentes-quem-e-ele-realmente\\\/\"]}]},{\"@type\":\"ImageObject\",\"inLanguage\":\"fr-FR\",\"@id\":\"https:\\\/\\\/www.sebastien-auziere.fr\\\/blog\\\/pt\\\/jean-michel-trogneux-fotos-recentes-quem-e-ele-realmente\\\/#primaryimage\",\"url\":\"https:\\\/\\\/www.sebastien-auziere.fr\\\/blog\\\/wp-content\\\/uploads\\\/2026\\\/03\\\/ChatGPT-Image-7-mars-2026-17_49_23.jpg\",\"contentUrl\":\"https:\\\/\\\/www.sebastien-auziere.fr\\\/blog\\\/wp-content\\\/uploads\\\/2026\\\/03\\\/ChatGPT-Image-7-mars-2026-17_49_23.jpg\",\"width\":1536,\"height\":1024,\"caption\":\"Jean-Michel Trogneux photos recentes\"},{\"@type\":\"BreadcrumbList\",\"@id\":\"https:\\\/\\\/www.sebastien-auziere.fr\\\/blog\\\/pt\\\/jean-michel-trogneux-fotos-recentes-quem-e-ele-realmente\\\/#breadcrumb\",\"itemListElement\":[{\"@type\":\"ListItem\",\"position\":1,\"name\":\"Home\",\"item\":\"https:\\\/\\\/www.sebastien-auziere.fr\\\/blog\\\/\"},{\"@type\":\"ListItem\",\"position\":2,\"name\":\"Jean-Michel Trogneux fotos recentes: quem \u00e9 ele realmente?\"}]},{\"@type\":\"WebSite\",\"@id\":\"https:\\\/\\\/www.sebastien-auziere.fr\\\/blog\\\/#website\",\"url\":\"https:\\\/\\\/www.sebastien-auziere.fr\\\/blog\\\/\",\"name\":\"Fan site S\u00e9bastien Auzi\u00e8re\",\"description\":\"M\u00e9dia g\u00e9n\u00e9raliste\",\"publisher\":{\"@id\":\"https:\\\/\\\/www.sebastien-auziere.fr\\\/blog\\\/#organization\"},\"potentialAction\":[{\"@type\":\"SearchAction\",\"target\":{\"@type\":\"EntryPoint\",\"urlTemplate\":\"https:\\\/\\\/www.sebastien-auziere.fr\\\/blog\\\/?s={search_term_string}\"},\"query-input\":{\"@type\":\"PropertyValueSpecification\",\"valueRequired\":true,\"valueName\":\"search_term_string\"}}],\"inLanguage\":\"fr-FR\"},{\"@type\":\"Organization\",\"@id\":\"https:\\\/\\\/www.sebastien-auziere.fr\\\/blog\\\/#organization\",\"name\":\"Fan site S\u00e9bastien Auzi\u00e8re\",\"url\":\"https:\\\/\\\/www.sebastien-auziere.fr\\\/blog\\\/\",\"logo\":{\"@type\":\"ImageObject\",\"inLanguage\":\"fr-FR\",\"@id\":\"https:\\\/\\\/www.sebastien-auziere.fr\\\/blog\\\/#\\\/schema\\\/logo\\\/image\\\/\",\"url\":\"https:\\\/\\\/www.sebastien-auziere.fr\\\/blog\\\/wp-content\\\/uploads\\\/2026\\\/03\\\/cropped-cropped-cropped-ChatGPT-Image-6-mars-2026-12_58_09-e1772798376794.jpg\",\"contentUrl\":\"https:\\\/\\\/www.sebastien-auziere.fr\\\/blog\\\/wp-content\\\/uploads\\\/2026\\\/03\\\/cropped-cropped-cropped-ChatGPT-Image-6-mars-2026-12_58_09-e1772798376794.jpg\",\"width\":512,\"height\":360,\"caption\":\"Fan site S\u00e9bastien Auzi\u00e8re\"},\"image\":{\"@id\":\"https:\\\/\\\/www.sebastien-auziere.fr\\\/blog\\\/#\\\/schema\\\/logo\\\/image\\\/\"}},{\"@type\":\"Person\",\"@id\":\"https:\\\/\\\/www.sebastien-auziere.fr\\\/blog\\\/#\\\/schema\\\/person\\\/1e270a963009242469ed08b1c461f81f\",\"name\":\"Celine\",\"image\":{\"@type\":\"ImageObject\",\"inLanguage\":\"fr-FR\",\"@id\":\"https:\\\/\\\/secure.gravatar.com\\\/avatar\\\/c88d569fbe1fe19a13c7f21ee0f8973822df96073df21850b95af6a09ba820c9?s=96&d=mm&r=g\",\"url\":\"https:\\\/\\\/secure.gravatar.com\\\/avatar\\\/c88d569fbe1fe19a13c7f21ee0f8973822df96073df21850b95af6a09ba820c9?s=96&d=mm&r=g\",\"contentUrl\":\"https:\\\/\\\/secure.gravatar.com\\\/avatar\\\/c88d569fbe1fe19a13c7f21ee0f8973822df96073df21850b95af6a09ba820c9?s=96&d=mm&r=g\",\"caption\":\"Celine\"},\"description\":\"Je m'appelle C\u00e9line, j'ai 31 ans et je suis journaliste sp\u00e9cialis\u00e9e dans le cin\u00e9ma. Passionn\u00e9e par le septi\u00e8me art, j'explore les actualit\u00e9s, les critiques et les tendances du monde cin\u00e9matographique. Mon objectif est de partager ma passion et d'informer les amateurs de films \u00e0 travers des articles percutants et des analyses approfondies.\",\"url\":\"https:\\\/\\\/www.sebastien-auziere.fr\\\/blog\\\/author\\\/celine\\\/\"}]}<\/script>\n<!-- \/ Yoast SEO plugin. -->","yoast_head_json":{"title":"Jean-Michel Trogneux fotos recentes: quem \u00e9 ele realmente? - Fan site S\u00e9bastien Auzi\u00e8re","robots":{"index":"index","follow":"follow","max-snippet":"max-snippet:-1","max-image-preview":"max-image-preview:large","max-video-preview":"max-video-preview:-1"},"canonical":"https:\/\/www.sebastien-auziere.fr\/blog\/pt\/jean-michel-trogneux-fotos-recentes-quem-e-ele-realmente\/","og_locale":"fr_FR","og_type":"article","og_title":"Jean-Michel Trogneux fotos recentes: quem \u00e9 ele realmente? - Fan site S\u00e9bastien Auzi\u00e8re","og_description":"Imagem gerada por intelig\u00eancia artificial, ilustra\u00e7\u00e3o n\u00e3o real. O essencial: Jean-Michel Trogneux \u00e9 o irm\u00e3o de Brigitte Macron, nascido em 11 de fevereiro de 1945 em Amiens. Ele \u00e9 o herdeiro da chocolateria Trogneux, fundada em 1872, e leva uma vida discreta longe da m\u00eddia. Desde 2021, seu nome est\u00e1 no centro de uma teoria ... Lire plus","og_url":"https:\/\/www.sebastien-auziere.fr\/blog\/pt\/jean-michel-trogneux-fotos-recentes-quem-e-ele-realmente\/","og_site_name":"Fan site S\u00e9bastien Auzi\u00e8re","article_published_time":"2026-03-07T17:11:48+00:00","article_modified_time":"2026-03-07T17:13:18+00:00","og_image":[{"width":1536,"height":1024,"url":"https:\/\/www.sebastien-auziere.fr\/blog\/wp-content\/uploads\/2026\/03\/ChatGPT-Image-7-mars-2026-17_49_23.jpg","type":"image\/jpeg"}],"author":"Celine","twitter_card":"summary_large_image","twitter_misc":{"\u00c9crit par":"Celine","Dur\u00e9e de lecture estim\u00e9e":"12 minutes"},"schema":{"@context":"https:\/\/schema.org","@graph":[{"@type":"Article","@id":"https:\/\/www.sebastien-auziere.fr\/blog\/pt\/jean-michel-trogneux-fotos-recentes-quem-e-ele-realmente\/#article","isPartOf":{"@id":"https:\/\/www.sebastien-auziere.fr\/blog\/pt\/jean-michel-trogneux-fotos-recentes-quem-e-ele-realmente\/"},"author":{"name":"Celine","@id":"https:\/\/www.sebastien-auziere.fr\/blog\/#\/schema\/person\/1e270a963009242469ed08b1c461f81f"},"headline":"Jean-Michel Trogneux fotos recentes: quem \u00e9 ele realmente?","datePublished":"2026-03-07T17:11:48+00:00","dateModified":"2026-03-07T17:13:18+00:00","mainEntityOfPage":{"@id":"https:\/\/www.sebastien-auziere.fr\/blog\/pt\/jean-michel-trogneux-fotos-recentes-quem-e-ele-realmente\/"},"wordCount":2384,"commentCount":0,"publisher":{"@id":"https:\/\/www.sebastien-auziere.fr\/blog\/#organization"},"image":{"@id":"https:\/\/www.sebastien-auziere.fr\/blog\/pt\/jean-michel-trogneux-fotos-recentes-quem-e-ele-realmente\/#primaryimage"},"thumbnailUrl":"https:\/\/www.sebastien-auziere.fr\/blog\/wp-content\/uploads\/2026\/03\/ChatGPT-Image-7-mars-2026-17_49_23.jpg","inLanguage":"fr-FR","potentialAction":[{"@type":"CommentAction","name":"Comment","target":["https:\/\/www.sebastien-auziere.fr\/blog\/pt\/jean-michel-trogneux-fotos-recentes-quem-e-ele-realmente\/#respond"]}]},{"@type":"WebPage","@id":"https:\/\/www.sebastien-auziere.fr\/blog\/pt\/jean-michel-trogneux-fotos-recentes-quem-e-ele-realmente\/","url":"https:\/\/www.sebastien-auziere.fr\/blog\/pt\/jean-michel-trogneux-fotos-recentes-quem-e-ele-realmente\/","name":"Jean-Michel Trogneux fotos recentes: quem \u00e9 ele realmente? - Fan site S\u00e9bastien Auzi\u00e8re","isPartOf":{"@id":"https:\/\/www.sebastien-auziere.fr\/blog\/#website"},"primaryImageOfPage":{"@id":"https:\/\/www.sebastien-auziere.fr\/blog\/pt\/jean-michel-trogneux-fotos-recentes-quem-e-ele-realmente\/#primaryimage"},"image":{"@id":"https:\/\/www.sebastien-auziere.fr\/blog\/pt\/jean-michel-trogneux-fotos-recentes-quem-e-ele-realmente\/#primaryimage"},"thumbnailUrl":"https:\/\/www.sebastien-auziere.fr\/blog\/wp-content\/uploads\/2026\/03\/ChatGPT-Image-7-mars-2026-17_49_23.jpg","datePublished":"2026-03-07T17:11:48+00:00","dateModified":"2026-03-07T17:13:18+00:00","breadcrumb":{"@id":"https:\/\/www.sebastien-auziere.fr\/blog\/pt\/jean-michel-trogneux-fotos-recentes-quem-e-ele-realmente\/#breadcrumb"},"inLanguage":"fr-FR","potentialAction":[{"@type":"ReadAction","target":["https:\/\/www.sebastien-auziere.fr\/blog\/pt\/jean-michel-trogneux-fotos-recentes-quem-e-ele-realmente\/"]}]},{"@type":"ImageObject","inLanguage":"fr-FR","@id":"https:\/\/www.sebastien-auziere.fr\/blog\/pt\/jean-michel-trogneux-fotos-recentes-quem-e-ele-realmente\/#primaryimage","url":"https:\/\/www.sebastien-auziere.fr\/blog\/wp-content\/uploads\/2026\/03\/ChatGPT-Image-7-mars-2026-17_49_23.jpg","contentUrl":"https:\/\/www.sebastien-auziere.fr\/blog\/wp-content\/uploads\/2026\/03\/ChatGPT-Image-7-mars-2026-17_49_23.jpg","width":1536,"height":1024,"caption":"Jean-Michel Trogneux photos recentes"},{"@type":"BreadcrumbList","@id":"https:\/\/www.sebastien-auziere.fr\/blog\/pt\/jean-michel-trogneux-fotos-recentes-quem-e-ele-realmente\/#breadcrumb","itemListElement":[{"@type":"ListItem","position":1,"name":"Home","item":"https:\/\/www.sebastien-auziere.fr\/blog\/"},{"@type":"ListItem","position":2,"name":"Jean-Michel Trogneux fotos recentes: quem \u00e9 ele realmente?"}]},{"@type":"WebSite","@id":"https:\/\/www.sebastien-auziere.fr\/blog\/#website","url":"https:\/\/www.sebastien-auziere.fr\/blog\/","name":"Fan site S\u00e9bastien Auzi\u00e8re","description":"M\u00e9dia g\u00e9n\u00e9raliste","publisher":{"@id":"https:\/\/www.sebastien-auziere.fr\/blog\/#organization"},"potentialAction":[{"@type":"SearchAction","target":{"@type":"EntryPoint","urlTemplate":"https:\/\/www.sebastien-auziere.fr\/blog\/?s={search_term_string}"},"query-input":{"@type":"PropertyValueSpecification","valueRequired":true,"valueName":"search_term_string"}}],"inLanguage":"fr-FR"},{"@type":"Organization","@id":"https:\/\/www.sebastien-auziere.fr\/blog\/#organization","name":"Fan site S\u00e9bastien Auzi\u00e8re","url":"https:\/\/www.sebastien-auziere.fr\/blog\/","logo":{"@type":"ImageObject","inLanguage":"fr-FR","@id":"https:\/\/www.sebastien-auziere.fr\/blog\/#\/schema\/logo\/image\/","url":"https:\/\/www.sebastien-auziere.fr\/blog\/wp-content\/uploads\/2026\/03\/cropped-cropped-cropped-ChatGPT-Image-6-mars-2026-12_58_09-e1772798376794.jpg","contentUrl":"https:\/\/www.sebastien-auziere.fr\/blog\/wp-content\/uploads\/2026\/03\/cropped-cropped-cropped-ChatGPT-Image-6-mars-2026-12_58_09-e1772798376794.jpg","width":512,"height":360,"caption":"Fan site S\u00e9bastien Auzi\u00e8re"},"image":{"@id":"https:\/\/www.sebastien-auziere.fr\/blog\/#\/schema\/logo\/image\/"}},{"@type":"Person","@id":"https:\/\/www.sebastien-auziere.fr\/blog\/#\/schema\/person\/1e270a963009242469ed08b1c461f81f","name":"Celine","image":{"@type":"ImageObject","inLanguage":"fr-FR","@id":"https:\/\/secure.gravatar.com\/avatar\/c88d569fbe1fe19a13c7f21ee0f8973822df96073df21850b95af6a09ba820c9?s=96&d=mm&r=g","url":"https:\/\/secure.gravatar.com\/avatar\/c88d569fbe1fe19a13c7f21ee0f8973822df96073df21850b95af6a09ba820c9?s=96&d=mm&r=g","contentUrl":"https:\/\/secure.gravatar.com\/avatar\/c88d569fbe1fe19a13c7f21ee0f8973822df96073df21850b95af6a09ba820c9?s=96&d=mm&r=g","caption":"Celine"},"description":"Je m'appelle C\u00e9line, j'ai 31 ans et je suis journaliste sp\u00e9cialis\u00e9e dans le cin\u00e9ma. Passionn\u00e9e par le septi\u00e8me art, j'explore les actualit\u00e9s, les critiques et les tendances du monde cin\u00e9matographique. Mon objectif est de partager ma passion et d'informer les amateurs de films \u00e0 travers des articles percutants et des analyses approfondies.","url":"https:\/\/www.sebastien-auziere.fr\/blog\/author\/celine\/"}]}},"views":154,"_links":{"self":[{"href":"https:\/\/www.sebastien-auziere.fr\/blog\/wp-json\/wp\/v2\/posts\/2368","targetHints":{"allow":["GET"]}}],"collection":[{"href":"https:\/\/www.sebastien-auziere.fr\/blog\/wp-json\/wp\/v2\/posts"}],"about":[{"href":"https:\/\/www.sebastien-auziere.fr\/blog\/wp-json\/wp\/v2\/types\/post"}],"author":[{"embeddable":true,"href":"https:\/\/www.sebastien-auziere.fr\/blog\/wp-json\/wp\/v2\/users\/4"}],"replies":[{"embeddable":true,"href":"https:\/\/www.sebastien-auziere.fr\/blog\/wp-json\/wp\/v2\/comments?post=2368"}],"version-history":[{"count":1,"href":"https:\/\/www.sebastien-auziere.fr\/blog\/wp-json\/wp\/v2\/posts\/2368\/revisions"}],"predecessor-version":[{"id":2369,"href":"https:\/\/www.sebastien-auziere.fr\/blog\/wp-json\/wp\/v2\/posts\/2368\/revisions\/2369"}],"wp:featuredmedia":[{"embeddable":true,"href":"https:\/\/www.sebastien-auziere.fr\/blog\/wp-json\/wp\/v2\/media\/2350"}],"wp:attachment":[{"href":"https:\/\/www.sebastien-auziere.fr\/blog\/wp-json\/wp\/v2\/media?parent=2368"}],"wp:term":[{"taxonomy":"category","embeddable":true,"href":"https:\/\/www.sebastien-auziere.fr\/blog\/wp-json\/wp\/v2\/categories?post=2368"},{"taxonomy":"post_tag","embeddable":true,"href":"https:\/\/www.sebastien-auziere.fr\/blog\/wp-json\/wp\/v2\/tags?post=2368"}],"curies":[{"name":"wp","href":"https:\/\/api.w.org\/{rel}","templated":true}]}}