{"id":2366,"date":"2026-03-07T17:08:26","date_gmt":"2026-03-07T17:08:26","guid":{"rendered":"https:\/\/www.sebastien-auziere.fr\/blog\/?p=2366"},"modified":"2026-03-07T17:11:19","modified_gmt":"2026-03-07T17:11:19","slug":"jean-michel-trogneux-foto-recenti-chi-e-davvero","status":"publish","type":"post","link":"https:\/\/www.sebastien-auziere.fr\/blog\/it\/jean-michel-trogneux-foto-recenti-chi-e-davvero\/","title":{"rendered":"Jean-Michel Trogneux foto recenti: chi \u00e8 davvero?"},"content":{"rendered":"\n<p>Immagine generata da intelligenza artificiale, illustrazione non reale.<\/p>\n\n\n<p style=\"padding: 24px;background: lightblue\">L&rsquo;essenziale : <strong>Jean-Michel Trogneux \u00e8 il fratello di Brigitte Macron<\/strong>, nato l&rsquo;11 febbraio 1945 ad Amiens. \u00c8 l&rsquo;erede della <strong>cioccolateria Trogneux<\/strong>, fondata nel 1872, e conduce una vita discreta lontana dai media. Dal 2021, il suo nome \u00e8 al centro di una <strong>teoria complottista infondata e transfobica<\/strong>, che sostiene che sarebbe la stessa persona di sua sorella. Questa voce \u00e8 stata <strong>condannata in tribunale<\/strong> pi\u00f9 volte. Nell&rsquo;agosto 2025, la rivista Closer ha pubblicato foto recenti di Jean-Michel Trogneux, mostrando un uomo con capelli bianchi, presente alle cerimonie di investitura di Emmanuel Macron nel 2017 e nel 2022.<\/p>\n<p>Se stai cercando foto recenti di Jean-Michel Trogneux, probabilmente sei incappato in risultati che mescolano voci, teorie del complotto e articoli giudiziari. <strong>Questa guida fa il punto su tutto<\/strong> : chi \u00e8 veramente Jean-Michel Trogneux, perch\u00e9 il suo nome circola cos\u00ec tanto sui social, quali sono le foto che esistono realmente e cosa hanno deciso i tribunali francesi e americani di fronte a questa disinformazione.<\/p>\n<ol>\n<li><a href=\"#qui-est-jean-michel-trogneux\">Chi \u00e8 Jean-Michel Trogneux?<\/a><\/li>\n<li><a href=\"#photos-recentes-ce-qui-existe\">Le foto recenti di Jean-Michel Trogneux: ci\u00f2 che esiste davvero<\/a><\/li>\n<li><a href=\"#origine-rumeur\">L&rsquo;origine della voce: dicembre 2021, un video virale<\/a><\/li>\n<li><a href=\"#condamnations-justice\">Le condanne in giustizia: Francia e Stati Uniti<\/a><\/li>\n<li><a href=\"#proces-cyberharcelement-2025\">Il processo per cyberbullismo di ottobre 2025<\/a><\/li>\n<li><a href=\"#candace-owens-usa\">Il caso Candace Owens e la denuncia negli Stati Uniti<\/a><\/li>\n<li><a href=\"#pourquoi-rumeur-persiste\">Perch\u00e9 questa voce persiste nonostante le condanne?<\/a><\/li>\n<\/ol>\n<h2 id=\"qui-est-jean-michel-trogneux\">Chi \u00e8 Jean-Michel Trogneux?<\/h2>\n<p>Jean-Michel Trogneux \u00e8 il fratello di Brigitte Macron, prima dama di Francia. \u00c8 nato il <strong>11 febbraio 1945 ad Amiens<\/strong>, nella Somme, dove risiede ancora oggi. Proveniente da una famiglia di sei figli, \u00e8 il primogenito dei fratelli e sorelle ancora in vita di Brigitte Macron \u2014 il loro fratello maggiore, Jean-Claude Trogneux, direttore della cioccolateria di famiglia, \u00e8 deceduto nel novembre 2018 all&rsquo;et\u00e0 di 85 anni, e la loro sorella maggiore, Anne-Marie Trogneux, \u00e8 morta nel luglio 2025 all&rsquo;et\u00e0 di 93 anni.<\/p>\n<h3>La famiglia Trogneux e la cioccolateria di Amiens<\/h3>\n<p>La famiglia Trogneux \u00e8 una famiglia borghese ben nota ad Amiens, legata da generazioni alla <strong>cioccolateria Trogneux<\/strong>, fondata nel 1872. Questa azienda artigianale \u00e8 famosa in particolare per i suoi macarons di Amiens. Jean-Michel Trogneux incarna la trasmissione di questo patrimonio familiare e conduce una vita profondamente radicata localmente, <strong>interamente lontano dalla scena politica e mediatica<\/strong>. Non ricopre alcun incarico pubblico e non ha mai cercato l&rsquo;esposizione.<\/p>\n<blockquote><p>Jean-Michel Trogneux esiste. E non \u00e8 sua sorella \u2014 proprio come non \u00e8 il padre diventato madre dei tre figli che Brigitte Macron ha avuto con il suo primo marito, Andr\u00e9-Louis Auzi\u00e8res.<\/p><\/blockquote>\n<h2 id=\"photos-recentes-ce-qui-existe\">Le foto recenti di Jean-Michel Trogneux: ci\u00f2 che esiste davvero<\/h2>\n<p>Jean-Michel Trogneux \u00e8 un uomo molto discreto, che non \u00e8 mai apparso nei media di sua iniziativa. Le sue apparizioni pubbliche si contano sulle dita di una mano \u2014 e quasi tutte sono legate a cerimonie ufficiali riguardanti la presidenza di Emmanuel Macron.<\/p>\n<h3>Le immagini pubblicate da Closer nell&rsquo;agosto 2025<\/h3>\n<p>Nell&rsquo;agosto 2025, in un contesto in cui la voce sulla sua identit\u00e0 stava assumendo una dimensione internazionale, la rivista <strong>Closer ha pubblicato foto di Jean-Michel Trogneux<\/strong> tratte dalle due cerimonie di investitura di Emmanuel Macron, trasmesse all&rsquo;epoca da BFMTV. Si vede un uomo con <strong>capelli bianchi e un viso rotondo<\/strong>, in compagnia di sua sorella Brigitte Macron durante le cerimonie ufficiali del 2017 e del 2022.<\/p>\n<p>Queste foto costituiscono ad oggi le immagini pi\u00f9 recenti e meglio identificate di Jean-Michel Trogneux nello spazio pubblico. Sono state pubblicate esattamente per <strong>rispondere a coloro che sostenevano che quest&rsquo;uomo non esistesse<\/strong> o non potesse essere distinto da sua sorella.<\/p>\n<h3>Ci\u00f2 che Getty Images registra sotto il suo nome<\/h3>\n<p>Una ricerca \u00ab\u00a0Jean Trogneux\u00a0\u00bb su Getty Images rimanda a pi\u00f9 di 100 foto \u2014 ma la quasi totalit\u00e0 di queste immagini riguarda in realt\u00e0 <strong>la cioccolateria Trogneux di Amiens<\/strong> o eventi in cui Brigitte Macron \u00e8 accompagnata dal ministro Jean-Michel Blanquer, il cui nome ha creato confusione nelle metadati di alcune agenzie fotografiche. Nessuna di queste immagini mostra Jean-Michel Trogneux come persona distinta.<\/p>\n<ul>\n<li><strong>Foto esistenti:<\/strong> cerimonie di investitura 2017 e 2022 (Closer, agosto 2025)<\/li>\n<li><strong>Foto Getty:<\/strong> legate alla cioccolateria o a Jean-Michel Blanquer (confusione di nome)<\/li>\n<li><strong>Foto d&rsquo;infanzia:<\/strong> nessuna \u00e8 stata pubblicata dalla famiglia<\/li>\n<\/ul>\n<h2 id=\"origine-rumeur\">L&rsquo;origine della voce: dicembre 2021, un video virale<\/h2>\n<p>Per capire perch\u00e9 questa ricerca su Jean-Michel Trogneux generi tanta confusione, \u00e8 necessario risalire a <strong>dicembre 2021<\/strong>. Due donne \u2014 Natacha Rey, che si presenta come giornalista indipendente, e Delphine J\u00e9gousse, alias \u00ab\u00a0Amandine Roy\u00a0\u00bb, una medium \u2014 pubblicano un video di quattro ore su YouTube.<\/p>\n<h3>Il contenuto del video e la sua diffusione<\/h3>\n<p>In questo video, affermavano che <strong>Brigitte Macron non sarebbe mai esistita<\/strong> come donna, e che suo fratello Jean-Michel Trogneux avrebbe preso la sua identit\u00e0 dopo una transizione di genere. Questa teoria, <strong>completamente infondata e senza alcuna prova<\/strong>, \u00e8 stata visionata pi\u00f9 di 4 milioni di volte. Si \u00e8 propagata tramite reti complottiste, ambienti di estrema destra in Francia, per poi attraversare l&rsquo;Atlantico a partire dalla fine del 2023.<\/p>\n<p>Victor Mottin, specialista delle teorie del complotto, sottolinea che queste voci rientrano in un fenomeno pi\u00f9 ampio chiamato <strong>\u00ab transvestigation \u00bb<\/strong> \u2014 una pratica che consiste nel mirare a donne pubbliche insinuando che siano uomini transgender, al fine di screditarle. Questa pratica sfrutta la transfobia e il sessismo come armi politiche.<\/p>\n<h2 id=\"condamnations-justice\">Le condanne in giustizia: Francia e Stati Uniti<\/h2>\n<p>Fin da febbraio 2022, la famiglia Trogneux-Macron ha reagito giuridicamente. Brigitte Macron, Jean-Michel Trogneux e i tre figli Auzi\u00e8re hanno intrapreso azioni legali, ottenendo una serie di procedure e di condanne.<\/p>\n<h3>La cronologia giudiziaria in Francia<\/h3>\n<ul>\n<li><strong>Febbraio 2022:<\/strong> citazione in giudizio di Natacha Rey e Amandine Roy per violazione della vita privata, diritto all&rsquo;immagine e diffamazione<\/li>\n<li><strong>Febbraio 2023:<\/strong> prima condanna per diffamazione \u2014 Natacha Rey e Amandine Roy condannate a versare risarcimenti<\/li>\n<li><strong>10 luglio 2025:<\/strong> assoluzione in appello \u2014 la corte d&rsquo;appello di Parigi ritiene che i 18 passaggi contestati non costituissero una diffamazione o rientrassero nella buona fede<\/li>\n<li><strong>Luglio 2025:<\/strong> Brigitte Macron e Jean-Michel Trogneux annunciano un ricorso in cassazione<\/li>\n<\/ul>\n<h3>Jean-Michel Trogneux nella procedura<\/h3>\n<p>Jean-Michel Trogneux ha partecipato attivamente alle azioni legali. Oltre alle richieste condivise con sua sorella per violazione della vita privata e diritto all&rsquo;immagine, ha richiesto danni aggiuntivi per <strong>\u00ab\u00a0sorveglianza illecita\u00a0\u00bb<\/strong>, poich\u00e9 il suo indirizzo personale \u00e8 stato rivelato pubblicamente dai propagatori della voce \u2014 un dato che ha esposto la sua vita privata a veri rischi.<\/p>\n<h2 id=\"proces-cyberharcelement-2025\">Il processo per cyberbullismo di ottobre 2025<\/h2>\n<p>Il 27 ottobre 2025, dieci persone compaiono davanti al tribunale penale di Parigi per <strong>cyberbullismo<\/strong>. Questo processo segna un punto di svolta: non si tratta pi\u00f9 solo di diffamazione, ma della diffusione organizzata di false informazioni sul genere e sulla sessualit\u00e0 di Brigitte Macron. Gli imputati \u2014 di et\u00e0 compresa tra i 41 e i 60 anni, tra cui un politico locale, un insegnante, un informatico e un gallerista \u2014 avevano rilanciato la voce sui social media.<\/p>\n<h3>Il verdetto di gennaio 2026<\/h3>\n<p>Nel gennaio 2026, il tribunale penale di Parigi ha <strong>condannato i dieci imputati<\/strong>. Delphine J\u00e9gousse, alias Amandine Roy, considerata una delle principali istigatrici, \u00e8 stata condannata a <strong>sei mesi di carcere con sospensione della pena<\/strong>. La figlia di Brigitte Macron, Tiphaine Auzi\u00e8re, ha testimoniato durante il processo sulla \u00ab\u00a0deteriorazione\u00a0\u00bb della vita di sua madre dall&rsquo;intensificarsi del mobbing, affermando che \u00ab\u00a0non pu\u00f2 ignorare le cose orribili che si dicono su di lei\u00a0\u00bb.<\/p>\n<blockquote><p>Il video \u00e8 stato visionato 4 milioni di volte. Ha colpito la salute mentale di Brigitte Macron e costretto sua figlia a monitorare l&rsquo;immagine di sua madre per evitare il travisamento delle foto.<br \/>\n<br \/>\u2014 Tiphaine Auzi\u00e8re, durante il processo per cyberbullismo, ottobre 2025<\/p><\/blockquote>\n<h2 id=\"candace-owens-usa\">Il caso Candace Owens e la denuncia negli Stati Uniti<\/h2>\n<p>A partire dal 2024, la voce ha assunto una nuova dimensione internazionale. L&rsquo;influencer americana <strong>Candace Owens<\/strong>, vicina a Donald Trump, ha ripreso attivamente questa teoria sui suoi social media, raggiungendo milioni di follower negli Stati Uniti e nel mondo anglosassone.<\/p>\n<h3>La denuncia nel Delaware nel luglio 2025<\/h3>\n<p>Il 23 luglio 2025, Emmanuel Macron e Brigitte Macron hanno presentato una <strong>denuncia per diffamazione davanti a un tribunale del Delaware<\/strong> contro Candace Owens. Secondo il loro avvocato, la coppia si impegna a fornire davanti al tribunale americano <strong>prove fotografiche e scientifiche<\/strong> che dimostrano che Brigitte Macron \u00e8 nata donna. Questa procedura americana \u00e8 ancora in corso.<\/p>\n<h2 id=\"pourquoi-rumeur-persiste\">Perch\u00e9 questa voce persiste nonostante le condanne?<\/h2>\n<p>Numerose condanne, un processo per cyberbullismo, una denuncia negli Stati Uniti \u2014 eppure la voce continua a circolare. Come spiegarlo?<\/p>\n<h3>Il meccanismo della \u00ab\u00a0transvestigation\u00a0\u00bb<\/h3>\n<p>Come analizza Victor Mottin, specialista delle teorie del complotto, la \u00ab\u00a0transvestigation\u00a0\u00bb \u00e8 una pratica che prende di mira specificamente le donne in politica o nello spazio pubblico accusandole di essere uomini transgender. Sfrutta simultaneamente <strong>la transfobia, il sessismo e la sfiducia nei confronti del potere<\/strong>. Anche se smentita, anche se condannata, lascia un&rsquo;impronta duratura nei motori di ricerca e nei social media, poich\u00e9 gli algoritmi amplificano ci\u00f2 che genera coinvolgimento \u2014 inclusi contenuti polemici infondati.<\/p>\n<h3>L&rsquo;internazionalizzazione come fattore di amplificazione<\/h3>\n<p>La voce ha beneficiato di una <strong>cassa di risonanza internazionale<\/strong> che le prime condanne francesi non potevano raggiungere. Un video di quattro ore su YouTube trasmesso in Francia nel 2021 ha impiegato due anni per attraversare l&rsquo;Atlantico \u2014 ma una volta ripreso da un&rsquo;influencer americana con milioni di follower, si \u00e8 propagato a una velocit\u00e0 e un&rsquo;ampiezza senza precedenti rispetto alle capacit\u00e0 di risposta giuridica classica.<\/p>\n<ul>\n<li><strong>2021:<\/strong> nascita della voce su YouTube in Francia<\/li>\n<li><strong>2023:<\/strong> prime condanne francesi per diffamazione<\/li>\n<li><strong>2024:<\/strong> ripresa massiccia da parte di Candace Owens negli Stati Uniti<\/li>\n<li><strong>2025:<\/strong> processo per cyberbullismo a Parigi, denuncia nel Delaware<\/li>\n<li><strong>Gennaio 2026:<\/strong> dieci condanne per cyberbullismo<\/li>\n<\/ul>\n<h2>FAQ<\/h2>\n<h3>Chi \u00e8 Jean-Michel Trogneux?<\/h3>\n<p>Jean-Michel Trogneux \u00e8 il fratello di Brigitte Macron, nato l&rsquo;11 febbraio 1945 ad Amiens. Erede della cioccolateria di famiglia fondata nel 1872, conduce una vita discreta e non ricopre alcun incarico pubblico. \u00c8 una persona reale e distinta da sua sorella, contrariamente a quanto afferma una teoria complottista infondata.<\/p>\n<h3>Dove trovare foto recenti di Jean-Michel Trogneux?<\/h3>\n<p>Le uniche foto recenti e identificate di Jean-Michel Trogneux sono state pubblicate dalla rivista Closer nell&rsquo;agosto 2025. Sono tratte dalle cerimonie di investitura di Emmanuel Macron del 2017 e 2022. Vi si vede un uomo con capelli bianchi, dal viso rotondo, presente accanto a sua sorella Brigitte Macron durante queste cerimonie ufficiali.<\/p>\n<h3>Perch\u00e9 si cercano foto di Jean-Michel Trogneux?<\/h3>\n<p>Questa ricerca \u00e8 direttamente collegata a una teoria del complotto transfobica, lanciata nel dicembre 2021, secondo cui Brigitte Macron sarebbe in realt\u00e0 suo fratello Jean-Michel che ha cambiato genere e ha usurpato la sua identit\u00e0. Questa teoria \u00e8 <strong>completamente infondata<\/strong>, \u00e8 stata smentita dalla giustizia francese e oggetto di azioni legali in Francia e negli Stati Uniti.<\/p>\n<h3>Qual \u00e8 la relazione tra Jean-Michel Trogneux e Brigitte Macron?<\/h3>\n<p>Jean-Michel Trogneux \u00e8 il fratello di Brigitte Macron, nata Brigitte Trogneux. Provengono dalla stessa famiglia di sei figli, originaria di Amiens. Jean-Michel Trogneux ha partecipato alle azioni legali intraprese contro i propagatori della voce, insieme a sua sorella e ai suoi nipoti e nipoti.<\/p>\n<h3>La voce su Brigitte Macron e Jean-Michel Trogneux \u00e8 stata condannata in giustizia?<\/h3>\n<p>S\u00ec. In Francia, le principali propagatrici della voce sono state condannate nel 2023 per diffamazione, prima di essere assolte in appello nel luglio 2025 \u2014 decisione contestata dalla famiglia tramite un ricorso in cassazione. Nel gennaio 2026, dieci persone sono state condannate per cyberbullismo a Parigi. Negli Stati Uniti, la coppia Macron ha presentato denuncia contro l&rsquo;influencer Candace Owens davanti a un tribunale del Delaware nel luglio 2025.<\/p>\n<h3>Cos&rsquo;\u00e8 la \u00ab\u00a0transvestigation\u00a0\u00bb?<\/h3>\n<p>La \u00ab\u00a0transvestigation\u00a0\u00bb \u00e8 una pratica complottista che consiste nell&rsquo;accusare donne pubbliche di essere uomini transgender per screditarle. Si basa sulla transfobia e sul sessismo, e mira a indebolire la legittimit\u00e0 delle sue vittime. Brigitte Macron \u00e8 una delle personalit\u00e0 pi\u00f9 bersagliate da questa pratica in Francia e nel mondo anglosassone.<\/p>\n<p><br \/>\n[<br \/>\n  {<br \/>\n    \u00ab\u00a0@context\u00a0\u00bb: \u00ab\u00a0https:\/\/schema.org\u00a0\u00bb,<br \/>\n    \u00ab\u00a0@type\u00a0\u00bb: \u00ab\u00a0Article\u00a0\u00bb,<br \/>\n    \u00ab\u00a0headline\u00a0\u00bb: \u00ab\u00a0Jean-Michel Trogneux foto recenti: chi \u00e8 davvero?\u00a0\u00bb,<br \/>\n    \u00ab\u00a0description\u00a0\u00bb: \u00ab\u00a0Chi \u00e8 Jean-Michel Trogneux? Fratello di Brigitte Macron, nato nel 1945 ad Amiens, erede della cioccolateria di famiglia. Decryptaggio della voce infondata, delle foto pubblicate da Closer e delle condanne giuridiche.\u00a0\u00bb,<br \/>\n    \u00ab\u00a0inLanguage\u00a0\u00bb: \u00ab\u00a0it\u00a0\u00bb,<br \/>\n    \u00ab\u00a0articleSection\u00a0\u00bb: [<br \/>\n      \u00ab\u00a0Chi \u00e8 Jean-Michel Trogneux\u00a0\u00bb,<br \/>\n      \u00ab\u00a0Foto recenti\u00a0\u00bb,<br \/>\n      \u00ab\u00a0Origine della voce\u00a0\u00bb,<br \/>\n      \u00ab\u00a0Condanne in giustizia\u00a0\u00bb,<br \/>\n      \u00ab\u00a0Processo cyberbullismo 2025\u00a0\u00bb,<br \/>\n      \u00ab\u00a0Caso Candace Owens\u00a0\u00bb,<br \/>\n      \u00ab\u00a0Perch\u00e9 la voce persiste\u00a0\u00bb<br \/>\n    ]<br \/>\n  },<br \/>\n  {<br \/>\n    \u00ab\u00a0@context\u00a0\u00bb: \u00ab\u00a0https:\/\/schema.org\u00a0\u00bb,<br \/>\n    \u00ab\u00a0@type\u00a0\u00bb: \u00ab\u00a0FAQPage\u00a0\u00bb,<br \/>\n    \u00ab\u00a0mainEntity\u00a0\u00bb: [<br \/>\n      {<br \/>\n        \u00ab\u00a0@type\u00a0\u00bb: \u00ab\u00a0Question\u00a0\u00bb,<br \/>\n        \u00ab\u00a0name\u00a0\u00bb: \u00ab\u00a0Chi \u00e8 Jean-Michel Trogneux?\u00a0\u00bb,<br \/>\n        \u00ab\u00a0acceptedAnswer\u00a0\u00bb: {<br \/>\n          \u00ab\u00a0@type\u00a0\u00bb: \u00ab\u00a0Answer\u00a0\u00bb,<br \/>\n          \u00ab\u00a0text\u00a0\u00bb: \u00ab\u00a0Jean-Michel Trogneux \u00e8 il fratello di Brigitte Macron, nato l&rsquo;11 febbraio 1945 ad Amiens. Erede della cioccolateria di famiglia fondata nel 1872, conduce una vita discreta e non ricopre alcun incarico pubblico.\u00a0\u00bb<br \/>\n        }<br \/>\n      },<br \/>\n      {<br \/>\n        \u00ab\u00a0@type\u00a0\u00bb: \u00ab\u00a0Question\u00a0\u00bb,<br \/>\n        \u00ab\u00a0name\u00a0\u00bb: \u00ab\u00a0Dove trovare foto recenti di Jean-Michel Trogneux?\u00a0\u00bb,<br \/>\n        \u00ab\u00a0acceptedAnswer\u00a0\u00bb: {<br \/>\n          \u00ab\u00a0@type\u00a0\u00bb: \u00ab\u00a0Answer\u00a0\u00bb,<br \/>\n          \u00ab\u00a0text\u00a0\u00bb: \u00ab\u00a0Le uniche foto recenti e identificate di Jean-Michel Trogneux sono state pubblicate dalla rivista Closer nell&rsquo;agosto 2025, tratte dalle cerimonie di investitura di Emmanuel Macron del 2017 e 2022.\u00a0\u00bb<br \/>\n        }<br \/>\n      },<br \/>\n      {<br \/>\n        \u00ab\u00a0@type\u00a0\u00bb: \u00ab\u00a0Question\u00a0\u00bb,<br \/>\n        \u00ab\u00a0name\u00a0\u00bb: \u00ab\u00a0Perch\u00e9 si cercano foto di Jean-Michel Trogneux?\u00a0\u00bb,<br \/>\n        \u00ab\u00a0acceptedAnswer\u00a0\u00bb: {<br \/>\n          \u00ab\u00a0@type\u00a0\u00bb: \u00ab\u00a0Answer\u00a0\u00bb,<br \/>\n          \u00ab\u00a0text\u00a0\u00bb: \u00ab\u00a0Questa ricerca \u00e8 legata a una teoria del complotto transfobica lanciata nel dicembre 2021, secondo cui Brigitte Macron sarebbe in realt\u00e0 suo fratello Jean-Michel. Questa teoria \u00e8 completamente infondata e \u00e8 stata condannata in giustizia.\u00a0\u00bb<br \/>\n        }<br \/>\n      },<br \/>\n      {<br \/>\n        \u00ab\u00a0@type\u00a0\u00bb: \u00ab\u00a0Question\u00a0\u00bb,<br \/>\n        \u00ab\u00a0name\u00a0\u00bb: \u00ab\u00a0La voce su Brigitte Macron e Jean-Michel Trogneux \u00e8 stata condannata in giustizia?\u00a0\u00bb,<br \/>\n        \u00ab\u00a0acceptedAnswer\u00a0\u00bb: {<br \/>\n          \u00ab\u00a0@type\u00a0\u00bb: \u00ab\u00a0Answer\u00a0\u00bb,<br \/>\n          \u00ab\u00a0text\u00a0\u00bb: \u00ab\u00a0S\u00ec. Dieci persone sono state condannate per cyberbullismo a Parigi nel gennaio 2026. La coppia Macron ha anche presentato denuncia negli Stati Uniti contro l&rsquo;influencer Candace Owens nel luglio 2025.\u00a0\u00bb<br \/>\n        }<br \/>\n      },<br \/>\n      {<br \/>\n        \u00ab\u00a0@type\u00a0\u00bb: \u00ab\u00a0Question\u00a0\u00bb,<br \/>\n        \u00ab\u00a0name\u00a0\u00bb: \u00ab\u00a0Cos&rsquo;\u00e8 la transvestigation?\u00a0\u00bb,<br \/>\n        \u00ab\u00a0acceptedAnswer\u00a0\u00bb: {<br \/>\n          \u00ab\u00a0@type\u00a0\u00bb: \u00ab\u00a0Answer\u00a0\u00bb,<br \/>\n          \u00ab\u00a0text\u00a0\u00bb: \u00ab\u00a0La transvestigation \u00e8 una pratica complottista che consiste nell&rsquo;accusare donne pubbliche di essere uomini transgender per screditarle. Si basa sulla transfobia e sul sessismo.\u00a0\u00bb<br \/>\n        }<br \/>\n      }<br \/>\n    ]<br \/>\n  }<br \/>\n]<br \/>\n<\/p>\n<p><br \/>\n<\/p>","protected":false},"excerpt":{"rendered":"<p>Immagine generata da intelligenza artificiale, illustrazione non reale. L&rsquo;essenziale : Jean-Michel Trogneux \u00e8 il fratello di Brigitte Macron, nato l&rsquo;11 febbraio 1945 ad Amiens. \u00c8 l&rsquo;erede della cioccolateria Trogneux, fondata nel 1872, e conduce una vita discreta lontana dai media. Dal 2021, il suo nome \u00e8 al centro di una teoria complottista infondata e transfobica, &#8230; <a title=\"Jean-Michel Trogneux foto recenti: chi \u00e8 davvero?\" class=\"read-more\" href=\"https:\/\/www.sebastien-auziere.fr\/blog\/it\/jean-michel-trogneux-foto-recenti-chi-e-davvero\/\" aria-label=\"En savoir plus sur Jean-Michel Trogneux foto recenti: chi \u00e8 davvero?\">Lire plus<\/a><\/p>\n","protected":false},"author":4,"featured_media":2350,"comment_status":"open","ping_status":"open","sticky":false,"template":"","format":"standard","meta":{"footnotes":""},"categories":[843],"tags":[],"class_list":["post-2366","post","type-post","status-publish","format-standard","has-post-thumbnail","hentry","category-non-classe-it"],"yoast_head":"<!-- This site is optimized with the Yoast SEO plugin v27.5 - https:\/\/yoast.com\/product\/yoast-seo-wordpress\/ -->\n<title>Jean-Michel Trogneux foto recenti: chi \u00e8 davvero? - Fan site S\u00e9bastien Auzi\u00e8re<\/title>\n<meta name=\"robots\" content=\"index, follow, max-snippet:-1, max-image-preview:large, max-video-preview:-1\" \/>\n<link rel=\"canonical\" href=\"https:\/\/www.sebastien-auziere.fr\/blog\/it\/jean-michel-trogneux-foto-recenti-chi-e-davvero\/\" \/>\n<meta property=\"og:locale\" content=\"fr_FR\" \/>\n<meta property=\"og:type\" content=\"article\" \/>\n<meta property=\"og:title\" content=\"Jean-Michel Trogneux foto recenti: chi \u00e8 davvero? - Fan site S\u00e9bastien Auzi\u00e8re\" \/>\n<meta property=\"og:description\" content=\"Immagine generata da intelligenza artificiale, illustrazione non reale. L&rsquo;essenziale : Jean-Michel Trogneux \u00e8 il fratello di Brigitte Macron, nato l&rsquo;11 febbraio 1945 ad Amiens. \u00c8 l&rsquo;erede della cioccolateria Trogneux, fondata nel 1872, e conduce una vita discreta lontana dai media. Dal 2021, il suo nome \u00e8 al centro di una teoria complottista infondata e transfobica, ... Lire plus\" \/>\n<meta property=\"og:url\" content=\"https:\/\/www.sebastien-auziere.fr\/blog\/it\/jean-michel-trogneux-foto-recenti-chi-e-davvero\/\" \/>\n<meta property=\"og:site_name\" content=\"Fan site S\u00e9bastien Auzi\u00e8re\" \/>\n<meta property=\"article:published_time\" content=\"2026-03-07T17:08:26+00:00\" \/>\n<meta property=\"article:modified_time\" content=\"2026-03-07T17:11:19+00:00\" \/>\n<meta property=\"og:image\" content=\"https:\/\/www.sebastien-auziere.fr\/blog\/wp-content\/uploads\/2026\/03\/ChatGPT-Image-7-mars-2026-17_49_23.jpg\" \/>\n\t<meta property=\"og:image:width\" content=\"1536\" \/>\n\t<meta property=\"og:image:height\" content=\"1024\" \/>\n\t<meta property=\"og:image:type\" content=\"image\/jpeg\" \/>\n<meta name=\"author\" content=\"Celine\" \/>\n<meta name=\"twitter:card\" content=\"summary_large_image\" \/>\n<meta name=\"twitter:label1\" content=\"\u00c9crit par\" \/>\n\t<meta name=\"twitter:data1\" content=\"Celine\" \/>\n\t<meta name=\"twitter:label2\" content=\"Dur\u00e9e de lecture estim\u00e9e\" \/>\n\t<meta name=\"twitter:data2\" content=\"11 minutes\" \/>\n<script type=\"application\/ld+json\" class=\"yoast-schema-graph\">{\"@context\":\"https:\\\/\\\/schema.org\",\"@graph\":[{\"@type\":\"Article\",\"@id\":\"https:\\\/\\\/www.sebastien-auziere.fr\\\/blog\\\/it\\\/jean-michel-trogneux-foto-recenti-chi-e-davvero\\\/#article\",\"isPartOf\":{\"@id\":\"https:\\\/\\\/www.sebastien-auziere.fr\\\/blog\\\/it\\\/jean-michel-trogneux-foto-recenti-chi-e-davvero\\\/\"},\"author\":{\"name\":\"Celine\",\"@id\":\"https:\\\/\\\/www.sebastien-auziere.fr\\\/blog\\\/#\\\/schema\\\/person\\\/1e270a963009242469ed08b1c461f81f\"},\"headline\":\"Jean-Michel Trogneux foto recenti: chi \u00e8 davvero?\",\"datePublished\":\"2026-03-07T17:08:26+00:00\",\"dateModified\":\"2026-03-07T17:11:19+00:00\",\"mainEntityOfPage\":{\"@id\":\"https:\\\/\\\/www.sebastien-auziere.fr\\\/blog\\\/it\\\/jean-michel-trogneux-foto-recenti-chi-e-davvero\\\/\"},\"wordCount\":2110,\"commentCount\":0,\"publisher\":{\"@id\":\"https:\\\/\\\/www.sebastien-auziere.fr\\\/blog\\\/#organization\"},\"image\":{\"@id\":\"https:\\\/\\\/www.sebastien-auziere.fr\\\/blog\\\/it\\\/jean-michel-trogneux-foto-recenti-chi-e-davvero\\\/#primaryimage\"},\"thumbnailUrl\":\"https:\\\/\\\/www.sebastien-auziere.fr\\\/blog\\\/wp-content\\\/uploads\\\/2026\\\/03\\\/ChatGPT-Image-7-mars-2026-17_49_23.jpg\",\"inLanguage\":\"fr-FR\",\"potentialAction\":[{\"@type\":\"CommentAction\",\"name\":\"Comment\",\"target\":[\"https:\\\/\\\/www.sebastien-auziere.fr\\\/blog\\\/it\\\/jean-michel-trogneux-foto-recenti-chi-e-davvero\\\/#respond\"]}]},{\"@type\":\"WebPage\",\"@id\":\"https:\\\/\\\/www.sebastien-auziere.fr\\\/blog\\\/it\\\/jean-michel-trogneux-foto-recenti-chi-e-davvero\\\/\",\"url\":\"https:\\\/\\\/www.sebastien-auziere.fr\\\/blog\\\/it\\\/jean-michel-trogneux-foto-recenti-chi-e-davvero\\\/\",\"name\":\"Jean-Michel Trogneux foto recenti: chi \u00e8 davvero? - Fan site S\u00e9bastien Auzi\u00e8re\",\"isPartOf\":{\"@id\":\"https:\\\/\\\/www.sebastien-auziere.fr\\\/blog\\\/#website\"},\"primaryImageOfPage\":{\"@id\":\"https:\\\/\\\/www.sebastien-auziere.fr\\\/blog\\\/it\\\/jean-michel-trogneux-foto-recenti-chi-e-davvero\\\/#primaryimage\"},\"image\":{\"@id\":\"https:\\\/\\\/www.sebastien-auziere.fr\\\/blog\\\/it\\\/jean-michel-trogneux-foto-recenti-chi-e-davvero\\\/#primaryimage\"},\"thumbnailUrl\":\"https:\\\/\\\/www.sebastien-auziere.fr\\\/blog\\\/wp-content\\\/uploads\\\/2026\\\/03\\\/ChatGPT-Image-7-mars-2026-17_49_23.jpg\",\"datePublished\":\"2026-03-07T17:08:26+00:00\",\"dateModified\":\"2026-03-07T17:11:19+00:00\",\"breadcrumb\":{\"@id\":\"https:\\\/\\\/www.sebastien-auziere.fr\\\/blog\\\/it\\\/jean-michel-trogneux-foto-recenti-chi-e-davvero\\\/#breadcrumb\"},\"inLanguage\":\"fr-FR\",\"potentialAction\":[{\"@type\":\"ReadAction\",\"target\":[\"https:\\\/\\\/www.sebastien-auziere.fr\\\/blog\\\/it\\\/jean-michel-trogneux-foto-recenti-chi-e-davvero\\\/\"]}]},{\"@type\":\"ImageObject\",\"inLanguage\":\"fr-FR\",\"@id\":\"https:\\\/\\\/www.sebastien-auziere.fr\\\/blog\\\/it\\\/jean-michel-trogneux-foto-recenti-chi-e-davvero\\\/#primaryimage\",\"url\":\"https:\\\/\\\/www.sebastien-auziere.fr\\\/blog\\\/wp-content\\\/uploads\\\/2026\\\/03\\\/ChatGPT-Image-7-mars-2026-17_49_23.jpg\",\"contentUrl\":\"https:\\\/\\\/www.sebastien-auziere.fr\\\/blog\\\/wp-content\\\/uploads\\\/2026\\\/03\\\/ChatGPT-Image-7-mars-2026-17_49_23.jpg\",\"width\":1536,\"height\":1024,\"caption\":\"Jean-Michel Trogneux photos recentes\"},{\"@type\":\"BreadcrumbList\",\"@id\":\"https:\\\/\\\/www.sebastien-auziere.fr\\\/blog\\\/it\\\/jean-michel-trogneux-foto-recenti-chi-e-davvero\\\/#breadcrumb\",\"itemListElement\":[{\"@type\":\"ListItem\",\"position\":1,\"name\":\"Home\",\"item\":\"https:\\\/\\\/www.sebastien-auziere.fr\\\/blog\\\/\"},{\"@type\":\"ListItem\",\"position\":2,\"name\":\"Jean-Michel Trogneux foto recenti: chi \u00e8 davvero?\"}]},{\"@type\":\"WebSite\",\"@id\":\"https:\\\/\\\/www.sebastien-auziere.fr\\\/blog\\\/#website\",\"url\":\"https:\\\/\\\/www.sebastien-auziere.fr\\\/blog\\\/\",\"name\":\"Fan site S\u00e9bastien Auzi\u00e8re\",\"description\":\"M\u00e9dia g\u00e9n\u00e9raliste\",\"publisher\":{\"@id\":\"https:\\\/\\\/www.sebastien-auziere.fr\\\/blog\\\/#organization\"},\"potentialAction\":[{\"@type\":\"SearchAction\",\"target\":{\"@type\":\"EntryPoint\",\"urlTemplate\":\"https:\\\/\\\/www.sebastien-auziere.fr\\\/blog\\\/?s={search_term_string}\"},\"query-input\":{\"@type\":\"PropertyValueSpecification\",\"valueRequired\":true,\"valueName\":\"search_term_string\"}}],\"inLanguage\":\"fr-FR\"},{\"@type\":\"Organization\",\"@id\":\"https:\\\/\\\/www.sebastien-auziere.fr\\\/blog\\\/#organization\",\"name\":\"Fan site S\u00e9bastien Auzi\u00e8re\",\"url\":\"https:\\\/\\\/www.sebastien-auziere.fr\\\/blog\\\/\",\"logo\":{\"@type\":\"ImageObject\",\"inLanguage\":\"fr-FR\",\"@id\":\"https:\\\/\\\/www.sebastien-auziere.fr\\\/blog\\\/#\\\/schema\\\/logo\\\/image\\\/\",\"url\":\"https:\\\/\\\/www.sebastien-auziere.fr\\\/blog\\\/wp-content\\\/uploads\\\/2026\\\/03\\\/cropped-cropped-cropped-ChatGPT-Image-6-mars-2026-12_58_09-e1772798376794.jpg\",\"contentUrl\":\"https:\\\/\\\/www.sebastien-auziere.fr\\\/blog\\\/wp-content\\\/uploads\\\/2026\\\/03\\\/cropped-cropped-cropped-ChatGPT-Image-6-mars-2026-12_58_09-e1772798376794.jpg\",\"width\":512,\"height\":360,\"caption\":\"Fan site S\u00e9bastien Auzi\u00e8re\"},\"image\":{\"@id\":\"https:\\\/\\\/www.sebastien-auziere.fr\\\/blog\\\/#\\\/schema\\\/logo\\\/image\\\/\"}},{\"@type\":\"Person\",\"@id\":\"https:\\\/\\\/www.sebastien-auziere.fr\\\/blog\\\/#\\\/schema\\\/person\\\/1e270a963009242469ed08b1c461f81f\",\"name\":\"Celine\",\"image\":{\"@type\":\"ImageObject\",\"inLanguage\":\"fr-FR\",\"@id\":\"https:\\\/\\\/secure.gravatar.com\\\/avatar\\\/c88d569fbe1fe19a13c7f21ee0f8973822df96073df21850b95af6a09ba820c9?s=96&d=mm&r=g\",\"url\":\"https:\\\/\\\/secure.gravatar.com\\\/avatar\\\/c88d569fbe1fe19a13c7f21ee0f8973822df96073df21850b95af6a09ba820c9?s=96&d=mm&r=g\",\"contentUrl\":\"https:\\\/\\\/secure.gravatar.com\\\/avatar\\\/c88d569fbe1fe19a13c7f21ee0f8973822df96073df21850b95af6a09ba820c9?s=96&d=mm&r=g\",\"caption\":\"Celine\"},\"description\":\"Je m'appelle C\u00e9line, j'ai 31 ans et je suis journaliste sp\u00e9cialis\u00e9e dans le cin\u00e9ma. Passionn\u00e9e par le septi\u00e8me art, j'explore les actualit\u00e9s, les critiques et les tendances du monde cin\u00e9matographique. Mon objectif est de partager ma passion et d'informer les amateurs de films \u00e0 travers des articles percutants et des analyses approfondies.\",\"url\":\"https:\\\/\\\/www.sebastien-auziere.fr\\\/blog\\\/author\\\/celine\\\/\"}]}<\/script>\n<!-- \/ Yoast SEO plugin. -->","yoast_head_json":{"title":"Jean-Michel Trogneux foto recenti: chi \u00e8 davvero? - Fan site S\u00e9bastien Auzi\u00e8re","robots":{"index":"index","follow":"follow","max-snippet":"max-snippet:-1","max-image-preview":"max-image-preview:large","max-video-preview":"max-video-preview:-1"},"canonical":"https:\/\/www.sebastien-auziere.fr\/blog\/it\/jean-michel-trogneux-foto-recenti-chi-e-davvero\/","og_locale":"fr_FR","og_type":"article","og_title":"Jean-Michel Trogneux foto recenti: chi \u00e8 davvero? - Fan site S\u00e9bastien Auzi\u00e8re","og_description":"Immagine generata da intelligenza artificiale, illustrazione non reale. L&rsquo;essenziale : Jean-Michel Trogneux \u00e8 il fratello di Brigitte Macron, nato l&rsquo;11 febbraio 1945 ad Amiens. \u00c8 l&rsquo;erede della cioccolateria Trogneux, fondata nel 1872, e conduce una vita discreta lontana dai media. Dal 2021, il suo nome \u00e8 al centro di una teoria complottista infondata e transfobica, ... Lire plus","og_url":"https:\/\/www.sebastien-auziere.fr\/blog\/it\/jean-michel-trogneux-foto-recenti-chi-e-davvero\/","og_site_name":"Fan site S\u00e9bastien Auzi\u00e8re","article_published_time":"2026-03-07T17:08:26+00:00","article_modified_time":"2026-03-07T17:11:19+00:00","og_image":[{"width":1536,"height":1024,"url":"https:\/\/www.sebastien-auziere.fr\/blog\/wp-content\/uploads\/2026\/03\/ChatGPT-Image-7-mars-2026-17_49_23.jpg","type":"image\/jpeg"}],"author":"Celine","twitter_card":"summary_large_image","twitter_misc":{"\u00c9crit par":"Celine","Dur\u00e9e de lecture estim\u00e9e":"11 minutes"},"schema":{"@context":"https:\/\/schema.org","@graph":[{"@type":"Article","@id":"https:\/\/www.sebastien-auziere.fr\/blog\/it\/jean-michel-trogneux-foto-recenti-chi-e-davvero\/#article","isPartOf":{"@id":"https:\/\/www.sebastien-auziere.fr\/blog\/it\/jean-michel-trogneux-foto-recenti-chi-e-davvero\/"},"author":{"name":"Celine","@id":"https:\/\/www.sebastien-auziere.fr\/blog\/#\/schema\/person\/1e270a963009242469ed08b1c461f81f"},"headline":"Jean-Michel Trogneux foto recenti: chi \u00e8 davvero?","datePublished":"2026-03-07T17:08:26+00:00","dateModified":"2026-03-07T17:11:19+00:00","mainEntityOfPage":{"@id":"https:\/\/www.sebastien-auziere.fr\/blog\/it\/jean-michel-trogneux-foto-recenti-chi-e-davvero\/"},"wordCount":2110,"commentCount":0,"publisher":{"@id":"https:\/\/www.sebastien-auziere.fr\/blog\/#organization"},"image":{"@id":"https:\/\/www.sebastien-auziere.fr\/blog\/it\/jean-michel-trogneux-foto-recenti-chi-e-davvero\/#primaryimage"},"thumbnailUrl":"https:\/\/www.sebastien-auziere.fr\/blog\/wp-content\/uploads\/2026\/03\/ChatGPT-Image-7-mars-2026-17_49_23.jpg","inLanguage":"fr-FR","potentialAction":[{"@type":"CommentAction","name":"Comment","target":["https:\/\/www.sebastien-auziere.fr\/blog\/it\/jean-michel-trogneux-foto-recenti-chi-e-davvero\/#respond"]}]},{"@type":"WebPage","@id":"https:\/\/www.sebastien-auziere.fr\/blog\/it\/jean-michel-trogneux-foto-recenti-chi-e-davvero\/","url":"https:\/\/www.sebastien-auziere.fr\/blog\/it\/jean-michel-trogneux-foto-recenti-chi-e-davvero\/","name":"Jean-Michel Trogneux foto recenti: chi \u00e8 davvero? - Fan site S\u00e9bastien Auzi\u00e8re","isPartOf":{"@id":"https:\/\/www.sebastien-auziere.fr\/blog\/#website"},"primaryImageOfPage":{"@id":"https:\/\/www.sebastien-auziere.fr\/blog\/it\/jean-michel-trogneux-foto-recenti-chi-e-davvero\/#primaryimage"},"image":{"@id":"https:\/\/www.sebastien-auziere.fr\/blog\/it\/jean-michel-trogneux-foto-recenti-chi-e-davvero\/#primaryimage"},"thumbnailUrl":"https:\/\/www.sebastien-auziere.fr\/blog\/wp-content\/uploads\/2026\/03\/ChatGPT-Image-7-mars-2026-17_49_23.jpg","datePublished":"2026-03-07T17:08:26+00:00","dateModified":"2026-03-07T17:11:19+00:00","breadcrumb":{"@id":"https:\/\/www.sebastien-auziere.fr\/blog\/it\/jean-michel-trogneux-foto-recenti-chi-e-davvero\/#breadcrumb"},"inLanguage":"fr-FR","potentialAction":[{"@type":"ReadAction","target":["https:\/\/www.sebastien-auziere.fr\/blog\/it\/jean-michel-trogneux-foto-recenti-chi-e-davvero\/"]}]},{"@type":"ImageObject","inLanguage":"fr-FR","@id":"https:\/\/www.sebastien-auziere.fr\/blog\/it\/jean-michel-trogneux-foto-recenti-chi-e-davvero\/#primaryimage","url":"https:\/\/www.sebastien-auziere.fr\/blog\/wp-content\/uploads\/2026\/03\/ChatGPT-Image-7-mars-2026-17_49_23.jpg","contentUrl":"https:\/\/www.sebastien-auziere.fr\/blog\/wp-content\/uploads\/2026\/03\/ChatGPT-Image-7-mars-2026-17_49_23.jpg","width":1536,"height":1024,"caption":"Jean-Michel Trogneux photos recentes"},{"@type":"BreadcrumbList","@id":"https:\/\/www.sebastien-auziere.fr\/blog\/it\/jean-michel-trogneux-foto-recenti-chi-e-davvero\/#breadcrumb","itemListElement":[{"@type":"ListItem","position":1,"name":"Home","item":"https:\/\/www.sebastien-auziere.fr\/blog\/"},{"@type":"ListItem","position":2,"name":"Jean-Michel Trogneux foto recenti: chi \u00e8 davvero?"}]},{"@type":"WebSite","@id":"https:\/\/www.sebastien-auziere.fr\/blog\/#website","url":"https:\/\/www.sebastien-auziere.fr\/blog\/","name":"Fan site S\u00e9bastien Auzi\u00e8re","description":"M\u00e9dia g\u00e9n\u00e9raliste","publisher":{"@id":"https:\/\/www.sebastien-auziere.fr\/blog\/#organization"},"potentialAction":[{"@type":"SearchAction","target":{"@type":"EntryPoint","urlTemplate":"https:\/\/www.sebastien-auziere.fr\/blog\/?s={search_term_string}"},"query-input":{"@type":"PropertyValueSpecification","valueRequired":true,"valueName":"search_term_string"}}],"inLanguage":"fr-FR"},{"@type":"Organization","@id":"https:\/\/www.sebastien-auziere.fr\/blog\/#organization","name":"Fan site S\u00e9bastien Auzi\u00e8re","url":"https:\/\/www.sebastien-auziere.fr\/blog\/","logo":{"@type":"ImageObject","inLanguage":"fr-FR","@id":"https:\/\/www.sebastien-auziere.fr\/blog\/#\/schema\/logo\/image\/","url":"https:\/\/www.sebastien-auziere.fr\/blog\/wp-content\/uploads\/2026\/03\/cropped-cropped-cropped-ChatGPT-Image-6-mars-2026-12_58_09-e1772798376794.jpg","contentUrl":"https:\/\/www.sebastien-auziere.fr\/blog\/wp-content\/uploads\/2026\/03\/cropped-cropped-cropped-ChatGPT-Image-6-mars-2026-12_58_09-e1772798376794.jpg","width":512,"height":360,"caption":"Fan site S\u00e9bastien Auzi\u00e8re"},"image":{"@id":"https:\/\/www.sebastien-auziere.fr\/blog\/#\/schema\/logo\/image\/"}},{"@type":"Person","@id":"https:\/\/www.sebastien-auziere.fr\/blog\/#\/schema\/person\/1e270a963009242469ed08b1c461f81f","name":"Celine","image":{"@type":"ImageObject","inLanguage":"fr-FR","@id":"https:\/\/secure.gravatar.com\/avatar\/c88d569fbe1fe19a13c7f21ee0f8973822df96073df21850b95af6a09ba820c9?s=96&d=mm&r=g","url":"https:\/\/secure.gravatar.com\/avatar\/c88d569fbe1fe19a13c7f21ee0f8973822df96073df21850b95af6a09ba820c9?s=96&d=mm&r=g","contentUrl":"https:\/\/secure.gravatar.com\/avatar\/c88d569fbe1fe19a13c7f21ee0f8973822df96073df21850b95af6a09ba820c9?s=96&d=mm&r=g","caption":"Celine"},"description":"Je m'appelle C\u00e9line, j'ai 31 ans et je suis journaliste sp\u00e9cialis\u00e9e dans le cin\u00e9ma. Passionn\u00e9e par le septi\u00e8me art, j'explore les actualit\u00e9s, les critiques et les tendances du monde cin\u00e9matographique. Mon objectif est de partager ma passion et d'informer les amateurs de films \u00e0 travers des articles percutants et des analyses approfondies.","url":"https:\/\/www.sebastien-auziere.fr\/blog\/author\/celine\/"}]}},"views":119,"_links":{"self":[{"href":"https:\/\/www.sebastien-auziere.fr\/blog\/wp-json\/wp\/v2\/posts\/2366","targetHints":{"allow":["GET"]}}],"collection":[{"href":"https:\/\/www.sebastien-auziere.fr\/blog\/wp-json\/wp\/v2\/posts"}],"about":[{"href":"https:\/\/www.sebastien-auziere.fr\/blog\/wp-json\/wp\/v2\/types\/post"}],"author":[{"embeddable":true,"href":"https:\/\/www.sebastien-auziere.fr\/blog\/wp-json\/wp\/v2\/users\/4"}],"replies":[{"embeddable":true,"href":"https:\/\/www.sebastien-auziere.fr\/blog\/wp-json\/wp\/v2\/comments?post=2366"}],"version-history":[{"count":1,"href":"https:\/\/www.sebastien-auziere.fr\/blog\/wp-json\/wp\/v2\/posts\/2366\/revisions"}],"predecessor-version":[{"id":2367,"href":"https:\/\/www.sebastien-auziere.fr\/blog\/wp-json\/wp\/v2\/posts\/2366\/revisions\/2367"}],"wp:featuredmedia":[{"embeddable":true,"href":"https:\/\/www.sebastien-auziere.fr\/blog\/wp-json\/wp\/v2\/media\/2350"}],"wp:attachment":[{"href":"https:\/\/www.sebastien-auziere.fr\/blog\/wp-json\/wp\/v2\/media?parent=2366"}],"wp:term":[{"taxonomy":"category","embeddable":true,"href":"https:\/\/www.sebastien-auziere.fr\/blog\/wp-json\/wp\/v2\/categories?post=2366"},{"taxonomy":"post_tag","embeddable":true,"href":"https:\/\/www.sebastien-auziere.fr\/blog\/wp-json\/wp\/v2\/tags?post=2366"}],"curies":[{"name":"wp","href":"https:\/\/api.w.org\/{rel}","templated":true}]}}