{"id":2364,"date":"2026-03-07T17:04:54","date_gmt":"2026-03-07T17:04:54","guid":{"rendered":"https:\/\/www.sebastien-auziere.fr\/blog\/?p=2364"},"modified":"2026-03-07T17:08:24","modified_gmt":"2026-03-07T17:08:24","slug":"jean-michel-trogneux-aktuelle-fotos-wer-ist-er-wirklich","status":"publish","type":"post","link":"https:\/\/www.sebastien-auziere.fr\/blog\/de\/jean-michel-trogneux-aktuelle-fotos-wer-ist-er-wirklich\/","title":{"rendered":"Jean-Michel Trogneux aktuelle Fotos: Wer ist er wirklich?"},"content":{"rendered":"\n<p>Von k\u00fcnstlicher Intelligenz generiertes Bild, nicht realistisches Bild.<\/p>\n\n\n<p style=\"padding: 24px;background: lightblue\">Das Wesentliche: <strong>Jean-Michel Trogneux ist der Bruder von Brigitte Macron<\/strong>, geboren am 11. Februar 1945 in Amiens. Er ist der Erbe der <strong>Chocolaterie Trogneux<\/strong>, die 1872 gegr\u00fcndet wurde, und f\u00fchrt ein bescheidenes Leben fernab der Medien. Seit 2021 steht sein Name im Zentrum einer <strong>unbegr\u00fcndeten, verschw\u00f6rungstheoretischen und transphoben Theorie<\/strong>, die behauptet, er sei dieselbe Person wie seine Schwester. Dieses Ger\u00fccht wurde <strong>gerichtlich verurteilt<\/strong> und hat sich mehrfach als falsch herausgestellt. Im August 2025 ver\u00f6ffentlichte das Magazin Closer aktuelle Fotos von Jean-Michel Trogneux, die einen Mann mit wei\u00dfen Haaren zeigen, der bei den Amtseinf\u00fchrungszeremonien von Emmanuel Macron 2017 und 2022 anwesend war.<\/p>\n<p>Wenn du nach aktuellen Fotos von Jean-Michel Trogneux suchst, bist du wahrscheinlich auf Ergebnisse gesto\u00dfen, die Ger\u00fcchte, Verschw\u00f6rungstheorien und gerichtliche Artikel vermischen. <strong>Dieser Leitfaden kl\u00e4rt auf \u00fcber alles<\/strong>: Wer ist wirklich Jean-Michel Trogneux, warum kursiert sein Name so h\u00e4ufig in den sozialen Netzwerken, welche Fotos existieren tats\u00e4chlich und welche Entscheidungen haben die franz\u00f6sischen und amerikanischen Gerichte im Angesicht dieser Desinformation getroffen.<\/p>\n<ol>\n<li><a href=\"#qui-est-jean-michel-trogneux\">Wer ist Jean-Michel Trogneux?<\/a><\/li>\n<li><a href=\"#photos-recentes-ce-qui-existe\">Die aktuellen Fotos von Jean-Michel Trogneux: Was wirklich existiert<\/a><\/li>\n<li><a href=\"#origine-rumeur\">Der Ursprung des Ger\u00fcchts: Dezember 2021, ein virales Video<\/a><\/li>\n<li><a href=\"#condamnations-justice\">Die gerichtlichen Verurteilungen: Frankreich und die USA<\/a><\/li>\n<li><a href=\"#proces-cyberharcelement-2025\">Der Prozess wegen Cybermobbing im Oktober 2025<\/a><\/li>\n<li><a href=\"#candace-owens-usa\">Der Fall Candace Owens und die Klage in den USA<\/a><\/li>\n<li><a href=\"#pourquoi-rumeur-persiste\">Warum besteht dieses Ger\u00fccht trotz der Verurteilungen weiter?<\/a><\/li>\n<\/ol>\n<h2 id=\"qui-est-jean-michel-trogneux\">Wer ist Jean-Michel Trogneux?<\/h2>\n<p>Jean-Michel Trogneux ist der Bruder von Brigitte Macron, der First Lady von Frankreich. Er wurde am <strong>11. Februar 1945 in Amiens<\/strong>, im Departement Somme, geboren, wo er bis heute lebt. Als \u00e4lterer Bruder von Brigitte Macron, aus einer Geschwisterschar von sechs Kindern, ist er der einzige lebende Bruder und Bruder. Ihr \u00e4ltester Bruder Jean-Claude Trogneux, Direktor der Familienstiftung, verstarb im November 2018 im Alter von 85 Jahren, und ihre \u00e4ltere Schwester Anne-Marie Trogneux starb im Juli 2025 im Alter von 93 Jahren.<\/p>\n<h3>Die Familie Trogneux und die Chocolaterie in Amiens<\/h3>\n<p>Die Familie Trogneux ist eine wohlhabende Familie, die seit Generationen mit der <strong>Chocolaterie Trogneux<\/strong> in Amiens verbunden ist, die 1872 gegr\u00fcndet wurde. Dieses Handwerksunternehmen ist besonders f\u00fcr seine Macarons aus Amiens bekannt. Jean-Michel Trogneux steht f\u00fcr den Erhalt dieses famili\u00e4ren Erbes und f\u00fchrt ein stark verwurzeltes Leben vor Ort, <strong>vollst\u00e4ndig abseits der politischen und medialen B\u00fchne<\/strong>. Er innehat kein \u00f6ffentliches Amt und hat nie die \u00d6ffentlichkeit gesucht.<\/p>\n<blockquote><p>Jean-Michel Trogneux existiert. Und er ist nicht seine Schwester \u2014 genau wie er nicht der Vater geworden ist, der die drei Kinder hat, die Brigitte Macron mit ihrem ersten Ehemann Andr\u00e9-Louis Auzi\u00e8res hatte.<\/p><\/blockquote>\n<h2 id=\"photos-recentes-ce-qui-existe\">Die aktuellen Fotos von Jean-Michel Trogneux: Was wirklich existiert<\/h2>\n<p>Jean-Michel Trogneux ist ein sehr diskreter Mann, der nie aus eigener Initiative in den Medien aufgetreten ist. Seine \u00f6ffentlichen Auftritte kann man an einer Hand abz\u00e4hlen \u2014 und fast alle stehen im Zusammenhang mit den offiziellen Zeremonien rund um die Pr\u00e4sidentschaft von Emmanuel Macron.<\/p>\n<h3>Die von Closer im August 2025 ver\u00f6ffentlichten Bilder<\/h3>\n<p>Im August 2025, als das Ger\u00fccht \u00fcber seine Identit\u00e4t internationalen Auftrieb erhielt, ver\u00f6ffentlichte das Magazin <strong>Closer Fotos von Jean-Michel Trogneux<\/strong> von den beiden Amtseinf\u00fchrungszeremonien von Emmanuel Macron, die damals von BFMTV \u00fcbertragen wurden. Darauf sieht man einen Mann mit <strong>wei\u00dfen Haaren und einem runden Gesicht<\/strong>, der bei den offiziellen Zeremonien 2017 und 2022 in der N\u00e4he seiner Schwester Brigitte Macron steht.<\/p>\n<p>Diese Fotos sind bis heute die aktuellsten und am deutlichsten identifizierbaren Bilder von Jean-Michel Trogneux im \u00f6ffentlichen Raum. Sie wurden genau ver\u00f6ffentlicht, um <strong>auf die Behauptungen zu reagieren, dass dieser Mann nicht existiere<\/strong> oder nicht von seiner Schwester zu unterscheiden sei.<\/p>\n<h3>Was Getty Images unter seinem Namen referenziert<\/h3>\n<p>Eine Suche nach \u00ab\u00a0Jean Trogneux\u00a0\u00bb auf Getty Images bringt mehr als 100 Fotos hervor \u2014 aber fast alle diese Aufnahmen beziehen sich tats\u00e4chlich auf <strong>die Chocolaterie Trogneux in Amiens<\/strong> oder auf Veranstaltungen, bei denen Brigitte Macron von Minister Jean-Michel Blanquer begleitet wird, dessen Vorname in den Metadaten einiger Fotodatenbanken Verwirrung gestiftet hat. Keines dieser Bilder zeigt Jean-Michel Trogneux als eigenst\u00e4ndige Person.<\/p>\n<ul>\n<li><strong>Existierende Fotos:<\/strong> Amtseinf\u00fchrungszeremonien 2017 und 2022 (Closer, August 2025)<\/li>\n<li><strong>Getty-Fotos:<\/strong> in Verbindung mit der Chocolaterie oder Jean-Michel Blanquer (Namensverwirrung)<\/li>\n<li><strong>Kindheitsfotos:<\/strong> keine wurden von der Familie ver\u00f6ffentlicht<\/li>\n<\/ul>\n<h2 id=\"origine-rumeur\">Der Ursprung des Ger\u00fcchts: Dezember 2021, ein virales Video<\/h2>\n<p>Um zu verstehen, warum diese Suche nach Jean-Michel Trogneux so viele Verwirrung stiftet, muss man bis <strong>Dezember 2021<\/strong> zur\u00fcckgehen. Zwei Frauen \u2014 Natacha Rey, die sich als unabh\u00e4ngige Journalistin pr\u00e4sentiert, und Delphine J\u00e9gousse, alias \u00ab\u00a0Amandine Roy\u00a0\u00bb, ein Medium \u2014 ver\u00f6ffentlichten ein vierst\u00fcndiges Video auf YouTube.<\/p>\n<h3>Der Inhalt des Videos und seine Verbreitung<\/h3>\n<p>In diesem Video behaupteten sie, dass <strong>Brigitte Macron nie als Frau existiert haben w\u00fcrde<\/strong> und dass ihr Bruder Jean-Michel Trogneux nach einer Geschlechtsumwandlung ihre Identit\u00e4t angenommen habe. Diese Theorie, <strong>vollst\u00e4ndig unbegr\u00fcndet und ohne jegliche Beweise<\/strong>, wurde \u00fcber 4 Millionen Mal angesehen. Sie verbreitete sich \u00fcber verschw\u00f6rungstheoretische Netzwerke und extreme rechte Kreise in Frankreich, bevor sie Ende 2023 den Atlantik \u00fcberquerte.<\/p>\n<p>Victor Mottin, ein Spezialist f\u00fcr Verschw\u00f6rungstheorien, weist darauf hin, dass diese Ger\u00fcchte Teil eines gr\u00f6\u00dferen Ph\u00e4nomens sind, das als <strong>\u201eTransvestigation\u201c<\/strong> bezeichnet wird \u2014 eine Praxis, die darauf abzielt, \u00f6ffentliche Frauen zu diskreditieren, indem man unterstellt, sie seien transgender M\u00e4nner. Diese Praxis nutzt Transphobie und Sexismus als politische Waffen aus.<\/p>\n<h2 id=\"condamnations-justice\">Die gerichtlichen Verurteilungen: Frankreich und die USA<\/h2>\n<p>Bereits im Februar 2022 reagierte die Familie Trogneux-Macron juristisch. Brigitte Macron, Jean-Michel Trogneux und die drei Auzi\u00e8re-Kinder haben die Justiz eingeschaltet und eine Reihe von Verfahren und Verurteilungen erwirkt.<\/p>\n<h3>Der gerichtliche Zeitplan in Frankreich<\/h3>\n<ul>\n<li><strong>Februar 2022:<\/strong> Klage gegen Natacha Rey und Amandine Roy wegen Verletzung der Privatsph\u00e4re, Recht am eigenen Bild und Verleumdung<\/li>\n<li><strong>Februar 2023:<\/strong> erste Verurteilung wegen Verleumdung \u2014 Natacha Rey und Amandine Roy wurden zu Schadensersatz verurteilt<\/li>\n<li><strong>10. Juli 2025:<\/strong> Freispruch in der Berufung \u2014 das Berufungsgericht in Paris stellte fest, dass die 18 beanstandeten Passagen keine Verleumdung darstellten oder im Rahmen der guten Glaubenspflicht lagen<\/li>\n<li><strong>Juli 2025:<\/strong> Brigitte Macron und Jean-Michel Trogneux k\u00fcndigen die Einlegung einer Kassationsbeschwerde an<\/li>\n<\/ul>\n<h3>Jean-Michel Trogneux im Verfahren<\/h3>\n<p>Jean-Michel Trogneux hat aktiv an den rechtlichen Schritten teilgenommen. Neben den gemeinsam mit seiner Schwester beantragten Ma\u00dfnahmen wegen Verletzung der Privatsph\u00e4re und des Rechts am eigenen Bild forderte er zus\u00e4tzlichen Schadenersatz wegen <strong>\u00ab\u00a0falscher \u00dcberwachung\u00a0\u00bb<\/strong>, da seine private Adresse von den Verbreitern des Ger\u00fcchts \u00f6ffentlich gemacht wurde \u2014 ein Umstand, der sein Privatleben echten Risiken aussetzt.<\/p>\n<h2 id=\"proces-cyberharcelement-2025\">Der Prozess wegen Cybermobbing im Oktober 2025<\/h2>\n<p>Am 27. Oktober 2025 stehen zehn Personen vor dem Strafgericht in Paris wegen <strong>Cybermobbings<\/strong> vor Gericht. Dieser Prozess markiert einen Wendepunkt: Es geht nicht nur um Verleumdung, sondern um die organisierte Verbreitung falscher Informationen \u00fcber das Geschlecht und die Sexualit\u00e4t von Brigitte Macron. Die Angeklagten \u2014 im Alter von 41 bis 60 Jahren, darunter ein Kommunalpolitiker, ein Lehrer, ein Informatiker und ein Galerist \u2014 hatten das Ger\u00fccht in den sozialen Netzwerken verbreitet.<\/p>\n<h3>Das Urteil im Januar 2026<\/h3>\n<p>Im Januar 2026 hat das Strafgericht in Paris die <strong>zehn Angeklagten verurteilt<\/strong>. Delphine J\u00e9gousse, alias Amandine Roy, die als eine der Hauptinitiatoren gilt, wurde zu <strong>sechs Monaten Haft auf Bew\u00e4hrung<\/strong> verurteilt. Die Tochter von Brigitte Macron, Tiphaine Auzi\u00e8re, hatte im Prozess von der \u00ab\u00a0Verschlechterung\u00a0\u00bb des Lebens ihrer Mutter seit der Intensivierung der Bel\u00e4stigungen berichtet und erkl\u00e4rt, dass sie \u00ab\u00a0die schrecklichen Dinge, die \u00fcber sie gesagt werden, nicht ignorieren kann\u00a0\u00bb.<\/p>\n<blockquote><p>Das Video wurde 4 Millionen Mal angesehen. Es hat die psychische Gesundheit von Brigitte Macron beeintr\u00e4chtigt und ihre Tochter dazu gezwungen, das Bild ihrer Mutter zu \u00fcberwachen, um die Umwidmung von Fotos zu vermeiden.<br \/>\n<br \/>\u2014 Tiphaine Auzi\u00e8re, w\u00e4hrend des Cybermobbing-Prozesses, Oktober 2025<\/p><\/blockquote>\n<h2 id=\"candace-owens-usa\">Der Fall Candace Owens und die Klage in den USA<\/h2>\n<p>Ab 2024 nahm das Ger\u00fccht eine neue internationale Dimension an. Die amerikanische Influencerin <strong>Candace Owens<\/strong>, die nahestehende Vertraute von Donald Trump, griff aktiv diese Theorie in ihren sozialen Medien auf und erreichte Millionen von Abonnenten in den USA und der englischsprachigen Welt.<\/p>\n<h3>Die Klage im Delaware im Juli 2025<\/h3>\n<p>Am 23. Juli 2025 reichten Emmanuel Macron und Brigitte Macron eine <strong>Verleumdungsklage vor einem Gericht im Delaware<\/strong> gegen Candace Owens ein. Laut ihrem Anwalt verpflichtet sich das Paar, vor dem amerikanischen Gericht <strong>fotografische und wissenschaftliche Beweise<\/strong> vorzulegen, die belegen, dass Brigitte Macron als Frau geboren wurde. Dieses amerikanische Verfahren ist noch im Gange.<\/p>\n<h2 id=\"pourquoi-rumeur-persiste\">Warum besteht dieses Ger\u00fccht trotz der Verurteilungen weiter?<\/h2>\n<p>Mehrere Verurteilungen, ein Prozess wegen Cybermobbings, eine Klage in den USA \u2014 und trotzdem kursiert das Ger\u00fccht weiter. Wie l\u00e4sst sich das erkl\u00e4ren?<\/p>\n<h3>Der Mechanismus der \u00ab\u00a0Transvestigation\u00a0\u00bb<\/h3>\n<p>Wie Victor Mottin, ein Spezialist f\u00fcr Verschw\u00f6rungstheorien, analysiert, ist die \u00ab\u00a0Transvestigation\u00a0\u00bb eine Praxis, die gezielt Frauen in der Politik oder im \u00f6ffentlichen Raum angreift, indem man sie beschuldigt, transgender M\u00e4nner zu sein. Sie nutzt gleichzeitig <strong>Transphobie, Sexismus und Misstrauen gegen\u00fcber der Macht<\/strong>. Selbst wenn sie widerlegt und verurteilt wird, hinterl\u00e4sst sie einen nachhaltigen Eindruck in Suchmaschinen und sozialen Netzwerken, da Algorithmen das verst\u00e4rken, was Engagement erzeugt \u2014 einschlie\u00dflich unbegr\u00fcndeter kontroverser Inhalte.<\/p>\n<h3>Internationalisierung als Verst\u00e4rkungsfaktor<\/h3>\n<p>Das Ger\u00fccht profitierte von einer <strong>internationalen Resonanz<\/strong>, die die ersten franz\u00f6sischen Verurteilungen nicht erreichen konnten. Ein vierst\u00fcndiges Video auf YouTube, das 2021 in Frankreich ausgestrahlt wurde, ben\u00f6tigte zwei Jahre, um den Atlantik zu \u00fcberqueren \u2014 aber einmal von einer amerikanischen Influencerin mit mehreren Millionen Abonnenten aufgegriffen, verbreitete es sich mit einer Geschwindigkeit und einem Umfang, die mit den M\u00f6glichkeiten klassischer Gerichtsbarkeit nicht vergleichbar sind.<\/p>\n<ul>\n<li><strong>2021:<\/strong> Entstehung des Ger\u00fcchts auf YouTube in Frankreich<\/li>\n<li><strong>2023:<\/strong> erste franz\u00f6sische Verurteilungen wegen Verleumdung<\/li>\n<li><strong>2024:<\/strong> massive Wiederaufnahme durch Candace Owens in den USA<\/li>\n<li><strong>2025:<\/strong> Prozess wegen Cybermobbing in Paris, Klage im Delaware<\/li>\n<li><strong>Januar 2026:<\/strong> zehn Verurteilungen wegen Cybermobbing<\/li>\n<\/ul>\n<h2>FAQ<\/h2>\n<h3>Wer ist Jean-Michel Trogneux?<\/h3>\n<p>Jean-Michel Trogneux ist der Bruder von Brigitte Macron, geboren am 11. Februar 1945 in Amiens. Er ist Erbe der 1872 gegr\u00fcndeten Familienchocolaterie, f\u00fchrt ein bescheidenes Leben und hat kein \u00f6ffentliches Amt. Er ist eine reale und eigenst\u00e4ndige Person, die sich von seiner Schwester unterscheidet, im Gegensatz zu dem, was eine unbegr\u00fcndete Verschw\u00f6rungstheorie behauptet.<\/p>\n<h3>Wo finde ich aktuelle Fotos von Jean-Michel Trogneux?<\/h3>\n<p>Die einzigen aktuellen und identifizierten Fotos von Jean-Michel Trogneux wurden im August 2025 vom Magazin Closer ver\u00f6ffentlicht. Sie stammen von den Amtseinf\u00fchrungszeremonien von Emmanuel Macron 2017 und 2022. Man sieht dort einen Mann mit wei\u00dfen Haaren und einem runden Gesicht, der bei diesen offiziellen Zeremonien an der Seite seiner Schwester Brigitte Macron steht.<\/p>\n<h3>Warum wird nach Fotos von Jean-Michel Trogneux gesucht?<\/h3>\n<p>Diese Suche steht in direktem Zusammenhang mit einer transphoben Verschw\u00f6rungstheorie, die im Dezember 2021 ins Leben gerufen wurde, wonach Brigitte Macron in Wirklichkeit ihr Bruder Jean-Michel sei, der sein Geschlecht ge\u00e4ndert und ihre Identit\u00e4t usurpiert h\u00e4tte. Diese Theorie ist <strong>vollst\u00e4ndig unbegr\u00fcndet<\/strong>, wurde von der franz\u00f6sischen Justiz widerlegt und ist Gegenstand von Rechtsverfahren in Frankreich und den USA.<\/p>\n<h3>Was ist das Verh\u00e4ltnis zwischen Jean-Michel Trogneux und Brigitte Macron?<\/h3>\n<p>Jean-Michel Trogneux ist der Bruder von Brigitte Macron, geborene Brigitte Trogneux. Sie stammen aus der gleichen Geschwisterreihe von sechs Kindern und sind urspr\u00fcnglich aus Amiens. Jean-Michel Trogneux hat an den rechtlichen Verfahren gegen die Verbreiter des Ger\u00fcchts zusammen mit seiner Schwester und seinen Nichten und Neffen teilgenommen.<\/p>\n<h3>Wurde das Ger\u00fccht \u00fcber Brigitte Macron und Jean-Michel Trogneux gerichtlich verurteilt?<\/h3>\n<p>Ja. In Frankreich wurden die wichtigsten Verbreiterinnen des Ger\u00fcchts 2023 wegen Verleumdung verurteilt, bevor sie im Juli 2025 in der Berufung freigesprochen wurden \u2014 eine Entscheidung, die von der Familie mit einer Kassationsbeschwerde angefochten wurde. Im Januar 2026 wurden zehn Personen in Paris wegen Cybermobbing verurteilt. In den USA reichte das Macron-Paar im Juli 2025 eine Klage gegen die Influencerin Candace Owens ein.<\/p>\n<h3>Was ist \u00ab\u00a0Transvestigation\u00a0\u00bb?<\/h3>\n<p>Die \u00ab\u00a0Transvestigation\u00a0\u00bb ist eine verschw\u00f6rungstheoretische Praxis, die sich darauf konzentriert, \u00f6ffentliche Frauen f\u00e4lschlicherweise der Behauptung zu beschuldigen, sie seien transgender M\u00e4nner, um sie zu diskreditieren. Sie beruht auf Transphobie und Sexismus und zielt darauf ab, die Legitimit\u00e4t ihrer Ziele zu untergraben. Brigitte Macron ist eine der am st\u00e4rksten von dieser Praxis in Frankreich und im englischsprachigen Raum betroffenen Pers\u00f6nlichkeiten.<\/p>\n<p><br \/>\n[<br \/>\n  {<br \/>\n    \u00ab\u00a0@context\u00a0\u00bb: \u00ab\u00a0https:\/\/schema.org\u00a0\u00bb,<br \/>\n    \u00ab\u00a0@type\u00a0\u00bb: \u00ab\u00a0Article\u00a0\u00bb,<br \/>\n    \u00ab\u00a0headline\u00a0\u00bb: \u00ab\u00a0Aktuelle Fotos von Jean-Michel Trogneux: Wer ist er wirklich?\u00a0\u00bb,<br \/>\n    \u00ab\u00a0description\u00a0\u00bb: \u00ab\u00a0Wer ist Jean-Michel Trogneux? Bruder von Brigitte Macron, geboren 1945 in Amiens, Erbe der Familienchocolaterie. Aufkl\u00e4rung \u00fcber das unbegr\u00fcndete Ger\u00fccht, die von Closer ver\u00f6ffentlichten Fotos und die gerichtlichen Verurteilungen.\u00a0\u00bb,<br \/>\n    \u00ab\u00a0inLanguage\u00a0\u00bb: \u00ab\u00a0de\u00a0\u00bb,<br \/>\n    \u00ab\u00a0articleSection\u00a0\u00bb: [<br \/>\n      \u00ab\u00a0Wer ist Jean-Michel Trogneux\u00a0\u00bb,<br \/>\n      \u00ab\u00a0Aktuelle Fotos\u00a0\u00bb,<br \/>\n      \u00ab\u00a0Ursprung des Ger\u00fcchts\u00a0\u00bb,<br \/>\n      \u00ab\u00a0Gerichtliche Verurteilungen\u00a0\u00bb,<br \/>\n      \u00ab\u00a0Prozess Cybermobbing 2025\u00a0\u00bb,<br \/>\n      \u00ab\u00a0Fall Candace Owens\u00a0\u00bb,<br \/>\n      \u00ab\u00a0Warum besteht das Ger\u00fccht weiter\u00a0\u00bb<br \/>\n    ]<br \/>\n  },<br \/>\n  {<br \/>\n    \u00ab\u00a0@context\u00a0\u00bb: \u00ab\u00a0https:\/\/schema.org\u00a0\u00bb,<br \/>\n    \u00ab\u00a0@type\u00a0\u00bb: \u00ab\u00a0FAQPage\u00a0\u00bb,<br \/>\n    \u00ab\u00a0mainEntity\u00a0\u00bb: [<br \/>\n      {<br \/>\n        \u00ab\u00a0@type\u00a0\u00bb: \u00ab\u00a0Question\u00a0\u00bb,<br \/>\n        \u00ab\u00a0name\u00a0\u00bb: \u00ab\u00a0Wer ist Jean-Michel Trogneux?\u00a0\u00bb,<br \/>\n        \u00ab\u00a0acceptedAnswer\u00a0\u00bb: {<br \/>\n          \u00ab\u00a0@type\u00a0\u00bb: \u00ab\u00a0Answer\u00a0\u00bb,<br \/>\n          \u00ab\u00a0text\u00a0\u00bb: \u00ab\u00a0Jean-Michel Trogneux ist der Bruder von Brigitte Macron, geboren am 11. Februar 1945 in Amiens. Er ist Erbe der 1872 gegr\u00fcndeten Familienchocolaterie, f\u00fchrt ein bescheidenes Leben und hat kein \u00f6ffentliches Amt.\u00a0\u00bb<br \/>\n        }<br \/>\n      },<br \/>\n      {<br \/>\n        \u00ab\u00a0@type\u00a0\u00bb: \u00ab\u00a0Question\u00a0\u00bb,<br \/>\n        \u00ab\u00a0name\u00a0\u00bb: \u00ab\u00a0Wo finde ich aktuelle Fotos von Jean-Michel Trogneux?\u00a0\u00bb,<br \/>\n        \u00ab\u00a0acceptedAnswer\u00a0\u00bb: {<br \/>\n          \u00ab\u00a0@type\u00a0\u00bb: \u00ab\u00a0Answer\u00a0\u00bb,<br \/>\n          \u00ab\u00a0text\u00a0\u00bb: \u00ab\u00a0Die einzigen aktuellen und identifizierten Fotos von Jean-Michel Trogneux wurden im August 2025 vom Magazin Closer ver\u00f6ffentlicht, die von den Amtseinf\u00fchrungszeremonien von Emmanuel Macron 2017 und 2022 stammen.\u00a0\u00bb<br \/>\n        }<br \/>\n      },<br \/>\n      {<br \/>\n        \u00ab\u00a0@type\u00a0\u00bb: \u00ab\u00a0Question\u00a0\u00bb,<br \/>\n        \u00ab\u00a0name\u00a0\u00bb: \u00ab\u00a0Warum wird nach Fotos von Jean-Michel Trogneux gesucht?\u00a0\u00bb,<br \/>\n        \u00ab\u00a0acceptedAnswer\u00a0\u00bb: {<br \/>\n          \u00ab\u00a0@type\u00a0\u00bb: \u00ab\u00a0Answer\u00a0\u00bb,<br \/>\n          \u00ab\u00a0text\u00a0\u00bb: \u00ab\u00a0Diese Suche steht in direktem Zusammenhang mit einer transphoben Verschw\u00f6rungstheorie, die im Dezember 2021 ins Leben gerufen wurde, wonach Brigitte Macron in Wirklichkeit ihr Bruder Jean-Michel w\u00e4re. Diese Theorie ist vollst\u00e4ndig unbegr\u00fcndet, wurde von der franz\u00f6sischen Justiz widerlegt und ist Gegenstand von Verfahren in Frankreich und den USA.\u00a0\u00bb<br \/>\n        }<br \/>\n      },<br \/>\n      {<br \/>\n        \u00ab\u00a0@type\u00a0\u00bb: \u00ab\u00a0Question\u00a0\u00bb,<br \/>\n        \u00ab\u00a0name\u00a0\u00bb: \u00ab\u00a0Wurde das Ger\u00fccht \u00fcber Brigitte Macron und Jean-Michel Trogneux gerichtlich verurteilt?\u00a0\u00bb,<br \/>\n        \u00ab\u00a0acceptedAnswer\u00a0\u00bb: {<br \/>\n          \u00ab\u00a0@type\u00a0\u00bb: \u00ab\u00a0Answer\u00a0\u00bb,<br \/>\n          \u00ab\u00a0text\u00a0\u00bb: \u00ab\u00a0Ja. Zehn Personen wurden im Januar 2026 in Paris wegen Cybermobbing verurteilt. Das Macron-Paar hat auch im Juli 2025 Klage gegen die Influencerin Candace Owens in den USA eingereicht.\u00a0\u00bb<br \/>\n        }<br \/>\n      },<br \/>\n      {<br \/>\n        \u00ab\u00a0@type\u00a0\u00bb: \u00ab\u00a0Question\u00a0\u00bb,<br \/>\n        \u00ab\u00a0name\u00a0\u00bb: \u00ab\u00a0Was ist Transvestigation?\u00a0\u00bb,<br \/>\n        \u00ab\u00a0acceptedAnswer\u00a0\u00bb: {<br \/>\n          \u00ab\u00a0@type\u00a0\u00bb: \u00ab\u00a0Answer\u00a0\u00bb,<br \/>\n          \u00ab\u00a0text\u00a0\u00bb: \u00ab\u00a0Transvestigation ist eine verschw\u00f6rungstheoretische Praxis, die sich darauf konzentriert, \u00f6ffentliche Frauen f\u00e4lschlicherweise der Behauptung zu beschuldigen, sie seien transgender M\u00e4nner, um sie zu diskreditieren. Sie beruht auf Transphobie und Sexismus.\u00a0\u00bb<br \/>\n        }<br \/>\n      }<br \/>\n    ]<br \/>\n  }<br \/>\n]<br \/>\n<\/p>\n<p><br \/>\n<\/p>","protected":false},"excerpt":{"rendered":"<p>Von k\u00fcnstlicher Intelligenz generiertes Bild, nicht realistisches Bild. Das Wesentliche: Jean-Michel Trogneux ist der Bruder von Brigitte Macron, geboren am 11. Februar 1945 in Amiens. Er ist der Erbe der Chocolaterie Trogneux, die 1872 gegr\u00fcndet wurde, und f\u00fchrt ein bescheidenes Leben fernab der Medien. Seit 2021 steht sein Name im Zentrum einer unbegr\u00fcndeten, verschw\u00f6rungstheoretischen und &#8230; <a title=\"Jean-Michel Trogneux aktuelle Fotos: Wer ist er wirklich?\" class=\"read-more\" href=\"https:\/\/www.sebastien-auziere.fr\/blog\/de\/jean-michel-trogneux-aktuelle-fotos-wer-ist-er-wirklich\/\" aria-label=\"En savoir plus sur Jean-Michel Trogneux aktuelle Fotos: Wer ist er wirklich?\">Lire plus<\/a><\/p>\n","protected":false},"author":4,"featured_media":2350,"comment_status":"open","ping_status":"open","sticky":false,"template":"","format":"standard","meta":{"footnotes":""},"categories":[838],"tags":[],"class_list":["post-2364","post","type-post","status-publish","format-standard","has-post-thumbnail","hentry","category-non-classe-de"],"yoast_head":"<!-- This site is optimized with the Yoast SEO plugin v27.5 - https:\/\/yoast.com\/product\/yoast-seo-wordpress\/ -->\n<title>Jean-Michel Trogneux aktuelle Fotos: Wer ist er wirklich? - Fan site S\u00e9bastien Auzi\u00e8re<\/title>\n<meta name=\"robots\" content=\"index, follow, max-snippet:-1, max-image-preview:large, max-video-preview:-1\" \/>\n<link rel=\"canonical\" href=\"https:\/\/www.sebastien-auziere.fr\/blog\/de\/jean-michel-trogneux-aktuelle-fotos-wer-ist-er-wirklich\/\" \/>\n<meta property=\"og:locale\" content=\"fr_FR\" \/>\n<meta property=\"og:type\" content=\"article\" \/>\n<meta property=\"og:title\" content=\"Jean-Michel Trogneux aktuelle Fotos: Wer ist er wirklich? - Fan site S\u00e9bastien Auzi\u00e8re\" \/>\n<meta property=\"og:description\" content=\"Von k\u00fcnstlicher Intelligenz generiertes Bild, nicht realistisches Bild. Das Wesentliche: Jean-Michel Trogneux ist der Bruder von Brigitte Macron, geboren am 11. Februar 1945 in Amiens. Er ist der Erbe der Chocolaterie Trogneux, die 1872 gegr\u00fcndet wurde, und f\u00fchrt ein bescheidenes Leben fernab der Medien. Seit 2021 steht sein Name im Zentrum einer unbegr\u00fcndeten, verschw\u00f6rungstheoretischen und ... Lire plus\" \/>\n<meta property=\"og:url\" content=\"https:\/\/www.sebastien-auziere.fr\/blog\/de\/jean-michel-trogneux-aktuelle-fotos-wer-ist-er-wirklich\/\" \/>\n<meta property=\"og:site_name\" content=\"Fan site S\u00e9bastien Auzi\u00e8re\" \/>\n<meta property=\"article:published_time\" content=\"2026-03-07T17:04:54+00:00\" \/>\n<meta property=\"article:modified_time\" content=\"2026-03-07T17:08:24+00:00\" \/>\n<meta property=\"og:image\" content=\"https:\/\/www.sebastien-auziere.fr\/blog\/wp-content\/uploads\/2026\/03\/ChatGPT-Image-7-mars-2026-17_49_23.jpg\" \/>\n\t<meta property=\"og:image:width\" content=\"1536\" \/>\n\t<meta property=\"og:image:height\" content=\"1024\" \/>\n\t<meta property=\"og:image:type\" content=\"image\/jpeg\" \/>\n<meta name=\"author\" content=\"Celine\" \/>\n<meta name=\"twitter:card\" content=\"summary_large_image\" \/>\n<meta name=\"twitter:label1\" content=\"\u00c9crit par\" \/>\n\t<meta name=\"twitter:data1\" content=\"Celine\" \/>\n\t<meta name=\"twitter:label2\" content=\"Dur\u00e9e de lecture estim\u00e9e\" \/>\n\t<meta name=\"twitter:data2\" content=\"11 minutes\" \/>\n<script type=\"application\/ld+json\" class=\"yoast-schema-graph\">{\"@context\":\"https:\\\/\\\/schema.org\",\"@graph\":[{\"@type\":\"Article\",\"@id\":\"https:\\\/\\\/www.sebastien-auziere.fr\\\/blog\\\/de\\\/jean-michel-trogneux-aktuelle-fotos-wer-ist-er-wirklich\\\/#article\",\"isPartOf\":{\"@id\":\"https:\\\/\\\/www.sebastien-auziere.fr\\\/blog\\\/de\\\/jean-michel-trogneux-aktuelle-fotos-wer-ist-er-wirklich\\\/\"},\"author\":{\"name\":\"Celine\",\"@id\":\"https:\\\/\\\/www.sebastien-auziere.fr\\\/blog\\\/#\\\/schema\\\/person\\\/1e270a963009242469ed08b1c461f81f\"},\"headline\":\"Jean-Michel Trogneux aktuelle Fotos: Wer ist er wirklich?\",\"datePublished\":\"2026-03-07T17:04:54+00:00\",\"dateModified\":\"2026-03-07T17:08:24+00:00\",\"mainEntityOfPage\":{\"@id\":\"https:\\\/\\\/www.sebastien-auziere.fr\\\/blog\\\/de\\\/jean-michel-trogneux-aktuelle-fotos-wer-ist-er-wirklich\\\/\"},\"wordCount\":2288,\"commentCount\":0,\"publisher\":{\"@id\":\"https:\\\/\\\/www.sebastien-auziere.fr\\\/blog\\\/#organization\"},\"image\":{\"@id\":\"https:\\\/\\\/www.sebastien-auziere.fr\\\/blog\\\/de\\\/jean-michel-trogneux-aktuelle-fotos-wer-ist-er-wirklich\\\/#primaryimage\"},\"thumbnailUrl\":\"https:\\\/\\\/www.sebastien-auziere.fr\\\/blog\\\/wp-content\\\/uploads\\\/2026\\\/03\\\/ChatGPT-Image-7-mars-2026-17_49_23.jpg\",\"inLanguage\":\"fr-FR\",\"potentialAction\":[{\"@type\":\"CommentAction\",\"name\":\"Comment\",\"target\":[\"https:\\\/\\\/www.sebastien-auziere.fr\\\/blog\\\/de\\\/jean-michel-trogneux-aktuelle-fotos-wer-ist-er-wirklich\\\/#respond\"]}]},{\"@type\":\"WebPage\",\"@id\":\"https:\\\/\\\/www.sebastien-auziere.fr\\\/blog\\\/de\\\/jean-michel-trogneux-aktuelle-fotos-wer-ist-er-wirklich\\\/\",\"url\":\"https:\\\/\\\/www.sebastien-auziere.fr\\\/blog\\\/de\\\/jean-michel-trogneux-aktuelle-fotos-wer-ist-er-wirklich\\\/\",\"name\":\"Jean-Michel Trogneux aktuelle Fotos: Wer ist er wirklich? - Fan site S\u00e9bastien Auzi\u00e8re\",\"isPartOf\":{\"@id\":\"https:\\\/\\\/www.sebastien-auziere.fr\\\/blog\\\/#website\"},\"primaryImageOfPage\":{\"@id\":\"https:\\\/\\\/www.sebastien-auziere.fr\\\/blog\\\/de\\\/jean-michel-trogneux-aktuelle-fotos-wer-ist-er-wirklich\\\/#primaryimage\"},\"image\":{\"@id\":\"https:\\\/\\\/www.sebastien-auziere.fr\\\/blog\\\/de\\\/jean-michel-trogneux-aktuelle-fotos-wer-ist-er-wirklich\\\/#primaryimage\"},\"thumbnailUrl\":\"https:\\\/\\\/www.sebastien-auziere.fr\\\/blog\\\/wp-content\\\/uploads\\\/2026\\\/03\\\/ChatGPT-Image-7-mars-2026-17_49_23.jpg\",\"datePublished\":\"2026-03-07T17:04:54+00:00\",\"dateModified\":\"2026-03-07T17:08:24+00:00\",\"breadcrumb\":{\"@id\":\"https:\\\/\\\/www.sebastien-auziere.fr\\\/blog\\\/de\\\/jean-michel-trogneux-aktuelle-fotos-wer-ist-er-wirklich\\\/#breadcrumb\"},\"inLanguage\":\"fr-FR\",\"potentialAction\":[{\"@type\":\"ReadAction\",\"target\":[\"https:\\\/\\\/www.sebastien-auziere.fr\\\/blog\\\/de\\\/jean-michel-trogneux-aktuelle-fotos-wer-ist-er-wirklich\\\/\"]}]},{\"@type\":\"ImageObject\",\"inLanguage\":\"fr-FR\",\"@id\":\"https:\\\/\\\/www.sebastien-auziere.fr\\\/blog\\\/de\\\/jean-michel-trogneux-aktuelle-fotos-wer-ist-er-wirklich\\\/#primaryimage\",\"url\":\"https:\\\/\\\/www.sebastien-auziere.fr\\\/blog\\\/wp-content\\\/uploads\\\/2026\\\/03\\\/ChatGPT-Image-7-mars-2026-17_49_23.jpg\",\"contentUrl\":\"https:\\\/\\\/www.sebastien-auziere.fr\\\/blog\\\/wp-content\\\/uploads\\\/2026\\\/03\\\/ChatGPT-Image-7-mars-2026-17_49_23.jpg\",\"width\":1536,\"height\":1024,\"caption\":\"Jean-Michel Trogneux photos recentes\"},{\"@type\":\"BreadcrumbList\",\"@id\":\"https:\\\/\\\/www.sebastien-auziere.fr\\\/blog\\\/de\\\/jean-michel-trogneux-aktuelle-fotos-wer-ist-er-wirklich\\\/#breadcrumb\",\"itemListElement\":[{\"@type\":\"ListItem\",\"position\":1,\"name\":\"Home\",\"item\":\"https:\\\/\\\/www.sebastien-auziere.fr\\\/blog\\\/\"},{\"@type\":\"ListItem\",\"position\":2,\"name\":\"Jean-Michel Trogneux aktuelle Fotos: Wer ist er wirklich?\"}]},{\"@type\":\"WebSite\",\"@id\":\"https:\\\/\\\/www.sebastien-auziere.fr\\\/blog\\\/#website\",\"url\":\"https:\\\/\\\/www.sebastien-auziere.fr\\\/blog\\\/\",\"name\":\"Fan site S\u00e9bastien Auzi\u00e8re\",\"description\":\"M\u00e9dia g\u00e9n\u00e9raliste\",\"publisher\":{\"@id\":\"https:\\\/\\\/www.sebastien-auziere.fr\\\/blog\\\/#organization\"},\"potentialAction\":[{\"@type\":\"SearchAction\",\"target\":{\"@type\":\"EntryPoint\",\"urlTemplate\":\"https:\\\/\\\/www.sebastien-auziere.fr\\\/blog\\\/?s={search_term_string}\"},\"query-input\":{\"@type\":\"PropertyValueSpecification\",\"valueRequired\":true,\"valueName\":\"search_term_string\"}}],\"inLanguage\":\"fr-FR\"},{\"@type\":\"Organization\",\"@id\":\"https:\\\/\\\/www.sebastien-auziere.fr\\\/blog\\\/#organization\",\"name\":\"Fan site S\u00e9bastien Auzi\u00e8re\",\"url\":\"https:\\\/\\\/www.sebastien-auziere.fr\\\/blog\\\/\",\"logo\":{\"@type\":\"ImageObject\",\"inLanguage\":\"fr-FR\",\"@id\":\"https:\\\/\\\/www.sebastien-auziere.fr\\\/blog\\\/#\\\/schema\\\/logo\\\/image\\\/\",\"url\":\"https:\\\/\\\/www.sebastien-auziere.fr\\\/blog\\\/wp-content\\\/uploads\\\/2026\\\/03\\\/cropped-cropped-cropped-ChatGPT-Image-6-mars-2026-12_58_09-e1772798376794.jpg\",\"contentUrl\":\"https:\\\/\\\/www.sebastien-auziere.fr\\\/blog\\\/wp-content\\\/uploads\\\/2026\\\/03\\\/cropped-cropped-cropped-ChatGPT-Image-6-mars-2026-12_58_09-e1772798376794.jpg\",\"width\":512,\"height\":360,\"caption\":\"Fan site S\u00e9bastien Auzi\u00e8re\"},\"image\":{\"@id\":\"https:\\\/\\\/www.sebastien-auziere.fr\\\/blog\\\/#\\\/schema\\\/logo\\\/image\\\/\"}},{\"@type\":\"Person\",\"@id\":\"https:\\\/\\\/www.sebastien-auziere.fr\\\/blog\\\/#\\\/schema\\\/person\\\/1e270a963009242469ed08b1c461f81f\",\"name\":\"Celine\",\"image\":{\"@type\":\"ImageObject\",\"inLanguage\":\"fr-FR\",\"@id\":\"https:\\\/\\\/secure.gravatar.com\\\/avatar\\\/c88d569fbe1fe19a13c7f21ee0f8973822df96073df21850b95af6a09ba820c9?s=96&d=mm&r=g\",\"url\":\"https:\\\/\\\/secure.gravatar.com\\\/avatar\\\/c88d569fbe1fe19a13c7f21ee0f8973822df96073df21850b95af6a09ba820c9?s=96&d=mm&r=g\",\"contentUrl\":\"https:\\\/\\\/secure.gravatar.com\\\/avatar\\\/c88d569fbe1fe19a13c7f21ee0f8973822df96073df21850b95af6a09ba820c9?s=96&d=mm&r=g\",\"caption\":\"Celine\"},\"description\":\"Je m'appelle C\u00e9line, j'ai 31 ans et je suis journaliste sp\u00e9cialis\u00e9e dans le cin\u00e9ma. Passionn\u00e9e par le septi\u00e8me art, j'explore les actualit\u00e9s, les critiques et les tendances du monde cin\u00e9matographique. Mon objectif est de partager ma passion et d'informer les amateurs de films \u00e0 travers des articles percutants et des analyses approfondies.\",\"url\":\"https:\\\/\\\/www.sebastien-auziere.fr\\\/blog\\\/author\\\/celine\\\/\"}]}<\/script>\n<!-- \/ Yoast SEO plugin. -->","yoast_head_json":{"title":"Jean-Michel Trogneux aktuelle Fotos: Wer ist er wirklich? - Fan site S\u00e9bastien Auzi\u00e8re","robots":{"index":"index","follow":"follow","max-snippet":"max-snippet:-1","max-image-preview":"max-image-preview:large","max-video-preview":"max-video-preview:-1"},"canonical":"https:\/\/www.sebastien-auziere.fr\/blog\/de\/jean-michel-trogneux-aktuelle-fotos-wer-ist-er-wirklich\/","og_locale":"fr_FR","og_type":"article","og_title":"Jean-Michel Trogneux aktuelle Fotos: Wer ist er wirklich? - Fan site S\u00e9bastien Auzi\u00e8re","og_description":"Von k\u00fcnstlicher Intelligenz generiertes Bild, nicht realistisches Bild. Das Wesentliche: Jean-Michel Trogneux ist der Bruder von Brigitte Macron, geboren am 11. Februar 1945 in Amiens. Er ist der Erbe der Chocolaterie Trogneux, die 1872 gegr\u00fcndet wurde, und f\u00fchrt ein bescheidenes Leben fernab der Medien. Seit 2021 steht sein Name im Zentrum einer unbegr\u00fcndeten, verschw\u00f6rungstheoretischen und ... Lire plus","og_url":"https:\/\/www.sebastien-auziere.fr\/blog\/de\/jean-michel-trogneux-aktuelle-fotos-wer-ist-er-wirklich\/","og_site_name":"Fan site S\u00e9bastien Auzi\u00e8re","article_published_time":"2026-03-07T17:04:54+00:00","article_modified_time":"2026-03-07T17:08:24+00:00","og_image":[{"width":1536,"height":1024,"url":"https:\/\/www.sebastien-auziere.fr\/blog\/wp-content\/uploads\/2026\/03\/ChatGPT-Image-7-mars-2026-17_49_23.jpg","type":"image\/jpeg"}],"author":"Celine","twitter_card":"summary_large_image","twitter_misc":{"\u00c9crit par":"Celine","Dur\u00e9e de lecture estim\u00e9e":"11 minutes"},"schema":{"@context":"https:\/\/schema.org","@graph":[{"@type":"Article","@id":"https:\/\/www.sebastien-auziere.fr\/blog\/de\/jean-michel-trogneux-aktuelle-fotos-wer-ist-er-wirklich\/#article","isPartOf":{"@id":"https:\/\/www.sebastien-auziere.fr\/blog\/de\/jean-michel-trogneux-aktuelle-fotos-wer-ist-er-wirklich\/"},"author":{"name":"Celine","@id":"https:\/\/www.sebastien-auziere.fr\/blog\/#\/schema\/person\/1e270a963009242469ed08b1c461f81f"},"headline":"Jean-Michel Trogneux aktuelle Fotos: Wer ist er wirklich?","datePublished":"2026-03-07T17:04:54+00:00","dateModified":"2026-03-07T17:08:24+00:00","mainEntityOfPage":{"@id":"https:\/\/www.sebastien-auziere.fr\/blog\/de\/jean-michel-trogneux-aktuelle-fotos-wer-ist-er-wirklich\/"},"wordCount":2288,"commentCount":0,"publisher":{"@id":"https:\/\/www.sebastien-auziere.fr\/blog\/#organization"},"image":{"@id":"https:\/\/www.sebastien-auziere.fr\/blog\/de\/jean-michel-trogneux-aktuelle-fotos-wer-ist-er-wirklich\/#primaryimage"},"thumbnailUrl":"https:\/\/www.sebastien-auziere.fr\/blog\/wp-content\/uploads\/2026\/03\/ChatGPT-Image-7-mars-2026-17_49_23.jpg","inLanguage":"fr-FR","potentialAction":[{"@type":"CommentAction","name":"Comment","target":["https:\/\/www.sebastien-auziere.fr\/blog\/de\/jean-michel-trogneux-aktuelle-fotos-wer-ist-er-wirklich\/#respond"]}]},{"@type":"WebPage","@id":"https:\/\/www.sebastien-auziere.fr\/blog\/de\/jean-michel-trogneux-aktuelle-fotos-wer-ist-er-wirklich\/","url":"https:\/\/www.sebastien-auziere.fr\/blog\/de\/jean-michel-trogneux-aktuelle-fotos-wer-ist-er-wirklich\/","name":"Jean-Michel Trogneux aktuelle Fotos: Wer ist er wirklich? - Fan site S\u00e9bastien Auzi\u00e8re","isPartOf":{"@id":"https:\/\/www.sebastien-auziere.fr\/blog\/#website"},"primaryImageOfPage":{"@id":"https:\/\/www.sebastien-auziere.fr\/blog\/de\/jean-michel-trogneux-aktuelle-fotos-wer-ist-er-wirklich\/#primaryimage"},"image":{"@id":"https:\/\/www.sebastien-auziere.fr\/blog\/de\/jean-michel-trogneux-aktuelle-fotos-wer-ist-er-wirklich\/#primaryimage"},"thumbnailUrl":"https:\/\/www.sebastien-auziere.fr\/blog\/wp-content\/uploads\/2026\/03\/ChatGPT-Image-7-mars-2026-17_49_23.jpg","datePublished":"2026-03-07T17:04:54+00:00","dateModified":"2026-03-07T17:08:24+00:00","breadcrumb":{"@id":"https:\/\/www.sebastien-auziere.fr\/blog\/de\/jean-michel-trogneux-aktuelle-fotos-wer-ist-er-wirklich\/#breadcrumb"},"inLanguage":"fr-FR","potentialAction":[{"@type":"ReadAction","target":["https:\/\/www.sebastien-auziere.fr\/blog\/de\/jean-michel-trogneux-aktuelle-fotos-wer-ist-er-wirklich\/"]}]},{"@type":"ImageObject","inLanguage":"fr-FR","@id":"https:\/\/www.sebastien-auziere.fr\/blog\/de\/jean-michel-trogneux-aktuelle-fotos-wer-ist-er-wirklich\/#primaryimage","url":"https:\/\/www.sebastien-auziere.fr\/blog\/wp-content\/uploads\/2026\/03\/ChatGPT-Image-7-mars-2026-17_49_23.jpg","contentUrl":"https:\/\/www.sebastien-auziere.fr\/blog\/wp-content\/uploads\/2026\/03\/ChatGPT-Image-7-mars-2026-17_49_23.jpg","width":1536,"height":1024,"caption":"Jean-Michel Trogneux photos recentes"},{"@type":"BreadcrumbList","@id":"https:\/\/www.sebastien-auziere.fr\/blog\/de\/jean-michel-trogneux-aktuelle-fotos-wer-ist-er-wirklich\/#breadcrumb","itemListElement":[{"@type":"ListItem","position":1,"name":"Home","item":"https:\/\/www.sebastien-auziere.fr\/blog\/"},{"@type":"ListItem","position":2,"name":"Jean-Michel Trogneux aktuelle Fotos: Wer ist er wirklich?"}]},{"@type":"WebSite","@id":"https:\/\/www.sebastien-auziere.fr\/blog\/#website","url":"https:\/\/www.sebastien-auziere.fr\/blog\/","name":"Fan site S\u00e9bastien Auzi\u00e8re","description":"M\u00e9dia g\u00e9n\u00e9raliste","publisher":{"@id":"https:\/\/www.sebastien-auziere.fr\/blog\/#organization"},"potentialAction":[{"@type":"SearchAction","target":{"@type":"EntryPoint","urlTemplate":"https:\/\/www.sebastien-auziere.fr\/blog\/?s={search_term_string}"},"query-input":{"@type":"PropertyValueSpecification","valueRequired":true,"valueName":"search_term_string"}}],"inLanguage":"fr-FR"},{"@type":"Organization","@id":"https:\/\/www.sebastien-auziere.fr\/blog\/#organization","name":"Fan site S\u00e9bastien Auzi\u00e8re","url":"https:\/\/www.sebastien-auziere.fr\/blog\/","logo":{"@type":"ImageObject","inLanguage":"fr-FR","@id":"https:\/\/www.sebastien-auziere.fr\/blog\/#\/schema\/logo\/image\/","url":"https:\/\/www.sebastien-auziere.fr\/blog\/wp-content\/uploads\/2026\/03\/cropped-cropped-cropped-ChatGPT-Image-6-mars-2026-12_58_09-e1772798376794.jpg","contentUrl":"https:\/\/www.sebastien-auziere.fr\/blog\/wp-content\/uploads\/2026\/03\/cropped-cropped-cropped-ChatGPT-Image-6-mars-2026-12_58_09-e1772798376794.jpg","width":512,"height":360,"caption":"Fan site S\u00e9bastien Auzi\u00e8re"},"image":{"@id":"https:\/\/www.sebastien-auziere.fr\/blog\/#\/schema\/logo\/image\/"}},{"@type":"Person","@id":"https:\/\/www.sebastien-auziere.fr\/blog\/#\/schema\/person\/1e270a963009242469ed08b1c461f81f","name":"Celine","image":{"@type":"ImageObject","inLanguage":"fr-FR","@id":"https:\/\/secure.gravatar.com\/avatar\/c88d569fbe1fe19a13c7f21ee0f8973822df96073df21850b95af6a09ba820c9?s=96&d=mm&r=g","url":"https:\/\/secure.gravatar.com\/avatar\/c88d569fbe1fe19a13c7f21ee0f8973822df96073df21850b95af6a09ba820c9?s=96&d=mm&r=g","contentUrl":"https:\/\/secure.gravatar.com\/avatar\/c88d569fbe1fe19a13c7f21ee0f8973822df96073df21850b95af6a09ba820c9?s=96&d=mm&r=g","caption":"Celine"},"description":"Je m'appelle C\u00e9line, j'ai 31 ans et je suis journaliste sp\u00e9cialis\u00e9e dans le cin\u00e9ma. Passionn\u00e9e par le septi\u00e8me art, j'explore les actualit\u00e9s, les critiques et les tendances du monde cin\u00e9matographique. Mon objectif est de partager ma passion et d'informer les amateurs de films \u00e0 travers des articles percutants et des analyses approfondies.","url":"https:\/\/www.sebastien-auziere.fr\/blog\/author\/celine\/"}]}},"views":108,"_links":{"self":[{"href":"https:\/\/www.sebastien-auziere.fr\/blog\/wp-json\/wp\/v2\/posts\/2364","targetHints":{"allow":["GET"]}}],"collection":[{"href":"https:\/\/www.sebastien-auziere.fr\/blog\/wp-json\/wp\/v2\/posts"}],"about":[{"href":"https:\/\/www.sebastien-auziere.fr\/blog\/wp-json\/wp\/v2\/types\/post"}],"author":[{"embeddable":true,"href":"https:\/\/www.sebastien-auziere.fr\/blog\/wp-json\/wp\/v2\/users\/4"}],"replies":[{"embeddable":true,"href":"https:\/\/www.sebastien-auziere.fr\/blog\/wp-json\/wp\/v2\/comments?post=2364"}],"version-history":[{"count":1,"href":"https:\/\/www.sebastien-auziere.fr\/blog\/wp-json\/wp\/v2\/posts\/2364\/revisions"}],"predecessor-version":[{"id":2365,"href":"https:\/\/www.sebastien-auziere.fr\/blog\/wp-json\/wp\/v2\/posts\/2364\/revisions\/2365"}],"wp:featuredmedia":[{"embeddable":true,"href":"https:\/\/www.sebastien-auziere.fr\/blog\/wp-json\/wp\/v2\/media\/2350"}],"wp:attachment":[{"href":"https:\/\/www.sebastien-auziere.fr\/blog\/wp-json\/wp\/v2\/media?parent=2364"}],"wp:term":[{"taxonomy":"category","embeddable":true,"href":"https:\/\/www.sebastien-auziere.fr\/blog\/wp-json\/wp\/v2\/categories?post=2364"},{"taxonomy":"post_tag","embeddable":true,"href":"https:\/\/www.sebastien-auziere.fr\/blog\/wp-json\/wp\/v2\/tags?post=2364"}],"curies":[{"name":"wp","href":"https:\/\/api.w.org\/{rel}","templated":true}]}}