{"id":2357,"date":"2026-03-07T16:57:58","date_gmt":"2026-03-07T16:57:58","guid":{"rendered":"https:\/\/www.sebastien-auziere.fr\/blog\/?p=2357"},"modified":"2026-03-07T17:00:32","modified_gmt":"2026-03-07T17:00:32","slug":"jean-michel-trogneux-recent-photos-who-is-he-really","status":"publish","type":"post","link":"https:\/\/www.sebastien-auziere.fr\/blog\/en\/jean-michel-trogneux-recent-photos-who-is-he-really\/","title":{"rendered":"Jean-Michel Trogneux recent photos: who is he really?"},"content":{"rendered":"\n<p>Image generated by artificial intelligence, non-real illustration.<\/p>\n\n\n<p style=\"padding: 24px;background: lightblue\">The essentials: <strong>Jean-Michel Trogneux is the brother of Brigitte Macron<\/strong>, born on February 11, 1945, in Amiens. He is the heir to the <strong>Trogneux chocolate factory<\/strong>, founded in 1872, and leads a discreet life away from the media. Since 2021, his name has been at the center of a <strong>groundless and transphobic conspiracy theory<\/strong>, claiming that he is the same person as his sister. This rumor has been <strong>legally condemned<\/strong> several times. In August 2025, Closer magazine published recent photos of Jean-Michel Trogneux, showing a man with white hair, present at Emmanuel Macron&rsquo;s investiture ceremonies in 2017 and 2022.<\/p>\n<p>If you are looking for recent photos of Jean-Michel Trogneux, you have probably come across results mixing rumors, conspiracy theories, and legal articles. <strong>This guide clarifies everything<\/strong>: who is really Jean-Michel Trogneux, why is his name circulating so much on social networks, what photos actually exist, and what have French and American courts decided regarding this disinformation.<\/p>\n<ol>\n<li><a href=\"#qui-est-jean-michel-trogneux\">Who is Jean-Michel Trogneux?<\/a><\/li>\n<li><a href=\"#photos-recentes-ce-qui-existe\">Recent photos of Jean-Michel Trogneux: what really exists<\/a><\/li>\n<li><a href=\"#origine-rumeur\">The origin of the rumor: December 2021, a viral video<\/a><\/li>\n<li><a href=\"#condamnations-justice\">Legal condemnations: France and the United States<\/a><\/li>\n<li><a href=\"#proces-cyberharcelement-2025\">The cyberharassment trial of October 2025<\/a><\/li>\n<li><a href=\"#candace-owens-usa\">The Candace Owens case and the complaint in the United States<\/a><\/li>\n<li><a href=\"#pourquoi-rumeur-persiste\">Why does this rumor persist despite the condemnations?<\/a><\/li>\n<\/ol>\n<h2 id=\"qui-est-jean-michel-trogneux\">Who is Jean-Michel Trogneux?<\/h2>\n<p>Jean-Michel Trogneux is the brother of Brigitte Macron, First Lady of France. He was born on <strong>February 11, 1945, in Amiens<\/strong>, in the Somme, where he still resides today. He is the eldest of the six siblings, with Brigitte Macron being the youngest \u2014 their elder brother Jean-Claude Trogneux, director of the family chocolate factory, passed away in November 2018 at the age of 85, and their elder sister Anne-Marie Trogneux died in July 2025 at the age of 93.<\/p>\n<h3>The Trogneux family and the Amiens chocolate factory<\/h3>\n<p>The Trogneux family is a well-known bourgeois family in Amiens, linked for generations to the <strong>Trogneux chocolate factory<\/strong>, founded in 1872. This artisanal house is particularly famous for its macarons from Amiens. Jean-Michel Trogneux embodies the transmission of this family heritage and leads a life rooted in the local community, <strong>entirely away from the political and media scene<\/strong>. He holds no public office and has never sought exposure.<\/p>\n<blockquote><p>Jean-Michel Trogneux exists. And he is not his sister \u2014 not more than he is the father turned mother of the three children Brigitte Macron had with her first husband, Andr\u00e9-Louis Auzi\u00e8res.<\/p><\/blockquote>\n<h2 id=\"photos-recentes-ce-qui-existe\">Recent photos of Jean-Michel Trogneux: what really exists<\/h2>\n<p>Jean-Michel Trogneux is a very discreet man, who has never appeared in the media on his own initiative. His public appearances are few \u2014 and almost all are related to official ceremonies surrounding Emmanuel Macron&rsquo;s presidency.<\/p>\n<h3>The pictures published by Closer in August 2025<\/h3>\n<p>In August 2025, amidst a context where the rumor about his identity was gaining international scale, <strong>Closer published photos of Jean-Michel Trogneux<\/strong> taken from both of Emmanuel Macron&rsquo;s investiture ceremonies, broadcast at the time by BFMTV. We see a man with <strong>white hair and a round face<\/strong>, standing close to his sister Brigitte Macron during the official ceremonies of 2017 and 2022.<\/p>\n<p>These photos currently constitute the most recent and clearly identified images of Jean-Michel Trogneux in the public space. They were published specifically to <strong>respond to those who claimed that this man did not exist<\/strong> or could not be distinct from his sister.<\/p>\n<h3>What Getty Images lists under his name<\/h3>\n<p>A search for \u00ab\u00a0Jean Trogneux\u00a0\u00bb on Getty Images returns more than 100 photos \u2014 but almost all of these pictures actually concern <strong>the Trogneux chocolate factory in Amiens<\/strong> or events where Brigitte Macron is accompanied by the minister Jean-Michel Blanquer, whose first name has created confusion in the metadata of some photo agencies. None of these images show Jean-Michel Trogneux as a distinct person.<\/p>\n<ul>\n<li><strong>Existing photos:<\/strong> investiture ceremonies 2017 and 2022 (Closer, August 2025)<\/li>\n<li><strong>Getty photos:<\/strong> related to the chocolate factory or to Jean-Michel Blanquer (name confusion)<\/li>\n<li><strong>Childhood photos:<\/strong> none have been made public by the family<\/li>\n<\/ul>\n<h2 id=\"origine-rumeur\">The origin of the rumor: December 2021, a viral video<\/h2>\n<p>To understand why this search for Jean-Michel Trogneux generates so much confusion, we must go back to <strong>December 2021<\/strong>. Two women \u2014 Natacha Rey, presenting herself as an independent journalist, and Delphine J\u00e9gousse, alias \u00ab\u00a0Amandine Roy\u00a0\u00bb, a medium \u2014 published a four-hour video on YouTube.<\/p>\n<h3>The content of the video and its spread<\/h3>\n<p>In this video, they claimed that <strong>Brigitte Macron never existed<\/strong> as a woman, and that her brother Jean-Michel Trogneux had taken her identity after a gender transition. This theory, <strong>entirely unfounded and without any proof<\/strong>, has been viewed over 4 million times. It spread through conspiracy networks and far-right circles in France, then crossed the Atlantic starting in late 2023.<\/p>\n<p>Victor Mottin, a specialist in conspiracy theories, emphasizes that these rumors fall within a broader phenomenon called <strong>\u201ctransvestigation\u201d<\/strong> \u2014 a practice that targets public women by insinuating they are transgender men, in order to discredit them. This practice exploits transphobia and sexism as political weapons.<\/p>\n<h2 id=\"condamnations-justice\">Legal condemnations: France and the United States<\/h2>\n<p>As early as February 2022, the Trogneux-Macron family reacted legally. Brigitte Macron, Jean-Michel Trogneux, and the three Auzi\u00e8re children took legal action, obtaining a series of procedures and condemnations.<\/p>\n<h3>The judicial timeline in France<\/h3>\n<ul>\n<li><strong>February 2022:<\/strong> legal action against Natacha Rey and Amandine Roy for violation of privacy, right to image, and defamation<\/li>\n<li><strong>February 2023:<\/strong> first conviction for defamation \u2014 Natacha Rey and Amandine Roy ordered to pay damages<\/li>\n<li><strong>July 10, 2025:<\/strong> acquittal on appeal \u2014 the Paris Court of Appeal found that the 18 passages retained did not constitute defamation or were covered by fair reporting<\/li>\n<li><strong>July 2025:<\/strong> Brigitte Macron and Jean-Michel Trogneux announce a cassation appeal<\/li>\n<\/ul>\n<h3>Jean-Michel Trogneux in the proceedings<\/h3>\n<p>Jean-Michel Trogneux actively participated in the legal actions. In addition to the shared demands with his sister for violation of privacy and right to image, he requested additional damages for <strong>\u00ab\u00a0wrongful surveillance\u00a0\u00bb<\/strong>, as his personal address had been publicly disclosed by the propagators of the rumor \u2014 a data that has exposed his privacy to genuine risks.<\/p>\n<h2 id=\"proces-cyberharcelement-2025\">The cyberharassment trial of October 2025<\/h2>\n<p>On October 27, 2025, ten people appeared before the correctional court of Paris for <strong>cyberharassment<\/strong>. This trial marks a turning point: it is no longer merely about defamation, but about the organized spread of false information regarding Brigitte Macron&rsquo;s gender and sexuality. The defendants \u2014 aged 41 to 60, including a local elected official, a teacher, a computer scientist, and a gallery owner \u2014 had relayed the rumor on social networks.<\/p>\n<h3>The verdict of January 2026<\/h3>\n<p>In January 2026, the correctional court of Paris <strong>convicted the ten defendants<\/strong>. Delphine J\u00e9gousse, alias Amandine Roy, considered one of the main instigators, was sentenced to <strong>six months of suspended prison<\/strong>. Brigitte Macron&rsquo;s daughter, Tiphaine Auzi\u00e8re, testified during the trial about the \u00ab\u00a0deterioration\u00a0\u00bb of her mother&rsquo;s life since the harassment intensified, stating that she \u00ab\u00a0cannot ignore the horrible things being said about her.\u00a0\u00bb<\/p>\n<blockquote><p>The video was viewed 4 million times. It affected Brigitte Macron&rsquo;s mental health and forced her daughter to monitor her mother&rsquo;s image to avoid the hijacking of photos.<br \/>\n<br \/>\u2014 Tiphaine Auzi\u00e8re, during the cyberharassment trial, October 2025<\/p><\/blockquote>\n<h2 id=\"candace-owens-usa\">The Candace Owens case and the complaint in the United States<\/h2>\n<p>From 2024, the rumor took on a new international dimension. The American influencer <strong>Candace Owens<\/strong>, close to Donald Trump, actively revived this theory on her social networks, reaching millions of followers in the United States and the English-speaking world.<\/p>\n<h3>The complaint in Delaware in July 2025<\/h3>\n<p>On July 23, 2025, Emmanuel Macron and Brigitte Macron filed a <strong>defamation lawsuit in a Delaware court<\/strong> against Candace Owens. According to their lawyer, the couple is committed to providing before the American court <strong>photographic and scientific evidence<\/strong> establishing that Brigitte Macron was born a woman. This American procedure is still ongoing.<\/p>\n<h2 id=\"pourquoi-rumeur-persiste\">Why does this rumor persist despite the condemnations?<\/h2>\n<p>Several convictions, a cyberharassment trial, a lawsuit in the United States \u2014 and yet the rumor continues to circulate. How can this be explained?<\/p>\n<h3>The mechanism of \u00ab\u00a0transvestigation\u00a0\u00bb<\/h3>\n<p>As analyzed by Victor Mottin, a specialist in conspiracy theories, \u00ab\u00a0transvestigation\u00a0\u00bb is a practice that specifically targets women in politics or the public sphere by accusing them of being transgender men. It simultaneously exploits <strong>transphobia, sexism, and distrust of power<\/strong>. Even refuted, even condemned, it leaves a lasting trace in search engines and on social networks, as algorithms amplify what generates engagement \u2014 including unfounded controversial content.<\/p>\n<h3>Internationalization as a factor of amplification<\/h3>\n<p>The rumor benefited from a <strong>global echo chamber<\/strong> that the initial French condemnations could not reach. A four-hour video on YouTube that went viral in France in 2021 took two years to cross the Atlantic \u2014 but once picked up by an American influencer with millions of followers, it spread at an unprecedented speed and scale compared to traditional judicial response capabilities.<\/p>\n<ul>\n<li><strong>2021:<\/strong> birth of the rumor on YouTube in France<\/li>\n<li><strong>2023:<\/strong> first French convictions for defamation<\/li>\n<li><strong>2024:<\/strong> massive revival by Candace Owens in the United States<\/li>\n<li><strong>2025:<\/strong> cyberharassment trial in Paris, lawsuit in Delaware<\/li>\n<li><strong>January 2026:<\/strong> ten convictions for cyberharassment<\/li>\n<\/ul>\n<h2>FAQ<\/h2>\n<h3>Who is Jean-Michel Trogneux?<\/h3>\n<p>Jean-Michel Trogneux is the brother of Brigitte Macron, born on February 11, 1945, in Amiens. He is the heir to the family chocolate factory founded in 1872, leads a discreet life, and holds no public office. He is a real and distinct person from his sister, contrary to what a baseless conspiracy theory claims.<\/p>\n<h3>Where can I find recent photos of Jean-Michel Trogneux?<\/h3>\n<p>The only recent and identified photos of Jean-Michel Trogneux were published by Closer magazine in August 2025. They are taken from Emmanuel Macron&rsquo;s investiture ceremonies of 2017 and 2022. They show a man with white hair and a round face, present alongside his sister Brigitte Macron during these official ceremonies.<\/p>\n<h3>Why are people searching for photos of Jean-Michel Trogneux?<\/h3>\n<p>This search is directly related to a transphobic conspiracy theory launched in December 2021, claiming that Brigitte Macron is actually her brother Jean-Michel having changed gender and assumed her identity. This theory is <strong>entirely unfounded<\/strong>, has been refuted by the French justice system, and is the subject of legal action in France and the United States.<\/p>\n<h3>What is the relationship between Jean-Michel Trogneux and Brigitte Macron?<\/h3>\n<p>Jean-Michel Trogneux is the brother of Brigitte Macron, born Brigitte Trogneux. They are from the same set of six siblings, originating from Amiens. Jean-Michel Trogneux has participated in the legal proceedings against the propagators of the rumor, alongside his sister and his nephews and nieces.<\/p>\n<h3>Has the rumor about Brigitte Macron and Jean-Michel Trogneux been condemned in court?<\/h3>\n<p>Yes. In France, the main propagators of the rumor were convicted in 2023 for defamation before being acquitted on appeal in July 2025 \u2014 a decision contested by the family via a cassation appeal. In January 2026, ten people were convicted for cyberharassment in Paris. In the United States, the Macron couple filed a lawsuit against influencer Candace Owens in a Delaware court in July 2025.<\/p>\n<h3>What is \u00ab\u00a0transvestigation\u00a0\u00bb?<\/h3>\n<p>\u00ab\u00a0Transvestigation\u00a0\u00bb is a conspiracy practice that involves accusing public women of being transgender men in order to discredit them. It relies on transphobia and sexism and aims to undermine the legitimacy of its targets. Brigitte Macron is one of the most targeted personalities by this practice in France and the English-speaking world.<\/p>\n<p><br \/>\n[<br \/>\n  {<br \/>\n    \u00ab\u00a0@context\u00a0\u00bb: \u00ab\u00a0https:\/\/schema.org\u00a0\u00bb,<br \/>\n    \u00ab\u00a0@type\u00a0\u00bb: \u00ab\u00a0Article\u00a0\u00bb,<br \/>\n    \u00ab\u00a0headline\u00a0\u00bb: \u00ab\u00a0Jean-Michel Trogneux recent photos: who is he really?\u00a0\u00bb,<br \/>\n    \u00ab\u00a0description\u00a0\u00bb: \u00ab\u00a0Who is Jean-Michel Trogneux? Brother of Brigitte Macron, born in 1945 in Amiens, heir to the family chocolate factory. Decryption of the unfounded rumor, the photos published by Closer, and the legal condemnations.\u00a0\u00bb,<br \/>\n    \u00ab\u00a0inLanguage\u00a0\u00bb: \u00ab\u00a0fr\u00a0\u00bb,<br \/>\n    \u00ab\u00a0articleSection\u00a0\u00bb: [<br \/>\n      \u00ab\u00a0Who is Jean-Michel Trogneux\u00a0\u00bb,<br \/>\n      \u00ab\u00a0Recent photos\u00a0\u00bb,<br \/>\n      \u00ab\u00a0Origin of the rumor\u00a0\u00bb,<br \/>\n      \u00ab\u00a0Legal condemnations\u00a0\u00bb,<br \/>\n      \u00ab\u00a0Cyberharassment trial 2025\u00a0\u00bb,<br \/>\n      \u00ab\u00a0Candace Owens case\u00a0\u00bb,<br \/>\n      \u00ab\u00a0Why the rumor persists\u00a0\u00bb<br \/>\n    ]<br \/>\n  },<br \/>\n  {<br \/>\n    \u00ab\u00a0@context\u00a0\u00bb: \u00ab\u00a0https:\/\/schema.org\u00a0\u00bb,<br \/>\n    \u00ab\u00a0@type\u00a0\u00bb: \u00ab\u00a0FAQPage\u00a0\u00bb,<br \/>\n    \u00ab\u00a0mainEntity\u00a0\u00bb: [<br \/>\n      {<br \/>\n        \u00ab\u00a0@type\u00a0\u00bb: \u00ab\u00a0Question\u00a0\u00bb,<br \/>\n        \u00ab\u00a0name\u00a0\u00bb: \u00ab\u00a0Who is Jean-Michel Trogneux?\u00a0\u00bb,<br \/>\n        \u00ab\u00a0acceptedAnswer\u00a0\u00bb: {<br \/>\n          \u00ab\u00a0@type\u00a0\u00bb: \u00ab\u00a0Answer\u00a0\u00bb,<br \/>\n          \u00ab\u00a0text\u00a0\u00bb: \u00ab\u00a0Jean-Michel Trogneux is the brother of Brigitte Macron, born on February 11, 1945, in Amiens. He is the heir to the family chocolate factory founded in 1872, leads a discreet life, and holds no public office.\u00a0\u00bb<br \/>\n        }<br \/>\n      },<br \/>\n      {<br \/>\n        \u00ab\u00a0@type\u00a0\u00bb: \u00ab\u00a0Question\u00a0\u00bb,<br \/>\n        \u00ab\u00a0name\u00a0\u00bb: \u00ab\u00a0Where can I find recent photos of Jean-Michel Trogneux?\u00a0\u00bb,<br \/>\n        \u00ab\u00a0acceptedAnswer\u00a0\u00bb: {<br \/>\n          \u00ab\u00a0@type\u00a0\u00bb: \u00ab\u00a0Answer\u00a0\u00bb,<br \/>\n          \u00ab\u00a0text\u00a0\u00bb: \u00ab\u00a0The only recent and identified photos of Jean-Michel Trogneux were published by Closer magazine in August 2025, taken from Emmanuel Macron&rsquo;s investiture ceremonies of 2017 and 2022.\u00a0\u00bb<br \/>\n        }<br \/>\n      },<br \/>\n      {<br \/>\n        \u00ab\u00a0@type\u00a0\u00bb: \u00ab\u00a0Question\u00a0\u00bb,<br \/>\n        \u00ab\u00a0name\u00a0\u00bb: \u00ab\u00a0Why are people searching for photos of Jean-Michel Trogneux?\u00a0\u00bb,<br \/>\n        \u00ab\u00a0acceptedAnswer\u00a0\u00bb: {<br \/>\n          \u00ab\u00a0@type\u00a0\u00bb: \u00ab\u00a0Answer\u00a0\u00bb,<br \/>\n          \u00ab\u00a0text\u00a0\u00bb: \u00ab\u00a0This search is related to a transphobic conspiracy theory launched in December 2021, claiming that Brigitte Macron is actually her brother Jean-Michel. This theory is entirely unfounded and has been condemned by the judiciary.\u00a0\u00bb<br \/>\n        }<br \/>\n      },<br \/>\n      {<br \/>\n        \u00ab\u00a0@type\u00a0\u00bb: \u00ab\u00a0Question\u00a0\u00bb,<br \/>\n        \u00ab\u00a0name\u00a0\u00bb: \u00ab\u00a0Has the rumor about Brigitte Macron and Jean-Michel Trogneux been condemned in court?\u00a0\u00bb,<br \/>\n        \u00ab\u00a0acceptedAnswer\u00a0\u00bb: {<br \/>\n          \u00ab\u00a0@type\u00a0\u00bb: \u00ab\u00a0Answer\u00a0\u00bb,<br \/>\n          \u00ab\u00a0text\u00a0\u00bb: \u00ab\u00a0Yes. Ten people were convicted for cyberharassment in Paris in January 2026. The Macron couple also filed a lawsuit in the United States against influencer Candace Owens in July 2025.\u00a0\u00bb<br \/>\n        }<br \/>\n      },<br \/>\n      {<br \/>\n        \u00ab\u00a0@type\u00a0\u00bb: \u00ab\u00a0Question\u00a0\u00bb,<br \/>\n        \u00ab\u00a0name\u00a0\u00bb: \u00ab\u00a0What is transvestigation?\u00a0\u00bb,<br \/>\n        \u00ab\u00a0acceptedAnswer\u00a0\u00bb: {<br \/>\n          \u00ab\u00a0@type\u00a0\u00bb: \u00ab\u00a0Answer\u00a0\u00bb,<br \/>\n          \u00ab\u00a0text\u00a0\u00bb: \u00ab\u00a0Transvestigation is a conspiracy practice that involves accusing public women of being transgender men in order to discredit them. It relies on transphobia and sexism.\u00a0\u00bb<br \/>\n        }<br \/>\n      }<br \/>\n    ]<br \/>\n  }<br \/>\n]<br \/>\n<\/p>\n<p><br \/>\n<\/p>","protected":false},"excerpt":{"rendered":"<p>Image generated by artificial intelligence, non-real illustration. The essentials: Jean-Michel Trogneux is the brother of Brigitte Macron, born on February 11, 1945, in Amiens. He is the heir to the Trogneux chocolate factory, founded in 1872, and leads a discreet life away from the media. Since 2021, his name has been at the center of &#8230; <a title=\"Jean-Michel Trogneux recent photos: who is he really?\" class=\"read-more\" href=\"https:\/\/www.sebastien-auziere.fr\/blog\/en\/jean-michel-trogneux-recent-photos-who-is-he-really\/\" aria-label=\"En savoir plus sur Jean-Michel Trogneux recent photos: who is he really?\">Lire plus<\/a><\/p>\n","protected":false},"author":4,"featured_media":2350,"comment_status":"open","ping_status":"open","sticky":false,"template":"","format":"standard","meta":{"footnotes":""},"categories":[829],"tags":[],"class_list":["post-2357","post","type-post","status-publish","format-standard","has-post-thumbnail","hentry","category-tendency"],"yoast_head":"<!-- This site is optimized with the Yoast SEO plugin v27.5 - https:\/\/yoast.com\/product\/yoast-seo-wordpress\/ -->\n<title>Jean-Michel Trogneux recent photos: who is he really? - Fan site S\u00e9bastien Auzi\u00e8re<\/title>\n<meta name=\"robots\" content=\"index, follow, max-snippet:-1, max-image-preview:large, max-video-preview:-1\" \/>\n<link rel=\"canonical\" href=\"https:\/\/www.sebastien-auziere.fr\/blog\/en\/jean-michel-trogneux-recent-photos-who-is-he-really\/\" \/>\n<meta property=\"og:locale\" content=\"fr_FR\" \/>\n<meta property=\"og:type\" content=\"article\" \/>\n<meta property=\"og:title\" content=\"Jean-Michel Trogneux recent photos: who is he really? - Fan site S\u00e9bastien Auzi\u00e8re\" \/>\n<meta property=\"og:description\" content=\"Image generated by artificial intelligence, non-real illustration. The essentials: Jean-Michel Trogneux is the brother of Brigitte Macron, born on February 11, 1945, in Amiens. He is the heir to the Trogneux chocolate factory, founded in 1872, and leads a discreet life away from the media. Since 2021, his name has been at the center of ... Lire plus\" \/>\n<meta property=\"og:url\" content=\"https:\/\/www.sebastien-auziere.fr\/blog\/en\/jean-michel-trogneux-recent-photos-who-is-he-really\/\" \/>\n<meta property=\"og:site_name\" content=\"Fan site S\u00e9bastien Auzi\u00e8re\" \/>\n<meta property=\"article:published_time\" content=\"2026-03-07T16:57:58+00:00\" \/>\n<meta property=\"article:modified_time\" content=\"2026-03-07T17:00:32+00:00\" \/>\n<meta property=\"og:image\" content=\"https:\/\/www.sebastien-auziere.fr\/blog\/wp-content\/uploads\/2026\/03\/ChatGPT-Image-7-mars-2026-17_49_23.jpg\" \/>\n\t<meta property=\"og:image:width\" content=\"1536\" \/>\n\t<meta property=\"og:image:height\" content=\"1024\" \/>\n\t<meta property=\"og:image:type\" content=\"image\/jpeg\" \/>\n<meta name=\"author\" content=\"Celine\" \/>\n<meta name=\"twitter:card\" content=\"summary_large_image\" \/>\n<meta name=\"twitter:label1\" content=\"\u00c9crit par\" \/>\n\t<meta name=\"twitter:data1\" content=\"Celine\" \/>\n\t<meta name=\"twitter:label2\" content=\"Dur\u00e9e de lecture estim\u00e9e\" \/>\n\t<meta name=\"twitter:data2\" content=\"11 minutes\" \/>\n<script type=\"application\/ld+json\" class=\"yoast-schema-graph\">{\"@context\":\"https:\\\/\\\/schema.org\",\"@graph\":[{\"@type\":\"Article\",\"@id\":\"https:\\\/\\\/www.sebastien-auziere.fr\\\/blog\\\/en\\\/jean-michel-trogneux-recent-photos-who-is-he-really\\\/#article\",\"isPartOf\":{\"@id\":\"https:\\\/\\\/www.sebastien-auziere.fr\\\/blog\\\/en\\\/jean-michel-trogneux-recent-photos-who-is-he-really\\\/\"},\"author\":{\"name\":\"Celine\",\"@id\":\"https:\\\/\\\/www.sebastien-auziere.fr\\\/blog\\\/#\\\/schema\\\/person\\\/1e270a963009242469ed08b1c461f81f\"},\"headline\":\"Jean-Michel Trogneux recent photos: who is he really?\",\"datePublished\":\"2026-03-07T16:57:58+00:00\",\"dateModified\":\"2026-03-07T17:00:32+00:00\",\"mainEntityOfPage\":{\"@id\":\"https:\\\/\\\/www.sebastien-auziere.fr\\\/blog\\\/en\\\/jean-michel-trogneux-recent-photos-who-is-he-really\\\/\"},\"wordCount\":2115,\"commentCount\":0,\"publisher\":{\"@id\":\"https:\\\/\\\/www.sebastien-auziere.fr\\\/blog\\\/#organization\"},\"image\":{\"@id\":\"https:\\\/\\\/www.sebastien-auziere.fr\\\/blog\\\/en\\\/jean-michel-trogneux-recent-photos-who-is-he-really\\\/#primaryimage\"},\"thumbnailUrl\":\"https:\\\/\\\/www.sebastien-auziere.fr\\\/blog\\\/wp-content\\\/uploads\\\/2026\\\/03\\\/ChatGPT-Image-7-mars-2026-17_49_23.jpg\",\"articleSection\":[\"Tendency\"],\"inLanguage\":\"fr-FR\",\"potentialAction\":[{\"@type\":\"CommentAction\",\"name\":\"Comment\",\"target\":[\"https:\\\/\\\/www.sebastien-auziere.fr\\\/blog\\\/en\\\/jean-michel-trogneux-recent-photos-who-is-he-really\\\/#respond\"]}]},{\"@type\":\"WebPage\",\"@id\":\"https:\\\/\\\/www.sebastien-auziere.fr\\\/blog\\\/en\\\/jean-michel-trogneux-recent-photos-who-is-he-really\\\/\",\"url\":\"https:\\\/\\\/www.sebastien-auziere.fr\\\/blog\\\/en\\\/jean-michel-trogneux-recent-photos-who-is-he-really\\\/\",\"name\":\"Jean-Michel Trogneux recent photos: who is he really? - Fan site S\u00e9bastien Auzi\u00e8re\",\"isPartOf\":{\"@id\":\"https:\\\/\\\/www.sebastien-auziere.fr\\\/blog\\\/#website\"},\"primaryImageOfPage\":{\"@id\":\"https:\\\/\\\/www.sebastien-auziere.fr\\\/blog\\\/en\\\/jean-michel-trogneux-recent-photos-who-is-he-really\\\/#primaryimage\"},\"image\":{\"@id\":\"https:\\\/\\\/www.sebastien-auziere.fr\\\/blog\\\/en\\\/jean-michel-trogneux-recent-photos-who-is-he-really\\\/#primaryimage\"},\"thumbnailUrl\":\"https:\\\/\\\/www.sebastien-auziere.fr\\\/blog\\\/wp-content\\\/uploads\\\/2026\\\/03\\\/ChatGPT-Image-7-mars-2026-17_49_23.jpg\",\"datePublished\":\"2026-03-07T16:57:58+00:00\",\"dateModified\":\"2026-03-07T17:00:32+00:00\",\"breadcrumb\":{\"@id\":\"https:\\\/\\\/www.sebastien-auziere.fr\\\/blog\\\/en\\\/jean-michel-trogneux-recent-photos-who-is-he-really\\\/#breadcrumb\"},\"inLanguage\":\"fr-FR\",\"potentialAction\":[{\"@type\":\"ReadAction\",\"target\":[\"https:\\\/\\\/www.sebastien-auziere.fr\\\/blog\\\/en\\\/jean-michel-trogneux-recent-photos-who-is-he-really\\\/\"]}]},{\"@type\":\"ImageObject\",\"inLanguage\":\"fr-FR\",\"@id\":\"https:\\\/\\\/www.sebastien-auziere.fr\\\/blog\\\/en\\\/jean-michel-trogneux-recent-photos-who-is-he-really\\\/#primaryimage\",\"url\":\"https:\\\/\\\/www.sebastien-auziere.fr\\\/blog\\\/wp-content\\\/uploads\\\/2026\\\/03\\\/ChatGPT-Image-7-mars-2026-17_49_23.jpg\",\"contentUrl\":\"https:\\\/\\\/www.sebastien-auziere.fr\\\/blog\\\/wp-content\\\/uploads\\\/2026\\\/03\\\/ChatGPT-Image-7-mars-2026-17_49_23.jpg\",\"width\":1536,\"height\":1024,\"caption\":\"Jean-Michel Trogneux photos recentes\"},{\"@type\":\"BreadcrumbList\",\"@id\":\"https:\\\/\\\/www.sebastien-auziere.fr\\\/blog\\\/en\\\/jean-michel-trogneux-recent-photos-who-is-he-really\\\/#breadcrumb\",\"itemListElement\":[{\"@type\":\"ListItem\",\"position\":1,\"name\":\"Home\",\"item\":\"https:\\\/\\\/www.sebastien-auziere.fr\\\/blog\\\/\"},{\"@type\":\"ListItem\",\"position\":2,\"name\":\"Jean-Michel Trogneux recent photos: who is he really?\"}]},{\"@type\":\"WebSite\",\"@id\":\"https:\\\/\\\/www.sebastien-auziere.fr\\\/blog\\\/#website\",\"url\":\"https:\\\/\\\/www.sebastien-auziere.fr\\\/blog\\\/\",\"name\":\"Fan site S\u00e9bastien Auzi\u00e8re\",\"description\":\"M\u00e9dia g\u00e9n\u00e9raliste\",\"publisher\":{\"@id\":\"https:\\\/\\\/www.sebastien-auziere.fr\\\/blog\\\/#organization\"},\"potentialAction\":[{\"@type\":\"SearchAction\",\"target\":{\"@type\":\"EntryPoint\",\"urlTemplate\":\"https:\\\/\\\/www.sebastien-auziere.fr\\\/blog\\\/?s={search_term_string}\"},\"query-input\":{\"@type\":\"PropertyValueSpecification\",\"valueRequired\":true,\"valueName\":\"search_term_string\"}}],\"inLanguage\":\"fr-FR\"},{\"@type\":\"Organization\",\"@id\":\"https:\\\/\\\/www.sebastien-auziere.fr\\\/blog\\\/#organization\",\"name\":\"Fan site S\u00e9bastien Auzi\u00e8re\",\"url\":\"https:\\\/\\\/www.sebastien-auziere.fr\\\/blog\\\/\",\"logo\":{\"@type\":\"ImageObject\",\"inLanguage\":\"fr-FR\",\"@id\":\"https:\\\/\\\/www.sebastien-auziere.fr\\\/blog\\\/#\\\/schema\\\/logo\\\/image\\\/\",\"url\":\"https:\\\/\\\/www.sebastien-auziere.fr\\\/blog\\\/wp-content\\\/uploads\\\/2026\\\/03\\\/cropped-cropped-cropped-ChatGPT-Image-6-mars-2026-12_58_09-e1772798376794.jpg\",\"contentUrl\":\"https:\\\/\\\/www.sebastien-auziere.fr\\\/blog\\\/wp-content\\\/uploads\\\/2026\\\/03\\\/cropped-cropped-cropped-ChatGPT-Image-6-mars-2026-12_58_09-e1772798376794.jpg\",\"width\":512,\"height\":360,\"caption\":\"Fan site S\u00e9bastien Auzi\u00e8re\"},\"image\":{\"@id\":\"https:\\\/\\\/www.sebastien-auziere.fr\\\/blog\\\/#\\\/schema\\\/logo\\\/image\\\/\"}},{\"@type\":\"Person\",\"@id\":\"https:\\\/\\\/www.sebastien-auziere.fr\\\/blog\\\/#\\\/schema\\\/person\\\/1e270a963009242469ed08b1c461f81f\",\"name\":\"Celine\",\"image\":{\"@type\":\"ImageObject\",\"inLanguage\":\"fr-FR\",\"@id\":\"https:\\\/\\\/secure.gravatar.com\\\/avatar\\\/c88d569fbe1fe19a13c7f21ee0f8973822df96073df21850b95af6a09ba820c9?s=96&d=mm&r=g\",\"url\":\"https:\\\/\\\/secure.gravatar.com\\\/avatar\\\/c88d569fbe1fe19a13c7f21ee0f8973822df96073df21850b95af6a09ba820c9?s=96&d=mm&r=g\",\"contentUrl\":\"https:\\\/\\\/secure.gravatar.com\\\/avatar\\\/c88d569fbe1fe19a13c7f21ee0f8973822df96073df21850b95af6a09ba820c9?s=96&d=mm&r=g\",\"caption\":\"Celine\"},\"description\":\"Je m'appelle C\u00e9line, j'ai 31 ans et je suis journaliste sp\u00e9cialis\u00e9e dans le cin\u00e9ma. Passionn\u00e9e par le septi\u00e8me art, j'explore les actualit\u00e9s, les critiques et les tendances du monde cin\u00e9matographique. Mon objectif est de partager ma passion et d'informer les amateurs de films \u00e0 travers des articles percutants et des analyses approfondies.\",\"url\":\"https:\\\/\\\/www.sebastien-auziere.fr\\\/blog\\\/author\\\/celine\\\/\"}]}<\/script>\n<!-- \/ Yoast SEO plugin. -->","yoast_head_json":{"title":"Jean-Michel Trogneux recent photos: who is he really? - Fan site S\u00e9bastien Auzi\u00e8re","robots":{"index":"index","follow":"follow","max-snippet":"max-snippet:-1","max-image-preview":"max-image-preview:large","max-video-preview":"max-video-preview:-1"},"canonical":"https:\/\/www.sebastien-auziere.fr\/blog\/en\/jean-michel-trogneux-recent-photos-who-is-he-really\/","og_locale":"fr_FR","og_type":"article","og_title":"Jean-Michel Trogneux recent photos: who is he really? - Fan site S\u00e9bastien Auzi\u00e8re","og_description":"Image generated by artificial intelligence, non-real illustration. The essentials: Jean-Michel Trogneux is the brother of Brigitte Macron, born on February 11, 1945, in Amiens. He is the heir to the Trogneux chocolate factory, founded in 1872, and leads a discreet life away from the media. Since 2021, his name has been at the center of ... Lire plus","og_url":"https:\/\/www.sebastien-auziere.fr\/blog\/en\/jean-michel-trogneux-recent-photos-who-is-he-really\/","og_site_name":"Fan site S\u00e9bastien Auzi\u00e8re","article_published_time":"2026-03-07T16:57:58+00:00","article_modified_time":"2026-03-07T17:00:32+00:00","og_image":[{"width":1536,"height":1024,"url":"https:\/\/www.sebastien-auziere.fr\/blog\/wp-content\/uploads\/2026\/03\/ChatGPT-Image-7-mars-2026-17_49_23.jpg","type":"image\/jpeg"}],"author":"Celine","twitter_card":"summary_large_image","twitter_misc":{"\u00c9crit par":"Celine","Dur\u00e9e de lecture estim\u00e9e":"11 minutes"},"schema":{"@context":"https:\/\/schema.org","@graph":[{"@type":"Article","@id":"https:\/\/www.sebastien-auziere.fr\/blog\/en\/jean-michel-trogneux-recent-photos-who-is-he-really\/#article","isPartOf":{"@id":"https:\/\/www.sebastien-auziere.fr\/blog\/en\/jean-michel-trogneux-recent-photos-who-is-he-really\/"},"author":{"name":"Celine","@id":"https:\/\/www.sebastien-auziere.fr\/blog\/#\/schema\/person\/1e270a963009242469ed08b1c461f81f"},"headline":"Jean-Michel Trogneux recent photos: who is he really?","datePublished":"2026-03-07T16:57:58+00:00","dateModified":"2026-03-07T17:00:32+00:00","mainEntityOfPage":{"@id":"https:\/\/www.sebastien-auziere.fr\/blog\/en\/jean-michel-trogneux-recent-photos-who-is-he-really\/"},"wordCount":2115,"commentCount":0,"publisher":{"@id":"https:\/\/www.sebastien-auziere.fr\/blog\/#organization"},"image":{"@id":"https:\/\/www.sebastien-auziere.fr\/blog\/en\/jean-michel-trogneux-recent-photos-who-is-he-really\/#primaryimage"},"thumbnailUrl":"https:\/\/www.sebastien-auziere.fr\/blog\/wp-content\/uploads\/2026\/03\/ChatGPT-Image-7-mars-2026-17_49_23.jpg","articleSection":["Tendency"],"inLanguage":"fr-FR","potentialAction":[{"@type":"CommentAction","name":"Comment","target":["https:\/\/www.sebastien-auziere.fr\/blog\/en\/jean-michel-trogneux-recent-photos-who-is-he-really\/#respond"]}]},{"@type":"WebPage","@id":"https:\/\/www.sebastien-auziere.fr\/blog\/en\/jean-michel-trogneux-recent-photos-who-is-he-really\/","url":"https:\/\/www.sebastien-auziere.fr\/blog\/en\/jean-michel-trogneux-recent-photos-who-is-he-really\/","name":"Jean-Michel Trogneux recent photos: who is he really? - Fan site S\u00e9bastien Auzi\u00e8re","isPartOf":{"@id":"https:\/\/www.sebastien-auziere.fr\/blog\/#website"},"primaryImageOfPage":{"@id":"https:\/\/www.sebastien-auziere.fr\/blog\/en\/jean-michel-trogneux-recent-photos-who-is-he-really\/#primaryimage"},"image":{"@id":"https:\/\/www.sebastien-auziere.fr\/blog\/en\/jean-michel-trogneux-recent-photos-who-is-he-really\/#primaryimage"},"thumbnailUrl":"https:\/\/www.sebastien-auziere.fr\/blog\/wp-content\/uploads\/2026\/03\/ChatGPT-Image-7-mars-2026-17_49_23.jpg","datePublished":"2026-03-07T16:57:58+00:00","dateModified":"2026-03-07T17:00:32+00:00","breadcrumb":{"@id":"https:\/\/www.sebastien-auziere.fr\/blog\/en\/jean-michel-trogneux-recent-photos-who-is-he-really\/#breadcrumb"},"inLanguage":"fr-FR","potentialAction":[{"@type":"ReadAction","target":["https:\/\/www.sebastien-auziere.fr\/blog\/en\/jean-michel-trogneux-recent-photos-who-is-he-really\/"]}]},{"@type":"ImageObject","inLanguage":"fr-FR","@id":"https:\/\/www.sebastien-auziere.fr\/blog\/en\/jean-michel-trogneux-recent-photos-who-is-he-really\/#primaryimage","url":"https:\/\/www.sebastien-auziere.fr\/blog\/wp-content\/uploads\/2026\/03\/ChatGPT-Image-7-mars-2026-17_49_23.jpg","contentUrl":"https:\/\/www.sebastien-auziere.fr\/blog\/wp-content\/uploads\/2026\/03\/ChatGPT-Image-7-mars-2026-17_49_23.jpg","width":1536,"height":1024,"caption":"Jean-Michel Trogneux photos recentes"},{"@type":"BreadcrumbList","@id":"https:\/\/www.sebastien-auziere.fr\/blog\/en\/jean-michel-trogneux-recent-photos-who-is-he-really\/#breadcrumb","itemListElement":[{"@type":"ListItem","position":1,"name":"Home","item":"https:\/\/www.sebastien-auziere.fr\/blog\/"},{"@type":"ListItem","position":2,"name":"Jean-Michel Trogneux recent photos: who is he really?"}]},{"@type":"WebSite","@id":"https:\/\/www.sebastien-auziere.fr\/blog\/#website","url":"https:\/\/www.sebastien-auziere.fr\/blog\/","name":"Fan site S\u00e9bastien Auzi\u00e8re","description":"M\u00e9dia g\u00e9n\u00e9raliste","publisher":{"@id":"https:\/\/www.sebastien-auziere.fr\/blog\/#organization"},"potentialAction":[{"@type":"SearchAction","target":{"@type":"EntryPoint","urlTemplate":"https:\/\/www.sebastien-auziere.fr\/blog\/?s={search_term_string}"},"query-input":{"@type":"PropertyValueSpecification","valueRequired":true,"valueName":"search_term_string"}}],"inLanguage":"fr-FR"},{"@type":"Organization","@id":"https:\/\/www.sebastien-auziere.fr\/blog\/#organization","name":"Fan site S\u00e9bastien Auzi\u00e8re","url":"https:\/\/www.sebastien-auziere.fr\/blog\/","logo":{"@type":"ImageObject","inLanguage":"fr-FR","@id":"https:\/\/www.sebastien-auziere.fr\/blog\/#\/schema\/logo\/image\/","url":"https:\/\/www.sebastien-auziere.fr\/blog\/wp-content\/uploads\/2026\/03\/cropped-cropped-cropped-ChatGPT-Image-6-mars-2026-12_58_09-e1772798376794.jpg","contentUrl":"https:\/\/www.sebastien-auziere.fr\/blog\/wp-content\/uploads\/2026\/03\/cropped-cropped-cropped-ChatGPT-Image-6-mars-2026-12_58_09-e1772798376794.jpg","width":512,"height":360,"caption":"Fan site S\u00e9bastien Auzi\u00e8re"},"image":{"@id":"https:\/\/www.sebastien-auziere.fr\/blog\/#\/schema\/logo\/image\/"}},{"@type":"Person","@id":"https:\/\/www.sebastien-auziere.fr\/blog\/#\/schema\/person\/1e270a963009242469ed08b1c461f81f","name":"Celine","image":{"@type":"ImageObject","inLanguage":"fr-FR","@id":"https:\/\/secure.gravatar.com\/avatar\/c88d569fbe1fe19a13c7f21ee0f8973822df96073df21850b95af6a09ba820c9?s=96&d=mm&r=g","url":"https:\/\/secure.gravatar.com\/avatar\/c88d569fbe1fe19a13c7f21ee0f8973822df96073df21850b95af6a09ba820c9?s=96&d=mm&r=g","contentUrl":"https:\/\/secure.gravatar.com\/avatar\/c88d569fbe1fe19a13c7f21ee0f8973822df96073df21850b95af6a09ba820c9?s=96&d=mm&r=g","caption":"Celine"},"description":"Je m'appelle C\u00e9line, j'ai 31 ans et je suis journaliste sp\u00e9cialis\u00e9e dans le cin\u00e9ma. Passionn\u00e9e par le septi\u00e8me art, j'explore les actualit\u00e9s, les critiques et les tendances du monde cin\u00e9matographique. Mon objectif est de partager ma passion et d'informer les amateurs de films \u00e0 travers des articles percutants et des analyses approfondies.","url":"https:\/\/www.sebastien-auziere.fr\/blog\/author\/celine\/"}]}},"views":102,"_links":{"self":[{"href":"https:\/\/www.sebastien-auziere.fr\/blog\/wp-json\/wp\/v2\/posts\/2357","targetHints":{"allow":["GET"]}}],"collection":[{"href":"https:\/\/www.sebastien-auziere.fr\/blog\/wp-json\/wp\/v2\/posts"}],"about":[{"href":"https:\/\/www.sebastien-auziere.fr\/blog\/wp-json\/wp\/v2\/types\/post"}],"author":[{"embeddable":true,"href":"https:\/\/www.sebastien-auziere.fr\/blog\/wp-json\/wp\/v2\/users\/4"}],"replies":[{"embeddable":true,"href":"https:\/\/www.sebastien-auziere.fr\/blog\/wp-json\/wp\/v2\/comments?post=2357"}],"version-history":[{"count":1,"href":"https:\/\/www.sebastien-auziere.fr\/blog\/wp-json\/wp\/v2\/posts\/2357\/revisions"}],"predecessor-version":[{"id":2361,"href":"https:\/\/www.sebastien-auziere.fr\/blog\/wp-json\/wp\/v2\/posts\/2357\/revisions\/2361"}],"wp:featuredmedia":[{"embeddable":true,"href":"https:\/\/www.sebastien-auziere.fr\/blog\/wp-json\/wp\/v2\/media\/2350"}],"wp:attachment":[{"href":"https:\/\/www.sebastien-auziere.fr\/blog\/wp-json\/wp\/v2\/media?parent=2357"}],"wp:term":[{"taxonomy":"category","embeddable":true,"href":"https:\/\/www.sebastien-auziere.fr\/blog\/wp-json\/wp\/v2\/categories?post=2357"},{"taxonomy":"post_tag","embeddable":true,"href":"https:\/\/www.sebastien-auziere.fr\/blog\/wp-json\/wp\/v2\/tags?post=2357"}],"curies":[{"name":"wp","href":"https:\/\/api.w.org\/{rel}","templated":true}]}}