{"id":2343,"date":"2026-03-07T16:44:04","date_gmt":"2026-03-07T16:44:04","guid":{"rendered":"https:\/\/www.sebastien-auziere.fr\/blog\/?p=2343"},"modified":"2026-03-07T16:55:14","modified_gmt":"2026-03-07T16:55:14","slug":"sales-connes-o-coletivo-que-processou-brigitte-macron-denuncia-um-processo-de-silenciamento-e-lanca-uma-vaquinha","status":"publish","type":"post","link":"https:\/\/www.sebastien-auziere.fr\/blog\/pt\/sales-connes-o-coletivo-que-processou-brigitte-macron-denuncia-um-processo-de-silenciamento-e-lanca-uma-vaquinha\/","title":{"rendered":"\u00ab\u00a0Sales connes\u00a0\u00bb : o coletivo que processou Brigitte Macron denuncia um procedimento de sil\u00eancio e lan\u00e7a uma vaquinha"},"content":{"rendered":"<p style=\"padding: 24px;background: lightyellow\">O essencial: a associa\u00e7\u00e3o montpelli\u00e9raine <strong>les Tricoteuses hyst\u00e9riques<\/strong> apresentou uma queixa em dezembro de 2025 contra Brigitte Macron por <strong>inj\u00faria p\u00fablica<\/strong>, depois que a Primeira Dama chamou de \u00ab\u00a0vacas sujas\u00a0\u00bb militantes feministas do #NousToutes. Para que essa queixa seja examinada por um juiz de instru\u00e7\u00e3o, o coletivo \u2014 que se denomina como <strong>\u00ab\u00a0343 injuriadas\u00a0\u00bb<\/strong> \u2014 deve depositar uma quantia de <strong>8 550 euros<\/strong>. Incapazes de reunir essa soma, a associa\u00e7\u00e3o denuncia uma tentativa de intimida\u00e7\u00e3o judicial e lan\u00e7ou uma vaquinha para financiar o processo.<\/p>\n<p>Pode-se permitir se defender na justi\u00e7a quando n\u00e3o se tem meios? Essa \u00e9 a quest\u00e3o levantada pelas militantes feministas montpelli\u00e9raines das Tricoteuses hyst\u00e9riques, confrontadas a uma <strong>barreira financeira<\/strong> no cerne de um caso que extrapola amplamente seu \u00fanico coletivo. Sua queixa contra Brigitte Macron por inj\u00faria p\u00fablica est\u00e1 no centro de um bra\u00e7o de ferro judicial que levanta quest\u00f5es fundamentais sobre <strong>o acesso das mulheres \u00e0 justi\u00e7a<\/strong> e sobre o risco de procedimentos de sil\u00eancio.<\/p>\n<ol>\n<li><a href=\"#origine-affaire\">A origem do caso: o v\u00eddeo viral e as \u00ab\u00a0vacas sujas\u00a0\u00bb<\/a><\/li>\n<li><a href=\"#plainte-injure-publique\">A queixa por inj\u00faria p\u00fablica: quem s\u00e3o as \u00ab\u00a0343 injuriadas\u00a0\u00bb?<\/a><\/li>\n<li><a href=\"#consignation-8550-euros\">O dep\u00f3sito de 8 550 euros: uma justi\u00e7a paga?<\/a><\/li>\n<li><a href=\"#procedure-baillon\">O que denunciam as militantes: um procedimento de sil\u00eancio<\/a><\/li>\n<li><a href=\"#cagnotte-et-suite\">A vaquinha e a continuidade do procedimento<\/a><\/li>\n<li><a href=\"#acces-femmes-justice\">Um s\u00edmbolo dos obst\u00e1culos das mulheres frente \u00e0 justi\u00e7a<\/a><\/li>\n<\/ol>\n<h2 id=\"origine-affaire\">A origem do caso: o v\u00eddeo viral e as \u00ab\u00a0vacas sujas\u00a0\u00bb<\/h2>\n<p>Tudo come\u00e7a no final de 2025, com a divulga\u00e7\u00e3o de um v\u00eddeo rapidamente se tornando viral nas redes sociais. Nele, <strong>Brigitte Macron se refere como \u00ab\u00a0vacas sujas\u00a0\u00bb militantes feministas<\/strong> do movimento #NousToutes, enquanto estas protestavam contra a realiza\u00e7\u00e3o de um show do humorista Ary Abittan.<\/p>\n<h3>O contexto: Ary Abittan e o arquivamento que n\u00e3o encerra o debate<\/h3>\n<p>Ary Abittan foi beneficiado com um arquivamento em um caso de acusa\u00e7\u00e3o de viola\u00e7\u00e3o. Mas para as militantes do #NousToutes e para as Tricoteuses hyst\u00e9riques, um arquivamento n\u00e3o significa uma inoc\u00eancia estabelecida \u2014 significa que as provas reunidas n\u00e3o permitiram levar o caso a julgamento. Sua presen\u00e7a diante do local do show visava expressar publicamente esse desacordo e lembrar a voz das supostas v\u00edtimas.<\/p>\n<p>\u00c9 nesse contexto tenso que Brigitte Macron, filmada sem seu conhecimento ou n\u00e3o, pronunciou essas palavras contra as manifestantes. Para as militantes, essa insulta lan\u00e7ada por <strong>primeira dama da Fran\u00e7a, em suporte impl\u00edcito a um homem acusado de viola\u00e7\u00e3o<\/strong>, constitui muito mais do que um deslize verbal.<\/p>\n<h2 id=\"plainte-injure-publique\">A queixa por inj\u00faria p\u00fablica: quem s\u00e3o as \u00ab\u00a0343 injuriadas\u00a0\u00bb?<\/h2>\n<p>Em dezembro de 2025, a associa\u00e7\u00e3o baseada em Montpellier, <strong>les Tricoteuses hyst\u00e9riques<\/strong>, apresentou uma queixa contra Brigitte Macron por <strong>inj\u00faria p\u00fablica<\/strong>. O coletivo de querelantes se chama \u00ab\u00a0343 injuriadas\u00a0\u00bb \u2014 uma refer\u00eancia direta ao famoso \u00ab\u00a0Manifesto das 343\u00a0\u00bb de 1971, assinado por mulheres reivindicando seu direito ao aborto.<\/p>\n<h3>A qualifica\u00e7\u00e3o jur\u00eddica adotada<\/h3>\n<p>Para as querelantes, os coment\u00e1rios de Brigitte Macron n\u00e3o s\u00e3o meras opini\u00f5es privadas. Filmada e amplamente divulgada, a sequ\u00eancia constitui segundo elas <strong>\u00ab\u00a0uma inj\u00faria p\u00fablica direcionada a mulheres engajadas contra as viol\u00eancias sexuais\u00a0\u00bb<\/strong>. A inj\u00faria p\u00fablica, segundo a lei sobre a liberdade de imprensa de 1881, \u00e9 uma express\u00e3o ultrajante, desdenhosa ou ofensiva que n\u00e3o cont\u00e9m a imputa\u00e7\u00e3o de um fato espec\u00edfico, dirigida a uma pessoa ou a um grupo.<\/p>\n<blockquote><p>Para que a justi\u00e7a examine nossa queixa, precisamos pagar. A maior das desigualdades se joga a\u00ed.<br \/>\n<br \/>\u2014 Vigdis Morisse Herrera, presidente das Tricoteuses hyst\u00e9riques<\/p><\/blockquote>\n<h2 id=\"consignation-8550-euros\">O dep\u00f3sito de 8 550 euros: uma justi\u00e7a paga?<\/h2>\n<p>Para evitar o arquivamento autom\u00e1tico de uma queixa simples, as militantes decidiram apresentar sua queixa <strong>com constitui\u00e7\u00e3o de parte civil<\/strong>. Esse procedimento permite interpor diretamente um juiz de instru\u00e7\u00e3o e evitar que o minist\u00e9rio p\u00fablico arquive o caso sem examin\u00e1-lo. Mas tem um custo.<\/p>\n<h3>Como funciona o dep\u00f3sito<\/h3>\n<p>Quando uma queixa \u00e9 apresentada com constitui\u00e7\u00e3o de parte civil, o juiz de instru\u00e7\u00e3o fixa um montante de <strong>dep\u00f3sito<\/strong> \u2014 uma quantia de dinheiro que as queixosas devem depositar para cobrir eventuais custos de procedimento. Esse mecanismo visa evitar queixas abusivas. No caso das \u00ab\u00a0343 injuriadas\u00a0\u00bb, esse montante foi fixado em <strong>8 550 euros<\/strong>.<\/p>\n<p>Para uma associa\u00e7\u00e3o militante como as Tricoteuses hyst\u00e9riques, essa quantia est\u00e1 fora de alcance. Ela representa um <strong>obst\u00e1culo concreto e imediato<\/strong> ao acesso ao juiz de instru\u00e7\u00e3o \u2014 ou seja, \u00e0 simples possibilidade de fazer sua queixa ser examinada.<\/p>\n<ul>\n<li><strong>Sem dep\u00f3sito pago:<\/strong> a queixa com constitui\u00e7\u00e3o de parte civil n\u00e3o pode ser examinada pelo juiz de instru\u00e7\u00e3o<\/li>\n<li><strong>Montante fixado:<\/strong> 8 550 euros para todo o procedimento<\/li>\n<li><strong>Consequ\u00eancia:<\/strong> sem essa quantia, o caso corre o risco de ser arquivado sem solu\u00e7\u00e3o<\/li>\n<\/ul>\n<h2 id=\"procedure-baillon\">O que denunciam as militantes: um procedimento de sil\u00eancio<\/h2>\n<p>As \u00ab\u00a0343 injuriadas\u00a0\u00bb n\u00e3o veem nesse dep\u00f3sito um mero mecanismo t\u00e9cnico. Elas veem isso como um <strong>procedimento de sil\u00eancio<\/strong> \u2014 ou seja, um meio torto de impedir que justici\u00e1veis com meios limitados exer\u00e7am seus direitos.<\/p>\n<h3>O que \u00e9 um procedimento de sil\u00eancio?<\/h3>\n<p>Um procedimento de sil\u00eancio (ou SLAPP \u2014 A\u00e7\u00e3o Judicial Estrat\u00e9gica Contra a Participa\u00e7\u00e3o P\u00fablica) designa qualquer passo judicial utilizado n\u00e3o para obter justi\u00e7a, mas para <strong>desencorajar, esgotar financeiramente ou silenciar<\/strong> aqueles que se pronunciam sobre assuntos de interesse p\u00fablico. Neste caso, n\u00e3o \u00e9 Brigitte Macron quem ataca \u2014 mas as militantes acreditam que a mec\u00e2nica judicial produz o mesmo efeito: for\u00e7\u00e1-las ao sil\u00eancio por falta de recursos.<\/p>\n<p>Para Vigdis Morisse Herrera, presidente da associa\u00e7\u00e3o, a dimens\u00e3o sist\u00eamica est\u00e1 no cerne do problema: <strong>\u00ab\u00a0Todos esses assassinatos dessas mulheres que denunciamos, h\u00e1 uma ina\u00e7\u00e3o da justi\u00e7a que permitiu que elas morressem.\u00a0\u00bb<\/strong> O dep\u00f3sito de 8 550 euros torna-se, assim, em sua leitura, o s\u00edmbolo de uma justi\u00e7a inacess\u00edvel para as mulheres que denunciam as viol\u00eancias.<\/p>\n<h2 id=\"cagnotte-et-suite\">A vaquinha e a continuidade do procedimento<\/h2>\n<p>Diante da impossibilidade de reunir sozinhas essa quantia, as Tricoteuses hyst\u00e9riques lan\u00e7aram uma <strong>vaquinha online<\/strong> para financiar o dep\u00f3sito e permitir a an\u00e1lise de sua queixa pelo juiz de instru\u00e7\u00e3o. O objetivo declarado \u00e9 duplo: reunir os fundos necess\u00e1rios e <strong>tornar p\u00fablica a situa\u00e7\u00e3o<\/strong> para alertar sobre os obst\u00e1culos financeiros \u00e0 justi\u00e7a.<\/p>\n<h3>O que a vaquinha revela<\/h3>\n<p>Al\u00e9m do financiamento do procedimento, a vaquinha \u00e9 um ato militante. Ela permite transformar um obst\u00e1culo judicial em uma <strong>tribuna p\u00fablica<\/strong> sobre o acesso das mulheres \u00e0 justi\u00e7a e sobre o tratamento de queixas por inj\u00faria ou viol\u00eancia. Ela tamb\u00e9m documenta, concretamente, o custo real de um processo judicial para uma associa\u00e7\u00e3o sem grandes recursos.<\/p>\n<h2 id=\"acces-femmes-justice\">Um s\u00edmbolo dos obst\u00e1culos das mulheres frente \u00e0 justi\u00e7a<\/h2>\n<p>O caso das \u00ab\u00a0343 injuriadas\u00a0\u00bb se insere em um contexto mais amplo, documentado pelas cifras oficiais do governo franc\u00eas. Esses dados tra\u00e7am um quadro preocupante do acesso das v\u00edtimas \u00e0 justi\u00e7a.<\/p>\n<h3>Dados que chamam aten\u00e7\u00e3o<\/h3>\n<ul>\n<li><strong>Apenas 7%<\/strong> das v\u00edtimas afirmam ter registrado queixa<\/li>\n<li><strong>Mais de 7 em cada 10<\/strong> casos s\u00e3o arquivados sem solu\u00e7\u00e3o<\/li>\n<li>Processos judiciais descritos como <strong>longos, desgastantes e incertos<\/strong><\/li>\n<li>Barreiras financeiras que se somam a barreiras psicol\u00f3gicas e sociais j\u00e1 consider\u00e1veis<\/li>\n<\/ul>\n<p>Para as Tricoteuses hyst\u00e9riques, seu caso ilustra concretamente como o acesso \u00e0 justi\u00e7a pode estar <strong>condicionado a uma capacidade financeira<\/strong> \u2014 transformando um direito te\u00f3rico em um privil\u00e9gio pr\u00e1tico. N\u00e3o est\u00e1 apenas sua queixa em jogo, mas a quest\u00e3o de saber se militantes sem recursos podem obter que seus direitos sejam examinados em igual condi\u00e7\u00e3o que qualquer outro justici\u00e1vel.<\/p>\n<blockquote><p>Ter que reunir v\u00e1rios milhares de euros para que nossa queixa possa ser simplesmente examinada ilustra concretamente esse risco de intimida\u00e7\u00e3o judicial.<br \/>\n<br \/>\u2014 Comunicado das \u00ab\u00a0343 injuriadas\u00a0\u00bb<\/p><\/blockquote>\n<h2>FAQ<\/h2>\n<h3>Por que as Tricoteuses hyst\u00e9riques processaram Brigitte Macron?<\/h3>\n<p>A associa\u00e7\u00e3o feminista montpelli\u00e9raine apresentou queixa por <strong>inj\u00faria p\u00fablica<\/strong> ap\u00f3s a divulga\u00e7\u00e3o de um v\u00eddeo em que Brigitte Macron se refere a militantes feministas como \u00ab\u00a0vacas sujas\u00a0\u00bb. Essas militantes protestavam contra a realiza\u00e7\u00e3o de um show do humorista Ary Abittan, acusado de viola\u00e7\u00e3o e que foi beneficiado com um arquivamento.<\/p>\n<h3>O que \u00e9 um dep\u00f3sito na justi\u00e7a?<\/h3>\n<p>O dep\u00f3sito \u00e9 uma quantia de dinheiro que as queixosas devem pagar ao apresentar uma queixa com constitui\u00e7\u00e3o de parte civil. Ele \u00e9 destinado a cobrir eventuais custos processuais e a evitar queixas abusivas. <strong>Sem esse pagamento, o juiz de instru\u00e7\u00e3o n\u00e3o pode examinar a queixa.<\/strong> Neste caso, o montante foi fixado em 8 550 euros.<\/p>\n<h3>O que \u00e9 um procedimento de sil\u00eancio?<\/h3>\n<p>Um procedimento de sil\u00eancio designa uma a\u00e7\u00e3o judicial utilizada para <strong>desencorajar ou silenciar<\/strong> pessoas que se pronunciam sobre quest\u00f5es de interesse p\u00fablico, esgotando-as financeiramente. As militantes acreditam que o alto dep\u00f3sito produz esse efeito, mesmo que n\u00e3o seja um ataque direto da parte contr\u00e1ria.<\/p>\n<h3>O que \u00e9 inj\u00faria p\u00fablica?<\/h3>\n<p>A inj\u00faria p\u00fablica \u00e9 definida pela lei sobre a liberdade de imprensa de 1881. Ela designa qualquer express\u00e3o ultrajante, desdenhosa ou ofensiva que seja dirigida publicamente a uma pessoa ou grupo, <strong>sem base em imputa\u00e7\u00e3o de um fato espec\u00edfico<\/strong>. \u00c9 pass\u00edvel de san\u00e7\u00f5es penais.<\/p>\n<h3>Quem s\u00e3o as \u00ab\u00a0343 injuriadas\u00a0\u00bb?<\/h3>\n<p>Esse nome \u00e9 uma refer\u00eancia ao \u00ab\u00a0Manifesto das 343\u00a0\u00bb, assinado em 1971 por mulheres reivindicando seu direito ao aborto. As \u00ab\u00a0343 injuriadas\u00a0\u00bb s\u00e3o as militantes e membros das Tricoteuses hyst\u00e9riques que co-assinaram a queixa contra Brigitte Macron por inj\u00faria p\u00fablica.<\/p>\n<h3>Brigitte Macron respondeu \u00e0 queixa?<\/h3>\n<p>At\u00e9 este ponto do procedimento, nenhuma resposta p\u00fablica de Brigitte Macron ou de seus representantes legais foi comunicada sobre essa queixa espec\u00edfica. O procedimento ainda est\u00e1 na fase de constitui\u00e7\u00e3o de parte civil, <strong>condicionada ao pagamento do dep\u00f3sito<\/strong> pelas queixosas.<\/p>\n<p>[<br \/>\n  {<br \/>\n    \u00ab\u00a0@context\u00a0\u00bb: \u00ab\u00a0https:\/\/schema.org\u00a0\u00bb,<br \/>\n    \u00ab\u00a0@type\u00a0\u00bb: \u00ab\u00a0Article\u00a0\u00bb,<br \/>\n    \u00ab\u00a0headline\u00a0\u00bb: \u00ab\u00a0\u00a0\u00bbVacas sujas\u00a0\u00bb: o coletivo que processou Brigitte Macron denuncia um procedimento de sil\u00eancio\u00a0\u00bb,<br \/>\n    \u00ab\u00a0description\u00a0\u00bb: \u00ab\u00a0A associa\u00e7\u00e3o montpelli\u00e9raine les Tricoteuses hyst\u00e9riques processou Brigitte Macron ap\u00f3s seus coment\u00e1rios \u00ab\u00a0vacas sujas\u00a0\u00bb. O dep\u00f3sito fixado em 8 550 \u20ac \u00e9 denunciado como um procedimento de sil\u00eancio.\u00a0\u00bb,<br \/>\n    \u00ab\u00a0inLanguage\u00a0\u00bb: \u00ab\u00a0fr\u00a0\u00bb,<br \/>\n    \u00ab\u00a0articleSection\u00a0\u00bb: [<br \/>\n      \u00ab\u00a0A origem do caso\u00a0\u00bb,<br \/>\n      \u00ab\u00a0A queixa por inj\u00faria p\u00fablica\u00a0\u00bb,<br \/>\n      \u00ab\u00a0O dep\u00f3sito de 8 550 euros\u00a0\u00bb,<br \/>\n      \u00ab\u00a0Procedimento de sil\u00eancio\u00a0\u00bb,<br \/>\n      \u00ab\u00a0A vaquinha\u00a0\u00bb,<br \/>\n      \u00ab\u00a0Acesso das mulheres \u00e0 justi\u00e7a\u00a0\u00bb<br \/>\n    ]<br \/>\n  },<br \/>\n  {<br \/>\n    \u00ab\u00a0@context\u00a0\u00bb: \u00ab\u00a0https:\/\/schema.org\u00a0\u00bb,<br \/>\n    \u00ab\u00a0@type\u00a0\u00bb: \u00ab\u00a0FAQPage\u00a0\u00bb,<br \/>\n    \u00ab\u00a0mainEntity\u00a0\u00bb: [<br \/>\n      {<br \/>\n        \u00ab\u00a0@type\u00a0\u00bb: \u00ab\u00a0Question\u00a0\u00bb,<br \/>\n        \u00ab\u00a0name\u00a0\u00bb: \u00ab\u00a0Por que as Tricoteuses hyst\u00e9riques processaram Brigitte Macron?\u00a0\u00bb,<br \/>\n        \u00ab\u00a0acceptedAnswer\u00a0\u00bb: {<br \/>\n          \u00ab\u00a0@type\u00a0\u00bb: \u00ab\u00a0Answer\u00a0\u00bb,<br \/>\n          \u00ab\u00a0text\u00a0\u00bb: \u00ab\u00a0A associa\u00e7\u00e3o feminista montpelli\u00e9raine apresentou queixa por inj\u00faria p\u00fablica ap\u00f3s a divulga\u00e7\u00e3o de um v\u00eddeo em que Brigitte Macron se refere a militantes feministas como \u00ab\u00a0vacas sujas\u00a0\u00bb, enquanto elas protestavam contra um show do humorista Ary Abittan, acusado de viola\u00e7\u00e3o.\u00a0\u00bb<br \/>\n        }<br \/>\n      },<br \/>\n      {<br \/>\n        \u00ab\u00a0@type\u00a0\u00bb: \u00ab\u00a0Question\u00a0\u00bb,<br \/>\n        \u00ab\u00a0name\u00a0\u00bb: \u00ab\u00a0O que \u00e9 um dep\u00f3sito na justi\u00e7a?\u00a0\u00bb,<br \/>\n        \u00ab\u00a0acceptedAnswer\u00a0\u00bb: {<br \/>\n          \u00ab\u00a0@type\u00a0\u00bb: \u00ab\u00a0Answer\u00a0\u00bb,<br \/>\n          \u00ab\u00a0text\u00a0\u00bb: \u00ab\u00a0O dep\u00f3sito \u00e9 uma quantia de dinheiro que as queixosas devem pagar ao apresentar uma queixa com constitui\u00e7\u00e3o de parte civil. Sem esse pagamento, o juiz de instru\u00e7\u00e3o n\u00e3o pode examinar a queixa. Neste caso, o montante foi fixado em 8 550 euros.\u00a0\u00bb<br \/>\n        }<br \/>\n      },<br \/>\n      {<br \/>\n        \u00ab\u00a0@type\u00a0\u00bb: \u00ab\u00a0Question\u00a0\u00bb,<br \/>\n        \u00ab\u00a0name\u00a0\u00bb: \u00ab\u00a0O que \u00e9 um procedimento de sil\u00eancio?\u00a0\u00bb,<br \/>\n        \u00ab\u00a0acceptedAnswer\u00a0\u00bb: {<br \/>\n          \u00ab\u00a0@type\u00a0\u00bb: \u00ab\u00a0Answer\u00a0\u00bb,<br \/>\n          \u00ab\u00a0text\u00a0\u00bb: \u00ab\u00a0Um procedimento de sil\u00eancio designa uma a\u00e7\u00e3o judicial utilizada para desencorajar ou silenciar pessoas que se pronunciam sobre quest\u00f5es de interesse p\u00fablico, esgotando-as financeiramente.\u00a0\u00bb<br \/>\n        }<br \/>\n      },<br \/>\n      {<br \/>\n        \u00ab\u00a0@type\u00a0\u00bb: \u00ab\u00a0Question\u00a0\u00bb,<br \/>\n        \u00ab\u00a0name\u00a0\u00bb: \u00ab\u00a0O que \u00e9 inj\u00faria p\u00fablica?\u00a0\u00bb,<br \/>\n        \u00ab\u00a0acceptedAnswer\u00a0\u00bb: {<br \/>\n          \u00ab\u00a0@type\u00a0\u00bb: \u00ab\u00a0Answer\u00a0\u00bb,<br \/>\n          \u00ab\u00a0text\u00a0\u00bb: \u00ab\u00a0A inj\u00faria p\u00fablica \u00e9 definida pela lei sobre a liberdade de imprensa de 1881. Ela designa qualquer express\u00e3o ultrajante ou desdenhosa dirigida publicamente a uma pessoa ou grupo, sem imputa\u00e7\u00e3o de um fato espec\u00edfico.\u00a0\u00bb<br \/>\n        }<br \/>\n      },<br \/>\n      {<br \/>\n        \u00ab\u00a0@type\u00a0\u00bb: \u00ab\u00a0Question\u00a0\u00bb,<br \/>\n        \u00ab\u00a0name\u00a0\u00bb: \u00ab\u00a0Quem s\u00e3o as \u00ab\u00a0343 injuriadas\u00a0\u00bb?\u00a0\u00bb,<br \/>\n        \u00ab\u00a0acceptedAnswer\u00a0\u00bb: {<br \/>\n          \u00ab\u00a0@type\u00a0\u00bb: \u00ab\u00a0Answer\u00a0\u00bb,<br \/>\n          \u00ab\u00a0text\u00a0\u00bb: \u00ab\u00a0Esse nome \u00e9 uma refer\u00eancia ao \u00ab\u00a0Manifesto das 343\u00a0\u00bb de 1971. As \u00ab\u00a0343 injuriadas\u00a0\u00bb s\u00e3o as militantes e membros das Tricoteuses hyst\u00e9riques que co-assinaram a queixa contra Brigitte Macron por inj\u00faria p\u00fablica.\u00a0\u00bb<br \/>\n        }<br \/>\n      },<br \/>\n      {<br \/>\n        \u00ab\u00a0@type\u00a0\u00bb: \u00ab\u00a0Question\u00a0\u00bb,<br \/>\n        \u00ab\u00a0name\u00a0\u00bb: \u00ab\u00a0Brigitte Macron respondeu \u00e0 queixa?\u00a0\u00bb,<br \/>\n        \u00ab\u00a0acceptedAnswer\u00a0\u00bb: {<br \/>\n          \u00ab\u00a0@type\u00a0\u00bb: \u00ab\u00a0Answer\u00a0\u00bb,<br \/>\n          \u00ab\u00a0text\u00a0\u00bb: \u00ab\u00a0At\u00e9 este ponto, nenhuma resposta p\u00fablica de Brigitte Macron foi comunicada. O procedimento ainda est\u00e1 condicionado ao pagamento do dep\u00f3sito de 8 550 euros pelas queixosas.\u00a0\u00bb<br \/>\n        }<br \/>\n      }<br \/>\n    ]<br \/>\n  }<br \/>\n]<\/p>\n","protected":false},"excerpt":{"rendered":"<p>O essencial: a associa\u00e7\u00e3o montpelli\u00e9raine les Tricoteuses hyst\u00e9riques apresentou uma queixa em dezembro de 2025 contra Brigitte Macron por inj\u00faria p\u00fablica, depois que a Primeira Dama chamou de \u00ab\u00a0vacas sujas\u00a0\u00bb militantes feministas do #NousToutes. Para que essa queixa seja examinada por um juiz de instru\u00e7\u00e3o, o coletivo \u2014 que se denomina como \u00ab\u00a0343 injuriadas\u00a0\u00bb \u2014 &#8230; <a title=\"\u00ab\u00a0Sales connes\u00a0\u00bb : o coletivo que processou Brigitte Macron denuncia um procedimento de sil\u00eancio e lan\u00e7a uma vaquinha\" class=\"read-more\" href=\"https:\/\/www.sebastien-auziere.fr\/blog\/pt\/sales-connes-o-coletivo-que-processou-brigitte-macron-denuncia-um-processo-de-silenciamento-e-lanca-uma-vaquinha\/\" aria-label=\"En savoir plus sur \u00ab\u00a0Sales connes\u00a0\u00bb : o coletivo que processou Brigitte Macron denuncia um procedimento de sil\u00eancio e lan\u00e7a uma vaquinha\">Lire plus<\/a><\/p>\n","protected":false},"author":4,"featured_media":2335,"comment_status":"open","ping_status":"open","sticky":false,"template":"","format":"standard","meta":{"footnotes":""},"categories":[862],"tags":[],"class_list":["post-2343","post","type-post","status-publish","format-standard","has-post-thumbnail","hentry","category-actualidades-pt"],"yoast_head":"<!-- This site is optimized with the Yoast SEO plugin v27.5 - https:\/\/yoast.com\/product\/yoast-seo-wordpress\/ -->\n<title>&quot;Sales connes&quot; : o coletivo que processou Brigitte Macron denuncia um procedimento de sil\u00eancio e lan\u00e7a uma vaquinha - Fan site S\u00e9bastien Auzi\u00e8re<\/title>\n<meta name=\"robots\" content=\"index, follow, max-snippet:-1, max-image-preview:large, max-video-preview:-1\" \/>\n<link rel=\"canonical\" href=\"https:\/\/www.sebastien-auziere.fr\/blog\/pt\/sales-connes-o-coletivo-que-processou-brigitte-macron-denuncia-um-processo-de-silenciamento-e-lanca-uma-vaquinha\/\" \/>\n<meta property=\"og:locale\" content=\"fr_FR\" \/>\n<meta property=\"og:type\" content=\"article\" \/>\n<meta property=\"og:title\" content=\"&quot;Sales connes&quot; : o coletivo que processou Brigitte Macron denuncia um procedimento de sil\u00eancio e lan\u00e7a uma vaquinha - Fan site S\u00e9bastien Auzi\u00e8re\" \/>\n<meta property=\"og:description\" content=\"O essencial: a associa\u00e7\u00e3o montpelli\u00e9raine les Tricoteuses hyst\u00e9riques apresentou uma queixa em dezembro de 2025 contra Brigitte Macron por inj\u00faria p\u00fablica, depois que a Primeira Dama chamou de \u00ab\u00a0vacas sujas\u00a0\u00bb militantes feministas do #NousToutes. Para que essa queixa seja examinada por um juiz de instru\u00e7\u00e3o, o coletivo \u2014 que se denomina como \u00ab\u00a0343 injuriadas\u00a0\u00bb \u2014 ... Lire plus\" \/>\n<meta property=\"og:url\" content=\"https:\/\/www.sebastien-auziere.fr\/blog\/pt\/sales-connes-o-coletivo-que-processou-brigitte-macron-denuncia-um-processo-de-silenciamento-e-lanca-uma-vaquinha\/\" \/>\n<meta property=\"og:site_name\" content=\"Fan site S\u00e9bastien Auzi\u00e8re\" \/>\n<meta property=\"article:published_time\" content=\"2026-03-07T16:44:04+00:00\" \/>\n<meta property=\"article:modified_time\" content=\"2026-03-07T16:55:14+00:00\" \/>\n<meta property=\"og:image\" content=\"https:\/\/www.sebastien-auziere.fr\/blog\/wp-content\/uploads\/2026\/03\/Capture-decran-2026-03-07-173746.png\" \/>\n\t<meta property=\"og:image:width\" content=\"414\" \/>\n\t<meta property=\"og:image:height\" content=\"288\" \/>\n\t<meta property=\"og:image:type\" content=\"image\/png\" \/>\n<meta name=\"author\" content=\"Celine\" \/>\n<meta name=\"twitter:card\" content=\"summary_large_image\" \/>\n<meta name=\"twitter:label1\" content=\"\u00c9crit par\" \/>\n\t<meta name=\"twitter:data1\" content=\"Celine\" \/>\n\t<meta name=\"twitter:label2\" content=\"Dur\u00e9e de lecture estim\u00e9e\" \/>\n\t<meta name=\"twitter:data2\" content=\"10 minutes\" \/>\n<script type=\"application\/ld+json\" class=\"yoast-schema-graph\">{\"@context\":\"https:\\\/\\\/schema.org\",\"@graph\":[{\"@type\":\"Article\",\"@id\":\"https:\\\/\\\/www.sebastien-auziere.fr\\\/blog\\\/pt\\\/sales-connes-o-coletivo-que-processou-brigitte-macron-denuncia-um-processo-de-silenciamento-e-lanca-uma-vaquinha\\\/#article\",\"isPartOf\":{\"@id\":\"https:\\\/\\\/www.sebastien-auziere.fr\\\/blog\\\/pt\\\/sales-connes-o-coletivo-que-processou-brigitte-macron-denuncia-um-processo-de-silenciamento-e-lanca-uma-vaquinha\\\/\"},\"author\":{\"name\":\"Celine\",\"@id\":\"https:\\\/\\\/www.sebastien-auziere.fr\\\/blog\\\/#\\\/schema\\\/person\\\/1e270a963009242469ed08b1c461f81f\"},\"headline\":\"\u00ab\u00a0Sales connes\u00a0\u00bb : o coletivo que processou Brigitte Macron denuncia um procedimento de sil\u00eancio e lan\u00e7a uma vaquinha\",\"datePublished\":\"2026-03-07T16:44:04+00:00\",\"dateModified\":\"2026-03-07T16:55:14+00:00\",\"mainEntityOfPage\":{\"@id\":\"https:\\\/\\\/www.sebastien-auziere.fr\\\/blog\\\/pt\\\/sales-connes-o-coletivo-que-processou-brigitte-macron-denuncia-um-processo-de-silenciamento-e-lanca-uma-vaquinha\\\/\"},\"wordCount\":2060,\"commentCount\":0,\"publisher\":{\"@id\":\"https:\\\/\\\/www.sebastien-auziere.fr\\\/blog\\\/#organization\"},\"image\":{\"@id\":\"https:\\\/\\\/www.sebastien-auziere.fr\\\/blog\\\/pt\\\/sales-connes-o-coletivo-que-processou-brigitte-macron-denuncia-um-processo-de-silenciamento-e-lanca-uma-vaquinha\\\/#primaryimage\"},\"thumbnailUrl\":\"https:\\\/\\\/www.sebastien-auziere.fr\\\/blog\\\/wp-content\\\/uploads\\\/2026\\\/03\\\/Capture-decran-2026-03-07-173746.png\",\"articleSection\":[\"Actualidades\"],\"inLanguage\":\"fr-FR\",\"potentialAction\":[{\"@type\":\"CommentAction\",\"name\":\"Comment\",\"target\":[\"https:\\\/\\\/www.sebastien-auziere.fr\\\/blog\\\/pt\\\/sales-connes-o-coletivo-que-processou-brigitte-macron-denuncia-um-processo-de-silenciamento-e-lanca-uma-vaquinha\\\/#respond\"]}]},{\"@type\":\"WebPage\",\"@id\":\"https:\\\/\\\/www.sebastien-auziere.fr\\\/blog\\\/pt\\\/sales-connes-o-coletivo-que-processou-brigitte-macron-denuncia-um-processo-de-silenciamento-e-lanca-uma-vaquinha\\\/\",\"url\":\"https:\\\/\\\/www.sebastien-auziere.fr\\\/blog\\\/pt\\\/sales-connes-o-coletivo-que-processou-brigitte-macron-denuncia-um-processo-de-silenciamento-e-lanca-uma-vaquinha\\\/\",\"name\":\"\\\"Sales connes\\\" : o coletivo que processou Brigitte Macron denuncia um procedimento de sil\u00eancio e lan\u00e7a uma vaquinha - Fan site S\u00e9bastien Auzi\u00e8re\",\"isPartOf\":{\"@id\":\"https:\\\/\\\/www.sebastien-auziere.fr\\\/blog\\\/#website\"},\"primaryImageOfPage\":{\"@id\":\"https:\\\/\\\/www.sebastien-auziere.fr\\\/blog\\\/pt\\\/sales-connes-o-coletivo-que-processou-brigitte-macron-denuncia-um-processo-de-silenciamento-e-lanca-uma-vaquinha\\\/#primaryimage\"},\"image\":{\"@id\":\"https:\\\/\\\/www.sebastien-auziere.fr\\\/blog\\\/pt\\\/sales-connes-o-coletivo-que-processou-brigitte-macron-denuncia-um-processo-de-silenciamento-e-lanca-uma-vaquinha\\\/#primaryimage\"},\"thumbnailUrl\":\"https:\\\/\\\/www.sebastien-auziere.fr\\\/blog\\\/wp-content\\\/uploads\\\/2026\\\/03\\\/Capture-decran-2026-03-07-173746.png\",\"datePublished\":\"2026-03-07T16:44:04+00:00\",\"dateModified\":\"2026-03-07T16:55:14+00:00\",\"breadcrumb\":{\"@id\":\"https:\\\/\\\/www.sebastien-auziere.fr\\\/blog\\\/pt\\\/sales-connes-o-coletivo-que-processou-brigitte-macron-denuncia-um-processo-de-silenciamento-e-lanca-uma-vaquinha\\\/#breadcrumb\"},\"inLanguage\":\"fr-FR\",\"potentialAction\":[{\"@type\":\"ReadAction\",\"target\":[\"https:\\\/\\\/www.sebastien-auziere.fr\\\/blog\\\/pt\\\/sales-connes-o-coletivo-que-processou-brigitte-macron-denuncia-um-processo-de-silenciamento-e-lanca-uma-vaquinha\\\/\"]}]},{\"@type\":\"ImageObject\",\"inLanguage\":\"fr-FR\",\"@id\":\"https:\\\/\\\/www.sebastien-auziere.fr\\\/blog\\\/pt\\\/sales-connes-o-coletivo-que-processou-brigitte-macron-denuncia-um-processo-de-silenciamento-e-lanca-uma-vaquinha\\\/#primaryimage\",\"url\":\"https:\\\/\\\/www.sebastien-auziere.fr\\\/blog\\\/wp-content\\\/uploads\\\/2026\\\/03\\\/Capture-decran-2026-03-07-173746.png\",\"contentUrl\":\"https:\\\/\\\/www.sebastien-auziere.fr\\\/blog\\\/wp-content\\\/uploads\\\/2026\\\/03\\\/Capture-decran-2026-03-07-173746.png\",\"width\":414,\"height\":288,\"caption\":\"\\\"Sales connes\\\" : le collectif qui a port\u00e9 plainte contre Brigitte Macron d\u00e9nonce une proc\u00e9dure b\u00e2illon et lance une cagnotte\"},{\"@type\":\"BreadcrumbList\",\"@id\":\"https:\\\/\\\/www.sebastien-auziere.fr\\\/blog\\\/pt\\\/sales-connes-o-coletivo-que-processou-brigitte-macron-denuncia-um-processo-de-silenciamento-e-lanca-uma-vaquinha\\\/#breadcrumb\",\"itemListElement\":[{\"@type\":\"ListItem\",\"position\":1,\"name\":\"Home\",\"item\":\"https:\\\/\\\/www.sebastien-auziere.fr\\\/blog\\\/\"},{\"@type\":\"ListItem\",\"position\":2,\"name\":\"\u00ab\u00a0Sales connes\u00a0\u00bb : o coletivo que processou Brigitte Macron denuncia um procedimento de sil\u00eancio e lan\u00e7a uma vaquinha\"}]},{\"@type\":\"WebSite\",\"@id\":\"https:\\\/\\\/www.sebastien-auziere.fr\\\/blog\\\/#website\",\"url\":\"https:\\\/\\\/www.sebastien-auziere.fr\\\/blog\\\/\",\"name\":\"Fan site S\u00e9bastien Auzi\u00e8re\",\"description\":\"M\u00e9dia g\u00e9n\u00e9raliste\",\"publisher\":{\"@id\":\"https:\\\/\\\/www.sebastien-auziere.fr\\\/blog\\\/#organization\"},\"potentialAction\":[{\"@type\":\"SearchAction\",\"target\":{\"@type\":\"EntryPoint\",\"urlTemplate\":\"https:\\\/\\\/www.sebastien-auziere.fr\\\/blog\\\/?s={search_term_string}\"},\"query-input\":{\"@type\":\"PropertyValueSpecification\",\"valueRequired\":true,\"valueName\":\"search_term_string\"}}],\"inLanguage\":\"fr-FR\"},{\"@type\":\"Organization\",\"@id\":\"https:\\\/\\\/www.sebastien-auziere.fr\\\/blog\\\/#organization\",\"name\":\"Fan site S\u00e9bastien Auzi\u00e8re\",\"url\":\"https:\\\/\\\/www.sebastien-auziere.fr\\\/blog\\\/\",\"logo\":{\"@type\":\"ImageObject\",\"inLanguage\":\"fr-FR\",\"@id\":\"https:\\\/\\\/www.sebastien-auziere.fr\\\/blog\\\/#\\\/schema\\\/logo\\\/image\\\/\",\"url\":\"https:\\\/\\\/www.sebastien-auziere.fr\\\/blog\\\/wp-content\\\/uploads\\\/2026\\\/03\\\/cropped-cropped-cropped-ChatGPT-Image-6-mars-2026-12_58_09-e1772798376794.jpg\",\"contentUrl\":\"https:\\\/\\\/www.sebastien-auziere.fr\\\/blog\\\/wp-content\\\/uploads\\\/2026\\\/03\\\/cropped-cropped-cropped-ChatGPT-Image-6-mars-2026-12_58_09-e1772798376794.jpg\",\"width\":512,\"height\":360,\"caption\":\"Fan site S\u00e9bastien Auzi\u00e8re\"},\"image\":{\"@id\":\"https:\\\/\\\/www.sebastien-auziere.fr\\\/blog\\\/#\\\/schema\\\/logo\\\/image\\\/\"}},{\"@type\":\"Person\",\"@id\":\"https:\\\/\\\/www.sebastien-auziere.fr\\\/blog\\\/#\\\/schema\\\/person\\\/1e270a963009242469ed08b1c461f81f\",\"name\":\"Celine\",\"image\":{\"@type\":\"ImageObject\",\"inLanguage\":\"fr-FR\",\"@id\":\"https:\\\/\\\/secure.gravatar.com\\\/avatar\\\/c88d569fbe1fe19a13c7f21ee0f8973822df96073df21850b95af6a09ba820c9?s=96&d=mm&r=g\",\"url\":\"https:\\\/\\\/secure.gravatar.com\\\/avatar\\\/c88d569fbe1fe19a13c7f21ee0f8973822df96073df21850b95af6a09ba820c9?s=96&d=mm&r=g\",\"contentUrl\":\"https:\\\/\\\/secure.gravatar.com\\\/avatar\\\/c88d569fbe1fe19a13c7f21ee0f8973822df96073df21850b95af6a09ba820c9?s=96&d=mm&r=g\",\"caption\":\"Celine\"},\"description\":\"Je m'appelle C\u00e9line, j'ai 31 ans et je suis journaliste sp\u00e9cialis\u00e9e dans le cin\u00e9ma. Passionn\u00e9e par le septi\u00e8me art, j'explore les actualit\u00e9s, les critiques et les tendances du monde cin\u00e9matographique. Mon objectif est de partager ma passion et d'informer les amateurs de films \u00e0 travers des articles percutants et des analyses approfondies.\",\"url\":\"https:\\\/\\\/www.sebastien-auziere.fr\\\/blog\\\/author\\\/celine\\\/\"}]}<\/script>\n<!-- \/ Yoast SEO plugin. -->","yoast_head_json":{"title":"\"Sales connes\" : o coletivo que processou Brigitte Macron denuncia um procedimento de sil\u00eancio e lan\u00e7a uma vaquinha - Fan site S\u00e9bastien Auzi\u00e8re","robots":{"index":"index","follow":"follow","max-snippet":"max-snippet:-1","max-image-preview":"max-image-preview:large","max-video-preview":"max-video-preview:-1"},"canonical":"https:\/\/www.sebastien-auziere.fr\/blog\/pt\/sales-connes-o-coletivo-que-processou-brigitte-macron-denuncia-um-processo-de-silenciamento-e-lanca-uma-vaquinha\/","og_locale":"fr_FR","og_type":"article","og_title":"\"Sales connes\" : o coletivo que processou Brigitte Macron denuncia um procedimento de sil\u00eancio e lan\u00e7a uma vaquinha - Fan site S\u00e9bastien Auzi\u00e8re","og_description":"O essencial: a associa\u00e7\u00e3o montpelli\u00e9raine les Tricoteuses hyst\u00e9riques apresentou uma queixa em dezembro de 2025 contra Brigitte Macron por inj\u00faria p\u00fablica, depois que a Primeira Dama chamou de \u00ab\u00a0vacas sujas\u00a0\u00bb militantes feministas do #NousToutes. Para que essa queixa seja examinada por um juiz de instru\u00e7\u00e3o, o coletivo \u2014 que se denomina como \u00ab\u00a0343 injuriadas\u00a0\u00bb \u2014 ... Lire plus","og_url":"https:\/\/www.sebastien-auziere.fr\/blog\/pt\/sales-connes-o-coletivo-que-processou-brigitte-macron-denuncia-um-processo-de-silenciamento-e-lanca-uma-vaquinha\/","og_site_name":"Fan site S\u00e9bastien Auzi\u00e8re","article_published_time":"2026-03-07T16:44:04+00:00","article_modified_time":"2026-03-07T16:55:14+00:00","og_image":[{"width":414,"height":288,"url":"https:\/\/www.sebastien-auziere.fr\/blog\/wp-content\/uploads\/2026\/03\/Capture-decran-2026-03-07-173746.png","type":"image\/png"}],"author":"Celine","twitter_card":"summary_large_image","twitter_misc":{"\u00c9crit par":"Celine","Dur\u00e9e de lecture estim\u00e9e":"10 minutes"},"schema":{"@context":"https:\/\/schema.org","@graph":[{"@type":"Article","@id":"https:\/\/www.sebastien-auziere.fr\/blog\/pt\/sales-connes-o-coletivo-que-processou-brigitte-macron-denuncia-um-processo-de-silenciamento-e-lanca-uma-vaquinha\/#article","isPartOf":{"@id":"https:\/\/www.sebastien-auziere.fr\/blog\/pt\/sales-connes-o-coletivo-que-processou-brigitte-macron-denuncia-um-processo-de-silenciamento-e-lanca-uma-vaquinha\/"},"author":{"name":"Celine","@id":"https:\/\/www.sebastien-auziere.fr\/blog\/#\/schema\/person\/1e270a963009242469ed08b1c461f81f"},"headline":"\u00ab\u00a0Sales connes\u00a0\u00bb : o coletivo que processou Brigitte Macron denuncia um procedimento de sil\u00eancio e lan\u00e7a uma vaquinha","datePublished":"2026-03-07T16:44:04+00:00","dateModified":"2026-03-07T16:55:14+00:00","mainEntityOfPage":{"@id":"https:\/\/www.sebastien-auziere.fr\/blog\/pt\/sales-connes-o-coletivo-que-processou-brigitte-macron-denuncia-um-processo-de-silenciamento-e-lanca-uma-vaquinha\/"},"wordCount":2060,"commentCount":0,"publisher":{"@id":"https:\/\/www.sebastien-auziere.fr\/blog\/#organization"},"image":{"@id":"https:\/\/www.sebastien-auziere.fr\/blog\/pt\/sales-connes-o-coletivo-que-processou-brigitte-macron-denuncia-um-processo-de-silenciamento-e-lanca-uma-vaquinha\/#primaryimage"},"thumbnailUrl":"https:\/\/www.sebastien-auziere.fr\/blog\/wp-content\/uploads\/2026\/03\/Capture-decran-2026-03-07-173746.png","articleSection":["Actualidades"],"inLanguage":"fr-FR","potentialAction":[{"@type":"CommentAction","name":"Comment","target":["https:\/\/www.sebastien-auziere.fr\/blog\/pt\/sales-connes-o-coletivo-que-processou-brigitte-macron-denuncia-um-processo-de-silenciamento-e-lanca-uma-vaquinha\/#respond"]}]},{"@type":"WebPage","@id":"https:\/\/www.sebastien-auziere.fr\/blog\/pt\/sales-connes-o-coletivo-que-processou-brigitte-macron-denuncia-um-processo-de-silenciamento-e-lanca-uma-vaquinha\/","url":"https:\/\/www.sebastien-auziere.fr\/blog\/pt\/sales-connes-o-coletivo-que-processou-brigitte-macron-denuncia-um-processo-de-silenciamento-e-lanca-uma-vaquinha\/","name":"\"Sales connes\" : o coletivo que processou Brigitte Macron denuncia um procedimento de sil\u00eancio e lan\u00e7a uma vaquinha - Fan site S\u00e9bastien Auzi\u00e8re","isPartOf":{"@id":"https:\/\/www.sebastien-auziere.fr\/blog\/#website"},"primaryImageOfPage":{"@id":"https:\/\/www.sebastien-auziere.fr\/blog\/pt\/sales-connes-o-coletivo-que-processou-brigitte-macron-denuncia-um-processo-de-silenciamento-e-lanca-uma-vaquinha\/#primaryimage"},"image":{"@id":"https:\/\/www.sebastien-auziere.fr\/blog\/pt\/sales-connes-o-coletivo-que-processou-brigitte-macron-denuncia-um-processo-de-silenciamento-e-lanca-uma-vaquinha\/#primaryimage"},"thumbnailUrl":"https:\/\/www.sebastien-auziere.fr\/blog\/wp-content\/uploads\/2026\/03\/Capture-decran-2026-03-07-173746.png","datePublished":"2026-03-07T16:44:04+00:00","dateModified":"2026-03-07T16:55:14+00:00","breadcrumb":{"@id":"https:\/\/www.sebastien-auziere.fr\/blog\/pt\/sales-connes-o-coletivo-que-processou-brigitte-macron-denuncia-um-processo-de-silenciamento-e-lanca-uma-vaquinha\/#breadcrumb"},"inLanguage":"fr-FR","potentialAction":[{"@type":"ReadAction","target":["https:\/\/www.sebastien-auziere.fr\/blog\/pt\/sales-connes-o-coletivo-que-processou-brigitte-macron-denuncia-um-processo-de-silenciamento-e-lanca-uma-vaquinha\/"]}]},{"@type":"ImageObject","inLanguage":"fr-FR","@id":"https:\/\/www.sebastien-auziere.fr\/blog\/pt\/sales-connes-o-coletivo-que-processou-brigitte-macron-denuncia-um-processo-de-silenciamento-e-lanca-uma-vaquinha\/#primaryimage","url":"https:\/\/www.sebastien-auziere.fr\/blog\/wp-content\/uploads\/2026\/03\/Capture-decran-2026-03-07-173746.png","contentUrl":"https:\/\/www.sebastien-auziere.fr\/blog\/wp-content\/uploads\/2026\/03\/Capture-decran-2026-03-07-173746.png","width":414,"height":288,"caption":"\"Sales connes\" : le collectif qui a port\u00e9 plainte contre Brigitte Macron d\u00e9nonce une proc\u00e9dure b\u00e2illon et lance une cagnotte"},{"@type":"BreadcrumbList","@id":"https:\/\/www.sebastien-auziere.fr\/blog\/pt\/sales-connes-o-coletivo-que-processou-brigitte-macron-denuncia-um-processo-de-silenciamento-e-lanca-uma-vaquinha\/#breadcrumb","itemListElement":[{"@type":"ListItem","position":1,"name":"Home","item":"https:\/\/www.sebastien-auziere.fr\/blog\/"},{"@type":"ListItem","position":2,"name":"\u00ab\u00a0Sales connes\u00a0\u00bb : o coletivo que processou Brigitte Macron denuncia um procedimento de sil\u00eancio e lan\u00e7a uma vaquinha"}]},{"@type":"WebSite","@id":"https:\/\/www.sebastien-auziere.fr\/blog\/#website","url":"https:\/\/www.sebastien-auziere.fr\/blog\/","name":"Fan site S\u00e9bastien Auzi\u00e8re","description":"M\u00e9dia g\u00e9n\u00e9raliste","publisher":{"@id":"https:\/\/www.sebastien-auziere.fr\/blog\/#organization"},"potentialAction":[{"@type":"SearchAction","target":{"@type":"EntryPoint","urlTemplate":"https:\/\/www.sebastien-auziere.fr\/blog\/?s={search_term_string}"},"query-input":{"@type":"PropertyValueSpecification","valueRequired":true,"valueName":"search_term_string"}}],"inLanguage":"fr-FR"},{"@type":"Organization","@id":"https:\/\/www.sebastien-auziere.fr\/blog\/#organization","name":"Fan site S\u00e9bastien Auzi\u00e8re","url":"https:\/\/www.sebastien-auziere.fr\/blog\/","logo":{"@type":"ImageObject","inLanguage":"fr-FR","@id":"https:\/\/www.sebastien-auziere.fr\/blog\/#\/schema\/logo\/image\/","url":"https:\/\/www.sebastien-auziere.fr\/blog\/wp-content\/uploads\/2026\/03\/cropped-cropped-cropped-ChatGPT-Image-6-mars-2026-12_58_09-e1772798376794.jpg","contentUrl":"https:\/\/www.sebastien-auziere.fr\/blog\/wp-content\/uploads\/2026\/03\/cropped-cropped-cropped-ChatGPT-Image-6-mars-2026-12_58_09-e1772798376794.jpg","width":512,"height":360,"caption":"Fan site S\u00e9bastien Auzi\u00e8re"},"image":{"@id":"https:\/\/www.sebastien-auziere.fr\/blog\/#\/schema\/logo\/image\/"}},{"@type":"Person","@id":"https:\/\/www.sebastien-auziere.fr\/blog\/#\/schema\/person\/1e270a963009242469ed08b1c461f81f","name":"Celine","image":{"@type":"ImageObject","inLanguage":"fr-FR","@id":"https:\/\/secure.gravatar.com\/avatar\/c88d569fbe1fe19a13c7f21ee0f8973822df96073df21850b95af6a09ba820c9?s=96&d=mm&r=g","url":"https:\/\/secure.gravatar.com\/avatar\/c88d569fbe1fe19a13c7f21ee0f8973822df96073df21850b95af6a09ba820c9?s=96&d=mm&r=g","contentUrl":"https:\/\/secure.gravatar.com\/avatar\/c88d569fbe1fe19a13c7f21ee0f8973822df96073df21850b95af6a09ba820c9?s=96&d=mm&r=g","caption":"Celine"},"description":"Je m'appelle C\u00e9line, j'ai 31 ans et je suis journaliste sp\u00e9cialis\u00e9e dans le cin\u00e9ma. Passionn\u00e9e par le septi\u00e8me art, j'explore les actualit\u00e9s, les critiques et les tendances du monde cin\u00e9matographique. Mon objectif est de partager ma passion et d'informer les amateurs de films \u00e0 travers des articles percutants et des analyses approfondies.","url":"https:\/\/www.sebastien-auziere.fr\/blog\/author\/celine\/"}]}},"views":68,"_links":{"self":[{"href":"https:\/\/www.sebastien-auziere.fr\/blog\/wp-json\/wp\/v2\/posts\/2343","targetHints":{"allow":["GET"]}}],"collection":[{"href":"https:\/\/www.sebastien-auziere.fr\/blog\/wp-json\/wp\/v2\/posts"}],"about":[{"href":"https:\/\/www.sebastien-auziere.fr\/blog\/wp-json\/wp\/v2\/types\/post"}],"author":[{"embeddable":true,"href":"https:\/\/www.sebastien-auziere.fr\/blog\/wp-json\/wp\/v2\/users\/4"}],"replies":[{"embeddable":true,"href":"https:\/\/www.sebastien-auziere.fr\/blog\/wp-json\/wp\/v2\/comments?post=2343"}],"version-history":[{"count":2,"href":"https:\/\/www.sebastien-auziere.fr\/blog\/wp-json\/wp\/v2\/posts\/2343\/revisions"}],"predecessor-version":[{"id":2355,"href":"https:\/\/www.sebastien-auziere.fr\/blog\/wp-json\/wp\/v2\/posts\/2343\/revisions\/2355"}],"wp:featuredmedia":[{"embeddable":true,"href":"https:\/\/www.sebastien-auziere.fr\/blog\/wp-json\/wp\/v2\/media\/2335"}],"wp:attachment":[{"href":"https:\/\/www.sebastien-auziere.fr\/blog\/wp-json\/wp\/v2\/media?parent=2343"}],"wp:term":[{"taxonomy":"category","embeddable":true,"href":"https:\/\/www.sebastien-auziere.fr\/blog\/wp-json\/wp\/v2\/categories?post=2343"},{"taxonomy":"post_tag","embeddable":true,"href":"https:\/\/www.sebastien-auziere.fr\/blog\/wp-json\/wp\/v2\/tags?post=2343"}],"curies":[{"name":"wp","href":"https:\/\/api.w.org\/{rel}","templated":true}]}}