{"id":2341,"date":"2026-03-07T16:42:14","date_gmt":"2026-03-07T16:42:14","guid":{"rendered":"https:\/\/www.sebastien-auziere.fr\/blog\/?p=2341"},"modified":"2026-03-07T16:54:01","modified_gmt":"2026-03-07T16:54:01","slug":"sales-connes-il-collettivo-che-ha-denunciato-brigitte-macron-denuncia-una-procedura-bavaglio-e-lancia-una-raccolta-fondi","status":"publish","type":"post","link":"https:\/\/www.sebastien-auziere.fr\/blog\/it\/sales-connes-il-collettivo-che-ha-denunciato-brigitte-macron-denuncia-una-procedura-bavaglio-e-lancia-una-raccolta-fondi\/","title":{"rendered":"\u00ab\u00a0Sales connes\u00a0\u00bb : il collettivo che ha denunciato Brigitte Macron denuncia una procedura di silenziamento e lancia una raccolta"},"content":{"rendered":"<p style=\"padding: 24px;background: lightyellow\">L&rsquo;essenziale: l&rsquo;associazione montpellieraine <strong>le Tricoteuse isteriche<\/strong> ha presentato un reclamo a dicembre 2025 contro Brigitte Macron per <strong>insulto pubblico<\/strong>, dopo che la Prima donna ha definito \u00ab\u00a0stronze\u00a0\u00bb delle militanti femministe di #NousToutes. Affinch\u00e9 questo reclamo venga esaminato da un giudice istruttore, il collettivo \u2014 che si designa con il nome di <strong>\u00ab\u00a0343 offese\u00a0\u00bb<\/strong> \u2014 deve versare una cauzione di <strong>8.550 euro<\/strong>. Incapace di raccogliere questa somma, l&rsquo;associazione denuncia un tentativo di intimidazione giudiziaria e ha lanciato una raccolta fondi per finanziare la procedura.<\/p>\n<p>Si pu\u00f2 permettere di difendersi in tribunale quando non si hanno le risorse? \u00c8 la domanda posta dalle militanti femministe montpelliereine delle Tricoteuse isteriche, confrontate con una <strong>barriera finanziaria<\/strong> al centro di una questione che va ben oltre il loro collettivo. Il loro reclamo contro Brigitte Macron per insulto pubblico \u00e8 al centro di un braccio di ferro giudiziario che solleva domande fondamentali sull&rsquo;<strong>accesso delle donne alla giustizia<\/strong> e sul rischio di procedimenti bavaglio.<\/p>\n<ol>\n<li><a href=\"#origine-affaire\">L&rsquo;origine della questione: il video virale e le \u00ab\u00a0stronze\u00a0\u00bb<\/a><\/li>\n<li><a href=\"#plainte-injure-publique\">Il reclamo per insulto pubblico: chi sono le \u00ab\u00a0343 offese\u00a0\u00bb?<\/a><\/li>\n<li><a href=\"#consignation-8550-euros\">La cauzione di 8.550 euro: una giustizia a pagamento?<\/a><\/li>\n<li><a href=\"#procedure-baillon\">Cosa denunciano le militanti: un procedimento bavaglio<\/a><\/li>\n<li><a href=\"#cagnotte-et-suite\">La raccolta fondi e l&rsquo;esito della procedura<\/a><\/li>\n<li><a href=\"#acces-femmes-justice\">Un simbolo degli ostacoli delle donne di fronte alla giustizia<\/a><\/li>\n<\/ol>\n<h2 id=\"origine-affaire\">L&rsquo;origine della questione: il video virale e le \u00ab\u00a0stronze\u00a0\u00bb<\/h2>\n<p>Tutto inizia alla fine del 2025, con la diffusione di un video rapidamente diventato virale sui social media. Si vede <strong>Brigitte Macron definire \u00ab\u00a0stronze\u00a0\u00bb delle militanti femministe<\/strong> del movimento #NousToutes, mentre queste stavano manifestando contro la messa in scena di uno spettacolo dell&rsquo;umorista Ary Abittan.<\/p>\n<h3>Il contesto: Ary Abittan e l&rsquo;archiviazione che non chiude il dibattito<\/h3>\n<p>Ary Abittan ha beneficiato di un&rsquo;archiviazione in un caso di accusa di stupro. Ma per le militanti di #NousToutes e per le Tricoteuse isteriche, un&rsquo;archiviazione non significa un&rsquo;innocenza stabilita \u2014 significa che le prove raccolte non hanno permesso di rinviare la questione a giudizio. La loro presenza davanti al luogo dello spettacolo mirava a esprimere pubblicamente questo dissenso e a ricordare la voce delle vittime presunte.<\/p>\n<p>\u00c8 in questo contesto teso che Brigitte Macron, filmata senza il suo consenso o meno, ha pronunciato queste parole contro le manifestanti. Per le militanti, questo insulto lanciato da <strong>la Prima donna di Francia, a sostegno implicito di un uomo accusato di stupro<\/strong>, rappresenta molto pi\u00f9 di un&rsquo;infrazione verbale.<\/p>\n<h2 id=\"plainte-injure-publique\">Il reclamo per insulto pubblico: chi sono le \u00ab\u00a0343 offese\u00a0\u00bb?<\/h2>\n<p>Nel dicembre 2025, l&rsquo;associazione con sede a Montpellier, <strong>le Tricoteuse isteriche<\/strong>, presenta un reclamo contro Brigitte Macron per <strong>insulto pubblico<\/strong>. Il collettivo di ricorrenti si chiama \u00ab\u00a0343 offese\u00a0\u00bb \u2014 un riferimento diretto al famoso \u00ab\u00a0Manifesto delle 343\u00a0\u00bb del 1971, firmato da donne che rivendicano il loro diritto all&rsquo;aborto.<\/p>\n<h3>La qualificazione giuridica adottata<\/h3>\n<p>Per le ricorrenti, le parole di Brigitte Macron non rientrano in una semplice opinione privata. Filmato e diffusamente distribuito, il segmento costituisce secondo loro <strong>\u00ab\u00a0un insulto pubblico rivolto a donne impegnate contro la violenza sessuale\u00a0\u00bb<\/strong>. L&rsquo;insulto pubblico, nel senso della legge sulla libert\u00e0 di stampa del 1881, \u00e8 un&rsquo;espressione oltraggiosa, dispregiativa o invettiva che non contiene l&rsquo;imputazione di un fatto specifico, rivolta a una persona o a un gruppo.<\/p>\n<blockquote><p>Perch\u00e9 la giustizia esamini il nostro reclamo, dobbiamo pagare. La pi\u00f9 grande delle disuguaglianze si gioca qui.<br \/>\n<br \/>\u2014 Vigdis Morisse Herrera, presidente delle Tricoteuse isteriche<\/p><\/blockquote>\n<h2 id=\"consignation-8550-euros\">La cauzione di 8.550 euro: una giustizia a pagamento?<\/h2>\n<p>Per evitare l&rsquo;archiviazione automatica di un reclamo semplice, le militanti hanno scelto di presentare il loro reclamo <strong>con costituzione di parte civile<\/strong>. Questa procedura consente di rivolgersi direttamente a un giudice istruttore e di evitare che la procura archivii la questione senza esaminarla. Ma ha un costo.<\/p>\n<h3>Come funziona la cauzione<\/h3>\n<p>Quando un reclamo viene presentato con costituzione di parte civile, il giudice istruttore fissa un importo di <strong>cauzione<\/strong> \u2014 una somma di denaro che le ricorrenti devono depositare per coprire eventuali spese di procedimento. Questo meccanismo dovrebbe evitare le denunce abusive. Nel caso delle \u00ab\u00a0343 offese\u00a0\u00bb, questa somma \u00e8 stata fissata a <strong>8.550 euro<\/strong>.<\/p>\n<p>Per un&rsquo;associazione militante come le Tricoteuse isteriche, questa somma \u00e8 inaccessibile. Rappresenta un <strong>ostacolo concreto e immediato<\/strong> all&rsquo;accesso al giudice istruttore \u2014 cio\u00e8 alla semplice possibilit\u00e0 di far esaminare il loro reclamo.<\/p>\n<ul>\n<li><strong>Senze cauzione versata:<\/strong> il reclamo con costituzione di parte civile non pu\u00f2 essere esaminato dal giudice istruttore<\/li>\n<li><strong>Importo fissato:<\/strong> 8.550 euro per l&rsquo;intera procedura<\/li>\n<li><strong>Conseguenza:<\/strong> senza questa somma, il caso rischia di essere archiviato senza seguito<\/li>\n<\/ul>\n<h2 id=\"procedure-baillon\">Cosa denunciano le militanti: un procedimento bavaglio<\/h2>\n<p>Le \u00ab\u00a0343 offese\u00a0\u00bb non vedono in questa cauzione un semplice meccanismo tecnico. La vedono come una <strong>procedura bavaglio<\/strong> \u2014 cio\u00e8 un modo distorto di impedire a soggetti con risorse limitate di esercitare i propri diritti.<\/p>\n<h3>Che cos&rsquo;\u00e8 una procedura bavaglio?<\/h3>\n<p>Una procedura bavaglio (o SLAPP \u2014 Strategia Legale contro la Partecipazione Pubblica) si riferisce a qualsiasi passo giudiziario utilizzato non per ottenere giustizia, ma per <strong>discourage, esaurire finanziariamente o silenziare<\/strong> coloro che si esprimono su temi di interesse pubblico. In questo caso, non \u00e8 Brigitte Macron a attaccare \u2014 ma le militanti ritengono che la meccanica giudiziaria produca lo stesso effetto: costringere al silenzio per mancanza di mezzi.<\/p>\n<p>Per Vigdis Morisse Herrera, presidente dell&rsquo;associazione, la dimensione sistemica \u00e8 al centro del problema: <strong>\u00ab\u00a0Tutti questi omicidi di donne che denunciamo, c&rsquo;\u00e8 un&rsquo;inazione della giustizia che ha permesso che morissero.\u00a0\u00bb<\/strong> La cauzione di 8.550 euro diventa quindi, nella loro lettura, il simbolo di una giustizia inaccessibile alle donne che denunciano violenze.<\/p>\n<h2 id=\"cagnotte-et-suite\">La raccolta fondi e l&rsquo;esito della procedura<\/h2>\n<p>Di fronte all&rsquo;impossibilit\u00e0 di raccogliere da sole questa somma, le Tricoteuse isteriche hanno lanciato una <strong>raccolta fondi online<\/strong> per finanziare la cauzione e permettere l&rsquo;esame del loro reclamo da parte del giudice istruttore. L&rsquo;obiettivo dichiarato \u00e8 duplice: raccogliere i fondi necessari e <strong>rendere pubblica la situazione<\/strong> per avvertire sugli ostacoli finanziari alla giustizia.<\/p>\n<h3>Cosa rivela la raccolta fondi<\/h3>\n<p>Oltre a finanziare la procedura, la raccolta fondi \u00e8 un atto militante. Permette di trasformare un ostacolo giudiziario in <strong>pulpito pubblico<\/strong> sull&rsquo;accesso delle donne alla giustizia e sul trattamento delle denunce per insulto o violenza. Documenta anche, concretamente, il costo reale di una procedura giudiziaria per un&rsquo;associazione senza risorse significative.<\/p>\n<h2 id=\"acces-femmes-justice\">Un simbolo degli ostacoli delle donne di fronte alla giustizia<\/h2>\n<p>La questione delle \u00ab\u00a0343 offese\u00a0\u00bb si inserisce in un contesto pi\u00f9 ampio, documentato dalle cifre ufficiali del governo francese. Questi dati dipingono un quadro preoccupante dell&rsquo;accesso delle vittime alla giustizia.<\/p>\n<h3>Cifre che colpiscono<\/h3>\n<ul>\n<li><strong>Solo il 7%<\/strong> delle vittime dichiara di aver presentato denuncia<\/li>\n<li><strong>Pi\u00f9 di 7 accuse su 10<\/strong> vengono archiviate senza seguito<\/li>\n<li>Procedure giudiziarie descritte come <strong>lunghe, faticose e incerte<\/strong><\/li>\n<li>Barriere finanziarie che si aggiungono a barriere psicologiche e sociali gi\u00e0 considerevoli<\/li>\n<\/ul>\n<p>Per le Tricoteuse isteriche, il loro caso illustra concretamente come l&rsquo;accesso alla giustizia possa infatti essere <strong>condizionato a una capacit\u00e0 finanziaria<\/strong> \u2014 trasformando un diritto teorico in un privilegio pratico. Non \u00e8 solo il loro reclamo in gioco, ma la questione se militanti senza risorse possano ottenere che i loro diritti siano esaminati allo stesso modo di qualsiasi altro soggetto.<\/p>\n<blockquote><p>Doversi raccogliere diverse migliaia di euro affinch\u00e9 il nostro reclamo possa semplicemente essere esaminato illustra concretamente questo rischio di intimidazione giudiziaria.<br \/>\n<br \/>\u2014 Comunicato delle \u00ab\u00a0343 offese\u00a0\u00bb<\/p><\/blockquote>\n<h2>FAQ<\/h2>\n<h3>Perch\u00e9 le Tricoteuse isteriche hanno presentato reclamo contro Brigitte Macron?<\/h3>\n<p>L&rsquo;associazione femminista montpellieraine ha presentato reclamo per <strong>insulto pubblico<\/strong> dopo la diffusione di un video in cui Brigitte Macron definisce delle militanti femministe \u00ab\u00a0stronze\u00a0\u00bb. Queste militanti stavano manifestando contro la messa in scena di uno spettacolo dell&rsquo;umorista Ary Abittan, accusato di stupro e beneficiario di un&rsquo;archiviazione.<\/p>\n<h3>Che cos&rsquo;\u00e8 una cauzione in giustizia?<\/h3>\n<p>La cauzione \u00e8 una somma di denaro che le ricorrenti devono versare quando presentano un reclamo con costituzione di parte civile. \u00c8 destinata a coprire eventuali spese di procedimento e a evitare le denunce abusive. <strong>Senze questo versamento, il giudice istruttore non pu\u00f2 esaminare il reclamo.<\/strong> In questo caso, l&rsquo;importo \u00e8 stato fissato a 8.550 euro.<\/p>\n<h3>Che cos&rsquo;\u00e8 una procedura bavaglio?<\/h3>\n<p>Una procedura bavaglio si riferisce a un passo giudiziario utilizzato per <strong>discourage o ridurre al silenzio<\/strong> persone che si esprimono su temi di interesse pubblico, esaurendole finanziariamente. Le militanti ritengono che l&rsquo;elevata cauzione produca questo effetto, anche se non si tratta di un attacco diretto da parte avversa.<\/p>\n<h3>Che cos&rsquo;\u00e8 l&rsquo;insulto pubblico?<\/h3>\n<p>L&rsquo;insulto pubblico \u00e8 definito dalla legge sulla libert\u00e0 di stampa del 1881. Si riferisce a qualsiasi espressione oltraggiosa o dispregiativa rivolta pubblicamente a una persona o a un gruppo, senza imputazione di un fatto specifico.<\/p>\n<h3>Chi sono le \u00ab\u00a0343 offese\u00a0\u00bb?<\/h3>\n<p>Questo nome \u00e8 un riferimento al \u00ab\u00a0Manifesto delle 343\u00a0\u00bb, firmato nel 1971 da donne che rivendicano il loro diritto all&rsquo;aborto. Le \u00ab\u00a0343 offese\u00a0\u00bb sono le militanti e membri delle Tricoteuse isteriche che hanno co-firmato il reclamo contro Brigitte Macron per insulto pubblico.<\/p>\n<h3>Brigitte Macron ha risposto al reclamo?<\/h3>\n<p>A questo stadio della procedura, non \u00e8 stata comunicata alcuna risposta pubblica da parte di Brigitte Macron o dei suoi rappresentanti legali riguardo a questo specifico reclamo. La procedura \u00e8 ancora nella fase di costituzione di parte civile, <strong>condizionata al versamento della cauzione<\/strong> da parte delle ricorrenti.<\/p>\n<p>[<br \/>\n  {<br \/>\n    \u00ab\u00a0@context\u00a0\u00bb: \u00ab\u00a0https:\/\/schema.org\u00a0\u00bb,<br \/>\n    \u00ab\u00a0@type\u00a0\u00bb: \u00ab\u00a0Article\u00a0\u00bb,<br \/>\n    \u00ab\u00a0headline\u00a0\u00bb: \u00ab\u00a0\u00a0\u00bbStronze\u00a0\u00bb: il collettivo che ha presentato reclamo contro Brigitte Macron denuncia una procedura bavaglio\u00a0\u00bb,<br \/>\n    \u00ab\u00a0description\u00a0\u00bb: \u00ab\u00a0L&rsquo;associazione montpellieraine le Tricoteuse isteriche ha presentato reclamo contro Brigitte Macron dopo le sue affermazioni \u00ab\u00a0stronze\u00a0\u00bb. La cauzione fissata a 8.550 \u20ac \u00e8 denunciata come una procedura bavaglio.\u00a0\u00bb,<br \/>\n    \u00ab\u00a0inLanguage\u00a0\u00bb: \u00ab\u00a0fr\u00a0\u00bb,<br \/>\n    \u00ab\u00a0articleSection\u00a0\u00bb: [<br \/>\n      \u00ab\u00a0L&rsquo;origine della questione\u00a0\u00bb,<br \/>\n      \u00ab\u00a0Il reclamo per insulto pubblico\u00a0\u00bb,<br \/>\n      \u00ab\u00a0La cauzione di 8.550 euro\u00a0\u00bb,<br \/>\n      \u00ab\u00a0Procedura bavaglio\u00a0\u00bb,<br \/>\n      \u00ab\u00a0La raccolta fondi\u00a0\u00bb,<br \/>\n      \u00ab\u00a0Accesso delle donne alla giustizia\u00a0\u00bb<br \/>\n    ]<br \/>\n  },<br \/>\n  {<br \/>\n    \u00ab\u00a0@context\u00a0\u00bb: \u00ab\u00a0https:\/\/schema.org\u00a0\u00bb,<br \/>\n    \u00ab\u00a0@type\u00a0\u00bb: \u00ab\u00a0FAQPage\u00a0\u00bb,<br \/>\n    \u00ab\u00a0mainEntity\u00a0\u00bb: [<br \/>\n      {<br \/>\n        \u00ab\u00a0@type\u00a0\u00bb: \u00ab\u00a0Question\u00a0\u00bb,<br \/>\n        \u00ab\u00a0name\u00a0\u00bb: \u00ab\u00a0Perch\u00e9 le Tricoteuse isteriche hanno presentato reclamo contro Brigitte Macron?\u00a0\u00bb,<br \/>\n        \u00ab\u00a0acceptedAnswer\u00a0\u00bb: {<br \/>\n          \u00ab\u00a0@type\u00a0\u00bb: \u00ab\u00a0Answer\u00a0\u00bb,<br \/>\n          \u00ab\u00a0text\u00a0\u00bb: \u00ab\u00a0L&rsquo;associazione femminista montpellieraine ha presentato reclamo per insulto pubblico dopo la diffusione di un video in cui Brigitte Macron definisce delle militanti femministe \u00ab\u00a0stronze\u00a0\u00bb, mentre manifestavano contro uno spettacolo dell&rsquo;umorista Ary Abittan, accusato di stupro.\u00a0\u00bb<br \/>\n        }<br \/>\n      },<br \/>\n      {<br \/>\n        \u00ab\u00a0@type\u00a0\u00bb: \u00ab\u00a0Question\u00a0\u00bb,<br \/>\n        \u00ab\u00a0name\u00a0\u00bb: \u00ab\u00a0Che cos&rsquo;\u00e8 una cauzione in giustizia?\u00a0\u00bb,<br \/>\n        \u00ab\u00a0acceptedAnswer\u00a0\u00bb: {<br \/>\n          \u00ab\u00a0@type\u00a0\u00bb: \u00ab\u00a0Answer\u00a0\u00bb,<br \/>\n          \u00ab\u00a0text\u00a0\u00bb: \u00ab\u00a0La cauzione \u00e8 una somma di denaro che le ricorrenti devono versare quando presentano un reclamo con costituzione di parte civile. Senza questo versamento, il giudice istruttore non pu\u00f2 esaminare il reclamo. In questa questione, l&rsquo;importo \u00e8 stato fissato a 8.550 euro.\u00a0\u00bb<br \/>\n        }<br \/>\n      },<br \/>\n      {<br \/>\n        \u00ab\u00a0@type\u00a0\u00bb: \u00ab\u00a0Question\u00a0\u00bb,<br \/>\n        \u00ab\u00a0name\u00a0\u00bb: \u00ab\u00a0Che cos&rsquo;\u00e8 una procedura bavaglio?\u00a0\u00bb,<br \/>\n        \u00ab\u00a0acceptedAnswer\u00a0\u00bb: {<br \/>\n          \u00ab\u00a0@type\u00a0\u00bb: \u00ab\u00a0Answer\u00a0\u00bb,<br \/>\n          \u00ab\u00a0text\u00a0\u00bb: \u00ab\u00a0Una procedura bavaglio si riferisce a un passo giudiziario utilizzato per discourage o ridurre al silenzio persone che si esprimono su temi di interesse pubblico, esaurendole finanziariamente.\u00a0\u00bb<br \/>\n        }<br \/>\n      },<br \/>\n      {<br \/>\n        \u00ab\u00a0@type\u00a0\u00bb: \u00ab\u00a0Question\u00a0\u00bb,<br \/>\n        \u00ab\u00a0name\u00a0\u00bb: \u00ab\u00a0Che cos&rsquo;\u00e8 l&rsquo;insulto pubblico?\u00a0\u00bb,<br \/>\n        \u00ab\u00a0acceptedAnswer\u00a0\u00bb: {<br \/>\n          \u00ab\u00a0@type\u00a0\u00bb: \u00ab\u00a0Answer\u00a0\u00bb,<br \/>\n          \u00ab\u00a0text\u00a0\u00bb: \u00ab\u00a0L&rsquo;insulto pubblico \u00e8 definito dalla legge sulla libert\u00e0 di stampa del 1881. Si riferisce a qualsiasi espressione oltraggiosa o dispregiativa rivolta pubblicamente a una persona o a un gruppo, senza imputazione di un fatto specifico.\u00a0\u00bb<br \/>\n        }<br \/>\n      },<br \/>\n      {<br \/>\n        \u00ab\u00a0@type\u00a0\u00bb: \u00ab\u00a0Question\u00a0\u00bb,<br \/>\n        \u00ab\u00a0name\u00a0\u00bb: \u00ab\u00a0Chi sono le \u00ab\u00a0343 offese\u00a0\u00bb?\u00a0\u00bb,<br \/>\n        \u00ab\u00a0acceptedAnswer\u00a0\u00bb: {<br \/>\n          \u00ab\u00a0@type\u00a0\u00bb: \u00ab\u00a0Answer\u00a0\u00bb,<br \/>\n          \u00ab\u00a0text\u00a0\u00bb: \u00ab\u00a0Questo nome \u00e8 un riferimento al \u00ab\u00a0Manifesto delle 343\u00a0\u00bb del 1971. Le \u00ab\u00a0343 offese\u00a0\u00bb sono le militanti e membri delle Tricoteuse isteriche che hanno co-firmato il reclamo contro Brigitte Macron per insulto pubblico.\u00a0\u00bb<br \/>\n        }<br \/>\n      },<br \/>\n      {<br \/>\n        \u00ab\u00a0@type\u00a0\u00bb: \u00ab\u00a0Question\u00a0\u00bb,<br \/>\n        \u00ab\u00a0name\u00a0\u00bb: \u00ab\u00a0Brigitte Macron ha risposto al reclamo?\u00a0\u00bb,<br \/>\n        \u00ab\u00a0acceptedAnswer\u00a0\u00bb: {<br \/>\n          \u00ab\u00a0@type\u00a0\u00bb: \u00ab\u00a0Answer\u00a0\u00bb,<br \/>\n          \u00ab\u00a0text\u00a0\u00bb: \u00ab\u00a0A questo stadio, non \u00e8 stata comunicata alcuna risposta pubblica da parte di Brigitte Macron. La procedura \u00e8 ancora condizionata al versamento della cauzione di 8.550 euro da parte delle ricorrenti.\u00a0\u00bb<br \/>\n        }<br \/>\n      }<br \/>\n    ]<br \/>\n  }<br \/>\n]<\/p>\n","protected":false},"excerpt":{"rendered":"<p>L&rsquo;essenziale: l&rsquo;associazione montpellieraine le Tricoteuse isteriche ha presentato un reclamo a dicembre 2025 contro Brigitte Macron per insulto pubblico, dopo che la Prima donna ha definito \u00ab\u00a0stronze\u00a0\u00bb delle militanti femministe di #NousToutes. Affinch\u00e9 questo reclamo venga esaminato da un giudice istruttore, il collettivo \u2014 che si designa con il nome di \u00ab\u00a0343 offese\u00a0\u00bb \u2014 deve &#8230; <a title=\"\u00ab\u00a0Sales connes\u00a0\u00bb : il collettivo che ha denunciato Brigitte Macron denuncia una procedura di silenziamento e lancia una raccolta\" class=\"read-more\" href=\"https:\/\/www.sebastien-auziere.fr\/blog\/it\/sales-connes-il-collettivo-che-ha-denunciato-brigitte-macron-denuncia-una-procedura-bavaglio-e-lancia-una-raccolta-fondi\/\" aria-label=\"En savoir plus sur \u00ab\u00a0Sales connes\u00a0\u00bb : il collettivo che ha denunciato Brigitte Macron denuncia una procedura di silenziamento e lancia una raccolta\">Lire plus<\/a><\/p>\n","protected":false},"author":4,"featured_media":2335,"comment_status":"open","ping_status":"open","sticky":false,"template":"","format":"standard","meta":{"footnotes":""},"categories":[859],"tags":[],"class_list":["post-2341","post","type-post","status-publish","format-standard","has-post-thumbnail","hentry","category-actualita-it"],"yoast_head":"<!-- This site is optimized with the Yoast SEO plugin v27.5 - https:\/\/yoast.com\/product\/yoast-seo-wordpress\/ -->\n<title>&quot;Sales connes&quot; : il collettivo che ha denunciato Brigitte Macron denuncia una procedura di silenziamento e lancia una raccolta - Fan site S\u00e9bastien Auzi\u00e8re<\/title>\n<meta name=\"robots\" content=\"index, follow, max-snippet:-1, max-image-preview:large, max-video-preview:-1\" \/>\n<link rel=\"canonical\" href=\"https:\/\/www.sebastien-auziere.fr\/blog\/it\/sales-connes-il-collettivo-che-ha-denunciato-brigitte-macron-denuncia-una-procedura-bavaglio-e-lancia-una-raccolta-fondi\/\" \/>\n<meta property=\"og:locale\" content=\"fr_FR\" \/>\n<meta property=\"og:type\" content=\"article\" \/>\n<meta property=\"og:title\" content=\"&quot;Sales connes&quot; : il collettivo che ha denunciato Brigitte Macron denuncia una procedura di silenziamento e lancia una raccolta - Fan site S\u00e9bastien Auzi\u00e8re\" \/>\n<meta property=\"og:description\" content=\"L&rsquo;essenziale: l&rsquo;associazione montpellieraine le Tricoteuse isteriche ha presentato un reclamo a dicembre 2025 contro Brigitte Macron per insulto pubblico, dopo che la Prima donna ha definito \u00ab\u00a0stronze\u00a0\u00bb delle militanti femministe di #NousToutes. Affinch\u00e9 questo reclamo venga esaminato da un giudice istruttore, il collettivo \u2014 che si designa con il nome di \u00ab\u00a0343 offese\u00a0\u00bb \u2014 deve ... Lire plus\" \/>\n<meta property=\"og:url\" content=\"https:\/\/www.sebastien-auziere.fr\/blog\/it\/sales-connes-il-collettivo-che-ha-denunciato-brigitte-macron-denuncia-una-procedura-bavaglio-e-lancia-una-raccolta-fondi\/\" \/>\n<meta property=\"og:site_name\" content=\"Fan site S\u00e9bastien Auzi\u00e8re\" \/>\n<meta property=\"article:published_time\" content=\"2026-03-07T16:42:14+00:00\" \/>\n<meta property=\"article:modified_time\" content=\"2026-03-07T16:54:01+00:00\" \/>\n<meta property=\"og:image\" content=\"https:\/\/www.sebastien-auziere.fr\/blog\/wp-content\/uploads\/2026\/03\/Capture-decran-2026-03-07-173746.png\" \/>\n\t<meta property=\"og:image:width\" content=\"414\" \/>\n\t<meta property=\"og:image:height\" content=\"288\" \/>\n\t<meta property=\"og:image:type\" content=\"image\/png\" \/>\n<meta name=\"author\" content=\"Celine\" \/>\n<meta name=\"twitter:card\" content=\"summary_large_image\" \/>\n<meta name=\"twitter:label1\" content=\"\u00c9crit par\" \/>\n\t<meta name=\"twitter:data1\" content=\"Celine\" \/>\n\t<meta name=\"twitter:label2\" content=\"Dur\u00e9e de lecture estim\u00e9e\" \/>\n\t<meta name=\"twitter:data2\" content=\"9 minutes\" \/>\n<script type=\"application\/ld+json\" class=\"yoast-schema-graph\">{\"@context\":\"https:\\\/\\\/schema.org\",\"@graph\":[{\"@type\":\"Article\",\"@id\":\"https:\\\/\\\/www.sebastien-auziere.fr\\\/blog\\\/it\\\/sales-connes-il-collettivo-che-ha-denunciato-brigitte-macron-denuncia-una-procedura-bavaglio-e-lancia-una-raccolta-fondi\\\/#article\",\"isPartOf\":{\"@id\":\"https:\\\/\\\/www.sebastien-auziere.fr\\\/blog\\\/it\\\/sales-connes-il-collettivo-che-ha-denunciato-brigitte-macron-denuncia-una-procedura-bavaglio-e-lancia-una-raccolta-fondi\\\/\"},\"author\":{\"name\":\"Celine\",\"@id\":\"https:\\\/\\\/www.sebastien-auziere.fr\\\/blog\\\/#\\\/schema\\\/person\\\/1e270a963009242469ed08b1c461f81f\"},\"headline\":\"\u00ab\u00a0Sales connes\u00a0\u00bb : il collettivo che ha denunciato Brigitte Macron denuncia una procedura di silenziamento e lancia una raccolta\",\"datePublished\":\"2026-03-07T16:42:14+00:00\",\"dateModified\":\"2026-03-07T16:54:01+00:00\",\"mainEntityOfPage\":{\"@id\":\"https:\\\/\\\/www.sebastien-auziere.fr\\\/blog\\\/it\\\/sales-connes-il-collettivo-che-ha-denunciato-brigitte-macron-denuncia-una-procedura-bavaglio-e-lancia-una-raccolta-fondi\\\/\"},\"wordCount\":1794,\"commentCount\":0,\"publisher\":{\"@id\":\"https:\\\/\\\/www.sebastien-auziere.fr\\\/blog\\\/#organization\"},\"image\":{\"@id\":\"https:\\\/\\\/www.sebastien-auziere.fr\\\/blog\\\/it\\\/sales-connes-il-collettivo-che-ha-denunciato-brigitte-macron-denuncia-una-procedura-bavaglio-e-lancia-una-raccolta-fondi\\\/#primaryimage\"},\"thumbnailUrl\":\"https:\\\/\\\/www.sebastien-auziere.fr\\\/blog\\\/wp-content\\\/uploads\\\/2026\\\/03\\\/Capture-decran-2026-03-07-173746.png\",\"articleSection\":[\"Actualit\u00e0\"],\"inLanguage\":\"fr-FR\",\"potentialAction\":[{\"@type\":\"CommentAction\",\"name\":\"Comment\",\"target\":[\"https:\\\/\\\/www.sebastien-auziere.fr\\\/blog\\\/it\\\/sales-connes-il-collettivo-che-ha-denunciato-brigitte-macron-denuncia-una-procedura-bavaglio-e-lancia-una-raccolta-fondi\\\/#respond\"]}]},{\"@type\":\"WebPage\",\"@id\":\"https:\\\/\\\/www.sebastien-auziere.fr\\\/blog\\\/it\\\/sales-connes-il-collettivo-che-ha-denunciato-brigitte-macron-denuncia-una-procedura-bavaglio-e-lancia-una-raccolta-fondi\\\/\",\"url\":\"https:\\\/\\\/www.sebastien-auziere.fr\\\/blog\\\/it\\\/sales-connes-il-collettivo-che-ha-denunciato-brigitte-macron-denuncia-una-procedura-bavaglio-e-lancia-una-raccolta-fondi\\\/\",\"name\":\"\\\"Sales connes\\\" : il collettivo che ha denunciato Brigitte Macron denuncia una procedura di silenziamento e lancia una raccolta - Fan site S\u00e9bastien Auzi\u00e8re\",\"isPartOf\":{\"@id\":\"https:\\\/\\\/www.sebastien-auziere.fr\\\/blog\\\/#website\"},\"primaryImageOfPage\":{\"@id\":\"https:\\\/\\\/www.sebastien-auziere.fr\\\/blog\\\/it\\\/sales-connes-il-collettivo-che-ha-denunciato-brigitte-macron-denuncia-una-procedura-bavaglio-e-lancia-una-raccolta-fondi\\\/#primaryimage\"},\"image\":{\"@id\":\"https:\\\/\\\/www.sebastien-auziere.fr\\\/blog\\\/it\\\/sales-connes-il-collettivo-che-ha-denunciato-brigitte-macron-denuncia-una-procedura-bavaglio-e-lancia-una-raccolta-fondi\\\/#primaryimage\"},\"thumbnailUrl\":\"https:\\\/\\\/www.sebastien-auziere.fr\\\/blog\\\/wp-content\\\/uploads\\\/2026\\\/03\\\/Capture-decran-2026-03-07-173746.png\",\"datePublished\":\"2026-03-07T16:42:14+00:00\",\"dateModified\":\"2026-03-07T16:54:01+00:00\",\"breadcrumb\":{\"@id\":\"https:\\\/\\\/www.sebastien-auziere.fr\\\/blog\\\/it\\\/sales-connes-il-collettivo-che-ha-denunciato-brigitte-macron-denuncia-una-procedura-bavaglio-e-lancia-una-raccolta-fondi\\\/#breadcrumb\"},\"inLanguage\":\"fr-FR\",\"potentialAction\":[{\"@type\":\"ReadAction\",\"target\":[\"https:\\\/\\\/www.sebastien-auziere.fr\\\/blog\\\/it\\\/sales-connes-il-collettivo-che-ha-denunciato-brigitte-macron-denuncia-una-procedura-bavaglio-e-lancia-una-raccolta-fondi\\\/\"]}]},{\"@type\":\"ImageObject\",\"inLanguage\":\"fr-FR\",\"@id\":\"https:\\\/\\\/www.sebastien-auziere.fr\\\/blog\\\/it\\\/sales-connes-il-collettivo-che-ha-denunciato-brigitte-macron-denuncia-una-procedura-bavaglio-e-lancia-una-raccolta-fondi\\\/#primaryimage\",\"url\":\"https:\\\/\\\/www.sebastien-auziere.fr\\\/blog\\\/wp-content\\\/uploads\\\/2026\\\/03\\\/Capture-decran-2026-03-07-173746.png\",\"contentUrl\":\"https:\\\/\\\/www.sebastien-auziere.fr\\\/blog\\\/wp-content\\\/uploads\\\/2026\\\/03\\\/Capture-decran-2026-03-07-173746.png\",\"width\":414,\"height\":288,\"caption\":\"\\\"Sales connes\\\" : le collectif qui a port\u00e9 plainte contre Brigitte Macron d\u00e9nonce une proc\u00e9dure b\u00e2illon et lance une cagnotte\"},{\"@type\":\"BreadcrumbList\",\"@id\":\"https:\\\/\\\/www.sebastien-auziere.fr\\\/blog\\\/it\\\/sales-connes-il-collettivo-che-ha-denunciato-brigitte-macron-denuncia-una-procedura-bavaglio-e-lancia-una-raccolta-fondi\\\/#breadcrumb\",\"itemListElement\":[{\"@type\":\"ListItem\",\"position\":1,\"name\":\"Home\",\"item\":\"https:\\\/\\\/www.sebastien-auziere.fr\\\/blog\\\/\"},{\"@type\":\"ListItem\",\"position\":2,\"name\":\"\u00ab\u00a0Sales connes\u00a0\u00bb : il collettivo che ha denunciato Brigitte Macron denuncia una procedura di silenziamento e lancia una raccolta\"}]},{\"@type\":\"WebSite\",\"@id\":\"https:\\\/\\\/www.sebastien-auziere.fr\\\/blog\\\/#website\",\"url\":\"https:\\\/\\\/www.sebastien-auziere.fr\\\/blog\\\/\",\"name\":\"Fan site S\u00e9bastien Auzi\u00e8re\",\"description\":\"M\u00e9dia g\u00e9n\u00e9raliste\",\"publisher\":{\"@id\":\"https:\\\/\\\/www.sebastien-auziere.fr\\\/blog\\\/#organization\"},\"potentialAction\":[{\"@type\":\"SearchAction\",\"target\":{\"@type\":\"EntryPoint\",\"urlTemplate\":\"https:\\\/\\\/www.sebastien-auziere.fr\\\/blog\\\/?s={search_term_string}\"},\"query-input\":{\"@type\":\"PropertyValueSpecification\",\"valueRequired\":true,\"valueName\":\"search_term_string\"}}],\"inLanguage\":\"fr-FR\"},{\"@type\":\"Organization\",\"@id\":\"https:\\\/\\\/www.sebastien-auziere.fr\\\/blog\\\/#organization\",\"name\":\"Fan site S\u00e9bastien Auzi\u00e8re\",\"url\":\"https:\\\/\\\/www.sebastien-auziere.fr\\\/blog\\\/\",\"logo\":{\"@type\":\"ImageObject\",\"inLanguage\":\"fr-FR\",\"@id\":\"https:\\\/\\\/www.sebastien-auziere.fr\\\/blog\\\/#\\\/schema\\\/logo\\\/image\\\/\",\"url\":\"https:\\\/\\\/www.sebastien-auziere.fr\\\/blog\\\/wp-content\\\/uploads\\\/2026\\\/03\\\/cropped-cropped-cropped-ChatGPT-Image-6-mars-2026-12_58_09-e1772798376794.jpg\",\"contentUrl\":\"https:\\\/\\\/www.sebastien-auziere.fr\\\/blog\\\/wp-content\\\/uploads\\\/2026\\\/03\\\/cropped-cropped-cropped-ChatGPT-Image-6-mars-2026-12_58_09-e1772798376794.jpg\",\"width\":512,\"height\":360,\"caption\":\"Fan site S\u00e9bastien Auzi\u00e8re\"},\"image\":{\"@id\":\"https:\\\/\\\/www.sebastien-auziere.fr\\\/blog\\\/#\\\/schema\\\/logo\\\/image\\\/\"}},{\"@type\":\"Person\",\"@id\":\"https:\\\/\\\/www.sebastien-auziere.fr\\\/blog\\\/#\\\/schema\\\/person\\\/1e270a963009242469ed08b1c461f81f\",\"name\":\"Celine\",\"image\":{\"@type\":\"ImageObject\",\"inLanguage\":\"fr-FR\",\"@id\":\"https:\\\/\\\/secure.gravatar.com\\\/avatar\\\/c88d569fbe1fe19a13c7f21ee0f8973822df96073df21850b95af6a09ba820c9?s=96&d=mm&r=g\",\"url\":\"https:\\\/\\\/secure.gravatar.com\\\/avatar\\\/c88d569fbe1fe19a13c7f21ee0f8973822df96073df21850b95af6a09ba820c9?s=96&d=mm&r=g\",\"contentUrl\":\"https:\\\/\\\/secure.gravatar.com\\\/avatar\\\/c88d569fbe1fe19a13c7f21ee0f8973822df96073df21850b95af6a09ba820c9?s=96&d=mm&r=g\",\"caption\":\"Celine\"},\"description\":\"Je m'appelle C\u00e9line, j'ai 31 ans et je suis journaliste sp\u00e9cialis\u00e9e dans le cin\u00e9ma. Passionn\u00e9e par le septi\u00e8me art, j'explore les actualit\u00e9s, les critiques et les tendances du monde cin\u00e9matographique. Mon objectif est de partager ma passion et d'informer les amateurs de films \u00e0 travers des articles percutants et des analyses approfondies.\",\"url\":\"https:\\\/\\\/www.sebastien-auziere.fr\\\/blog\\\/author\\\/celine\\\/\"}]}<\/script>\n<!-- \/ Yoast SEO plugin. -->","yoast_head_json":{"title":"\"Sales connes\" : il collettivo che ha denunciato Brigitte Macron denuncia una procedura di silenziamento e lancia una raccolta - Fan site S\u00e9bastien Auzi\u00e8re","robots":{"index":"index","follow":"follow","max-snippet":"max-snippet:-1","max-image-preview":"max-image-preview:large","max-video-preview":"max-video-preview:-1"},"canonical":"https:\/\/www.sebastien-auziere.fr\/blog\/it\/sales-connes-il-collettivo-che-ha-denunciato-brigitte-macron-denuncia-una-procedura-bavaglio-e-lancia-una-raccolta-fondi\/","og_locale":"fr_FR","og_type":"article","og_title":"\"Sales connes\" : il collettivo che ha denunciato Brigitte Macron denuncia una procedura di silenziamento e lancia una raccolta - Fan site S\u00e9bastien Auzi\u00e8re","og_description":"L&rsquo;essenziale: l&rsquo;associazione montpellieraine le Tricoteuse isteriche ha presentato un reclamo a dicembre 2025 contro Brigitte Macron per insulto pubblico, dopo che la Prima donna ha definito \u00ab\u00a0stronze\u00a0\u00bb delle militanti femministe di #NousToutes. Affinch\u00e9 questo reclamo venga esaminato da un giudice istruttore, il collettivo \u2014 che si designa con il nome di \u00ab\u00a0343 offese\u00a0\u00bb \u2014 deve ... Lire plus","og_url":"https:\/\/www.sebastien-auziere.fr\/blog\/it\/sales-connes-il-collettivo-che-ha-denunciato-brigitte-macron-denuncia-una-procedura-bavaglio-e-lancia-una-raccolta-fondi\/","og_site_name":"Fan site S\u00e9bastien Auzi\u00e8re","article_published_time":"2026-03-07T16:42:14+00:00","article_modified_time":"2026-03-07T16:54:01+00:00","og_image":[{"width":414,"height":288,"url":"https:\/\/www.sebastien-auziere.fr\/blog\/wp-content\/uploads\/2026\/03\/Capture-decran-2026-03-07-173746.png","type":"image\/png"}],"author":"Celine","twitter_card":"summary_large_image","twitter_misc":{"\u00c9crit par":"Celine","Dur\u00e9e de lecture estim\u00e9e":"9 minutes"},"schema":{"@context":"https:\/\/schema.org","@graph":[{"@type":"Article","@id":"https:\/\/www.sebastien-auziere.fr\/blog\/it\/sales-connes-il-collettivo-che-ha-denunciato-brigitte-macron-denuncia-una-procedura-bavaglio-e-lancia-una-raccolta-fondi\/#article","isPartOf":{"@id":"https:\/\/www.sebastien-auziere.fr\/blog\/it\/sales-connes-il-collettivo-che-ha-denunciato-brigitte-macron-denuncia-una-procedura-bavaglio-e-lancia-una-raccolta-fondi\/"},"author":{"name":"Celine","@id":"https:\/\/www.sebastien-auziere.fr\/blog\/#\/schema\/person\/1e270a963009242469ed08b1c461f81f"},"headline":"\u00ab\u00a0Sales connes\u00a0\u00bb : il collettivo che ha denunciato Brigitte Macron denuncia una procedura di silenziamento e lancia una raccolta","datePublished":"2026-03-07T16:42:14+00:00","dateModified":"2026-03-07T16:54:01+00:00","mainEntityOfPage":{"@id":"https:\/\/www.sebastien-auziere.fr\/blog\/it\/sales-connes-il-collettivo-che-ha-denunciato-brigitte-macron-denuncia-una-procedura-bavaglio-e-lancia-una-raccolta-fondi\/"},"wordCount":1794,"commentCount":0,"publisher":{"@id":"https:\/\/www.sebastien-auziere.fr\/blog\/#organization"},"image":{"@id":"https:\/\/www.sebastien-auziere.fr\/blog\/it\/sales-connes-il-collettivo-che-ha-denunciato-brigitte-macron-denuncia-una-procedura-bavaglio-e-lancia-una-raccolta-fondi\/#primaryimage"},"thumbnailUrl":"https:\/\/www.sebastien-auziere.fr\/blog\/wp-content\/uploads\/2026\/03\/Capture-decran-2026-03-07-173746.png","articleSection":["Actualit\u00e0"],"inLanguage":"fr-FR","potentialAction":[{"@type":"CommentAction","name":"Comment","target":["https:\/\/www.sebastien-auziere.fr\/blog\/it\/sales-connes-il-collettivo-che-ha-denunciato-brigitte-macron-denuncia-una-procedura-bavaglio-e-lancia-una-raccolta-fondi\/#respond"]}]},{"@type":"WebPage","@id":"https:\/\/www.sebastien-auziere.fr\/blog\/it\/sales-connes-il-collettivo-che-ha-denunciato-brigitte-macron-denuncia-una-procedura-bavaglio-e-lancia-una-raccolta-fondi\/","url":"https:\/\/www.sebastien-auziere.fr\/blog\/it\/sales-connes-il-collettivo-che-ha-denunciato-brigitte-macron-denuncia-una-procedura-bavaglio-e-lancia-una-raccolta-fondi\/","name":"\"Sales connes\" : il collettivo che ha denunciato Brigitte Macron denuncia una procedura di silenziamento e lancia una raccolta - Fan site S\u00e9bastien Auzi\u00e8re","isPartOf":{"@id":"https:\/\/www.sebastien-auziere.fr\/blog\/#website"},"primaryImageOfPage":{"@id":"https:\/\/www.sebastien-auziere.fr\/blog\/it\/sales-connes-il-collettivo-che-ha-denunciato-brigitte-macron-denuncia-una-procedura-bavaglio-e-lancia-una-raccolta-fondi\/#primaryimage"},"image":{"@id":"https:\/\/www.sebastien-auziere.fr\/blog\/it\/sales-connes-il-collettivo-che-ha-denunciato-brigitte-macron-denuncia-una-procedura-bavaglio-e-lancia-una-raccolta-fondi\/#primaryimage"},"thumbnailUrl":"https:\/\/www.sebastien-auziere.fr\/blog\/wp-content\/uploads\/2026\/03\/Capture-decran-2026-03-07-173746.png","datePublished":"2026-03-07T16:42:14+00:00","dateModified":"2026-03-07T16:54:01+00:00","breadcrumb":{"@id":"https:\/\/www.sebastien-auziere.fr\/blog\/it\/sales-connes-il-collettivo-che-ha-denunciato-brigitte-macron-denuncia-una-procedura-bavaglio-e-lancia-una-raccolta-fondi\/#breadcrumb"},"inLanguage":"fr-FR","potentialAction":[{"@type":"ReadAction","target":["https:\/\/www.sebastien-auziere.fr\/blog\/it\/sales-connes-il-collettivo-che-ha-denunciato-brigitte-macron-denuncia-una-procedura-bavaglio-e-lancia-una-raccolta-fondi\/"]}]},{"@type":"ImageObject","inLanguage":"fr-FR","@id":"https:\/\/www.sebastien-auziere.fr\/blog\/it\/sales-connes-il-collettivo-che-ha-denunciato-brigitte-macron-denuncia-una-procedura-bavaglio-e-lancia-una-raccolta-fondi\/#primaryimage","url":"https:\/\/www.sebastien-auziere.fr\/blog\/wp-content\/uploads\/2026\/03\/Capture-decran-2026-03-07-173746.png","contentUrl":"https:\/\/www.sebastien-auziere.fr\/blog\/wp-content\/uploads\/2026\/03\/Capture-decran-2026-03-07-173746.png","width":414,"height":288,"caption":"\"Sales connes\" : le collectif qui a port\u00e9 plainte contre Brigitte Macron d\u00e9nonce une proc\u00e9dure b\u00e2illon et lance une cagnotte"},{"@type":"BreadcrumbList","@id":"https:\/\/www.sebastien-auziere.fr\/blog\/it\/sales-connes-il-collettivo-che-ha-denunciato-brigitte-macron-denuncia-una-procedura-bavaglio-e-lancia-una-raccolta-fondi\/#breadcrumb","itemListElement":[{"@type":"ListItem","position":1,"name":"Home","item":"https:\/\/www.sebastien-auziere.fr\/blog\/"},{"@type":"ListItem","position":2,"name":"\u00ab\u00a0Sales connes\u00a0\u00bb : il collettivo che ha denunciato Brigitte Macron denuncia una procedura di silenziamento e lancia una raccolta"}]},{"@type":"WebSite","@id":"https:\/\/www.sebastien-auziere.fr\/blog\/#website","url":"https:\/\/www.sebastien-auziere.fr\/blog\/","name":"Fan site S\u00e9bastien Auzi\u00e8re","description":"M\u00e9dia g\u00e9n\u00e9raliste","publisher":{"@id":"https:\/\/www.sebastien-auziere.fr\/blog\/#organization"},"potentialAction":[{"@type":"SearchAction","target":{"@type":"EntryPoint","urlTemplate":"https:\/\/www.sebastien-auziere.fr\/blog\/?s={search_term_string}"},"query-input":{"@type":"PropertyValueSpecification","valueRequired":true,"valueName":"search_term_string"}}],"inLanguage":"fr-FR"},{"@type":"Organization","@id":"https:\/\/www.sebastien-auziere.fr\/blog\/#organization","name":"Fan site S\u00e9bastien Auzi\u00e8re","url":"https:\/\/www.sebastien-auziere.fr\/blog\/","logo":{"@type":"ImageObject","inLanguage":"fr-FR","@id":"https:\/\/www.sebastien-auziere.fr\/blog\/#\/schema\/logo\/image\/","url":"https:\/\/www.sebastien-auziere.fr\/blog\/wp-content\/uploads\/2026\/03\/cropped-cropped-cropped-ChatGPT-Image-6-mars-2026-12_58_09-e1772798376794.jpg","contentUrl":"https:\/\/www.sebastien-auziere.fr\/blog\/wp-content\/uploads\/2026\/03\/cropped-cropped-cropped-ChatGPT-Image-6-mars-2026-12_58_09-e1772798376794.jpg","width":512,"height":360,"caption":"Fan site S\u00e9bastien Auzi\u00e8re"},"image":{"@id":"https:\/\/www.sebastien-auziere.fr\/blog\/#\/schema\/logo\/image\/"}},{"@type":"Person","@id":"https:\/\/www.sebastien-auziere.fr\/blog\/#\/schema\/person\/1e270a963009242469ed08b1c461f81f","name":"Celine","image":{"@type":"ImageObject","inLanguage":"fr-FR","@id":"https:\/\/secure.gravatar.com\/avatar\/c88d569fbe1fe19a13c7f21ee0f8973822df96073df21850b95af6a09ba820c9?s=96&d=mm&r=g","url":"https:\/\/secure.gravatar.com\/avatar\/c88d569fbe1fe19a13c7f21ee0f8973822df96073df21850b95af6a09ba820c9?s=96&d=mm&r=g","contentUrl":"https:\/\/secure.gravatar.com\/avatar\/c88d569fbe1fe19a13c7f21ee0f8973822df96073df21850b95af6a09ba820c9?s=96&d=mm&r=g","caption":"Celine"},"description":"Je m'appelle C\u00e9line, j'ai 31 ans et je suis journaliste sp\u00e9cialis\u00e9e dans le cin\u00e9ma. Passionn\u00e9e par le septi\u00e8me art, j'explore les actualit\u00e9s, les critiques et les tendances du monde cin\u00e9matographique. Mon objectif est de partager ma passion et d'informer les amateurs de films \u00e0 travers des articles percutants et des analyses approfondies.","url":"https:\/\/www.sebastien-auziere.fr\/blog\/author\/celine\/"}]}},"views":66,"_links":{"self":[{"href":"https:\/\/www.sebastien-auziere.fr\/blog\/wp-json\/wp\/v2\/posts\/2341","targetHints":{"allow":["GET"]}}],"collection":[{"href":"https:\/\/www.sebastien-auziere.fr\/blog\/wp-json\/wp\/v2\/posts"}],"about":[{"href":"https:\/\/www.sebastien-auziere.fr\/blog\/wp-json\/wp\/v2\/types\/post"}],"author":[{"embeddable":true,"href":"https:\/\/www.sebastien-auziere.fr\/blog\/wp-json\/wp\/v2\/users\/4"}],"replies":[{"embeddable":true,"href":"https:\/\/www.sebastien-auziere.fr\/blog\/wp-json\/wp\/v2\/comments?post=2341"}],"version-history":[{"count":2,"href":"https:\/\/www.sebastien-auziere.fr\/blog\/wp-json\/wp\/v2\/posts\/2341\/revisions"}],"predecessor-version":[{"id":2354,"href":"https:\/\/www.sebastien-auziere.fr\/blog\/wp-json\/wp\/v2\/posts\/2341\/revisions\/2354"}],"wp:featuredmedia":[{"embeddable":true,"href":"https:\/\/www.sebastien-auziere.fr\/blog\/wp-json\/wp\/v2\/media\/2335"}],"wp:attachment":[{"href":"https:\/\/www.sebastien-auziere.fr\/blog\/wp-json\/wp\/v2\/media?parent=2341"}],"wp:term":[{"taxonomy":"category","embeddable":true,"href":"https:\/\/www.sebastien-auziere.fr\/blog\/wp-json\/wp\/v2\/categories?post=2341"},{"taxonomy":"post_tag","embeddable":true,"href":"https:\/\/www.sebastien-auziere.fr\/blog\/wp-json\/wp\/v2\/tags?post=2341"}],"curies":[{"name":"wp","href":"https:\/\/api.w.org\/{rel}","templated":true}]}}