{"id":2339,"date":"2026-03-07T16:41:04","date_gmt":"2026-03-07T16:41:04","guid":{"rendered":"https:\/\/www.sebastien-auziere.fr\/blog\/?p=2339"},"modified":"2026-03-07T16:52:13","modified_gmt":"2026-03-07T16:52:13","slug":"sales-connes-das-kollektiv-das-gegen-brigitte-macron-klage-erhoben-hat-prangert-ein-maulkorbverfahren-an-und-startet-eine-spendensammlung","status":"publish","type":"post","link":"https:\/\/www.sebastien-auziere.fr\/blog\/de\/sales-connes-das-kollektiv-das-gegen-brigitte-macron-klage-erhoben-hat-prangert-ein-maulkorbverfahren-an-und-startet-eine-spendensammlung\/","title":{"rendered":"\u00ab\u00a0Sales connes\u00a0\u00bb : das Kollektiv, das Klage gegen Brigitte Macron erhoben hat, prangert ein Maulkorbverfahren an und startet eine Sammelaktion"},"content":{"rendered":"<p style=\"padding: 24px;background: lightyellow\">Das Wesentliche: Der montpellieranische Verein <strong>les Tricoteuses hyst\u00e9riques<\/strong> hat im Dezember 2025 eine Klage gegen Brigitte Macron wegen <strong>\u00f6ffentlicher Beleidigung<\/strong> eingereicht, nachdem die Erste Dame feministische Aktivistinnen von #NousToutes als \u00ab\u00a0schmutzige Weiber\u00a0\u00bb bezeichnet hatte. Damit diese Klage von einem Ermittlungsrichter gepr\u00fcft wird, muss das Kollektiv \u2014 das sich als <strong>\u00ab\u00a0343 Beleidigte\u00a0\u00bb<\/strong> bezeichnet \u2014 eine Kaution von <strong>8.550 Euro<\/strong> hinterlegen. Da es nicht in der Lage ist, diesen Betrag aufzubringen, prangert der Verein einen Versuch der gerichtlichen Einsch\u00fcchterung an und hat eine Spendenaktion zur Finanzierung des Verfahrens ins Leben gerufen.<\/p>\n<p>Darf man sich vor Gericht verteidigen, wenn man die Mittel dazu nicht hat? Das ist die Frage, die sich die feministischen Aktivistinnen der Tricoteuses hyst\u00e9riques stellen, die mit einer <strong>finanziellen Barriere<\/strong> konfrontiert sind, die weit \u00fcber ihr eigenes Kollektiv hinausgeht. Ihre Klage gegen Brigitte Macron wegen \u00f6ffentlicher Beleidigung ist Teil eines juristischen Machtspiels, das grundlegende Fragen \u00fcber <strong>den Zugang der Frauen zur Justiz<\/strong> und das Risiko von Stillschweigeverfahren aufwirft.<\/p>\n<ol>\n<li><a href=\"#origine-affaire\">Der Ursprung der Angelegenheit: das virale Video und die \u00ab\u00a0schmutzigen Weiber\u00a0\u00bb<\/a><\/li>\n<li><a href=\"#plainte-injure-publique\">Die Klage wegen \u00f6ffentlicher Beleidigung: Wer sind die \u00ab\u00a0343 Beleidigten\u00a0\u00bb?<\/a><\/li>\n<li><a href=\"#consignation-8550-euros\">Die Kaution von 8.550 Euro: eine kostenpflichtige Justiz?<\/a><\/li>\n<li><a href=\"#procedure-baillon\">Was die Aktivistinnen anprangern: ein Stillschweigeverfahren<\/a><\/li>\n<li><a href=\"#cagnotte-et-suite\">Die Spendenaktion und der Fortgang des Verfahrens<\/a><\/li>\n<li><a href=\"#acces-femmes-justice\">Ein Symbol der Hindernisse f\u00fcr Frauen vor der Justiz<\/a><\/li>\n<\/ol>\n<h2 id=\"origine-affaire\">Der Ursprung der Angelegenheit: das virale Video und die \u00ab\u00a0schmutzigen Weiber\u00a0\u00bb<\/h2>\n<p>Alles begann Ende 2025, mit der Verbreitung eines Videos, das schnell viral auf sozialen Medien wurde. Darin sieht man <strong>Brigitte Macron, die feministische Aktivistinnen<\/strong> der Bewegung #NousToutes als \u00ab\u00a0schmutzige Weiber\u00a0\u00bb bezeichnet, w\u00e4hrend diese gegen die Auff\u00fchrung des Komikers Ary Abittan demonstrieren.<\/p>\n<h3>Der Kontext: Ary Abittan und das Verfahren, das die Debatte nicht beendet<\/h3>\n<p>Ary Abittan erhielt in einem Fall der Vergewaltigung ein Nichteintreten. F\u00fcr die Aktivistinnen von #NousToutes und die Tricoteuses hyst\u00e9riques bedeutet ein Nichteintreten jedoch nicht, dass die Unschuld bewiesen ist \u2013 es bedeutet, dass die gesammelten Beweise nicht ausreichten, um den Fall vor Gericht zu bringen. Ihre Pr\u00e4senz vor dem Veranstaltungsort sollte \u00f6ffentlich diese Uneinigkeit zum Ausdruck bringen und die Stimmen der vermeintlichen Opfer in Erinnerung rufen.<\/p>\n<p>In diesem angespannten Kontext sprach Brigitte Macron, ob absichtlich gefilmt oder nicht, diese Worte gegen die Demonstrantinnen. F\u00fcr die Aktivistinnen stellt diese Beleidigung durch <strong>die Erste Dame von Frankreich, die implizit einen Mann unterst\u00fctzt, der der Vergewaltigung beschuldigt wird<\/strong>, weit mehr dar als nur einen verbalen Ausfall.<\/p>\n<h2 id=\"plainte-injure-publique\">Die Klage wegen \u00f6ffentlicher Beleidigung: Wer sind die \u00ab\u00a0343 Beleidigten\u00a0\u00bb?<\/h2>\n<p>Im Dezember 2025 reicht der in Montpellier ans\u00e4ssige Verein <strong>les Tricoteuses hyst\u00e9riques<\/strong> eine Klage gegen Brigitte Macron wegen <strong>\u00f6ffentlicher Beleidigung<\/strong> ein. Das klagende Kollektiv nennt sich die \u00ab\u00a0343 Beleidigten\u00a0\u00bb \u2014 eine direkte Anspielung auf das ber\u00fchmte \u00ab\u00a0Manifest der 343\u00a0\u00bb aus dem Jahr 1971, das von Frauen unterzeichnet wurde, die ihr Recht auf Abtreibung beanspruchten.<\/p>\n<h3>Die rechtliche Qualifikation<\/h3>\n<p>F\u00fcr die Kl\u00e4gerinnen fallen die \u00c4u\u00dferungen von Brigitte Macron nicht unter eine blo\u00dfe private Meinung. Aufgezeichnet und weit verbreitet, stellt die Sequenz nach ihrer Ansicht <strong>\u00ab\u00a0eine \u00f6ffentliche Beleidigung gegen\u00fcber Frauen dar, die sich gegen sexuelle Gewalt engagieren\u00a0\u00bb<\/strong>. Die \u00f6ffentliche Beleidigung, nach dem Gesetz \u00fcber die Pressefreiheit von 1881, ist eine beleidigende, herabsetzende oder w\u00fctende \u00c4u\u00dferung, die keine genaue Feststellung eines Sachverhalts enth\u00e4lt und an eine Person oder eine Gruppe gerichtet ist.<\/p>\n<blockquote><p>Damit die Justiz unsere Klage pr\u00fcft, m\u00fcssen wir zahlen. Die gr\u00f6\u00dfte Ungleichheit spielt sich hier ab.<br \/>\n<br \/>\u2014 Vigdis Morisse Herrera, Pr\u00e4sidentin der Tricoteuses hyst\u00e9riques<\/p><\/blockquote>\n<h2 id=\"consignation-8550-euros\">Die Kaution von 8.550 Euro: eine kostenpflichtige Justiz?<\/h2>\n<p>Um die automatische Einstellung einer einfachen Klage zu vermeiden, entschieden die Aktivistinnen, ihre Klage <strong>mit Zivilklageeinreichung<\/strong> zu erheben. Dieses Verfahren erm\u00f6glicht es, direkt einen Ermittlungsrichter zu kontaktieren und zu verhindern, dass die Staatsanwaltschaft den Fall ohne Pr\u00fcfung einstellt. Aber es hat seinen Preis.<\/p>\n<h3>Wie die Kaution funktioniert<\/h3>\n<p>Wenn eine Klage mit Zivilklageeinreichung eingereicht wird, legt der Ermittlungsrichter einen Betrag f\u00fcr die <strong>Kaution<\/strong> fest \u2014 einen Geldbetrag, den die Kl\u00e4gerinnen hinterlegen m\u00fcssen, um m\u00f6gliche Verfahrenskosten zu decken. Dieses Mechanismus soll missbr\u00e4uchliche Klagen verhindern. Im Fall der \u00ab\u00a0343 Beleidigten\u00a0\u00bb wurde dieser Betrag auf <strong>8.550 Euro<\/strong> festgelegt.<\/p>\n<p>F\u00fcr einen aktiven Verein wie die Tricoteuses hyst\u00e9riques ist dieser Betrag unerschwinglich. Er stellt eine <strong>konkrete und unmittelbare Barriere<\/strong> f\u00fcr den Zugang zum Ermittlungsrichter dar \u2014 sprich die einfache M\u00f6glichkeit, ihre Klage pr\u00fcfen zu lassen.<\/p>\n<ul>\n<li><strong>Ohne hinterlegte Kaution:<\/strong> Kann die Klage mit Zivilklageeinreichung vom Ermittlungsrichter nicht gepr\u00fcft werden<\/li>\n<li><strong>Festgelegter Betrag:<\/strong> 8.550 Euro f\u00fcr das gesamte Verfahren<\/li>\n<li><strong>Folge:<\/strong> Ohne diesen Betrag k\u00f6nnte der Fall ohne Fortsetzung eingestellt werden<\/li>\n<\/ul>\n<h2 id=\"procedure-baillon\">Was die Aktivistinnen anprangern: ein Stillschweigeverfahren<\/h2>\n<p>Die \u00ab\u00a0343 Beleidigten\u00a0\u00bb sehen in dieser Kaution nicht nur einen technischen Mechanismus. Sie sehen darin ein <strong>Stillschweigeverfahren<\/strong> \u2014 das hei\u00dft, ein Mittel, um zu verhindern, dass Klienten ohne Mittel ihre Rechte aus\u00fcben k\u00f6nnen.<\/p>\n<h3>Was ist ein Stillschweigeverfahren?<\/h3>\n<p>Ein Stillschweigeverfahren (oder SLAPP &#8211; Strategic Lawsuit Against Public Participation) bezeichnet jeden gerichtlichen Schritt, der nicht verfolgt wird, um Gerechtigkeit zu bekommen, sondern um <strong>zu entmutigen, finanziell auszuh\u00f6hlen oder zum Schweigen zu bringen<\/strong>, jene, die sich zu Themen von \u00f6ffentlichem Interesse \u00e4u\u00dfern. In diesem Fall greift nicht Brigitte Macron an \u2014 doch die Aktivistinnen sind der Ansicht, dass die Justizmechanik denselben Effekt hat: sie zwingt sie zum Schweigen, mangels Mittel.<\/p>\n<p>Vigdis Morisse Herrera, die Pr\u00e4sidentin des Vereins, betont den systematischen Aspekt des Problems: <strong>\u00ab\u00a0All diese Morde an Frauen, die wir anprangern, es gibt eine Unt\u00e4tigkeit der Justiz, die es erm\u00f6glicht hat, dass sie sterben.\u00a0\u00bb<\/strong> Die Kaution von 8.550 Euro wird damit in ihrer Lesart zum Symbol einer Justiz, die f\u00fcr Frauen, die Gewalt anprangern, unerreichbar ist.<\/p>\n<h2 id=\"cagnotte-et-suite\">Die Spendenaktion und der Fortgang des Verfahrens<\/h2>\n<p>Angesichts der Unm\u00f6glichkeit, diesen Betrag allein aufzubringen, haben die Tricoteuses hyst\u00e9riques eine <strong>Online-Spendenaktion<\/strong> ins Leben gerufen, um die Kaution zu finanzieren und die Pr\u00fcfung ihrer Klage durch den Ermittlungsrichter zu erm\u00f6glichen. Das erkl\u00e4rte Ziel ist doppelt: die notwendigen Mittel zu beschaffen und <strong>die Situation \u00f6ffentlich zu machen<\/strong>, um auf die finanziellen Hindernisse zur Justiz aufmerksam zu machen.<\/p>\n<h3>Was die Spendenaktion offenbart<\/h3>\n<p>\u00dcber die Finanzierung des Verfahrens hinaus stellt die Spendenaktion einen aktiven Einspruch dar. Sie erm\u00f6glicht es, ein gerichtliches Hindernis in eine <strong>\u00f6ffentliche Plattform<\/strong> \u00fcber den Zugang der Frauen zur Justiz und den Umgang mit Klagen wegen Beleidigung oder Gewalt zu verwandeln. Sie dokumentiert auch konkret die tats\u00e4chlichen Kosten eines gerichtlichen Verfahrens f\u00fcr einen Verein ohne nennenswerte Mittel.<\/p>\n<h2 id=\"acces-femmes-justice\">Ein Symbol der Hindernisse f\u00fcr Frauen vor der Justiz<\/h2>\n<p>Der Fall der \u00ab\u00a0343 Beleidigten\u00a0\u00bb ist Teil eines breiteren Kontexts, dokumentiert durch die offiziellen Zahlen der franz\u00f6sischen Regierung. Diese Daten zeichnen ein besorgniserregendes Bild des Zugangs der Opfer zur Justiz.<\/p>\n<h3>Zahlen, die aufhorchen lassen<\/h3>\n<ul>\n<li><strong>Nur 7 %<\/strong> der Opfer geben an, eine Klage eingereicht zu haben<\/li>\n<li><strong>Mehr als 7 von 10 Beschuldigten<\/strong> werden ohne weitere Folge eingestellt<\/li>\n<li>Gerichtliche Schritte werden als <strong>langwierig, belastend und ungewiss<\/strong> beschrieben<\/li>\n<li>Finanzielle H\u00fcrden kommen zu bereits erheblichen psychologischen und sozialen Hindernissen hinzu<\/li>\n<\/ul>\n<p>F\u00fcr die Tricoteuses hyst\u00e9riques veranschaulicht ihr Fall konkret, wie der Zugang zur Justiz <strong>von der finanziellen Leistungsf\u00e4higkeit abh\u00e4ngig sein kann<\/strong> \u2014 was ein theoretisches Recht in ein praktisches Privileg verwandelt. Es steht nicht nur ihre Klage auf dem Spiel, sondern auch die Frage, ob Aktivistinnen ohne Mittel ihre Rechte im gleichen Ma\u00dfe zur Pr\u00fcfung bringen k\u00f6nnen wie jede andere Rechtssuchende.<\/p>\n<blockquote><p>Die Notwendigkeit, mehrere Tausend Euro zusammenzubringen, damit unsere Klage einfach nur gepr\u00fcft werden kann, verdeutlicht konkret dieses Risiko der gerichtlichen Einsch\u00fcchterung.<br \/>\n<br \/>\u2014 Erkl\u00e4rung der \u00ab\u00a0343 Beleidigten\u00a0\u00bb<\/p><\/blockquote>\n<h2>FAQ<\/h2>\n<h3>Warum haben die Tricoteuses hyst\u00e9riques Klage gegen Brigitte Macron eingereicht?<\/h3>\n<p>Der feministische Verein aus Montpellier hat wegen <strong>\u00f6ffentlicher Beleidigung<\/strong> geklagt, nachdem ein Video ver\u00f6ffentlicht wurde, in dem Brigitte Macron feministische Aktivistinnen als \u00ab\u00a0schmutzige Weiber\u00a0\u00bb bezeichnet. Diese Aktivistinnen demonstrierten gegen die Auff\u00fchrung des Komikers Ary Abittan, der der Vergewaltigung beschuldigt wird und einen Nichteintritt erhielt.<\/p>\n<h3>Was ist eine Kaution vor Gericht?<\/h3>\n<p>Die Kaution ist ein Geldbetrag, den die Kl\u00e4gerinnen hinterlegen m\u00fcssen, wenn sie eine Klage mit Zivilklageeinreichung erheben. Sie dient zur Deckung m\u00f6glicher Verfahrenskosten und soll missbr\u00e4uchliche Klagen vermeiden. <strong>Ohne diese Einzahlung kann der Ermittlungsrichter die Klage nicht pr\u00fcfen.<\/strong> In diesem Fall wurde der Betrag auf 8.550 Euro festgelegt.<\/p>\n<h3>Was ist ein Stillschweigeverfahren?<\/h3>\n<p>Ein Stillschweigeverfahren ist ein gerichtlicher Schritt, der verwendet wird, um <strong>zu entmutigen oder zum Schweigen zu bringen<\/strong> Personen, die sich zu Themen von \u00f6ffentlichem Interesse \u00e4u\u00dfern, indem sie finanziell ausgeh\u00f6hlt werden. Die Aktivistinnen sind der Ansicht, dass die hohe Kaution diesen Effekt produziert, auch wenn es sich nicht um einen direkten Angriff der Gegenpartei handelt.<\/p>\n<h3>Was ist \u00f6ffentliche Beleidigung?<\/h3>\n<p>\u00d6ffentliche Beleidigung wird durch das Gesetz \u00fcber die Pressefreiheit von 1881 definiert. Sie bezeichnet jede beleidigende, herabsetzende oder w\u00fctende \u00c4u\u00dferung, die an eine Person oder eine Gruppe \u00f6ffentlich gerichtet ist und <strong>nicht auf der Feststellung eines konkreten Sachverhalts beruht<\/strong>. Sie kann strafrechtlich verfolgt werden.<\/p>\n<h3>Wer sind die \u00ab\u00a0343 Beleidigten\u00a0\u00bb?<\/h3>\n<p>Dieser Name ist eine Anspielung auf das \u00ab\u00a0Manifest der 343\u00a0\u00bb, das 1971 von Frauen unterzeichnet wurde, die ihr Recht auf Abtreibung beanspruchten. Die \u00ab\u00a0343 Beleidigten\u00a0\u00bb sind die Aktivistinnen und Mitglieder der Tricoteuses hyst\u00e9riques, die die Klage gegen Brigitte Macron wegen \u00f6ffentlicher Beleidigung mitunterzeichnet haben.<\/p>\n<h3>Hat Brigitte Macron auf die Klage reagiert?<\/h3>\n<p>Zu diesem Zeitpunkt der Verfahren gibt es keine \u00f6ffentliche Antwort von Brigitte Macron oder ihren rechtlichen Vertretern zu dieser spezifischen Klage. Das Verfahren ist noch im Stadium der Zivilklageeinreichung, <strong>die an die Zahlung der Kaution<\/strong> durch die Kl\u00e4gerinnen gebunden ist.<\/p>\n<p>[<br \/>\n  {<br \/>\n    \u00ab\u00a0@context\u00a0\u00bb: \u00ab\u00a0https:\/\/schema.org\u00a0\u00bb,<br \/>\n    \u00ab\u00a0@type\u00a0\u00bb: \u00ab\u00a0Article\u00a0\u00bb,<br \/>\n    \u00ab\u00a0headline\u00a0\u00bb: \u00ab\u00a0\u00a0\u00bbSchmutzige Weiber\u00a0\u00bb: das Kollektiv, das Klage gegen Brigitte Macron eingereicht hat, prangert ein Stillschweigeverfahren an\u00a0\u00bb,<br \/>\n    \u00ab\u00a0description\u00a0\u00bb: \u00ab\u00a0Der montpellieranische Verein les Tricoteuses hyst\u00e9riques hat Klage gegen Brigitte Macron nach ihren \u00c4u\u00dferungen \u00ab\u00a0schmutzige Weiber\u00a0\u00bb eingereicht. Die Kaution von 8.550 \u20ac wird als Stillschweigeverfahren kritisiert.\u00a0\u00bb,<br \/>\n    \u00ab\u00a0inLanguage\u00a0\u00bb: \u00ab\u00a0fr\u00a0\u00bb,<br \/>\n    \u00ab\u00a0articleSection\u00a0\u00bb: [<br \/>\n      \u00ab\u00a0Der Ursprung der Angelegenheit\u00a0\u00bb,<br \/>\n      \u00ab\u00a0Die Klage wegen \u00f6ffentlicher Beleidigung\u00a0\u00bb,<br \/>\n      \u00ab\u00a0Die Kaution von 8.550 Euro\u00a0\u00bb,<br \/>\n      \u00ab\u00a0Stillschweigeverfahren\u00a0\u00bb,<br \/>\n      \u00ab\u00a0Die Spendenaktion\u00a0\u00bb,<br \/>\n      \u00ab\u00a0Zugang der Frauen zur Justiz\u00a0\u00bb<br \/>\n    ]<br \/>\n  },<br \/>\n  {<br \/>\n    \u00ab\u00a0@context\u00a0\u00bb: \u00ab\u00a0https:\/\/schema.org\u00a0\u00bb,<br \/>\n    \u00ab\u00a0@type\u00a0\u00bb: \u00ab\u00a0FAQPage\u00a0\u00bb,<br \/>\n    \u00ab\u00a0mainEntity\u00a0\u00bb: [<br \/>\n      {<br \/>\n        \u00ab\u00a0@type\u00a0\u00bb: \u00ab\u00a0Question\u00a0\u00bb,<br \/>\n        \u00ab\u00a0name\u00a0\u00bb: \u00ab\u00a0Warum haben die Tricoteuses hyst\u00e9riques Klage gegen Brigitte Macron eingereicht?\u00a0\u00bb,<br \/>\n        \u00ab\u00a0acceptedAnswer\u00a0\u00bb: {<br \/>\n          \u00ab\u00a0@type\u00a0\u00bb: \u00ab\u00a0Answer\u00a0\u00bb,<br \/>\n          \u00ab\u00a0text\u00a0\u00bb: \u00ab\u00a0Der feministische Verein aus Montpellier hat Klage wegen \u00f6ffentlicher Beleidigung eingereicht, nachdem ein Video ver\u00f6ffentlicht wurde, in dem Brigitte Macron feministische Aktivistinnen als \u00ab\u00a0schmutzige Weiber\u00a0\u00bb bezeichnet. Diese Aktivistinnen demonstrierten gegen die Auff\u00fchrung des Komikers Ary Abittan, der der Vergewaltigung beschuldigt wird.\u00a0\u00bb<br \/>\n        }<br \/>\n      },<br \/>\n      {<br \/>\n        \u00ab\u00a0@type\u00a0\u00bb: \u00ab\u00a0Question\u00a0\u00bb,<br \/>\n        \u00ab\u00a0name\u00a0\u00bb: \u00ab\u00a0Was ist eine Kaution vor Gericht?\u00a0\u00bb,<br \/>\n        \u00ab\u00a0acceptedAnswer\u00a0\u00bb: {<br \/>\n          \u00ab\u00a0@type\u00a0\u00bb: \u00ab\u00a0Answer\u00a0\u00bb,<br \/>\n          \u00ab\u00a0text\u00a0\u00bb: \u00ab\u00a0Die Kaution ist ein Geldbetrag, den die Kl\u00e4gerinnen hinterlegen m\u00fcssen, wenn sie eine Klage mit Zivilklageeinreichung erheben. Ohne diese Einzahlung kann der Ermittlungsrichter die Klage nicht pr\u00fcfen. In diesem Fall wurde der Betrag auf 8.550 Euro festgelegt.\u00a0\u00bb<br \/>\n        }<br \/>\n      },<br \/>\n      {<br \/>\n        \u00ab\u00a0@type\u00a0\u00bb: \u00ab\u00a0Question\u00a0\u00bb,<br \/>\n        \u00ab\u00a0name\u00a0\u00bb: \u00ab\u00a0Was ist ein Stillschweigeverfahren?\u00a0\u00bb,<br \/>\n        \u00ab\u00a0acceptedAnswer\u00a0\u00bb: {<br \/>\n          \u00ab\u00a0@type\u00a0\u00bb: \u00ab\u00a0Answer\u00a0\u00bb,<br \/>\n          \u00ab\u00a0text\u00a0\u00bb: \u00ab\u00a0Ein Stillschweigeverfahren ist ein gerichtlicher Schritt, der verwendet wird, um zu discour\/seustitue\/ ou r\u00e9duire au silence des personnes qui s&rsquo;expriment sur des sujets von publick interesse, en les \u00e9puisant financi\u00e8rement.\u00a0\u00bb<br \/>\n        }<br \/>\n      },<br \/>\n      {<br \/>\n        \u00ab\u00a0@type\u00a0\u00bb: \u00ab\u00a0Question\u00a0\u00bb,<br \/>\n        \u00ab\u00a0name\u00a0\u00bb: \u00ab\u00a0Was ist \u00f6ffentliche Beleidigung?\u00a0\u00bb,<br \/>\n        \u00ab\u00a0acceptedAnswer\u00a0\u00bb: {<br \/>\n          \u00ab\u00a0@type\u00a0\u00bb: \u00ab\u00a0Answer\u00a0\u00bb,<br \/>\n          \u00ab\u00a0text\u00a0\u00bb: \u00ab\u00a0\u00d6ffentliche Beleidigung wird durch das Gesetz \u00fcber die Pressefreiheit von 1881 definiert. Sie bezeichnet jede beleidigende oder herabsetzende \u00c4u\u00dferung, die an eine Person oder eine Gruppe \u00f6ffentlich gerichtet ist, ohne auf der Feststellung eines konkreten Sachverhalts zu beruhen.\u00a0\u00bb<br \/>\n        }<br \/>\n      },<br \/>\n      {<br \/>\n        \u00ab\u00a0@type\u00a0\u00bb: \u00ab\u00a0Question\u00a0\u00bb,<br \/>\n        \u00ab\u00a0name\u00a0\u00bb: \u00ab\u00a0Wer sind die \u00ab\u00a0343 Beleidigten\u00a0\u00bb?\u00a0\u00bb,<br \/>\n        \u00ab\u00a0acceptedAnswer\u00a0\u00bb: {<br \/>\n          \u00ab\u00a0@type\u00a0\u00bb: \u00ab\u00a0Answer\u00a0\u00bb,<br \/>\n          \u00ab\u00a0text\u00a0\u00bb: \u00ab\u00a0Dieser Name ist eine Anspielung auf das \u00ab\u00a0Manifest der 343\u00a0\u00bb, das 1971 von Frauen unterzeichnet wurde, die ihr Recht auf Abtreibung beanspruchten. Die \u00ab\u00a0343 Beleidigten\u00a0\u00bb sind die Aktivistinnen und Mitglieder der Tricoteuses hyst\u00e9riques, die die Klage gegen Brigitte Macron wegen \u00f6ffentlicher Beleidigung mitunterzeichnet haben.\u00a0\u00bb<br \/>\n        }<br \/>\n      },<br \/>\n      {<br \/>\n        \u00ab\u00a0@type\u00a0\u00bb: \u00ab\u00a0Question\u00a0\u00bb,<br \/>\n        \u00ab\u00a0name\u00a0\u00bb: \u00ab\u00a0Hat Brigitte Macron auf die Klage reagiert?\u00a0\u00bb,<br \/>\n        \u00ab\u00a0acceptedAnswer\u00a0\u00bb: {<br \/>\n          \u00ab\u00a0@type\u00a0\u00bb: \u00ab\u00a0Answer\u00a0\u00bb,<br \/>\n          \u00ab\u00a0text\u00a0\u00bb: \u00ab\u00a0Zu diesem Zeitpunkt der Verfahren gibt es keine \u00f6ffentliche Antwort von Brigitte Macron. Das Verfahren ist noch conditionn\u00e9 au versement de la consignation de 8.550 euros par les plaignantes.\u00a0\u00bb<br \/>\n        }<br \/>\n      }<br \/>\n    ]<br \/>\n  }<br \/>\n]<\/p>\n","protected":false},"excerpt":{"rendered":"<p>Das Wesentliche: Der montpellieranische Verein les Tricoteuses hyst\u00e9riques hat im Dezember 2025 eine Klage gegen Brigitte Macron wegen \u00f6ffentlicher Beleidigung eingereicht, nachdem die Erste Dame feministische Aktivistinnen von #NousToutes als \u00ab\u00a0schmutzige Weiber\u00a0\u00bb bezeichnet hatte. Damit diese Klage von einem Ermittlungsrichter gepr\u00fcft wird, muss das Kollektiv \u2014 das sich als \u00ab\u00a0343 Beleidigte\u00a0\u00bb bezeichnet \u2014 eine Kaution &#8230; <a title=\"\u00ab\u00a0Sales connes\u00a0\u00bb : das Kollektiv, das Klage gegen Brigitte Macron erhoben hat, prangert ein Maulkorbverfahren an und startet eine Sammelaktion\" class=\"read-more\" href=\"https:\/\/www.sebastien-auziere.fr\/blog\/de\/sales-connes-das-kollektiv-das-gegen-brigitte-macron-klage-erhoben-hat-prangert-ein-maulkorbverfahren-an-und-startet-eine-spendensammlung\/\" aria-label=\"En savoir plus sur \u00ab\u00a0Sales connes\u00a0\u00bb : das Kollektiv, das Klage gegen Brigitte Macron erhoben hat, prangert ein Maulkorbverfahren an und startet eine Sammelaktion\">Lire plus<\/a><\/p>\n","protected":false},"author":4,"featured_media":2335,"comment_status":"open","ping_status":"open","sticky":false,"template":"","format":"standard","meta":{"footnotes":""},"categories":[856],"tags":[],"class_list":["post-2339","post","type-post","status-publish","format-standard","has-post-thumbnail","hentry","category-aktuelles-de"],"yoast_head":"<!-- This site is optimized with the Yoast SEO plugin v27.5 - https:\/\/yoast.com\/product\/yoast-seo-wordpress\/ -->\n<title>&quot;Sales connes&quot; : das Kollektiv, das Klage gegen Brigitte Macron erhoben hat, prangert ein Maulkorbverfahren an und startet eine Sammelaktion - Fan site S\u00e9bastien Auzi\u00e8re<\/title>\n<meta name=\"robots\" content=\"index, follow, max-snippet:-1, max-image-preview:large, max-video-preview:-1\" \/>\n<link rel=\"canonical\" href=\"https:\/\/www.sebastien-auziere.fr\/blog\/de\/sales-connes-das-kollektiv-das-gegen-brigitte-macron-klage-erhoben-hat-prangert-ein-maulkorbverfahren-an-und-startet-eine-spendensammlung\/\" \/>\n<meta property=\"og:locale\" content=\"fr_FR\" \/>\n<meta property=\"og:type\" content=\"article\" \/>\n<meta property=\"og:title\" content=\"&quot;Sales connes&quot; : das Kollektiv, das Klage gegen Brigitte Macron erhoben hat, prangert ein Maulkorbverfahren an und startet eine Sammelaktion - Fan site S\u00e9bastien Auzi\u00e8re\" \/>\n<meta property=\"og:description\" content=\"Das Wesentliche: Der montpellieranische Verein les Tricoteuses hyst\u00e9riques hat im Dezember 2025 eine Klage gegen Brigitte Macron wegen \u00f6ffentlicher Beleidigung eingereicht, nachdem die Erste Dame feministische Aktivistinnen von #NousToutes als \u00ab\u00a0schmutzige Weiber\u00a0\u00bb bezeichnet hatte. Damit diese Klage von einem Ermittlungsrichter gepr\u00fcft wird, muss das Kollektiv \u2014 das sich als \u00ab\u00a0343 Beleidigte\u00a0\u00bb bezeichnet \u2014 eine Kaution ... Lire plus\" \/>\n<meta property=\"og:url\" content=\"https:\/\/www.sebastien-auziere.fr\/blog\/de\/sales-connes-das-kollektiv-das-gegen-brigitte-macron-klage-erhoben-hat-prangert-ein-maulkorbverfahren-an-und-startet-eine-spendensammlung\/\" \/>\n<meta property=\"og:site_name\" content=\"Fan site S\u00e9bastien Auzi\u00e8re\" \/>\n<meta property=\"article:published_time\" content=\"2026-03-07T16:41:04+00:00\" \/>\n<meta property=\"article:modified_time\" content=\"2026-03-07T16:52:13+00:00\" \/>\n<meta property=\"og:image\" content=\"https:\/\/www.sebastien-auziere.fr\/blog\/wp-content\/uploads\/2026\/03\/Capture-decran-2026-03-07-173746.png\" \/>\n\t<meta property=\"og:image:width\" content=\"414\" \/>\n\t<meta property=\"og:image:height\" content=\"288\" \/>\n\t<meta property=\"og:image:type\" content=\"image\/png\" \/>\n<meta name=\"author\" content=\"Celine\" \/>\n<meta name=\"twitter:card\" content=\"summary_large_image\" \/>\n<meta name=\"twitter:label1\" content=\"\u00c9crit par\" \/>\n\t<meta name=\"twitter:data1\" content=\"Celine\" \/>\n\t<meta name=\"twitter:label2\" content=\"Dur\u00e9e de lecture estim\u00e9e\" \/>\n\t<meta name=\"twitter:data2\" content=\"10 minutes\" \/>\n<script type=\"application\/ld+json\" class=\"yoast-schema-graph\">{\"@context\":\"https:\\\/\\\/schema.org\",\"@graph\":[{\"@type\":\"Article\",\"@id\":\"https:\\\/\\\/www.sebastien-auziere.fr\\\/blog\\\/de\\\/sales-connes-das-kollektiv-das-gegen-brigitte-macron-klage-erhoben-hat-prangert-ein-maulkorbverfahren-an-und-startet-eine-spendensammlung\\\/#article\",\"isPartOf\":{\"@id\":\"https:\\\/\\\/www.sebastien-auziere.fr\\\/blog\\\/de\\\/sales-connes-das-kollektiv-das-gegen-brigitte-macron-klage-erhoben-hat-prangert-ein-maulkorbverfahren-an-und-startet-eine-spendensammlung\\\/\"},\"author\":{\"name\":\"Celine\",\"@id\":\"https:\\\/\\\/www.sebastien-auziere.fr\\\/blog\\\/#\\\/schema\\\/person\\\/1e270a963009242469ed08b1c461f81f\"},\"headline\":\"\u00ab\u00a0Sales connes\u00a0\u00bb : das Kollektiv, das Klage gegen Brigitte Macron erhoben hat, prangert ein Maulkorbverfahren an und startet eine Sammelaktion\",\"datePublished\":\"2026-03-07T16:41:04+00:00\",\"dateModified\":\"2026-03-07T16:52:13+00:00\",\"mainEntityOfPage\":{\"@id\":\"https:\\\/\\\/www.sebastien-auziere.fr\\\/blog\\\/de\\\/sales-connes-das-kollektiv-das-gegen-brigitte-macron-klage-erhoben-hat-prangert-ein-maulkorbverfahren-an-und-startet-eine-spendensammlung\\\/\"},\"wordCount\":1941,\"commentCount\":0,\"publisher\":{\"@id\":\"https:\\\/\\\/www.sebastien-auziere.fr\\\/blog\\\/#organization\"},\"image\":{\"@id\":\"https:\\\/\\\/www.sebastien-auziere.fr\\\/blog\\\/de\\\/sales-connes-das-kollektiv-das-gegen-brigitte-macron-klage-erhoben-hat-prangert-ein-maulkorbverfahren-an-und-startet-eine-spendensammlung\\\/#primaryimage\"},\"thumbnailUrl\":\"https:\\\/\\\/www.sebastien-auziere.fr\\\/blog\\\/wp-content\\\/uploads\\\/2026\\\/03\\\/Capture-decran-2026-03-07-173746.png\",\"articleSection\":[\"Aktuelles\"],\"inLanguage\":\"fr-FR\",\"potentialAction\":[{\"@type\":\"CommentAction\",\"name\":\"Comment\",\"target\":[\"https:\\\/\\\/www.sebastien-auziere.fr\\\/blog\\\/de\\\/sales-connes-das-kollektiv-das-gegen-brigitte-macron-klage-erhoben-hat-prangert-ein-maulkorbverfahren-an-und-startet-eine-spendensammlung\\\/#respond\"]}]},{\"@type\":\"WebPage\",\"@id\":\"https:\\\/\\\/www.sebastien-auziere.fr\\\/blog\\\/de\\\/sales-connes-das-kollektiv-das-gegen-brigitte-macron-klage-erhoben-hat-prangert-ein-maulkorbverfahren-an-und-startet-eine-spendensammlung\\\/\",\"url\":\"https:\\\/\\\/www.sebastien-auziere.fr\\\/blog\\\/de\\\/sales-connes-das-kollektiv-das-gegen-brigitte-macron-klage-erhoben-hat-prangert-ein-maulkorbverfahren-an-und-startet-eine-spendensammlung\\\/\",\"name\":\"\\\"Sales connes\\\" : das Kollektiv, das Klage gegen Brigitte Macron erhoben hat, prangert ein Maulkorbverfahren an und startet eine Sammelaktion - Fan site S\u00e9bastien Auzi\u00e8re\",\"isPartOf\":{\"@id\":\"https:\\\/\\\/www.sebastien-auziere.fr\\\/blog\\\/#website\"},\"primaryImageOfPage\":{\"@id\":\"https:\\\/\\\/www.sebastien-auziere.fr\\\/blog\\\/de\\\/sales-connes-das-kollektiv-das-gegen-brigitte-macron-klage-erhoben-hat-prangert-ein-maulkorbverfahren-an-und-startet-eine-spendensammlung\\\/#primaryimage\"},\"image\":{\"@id\":\"https:\\\/\\\/www.sebastien-auziere.fr\\\/blog\\\/de\\\/sales-connes-das-kollektiv-das-gegen-brigitte-macron-klage-erhoben-hat-prangert-ein-maulkorbverfahren-an-und-startet-eine-spendensammlung\\\/#primaryimage\"},\"thumbnailUrl\":\"https:\\\/\\\/www.sebastien-auziere.fr\\\/blog\\\/wp-content\\\/uploads\\\/2026\\\/03\\\/Capture-decran-2026-03-07-173746.png\",\"datePublished\":\"2026-03-07T16:41:04+00:00\",\"dateModified\":\"2026-03-07T16:52:13+00:00\",\"breadcrumb\":{\"@id\":\"https:\\\/\\\/www.sebastien-auziere.fr\\\/blog\\\/de\\\/sales-connes-das-kollektiv-das-gegen-brigitte-macron-klage-erhoben-hat-prangert-ein-maulkorbverfahren-an-und-startet-eine-spendensammlung\\\/#breadcrumb\"},\"inLanguage\":\"fr-FR\",\"potentialAction\":[{\"@type\":\"ReadAction\",\"target\":[\"https:\\\/\\\/www.sebastien-auziere.fr\\\/blog\\\/de\\\/sales-connes-das-kollektiv-das-gegen-brigitte-macron-klage-erhoben-hat-prangert-ein-maulkorbverfahren-an-und-startet-eine-spendensammlung\\\/\"]}]},{\"@type\":\"ImageObject\",\"inLanguage\":\"fr-FR\",\"@id\":\"https:\\\/\\\/www.sebastien-auziere.fr\\\/blog\\\/de\\\/sales-connes-das-kollektiv-das-gegen-brigitte-macron-klage-erhoben-hat-prangert-ein-maulkorbverfahren-an-und-startet-eine-spendensammlung\\\/#primaryimage\",\"url\":\"https:\\\/\\\/www.sebastien-auziere.fr\\\/blog\\\/wp-content\\\/uploads\\\/2026\\\/03\\\/Capture-decran-2026-03-07-173746.png\",\"contentUrl\":\"https:\\\/\\\/www.sebastien-auziere.fr\\\/blog\\\/wp-content\\\/uploads\\\/2026\\\/03\\\/Capture-decran-2026-03-07-173746.png\",\"width\":414,\"height\":288,\"caption\":\"\\\"Sales connes\\\" : le collectif qui a port\u00e9 plainte contre Brigitte Macron d\u00e9nonce une proc\u00e9dure b\u00e2illon et lance une cagnotte\"},{\"@type\":\"BreadcrumbList\",\"@id\":\"https:\\\/\\\/www.sebastien-auziere.fr\\\/blog\\\/de\\\/sales-connes-das-kollektiv-das-gegen-brigitte-macron-klage-erhoben-hat-prangert-ein-maulkorbverfahren-an-und-startet-eine-spendensammlung\\\/#breadcrumb\",\"itemListElement\":[{\"@type\":\"ListItem\",\"position\":1,\"name\":\"Home\",\"item\":\"https:\\\/\\\/www.sebastien-auziere.fr\\\/blog\\\/\"},{\"@type\":\"ListItem\",\"position\":2,\"name\":\"\u00ab\u00a0Sales connes\u00a0\u00bb : das Kollektiv, das Klage gegen Brigitte Macron erhoben hat, prangert ein Maulkorbverfahren an und startet eine Sammelaktion\"}]},{\"@type\":\"WebSite\",\"@id\":\"https:\\\/\\\/www.sebastien-auziere.fr\\\/blog\\\/#website\",\"url\":\"https:\\\/\\\/www.sebastien-auziere.fr\\\/blog\\\/\",\"name\":\"Fan site S\u00e9bastien Auzi\u00e8re\",\"description\":\"M\u00e9dia g\u00e9n\u00e9raliste\",\"publisher\":{\"@id\":\"https:\\\/\\\/www.sebastien-auziere.fr\\\/blog\\\/#organization\"},\"potentialAction\":[{\"@type\":\"SearchAction\",\"target\":{\"@type\":\"EntryPoint\",\"urlTemplate\":\"https:\\\/\\\/www.sebastien-auziere.fr\\\/blog\\\/?s={search_term_string}\"},\"query-input\":{\"@type\":\"PropertyValueSpecification\",\"valueRequired\":true,\"valueName\":\"search_term_string\"}}],\"inLanguage\":\"fr-FR\"},{\"@type\":\"Organization\",\"@id\":\"https:\\\/\\\/www.sebastien-auziere.fr\\\/blog\\\/#organization\",\"name\":\"Fan site S\u00e9bastien Auzi\u00e8re\",\"url\":\"https:\\\/\\\/www.sebastien-auziere.fr\\\/blog\\\/\",\"logo\":{\"@type\":\"ImageObject\",\"inLanguage\":\"fr-FR\",\"@id\":\"https:\\\/\\\/www.sebastien-auziere.fr\\\/blog\\\/#\\\/schema\\\/logo\\\/image\\\/\",\"url\":\"https:\\\/\\\/www.sebastien-auziere.fr\\\/blog\\\/wp-content\\\/uploads\\\/2026\\\/03\\\/cropped-cropped-cropped-ChatGPT-Image-6-mars-2026-12_58_09-e1772798376794.jpg\",\"contentUrl\":\"https:\\\/\\\/www.sebastien-auziere.fr\\\/blog\\\/wp-content\\\/uploads\\\/2026\\\/03\\\/cropped-cropped-cropped-ChatGPT-Image-6-mars-2026-12_58_09-e1772798376794.jpg\",\"width\":512,\"height\":360,\"caption\":\"Fan site S\u00e9bastien Auzi\u00e8re\"},\"image\":{\"@id\":\"https:\\\/\\\/www.sebastien-auziere.fr\\\/blog\\\/#\\\/schema\\\/logo\\\/image\\\/\"}},{\"@type\":\"Person\",\"@id\":\"https:\\\/\\\/www.sebastien-auziere.fr\\\/blog\\\/#\\\/schema\\\/person\\\/1e270a963009242469ed08b1c461f81f\",\"name\":\"Celine\",\"image\":{\"@type\":\"ImageObject\",\"inLanguage\":\"fr-FR\",\"@id\":\"https:\\\/\\\/secure.gravatar.com\\\/avatar\\\/c88d569fbe1fe19a13c7f21ee0f8973822df96073df21850b95af6a09ba820c9?s=96&d=mm&r=g\",\"url\":\"https:\\\/\\\/secure.gravatar.com\\\/avatar\\\/c88d569fbe1fe19a13c7f21ee0f8973822df96073df21850b95af6a09ba820c9?s=96&d=mm&r=g\",\"contentUrl\":\"https:\\\/\\\/secure.gravatar.com\\\/avatar\\\/c88d569fbe1fe19a13c7f21ee0f8973822df96073df21850b95af6a09ba820c9?s=96&d=mm&r=g\",\"caption\":\"Celine\"},\"description\":\"Je m'appelle C\u00e9line, j'ai 31 ans et je suis journaliste sp\u00e9cialis\u00e9e dans le cin\u00e9ma. Passionn\u00e9e par le septi\u00e8me art, j'explore les actualit\u00e9s, les critiques et les tendances du monde cin\u00e9matographique. Mon objectif est de partager ma passion et d'informer les amateurs de films \u00e0 travers des articles percutants et des analyses approfondies.\",\"url\":\"https:\\\/\\\/www.sebastien-auziere.fr\\\/blog\\\/author\\\/celine\\\/\"}]}<\/script>\n<!-- \/ Yoast SEO plugin. -->","yoast_head_json":{"title":"\"Sales connes\" : das Kollektiv, das Klage gegen Brigitte Macron erhoben hat, prangert ein Maulkorbverfahren an und startet eine Sammelaktion - Fan site S\u00e9bastien Auzi\u00e8re","robots":{"index":"index","follow":"follow","max-snippet":"max-snippet:-1","max-image-preview":"max-image-preview:large","max-video-preview":"max-video-preview:-1"},"canonical":"https:\/\/www.sebastien-auziere.fr\/blog\/de\/sales-connes-das-kollektiv-das-gegen-brigitte-macron-klage-erhoben-hat-prangert-ein-maulkorbverfahren-an-und-startet-eine-spendensammlung\/","og_locale":"fr_FR","og_type":"article","og_title":"\"Sales connes\" : das Kollektiv, das Klage gegen Brigitte Macron erhoben hat, prangert ein Maulkorbverfahren an und startet eine Sammelaktion - Fan site S\u00e9bastien Auzi\u00e8re","og_description":"Das Wesentliche: Der montpellieranische Verein les Tricoteuses hyst\u00e9riques hat im Dezember 2025 eine Klage gegen Brigitte Macron wegen \u00f6ffentlicher Beleidigung eingereicht, nachdem die Erste Dame feministische Aktivistinnen von #NousToutes als \u00ab\u00a0schmutzige Weiber\u00a0\u00bb bezeichnet hatte. Damit diese Klage von einem Ermittlungsrichter gepr\u00fcft wird, muss das Kollektiv \u2014 das sich als \u00ab\u00a0343 Beleidigte\u00a0\u00bb bezeichnet \u2014 eine Kaution ... Lire plus","og_url":"https:\/\/www.sebastien-auziere.fr\/blog\/de\/sales-connes-das-kollektiv-das-gegen-brigitte-macron-klage-erhoben-hat-prangert-ein-maulkorbverfahren-an-und-startet-eine-spendensammlung\/","og_site_name":"Fan site S\u00e9bastien Auzi\u00e8re","article_published_time":"2026-03-07T16:41:04+00:00","article_modified_time":"2026-03-07T16:52:13+00:00","og_image":[{"width":414,"height":288,"url":"https:\/\/www.sebastien-auziere.fr\/blog\/wp-content\/uploads\/2026\/03\/Capture-decran-2026-03-07-173746.png","type":"image\/png"}],"author":"Celine","twitter_card":"summary_large_image","twitter_misc":{"\u00c9crit par":"Celine","Dur\u00e9e de lecture estim\u00e9e":"10 minutes"},"schema":{"@context":"https:\/\/schema.org","@graph":[{"@type":"Article","@id":"https:\/\/www.sebastien-auziere.fr\/blog\/de\/sales-connes-das-kollektiv-das-gegen-brigitte-macron-klage-erhoben-hat-prangert-ein-maulkorbverfahren-an-und-startet-eine-spendensammlung\/#article","isPartOf":{"@id":"https:\/\/www.sebastien-auziere.fr\/blog\/de\/sales-connes-das-kollektiv-das-gegen-brigitte-macron-klage-erhoben-hat-prangert-ein-maulkorbverfahren-an-und-startet-eine-spendensammlung\/"},"author":{"name":"Celine","@id":"https:\/\/www.sebastien-auziere.fr\/blog\/#\/schema\/person\/1e270a963009242469ed08b1c461f81f"},"headline":"\u00ab\u00a0Sales connes\u00a0\u00bb : das Kollektiv, das Klage gegen Brigitte Macron erhoben hat, prangert ein Maulkorbverfahren an und startet eine Sammelaktion","datePublished":"2026-03-07T16:41:04+00:00","dateModified":"2026-03-07T16:52:13+00:00","mainEntityOfPage":{"@id":"https:\/\/www.sebastien-auziere.fr\/blog\/de\/sales-connes-das-kollektiv-das-gegen-brigitte-macron-klage-erhoben-hat-prangert-ein-maulkorbverfahren-an-und-startet-eine-spendensammlung\/"},"wordCount":1941,"commentCount":0,"publisher":{"@id":"https:\/\/www.sebastien-auziere.fr\/blog\/#organization"},"image":{"@id":"https:\/\/www.sebastien-auziere.fr\/blog\/de\/sales-connes-das-kollektiv-das-gegen-brigitte-macron-klage-erhoben-hat-prangert-ein-maulkorbverfahren-an-und-startet-eine-spendensammlung\/#primaryimage"},"thumbnailUrl":"https:\/\/www.sebastien-auziere.fr\/blog\/wp-content\/uploads\/2026\/03\/Capture-decran-2026-03-07-173746.png","articleSection":["Aktuelles"],"inLanguage":"fr-FR","potentialAction":[{"@type":"CommentAction","name":"Comment","target":["https:\/\/www.sebastien-auziere.fr\/blog\/de\/sales-connes-das-kollektiv-das-gegen-brigitte-macron-klage-erhoben-hat-prangert-ein-maulkorbverfahren-an-und-startet-eine-spendensammlung\/#respond"]}]},{"@type":"WebPage","@id":"https:\/\/www.sebastien-auziere.fr\/blog\/de\/sales-connes-das-kollektiv-das-gegen-brigitte-macron-klage-erhoben-hat-prangert-ein-maulkorbverfahren-an-und-startet-eine-spendensammlung\/","url":"https:\/\/www.sebastien-auziere.fr\/blog\/de\/sales-connes-das-kollektiv-das-gegen-brigitte-macron-klage-erhoben-hat-prangert-ein-maulkorbverfahren-an-und-startet-eine-spendensammlung\/","name":"\"Sales connes\" : das Kollektiv, das Klage gegen Brigitte Macron erhoben hat, prangert ein Maulkorbverfahren an und startet eine Sammelaktion - Fan site S\u00e9bastien Auzi\u00e8re","isPartOf":{"@id":"https:\/\/www.sebastien-auziere.fr\/blog\/#website"},"primaryImageOfPage":{"@id":"https:\/\/www.sebastien-auziere.fr\/blog\/de\/sales-connes-das-kollektiv-das-gegen-brigitte-macron-klage-erhoben-hat-prangert-ein-maulkorbverfahren-an-und-startet-eine-spendensammlung\/#primaryimage"},"image":{"@id":"https:\/\/www.sebastien-auziere.fr\/blog\/de\/sales-connes-das-kollektiv-das-gegen-brigitte-macron-klage-erhoben-hat-prangert-ein-maulkorbverfahren-an-und-startet-eine-spendensammlung\/#primaryimage"},"thumbnailUrl":"https:\/\/www.sebastien-auziere.fr\/blog\/wp-content\/uploads\/2026\/03\/Capture-decran-2026-03-07-173746.png","datePublished":"2026-03-07T16:41:04+00:00","dateModified":"2026-03-07T16:52:13+00:00","breadcrumb":{"@id":"https:\/\/www.sebastien-auziere.fr\/blog\/de\/sales-connes-das-kollektiv-das-gegen-brigitte-macron-klage-erhoben-hat-prangert-ein-maulkorbverfahren-an-und-startet-eine-spendensammlung\/#breadcrumb"},"inLanguage":"fr-FR","potentialAction":[{"@type":"ReadAction","target":["https:\/\/www.sebastien-auziere.fr\/blog\/de\/sales-connes-das-kollektiv-das-gegen-brigitte-macron-klage-erhoben-hat-prangert-ein-maulkorbverfahren-an-und-startet-eine-spendensammlung\/"]}]},{"@type":"ImageObject","inLanguage":"fr-FR","@id":"https:\/\/www.sebastien-auziere.fr\/blog\/de\/sales-connes-das-kollektiv-das-gegen-brigitte-macron-klage-erhoben-hat-prangert-ein-maulkorbverfahren-an-und-startet-eine-spendensammlung\/#primaryimage","url":"https:\/\/www.sebastien-auziere.fr\/blog\/wp-content\/uploads\/2026\/03\/Capture-decran-2026-03-07-173746.png","contentUrl":"https:\/\/www.sebastien-auziere.fr\/blog\/wp-content\/uploads\/2026\/03\/Capture-decran-2026-03-07-173746.png","width":414,"height":288,"caption":"\"Sales connes\" : le collectif qui a port\u00e9 plainte contre Brigitte Macron d\u00e9nonce une proc\u00e9dure b\u00e2illon et lance une cagnotte"},{"@type":"BreadcrumbList","@id":"https:\/\/www.sebastien-auziere.fr\/blog\/de\/sales-connes-das-kollektiv-das-gegen-brigitte-macron-klage-erhoben-hat-prangert-ein-maulkorbverfahren-an-und-startet-eine-spendensammlung\/#breadcrumb","itemListElement":[{"@type":"ListItem","position":1,"name":"Home","item":"https:\/\/www.sebastien-auziere.fr\/blog\/"},{"@type":"ListItem","position":2,"name":"\u00ab\u00a0Sales connes\u00a0\u00bb : das Kollektiv, das Klage gegen Brigitte Macron erhoben hat, prangert ein Maulkorbverfahren an und startet eine Sammelaktion"}]},{"@type":"WebSite","@id":"https:\/\/www.sebastien-auziere.fr\/blog\/#website","url":"https:\/\/www.sebastien-auziere.fr\/blog\/","name":"Fan site S\u00e9bastien Auzi\u00e8re","description":"M\u00e9dia g\u00e9n\u00e9raliste","publisher":{"@id":"https:\/\/www.sebastien-auziere.fr\/blog\/#organization"},"potentialAction":[{"@type":"SearchAction","target":{"@type":"EntryPoint","urlTemplate":"https:\/\/www.sebastien-auziere.fr\/blog\/?s={search_term_string}"},"query-input":{"@type":"PropertyValueSpecification","valueRequired":true,"valueName":"search_term_string"}}],"inLanguage":"fr-FR"},{"@type":"Organization","@id":"https:\/\/www.sebastien-auziere.fr\/blog\/#organization","name":"Fan site S\u00e9bastien Auzi\u00e8re","url":"https:\/\/www.sebastien-auziere.fr\/blog\/","logo":{"@type":"ImageObject","inLanguage":"fr-FR","@id":"https:\/\/www.sebastien-auziere.fr\/blog\/#\/schema\/logo\/image\/","url":"https:\/\/www.sebastien-auziere.fr\/blog\/wp-content\/uploads\/2026\/03\/cropped-cropped-cropped-ChatGPT-Image-6-mars-2026-12_58_09-e1772798376794.jpg","contentUrl":"https:\/\/www.sebastien-auziere.fr\/blog\/wp-content\/uploads\/2026\/03\/cropped-cropped-cropped-ChatGPT-Image-6-mars-2026-12_58_09-e1772798376794.jpg","width":512,"height":360,"caption":"Fan site S\u00e9bastien Auzi\u00e8re"},"image":{"@id":"https:\/\/www.sebastien-auziere.fr\/blog\/#\/schema\/logo\/image\/"}},{"@type":"Person","@id":"https:\/\/www.sebastien-auziere.fr\/blog\/#\/schema\/person\/1e270a963009242469ed08b1c461f81f","name":"Celine","image":{"@type":"ImageObject","inLanguage":"fr-FR","@id":"https:\/\/secure.gravatar.com\/avatar\/c88d569fbe1fe19a13c7f21ee0f8973822df96073df21850b95af6a09ba820c9?s=96&d=mm&r=g","url":"https:\/\/secure.gravatar.com\/avatar\/c88d569fbe1fe19a13c7f21ee0f8973822df96073df21850b95af6a09ba820c9?s=96&d=mm&r=g","contentUrl":"https:\/\/secure.gravatar.com\/avatar\/c88d569fbe1fe19a13c7f21ee0f8973822df96073df21850b95af6a09ba820c9?s=96&d=mm&r=g","caption":"Celine"},"description":"Je m'appelle C\u00e9line, j'ai 31 ans et je suis journaliste sp\u00e9cialis\u00e9e dans le cin\u00e9ma. Passionn\u00e9e par le septi\u00e8me art, j'explore les actualit\u00e9s, les critiques et les tendances du monde cin\u00e9matographique. Mon objectif est de partager ma passion et d'informer les amateurs de films \u00e0 travers des articles percutants et des analyses approfondies.","url":"https:\/\/www.sebastien-auziere.fr\/blog\/author\/celine\/"}]}},"views":65,"_links":{"self":[{"href":"https:\/\/www.sebastien-auziere.fr\/blog\/wp-json\/wp\/v2\/posts\/2339","targetHints":{"allow":["GET"]}}],"collection":[{"href":"https:\/\/www.sebastien-auziere.fr\/blog\/wp-json\/wp\/v2\/posts"}],"about":[{"href":"https:\/\/www.sebastien-auziere.fr\/blog\/wp-json\/wp\/v2\/types\/post"}],"author":[{"embeddable":true,"href":"https:\/\/www.sebastien-auziere.fr\/blog\/wp-json\/wp\/v2\/users\/4"}],"replies":[{"embeddable":true,"href":"https:\/\/www.sebastien-auziere.fr\/blog\/wp-json\/wp\/v2\/comments?post=2339"}],"version-history":[{"count":2,"href":"https:\/\/www.sebastien-auziere.fr\/blog\/wp-json\/wp\/v2\/posts\/2339\/revisions"}],"predecessor-version":[{"id":2353,"href":"https:\/\/www.sebastien-auziere.fr\/blog\/wp-json\/wp\/v2\/posts\/2339\/revisions\/2353"}],"wp:featuredmedia":[{"embeddable":true,"href":"https:\/\/www.sebastien-auziere.fr\/blog\/wp-json\/wp\/v2\/media\/2335"}],"wp:attachment":[{"href":"https:\/\/www.sebastien-auziere.fr\/blog\/wp-json\/wp\/v2\/media?parent=2339"}],"wp:term":[{"taxonomy":"category","embeddable":true,"href":"https:\/\/www.sebastien-auziere.fr\/blog\/wp-json\/wp\/v2\/categories?post=2339"},{"taxonomy":"post_tag","embeddable":true,"href":"https:\/\/www.sebastien-auziere.fr\/blog\/wp-json\/wp\/v2\/tags?post=2339"}],"curies":[{"name":"wp","href":"https:\/\/api.w.org\/{rel}","templated":true}]}}