{"id":2337,"date":"2026-03-07T16:39:15","date_gmt":"2026-03-07T16:39:15","guid":{"rendered":"https:\/\/www.sebastien-auziere.fr\/blog\/?p=2337"},"modified":"2026-03-07T16:50:10","modified_gmt":"2026-03-07T16:50:10","slug":"sales-connes-el-colectivo-que-denuncio-a-brigitte-macron-denuncia-un-procedimiento-de-mordaza-y-lanza-una-colecta","status":"publish","type":"post","link":"https:\/\/www.sebastien-auziere.fr\/blog\/es\/sales-connes-el-colectivo-que-denuncio-a-brigitte-macron-denuncia-un-procedimiento-de-mordaza-y-lanza-una-colecta\/","title":{"rendered":"\u00ab\u00a0Sales connes\u00a0\u00bb : el colectivo que present\u00f3 una denuncia contra Brigitte Macron denuncia un procedimiento de silencio y lanza una recaudaci\u00f3n"},"content":{"rendered":"<p style=\"padding: 24px;background: lightyellow\">Lo esencial: la asociaci\u00f3n montpelieriana <strong>las Tejedoras hist\u00e9ricas<\/strong> present\u00f3 una denuncia en diciembre de 2025 contra Brigitte Macron por <strong>injuria p\u00fablica<\/strong>, despu\u00e9s de que la Primera dama calificara de \u00ab\u00a0asquerosas\u00a0\u00bb a unas activistas feministas de #NosotrasTodas. Para que esta denuncia sea examinada por un juez de instrucci\u00f3n, el colectivo \u2014que se designa bajo el nombre de <strong>\u00ab\u00a0343 injuriadas\u00a0\u00bb<\/strong>\u2014 debe abonar una consignaci\u00f3n de <strong>8 550 euros<\/strong>. Incapaz de reunir esta suma, la asociaci\u00f3n denuncia un intento de intimidaci\u00f3n judicial y ha lanzado una campa\u00f1a de financiaci\u00f3n para costear el procedimiento.<\/p>\n<p>\u00bfPuede uno permitirse defenderse en justicia cuando no tiene medios para ello? Es la pregunta que plantean las activistas feministas montpelierianas de las Tejedoras hist\u00e9ricas, confrontadas a una <strong>barrera financiera<\/strong> en el coraz\u00f3n de un asunto que supera ampliamente a su \u00fanico colectivo. Su denuncia contra Brigitte Macron por injuria p\u00fablica es el centro de un forcejeo judicial que plantea preguntas fundamentales sobre <strong>el acceso de las mujeres a la justicia<\/strong> y sobre el riesgo de los procedimientos de mutis.<\/p>\n<ol>\n<li><a href=\"#origine-affaire\">El origen del asunto: el video viral y las \u00ab\u00a0asquerosas\u00a0\u00bb<\/a><\/li>\n<li><a href=\"#plainte-injure-publique\">La denuncia por injuria p\u00fablica: \u00bfqui\u00e9nes son las \u00ab\u00a0343 injuriadas\u00a0\u00bb?<\/a><\/li>\n<li><a href=\"#consignation-8550-euros\">La consignaci\u00f3n de 8 550 euros: \u00bfuna justicia que se paga?<\/a><\/li>\n<li><a href=\"#procedure-baillon\">Lo que denuncian las activistas: un procedimiento de mutis<\/a><\/li>\n<li><a href=\"#cagnotte-et-suite\">La campa\u00f1a de financiaci\u00f3n y el seguimiento del procedimiento<\/a><\/li>\n<li><a href=\"#acces-femmes-justice\">Un s\u00edmbolo de los obst\u00e1culos que enfrentan las mujeres ante la justicia<\/a><\/li>\n<\/ol>\n<h2 id=\"origine-affaire\">El origen del asunto: el video viral y las \u00ab\u00a0asquerosas\u00a0\u00bb<\/h2>\n<p>Todo comienza a finales de 2025, con la difusi\u00f3n de un video que r\u00e1pidamente se volvi\u00f3 viral en las redes sociales. En \u00e9l se ve a <strong>Brigitte Macron calificando de \u00ab\u00a0asquerosas\u00a0\u00bb a activistas feministas<\/strong> del movimiento #NosotrasTodas, mientras estas se manifestaban en contra de un espect\u00e1culo del humorista Ary Abittan.<\/p>\n<h3>El contexto: Ary Abittan y el sobreseimiento que no cierra el debate<\/h3>\n<p>Ary Abittan recibi\u00f3 un sobreseimiento en un caso de acusaci\u00f3n de violaci\u00f3n. Pero para las activistas de #NosotrasTodas y para las Tejedoras hist\u00e9ricas, un sobreseimiento no significa una inocencia establecida \u2014 significa que las pruebas reunidas no permitieron llevar el caso a juicio. Su presencia frente al lugar del espect\u00e1culo ten\u00eda como objetivo expresar p\u00fablicamente este desacuerdo y recordar la voz de las v\u00edctimas presuntas.<\/p>\n<p>Es en este contexto tenso que Brigitte Macron, filmada a su insu o no, pronunci\u00f3 estas palabras en contra de las manifestantes. Para las activistas, este insulto lanzado por <strong>la Primera dama de Francia, en apoyo impl\u00edcito a un hombre acusado de violaci\u00f3n<\/strong>, constituye mucho m\u00e1s que una salida de tono verbal.<\/p>\n<h2 id=\"plainte-injure-publique\">La denuncia por injuria p\u00fablica: \u00bfqui\u00e9nes son las \u00ab\u00a0343 injuriadas\u00a0\u00bb?<\/h2>\n<p>En diciembre de 2025, la asociaci\u00f3n con sede en Montpellier, <strong>las Tejedoras hist\u00e9ricas<\/strong>, presenta una denuncia contra Brigitte Macron por <strong>injuria p\u00fablica<\/strong>. El colectivo de demandantes se llama las \u00ab\u00a0343 injuriadas\u00a0\u00bb \u2014 una referencia directa al c\u00e9lebre \u00ab\u00a0Manifiesto de las 343\u00a0\u00bb de 1971, firmado por mujeres que reivindicaban su derecho al aborto.<\/p>\n<h3>La calificaci\u00f3n jur\u00eddica elegida<\/h3>\n<p>Para las demandantes, las palabras de Brigitte Macron no son simplemente una opini\u00f3n privada. Filmada y difundida ampliamente, la secuencia constituye seg\u00fan ellas <strong>\u00ab\u00a0una injuria p\u00fablica dirigida a mujeres comprometidas contra la violencia sexual\u00a0\u00bb<\/strong>. La injuria p\u00fablica, seg\u00fan la ley sobre la libertad de prensa de 1881, es una expresi\u00f3n ofensiva, despreciativa o invectiva que no contiene la imputaci\u00f3n de un hecho preciso, dirigida a una persona o a un grupo.<\/p>\n<blockquote><p>Para que la justicia examine nuestra denuncia, debemos pagar. La mayor de las desigualdades se juega all\u00ed.<br \/>\n<br \/>\u2014 Vigdis Morisse Herrera, presidenta de las Tejedoras hist\u00e9ricas<\/p><\/blockquote>\n<h2 id=\"consignation-8550-euros\">La consignaci\u00f3n de 8 550 euros: \u00bfuna justicia que se paga?<\/h2>\n<p>Para evitar el archivo autom\u00e1tico de una denuncia simple, las activistas han decidido presentar su denuncia <strong>con constituci\u00f3n de parte civil<\/strong>. Este procedimiento permite dirigirse directamente a un juez de instrucci\u00f3n y evitar que la fiscal\u00eda archive el caso sin examinarlo. Pero tiene un costo.<\/p>\n<h3>C\u00f3mo funciona la consignaci\u00f3n<\/h3>\n<p>Cuando se presenta una denuncia con constituci\u00f3n de parte civil, el juez de instrucci\u00f3n fija un monto de <strong>consignaci\u00f3n<\/strong> \u2014 una suma de dinero que las demandantes deben depositar para cubrir posibles costos del procedimiento. Este mecanismo est\u00e1 dise\u00f1ado para evitar las denuncias abusivas. En el caso de las \u00ab\u00a0343 injuriadas\u00a0\u00bb, este monto se fij\u00f3 en <strong>8 550 euros<\/strong>.<\/p>\n<p>Para una asociaci\u00f3n militante como las Tejedoras hist\u00e9ricas, esta suma est\u00e1 fuera de su alcance. Representa un <strong>obst\u00e1culo concreto e inmediato<\/strong> para acceder al juez de instrucci\u00f3n \u2014 es decir, para la simple posibilidad de hacer examinar su denuncia.<\/p>\n<ul>\n<li><strong>Sin consignaci\u00f3n depositada:<\/strong> la denuncia con constituci\u00f3n de parte civil no puede ser examinada por el juez de instrucci\u00f3n<\/li>\n<li><strong>Montante fijado:<\/strong> 8 550 euros para todo el procedimiento<\/li>\n<li><strong>Consecuencia:<\/strong> sin esta suma, el caso corre el riesgo de ser archivado sin m\u00e1s<\/li>\n<\/ul>\n<h2 id=\"procedure-baillon\">Lo que denuncian las activistas: un procedimiento de mutis<\/h2>\n<p>Las \u00ab\u00a0343 injuriadas\u00a0\u00bb no ven en esta consignaci\u00f3n un mero mecanismo t\u00e9cnico. Lo ven como un <strong>procedimiento de mutis<\/strong> \u2014 es decir, un medio desviado para impedir que ciudadanos con recursos limitados ejerzan sus derechos.<\/p>\n<h3>\u00bfQu\u00e9 es un procedimiento de mutis?<\/h3>\n<p>Un procedimiento de mutis (o SLAPP \u2014 Demanda Estrat\u00e9gica Contra la Participaci\u00f3n P\u00fablica) se refiere a cualquier acci\u00f3n judicial utilizada no para obtener justicia, sino para <strong>desalentar, agotar financieramente o silenciar<\/strong> a quienes se expresan sobre temas de inter\u00e9s p\u00fablico. En este caso, no es Brigitte Macron quien ataca \u2014 pero las activistas consideran que la mec\u00e1nica judicial produce el mismo efecto: obligarlas al silencio por falta de recursos.<\/p>\n<p>Para Vigdis Morisse Herrera, presidenta de la asociaci\u00f3n, la dimensi\u00f3n sist\u00e9mica est\u00e1 en el coraz\u00f3n del problema: <strong>\u00ab\u00a0Todos estos asesinatos de estas mujeres que denunciamos, hay una inacci\u00f3n de la justicia que ha permitido que mueran.\u00a0\u00bb<\/strong> La consignaci\u00f3n de 8 550 euros se convierte as\u00ed, en su lectura, en el s\u00edmbolo de una justicia inaccesible para las mujeres que denuncian la violencia.<\/p>\n<h2 id=\"cagnotte-et-suite\">La campa\u00f1a de financiaci\u00f3n y el seguimiento del procedimiento<\/h2>\n<p>Ante la imposibilidad de reunir solas esta suma, las Tejedoras hist\u00e9ricas han lanzado una <strong>campa\u00f1a de financiaci\u00f3n en l\u00ednea<\/strong> para costear la consignaci\u00f3n y permitir el examen de su denuncia por el juez de instrucci\u00f3n. El objetivo declarado es doble: reunir los fondos necesarios y <strong>hacer p\u00fablica la situaci\u00f3n<\/strong> para alertar sobre los obst\u00e1culos financieros a la justicia.<\/p>\n<h3>Lo que revela la campa\u00f1a de financiaci\u00f3n<\/h3>\n<p>M\u00e1s all\u00e1 de la financiaci\u00f3n del procedimiento, la campa\u00f1a es un acto militante. Permite transformar un obst\u00e1culo judicial en una <strong>tribuna p\u00fablica<\/strong> sobre el acceso de las mujeres a la justicia y sobre el tratamiento de las denuncias por injuria o violencia. Tambi\u00e9n documenta, concretamente, el costo real de un procedimiento judicial para una asociaci\u00f3n sin recursos significativos.<\/p>\n<h2 id=\"acces-femmes-justice\">Un s\u00edmbolo de los obst\u00e1culos que enfrentan las mujeres ante la justicia<\/h2>\n<p>El caso de las \u00ab\u00a0343 injuriadas\u00a0\u00bb se inscribe en un contexto m\u00e1s amplio, documentado por las cifras oficiales del gobierno franc\u00e9s. Estos datos trazan un cuadro preocupante del acceso de las v\u00edctimas a la justicia.<\/p>\n<h3>Cifras que llaman la atenci\u00f3n<\/h3>\n<ul>\n<li><strong>Solo el 7 %<\/strong> de las v\u00edctimas declara haber presentado una denuncia<\/li>\n<li><strong>M\u00e1s de 7 acusados de 10<\/strong> son objeto de un archivo sin seguimiento<\/li>\n<li>Procedimientos judiciales descritos como <strong>largos, agotadores e inciertos<\/strong><\/li>\n<li>Barreras financieras que se a\u00f1aden a barreras psicol\u00f3gicas y sociales ya considerables<\/li>\n<\/ul>\n<p>Para las Tejedoras hist\u00e9ricas, su caso ilustra concretamente c\u00f3mo el acceso a la justicia puede estar <strong>condicionado a una capacidad financiera<\/strong> \u2014 convirtiendo un derecho te\u00f3rico en un privilegio pr\u00e1ctico. No solo est\u00e1 en juego su denuncia, sino la cuesti\u00f3n de si unas activistas sin recursos pueden lograr que sus derechos sean examinados al mismo nivel que cualquier otro ciudadano.<\/p>\n<blockquote><p>La necesidad de reunir varios miles de euros para que nuestra denuncia pueda ser simplemente examinada ilustra concretamente este riesgo de intimidaci\u00f3n judicial.<br \/>\n<br \/>\u2014 Comunicado de las \u00ab\u00a0343 injuriadas\u00a0\u00bb<\/p><\/blockquote>\n<h2>FAQ<\/h2>\n<h3>\u00bfPor qu\u00e9 las Tejedoras hist\u00e9ricas denunciaron a Brigitte Macron?<\/h3>\n<p>La asociaci\u00f3n feminista montpelieriana present\u00f3 una denuncia por <strong>injuria p\u00fablica<\/strong> tras la difusi\u00f3n de un video en el que Brigitte Macron califica a unas activistas feministas de \u00ab\u00a0asquerosas\u00a0\u00bb. Estas activistas se manifestaban contra la celebraci\u00f3n de un espect\u00e1culo del humorista Ary Abittan, acusado de violaci\u00f3n y que hab\u00eda recibido un sobreseimiento.<\/p>\n<h3>\u00bfQu\u00e9 es una consignaci\u00f3n en justicia?<\/h3>\n<p>La consignaci\u00f3n es una suma de dinero que las demandantes deben abonar cuando presentan una denuncia con constituci\u00f3n de parte civil. Est\u00e1 destinada a cubrir posible costos del procedimiento y evitar denuncias abusivas. <strong>Sin este abono, el juez de instrucci\u00f3n no puede examinar la denuncia.<\/strong> En este caso, el monto se ha fijado en 8 550 euros.<\/p>\n<h3>\u00bfQu\u00e9 es un procedimiento de mutis?<\/h3>\n<p>Un procedimiento de mutis se refiere a una acci\u00f3n judicial utilizada para <strong>desalentar o silenciar<\/strong> a personas que se expresan sobre temas de inter\u00e9s p\u00fablico, agot\u00e1ndolas financieramente. Las activistas consideran que la alta consignaci\u00f3n produce este efecto, aunque no se trate de un ataque directo por parte de la parte contraria.<\/p>\n<h3>\u00bfQu\u00e9 es la injuria p\u00fablica?<\/h3>\n<p>La injuria p\u00fablica est\u00e1 definida por la ley sobre la libertad de prensa de 1881. Se refiere a cualquier expresi\u00f3n ofensiva o despreciativa dirigida p\u00fablicamente a una persona o grupo, sin imputaci\u00f3n de un hecho preciso.<\/p>\n<h3>\u00bfQui\u00e9nes son las \u00ab\u00a0343 injuriadas\u00a0\u00bb?<\/h3>\n<p>Este nombre es una referencia al \u00ab\u00a0Manifiesto de las 343\u00a0\u00bb, firmado en 1971 por mujeres que reivindicaban su derecho al aborto. Las \u00ab\u00a0343 injuriadas\u00a0\u00bb son las activistas y miembros de las Tejedoras hist\u00e9ricas que han co-firmado la denuncia contra Brigitte Macron por injuria p\u00fablica.<\/p>\n<h3>\u00bfBrigitte Macron ha respondido a la denuncia?<\/h3>\n<p>En esta etapa del procedimiento, no se ha comunicado ninguna respuesta p\u00fablica de Brigitte Macron o de sus representantes legales respecto a esta denuncia espec\u00edfica. El procedimiento a\u00fan est\u00e1 en la fase de constituci\u00f3n de parte civil, <strong>condicionada al abono de la consignaci\u00f3n<\/strong> por parte de las demandantes.<\/p>\n<p>[<br \/>\n  {<br \/>\n    \u00ab\u00a0@context\u00a0\u00bb: \u00ab\u00a0https:\/\/schema.org\u00a0\u00bb,<br \/>\n    \u00ab\u00a0@type\u00a0\u00bb: \u00ab\u00a0Article\u00a0\u00bb,<br \/>\n    \u00ab\u00a0headline\u00a0\u00bb: \u00ab\u00a0\u00a0\u00bbAsquerosas\u00a0\u00bb: el colectivo que denunci\u00f3 a Brigitte Macron denuncia un procedimiento de mutis\u00a0\u00bb,<br \/>\n    \u00ab\u00a0description\u00a0\u00bb: \u00ab\u00a0La asociaci\u00f3n montpelieriana las Tejedoras hist\u00e9ricas ha denunciado a Brigitte Macron tras sus comentarios \u00ab\u00a0asquerosas\u00a0\u00bb. La consignaci\u00f3n fijada en 8 550 \u20ac es denunciada como un procedimiento de mutis.\u00a0\u00bb,<br \/>\n    \u00ab\u00a0inLanguage\u00a0\u00bb: \u00ab\u00a0es\u00a0\u00bb,<br \/>\n    \u00ab\u00a0articleSection\u00a0\u00bb: [<br \/>\n      \u00ab\u00a0El origen del asunto\u00a0\u00bb,<br \/>\n      \u00ab\u00a0La denuncia por injuria p\u00fablica\u00a0\u00bb,<br \/>\n      \u00ab\u00a0La consignaci\u00f3n de 8 550 euros\u00a0\u00bb,<br \/>\n      \u00ab\u00a0Procedimiento de mutis\u00a0\u00bb,<br \/>\n      \u00ab\u00a0La campa\u00f1a de financiaci\u00f3n\u00a0\u00bb,<br \/>\n      \u00ab\u00a0Acceso de las mujeres a la justicia\u00a0\u00bb<br \/>\n    ]<br \/>\n  },<br \/>\n  {<br \/>\n    \u00ab\u00a0@context\u00a0\u00bb: \u00ab\u00a0https:\/\/schema.org\u00a0\u00bb,<br \/>\n    \u00ab\u00a0@type\u00a0\u00bb: \u00ab\u00a0FAQPage\u00a0\u00bb,<br \/>\n    \u00ab\u00a0mainEntity\u00a0\u00bb: [<br \/>\n      {<br \/>\n        \u00ab\u00a0@type\u00a0\u00bb: \u00ab\u00a0Question\u00a0\u00bb,<br \/>\n        \u00ab\u00a0name\u00a0\u00bb: \u00ab\u00a0\u00bfPor qu\u00e9 las Tejedoras hist\u00e9ricas denunciaron a Brigitte Macron?\u00a0\u00bb,<br \/>\n        \u00ab\u00a0acceptedAnswer\u00a0\u00bb: {<br \/>\n          \u00ab\u00a0@type\u00a0\u00bb: \u00ab\u00a0Answer\u00a0\u00bb,<br \/>\n          \u00ab\u00a0text\u00a0\u00bb: \u00ab\u00a0La asociaci\u00f3n feminista montpelieriana present\u00f3 una denuncia por injuria p\u00fablica tras la difusi\u00f3n de un video en el que Brigitte Macron califica a unas activistas feministas de \u00ab\u00a0asquerosas\u00a0\u00bb, mientras estas se manifestaban contra un espect\u00e1culo del humorista Ary Abittan, acusado de violaci\u00f3n.\u00a0\u00bb<br \/>\n        }<br \/>\n      },<br \/>\n      {<br \/>\n        \u00ab\u00a0@type\u00a0\u00bb: \u00ab\u00a0Question\u00a0\u00bb,<br \/>\n        \u00ab\u00a0name\u00a0\u00bb: \u00ab\u00a0\u00bfQu\u00e9 es una consignaci\u00f3n en justicia?\u00a0\u00bb,<br \/>\n        \u00ab\u00a0acceptedAnswer\u00a0\u00bb: {<br \/>\n          \u00ab\u00a0@type\u00a0\u00bb: \u00ab\u00a0Answer\u00a0\u00bb,<br \/>\n          \u00ab\u00a0text\u00a0\u00bb: \u00ab\u00a0La consignaci\u00f3n es una suma de dinero que las demandantes deben abonar al presentar una denuncia con constituci\u00f3n de parte civil. Sin este abono, el juez de instrucci\u00f3n no puede examinar la denuncia. En este caso, el monto se ha fijado en 8 550 euros.\u00a0\u00bb<br \/>\n        }<br \/>\n      },<br \/>\n      {<br \/>\n        \u00ab\u00a0@type\u00a0\u00bb: \u00ab\u00a0Question\u00a0\u00bb,<br \/>\n        \u00ab\u00a0name\u00a0\u00bb: \u00ab\u00a0\u00bfQu\u00e9 es un procedimiento de mutis?\u00a0\u00bb,<br \/>\n        \u00ab\u00a0acceptedAnswer\u00a0\u00bb: {<br \/>\n          \u00ab\u00a0@type\u00a0\u00bb: \u00ab\u00a0Answer\u00a0\u00bb,<br \/>\n          \u00ab\u00a0text\u00a0\u00bb: \u00ab\u00a0Un procedimiento de mutis se refiere a un proceso judicial utilizado para desalentar o silenciar a personas que se expresan sobre temas de inter\u00e9s p\u00fablico, agot\u00e1ndolas financieramente.\u00a0\u00bb<br \/>\n        }<br \/>\n      },<br \/>\n      {<br \/>\n        \u00ab\u00a0@type\u00a0\u00bb: \u00ab\u00a0Question\u00a0\u00bb,<br \/>\n        \u00ab\u00a0name\u00a0\u00bb: \u00ab\u00a0\u00bfQu\u00e9 es la injuria p\u00fablica?\u00a0\u00bb,<br \/>\n        \u00ab\u00a0acceptedAnswer\u00a0\u00bb: {<br \/>\n          \u00ab\u00a0@type\u00a0\u00bb: \u00ab\u00a0Answer\u00a0\u00bb,<br \/>\n          \u00ab\u00a0text\u00a0\u00bb: \u00ab\u00a0La injuria p\u00fablica est\u00e1 definida por la ley sobre la libertad de prensa de 1881. Se refiere a cualquier expresi\u00f3n ofensiva o despreciativa dirigida p\u00fablicamente a una persona o grupo, sin imputaci\u00f3n de un hecho preciso.\u00a0\u00bb<br \/>\n        }<br \/>\n      },<br \/>\n      {<br \/>\n        \u00ab\u00a0@type\u00a0\u00bb: \u00ab\u00a0Question\u00a0\u00bb,<br \/>\n        \u00ab\u00a0name\u00a0\u00bb: \u00ab\u00a0\u00bfQui\u00e9nes son las \u00ab\u00a0343 injuriadas\u00a0\u00bb?\u00a0\u00bb,<br \/>\n        \u00ab\u00a0acceptedAnswer\u00a0\u00bb: {<br \/>\n          \u00ab\u00a0@type\u00a0\u00bb: \u00ab\u00a0Answer\u00a0\u00bb,<br \/>\n          \u00ab\u00a0text\u00a0\u00bb: \u00ab\u00a0Este nombre es una referencia al \u00ab\u00a0Manifiesto de las 343\u00a0\u00bb de 1971. Las \u00ab\u00a0343 injuriadas\u00a0\u00bb son las activistas y miembros de las Tejedoras hist\u00e9ricas que han co-firmado la denuncia contra Brigitte Macron por injuria p\u00fablica.\u00a0\u00bb<br \/>\n        }<br \/>\n      },<br \/>\n      {<br \/>\n        \u00ab\u00a0@type\u00a0\u00bb: \u00ab\u00a0Question\u00a0\u00bb,<br \/>\n        \u00ab\u00a0name\u00a0\u00bb: \u00ab\u00a0\u00bfBrigitte Macron ha respondido a la denuncia?\u00a0\u00bb,<br \/>\n        \u00ab\u00a0acceptedAnswer\u00a0\u00bb: {<br \/>\n          \u00ab\u00a0@type\u00a0\u00bb: \u00ab\u00a0Answer\u00a0\u00bb,<br \/>\n          \u00ab\u00a0text\u00a0\u00bb: \u00ab\u00a0En esta etapa, no se ha comunicado ninguna respuesta p\u00fablica de Brigitte Macron. El procedimiento a\u00fan est\u00e1 condicionado al abono de la consignaci\u00f3n de 8 550 euros por parte de las demandantes.\u00a0\u00bb<br \/>\n        }<br \/>\n      }<br \/>\n    ]<br \/>\n  }<br \/>\n]<\/p>\n","protected":false},"excerpt":{"rendered":"<p>Lo esencial: la asociaci\u00f3n montpelieriana las Tejedoras hist\u00e9ricas present\u00f3 una denuncia en diciembre de 2025 contra Brigitte Macron por injuria p\u00fablica, despu\u00e9s de que la Primera dama calificara de \u00ab\u00a0asquerosas\u00a0\u00bb a unas activistas feministas de #NosotrasTodas. Para que esta denuncia sea examinada por un juez de instrucci\u00f3n, el colectivo \u2014que se designa bajo el nombre &#8230; <a title=\"\u00ab\u00a0Sales connes\u00a0\u00bb : el colectivo que present\u00f3 una denuncia contra Brigitte Macron denuncia un procedimiento de silencio y lanza una recaudaci\u00f3n\" class=\"read-more\" href=\"https:\/\/www.sebastien-auziere.fr\/blog\/es\/sales-connes-el-colectivo-que-denuncio-a-brigitte-macron-denuncia-un-procedimiento-de-mordaza-y-lanza-una-colecta\/\" aria-label=\"En savoir plus sur \u00ab\u00a0Sales connes\u00a0\u00bb : el colectivo que present\u00f3 una denuncia contra Brigitte Macron denuncia un procedimiento de silencio y lanza una recaudaci\u00f3n\">Lire plus<\/a><\/p>\n","protected":false},"author":4,"featured_media":2335,"comment_status":"open","ping_status":"open","sticky":false,"template":"","format":"standard","meta":{"footnotes":""},"categories":[820],"tags":[],"class_list":["post-2337","post","type-post","status-publish","format-standard","has-post-thumbnail","hentry","category-actualidades-es"],"yoast_head":"<!-- This site is optimized with the Yoast SEO plugin v27.5 - https:\/\/yoast.com\/product\/yoast-seo-wordpress\/ -->\n<title>&quot;Sales connes&quot; : el colectivo que present\u00f3 una denuncia contra Brigitte Macron denuncia un procedimiento de silencio y lanza una recaudaci\u00f3n - Fan site S\u00e9bastien Auzi\u00e8re<\/title>\n<meta name=\"robots\" content=\"index, follow, max-snippet:-1, max-image-preview:large, max-video-preview:-1\" \/>\n<link rel=\"canonical\" href=\"https:\/\/www.sebastien-auziere.fr\/blog\/es\/sales-connes-el-colectivo-que-denuncio-a-brigitte-macron-denuncia-un-procedimiento-de-mordaza-y-lanza-una-colecta\/\" \/>\n<meta property=\"og:locale\" content=\"fr_FR\" \/>\n<meta property=\"og:type\" content=\"article\" \/>\n<meta property=\"og:title\" content=\"&quot;Sales connes&quot; : el colectivo que present\u00f3 una denuncia contra Brigitte Macron denuncia un procedimiento de silencio y lanza una recaudaci\u00f3n - Fan site S\u00e9bastien Auzi\u00e8re\" \/>\n<meta property=\"og:description\" content=\"Lo esencial: la asociaci\u00f3n montpelieriana las Tejedoras hist\u00e9ricas present\u00f3 una denuncia en diciembre de 2025 contra Brigitte Macron por injuria p\u00fablica, despu\u00e9s de que la Primera dama calificara de \u00ab\u00a0asquerosas\u00a0\u00bb a unas activistas feministas de #NosotrasTodas. Para que esta denuncia sea examinada por un juez de instrucci\u00f3n, el colectivo \u2014que se designa bajo el nombre ... Lire plus\" \/>\n<meta property=\"og:url\" content=\"https:\/\/www.sebastien-auziere.fr\/blog\/es\/sales-connes-el-colectivo-que-denuncio-a-brigitte-macron-denuncia-un-procedimiento-de-mordaza-y-lanza-una-colecta\/\" \/>\n<meta property=\"og:site_name\" content=\"Fan site S\u00e9bastien Auzi\u00e8re\" \/>\n<meta property=\"article:published_time\" content=\"2026-03-07T16:39:15+00:00\" \/>\n<meta property=\"article:modified_time\" content=\"2026-03-07T16:50:10+00:00\" \/>\n<meta property=\"og:image\" content=\"https:\/\/www.sebastien-auziere.fr\/blog\/wp-content\/uploads\/2026\/03\/Capture-decran-2026-03-07-173746.png\" \/>\n\t<meta property=\"og:image:width\" content=\"414\" \/>\n\t<meta property=\"og:image:height\" content=\"288\" \/>\n\t<meta property=\"og:image:type\" content=\"image\/png\" \/>\n<meta name=\"author\" content=\"Celine\" \/>\n<meta name=\"twitter:card\" content=\"summary_large_image\" \/>\n<meta name=\"twitter:label1\" content=\"\u00c9crit par\" \/>\n\t<meta name=\"twitter:data1\" content=\"Celine\" \/>\n\t<meta name=\"twitter:label2\" content=\"Dur\u00e9e de lecture estim\u00e9e\" \/>\n\t<meta name=\"twitter:data2\" content=\"11 minutes\" \/>\n<script type=\"application\/ld+json\" class=\"yoast-schema-graph\">{\"@context\":\"https:\\\/\\\/schema.org\",\"@graph\":[{\"@type\":\"Article\",\"@id\":\"https:\\\/\\\/www.sebastien-auziere.fr\\\/blog\\\/es\\\/sales-connes-el-colectivo-que-denuncio-a-brigitte-macron-denuncia-un-procedimiento-de-mordaza-y-lanza-una-colecta\\\/#article\",\"isPartOf\":{\"@id\":\"https:\\\/\\\/www.sebastien-auziere.fr\\\/blog\\\/es\\\/sales-connes-el-colectivo-que-denuncio-a-brigitte-macron-denuncia-un-procedimiento-de-mordaza-y-lanza-una-colecta\\\/\"},\"author\":{\"name\":\"Celine\",\"@id\":\"https:\\\/\\\/www.sebastien-auziere.fr\\\/blog\\\/#\\\/schema\\\/person\\\/1e270a963009242469ed08b1c461f81f\"},\"headline\":\"\u00ab\u00a0Sales connes\u00a0\u00bb : el colectivo que present\u00f3 una denuncia contra Brigitte Macron denuncia un procedimiento de silencio y lanza una recaudaci\u00f3n\",\"datePublished\":\"2026-03-07T16:39:15+00:00\",\"dateModified\":\"2026-03-07T16:50:10+00:00\",\"mainEntityOfPage\":{\"@id\":\"https:\\\/\\\/www.sebastien-auziere.fr\\\/blog\\\/es\\\/sales-connes-el-colectivo-que-denuncio-a-brigitte-macron-denuncia-un-procedimiento-de-mordaza-y-lanza-una-colecta\\\/\"},\"wordCount\":2135,\"commentCount\":0,\"publisher\":{\"@id\":\"https:\\\/\\\/www.sebastien-auziere.fr\\\/blog\\\/#organization\"},\"image\":{\"@id\":\"https:\\\/\\\/www.sebastien-auziere.fr\\\/blog\\\/es\\\/sales-connes-el-colectivo-que-denuncio-a-brigitte-macron-denuncia-un-procedimiento-de-mordaza-y-lanza-una-colecta\\\/#primaryimage\"},\"thumbnailUrl\":\"https:\\\/\\\/www.sebastien-auziere.fr\\\/blog\\\/wp-content\\\/uploads\\\/2026\\\/03\\\/Capture-decran-2026-03-07-173746.png\",\"articleSection\":[\"Actualidades\"],\"inLanguage\":\"fr-FR\",\"potentialAction\":[{\"@type\":\"CommentAction\",\"name\":\"Comment\",\"target\":[\"https:\\\/\\\/www.sebastien-auziere.fr\\\/blog\\\/es\\\/sales-connes-el-colectivo-que-denuncio-a-brigitte-macron-denuncia-un-procedimiento-de-mordaza-y-lanza-una-colecta\\\/#respond\"]}]},{\"@type\":\"WebPage\",\"@id\":\"https:\\\/\\\/www.sebastien-auziere.fr\\\/blog\\\/es\\\/sales-connes-el-colectivo-que-denuncio-a-brigitte-macron-denuncia-un-procedimiento-de-mordaza-y-lanza-una-colecta\\\/\",\"url\":\"https:\\\/\\\/www.sebastien-auziere.fr\\\/blog\\\/es\\\/sales-connes-el-colectivo-que-denuncio-a-brigitte-macron-denuncia-un-procedimiento-de-mordaza-y-lanza-una-colecta\\\/\",\"name\":\"\\\"Sales connes\\\" : el colectivo que present\u00f3 una denuncia contra Brigitte Macron denuncia un procedimiento de silencio y lanza una recaudaci\u00f3n - Fan site S\u00e9bastien Auzi\u00e8re\",\"isPartOf\":{\"@id\":\"https:\\\/\\\/www.sebastien-auziere.fr\\\/blog\\\/#website\"},\"primaryImageOfPage\":{\"@id\":\"https:\\\/\\\/www.sebastien-auziere.fr\\\/blog\\\/es\\\/sales-connes-el-colectivo-que-denuncio-a-brigitte-macron-denuncia-un-procedimiento-de-mordaza-y-lanza-una-colecta\\\/#primaryimage\"},\"image\":{\"@id\":\"https:\\\/\\\/www.sebastien-auziere.fr\\\/blog\\\/es\\\/sales-connes-el-colectivo-que-denuncio-a-brigitte-macron-denuncia-un-procedimiento-de-mordaza-y-lanza-una-colecta\\\/#primaryimage\"},\"thumbnailUrl\":\"https:\\\/\\\/www.sebastien-auziere.fr\\\/blog\\\/wp-content\\\/uploads\\\/2026\\\/03\\\/Capture-decran-2026-03-07-173746.png\",\"datePublished\":\"2026-03-07T16:39:15+00:00\",\"dateModified\":\"2026-03-07T16:50:10+00:00\",\"breadcrumb\":{\"@id\":\"https:\\\/\\\/www.sebastien-auziere.fr\\\/blog\\\/es\\\/sales-connes-el-colectivo-que-denuncio-a-brigitte-macron-denuncia-un-procedimiento-de-mordaza-y-lanza-una-colecta\\\/#breadcrumb\"},\"inLanguage\":\"fr-FR\",\"potentialAction\":[{\"@type\":\"ReadAction\",\"target\":[\"https:\\\/\\\/www.sebastien-auziere.fr\\\/blog\\\/es\\\/sales-connes-el-colectivo-que-denuncio-a-brigitte-macron-denuncia-un-procedimiento-de-mordaza-y-lanza-una-colecta\\\/\"]}]},{\"@type\":\"ImageObject\",\"inLanguage\":\"fr-FR\",\"@id\":\"https:\\\/\\\/www.sebastien-auziere.fr\\\/blog\\\/es\\\/sales-connes-el-colectivo-que-denuncio-a-brigitte-macron-denuncia-un-procedimiento-de-mordaza-y-lanza-una-colecta\\\/#primaryimage\",\"url\":\"https:\\\/\\\/www.sebastien-auziere.fr\\\/blog\\\/wp-content\\\/uploads\\\/2026\\\/03\\\/Capture-decran-2026-03-07-173746.png\",\"contentUrl\":\"https:\\\/\\\/www.sebastien-auziere.fr\\\/blog\\\/wp-content\\\/uploads\\\/2026\\\/03\\\/Capture-decran-2026-03-07-173746.png\",\"width\":414,\"height\":288,\"caption\":\"\\\"Sales connes\\\" : le collectif qui a port\u00e9 plainte contre Brigitte Macron d\u00e9nonce une proc\u00e9dure b\u00e2illon et lance une cagnotte\"},{\"@type\":\"BreadcrumbList\",\"@id\":\"https:\\\/\\\/www.sebastien-auziere.fr\\\/blog\\\/es\\\/sales-connes-el-colectivo-que-denuncio-a-brigitte-macron-denuncia-un-procedimiento-de-mordaza-y-lanza-una-colecta\\\/#breadcrumb\",\"itemListElement\":[{\"@type\":\"ListItem\",\"position\":1,\"name\":\"Home\",\"item\":\"https:\\\/\\\/www.sebastien-auziere.fr\\\/blog\\\/\"},{\"@type\":\"ListItem\",\"position\":2,\"name\":\"\u00ab\u00a0Sales connes\u00a0\u00bb : el colectivo que present\u00f3 una denuncia contra Brigitte Macron denuncia un procedimiento de silencio y lanza una recaudaci\u00f3n\"}]},{\"@type\":\"WebSite\",\"@id\":\"https:\\\/\\\/www.sebastien-auziere.fr\\\/blog\\\/#website\",\"url\":\"https:\\\/\\\/www.sebastien-auziere.fr\\\/blog\\\/\",\"name\":\"Fan site S\u00e9bastien Auzi\u00e8re\",\"description\":\"M\u00e9dia g\u00e9n\u00e9raliste\",\"publisher\":{\"@id\":\"https:\\\/\\\/www.sebastien-auziere.fr\\\/blog\\\/#organization\"},\"potentialAction\":[{\"@type\":\"SearchAction\",\"target\":{\"@type\":\"EntryPoint\",\"urlTemplate\":\"https:\\\/\\\/www.sebastien-auziere.fr\\\/blog\\\/?s={search_term_string}\"},\"query-input\":{\"@type\":\"PropertyValueSpecification\",\"valueRequired\":true,\"valueName\":\"search_term_string\"}}],\"inLanguage\":\"fr-FR\"},{\"@type\":\"Organization\",\"@id\":\"https:\\\/\\\/www.sebastien-auziere.fr\\\/blog\\\/#organization\",\"name\":\"Fan site S\u00e9bastien Auzi\u00e8re\",\"url\":\"https:\\\/\\\/www.sebastien-auziere.fr\\\/blog\\\/\",\"logo\":{\"@type\":\"ImageObject\",\"inLanguage\":\"fr-FR\",\"@id\":\"https:\\\/\\\/www.sebastien-auziere.fr\\\/blog\\\/#\\\/schema\\\/logo\\\/image\\\/\",\"url\":\"https:\\\/\\\/www.sebastien-auziere.fr\\\/blog\\\/wp-content\\\/uploads\\\/2026\\\/03\\\/cropped-cropped-cropped-ChatGPT-Image-6-mars-2026-12_58_09-e1772798376794.jpg\",\"contentUrl\":\"https:\\\/\\\/www.sebastien-auziere.fr\\\/blog\\\/wp-content\\\/uploads\\\/2026\\\/03\\\/cropped-cropped-cropped-ChatGPT-Image-6-mars-2026-12_58_09-e1772798376794.jpg\",\"width\":512,\"height\":360,\"caption\":\"Fan site S\u00e9bastien Auzi\u00e8re\"},\"image\":{\"@id\":\"https:\\\/\\\/www.sebastien-auziere.fr\\\/blog\\\/#\\\/schema\\\/logo\\\/image\\\/\"}},{\"@type\":\"Person\",\"@id\":\"https:\\\/\\\/www.sebastien-auziere.fr\\\/blog\\\/#\\\/schema\\\/person\\\/1e270a963009242469ed08b1c461f81f\",\"name\":\"Celine\",\"image\":{\"@type\":\"ImageObject\",\"inLanguage\":\"fr-FR\",\"@id\":\"https:\\\/\\\/secure.gravatar.com\\\/avatar\\\/c88d569fbe1fe19a13c7f21ee0f8973822df96073df21850b95af6a09ba820c9?s=96&d=mm&r=g\",\"url\":\"https:\\\/\\\/secure.gravatar.com\\\/avatar\\\/c88d569fbe1fe19a13c7f21ee0f8973822df96073df21850b95af6a09ba820c9?s=96&d=mm&r=g\",\"contentUrl\":\"https:\\\/\\\/secure.gravatar.com\\\/avatar\\\/c88d569fbe1fe19a13c7f21ee0f8973822df96073df21850b95af6a09ba820c9?s=96&d=mm&r=g\",\"caption\":\"Celine\"},\"description\":\"Je m'appelle C\u00e9line, j'ai 31 ans et je suis journaliste sp\u00e9cialis\u00e9e dans le cin\u00e9ma. Passionn\u00e9e par le septi\u00e8me art, j'explore les actualit\u00e9s, les critiques et les tendances du monde cin\u00e9matographique. Mon objectif est de partager ma passion et d'informer les amateurs de films \u00e0 travers des articles percutants et des analyses approfondies.\",\"url\":\"https:\\\/\\\/www.sebastien-auziere.fr\\\/blog\\\/author\\\/celine\\\/\"}]}<\/script>\n<!-- \/ Yoast SEO plugin. -->","yoast_head_json":{"title":"\"Sales connes\" : el colectivo que present\u00f3 una denuncia contra Brigitte Macron denuncia un procedimiento de silencio y lanza una recaudaci\u00f3n - Fan site S\u00e9bastien Auzi\u00e8re","robots":{"index":"index","follow":"follow","max-snippet":"max-snippet:-1","max-image-preview":"max-image-preview:large","max-video-preview":"max-video-preview:-1"},"canonical":"https:\/\/www.sebastien-auziere.fr\/blog\/es\/sales-connes-el-colectivo-que-denuncio-a-brigitte-macron-denuncia-un-procedimiento-de-mordaza-y-lanza-una-colecta\/","og_locale":"fr_FR","og_type":"article","og_title":"\"Sales connes\" : el colectivo que present\u00f3 una denuncia contra Brigitte Macron denuncia un procedimiento de silencio y lanza una recaudaci\u00f3n - Fan site S\u00e9bastien Auzi\u00e8re","og_description":"Lo esencial: la asociaci\u00f3n montpelieriana las Tejedoras hist\u00e9ricas present\u00f3 una denuncia en diciembre de 2025 contra Brigitte Macron por injuria p\u00fablica, despu\u00e9s de que la Primera dama calificara de \u00ab\u00a0asquerosas\u00a0\u00bb a unas activistas feministas de #NosotrasTodas. Para que esta denuncia sea examinada por un juez de instrucci\u00f3n, el colectivo \u2014que se designa bajo el nombre ... Lire plus","og_url":"https:\/\/www.sebastien-auziere.fr\/blog\/es\/sales-connes-el-colectivo-que-denuncio-a-brigitte-macron-denuncia-un-procedimiento-de-mordaza-y-lanza-una-colecta\/","og_site_name":"Fan site S\u00e9bastien Auzi\u00e8re","article_published_time":"2026-03-07T16:39:15+00:00","article_modified_time":"2026-03-07T16:50:10+00:00","og_image":[{"width":414,"height":288,"url":"https:\/\/www.sebastien-auziere.fr\/blog\/wp-content\/uploads\/2026\/03\/Capture-decran-2026-03-07-173746.png","type":"image\/png"}],"author":"Celine","twitter_card":"summary_large_image","twitter_misc":{"\u00c9crit par":"Celine","Dur\u00e9e de lecture estim\u00e9e":"11 minutes"},"schema":{"@context":"https:\/\/schema.org","@graph":[{"@type":"Article","@id":"https:\/\/www.sebastien-auziere.fr\/blog\/es\/sales-connes-el-colectivo-que-denuncio-a-brigitte-macron-denuncia-un-procedimiento-de-mordaza-y-lanza-una-colecta\/#article","isPartOf":{"@id":"https:\/\/www.sebastien-auziere.fr\/blog\/es\/sales-connes-el-colectivo-que-denuncio-a-brigitte-macron-denuncia-un-procedimiento-de-mordaza-y-lanza-una-colecta\/"},"author":{"name":"Celine","@id":"https:\/\/www.sebastien-auziere.fr\/blog\/#\/schema\/person\/1e270a963009242469ed08b1c461f81f"},"headline":"\u00ab\u00a0Sales connes\u00a0\u00bb : el colectivo que present\u00f3 una denuncia contra Brigitte Macron denuncia un procedimiento de silencio y lanza una recaudaci\u00f3n","datePublished":"2026-03-07T16:39:15+00:00","dateModified":"2026-03-07T16:50:10+00:00","mainEntityOfPage":{"@id":"https:\/\/www.sebastien-auziere.fr\/blog\/es\/sales-connes-el-colectivo-que-denuncio-a-brigitte-macron-denuncia-un-procedimiento-de-mordaza-y-lanza-una-colecta\/"},"wordCount":2135,"commentCount":0,"publisher":{"@id":"https:\/\/www.sebastien-auziere.fr\/blog\/#organization"},"image":{"@id":"https:\/\/www.sebastien-auziere.fr\/blog\/es\/sales-connes-el-colectivo-que-denuncio-a-brigitte-macron-denuncia-un-procedimiento-de-mordaza-y-lanza-una-colecta\/#primaryimage"},"thumbnailUrl":"https:\/\/www.sebastien-auziere.fr\/blog\/wp-content\/uploads\/2026\/03\/Capture-decran-2026-03-07-173746.png","articleSection":["Actualidades"],"inLanguage":"fr-FR","potentialAction":[{"@type":"CommentAction","name":"Comment","target":["https:\/\/www.sebastien-auziere.fr\/blog\/es\/sales-connes-el-colectivo-que-denuncio-a-brigitte-macron-denuncia-un-procedimiento-de-mordaza-y-lanza-una-colecta\/#respond"]}]},{"@type":"WebPage","@id":"https:\/\/www.sebastien-auziere.fr\/blog\/es\/sales-connes-el-colectivo-que-denuncio-a-brigitte-macron-denuncia-un-procedimiento-de-mordaza-y-lanza-una-colecta\/","url":"https:\/\/www.sebastien-auziere.fr\/blog\/es\/sales-connes-el-colectivo-que-denuncio-a-brigitte-macron-denuncia-un-procedimiento-de-mordaza-y-lanza-una-colecta\/","name":"\"Sales connes\" : el colectivo que present\u00f3 una denuncia contra Brigitte Macron denuncia un procedimiento de silencio y lanza una recaudaci\u00f3n - Fan site S\u00e9bastien Auzi\u00e8re","isPartOf":{"@id":"https:\/\/www.sebastien-auziere.fr\/blog\/#website"},"primaryImageOfPage":{"@id":"https:\/\/www.sebastien-auziere.fr\/blog\/es\/sales-connes-el-colectivo-que-denuncio-a-brigitte-macron-denuncia-un-procedimiento-de-mordaza-y-lanza-una-colecta\/#primaryimage"},"image":{"@id":"https:\/\/www.sebastien-auziere.fr\/blog\/es\/sales-connes-el-colectivo-que-denuncio-a-brigitte-macron-denuncia-un-procedimiento-de-mordaza-y-lanza-una-colecta\/#primaryimage"},"thumbnailUrl":"https:\/\/www.sebastien-auziere.fr\/blog\/wp-content\/uploads\/2026\/03\/Capture-decran-2026-03-07-173746.png","datePublished":"2026-03-07T16:39:15+00:00","dateModified":"2026-03-07T16:50:10+00:00","breadcrumb":{"@id":"https:\/\/www.sebastien-auziere.fr\/blog\/es\/sales-connes-el-colectivo-que-denuncio-a-brigitte-macron-denuncia-un-procedimiento-de-mordaza-y-lanza-una-colecta\/#breadcrumb"},"inLanguage":"fr-FR","potentialAction":[{"@type":"ReadAction","target":["https:\/\/www.sebastien-auziere.fr\/blog\/es\/sales-connes-el-colectivo-que-denuncio-a-brigitte-macron-denuncia-un-procedimiento-de-mordaza-y-lanza-una-colecta\/"]}]},{"@type":"ImageObject","inLanguage":"fr-FR","@id":"https:\/\/www.sebastien-auziere.fr\/blog\/es\/sales-connes-el-colectivo-que-denuncio-a-brigitte-macron-denuncia-un-procedimiento-de-mordaza-y-lanza-una-colecta\/#primaryimage","url":"https:\/\/www.sebastien-auziere.fr\/blog\/wp-content\/uploads\/2026\/03\/Capture-decran-2026-03-07-173746.png","contentUrl":"https:\/\/www.sebastien-auziere.fr\/blog\/wp-content\/uploads\/2026\/03\/Capture-decran-2026-03-07-173746.png","width":414,"height":288,"caption":"\"Sales connes\" : le collectif qui a port\u00e9 plainte contre Brigitte Macron d\u00e9nonce une proc\u00e9dure b\u00e2illon et lance une cagnotte"},{"@type":"BreadcrumbList","@id":"https:\/\/www.sebastien-auziere.fr\/blog\/es\/sales-connes-el-colectivo-que-denuncio-a-brigitte-macron-denuncia-un-procedimiento-de-mordaza-y-lanza-una-colecta\/#breadcrumb","itemListElement":[{"@type":"ListItem","position":1,"name":"Home","item":"https:\/\/www.sebastien-auziere.fr\/blog\/"},{"@type":"ListItem","position":2,"name":"\u00ab\u00a0Sales connes\u00a0\u00bb : el colectivo que present\u00f3 una denuncia contra Brigitte Macron denuncia un procedimiento de silencio y lanza una recaudaci\u00f3n"}]},{"@type":"WebSite","@id":"https:\/\/www.sebastien-auziere.fr\/blog\/#website","url":"https:\/\/www.sebastien-auziere.fr\/blog\/","name":"Fan site S\u00e9bastien Auzi\u00e8re","description":"M\u00e9dia g\u00e9n\u00e9raliste","publisher":{"@id":"https:\/\/www.sebastien-auziere.fr\/blog\/#organization"},"potentialAction":[{"@type":"SearchAction","target":{"@type":"EntryPoint","urlTemplate":"https:\/\/www.sebastien-auziere.fr\/blog\/?s={search_term_string}"},"query-input":{"@type":"PropertyValueSpecification","valueRequired":true,"valueName":"search_term_string"}}],"inLanguage":"fr-FR"},{"@type":"Organization","@id":"https:\/\/www.sebastien-auziere.fr\/blog\/#organization","name":"Fan site S\u00e9bastien Auzi\u00e8re","url":"https:\/\/www.sebastien-auziere.fr\/blog\/","logo":{"@type":"ImageObject","inLanguage":"fr-FR","@id":"https:\/\/www.sebastien-auziere.fr\/blog\/#\/schema\/logo\/image\/","url":"https:\/\/www.sebastien-auziere.fr\/blog\/wp-content\/uploads\/2026\/03\/cropped-cropped-cropped-ChatGPT-Image-6-mars-2026-12_58_09-e1772798376794.jpg","contentUrl":"https:\/\/www.sebastien-auziere.fr\/blog\/wp-content\/uploads\/2026\/03\/cropped-cropped-cropped-ChatGPT-Image-6-mars-2026-12_58_09-e1772798376794.jpg","width":512,"height":360,"caption":"Fan site S\u00e9bastien Auzi\u00e8re"},"image":{"@id":"https:\/\/www.sebastien-auziere.fr\/blog\/#\/schema\/logo\/image\/"}},{"@type":"Person","@id":"https:\/\/www.sebastien-auziere.fr\/blog\/#\/schema\/person\/1e270a963009242469ed08b1c461f81f","name":"Celine","image":{"@type":"ImageObject","inLanguage":"fr-FR","@id":"https:\/\/secure.gravatar.com\/avatar\/c88d569fbe1fe19a13c7f21ee0f8973822df96073df21850b95af6a09ba820c9?s=96&d=mm&r=g","url":"https:\/\/secure.gravatar.com\/avatar\/c88d569fbe1fe19a13c7f21ee0f8973822df96073df21850b95af6a09ba820c9?s=96&d=mm&r=g","contentUrl":"https:\/\/secure.gravatar.com\/avatar\/c88d569fbe1fe19a13c7f21ee0f8973822df96073df21850b95af6a09ba820c9?s=96&d=mm&r=g","caption":"Celine"},"description":"Je m'appelle C\u00e9line, j'ai 31 ans et je suis journaliste sp\u00e9cialis\u00e9e dans le cin\u00e9ma. Passionn\u00e9e par le septi\u00e8me art, j'explore les actualit\u00e9s, les critiques et les tendances du monde cin\u00e9matographique. Mon objectif est de partager ma passion et d'informer les amateurs de films \u00e0 travers des articles percutants et des analyses approfondies.","url":"https:\/\/www.sebastien-auziere.fr\/blog\/author\/celine\/"}]}},"views":53,"_links":{"self":[{"href":"https:\/\/www.sebastien-auziere.fr\/blog\/wp-json\/wp\/v2\/posts\/2337","targetHints":{"allow":["GET"]}}],"collection":[{"href":"https:\/\/www.sebastien-auziere.fr\/blog\/wp-json\/wp\/v2\/posts"}],"about":[{"href":"https:\/\/www.sebastien-auziere.fr\/blog\/wp-json\/wp\/v2\/types\/post"}],"author":[{"embeddable":true,"href":"https:\/\/www.sebastien-auziere.fr\/blog\/wp-json\/wp\/v2\/users\/4"}],"replies":[{"embeddable":true,"href":"https:\/\/www.sebastien-auziere.fr\/blog\/wp-json\/wp\/v2\/comments?post=2337"}],"version-history":[{"count":2,"href":"https:\/\/www.sebastien-auziere.fr\/blog\/wp-json\/wp\/v2\/posts\/2337\/revisions"}],"predecessor-version":[{"id":2351,"href":"https:\/\/www.sebastien-auziere.fr\/blog\/wp-json\/wp\/v2\/posts\/2337\/revisions\/2351"}],"wp:featuredmedia":[{"embeddable":true,"href":"https:\/\/www.sebastien-auziere.fr\/blog\/wp-json\/wp\/v2\/media\/2335"}],"wp:attachment":[{"href":"https:\/\/www.sebastien-auziere.fr\/blog\/wp-json\/wp\/v2\/media?parent=2337"}],"wp:term":[{"taxonomy":"category","embeddable":true,"href":"https:\/\/www.sebastien-auziere.fr\/blog\/wp-json\/wp\/v2\/categories?post=2337"},{"taxonomy":"post_tag","embeddable":true,"href":"https:\/\/www.sebastien-auziere.fr\/blog\/wp-json\/wp\/v2\/tags?post=2337"}],"curies":[{"name":"wp","href":"https:\/\/api.w.org\/{rel}","templated":true}]}}