{"id":2326,"date":"2026-03-06T17:48:57","date_gmt":"2026-03-06T17:48:57","guid":{"rendered":"https:\/\/www.sebastien-auziere.fr\/blog\/?p=2326"},"modified":"2026-03-06T17:49:19","modified_gmt":"2026-03-06T17:49:19","slug":"andre-louis-auziere-quem-foi-o-ex-marido-de-brigitte-macron","status":"publish","type":"post","link":"https:\/\/www.sebastien-auziere.fr\/blog\/pt\/andre-louis-auziere-quem-foi-o-ex-marido-de-brigitte-macron\/","title":{"rendered":"Andr\u00e9-Louis Auzi\u00e8re: quem foi o ex-marido de Brigitte Macron?"},"content":{"rendered":"<p style=\"padding: 24px;background: lightblue\">\nO que \u00e9 importante lembrar: <strong>Andr\u00e9-Louis Auzi\u00e8re foi o primeiro marido de Brigitte Macron<\/strong>. Banqueiro por profiss\u00e3o, ele viveu longe dos holofotes, apesar da notoriedade de sua ex-esposa, que se tornou primeira-dama da Fran\u00e7a. Juntos, tiveram tr\u00eas filhos antes do div\u00f3rcio em 2006.\n<\/p>\n<p>\nAntes de se casar com Emmanuel Macron, Brigitte Macron compartilhou grande parte de sua vida com <strong>Andr\u00e9-Louis Auzi\u00e8re<\/strong>. Pouco conhecido do grande p\u00fablico, esse homem discreto, no entanto, desempenhou um papel importante na hist\u00f3ria pessoal da primeira-dama. Neste artigo, voc\u00ea vai descobrir <strong>quem foi Andr\u00e9-Louis Auzi\u00e8re, sua trajet\u00f3ria profissional e sua vida familiar<\/strong>.\n<\/p>\n<ol>\n<li><a href=\"#qui-etait-auziere\">Quem foi Andr\u00e9-Louis Auzi\u00e8re<\/a><\/li>\n<li><a href=\"#mariage-brigitte\">Seu casamento com Brigitte Macron<\/a><\/li>\n<li><a href=\"#vie-discrete\">Uma vida longe dos meios de comunica\u00e7\u00e3o<\/a><\/li>\n<li><a href=\"#deces\">A morte de Andr\u00e9-Louis Auzi\u00e8re<\/a><\/li>\n<\/ol>\n<h2 id=\"qui-etait-auziere\">Quem foi Andr\u00e9-Louis Auzi\u00e8re<\/h2>\n<p>\nAndr\u00e9-Louis Auzi\u00e8re nasceu em 1951 em Eseka, Camar\u00f5es. Ele construiu sua carreira no setor banc\u00e1rio e trabalhou, entre outros, como executivo no Cr\u00e9dit du Nord. :contentReference[oaicite:0]{index=0}\n<\/p>\n<p>\nAo contr\u00e1rio de sua ex-esposa, que se tornou uma personalidade p\u00fablica, ele sempre preferiu permanecer <strong>muito discreto e afastado da exposi\u00e7\u00e3o midi\u00e1tica<\/strong>.\n<\/p>\n<h2 id=\"mariage-brigitte\">Seu casamento com Brigitte Macron<\/h2>\n<p>\nBrigitte Trogneux (o nome de solteira de Brigitte Macron) casou-se com Andr\u00e9-Louis Auzi\u00e8re em <strong>22 de junho de 1974<\/strong>. :contentReference[oaicite:1]{index=1}\n<\/p>\n<h3>Tr\u00eas filhos fruto da uni\u00e3o deles<\/h3>\n<p>\nO casal teve tr\u00eas filhos:\n<\/p>\n<ul>\n<li>S\u00e9bastien Auzi\u00e8re (nascido em 1975)<\/li>\n<li>Laurence Auzi\u00e8re (nascida em 1977)<\/li>\n<li>Tiphaine Auzi\u00e8re (nascida em 1984)<\/li>\n<\/ul>\n<p>\nA fam\u00edlia viveu v\u00e1rios anos em Estrasburgo e depois em Amiens antes que o relacionamento chegasse ao fim. :contentReference[oaicite:2]{index=2}\n<\/p>\n<h2 id=\"vie-discrete\">Uma vida intencionalmente discreta<\/h2>\n<p>\nAp\u00f3s a separa\u00e7\u00e3o do casal e o relacionamento entre Brigitte Macron e Emmanuel Macron, Andr\u00e9-Louis Auzi\u00e8re optou por permanecer <strong>longe de toda exposi\u00e7\u00e3o midi\u00e1tica<\/strong>.\n<\/p>\n<p>\nSegundo v\u00e1rios depoimentos, ele estava particularmente preocupado em preservar seu anonimato e sua vida privada, apesar da aten\u00e7\u00e3o da m\u00eddia em torno de sua ex-esposa, agora primeira-dama. :contentReference[oaicite:3]{index=3}\n<\/p>\n<h2 id=\"deces\">A morte de Andr\u00e9-Louis Auzi\u00e8re<\/h2>\n<p>\nAndr\u00e9-Louis Auzi\u00e8re faleceu em dezembro de 2019, aos 68 anos, ap\u00f3s uma doen\u00e7a. :contentReference[oaicite:4]{index=4}\n<\/p>\n<p>\nSeu falecimento foi anunciado v\u00e1rios meses depois por sua filha Tiphaine Auzi\u00e8re. O funeral ocorreu em um ambiente de m\u00e1xima intimidade, conforme seu desejo de discri\u00e7\u00e3o. :contentReference[oaicite:5]{index=5}\n<\/p>\n<div style=\"overflow:auto;max-width:100%\">\n<table>\n<tr>\n<th>Informa\u00e7\u00e3o<\/th>\n<th>Detalhe<\/th>\n<\/tr>\n<tr>\n<td>Nome<\/td>\n<td>Andr\u00e9-Louis Auzi\u00e8re<\/td>\n<\/tr>\n<tr>\n<td>Nascimento<\/td>\n<td>1951 em Eseka (Camar\u00f5es)<\/td>\n<\/tr>\n<tr>\n<td>Profiss\u00e3o<\/td>\n<td>Banqueiro<\/td>\n<\/tr>\n<tr>\n<td>Casamento com Brigitte Macron<\/td>\n<td>1974<\/td>\n<\/tr>\n<tr>\n<td>Filhos<\/td>\n<td>S\u00e9bastien, Laurence, Tiphaine<\/td>\n<\/tr>\n<tr>\n<td>Morte<\/td>\n<td>Dezembro de 2019<\/td>\n<\/tr>\n<\/table>\n<\/div>\n<p>\nEmbora pouco divulgado na m\u00eddia, Andr\u00e9-Louis Auzi\u00e8re foi uma figura importante na vida pessoal de Brigitte Macron antes de sua entrada na pol\u00edtica francesa.\n<\/p>\n<h2>FAQ<\/h2>\n<h3>Quem foi Andr\u00e9-Louis Auzi\u00e8re?<\/h3>\n<p>\nEle foi o primeiro marido de Brigitte Macron e trabalhava como banqueiro.\n<\/p>\n<h3>Quantos filhos ele teve com Brigitte Macron?<\/h3>\n<p>\nO casal teve tr\u00eas filhos: S\u00e9bastien, Laurence e Tiphaine.\n<\/p>\n<h3>Quando Brigitte Macron se divorciou de Andr\u00e9-Louis Auzi\u00e8re?<\/h3>\n<p>\nO div\u00f3rcio foi formalizado em 2006.\n<\/p>\n<h3>Quando Andr\u00e9-Louis Auzi\u00e8re faleceu?<\/h3>\n<p>\nEle faleceu em dezembro de 2019, aos 68 anos.<\/p>\n","protected":false},"excerpt":{"rendered":"<p>O que \u00e9 importante lembrar: Andr\u00e9-Louis Auzi\u00e8re foi o primeiro marido de Brigitte Macron. Banqueiro por profiss\u00e3o, ele viveu longe dos holofotes, apesar da notoriedade de sua ex-esposa, que se tornou primeira-dama da Fran\u00e7a. Juntos, tiveram tr\u00eas filhos antes do div\u00f3rcio em 2006. Antes de se casar com Emmanuel Macron, Brigitte Macron compartilhou grande parte &#8230; <a title=\"Andr\u00e9-Louis Auzi\u00e8re: quem foi o ex-marido de Brigitte Macron?\" class=\"read-more\" href=\"https:\/\/www.sebastien-auziere.fr\/blog\/pt\/andre-louis-auziere-quem-foi-o-ex-marido-de-brigitte-macron\/\" aria-label=\"En savoir plus sur Andr\u00e9-Louis Auzi\u00e8re: quem foi o ex-marido de Brigitte Macron?\">Lire plus<\/a><\/p>\n","protected":false},"author":4,"featured_media":2316,"comment_status":"open","ping_status":"open","sticky":false,"template":"","format":"standard","meta":{"footnotes":""},"categories":[848],"tags":[],"class_list":["post-2326","post","type-post","status-publish","format-standard","has-post-thumbnail","hentry","category-non-classe-pt"],"yoast_head":"<!-- This site is optimized with the Yoast SEO plugin v27.5 - https:\/\/yoast.com\/product\/yoast-seo-wordpress\/ -->\n<title>Andr\u00e9-Louis Auzi\u00e8re: quem foi o ex-marido de Brigitte Macron? - Fan site S\u00e9bastien Auzi\u00e8re<\/title>\n<meta name=\"robots\" content=\"index, follow, max-snippet:-1, max-image-preview:large, max-video-preview:-1\" \/>\n<link rel=\"canonical\" href=\"https:\/\/www.sebastien-auziere.fr\/blog\/pt\/andre-louis-auziere-quem-foi-o-ex-marido-de-brigitte-macron\/\" \/>\n<meta property=\"og:locale\" content=\"fr_FR\" \/>\n<meta property=\"og:type\" content=\"article\" \/>\n<meta property=\"og:title\" content=\"Andr\u00e9-Louis Auzi\u00e8re: quem foi o ex-marido de Brigitte Macron? - Fan site S\u00e9bastien Auzi\u00e8re\" \/>\n<meta property=\"og:description\" content=\"O que \u00e9 importante lembrar: Andr\u00e9-Louis Auzi\u00e8re foi o primeiro marido de Brigitte Macron. Banqueiro por profiss\u00e3o, ele viveu longe dos holofotes, apesar da notoriedade de sua ex-esposa, que se tornou primeira-dama da Fran\u00e7a. Juntos, tiveram tr\u00eas filhos antes do div\u00f3rcio em 2006. Antes de se casar com Emmanuel Macron, Brigitte Macron compartilhou grande parte ... Lire plus\" \/>\n<meta property=\"og:url\" content=\"https:\/\/www.sebastien-auziere.fr\/blog\/pt\/andre-louis-auziere-quem-foi-o-ex-marido-de-brigitte-macron\/\" \/>\n<meta property=\"og:site_name\" content=\"Fan site S\u00e9bastien Auzi\u00e8re\" \/>\n<meta property=\"article:published_time\" content=\"2026-03-06T17:48:57+00:00\" \/>\n<meta property=\"article:modified_time\" content=\"2026-03-06T17:49:19+00:00\" \/>\n<meta property=\"og:image\" content=\"https:\/\/www.sebastien-auziere.fr\/blog\/wp-content\/uploads\/2026\/03\/louis-auziere-mari-macron.jpg\" \/>\n\t<meta property=\"og:image:width\" content=\"1536\" \/>\n\t<meta property=\"og:image:height\" content=\"1024\" \/>\n\t<meta property=\"og:image:type\" content=\"image\/jpeg\" \/>\n<meta name=\"author\" content=\"Celine\" \/>\n<meta name=\"twitter:card\" content=\"summary_large_image\" \/>\n<meta name=\"twitter:label1\" content=\"\u00c9crit par\" \/>\n\t<meta name=\"twitter:data1\" content=\"Celine\" \/>\n\t<meta name=\"twitter:label2\" content=\"Dur\u00e9e de lecture estim\u00e9e\" \/>\n\t<meta name=\"twitter:data2\" content=\"3 minutes\" \/>\n<script type=\"application\/ld+json\" class=\"yoast-schema-graph\">{\"@context\":\"https:\\\/\\\/schema.org\",\"@graph\":[{\"@type\":\"Article\",\"@id\":\"https:\\\/\\\/www.sebastien-auziere.fr\\\/blog\\\/pt\\\/andre-louis-auziere-quem-foi-o-ex-marido-de-brigitte-macron\\\/#article\",\"isPartOf\":{\"@id\":\"https:\\\/\\\/www.sebastien-auziere.fr\\\/blog\\\/pt\\\/andre-louis-auziere-quem-foi-o-ex-marido-de-brigitte-macron\\\/\"},\"author\":{\"name\":\"Celine\",\"@id\":\"https:\\\/\\\/www.sebastien-auziere.fr\\\/blog\\\/#\\\/schema\\\/person\\\/1e270a963009242469ed08b1c461f81f\"},\"headline\":\"Andr\u00e9-Louis Auzi\u00e8re: quem foi o ex-marido de Brigitte Macron?\",\"datePublished\":\"2026-03-06T17:48:57+00:00\",\"dateModified\":\"2026-03-06T17:49:19+00:00\",\"mainEntityOfPage\":{\"@id\":\"https:\\\/\\\/www.sebastien-auziere.fr\\\/blog\\\/pt\\\/andre-louis-auziere-quem-foi-o-ex-marido-de-brigitte-macron\\\/\"},\"wordCount\":535,\"commentCount\":0,\"publisher\":{\"@id\":\"https:\\\/\\\/www.sebastien-auziere.fr\\\/blog\\\/#organization\"},\"image\":{\"@id\":\"https:\\\/\\\/www.sebastien-auziere.fr\\\/blog\\\/pt\\\/andre-louis-auziere-quem-foi-o-ex-marido-de-brigitte-macron\\\/#primaryimage\"},\"thumbnailUrl\":\"https:\\\/\\\/www.sebastien-auziere.fr\\\/blog\\\/wp-content\\\/uploads\\\/2026\\\/03\\\/louis-auziere-mari-macron.jpg\",\"inLanguage\":\"fr-FR\",\"potentialAction\":[{\"@type\":\"CommentAction\",\"name\":\"Comment\",\"target\":[\"https:\\\/\\\/www.sebastien-auziere.fr\\\/blog\\\/pt\\\/andre-louis-auziere-quem-foi-o-ex-marido-de-brigitte-macron\\\/#respond\"]}]},{\"@type\":\"WebPage\",\"@id\":\"https:\\\/\\\/www.sebastien-auziere.fr\\\/blog\\\/pt\\\/andre-louis-auziere-quem-foi-o-ex-marido-de-brigitte-macron\\\/\",\"url\":\"https:\\\/\\\/www.sebastien-auziere.fr\\\/blog\\\/pt\\\/andre-louis-auziere-quem-foi-o-ex-marido-de-brigitte-macron\\\/\",\"name\":\"Andr\u00e9-Louis Auzi\u00e8re: quem foi o ex-marido de Brigitte Macron? - Fan site S\u00e9bastien Auzi\u00e8re\",\"isPartOf\":{\"@id\":\"https:\\\/\\\/www.sebastien-auziere.fr\\\/blog\\\/#website\"},\"primaryImageOfPage\":{\"@id\":\"https:\\\/\\\/www.sebastien-auziere.fr\\\/blog\\\/pt\\\/andre-louis-auziere-quem-foi-o-ex-marido-de-brigitte-macron\\\/#primaryimage\"},\"image\":{\"@id\":\"https:\\\/\\\/www.sebastien-auziere.fr\\\/blog\\\/pt\\\/andre-louis-auziere-quem-foi-o-ex-marido-de-brigitte-macron\\\/#primaryimage\"},\"thumbnailUrl\":\"https:\\\/\\\/www.sebastien-auziere.fr\\\/blog\\\/wp-content\\\/uploads\\\/2026\\\/03\\\/louis-auziere-mari-macron.jpg\",\"datePublished\":\"2026-03-06T17:48:57+00:00\",\"dateModified\":\"2026-03-06T17:49:19+00:00\",\"breadcrumb\":{\"@id\":\"https:\\\/\\\/www.sebastien-auziere.fr\\\/blog\\\/pt\\\/andre-louis-auziere-quem-foi-o-ex-marido-de-brigitte-macron\\\/#breadcrumb\"},\"inLanguage\":\"fr-FR\",\"potentialAction\":[{\"@type\":\"ReadAction\",\"target\":[\"https:\\\/\\\/www.sebastien-auziere.fr\\\/blog\\\/pt\\\/andre-louis-auziere-quem-foi-o-ex-marido-de-brigitte-macron\\\/\"]}]},{\"@type\":\"ImageObject\",\"inLanguage\":\"fr-FR\",\"@id\":\"https:\\\/\\\/www.sebastien-auziere.fr\\\/blog\\\/pt\\\/andre-louis-auziere-quem-foi-o-ex-marido-de-brigitte-macron\\\/#primaryimage\",\"url\":\"https:\\\/\\\/www.sebastien-auziere.fr\\\/blog\\\/wp-content\\\/uploads\\\/2026\\\/03\\\/louis-auziere-mari-macron.jpg\",\"contentUrl\":\"https:\\\/\\\/www.sebastien-auziere.fr\\\/blog\\\/wp-content\\\/uploads\\\/2026\\\/03\\\/louis-auziere-mari-macron.jpg\",\"width\":1536,\"height\":1024,\"caption\":\"andre louis auziere ex mari de brigitte macron\"},{\"@type\":\"BreadcrumbList\",\"@id\":\"https:\\\/\\\/www.sebastien-auziere.fr\\\/blog\\\/pt\\\/andre-louis-auziere-quem-foi-o-ex-marido-de-brigitte-macron\\\/#breadcrumb\",\"itemListElement\":[{\"@type\":\"ListItem\",\"position\":1,\"name\":\"Home\",\"item\":\"https:\\\/\\\/www.sebastien-auziere.fr\\\/blog\\\/\"},{\"@type\":\"ListItem\",\"position\":2,\"name\":\"Andr\u00e9-Louis Auzi\u00e8re: quem foi o ex-marido de Brigitte Macron?\"}]},{\"@type\":\"WebSite\",\"@id\":\"https:\\\/\\\/www.sebastien-auziere.fr\\\/blog\\\/#website\",\"url\":\"https:\\\/\\\/www.sebastien-auziere.fr\\\/blog\\\/\",\"name\":\"Fan site S\u00e9bastien Auzi\u00e8re\",\"description\":\"M\u00e9dia g\u00e9n\u00e9raliste\",\"publisher\":{\"@id\":\"https:\\\/\\\/www.sebastien-auziere.fr\\\/blog\\\/#organization\"},\"potentialAction\":[{\"@type\":\"SearchAction\",\"target\":{\"@type\":\"EntryPoint\",\"urlTemplate\":\"https:\\\/\\\/www.sebastien-auziere.fr\\\/blog\\\/?s={search_term_string}\"},\"query-input\":{\"@type\":\"PropertyValueSpecification\",\"valueRequired\":true,\"valueName\":\"search_term_string\"}}],\"inLanguage\":\"fr-FR\"},{\"@type\":\"Organization\",\"@id\":\"https:\\\/\\\/www.sebastien-auziere.fr\\\/blog\\\/#organization\",\"name\":\"Fan site S\u00e9bastien Auzi\u00e8re\",\"url\":\"https:\\\/\\\/www.sebastien-auziere.fr\\\/blog\\\/\",\"logo\":{\"@type\":\"ImageObject\",\"inLanguage\":\"fr-FR\",\"@id\":\"https:\\\/\\\/www.sebastien-auziere.fr\\\/blog\\\/#\\\/schema\\\/logo\\\/image\\\/\",\"url\":\"https:\\\/\\\/www.sebastien-auziere.fr\\\/blog\\\/wp-content\\\/uploads\\\/2026\\\/03\\\/cropped-cropped-cropped-ChatGPT-Image-6-mars-2026-12_58_09-e1772798376794.jpg\",\"contentUrl\":\"https:\\\/\\\/www.sebastien-auziere.fr\\\/blog\\\/wp-content\\\/uploads\\\/2026\\\/03\\\/cropped-cropped-cropped-ChatGPT-Image-6-mars-2026-12_58_09-e1772798376794.jpg\",\"width\":512,\"height\":360,\"caption\":\"Fan site S\u00e9bastien Auzi\u00e8re\"},\"image\":{\"@id\":\"https:\\\/\\\/www.sebastien-auziere.fr\\\/blog\\\/#\\\/schema\\\/logo\\\/image\\\/\"}},{\"@type\":\"Person\",\"@id\":\"https:\\\/\\\/www.sebastien-auziere.fr\\\/blog\\\/#\\\/schema\\\/person\\\/1e270a963009242469ed08b1c461f81f\",\"name\":\"Celine\",\"image\":{\"@type\":\"ImageObject\",\"inLanguage\":\"fr-FR\",\"@id\":\"https:\\\/\\\/secure.gravatar.com\\\/avatar\\\/c88d569fbe1fe19a13c7f21ee0f8973822df96073df21850b95af6a09ba820c9?s=96&d=mm&r=g\",\"url\":\"https:\\\/\\\/secure.gravatar.com\\\/avatar\\\/c88d569fbe1fe19a13c7f21ee0f8973822df96073df21850b95af6a09ba820c9?s=96&d=mm&r=g\",\"contentUrl\":\"https:\\\/\\\/secure.gravatar.com\\\/avatar\\\/c88d569fbe1fe19a13c7f21ee0f8973822df96073df21850b95af6a09ba820c9?s=96&d=mm&r=g\",\"caption\":\"Celine\"},\"description\":\"Je m'appelle C\u00e9line, j'ai 31 ans et je suis journaliste sp\u00e9cialis\u00e9e dans le cin\u00e9ma. Passionn\u00e9e par le septi\u00e8me art, j'explore les actualit\u00e9s, les critiques et les tendances du monde cin\u00e9matographique. Mon objectif est de partager ma passion et d'informer les amateurs de films \u00e0 travers des articles percutants et des analyses approfondies.\",\"url\":\"https:\\\/\\\/www.sebastien-auziere.fr\\\/blog\\\/author\\\/celine\\\/\"}]}<\/script>\n<!-- \/ Yoast SEO plugin. -->","yoast_head_json":{"title":"Andr\u00e9-Louis Auzi\u00e8re: quem foi o ex-marido de Brigitte Macron? - Fan site S\u00e9bastien Auzi\u00e8re","robots":{"index":"index","follow":"follow","max-snippet":"max-snippet:-1","max-image-preview":"max-image-preview:large","max-video-preview":"max-video-preview:-1"},"canonical":"https:\/\/www.sebastien-auziere.fr\/blog\/pt\/andre-louis-auziere-quem-foi-o-ex-marido-de-brigitte-macron\/","og_locale":"fr_FR","og_type":"article","og_title":"Andr\u00e9-Louis Auzi\u00e8re: quem foi o ex-marido de Brigitte Macron? - Fan site S\u00e9bastien Auzi\u00e8re","og_description":"O que \u00e9 importante lembrar: Andr\u00e9-Louis Auzi\u00e8re foi o primeiro marido de Brigitte Macron. Banqueiro por profiss\u00e3o, ele viveu longe dos holofotes, apesar da notoriedade de sua ex-esposa, que se tornou primeira-dama da Fran\u00e7a. Juntos, tiveram tr\u00eas filhos antes do div\u00f3rcio em 2006. Antes de se casar com Emmanuel Macron, Brigitte Macron compartilhou grande parte ... Lire plus","og_url":"https:\/\/www.sebastien-auziere.fr\/blog\/pt\/andre-louis-auziere-quem-foi-o-ex-marido-de-brigitte-macron\/","og_site_name":"Fan site S\u00e9bastien Auzi\u00e8re","article_published_time":"2026-03-06T17:48:57+00:00","article_modified_time":"2026-03-06T17:49:19+00:00","og_image":[{"width":1536,"height":1024,"url":"https:\/\/www.sebastien-auziere.fr\/blog\/wp-content\/uploads\/2026\/03\/louis-auziere-mari-macron.jpg","type":"image\/jpeg"}],"author":"Celine","twitter_card":"summary_large_image","twitter_misc":{"\u00c9crit par":"Celine","Dur\u00e9e de lecture estim\u00e9e":"3 minutes"},"schema":{"@context":"https:\/\/schema.org","@graph":[{"@type":"Article","@id":"https:\/\/www.sebastien-auziere.fr\/blog\/pt\/andre-louis-auziere-quem-foi-o-ex-marido-de-brigitte-macron\/#article","isPartOf":{"@id":"https:\/\/www.sebastien-auziere.fr\/blog\/pt\/andre-louis-auziere-quem-foi-o-ex-marido-de-brigitte-macron\/"},"author":{"name":"Celine","@id":"https:\/\/www.sebastien-auziere.fr\/blog\/#\/schema\/person\/1e270a963009242469ed08b1c461f81f"},"headline":"Andr\u00e9-Louis Auzi\u00e8re: quem foi o ex-marido de Brigitte Macron?","datePublished":"2026-03-06T17:48:57+00:00","dateModified":"2026-03-06T17:49:19+00:00","mainEntityOfPage":{"@id":"https:\/\/www.sebastien-auziere.fr\/blog\/pt\/andre-louis-auziere-quem-foi-o-ex-marido-de-brigitte-macron\/"},"wordCount":535,"commentCount":0,"publisher":{"@id":"https:\/\/www.sebastien-auziere.fr\/blog\/#organization"},"image":{"@id":"https:\/\/www.sebastien-auziere.fr\/blog\/pt\/andre-louis-auziere-quem-foi-o-ex-marido-de-brigitte-macron\/#primaryimage"},"thumbnailUrl":"https:\/\/www.sebastien-auziere.fr\/blog\/wp-content\/uploads\/2026\/03\/louis-auziere-mari-macron.jpg","inLanguage":"fr-FR","potentialAction":[{"@type":"CommentAction","name":"Comment","target":["https:\/\/www.sebastien-auziere.fr\/blog\/pt\/andre-louis-auziere-quem-foi-o-ex-marido-de-brigitte-macron\/#respond"]}]},{"@type":"WebPage","@id":"https:\/\/www.sebastien-auziere.fr\/blog\/pt\/andre-louis-auziere-quem-foi-o-ex-marido-de-brigitte-macron\/","url":"https:\/\/www.sebastien-auziere.fr\/blog\/pt\/andre-louis-auziere-quem-foi-o-ex-marido-de-brigitte-macron\/","name":"Andr\u00e9-Louis Auzi\u00e8re: quem foi o ex-marido de Brigitte Macron? - Fan site S\u00e9bastien Auzi\u00e8re","isPartOf":{"@id":"https:\/\/www.sebastien-auziere.fr\/blog\/#website"},"primaryImageOfPage":{"@id":"https:\/\/www.sebastien-auziere.fr\/blog\/pt\/andre-louis-auziere-quem-foi-o-ex-marido-de-brigitte-macron\/#primaryimage"},"image":{"@id":"https:\/\/www.sebastien-auziere.fr\/blog\/pt\/andre-louis-auziere-quem-foi-o-ex-marido-de-brigitte-macron\/#primaryimage"},"thumbnailUrl":"https:\/\/www.sebastien-auziere.fr\/blog\/wp-content\/uploads\/2026\/03\/louis-auziere-mari-macron.jpg","datePublished":"2026-03-06T17:48:57+00:00","dateModified":"2026-03-06T17:49:19+00:00","breadcrumb":{"@id":"https:\/\/www.sebastien-auziere.fr\/blog\/pt\/andre-louis-auziere-quem-foi-o-ex-marido-de-brigitte-macron\/#breadcrumb"},"inLanguage":"fr-FR","potentialAction":[{"@type":"ReadAction","target":["https:\/\/www.sebastien-auziere.fr\/blog\/pt\/andre-louis-auziere-quem-foi-o-ex-marido-de-brigitte-macron\/"]}]},{"@type":"ImageObject","inLanguage":"fr-FR","@id":"https:\/\/www.sebastien-auziere.fr\/blog\/pt\/andre-louis-auziere-quem-foi-o-ex-marido-de-brigitte-macron\/#primaryimage","url":"https:\/\/www.sebastien-auziere.fr\/blog\/wp-content\/uploads\/2026\/03\/louis-auziere-mari-macron.jpg","contentUrl":"https:\/\/www.sebastien-auziere.fr\/blog\/wp-content\/uploads\/2026\/03\/louis-auziere-mari-macron.jpg","width":1536,"height":1024,"caption":"andre louis auziere ex mari de brigitte macron"},{"@type":"BreadcrumbList","@id":"https:\/\/www.sebastien-auziere.fr\/blog\/pt\/andre-louis-auziere-quem-foi-o-ex-marido-de-brigitte-macron\/#breadcrumb","itemListElement":[{"@type":"ListItem","position":1,"name":"Home","item":"https:\/\/www.sebastien-auziere.fr\/blog\/"},{"@type":"ListItem","position":2,"name":"Andr\u00e9-Louis Auzi\u00e8re: quem foi o ex-marido de Brigitte Macron?"}]},{"@type":"WebSite","@id":"https:\/\/www.sebastien-auziere.fr\/blog\/#website","url":"https:\/\/www.sebastien-auziere.fr\/blog\/","name":"Fan site S\u00e9bastien Auzi\u00e8re","description":"M\u00e9dia g\u00e9n\u00e9raliste","publisher":{"@id":"https:\/\/www.sebastien-auziere.fr\/blog\/#organization"},"potentialAction":[{"@type":"SearchAction","target":{"@type":"EntryPoint","urlTemplate":"https:\/\/www.sebastien-auziere.fr\/blog\/?s={search_term_string}"},"query-input":{"@type":"PropertyValueSpecification","valueRequired":true,"valueName":"search_term_string"}}],"inLanguage":"fr-FR"},{"@type":"Organization","@id":"https:\/\/www.sebastien-auziere.fr\/blog\/#organization","name":"Fan site S\u00e9bastien Auzi\u00e8re","url":"https:\/\/www.sebastien-auziere.fr\/blog\/","logo":{"@type":"ImageObject","inLanguage":"fr-FR","@id":"https:\/\/www.sebastien-auziere.fr\/blog\/#\/schema\/logo\/image\/","url":"https:\/\/www.sebastien-auziere.fr\/blog\/wp-content\/uploads\/2026\/03\/cropped-cropped-cropped-ChatGPT-Image-6-mars-2026-12_58_09-e1772798376794.jpg","contentUrl":"https:\/\/www.sebastien-auziere.fr\/blog\/wp-content\/uploads\/2026\/03\/cropped-cropped-cropped-ChatGPT-Image-6-mars-2026-12_58_09-e1772798376794.jpg","width":512,"height":360,"caption":"Fan site S\u00e9bastien Auzi\u00e8re"},"image":{"@id":"https:\/\/www.sebastien-auziere.fr\/blog\/#\/schema\/logo\/image\/"}},{"@type":"Person","@id":"https:\/\/www.sebastien-auziere.fr\/blog\/#\/schema\/person\/1e270a963009242469ed08b1c461f81f","name":"Celine","image":{"@type":"ImageObject","inLanguage":"fr-FR","@id":"https:\/\/secure.gravatar.com\/avatar\/c88d569fbe1fe19a13c7f21ee0f8973822df96073df21850b95af6a09ba820c9?s=96&d=mm&r=g","url":"https:\/\/secure.gravatar.com\/avatar\/c88d569fbe1fe19a13c7f21ee0f8973822df96073df21850b95af6a09ba820c9?s=96&d=mm&r=g","contentUrl":"https:\/\/secure.gravatar.com\/avatar\/c88d569fbe1fe19a13c7f21ee0f8973822df96073df21850b95af6a09ba820c9?s=96&d=mm&r=g","caption":"Celine"},"description":"Je m'appelle C\u00e9line, j'ai 31 ans et je suis journaliste sp\u00e9cialis\u00e9e dans le cin\u00e9ma. Passionn\u00e9e par le septi\u00e8me art, j'explore les actualit\u00e9s, les critiques et les tendances du monde cin\u00e9matographique. Mon objectif est de partager ma passion et d'informer les amateurs de films \u00e0 travers des articles percutants et des analyses approfondies.","url":"https:\/\/www.sebastien-auziere.fr\/blog\/author\/celine\/"}]}},"views":15,"_links":{"self":[{"href":"https:\/\/www.sebastien-auziere.fr\/blog\/wp-json\/wp\/v2\/posts\/2326","targetHints":{"allow":["GET"]}}],"collection":[{"href":"https:\/\/www.sebastien-auziere.fr\/blog\/wp-json\/wp\/v2\/posts"}],"about":[{"href":"https:\/\/www.sebastien-auziere.fr\/blog\/wp-json\/wp\/v2\/types\/post"}],"author":[{"embeddable":true,"href":"https:\/\/www.sebastien-auziere.fr\/blog\/wp-json\/wp\/v2\/users\/4"}],"replies":[{"embeddable":true,"href":"https:\/\/www.sebastien-auziere.fr\/blog\/wp-json\/wp\/v2\/comments?post=2326"}],"version-history":[{"count":1,"href":"https:\/\/www.sebastien-auziere.fr\/blog\/wp-json\/wp\/v2\/posts\/2326\/revisions"}],"predecessor-version":[{"id":2327,"href":"https:\/\/www.sebastien-auziere.fr\/blog\/wp-json\/wp\/v2\/posts\/2326\/revisions\/2327"}],"wp:featuredmedia":[{"embeddable":true,"href":"https:\/\/www.sebastien-auziere.fr\/blog\/wp-json\/wp\/v2\/media\/2316"}],"wp:attachment":[{"href":"https:\/\/www.sebastien-auziere.fr\/blog\/wp-json\/wp\/v2\/media?parent=2326"}],"wp:term":[{"taxonomy":"category","embeddable":true,"href":"https:\/\/www.sebastien-auziere.fr\/blog\/wp-json\/wp\/v2\/categories?post=2326"},{"taxonomy":"post_tag","embeddable":true,"href":"https:\/\/www.sebastien-auziere.fr\/blog\/wp-json\/wp\/v2\/tags?post=2326"}],"curies":[{"name":"wp","href":"https:\/\/api.w.org\/{rel}","templated":true}]}}