{"id":2320,"date":"2026-03-06T17:47:06","date_gmt":"2026-03-06T17:47:06","guid":{"rendered":"https:\/\/www.sebastien-auziere.fr\/blog\/?p=2320"},"modified":"2026-03-06T17:47:30","modified_gmt":"2026-03-06T17:47:30","slug":"andre-louis-auziere-quien-era-el-ex-marido-de-brigitte-macron","status":"publish","type":"post","link":"https:\/\/www.sebastien-auziere.fr\/blog\/es\/andre-louis-auziere-quien-era-el-ex-marido-de-brigitte-macron\/","title":{"rendered":"Andr\u00e9-Louis Auzi\u00e8re: \u00bfqui\u00e9n era el ex-marido de Brigitte Macron?"},"content":{"rendered":"<p style=\"padding: 24px;background: lightblue\">\nLo que hay que recordar: <strong>Andr\u00e9-Louis Auzi\u00e8re fue el primer marido de Brigitte Macron<\/strong>. Banquero de profesi\u00f3n, vivi\u00f3 alejado de los medios a pesar de la notoriedad de su exesposa, que se convirti\u00f3 en primera dama de Francia. Juntos, tuvieron tres hijos antes de su divorcio en 2006.\n<\/p>\n<p>\nAntes de casarse con Emmanuel Macron, Brigitte Macron comparti\u00f3 gran parte de su vida con <strong>Andr\u00e9-Louis Auzi\u00e8re<\/strong>. Poco conocido por el p\u00fablico en general, este hombre discreto desempe\u00f1\u00f3 un papel importante en la historia personal de la primera dama. En este art\u00edculo, descubrir\u00e1s <strong>qui\u00e9n fue Andr\u00e9-Louis Auzi\u00e8re, su trayectoria profesional y su vida familiar<\/strong>.\n<\/p>\n<ol>\n<li><a href=\"#qui-etait-auziere\">\u00bfQui\u00e9n fue Andr\u00e9-Louis Auzi\u00e8re?<\/a><\/li>\n<li><a href=\"#mariage-brigitte\">Su matrimonio con Brigitte Macron<\/a><\/li>\n<li><a href=\"#vie-discrete\">Una vida alejada de los medios<\/a><\/li>\n<li><a href=\"#deces\">El fallecimiento de Andr\u00e9-Louis Auzi\u00e8re<\/a><\/li>\n<\/ol>\n<h2 id=\"qui-etait-auziere\">\u00bfQui\u00e9n fue Andr\u00e9-Louis Auzi\u00e8re?<\/h2>\n<p>\nAndr\u00e9-Louis Auzi\u00e8re naci\u00f3 en 1951 en Eseka, Camer\u00fan. Hizo carrera en el sector bancario y trabaj\u00f3, entre otros, como ejecutivo en Cr\u00e9dit du Nord. :contentReference[oaicite:0]{index=0}\n<\/p>\n<p>\nA diferencia de su exesposa, convertida en una figura p\u00fablica, siempre prefiri\u00f3 mantenerse <strong>muy discreto y alejado de la medi\u00e1tica<\/strong>.\n<\/p>\n<h2 id=\"mariage-brigitte\">Su matrimonio con Brigitte Macron<\/h2>\n<p>\nBrigitte Trogneux (el apellido de soltera de Brigitte Macron) se cas\u00f3 con Andr\u00e9-Louis Auzi\u00e8re el <strong>22 de junio de 1974<\/strong>. :contentReference[oaicite:1]{index=1}\n<\/p>\n<h3>Tres hijos de su uni\u00f3n<\/h3>\n<p>\nLa pareja tuvo tres hijos:\n<\/p>\n<ul>\n<li>S\u00e9bastien Auzi\u00e8re (nacido en 1975)<\/li>\n<li>Laurence Auzi\u00e8re (nacida en 1977)<\/li>\n<li>Tiphaine Auzi\u00e8re (nacida en 1984)<\/li>\n<\/ul>\n<p>\nLa familia vivi\u00f3 varios a\u00f1os en Estrasburgo y luego en Amiens antes de que su relaci\u00f3n llegara a su fin. :contentReference[oaicite:2]{index=2}\n<\/p>\n<h2 id=\"vie-discrete\">Una vida voluntariamente discreta<\/h2>\n<p>\nDespu\u00e9s de la separaci\u00f3n de la pareja y la relaci\u00f3n entre Brigitte Macron y Emmanuel Macron, Andr\u00e9-Louis Auzi\u00e8re eligi\u00f3 permanecer <strong>alejado de toda exposici\u00f3n medi\u00e1tica<\/strong>.\n<\/p>\n<p>\nSeg\u00fan varios testimonios, ten\u00eda un especial inter\u00e9s en preservar su anonimato y su vida privada, a pesar de la atenci\u00f3n medi\u00e1tica que rodeaba a su exesposa, convertida en primera dama. :contentReference[oaicite:3]{index=3}\n<\/p>\n<h2 id=\"deces\">El fallecimiento de Andr\u00e9-Louis Auzi\u00e8re<\/h2>\n<p>\nAndr\u00e9-Louis Auzi\u00e8re falleci\u00f3 en diciembre de 2019 a la edad de 68 a\u00f1os tras una enfermedad. :contentReference[oaicite:4]{index=4}\n<\/p>\n<p>\nSu desaparici\u00f3n fue anunciada varios meses despu\u00e9s por su hija Tiphaine Auzi\u00e8re. Los funerales se llevaron a cabo en la m\u00e1s estricta intimidad, de acuerdo a su deseo de discreci\u00f3n. :contentReference[oaicite:5]{index=5}\n<\/p>\n<div style=\"overflow:auto;max-width:100%\">\n<table>\n<tr>\n<th>Informaci\u00f3n<\/th>\n<th>Detalle<\/th>\n<\/tr>\n<tr>\n<td>Nombre<\/td>\n<td>Andr\u00e9-Louis Auzi\u00e8re<\/td>\n<\/tr>\n<tr>\n<td>Nacimiento<\/td>\n<td>1951 en Eseka (Camer\u00fan)<\/td>\n<\/tr>\n<tr>\n<td>Profesi\u00f3n<\/td>\n<td>Banquero<\/td>\n<\/tr>\n<tr>\n<td>Matrimonio con Brigitte Macron<\/td>\n<td>1974<\/td>\n<\/tr>\n<tr>\n<td>Hijos<\/td>\n<td>S\u00e9bastien, Laurence, Tiphaine<\/td>\n<\/tr>\n<tr>\n<td>Fallecimiento<\/td>\n<td>Diciembre 2019<\/td>\n<\/tr>\n<\/table>\n<\/div>\n<p>\nAunque poco medi\u00e1tico, Andr\u00e9-Louis Auzi\u00e8re fue una figura importante en la vida personal de Brigitte Macron antes de su ingreso a la vida pol\u00edtica francesa.\n<\/p>\n<h2>FAQ<\/h2>\n<h3>\u00bfQui\u00e9n fue Andr\u00e9-Louis Auzi\u00e8re?<\/h3>\n<p>\nFue el primer marido de Brigitte Macron y trabajaba como banquero.\n<\/p>\n<h3>\u00bfCu\u00e1ntos hijos tuvo con Brigitte Macron?<\/h3>\n<p>\nLa pareja tuvo tres hijos: S\u00e9bastien, Laurence y Tiphaine.\n<\/p>\n<h3>\u00bfCu\u00e1ndo se divorci\u00f3 Brigitte Macron de Andr\u00e9-Louis Auzi\u00e8re?<\/h3>\n<p>\nEl divorcio se pronunci\u00f3 en 2006.\n<\/p>\n<h3>\u00bfCu\u00e1ndo falleci\u00f3 Andr\u00e9-Louis Auzi\u00e8re?<\/h3>\n<p>\nFalleci\u00f3 en diciembre de 2019 a la edad de 68 a\u00f1os.<\/p>\n","protected":false},"excerpt":{"rendered":"<p>Lo que hay que recordar: Andr\u00e9-Louis Auzi\u00e8re fue el primer marido de Brigitte Macron. Banquero de profesi\u00f3n, vivi\u00f3 alejado de los medios a pesar de la notoriedad de su exesposa, que se convirti\u00f3 en primera dama de Francia. Juntos, tuvieron tres hijos antes de su divorcio en 2006. Antes de casarse con Emmanuel Macron, Brigitte &#8230; <a title=\"Andr\u00e9-Louis Auzi\u00e8re: \u00bfqui\u00e9n era el ex-marido de Brigitte Macron?\" class=\"read-more\" href=\"https:\/\/www.sebastien-auziere.fr\/blog\/es\/andre-louis-auziere-quien-era-el-ex-marido-de-brigitte-macron\/\" aria-label=\"En savoir plus sur Andr\u00e9-Louis Auzi\u00e8re: \u00bfqui\u00e9n era el ex-marido de Brigitte Macron?\">Lire plus<\/a><\/p>\n","protected":false},"author":4,"featured_media":2316,"comment_status":"open","ping_status":"open","sticky":false,"template":"","format":"standard","meta":{"footnotes":""},"categories":[602],"tags":[],"class_list":["post-2320","post","type-post","status-publish","format-standard","has-post-thumbnail","hentry","category-tendencia"],"yoast_head":"<!-- This site is optimized with the Yoast SEO plugin v27.5 - https:\/\/yoast.com\/product\/yoast-seo-wordpress\/ -->\n<title>Andr\u00e9-Louis Auzi\u00e8re: \u00bfqui\u00e9n era el ex-marido de Brigitte Macron? - Fan site S\u00e9bastien Auzi\u00e8re<\/title>\n<meta name=\"robots\" content=\"index, follow, max-snippet:-1, max-image-preview:large, max-video-preview:-1\" \/>\n<link rel=\"canonical\" href=\"https:\/\/www.sebastien-auziere.fr\/blog\/es\/andre-louis-auziere-quien-era-el-ex-marido-de-brigitte-macron\/\" \/>\n<meta property=\"og:locale\" content=\"fr_FR\" \/>\n<meta property=\"og:type\" content=\"article\" \/>\n<meta property=\"og:title\" content=\"Andr\u00e9-Louis Auzi\u00e8re: \u00bfqui\u00e9n era el ex-marido de Brigitte Macron? - Fan site S\u00e9bastien Auzi\u00e8re\" \/>\n<meta property=\"og:description\" content=\"Lo que hay que recordar: Andr\u00e9-Louis Auzi\u00e8re fue el primer marido de Brigitte Macron. Banquero de profesi\u00f3n, vivi\u00f3 alejado de los medios a pesar de la notoriedad de su exesposa, que se convirti\u00f3 en primera dama de Francia. Juntos, tuvieron tres hijos antes de su divorcio en 2006. Antes de casarse con Emmanuel Macron, Brigitte ... Lire plus\" \/>\n<meta property=\"og:url\" content=\"https:\/\/www.sebastien-auziere.fr\/blog\/es\/andre-louis-auziere-quien-era-el-ex-marido-de-brigitte-macron\/\" \/>\n<meta property=\"og:site_name\" content=\"Fan site S\u00e9bastien Auzi\u00e8re\" \/>\n<meta property=\"article:published_time\" content=\"2026-03-06T17:47:06+00:00\" \/>\n<meta property=\"article:modified_time\" content=\"2026-03-06T17:47:30+00:00\" \/>\n<meta property=\"og:image\" content=\"https:\/\/www.sebastien-auziere.fr\/blog\/wp-content\/uploads\/2026\/03\/louis-auziere-mari-macron.jpg\" \/>\n\t<meta property=\"og:image:width\" content=\"1536\" \/>\n\t<meta property=\"og:image:height\" content=\"1024\" \/>\n\t<meta property=\"og:image:type\" content=\"image\/jpeg\" \/>\n<meta name=\"author\" content=\"Celine\" \/>\n<meta name=\"twitter:card\" content=\"summary_large_image\" \/>\n<meta name=\"twitter:label1\" content=\"\u00c9crit par\" \/>\n\t<meta name=\"twitter:data1\" content=\"Celine\" \/>\n\t<meta name=\"twitter:label2\" content=\"Dur\u00e9e de lecture estim\u00e9e\" \/>\n\t<meta name=\"twitter:data2\" content=\"3 minutes\" \/>\n<script type=\"application\/ld+json\" class=\"yoast-schema-graph\">{\"@context\":\"https:\\\/\\\/schema.org\",\"@graph\":[{\"@type\":\"Article\",\"@id\":\"https:\\\/\\\/www.sebastien-auziere.fr\\\/blog\\\/es\\\/andre-louis-auziere-quien-era-el-ex-marido-de-brigitte-macron\\\/#article\",\"isPartOf\":{\"@id\":\"https:\\\/\\\/www.sebastien-auziere.fr\\\/blog\\\/es\\\/andre-louis-auziere-quien-era-el-ex-marido-de-brigitte-macron\\\/\"},\"author\":{\"name\":\"Celine\",\"@id\":\"https:\\\/\\\/www.sebastien-auziere.fr\\\/blog\\\/#\\\/schema\\\/person\\\/1e270a963009242469ed08b1c461f81f\"},\"headline\":\"Andr\u00e9-Louis Auzi\u00e8re: \u00bfqui\u00e9n era el ex-marido de Brigitte Macron?\",\"datePublished\":\"2026-03-06T17:47:06+00:00\",\"dateModified\":\"2026-03-06T17:47:30+00:00\",\"mainEntityOfPage\":{\"@id\":\"https:\\\/\\\/www.sebastien-auziere.fr\\\/blog\\\/es\\\/andre-louis-auziere-quien-era-el-ex-marido-de-brigitte-macron\\\/\"},\"wordCount\":552,\"commentCount\":0,\"publisher\":{\"@id\":\"https:\\\/\\\/www.sebastien-auziere.fr\\\/blog\\\/#organization\"},\"image\":{\"@id\":\"https:\\\/\\\/www.sebastien-auziere.fr\\\/blog\\\/es\\\/andre-louis-auziere-quien-era-el-ex-marido-de-brigitte-macron\\\/#primaryimage\"},\"thumbnailUrl\":\"https:\\\/\\\/www.sebastien-auziere.fr\\\/blog\\\/wp-content\\\/uploads\\\/2026\\\/03\\\/louis-auziere-mari-macron.jpg\",\"articleSection\":[\"Tendencia\"],\"inLanguage\":\"fr-FR\",\"potentialAction\":[{\"@type\":\"CommentAction\",\"name\":\"Comment\",\"target\":[\"https:\\\/\\\/www.sebastien-auziere.fr\\\/blog\\\/es\\\/andre-louis-auziere-quien-era-el-ex-marido-de-brigitte-macron\\\/#respond\"]}]},{\"@type\":\"WebPage\",\"@id\":\"https:\\\/\\\/www.sebastien-auziere.fr\\\/blog\\\/es\\\/andre-louis-auziere-quien-era-el-ex-marido-de-brigitte-macron\\\/\",\"url\":\"https:\\\/\\\/www.sebastien-auziere.fr\\\/blog\\\/es\\\/andre-louis-auziere-quien-era-el-ex-marido-de-brigitte-macron\\\/\",\"name\":\"Andr\u00e9-Louis Auzi\u00e8re: \u00bfqui\u00e9n era el ex-marido de Brigitte Macron? - Fan site S\u00e9bastien Auzi\u00e8re\",\"isPartOf\":{\"@id\":\"https:\\\/\\\/www.sebastien-auziere.fr\\\/blog\\\/#website\"},\"primaryImageOfPage\":{\"@id\":\"https:\\\/\\\/www.sebastien-auziere.fr\\\/blog\\\/es\\\/andre-louis-auziere-quien-era-el-ex-marido-de-brigitte-macron\\\/#primaryimage\"},\"image\":{\"@id\":\"https:\\\/\\\/www.sebastien-auziere.fr\\\/blog\\\/es\\\/andre-louis-auziere-quien-era-el-ex-marido-de-brigitte-macron\\\/#primaryimage\"},\"thumbnailUrl\":\"https:\\\/\\\/www.sebastien-auziere.fr\\\/blog\\\/wp-content\\\/uploads\\\/2026\\\/03\\\/louis-auziere-mari-macron.jpg\",\"datePublished\":\"2026-03-06T17:47:06+00:00\",\"dateModified\":\"2026-03-06T17:47:30+00:00\",\"breadcrumb\":{\"@id\":\"https:\\\/\\\/www.sebastien-auziere.fr\\\/blog\\\/es\\\/andre-louis-auziere-quien-era-el-ex-marido-de-brigitte-macron\\\/#breadcrumb\"},\"inLanguage\":\"fr-FR\",\"potentialAction\":[{\"@type\":\"ReadAction\",\"target\":[\"https:\\\/\\\/www.sebastien-auziere.fr\\\/blog\\\/es\\\/andre-louis-auziere-quien-era-el-ex-marido-de-brigitte-macron\\\/\"]}]},{\"@type\":\"ImageObject\",\"inLanguage\":\"fr-FR\",\"@id\":\"https:\\\/\\\/www.sebastien-auziere.fr\\\/blog\\\/es\\\/andre-louis-auziere-quien-era-el-ex-marido-de-brigitte-macron\\\/#primaryimage\",\"url\":\"https:\\\/\\\/www.sebastien-auziere.fr\\\/blog\\\/wp-content\\\/uploads\\\/2026\\\/03\\\/louis-auziere-mari-macron.jpg\",\"contentUrl\":\"https:\\\/\\\/www.sebastien-auziere.fr\\\/blog\\\/wp-content\\\/uploads\\\/2026\\\/03\\\/louis-auziere-mari-macron.jpg\",\"width\":1536,\"height\":1024,\"caption\":\"andre louis auziere ex mari de brigitte macron\"},{\"@type\":\"BreadcrumbList\",\"@id\":\"https:\\\/\\\/www.sebastien-auziere.fr\\\/blog\\\/es\\\/andre-louis-auziere-quien-era-el-ex-marido-de-brigitte-macron\\\/#breadcrumb\",\"itemListElement\":[{\"@type\":\"ListItem\",\"position\":1,\"name\":\"Home\",\"item\":\"https:\\\/\\\/www.sebastien-auziere.fr\\\/blog\\\/\"},{\"@type\":\"ListItem\",\"position\":2,\"name\":\"Andr\u00e9-Louis Auzi\u00e8re: \u00bfqui\u00e9n era el ex-marido de Brigitte Macron?\"}]},{\"@type\":\"WebSite\",\"@id\":\"https:\\\/\\\/www.sebastien-auziere.fr\\\/blog\\\/#website\",\"url\":\"https:\\\/\\\/www.sebastien-auziere.fr\\\/blog\\\/\",\"name\":\"Fan site S\u00e9bastien Auzi\u00e8re\",\"description\":\"M\u00e9dia g\u00e9n\u00e9raliste\",\"publisher\":{\"@id\":\"https:\\\/\\\/www.sebastien-auziere.fr\\\/blog\\\/#organization\"},\"potentialAction\":[{\"@type\":\"SearchAction\",\"target\":{\"@type\":\"EntryPoint\",\"urlTemplate\":\"https:\\\/\\\/www.sebastien-auziere.fr\\\/blog\\\/?s={search_term_string}\"},\"query-input\":{\"@type\":\"PropertyValueSpecification\",\"valueRequired\":true,\"valueName\":\"search_term_string\"}}],\"inLanguage\":\"fr-FR\"},{\"@type\":\"Organization\",\"@id\":\"https:\\\/\\\/www.sebastien-auziere.fr\\\/blog\\\/#organization\",\"name\":\"Fan site S\u00e9bastien Auzi\u00e8re\",\"url\":\"https:\\\/\\\/www.sebastien-auziere.fr\\\/blog\\\/\",\"logo\":{\"@type\":\"ImageObject\",\"inLanguage\":\"fr-FR\",\"@id\":\"https:\\\/\\\/www.sebastien-auziere.fr\\\/blog\\\/#\\\/schema\\\/logo\\\/image\\\/\",\"url\":\"https:\\\/\\\/www.sebastien-auziere.fr\\\/blog\\\/wp-content\\\/uploads\\\/2026\\\/03\\\/cropped-cropped-cropped-ChatGPT-Image-6-mars-2026-12_58_09-e1772798376794.jpg\",\"contentUrl\":\"https:\\\/\\\/www.sebastien-auziere.fr\\\/blog\\\/wp-content\\\/uploads\\\/2026\\\/03\\\/cropped-cropped-cropped-ChatGPT-Image-6-mars-2026-12_58_09-e1772798376794.jpg\",\"width\":512,\"height\":360,\"caption\":\"Fan site S\u00e9bastien Auzi\u00e8re\"},\"image\":{\"@id\":\"https:\\\/\\\/www.sebastien-auziere.fr\\\/blog\\\/#\\\/schema\\\/logo\\\/image\\\/\"}},{\"@type\":\"Person\",\"@id\":\"https:\\\/\\\/www.sebastien-auziere.fr\\\/blog\\\/#\\\/schema\\\/person\\\/1e270a963009242469ed08b1c461f81f\",\"name\":\"Celine\",\"image\":{\"@type\":\"ImageObject\",\"inLanguage\":\"fr-FR\",\"@id\":\"https:\\\/\\\/secure.gravatar.com\\\/avatar\\\/c88d569fbe1fe19a13c7f21ee0f8973822df96073df21850b95af6a09ba820c9?s=96&d=mm&r=g\",\"url\":\"https:\\\/\\\/secure.gravatar.com\\\/avatar\\\/c88d569fbe1fe19a13c7f21ee0f8973822df96073df21850b95af6a09ba820c9?s=96&d=mm&r=g\",\"contentUrl\":\"https:\\\/\\\/secure.gravatar.com\\\/avatar\\\/c88d569fbe1fe19a13c7f21ee0f8973822df96073df21850b95af6a09ba820c9?s=96&d=mm&r=g\",\"caption\":\"Celine\"},\"description\":\"Je m'appelle C\u00e9line, j'ai 31 ans et je suis journaliste sp\u00e9cialis\u00e9e dans le cin\u00e9ma. Passionn\u00e9e par le septi\u00e8me art, j'explore les actualit\u00e9s, les critiques et les tendances du monde cin\u00e9matographique. Mon objectif est de partager ma passion et d'informer les amateurs de films \u00e0 travers des articles percutants et des analyses approfondies.\",\"url\":\"https:\\\/\\\/www.sebastien-auziere.fr\\\/blog\\\/author\\\/celine\\\/\"}]}<\/script>\n<!-- \/ Yoast SEO plugin. -->","yoast_head_json":{"title":"Andr\u00e9-Louis Auzi\u00e8re: \u00bfqui\u00e9n era el ex-marido de Brigitte Macron? - Fan site S\u00e9bastien Auzi\u00e8re","robots":{"index":"index","follow":"follow","max-snippet":"max-snippet:-1","max-image-preview":"max-image-preview:large","max-video-preview":"max-video-preview:-1"},"canonical":"https:\/\/www.sebastien-auziere.fr\/blog\/es\/andre-louis-auziere-quien-era-el-ex-marido-de-brigitte-macron\/","og_locale":"fr_FR","og_type":"article","og_title":"Andr\u00e9-Louis Auzi\u00e8re: \u00bfqui\u00e9n era el ex-marido de Brigitte Macron? - Fan site S\u00e9bastien Auzi\u00e8re","og_description":"Lo que hay que recordar: Andr\u00e9-Louis Auzi\u00e8re fue el primer marido de Brigitte Macron. Banquero de profesi\u00f3n, vivi\u00f3 alejado de los medios a pesar de la notoriedad de su exesposa, que se convirti\u00f3 en primera dama de Francia. Juntos, tuvieron tres hijos antes de su divorcio en 2006. Antes de casarse con Emmanuel Macron, Brigitte ... Lire plus","og_url":"https:\/\/www.sebastien-auziere.fr\/blog\/es\/andre-louis-auziere-quien-era-el-ex-marido-de-brigitte-macron\/","og_site_name":"Fan site S\u00e9bastien Auzi\u00e8re","article_published_time":"2026-03-06T17:47:06+00:00","article_modified_time":"2026-03-06T17:47:30+00:00","og_image":[{"width":1536,"height":1024,"url":"https:\/\/www.sebastien-auziere.fr\/blog\/wp-content\/uploads\/2026\/03\/louis-auziere-mari-macron.jpg","type":"image\/jpeg"}],"author":"Celine","twitter_card":"summary_large_image","twitter_misc":{"\u00c9crit par":"Celine","Dur\u00e9e de lecture estim\u00e9e":"3 minutes"},"schema":{"@context":"https:\/\/schema.org","@graph":[{"@type":"Article","@id":"https:\/\/www.sebastien-auziere.fr\/blog\/es\/andre-louis-auziere-quien-era-el-ex-marido-de-brigitte-macron\/#article","isPartOf":{"@id":"https:\/\/www.sebastien-auziere.fr\/blog\/es\/andre-louis-auziere-quien-era-el-ex-marido-de-brigitte-macron\/"},"author":{"name":"Celine","@id":"https:\/\/www.sebastien-auziere.fr\/blog\/#\/schema\/person\/1e270a963009242469ed08b1c461f81f"},"headline":"Andr\u00e9-Louis Auzi\u00e8re: \u00bfqui\u00e9n era el ex-marido de Brigitte Macron?","datePublished":"2026-03-06T17:47:06+00:00","dateModified":"2026-03-06T17:47:30+00:00","mainEntityOfPage":{"@id":"https:\/\/www.sebastien-auziere.fr\/blog\/es\/andre-louis-auziere-quien-era-el-ex-marido-de-brigitte-macron\/"},"wordCount":552,"commentCount":0,"publisher":{"@id":"https:\/\/www.sebastien-auziere.fr\/blog\/#organization"},"image":{"@id":"https:\/\/www.sebastien-auziere.fr\/blog\/es\/andre-louis-auziere-quien-era-el-ex-marido-de-brigitte-macron\/#primaryimage"},"thumbnailUrl":"https:\/\/www.sebastien-auziere.fr\/blog\/wp-content\/uploads\/2026\/03\/louis-auziere-mari-macron.jpg","articleSection":["Tendencia"],"inLanguage":"fr-FR","potentialAction":[{"@type":"CommentAction","name":"Comment","target":["https:\/\/www.sebastien-auziere.fr\/blog\/es\/andre-louis-auziere-quien-era-el-ex-marido-de-brigitte-macron\/#respond"]}]},{"@type":"WebPage","@id":"https:\/\/www.sebastien-auziere.fr\/blog\/es\/andre-louis-auziere-quien-era-el-ex-marido-de-brigitte-macron\/","url":"https:\/\/www.sebastien-auziere.fr\/blog\/es\/andre-louis-auziere-quien-era-el-ex-marido-de-brigitte-macron\/","name":"Andr\u00e9-Louis Auzi\u00e8re: \u00bfqui\u00e9n era el ex-marido de Brigitte Macron? - Fan site S\u00e9bastien Auzi\u00e8re","isPartOf":{"@id":"https:\/\/www.sebastien-auziere.fr\/blog\/#website"},"primaryImageOfPage":{"@id":"https:\/\/www.sebastien-auziere.fr\/blog\/es\/andre-louis-auziere-quien-era-el-ex-marido-de-brigitte-macron\/#primaryimage"},"image":{"@id":"https:\/\/www.sebastien-auziere.fr\/blog\/es\/andre-louis-auziere-quien-era-el-ex-marido-de-brigitte-macron\/#primaryimage"},"thumbnailUrl":"https:\/\/www.sebastien-auziere.fr\/blog\/wp-content\/uploads\/2026\/03\/louis-auziere-mari-macron.jpg","datePublished":"2026-03-06T17:47:06+00:00","dateModified":"2026-03-06T17:47:30+00:00","breadcrumb":{"@id":"https:\/\/www.sebastien-auziere.fr\/blog\/es\/andre-louis-auziere-quien-era-el-ex-marido-de-brigitte-macron\/#breadcrumb"},"inLanguage":"fr-FR","potentialAction":[{"@type":"ReadAction","target":["https:\/\/www.sebastien-auziere.fr\/blog\/es\/andre-louis-auziere-quien-era-el-ex-marido-de-brigitte-macron\/"]}]},{"@type":"ImageObject","inLanguage":"fr-FR","@id":"https:\/\/www.sebastien-auziere.fr\/blog\/es\/andre-louis-auziere-quien-era-el-ex-marido-de-brigitte-macron\/#primaryimage","url":"https:\/\/www.sebastien-auziere.fr\/blog\/wp-content\/uploads\/2026\/03\/louis-auziere-mari-macron.jpg","contentUrl":"https:\/\/www.sebastien-auziere.fr\/blog\/wp-content\/uploads\/2026\/03\/louis-auziere-mari-macron.jpg","width":1536,"height":1024,"caption":"andre louis auziere ex mari de brigitte macron"},{"@type":"BreadcrumbList","@id":"https:\/\/www.sebastien-auziere.fr\/blog\/es\/andre-louis-auziere-quien-era-el-ex-marido-de-brigitte-macron\/#breadcrumb","itemListElement":[{"@type":"ListItem","position":1,"name":"Home","item":"https:\/\/www.sebastien-auziere.fr\/blog\/"},{"@type":"ListItem","position":2,"name":"Andr\u00e9-Louis Auzi\u00e8re: \u00bfqui\u00e9n era el ex-marido de Brigitte Macron?"}]},{"@type":"WebSite","@id":"https:\/\/www.sebastien-auziere.fr\/blog\/#website","url":"https:\/\/www.sebastien-auziere.fr\/blog\/","name":"Fan site S\u00e9bastien Auzi\u00e8re","description":"M\u00e9dia g\u00e9n\u00e9raliste","publisher":{"@id":"https:\/\/www.sebastien-auziere.fr\/blog\/#organization"},"potentialAction":[{"@type":"SearchAction","target":{"@type":"EntryPoint","urlTemplate":"https:\/\/www.sebastien-auziere.fr\/blog\/?s={search_term_string}"},"query-input":{"@type":"PropertyValueSpecification","valueRequired":true,"valueName":"search_term_string"}}],"inLanguage":"fr-FR"},{"@type":"Organization","@id":"https:\/\/www.sebastien-auziere.fr\/blog\/#organization","name":"Fan site S\u00e9bastien Auzi\u00e8re","url":"https:\/\/www.sebastien-auziere.fr\/blog\/","logo":{"@type":"ImageObject","inLanguage":"fr-FR","@id":"https:\/\/www.sebastien-auziere.fr\/blog\/#\/schema\/logo\/image\/","url":"https:\/\/www.sebastien-auziere.fr\/blog\/wp-content\/uploads\/2026\/03\/cropped-cropped-cropped-ChatGPT-Image-6-mars-2026-12_58_09-e1772798376794.jpg","contentUrl":"https:\/\/www.sebastien-auziere.fr\/blog\/wp-content\/uploads\/2026\/03\/cropped-cropped-cropped-ChatGPT-Image-6-mars-2026-12_58_09-e1772798376794.jpg","width":512,"height":360,"caption":"Fan site S\u00e9bastien Auzi\u00e8re"},"image":{"@id":"https:\/\/www.sebastien-auziere.fr\/blog\/#\/schema\/logo\/image\/"}},{"@type":"Person","@id":"https:\/\/www.sebastien-auziere.fr\/blog\/#\/schema\/person\/1e270a963009242469ed08b1c461f81f","name":"Celine","image":{"@type":"ImageObject","inLanguage":"fr-FR","@id":"https:\/\/secure.gravatar.com\/avatar\/c88d569fbe1fe19a13c7f21ee0f8973822df96073df21850b95af6a09ba820c9?s=96&d=mm&r=g","url":"https:\/\/secure.gravatar.com\/avatar\/c88d569fbe1fe19a13c7f21ee0f8973822df96073df21850b95af6a09ba820c9?s=96&d=mm&r=g","contentUrl":"https:\/\/secure.gravatar.com\/avatar\/c88d569fbe1fe19a13c7f21ee0f8973822df96073df21850b95af6a09ba820c9?s=96&d=mm&r=g","caption":"Celine"},"description":"Je m'appelle C\u00e9line, j'ai 31 ans et je suis journaliste sp\u00e9cialis\u00e9e dans le cin\u00e9ma. Passionn\u00e9e par le septi\u00e8me art, j'explore les actualit\u00e9s, les critiques et les tendances du monde cin\u00e9matographique. Mon objectif est de partager ma passion et d'informer les amateurs de films \u00e0 travers des articles percutants et des analyses approfondies.","url":"https:\/\/www.sebastien-auziere.fr\/blog\/author\/celine\/"}]}},"views":14,"_links":{"self":[{"href":"https:\/\/www.sebastien-auziere.fr\/blog\/wp-json\/wp\/v2\/posts\/2320","targetHints":{"allow":["GET"]}}],"collection":[{"href":"https:\/\/www.sebastien-auziere.fr\/blog\/wp-json\/wp\/v2\/posts"}],"about":[{"href":"https:\/\/www.sebastien-auziere.fr\/blog\/wp-json\/wp\/v2\/types\/post"}],"author":[{"embeddable":true,"href":"https:\/\/www.sebastien-auziere.fr\/blog\/wp-json\/wp\/v2\/users\/4"}],"replies":[{"embeddable":true,"href":"https:\/\/www.sebastien-auziere.fr\/blog\/wp-json\/wp\/v2\/comments?post=2320"}],"version-history":[{"count":1,"href":"https:\/\/www.sebastien-auziere.fr\/blog\/wp-json\/wp\/v2\/posts\/2320\/revisions"}],"predecessor-version":[{"id":2321,"href":"https:\/\/www.sebastien-auziere.fr\/blog\/wp-json\/wp\/v2\/posts\/2320\/revisions\/2321"}],"wp:featuredmedia":[{"embeddable":true,"href":"https:\/\/www.sebastien-auziere.fr\/blog\/wp-json\/wp\/v2\/media\/2316"}],"wp:attachment":[{"href":"https:\/\/www.sebastien-auziere.fr\/blog\/wp-json\/wp\/v2\/media?parent=2320"}],"wp:term":[{"taxonomy":"category","embeddable":true,"href":"https:\/\/www.sebastien-auziere.fr\/blog\/wp-json\/wp\/v2\/categories?post=2320"},{"taxonomy":"post_tag","embeddable":true,"href":"https:\/\/www.sebastien-auziere.fr\/blog\/wp-json\/wp\/v2\/tags?post=2320"}],"curies":[{"name":"wp","href":"https:\/\/api.w.org\/{rel}","templated":true}]}}