{"id":2232,"date":"2026-03-06T16:19:49","date_gmt":"2026-03-06T16:19:49","guid":{"rendered":"https:\/\/www.sebastien-auziere.fr\/blog\/?p=2232"},"modified":"2026-03-06T16:20:19","modified_gmt":"2026-03-06T16:20:19","slug":"brigitte-macron-jovem-seu-percurso-antes-do-elysee","status":"publish","type":"post","link":"https:\/\/www.sebastien-auziere.fr\/blog\/pt\/brigitte-macron-jovem-seu-percurso-antes-do-elysee\/","title":{"rendered":"Brigitte Macron jovem: seu percurso antes do \u00c9lys\u00e9e"},"content":{"rendered":"<p style=\"padding: 24px;background: lightblue\">\nO que deve ser lembrado: antes de se tornar Primeira-dama, <strong>Brigitte Macron teve uma carreira de professora reconhecida<\/strong>. Nascida em uma fam\u00edlia de empres\u00e1rios em Amiens, ela dedicou uma grande parte de sua vida \u00e0 educa\u00e7\u00e3o. Seu percurso pessoal e seu encontro com Emmanuel Macron contribu\u00edram amplamente para moldar sua hist\u00f3ria p\u00fablica.\n<\/p>\n<p>\nMuitas pessoas est\u00e3o interessadas hoje em <strong>Brigitte Macron jovem<\/strong> e em seu percurso antes de entrar no \u00c9lys\u00e9e. Antes de ser conhecida pelo grande p\u00fablico, ela era antes de tudo uma professora apaixonada por literatura e teatro. Neste artigo, voc\u00ea vai descobrir <strong>sua hist\u00f3ria, sua juventude e seu percurso profissional<\/strong> antes de se tornar uma das figuras mais midi\u00e1ticas da vida pol\u00edtica francesa.\n<\/p>\n<ol>\n<li><a href=\"#jeunesse-brigitte-macron\">A juventude de Brigitte Macron<\/a><\/li>\n<li><a href=\"#carriere-enseignante\">Sua carreira de professora<\/a><\/li>\n<li><a href=\"#rencontre-emmanuel-macron\">O encontro com Emmanuel Macron<\/a><\/li>\n<li><a href=\"#role-premiere-dame\">Seu papel de Primeira-dama<\/a><\/li>\n<\/ol>\n<h2 id=\"jeunesse-brigitte-macron\">A juventude de Brigitte Macron<\/h2>\n<p>\nBrigitte Macron, nascida <strong>Brigitte Trogneux<\/strong>, v\u00ea a luz do dia em 13 de abril de 1953 em Amiens. Ela cresce em uma fam\u00edlia conhecida por sua empresa de chocolate, muito estabelecida na regi\u00e3o.\n<\/p>\n<h3>Uma inf\u00e2ncia em uma fam\u00edlia de empres\u00e1rios<\/h3>\n<p>\nA fam\u00edlia Trogneux \u00e9 reputada em Amiens por sua atividade na confeitaria. Esta empresa familiar existe h\u00e1 v\u00e1rias gera\u00e7\u00f5es e marcou a hist\u00f3ria econ\u00f4mica local.\n<\/p>\n<p>\nBrigitte Macron passa, portanto, sua inf\u00e2ncia em um ambiente est\u00e1vel e empreendedor, cercada por seus irm\u00e3os e irm\u00e3s.\n<\/p>\n<h2 id=\"carriere-enseignante\">Sua carreira de professora<\/h2>\n<p>\nAntes de entrar na esfera pol\u00edtica, Brigitte Macron construiu uma carreira s\u00f3lida no ensino.\n<\/p>\n<h3>Professora de letras e teatro<\/h3>\n<p>\nEla ensina literatura e teatro em v\u00e1rias institui\u00e7\u00f5es escolares. Seus alunos frequentemente a descrevem como uma professora apaixonada e muito envolvida na vida cultural dos liceus.\n<\/p>\n<ul>\n<li>Professora de franc\u00eas<\/li>\n<li>Respons\u00e1vel por oficinas de teatro<\/li>\n<li>Comprometida com a pedagogia e a cultura<\/li>\n<\/ul>\n<p>\nSeu trabalho como professora deixou uma marca profunda em muitos alunos ao longo dos anos.\n<\/p>\n<h2 id=\"rencontre-emmanuel-macron\">O encontro com Emmanuel Macron<\/h2>\n<p>\nFoi no lyc\u00e9e La Providence em Amiens que Brigitte Macron conhece Emmanuel Macron, ent\u00e3o aluno da institui\u00e7\u00e3o.\n<\/p>\n<h3>Um encontro marcante<\/h3>\n<p>\nSua rela\u00e7\u00e3o se desenvolve em torno de uma paix\u00e3o comum por literatura e teatro. Este encontro marcar\u00e1 o in\u00edcio de uma rela\u00e7\u00e3o que, mais tarde, atrair\u00e1 a aten\u00e7\u00e3o do p\u00fablico e da m\u00eddia.\n<\/p>\n<p>\nApesar das cr\u00edticas e obst\u00e1culos, sua rela\u00e7\u00e3o se construiu ao longo do tempo antes de seu casamento em 2007.\n<\/p>\n<h2 id=\"role-premiere-dame\">Seu papel de Primeira-dama<\/h2>\n<p>\nDesde a elei\u00e7\u00e3o de Emmanuel Macron \u00e0 presid\u00eancia da Rep\u00fablica em 2017, Brigitte Macron ocupa um papel importante na cena p\u00fablica.\n<\/p>\n<h3>Um compromisso social e educacional<\/h3>\n<p>\nEla se envolve em v\u00e1rias iniciativas relacionadas \u00e0 educa\u00e7\u00e3o, \u00e0 juventude e \u00e0 luta contra o bullying escolar.\n<\/p>\n<ul>\n<li>Apoio a associa\u00e7\u00f5es educacionais<\/li>\n<li>A\u00e7\u00f5es contra bullying escolar<\/li>\n<li>Promo\u00e7\u00e3o da cultura e da aprendizagem<\/li>\n<\/ul>\n<div style=\"overflow:auto;max-width:100%\">\n<table>\n<tbody>\n<tr>\n<th>Per\u00edodo<\/th>\n<th>Evento<\/th>\n<th>Impacto<\/th>\n<\/tr>\n<tr>\n<td>1953<\/td>\n<td>Nascimento em Amiens<\/td>\n<td>Fam\u00edlia de empres\u00e1rios<\/td>\n<\/tr>\n<tr>\n<td>Anos 1980-2000<\/td>\n<td>Carreira de professora<\/td>\n<td>Compromisso pedag\u00f3gico<\/td>\n<\/tr>\n<tr>\n<td>2007<\/td>\n<td>Casamento com Emmanuel Macron<\/td>\n<td>Entrada na vida p\u00fablica<\/td>\n<\/tr>\n<tr>\n<td>2017<\/td>\n<td>Primeira-dama<\/td>\n<td>Compromisso social e educacional<\/td>\n<\/tr>\n<\/tbody>\n<\/table>\n<\/div>\n<p>\nHoje, Brigitte Macron permanece uma figura midi\u00e1tica importante na Fran\u00e7a. Seu percurso mostra que, antes da pol\u00edtica, ela foi principalmente <strong>uma professora apaixonada e comprometida<\/strong>.\n<\/p>\n<h2>FAQ<\/h2>\n<h3>Quem era Brigitte Macron antes do \u00c9lys\u00e9e?<\/h3>\n<p>\nAntes de se tornar Primeira-dama, Brigitte Macron era professora de franc\u00eas e teatro em v\u00e1rias escolas.\n<\/p>\n<h3>Onde nasceu Brigitte Macron?<\/h3>\n<p>\nEla nasceu em Amiens em 1953 na fam\u00edlia Trogneux, conhecida por sua empresa de chocolate.\n<\/p>\n<h3>Quando Brigitte Macron conheceu Emmanuel Macron?<\/h3>\n<p>\nEles se encontraram no lyc\u00e9e La Providence em Amiens quando Emmanuel Macron era aluno.\n<\/p>\n<h3>Qual \u00e9 seu papel hoje?<\/h3>\n<p>\nComo Primeira-dama, ela se envolve em causas relacionadas \u00e0 educa\u00e7\u00e3o, \u00e0 juventude e \u00e0 luta contra o bullying escolar.\n<\/p>\n<p>[<br \/>\n{<br \/>\n\u00ab\u00a0@context\u00a0\u00bb:\u00a0\u00bbhttps:\/\/schema.org\u00a0\u00bb,<br \/>\n\u00ab\u00a0@type\u00a0\u00bb:\u00a0\u00bbArticle\u00a0\u00bb,<br \/>\n\u00ab\u00a0headline\u00a0\u00bb:\u00a0\u00bbBrigitte Macron jovem: seu percurso antes do \u00c9lys\u00e9e\u00a0\u00bb,<br \/>\n\u00ab\u00a0description\u00a0\u00bb:\u00a0\u00bbDescubra a juventude e o percurso de Brigitte Macron antes de seu papel como Primeira-dama.\u00a0\u00bb,<br \/>\n\u00ab\u00a0inLanguage\u00a0\u00bb:\u00a0\u00bbfr\u00a0\u00bb,<br \/>\n\u00ab\u00a0articleSection\u00a0\u00bb:\u00a0\u00bbbiografia\u00a0\u00bb,<br \/>\n\u00ab\u00a0abstract\u00a0\u00bb:\u00a0\u00bbBrigitte Macron foi primeiro professora de letras antes de se tornar Primeira-dama da Fran\u00e7a.\u00a0\u00bb<br \/>\n},<br \/>\n{<br \/>\n\u00ab\u00a0@context\u00a0\u00bb:\u00a0\u00bbhttps:\/\/schema.org\u00a0\u00bb,<br \/>\n\u00ab\u00a0@type\u00a0\u00bb:\u00a0\u00bbFAQPage\u00a0\u00bb,<br \/>\n\u00ab\u00a0mainEntity\u00a0\u00bb:[<br \/>\n{<br \/>\n\u00ab\u00a0@type\u00a0\u00bb:\u00a0\u00bbQuestion\u00a0\u00bb,<br \/>\n\u00ab\u00a0name\u00a0\u00bb:\u00a0\u00bbQuem era Brigitte Macron antes do \u00c9lys\u00e9e?\u00a0\u00bb,<br \/>\n\u00ab\u00a0acceptedAnswer\u00a0\u00bb:{<br \/>\n\u00ab\u00a0@type\u00a0\u00bb:\u00a0\u00bbAnswer\u00a0\u00bb,<br \/>\n\u00ab\u00a0text\u00a0\u00bb:\u00a0\u00bbAntes do \u00c9lys\u00e9e, Brigitte Macron era professora de franc\u00eas e teatro.\u00a0\u00bb<br \/>\n}<br \/>\n},<br \/>\n{<br \/>\n\u00ab\u00a0@type\u00a0\u00bb:\u00a0\u00bbQuestion\u00a0\u00bb,<br \/>\n\u00ab\u00a0name\u00a0\u00bb:\u00a0\u00bbOnde nasceu Brigitte Macron?\u00a0\u00bb,<br \/>\n\u00ab\u00a0acceptedAnswer\u00a0\u00bb:{<br \/>\n\u00ab\u00a0@type\u00a0\u00bb:\u00a0\u00bbAnswer\u00a0\u00bb,<br \/>\n\u00ab\u00a0text\u00a0\u00bb:\u00a0\u00bbBrigitte Macron nasceu em Amiens em 1953.\u00a0\u00bb<br \/>\n}<br \/>\n}<br \/>\n]<br \/>\n}<br \/>\n]<\/p>\n","protected":false},"excerpt":{"rendered":"<p>O que deve ser lembrado: antes de se tornar Primeira-dama, Brigitte Macron teve uma carreira de professora reconhecida. Nascida em uma fam\u00edlia de empres\u00e1rios em Amiens, ela dedicou uma grande parte de sua vida \u00e0 educa\u00e7\u00e3o. Seu percurso pessoal e seu encontro com Emmanuel Macron contribu\u00edram amplamente para moldar sua hist\u00f3ria p\u00fablica. Muitas pessoas est\u00e3o &#8230; <a title=\"Brigitte Macron jovem: seu percurso antes do \u00c9lys\u00e9e\" class=\"read-more\" href=\"https:\/\/www.sebastien-auziere.fr\/blog\/pt\/brigitte-macron-jovem-seu-percurso-antes-do-elysee\/\" aria-label=\"En savoir plus sur Brigitte Macron jovem: seu percurso antes do \u00c9lys\u00e9e\">Lire plus<\/a><\/p>\n","protected":false},"author":4,"featured_media":2040,"comment_status":"open","ping_status":"open","sticky":false,"template":"","format":"standard","meta":{"footnotes":""},"categories":[862],"tags":[],"class_list":["post-2232","post","type-post","status-publish","format-standard","has-post-thumbnail","hentry","category-actualidades-pt"],"yoast_head":"<!-- This site is optimized with the Yoast SEO plugin v27.5 - https:\/\/yoast.com\/product\/yoast-seo-wordpress\/ -->\n<title>Brigitte Macron jovem: seu percurso antes do \u00c9lys\u00e9e - Fan site S\u00e9bastien Auzi\u00e8re<\/title>\n<meta name=\"robots\" content=\"index, follow, max-snippet:-1, max-image-preview:large, max-video-preview:-1\" \/>\n<link rel=\"canonical\" href=\"https:\/\/www.sebastien-auziere.fr\/blog\/pt\/brigitte-macron-jovem-seu-percurso-antes-do-elysee\/\" \/>\n<meta property=\"og:locale\" content=\"fr_FR\" \/>\n<meta property=\"og:type\" content=\"article\" \/>\n<meta property=\"og:title\" content=\"Brigitte Macron jovem: seu percurso antes do \u00c9lys\u00e9e - Fan site S\u00e9bastien Auzi\u00e8re\" \/>\n<meta property=\"og:description\" content=\"O que deve ser lembrado: antes de se tornar Primeira-dama, Brigitte Macron teve uma carreira de professora reconhecida. Nascida em uma fam\u00edlia de empres\u00e1rios em Amiens, ela dedicou uma grande parte de sua vida \u00e0 educa\u00e7\u00e3o. Seu percurso pessoal e seu encontro com Emmanuel Macron contribu\u00edram amplamente para moldar sua hist\u00f3ria p\u00fablica. Muitas pessoas est\u00e3o ... Lire plus\" \/>\n<meta property=\"og:url\" content=\"https:\/\/www.sebastien-auziere.fr\/blog\/pt\/brigitte-macron-jovem-seu-percurso-antes-do-elysee\/\" \/>\n<meta property=\"og:site_name\" content=\"Fan site S\u00e9bastien Auzi\u00e8re\" \/>\n<meta property=\"article:published_time\" content=\"2026-03-06T16:19:49+00:00\" \/>\n<meta property=\"article:modified_time\" content=\"2026-03-06T16:20:19+00:00\" \/>\n<meta property=\"og:image\" content=\"https:\/\/www.sebastien-auziere.fr\/blog\/wp-content\/uploads\/2026\/03\/Brigitte-Macron-jeune.jpg\" \/>\n\t<meta property=\"og:image:width\" content=\"1189\" \/>\n\t<meta property=\"og:image:height\" content=\"758\" \/>\n\t<meta property=\"og:image:type\" content=\"image\/jpeg\" \/>\n<meta name=\"author\" content=\"Celine\" \/>\n<meta name=\"twitter:card\" content=\"summary_large_image\" \/>\n<meta name=\"twitter:label1\" content=\"\u00c9crit par\" \/>\n\t<meta name=\"twitter:data1\" content=\"Celine\" \/>\n\t<meta name=\"twitter:label2\" content=\"Dur\u00e9e de lecture estim\u00e9e\" \/>\n\t<meta name=\"twitter:data2\" content=\"4 minutes\" \/>\n<script type=\"application\/ld+json\" class=\"yoast-schema-graph\">{\"@context\":\"https:\\\/\\\/schema.org\",\"@graph\":[{\"@type\":\"Article\",\"@id\":\"https:\\\/\\\/www.sebastien-auziere.fr\\\/blog\\\/pt\\\/brigitte-macron-jovem-seu-percurso-antes-do-elysee\\\/#article\",\"isPartOf\":{\"@id\":\"https:\\\/\\\/www.sebastien-auziere.fr\\\/blog\\\/pt\\\/brigitte-macron-jovem-seu-percurso-antes-do-elysee\\\/\"},\"author\":{\"name\":\"Celine\",\"@id\":\"https:\\\/\\\/www.sebastien-auziere.fr\\\/blog\\\/#\\\/schema\\\/person\\\/1e270a963009242469ed08b1c461f81f\"},\"headline\":\"Brigitte Macron jovem: seu percurso antes do \u00c9lys\u00e9e\",\"datePublished\":\"2026-03-06T16:19:49+00:00\",\"dateModified\":\"2026-03-06T16:20:19+00:00\",\"mainEntityOfPage\":{\"@id\":\"https:\\\/\\\/www.sebastien-auziere.fr\\\/blog\\\/pt\\\/brigitte-macron-jovem-seu-percurso-antes-do-elysee\\\/\"},\"wordCount\":746,\"commentCount\":0,\"publisher\":{\"@id\":\"https:\\\/\\\/www.sebastien-auziere.fr\\\/blog\\\/#organization\"},\"image\":{\"@id\":\"https:\\\/\\\/www.sebastien-auziere.fr\\\/blog\\\/pt\\\/brigitte-macron-jovem-seu-percurso-antes-do-elysee\\\/#primaryimage\"},\"thumbnailUrl\":\"https:\\\/\\\/www.sebastien-auziere.fr\\\/blog\\\/wp-content\\\/uploads\\\/2026\\\/03\\\/Brigitte-Macron-jeune.jpg\",\"articleSection\":[\"Actualidades\"],\"inLanguage\":\"fr-FR\",\"potentialAction\":[{\"@type\":\"CommentAction\",\"name\":\"Comment\",\"target\":[\"https:\\\/\\\/www.sebastien-auziere.fr\\\/blog\\\/pt\\\/brigitte-macron-jovem-seu-percurso-antes-do-elysee\\\/#respond\"]}]},{\"@type\":\"WebPage\",\"@id\":\"https:\\\/\\\/www.sebastien-auziere.fr\\\/blog\\\/pt\\\/brigitte-macron-jovem-seu-percurso-antes-do-elysee\\\/\",\"url\":\"https:\\\/\\\/www.sebastien-auziere.fr\\\/blog\\\/pt\\\/brigitte-macron-jovem-seu-percurso-antes-do-elysee\\\/\",\"name\":\"Brigitte Macron jovem: seu percurso antes do \u00c9lys\u00e9e - Fan site S\u00e9bastien Auzi\u00e8re\",\"isPartOf\":{\"@id\":\"https:\\\/\\\/www.sebastien-auziere.fr\\\/blog\\\/#website\"},\"primaryImageOfPage\":{\"@id\":\"https:\\\/\\\/www.sebastien-auziere.fr\\\/blog\\\/pt\\\/brigitte-macron-jovem-seu-percurso-antes-do-elysee\\\/#primaryimage\"},\"image\":{\"@id\":\"https:\\\/\\\/www.sebastien-auziere.fr\\\/blog\\\/pt\\\/brigitte-macron-jovem-seu-percurso-antes-do-elysee\\\/#primaryimage\"},\"thumbnailUrl\":\"https:\\\/\\\/www.sebastien-auziere.fr\\\/blog\\\/wp-content\\\/uploads\\\/2026\\\/03\\\/Brigitte-Macron-jeune.jpg\",\"datePublished\":\"2026-03-06T16:19:49+00:00\",\"dateModified\":\"2026-03-06T16:20:19+00:00\",\"breadcrumb\":{\"@id\":\"https:\\\/\\\/www.sebastien-auziere.fr\\\/blog\\\/pt\\\/brigitte-macron-jovem-seu-percurso-antes-do-elysee\\\/#breadcrumb\"},\"inLanguage\":\"fr-FR\",\"potentialAction\":[{\"@type\":\"ReadAction\",\"target\":[\"https:\\\/\\\/www.sebastien-auziere.fr\\\/blog\\\/pt\\\/brigitte-macron-jovem-seu-percurso-antes-do-elysee\\\/\"]}]},{\"@type\":\"ImageObject\",\"inLanguage\":\"fr-FR\",\"@id\":\"https:\\\/\\\/www.sebastien-auziere.fr\\\/blog\\\/pt\\\/brigitte-macron-jovem-seu-percurso-antes-do-elysee\\\/#primaryimage\",\"url\":\"https:\\\/\\\/www.sebastien-auziere.fr\\\/blog\\\/wp-content\\\/uploads\\\/2026\\\/03\\\/Brigitte-Macron-jeune.jpg\",\"contentUrl\":\"https:\\\/\\\/www.sebastien-auziere.fr\\\/blog\\\/wp-content\\\/uploads\\\/2026\\\/03\\\/Brigitte-Macron-jeune.jpg\",\"width\":1189,\"height\":758,\"caption\":\"Brigitte Macron jeune\"},{\"@type\":\"BreadcrumbList\",\"@id\":\"https:\\\/\\\/www.sebastien-auziere.fr\\\/blog\\\/pt\\\/brigitte-macron-jovem-seu-percurso-antes-do-elysee\\\/#breadcrumb\",\"itemListElement\":[{\"@type\":\"ListItem\",\"position\":1,\"name\":\"Home\",\"item\":\"https:\\\/\\\/www.sebastien-auziere.fr\\\/blog\\\/\"},{\"@type\":\"ListItem\",\"position\":2,\"name\":\"Brigitte Macron jovem: seu percurso antes do \u00c9lys\u00e9e\"}]},{\"@type\":\"WebSite\",\"@id\":\"https:\\\/\\\/www.sebastien-auziere.fr\\\/blog\\\/#website\",\"url\":\"https:\\\/\\\/www.sebastien-auziere.fr\\\/blog\\\/\",\"name\":\"Fan site S\u00e9bastien Auzi\u00e8re\",\"description\":\"M\u00e9dia g\u00e9n\u00e9raliste\",\"publisher\":{\"@id\":\"https:\\\/\\\/www.sebastien-auziere.fr\\\/blog\\\/#organization\"},\"potentialAction\":[{\"@type\":\"SearchAction\",\"target\":{\"@type\":\"EntryPoint\",\"urlTemplate\":\"https:\\\/\\\/www.sebastien-auziere.fr\\\/blog\\\/?s={search_term_string}\"},\"query-input\":{\"@type\":\"PropertyValueSpecification\",\"valueRequired\":true,\"valueName\":\"search_term_string\"}}],\"inLanguage\":\"fr-FR\"},{\"@type\":\"Organization\",\"@id\":\"https:\\\/\\\/www.sebastien-auziere.fr\\\/blog\\\/#organization\",\"name\":\"Fan site S\u00e9bastien Auzi\u00e8re\",\"url\":\"https:\\\/\\\/www.sebastien-auziere.fr\\\/blog\\\/\",\"logo\":{\"@type\":\"ImageObject\",\"inLanguage\":\"fr-FR\",\"@id\":\"https:\\\/\\\/www.sebastien-auziere.fr\\\/blog\\\/#\\\/schema\\\/logo\\\/image\\\/\",\"url\":\"https:\\\/\\\/www.sebastien-auziere.fr\\\/blog\\\/wp-content\\\/uploads\\\/2026\\\/03\\\/cropped-cropped-cropped-ChatGPT-Image-6-mars-2026-12_58_09-e1772798376794.jpg\",\"contentUrl\":\"https:\\\/\\\/www.sebastien-auziere.fr\\\/blog\\\/wp-content\\\/uploads\\\/2026\\\/03\\\/cropped-cropped-cropped-ChatGPT-Image-6-mars-2026-12_58_09-e1772798376794.jpg\",\"width\":512,\"height\":360,\"caption\":\"Fan site S\u00e9bastien Auzi\u00e8re\"},\"image\":{\"@id\":\"https:\\\/\\\/www.sebastien-auziere.fr\\\/blog\\\/#\\\/schema\\\/logo\\\/image\\\/\"}},{\"@type\":\"Person\",\"@id\":\"https:\\\/\\\/www.sebastien-auziere.fr\\\/blog\\\/#\\\/schema\\\/person\\\/1e270a963009242469ed08b1c461f81f\",\"name\":\"Celine\",\"image\":{\"@type\":\"ImageObject\",\"inLanguage\":\"fr-FR\",\"@id\":\"https:\\\/\\\/secure.gravatar.com\\\/avatar\\\/c88d569fbe1fe19a13c7f21ee0f8973822df96073df21850b95af6a09ba820c9?s=96&d=mm&r=g\",\"url\":\"https:\\\/\\\/secure.gravatar.com\\\/avatar\\\/c88d569fbe1fe19a13c7f21ee0f8973822df96073df21850b95af6a09ba820c9?s=96&d=mm&r=g\",\"contentUrl\":\"https:\\\/\\\/secure.gravatar.com\\\/avatar\\\/c88d569fbe1fe19a13c7f21ee0f8973822df96073df21850b95af6a09ba820c9?s=96&d=mm&r=g\",\"caption\":\"Celine\"},\"description\":\"Je m'appelle C\u00e9line, j'ai 31 ans et je suis journaliste sp\u00e9cialis\u00e9e dans le cin\u00e9ma. Passionn\u00e9e par le septi\u00e8me art, j'explore les actualit\u00e9s, les critiques et les tendances du monde cin\u00e9matographique. Mon objectif est de partager ma passion et d'informer les amateurs de films \u00e0 travers des articles percutants et des analyses approfondies.\",\"url\":\"https:\\\/\\\/www.sebastien-auziere.fr\\\/blog\\\/author\\\/celine\\\/\"}]}<\/script>\n<!-- \/ Yoast SEO plugin. -->","yoast_head_json":{"title":"Brigitte Macron jovem: seu percurso antes do \u00c9lys\u00e9e - Fan site S\u00e9bastien Auzi\u00e8re","robots":{"index":"index","follow":"follow","max-snippet":"max-snippet:-1","max-image-preview":"max-image-preview:large","max-video-preview":"max-video-preview:-1"},"canonical":"https:\/\/www.sebastien-auziere.fr\/blog\/pt\/brigitte-macron-jovem-seu-percurso-antes-do-elysee\/","og_locale":"fr_FR","og_type":"article","og_title":"Brigitte Macron jovem: seu percurso antes do \u00c9lys\u00e9e - Fan site S\u00e9bastien Auzi\u00e8re","og_description":"O que deve ser lembrado: antes de se tornar Primeira-dama, Brigitte Macron teve uma carreira de professora reconhecida. Nascida em uma fam\u00edlia de empres\u00e1rios em Amiens, ela dedicou uma grande parte de sua vida \u00e0 educa\u00e7\u00e3o. Seu percurso pessoal e seu encontro com Emmanuel Macron contribu\u00edram amplamente para moldar sua hist\u00f3ria p\u00fablica. Muitas pessoas est\u00e3o ... Lire plus","og_url":"https:\/\/www.sebastien-auziere.fr\/blog\/pt\/brigitte-macron-jovem-seu-percurso-antes-do-elysee\/","og_site_name":"Fan site S\u00e9bastien Auzi\u00e8re","article_published_time":"2026-03-06T16:19:49+00:00","article_modified_time":"2026-03-06T16:20:19+00:00","og_image":[{"width":1189,"height":758,"url":"https:\/\/www.sebastien-auziere.fr\/blog\/wp-content\/uploads\/2026\/03\/Brigitte-Macron-jeune.jpg","type":"image\/jpeg"}],"author":"Celine","twitter_card":"summary_large_image","twitter_misc":{"\u00c9crit par":"Celine","Dur\u00e9e de lecture estim\u00e9e":"4 minutes"},"schema":{"@context":"https:\/\/schema.org","@graph":[{"@type":"Article","@id":"https:\/\/www.sebastien-auziere.fr\/blog\/pt\/brigitte-macron-jovem-seu-percurso-antes-do-elysee\/#article","isPartOf":{"@id":"https:\/\/www.sebastien-auziere.fr\/blog\/pt\/brigitte-macron-jovem-seu-percurso-antes-do-elysee\/"},"author":{"name":"Celine","@id":"https:\/\/www.sebastien-auziere.fr\/blog\/#\/schema\/person\/1e270a963009242469ed08b1c461f81f"},"headline":"Brigitte Macron jovem: seu percurso antes do \u00c9lys\u00e9e","datePublished":"2026-03-06T16:19:49+00:00","dateModified":"2026-03-06T16:20:19+00:00","mainEntityOfPage":{"@id":"https:\/\/www.sebastien-auziere.fr\/blog\/pt\/brigitte-macron-jovem-seu-percurso-antes-do-elysee\/"},"wordCount":746,"commentCount":0,"publisher":{"@id":"https:\/\/www.sebastien-auziere.fr\/blog\/#organization"},"image":{"@id":"https:\/\/www.sebastien-auziere.fr\/blog\/pt\/brigitte-macron-jovem-seu-percurso-antes-do-elysee\/#primaryimage"},"thumbnailUrl":"https:\/\/www.sebastien-auziere.fr\/blog\/wp-content\/uploads\/2026\/03\/Brigitte-Macron-jeune.jpg","articleSection":["Actualidades"],"inLanguage":"fr-FR","potentialAction":[{"@type":"CommentAction","name":"Comment","target":["https:\/\/www.sebastien-auziere.fr\/blog\/pt\/brigitte-macron-jovem-seu-percurso-antes-do-elysee\/#respond"]}]},{"@type":"WebPage","@id":"https:\/\/www.sebastien-auziere.fr\/blog\/pt\/brigitte-macron-jovem-seu-percurso-antes-do-elysee\/","url":"https:\/\/www.sebastien-auziere.fr\/blog\/pt\/brigitte-macron-jovem-seu-percurso-antes-do-elysee\/","name":"Brigitte Macron jovem: seu percurso antes do \u00c9lys\u00e9e - Fan site S\u00e9bastien Auzi\u00e8re","isPartOf":{"@id":"https:\/\/www.sebastien-auziere.fr\/blog\/#website"},"primaryImageOfPage":{"@id":"https:\/\/www.sebastien-auziere.fr\/blog\/pt\/brigitte-macron-jovem-seu-percurso-antes-do-elysee\/#primaryimage"},"image":{"@id":"https:\/\/www.sebastien-auziere.fr\/blog\/pt\/brigitte-macron-jovem-seu-percurso-antes-do-elysee\/#primaryimage"},"thumbnailUrl":"https:\/\/www.sebastien-auziere.fr\/blog\/wp-content\/uploads\/2026\/03\/Brigitte-Macron-jeune.jpg","datePublished":"2026-03-06T16:19:49+00:00","dateModified":"2026-03-06T16:20:19+00:00","breadcrumb":{"@id":"https:\/\/www.sebastien-auziere.fr\/blog\/pt\/brigitte-macron-jovem-seu-percurso-antes-do-elysee\/#breadcrumb"},"inLanguage":"fr-FR","potentialAction":[{"@type":"ReadAction","target":["https:\/\/www.sebastien-auziere.fr\/blog\/pt\/brigitte-macron-jovem-seu-percurso-antes-do-elysee\/"]}]},{"@type":"ImageObject","inLanguage":"fr-FR","@id":"https:\/\/www.sebastien-auziere.fr\/blog\/pt\/brigitte-macron-jovem-seu-percurso-antes-do-elysee\/#primaryimage","url":"https:\/\/www.sebastien-auziere.fr\/blog\/wp-content\/uploads\/2026\/03\/Brigitte-Macron-jeune.jpg","contentUrl":"https:\/\/www.sebastien-auziere.fr\/blog\/wp-content\/uploads\/2026\/03\/Brigitte-Macron-jeune.jpg","width":1189,"height":758,"caption":"Brigitte Macron jeune"},{"@type":"BreadcrumbList","@id":"https:\/\/www.sebastien-auziere.fr\/blog\/pt\/brigitte-macron-jovem-seu-percurso-antes-do-elysee\/#breadcrumb","itemListElement":[{"@type":"ListItem","position":1,"name":"Home","item":"https:\/\/www.sebastien-auziere.fr\/blog\/"},{"@type":"ListItem","position":2,"name":"Brigitte Macron jovem: seu percurso antes do \u00c9lys\u00e9e"}]},{"@type":"WebSite","@id":"https:\/\/www.sebastien-auziere.fr\/blog\/#website","url":"https:\/\/www.sebastien-auziere.fr\/blog\/","name":"Fan site S\u00e9bastien Auzi\u00e8re","description":"M\u00e9dia g\u00e9n\u00e9raliste","publisher":{"@id":"https:\/\/www.sebastien-auziere.fr\/blog\/#organization"},"potentialAction":[{"@type":"SearchAction","target":{"@type":"EntryPoint","urlTemplate":"https:\/\/www.sebastien-auziere.fr\/blog\/?s={search_term_string}"},"query-input":{"@type":"PropertyValueSpecification","valueRequired":true,"valueName":"search_term_string"}}],"inLanguage":"fr-FR"},{"@type":"Organization","@id":"https:\/\/www.sebastien-auziere.fr\/blog\/#organization","name":"Fan site S\u00e9bastien Auzi\u00e8re","url":"https:\/\/www.sebastien-auziere.fr\/blog\/","logo":{"@type":"ImageObject","inLanguage":"fr-FR","@id":"https:\/\/www.sebastien-auziere.fr\/blog\/#\/schema\/logo\/image\/","url":"https:\/\/www.sebastien-auziere.fr\/blog\/wp-content\/uploads\/2026\/03\/cropped-cropped-cropped-ChatGPT-Image-6-mars-2026-12_58_09-e1772798376794.jpg","contentUrl":"https:\/\/www.sebastien-auziere.fr\/blog\/wp-content\/uploads\/2026\/03\/cropped-cropped-cropped-ChatGPT-Image-6-mars-2026-12_58_09-e1772798376794.jpg","width":512,"height":360,"caption":"Fan site S\u00e9bastien Auzi\u00e8re"},"image":{"@id":"https:\/\/www.sebastien-auziere.fr\/blog\/#\/schema\/logo\/image\/"}},{"@type":"Person","@id":"https:\/\/www.sebastien-auziere.fr\/blog\/#\/schema\/person\/1e270a963009242469ed08b1c461f81f","name":"Celine","image":{"@type":"ImageObject","inLanguage":"fr-FR","@id":"https:\/\/secure.gravatar.com\/avatar\/c88d569fbe1fe19a13c7f21ee0f8973822df96073df21850b95af6a09ba820c9?s=96&d=mm&r=g","url":"https:\/\/secure.gravatar.com\/avatar\/c88d569fbe1fe19a13c7f21ee0f8973822df96073df21850b95af6a09ba820c9?s=96&d=mm&r=g","contentUrl":"https:\/\/secure.gravatar.com\/avatar\/c88d569fbe1fe19a13c7f21ee0f8973822df96073df21850b95af6a09ba820c9?s=96&d=mm&r=g","caption":"Celine"},"description":"Je m'appelle C\u00e9line, j'ai 31 ans et je suis journaliste sp\u00e9cialis\u00e9e dans le cin\u00e9ma. Passionn\u00e9e par le septi\u00e8me art, j'explore les actualit\u00e9s, les critiques et les tendances du monde cin\u00e9matographique. Mon objectif est de partager ma passion et d'informer les amateurs de films \u00e0 travers des articles percutants et des analyses approfondies.","url":"https:\/\/www.sebastien-auziere.fr\/blog\/author\/celine\/"}]}},"views":119,"_links":{"self":[{"href":"https:\/\/www.sebastien-auziere.fr\/blog\/wp-json\/wp\/v2\/posts\/2232","targetHints":{"allow":["GET"]}}],"collection":[{"href":"https:\/\/www.sebastien-auziere.fr\/blog\/wp-json\/wp\/v2\/posts"}],"about":[{"href":"https:\/\/www.sebastien-auziere.fr\/blog\/wp-json\/wp\/v2\/types\/post"}],"author":[{"embeddable":true,"href":"https:\/\/www.sebastien-auziere.fr\/blog\/wp-json\/wp\/v2\/users\/4"}],"replies":[{"embeddable":true,"href":"https:\/\/www.sebastien-auziere.fr\/blog\/wp-json\/wp\/v2\/comments?post=2232"}],"version-history":[{"count":1,"href":"https:\/\/www.sebastien-auziere.fr\/blog\/wp-json\/wp\/v2\/posts\/2232\/revisions"}],"predecessor-version":[{"id":2233,"href":"https:\/\/www.sebastien-auziere.fr\/blog\/wp-json\/wp\/v2\/posts\/2232\/revisions\/2233"}],"wp:featuredmedia":[{"embeddable":true,"href":"https:\/\/www.sebastien-auziere.fr\/blog\/wp-json\/wp\/v2\/media\/2040"}],"wp:attachment":[{"href":"https:\/\/www.sebastien-auziere.fr\/blog\/wp-json\/wp\/v2\/media?parent=2232"}],"wp:term":[{"taxonomy":"category","embeddable":true,"href":"https:\/\/www.sebastien-auziere.fr\/blog\/wp-json\/wp\/v2\/categories?post=2232"},{"taxonomy":"post_tag","embeddable":true,"href":"https:\/\/www.sebastien-auziere.fr\/blog\/wp-json\/wp\/v2\/tags?post=2232"}],"curies":[{"name":"wp","href":"https:\/\/api.w.org\/{rel}","templated":true}]}}