{"id":2230,"date":"2026-03-06T16:18:47","date_gmt":"2026-03-06T16:18:47","guid":{"rendered":"https:\/\/www.sebastien-auziere.fr\/blog\/?p=2230"},"modified":"2026-03-06T16:19:14","modified_gmt":"2026-03-06T16:19:14","slug":"brigitte-macron-giovane-il-suo-percorso-prima-dellelysee","status":"publish","type":"post","link":"https:\/\/www.sebastien-auziere.fr\/blog\/it\/brigitte-macron-giovane-il-suo-percorso-prima-dellelysee\/","title":{"rendered":"Brigitte Macron giovane: il suo percorso prima dell\u2019\u00c9lys\u00e9e"},"content":{"rendered":"<p style=\"padding: 24px;background: lightblue\">\nCosa ricordare: prima di diventare Prima Dama, <strong>Brigitte Macron ha avuto una carriera di insegnante riconosciuta<\/strong>. Nata in una famiglia di imprenditori ad Amiens, ha dedicato gran parte della sua vita all&rsquo;educazione. Il suo percorso personale e l&rsquo;incontro con Emmanuel Macron hanno ampiamente contribuito a plasmare la sua storia pubblica.\n<\/p>\n<p>\nMolte persone si interessano oggi a <strong>Brigitte Macron giovane<\/strong> e al suo percorso prima del suo ingresso all&rsquo;\u00c9lys\u00e9e. Prima di essere conosciuta dal grande pubblico, era soprattutto una professoressa appassionata di letteratura e teatro. In questo articolo, scoprirai <strong>la sua storia, la sua giovinezza e il suo percorso professionale<\/strong> prima di diventare una delle figure pi\u00f9 mediatizzate della vita politica francese.\n<\/p>\n<ol>\n<li><a href=\"#jeunesse-brigitte-macron\">La giovinezza di Brigitte Macron<\/a><\/li>\n<li><a href=\"#carriere-enseignante\">La sua carriera di insegnante<\/a><\/li>\n<li><a href=\"#rencontre-emmanuel-macron\">L&rsquo;incontro con Emmanuel Macron<\/a><\/li>\n<li><a href=\"#role-premiere-dame\">Il suo ruolo di Prima Dama<\/a><\/li>\n<\/ol>\n<h2 id=\"jeunesse-brigitte-macron\">La giovinezza di Brigitte Macron<\/h2>\n<p>\nBrigitte Macron, nata <strong>Brigitte Trogneux<\/strong>, vede la luce il 13 aprile 1953 ad Amiens. Cresce in una famiglia nota per la sua azienda di cioccolato, molto radicata nella regione.\n<\/p>\n<h3>Un&rsquo;infanzia in una famiglia di imprenditori<\/h3>\n<p>\nLa famiglia Trogneux \u00e8 rinomata ad Amiens per la sua attivit\u00e0 nella confetteria. Questa impresa familiare esiste da diverse generazioni e ha segnato la storia economica locale.\n<\/p>\n<p>\nBrigitte Macron trascorre quindi la sua infanzia in un ambiente stabile e intraprendente, circondata dai suoi fratelli e sorelle.\n<\/p>\n<h2 id=\"carriere-enseignante\">La sua carriera di insegnante<\/h2>\n<p>\nPrima di entrare nella sfera politica, Brigitte Macron ha costruito una solida carriera nell&rsquo;insegnamento.\n<\/p>\n<h3>Professoressa di lettere e di teatro<\/h3>\n<p>\nInsegna letteratura e teatro in diverse istituzioni scolastiche. I suoi alunni la descrivono spesso come un&rsquo;insegnante appassionata e molto coinvolta nella vita culturale dei licei.\n<\/p>\n<ul>\n<li>Professoressa di francese<\/li>\n<li>Responsabile di laboratori teatrali<\/li>\n<li>Impegnata nella pedagogia e nella cultura<\/li>\n<\/ul>\n<p>\nIl suo lavoro di insegnante ha profondamente segnato numerosi alunni nel corso degli anni.\n<\/p>\n<h2 id=\"rencontre-emmanuel-macron\">L&rsquo;incontro con Emmanuel Macron<\/h2>\n<p>\n\u00c8 al liceo La Providence di Amiens che Brigitte Macron incontra Emmanuel Macron, allora studente nell&rsquo;istituto.\n<\/p>\n<h3>Un incontro significativo<\/h3>\n<p>\nLa loro relazione si sviluppa attorno a una passione comune per la letteratura e il teatro. Questo incontro segner\u00e0 l&rsquo;inizio di una relazione che attirer\u00e0 in seguito l&rsquo;attenzione del pubblico e dei media.\n<\/p>\n<p>\nNonostante le critiche e gli ostacoli, la loro relazione \u00e8 stata costruita nel tempo prima del matrimonio nel 2007.\n<\/p>\n<h2 id=\"role-premiere-dame\">Il suo ruolo di Prima Dama<\/h2>\n<p>\nDalla elezione di Emmanuel Macron alla presidenza della Repubblica nel 2017, Brigitte Macron ricopre un ruolo importante sulla scena pubblica.\n<\/p>\n<h3>Un impegno sociale ed educativo<\/h3>\n<p>\nSi impegna in diverse iniziative legate all&rsquo;educazione, alla giovent\u00f9 e alla lotta contro il bullismo scolastico.\n<\/p>\n<ul>\n<li>Sostegno ad associazioni educative<\/li>\n<li>Azioni contro il bullismo scolastico<\/li>\n<li>Promozione della cultura e dell&rsquo;apprendimento<\/li>\n<\/ul>\n<div style=\"overflow:auto;max-width:100%\">\n<table>\n<tbody>\n<tr>\n<th>Periodo<\/th>\n<th>Evento<\/th>\n<th>Impatto<\/th>\n<\/tr>\n<tr>\n<td>1953<\/td>\n<td>Nascita ad Amiens<\/td>\n<td>Famiglia di imprenditori<\/td>\n<\/tr>\n<tr>\n<td>Anni 1980-2000<\/td>\n<td>Carriera di insegnante<\/td>\n<td>Impegno pedagogico<\/td>\n<\/tr>\n<tr>\n<td>2007<\/td>\n<td>Matrimonio con Emmanuel Macron<\/td>\n<td>Ingresso nella vita pubblica<\/td>\n<\/tr>\n<tr>\n<td>2017<\/td>\n<td>Prima Dama<\/td>\n<td>Impegno sociale ed educativo<\/td>\n<\/tr>\n<\/tbody>\n<\/table>\n<\/div>\n<p>\nOggi, Brigitte Macron rimane una figura mediatica importante in Francia. Il suo percorso mostra che prima della politica, \u00e8 stata soprattutto <strong>un&rsquo;insegnante appassionata e impegnata<\/strong>.\n<\/p>\n<h2>FAQ<\/h2>\n<h3>Chi era Brigitte Macron prima dell&rsquo;\u00c9lys\u00e9e?<\/h3>\n<p>\nPrima di diventare Prima Dama, Brigitte Macron era professoressa di francese e di teatro in diversi licei.\n<\/p>\n<h3>Dove \u00e8 nata Brigitte Macron?<\/h3>\n<p>\n\u00c8 nata ad Amiens nel 1953 nella famiglia Trogneux, nota per la sua azienda di cioccolato.\n<\/p>\n<h3>Quando Brigitte Macron ha incontrato Emmanuel Macron?<\/h3>\n<p>\nSi sono incontrati al liceo La Providence di Amiens quando Emmanuel Macron era studente.\n<\/p>\n<h3>Qual \u00e8 il suo ruolo oggi?<\/h3>\n<p>\nIn qualit\u00e0 di Prima Dama, si impegna in cause legate all&rsquo;educazione, alla giovent\u00f9 e alla lotta contro il bullismo scolastico.\n<\/p>\n<p>[<br \/>\n{<br \/>\n\u00ab\u00a0@context\u00a0\u00bb:\u00a0\u00bbhttps:\/\/schema.org\u00a0\u00bb,<br \/>\n\u00ab\u00a0@type\u00a0\u00bb:\u00a0\u00bbArticle\u00a0\u00bb,<br \/>\n\u00ab\u00a0headline\u00a0\u00bb:\u00a0\u00bbBrigitte Macron giovane: il suo percorso prima dell&rsquo;\u00c9lys\u00e9e\u00a0\u00bb,<br \/>\n\u00ab\u00a0description\u00a0\u00bb:\u00a0\u00bbScopri la giovent\u00f9 e il percorso di Brigitte Macron prima del suo ruolo di Prima Dama.\u00a0\u00bb,<br \/>\n\u00ab\u00a0inLanguage\u00a0\u00bb:\u00a0\u00bbit\u00a0\u00bb,<br \/>\n\u00ab\u00a0articleSection\u00a0\u00bb:\u00a0\u00bbbiografia\u00a0\u00bb,<br \/>\n\u00ab\u00a0abstract\u00a0\u00bb:\u00a0\u00bbBrigitte Macron \u00e8 stata prima professoressa di lettere prima di diventare Prima Dama di Francia.\u00a0\u00bb<br \/>\n},<br \/>\n{<br \/>\n\u00ab\u00a0@context\u00a0\u00bb:\u00a0\u00bbhttps:\/\/schema.org\u00a0\u00bb,<br \/>\n\u00ab\u00a0@type\u00a0\u00bb:\u00a0\u00bbFAQPage\u00a0\u00bb,<br \/>\n\u00ab\u00a0mainEntity\u00a0\u00bb:[<br \/>\n{<br \/>\n\u00ab\u00a0@type\u00a0\u00bb:\u00a0\u00bbQuestion\u00a0\u00bb,<br \/>\n\u00ab\u00a0name\u00a0\u00bb:\u00a0\u00bbChi era Brigitte Macron prima dell&rsquo;\u00c9lys\u00e9e?\u00a0\u00bb,<br \/>\n\u00ab\u00a0acceptedAnswer\u00a0\u00bb:{<br \/>\n\u00ab\u00a0@type\u00a0\u00bb:\u00a0\u00bbAnswer\u00a0\u00bb,<br \/>\n\u00ab\u00a0text\u00a0\u00bb:\u00a0\u00bbPrima dell&rsquo;\u00c9lys\u00e9e, Brigitte Macron era professoressa di francese e di teatro.\u00a0\u00bb<br \/>\n}<br \/>\n},<br \/>\n{<br \/>\n\u00ab\u00a0@type\u00a0\u00bb:\u00a0\u00bbQuestion\u00a0\u00bb,<br \/>\n\u00ab\u00a0name\u00a0\u00bb:\u00a0\u00bbDove \u00e8 nata Brigitte Macron?\u00a0\u00bb,<br \/>\n\u00ab\u00a0acceptedAnswer\u00a0\u00bb:{<br \/>\n\u00ab\u00a0@type\u00a0\u00bb:\u00a0\u00bbAnswer\u00a0\u00bb,<br \/>\n\u00ab\u00a0text\u00a0\u00bb:\u00a0\u00bbBrigitte Macron \u00e8 nata ad Amiens nel 1953.\u00a0\u00bb<br \/>\n}<br \/>\n}<br \/>\n]<br \/>\n}<br \/>\n]<\/p>\n","protected":false},"excerpt":{"rendered":"<p>Cosa ricordare: prima di diventare Prima Dama, Brigitte Macron ha avuto una carriera di insegnante riconosciuta. Nata in una famiglia di imprenditori ad Amiens, ha dedicato gran parte della sua vita all&rsquo;educazione. Il suo percorso personale e l&rsquo;incontro con Emmanuel Macron hanno ampiamente contribuito a plasmare la sua storia pubblica. Molte persone si interessano oggi &#8230; <a title=\"Brigitte Macron giovane: il suo percorso prima dell\u2019\u00c9lys\u00e9e\" class=\"read-more\" href=\"https:\/\/www.sebastien-auziere.fr\/blog\/it\/brigitte-macron-giovane-il-suo-percorso-prima-dellelysee\/\" aria-label=\"En savoir plus sur Brigitte Macron giovane: il suo percorso prima dell\u2019\u00c9lys\u00e9e\">Lire plus<\/a><\/p>\n","protected":false},"author":4,"featured_media":2040,"comment_status":"open","ping_status":"open","sticky":false,"template":"","format":"standard","meta":{"footnotes":""},"categories":[859],"tags":[],"class_list":["post-2230","post","type-post","status-publish","format-standard","has-post-thumbnail","hentry","category-actualita-it"],"yoast_head":"<!-- This site is optimized with the Yoast SEO plugin v27.5 - https:\/\/yoast.com\/product\/yoast-seo-wordpress\/ -->\n<title>Brigitte Macron giovane: il suo percorso prima dell\u2019\u00c9lys\u00e9e - Fan site S\u00e9bastien Auzi\u00e8re<\/title>\n<meta name=\"robots\" content=\"index, follow, max-snippet:-1, max-image-preview:large, max-video-preview:-1\" \/>\n<link rel=\"canonical\" href=\"https:\/\/www.sebastien-auziere.fr\/blog\/it\/brigitte-macron-giovane-il-suo-percorso-prima-dellelysee\/\" \/>\n<meta property=\"og:locale\" content=\"fr_FR\" \/>\n<meta property=\"og:type\" content=\"article\" \/>\n<meta property=\"og:title\" content=\"Brigitte Macron giovane: il suo percorso prima dell\u2019\u00c9lys\u00e9e - Fan site S\u00e9bastien Auzi\u00e8re\" \/>\n<meta property=\"og:description\" content=\"Cosa ricordare: prima di diventare Prima Dama, Brigitte Macron ha avuto una carriera di insegnante riconosciuta. Nata in una famiglia di imprenditori ad Amiens, ha dedicato gran parte della sua vita all&rsquo;educazione. Il suo percorso personale e l&rsquo;incontro con Emmanuel Macron hanno ampiamente contribuito a plasmare la sua storia pubblica. Molte persone si interessano oggi ... Lire plus\" \/>\n<meta property=\"og:url\" content=\"https:\/\/www.sebastien-auziere.fr\/blog\/it\/brigitte-macron-giovane-il-suo-percorso-prima-dellelysee\/\" \/>\n<meta property=\"og:site_name\" content=\"Fan site S\u00e9bastien Auzi\u00e8re\" \/>\n<meta property=\"article:published_time\" content=\"2026-03-06T16:18:47+00:00\" \/>\n<meta property=\"article:modified_time\" content=\"2026-03-06T16:19:14+00:00\" \/>\n<meta property=\"og:image\" content=\"https:\/\/www.sebastien-auziere.fr\/blog\/wp-content\/uploads\/2026\/03\/Brigitte-Macron-jeune.jpg\" \/>\n\t<meta property=\"og:image:width\" content=\"1189\" \/>\n\t<meta property=\"og:image:height\" content=\"758\" \/>\n\t<meta property=\"og:image:type\" content=\"image\/jpeg\" \/>\n<meta name=\"author\" content=\"Celine\" \/>\n<meta name=\"twitter:card\" content=\"summary_large_image\" \/>\n<meta name=\"twitter:label1\" content=\"\u00c9crit par\" \/>\n\t<meta name=\"twitter:data1\" content=\"Celine\" \/>\n\t<meta name=\"twitter:label2\" content=\"Dur\u00e9e de lecture estim\u00e9e\" \/>\n\t<meta name=\"twitter:data2\" content=\"3 minutes\" \/>\n<script type=\"application\/ld+json\" class=\"yoast-schema-graph\">{\"@context\":\"https:\\\/\\\/schema.org\",\"@graph\":[{\"@type\":\"Article\",\"@id\":\"https:\\\/\\\/www.sebastien-auziere.fr\\\/blog\\\/it\\\/brigitte-macron-giovane-il-suo-percorso-prima-dellelysee\\\/#article\",\"isPartOf\":{\"@id\":\"https:\\\/\\\/www.sebastien-auziere.fr\\\/blog\\\/it\\\/brigitte-macron-giovane-il-suo-percorso-prima-dellelysee\\\/\"},\"author\":{\"name\":\"Celine\",\"@id\":\"https:\\\/\\\/www.sebastien-auziere.fr\\\/blog\\\/#\\\/schema\\\/person\\\/1e270a963009242469ed08b1c461f81f\"},\"headline\":\"Brigitte Macron giovane: il suo percorso prima dell\u2019\u00c9lys\u00e9e\",\"datePublished\":\"2026-03-06T16:18:47+00:00\",\"dateModified\":\"2026-03-06T16:19:14+00:00\",\"mainEntityOfPage\":{\"@id\":\"https:\\\/\\\/www.sebastien-auziere.fr\\\/blog\\\/it\\\/brigitte-macron-giovane-il-suo-percorso-prima-dellelysee\\\/\"},\"wordCount\":684,\"commentCount\":0,\"publisher\":{\"@id\":\"https:\\\/\\\/www.sebastien-auziere.fr\\\/blog\\\/#organization\"},\"image\":{\"@id\":\"https:\\\/\\\/www.sebastien-auziere.fr\\\/blog\\\/it\\\/brigitte-macron-giovane-il-suo-percorso-prima-dellelysee\\\/#primaryimage\"},\"thumbnailUrl\":\"https:\\\/\\\/www.sebastien-auziere.fr\\\/blog\\\/wp-content\\\/uploads\\\/2026\\\/03\\\/Brigitte-Macron-jeune.jpg\",\"articleSection\":[\"Actualit\u00e0\"],\"inLanguage\":\"fr-FR\",\"potentialAction\":[{\"@type\":\"CommentAction\",\"name\":\"Comment\",\"target\":[\"https:\\\/\\\/www.sebastien-auziere.fr\\\/blog\\\/it\\\/brigitte-macron-giovane-il-suo-percorso-prima-dellelysee\\\/#respond\"]}]},{\"@type\":\"WebPage\",\"@id\":\"https:\\\/\\\/www.sebastien-auziere.fr\\\/blog\\\/it\\\/brigitte-macron-giovane-il-suo-percorso-prima-dellelysee\\\/\",\"url\":\"https:\\\/\\\/www.sebastien-auziere.fr\\\/blog\\\/it\\\/brigitte-macron-giovane-il-suo-percorso-prima-dellelysee\\\/\",\"name\":\"Brigitte Macron giovane: il suo percorso prima dell\u2019\u00c9lys\u00e9e - Fan site S\u00e9bastien Auzi\u00e8re\",\"isPartOf\":{\"@id\":\"https:\\\/\\\/www.sebastien-auziere.fr\\\/blog\\\/#website\"},\"primaryImageOfPage\":{\"@id\":\"https:\\\/\\\/www.sebastien-auziere.fr\\\/blog\\\/it\\\/brigitte-macron-giovane-il-suo-percorso-prima-dellelysee\\\/#primaryimage\"},\"image\":{\"@id\":\"https:\\\/\\\/www.sebastien-auziere.fr\\\/blog\\\/it\\\/brigitte-macron-giovane-il-suo-percorso-prima-dellelysee\\\/#primaryimage\"},\"thumbnailUrl\":\"https:\\\/\\\/www.sebastien-auziere.fr\\\/blog\\\/wp-content\\\/uploads\\\/2026\\\/03\\\/Brigitte-Macron-jeune.jpg\",\"datePublished\":\"2026-03-06T16:18:47+00:00\",\"dateModified\":\"2026-03-06T16:19:14+00:00\",\"breadcrumb\":{\"@id\":\"https:\\\/\\\/www.sebastien-auziere.fr\\\/blog\\\/it\\\/brigitte-macron-giovane-il-suo-percorso-prima-dellelysee\\\/#breadcrumb\"},\"inLanguage\":\"fr-FR\",\"potentialAction\":[{\"@type\":\"ReadAction\",\"target\":[\"https:\\\/\\\/www.sebastien-auziere.fr\\\/blog\\\/it\\\/brigitte-macron-giovane-il-suo-percorso-prima-dellelysee\\\/\"]}]},{\"@type\":\"ImageObject\",\"inLanguage\":\"fr-FR\",\"@id\":\"https:\\\/\\\/www.sebastien-auziere.fr\\\/blog\\\/it\\\/brigitte-macron-giovane-il-suo-percorso-prima-dellelysee\\\/#primaryimage\",\"url\":\"https:\\\/\\\/www.sebastien-auziere.fr\\\/blog\\\/wp-content\\\/uploads\\\/2026\\\/03\\\/Brigitte-Macron-jeune.jpg\",\"contentUrl\":\"https:\\\/\\\/www.sebastien-auziere.fr\\\/blog\\\/wp-content\\\/uploads\\\/2026\\\/03\\\/Brigitte-Macron-jeune.jpg\",\"width\":1189,\"height\":758,\"caption\":\"Brigitte Macron jeune\"},{\"@type\":\"BreadcrumbList\",\"@id\":\"https:\\\/\\\/www.sebastien-auziere.fr\\\/blog\\\/it\\\/brigitte-macron-giovane-il-suo-percorso-prima-dellelysee\\\/#breadcrumb\",\"itemListElement\":[{\"@type\":\"ListItem\",\"position\":1,\"name\":\"Home\",\"item\":\"https:\\\/\\\/www.sebastien-auziere.fr\\\/blog\\\/\"},{\"@type\":\"ListItem\",\"position\":2,\"name\":\"Brigitte Macron giovane: il suo percorso prima dell\u2019\u00c9lys\u00e9e\"}]},{\"@type\":\"WebSite\",\"@id\":\"https:\\\/\\\/www.sebastien-auziere.fr\\\/blog\\\/#website\",\"url\":\"https:\\\/\\\/www.sebastien-auziere.fr\\\/blog\\\/\",\"name\":\"Fan site S\u00e9bastien Auzi\u00e8re\",\"description\":\"M\u00e9dia g\u00e9n\u00e9raliste\",\"publisher\":{\"@id\":\"https:\\\/\\\/www.sebastien-auziere.fr\\\/blog\\\/#organization\"},\"potentialAction\":[{\"@type\":\"SearchAction\",\"target\":{\"@type\":\"EntryPoint\",\"urlTemplate\":\"https:\\\/\\\/www.sebastien-auziere.fr\\\/blog\\\/?s={search_term_string}\"},\"query-input\":{\"@type\":\"PropertyValueSpecification\",\"valueRequired\":true,\"valueName\":\"search_term_string\"}}],\"inLanguage\":\"fr-FR\"},{\"@type\":\"Organization\",\"@id\":\"https:\\\/\\\/www.sebastien-auziere.fr\\\/blog\\\/#organization\",\"name\":\"Fan site S\u00e9bastien Auzi\u00e8re\",\"url\":\"https:\\\/\\\/www.sebastien-auziere.fr\\\/blog\\\/\",\"logo\":{\"@type\":\"ImageObject\",\"inLanguage\":\"fr-FR\",\"@id\":\"https:\\\/\\\/www.sebastien-auziere.fr\\\/blog\\\/#\\\/schema\\\/logo\\\/image\\\/\",\"url\":\"https:\\\/\\\/www.sebastien-auziere.fr\\\/blog\\\/wp-content\\\/uploads\\\/2026\\\/03\\\/cropped-cropped-cropped-ChatGPT-Image-6-mars-2026-12_58_09-e1772798376794.jpg\",\"contentUrl\":\"https:\\\/\\\/www.sebastien-auziere.fr\\\/blog\\\/wp-content\\\/uploads\\\/2026\\\/03\\\/cropped-cropped-cropped-ChatGPT-Image-6-mars-2026-12_58_09-e1772798376794.jpg\",\"width\":512,\"height\":360,\"caption\":\"Fan site S\u00e9bastien Auzi\u00e8re\"},\"image\":{\"@id\":\"https:\\\/\\\/www.sebastien-auziere.fr\\\/blog\\\/#\\\/schema\\\/logo\\\/image\\\/\"}},{\"@type\":\"Person\",\"@id\":\"https:\\\/\\\/www.sebastien-auziere.fr\\\/blog\\\/#\\\/schema\\\/person\\\/1e270a963009242469ed08b1c461f81f\",\"name\":\"Celine\",\"image\":{\"@type\":\"ImageObject\",\"inLanguage\":\"fr-FR\",\"@id\":\"https:\\\/\\\/secure.gravatar.com\\\/avatar\\\/c88d569fbe1fe19a13c7f21ee0f8973822df96073df21850b95af6a09ba820c9?s=96&d=mm&r=g\",\"url\":\"https:\\\/\\\/secure.gravatar.com\\\/avatar\\\/c88d569fbe1fe19a13c7f21ee0f8973822df96073df21850b95af6a09ba820c9?s=96&d=mm&r=g\",\"contentUrl\":\"https:\\\/\\\/secure.gravatar.com\\\/avatar\\\/c88d569fbe1fe19a13c7f21ee0f8973822df96073df21850b95af6a09ba820c9?s=96&d=mm&r=g\",\"caption\":\"Celine\"},\"description\":\"Je m'appelle C\u00e9line, j'ai 31 ans et je suis journaliste sp\u00e9cialis\u00e9e dans le cin\u00e9ma. Passionn\u00e9e par le septi\u00e8me art, j'explore les actualit\u00e9s, les critiques et les tendances du monde cin\u00e9matographique. Mon objectif est de partager ma passion et d'informer les amateurs de films \u00e0 travers des articles percutants et des analyses approfondies.\",\"url\":\"https:\\\/\\\/www.sebastien-auziere.fr\\\/blog\\\/author\\\/celine\\\/\"}]}<\/script>\n<!-- \/ Yoast SEO plugin. -->","yoast_head_json":{"title":"Brigitte Macron giovane: il suo percorso prima dell\u2019\u00c9lys\u00e9e - Fan site S\u00e9bastien Auzi\u00e8re","robots":{"index":"index","follow":"follow","max-snippet":"max-snippet:-1","max-image-preview":"max-image-preview:large","max-video-preview":"max-video-preview:-1"},"canonical":"https:\/\/www.sebastien-auziere.fr\/blog\/it\/brigitte-macron-giovane-il-suo-percorso-prima-dellelysee\/","og_locale":"fr_FR","og_type":"article","og_title":"Brigitte Macron giovane: il suo percorso prima dell\u2019\u00c9lys\u00e9e - Fan site S\u00e9bastien Auzi\u00e8re","og_description":"Cosa ricordare: prima di diventare Prima Dama, Brigitte Macron ha avuto una carriera di insegnante riconosciuta. Nata in una famiglia di imprenditori ad Amiens, ha dedicato gran parte della sua vita all&rsquo;educazione. Il suo percorso personale e l&rsquo;incontro con Emmanuel Macron hanno ampiamente contribuito a plasmare la sua storia pubblica. Molte persone si interessano oggi ... Lire plus","og_url":"https:\/\/www.sebastien-auziere.fr\/blog\/it\/brigitte-macron-giovane-il-suo-percorso-prima-dellelysee\/","og_site_name":"Fan site S\u00e9bastien Auzi\u00e8re","article_published_time":"2026-03-06T16:18:47+00:00","article_modified_time":"2026-03-06T16:19:14+00:00","og_image":[{"width":1189,"height":758,"url":"https:\/\/www.sebastien-auziere.fr\/blog\/wp-content\/uploads\/2026\/03\/Brigitte-Macron-jeune.jpg","type":"image\/jpeg"}],"author":"Celine","twitter_card":"summary_large_image","twitter_misc":{"\u00c9crit par":"Celine","Dur\u00e9e de lecture estim\u00e9e":"3 minutes"},"schema":{"@context":"https:\/\/schema.org","@graph":[{"@type":"Article","@id":"https:\/\/www.sebastien-auziere.fr\/blog\/it\/brigitte-macron-giovane-il-suo-percorso-prima-dellelysee\/#article","isPartOf":{"@id":"https:\/\/www.sebastien-auziere.fr\/blog\/it\/brigitte-macron-giovane-il-suo-percorso-prima-dellelysee\/"},"author":{"name":"Celine","@id":"https:\/\/www.sebastien-auziere.fr\/blog\/#\/schema\/person\/1e270a963009242469ed08b1c461f81f"},"headline":"Brigitte Macron giovane: il suo percorso prima dell\u2019\u00c9lys\u00e9e","datePublished":"2026-03-06T16:18:47+00:00","dateModified":"2026-03-06T16:19:14+00:00","mainEntityOfPage":{"@id":"https:\/\/www.sebastien-auziere.fr\/blog\/it\/brigitte-macron-giovane-il-suo-percorso-prima-dellelysee\/"},"wordCount":684,"commentCount":0,"publisher":{"@id":"https:\/\/www.sebastien-auziere.fr\/blog\/#organization"},"image":{"@id":"https:\/\/www.sebastien-auziere.fr\/blog\/it\/brigitte-macron-giovane-il-suo-percorso-prima-dellelysee\/#primaryimage"},"thumbnailUrl":"https:\/\/www.sebastien-auziere.fr\/blog\/wp-content\/uploads\/2026\/03\/Brigitte-Macron-jeune.jpg","articleSection":["Actualit\u00e0"],"inLanguage":"fr-FR","potentialAction":[{"@type":"CommentAction","name":"Comment","target":["https:\/\/www.sebastien-auziere.fr\/blog\/it\/brigitte-macron-giovane-il-suo-percorso-prima-dellelysee\/#respond"]}]},{"@type":"WebPage","@id":"https:\/\/www.sebastien-auziere.fr\/blog\/it\/brigitte-macron-giovane-il-suo-percorso-prima-dellelysee\/","url":"https:\/\/www.sebastien-auziere.fr\/blog\/it\/brigitte-macron-giovane-il-suo-percorso-prima-dellelysee\/","name":"Brigitte Macron giovane: il suo percorso prima dell\u2019\u00c9lys\u00e9e - Fan site S\u00e9bastien Auzi\u00e8re","isPartOf":{"@id":"https:\/\/www.sebastien-auziere.fr\/blog\/#website"},"primaryImageOfPage":{"@id":"https:\/\/www.sebastien-auziere.fr\/blog\/it\/brigitte-macron-giovane-il-suo-percorso-prima-dellelysee\/#primaryimage"},"image":{"@id":"https:\/\/www.sebastien-auziere.fr\/blog\/it\/brigitte-macron-giovane-il-suo-percorso-prima-dellelysee\/#primaryimage"},"thumbnailUrl":"https:\/\/www.sebastien-auziere.fr\/blog\/wp-content\/uploads\/2026\/03\/Brigitte-Macron-jeune.jpg","datePublished":"2026-03-06T16:18:47+00:00","dateModified":"2026-03-06T16:19:14+00:00","breadcrumb":{"@id":"https:\/\/www.sebastien-auziere.fr\/blog\/it\/brigitte-macron-giovane-il-suo-percorso-prima-dellelysee\/#breadcrumb"},"inLanguage":"fr-FR","potentialAction":[{"@type":"ReadAction","target":["https:\/\/www.sebastien-auziere.fr\/blog\/it\/brigitte-macron-giovane-il-suo-percorso-prima-dellelysee\/"]}]},{"@type":"ImageObject","inLanguage":"fr-FR","@id":"https:\/\/www.sebastien-auziere.fr\/blog\/it\/brigitte-macron-giovane-il-suo-percorso-prima-dellelysee\/#primaryimage","url":"https:\/\/www.sebastien-auziere.fr\/blog\/wp-content\/uploads\/2026\/03\/Brigitte-Macron-jeune.jpg","contentUrl":"https:\/\/www.sebastien-auziere.fr\/blog\/wp-content\/uploads\/2026\/03\/Brigitte-Macron-jeune.jpg","width":1189,"height":758,"caption":"Brigitte Macron jeune"},{"@type":"BreadcrumbList","@id":"https:\/\/www.sebastien-auziere.fr\/blog\/it\/brigitte-macron-giovane-il-suo-percorso-prima-dellelysee\/#breadcrumb","itemListElement":[{"@type":"ListItem","position":1,"name":"Home","item":"https:\/\/www.sebastien-auziere.fr\/blog\/"},{"@type":"ListItem","position":2,"name":"Brigitte Macron giovane: il suo percorso prima dell\u2019\u00c9lys\u00e9e"}]},{"@type":"WebSite","@id":"https:\/\/www.sebastien-auziere.fr\/blog\/#website","url":"https:\/\/www.sebastien-auziere.fr\/blog\/","name":"Fan site S\u00e9bastien Auzi\u00e8re","description":"M\u00e9dia g\u00e9n\u00e9raliste","publisher":{"@id":"https:\/\/www.sebastien-auziere.fr\/blog\/#organization"},"potentialAction":[{"@type":"SearchAction","target":{"@type":"EntryPoint","urlTemplate":"https:\/\/www.sebastien-auziere.fr\/blog\/?s={search_term_string}"},"query-input":{"@type":"PropertyValueSpecification","valueRequired":true,"valueName":"search_term_string"}}],"inLanguage":"fr-FR"},{"@type":"Organization","@id":"https:\/\/www.sebastien-auziere.fr\/blog\/#organization","name":"Fan site S\u00e9bastien Auzi\u00e8re","url":"https:\/\/www.sebastien-auziere.fr\/blog\/","logo":{"@type":"ImageObject","inLanguage":"fr-FR","@id":"https:\/\/www.sebastien-auziere.fr\/blog\/#\/schema\/logo\/image\/","url":"https:\/\/www.sebastien-auziere.fr\/blog\/wp-content\/uploads\/2026\/03\/cropped-cropped-cropped-ChatGPT-Image-6-mars-2026-12_58_09-e1772798376794.jpg","contentUrl":"https:\/\/www.sebastien-auziere.fr\/blog\/wp-content\/uploads\/2026\/03\/cropped-cropped-cropped-ChatGPT-Image-6-mars-2026-12_58_09-e1772798376794.jpg","width":512,"height":360,"caption":"Fan site S\u00e9bastien Auzi\u00e8re"},"image":{"@id":"https:\/\/www.sebastien-auziere.fr\/blog\/#\/schema\/logo\/image\/"}},{"@type":"Person","@id":"https:\/\/www.sebastien-auziere.fr\/blog\/#\/schema\/person\/1e270a963009242469ed08b1c461f81f","name":"Celine","image":{"@type":"ImageObject","inLanguage":"fr-FR","@id":"https:\/\/secure.gravatar.com\/avatar\/c88d569fbe1fe19a13c7f21ee0f8973822df96073df21850b95af6a09ba820c9?s=96&d=mm&r=g","url":"https:\/\/secure.gravatar.com\/avatar\/c88d569fbe1fe19a13c7f21ee0f8973822df96073df21850b95af6a09ba820c9?s=96&d=mm&r=g","contentUrl":"https:\/\/secure.gravatar.com\/avatar\/c88d569fbe1fe19a13c7f21ee0f8973822df96073df21850b95af6a09ba820c9?s=96&d=mm&r=g","caption":"Celine"},"description":"Je m'appelle C\u00e9line, j'ai 31 ans et je suis journaliste sp\u00e9cialis\u00e9e dans le cin\u00e9ma. Passionn\u00e9e par le septi\u00e8me art, j'explore les actualit\u00e9s, les critiques et les tendances du monde cin\u00e9matographique. Mon objectif est de partager ma passion et d'informer les amateurs de films \u00e0 travers des articles percutants et des analyses approfondies.","url":"https:\/\/www.sebastien-auziere.fr\/blog\/author\/celine\/"}]}},"views":122,"_links":{"self":[{"href":"https:\/\/www.sebastien-auziere.fr\/blog\/wp-json\/wp\/v2\/posts\/2230","targetHints":{"allow":["GET"]}}],"collection":[{"href":"https:\/\/www.sebastien-auziere.fr\/blog\/wp-json\/wp\/v2\/posts"}],"about":[{"href":"https:\/\/www.sebastien-auziere.fr\/blog\/wp-json\/wp\/v2\/types\/post"}],"author":[{"embeddable":true,"href":"https:\/\/www.sebastien-auziere.fr\/blog\/wp-json\/wp\/v2\/users\/4"}],"replies":[{"embeddable":true,"href":"https:\/\/www.sebastien-auziere.fr\/blog\/wp-json\/wp\/v2\/comments?post=2230"}],"version-history":[{"count":1,"href":"https:\/\/www.sebastien-auziere.fr\/blog\/wp-json\/wp\/v2\/posts\/2230\/revisions"}],"predecessor-version":[{"id":2231,"href":"https:\/\/www.sebastien-auziere.fr\/blog\/wp-json\/wp\/v2\/posts\/2230\/revisions\/2231"}],"wp:featuredmedia":[{"embeddable":true,"href":"https:\/\/www.sebastien-auziere.fr\/blog\/wp-json\/wp\/v2\/media\/2040"}],"wp:attachment":[{"href":"https:\/\/www.sebastien-auziere.fr\/blog\/wp-json\/wp\/v2\/media?parent=2230"}],"wp:term":[{"taxonomy":"category","embeddable":true,"href":"https:\/\/www.sebastien-auziere.fr\/blog\/wp-json\/wp\/v2\/categories?post=2230"},{"taxonomy":"post_tag","embeddable":true,"href":"https:\/\/www.sebastien-auziere.fr\/blog\/wp-json\/wp\/v2\/tags?post=2230"}],"curies":[{"name":"wp","href":"https:\/\/api.w.org\/{rel}","templated":true}]}}