{"id":2216,"date":"2026-03-06T16:16:14","date_gmt":"2026-03-06T16:16:14","guid":{"rendered":"https:\/\/www.sebastien-auziere.fr\/blog\/?p=2216"},"modified":"2026-03-06T16:16:54","modified_gmt":"2026-03-06T16:16:54","slug":"brigitte-macron-quem-sao-seus-irmaos-e-irmas","status":"publish","type":"post","link":"https:\/\/www.sebastien-auziere.fr\/blog\/pt\/brigitte-macron-quem-sao-seus-irmaos-e-irmas\/","title":{"rendered":"Brigitte Macron: quem s\u00e3o seus irm\u00e3os e irm\u00e3s?"},"content":{"rendered":"\n<p>Imagem gerada por intelig\u00eancia artificial, ilustra\u00e7\u00e3o n\u00e3o real.<\/p>\n\n\n<p style=\"padding: 24px;background: lightblue\">\nO que voc\u00ea precisa lembrar: Brigitte Macron \u00e9 da fam\u00edlia <strong>Trogneux<\/strong>, uma fam\u00edlia de empreendedores bem conhecida em Amiens. Ela cresceu rodeada de v\u00e1rios irm\u00e3os e irm\u00e3s em um ambiente familiar relacionado \u00e0 empresa de chocolateria fundada por seus pais. Essa fraternidade desempenhou um papel importante em sua inf\u00e2ncia e trajet\u00f3ria.\n<\/p>\n<p>\nAntes de se tornar a Primeira-dama da Fran\u00e7a, Brigitte Macron \u2013 nascida <strong>Brigitte Trogneux<\/strong> \u2013 cresceu em uma fam\u00edlia numerosa e muito conhecida na regi\u00e3o de Amiens. Muitas pessoas se perguntam hoje <strong>quantos irm\u00e3os e irm\u00e3s ela tem<\/strong> e qual o papel da fam\u00edlia Trogneux na hist\u00f3ria da cidade. Neste artigo, voc\u00ea vai descobrir <strong>a fraternidade de Brigitte Macron, seu ambiente familiar e a hist\u00f3ria dessa fam\u00edlia de empreendedores<\/strong>.\n<\/p>\n<ol>\n<li><a href=\"#famille-trogneux\">A fam\u00edlia Trogneux em Amiens<\/a><\/li>\n<li><a href=\"#freres-soeurs\">Os irm\u00e3os e irm\u00e3s de Brigitte Macron<\/a><\/li>\n<li><a href=\"#entreprise-familiale\">A empresa familiar Trogneux<\/a><\/li>\n<li><a href=\"#importance-famille\">A import\u00e2ncia da fam\u00edlia em sua trajet\u00f3ria<\/a><\/li>\n<\/ol>\n<h2 id=\"famille-trogneux\">A fam\u00edlia Trogneux em Amiens<\/h2>\n<p>\nBrigitte Macron nasceu em <strong>13 de abril de 1953 em Amiens<\/strong>. Ela pertence \u00e0 fam\u00edlia Trogneux, uma fam\u00edlia de empreendedores conhecida por sua atividade na chocolateria e confeitaria.\n<\/p>\n<h3>Uma fam\u00edlia conhecida na regi\u00e3o<\/h3>\n<p>\nH\u00e1 v\u00e1rias gera\u00e7\u00f5es, a fam\u00edlia Trogneux possui uma empresa especializada na fabrica\u00e7\u00e3o de chocolates e macarons. Essa atividade familiar contribuiu para a reputa\u00e7\u00e3o da fam\u00edlia na regi\u00e3o dos Hauts-de-France.\n<\/p>\n<p>\nCrescer nesse ambiente empreendedor marcou a inf\u00e2ncia de Brigitte Macron e de seus irm\u00e3os e irm\u00e3s.\n<\/p>\n<h2 id=\"freres-soeurs\">Os irm\u00e3os e irm\u00e3s de Brigitte Macron<\/h2>\n<p>\nBrigitte Macron cresceu em uma fraternidade composta por v\u00e1rias crian\u00e7as. Como em muitas fam\u00edlias, os la\u00e7os entre irm\u00e3os e irm\u00e3s tiveram um papel importante em sua inf\u00e2ncia.\n<\/p>\n<h3>Uma fraternidade unida<\/h3>\n<p>\nA fam\u00edlia Trogneux contava com v\u00e1rias crian\u00e7as, cada uma seguindo seu pr\u00f3prio caminho profissional, mas permanecendo ligada \u00e0 hist\u00f3ria familiar.\n<\/p>\n<ul>\n<li>Alguns membros continuaram a atividade familiar<\/li>\n<li>Outros escolheram carreiras diferentes<\/li>\n<li>A fam\u00edlia permanece muito ligada \u00e0 cidade de Amiens<\/li>\n<\/ul>\n<p>\nEssa fraternidade cresceu em um ambiente familiar est\u00e1vel e muito envolvido na vida local.\n<\/p>\n<h2 id=\"entreprise-familiale\">A empresa familiar Trogneux<\/h2>\n<p>\nA empresa familiar \u00e9 um dos elementos mais conhecidos da hist\u00f3ria da fam\u00edlia de Brigitte Macron.\n<\/p>\n<h3>Uma chocolateria hist\u00f3rica<\/h3>\n<p>\nA casa Trogneux existe h\u00e1 v\u00e1rias gera\u00e7\u00f5es e \u00e9 especialmente famosa por seus macarons de Amiens. A empresa foi transmitida ao longo do tempo entre os membros da fam\u00edlia.\n<\/p>\n<ul>\n<li>Empresa fundada no s\u00e9culo XIX<\/li>\n<li>Especialidade: macarons de Amiens<\/li>\n<li>Empresa familiar ainda ativa<\/li>\n<\/ul>\n<p>\nEssa atividade comercial contribuiu para a notoriedade da fam\u00edlia na regi\u00e3o.\n<\/p>\n<h2 id=\"importance-famille\">A import\u00e2ncia da fam\u00edlia em sua trajet\u00f3ria<\/h2>\n<p>\nA fam\u00edlia sempre ocupou um lugar importante na vida de Brigitte Macron. Sua inf\u00e2ncia em Amiens e seu ambiente familiar contribu\u00edram significativamente para moldar sua personalidade.\n<\/p>\n<h3>Ra\u00edzes s\u00f3lidas<\/h3>\n<p>\nMesmo ap\u00f3s se tornar Primeira-dama, Brigitte Macron continua ligada \u00e0s suas ra\u00edzes amiensas e \u00e0 sua fam\u00edlia.\n<\/p>\n<p>\nSua trajet\u00f3ria demonstra a import\u00e2ncia dos la\u00e7os familiares e do ambiente na constru\u00e7\u00e3o de uma personalidade p\u00fablica.\n<\/p>\n<div style=\"overflow:auto;max-width:100%\">\n<table>\n<tbody>\n<tr>\n<th>Elemento<\/th>\n<th>Detalhe<\/th>\n<th>Import\u00e2ncia<\/th>\n<\/tr>\n<tr>\n<td>Fam\u00edlia<\/td>\n<td>Trogneux<\/td>\n<td>Fam\u00edlia de empreendedores<\/td>\n<\/tr>\n<tr>\n<td>Cidade<\/td>\n<td>Amiens<\/td>\n<td>Origens familiares<\/td>\n<\/tr>\n<tr>\n<td>Atividade<\/td>\n<td>Chocolateria e macarons<\/td>\n<td>Empresa familiar hist\u00f3rica<\/td>\n<\/tr>\n<tr>\n<td>Fraternidade<\/td>\n<td>V\u00e1rios irm\u00e3os e irm\u00e3s<\/td>\n<td>Ambiente familiar<\/td>\n<\/tr>\n<\/tbody>\n<\/table>\n<\/div>\n<p>\nA fam\u00edlia Trogneux permanece hoje um elemento importante da hist\u00f3ria pessoal de Brigitte Macron. Sua inf\u00e2ncia rodeada de irm\u00e3os e irm\u00e3s em uma fam\u00edlia de empreendedores contribuiu para construir sua trajet\u00f3ria e identidade.\n<\/p>\n<h2>FAQ<\/h2>\n<h3>Quantos irm\u00e3os e irm\u00e3s Brigitte Macron tem?<\/h3>\n<p>\nBrigitte Macron \u00e9 proveniente de uma fam\u00edlia numerosa pertencente \u00e0 fam\u00edlia Trogneux de Amiens.\n<\/p>\n<h3>Qual \u00e9 a origem da fam\u00edlia Trogneux?<\/h3>\n<p>\nA fam\u00edlia Trogneux \u00e9 uma fam\u00edlia de empreendedores de Amiens conhecida por sua atividade na chocolateria e confeitaria.<\/p>\n<h3>Que empresa a fam\u00edlia de Brigitte Macron possui?<\/h3>\n<p>\nA fam\u00edlia Trogneux \u00e9 famosa por sua chocolateria e seus macarons de Amiens.<\/p>\n<h3>Brigitte Macron permanece pr\u00f3xima de sua fam\u00edlia?<\/h3>\n<p>\nSim, ela continua ligada \u00e0s suas ra\u00edzes familiares e \u00e0 cidade de Amiens.<\/p>\n<p><br \/>\n[<br \/>\n{<br \/>\n\u00ab\u00a0@context\u00a0\u00bb:\u00a0\u00bbhttps:\/\/schema.org\u00a0\u00bb,<br \/>\n\u00ab\u00a0@type\u00a0\u00bb:\u00a0\u00bbArticle\u00a0\u00bb,<br \/>\n\u00ab\u00a0headline\u00a0\u00bb:\u00a0\u00bbBrigitte Macron: quem s\u00e3o seus irm\u00e3os e irm\u00e3s?\u00a0\u00bb,<br \/>\n\u00ab\u00a0description\u00a0\u00bb:\u00a0\u00bbDescubra a fam\u00edlia de Brigitte Macron, sua fraternidade e a hist\u00f3ria da fam\u00edlia Trogneux em Amiens.\u00a0\u00bb,<br \/>\n\u00ab\u00a0inLanguage\u00a0\u00bb:\u00a0\u00bbpt\u00a0\u00bb,<br \/>\n\u00ab\u00a0articleSection\u00a0\u00bb:\u00a0\u00bbbiografia\u00a0\u00bb,<br \/>\n\u00ab\u00a0abstract\u00a0\u00bb:\u00a0\u00bbBrigitte Macron \u00e9 da fam\u00edlia Trogneux, uma fam\u00edlia de empreendedores conhecida por sua chocolateria em Amiens.\u00a0\u00bb<br \/>\n},<br \/>\n{<br \/>\n\u00ab\u00a0@context\u00a0\u00bb:\u00a0\u00bbhttps:\/\/schema.org\u00a0\u00bb,<br \/>\n\u00ab\u00a0@type\u00a0\u00bb:\u00a0\u00bbFAQPage\u00a0\u00bb,<br \/>\n\u00ab\u00a0mainEntity\u00a0\u00bb:[<br \/>\n{<br \/>\n\u00ab\u00a0@type\u00a0\u00bb:\u00a0\u00bbQuestion\u00a0\u00bb,<br \/>\n\u00ab\u00a0name\u00a0\u00bb:\u00a0\u00bbQuantos irm\u00e3os e irm\u00e3s Brigitte Macron tem?\u00a0\u00bb,<br \/>\n\u00ab\u00a0acceptedAnswer\u00a0\u00bb:{<br \/>\n\u00ab\u00a0@type\u00a0\u00bb:\u00a0\u00bbAnswer\u00a0\u00bb,<br \/>\n\u00ab\u00a0text\u00a0\u00bb:\u00a0\u00bbBrigitte Macron pertence \u00e0 fam\u00edlia Trogneux de Amiens, uma fam\u00edlia composta por v\u00e1rios irm\u00e3os e irm\u00e3s.\u00a0\u00bb<br \/>\n}<br \/>\n},<br \/>\n{<br \/>\n\u00ab\u00a0@type\u00a0\u00bb:\u00a0\u00bbQuestion\u00a0\u00bb,<br \/>\n\u00ab\u00a0name\u00a0\u00bb:\u00a0\u00bbQual \u00e9 a origem da fam\u00edlia Trogneux?\u00a0\u00bb,<br \/>\n\u00ab\u00a0acceptedAnswer\u00a0\u00bb:{<br \/>\n\u00ab\u00a0@type\u00a0\u00bb:\u00a0\u00bbAnswer\u00a0\u00bb,<br \/>\n\u00ab\u00a0text\u00a0\u00bb:\u00a0\u00bbA fam\u00edlia Trogneux \u00e9 conhecida por sua empresa de chocolateria e macarons em Amiens.\u00a0\u00bb<br \/>\n}<br \/>\n}<br \/>\n]<br \/>\n}<br \/>\n]<\/br>\n<\/p>","protected":false},"excerpt":{"rendered":"<p>Imagem gerada por intelig\u00eancia artificial, ilustra\u00e7\u00e3o n\u00e3o real. O que voc\u00ea precisa lembrar: Brigitte Macron \u00e9 da fam\u00edlia Trogneux, uma fam\u00edlia de empreendedores bem conhecida em Amiens. Ela cresceu rodeada de v\u00e1rios irm\u00e3os e irm\u00e3s em um ambiente familiar relacionado \u00e0 empresa de chocolateria fundada por seus pais. Essa fraternidade desempenhou um papel importante em &#8230; <a title=\"Brigitte Macron: quem s\u00e3o seus irm\u00e3os e irm\u00e3s?\" class=\"read-more\" href=\"https:\/\/www.sebastien-auziere.fr\/blog\/pt\/brigitte-macron-quem-sao-seus-irmaos-e-irmas\/\" aria-label=\"En savoir plus sur Brigitte Macron: quem s\u00e3o seus irm\u00e3os e irm\u00e3s?\">Lire plus<\/a><\/p>\n","protected":false},"author":4,"featured_media":2045,"comment_status":"open","ping_status":"open","sticky":false,"template":"","format":"standard","meta":{"footnotes":""},"categories":[862],"tags":[],"class_list":["post-2216","post","type-post","status-publish","format-standard","has-post-thumbnail","hentry","category-actualidades-pt"],"yoast_head":"<!-- This site is optimized with the Yoast SEO plugin v27.5 - https:\/\/yoast.com\/product\/yoast-seo-wordpress\/ -->\n<title>Brigitte Macron: quem s\u00e3o seus irm\u00e3os e irm\u00e3s? - Fan site S\u00e9bastien Auzi\u00e8re<\/title>\n<meta name=\"robots\" content=\"index, follow, max-snippet:-1, max-image-preview:large, max-video-preview:-1\" \/>\n<link rel=\"canonical\" href=\"https:\/\/www.sebastien-auziere.fr\/blog\/pt\/brigitte-macron-quem-sao-seus-irmaos-e-irmas\/\" \/>\n<meta property=\"og:locale\" content=\"fr_FR\" \/>\n<meta property=\"og:type\" content=\"article\" \/>\n<meta property=\"og:title\" content=\"Brigitte Macron: quem s\u00e3o seus irm\u00e3os e irm\u00e3s? - Fan site S\u00e9bastien Auzi\u00e8re\" \/>\n<meta property=\"og:description\" content=\"Imagem gerada por intelig\u00eancia artificial, ilustra\u00e7\u00e3o n\u00e3o real. O que voc\u00ea precisa lembrar: Brigitte Macron \u00e9 da fam\u00edlia Trogneux, uma fam\u00edlia de empreendedores bem conhecida em Amiens. Ela cresceu rodeada de v\u00e1rios irm\u00e3os e irm\u00e3s em um ambiente familiar relacionado \u00e0 empresa de chocolateria fundada por seus pais. Essa fraternidade desempenhou um papel importante em ... Lire plus\" \/>\n<meta property=\"og:url\" content=\"https:\/\/www.sebastien-auziere.fr\/blog\/pt\/brigitte-macron-quem-sao-seus-irmaos-e-irmas\/\" \/>\n<meta property=\"og:site_name\" content=\"Fan site S\u00e9bastien Auzi\u00e8re\" \/>\n<meta property=\"article:published_time\" content=\"2026-03-06T16:16:14+00:00\" \/>\n<meta property=\"article:modified_time\" content=\"2026-03-06T16:16:54+00:00\" \/>\n<meta property=\"og:image\" content=\"https:\/\/www.sebastien-auziere.fr\/blog\/wp-content\/uploads\/2026\/03\/ChatGPT-Image-6-mars-2026-12_56_11.jpg\" \/>\n\t<meta property=\"og:image:width\" content=\"1536\" \/>\n\t<meta property=\"og:image:height\" content=\"1024\" \/>\n\t<meta property=\"og:image:type\" content=\"image\/jpeg\" \/>\n<meta name=\"author\" content=\"Celine\" \/>\n<meta name=\"twitter:card\" content=\"summary_large_image\" \/>\n<meta name=\"twitter:label1\" content=\"\u00c9crit par\" \/>\n\t<meta name=\"twitter:data1\" content=\"Celine\" \/>\n\t<meta name=\"twitter:label2\" content=\"Dur\u00e9e de lecture estim\u00e9e\" \/>\n\t<meta name=\"twitter:data2\" content=\"4 minutes\" \/>\n<script type=\"application\/ld+json\" class=\"yoast-schema-graph\">{\"@context\":\"https:\\\/\\\/schema.org\",\"@graph\":[{\"@type\":\"Article\",\"@id\":\"https:\\\/\\\/www.sebastien-auziere.fr\\\/blog\\\/pt\\\/brigitte-macron-quem-sao-seus-irmaos-e-irmas\\\/#article\",\"isPartOf\":{\"@id\":\"https:\\\/\\\/www.sebastien-auziere.fr\\\/blog\\\/pt\\\/brigitte-macron-quem-sao-seus-irmaos-e-irmas\\\/\"},\"author\":{\"name\":\"Celine\",\"@id\":\"https:\\\/\\\/www.sebastien-auziere.fr\\\/blog\\\/#\\\/schema\\\/person\\\/1e270a963009242469ed08b1c461f81f\"},\"headline\":\"Brigitte Macron: quem s\u00e3o seus irm\u00e3os e irm\u00e3s?\",\"datePublished\":\"2026-03-06T16:16:14+00:00\",\"dateModified\":\"2026-03-06T16:16:54+00:00\",\"mainEntityOfPage\":{\"@id\":\"https:\\\/\\\/www.sebastien-auziere.fr\\\/blog\\\/pt\\\/brigitte-macron-quem-sao-seus-irmaos-e-irmas\\\/\"},\"wordCount\":847,\"commentCount\":0,\"publisher\":{\"@id\":\"https:\\\/\\\/www.sebastien-auziere.fr\\\/blog\\\/#organization\"},\"image\":{\"@id\":\"https:\\\/\\\/www.sebastien-auziere.fr\\\/blog\\\/pt\\\/brigitte-macron-quem-sao-seus-irmaos-e-irmas\\\/#primaryimage\"},\"thumbnailUrl\":\"https:\\\/\\\/www.sebastien-auziere.fr\\\/blog\\\/wp-content\\\/uploads\\\/2026\\\/03\\\/ChatGPT-Image-6-mars-2026-12_56_11.jpg\",\"articleSection\":[\"Actualidades\"],\"inLanguage\":\"fr-FR\",\"potentialAction\":[{\"@type\":\"CommentAction\",\"name\":\"Comment\",\"target\":[\"https:\\\/\\\/www.sebastien-auziere.fr\\\/blog\\\/pt\\\/brigitte-macron-quem-sao-seus-irmaos-e-irmas\\\/#respond\"]}]},{\"@type\":\"WebPage\",\"@id\":\"https:\\\/\\\/www.sebastien-auziere.fr\\\/blog\\\/pt\\\/brigitte-macron-quem-sao-seus-irmaos-e-irmas\\\/\",\"url\":\"https:\\\/\\\/www.sebastien-auziere.fr\\\/blog\\\/pt\\\/brigitte-macron-quem-sao-seus-irmaos-e-irmas\\\/\",\"name\":\"Brigitte Macron: quem s\u00e3o seus irm\u00e3os e irm\u00e3s? - Fan site S\u00e9bastien Auzi\u00e8re\",\"isPartOf\":{\"@id\":\"https:\\\/\\\/www.sebastien-auziere.fr\\\/blog\\\/#website\"},\"primaryImageOfPage\":{\"@id\":\"https:\\\/\\\/www.sebastien-auziere.fr\\\/blog\\\/pt\\\/brigitte-macron-quem-sao-seus-irmaos-e-irmas\\\/#primaryimage\"},\"image\":{\"@id\":\"https:\\\/\\\/www.sebastien-auziere.fr\\\/blog\\\/pt\\\/brigitte-macron-quem-sao-seus-irmaos-e-irmas\\\/#primaryimage\"},\"thumbnailUrl\":\"https:\\\/\\\/www.sebastien-auziere.fr\\\/blog\\\/wp-content\\\/uploads\\\/2026\\\/03\\\/ChatGPT-Image-6-mars-2026-12_56_11.jpg\",\"datePublished\":\"2026-03-06T16:16:14+00:00\",\"dateModified\":\"2026-03-06T16:16:54+00:00\",\"breadcrumb\":{\"@id\":\"https:\\\/\\\/www.sebastien-auziere.fr\\\/blog\\\/pt\\\/brigitte-macron-quem-sao-seus-irmaos-e-irmas\\\/#breadcrumb\"},\"inLanguage\":\"fr-FR\",\"potentialAction\":[{\"@type\":\"ReadAction\",\"target\":[\"https:\\\/\\\/www.sebastien-auziere.fr\\\/blog\\\/pt\\\/brigitte-macron-quem-sao-seus-irmaos-e-irmas\\\/\"]}]},{\"@type\":\"ImageObject\",\"inLanguage\":\"fr-FR\",\"@id\":\"https:\\\/\\\/www.sebastien-auziere.fr\\\/blog\\\/pt\\\/brigitte-macron-quem-sao-seus-irmaos-e-irmas\\\/#primaryimage\",\"url\":\"https:\\\/\\\/www.sebastien-auziere.fr\\\/blog\\\/wp-content\\\/uploads\\\/2026\\\/03\\\/ChatGPT-Image-6-mars-2026-12_56_11.jpg\",\"contentUrl\":\"https:\\\/\\\/www.sebastien-auziere.fr\\\/blog\\\/wp-content\\\/uploads\\\/2026\\\/03\\\/ChatGPT-Image-6-mars-2026-12_56_11.jpg\",\"width\":1536,\"height\":1024,\"caption\":\"Brigitte Macron fr\u00e8re\"},{\"@type\":\"BreadcrumbList\",\"@id\":\"https:\\\/\\\/www.sebastien-auziere.fr\\\/blog\\\/pt\\\/brigitte-macron-quem-sao-seus-irmaos-e-irmas\\\/#breadcrumb\",\"itemListElement\":[{\"@type\":\"ListItem\",\"position\":1,\"name\":\"Home\",\"item\":\"https:\\\/\\\/www.sebastien-auziere.fr\\\/blog\\\/\"},{\"@type\":\"ListItem\",\"position\":2,\"name\":\"Brigitte Macron: quem s\u00e3o seus irm\u00e3os e irm\u00e3s?\"}]},{\"@type\":\"WebSite\",\"@id\":\"https:\\\/\\\/www.sebastien-auziere.fr\\\/blog\\\/#website\",\"url\":\"https:\\\/\\\/www.sebastien-auziere.fr\\\/blog\\\/\",\"name\":\"Fan site S\u00e9bastien Auzi\u00e8re\",\"description\":\"M\u00e9dia g\u00e9n\u00e9raliste\",\"publisher\":{\"@id\":\"https:\\\/\\\/www.sebastien-auziere.fr\\\/blog\\\/#organization\"},\"potentialAction\":[{\"@type\":\"SearchAction\",\"target\":{\"@type\":\"EntryPoint\",\"urlTemplate\":\"https:\\\/\\\/www.sebastien-auziere.fr\\\/blog\\\/?s={search_term_string}\"},\"query-input\":{\"@type\":\"PropertyValueSpecification\",\"valueRequired\":true,\"valueName\":\"search_term_string\"}}],\"inLanguage\":\"fr-FR\"},{\"@type\":\"Organization\",\"@id\":\"https:\\\/\\\/www.sebastien-auziere.fr\\\/blog\\\/#organization\",\"name\":\"Fan site S\u00e9bastien Auzi\u00e8re\",\"url\":\"https:\\\/\\\/www.sebastien-auziere.fr\\\/blog\\\/\",\"logo\":{\"@type\":\"ImageObject\",\"inLanguage\":\"fr-FR\",\"@id\":\"https:\\\/\\\/www.sebastien-auziere.fr\\\/blog\\\/#\\\/schema\\\/logo\\\/image\\\/\",\"url\":\"https:\\\/\\\/www.sebastien-auziere.fr\\\/blog\\\/wp-content\\\/uploads\\\/2026\\\/03\\\/cropped-cropped-cropped-ChatGPT-Image-6-mars-2026-12_58_09-e1772798376794.jpg\",\"contentUrl\":\"https:\\\/\\\/www.sebastien-auziere.fr\\\/blog\\\/wp-content\\\/uploads\\\/2026\\\/03\\\/cropped-cropped-cropped-ChatGPT-Image-6-mars-2026-12_58_09-e1772798376794.jpg\",\"width\":512,\"height\":360,\"caption\":\"Fan site S\u00e9bastien Auzi\u00e8re\"},\"image\":{\"@id\":\"https:\\\/\\\/www.sebastien-auziere.fr\\\/blog\\\/#\\\/schema\\\/logo\\\/image\\\/\"}},{\"@type\":\"Person\",\"@id\":\"https:\\\/\\\/www.sebastien-auziere.fr\\\/blog\\\/#\\\/schema\\\/person\\\/1e270a963009242469ed08b1c461f81f\",\"name\":\"Celine\",\"image\":{\"@type\":\"ImageObject\",\"inLanguage\":\"fr-FR\",\"@id\":\"https:\\\/\\\/secure.gravatar.com\\\/avatar\\\/c88d569fbe1fe19a13c7f21ee0f8973822df96073df21850b95af6a09ba820c9?s=96&d=mm&r=g\",\"url\":\"https:\\\/\\\/secure.gravatar.com\\\/avatar\\\/c88d569fbe1fe19a13c7f21ee0f8973822df96073df21850b95af6a09ba820c9?s=96&d=mm&r=g\",\"contentUrl\":\"https:\\\/\\\/secure.gravatar.com\\\/avatar\\\/c88d569fbe1fe19a13c7f21ee0f8973822df96073df21850b95af6a09ba820c9?s=96&d=mm&r=g\",\"caption\":\"Celine\"},\"description\":\"Je m'appelle C\u00e9line, j'ai 31 ans et je suis journaliste sp\u00e9cialis\u00e9e dans le cin\u00e9ma. Passionn\u00e9e par le septi\u00e8me art, j'explore les actualit\u00e9s, les critiques et les tendances du monde cin\u00e9matographique. Mon objectif est de partager ma passion et d'informer les amateurs de films \u00e0 travers des articles percutants et des analyses approfondies.\",\"url\":\"https:\\\/\\\/www.sebastien-auziere.fr\\\/blog\\\/author\\\/celine\\\/\"}]}<\/script>\n<!-- \/ Yoast SEO plugin. -->","yoast_head_json":{"title":"Brigitte Macron: quem s\u00e3o seus irm\u00e3os e irm\u00e3s? - Fan site S\u00e9bastien Auzi\u00e8re","robots":{"index":"index","follow":"follow","max-snippet":"max-snippet:-1","max-image-preview":"max-image-preview:large","max-video-preview":"max-video-preview:-1"},"canonical":"https:\/\/www.sebastien-auziere.fr\/blog\/pt\/brigitte-macron-quem-sao-seus-irmaos-e-irmas\/","og_locale":"fr_FR","og_type":"article","og_title":"Brigitte Macron: quem s\u00e3o seus irm\u00e3os e irm\u00e3s? - Fan site S\u00e9bastien Auzi\u00e8re","og_description":"Imagem gerada por intelig\u00eancia artificial, ilustra\u00e7\u00e3o n\u00e3o real. O que voc\u00ea precisa lembrar: Brigitte Macron \u00e9 da fam\u00edlia Trogneux, uma fam\u00edlia de empreendedores bem conhecida em Amiens. Ela cresceu rodeada de v\u00e1rios irm\u00e3os e irm\u00e3s em um ambiente familiar relacionado \u00e0 empresa de chocolateria fundada por seus pais. Essa fraternidade desempenhou um papel importante em ... Lire plus","og_url":"https:\/\/www.sebastien-auziere.fr\/blog\/pt\/brigitte-macron-quem-sao-seus-irmaos-e-irmas\/","og_site_name":"Fan site S\u00e9bastien Auzi\u00e8re","article_published_time":"2026-03-06T16:16:14+00:00","article_modified_time":"2026-03-06T16:16:54+00:00","og_image":[{"width":1536,"height":1024,"url":"https:\/\/www.sebastien-auziere.fr\/blog\/wp-content\/uploads\/2026\/03\/ChatGPT-Image-6-mars-2026-12_56_11.jpg","type":"image\/jpeg"}],"author":"Celine","twitter_card":"summary_large_image","twitter_misc":{"\u00c9crit par":"Celine","Dur\u00e9e de lecture estim\u00e9e":"4 minutes"},"schema":{"@context":"https:\/\/schema.org","@graph":[{"@type":"Article","@id":"https:\/\/www.sebastien-auziere.fr\/blog\/pt\/brigitte-macron-quem-sao-seus-irmaos-e-irmas\/#article","isPartOf":{"@id":"https:\/\/www.sebastien-auziere.fr\/blog\/pt\/brigitte-macron-quem-sao-seus-irmaos-e-irmas\/"},"author":{"name":"Celine","@id":"https:\/\/www.sebastien-auziere.fr\/blog\/#\/schema\/person\/1e270a963009242469ed08b1c461f81f"},"headline":"Brigitte Macron: quem s\u00e3o seus irm\u00e3os e irm\u00e3s?","datePublished":"2026-03-06T16:16:14+00:00","dateModified":"2026-03-06T16:16:54+00:00","mainEntityOfPage":{"@id":"https:\/\/www.sebastien-auziere.fr\/blog\/pt\/brigitte-macron-quem-sao-seus-irmaos-e-irmas\/"},"wordCount":847,"commentCount":0,"publisher":{"@id":"https:\/\/www.sebastien-auziere.fr\/blog\/#organization"},"image":{"@id":"https:\/\/www.sebastien-auziere.fr\/blog\/pt\/brigitte-macron-quem-sao-seus-irmaos-e-irmas\/#primaryimage"},"thumbnailUrl":"https:\/\/www.sebastien-auziere.fr\/blog\/wp-content\/uploads\/2026\/03\/ChatGPT-Image-6-mars-2026-12_56_11.jpg","articleSection":["Actualidades"],"inLanguage":"fr-FR","potentialAction":[{"@type":"CommentAction","name":"Comment","target":["https:\/\/www.sebastien-auziere.fr\/blog\/pt\/brigitte-macron-quem-sao-seus-irmaos-e-irmas\/#respond"]}]},{"@type":"WebPage","@id":"https:\/\/www.sebastien-auziere.fr\/blog\/pt\/brigitte-macron-quem-sao-seus-irmaos-e-irmas\/","url":"https:\/\/www.sebastien-auziere.fr\/blog\/pt\/brigitte-macron-quem-sao-seus-irmaos-e-irmas\/","name":"Brigitte Macron: quem s\u00e3o seus irm\u00e3os e irm\u00e3s? - Fan site S\u00e9bastien Auzi\u00e8re","isPartOf":{"@id":"https:\/\/www.sebastien-auziere.fr\/blog\/#website"},"primaryImageOfPage":{"@id":"https:\/\/www.sebastien-auziere.fr\/blog\/pt\/brigitte-macron-quem-sao-seus-irmaos-e-irmas\/#primaryimage"},"image":{"@id":"https:\/\/www.sebastien-auziere.fr\/blog\/pt\/brigitte-macron-quem-sao-seus-irmaos-e-irmas\/#primaryimage"},"thumbnailUrl":"https:\/\/www.sebastien-auziere.fr\/blog\/wp-content\/uploads\/2026\/03\/ChatGPT-Image-6-mars-2026-12_56_11.jpg","datePublished":"2026-03-06T16:16:14+00:00","dateModified":"2026-03-06T16:16:54+00:00","breadcrumb":{"@id":"https:\/\/www.sebastien-auziere.fr\/blog\/pt\/brigitte-macron-quem-sao-seus-irmaos-e-irmas\/#breadcrumb"},"inLanguage":"fr-FR","potentialAction":[{"@type":"ReadAction","target":["https:\/\/www.sebastien-auziere.fr\/blog\/pt\/brigitte-macron-quem-sao-seus-irmaos-e-irmas\/"]}]},{"@type":"ImageObject","inLanguage":"fr-FR","@id":"https:\/\/www.sebastien-auziere.fr\/blog\/pt\/brigitte-macron-quem-sao-seus-irmaos-e-irmas\/#primaryimage","url":"https:\/\/www.sebastien-auziere.fr\/blog\/wp-content\/uploads\/2026\/03\/ChatGPT-Image-6-mars-2026-12_56_11.jpg","contentUrl":"https:\/\/www.sebastien-auziere.fr\/blog\/wp-content\/uploads\/2026\/03\/ChatGPT-Image-6-mars-2026-12_56_11.jpg","width":1536,"height":1024,"caption":"Brigitte Macron fr\u00e8re"},{"@type":"BreadcrumbList","@id":"https:\/\/www.sebastien-auziere.fr\/blog\/pt\/brigitte-macron-quem-sao-seus-irmaos-e-irmas\/#breadcrumb","itemListElement":[{"@type":"ListItem","position":1,"name":"Home","item":"https:\/\/www.sebastien-auziere.fr\/blog\/"},{"@type":"ListItem","position":2,"name":"Brigitte Macron: quem s\u00e3o seus irm\u00e3os e irm\u00e3s?"}]},{"@type":"WebSite","@id":"https:\/\/www.sebastien-auziere.fr\/blog\/#website","url":"https:\/\/www.sebastien-auziere.fr\/blog\/","name":"Fan site S\u00e9bastien Auzi\u00e8re","description":"M\u00e9dia g\u00e9n\u00e9raliste","publisher":{"@id":"https:\/\/www.sebastien-auziere.fr\/blog\/#organization"},"potentialAction":[{"@type":"SearchAction","target":{"@type":"EntryPoint","urlTemplate":"https:\/\/www.sebastien-auziere.fr\/blog\/?s={search_term_string}"},"query-input":{"@type":"PropertyValueSpecification","valueRequired":true,"valueName":"search_term_string"}}],"inLanguage":"fr-FR"},{"@type":"Organization","@id":"https:\/\/www.sebastien-auziere.fr\/blog\/#organization","name":"Fan site S\u00e9bastien Auzi\u00e8re","url":"https:\/\/www.sebastien-auziere.fr\/blog\/","logo":{"@type":"ImageObject","inLanguage":"fr-FR","@id":"https:\/\/www.sebastien-auziere.fr\/blog\/#\/schema\/logo\/image\/","url":"https:\/\/www.sebastien-auziere.fr\/blog\/wp-content\/uploads\/2026\/03\/cropped-cropped-cropped-ChatGPT-Image-6-mars-2026-12_58_09-e1772798376794.jpg","contentUrl":"https:\/\/www.sebastien-auziere.fr\/blog\/wp-content\/uploads\/2026\/03\/cropped-cropped-cropped-ChatGPT-Image-6-mars-2026-12_58_09-e1772798376794.jpg","width":512,"height":360,"caption":"Fan site S\u00e9bastien Auzi\u00e8re"},"image":{"@id":"https:\/\/www.sebastien-auziere.fr\/blog\/#\/schema\/logo\/image\/"}},{"@type":"Person","@id":"https:\/\/www.sebastien-auziere.fr\/blog\/#\/schema\/person\/1e270a963009242469ed08b1c461f81f","name":"Celine","image":{"@type":"ImageObject","inLanguage":"fr-FR","@id":"https:\/\/secure.gravatar.com\/avatar\/c88d569fbe1fe19a13c7f21ee0f8973822df96073df21850b95af6a09ba820c9?s=96&d=mm&r=g","url":"https:\/\/secure.gravatar.com\/avatar\/c88d569fbe1fe19a13c7f21ee0f8973822df96073df21850b95af6a09ba820c9?s=96&d=mm&r=g","contentUrl":"https:\/\/secure.gravatar.com\/avatar\/c88d569fbe1fe19a13c7f21ee0f8973822df96073df21850b95af6a09ba820c9?s=96&d=mm&r=g","caption":"Celine"},"description":"Je m'appelle C\u00e9line, j'ai 31 ans et je suis journaliste sp\u00e9cialis\u00e9e dans le cin\u00e9ma. Passionn\u00e9e par le septi\u00e8me art, j'explore les actualit\u00e9s, les critiques et les tendances du monde cin\u00e9matographique. Mon objectif est de partager ma passion et d'informer les amateurs de films \u00e0 travers des articles percutants et des analyses approfondies.","url":"https:\/\/www.sebastien-auziere.fr\/blog\/author\/celine\/"}]}},"views":128,"_links":{"self":[{"href":"https:\/\/www.sebastien-auziere.fr\/blog\/wp-json\/wp\/v2\/posts\/2216","targetHints":{"allow":["GET"]}}],"collection":[{"href":"https:\/\/www.sebastien-auziere.fr\/blog\/wp-json\/wp\/v2\/posts"}],"about":[{"href":"https:\/\/www.sebastien-auziere.fr\/blog\/wp-json\/wp\/v2\/types\/post"}],"author":[{"embeddable":true,"href":"https:\/\/www.sebastien-auziere.fr\/blog\/wp-json\/wp\/v2\/users\/4"}],"replies":[{"embeddable":true,"href":"https:\/\/www.sebastien-auziere.fr\/blog\/wp-json\/wp\/v2\/comments?post=2216"}],"version-history":[{"count":1,"href":"https:\/\/www.sebastien-auziere.fr\/blog\/wp-json\/wp\/v2\/posts\/2216\/revisions"}],"predecessor-version":[{"id":2217,"href":"https:\/\/www.sebastien-auziere.fr\/blog\/wp-json\/wp\/v2\/posts\/2216\/revisions\/2217"}],"wp:featuredmedia":[{"embeddable":true,"href":"https:\/\/www.sebastien-auziere.fr\/blog\/wp-json\/wp\/v2\/media\/2045"}],"wp:attachment":[{"href":"https:\/\/www.sebastien-auziere.fr\/blog\/wp-json\/wp\/v2\/media?parent=2216"}],"wp:term":[{"taxonomy":"category","embeddable":true,"href":"https:\/\/www.sebastien-auziere.fr\/blog\/wp-json\/wp\/v2\/categories?post=2216"},{"taxonomy":"post_tag","embeddable":true,"href":"https:\/\/www.sebastien-auziere.fr\/blog\/wp-json\/wp\/v2\/tags?post=2216"}],"curies":[{"name":"wp","href":"https:\/\/api.w.org\/{rel}","templated":true}]}}