{"id":2214,"date":"2026-03-06T16:15:11","date_gmt":"2026-03-06T16:15:11","guid":{"rendered":"https:\/\/www.sebastien-auziere.fr\/blog\/?p=2214"},"modified":"2026-03-06T16:15:48","modified_gmt":"2026-03-06T16:15:48","slug":"brigitte-macron-chi-sono-i-suoi-fratelli-e-sorelle","status":"publish","type":"post","link":"https:\/\/www.sebastien-auziere.fr\/blog\/it\/brigitte-macron-chi-sono-i-suoi-fratelli-e-sorelle\/","title":{"rendered":"Brigitte Macron: chi sono i suoi fratelli e sorelle?"},"content":{"rendered":"\n<p>Immagine generata da intelligenza artificiale, illustrazione non reale.<\/p>\n\n\n<p style=\"padding: 24px;background: lightblue\">\nCi\u00f2 che \u00e8 importante ricordare: Brigitte Macron proviene dalla famiglia <strong>Trogneux<\/strong>, una famiglia di imprenditori ben nota ad Amiens. \u00c8 cresciuta circondata da diversi fratelli e sorelle in un ambiente familiare legato all\u2019azienda di cioccolateria fondata dai suoi genitori. Questa fratellanza ha giocato un ruolo importante nella sua infanzia e nel suo percorso.\n<\/p>\n<p>\nPrima di diventare Prima donna di Francia, Brigitte Macron \u2013 nata <strong>Brigitte Trogneux<\/strong> \u2013 \u00e8 cresciuta in una famiglia numerosa e molto conosciuta nella regione di Amiens. Molte persone si chiedono oggi <strong>quanti fratelli e sorelle ha<\/strong> e quale ruolo gioca la famiglia Trogneux nella storia della citt\u00e0. In questo articolo, scoprirai <strong>la fratellanza di Brigitte Macron, il suo ambiente familiare e la storia di questa famiglia di imprenditori<\/strong>.\n<\/p>\n<ol>\n<li><a href=\"#famille-trogneux\">La famiglia Trogneux ad Amiens<\/a><\/li>\n<li><a href=\"#freres-soeurs\">I fratelli e le sorelle di Brigitte Macron<\/a><\/li>\n<li><a href=\"#entreprise-familiale\">L\u2019azienda familiare Trogneux<\/a><\/li>\n<li><a href=\"#importance-famille\">L\u2019importanza della famiglia nel suo percorso<\/a><\/li>\n<\/ol>\n<h2 id=\"famille-trogneux\">La famiglia Trogneux ad Amiens<\/h2>\n<p>\nBrigitte Macron \u00e8 nata il <strong>13 aprile 1953 ad Amiens<\/strong>. Appartiene alla famiglia Trogneux, una famiglia di imprenditori nota per la sua attivit\u00e0 nella cioccolateria e nella confetteria.\n<\/p>\n<h3>Una famiglia conosciuta nella regione<\/h3>\n<p>\nDa diverse generazioni, la famiglia Trogneux possiede un\u2019azienda specializzata nella produzione di cioccolatini e macarons. Questa attivit\u00e0 familiare ha contribuito alla reputazione della famiglia nella regione degli Hauts-de-France.\n<\/p>\n<p>\nCrescere in questo ambiente imprenditoriale ha segnato l\u2019infanzia di Brigitte Macron e dei suoi fratelli e sorelle.\n<\/p>\n<h2 id=\"freres-soeurs\">I fratelli e le sorelle di Brigitte Macron<\/h2>\n<p>\nBrigitte Macron \u00e8 cresciuta in una fratellanza composta da diversi bambini. Come in molte famiglie, i legami tra fratelli e sorelle hanno avuto un ruolo importante nella sua infanzia.\n<\/p>\n<h3>Una fratellanza unita<\/h3>\n<p>\nLa famiglia Trogneux contava diversi bambini, ognuno dei quali ha seguito il proprio percorso professionale rimanendo legato alla storia familiare.\n<\/p>\n<ul>\n<li>Alcuni membri hanno continuato l\u2019attivit\u00e0 familiare<\/li>\n<li>Altri hanno scelto carriere diverse<\/li>\n<li>La famiglia rimane molto legata alla citt\u00e0 di Amiens<\/li>\n<\/ul>\n<p>\nQuesta fratellanza \u00e8 cresciuta in un ambiente familiare stabile e molto coinvolto nella vita locale.\n<\/p>\n<h2 id=\"entreprise-familiale\">L\u2019azienda familiare Trogneux<\/h2>\n<p>\nL\u2019azienda familiare \u00e8 uno degli elementi pi\u00f9 conosciuti della storia della famiglia di Brigitte Macron.\n<\/p>\n<h3>Una cioccolateria storica<\/h3>\n<p>\nLa casa Trogneux esiste da diverse generazioni ed \u00e8 particolarmente famosa per i suoi macarons d\u2019Amiens. L\u2019azienda \u00e8 stata trasmessa nel tempo tra i membri della famiglia.\n<\/p>\n<ul>\n<li>Azienda fondata nel XIX secolo<\/li>\n<li>Specialit\u00e0: macarons d\u2019Amiens<\/li>\n<li>Azienda familiare ancora attiva<\/li>\n<\/ul>\n<p>\nQuesta attivit\u00e0 commerciale ha contribuito alla notoriet\u00e0 della famiglia nella regione.\n<\/p>\n<h2 id=\"importance-famille\">L\u2019importanza della famiglia nel suo percorso<\/h2>\n<p>\nLa famiglia ha sempre occupato un posto importante nella vita di Brigitte Macron. La sua infanzia ad Amiens e il suo ambiente familiare hanno ampiamente contribuito a plasmare la sua personalit\u00e0.\n<\/p>\n<h3>Radici solide<\/h3>\n<p>\nAnche dopo essere diventata Prima donna, Brigitte Macron rimane legata alle sue radici ami\u00e9noises e alla sua famiglia.\n<\/p>\n<p>\nIl suo percorso dimostra l\u2019importanza dei legami familiari e dell\u2019ambiente nella costruzione di una personalit\u00e0 pubblica.\n<\/p>\n<div style=\"overflow:auto;max-width:100%\">\n<table>\n<tbody>\n<tr>\n<th>Elemento<\/th>\n<th>Dettaglio<\/th>\n<th>Importanza<\/th>\n<\/tr>\n<tr>\n<td>Famiglia<\/td>\n<td>Trogneux<\/td>\n<td>Famiglia di imprenditori<\/td>\n<\/tr>\n<tr>\n<td>Citt\u00e0<\/td>\n<td>Amiens<\/td>\n<td>Origini familiari<\/td>\n<\/tr>\n<tr>\n<td>Attivit\u00e0<\/td>\n<td>Cioccolateria e macarons<\/td>\n<td>Azienda familiare storica<\/td>\n<\/tr>\n<tr>\n<td>Fratellanza<\/td>\n<td>Diversi fratelli e sorelle<\/td>\n<td>Ambiente familiare<\/td>\n<\/tr>\n<\/tbody>\n<\/table>\n<\/div>\n<p>\nLa famiglia Trogneux rimane oggi un elemento importante della storia personale di Brigitte Macron. La sua infanzia circondata dai suoi fratelli e sorelle in una famiglia di imprenditori ha contribuito a costruire il suo percorso e la sua identit\u00e0.\n<\/p>\n<h2>FAQ<\/h2>\n<h3>Quanti fratelli e sorelle ha Brigitte Macron?<\/h3>\n<p>\nBrigitte Macron proviene da una famiglia numerosa appartenente alla famiglia Trogneux di Amiens.\n<\/p>\n<h3>Qual \u00e8 l\u2019origine della famiglia Trogneux?<\/h3>\n<p>\nLa famiglia Trogneux \u00e8 una famiglia di imprenditori di Amiens nota per la sua attivit\u00e0 nella cioccolateria e nella confetteria.\n<\/p>\n<h3>Quale azienda possiede la famiglia di Brigitte Macron?<\/h3>\n<p>\nLa famiglia Trogneux \u00e8 famosa per la sua cioccolateria e i suoi macarons d\u2019Amiens.\n<\/p>\n<h3>Brigitte Macron \u00e8 rimasta vicina alla sua famiglia?<\/h3>\n<p>\nS\u00ec, rimane legata alle sue radici familiari e alla citt\u00e0 di Amiens.\n<\/p>\n<p><br \/>\n[<br \/>\n{<br \/>\n\u00ab\u00a0@context\u00a0\u00bb:\u00a0\u00bbhttps:\/\/schema.org\u00a0\u00bb,<br \/>\n\u00ab\u00a0@type\u00a0\u00bb:\u00a0\u00bbArticle\u00a0\u00bb,<br \/>\n\u00ab\u00a0headline\u00a0\u00bb:\u00a0\u00bbBrigitte Macron: chi sono i suoi fratelli e sorelle?\u00a0\u00bb,<br \/>\n\u00ab\u00a0description\u00a0\u00bb:\u00a0\u00bbScopri la famiglia di Brigitte Macron, la sua fratellanza e la storia della famiglia Trogneux ad Amiens.\u00a0\u00bb,<br \/>\n\u00ab\u00a0inLanguage\u00a0\u00bb:\u00a0\u00bbit\u00a0\u00bb,<br \/>\n\u00ab\u00a0articleSection\u00a0\u00bb:\u00a0\u00bbbiografia\u00a0\u00bb,<br \/>\n\u00ab\u00a0abstract\u00a0\u00bb:\u00a0\u00bbBrigitte Macron proviene dalla famiglia Trogneux, una famiglia di imprenditori conosciuta per la sua cioccolateria ad Amiens.\u00a0\u00bb<br \/>\n},<br \/>\n{<br \/>\n\u00ab\u00a0@context\u00a0\u00bb:\u00a0\u00bbhttps:\/\/schema.org\u00a0\u00bb,<br \/>\n\u00ab\u00a0@type\u00a0\u00bb:\u00a0\u00bbFAQPage\u00a0\u00bb,<br \/>\n\u00ab\u00a0mainEntity\u00a0\u00bb:[<br \/>\n{<br \/>\n\u00ab\u00a0@type\u00a0\u00bb:\u00a0\u00bbQuestion\u00a0\u00bb,<br \/>\n\u00ab\u00a0name\u00a0\u00bb:\u00a0\u00bbQuanti fratelli e sorelle ha Brigitte Macron?\u00a0\u00bb,<br \/>\n\u00ab\u00a0acceptedAnswer\u00a0\u00bb:{<br \/>\n\u00ab\u00a0@type\u00a0\u00bb:\u00a0\u00bbAnswer\u00a0\u00bb,<br \/>\n\u00ab\u00a0text\u00a0\u00bb:\u00a0\u00bbBrigitte Macron appartiene alla famiglia Trogneux di Amiens, una famiglia composta da diversi fratelli e sorelle.\u00a0\u00bb<br \/>\n}<br \/>\n},<br \/>\n{<br \/>\n\u00ab\u00a0@type\u00a0\u00bb:\u00a0\u00bbQuestion\u00a0\u00bb,<br \/>\n\u00ab\u00a0name\u00a0\u00bb:\u00a0\u00bbQual \u00e8 l\u2019origine della famiglia Trogneux?\u00a0\u00bb,<br \/>\n\u00ab\u00a0acceptedAnswer\u00a0\u00bb:{<br \/>\n\u00ab\u00a0@type\u00a0\u00bb:\u00a0\u00bbAnswer\u00a0\u00bb,<br \/>\n\u00ab\u00a0text\u00a0\u00bb:\u00a0\u00bbLa famiglia Trogneux \u00e8 nota per la sua azienda di cioccolateria e di macarons ad Amiens.\u00a0\u00bb<br \/>\n}<br \/>\n}]}<br \/>\n]<\/br>\n<\/p>","protected":false},"excerpt":{"rendered":"<p>Immagine generata da intelligenza artificiale, illustrazione non reale. Ci\u00f2 che \u00e8 importante ricordare: Brigitte Macron proviene dalla famiglia Trogneux, una famiglia di imprenditori ben nota ad Amiens. \u00c8 cresciuta circondata da diversi fratelli e sorelle in un ambiente familiare legato all\u2019azienda di cioccolateria fondata dai suoi genitori. Questa fratellanza ha giocato un ruolo importante nella &#8230; <a title=\"Brigitte Macron: chi sono i suoi fratelli e sorelle?\" class=\"read-more\" href=\"https:\/\/www.sebastien-auziere.fr\/blog\/it\/brigitte-macron-chi-sono-i-suoi-fratelli-e-sorelle\/\" aria-label=\"En savoir plus sur Brigitte Macron: chi sono i suoi fratelli e sorelle?\">Lire plus<\/a><\/p>\n","protected":false},"author":4,"featured_media":2045,"comment_status":"open","ping_status":"open","sticky":false,"template":"","format":"standard","meta":{"footnotes":""},"categories":[859],"tags":[],"class_list":["post-2214","post","type-post","status-publish","format-standard","has-post-thumbnail","hentry","category-actualita-it"],"yoast_head":"<!-- This site is optimized with the Yoast SEO plugin v27.5 - https:\/\/yoast.com\/product\/yoast-seo-wordpress\/ -->\n<title>Brigitte Macron: chi sono i suoi fratelli e sorelle? - Fan site S\u00e9bastien Auzi\u00e8re<\/title>\n<meta name=\"robots\" content=\"index, follow, max-snippet:-1, max-image-preview:large, max-video-preview:-1\" \/>\n<link rel=\"canonical\" href=\"https:\/\/www.sebastien-auziere.fr\/blog\/it\/brigitte-macron-chi-sono-i-suoi-fratelli-e-sorelle\/\" \/>\n<meta property=\"og:locale\" content=\"fr_FR\" \/>\n<meta property=\"og:type\" content=\"article\" \/>\n<meta property=\"og:title\" content=\"Brigitte Macron: chi sono i suoi fratelli e sorelle? - Fan site S\u00e9bastien Auzi\u00e8re\" \/>\n<meta property=\"og:description\" content=\"Immagine generata da intelligenza artificiale, illustrazione non reale. Ci\u00f2 che \u00e8 importante ricordare: Brigitte Macron proviene dalla famiglia Trogneux, una famiglia di imprenditori ben nota ad Amiens. \u00c8 cresciuta circondata da diversi fratelli e sorelle in un ambiente familiare legato all\u2019azienda di cioccolateria fondata dai suoi genitori. Questa fratellanza ha giocato un ruolo importante nella ... Lire plus\" \/>\n<meta property=\"og:url\" content=\"https:\/\/www.sebastien-auziere.fr\/blog\/it\/brigitte-macron-chi-sono-i-suoi-fratelli-e-sorelle\/\" \/>\n<meta property=\"og:site_name\" content=\"Fan site S\u00e9bastien Auzi\u00e8re\" \/>\n<meta property=\"article:published_time\" content=\"2026-03-06T16:15:11+00:00\" \/>\n<meta property=\"article:modified_time\" content=\"2026-03-06T16:15:48+00:00\" \/>\n<meta property=\"og:image\" content=\"https:\/\/www.sebastien-auziere.fr\/blog\/wp-content\/uploads\/2026\/03\/ChatGPT-Image-6-mars-2026-12_56_11.jpg\" \/>\n\t<meta property=\"og:image:width\" content=\"1536\" \/>\n\t<meta property=\"og:image:height\" content=\"1024\" \/>\n\t<meta property=\"og:image:type\" content=\"image\/jpeg\" \/>\n<meta name=\"author\" content=\"Celine\" \/>\n<meta name=\"twitter:card\" content=\"summary_large_image\" \/>\n<meta name=\"twitter:label1\" content=\"\u00c9crit par\" \/>\n\t<meta name=\"twitter:data1\" content=\"Celine\" \/>\n\t<meta name=\"twitter:label2\" content=\"Dur\u00e9e de lecture estim\u00e9e\" \/>\n\t<meta name=\"twitter:data2\" content=\"4 minutes\" \/>\n<script type=\"application\/ld+json\" class=\"yoast-schema-graph\">{\"@context\":\"https:\\\/\\\/schema.org\",\"@graph\":[{\"@type\":\"Article\",\"@id\":\"https:\\\/\\\/www.sebastien-auziere.fr\\\/blog\\\/it\\\/brigitte-macron-chi-sono-i-suoi-fratelli-e-sorelle\\\/#article\",\"isPartOf\":{\"@id\":\"https:\\\/\\\/www.sebastien-auziere.fr\\\/blog\\\/it\\\/brigitte-macron-chi-sono-i-suoi-fratelli-e-sorelle\\\/\"},\"author\":{\"name\":\"Celine\",\"@id\":\"https:\\\/\\\/www.sebastien-auziere.fr\\\/blog\\\/#\\\/schema\\\/person\\\/1e270a963009242469ed08b1c461f81f\"},\"headline\":\"Brigitte Macron: chi sono i suoi fratelli e sorelle?\",\"datePublished\":\"2026-03-06T16:15:11+00:00\",\"dateModified\":\"2026-03-06T16:15:48+00:00\",\"mainEntityOfPage\":{\"@id\":\"https:\\\/\\\/www.sebastien-auziere.fr\\\/blog\\\/it\\\/brigitte-macron-chi-sono-i-suoi-fratelli-e-sorelle\\\/\"},\"wordCount\":758,\"commentCount\":0,\"publisher\":{\"@id\":\"https:\\\/\\\/www.sebastien-auziere.fr\\\/blog\\\/#organization\"},\"image\":{\"@id\":\"https:\\\/\\\/www.sebastien-auziere.fr\\\/blog\\\/it\\\/brigitte-macron-chi-sono-i-suoi-fratelli-e-sorelle\\\/#primaryimage\"},\"thumbnailUrl\":\"https:\\\/\\\/www.sebastien-auziere.fr\\\/blog\\\/wp-content\\\/uploads\\\/2026\\\/03\\\/ChatGPT-Image-6-mars-2026-12_56_11.jpg\",\"articleSection\":[\"Actualit\u00e0\"],\"inLanguage\":\"fr-FR\",\"potentialAction\":[{\"@type\":\"CommentAction\",\"name\":\"Comment\",\"target\":[\"https:\\\/\\\/www.sebastien-auziere.fr\\\/blog\\\/it\\\/brigitte-macron-chi-sono-i-suoi-fratelli-e-sorelle\\\/#respond\"]}]},{\"@type\":\"WebPage\",\"@id\":\"https:\\\/\\\/www.sebastien-auziere.fr\\\/blog\\\/it\\\/brigitte-macron-chi-sono-i-suoi-fratelli-e-sorelle\\\/\",\"url\":\"https:\\\/\\\/www.sebastien-auziere.fr\\\/blog\\\/it\\\/brigitte-macron-chi-sono-i-suoi-fratelli-e-sorelle\\\/\",\"name\":\"Brigitte Macron: chi sono i suoi fratelli e sorelle? - Fan site S\u00e9bastien Auzi\u00e8re\",\"isPartOf\":{\"@id\":\"https:\\\/\\\/www.sebastien-auziere.fr\\\/blog\\\/#website\"},\"primaryImageOfPage\":{\"@id\":\"https:\\\/\\\/www.sebastien-auziere.fr\\\/blog\\\/it\\\/brigitte-macron-chi-sono-i-suoi-fratelli-e-sorelle\\\/#primaryimage\"},\"image\":{\"@id\":\"https:\\\/\\\/www.sebastien-auziere.fr\\\/blog\\\/it\\\/brigitte-macron-chi-sono-i-suoi-fratelli-e-sorelle\\\/#primaryimage\"},\"thumbnailUrl\":\"https:\\\/\\\/www.sebastien-auziere.fr\\\/blog\\\/wp-content\\\/uploads\\\/2026\\\/03\\\/ChatGPT-Image-6-mars-2026-12_56_11.jpg\",\"datePublished\":\"2026-03-06T16:15:11+00:00\",\"dateModified\":\"2026-03-06T16:15:48+00:00\",\"breadcrumb\":{\"@id\":\"https:\\\/\\\/www.sebastien-auziere.fr\\\/blog\\\/it\\\/brigitte-macron-chi-sono-i-suoi-fratelli-e-sorelle\\\/#breadcrumb\"},\"inLanguage\":\"fr-FR\",\"potentialAction\":[{\"@type\":\"ReadAction\",\"target\":[\"https:\\\/\\\/www.sebastien-auziere.fr\\\/blog\\\/it\\\/brigitte-macron-chi-sono-i-suoi-fratelli-e-sorelle\\\/\"]}]},{\"@type\":\"ImageObject\",\"inLanguage\":\"fr-FR\",\"@id\":\"https:\\\/\\\/www.sebastien-auziere.fr\\\/blog\\\/it\\\/brigitte-macron-chi-sono-i-suoi-fratelli-e-sorelle\\\/#primaryimage\",\"url\":\"https:\\\/\\\/www.sebastien-auziere.fr\\\/blog\\\/wp-content\\\/uploads\\\/2026\\\/03\\\/ChatGPT-Image-6-mars-2026-12_56_11.jpg\",\"contentUrl\":\"https:\\\/\\\/www.sebastien-auziere.fr\\\/blog\\\/wp-content\\\/uploads\\\/2026\\\/03\\\/ChatGPT-Image-6-mars-2026-12_56_11.jpg\",\"width\":1536,\"height\":1024,\"caption\":\"Brigitte Macron fr\u00e8re\"},{\"@type\":\"BreadcrumbList\",\"@id\":\"https:\\\/\\\/www.sebastien-auziere.fr\\\/blog\\\/it\\\/brigitte-macron-chi-sono-i-suoi-fratelli-e-sorelle\\\/#breadcrumb\",\"itemListElement\":[{\"@type\":\"ListItem\",\"position\":1,\"name\":\"Home\",\"item\":\"https:\\\/\\\/www.sebastien-auziere.fr\\\/blog\\\/\"},{\"@type\":\"ListItem\",\"position\":2,\"name\":\"Brigitte Macron: chi sono i suoi fratelli e sorelle?\"}]},{\"@type\":\"WebSite\",\"@id\":\"https:\\\/\\\/www.sebastien-auziere.fr\\\/blog\\\/#website\",\"url\":\"https:\\\/\\\/www.sebastien-auziere.fr\\\/blog\\\/\",\"name\":\"Fan site S\u00e9bastien Auzi\u00e8re\",\"description\":\"M\u00e9dia g\u00e9n\u00e9raliste\",\"publisher\":{\"@id\":\"https:\\\/\\\/www.sebastien-auziere.fr\\\/blog\\\/#organization\"},\"potentialAction\":[{\"@type\":\"SearchAction\",\"target\":{\"@type\":\"EntryPoint\",\"urlTemplate\":\"https:\\\/\\\/www.sebastien-auziere.fr\\\/blog\\\/?s={search_term_string}\"},\"query-input\":{\"@type\":\"PropertyValueSpecification\",\"valueRequired\":true,\"valueName\":\"search_term_string\"}}],\"inLanguage\":\"fr-FR\"},{\"@type\":\"Organization\",\"@id\":\"https:\\\/\\\/www.sebastien-auziere.fr\\\/blog\\\/#organization\",\"name\":\"Fan site S\u00e9bastien Auzi\u00e8re\",\"url\":\"https:\\\/\\\/www.sebastien-auziere.fr\\\/blog\\\/\",\"logo\":{\"@type\":\"ImageObject\",\"inLanguage\":\"fr-FR\",\"@id\":\"https:\\\/\\\/www.sebastien-auziere.fr\\\/blog\\\/#\\\/schema\\\/logo\\\/image\\\/\",\"url\":\"https:\\\/\\\/www.sebastien-auziere.fr\\\/blog\\\/wp-content\\\/uploads\\\/2026\\\/03\\\/cropped-cropped-cropped-ChatGPT-Image-6-mars-2026-12_58_09-e1772798376794.jpg\",\"contentUrl\":\"https:\\\/\\\/www.sebastien-auziere.fr\\\/blog\\\/wp-content\\\/uploads\\\/2026\\\/03\\\/cropped-cropped-cropped-ChatGPT-Image-6-mars-2026-12_58_09-e1772798376794.jpg\",\"width\":512,\"height\":360,\"caption\":\"Fan site S\u00e9bastien Auzi\u00e8re\"},\"image\":{\"@id\":\"https:\\\/\\\/www.sebastien-auziere.fr\\\/blog\\\/#\\\/schema\\\/logo\\\/image\\\/\"}},{\"@type\":\"Person\",\"@id\":\"https:\\\/\\\/www.sebastien-auziere.fr\\\/blog\\\/#\\\/schema\\\/person\\\/1e270a963009242469ed08b1c461f81f\",\"name\":\"Celine\",\"image\":{\"@type\":\"ImageObject\",\"inLanguage\":\"fr-FR\",\"@id\":\"https:\\\/\\\/secure.gravatar.com\\\/avatar\\\/c88d569fbe1fe19a13c7f21ee0f8973822df96073df21850b95af6a09ba820c9?s=96&d=mm&r=g\",\"url\":\"https:\\\/\\\/secure.gravatar.com\\\/avatar\\\/c88d569fbe1fe19a13c7f21ee0f8973822df96073df21850b95af6a09ba820c9?s=96&d=mm&r=g\",\"contentUrl\":\"https:\\\/\\\/secure.gravatar.com\\\/avatar\\\/c88d569fbe1fe19a13c7f21ee0f8973822df96073df21850b95af6a09ba820c9?s=96&d=mm&r=g\",\"caption\":\"Celine\"},\"description\":\"Je m'appelle C\u00e9line, j'ai 31 ans et je suis journaliste sp\u00e9cialis\u00e9e dans le cin\u00e9ma. Passionn\u00e9e par le septi\u00e8me art, j'explore les actualit\u00e9s, les critiques et les tendances du monde cin\u00e9matographique. Mon objectif est de partager ma passion et d'informer les amateurs de films \u00e0 travers des articles percutants et des analyses approfondies.\",\"url\":\"https:\\\/\\\/www.sebastien-auziere.fr\\\/blog\\\/author\\\/celine\\\/\"}]}<\/script>\n<!-- \/ Yoast SEO plugin. -->","yoast_head_json":{"title":"Brigitte Macron: chi sono i suoi fratelli e sorelle? - Fan site S\u00e9bastien Auzi\u00e8re","robots":{"index":"index","follow":"follow","max-snippet":"max-snippet:-1","max-image-preview":"max-image-preview:large","max-video-preview":"max-video-preview:-1"},"canonical":"https:\/\/www.sebastien-auziere.fr\/blog\/it\/brigitte-macron-chi-sono-i-suoi-fratelli-e-sorelle\/","og_locale":"fr_FR","og_type":"article","og_title":"Brigitte Macron: chi sono i suoi fratelli e sorelle? - Fan site S\u00e9bastien Auzi\u00e8re","og_description":"Immagine generata da intelligenza artificiale, illustrazione non reale. Ci\u00f2 che \u00e8 importante ricordare: Brigitte Macron proviene dalla famiglia Trogneux, una famiglia di imprenditori ben nota ad Amiens. \u00c8 cresciuta circondata da diversi fratelli e sorelle in un ambiente familiare legato all\u2019azienda di cioccolateria fondata dai suoi genitori. Questa fratellanza ha giocato un ruolo importante nella ... Lire plus","og_url":"https:\/\/www.sebastien-auziere.fr\/blog\/it\/brigitte-macron-chi-sono-i-suoi-fratelli-e-sorelle\/","og_site_name":"Fan site S\u00e9bastien Auzi\u00e8re","article_published_time":"2026-03-06T16:15:11+00:00","article_modified_time":"2026-03-06T16:15:48+00:00","og_image":[{"width":1536,"height":1024,"url":"https:\/\/www.sebastien-auziere.fr\/blog\/wp-content\/uploads\/2026\/03\/ChatGPT-Image-6-mars-2026-12_56_11.jpg","type":"image\/jpeg"}],"author":"Celine","twitter_card":"summary_large_image","twitter_misc":{"\u00c9crit par":"Celine","Dur\u00e9e de lecture estim\u00e9e":"4 minutes"},"schema":{"@context":"https:\/\/schema.org","@graph":[{"@type":"Article","@id":"https:\/\/www.sebastien-auziere.fr\/blog\/it\/brigitte-macron-chi-sono-i-suoi-fratelli-e-sorelle\/#article","isPartOf":{"@id":"https:\/\/www.sebastien-auziere.fr\/blog\/it\/brigitte-macron-chi-sono-i-suoi-fratelli-e-sorelle\/"},"author":{"name":"Celine","@id":"https:\/\/www.sebastien-auziere.fr\/blog\/#\/schema\/person\/1e270a963009242469ed08b1c461f81f"},"headline":"Brigitte Macron: chi sono i suoi fratelli e sorelle?","datePublished":"2026-03-06T16:15:11+00:00","dateModified":"2026-03-06T16:15:48+00:00","mainEntityOfPage":{"@id":"https:\/\/www.sebastien-auziere.fr\/blog\/it\/brigitte-macron-chi-sono-i-suoi-fratelli-e-sorelle\/"},"wordCount":758,"commentCount":0,"publisher":{"@id":"https:\/\/www.sebastien-auziere.fr\/blog\/#organization"},"image":{"@id":"https:\/\/www.sebastien-auziere.fr\/blog\/it\/brigitte-macron-chi-sono-i-suoi-fratelli-e-sorelle\/#primaryimage"},"thumbnailUrl":"https:\/\/www.sebastien-auziere.fr\/blog\/wp-content\/uploads\/2026\/03\/ChatGPT-Image-6-mars-2026-12_56_11.jpg","articleSection":["Actualit\u00e0"],"inLanguage":"fr-FR","potentialAction":[{"@type":"CommentAction","name":"Comment","target":["https:\/\/www.sebastien-auziere.fr\/blog\/it\/brigitte-macron-chi-sono-i-suoi-fratelli-e-sorelle\/#respond"]}]},{"@type":"WebPage","@id":"https:\/\/www.sebastien-auziere.fr\/blog\/it\/brigitte-macron-chi-sono-i-suoi-fratelli-e-sorelle\/","url":"https:\/\/www.sebastien-auziere.fr\/blog\/it\/brigitte-macron-chi-sono-i-suoi-fratelli-e-sorelle\/","name":"Brigitte Macron: chi sono i suoi fratelli e sorelle? - Fan site S\u00e9bastien Auzi\u00e8re","isPartOf":{"@id":"https:\/\/www.sebastien-auziere.fr\/blog\/#website"},"primaryImageOfPage":{"@id":"https:\/\/www.sebastien-auziere.fr\/blog\/it\/brigitte-macron-chi-sono-i-suoi-fratelli-e-sorelle\/#primaryimage"},"image":{"@id":"https:\/\/www.sebastien-auziere.fr\/blog\/it\/brigitte-macron-chi-sono-i-suoi-fratelli-e-sorelle\/#primaryimage"},"thumbnailUrl":"https:\/\/www.sebastien-auziere.fr\/blog\/wp-content\/uploads\/2026\/03\/ChatGPT-Image-6-mars-2026-12_56_11.jpg","datePublished":"2026-03-06T16:15:11+00:00","dateModified":"2026-03-06T16:15:48+00:00","breadcrumb":{"@id":"https:\/\/www.sebastien-auziere.fr\/blog\/it\/brigitte-macron-chi-sono-i-suoi-fratelli-e-sorelle\/#breadcrumb"},"inLanguage":"fr-FR","potentialAction":[{"@type":"ReadAction","target":["https:\/\/www.sebastien-auziere.fr\/blog\/it\/brigitte-macron-chi-sono-i-suoi-fratelli-e-sorelle\/"]}]},{"@type":"ImageObject","inLanguage":"fr-FR","@id":"https:\/\/www.sebastien-auziere.fr\/blog\/it\/brigitte-macron-chi-sono-i-suoi-fratelli-e-sorelle\/#primaryimage","url":"https:\/\/www.sebastien-auziere.fr\/blog\/wp-content\/uploads\/2026\/03\/ChatGPT-Image-6-mars-2026-12_56_11.jpg","contentUrl":"https:\/\/www.sebastien-auziere.fr\/blog\/wp-content\/uploads\/2026\/03\/ChatGPT-Image-6-mars-2026-12_56_11.jpg","width":1536,"height":1024,"caption":"Brigitte Macron fr\u00e8re"},{"@type":"BreadcrumbList","@id":"https:\/\/www.sebastien-auziere.fr\/blog\/it\/brigitte-macron-chi-sono-i-suoi-fratelli-e-sorelle\/#breadcrumb","itemListElement":[{"@type":"ListItem","position":1,"name":"Home","item":"https:\/\/www.sebastien-auziere.fr\/blog\/"},{"@type":"ListItem","position":2,"name":"Brigitte Macron: chi sono i suoi fratelli e sorelle?"}]},{"@type":"WebSite","@id":"https:\/\/www.sebastien-auziere.fr\/blog\/#website","url":"https:\/\/www.sebastien-auziere.fr\/blog\/","name":"Fan site S\u00e9bastien Auzi\u00e8re","description":"M\u00e9dia g\u00e9n\u00e9raliste","publisher":{"@id":"https:\/\/www.sebastien-auziere.fr\/blog\/#organization"},"potentialAction":[{"@type":"SearchAction","target":{"@type":"EntryPoint","urlTemplate":"https:\/\/www.sebastien-auziere.fr\/blog\/?s={search_term_string}"},"query-input":{"@type":"PropertyValueSpecification","valueRequired":true,"valueName":"search_term_string"}}],"inLanguage":"fr-FR"},{"@type":"Organization","@id":"https:\/\/www.sebastien-auziere.fr\/blog\/#organization","name":"Fan site S\u00e9bastien Auzi\u00e8re","url":"https:\/\/www.sebastien-auziere.fr\/blog\/","logo":{"@type":"ImageObject","inLanguage":"fr-FR","@id":"https:\/\/www.sebastien-auziere.fr\/blog\/#\/schema\/logo\/image\/","url":"https:\/\/www.sebastien-auziere.fr\/blog\/wp-content\/uploads\/2026\/03\/cropped-cropped-cropped-ChatGPT-Image-6-mars-2026-12_58_09-e1772798376794.jpg","contentUrl":"https:\/\/www.sebastien-auziere.fr\/blog\/wp-content\/uploads\/2026\/03\/cropped-cropped-cropped-ChatGPT-Image-6-mars-2026-12_58_09-e1772798376794.jpg","width":512,"height":360,"caption":"Fan site S\u00e9bastien Auzi\u00e8re"},"image":{"@id":"https:\/\/www.sebastien-auziere.fr\/blog\/#\/schema\/logo\/image\/"}},{"@type":"Person","@id":"https:\/\/www.sebastien-auziere.fr\/blog\/#\/schema\/person\/1e270a963009242469ed08b1c461f81f","name":"Celine","image":{"@type":"ImageObject","inLanguage":"fr-FR","@id":"https:\/\/secure.gravatar.com\/avatar\/c88d569fbe1fe19a13c7f21ee0f8973822df96073df21850b95af6a09ba820c9?s=96&d=mm&r=g","url":"https:\/\/secure.gravatar.com\/avatar\/c88d569fbe1fe19a13c7f21ee0f8973822df96073df21850b95af6a09ba820c9?s=96&d=mm&r=g","contentUrl":"https:\/\/secure.gravatar.com\/avatar\/c88d569fbe1fe19a13c7f21ee0f8973822df96073df21850b95af6a09ba820c9?s=96&d=mm&r=g","caption":"Celine"},"description":"Je m'appelle C\u00e9line, j'ai 31 ans et je suis journaliste sp\u00e9cialis\u00e9e dans le cin\u00e9ma. Passionn\u00e9e par le septi\u00e8me art, j'explore les actualit\u00e9s, les critiques et les tendances du monde cin\u00e9matographique. Mon objectif est de partager ma passion et d'informer les amateurs de films \u00e0 travers des articles percutants et des analyses approfondies.","url":"https:\/\/www.sebastien-auziere.fr\/blog\/author\/celine\/"}]}},"views":127,"_links":{"self":[{"href":"https:\/\/www.sebastien-auziere.fr\/blog\/wp-json\/wp\/v2\/posts\/2214","targetHints":{"allow":["GET"]}}],"collection":[{"href":"https:\/\/www.sebastien-auziere.fr\/blog\/wp-json\/wp\/v2\/posts"}],"about":[{"href":"https:\/\/www.sebastien-auziere.fr\/blog\/wp-json\/wp\/v2\/types\/post"}],"author":[{"embeddable":true,"href":"https:\/\/www.sebastien-auziere.fr\/blog\/wp-json\/wp\/v2\/users\/4"}],"replies":[{"embeddable":true,"href":"https:\/\/www.sebastien-auziere.fr\/blog\/wp-json\/wp\/v2\/comments?post=2214"}],"version-history":[{"count":1,"href":"https:\/\/www.sebastien-auziere.fr\/blog\/wp-json\/wp\/v2\/posts\/2214\/revisions"}],"predecessor-version":[{"id":2215,"href":"https:\/\/www.sebastien-auziere.fr\/blog\/wp-json\/wp\/v2\/posts\/2214\/revisions\/2215"}],"wp:featuredmedia":[{"embeddable":true,"href":"https:\/\/www.sebastien-auziere.fr\/blog\/wp-json\/wp\/v2\/media\/2045"}],"wp:attachment":[{"href":"https:\/\/www.sebastien-auziere.fr\/blog\/wp-json\/wp\/v2\/media?parent=2214"}],"wp:term":[{"taxonomy":"category","embeddable":true,"href":"https:\/\/www.sebastien-auziere.fr\/blog\/wp-json\/wp\/v2\/categories?post=2214"},{"taxonomy":"post_tag","embeddable":true,"href":"https:\/\/www.sebastien-auziere.fr\/blog\/wp-json\/wp\/v2\/tags?post=2214"}],"curies":[{"name":"wp","href":"https:\/\/api.w.org\/{rel}","templated":true}]}}