{"id":2212,"date":"2026-03-06T16:14:14","date_gmt":"2026-03-06T16:14:14","guid":{"rendered":"https:\/\/www.sebastien-auziere.fr\/blog\/?p=2212"},"modified":"2026-03-06T16:14:47","modified_gmt":"2026-03-06T16:14:47","slug":"brigitte-macron-wer-sind-ihre-bruder-und-schwestern","status":"publish","type":"post","link":"https:\/\/www.sebastien-auziere.fr\/blog\/de\/brigitte-macron-wer-sind-ihre-bruder-und-schwestern\/","title":{"rendered":"Brigitte Macron : wer sind ihre Br\u00fcder und Schwestern ?"},"content":{"rendered":"\n<p>Von k\u00fcnstlicher Intelligenz generiertes Bild, fiktive Illustration.<\/p>\n\n\n<p style=\"padding: 24px;background: lightblue\">\nWoran man denken sollte: Brigitte Macron stammt aus der Familie <strong>Trogneux<\/strong>, einer in Amiens bekannten Unternehmerfamilie. Sie ist in einem Elternhaus aufgewachsen, das mit dem Chocolateriegesch\u00e4ft ihrer Eltern verbunden ist, inmitten mehrerer Geschwister. Diese Geschwister haben eine wichtige Rolle in ihrer Kindheit und ihrem Werdegang gespielt.\n<\/p>\n<p>\nBevor sie First Lady von Frankreich wurde, wuchs Brigitte Macron \u2013 geboren als <strong>Brigitte Trogneux<\/strong> \u2013 in einer gro\u00dfen und sehr bekannten Familie in der Region Amiens auf. Viele Menschen fragen sich heute <strong>wie viele Geschwister sie hat<\/strong> und welche Rolle die Familie Trogneux in der Geschichte der Stadt spielt. In diesem Artikel wirst du <strong>die Geschwister von Brigitte Macron, ihr famili\u00e4res Umfeld und die Geschichte dieser Unternehmerfamilie<\/strong> entdecken.\n<\/p>\n<ol>\n<li><a href=\"#famille-trogneux\">Die Familie Trogneux in Amiens<\/a><\/li>\n<li><a href=\"#freres-soeurs\">Die Geschwister von Brigitte Macron<\/a><\/li>\n<li><a href=\"#entreprise-familiale\">Das Familienunternehmen Trogneux<\/a><\/li>\n<li><a href=\"#importance-famille\">Die Bedeutung der Familie in ihrem Werdegang<\/a><\/li>\n<\/ol>\n<h2 id=\"famille-trogneux\">Die Familie Trogneux in Amiens<\/h2>\n<p>\nBrigitte Macron wurde am <strong>13. April 1953 in Amiens<\/strong> geboren. Sie geh\u00f6rt zur Familie Trogneux, einer Unternehmerfamilie, die f\u00fcr ihre T\u00e4tigkeit in der Chocolaterie und Confiserie bekannt ist.\n<\/p>\n<h3>Eine in der Region bekannte Familie<\/h3>\n<p>\nSeit mehreren Generationen betreibt die Familie Trogneux ein Unternehmen, das sich auf die Herstellung von Schokolade und Macarons spezialisiert hat. Diese famili\u00e4re T\u00e4tigkeit hat zur Reputation der Familie in der Region Hauts-de-France beigetragen.\n<\/p>\n<p>\nIn dieser unternehmerischen Umgebung aufzuwachsen, hat die Kindheit von Brigitte Macron und ihren Geschwistern gepr\u00e4gt.\n<\/p>\n<h2 id=\"freres-soeurs\">Die Geschwister von Brigitte Macron<\/h2>\n<p>\nBrigitte Macron wuchs in einer Geschwistergruppe mit mehreren Kindern auf. Wie in vielen Familien spielten die Beziehungen zwischen Geschwistern eine wichtige Rolle in ihrer Kindheit.\n<\/p>\n<h3>Eine enge Geschwisterschaft<\/h3>\n<p>\nDie Familie Trogneux hatte mehrere Kinder, von denen jeder seinen eigenen beruflichen Werdegang eingeschlagen hat, w\u00e4hrend er mit der Familiengeschichte verbunden blieb.\n<\/p>\n<ul>\n<li>Einige Mitglieder haben die Familient\u00e4tigkeit fortgef\u00fchrt<\/li>\n<li>Andere haben sich f\u00fcr unterschiedliche Karrieren entschieden<\/li>\n<li>Die Familie bleibt der Stadt Amiens sehr verbunden<\/li>\n<\/ul>\n<p>\nDiese Geschwister sind in einem stabilen famili\u00e4ren Umfeld aufgewachsen, das stark in das lokale Leben eingebunden war.\n<\/p>\n<h2 id=\"entreprise-familiale\">Das Familienunternehmen Trogneux<\/h2>\n<p>\nDas Familienunternehmen geh\u00f6rt zu den bekanntesten Elementen der Geschichte der Familie von Brigitte Macron.\n<\/p>\n<h3>Eine historische Chocolaterie<\/h3>\n<p>\nDas Haus Trogneux gibt es seit mehreren Generationen und es ist insbesondere f\u00fcr seine Macarons aus Amiens bekannt. Das Unternehmen wurde \u00fcber die Jahre hinweg von den Familienmitgliedern weitergegeben.\n<\/p>\n<ul>\n<li>Unternehmen, das im 19. Jahrhundert gegr\u00fcndet wurde<\/li>\n<li>Spezialit\u00e4t: Macarons aus Amiens<\/li>\n<li>Das Familienunternehmen ist nach wie vor aktiv<\/li>\n<\/ul>\n<p>\nDiese kommerzielle T\u00e4tigkeit hat zur Bekanntheit der Familie in der Region beigetragen.\n<\/p>\n<h2 id=\"importance-famille\">Die Bedeutung der Familie in ihrem Werdegang<\/h2>\n<p>\nDie Familie hat immer eine wichtige Rolle im Leben von Brigitte Macron gespielt. Ihre Kindheit in Amiens und ihr famili\u00e4res Umfeld haben zu einem gro\u00dfen Teil ihre Pers\u00f6nlichkeit gepr\u00e4gt.\n<\/p>\n<h3>Feste Wurzeln<\/h3>\n<p>\nSelbst nachdem sie First Lady geworden ist, bleibt Brigitte Macron ihren Wurzeln in Amiens und ihrer Familie verbunden.\n<\/p>\n<p>\nIhr Werdegang zeigt die Bedeutung von famili\u00e4ren Bindungen und dem Umfeld bei der Bildung einer \u00f6ffentlichen Pers\u00f6nlichkeit.\n<\/p>\n<div style=\"overflow:auto;max-width:100%\">\n<table>\n<tbody>\n<tr>\n<th>Element<\/th>\n<th>Detail<\/th>\n<th>Bedeutung<\/th>\n<\/tr>\n<tr>\n<td>Familie<\/td>\n<td>Trogneux<\/td>\n<td>Unternehmerfamilie<\/td>\n<\/tr>\n<tr>\n<td>Stadt<\/td>\n<td>Amiens<\/td>\n<td>Famili\u00e4re Wurzeln<\/td>\n<\/tr>\n<tr>\n<td>T\u00e4tigkeit<\/td>\n<td>Chocolaterie und Macarons<\/td>\n<td>Historisches Familienunternehmen<\/td>\n<\/tr>\n<tr>\n<td>Geschwister<\/td>\n<td>Mehrere Br\u00fcder und Schwestern<\/td>\n<td>Famili\u00e4res Umfeld<\/td>\n<\/tr>\n<\/tbody>\n<\/table>\n<\/div>\n<p>\nDie Familie Trogneux bleibt heute ein wichtiges Element in der pers\u00f6nlichen Geschichte von Brigitte Macron. Ihre Kindheit, umgeben von ihren Geschwistern in einer Unternehmerfamilie, hat dazu beigetragen, ihren Werdegang und ihre Identit\u00e4t zu formen.\n<\/p>\n<h2>FAQ<\/h2>\n<h3>Wie viele Geschwister hat Brigitte Macron?<\/h3>\n<p>\nBrigitte Macron stammt aus einer gro\u00dfen Familie, die zur Familie Trogneux aus Amiens geh\u00f6rt.\n<\/p>\n<h3>Was ist die Herkunft der Familie Trogneux?<\/h3>\n<p>\nDie Familie Trogneux ist eine Unternehmerfamilie aus Amiens, die f\u00fcr ihre T\u00e4tigkeit in der Chocolaterie und Confiserie bekannt ist.\n<\/p>\n<h3>Welches Unternehmen besitzt die Familie von Brigitte Macron?<\/h3>\n<p>\nDie Familie Trogneux ist bekannt f\u00fcr ihre Chocolaterie und ihre Macarons aus Amiens.\n<\/p>\n<h3>Ist Brigitte Macron ihrer Familie nah geblieben?<\/h3>\n<p>\nJa, sie bleibt ihren famili\u00e4ren Wurzeln und der Stadt Amiens verbunden.\n<\/p>\n<p><br \/>\n[<br \/>\n{<br \/>\n\u00ab\u00a0@context\u00a0\u00bb:\u00a0\u00bbhttps:\/\/schema.org\u00a0\u00bb,<br \/>\n\u00ab\u00a0@type\u00a0\u00bb:\u00a0\u00bbArticle\u00a0\u00bb,<br \/>\n\u00ab\u00a0headline\u00a0\u00bb:\u00a0\u00bbBrigitte Macron: Wer sind ihre Geschwister?\u00a0\u00bb,<br \/>\n\u00ab\u00a0description\u00a0\u00bb:\u00a0\u00bbErfahren Sie mehr \u00fcber die Familie von Brigitte Macron, ihre Geschwister und die Geschichte der Familie Trogneux in Amiens.\u00a0\u00bb,<br \/>\n\u00ab\u00a0inLanguage\u00a0\u00bb:\u00a0\u00bbde\u00a0\u00bb,<br \/>\n\u00ab\u00a0articleSection\u00a0\u00bb:\u00a0\u00bbBiografie\u00a0\u00bb,<br \/>\n\u00ab\u00a0abstract\u00a0\u00bb:\u00a0\u00bbBrigitte Macron stammt aus der Familie Trogneux, einer Unternehmerfamilie, die f\u00fcr ihre Chocolaterie in Amiens bekannt ist.\u00a0\u00bb<br \/>\n},<br \/>\n{<br \/>\n\u00ab\u00a0@context\u00a0\u00bb:\u00a0\u00bbhttps:\/\/schema.org\u00a0\u00bb,<br \/>\n\u00ab\u00a0@type\u00a0\u00bb:\u00a0\u00bbFAQPage\u00a0\u00bb,<br \/>\n\u00ab\u00a0mainEntity\u00a0\u00bb:[<br \/>\n{<br \/>\n\u00ab\u00a0@type\u00a0\u00bb:\u00a0\u00bbQuestion\u00a0\u00bb,<br \/>\n\u00ab\u00a0name\u00a0\u00bb:\u00a0\u00bbWie viele Geschwister hat Brigitte Macron?\u00a0\u00bb,<br \/>\n\u00ab\u00a0acceptedAnswer\u00a0\u00bb:{<br \/>\n\u00ab\u00a0@type\u00a0\u00bb:\u00a0\u00bbAnswer\u00a0\u00bb,<br \/>\n\u00ab\u00a0text\u00a0\u00bb:\u00a0\u00bbBrigitte Macron geh\u00f6rt zur Familie Trogneux aus Amiens, einer Familie mit mehreren Geschwistern.\u00a0\u00bb<br \/>\n}<br \/>\n},<br \/>\n{<br \/>\n\u00ab\u00a0@type\u00a0\u00bb:\u00a0\u00bbQuestion\u00a0\u00bb,<br \/>\n\u00ab\u00a0name\u00a0\u00bb:\u00a0\u00bbWas ist die Herkunft der Familie Trogneux?\u00a0\u00bb,<br \/>\n\u00ab\u00a0acceptedAnswer\u00a0\u00bb:{<br \/>\n\u00ab\u00a0@type\u00a0\u00bb:\u00a0\u00bbAnswer\u00a0\u00bb,<br \/>\n\u00ab\u00a0text\u00a0\u00bb:\u00a0\u00bbDie Familie Trogneux ist bekannt f\u00fcr ihr Unternehmen in der Chocolaterie und Macarons in Amiens.\u00a0\u00bb<br \/>\n}<br \/>\n}<br \/>\n]<br \/>\n}<br \/>\n]<\/br>\n<\/p>","protected":false},"excerpt":{"rendered":"<p>Von k\u00fcnstlicher Intelligenz generiertes Bild, fiktive Illustration. Woran man denken sollte: Brigitte Macron stammt aus der Familie Trogneux, einer in Amiens bekannten Unternehmerfamilie. Sie ist in einem Elternhaus aufgewachsen, das mit dem Chocolateriegesch\u00e4ft ihrer Eltern verbunden ist, inmitten mehrerer Geschwister. Diese Geschwister haben eine wichtige Rolle in ihrer Kindheit und ihrem Werdegang gespielt. Bevor sie &#8230; <a title=\"Brigitte Macron : wer sind ihre Br\u00fcder und Schwestern ?\" class=\"read-more\" href=\"https:\/\/www.sebastien-auziere.fr\/blog\/de\/brigitte-macron-wer-sind-ihre-bruder-und-schwestern\/\" aria-label=\"En savoir plus sur Brigitte Macron : wer sind ihre Br\u00fcder und Schwestern ?\">Lire plus<\/a><\/p>\n","protected":false},"author":4,"featured_media":2045,"comment_status":"open","ping_status":"open","sticky":false,"template":"","format":"standard","meta":{"footnotes":""},"categories":[856],"tags":[],"class_list":["post-2212","post","type-post","status-publish","format-standard","has-post-thumbnail","hentry","category-aktuelles-de"],"yoast_head":"<!-- This site is optimized with the Yoast SEO plugin v27.5 - https:\/\/yoast.com\/product\/yoast-seo-wordpress\/ -->\n<title>Brigitte Macron : wer sind ihre Br\u00fcder und Schwestern ? - Fan site S\u00e9bastien Auzi\u00e8re<\/title>\n<meta name=\"robots\" content=\"index, follow, max-snippet:-1, max-image-preview:large, max-video-preview:-1\" \/>\n<link rel=\"canonical\" href=\"https:\/\/www.sebastien-auziere.fr\/blog\/de\/brigitte-macron-wer-sind-ihre-bruder-und-schwestern\/\" \/>\n<meta property=\"og:locale\" content=\"fr_FR\" \/>\n<meta property=\"og:type\" content=\"article\" \/>\n<meta property=\"og:title\" content=\"Brigitte Macron : wer sind ihre Br\u00fcder und Schwestern ? - Fan site S\u00e9bastien Auzi\u00e8re\" \/>\n<meta property=\"og:description\" content=\"Von k\u00fcnstlicher Intelligenz generiertes Bild, fiktive Illustration. Woran man denken sollte: Brigitte Macron stammt aus der Familie Trogneux, einer in Amiens bekannten Unternehmerfamilie. Sie ist in einem Elternhaus aufgewachsen, das mit dem Chocolateriegesch\u00e4ft ihrer Eltern verbunden ist, inmitten mehrerer Geschwister. Diese Geschwister haben eine wichtige Rolle in ihrer Kindheit und ihrem Werdegang gespielt. Bevor sie ... Lire plus\" \/>\n<meta property=\"og:url\" content=\"https:\/\/www.sebastien-auziere.fr\/blog\/de\/brigitte-macron-wer-sind-ihre-bruder-und-schwestern\/\" \/>\n<meta property=\"og:site_name\" content=\"Fan site S\u00e9bastien Auzi\u00e8re\" \/>\n<meta property=\"article:published_time\" content=\"2026-03-06T16:14:14+00:00\" \/>\n<meta property=\"article:modified_time\" content=\"2026-03-06T16:14:47+00:00\" \/>\n<meta property=\"og:image\" content=\"https:\/\/www.sebastien-auziere.fr\/blog\/wp-content\/uploads\/2026\/03\/ChatGPT-Image-6-mars-2026-12_56_11.jpg\" \/>\n\t<meta property=\"og:image:width\" content=\"1536\" \/>\n\t<meta property=\"og:image:height\" content=\"1024\" \/>\n\t<meta property=\"og:image:type\" content=\"image\/jpeg\" \/>\n<meta name=\"author\" content=\"Celine\" \/>\n<meta name=\"twitter:card\" content=\"summary_large_image\" \/>\n<meta name=\"twitter:label1\" content=\"\u00c9crit par\" \/>\n\t<meta name=\"twitter:data1\" content=\"Celine\" \/>\n\t<meta name=\"twitter:label2\" content=\"Dur\u00e9e de lecture estim\u00e9e\" \/>\n\t<meta name=\"twitter:data2\" content=\"4 minutes\" \/>\n<script type=\"application\/ld+json\" class=\"yoast-schema-graph\">{\"@context\":\"https:\\\/\\\/schema.org\",\"@graph\":[{\"@type\":\"Article\",\"@id\":\"https:\\\/\\\/www.sebastien-auziere.fr\\\/blog\\\/de\\\/brigitte-macron-wer-sind-ihre-bruder-und-schwestern\\\/#article\",\"isPartOf\":{\"@id\":\"https:\\\/\\\/www.sebastien-auziere.fr\\\/blog\\\/de\\\/brigitte-macron-wer-sind-ihre-bruder-und-schwestern\\\/\"},\"author\":{\"name\":\"Celine\",\"@id\":\"https:\\\/\\\/www.sebastien-auziere.fr\\\/blog\\\/#\\\/schema\\\/person\\\/1e270a963009242469ed08b1c461f81f\"},\"headline\":\"Brigitte Macron : wer sind ihre Br\u00fcder und Schwestern ?\",\"datePublished\":\"2026-03-06T16:14:14+00:00\",\"dateModified\":\"2026-03-06T16:14:47+00:00\",\"mainEntityOfPage\":{\"@id\":\"https:\\\/\\\/www.sebastien-auziere.fr\\\/blog\\\/de\\\/brigitte-macron-wer-sind-ihre-bruder-und-schwestern\\\/\"},\"wordCount\":779,\"commentCount\":0,\"publisher\":{\"@id\":\"https:\\\/\\\/www.sebastien-auziere.fr\\\/blog\\\/#organization\"},\"image\":{\"@id\":\"https:\\\/\\\/www.sebastien-auziere.fr\\\/blog\\\/de\\\/brigitte-macron-wer-sind-ihre-bruder-und-schwestern\\\/#primaryimage\"},\"thumbnailUrl\":\"https:\\\/\\\/www.sebastien-auziere.fr\\\/blog\\\/wp-content\\\/uploads\\\/2026\\\/03\\\/ChatGPT-Image-6-mars-2026-12_56_11.jpg\",\"articleSection\":[\"Aktuelles\"],\"inLanguage\":\"fr-FR\",\"potentialAction\":[{\"@type\":\"CommentAction\",\"name\":\"Comment\",\"target\":[\"https:\\\/\\\/www.sebastien-auziere.fr\\\/blog\\\/de\\\/brigitte-macron-wer-sind-ihre-bruder-und-schwestern\\\/#respond\"]}]},{\"@type\":\"WebPage\",\"@id\":\"https:\\\/\\\/www.sebastien-auziere.fr\\\/blog\\\/de\\\/brigitte-macron-wer-sind-ihre-bruder-und-schwestern\\\/\",\"url\":\"https:\\\/\\\/www.sebastien-auziere.fr\\\/blog\\\/de\\\/brigitte-macron-wer-sind-ihre-bruder-und-schwestern\\\/\",\"name\":\"Brigitte Macron : wer sind ihre Br\u00fcder und Schwestern ? - Fan site S\u00e9bastien Auzi\u00e8re\",\"isPartOf\":{\"@id\":\"https:\\\/\\\/www.sebastien-auziere.fr\\\/blog\\\/#website\"},\"primaryImageOfPage\":{\"@id\":\"https:\\\/\\\/www.sebastien-auziere.fr\\\/blog\\\/de\\\/brigitte-macron-wer-sind-ihre-bruder-und-schwestern\\\/#primaryimage\"},\"image\":{\"@id\":\"https:\\\/\\\/www.sebastien-auziere.fr\\\/blog\\\/de\\\/brigitte-macron-wer-sind-ihre-bruder-und-schwestern\\\/#primaryimage\"},\"thumbnailUrl\":\"https:\\\/\\\/www.sebastien-auziere.fr\\\/blog\\\/wp-content\\\/uploads\\\/2026\\\/03\\\/ChatGPT-Image-6-mars-2026-12_56_11.jpg\",\"datePublished\":\"2026-03-06T16:14:14+00:00\",\"dateModified\":\"2026-03-06T16:14:47+00:00\",\"breadcrumb\":{\"@id\":\"https:\\\/\\\/www.sebastien-auziere.fr\\\/blog\\\/de\\\/brigitte-macron-wer-sind-ihre-bruder-und-schwestern\\\/#breadcrumb\"},\"inLanguage\":\"fr-FR\",\"potentialAction\":[{\"@type\":\"ReadAction\",\"target\":[\"https:\\\/\\\/www.sebastien-auziere.fr\\\/blog\\\/de\\\/brigitte-macron-wer-sind-ihre-bruder-und-schwestern\\\/\"]}]},{\"@type\":\"ImageObject\",\"inLanguage\":\"fr-FR\",\"@id\":\"https:\\\/\\\/www.sebastien-auziere.fr\\\/blog\\\/de\\\/brigitte-macron-wer-sind-ihre-bruder-und-schwestern\\\/#primaryimage\",\"url\":\"https:\\\/\\\/www.sebastien-auziere.fr\\\/blog\\\/wp-content\\\/uploads\\\/2026\\\/03\\\/ChatGPT-Image-6-mars-2026-12_56_11.jpg\",\"contentUrl\":\"https:\\\/\\\/www.sebastien-auziere.fr\\\/blog\\\/wp-content\\\/uploads\\\/2026\\\/03\\\/ChatGPT-Image-6-mars-2026-12_56_11.jpg\",\"width\":1536,\"height\":1024,\"caption\":\"Brigitte Macron fr\u00e8re\"},{\"@type\":\"BreadcrumbList\",\"@id\":\"https:\\\/\\\/www.sebastien-auziere.fr\\\/blog\\\/de\\\/brigitte-macron-wer-sind-ihre-bruder-und-schwestern\\\/#breadcrumb\",\"itemListElement\":[{\"@type\":\"ListItem\",\"position\":1,\"name\":\"Home\",\"item\":\"https:\\\/\\\/www.sebastien-auziere.fr\\\/blog\\\/\"},{\"@type\":\"ListItem\",\"position\":2,\"name\":\"Brigitte Macron : wer sind ihre Br\u00fcder und Schwestern ?\"}]},{\"@type\":\"WebSite\",\"@id\":\"https:\\\/\\\/www.sebastien-auziere.fr\\\/blog\\\/#website\",\"url\":\"https:\\\/\\\/www.sebastien-auziere.fr\\\/blog\\\/\",\"name\":\"Fan site S\u00e9bastien Auzi\u00e8re\",\"description\":\"M\u00e9dia g\u00e9n\u00e9raliste\",\"publisher\":{\"@id\":\"https:\\\/\\\/www.sebastien-auziere.fr\\\/blog\\\/#organization\"},\"potentialAction\":[{\"@type\":\"SearchAction\",\"target\":{\"@type\":\"EntryPoint\",\"urlTemplate\":\"https:\\\/\\\/www.sebastien-auziere.fr\\\/blog\\\/?s={search_term_string}\"},\"query-input\":{\"@type\":\"PropertyValueSpecification\",\"valueRequired\":true,\"valueName\":\"search_term_string\"}}],\"inLanguage\":\"fr-FR\"},{\"@type\":\"Organization\",\"@id\":\"https:\\\/\\\/www.sebastien-auziere.fr\\\/blog\\\/#organization\",\"name\":\"Fan site S\u00e9bastien Auzi\u00e8re\",\"url\":\"https:\\\/\\\/www.sebastien-auziere.fr\\\/blog\\\/\",\"logo\":{\"@type\":\"ImageObject\",\"inLanguage\":\"fr-FR\",\"@id\":\"https:\\\/\\\/www.sebastien-auziere.fr\\\/blog\\\/#\\\/schema\\\/logo\\\/image\\\/\",\"url\":\"https:\\\/\\\/www.sebastien-auziere.fr\\\/blog\\\/wp-content\\\/uploads\\\/2026\\\/03\\\/cropped-cropped-cropped-ChatGPT-Image-6-mars-2026-12_58_09-e1772798376794.jpg\",\"contentUrl\":\"https:\\\/\\\/www.sebastien-auziere.fr\\\/blog\\\/wp-content\\\/uploads\\\/2026\\\/03\\\/cropped-cropped-cropped-ChatGPT-Image-6-mars-2026-12_58_09-e1772798376794.jpg\",\"width\":512,\"height\":360,\"caption\":\"Fan site S\u00e9bastien Auzi\u00e8re\"},\"image\":{\"@id\":\"https:\\\/\\\/www.sebastien-auziere.fr\\\/blog\\\/#\\\/schema\\\/logo\\\/image\\\/\"}},{\"@type\":\"Person\",\"@id\":\"https:\\\/\\\/www.sebastien-auziere.fr\\\/blog\\\/#\\\/schema\\\/person\\\/1e270a963009242469ed08b1c461f81f\",\"name\":\"Celine\",\"image\":{\"@type\":\"ImageObject\",\"inLanguage\":\"fr-FR\",\"@id\":\"https:\\\/\\\/secure.gravatar.com\\\/avatar\\\/c88d569fbe1fe19a13c7f21ee0f8973822df96073df21850b95af6a09ba820c9?s=96&d=mm&r=g\",\"url\":\"https:\\\/\\\/secure.gravatar.com\\\/avatar\\\/c88d569fbe1fe19a13c7f21ee0f8973822df96073df21850b95af6a09ba820c9?s=96&d=mm&r=g\",\"contentUrl\":\"https:\\\/\\\/secure.gravatar.com\\\/avatar\\\/c88d569fbe1fe19a13c7f21ee0f8973822df96073df21850b95af6a09ba820c9?s=96&d=mm&r=g\",\"caption\":\"Celine\"},\"description\":\"Je m'appelle C\u00e9line, j'ai 31 ans et je suis journaliste sp\u00e9cialis\u00e9e dans le cin\u00e9ma. Passionn\u00e9e par le septi\u00e8me art, j'explore les actualit\u00e9s, les critiques et les tendances du monde cin\u00e9matographique. Mon objectif est de partager ma passion et d'informer les amateurs de films \u00e0 travers des articles percutants et des analyses approfondies.\",\"url\":\"https:\\\/\\\/www.sebastien-auziere.fr\\\/blog\\\/author\\\/celine\\\/\"}]}<\/script>\n<!-- \/ Yoast SEO plugin. -->","yoast_head_json":{"title":"Brigitte Macron : wer sind ihre Br\u00fcder und Schwestern ? - Fan site S\u00e9bastien Auzi\u00e8re","robots":{"index":"index","follow":"follow","max-snippet":"max-snippet:-1","max-image-preview":"max-image-preview:large","max-video-preview":"max-video-preview:-1"},"canonical":"https:\/\/www.sebastien-auziere.fr\/blog\/de\/brigitte-macron-wer-sind-ihre-bruder-und-schwestern\/","og_locale":"fr_FR","og_type":"article","og_title":"Brigitte Macron : wer sind ihre Br\u00fcder und Schwestern ? - Fan site S\u00e9bastien Auzi\u00e8re","og_description":"Von k\u00fcnstlicher Intelligenz generiertes Bild, fiktive Illustration. Woran man denken sollte: Brigitte Macron stammt aus der Familie Trogneux, einer in Amiens bekannten Unternehmerfamilie. Sie ist in einem Elternhaus aufgewachsen, das mit dem Chocolateriegesch\u00e4ft ihrer Eltern verbunden ist, inmitten mehrerer Geschwister. Diese Geschwister haben eine wichtige Rolle in ihrer Kindheit und ihrem Werdegang gespielt. Bevor sie ... Lire plus","og_url":"https:\/\/www.sebastien-auziere.fr\/blog\/de\/brigitte-macron-wer-sind-ihre-bruder-und-schwestern\/","og_site_name":"Fan site S\u00e9bastien Auzi\u00e8re","article_published_time":"2026-03-06T16:14:14+00:00","article_modified_time":"2026-03-06T16:14:47+00:00","og_image":[{"width":1536,"height":1024,"url":"https:\/\/www.sebastien-auziere.fr\/blog\/wp-content\/uploads\/2026\/03\/ChatGPT-Image-6-mars-2026-12_56_11.jpg","type":"image\/jpeg"}],"author":"Celine","twitter_card":"summary_large_image","twitter_misc":{"\u00c9crit par":"Celine","Dur\u00e9e de lecture estim\u00e9e":"4 minutes"},"schema":{"@context":"https:\/\/schema.org","@graph":[{"@type":"Article","@id":"https:\/\/www.sebastien-auziere.fr\/blog\/de\/brigitte-macron-wer-sind-ihre-bruder-und-schwestern\/#article","isPartOf":{"@id":"https:\/\/www.sebastien-auziere.fr\/blog\/de\/brigitte-macron-wer-sind-ihre-bruder-und-schwestern\/"},"author":{"name":"Celine","@id":"https:\/\/www.sebastien-auziere.fr\/blog\/#\/schema\/person\/1e270a963009242469ed08b1c461f81f"},"headline":"Brigitte Macron : wer sind ihre Br\u00fcder und Schwestern ?","datePublished":"2026-03-06T16:14:14+00:00","dateModified":"2026-03-06T16:14:47+00:00","mainEntityOfPage":{"@id":"https:\/\/www.sebastien-auziere.fr\/blog\/de\/brigitte-macron-wer-sind-ihre-bruder-und-schwestern\/"},"wordCount":779,"commentCount":0,"publisher":{"@id":"https:\/\/www.sebastien-auziere.fr\/blog\/#organization"},"image":{"@id":"https:\/\/www.sebastien-auziere.fr\/blog\/de\/brigitte-macron-wer-sind-ihre-bruder-und-schwestern\/#primaryimage"},"thumbnailUrl":"https:\/\/www.sebastien-auziere.fr\/blog\/wp-content\/uploads\/2026\/03\/ChatGPT-Image-6-mars-2026-12_56_11.jpg","articleSection":["Aktuelles"],"inLanguage":"fr-FR","potentialAction":[{"@type":"CommentAction","name":"Comment","target":["https:\/\/www.sebastien-auziere.fr\/blog\/de\/brigitte-macron-wer-sind-ihre-bruder-und-schwestern\/#respond"]}]},{"@type":"WebPage","@id":"https:\/\/www.sebastien-auziere.fr\/blog\/de\/brigitte-macron-wer-sind-ihre-bruder-und-schwestern\/","url":"https:\/\/www.sebastien-auziere.fr\/blog\/de\/brigitte-macron-wer-sind-ihre-bruder-und-schwestern\/","name":"Brigitte Macron : wer sind ihre Br\u00fcder und Schwestern ? - Fan site S\u00e9bastien Auzi\u00e8re","isPartOf":{"@id":"https:\/\/www.sebastien-auziere.fr\/blog\/#website"},"primaryImageOfPage":{"@id":"https:\/\/www.sebastien-auziere.fr\/blog\/de\/brigitte-macron-wer-sind-ihre-bruder-und-schwestern\/#primaryimage"},"image":{"@id":"https:\/\/www.sebastien-auziere.fr\/blog\/de\/brigitte-macron-wer-sind-ihre-bruder-und-schwestern\/#primaryimage"},"thumbnailUrl":"https:\/\/www.sebastien-auziere.fr\/blog\/wp-content\/uploads\/2026\/03\/ChatGPT-Image-6-mars-2026-12_56_11.jpg","datePublished":"2026-03-06T16:14:14+00:00","dateModified":"2026-03-06T16:14:47+00:00","breadcrumb":{"@id":"https:\/\/www.sebastien-auziere.fr\/blog\/de\/brigitte-macron-wer-sind-ihre-bruder-und-schwestern\/#breadcrumb"},"inLanguage":"fr-FR","potentialAction":[{"@type":"ReadAction","target":["https:\/\/www.sebastien-auziere.fr\/blog\/de\/brigitte-macron-wer-sind-ihre-bruder-und-schwestern\/"]}]},{"@type":"ImageObject","inLanguage":"fr-FR","@id":"https:\/\/www.sebastien-auziere.fr\/blog\/de\/brigitte-macron-wer-sind-ihre-bruder-und-schwestern\/#primaryimage","url":"https:\/\/www.sebastien-auziere.fr\/blog\/wp-content\/uploads\/2026\/03\/ChatGPT-Image-6-mars-2026-12_56_11.jpg","contentUrl":"https:\/\/www.sebastien-auziere.fr\/blog\/wp-content\/uploads\/2026\/03\/ChatGPT-Image-6-mars-2026-12_56_11.jpg","width":1536,"height":1024,"caption":"Brigitte Macron fr\u00e8re"},{"@type":"BreadcrumbList","@id":"https:\/\/www.sebastien-auziere.fr\/blog\/de\/brigitte-macron-wer-sind-ihre-bruder-und-schwestern\/#breadcrumb","itemListElement":[{"@type":"ListItem","position":1,"name":"Home","item":"https:\/\/www.sebastien-auziere.fr\/blog\/"},{"@type":"ListItem","position":2,"name":"Brigitte Macron : wer sind ihre Br\u00fcder und Schwestern ?"}]},{"@type":"WebSite","@id":"https:\/\/www.sebastien-auziere.fr\/blog\/#website","url":"https:\/\/www.sebastien-auziere.fr\/blog\/","name":"Fan site S\u00e9bastien Auzi\u00e8re","description":"M\u00e9dia g\u00e9n\u00e9raliste","publisher":{"@id":"https:\/\/www.sebastien-auziere.fr\/blog\/#organization"},"potentialAction":[{"@type":"SearchAction","target":{"@type":"EntryPoint","urlTemplate":"https:\/\/www.sebastien-auziere.fr\/blog\/?s={search_term_string}"},"query-input":{"@type":"PropertyValueSpecification","valueRequired":true,"valueName":"search_term_string"}}],"inLanguage":"fr-FR"},{"@type":"Organization","@id":"https:\/\/www.sebastien-auziere.fr\/blog\/#organization","name":"Fan site S\u00e9bastien Auzi\u00e8re","url":"https:\/\/www.sebastien-auziere.fr\/blog\/","logo":{"@type":"ImageObject","inLanguage":"fr-FR","@id":"https:\/\/www.sebastien-auziere.fr\/blog\/#\/schema\/logo\/image\/","url":"https:\/\/www.sebastien-auziere.fr\/blog\/wp-content\/uploads\/2026\/03\/cropped-cropped-cropped-ChatGPT-Image-6-mars-2026-12_58_09-e1772798376794.jpg","contentUrl":"https:\/\/www.sebastien-auziere.fr\/blog\/wp-content\/uploads\/2026\/03\/cropped-cropped-cropped-ChatGPT-Image-6-mars-2026-12_58_09-e1772798376794.jpg","width":512,"height":360,"caption":"Fan site S\u00e9bastien Auzi\u00e8re"},"image":{"@id":"https:\/\/www.sebastien-auziere.fr\/blog\/#\/schema\/logo\/image\/"}},{"@type":"Person","@id":"https:\/\/www.sebastien-auziere.fr\/blog\/#\/schema\/person\/1e270a963009242469ed08b1c461f81f","name":"Celine","image":{"@type":"ImageObject","inLanguage":"fr-FR","@id":"https:\/\/secure.gravatar.com\/avatar\/c88d569fbe1fe19a13c7f21ee0f8973822df96073df21850b95af6a09ba820c9?s=96&d=mm&r=g","url":"https:\/\/secure.gravatar.com\/avatar\/c88d569fbe1fe19a13c7f21ee0f8973822df96073df21850b95af6a09ba820c9?s=96&d=mm&r=g","contentUrl":"https:\/\/secure.gravatar.com\/avatar\/c88d569fbe1fe19a13c7f21ee0f8973822df96073df21850b95af6a09ba820c9?s=96&d=mm&r=g","caption":"Celine"},"description":"Je m'appelle C\u00e9line, j'ai 31 ans et je suis journaliste sp\u00e9cialis\u00e9e dans le cin\u00e9ma. Passionn\u00e9e par le septi\u00e8me art, j'explore les actualit\u00e9s, les critiques et les tendances du monde cin\u00e9matographique. Mon objectif est de partager ma passion et d'informer les amateurs de films \u00e0 travers des articles percutants et des analyses approfondies.","url":"https:\/\/www.sebastien-auziere.fr\/blog\/author\/celine\/"}]}},"views":127,"_links":{"self":[{"href":"https:\/\/www.sebastien-auziere.fr\/blog\/wp-json\/wp\/v2\/posts\/2212","targetHints":{"allow":["GET"]}}],"collection":[{"href":"https:\/\/www.sebastien-auziere.fr\/blog\/wp-json\/wp\/v2\/posts"}],"about":[{"href":"https:\/\/www.sebastien-auziere.fr\/blog\/wp-json\/wp\/v2\/types\/post"}],"author":[{"embeddable":true,"href":"https:\/\/www.sebastien-auziere.fr\/blog\/wp-json\/wp\/v2\/users\/4"}],"replies":[{"embeddable":true,"href":"https:\/\/www.sebastien-auziere.fr\/blog\/wp-json\/wp\/v2\/comments?post=2212"}],"version-history":[{"count":1,"href":"https:\/\/www.sebastien-auziere.fr\/blog\/wp-json\/wp\/v2\/posts\/2212\/revisions"}],"predecessor-version":[{"id":2213,"href":"https:\/\/www.sebastien-auziere.fr\/blog\/wp-json\/wp\/v2\/posts\/2212\/revisions\/2213"}],"wp:featuredmedia":[{"embeddable":true,"href":"https:\/\/www.sebastien-auziere.fr\/blog\/wp-json\/wp\/v2\/media\/2045"}],"wp:attachment":[{"href":"https:\/\/www.sebastien-auziere.fr\/blog\/wp-json\/wp\/v2\/media?parent=2212"}],"wp:term":[{"taxonomy":"category","embeddable":true,"href":"https:\/\/www.sebastien-auziere.fr\/blog\/wp-json\/wp\/v2\/categories?post=2212"},{"taxonomy":"post_tag","embeddable":true,"href":"https:\/\/www.sebastien-auziere.fr\/blog\/wp-json\/wp\/v2\/tags?post=2212"}],"curies":[{"name":"wp","href":"https:\/\/api.w.org\/{rel}","templated":true}]}}