{"id":2208,"date":"2026-03-06T16:11:58","date_gmt":"2026-03-06T16:11:58","guid":{"rendered":"https:\/\/www.sebastien-auziere.fr\/blog\/?p=2208"},"modified":"2026-03-06T16:12:28","modified_gmt":"2026-03-06T16:12:28","slug":"brigitte-macron-e-suas-botas-louboutin-um-estilo-que-se-tornou-iconico","status":"publish","type":"post","link":"https:\/\/www.sebastien-auziere.fr\/blog\/pt\/brigitte-macron-e-suas-botas-louboutin-um-estilo-que-se-tornou-iconico\/","title":{"rendered":"Brigitte Macron e suas botas Louboutin: um estilo que se tornou ic\u00f4nico"},"content":{"rendered":"\n<p>Imagem gerada por intelig\u00eancia artificial, ilustra\u00e7\u00e3o n\u00e3o real.<\/p>\n\n\n<p style=\"padding: 24px;background: lightblue\">\nO que voc\u00ea precisa lembrar: Brigitte Macron tornou-se uma figura de estilo muito comentada na Fran\u00e7a e no exterior. Entre os elementos que marcam suas roupas, frequentemente encontramos suas <strong>bottas Louboutin<\/strong>, reconhec\u00edveis pela sua famosa sola vermelha. Essa escolha de sapatos contribui para sua imagem moderna e elegante durante suas apari\u00e7\u00f5es p\u00fablicas.\n<\/p>\n<p>\nDesde sua chegada ao Pal\u00e1cio do Eliseu em 2017, Brigitte Macron atrai regularmente a aten\u00e7\u00e3o por suas escolhas de vestu\u00e1rio. Um dos elementos mais comentados s\u00e3o suas famosas <strong>bottas Louboutin<\/strong>, que ela usa em diversos eventos oficiais. Neste artigo, voc\u00ea vai descobrir <strong>por que essas botas se tornaram um s\u00edmbolo do seu estilo<\/strong>, sua origem e o impacto da moda na imagem p\u00fablica da Primeira-dama.\n<\/p>\n<ol>\n<li><a href=\"#style-brigitte-macron\">O estilo vestimentar de Brigitte Macron<\/a><\/li>\n<li><a href=\"#bottes-louboutin\">As bottas Louboutin: uma assinatura de moda<\/a><\/li>\n<li><a href=\"#image-publique\">O impacto da moda na sua imagem p\u00fablica<\/a><\/li>\n<li><a href=\"#influence-mode\">Uma influ\u00eancia na moda francesa<\/a><\/li>\n<\/ol>\n<h2 id=\"style-brigitte-macron\">O estilo vestimentar de Brigitte Macron<\/h2>\n<p>\nBrigitte Macron \u00e9 frequentemente descrita como uma das Primeiras-damas mais estilizadas da Fran\u00e7a. Seu estilo mistura modernidade e eleg\u00e2ncia.\n<\/p>\n<h3>Uma silhueta reconhec\u00edvel<\/h3>\n<p>\nEla costuma privilegiar roupas modernas e estruturadas, com marcas francesas e internacionais.\n<\/p>\n<ul>\n<li>Jackets ajustadas<\/li>\n<li>Vestidos modernos<\/li>\n<li>Bottas altas<\/li>\n<li>Saltos elegantes<\/li>\n<\/ul>\n<p>\nSeu estilo \u00e9 regularmente comentado na imprensa e nas redes sociais.\n<\/p>\n<h2 id=\"bottes-louboutin\">As bottas Louboutin: uma assinatura de moda<\/h2>\n<p>\nAs <strong>bottas Louboutin<\/strong> tornaram-se um dos elementos mais not\u00e1veis de suas roupas.\n<\/p>\n<h3>A famosa sola vermelha<\/h3>\n<p>\nA marca Christian Louboutin \u00e9 mundialmente famosa por seus sapatos reconhec\u00edveis pela sua sola vermelha.\n<\/p>\n<p>\nUsar essas botas em eventos oficiais refor\u00e7a a imagem elegante e moderna da Primeira-dama.\n<\/p>\n<ul>\n<li>Marca francesa de luxo<\/li>\n<li>Sola vermelha ic\u00f4nica<\/li>\n<li>Sapatos muito presentes na moda internacional<\/li>\n<\/ul>\n<p>\nEssas botas aparecem regularmente em visitas oficiais e deslocamentos p\u00fablicos.\n<\/p>\n<h2 id=\"image-publique\">O impacto da moda na sua imagem p\u00fablica<\/h2>\n<p>\nA moda desempenha um papel importante na imagem p\u00fablica das personalidades pol\u00edticas.\n<\/p>\n<h3>Um s\u00edmbolo de eleg\u00e2ncia francesa<\/h3>\n<p>\nAs roupas de Brigitte Macron s\u00e3o frequentemente analisadas como um s\u00edmbolo da eleg\u00e2ncia francesa no cen\u00e1rio internacional.\n<\/p>\n<p>\nAs marcas que ela usa tamb\u00e9m podem atrair aten\u00e7\u00e3o e influenciar tend\u00eancias.\n<\/p>\n<h2 id=\"influence-mode\">Uma influ\u00eancia na moda francesa<\/h2>\n<p>\nAlgumas apari\u00e7\u00f5es p\u00fablicas de Brigitte Macron contribu\u00edram para popularizar certos estilos ou certas marcas.\n<\/p>\n<h3>Uma Primeira-dama muito midi\u00e1tica<\/h3>\n<p>\nOs meios de comunica\u00e7\u00e3o e as revistas de moda seguem regularmente suas escolhas de vestu\u00e1rio.\n<\/p>\n<ul>\n<li>Capas de revistas<\/li>\n<li>An\u00e1lises na imprensa<\/li>\n<li>Influ\u00eancia sobre certas tend\u00eancias<\/li>\n<\/ul>\n<div style=\"overflow:auto;max-width:100%\">\n<table>\n<tbody>\n<tr>\n<th>Elemento<\/th>\n<th>Detalhe<\/th>\n<th>Impacto<\/th>\n<\/tr>\n<tr>\n<td>Bottas Louboutin<\/td>\n<td>Cal\u00e7ados de luxo<\/td>\n<td>Estilo elegante<\/td>\n<\/tr>\n<tr>\n<td>Sola vermelha<\/td>\n<td>Assinatura da marca<\/td>\n<td>Reconhecimento mundial<\/td>\n<\/tr>\n<tr>\n<td>Estilo vestimentar<\/td>\n<td>Roupas modernas<\/td>\n<td>Imagem p\u00fablica forte<\/td>\n<\/tr>\n<tr>\n<td>Influ\u00eancia<\/td>\n<td>Mediatiza\u00e7\u00e3o<\/td>\n<td>Impacto na moda<\/td>\n<\/tr>\n<\/tbody>\n<\/table>\n<\/div>\n<p>\nAo longo dos anos, as bottas Louboutin tornaram-se um elemento marcante do estilo de Brigitte Macron. Elas ilustram como a moda pode contribuir para construir a imagem p\u00fablica de uma personalidade pol\u00edtica.\n<\/p>\n<h2>FAQ<\/h2>\n<h3>Por que falamos das bottas Louboutin de Brigitte Macron?<\/h3>\n<p>\nPorque ela usa regularmente essas botas em eventos p\u00fablicos, tornando-se um elemento not\u00e1vel de seu estilo.\n<\/p>\n<h3>O que torna os sapatos Louboutin reconhec\u00edveis?<\/h3>\n<p>\nOs sapatos da marca Christian Louboutin s\u00e3o famosos por sua sola vermelha.\n<\/p>\n<h3>Brigitte Macron \u00e9 conhecida por seu estilo?<\/h3>\n<p>\nSim, seu estilo vestimentar \u00e9 frequentemente comentado na m\u00eddia e nas revistas de moda.\n<\/p>\n<h3>As roupas das personalidades pol\u00edticas t\u00eam influ\u00eancia?<\/h3>\n<p>\nSim, suas escolhas de vestu\u00e1rio podem influenciar tend\u00eancias e chamar aten\u00e7\u00e3o para certas marcas.\n<\/p>\n<p><br \/>\n[<br \/>\n{<br \/>\n\u00ab\u00a0@context\u00a0\u00bb:\u00a0\u00bbhttps:\/\/schema.org\u00a0\u00bb,<br \/>\n\u00ab\u00a0@type\u00a0\u00bb:\u00a0\u00bbArticle\u00a0\u00bb,<br \/>\n\u00ab\u00a0headline\u00a0\u00bb:\u00a0\u00bbBrigitte Macron e suas bottas Louboutin: um estilo que se tornou emblem\u00e1tico\u00a0\u00bb,<br \/>\n\u00ab\u00a0description\u00a0\u00bb:\u00a0\u00bbDescubra por que as bottas Louboutin se tornaram um s\u00edmbolo do estilo de Brigitte Macron.\u00a0\u00bb,<br \/>\n\u00ab\u00a0inLanguage\u00a0\u00bb:\u00a0\u00bbpt\u00a0\u00bb,<br \/>\n\u00ab\u00a0articleSection\u00a0\u00bb:\u00a0\u00bbmoda\u00a0\u00bb,<br \/>\n\u00ab\u00a0abstract\u00a0\u00bb:\u00a0\u00bbAs bottas Louboutin s\u00e3o parte dos elementos mais notados do estilo de Brigitte Macron.\u00a0\u00bb<br \/>\n},<br \/>\n{<br \/>\n\u00ab\u00a0@context\u00a0\u00bb:\u00a0\u00bbhttps:\/\/schema.org\u00a0\u00bb,<br \/>\n\u00ab\u00a0@type\u00a0\u00bb:\u00a0\u00bbFAQPage\u00a0\u00bb,<br \/>\n\u00ab\u00a0mainEntity\u00a0\u00bb:[<br \/>\n{<br \/>\n\u00ab\u00a0@type\u00a0\u00bb:\u00a0\u00bbQuestion\u00a0\u00bb,<br \/>\n\u00ab\u00a0name\u00a0\u00bb:\u00a0\u00bbPor que falamos das bottas Louboutin de Brigitte Macron?\u00a0\u00bb,<br \/>\n\u00ab\u00a0acceptedAnswer\u00a0\u00bb:{<br \/>\n\u00ab\u00a0@type\u00a0\u00bb:\u00a0\u00bbAnswer\u00a0\u00bb,<br \/>\n\u00ab\u00a0text\u00a0\u00bb:\u00a0\u00bbBrigitte Macron usa regularmente bottas Louboutin em eventos p\u00fablicos.\u00a0\u00bb<br \/>\n}<br \/>\n},<br \/>\n{<br \/>\n\u00ab\u00a0@type\u00a0\u00bb:\u00a0\u00bbQuestion\u00a0\u00bb,<br \/>\n\u00ab\u00a0name\u00a0\u00bb:\u00a0\u00bbO que torna os sapatos Louboutin reconhec\u00edveis?\u00a0\u00bb,<br \/>\n\u00ab\u00a0acceptedAnswer\u00a0\u00bb:{<br \/>\n\u00ab\u00a0@type\u00a0\u00bb:\u00a0\u00bbAnswer\u00a0\u00bb,<br \/>\n\u00ab\u00a0text\u00a0\u00bb:\u00a0\u00bbOs sapatos Louboutin s\u00e3o famosos por sua sola vermelha.\u00a0\u00bb<br \/>\n}<br \/>\n}<br \/>\n]<br \/>\n}<br \/>\n]<\/p>","protected":false},"excerpt":{"rendered":"<p>Imagem gerada por intelig\u00eancia artificial, ilustra\u00e7\u00e3o n\u00e3o real. O que voc\u00ea precisa lembrar: Brigitte Macron tornou-se uma figura de estilo muito comentada na Fran\u00e7a e no exterior. Entre os elementos que marcam suas roupas, frequentemente encontramos suas bottas Louboutin, reconhec\u00edveis pela sua famosa sola vermelha. Essa escolha de sapatos contribui para sua imagem moderna e &#8230; <a title=\"Brigitte Macron e suas botas Louboutin: um estilo que se tornou ic\u00f4nico\" class=\"read-more\" href=\"https:\/\/www.sebastien-auziere.fr\/blog\/pt\/brigitte-macron-e-suas-botas-louboutin-um-estilo-que-se-tornou-iconico\/\" aria-label=\"En savoir plus sur Brigitte Macron e suas botas Louboutin: um estilo que se tornou ic\u00f4nico\">Lire plus<\/a><\/p>\n","protected":false},"author":4,"featured_media":2061,"comment_status":"open","ping_status":"open","sticky":false,"template":"","format":"standard","meta":{"footnotes":""},"categories":[862,848],"tags":[],"class_list":["post-2208","post","type-post","status-publish","format-standard","has-post-thumbnail","hentry","category-actualidades-pt","category-non-classe-pt"],"yoast_head":"<!-- This site is optimized with the Yoast SEO plugin v27.5 - https:\/\/yoast.com\/product\/yoast-seo-wordpress\/ -->\n<title>Brigitte Macron e suas botas Louboutin: um estilo que se tornou ic\u00f4nico - Fan site S\u00e9bastien Auzi\u00e8re<\/title>\n<meta name=\"robots\" content=\"index, follow, max-snippet:-1, max-image-preview:large, max-video-preview:-1\" \/>\n<link rel=\"canonical\" href=\"https:\/\/www.sebastien-auziere.fr\/blog\/pt\/brigitte-macron-e-suas-botas-louboutin-um-estilo-que-se-tornou-iconico\/\" \/>\n<meta property=\"og:locale\" content=\"fr_FR\" \/>\n<meta property=\"og:type\" content=\"article\" \/>\n<meta property=\"og:title\" content=\"Brigitte Macron e suas botas Louboutin: um estilo que se tornou ic\u00f4nico - Fan site S\u00e9bastien Auzi\u00e8re\" \/>\n<meta property=\"og:description\" content=\"Imagem gerada por intelig\u00eancia artificial, ilustra\u00e7\u00e3o n\u00e3o real. O que voc\u00ea precisa lembrar: Brigitte Macron tornou-se uma figura de estilo muito comentada na Fran\u00e7a e no exterior. Entre os elementos que marcam suas roupas, frequentemente encontramos suas bottas Louboutin, reconhec\u00edveis pela sua famosa sola vermelha. Essa escolha de sapatos contribui para sua imagem moderna e ... Lire plus\" \/>\n<meta property=\"og:url\" content=\"https:\/\/www.sebastien-auziere.fr\/blog\/pt\/brigitte-macron-e-suas-botas-louboutin-um-estilo-que-se-tornou-iconico\/\" \/>\n<meta property=\"og:site_name\" content=\"Fan site S\u00e9bastien Auzi\u00e8re\" \/>\n<meta property=\"article:published_time\" content=\"2026-03-06T16:11:58+00:00\" \/>\n<meta property=\"article:modified_time\" content=\"2026-03-06T16:12:28+00:00\" \/>\n<meta property=\"og:image\" content=\"https:\/\/www.sebastien-auziere.fr\/blog\/wp-content\/uploads\/2026\/03\/ChatGPT-Image-6-mars-2026-13_10_41.jpg\" \/>\n\t<meta property=\"og:image:width\" content=\"1536\" \/>\n\t<meta property=\"og:image:height\" content=\"1024\" \/>\n\t<meta property=\"og:image:type\" content=\"image\/jpeg\" \/>\n<meta name=\"author\" content=\"Celine\" \/>\n<meta name=\"twitter:card\" content=\"summary_large_image\" \/>\n<meta name=\"twitter:label1\" content=\"\u00c9crit par\" \/>\n\t<meta name=\"twitter:data1\" content=\"Celine\" \/>\n\t<meta name=\"twitter:label2\" content=\"Dur\u00e9e de lecture estim\u00e9e\" \/>\n\t<meta name=\"twitter:data2\" content=\"4 minutes\" \/>\n<script type=\"application\/ld+json\" class=\"yoast-schema-graph\">{\"@context\":\"https:\\\/\\\/schema.org\",\"@graph\":[{\"@type\":\"Article\",\"@id\":\"https:\\\/\\\/www.sebastien-auziere.fr\\\/blog\\\/pt\\\/brigitte-macron-e-suas-botas-louboutin-um-estilo-que-se-tornou-iconico\\\/#article\",\"isPartOf\":{\"@id\":\"https:\\\/\\\/www.sebastien-auziere.fr\\\/blog\\\/pt\\\/brigitte-macron-e-suas-botas-louboutin-um-estilo-que-se-tornou-iconico\\\/\"},\"author\":{\"name\":\"Celine\",\"@id\":\"https:\\\/\\\/www.sebastien-auziere.fr\\\/blog\\\/#\\\/schema\\\/person\\\/1e270a963009242469ed08b1c461f81f\"},\"headline\":\"Brigitte Macron e suas botas Louboutin: um estilo que se tornou ic\u00f4nico\",\"datePublished\":\"2026-03-06T16:11:58+00:00\",\"dateModified\":\"2026-03-06T16:12:28+00:00\",\"mainEntityOfPage\":{\"@id\":\"https:\\\/\\\/www.sebastien-auziere.fr\\\/blog\\\/pt\\\/brigitte-macron-e-suas-botas-louboutin-um-estilo-que-se-tornou-iconico\\\/\"},\"wordCount\":719,\"commentCount\":0,\"publisher\":{\"@id\":\"https:\\\/\\\/www.sebastien-auziere.fr\\\/blog\\\/#organization\"},\"image\":{\"@id\":\"https:\\\/\\\/www.sebastien-auziere.fr\\\/blog\\\/pt\\\/brigitte-macron-e-suas-botas-louboutin-um-estilo-que-se-tornou-iconico\\\/#primaryimage\"},\"thumbnailUrl\":\"https:\\\/\\\/www.sebastien-auziere.fr\\\/blog\\\/wp-content\\\/uploads\\\/2026\\\/03\\\/ChatGPT-Image-6-mars-2026-13_10_41.jpg\",\"articleSection\":[\"Actualidades\"],\"inLanguage\":\"fr-FR\",\"potentialAction\":[{\"@type\":\"CommentAction\",\"name\":\"Comment\",\"target\":[\"https:\\\/\\\/www.sebastien-auziere.fr\\\/blog\\\/pt\\\/brigitte-macron-e-suas-botas-louboutin-um-estilo-que-se-tornou-iconico\\\/#respond\"]}]},{\"@type\":\"WebPage\",\"@id\":\"https:\\\/\\\/www.sebastien-auziere.fr\\\/blog\\\/pt\\\/brigitte-macron-e-suas-botas-louboutin-um-estilo-que-se-tornou-iconico\\\/\",\"url\":\"https:\\\/\\\/www.sebastien-auziere.fr\\\/blog\\\/pt\\\/brigitte-macron-e-suas-botas-louboutin-um-estilo-que-se-tornou-iconico\\\/\",\"name\":\"Brigitte Macron e suas botas Louboutin: um estilo que se tornou ic\u00f4nico - Fan site S\u00e9bastien Auzi\u00e8re\",\"isPartOf\":{\"@id\":\"https:\\\/\\\/www.sebastien-auziere.fr\\\/blog\\\/#website\"},\"primaryImageOfPage\":{\"@id\":\"https:\\\/\\\/www.sebastien-auziere.fr\\\/blog\\\/pt\\\/brigitte-macron-e-suas-botas-louboutin-um-estilo-que-se-tornou-iconico\\\/#primaryimage\"},\"image\":{\"@id\":\"https:\\\/\\\/www.sebastien-auziere.fr\\\/blog\\\/pt\\\/brigitte-macron-e-suas-botas-louboutin-um-estilo-que-se-tornou-iconico\\\/#primaryimage\"},\"thumbnailUrl\":\"https:\\\/\\\/www.sebastien-auziere.fr\\\/blog\\\/wp-content\\\/uploads\\\/2026\\\/03\\\/ChatGPT-Image-6-mars-2026-13_10_41.jpg\",\"datePublished\":\"2026-03-06T16:11:58+00:00\",\"dateModified\":\"2026-03-06T16:12:28+00:00\",\"breadcrumb\":{\"@id\":\"https:\\\/\\\/www.sebastien-auziere.fr\\\/blog\\\/pt\\\/brigitte-macron-e-suas-botas-louboutin-um-estilo-que-se-tornou-iconico\\\/#breadcrumb\"},\"inLanguage\":\"fr-FR\",\"potentialAction\":[{\"@type\":\"ReadAction\",\"target\":[\"https:\\\/\\\/www.sebastien-auziere.fr\\\/blog\\\/pt\\\/brigitte-macron-e-suas-botas-louboutin-um-estilo-que-se-tornou-iconico\\\/\"]}]},{\"@type\":\"ImageObject\",\"inLanguage\":\"fr-FR\",\"@id\":\"https:\\\/\\\/www.sebastien-auziere.fr\\\/blog\\\/pt\\\/brigitte-macron-e-suas-botas-louboutin-um-estilo-que-se-tornou-iconico\\\/#primaryimage\",\"url\":\"https:\\\/\\\/www.sebastien-auziere.fr\\\/blog\\\/wp-content\\\/uploads\\\/2026\\\/03\\\/ChatGPT-Image-6-mars-2026-13_10_41.jpg\",\"contentUrl\":\"https:\\\/\\\/www.sebastien-auziere.fr\\\/blog\\\/wp-content\\\/uploads\\\/2026\\\/03\\\/ChatGPT-Image-6-mars-2026-13_10_41.jpg\",\"width\":1536,\"height\":1024,\"caption\":\"Brigitte Macron et ses bottes Louboutin\"},{\"@type\":\"BreadcrumbList\",\"@id\":\"https:\\\/\\\/www.sebastien-auziere.fr\\\/blog\\\/pt\\\/brigitte-macron-e-suas-botas-louboutin-um-estilo-que-se-tornou-iconico\\\/#breadcrumb\",\"itemListElement\":[{\"@type\":\"ListItem\",\"position\":1,\"name\":\"Home\",\"item\":\"https:\\\/\\\/www.sebastien-auziere.fr\\\/blog\\\/\"},{\"@type\":\"ListItem\",\"position\":2,\"name\":\"Brigitte Macron e suas botas Louboutin: um estilo que se tornou ic\u00f4nico\"}]},{\"@type\":\"WebSite\",\"@id\":\"https:\\\/\\\/www.sebastien-auziere.fr\\\/blog\\\/#website\",\"url\":\"https:\\\/\\\/www.sebastien-auziere.fr\\\/blog\\\/\",\"name\":\"Fan site S\u00e9bastien Auzi\u00e8re\",\"description\":\"M\u00e9dia g\u00e9n\u00e9raliste\",\"publisher\":{\"@id\":\"https:\\\/\\\/www.sebastien-auziere.fr\\\/blog\\\/#organization\"},\"potentialAction\":[{\"@type\":\"SearchAction\",\"target\":{\"@type\":\"EntryPoint\",\"urlTemplate\":\"https:\\\/\\\/www.sebastien-auziere.fr\\\/blog\\\/?s={search_term_string}\"},\"query-input\":{\"@type\":\"PropertyValueSpecification\",\"valueRequired\":true,\"valueName\":\"search_term_string\"}}],\"inLanguage\":\"fr-FR\"},{\"@type\":\"Organization\",\"@id\":\"https:\\\/\\\/www.sebastien-auziere.fr\\\/blog\\\/#organization\",\"name\":\"Fan site S\u00e9bastien Auzi\u00e8re\",\"url\":\"https:\\\/\\\/www.sebastien-auziere.fr\\\/blog\\\/\",\"logo\":{\"@type\":\"ImageObject\",\"inLanguage\":\"fr-FR\",\"@id\":\"https:\\\/\\\/www.sebastien-auziere.fr\\\/blog\\\/#\\\/schema\\\/logo\\\/image\\\/\",\"url\":\"https:\\\/\\\/www.sebastien-auziere.fr\\\/blog\\\/wp-content\\\/uploads\\\/2026\\\/03\\\/cropped-cropped-cropped-ChatGPT-Image-6-mars-2026-12_58_09-e1772798376794.jpg\",\"contentUrl\":\"https:\\\/\\\/www.sebastien-auziere.fr\\\/blog\\\/wp-content\\\/uploads\\\/2026\\\/03\\\/cropped-cropped-cropped-ChatGPT-Image-6-mars-2026-12_58_09-e1772798376794.jpg\",\"width\":512,\"height\":360,\"caption\":\"Fan site S\u00e9bastien Auzi\u00e8re\"},\"image\":{\"@id\":\"https:\\\/\\\/www.sebastien-auziere.fr\\\/blog\\\/#\\\/schema\\\/logo\\\/image\\\/\"}},{\"@type\":\"Person\",\"@id\":\"https:\\\/\\\/www.sebastien-auziere.fr\\\/blog\\\/#\\\/schema\\\/person\\\/1e270a963009242469ed08b1c461f81f\",\"name\":\"Celine\",\"image\":{\"@type\":\"ImageObject\",\"inLanguage\":\"fr-FR\",\"@id\":\"https:\\\/\\\/secure.gravatar.com\\\/avatar\\\/c88d569fbe1fe19a13c7f21ee0f8973822df96073df21850b95af6a09ba820c9?s=96&d=mm&r=g\",\"url\":\"https:\\\/\\\/secure.gravatar.com\\\/avatar\\\/c88d569fbe1fe19a13c7f21ee0f8973822df96073df21850b95af6a09ba820c9?s=96&d=mm&r=g\",\"contentUrl\":\"https:\\\/\\\/secure.gravatar.com\\\/avatar\\\/c88d569fbe1fe19a13c7f21ee0f8973822df96073df21850b95af6a09ba820c9?s=96&d=mm&r=g\",\"caption\":\"Celine\"},\"description\":\"Je m'appelle C\u00e9line, j'ai 31 ans et je suis journaliste sp\u00e9cialis\u00e9e dans le cin\u00e9ma. Passionn\u00e9e par le septi\u00e8me art, j'explore les actualit\u00e9s, les critiques et les tendances du monde cin\u00e9matographique. Mon objectif est de partager ma passion et d'informer les amateurs de films \u00e0 travers des articles percutants et des analyses approfondies.\",\"url\":\"https:\\\/\\\/www.sebastien-auziere.fr\\\/blog\\\/author\\\/celine\\\/\"}]}<\/script>\n<!-- \/ Yoast SEO plugin. -->","yoast_head_json":{"title":"Brigitte Macron e suas botas Louboutin: um estilo que se tornou ic\u00f4nico - Fan site S\u00e9bastien Auzi\u00e8re","robots":{"index":"index","follow":"follow","max-snippet":"max-snippet:-1","max-image-preview":"max-image-preview:large","max-video-preview":"max-video-preview:-1"},"canonical":"https:\/\/www.sebastien-auziere.fr\/blog\/pt\/brigitte-macron-e-suas-botas-louboutin-um-estilo-que-se-tornou-iconico\/","og_locale":"fr_FR","og_type":"article","og_title":"Brigitte Macron e suas botas Louboutin: um estilo que se tornou ic\u00f4nico - Fan site S\u00e9bastien Auzi\u00e8re","og_description":"Imagem gerada por intelig\u00eancia artificial, ilustra\u00e7\u00e3o n\u00e3o real. O que voc\u00ea precisa lembrar: Brigitte Macron tornou-se uma figura de estilo muito comentada na Fran\u00e7a e no exterior. Entre os elementos que marcam suas roupas, frequentemente encontramos suas bottas Louboutin, reconhec\u00edveis pela sua famosa sola vermelha. Essa escolha de sapatos contribui para sua imagem moderna e ... Lire plus","og_url":"https:\/\/www.sebastien-auziere.fr\/blog\/pt\/brigitte-macron-e-suas-botas-louboutin-um-estilo-que-se-tornou-iconico\/","og_site_name":"Fan site S\u00e9bastien Auzi\u00e8re","article_published_time":"2026-03-06T16:11:58+00:00","article_modified_time":"2026-03-06T16:12:28+00:00","og_image":[{"width":1536,"height":1024,"url":"https:\/\/www.sebastien-auziere.fr\/blog\/wp-content\/uploads\/2026\/03\/ChatGPT-Image-6-mars-2026-13_10_41.jpg","type":"image\/jpeg"}],"author":"Celine","twitter_card":"summary_large_image","twitter_misc":{"\u00c9crit par":"Celine","Dur\u00e9e de lecture estim\u00e9e":"4 minutes"},"schema":{"@context":"https:\/\/schema.org","@graph":[{"@type":"Article","@id":"https:\/\/www.sebastien-auziere.fr\/blog\/pt\/brigitte-macron-e-suas-botas-louboutin-um-estilo-que-se-tornou-iconico\/#article","isPartOf":{"@id":"https:\/\/www.sebastien-auziere.fr\/blog\/pt\/brigitte-macron-e-suas-botas-louboutin-um-estilo-que-se-tornou-iconico\/"},"author":{"name":"Celine","@id":"https:\/\/www.sebastien-auziere.fr\/blog\/#\/schema\/person\/1e270a963009242469ed08b1c461f81f"},"headline":"Brigitte Macron e suas botas Louboutin: um estilo que se tornou ic\u00f4nico","datePublished":"2026-03-06T16:11:58+00:00","dateModified":"2026-03-06T16:12:28+00:00","mainEntityOfPage":{"@id":"https:\/\/www.sebastien-auziere.fr\/blog\/pt\/brigitte-macron-e-suas-botas-louboutin-um-estilo-que-se-tornou-iconico\/"},"wordCount":719,"commentCount":0,"publisher":{"@id":"https:\/\/www.sebastien-auziere.fr\/blog\/#organization"},"image":{"@id":"https:\/\/www.sebastien-auziere.fr\/blog\/pt\/brigitte-macron-e-suas-botas-louboutin-um-estilo-que-se-tornou-iconico\/#primaryimage"},"thumbnailUrl":"https:\/\/www.sebastien-auziere.fr\/blog\/wp-content\/uploads\/2026\/03\/ChatGPT-Image-6-mars-2026-13_10_41.jpg","articleSection":["Actualidades"],"inLanguage":"fr-FR","potentialAction":[{"@type":"CommentAction","name":"Comment","target":["https:\/\/www.sebastien-auziere.fr\/blog\/pt\/brigitte-macron-e-suas-botas-louboutin-um-estilo-que-se-tornou-iconico\/#respond"]}]},{"@type":"WebPage","@id":"https:\/\/www.sebastien-auziere.fr\/blog\/pt\/brigitte-macron-e-suas-botas-louboutin-um-estilo-que-se-tornou-iconico\/","url":"https:\/\/www.sebastien-auziere.fr\/blog\/pt\/brigitte-macron-e-suas-botas-louboutin-um-estilo-que-se-tornou-iconico\/","name":"Brigitte Macron e suas botas Louboutin: um estilo que se tornou ic\u00f4nico - Fan site S\u00e9bastien Auzi\u00e8re","isPartOf":{"@id":"https:\/\/www.sebastien-auziere.fr\/blog\/#website"},"primaryImageOfPage":{"@id":"https:\/\/www.sebastien-auziere.fr\/blog\/pt\/brigitte-macron-e-suas-botas-louboutin-um-estilo-que-se-tornou-iconico\/#primaryimage"},"image":{"@id":"https:\/\/www.sebastien-auziere.fr\/blog\/pt\/brigitte-macron-e-suas-botas-louboutin-um-estilo-que-se-tornou-iconico\/#primaryimage"},"thumbnailUrl":"https:\/\/www.sebastien-auziere.fr\/blog\/wp-content\/uploads\/2026\/03\/ChatGPT-Image-6-mars-2026-13_10_41.jpg","datePublished":"2026-03-06T16:11:58+00:00","dateModified":"2026-03-06T16:12:28+00:00","breadcrumb":{"@id":"https:\/\/www.sebastien-auziere.fr\/blog\/pt\/brigitte-macron-e-suas-botas-louboutin-um-estilo-que-se-tornou-iconico\/#breadcrumb"},"inLanguage":"fr-FR","potentialAction":[{"@type":"ReadAction","target":["https:\/\/www.sebastien-auziere.fr\/blog\/pt\/brigitte-macron-e-suas-botas-louboutin-um-estilo-que-se-tornou-iconico\/"]}]},{"@type":"ImageObject","inLanguage":"fr-FR","@id":"https:\/\/www.sebastien-auziere.fr\/blog\/pt\/brigitte-macron-e-suas-botas-louboutin-um-estilo-que-se-tornou-iconico\/#primaryimage","url":"https:\/\/www.sebastien-auziere.fr\/blog\/wp-content\/uploads\/2026\/03\/ChatGPT-Image-6-mars-2026-13_10_41.jpg","contentUrl":"https:\/\/www.sebastien-auziere.fr\/blog\/wp-content\/uploads\/2026\/03\/ChatGPT-Image-6-mars-2026-13_10_41.jpg","width":1536,"height":1024,"caption":"Brigitte Macron et ses bottes Louboutin"},{"@type":"BreadcrumbList","@id":"https:\/\/www.sebastien-auziere.fr\/blog\/pt\/brigitte-macron-e-suas-botas-louboutin-um-estilo-que-se-tornou-iconico\/#breadcrumb","itemListElement":[{"@type":"ListItem","position":1,"name":"Home","item":"https:\/\/www.sebastien-auziere.fr\/blog\/"},{"@type":"ListItem","position":2,"name":"Brigitte Macron e suas botas Louboutin: um estilo que se tornou ic\u00f4nico"}]},{"@type":"WebSite","@id":"https:\/\/www.sebastien-auziere.fr\/blog\/#website","url":"https:\/\/www.sebastien-auziere.fr\/blog\/","name":"Fan site S\u00e9bastien Auzi\u00e8re","description":"M\u00e9dia g\u00e9n\u00e9raliste","publisher":{"@id":"https:\/\/www.sebastien-auziere.fr\/blog\/#organization"},"potentialAction":[{"@type":"SearchAction","target":{"@type":"EntryPoint","urlTemplate":"https:\/\/www.sebastien-auziere.fr\/blog\/?s={search_term_string}"},"query-input":{"@type":"PropertyValueSpecification","valueRequired":true,"valueName":"search_term_string"}}],"inLanguage":"fr-FR"},{"@type":"Organization","@id":"https:\/\/www.sebastien-auziere.fr\/blog\/#organization","name":"Fan site S\u00e9bastien Auzi\u00e8re","url":"https:\/\/www.sebastien-auziere.fr\/blog\/","logo":{"@type":"ImageObject","inLanguage":"fr-FR","@id":"https:\/\/www.sebastien-auziere.fr\/blog\/#\/schema\/logo\/image\/","url":"https:\/\/www.sebastien-auziere.fr\/blog\/wp-content\/uploads\/2026\/03\/cropped-cropped-cropped-ChatGPT-Image-6-mars-2026-12_58_09-e1772798376794.jpg","contentUrl":"https:\/\/www.sebastien-auziere.fr\/blog\/wp-content\/uploads\/2026\/03\/cropped-cropped-cropped-ChatGPT-Image-6-mars-2026-12_58_09-e1772798376794.jpg","width":512,"height":360,"caption":"Fan site S\u00e9bastien Auzi\u00e8re"},"image":{"@id":"https:\/\/www.sebastien-auziere.fr\/blog\/#\/schema\/logo\/image\/"}},{"@type":"Person","@id":"https:\/\/www.sebastien-auziere.fr\/blog\/#\/schema\/person\/1e270a963009242469ed08b1c461f81f","name":"Celine","image":{"@type":"ImageObject","inLanguage":"fr-FR","@id":"https:\/\/secure.gravatar.com\/avatar\/c88d569fbe1fe19a13c7f21ee0f8973822df96073df21850b95af6a09ba820c9?s=96&d=mm&r=g","url":"https:\/\/secure.gravatar.com\/avatar\/c88d569fbe1fe19a13c7f21ee0f8973822df96073df21850b95af6a09ba820c9?s=96&d=mm&r=g","contentUrl":"https:\/\/secure.gravatar.com\/avatar\/c88d569fbe1fe19a13c7f21ee0f8973822df96073df21850b95af6a09ba820c9?s=96&d=mm&r=g","caption":"Celine"},"description":"Je m'appelle C\u00e9line, j'ai 31 ans et je suis journaliste sp\u00e9cialis\u00e9e dans le cin\u00e9ma. Passionn\u00e9e par le septi\u00e8me art, j'explore les actualit\u00e9s, les critiques et les tendances du monde cin\u00e9matographique. Mon objectif est de partager ma passion et d'informer les amateurs de films \u00e0 travers des articles percutants et des analyses approfondies.","url":"https:\/\/www.sebastien-auziere.fr\/blog\/author\/celine\/"}]}},"views":111,"_links":{"self":[{"href":"https:\/\/www.sebastien-auziere.fr\/blog\/wp-json\/wp\/v2\/posts\/2208","targetHints":{"allow":["GET"]}}],"collection":[{"href":"https:\/\/www.sebastien-auziere.fr\/blog\/wp-json\/wp\/v2\/posts"}],"about":[{"href":"https:\/\/www.sebastien-auziere.fr\/blog\/wp-json\/wp\/v2\/types\/post"}],"author":[{"embeddable":true,"href":"https:\/\/www.sebastien-auziere.fr\/blog\/wp-json\/wp\/v2\/users\/4"}],"replies":[{"embeddable":true,"href":"https:\/\/www.sebastien-auziere.fr\/blog\/wp-json\/wp\/v2\/comments?post=2208"}],"version-history":[{"count":1,"href":"https:\/\/www.sebastien-auziere.fr\/blog\/wp-json\/wp\/v2\/posts\/2208\/revisions"}],"predecessor-version":[{"id":2209,"href":"https:\/\/www.sebastien-auziere.fr\/blog\/wp-json\/wp\/v2\/posts\/2208\/revisions\/2209"}],"wp:featuredmedia":[{"embeddable":true,"href":"https:\/\/www.sebastien-auziere.fr\/blog\/wp-json\/wp\/v2\/media\/2061"}],"wp:attachment":[{"href":"https:\/\/www.sebastien-auziere.fr\/blog\/wp-json\/wp\/v2\/media?parent=2208"}],"wp:term":[{"taxonomy":"category","embeddable":true,"href":"https:\/\/www.sebastien-auziere.fr\/blog\/wp-json\/wp\/v2\/categories?post=2208"},{"taxonomy":"post_tag","embeddable":true,"href":"https:\/\/www.sebastien-auziere.fr\/blog\/wp-json\/wp\/v2\/tags?post=2208"}],"curies":[{"name":"wp","href":"https:\/\/api.w.org\/{rel}","templated":true}]}}