{"id":2206,"date":"2026-03-06T16:10:48","date_gmt":"2026-03-06T16:10:48","guid":{"rendered":"https:\/\/www.sebastien-auziere.fr\/blog\/?p=2206"},"modified":"2026-03-06T16:11:29","modified_gmt":"2026-03-06T16:11:29","slug":"brigitte-macron-e-i-suoi-stivali-louboutin-uno-stile-diventato-emblematico","status":"publish","type":"post","link":"https:\/\/www.sebastien-auziere.fr\/blog\/it\/brigitte-macron-e-i-suoi-stivali-louboutin-uno-stile-diventato-emblematico\/","title":{"rendered":"Brigitte Macron e i suoi stivali Louboutin: uno stile diventato emblematico"},"content":{"rendered":"\n<p>Immagine generata da intelligenza artificiale, illustrazione non reale.<\/p>\n\n\n<p style=\"padding: 24px;background: lightblue\">\nCosa ricordare: Brigitte Macron \u00e8 diventata una figura di stile molto commentata in Francia e a livello internazionale. Tra gli elementi che contraddistinguono i suoi abiti, si trovano spesso i suoi <strong>stivali Louboutin<\/strong>, riconoscibili per la loro famosa suola rossa. Questa scelta di calzature contribuisce alla sua immagine moderna ed elegante durante le sue apparizioni pubbliche.\n<\/p>\n<p>\nDa quando \u00e8 arrivata all\u2019\u00c9lys\u00e9e nel 2017, Brigitte Macron attira regolarmente l\u2019attenzione per le sue scelte di abbigliamento. Uno degli elementi pi\u00f9 commentati rimane i suoi celebri <strong>stivali Louboutin<\/strong>, che indossa durante numerosi eventi ufficiali. In questo articolo, scoprirai <strong>perch\u00e9 questi stivali sono diventati un simbolo del suo stile<\/strong>, la loro origine e l\u2019impatto della moda nella reputazione pubblica della Prima donna.\n<\/p>\n<ol>\n<li><a href=\"#style-brigitte-macron\">Lo stile di Brigitte Macron<\/a><\/li>\n<li><a href=\"#bottes-louboutin\">Gli stivali Louboutin: una firma di moda<\/a><\/li>\n<li><a href=\"#image-publique\">L\u2019impatto della moda nella sua immagine pubblica<\/a><\/li>\n<li><a href=\"#influence-mode\">Un\u2019influenza sulla moda francese<\/a><\/li>\n<\/ol>\n<h2 id=\"style-brigitte-macron\">Lo stile di Brigitte Macron<\/h2>\n<p>\nBrigitte Macron \u00e8 spesso descritta come una delle Prime donne pi\u00f9 stilose di Francia. Il suo stile mescola modernit\u00e0 ed eleganza.\n<\/p>\n<h3>Una silhouette riconoscibile<\/h3>\n<p>\nPredilige spesso abiti moderni e strutturati, con marchi francesi e internazionali.\n<\/p>\n<ul>\n<li>Giacche aderenti<\/li>\n<li>Abiti moderni<\/li>\n<li>Stivali alti<\/li>\n<li>Tacchi eleganti<\/li>\n<\/ul>\n<p>\nIl suo stile \u00e8 regolarmente commentato nella stampa e sui social media.\n<\/p>\n<h2 id=\"bottes-louboutin\">Gli stivali Louboutin: una firma di moda<\/h2>\n<p>\nGli <strong>stivali Louboutin<\/strong> sono diventati uno degli elementi pi\u00f9 notati dei suoi abiti.\n<\/p>\n<h3>La famosa suola rossa<\/h3>\n<p>\nIl marchio Christian Louboutin \u00e8 famoso in tutto il mondo per le sue scarpe riconoscibili per la loro suola rossa.\n<\/p>\n<p>\nIndossare questi stivali durante eventi ufficiali rinforza l\u2019immagine elegante e moderna della Prima donna.\n<\/p>\n<ul>\n<li>Marchio francese di lusso<\/li>\n<li>Iconica suola rossa<\/li>\n<li>Scarpe molto presenti nella moda internazionale<\/li>\n<\/ul>\n<p>\nQuesti stivali compaiono regolarmente durante visite ufficiali e spostamenti pubblici.\n<\/p>\n<h2 id=\"image-publique\">L\u2019impatto della moda nella sua immagine pubblica<\/h2>\n<p>\nLa moda gioca un ruolo importante nell\u2019immagine pubblica delle personalit\u00e0 politiche.\n<\/p>\n<h3>Un simbolo di eleganza francese<\/h3>\n<p>\nGli abiti di Brigitte Macron sono spesso analizzati come un simbolo dell\u2019eleganza francese sulla scena internazionale.\n<\/p>\n<p>\nI marchi che indossa possono anche attrarre attenzione e influenzare le tendenze.\n<\/p>\n<h2 id=\"influence-mode\">Un\u2019influenza sulla moda francese<\/h2>\n<p>\nAlcune apparizioni pubbliche di Brigitte Macron hanno contribuito a rendere popolari certi stili o marchi.\n<\/p>\n<h3>Una Prima donna molto mediatizzata<\/h3>\n<p>\nI media e le riviste di moda seguono regolarmente le sue scelte di abbigliamento.\n<\/p>\n<ul>\n<li>Copertine di riviste<\/li>\n<li>Analisi nella stampa<\/li>\n<li>Influenza su alcune tendenze<\/li>\n<\/ul>\n<div style=\"overflow:auto;max-width:100%\">\n<table>\n<tbody>\n<tr>\n<th>Elemento<\/th>\n<th>Dettaglio<\/th>\n<th>Impatto<\/th>\n<\/tr>\n<tr>\n<td>Stivali Louboutin<\/td>\n<td>Scarpe di lusso<\/td>\n<td>Stile elegante<\/td>\n<\/tr>\n<tr>\n<td>Suola rossa<\/td>\n<td>Firma del marchio<\/td>\n<td>Riconoscimento mondiale<\/td>\n<\/tr>\n<tr>\n<td>Stile di abbigliamento<\/td>\n<td>Abiti moderni<\/td>\n<td>Immagine pubblica forte<\/td>\n<\/tr>\n<tr>\n<td>Influenza<\/td>\n<td>Mediatizzazione<\/td>\n<td>Impatto moda<\/td>\n<\/tr>\n<\/tbody>\n<\/table>\n<\/div>\n<p>\nNel corso degli anni, gli stivali Louboutin sono diventati un elemento distintivo dello stile di Brigitte Macron. Illustrano il modo in cui la moda pu\u00f2 contribuire a costruire l\u2019immagine pubblica di una personalit\u00e0 politica.\n<\/p>\n<h2>FAQ<\/h2>\n<h3>Perch\u00e9 si parla degli stivali Louboutin di Brigitte Macron?<\/h3>\n<p>\nPerch\u00e9 li indossa regolarmente durante eventi pubblici, il che li rende un elemento osservato del suo stile.\n<\/p>\n<h3>Cosa rende le scarpe Louboutin riconoscibili?<\/h3>\n<p>\nLe scarpe del marchio Christian Louboutin sono celebri per la loro suola rossa.\n<\/p>\n<h3>Brigitte Macron \u00e8 conosciuta per il suo stile?<\/h3>\n<p>\nS\u00ec, il suo stile di abbigliamento \u00e8 spesso commentato nei media e nelle riviste di moda.\n<\/p>\n<h3>I vestiti delle personalit\u00e0 politiche hanno un\u2019influenza?<\/h3>\n<p>\nS\u00ec, le loro scelte di abbigliamento possono influenzare le tendenze e attrarre attenzione su certi marchi.\n<\/p>\n<p><br \/>\n[<br \/>\n{<br \/>\n\u00ab\u00a0@context\u00a0\u00bb:\u00a0\u00bbhttps:\/\/schema.org\u00a0\u00bb,<br \/>\n\u00ab\u00a0@type\u00a0\u00bb:\u00a0\u00bbArticle\u00a0\u00bb,<br \/>\n\u00ab\u00a0headline\u00a0\u00bb:\u00a0\u00bbBrigitte Macron e i suoi stivali Louboutin: uno stile diventato emblematico\u00a0\u00bb,<br \/>\n\u00ab\u00a0description\u00a0\u00bb:\u00a0\u00bbScopri perch\u00e9 gli stivali Louboutin sono diventati un simbolo dello stile di Brigitte Macron.\u00a0\u00bb,<br \/>\n\u00ab\u00a0inLanguage\u00a0\u00bb:\u00a0\u00bbfr\u00a0\u00bb,<br \/>\n\u00ab\u00a0articleSection\u00a0\u00bb:\u00a0\u00bbmoda\u00a0\u00bb,<br \/>\n\u00ab\u00a0abstract\u00a0\u00bb:\u00a0\u00bbGli stivali Louboutin fanno parte degli elementi pi\u00f9 notati dello stile di Brigitte Macron.\u00a0\u00bb<br \/>\n},<br \/>\n{<br \/>\n\u00ab\u00a0@context\u00a0\u00bb:\u00a0\u00bbhttps:\/\/schema.org\u00a0\u00bb,<br \/>\n\u00ab\u00a0@type\u00a0\u00bb:\u00a0\u00bbFAQPage\u00a0\u00bb,<br \/>\n\u00ab\u00a0mainEntity\u00a0\u00bb:[<br \/>\n{<br \/>\n\u00ab\u00a0@type\u00a0\u00bb:\u00a0\u00bbQuestion\u00a0\u00bb,<br \/>\n\u00ab\u00a0name\u00a0\u00bb:\u00a0\u00bbPerch\u00e9 si parla degli stivali Louboutin di Brigitte Macron?\u00a0\u00bb,<br \/>\n\u00ab\u00a0acceptedAnswer\u00a0\u00bb:{<br \/>\n\u00ab\u00a0@type\u00a0\u00bb:\u00a0\u00bbAnswer\u00a0\u00bb,<br \/>\n\u00ab\u00a0text\u00a0\u00bb:\u00a0\u00bbBrigitte Macron indossa regolarmente stivali Louboutin durante eventi pubblici.\u00a0\u00bb<br \/>\n}<br \/>\n},<br \/>\n{<br \/>\n\u00ab\u00a0@type\u00a0\u00bb:\u00a0\u00bbQuestion\u00a0\u00bb,<br \/>\n\u00ab\u00a0name\u00a0\u00bb:\u00a0\u00bbCosa rende le scarpe Louboutin riconoscibili?\u00a0\u00bb,<br \/>\n\u00ab\u00a0acceptedAnswer\u00a0\u00bb:{<br \/>\n\u00ab\u00a0@type\u00a0\u00bb:\u00a0\u00bbAnswer\u00a0\u00bb,<br \/>\n\u00ab\u00a0text\u00a0\u00bb:\u00a0\u00bbLe scarpe Louboutin sono celebri per la loro suola rossa.\u00a0\u00bb<br \/>\n}<br \/>\n}<br \/>\n]<br \/>\n}<br \/>\n]<br \/>\n<\/p>","protected":false},"excerpt":{"rendered":"<p>Immagine generata da intelligenza artificiale, illustrazione non reale. Cosa ricordare: Brigitte Macron \u00e8 diventata una figura di stile molto commentata in Francia e a livello internazionale. Tra gli elementi che contraddistinguono i suoi abiti, si trovano spesso i suoi stivali Louboutin, riconoscibili per la loro famosa suola rossa. Questa scelta di calzature contribuisce alla sua &#8230; <a title=\"Brigitte Macron e i suoi stivali Louboutin: uno stile diventato emblematico\" class=\"read-more\" href=\"https:\/\/www.sebastien-auziere.fr\/blog\/it\/brigitte-macron-e-i-suoi-stivali-louboutin-uno-stile-diventato-emblematico\/\" aria-label=\"En savoir plus sur Brigitte Macron e i suoi stivali Louboutin: uno stile diventato emblematico\">Lire plus<\/a><\/p>\n","protected":false},"author":4,"featured_media":2061,"comment_status":"open","ping_status":"open","sticky":false,"template":"","format":"standard","meta":{"footnotes":""},"categories":[859,843],"tags":[],"class_list":["post-2206","post","type-post","status-publish","format-standard","has-post-thumbnail","hentry","category-actualita-it","category-non-classe-it"],"yoast_head":"<!-- This site is optimized with the Yoast SEO plugin v27.5 - https:\/\/yoast.com\/product\/yoast-seo-wordpress\/ -->\n<title>Brigitte Macron e i suoi stivali Louboutin: uno stile diventato emblematico - Fan site S\u00e9bastien Auzi\u00e8re<\/title>\n<meta name=\"robots\" content=\"index, follow, max-snippet:-1, max-image-preview:large, max-video-preview:-1\" \/>\n<link rel=\"canonical\" href=\"https:\/\/www.sebastien-auziere.fr\/blog\/it\/brigitte-macron-e-i-suoi-stivali-louboutin-uno-stile-diventato-emblematico\/\" \/>\n<meta property=\"og:locale\" content=\"fr_FR\" \/>\n<meta property=\"og:type\" content=\"article\" \/>\n<meta property=\"og:title\" content=\"Brigitte Macron e i suoi stivali Louboutin: uno stile diventato emblematico - Fan site S\u00e9bastien Auzi\u00e8re\" \/>\n<meta property=\"og:description\" content=\"Immagine generata da intelligenza artificiale, illustrazione non reale. Cosa ricordare: Brigitte Macron \u00e8 diventata una figura di stile molto commentata in Francia e a livello internazionale. Tra gli elementi che contraddistinguono i suoi abiti, si trovano spesso i suoi stivali Louboutin, riconoscibili per la loro famosa suola rossa. Questa scelta di calzature contribuisce alla sua ... Lire plus\" \/>\n<meta property=\"og:url\" content=\"https:\/\/www.sebastien-auziere.fr\/blog\/it\/brigitte-macron-e-i-suoi-stivali-louboutin-uno-stile-diventato-emblematico\/\" \/>\n<meta property=\"og:site_name\" content=\"Fan site S\u00e9bastien Auzi\u00e8re\" \/>\n<meta property=\"article:published_time\" content=\"2026-03-06T16:10:48+00:00\" \/>\n<meta property=\"article:modified_time\" content=\"2026-03-06T16:11:29+00:00\" \/>\n<meta property=\"og:image\" content=\"https:\/\/www.sebastien-auziere.fr\/blog\/wp-content\/uploads\/2026\/03\/ChatGPT-Image-6-mars-2026-13_10_41.jpg\" \/>\n\t<meta property=\"og:image:width\" content=\"1536\" \/>\n\t<meta property=\"og:image:height\" content=\"1024\" \/>\n\t<meta property=\"og:image:type\" content=\"image\/jpeg\" \/>\n<meta name=\"author\" content=\"Celine\" \/>\n<meta name=\"twitter:card\" content=\"summary_large_image\" \/>\n<meta name=\"twitter:label1\" content=\"\u00c9crit par\" \/>\n\t<meta name=\"twitter:data1\" content=\"Celine\" \/>\n\t<meta name=\"twitter:label2\" content=\"Dur\u00e9e de lecture estim\u00e9e\" \/>\n\t<meta name=\"twitter:data2\" content=\"3 minutes\" \/>\n<script type=\"application\/ld+json\" class=\"yoast-schema-graph\">{\"@context\":\"https:\\\/\\\/schema.org\",\"@graph\":[{\"@type\":\"Article\",\"@id\":\"https:\\\/\\\/www.sebastien-auziere.fr\\\/blog\\\/it\\\/brigitte-macron-e-i-suoi-stivali-louboutin-uno-stile-diventato-emblematico\\\/#article\",\"isPartOf\":{\"@id\":\"https:\\\/\\\/www.sebastien-auziere.fr\\\/blog\\\/it\\\/brigitte-macron-e-i-suoi-stivali-louboutin-uno-stile-diventato-emblematico\\\/\"},\"author\":{\"name\":\"Celine\",\"@id\":\"https:\\\/\\\/www.sebastien-auziere.fr\\\/blog\\\/#\\\/schema\\\/person\\\/1e270a963009242469ed08b1c461f81f\"},\"headline\":\"Brigitte Macron e i suoi stivali Louboutin: uno stile diventato emblematico\",\"datePublished\":\"2026-03-06T16:10:48+00:00\",\"dateModified\":\"2026-03-06T16:11:29+00:00\",\"mainEntityOfPage\":{\"@id\":\"https:\\\/\\\/www.sebastien-auziere.fr\\\/blog\\\/it\\\/brigitte-macron-e-i-suoi-stivali-louboutin-uno-stile-diventato-emblematico\\\/\"},\"wordCount\":668,\"commentCount\":0,\"publisher\":{\"@id\":\"https:\\\/\\\/www.sebastien-auziere.fr\\\/blog\\\/#organization\"},\"image\":{\"@id\":\"https:\\\/\\\/www.sebastien-auziere.fr\\\/blog\\\/it\\\/brigitte-macron-e-i-suoi-stivali-louboutin-uno-stile-diventato-emblematico\\\/#primaryimage\"},\"thumbnailUrl\":\"https:\\\/\\\/www.sebastien-auziere.fr\\\/blog\\\/wp-content\\\/uploads\\\/2026\\\/03\\\/ChatGPT-Image-6-mars-2026-13_10_41.jpg\",\"articleSection\":[\"Actualit\u00e0\"],\"inLanguage\":\"fr-FR\",\"potentialAction\":[{\"@type\":\"CommentAction\",\"name\":\"Comment\",\"target\":[\"https:\\\/\\\/www.sebastien-auziere.fr\\\/blog\\\/it\\\/brigitte-macron-e-i-suoi-stivali-louboutin-uno-stile-diventato-emblematico\\\/#respond\"]}]},{\"@type\":\"WebPage\",\"@id\":\"https:\\\/\\\/www.sebastien-auziere.fr\\\/blog\\\/it\\\/brigitte-macron-e-i-suoi-stivali-louboutin-uno-stile-diventato-emblematico\\\/\",\"url\":\"https:\\\/\\\/www.sebastien-auziere.fr\\\/blog\\\/it\\\/brigitte-macron-e-i-suoi-stivali-louboutin-uno-stile-diventato-emblematico\\\/\",\"name\":\"Brigitte Macron e i suoi stivali Louboutin: uno stile diventato emblematico - Fan site S\u00e9bastien Auzi\u00e8re\",\"isPartOf\":{\"@id\":\"https:\\\/\\\/www.sebastien-auziere.fr\\\/blog\\\/#website\"},\"primaryImageOfPage\":{\"@id\":\"https:\\\/\\\/www.sebastien-auziere.fr\\\/blog\\\/it\\\/brigitte-macron-e-i-suoi-stivali-louboutin-uno-stile-diventato-emblematico\\\/#primaryimage\"},\"image\":{\"@id\":\"https:\\\/\\\/www.sebastien-auziere.fr\\\/blog\\\/it\\\/brigitte-macron-e-i-suoi-stivali-louboutin-uno-stile-diventato-emblematico\\\/#primaryimage\"},\"thumbnailUrl\":\"https:\\\/\\\/www.sebastien-auziere.fr\\\/blog\\\/wp-content\\\/uploads\\\/2026\\\/03\\\/ChatGPT-Image-6-mars-2026-13_10_41.jpg\",\"datePublished\":\"2026-03-06T16:10:48+00:00\",\"dateModified\":\"2026-03-06T16:11:29+00:00\",\"breadcrumb\":{\"@id\":\"https:\\\/\\\/www.sebastien-auziere.fr\\\/blog\\\/it\\\/brigitte-macron-e-i-suoi-stivali-louboutin-uno-stile-diventato-emblematico\\\/#breadcrumb\"},\"inLanguage\":\"fr-FR\",\"potentialAction\":[{\"@type\":\"ReadAction\",\"target\":[\"https:\\\/\\\/www.sebastien-auziere.fr\\\/blog\\\/it\\\/brigitte-macron-e-i-suoi-stivali-louboutin-uno-stile-diventato-emblematico\\\/\"]}]},{\"@type\":\"ImageObject\",\"inLanguage\":\"fr-FR\",\"@id\":\"https:\\\/\\\/www.sebastien-auziere.fr\\\/blog\\\/it\\\/brigitte-macron-e-i-suoi-stivali-louboutin-uno-stile-diventato-emblematico\\\/#primaryimage\",\"url\":\"https:\\\/\\\/www.sebastien-auziere.fr\\\/blog\\\/wp-content\\\/uploads\\\/2026\\\/03\\\/ChatGPT-Image-6-mars-2026-13_10_41.jpg\",\"contentUrl\":\"https:\\\/\\\/www.sebastien-auziere.fr\\\/blog\\\/wp-content\\\/uploads\\\/2026\\\/03\\\/ChatGPT-Image-6-mars-2026-13_10_41.jpg\",\"width\":1536,\"height\":1024,\"caption\":\"Brigitte Macron et ses bottes Louboutin\"},{\"@type\":\"BreadcrumbList\",\"@id\":\"https:\\\/\\\/www.sebastien-auziere.fr\\\/blog\\\/it\\\/brigitte-macron-e-i-suoi-stivali-louboutin-uno-stile-diventato-emblematico\\\/#breadcrumb\",\"itemListElement\":[{\"@type\":\"ListItem\",\"position\":1,\"name\":\"Home\",\"item\":\"https:\\\/\\\/www.sebastien-auziere.fr\\\/blog\\\/\"},{\"@type\":\"ListItem\",\"position\":2,\"name\":\"Brigitte Macron e i suoi stivali Louboutin: uno stile diventato emblematico\"}]},{\"@type\":\"WebSite\",\"@id\":\"https:\\\/\\\/www.sebastien-auziere.fr\\\/blog\\\/#website\",\"url\":\"https:\\\/\\\/www.sebastien-auziere.fr\\\/blog\\\/\",\"name\":\"Fan site S\u00e9bastien Auzi\u00e8re\",\"description\":\"M\u00e9dia g\u00e9n\u00e9raliste\",\"publisher\":{\"@id\":\"https:\\\/\\\/www.sebastien-auziere.fr\\\/blog\\\/#organization\"},\"potentialAction\":[{\"@type\":\"SearchAction\",\"target\":{\"@type\":\"EntryPoint\",\"urlTemplate\":\"https:\\\/\\\/www.sebastien-auziere.fr\\\/blog\\\/?s={search_term_string}\"},\"query-input\":{\"@type\":\"PropertyValueSpecification\",\"valueRequired\":true,\"valueName\":\"search_term_string\"}}],\"inLanguage\":\"fr-FR\"},{\"@type\":\"Organization\",\"@id\":\"https:\\\/\\\/www.sebastien-auziere.fr\\\/blog\\\/#organization\",\"name\":\"Fan site S\u00e9bastien Auzi\u00e8re\",\"url\":\"https:\\\/\\\/www.sebastien-auziere.fr\\\/blog\\\/\",\"logo\":{\"@type\":\"ImageObject\",\"inLanguage\":\"fr-FR\",\"@id\":\"https:\\\/\\\/www.sebastien-auziere.fr\\\/blog\\\/#\\\/schema\\\/logo\\\/image\\\/\",\"url\":\"https:\\\/\\\/www.sebastien-auziere.fr\\\/blog\\\/wp-content\\\/uploads\\\/2026\\\/03\\\/cropped-cropped-cropped-ChatGPT-Image-6-mars-2026-12_58_09-e1772798376794.jpg\",\"contentUrl\":\"https:\\\/\\\/www.sebastien-auziere.fr\\\/blog\\\/wp-content\\\/uploads\\\/2026\\\/03\\\/cropped-cropped-cropped-ChatGPT-Image-6-mars-2026-12_58_09-e1772798376794.jpg\",\"width\":512,\"height\":360,\"caption\":\"Fan site S\u00e9bastien Auzi\u00e8re\"},\"image\":{\"@id\":\"https:\\\/\\\/www.sebastien-auziere.fr\\\/blog\\\/#\\\/schema\\\/logo\\\/image\\\/\"}},{\"@type\":\"Person\",\"@id\":\"https:\\\/\\\/www.sebastien-auziere.fr\\\/blog\\\/#\\\/schema\\\/person\\\/1e270a963009242469ed08b1c461f81f\",\"name\":\"Celine\",\"image\":{\"@type\":\"ImageObject\",\"inLanguage\":\"fr-FR\",\"@id\":\"https:\\\/\\\/secure.gravatar.com\\\/avatar\\\/c88d569fbe1fe19a13c7f21ee0f8973822df96073df21850b95af6a09ba820c9?s=96&d=mm&r=g\",\"url\":\"https:\\\/\\\/secure.gravatar.com\\\/avatar\\\/c88d569fbe1fe19a13c7f21ee0f8973822df96073df21850b95af6a09ba820c9?s=96&d=mm&r=g\",\"contentUrl\":\"https:\\\/\\\/secure.gravatar.com\\\/avatar\\\/c88d569fbe1fe19a13c7f21ee0f8973822df96073df21850b95af6a09ba820c9?s=96&d=mm&r=g\",\"caption\":\"Celine\"},\"description\":\"Je m'appelle C\u00e9line, j'ai 31 ans et je suis journaliste sp\u00e9cialis\u00e9e dans le cin\u00e9ma. Passionn\u00e9e par le septi\u00e8me art, j'explore les actualit\u00e9s, les critiques et les tendances du monde cin\u00e9matographique. Mon objectif est de partager ma passion et d'informer les amateurs de films \u00e0 travers des articles percutants et des analyses approfondies.\",\"url\":\"https:\\\/\\\/www.sebastien-auziere.fr\\\/blog\\\/author\\\/celine\\\/\"}]}<\/script>\n<!-- \/ Yoast SEO plugin. -->","yoast_head_json":{"title":"Brigitte Macron e i suoi stivali Louboutin: uno stile diventato emblematico - Fan site S\u00e9bastien Auzi\u00e8re","robots":{"index":"index","follow":"follow","max-snippet":"max-snippet:-1","max-image-preview":"max-image-preview:large","max-video-preview":"max-video-preview:-1"},"canonical":"https:\/\/www.sebastien-auziere.fr\/blog\/it\/brigitte-macron-e-i-suoi-stivali-louboutin-uno-stile-diventato-emblematico\/","og_locale":"fr_FR","og_type":"article","og_title":"Brigitte Macron e i suoi stivali Louboutin: uno stile diventato emblematico - Fan site S\u00e9bastien Auzi\u00e8re","og_description":"Immagine generata da intelligenza artificiale, illustrazione non reale. Cosa ricordare: Brigitte Macron \u00e8 diventata una figura di stile molto commentata in Francia e a livello internazionale. Tra gli elementi che contraddistinguono i suoi abiti, si trovano spesso i suoi stivali Louboutin, riconoscibili per la loro famosa suola rossa. Questa scelta di calzature contribuisce alla sua ... Lire plus","og_url":"https:\/\/www.sebastien-auziere.fr\/blog\/it\/brigitte-macron-e-i-suoi-stivali-louboutin-uno-stile-diventato-emblematico\/","og_site_name":"Fan site S\u00e9bastien Auzi\u00e8re","article_published_time":"2026-03-06T16:10:48+00:00","article_modified_time":"2026-03-06T16:11:29+00:00","og_image":[{"width":1536,"height":1024,"url":"https:\/\/www.sebastien-auziere.fr\/blog\/wp-content\/uploads\/2026\/03\/ChatGPT-Image-6-mars-2026-13_10_41.jpg","type":"image\/jpeg"}],"author":"Celine","twitter_card":"summary_large_image","twitter_misc":{"\u00c9crit par":"Celine","Dur\u00e9e de lecture estim\u00e9e":"3 minutes"},"schema":{"@context":"https:\/\/schema.org","@graph":[{"@type":"Article","@id":"https:\/\/www.sebastien-auziere.fr\/blog\/it\/brigitte-macron-e-i-suoi-stivali-louboutin-uno-stile-diventato-emblematico\/#article","isPartOf":{"@id":"https:\/\/www.sebastien-auziere.fr\/blog\/it\/brigitte-macron-e-i-suoi-stivali-louboutin-uno-stile-diventato-emblematico\/"},"author":{"name":"Celine","@id":"https:\/\/www.sebastien-auziere.fr\/blog\/#\/schema\/person\/1e270a963009242469ed08b1c461f81f"},"headline":"Brigitte Macron e i suoi stivali Louboutin: uno stile diventato emblematico","datePublished":"2026-03-06T16:10:48+00:00","dateModified":"2026-03-06T16:11:29+00:00","mainEntityOfPage":{"@id":"https:\/\/www.sebastien-auziere.fr\/blog\/it\/brigitte-macron-e-i-suoi-stivali-louboutin-uno-stile-diventato-emblematico\/"},"wordCount":668,"commentCount":0,"publisher":{"@id":"https:\/\/www.sebastien-auziere.fr\/blog\/#organization"},"image":{"@id":"https:\/\/www.sebastien-auziere.fr\/blog\/it\/brigitte-macron-e-i-suoi-stivali-louboutin-uno-stile-diventato-emblematico\/#primaryimage"},"thumbnailUrl":"https:\/\/www.sebastien-auziere.fr\/blog\/wp-content\/uploads\/2026\/03\/ChatGPT-Image-6-mars-2026-13_10_41.jpg","articleSection":["Actualit\u00e0"],"inLanguage":"fr-FR","potentialAction":[{"@type":"CommentAction","name":"Comment","target":["https:\/\/www.sebastien-auziere.fr\/blog\/it\/brigitte-macron-e-i-suoi-stivali-louboutin-uno-stile-diventato-emblematico\/#respond"]}]},{"@type":"WebPage","@id":"https:\/\/www.sebastien-auziere.fr\/blog\/it\/brigitte-macron-e-i-suoi-stivali-louboutin-uno-stile-diventato-emblematico\/","url":"https:\/\/www.sebastien-auziere.fr\/blog\/it\/brigitte-macron-e-i-suoi-stivali-louboutin-uno-stile-diventato-emblematico\/","name":"Brigitte Macron e i suoi stivali Louboutin: uno stile diventato emblematico - Fan site S\u00e9bastien Auzi\u00e8re","isPartOf":{"@id":"https:\/\/www.sebastien-auziere.fr\/blog\/#website"},"primaryImageOfPage":{"@id":"https:\/\/www.sebastien-auziere.fr\/blog\/it\/brigitte-macron-e-i-suoi-stivali-louboutin-uno-stile-diventato-emblematico\/#primaryimage"},"image":{"@id":"https:\/\/www.sebastien-auziere.fr\/blog\/it\/brigitte-macron-e-i-suoi-stivali-louboutin-uno-stile-diventato-emblematico\/#primaryimage"},"thumbnailUrl":"https:\/\/www.sebastien-auziere.fr\/blog\/wp-content\/uploads\/2026\/03\/ChatGPT-Image-6-mars-2026-13_10_41.jpg","datePublished":"2026-03-06T16:10:48+00:00","dateModified":"2026-03-06T16:11:29+00:00","breadcrumb":{"@id":"https:\/\/www.sebastien-auziere.fr\/blog\/it\/brigitte-macron-e-i-suoi-stivali-louboutin-uno-stile-diventato-emblematico\/#breadcrumb"},"inLanguage":"fr-FR","potentialAction":[{"@type":"ReadAction","target":["https:\/\/www.sebastien-auziere.fr\/blog\/it\/brigitte-macron-e-i-suoi-stivali-louboutin-uno-stile-diventato-emblematico\/"]}]},{"@type":"ImageObject","inLanguage":"fr-FR","@id":"https:\/\/www.sebastien-auziere.fr\/blog\/it\/brigitte-macron-e-i-suoi-stivali-louboutin-uno-stile-diventato-emblematico\/#primaryimage","url":"https:\/\/www.sebastien-auziere.fr\/blog\/wp-content\/uploads\/2026\/03\/ChatGPT-Image-6-mars-2026-13_10_41.jpg","contentUrl":"https:\/\/www.sebastien-auziere.fr\/blog\/wp-content\/uploads\/2026\/03\/ChatGPT-Image-6-mars-2026-13_10_41.jpg","width":1536,"height":1024,"caption":"Brigitte Macron et ses bottes Louboutin"},{"@type":"BreadcrumbList","@id":"https:\/\/www.sebastien-auziere.fr\/blog\/it\/brigitte-macron-e-i-suoi-stivali-louboutin-uno-stile-diventato-emblematico\/#breadcrumb","itemListElement":[{"@type":"ListItem","position":1,"name":"Home","item":"https:\/\/www.sebastien-auziere.fr\/blog\/"},{"@type":"ListItem","position":2,"name":"Brigitte Macron e i suoi stivali Louboutin: uno stile diventato emblematico"}]},{"@type":"WebSite","@id":"https:\/\/www.sebastien-auziere.fr\/blog\/#website","url":"https:\/\/www.sebastien-auziere.fr\/blog\/","name":"Fan site S\u00e9bastien Auzi\u00e8re","description":"M\u00e9dia g\u00e9n\u00e9raliste","publisher":{"@id":"https:\/\/www.sebastien-auziere.fr\/blog\/#organization"},"potentialAction":[{"@type":"SearchAction","target":{"@type":"EntryPoint","urlTemplate":"https:\/\/www.sebastien-auziere.fr\/blog\/?s={search_term_string}"},"query-input":{"@type":"PropertyValueSpecification","valueRequired":true,"valueName":"search_term_string"}}],"inLanguage":"fr-FR"},{"@type":"Organization","@id":"https:\/\/www.sebastien-auziere.fr\/blog\/#organization","name":"Fan site S\u00e9bastien Auzi\u00e8re","url":"https:\/\/www.sebastien-auziere.fr\/blog\/","logo":{"@type":"ImageObject","inLanguage":"fr-FR","@id":"https:\/\/www.sebastien-auziere.fr\/blog\/#\/schema\/logo\/image\/","url":"https:\/\/www.sebastien-auziere.fr\/blog\/wp-content\/uploads\/2026\/03\/cropped-cropped-cropped-ChatGPT-Image-6-mars-2026-12_58_09-e1772798376794.jpg","contentUrl":"https:\/\/www.sebastien-auziere.fr\/blog\/wp-content\/uploads\/2026\/03\/cropped-cropped-cropped-ChatGPT-Image-6-mars-2026-12_58_09-e1772798376794.jpg","width":512,"height":360,"caption":"Fan site S\u00e9bastien Auzi\u00e8re"},"image":{"@id":"https:\/\/www.sebastien-auziere.fr\/blog\/#\/schema\/logo\/image\/"}},{"@type":"Person","@id":"https:\/\/www.sebastien-auziere.fr\/blog\/#\/schema\/person\/1e270a963009242469ed08b1c461f81f","name":"Celine","image":{"@type":"ImageObject","inLanguage":"fr-FR","@id":"https:\/\/secure.gravatar.com\/avatar\/c88d569fbe1fe19a13c7f21ee0f8973822df96073df21850b95af6a09ba820c9?s=96&d=mm&r=g","url":"https:\/\/secure.gravatar.com\/avatar\/c88d569fbe1fe19a13c7f21ee0f8973822df96073df21850b95af6a09ba820c9?s=96&d=mm&r=g","contentUrl":"https:\/\/secure.gravatar.com\/avatar\/c88d569fbe1fe19a13c7f21ee0f8973822df96073df21850b95af6a09ba820c9?s=96&d=mm&r=g","caption":"Celine"},"description":"Je m'appelle C\u00e9line, j'ai 31 ans et je suis journaliste sp\u00e9cialis\u00e9e dans le cin\u00e9ma. Passionn\u00e9e par le septi\u00e8me art, j'explore les actualit\u00e9s, les critiques et les tendances du monde cin\u00e9matographique. Mon objectif est de partager ma passion et d'informer les amateurs de films \u00e0 travers des articles percutants et des analyses approfondies.","url":"https:\/\/www.sebastien-auziere.fr\/blog\/author\/celine\/"}]}},"views":110,"_links":{"self":[{"href":"https:\/\/www.sebastien-auziere.fr\/blog\/wp-json\/wp\/v2\/posts\/2206","targetHints":{"allow":["GET"]}}],"collection":[{"href":"https:\/\/www.sebastien-auziere.fr\/blog\/wp-json\/wp\/v2\/posts"}],"about":[{"href":"https:\/\/www.sebastien-auziere.fr\/blog\/wp-json\/wp\/v2\/types\/post"}],"author":[{"embeddable":true,"href":"https:\/\/www.sebastien-auziere.fr\/blog\/wp-json\/wp\/v2\/users\/4"}],"replies":[{"embeddable":true,"href":"https:\/\/www.sebastien-auziere.fr\/blog\/wp-json\/wp\/v2\/comments?post=2206"}],"version-history":[{"count":1,"href":"https:\/\/www.sebastien-auziere.fr\/blog\/wp-json\/wp\/v2\/posts\/2206\/revisions"}],"predecessor-version":[{"id":2207,"href":"https:\/\/www.sebastien-auziere.fr\/blog\/wp-json\/wp\/v2\/posts\/2206\/revisions\/2207"}],"wp:featuredmedia":[{"embeddable":true,"href":"https:\/\/www.sebastien-auziere.fr\/blog\/wp-json\/wp\/v2\/media\/2061"}],"wp:attachment":[{"href":"https:\/\/www.sebastien-auziere.fr\/blog\/wp-json\/wp\/v2\/media?parent=2206"}],"wp:term":[{"taxonomy":"category","embeddable":true,"href":"https:\/\/www.sebastien-auziere.fr\/blog\/wp-json\/wp\/v2\/categories?post=2206"},{"taxonomy":"post_tag","embeddable":true,"href":"https:\/\/www.sebastien-auziere.fr\/blog\/wp-json\/wp\/v2\/tags?post=2206"}],"curies":[{"name":"wp","href":"https:\/\/api.w.org\/{rel}","templated":true}]}}