{"id":2204,"date":"2026-03-06T16:09:58","date_gmt":"2026-03-06T16:09:58","guid":{"rendered":"https:\/\/www.sebastien-auziere.fr\/blog\/?p=2204"},"modified":"2026-03-06T16:10:37","modified_gmt":"2026-03-06T16:10:37","slug":"brigitte-macron-und-ihre-louboutin-stiefel-ein-ikonischer-stil","status":"publish","type":"post","link":"https:\/\/www.sebastien-auziere.fr\/blog\/de\/brigitte-macron-und-ihre-louboutin-stiefel-ein-ikonischer-stil\/","title":{"rendered":"Brigitte Macron und ihre Louboutin-Stiefel: ein ikonischer Stil"},"content":{"rendered":"\n<p>Durch k\u00fcnstliche Intelligenz generiertes Bild, nicht reale Illustration.<\/p>\n\n\n<p style=\"padding: 24px;background: lightblue\">\nWas zu beachten ist: Brigitte Macron ist zu einer sehr kommentierten Stilikone in Frankreich und international geworden. Zu den Elementen, die ihre Outfits pr\u00e4gen, geh\u00f6ren oft ihre <strong>Louboutin-Stiefel<\/strong>, die durch ihre ber\u00fchmte rote Sohle erkennbar sind. Diese Schuhwahl tr\u00e4gt zu ihrem modernen und eleganten Image bei ihren \u00f6ffentlichen Auftritten bei.\n<\/p>\n<p>\nSeit ihrem Eintritt in den \u00c9lys\u00e9e-Palast im Jahr 2017 zieht Brigitte Macron regelm\u00e4\u00dfig die Aufmerksamkeit auf sich mit ihren Modeentscheidungen. Eines der am h\u00e4ufigsten kommentierten Elemente sind ihre ber\u00fchmten <strong>Louboutin-Stiefel<\/strong>, die sie bei zahlreichen offiziellen Veranstaltungen tr\u00e4gt. In diesem Artikel wirst du entdecken <strong>warum diese Stiefel zu einem Symbol ihres Stils geworden sind<\/strong>, ihre Herkunft und den Einfluss der Mode auf das \u00f6ffentliche Bild der First Lady.\n<\/p>\n<ol>\n<li><a href=\"#style-brigitte-macron\">Der Kleidungsstil von Brigitte Macron<\/a><\/li>\n<li><a href=\"#bottes-louboutin\">Die Louboutin-Stiefel: eine Mode-Signatur<\/a><\/li>\n<li><a href=\"#image-publique\">Der Einfluss der Mode auf ihr \u00f6ffentliches Bild<\/a><\/li>\n<li><a href=\"#influence-mode\">Ein Einfluss auf die franz\u00f6sische Mode<\/a><\/li>\n<\/ol>\n<h2 id=\"style-brigitte-macron\">Der Kleidungsstil von Brigitte Macron<\/h2>\n<p>\nBrigitte Macron wird oft als eine der stilvollsten First Ladies Frankreichs beschrieben. Ihr Stil verbindet Modernit\u00e4t und Eleganz.\n<\/p>\n<h3>Eine erkennbare Silhouette<\/h3>\n<p>\nSie bevorzugt oft moderne und strukturierte Outfits, mit franz\u00f6sischen und internationalen Marken.\n<\/p>\n<ul>\n<li>Taillierte Jacken<\/li>\n<li>Moderne Kleider<\/li>\n<li>Hohe Stiefel<\/li>\n<li>Elegante Abs\u00e4tze<\/li>\n<\/ul>\n<p>\nIhr Stil wird regelm\u00e4\u00dfig in der Presse und in sozialen Medien kommentiert.\n<\/p>\n<h2 id=\"bottes-louboutin\">Die Louboutin-Stiefel: eine Mode-Signatur<\/h2>\n<p>\nDie <strong>Louboutin-Stiefel<\/strong> sind eines der am h\u00e4ufigsten bemerkten Elemente ihrer Outfits geworden.\n<\/p>\n<h3>Die ber\u00fchmte rote Sohle<\/h3>\n<p>\nDie Marke Christian Louboutin ist weltweit bekannt f\u00fcr ihre Schuhe, die an ihrer roten Sohle erkennbar sind.\n<\/p>\n<p>\nDas Tragen dieser Stiefel bei offiziellen Veranstaltungen verst\u00e4rkt das elegante und moderne Image der First Lady.\n<\/p>\n<ul>\n<li>Luxuri\u00f6se franz\u00f6sische Marke<\/li>\n<li>Ikonische rote Sohle<\/li>\n<li>Schuhe, die in der internationalen Mode sehr pr\u00e4sent sind<\/li>\n<\/ul>\n<p>\nDiese Stiefel tauchen regelm\u00e4\u00dfig bei offiziellen Besuchen und \u00f6ffentlichen Auftritten auf.\n<\/p>\n<h2 id=\"image-publique\">Der Einfluss der Mode auf ihr \u00f6ffentliches Bild<\/h2>\n<p>\nMode spielt eine wichtige Rolle im \u00f6ffentlichen Bild von politischen Pers\u00f6nlichkeiten.\n<\/p>\n<h3>Ein Symbol franz\u00f6sischer Eleganz<\/h3>\n<p>\nDie Outfits von Brigitte Macron werden oft als Symbol f\u00fcr franz\u00f6sische Eleganz auf der internationalen B\u00fchne analysiert.\n<\/p>\n<p>\nDie Marken, die sie tr\u00e4gt, k\u00f6nnen ebenfalls Aufmerksamkeit erregen und Trends beeinflussen.\n<\/p>\n<h2 id=\"influence-mode\">Ein Einfluss auf die franz\u00f6sische Mode<\/h2>\n<p>\nEinige \u00f6ffentliche Auftritte von Brigitte Macron haben dazu beigetragen, bestimmte Stile oder Marken zu popularisieren.\n<\/p>\n<h3>Eine stark medienpr\u00e4sente First Lady<\/h3>\n<p>\nDie Medien und Modemagazine verfolgen regelm\u00e4\u00dfig ihre Modeentscheidungen.\n<\/p>\n<ul>\n<li>Magazin-Cover<\/li>\n<li>Analysen in der Presse<\/li>\n<li>Einfluss auf bestimmte Trends<\/li>\n<\/ul>\n<div style=\"overflow:auto;max-width:100%\">\n<table>\n<tbody>\n<tr>\n<th>Element<\/th>\n<th>Detail<\/th>\n<th>Einfluss<\/th>\n<\/tr>\n<tr>\n<td>Louboutin-Stiefel<\/td>\n<td>Luxus-Schuhe<\/td>\n<td>Eleganter Stil<\/td>\n<\/tr>\n<tr>\n<td>Rote Sohle<\/td>\n<td>Markensignatur<\/td>\n<td>Weltweite Anerkennung<\/td>\n<\/tr>\n<tr>\n<td>Kleidungsstil<\/td>\n<td>Moderne Outfits<\/td>\n<td>Starkes \u00f6ffentliches Bild<\/td>\n<\/tr>\n<tr>\n<td>Einfluss<\/td>\n<td>Mediatisierung<\/td>\n<td>Modeeinfluss<\/td>\n<\/tr>\n<\/tbody>\n<\/table>\n<\/div>\n<p>\nIm Laufe der Jahre sind die Louboutin-Stiefel zu einem markanten Element des Stils von Brigitte Macron geworden. Sie zeigen, wie Mode zur Konstruktion des \u00f6ffentlichen Bildes einer politischen Pers\u00f6nlichkeit beitragen kann.\n<\/p>\n<h2>FAQ<\/h2>\n<h3>Warum spricht man \u00fcber die Louboutin-Stiefel von Brigitte Macron?<\/h3>\n<p>\nWeil sie diese Stiefel regelm\u00e4\u00dfig bei \u00f6ffentlichen Veranstaltungen tr\u00e4gt, was sie zu einem auff\u00e4lligen Element ihres Stils macht.\n<\/p>\n<h3>Was macht die Louboutin-Schuhe erkennbar?<\/h3>\n<p>\nDie Schuhe der Marke Christian Louboutin sind bekannt f\u00fcr ihre rote Sohle.\n<\/p>\n<h3>Ist Brigitte Macron f\u00fcr ihren Stil bekannt?<\/h3>\n<p>\nJa, ihr Kleidungsstil wird oft in den Medien und Modemagazinen kommentiert.\n<\/p>\n<h3>Haben die Kleidung von politischen Pers\u00f6nlichkeiten einen Einfluss?<\/h3>\n<p>\nJa, ihre Modeentscheidungen k\u00f6nnen Trends beeinflussen und Aufmerksamkeit auf bestimmte Marken lenken.\n<\/p>\n<p><br \/>\n[<br \/>\n{<br \/>\n\u00ab\u00a0@context\u00a0\u00bb:\u00a0\u00bbhttps:\/\/schema.org\u00a0\u00bb,<br \/>\n\u00ab\u00a0@type\u00a0\u00bb:\u00a0\u00bbArticle\u00a0\u00bb,<br \/>\n\u00ab\u00a0headline\u00a0\u00bb:\u00a0\u00bbBrigitte Macron und ihre Louboutin-Stiefel: ein ikonischer Stil\u00a0\u00bb,<br \/>\n\u00ab\u00a0description\u00a0\u00bb:\u00a0\u00bbEntdecken Sie, warum die Louboutin-Stiefel zu einem Symbol von Brigitte Macrons Stil geworden sind.\u00a0\u00bb,<br \/>\n\u00ab\u00a0inLanguage\u00a0\u00bb:\u00a0\u00bbde\u00a0\u00bb,<br \/>\n\u00ab\u00a0articleSection\u00a0\u00bb:\u00a0\u00bbmode\u00a0\u00bb,<br \/>\n\u00ab\u00a0abstract\u00a0\u00bb:\u00a0\u00bbDie Louboutin-Stiefel sind eines der am st\u00e4rksten bemerkten Elemente von Brigitte Macrons Stil.\u00a0\u00bb<br \/>\n},<br \/>\n{<br \/>\n\u00ab\u00a0@context\u00a0\u00bb:\u00a0\u00bbhttps:\/\/schema.org\u00a0\u00bb,<br \/>\n\u00ab\u00a0@type\u00a0\u00bb:\u00a0\u00bbFAQPage\u00a0\u00bb,<br \/>\n\u00ab\u00a0mainEntity\u00a0\u00bb:[<br \/>\n{<br \/>\n\u00ab\u00a0@type\u00a0\u00bb:\u00a0\u00bbQuestion\u00a0\u00bb,<br \/>\n\u00ab\u00a0name\u00a0\u00bb:\u00a0\u00bbWarum spricht man \u00fcber die Louboutin-Stiefel von Brigitte Macron?\u00a0\u00bb,<br \/>\n\u00ab\u00a0acceptedAnswer\u00a0\u00bb:{<br \/>\n\u00ab\u00a0@type\u00a0\u00bb:\u00a0\u00bbAnswer\u00a0\u00bb,<br \/>\n\u00ab\u00a0text\u00a0\u00bb:\u00a0\u00bbBrigitte Macron tr\u00e4gt regelm\u00e4\u00dfig Louboutin-Stiefel bei \u00f6ffentlichen Veranstaltungen.\u00a0\u00bb<br \/>\n}<br \/>\n},<br \/>\n{<br \/>\n\u00ab\u00a0@type\u00a0\u00bb:\u00a0\u00bbQuestion\u00a0\u00bb,<br \/>\n\u00ab\u00a0name\u00a0\u00bb:\u00a0\u00bbWas macht die Louboutin-Schuhe erkennbar?\u00a0\u00bb,<br \/>\n\u00ab\u00a0acceptedAnswer\u00a0\u00bb:{<br \/>\n\u00ab\u00a0@type\u00a0\u00bb:\u00a0\u00bbAnswer\u00a0\u00bb,<br \/>\n\u00ab\u00a0text\u00a0\u00bb:\u00a0\u00bbDie Louboutin-Schuhe sind bekannt f\u00fcr ihre rote Sohle.\u00a0\u00bb<br \/>\n}<br \/>\n}<br \/>\n]<br \/>\n}<br \/>\n]<br \/>\n<\/p>","protected":false},"excerpt":{"rendered":"<p>Durch k\u00fcnstliche Intelligenz generiertes Bild, nicht reale Illustration. Was zu beachten ist: Brigitte Macron ist zu einer sehr kommentierten Stilikone in Frankreich und international geworden. Zu den Elementen, die ihre Outfits pr\u00e4gen, geh\u00f6ren oft ihre Louboutin-Stiefel, die durch ihre ber\u00fchmte rote Sohle erkennbar sind. Diese Schuhwahl tr\u00e4gt zu ihrem modernen und eleganten Image bei ihren &#8230; <a title=\"Brigitte Macron und ihre Louboutin-Stiefel: ein ikonischer Stil\" class=\"read-more\" href=\"https:\/\/www.sebastien-auziere.fr\/blog\/de\/brigitte-macron-und-ihre-louboutin-stiefel-ein-ikonischer-stil\/\" aria-label=\"En savoir plus sur Brigitte Macron und ihre Louboutin-Stiefel: ein ikonischer Stil\">Lire plus<\/a><\/p>\n","protected":false},"author":4,"featured_media":2061,"comment_status":"open","ping_status":"open","sticky":false,"template":"","format":"standard","meta":{"footnotes":""},"categories":[856,838],"tags":[],"class_list":["post-2204","post","type-post","status-publish","format-standard","has-post-thumbnail","hentry","category-aktuelles-de","category-non-classe-de"],"yoast_head":"<!-- This site is optimized with the Yoast SEO plugin v27.5 - https:\/\/yoast.com\/product\/yoast-seo-wordpress\/ -->\n<title>Brigitte Macron und ihre Louboutin-Stiefel: ein ikonischer Stil - Fan site S\u00e9bastien Auzi\u00e8re<\/title>\n<meta name=\"robots\" content=\"index, follow, max-snippet:-1, max-image-preview:large, max-video-preview:-1\" \/>\n<link rel=\"canonical\" href=\"https:\/\/www.sebastien-auziere.fr\/blog\/de\/brigitte-macron-und-ihre-louboutin-stiefel-ein-ikonischer-stil\/\" \/>\n<meta property=\"og:locale\" content=\"fr_FR\" \/>\n<meta property=\"og:type\" content=\"article\" \/>\n<meta property=\"og:title\" content=\"Brigitte Macron und ihre Louboutin-Stiefel: ein ikonischer Stil - Fan site S\u00e9bastien Auzi\u00e8re\" \/>\n<meta property=\"og:description\" content=\"Durch k\u00fcnstliche Intelligenz generiertes Bild, nicht reale Illustration. Was zu beachten ist: Brigitte Macron ist zu einer sehr kommentierten Stilikone in Frankreich und international geworden. Zu den Elementen, die ihre Outfits pr\u00e4gen, geh\u00f6ren oft ihre Louboutin-Stiefel, die durch ihre ber\u00fchmte rote Sohle erkennbar sind. Diese Schuhwahl tr\u00e4gt zu ihrem modernen und eleganten Image bei ihren ... Lire plus\" \/>\n<meta property=\"og:url\" content=\"https:\/\/www.sebastien-auziere.fr\/blog\/de\/brigitte-macron-und-ihre-louboutin-stiefel-ein-ikonischer-stil\/\" \/>\n<meta property=\"og:site_name\" content=\"Fan site S\u00e9bastien Auzi\u00e8re\" \/>\n<meta property=\"article:published_time\" content=\"2026-03-06T16:09:58+00:00\" \/>\n<meta property=\"article:modified_time\" content=\"2026-03-06T16:10:37+00:00\" \/>\n<meta property=\"og:image\" content=\"https:\/\/www.sebastien-auziere.fr\/blog\/wp-content\/uploads\/2026\/03\/ChatGPT-Image-6-mars-2026-13_10_41.jpg\" \/>\n\t<meta property=\"og:image:width\" content=\"1536\" \/>\n\t<meta property=\"og:image:height\" content=\"1024\" \/>\n\t<meta property=\"og:image:type\" content=\"image\/jpeg\" \/>\n<meta name=\"author\" content=\"Celine\" \/>\n<meta name=\"twitter:card\" content=\"summary_large_image\" \/>\n<meta name=\"twitter:label1\" content=\"\u00c9crit par\" \/>\n\t<meta name=\"twitter:data1\" content=\"Celine\" \/>\n\t<meta name=\"twitter:label2\" content=\"Dur\u00e9e de lecture estim\u00e9e\" \/>\n\t<meta name=\"twitter:data2\" content=\"3 minutes\" \/>\n<script type=\"application\/ld+json\" class=\"yoast-schema-graph\">{\"@context\":\"https:\\\/\\\/schema.org\",\"@graph\":[{\"@type\":\"Article\",\"@id\":\"https:\\\/\\\/www.sebastien-auziere.fr\\\/blog\\\/de\\\/brigitte-macron-und-ihre-louboutin-stiefel-ein-ikonischer-stil\\\/#article\",\"isPartOf\":{\"@id\":\"https:\\\/\\\/www.sebastien-auziere.fr\\\/blog\\\/de\\\/brigitte-macron-und-ihre-louboutin-stiefel-ein-ikonischer-stil\\\/\"},\"author\":{\"name\":\"Celine\",\"@id\":\"https:\\\/\\\/www.sebastien-auziere.fr\\\/blog\\\/#\\\/schema\\\/person\\\/1e270a963009242469ed08b1c461f81f\"},\"headline\":\"Brigitte Macron und ihre Louboutin-Stiefel: ein ikonischer Stil\",\"datePublished\":\"2026-03-06T16:09:58+00:00\",\"dateModified\":\"2026-03-06T16:10:37+00:00\",\"mainEntityOfPage\":{\"@id\":\"https:\\\/\\\/www.sebastien-auziere.fr\\\/blog\\\/de\\\/brigitte-macron-und-ihre-louboutin-stiefel-ein-ikonischer-stil\\\/\"},\"wordCount\":666,\"commentCount\":0,\"publisher\":{\"@id\":\"https:\\\/\\\/www.sebastien-auziere.fr\\\/blog\\\/#organization\"},\"image\":{\"@id\":\"https:\\\/\\\/www.sebastien-auziere.fr\\\/blog\\\/de\\\/brigitte-macron-und-ihre-louboutin-stiefel-ein-ikonischer-stil\\\/#primaryimage\"},\"thumbnailUrl\":\"https:\\\/\\\/www.sebastien-auziere.fr\\\/blog\\\/wp-content\\\/uploads\\\/2026\\\/03\\\/ChatGPT-Image-6-mars-2026-13_10_41.jpg\",\"articleSection\":[\"Aktuelles\"],\"inLanguage\":\"fr-FR\",\"potentialAction\":[{\"@type\":\"CommentAction\",\"name\":\"Comment\",\"target\":[\"https:\\\/\\\/www.sebastien-auziere.fr\\\/blog\\\/de\\\/brigitte-macron-und-ihre-louboutin-stiefel-ein-ikonischer-stil\\\/#respond\"]}]},{\"@type\":\"WebPage\",\"@id\":\"https:\\\/\\\/www.sebastien-auziere.fr\\\/blog\\\/de\\\/brigitte-macron-und-ihre-louboutin-stiefel-ein-ikonischer-stil\\\/\",\"url\":\"https:\\\/\\\/www.sebastien-auziere.fr\\\/blog\\\/de\\\/brigitte-macron-und-ihre-louboutin-stiefel-ein-ikonischer-stil\\\/\",\"name\":\"Brigitte Macron und ihre Louboutin-Stiefel: ein ikonischer Stil - Fan site S\u00e9bastien Auzi\u00e8re\",\"isPartOf\":{\"@id\":\"https:\\\/\\\/www.sebastien-auziere.fr\\\/blog\\\/#website\"},\"primaryImageOfPage\":{\"@id\":\"https:\\\/\\\/www.sebastien-auziere.fr\\\/blog\\\/de\\\/brigitte-macron-und-ihre-louboutin-stiefel-ein-ikonischer-stil\\\/#primaryimage\"},\"image\":{\"@id\":\"https:\\\/\\\/www.sebastien-auziere.fr\\\/blog\\\/de\\\/brigitte-macron-und-ihre-louboutin-stiefel-ein-ikonischer-stil\\\/#primaryimage\"},\"thumbnailUrl\":\"https:\\\/\\\/www.sebastien-auziere.fr\\\/blog\\\/wp-content\\\/uploads\\\/2026\\\/03\\\/ChatGPT-Image-6-mars-2026-13_10_41.jpg\",\"datePublished\":\"2026-03-06T16:09:58+00:00\",\"dateModified\":\"2026-03-06T16:10:37+00:00\",\"breadcrumb\":{\"@id\":\"https:\\\/\\\/www.sebastien-auziere.fr\\\/blog\\\/de\\\/brigitte-macron-und-ihre-louboutin-stiefel-ein-ikonischer-stil\\\/#breadcrumb\"},\"inLanguage\":\"fr-FR\",\"potentialAction\":[{\"@type\":\"ReadAction\",\"target\":[\"https:\\\/\\\/www.sebastien-auziere.fr\\\/blog\\\/de\\\/brigitte-macron-und-ihre-louboutin-stiefel-ein-ikonischer-stil\\\/\"]}]},{\"@type\":\"ImageObject\",\"inLanguage\":\"fr-FR\",\"@id\":\"https:\\\/\\\/www.sebastien-auziere.fr\\\/blog\\\/de\\\/brigitte-macron-und-ihre-louboutin-stiefel-ein-ikonischer-stil\\\/#primaryimage\",\"url\":\"https:\\\/\\\/www.sebastien-auziere.fr\\\/blog\\\/wp-content\\\/uploads\\\/2026\\\/03\\\/ChatGPT-Image-6-mars-2026-13_10_41.jpg\",\"contentUrl\":\"https:\\\/\\\/www.sebastien-auziere.fr\\\/blog\\\/wp-content\\\/uploads\\\/2026\\\/03\\\/ChatGPT-Image-6-mars-2026-13_10_41.jpg\",\"width\":1536,\"height\":1024,\"caption\":\"Brigitte Macron et ses bottes Louboutin\"},{\"@type\":\"BreadcrumbList\",\"@id\":\"https:\\\/\\\/www.sebastien-auziere.fr\\\/blog\\\/de\\\/brigitte-macron-und-ihre-louboutin-stiefel-ein-ikonischer-stil\\\/#breadcrumb\",\"itemListElement\":[{\"@type\":\"ListItem\",\"position\":1,\"name\":\"Home\",\"item\":\"https:\\\/\\\/www.sebastien-auziere.fr\\\/blog\\\/\"},{\"@type\":\"ListItem\",\"position\":2,\"name\":\"Brigitte Macron und ihre Louboutin-Stiefel: ein ikonischer Stil\"}]},{\"@type\":\"WebSite\",\"@id\":\"https:\\\/\\\/www.sebastien-auziere.fr\\\/blog\\\/#website\",\"url\":\"https:\\\/\\\/www.sebastien-auziere.fr\\\/blog\\\/\",\"name\":\"Fan site S\u00e9bastien Auzi\u00e8re\",\"description\":\"M\u00e9dia g\u00e9n\u00e9raliste\",\"publisher\":{\"@id\":\"https:\\\/\\\/www.sebastien-auziere.fr\\\/blog\\\/#organization\"},\"potentialAction\":[{\"@type\":\"SearchAction\",\"target\":{\"@type\":\"EntryPoint\",\"urlTemplate\":\"https:\\\/\\\/www.sebastien-auziere.fr\\\/blog\\\/?s={search_term_string}\"},\"query-input\":{\"@type\":\"PropertyValueSpecification\",\"valueRequired\":true,\"valueName\":\"search_term_string\"}}],\"inLanguage\":\"fr-FR\"},{\"@type\":\"Organization\",\"@id\":\"https:\\\/\\\/www.sebastien-auziere.fr\\\/blog\\\/#organization\",\"name\":\"Fan site S\u00e9bastien Auzi\u00e8re\",\"url\":\"https:\\\/\\\/www.sebastien-auziere.fr\\\/blog\\\/\",\"logo\":{\"@type\":\"ImageObject\",\"inLanguage\":\"fr-FR\",\"@id\":\"https:\\\/\\\/www.sebastien-auziere.fr\\\/blog\\\/#\\\/schema\\\/logo\\\/image\\\/\",\"url\":\"https:\\\/\\\/www.sebastien-auziere.fr\\\/blog\\\/wp-content\\\/uploads\\\/2026\\\/03\\\/cropped-cropped-cropped-ChatGPT-Image-6-mars-2026-12_58_09-e1772798376794.jpg\",\"contentUrl\":\"https:\\\/\\\/www.sebastien-auziere.fr\\\/blog\\\/wp-content\\\/uploads\\\/2026\\\/03\\\/cropped-cropped-cropped-ChatGPT-Image-6-mars-2026-12_58_09-e1772798376794.jpg\",\"width\":512,\"height\":360,\"caption\":\"Fan site S\u00e9bastien Auzi\u00e8re\"},\"image\":{\"@id\":\"https:\\\/\\\/www.sebastien-auziere.fr\\\/blog\\\/#\\\/schema\\\/logo\\\/image\\\/\"}},{\"@type\":\"Person\",\"@id\":\"https:\\\/\\\/www.sebastien-auziere.fr\\\/blog\\\/#\\\/schema\\\/person\\\/1e270a963009242469ed08b1c461f81f\",\"name\":\"Celine\",\"image\":{\"@type\":\"ImageObject\",\"inLanguage\":\"fr-FR\",\"@id\":\"https:\\\/\\\/secure.gravatar.com\\\/avatar\\\/c88d569fbe1fe19a13c7f21ee0f8973822df96073df21850b95af6a09ba820c9?s=96&d=mm&r=g\",\"url\":\"https:\\\/\\\/secure.gravatar.com\\\/avatar\\\/c88d569fbe1fe19a13c7f21ee0f8973822df96073df21850b95af6a09ba820c9?s=96&d=mm&r=g\",\"contentUrl\":\"https:\\\/\\\/secure.gravatar.com\\\/avatar\\\/c88d569fbe1fe19a13c7f21ee0f8973822df96073df21850b95af6a09ba820c9?s=96&d=mm&r=g\",\"caption\":\"Celine\"},\"description\":\"Je m'appelle C\u00e9line, j'ai 31 ans et je suis journaliste sp\u00e9cialis\u00e9e dans le cin\u00e9ma. Passionn\u00e9e par le septi\u00e8me art, j'explore les actualit\u00e9s, les critiques et les tendances du monde cin\u00e9matographique. Mon objectif est de partager ma passion et d'informer les amateurs de films \u00e0 travers des articles percutants et des analyses approfondies.\",\"url\":\"https:\\\/\\\/www.sebastien-auziere.fr\\\/blog\\\/author\\\/celine\\\/\"}]}<\/script>\n<!-- \/ Yoast SEO plugin. -->","yoast_head_json":{"title":"Brigitte Macron und ihre Louboutin-Stiefel: ein ikonischer Stil - Fan site S\u00e9bastien Auzi\u00e8re","robots":{"index":"index","follow":"follow","max-snippet":"max-snippet:-1","max-image-preview":"max-image-preview:large","max-video-preview":"max-video-preview:-1"},"canonical":"https:\/\/www.sebastien-auziere.fr\/blog\/de\/brigitte-macron-und-ihre-louboutin-stiefel-ein-ikonischer-stil\/","og_locale":"fr_FR","og_type":"article","og_title":"Brigitte Macron und ihre Louboutin-Stiefel: ein ikonischer Stil - Fan site S\u00e9bastien Auzi\u00e8re","og_description":"Durch k\u00fcnstliche Intelligenz generiertes Bild, nicht reale Illustration. Was zu beachten ist: Brigitte Macron ist zu einer sehr kommentierten Stilikone in Frankreich und international geworden. Zu den Elementen, die ihre Outfits pr\u00e4gen, geh\u00f6ren oft ihre Louboutin-Stiefel, die durch ihre ber\u00fchmte rote Sohle erkennbar sind. Diese Schuhwahl tr\u00e4gt zu ihrem modernen und eleganten Image bei ihren ... Lire plus","og_url":"https:\/\/www.sebastien-auziere.fr\/blog\/de\/brigitte-macron-und-ihre-louboutin-stiefel-ein-ikonischer-stil\/","og_site_name":"Fan site S\u00e9bastien Auzi\u00e8re","article_published_time":"2026-03-06T16:09:58+00:00","article_modified_time":"2026-03-06T16:10:37+00:00","og_image":[{"width":1536,"height":1024,"url":"https:\/\/www.sebastien-auziere.fr\/blog\/wp-content\/uploads\/2026\/03\/ChatGPT-Image-6-mars-2026-13_10_41.jpg","type":"image\/jpeg"}],"author":"Celine","twitter_card":"summary_large_image","twitter_misc":{"\u00c9crit par":"Celine","Dur\u00e9e de lecture estim\u00e9e":"3 minutes"},"schema":{"@context":"https:\/\/schema.org","@graph":[{"@type":"Article","@id":"https:\/\/www.sebastien-auziere.fr\/blog\/de\/brigitte-macron-und-ihre-louboutin-stiefel-ein-ikonischer-stil\/#article","isPartOf":{"@id":"https:\/\/www.sebastien-auziere.fr\/blog\/de\/brigitte-macron-und-ihre-louboutin-stiefel-ein-ikonischer-stil\/"},"author":{"name":"Celine","@id":"https:\/\/www.sebastien-auziere.fr\/blog\/#\/schema\/person\/1e270a963009242469ed08b1c461f81f"},"headline":"Brigitte Macron und ihre Louboutin-Stiefel: ein ikonischer Stil","datePublished":"2026-03-06T16:09:58+00:00","dateModified":"2026-03-06T16:10:37+00:00","mainEntityOfPage":{"@id":"https:\/\/www.sebastien-auziere.fr\/blog\/de\/brigitte-macron-und-ihre-louboutin-stiefel-ein-ikonischer-stil\/"},"wordCount":666,"commentCount":0,"publisher":{"@id":"https:\/\/www.sebastien-auziere.fr\/blog\/#organization"},"image":{"@id":"https:\/\/www.sebastien-auziere.fr\/blog\/de\/brigitte-macron-und-ihre-louboutin-stiefel-ein-ikonischer-stil\/#primaryimage"},"thumbnailUrl":"https:\/\/www.sebastien-auziere.fr\/blog\/wp-content\/uploads\/2026\/03\/ChatGPT-Image-6-mars-2026-13_10_41.jpg","articleSection":["Aktuelles"],"inLanguage":"fr-FR","potentialAction":[{"@type":"CommentAction","name":"Comment","target":["https:\/\/www.sebastien-auziere.fr\/blog\/de\/brigitte-macron-und-ihre-louboutin-stiefel-ein-ikonischer-stil\/#respond"]}]},{"@type":"WebPage","@id":"https:\/\/www.sebastien-auziere.fr\/blog\/de\/brigitte-macron-und-ihre-louboutin-stiefel-ein-ikonischer-stil\/","url":"https:\/\/www.sebastien-auziere.fr\/blog\/de\/brigitte-macron-und-ihre-louboutin-stiefel-ein-ikonischer-stil\/","name":"Brigitte Macron und ihre Louboutin-Stiefel: ein ikonischer Stil - Fan site S\u00e9bastien Auzi\u00e8re","isPartOf":{"@id":"https:\/\/www.sebastien-auziere.fr\/blog\/#website"},"primaryImageOfPage":{"@id":"https:\/\/www.sebastien-auziere.fr\/blog\/de\/brigitte-macron-und-ihre-louboutin-stiefel-ein-ikonischer-stil\/#primaryimage"},"image":{"@id":"https:\/\/www.sebastien-auziere.fr\/blog\/de\/brigitte-macron-und-ihre-louboutin-stiefel-ein-ikonischer-stil\/#primaryimage"},"thumbnailUrl":"https:\/\/www.sebastien-auziere.fr\/blog\/wp-content\/uploads\/2026\/03\/ChatGPT-Image-6-mars-2026-13_10_41.jpg","datePublished":"2026-03-06T16:09:58+00:00","dateModified":"2026-03-06T16:10:37+00:00","breadcrumb":{"@id":"https:\/\/www.sebastien-auziere.fr\/blog\/de\/brigitte-macron-und-ihre-louboutin-stiefel-ein-ikonischer-stil\/#breadcrumb"},"inLanguage":"fr-FR","potentialAction":[{"@type":"ReadAction","target":["https:\/\/www.sebastien-auziere.fr\/blog\/de\/brigitte-macron-und-ihre-louboutin-stiefel-ein-ikonischer-stil\/"]}]},{"@type":"ImageObject","inLanguage":"fr-FR","@id":"https:\/\/www.sebastien-auziere.fr\/blog\/de\/brigitte-macron-und-ihre-louboutin-stiefel-ein-ikonischer-stil\/#primaryimage","url":"https:\/\/www.sebastien-auziere.fr\/blog\/wp-content\/uploads\/2026\/03\/ChatGPT-Image-6-mars-2026-13_10_41.jpg","contentUrl":"https:\/\/www.sebastien-auziere.fr\/blog\/wp-content\/uploads\/2026\/03\/ChatGPT-Image-6-mars-2026-13_10_41.jpg","width":1536,"height":1024,"caption":"Brigitte Macron et ses bottes Louboutin"},{"@type":"BreadcrumbList","@id":"https:\/\/www.sebastien-auziere.fr\/blog\/de\/brigitte-macron-und-ihre-louboutin-stiefel-ein-ikonischer-stil\/#breadcrumb","itemListElement":[{"@type":"ListItem","position":1,"name":"Home","item":"https:\/\/www.sebastien-auziere.fr\/blog\/"},{"@type":"ListItem","position":2,"name":"Brigitte Macron und ihre Louboutin-Stiefel: ein ikonischer Stil"}]},{"@type":"WebSite","@id":"https:\/\/www.sebastien-auziere.fr\/blog\/#website","url":"https:\/\/www.sebastien-auziere.fr\/blog\/","name":"Fan site S\u00e9bastien Auzi\u00e8re","description":"M\u00e9dia g\u00e9n\u00e9raliste","publisher":{"@id":"https:\/\/www.sebastien-auziere.fr\/blog\/#organization"},"potentialAction":[{"@type":"SearchAction","target":{"@type":"EntryPoint","urlTemplate":"https:\/\/www.sebastien-auziere.fr\/blog\/?s={search_term_string}"},"query-input":{"@type":"PropertyValueSpecification","valueRequired":true,"valueName":"search_term_string"}}],"inLanguage":"fr-FR"},{"@type":"Organization","@id":"https:\/\/www.sebastien-auziere.fr\/blog\/#organization","name":"Fan site S\u00e9bastien Auzi\u00e8re","url":"https:\/\/www.sebastien-auziere.fr\/blog\/","logo":{"@type":"ImageObject","inLanguage":"fr-FR","@id":"https:\/\/www.sebastien-auziere.fr\/blog\/#\/schema\/logo\/image\/","url":"https:\/\/www.sebastien-auziere.fr\/blog\/wp-content\/uploads\/2026\/03\/cropped-cropped-cropped-ChatGPT-Image-6-mars-2026-12_58_09-e1772798376794.jpg","contentUrl":"https:\/\/www.sebastien-auziere.fr\/blog\/wp-content\/uploads\/2026\/03\/cropped-cropped-cropped-ChatGPT-Image-6-mars-2026-12_58_09-e1772798376794.jpg","width":512,"height":360,"caption":"Fan site S\u00e9bastien Auzi\u00e8re"},"image":{"@id":"https:\/\/www.sebastien-auziere.fr\/blog\/#\/schema\/logo\/image\/"}},{"@type":"Person","@id":"https:\/\/www.sebastien-auziere.fr\/blog\/#\/schema\/person\/1e270a963009242469ed08b1c461f81f","name":"Celine","image":{"@type":"ImageObject","inLanguage":"fr-FR","@id":"https:\/\/secure.gravatar.com\/avatar\/c88d569fbe1fe19a13c7f21ee0f8973822df96073df21850b95af6a09ba820c9?s=96&d=mm&r=g","url":"https:\/\/secure.gravatar.com\/avatar\/c88d569fbe1fe19a13c7f21ee0f8973822df96073df21850b95af6a09ba820c9?s=96&d=mm&r=g","contentUrl":"https:\/\/secure.gravatar.com\/avatar\/c88d569fbe1fe19a13c7f21ee0f8973822df96073df21850b95af6a09ba820c9?s=96&d=mm&r=g","caption":"Celine"},"description":"Je m'appelle C\u00e9line, j'ai 31 ans et je suis journaliste sp\u00e9cialis\u00e9e dans le cin\u00e9ma. Passionn\u00e9e par le septi\u00e8me art, j'explore les actualit\u00e9s, les critiques et les tendances du monde cin\u00e9matographique. Mon objectif est de partager ma passion et d'informer les amateurs de films \u00e0 travers des articles percutants et des analyses approfondies.","url":"https:\/\/www.sebastien-auziere.fr\/blog\/author\/celine\/"}]}},"views":112,"_links":{"self":[{"href":"https:\/\/www.sebastien-auziere.fr\/blog\/wp-json\/wp\/v2\/posts\/2204","targetHints":{"allow":["GET"]}}],"collection":[{"href":"https:\/\/www.sebastien-auziere.fr\/blog\/wp-json\/wp\/v2\/posts"}],"about":[{"href":"https:\/\/www.sebastien-auziere.fr\/blog\/wp-json\/wp\/v2\/types\/post"}],"author":[{"embeddable":true,"href":"https:\/\/www.sebastien-auziere.fr\/blog\/wp-json\/wp\/v2\/users\/4"}],"replies":[{"embeddable":true,"href":"https:\/\/www.sebastien-auziere.fr\/blog\/wp-json\/wp\/v2\/comments?post=2204"}],"version-history":[{"count":1,"href":"https:\/\/www.sebastien-auziere.fr\/blog\/wp-json\/wp\/v2\/posts\/2204\/revisions"}],"predecessor-version":[{"id":2205,"href":"https:\/\/www.sebastien-auziere.fr\/blog\/wp-json\/wp\/v2\/posts\/2204\/revisions\/2205"}],"wp:featuredmedia":[{"embeddable":true,"href":"https:\/\/www.sebastien-auziere.fr\/blog\/wp-json\/wp\/v2\/media\/2061"}],"wp:attachment":[{"href":"https:\/\/www.sebastien-auziere.fr\/blog\/wp-json\/wp\/v2\/media?parent=2204"}],"wp:term":[{"taxonomy":"category","embeddable":true,"href":"https:\/\/www.sebastien-auziere.fr\/blog\/wp-json\/wp\/v2\/categories?post=2204"},{"taxonomy":"post_tag","embeddable":true,"href":"https:\/\/www.sebastien-auziere.fr\/blog\/wp-json\/wp\/v2\/tags?post=2204"}],"curies":[{"name":"wp","href":"https:\/\/api.w.org\/{rel}","templated":true}]}}