{"id":2200,"date":"2026-03-06T16:07:56","date_gmt":"2026-03-06T16:07:56","guid":{"rendered":"https:\/\/www.sebastien-auziere.fr\/blog\/?p=2200"},"modified":"2026-03-06T16:08:25","modified_gmt":"2026-03-06T16:08:25","slug":"brigitte-macron-gravida-fotos-e-rumores-explicados","status":"publish","type":"post","link":"https:\/\/www.sebastien-auziere.fr\/blog\/pt\/brigitte-macron-gravida-fotos-e-rumores-explicados\/","title":{"rendered":"Brigitte Macron gr\u00e1vida: fotos e rumores explicados"},"content":{"rendered":"\n<p>Imagem gerada por intelig\u00eancia artificial, ilustra\u00e7\u00e3o n\u00e3o real<\/p>\n\n\n<p style=\"padding: 24px;background: lightblue\">\nO que \u00e9 importante lembrar: algumas pesquisas na Internet mencionam <strong>fotos de Brigitte Macron gr\u00e1vida<\/strong>, mas esses conte\u00fados geralmente est\u00e3o relacionados a rumores ou confus\u00f5es com imagens antigas. Brigitte Macron teve tr\u00eas filhos em seu primeiro casamento muito antes de conhecer Emmanuel Macron, e essas imagens datam desse per\u00edodo de sua vida privada.\n<\/p>\n<p>\nNa Internet, muitas pessoas est\u00e3o em busca de informa\u00e7\u00f5es sobre <strong>Brigitte Macron gr\u00e1vida<\/strong> ou sobre poss\u00edveis fotos desse per\u00edodo. Na realidade, essas imagens se referem a um per\u00edodo muito anterior ao seu encontro com Emmanuel Macron. Neste artigo, voc\u00ea entender\u00e1 <strong>o contexto dessas fotos, sua hist\u00f3ria familiar e a origem de alguns rumores<\/strong>.\n<\/p>\n<ol>\n<li><a href=\"#vie-familiale\">A vida familiar de Brigitte Macron<\/a><\/li>\n<li><a href=\"#photos-enceinte\">As fotos de Brigitte Macron gr\u00e1vida<\/a><\/li>\n<li><a href=\"#origine-rumeurs\">A origem dos rumores na Internet<\/a><\/li>\n<li><a href=\"#vie-avant-macron\">Sua vida antes de Emmanuel Macron<\/a><\/li>\n<\/ol>\n<h2 id=\"vie-familiale\">A vida familiar de Brigitte Macron<\/h2>\n<p>\nAntes de ser conhecida como Primeira Dama, Brigitte Macron \u2013 nascida Brigitte Trogneux \u2013 construiu uma vida familiar muito antes de entrar na pol\u00edtica.\n<\/p>\n<h3>Uma fam\u00edlia antes do Pal\u00e1cio do Eliseu<\/h3>\n<p>\nEla teve tr\u00eas filhos durante seu primeiro casamento:\n<\/p>\n<ul>\n<li>S\u00e9bastien Auzi\u00e8re<\/li>\n<li>Laurence Auzi\u00e8re<\/li>\n<li>Tiphaine Auzi\u00e8re<\/li>\n<\/ul>\n<p>\nEssas crian\u00e7as nasceram v\u00e1rios anos antes de seu encontro com Emmanuel Macron.\n<\/p>\n<h2 id=\"photos-enceinte\">As fotos de Brigitte Macron gr\u00e1vida<\/h2>\n<p>\nAs fotos mencionadas na Internet geralmente v\u00eam de arquivos pessoais ou de documentos relacionados \u00e0 sua vida antes de se tornar uma personalidade p\u00fablica.\n<\/p>\n<h3>Imagens antigas<\/h3>\n<p>\nEssas imagens remontam ao per\u00edodo em que ela levava uma vida privada longe da aten\u00e7\u00e3o da m\u00eddia.\n<\/p>\n<p>\nNaquela \u00e9poca, ela era professora e levava uma vida familiar cl\u00e1ssica em Amiens.\n<\/p>\n<h2 id=\"origine-rumeurs\">A origem dos rumores na Internet<\/h2>\n<p>\nPersonalidades p\u00fablicas frequentemente s\u00e3o alvo de muitas pesquisas e especula\u00e7\u00f5es na Internet.\n<\/p>\n<h3>Confus\u00f5es e informa\u00e7\u00f5es distorcidas<\/h3>\n<p>\nAlgumas pesquisas ou imagens que circulam online podem estar fora de contexto ou serem mal interpretadas.\n<\/p>\n<ul>\n<li>Imagens antigas<\/li>\n<li>Confus\u00e3o com fotos de arquivo<\/li>\n<li>Rumores amplificados nas redes sociais<\/li>\n<\/ul>\n<p>\nPortanto, \u00e9 importante colocar essas imagens em seu contexto hist\u00f3rico.\n<\/p>\n<h2 id=\"vie-avant-macron\">Sua vida antes de Emmanuel Macron<\/h2>\n<p>\nAntes de conhecer Emmanuel Macron, Brigitte Macron teve uma carreira no ensino e uma vida familiar discreta.\n<\/p>\n<h3>Uma professora de letras<\/h3>\n<p>\nEla ensinava literatura e teatro em v\u00e1rias institui\u00e7\u00f5es escolares.\n<\/p>\n<p>\nS\u00f3 a partir da carreira pol\u00edtica de Emmanuel Macron \u00e9 que sua hist\u00f3ria pessoal se tornou amplamente divulgada.\n<\/p>\n<div style=\"overflow:auto;max-width:100%\">\n<table>\n<tbody>\n<tr>\n<th>Elemento<\/th>\n<th>Detalhe<\/th>\n<th>Per\u00edodo<\/th>\n<\/tr>\n<tr>\n<td>Vida familiar<\/td>\n<td>Tr\u00eas filhos<\/td>\n<td>Antes da vida p\u00fablica<\/td>\n<\/tr>\n<tr>\n<td>Carreira<\/td>\n<td>Professora de letras<\/td>\n<td>Anos 1980-2000<\/td>\n<\/tr>\n<tr>\n<td>Encontro<\/td>\n<td>Emmanuel Macron<\/td>\n<td>Col\u00e9gio La Providence<\/td>\n<\/tr>\n<tr>\n<td>Vida p\u00fablica<\/td>\n<td>Primeira Dama<\/td>\n<td>Desde 2017<\/td>\n<\/tr>\n<\/tbody>\n<\/table>\n<\/div>\n<p>\nAs pesquisas relacionadas a fotos de Brigitte Macron gr\u00e1vida est\u00e3o, portanto, ligadas a um per\u00edodo muito anterior \u00e0 sua vida p\u00fablica. Elas correspondem \u00e0 sua vida familiar antes de se tornar uma personalidade midi\u00e1tica.\n<\/p>\n<h2>FAQ<\/h2>\n<h3>Brigitte Macron esteve gr\u00e1vida?<\/h3>\n<p>\nSim, ela teve tr\u00eas filhos em seu primeiro casamento antes de conhecer Emmanuel Macron.\n<\/p>\n<h3>Por que encontramos fotos de Brigitte Macron gr\u00e1vida na Internet?<\/h3>\n<p>\nEssas imagens geralmente v\u00eam de arquivos pessoais relacionados \u00e0 sua vida privada antes da sua m\u00eddia.\n<\/p>\n<h3>Quantos filhos Brigitte Macron tem?<\/h3>\n<p>\nEla tem tr\u00eas filhos do seu primeiro casamento.\n<\/p>\n<h3>Essas fotos s\u00e3o recentes?<\/h3>\n<p>\nN\u00e3o, elas datam de um per\u00edodo muito anterior ao seu papel como Primeira Dama.\n<\/p>\n<p><br \/>\n[<br \/>\n{<br \/>\n\u00ab\u00a0@context\u00a0\u00bb:\u00a0\u00bbhttps:\/\/schema.org\u00a0\u00bb,<br \/>\n\u00ab\u00a0@type\u00a0\u00bb:\u00a0\u00bbArticle\u00a0\u00bb,<br \/>\n\u00ab\u00a0headline\u00a0\u00bb:\u00a0\u00bbBrigitte Macron gr\u00e1vida: fotos e rumores explicados\u00a0\u00bb,<br \/>\n\u00ab\u00a0description\u00a0\u00bb:\u00a0\u00bbDescubra a hist\u00f3ria das fotos de Brigitte Macron gr\u00e1vida e o contexto de sua vida familiar antes do Pal\u00e1cio do Eliseu.\u00a0\u00bb,<br \/>\n\u00ab\u00a0inLanguage\u00a0\u00bb:\u00a0\u00bbpt\u00a0\u00bb,<br \/>\n\u00ab\u00a0articleSection\u00a0\u00bb:\u00a0\u00bbbiografia\u00a0\u00bb,<br \/>\n\u00ab\u00a0abstract\u00a0\u00bb:\u00a0\u00bbAs fotos de Brigitte Macron gr\u00e1vida referem-se \u00e0 sua vida familiar antes de seu encontro com Emmanuel Macron.\u00a0\u00bb<br \/>\n},<br \/>\n{<br \/>\n\u00ab\u00a0@context\u00a0\u00bb:\u00a0\u00bbhttps:\/\/schema.org\u00a0\u00bb,<br \/>\n\u00ab\u00a0@type\u00a0\u00bb:\u00a0\u00bbFAQPage\u00a0\u00bb,<br \/>\n\u00ab\u00a0mainEntity\u00a0\u00bb:[<br \/>\n{<br \/>\n\u00ab\u00a0@type\u00a0\u00bb:\u00a0\u00bbQuestion\u00a0\u00bb,<br \/>\n\u00ab\u00a0name\u00a0\u00bb:\u00a0\u00bbBrigitte Macron teve filhos?\u00a0\u00bb,<br \/>\n\u00ab\u00a0acceptedAnswer\u00a0\u00bb:{<br \/>\n\u00ab\u00a0@type\u00a0\u00bb:\u00a0\u00bbAnswer\u00a0\u00bb,<br \/>\n\u00ab\u00a0text\u00a0\u00bb:\u00a0\u00bbSim, Brigitte Macron tem tr\u00eas filhos do seu primeiro casamento.\u00a0\u00bb<br \/>\n}<br \/>\n},<br \/>\n{<br \/>\n\u00ab\u00a0@type\u00a0\u00bb:\u00a0\u00bbQuestion\u00a0\u00bb,<br \/>\n\u00ab\u00a0name\u00a0\u00bb:\u00a0\u00bbPor que falamos sobre fotos de Brigitte Macron gr\u00e1vida?\u00a0\u00bb,<br \/>\n\u00ab\u00a0acceptedAnswer\u00a0\u00bb:{<br \/>\n\u00ab\u00a0@type\u00a0\u00bb:\u00a0\u00bbAnswer\u00a0\u00bb,<br \/>\n\u00ab\u00a0text\u00a0\u00bb:\u00a0\u00bbEssas imagens est\u00e3o relacionadas \u00e0 sua vida privada antes da sua m\u00eddia.\u00a0\u00bb<br \/>\n}<br \/>\n}<br \/>\n]<br \/>\n}<br \/>\n]<br \/>\n<\/p>","protected":false},"excerpt":{"rendered":"<p>Imagem gerada por intelig\u00eancia artificial, ilustra\u00e7\u00e3o n\u00e3o real O que \u00e9 importante lembrar: algumas pesquisas na Internet mencionam fotos de Brigitte Macron gr\u00e1vida, mas esses conte\u00fados geralmente est\u00e3o relacionados a rumores ou confus\u00f5es com imagens antigas. Brigitte Macron teve tr\u00eas filhos em seu primeiro casamento muito antes de conhecer Emmanuel Macron, e essas imagens datam &#8230; <a title=\"Brigitte Macron gr\u00e1vida: fotos e rumores explicados\" class=\"read-more\" href=\"https:\/\/www.sebastien-auziere.fr\/blog\/pt\/brigitte-macron-gravida-fotos-e-rumores-explicados\/\" aria-label=\"En savoir plus sur Brigitte Macron gr\u00e1vida: fotos e rumores explicados\">Lire plus<\/a><\/p>\n","protected":false},"author":4,"featured_media":2064,"comment_status":"open","ping_status":"open","sticky":false,"template":"","format":"standard","meta":{"footnotes":""},"categories":[848],"tags":[],"class_list":["post-2200","post","type-post","status-publish","format-standard","has-post-thumbnail","hentry","category-non-classe-pt"],"yoast_head":"<!-- This site is optimized with the Yoast SEO plugin v27.5 - https:\/\/yoast.com\/product\/yoast-seo-wordpress\/ -->\n<title>Brigitte Macron gr\u00e1vida: fotos e rumores explicados - Fan site S\u00e9bastien Auzi\u00e8re<\/title>\n<meta name=\"robots\" content=\"index, follow, max-snippet:-1, max-image-preview:large, max-video-preview:-1\" \/>\n<link rel=\"canonical\" href=\"https:\/\/www.sebastien-auziere.fr\/blog\/pt\/brigitte-macron-gravida-fotos-e-rumores-explicados\/\" \/>\n<meta property=\"og:locale\" content=\"fr_FR\" \/>\n<meta property=\"og:type\" content=\"article\" \/>\n<meta property=\"og:title\" content=\"Brigitte Macron gr\u00e1vida: fotos e rumores explicados - Fan site S\u00e9bastien Auzi\u00e8re\" \/>\n<meta property=\"og:description\" content=\"Imagem gerada por intelig\u00eancia artificial, ilustra\u00e7\u00e3o n\u00e3o real O que \u00e9 importante lembrar: algumas pesquisas na Internet mencionam fotos de Brigitte Macron gr\u00e1vida, mas esses conte\u00fados geralmente est\u00e3o relacionados a rumores ou confus\u00f5es com imagens antigas. Brigitte Macron teve tr\u00eas filhos em seu primeiro casamento muito antes de conhecer Emmanuel Macron, e essas imagens datam ... Lire plus\" \/>\n<meta property=\"og:url\" content=\"https:\/\/www.sebastien-auziere.fr\/blog\/pt\/brigitte-macron-gravida-fotos-e-rumores-explicados\/\" \/>\n<meta property=\"og:site_name\" content=\"Fan site S\u00e9bastien Auzi\u00e8re\" \/>\n<meta property=\"article:published_time\" content=\"2026-03-06T16:07:56+00:00\" \/>\n<meta property=\"article:modified_time\" content=\"2026-03-06T16:08:25+00:00\" \/>\n<meta property=\"og:image\" content=\"https:\/\/www.sebastien-auziere.fr\/blog\/wp-content\/uploads\/2026\/03\/ChatGPT-Image-6-mars-2026-13_30_54.jpg\" \/>\n\t<meta property=\"og:image:width\" content=\"1536\" \/>\n\t<meta property=\"og:image:height\" content=\"1024\" \/>\n\t<meta property=\"og:image:type\" content=\"image\/jpeg\" \/>\n<meta name=\"author\" content=\"Celine\" \/>\n<meta name=\"twitter:card\" content=\"summary_large_image\" \/>\n<meta name=\"twitter:label1\" content=\"\u00c9crit par\" \/>\n\t<meta name=\"twitter:data1\" content=\"Celine\" \/>\n\t<meta name=\"twitter:label2\" content=\"Dur\u00e9e de lecture estim\u00e9e\" \/>\n\t<meta name=\"twitter:data2\" content=\"3 minutes\" \/>\n<script type=\"application\/ld+json\" class=\"yoast-schema-graph\">{\"@context\":\"https:\\\/\\\/schema.org\",\"@graph\":[{\"@type\":\"Article\",\"@id\":\"https:\\\/\\\/www.sebastien-auziere.fr\\\/blog\\\/pt\\\/brigitte-macron-gravida-fotos-e-rumores-explicados\\\/#article\",\"isPartOf\":{\"@id\":\"https:\\\/\\\/www.sebastien-auziere.fr\\\/blog\\\/pt\\\/brigitte-macron-gravida-fotos-e-rumores-explicados\\\/\"},\"author\":{\"name\":\"Celine\",\"@id\":\"https:\\\/\\\/www.sebastien-auziere.fr\\\/blog\\\/#\\\/schema\\\/person\\\/1e270a963009242469ed08b1c461f81f\"},\"headline\":\"Brigitte Macron gr\u00e1vida: fotos e rumores explicados\",\"datePublished\":\"2026-03-06T16:07:56+00:00\",\"dateModified\":\"2026-03-06T16:08:25+00:00\",\"mainEntityOfPage\":{\"@id\":\"https:\\\/\\\/www.sebastien-auziere.fr\\\/blog\\\/pt\\\/brigitte-macron-gravida-fotos-e-rumores-explicados\\\/\"},\"wordCount\":700,\"commentCount\":0,\"publisher\":{\"@id\":\"https:\\\/\\\/www.sebastien-auziere.fr\\\/blog\\\/#organization\"},\"image\":{\"@id\":\"https:\\\/\\\/www.sebastien-auziere.fr\\\/blog\\\/pt\\\/brigitte-macron-gravida-fotos-e-rumores-explicados\\\/#primaryimage\"},\"thumbnailUrl\":\"https:\\\/\\\/www.sebastien-auziere.fr\\\/blog\\\/wp-content\\\/uploads\\\/2026\\\/03\\\/ChatGPT-Image-6-mars-2026-13_30_54.jpg\",\"inLanguage\":\"fr-FR\",\"potentialAction\":[{\"@type\":\"CommentAction\",\"name\":\"Comment\",\"target\":[\"https:\\\/\\\/www.sebastien-auziere.fr\\\/blog\\\/pt\\\/brigitte-macron-gravida-fotos-e-rumores-explicados\\\/#respond\"]}]},{\"@type\":\"WebPage\",\"@id\":\"https:\\\/\\\/www.sebastien-auziere.fr\\\/blog\\\/pt\\\/brigitte-macron-gravida-fotos-e-rumores-explicados\\\/\",\"url\":\"https:\\\/\\\/www.sebastien-auziere.fr\\\/blog\\\/pt\\\/brigitte-macron-gravida-fotos-e-rumores-explicados\\\/\",\"name\":\"Brigitte Macron gr\u00e1vida: fotos e rumores explicados - Fan site S\u00e9bastien Auzi\u00e8re\",\"isPartOf\":{\"@id\":\"https:\\\/\\\/www.sebastien-auziere.fr\\\/blog\\\/#website\"},\"primaryImageOfPage\":{\"@id\":\"https:\\\/\\\/www.sebastien-auziere.fr\\\/blog\\\/pt\\\/brigitte-macron-gravida-fotos-e-rumores-explicados\\\/#primaryimage\"},\"image\":{\"@id\":\"https:\\\/\\\/www.sebastien-auziere.fr\\\/blog\\\/pt\\\/brigitte-macron-gravida-fotos-e-rumores-explicados\\\/#primaryimage\"},\"thumbnailUrl\":\"https:\\\/\\\/www.sebastien-auziere.fr\\\/blog\\\/wp-content\\\/uploads\\\/2026\\\/03\\\/ChatGPT-Image-6-mars-2026-13_30_54.jpg\",\"datePublished\":\"2026-03-06T16:07:56+00:00\",\"dateModified\":\"2026-03-06T16:08:25+00:00\",\"breadcrumb\":{\"@id\":\"https:\\\/\\\/www.sebastien-auziere.fr\\\/blog\\\/pt\\\/brigitte-macron-gravida-fotos-e-rumores-explicados\\\/#breadcrumb\"},\"inLanguage\":\"fr-FR\",\"potentialAction\":[{\"@type\":\"ReadAction\",\"target\":[\"https:\\\/\\\/www.sebastien-auziere.fr\\\/blog\\\/pt\\\/brigitte-macron-gravida-fotos-e-rumores-explicados\\\/\"]}]},{\"@type\":\"ImageObject\",\"inLanguage\":\"fr-FR\",\"@id\":\"https:\\\/\\\/www.sebastien-auziere.fr\\\/blog\\\/pt\\\/brigitte-macron-gravida-fotos-e-rumores-explicados\\\/#primaryimage\",\"url\":\"https:\\\/\\\/www.sebastien-auziere.fr\\\/blog\\\/wp-content\\\/uploads\\\/2026\\\/03\\\/ChatGPT-Image-6-mars-2026-13_30_54.jpg\",\"contentUrl\":\"https:\\\/\\\/www.sebastien-auziere.fr\\\/blog\\\/wp-content\\\/uploads\\\/2026\\\/03\\\/ChatGPT-Image-6-mars-2026-13_30_54.jpg\",\"width\":1536,\"height\":1024,\"caption\":\"Brigitte Macron enceinte\"},{\"@type\":\"BreadcrumbList\",\"@id\":\"https:\\\/\\\/www.sebastien-auziere.fr\\\/blog\\\/pt\\\/brigitte-macron-gravida-fotos-e-rumores-explicados\\\/#breadcrumb\",\"itemListElement\":[{\"@type\":\"ListItem\",\"position\":1,\"name\":\"Home\",\"item\":\"https:\\\/\\\/www.sebastien-auziere.fr\\\/blog\\\/\"},{\"@type\":\"ListItem\",\"position\":2,\"name\":\"Brigitte Macron gr\u00e1vida: fotos e rumores explicados\"}]},{\"@type\":\"WebSite\",\"@id\":\"https:\\\/\\\/www.sebastien-auziere.fr\\\/blog\\\/#website\",\"url\":\"https:\\\/\\\/www.sebastien-auziere.fr\\\/blog\\\/\",\"name\":\"Fan site S\u00e9bastien Auzi\u00e8re\",\"description\":\"M\u00e9dia g\u00e9n\u00e9raliste\",\"publisher\":{\"@id\":\"https:\\\/\\\/www.sebastien-auziere.fr\\\/blog\\\/#organization\"},\"potentialAction\":[{\"@type\":\"SearchAction\",\"target\":{\"@type\":\"EntryPoint\",\"urlTemplate\":\"https:\\\/\\\/www.sebastien-auziere.fr\\\/blog\\\/?s={search_term_string}\"},\"query-input\":{\"@type\":\"PropertyValueSpecification\",\"valueRequired\":true,\"valueName\":\"search_term_string\"}}],\"inLanguage\":\"fr-FR\"},{\"@type\":\"Organization\",\"@id\":\"https:\\\/\\\/www.sebastien-auziere.fr\\\/blog\\\/#organization\",\"name\":\"Fan site S\u00e9bastien Auzi\u00e8re\",\"url\":\"https:\\\/\\\/www.sebastien-auziere.fr\\\/blog\\\/\",\"logo\":{\"@type\":\"ImageObject\",\"inLanguage\":\"fr-FR\",\"@id\":\"https:\\\/\\\/www.sebastien-auziere.fr\\\/blog\\\/#\\\/schema\\\/logo\\\/image\\\/\",\"url\":\"https:\\\/\\\/www.sebastien-auziere.fr\\\/blog\\\/wp-content\\\/uploads\\\/2026\\\/03\\\/cropped-cropped-cropped-ChatGPT-Image-6-mars-2026-12_58_09-e1772798376794.jpg\",\"contentUrl\":\"https:\\\/\\\/www.sebastien-auziere.fr\\\/blog\\\/wp-content\\\/uploads\\\/2026\\\/03\\\/cropped-cropped-cropped-ChatGPT-Image-6-mars-2026-12_58_09-e1772798376794.jpg\",\"width\":512,\"height\":360,\"caption\":\"Fan site S\u00e9bastien Auzi\u00e8re\"},\"image\":{\"@id\":\"https:\\\/\\\/www.sebastien-auziere.fr\\\/blog\\\/#\\\/schema\\\/logo\\\/image\\\/\"}},{\"@type\":\"Person\",\"@id\":\"https:\\\/\\\/www.sebastien-auziere.fr\\\/blog\\\/#\\\/schema\\\/person\\\/1e270a963009242469ed08b1c461f81f\",\"name\":\"Celine\",\"image\":{\"@type\":\"ImageObject\",\"inLanguage\":\"fr-FR\",\"@id\":\"https:\\\/\\\/secure.gravatar.com\\\/avatar\\\/c88d569fbe1fe19a13c7f21ee0f8973822df96073df21850b95af6a09ba820c9?s=96&d=mm&r=g\",\"url\":\"https:\\\/\\\/secure.gravatar.com\\\/avatar\\\/c88d569fbe1fe19a13c7f21ee0f8973822df96073df21850b95af6a09ba820c9?s=96&d=mm&r=g\",\"contentUrl\":\"https:\\\/\\\/secure.gravatar.com\\\/avatar\\\/c88d569fbe1fe19a13c7f21ee0f8973822df96073df21850b95af6a09ba820c9?s=96&d=mm&r=g\",\"caption\":\"Celine\"},\"description\":\"Je m'appelle C\u00e9line, j'ai 31 ans et je suis journaliste sp\u00e9cialis\u00e9e dans le cin\u00e9ma. Passionn\u00e9e par le septi\u00e8me art, j'explore les actualit\u00e9s, les critiques et les tendances du monde cin\u00e9matographique. Mon objectif est de partager ma passion et d'informer les amateurs de films \u00e0 travers des articles percutants et des analyses approfondies.\",\"url\":\"https:\\\/\\\/www.sebastien-auziere.fr\\\/blog\\\/author\\\/celine\\\/\"}]}<\/script>\n<!-- \/ Yoast SEO plugin. -->","yoast_head_json":{"title":"Brigitte Macron gr\u00e1vida: fotos e rumores explicados - Fan site S\u00e9bastien Auzi\u00e8re","robots":{"index":"index","follow":"follow","max-snippet":"max-snippet:-1","max-image-preview":"max-image-preview:large","max-video-preview":"max-video-preview:-1"},"canonical":"https:\/\/www.sebastien-auziere.fr\/blog\/pt\/brigitte-macron-gravida-fotos-e-rumores-explicados\/","og_locale":"fr_FR","og_type":"article","og_title":"Brigitte Macron gr\u00e1vida: fotos e rumores explicados - Fan site S\u00e9bastien Auzi\u00e8re","og_description":"Imagem gerada por intelig\u00eancia artificial, ilustra\u00e7\u00e3o n\u00e3o real O que \u00e9 importante lembrar: algumas pesquisas na Internet mencionam fotos de Brigitte Macron gr\u00e1vida, mas esses conte\u00fados geralmente est\u00e3o relacionados a rumores ou confus\u00f5es com imagens antigas. Brigitte Macron teve tr\u00eas filhos em seu primeiro casamento muito antes de conhecer Emmanuel Macron, e essas imagens datam ... Lire plus","og_url":"https:\/\/www.sebastien-auziere.fr\/blog\/pt\/brigitte-macron-gravida-fotos-e-rumores-explicados\/","og_site_name":"Fan site S\u00e9bastien Auzi\u00e8re","article_published_time":"2026-03-06T16:07:56+00:00","article_modified_time":"2026-03-06T16:08:25+00:00","og_image":[{"width":1536,"height":1024,"url":"https:\/\/www.sebastien-auziere.fr\/blog\/wp-content\/uploads\/2026\/03\/ChatGPT-Image-6-mars-2026-13_30_54.jpg","type":"image\/jpeg"}],"author":"Celine","twitter_card":"summary_large_image","twitter_misc":{"\u00c9crit par":"Celine","Dur\u00e9e de lecture estim\u00e9e":"3 minutes"},"schema":{"@context":"https:\/\/schema.org","@graph":[{"@type":"Article","@id":"https:\/\/www.sebastien-auziere.fr\/blog\/pt\/brigitte-macron-gravida-fotos-e-rumores-explicados\/#article","isPartOf":{"@id":"https:\/\/www.sebastien-auziere.fr\/blog\/pt\/brigitte-macron-gravida-fotos-e-rumores-explicados\/"},"author":{"name":"Celine","@id":"https:\/\/www.sebastien-auziere.fr\/blog\/#\/schema\/person\/1e270a963009242469ed08b1c461f81f"},"headline":"Brigitte Macron gr\u00e1vida: fotos e rumores explicados","datePublished":"2026-03-06T16:07:56+00:00","dateModified":"2026-03-06T16:08:25+00:00","mainEntityOfPage":{"@id":"https:\/\/www.sebastien-auziere.fr\/blog\/pt\/brigitte-macron-gravida-fotos-e-rumores-explicados\/"},"wordCount":700,"commentCount":0,"publisher":{"@id":"https:\/\/www.sebastien-auziere.fr\/blog\/#organization"},"image":{"@id":"https:\/\/www.sebastien-auziere.fr\/blog\/pt\/brigitte-macron-gravida-fotos-e-rumores-explicados\/#primaryimage"},"thumbnailUrl":"https:\/\/www.sebastien-auziere.fr\/blog\/wp-content\/uploads\/2026\/03\/ChatGPT-Image-6-mars-2026-13_30_54.jpg","inLanguage":"fr-FR","potentialAction":[{"@type":"CommentAction","name":"Comment","target":["https:\/\/www.sebastien-auziere.fr\/blog\/pt\/brigitte-macron-gravida-fotos-e-rumores-explicados\/#respond"]}]},{"@type":"WebPage","@id":"https:\/\/www.sebastien-auziere.fr\/blog\/pt\/brigitte-macron-gravida-fotos-e-rumores-explicados\/","url":"https:\/\/www.sebastien-auziere.fr\/blog\/pt\/brigitte-macron-gravida-fotos-e-rumores-explicados\/","name":"Brigitte Macron gr\u00e1vida: fotos e rumores explicados - Fan site S\u00e9bastien Auzi\u00e8re","isPartOf":{"@id":"https:\/\/www.sebastien-auziere.fr\/blog\/#website"},"primaryImageOfPage":{"@id":"https:\/\/www.sebastien-auziere.fr\/blog\/pt\/brigitte-macron-gravida-fotos-e-rumores-explicados\/#primaryimage"},"image":{"@id":"https:\/\/www.sebastien-auziere.fr\/blog\/pt\/brigitte-macron-gravida-fotos-e-rumores-explicados\/#primaryimage"},"thumbnailUrl":"https:\/\/www.sebastien-auziere.fr\/blog\/wp-content\/uploads\/2026\/03\/ChatGPT-Image-6-mars-2026-13_30_54.jpg","datePublished":"2026-03-06T16:07:56+00:00","dateModified":"2026-03-06T16:08:25+00:00","breadcrumb":{"@id":"https:\/\/www.sebastien-auziere.fr\/blog\/pt\/brigitte-macron-gravida-fotos-e-rumores-explicados\/#breadcrumb"},"inLanguage":"fr-FR","potentialAction":[{"@type":"ReadAction","target":["https:\/\/www.sebastien-auziere.fr\/blog\/pt\/brigitte-macron-gravida-fotos-e-rumores-explicados\/"]}]},{"@type":"ImageObject","inLanguage":"fr-FR","@id":"https:\/\/www.sebastien-auziere.fr\/blog\/pt\/brigitte-macron-gravida-fotos-e-rumores-explicados\/#primaryimage","url":"https:\/\/www.sebastien-auziere.fr\/blog\/wp-content\/uploads\/2026\/03\/ChatGPT-Image-6-mars-2026-13_30_54.jpg","contentUrl":"https:\/\/www.sebastien-auziere.fr\/blog\/wp-content\/uploads\/2026\/03\/ChatGPT-Image-6-mars-2026-13_30_54.jpg","width":1536,"height":1024,"caption":"Brigitte Macron enceinte"},{"@type":"BreadcrumbList","@id":"https:\/\/www.sebastien-auziere.fr\/blog\/pt\/brigitte-macron-gravida-fotos-e-rumores-explicados\/#breadcrumb","itemListElement":[{"@type":"ListItem","position":1,"name":"Home","item":"https:\/\/www.sebastien-auziere.fr\/blog\/"},{"@type":"ListItem","position":2,"name":"Brigitte Macron gr\u00e1vida: fotos e rumores explicados"}]},{"@type":"WebSite","@id":"https:\/\/www.sebastien-auziere.fr\/blog\/#website","url":"https:\/\/www.sebastien-auziere.fr\/blog\/","name":"Fan site S\u00e9bastien Auzi\u00e8re","description":"M\u00e9dia g\u00e9n\u00e9raliste","publisher":{"@id":"https:\/\/www.sebastien-auziere.fr\/blog\/#organization"},"potentialAction":[{"@type":"SearchAction","target":{"@type":"EntryPoint","urlTemplate":"https:\/\/www.sebastien-auziere.fr\/blog\/?s={search_term_string}"},"query-input":{"@type":"PropertyValueSpecification","valueRequired":true,"valueName":"search_term_string"}}],"inLanguage":"fr-FR"},{"@type":"Organization","@id":"https:\/\/www.sebastien-auziere.fr\/blog\/#organization","name":"Fan site S\u00e9bastien Auzi\u00e8re","url":"https:\/\/www.sebastien-auziere.fr\/blog\/","logo":{"@type":"ImageObject","inLanguage":"fr-FR","@id":"https:\/\/www.sebastien-auziere.fr\/blog\/#\/schema\/logo\/image\/","url":"https:\/\/www.sebastien-auziere.fr\/blog\/wp-content\/uploads\/2026\/03\/cropped-cropped-cropped-ChatGPT-Image-6-mars-2026-12_58_09-e1772798376794.jpg","contentUrl":"https:\/\/www.sebastien-auziere.fr\/blog\/wp-content\/uploads\/2026\/03\/cropped-cropped-cropped-ChatGPT-Image-6-mars-2026-12_58_09-e1772798376794.jpg","width":512,"height":360,"caption":"Fan site S\u00e9bastien Auzi\u00e8re"},"image":{"@id":"https:\/\/www.sebastien-auziere.fr\/blog\/#\/schema\/logo\/image\/"}},{"@type":"Person","@id":"https:\/\/www.sebastien-auziere.fr\/blog\/#\/schema\/person\/1e270a963009242469ed08b1c461f81f","name":"Celine","image":{"@type":"ImageObject","inLanguage":"fr-FR","@id":"https:\/\/secure.gravatar.com\/avatar\/c88d569fbe1fe19a13c7f21ee0f8973822df96073df21850b95af6a09ba820c9?s=96&d=mm&r=g","url":"https:\/\/secure.gravatar.com\/avatar\/c88d569fbe1fe19a13c7f21ee0f8973822df96073df21850b95af6a09ba820c9?s=96&d=mm&r=g","contentUrl":"https:\/\/secure.gravatar.com\/avatar\/c88d569fbe1fe19a13c7f21ee0f8973822df96073df21850b95af6a09ba820c9?s=96&d=mm&r=g","caption":"Celine"},"description":"Je m'appelle C\u00e9line, j'ai 31 ans et je suis journaliste sp\u00e9cialis\u00e9e dans le cin\u00e9ma. Passionn\u00e9e par le septi\u00e8me art, j'explore les actualit\u00e9s, les critiques et les tendances du monde cin\u00e9matographique. Mon objectif est de partager ma passion et d'informer les amateurs de films \u00e0 travers des articles percutants et des analyses approfondies.","url":"https:\/\/www.sebastien-auziere.fr\/blog\/author\/celine\/"}]}},"views":170,"_links":{"self":[{"href":"https:\/\/www.sebastien-auziere.fr\/blog\/wp-json\/wp\/v2\/posts\/2200","targetHints":{"allow":["GET"]}}],"collection":[{"href":"https:\/\/www.sebastien-auziere.fr\/blog\/wp-json\/wp\/v2\/posts"}],"about":[{"href":"https:\/\/www.sebastien-auziere.fr\/blog\/wp-json\/wp\/v2\/types\/post"}],"author":[{"embeddable":true,"href":"https:\/\/www.sebastien-auziere.fr\/blog\/wp-json\/wp\/v2\/users\/4"}],"replies":[{"embeddable":true,"href":"https:\/\/www.sebastien-auziere.fr\/blog\/wp-json\/wp\/v2\/comments?post=2200"}],"version-history":[{"count":1,"href":"https:\/\/www.sebastien-auziere.fr\/blog\/wp-json\/wp\/v2\/posts\/2200\/revisions"}],"predecessor-version":[{"id":2201,"href":"https:\/\/www.sebastien-auziere.fr\/blog\/wp-json\/wp\/v2\/posts\/2200\/revisions\/2201"}],"wp:featuredmedia":[{"embeddable":true,"href":"https:\/\/www.sebastien-auziere.fr\/blog\/wp-json\/wp\/v2\/media\/2064"}],"wp:attachment":[{"href":"https:\/\/www.sebastien-auziere.fr\/blog\/wp-json\/wp\/v2\/media?parent=2200"}],"wp:term":[{"taxonomy":"category","embeddable":true,"href":"https:\/\/www.sebastien-auziere.fr\/blog\/wp-json\/wp\/v2\/categories?post=2200"},{"taxonomy":"post_tag","embeddable":true,"href":"https:\/\/www.sebastien-auziere.fr\/blog\/wp-json\/wp\/v2\/tags?post=2200"}],"curies":[{"name":"wp","href":"https:\/\/api.w.org\/{rel}","templated":true}]}}