{"id":2198,"date":"2026-03-06T16:07:11","date_gmt":"2026-03-06T16:07:11","guid":{"rendered":"https:\/\/www.sebastien-auziere.fr\/blog\/?p=2198"},"modified":"2026-03-06T16:07:44","modified_gmt":"2026-03-06T16:07:44","slug":"brigitte-macron-incinta-foto-e-voci-spiegate","status":"publish","type":"post","link":"https:\/\/www.sebastien-auziere.fr\/blog\/it\/brigitte-macron-incinta-foto-e-voci-spiegate\/","title":{"rendered":"Brigitte Macron incinta : foto e voci spiegate"},"content":{"rendered":"\n<p>Immagine generata da intelligenza artificiale, illustrazione non reale<\/p>\n\n\n<p style=\"padding: 24px;background: lightblue\">\nCosa c&rsquo;\u00e8 da sapere: alcune ricerche su Internet menzionano <strong>foto di Brigitte Macron incinta<\/strong>, ma questi contenuti sono generalmente legati a voci o a confusione con immagini vecchie. Brigitte Macron ha avuto tre figli durante il suo primo matrimonio, ben prima di incontrare Emmanuel Macron, e queste immagini risalgono a quel periodo della sua vita privata.\n<\/p>\n<p>\nSu Internet, molte persone cercano informazioni su <strong>Brigitte Macron incinta<\/strong> o su eventuali foto di quel periodo. In realt\u00e0, queste immagini rimandano a un periodo ben precedente al suo incontro con Emmanuel Macron. In questo articolo, comprenderai <strong>il contesto di queste foto, la sua storia familiare e l&rsquo;origine di alcune voci<\/strong>.\n<\/p>\n<ol>\n<li><a href=\"#vie-familiale\">La vita familiare di Brigitte Macron<\/a><\/li>\n<li><a href=\"#photos-enceinte\">Le foto di Brigitte Macron incinta<\/a><\/li>\n<li><a href=\"#origine-rumeurs\">L\u2019origine delle voci su Internet<\/a><\/li>\n<li><a href=\"#vie-avant-macron\">La sua vita prima di Emmanuel Macron<\/a><\/li>\n<\/ol>\n<h2 id=\"vie-familiale\">La vita familiare di Brigitte Macron<\/h2>\n<p>\nPrima di essere conosciuta come Prima dama, Brigitte Macron \u2013 nata Brigitte Trogneux \u2013 ha costruito una vita familiare ben prima del suo ingresso nella vita politica.\n<\/p>\n<h3>Una famiglia prima dell\u2019\u00c9lys\u00e9e<\/h3>\n<p>\nHa avuto tre figli durante il suo primo matrimonio:\n<\/p>\n<ul>\n<li>S\u00e9bastien Auzi\u00e8re<\/li>\n<li>Laurence Auzi\u00e8re<\/li>\n<li>Tiphaine Auzi\u00e8re<\/li>\n<\/ul>\n<p>\nQuesti figli sono nati diversi anni prima del suo incontro con Emmanuel Macron.\n<\/p>\n<h2 id=\"photos-enceinte\">Le foto di Brigitte Macron incinta<\/h2>\n<p>\nLe foto menzionate su Internet provengono generalmente da archivi personali o da documenti legati alla sua vita prima di diventare una figura pubblica.\n<\/p>\n<h3>Immagini vecchie<\/h3>\n<p>\nQueste immagini risalgono al periodo in cui viveva una vita privata lontana dall&rsquo;attenzione mediatica.\n<\/p>\n<p>\nIn quel periodo, era insegnante e conduceva una vita familiare classica ad Amiens.\n<\/p>\n<h2 id=\"origine-rumeurs\">L\u2019origine delle voci su Internet<\/h2>\n<p>\nLe personalit\u00e0 pubbliche sono spesso oggetto di molte ricerche e speculazioni su Internet.\n<\/p>\n<h3>Confusioni e informazioni distorte<\/h3>\n<p>\nAlcune ricerche o immagini circolanti online possono essere estratte dal loro contesto o mal interpretate.\n<\/p>\n<ul>\n<li>Immagini vecchie<\/li>\n<li>Confusione con foto d\u2019archivio<\/li>\n<li>Voci amplificate sui social media<\/li>\n<\/ul>\n<p>\n\u00c8 quindi importante contestualizzare queste immagini nel loro contesto storico.\n<\/p>\n<h2 id=\"vie-avant-macron\">La sua vita prima di Emmanuel Macron<\/h2>\n<p>\nPrima del suo incontro con Emmanuel Macron, Brigitte Macron conduceva una carriera nell&rsquo;insegnamento e una vita familiare discreta.\n<\/p>\n<h3>Una professoressa di lettere<\/h3>\n<p>\nInsegnava letteratura e teatro in diverse istituzioni scolastiche.\n<\/p>\n<p>\n\u00c8 solo a partire dalla carriera politica di Emmanuel Macron che la sua storia personale \u00e8 diventata ampiamente mediaticizzata.\n<\/p>\n<div style=\"overflow:auto;max-width:100%\">\n<table>\n<tbody>\n<tr>\n<th>Elemento<\/th>\n<th>Dettaglio<\/th>\n<th>Periodo<\/th>\n<\/tr>\n<tr>\n<td>Vita familiare<\/td>\n<td>Tre figli<\/td>\n<td>Prima della vita pubblica<\/td>\n<\/tr>\n<tr>\n<td>Carriera<\/td>\n<td>Professoressa di lettere<\/td>\n<td>Anni 1980-2000<\/td>\n<\/tr>\n<tr>\n<td>Incontro<\/td>\n<td>Emmanuel Macron<\/td>\n<td>Lycee La Providence<\/td>\n<\/tr>\n<tr>\n<td>Vita pubblica<\/td>\n<td>Prima dama<\/td>\n<td>Dal 2017<\/td>\n<\/tr>\n<\/tbody>\n<\/table>\n<\/div>\n<p>\nLe ricerche riguardanti le foto di Brigitte Macron incinta sono quindi legate a un periodo ben precedente alla sua vita pubblica. Corrispondono alla sua vita familiare prima che diventasse una figura mediatica.\n<\/p>\n<h2>FAQ<\/h2>\n<h3>Brigitte Macron \u00e8 stata incinta?<\/h3>\n<p>\nS\u00ec, ha avuto tre figli durante il suo primo matrimonio prima del suo incontro con Emmanuel Macron.\n<\/p>\n<h3>Perch\u00e9 troviamo foto di Brigitte Macron incinta su Internet?<\/h3>\n<p>\nQueste immagini provengono generalmente da archivi personali legati alla sua vita privata prima della sua mediatizzazione.\n<\/p>\n<h3>Quanti figli ha Brigitte Macron?<\/h3>\n<p>\nHa tre figli dal suo primo matrimonio.\n<\/p>\n<h3>Queste foto sono recenti?<\/h3>\n<p>\nNo, risalgono a un periodo ben precedente al suo ruolo di Prima dama.\n<\/p>\n<p><br \/>\n[<br \/>\n{<br \/>\n\u00ab\u00a0@context\u00a0\u00bb:\u00a0\u00bbhttps:\/\/schema.org\u00a0\u00bb,<br \/>\n\u00ab\u00a0@type\u00a0\u00bb:\u00a0\u00bbArticle\u00a0\u00bb,<br \/>\n\u00ab\u00a0headline\u00a0\u00bb:\u00a0\u00bbBrigitte Macron incinta: foto e voci spiegate\u00a0\u00bb,<br \/>\n\u00ab\u00a0description\u00a0\u00bb:\u00a0\u00bbScopri la storia delle foto di Brigitte Macron incinta e il contesto della sua vita familiare prima dell\u2019\u00c9lys\u00e9e.\u00a0\u00bb,<br \/>\n\u00ab\u00a0inLanguage\u00a0\u00bb:\u00a0\u00bbit\u00a0\u00bb,<br \/>\n\u00ab\u00a0articleSection\u00a0\u00bb:\u00a0\u00bbbiografia\u00a0\u00bb,<br \/>\n\u00ab\u00a0abstract\u00a0\u00bb:\u00a0\u00bbLe foto di Brigitte Macron incinta rimandano alla sua vita familiare prima del suo incontro con Emmanuel Macron.\u00a0\u00bb<br \/>\n},<br \/>\n{<br \/>\n\u00ab\u00a0@context\u00a0\u00bb:\u00a0\u00bbhttps:\/\/schema.org\u00a0\u00bb,<br \/>\n\u00ab\u00a0@type\u00a0\u00bb:\u00a0\u00bbFAQPage\u00a0\u00bb,<br \/>\n\u00ab\u00a0mainEntity\u00a0\u00bb:[<br \/>\n{<br \/>\n\u00ab\u00a0@type\u00a0\u00bb:\u00a0\u00bbQuestion\u00a0\u00bb,<br \/>\n\u00ab\u00a0name\u00a0\u00bb:\u00a0\u00bbBrigitte Macron ha avuto dei figli?\u00a0\u00bb,<br \/>\n\u00ab\u00a0acceptedAnswer\u00a0\u00bb:{<br \/>\n\u00ab\u00a0@type\u00a0\u00bb:\u00a0\u00bbAnswer\u00a0\u00bb,<br \/>\n\u00ab\u00a0text\u00a0\u00bb:\u00a0\u00bbS\u00ec, Brigitte Macron ha tre figli dal suo primo matrimonio.\u00a0\u00bb<br \/>\n}<br \/>\n},<br \/>\n{<br \/>\n\u00ab\u00a0@type\u00a0\u00bb:\u00a0\u00bbQuestion\u00a0\u00bb,<br \/>\n\u00ab\u00a0name\u00a0\u00bb:\u00a0\u00bbPerch\u00e9 si parla di foto di Brigitte Macron incinta?\u00a0\u00bb,<br \/>\n\u00ab\u00a0acceptedAnswer\u00a0\u00bb:{<br \/>\n\u00ab\u00a0@type\u00a0\u00bb:\u00a0\u00bbAnswer\u00a0\u00bb,<br \/>\n\u00ab\u00a0text\u00a0\u00bb:\u00a0\u00bbQueste immagini sono legate alla sua vita privata prima della sua mediatizzazione.\u00a0\u00bb<br \/>\n}<br \/>\n}<br \/>\n]<br \/>\n}<br \/>\n]<\/br>\n<\/p>","protected":false},"excerpt":{"rendered":"<p>Immagine generata da intelligenza artificiale, illustrazione non reale Cosa c&rsquo;\u00e8 da sapere: alcune ricerche su Internet menzionano foto di Brigitte Macron incinta, ma questi contenuti sono generalmente legati a voci o a confusione con immagini vecchie. Brigitte Macron ha avuto tre figli durante il suo primo matrimonio, ben prima di incontrare Emmanuel Macron, e queste &#8230; <a title=\"Brigitte Macron incinta : foto e voci spiegate\" class=\"read-more\" href=\"https:\/\/www.sebastien-auziere.fr\/blog\/it\/brigitte-macron-incinta-foto-e-voci-spiegate\/\" aria-label=\"En savoir plus sur Brigitte Macron incinta : foto e voci spiegate\">Lire plus<\/a><\/p>\n","protected":false},"author":4,"featured_media":2064,"comment_status":"open","ping_status":"open","sticky":false,"template":"","format":"standard","meta":{"footnotes":""},"categories":[843],"tags":[],"class_list":["post-2198","post","type-post","status-publish","format-standard","has-post-thumbnail","hentry","category-non-classe-it"],"yoast_head":"<!-- This site is optimized with the Yoast SEO plugin v27.5 - https:\/\/yoast.com\/product\/yoast-seo-wordpress\/ -->\n<title>Brigitte Macron incinta : foto e voci spiegate - Fan site S\u00e9bastien Auzi\u00e8re<\/title>\n<meta name=\"robots\" content=\"index, follow, max-snippet:-1, max-image-preview:large, max-video-preview:-1\" \/>\n<link rel=\"canonical\" href=\"https:\/\/www.sebastien-auziere.fr\/blog\/it\/brigitte-macron-incinta-foto-e-voci-spiegate\/\" \/>\n<meta property=\"og:locale\" content=\"fr_FR\" \/>\n<meta property=\"og:type\" content=\"article\" \/>\n<meta property=\"og:title\" content=\"Brigitte Macron incinta : foto e voci spiegate - Fan site S\u00e9bastien Auzi\u00e8re\" \/>\n<meta property=\"og:description\" content=\"Immagine generata da intelligenza artificiale, illustrazione non reale Cosa c&rsquo;\u00e8 da sapere: alcune ricerche su Internet menzionano foto di Brigitte Macron incinta, ma questi contenuti sono generalmente legati a voci o a confusione con immagini vecchie. Brigitte Macron ha avuto tre figli durante il suo primo matrimonio, ben prima di incontrare Emmanuel Macron, e queste ... Lire plus\" \/>\n<meta property=\"og:url\" content=\"https:\/\/www.sebastien-auziere.fr\/blog\/it\/brigitte-macron-incinta-foto-e-voci-spiegate\/\" \/>\n<meta property=\"og:site_name\" content=\"Fan site S\u00e9bastien Auzi\u00e8re\" \/>\n<meta property=\"article:published_time\" content=\"2026-03-06T16:07:11+00:00\" \/>\n<meta property=\"article:modified_time\" content=\"2026-03-06T16:07:44+00:00\" \/>\n<meta property=\"og:image\" content=\"https:\/\/www.sebastien-auziere.fr\/blog\/wp-content\/uploads\/2026\/03\/ChatGPT-Image-6-mars-2026-13_30_54.jpg\" \/>\n\t<meta property=\"og:image:width\" content=\"1536\" \/>\n\t<meta property=\"og:image:height\" content=\"1024\" \/>\n\t<meta property=\"og:image:type\" content=\"image\/jpeg\" \/>\n<meta name=\"author\" content=\"Celine\" \/>\n<meta name=\"twitter:card\" content=\"summary_large_image\" \/>\n<meta name=\"twitter:label1\" content=\"\u00c9crit par\" \/>\n\t<meta name=\"twitter:data1\" content=\"Celine\" \/>\n\t<meta name=\"twitter:label2\" content=\"Dur\u00e9e de lecture estim\u00e9e\" \/>\n\t<meta name=\"twitter:data2\" content=\"3 minutes\" \/>\n<script type=\"application\/ld+json\" class=\"yoast-schema-graph\">{\"@context\":\"https:\\\/\\\/schema.org\",\"@graph\":[{\"@type\":\"Article\",\"@id\":\"https:\\\/\\\/www.sebastien-auziere.fr\\\/blog\\\/it\\\/brigitte-macron-incinta-foto-e-voci-spiegate\\\/#article\",\"isPartOf\":{\"@id\":\"https:\\\/\\\/www.sebastien-auziere.fr\\\/blog\\\/it\\\/brigitte-macron-incinta-foto-e-voci-spiegate\\\/\"},\"author\":{\"name\":\"Celine\",\"@id\":\"https:\\\/\\\/www.sebastien-auziere.fr\\\/blog\\\/#\\\/schema\\\/person\\\/1e270a963009242469ed08b1c461f81f\"},\"headline\":\"Brigitte Macron incinta : foto e voci spiegate\",\"datePublished\":\"2026-03-06T16:07:11+00:00\",\"dateModified\":\"2026-03-06T16:07:44+00:00\",\"mainEntityOfPage\":{\"@id\":\"https:\\\/\\\/www.sebastien-auziere.fr\\\/blog\\\/it\\\/brigitte-macron-incinta-foto-e-voci-spiegate\\\/\"},\"wordCount\":639,\"commentCount\":0,\"publisher\":{\"@id\":\"https:\\\/\\\/www.sebastien-auziere.fr\\\/blog\\\/#organization\"},\"image\":{\"@id\":\"https:\\\/\\\/www.sebastien-auziere.fr\\\/blog\\\/it\\\/brigitte-macron-incinta-foto-e-voci-spiegate\\\/#primaryimage\"},\"thumbnailUrl\":\"https:\\\/\\\/www.sebastien-auziere.fr\\\/blog\\\/wp-content\\\/uploads\\\/2026\\\/03\\\/ChatGPT-Image-6-mars-2026-13_30_54.jpg\",\"inLanguage\":\"fr-FR\",\"potentialAction\":[{\"@type\":\"CommentAction\",\"name\":\"Comment\",\"target\":[\"https:\\\/\\\/www.sebastien-auziere.fr\\\/blog\\\/it\\\/brigitte-macron-incinta-foto-e-voci-spiegate\\\/#respond\"]}]},{\"@type\":\"WebPage\",\"@id\":\"https:\\\/\\\/www.sebastien-auziere.fr\\\/blog\\\/it\\\/brigitte-macron-incinta-foto-e-voci-spiegate\\\/\",\"url\":\"https:\\\/\\\/www.sebastien-auziere.fr\\\/blog\\\/it\\\/brigitte-macron-incinta-foto-e-voci-spiegate\\\/\",\"name\":\"Brigitte Macron incinta : foto e voci spiegate - Fan site S\u00e9bastien Auzi\u00e8re\",\"isPartOf\":{\"@id\":\"https:\\\/\\\/www.sebastien-auziere.fr\\\/blog\\\/#website\"},\"primaryImageOfPage\":{\"@id\":\"https:\\\/\\\/www.sebastien-auziere.fr\\\/blog\\\/it\\\/brigitte-macron-incinta-foto-e-voci-spiegate\\\/#primaryimage\"},\"image\":{\"@id\":\"https:\\\/\\\/www.sebastien-auziere.fr\\\/blog\\\/it\\\/brigitte-macron-incinta-foto-e-voci-spiegate\\\/#primaryimage\"},\"thumbnailUrl\":\"https:\\\/\\\/www.sebastien-auziere.fr\\\/blog\\\/wp-content\\\/uploads\\\/2026\\\/03\\\/ChatGPT-Image-6-mars-2026-13_30_54.jpg\",\"datePublished\":\"2026-03-06T16:07:11+00:00\",\"dateModified\":\"2026-03-06T16:07:44+00:00\",\"breadcrumb\":{\"@id\":\"https:\\\/\\\/www.sebastien-auziere.fr\\\/blog\\\/it\\\/brigitte-macron-incinta-foto-e-voci-spiegate\\\/#breadcrumb\"},\"inLanguage\":\"fr-FR\",\"potentialAction\":[{\"@type\":\"ReadAction\",\"target\":[\"https:\\\/\\\/www.sebastien-auziere.fr\\\/blog\\\/it\\\/brigitte-macron-incinta-foto-e-voci-spiegate\\\/\"]}]},{\"@type\":\"ImageObject\",\"inLanguage\":\"fr-FR\",\"@id\":\"https:\\\/\\\/www.sebastien-auziere.fr\\\/blog\\\/it\\\/brigitte-macron-incinta-foto-e-voci-spiegate\\\/#primaryimage\",\"url\":\"https:\\\/\\\/www.sebastien-auziere.fr\\\/blog\\\/wp-content\\\/uploads\\\/2026\\\/03\\\/ChatGPT-Image-6-mars-2026-13_30_54.jpg\",\"contentUrl\":\"https:\\\/\\\/www.sebastien-auziere.fr\\\/blog\\\/wp-content\\\/uploads\\\/2026\\\/03\\\/ChatGPT-Image-6-mars-2026-13_30_54.jpg\",\"width\":1536,\"height\":1024,\"caption\":\"Brigitte Macron enceinte\"},{\"@type\":\"BreadcrumbList\",\"@id\":\"https:\\\/\\\/www.sebastien-auziere.fr\\\/blog\\\/it\\\/brigitte-macron-incinta-foto-e-voci-spiegate\\\/#breadcrumb\",\"itemListElement\":[{\"@type\":\"ListItem\",\"position\":1,\"name\":\"Home\",\"item\":\"https:\\\/\\\/www.sebastien-auziere.fr\\\/blog\\\/\"},{\"@type\":\"ListItem\",\"position\":2,\"name\":\"Brigitte Macron incinta : foto e voci spiegate\"}]},{\"@type\":\"WebSite\",\"@id\":\"https:\\\/\\\/www.sebastien-auziere.fr\\\/blog\\\/#website\",\"url\":\"https:\\\/\\\/www.sebastien-auziere.fr\\\/blog\\\/\",\"name\":\"Fan site S\u00e9bastien Auzi\u00e8re\",\"description\":\"M\u00e9dia g\u00e9n\u00e9raliste\",\"publisher\":{\"@id\":\"https:\\\/\\\/www.sebastien-auziere.fr\\\/blog\\\/#organization\"},\"potentialAction\":[{\"@type\":\"SearchAction\",\"target\":{\"@type\":\"EntryPoint\",\"urlTemplate\":\"https:\\\/\\\/www.sebastien-auziere.fr\\\/blog\\\/?s={search_term_string}\"},\"query-input\":{\"@type\":\"PropertyValueSpecification\",\"valueRequired\":true,\"valueName\":\"search_term_string\"}}],\"inLanguage\":\"fr-FR\"},{\"@type\":\"Organization\",\"@id\":\"https:\\\/\\\/www.sebastien-auziere.fr\\\/blog\\\/#organization\",\"name\":\"Fan site S\u00e9bastien Auzi\u00e8re\",\"url\":\"https:\\\/\\\/www.sebastien-auziere.fr\\\/blog\\\/\",\"logo\":{\"@type\":\"ImageObject\",\"inLanguage\":\"fr-FR\",\"@id\":\"https:\\\/\\\/www.sebastien-auziere.fr\\\/blog\\\/#\\\/schema\\\/logo\\\/image\\\/\",\"url\":\"https:\\\/\\\/www.sebastien-auziere.fr\\\/blog\\\/wp-content\\\/uploads\\\/2026\\\/03\\\/cropped-cropped-cropped-ChatGPT-Image-6-mars-2026-12_58_09-e1772798376794.jpg\",\"contentUrl\":\"https:\\\/\\\/www.sebastien-auziere.fr\\\/blog\\\/wp-content\\\/uploads\\\/2026\\\/03\\\/cropped-cropped-cropped-ChatGPT-Image-6-mars-2026-12_58_09-e1772798376794.jpg\",\"width\":512,\"height\":360,\"caption\":\"Fan site S\u00e9bastien Auzi\u00e8re\"},\"image\":{\"@id\":\"https:\\\/\\\/www.sebastien-auziere.fr\\\/blog\\\/#\\\/schema\\\/logo\\\/image\\\/\"}},{\"@type\":\"Person\",\"@id\":\"https:\\\/\\\/www.sebastien-auziere.fr\\\/blog\\\/#\\\/schema\\\/person\\\/1e270a963009242469ed08b1c461f81f\",\"name\":\"Celine\",\"image\":{\"@type\":\"ImageObject\",\"inLanguage\":\"fr-FR\",\"@id\":\"https:\\\/\\\/secure.gravatar.com\\\/avatar\\\/c88d569fbe1fe19a13c7f21ee0f8973822df96073df21850b95af6a09ba820c9?s=96&d=mm&r=g\",\"url\":\"https:\\\/\\\/secure.gravatar.com\\\/avatar\\\/c88d569fbe1fe19a13c7f21ee0f8973822df96073df21850b95af6a09ba820c9?s=96&d=mm&r=g\",\"contentUrl\":\"https:\\\/\\\/secure.gravatar.com\\\/avatar\\\/c88d569fbe1fe19a13c7f21ee0f8973822df96073df21850b95af6a09ba820c9?s=96&d=mm&r=g\",\"caption\":\"Celine\"},\"description\":\"Je m'appelle C\u00e9line, j'ai 31 ans et je suis journaliste sp\u00e9cialis\u00e9e dans le cin\u00e9ma. Passionn\u00e9e par le septi\u00e8me art, j'explore les actualit\u00e9s, les critiques et les tendances du monde cin\u00e9matographique. Mon objectif est de partager ma passion et d'informer les amateurs de films \u00e0 travers des articles percutants et des analyses approfondies.\",\"url\":\"https:\\\/\\\/www.sebastien-auziere.fr\\\/blog\\\/author\\\/celine\\\/\"}]}<\/script>\n<!-- \/ Yoast SEO plugin. -->","yoast_head_json":{"title":"Brigitte Macron incinta : foto e voci spiegate - Fan site S\u00e9bastien Auzi\u00e8re","robots":{"index":"index","follow":"follow","max-snippet":"max-snippet:-1","max-image-preview":"max-image-preview:large","max-video-preview":"max-video-preview:-1"},"canonical":"https:\/\/www.sebastien-auziere.fr\/blog\/it\/brigitte-macron-incinta-foto-e-voci-spiegate\/","og_locale":"fr_FR","og_type":"article","og_title":"Brigitte Macron incinta : foto e voci spiegate - Fan site S\u00e9bastien Auzi\u00e8re","og_description":"Immagine generata da intelligenza artificiale, illustrazione non reale Cosa c&rsquo;\u00e8 da sapere: alcune ricerche su Internet menzionano foto di Brigitte Macron incinta, ma questi contenuti sono generalmente legati a voci o a confusione con immagini vecchie. Brigitte Macron ha avuto tre figli durante il suo primo matrimonio, ben prima di incontrare Emmanuel Macron, e queste ... Lire plus","og_url":"https:\/\/www.sebastien-auziere.fr\/blog\/it\/brigitte-macron-incinta-foto-e-voci-spiegate\/","og_site_name":"Fan site S\u00e9bastien Auzi\u00e8re","article_published_time":"2026-03-06T16:07:11+00:00","article_modified_time":"2026-03-06T16:07:44+00:00","og_image":[{"width":1536,"height":1024,"url":"https:\/\/www.sebastien-auziere.fr\/blog\/wp-content\/uploads\/2026\/03\/ChatGPT-Image-6-mars-2026-13_30_54.jpg","type":"image\/jpeg"}],"author":"Celine","twitter_card":"summary_large_image","twitter_misc":{"\u00c9crit par":"Celine","Dur\u00e9e de lecture estim\u00e9e":"3 minutes"},"schema":{"@context":"https:\/\/schema.org","@graph":[{"@type":"Article","@id":"https:\/\/www.sebastien-auziere.fr\/blog\/it\/brigitte-macron-incinta-foto-e-voci-spiegate\/#article","isPartOf":{"@id":"https:\/\/www.sebastien-auziere.fr\/blog\/it\/brigitte-macron-incinta-foto-e-voci-spiegate\/"},"author":{"name":"Celine","@id":"https:\/\/www.sebastien-auziere.fr\/blog\/#\/schema\/person\/1e270a963009242469ed08b1c461f81f"},"headline":"Brigitte Macron incinta : foto e voci spiegate","datePublished":"2026-03-06T16:07:11+00:00","dateModified":"2026-03-06T16:07:44+00:00","mainEntityOfPage":{"@id":"https:\/\/www.sebastien-auziere.fr\/blog\/it\/brigitte-macron-incinta-foto-e-voci-spiegate\/"},"wordCount":639,"commentCount":0,"publisher":{"@id":"https:\/\/www.sebastien-auziere.fr\/blog\/#organization"},"image":{"@id":"https:\/\/www.sebastien-auziere.fr\/blog\/it\/brigitte-macron-incinta-foto-e-voci-spiegate\/#primaryimage"},"thumbnailUrl":"https:\/\/www.sebastien-auziere.fr\/blog\/wp-content\/uploads\/2026\/03\/ChatGPT-Image-6-mars-2026-13_30_54.jpg","inLanguage":"fr-FR","potentialAction":[{"@type":"CommentAction","name":"Comment","target":["https:\/\/www.sebastien-auziere.fr\/blog\/it\/brigitte-macron-incinta-foto-e-voci-spiegate\/#respond"]}]},{"@type":"WebPage","@id":"https:\/\/www.sebastien-auziere.fr\/blog\/it\/brigitte-macron-incinta-foto-e-voci-spiegate\/","url":"https:\/\/www.sebastien-auziere.fr\/blog\/it\/brigitte-macron-incinta-foto-e-voci-spiegate\/","name":"Brigitte Macron incinta : foto e voci spiegate - Fan site S\u00e9bastien Auzi\u00e8re","isPartOf":{"@id":"https:\/\/www.sebastien-auziere.fr\/blog\/#website"},"primaryImageOfPage":{"@id":"https:\/\/www.sebastien-auziere.fr\/blog\/it\/brigitte-macron-incinta-foto-e-voci-spiegate\/#primaryimage"},"image":{"@id":"https:\/\/www.sebastien-auziere.fr\/blog\/it\/brigitte-macron-incinta-foto-e-voci-spiegate\/#primaryimage"},"thumbnailUrl":"https:\/\/www.sebastien-auziere.fr\/blog\/wp-content\/uploads\/2026\/03\/ChatGPT-Image-6-mars-2026-13_30_54.jpg","datePublished":"2026-03-06T16:07:11+00:00","dateModified":"2026-03-06T16:07:44+00:00","breadcrumb":{"@id":"https:\/\/www.sebastien-auziere.fr\/blog\/it\/brigitte-macron-incinta-foto-e-voci-spiegate\/#breadcrumb"},"inLanguage":"fr-FR","potentialAction":[{"@type":"ReadAction","target":["https:\/\/www.sebastien-auziere.fr\/blog\/it\/brigitte-macron-incinta-foto-e-voci-spiegate\/"]}]},{"@type":"ImageObject","inLanguage":"fr-FR","@id":"https:\/\/www.sebastien-auziere.fr\/blog\/it\/brigitte-macron-incinta-foto-e-voci-spiegate\/#primaryimage","url":"https:\/\/www.sebastien-auziere.fr\/blog\/wp-content\/uploads\/2026\/03\/ChatGPT-Image-6-mars-2026-13_30_54.jpg","contentUrl":"https:\/\/www.sebastien-auziere.fr\/blog\/wp-content\/uploads\/2026\/03\/ChatGPT-Image-6-mars-2026-13_30_54.jpg","width":1536,"height":1024,"caption":"Brigitte Macron enceinte"},{"@type":"BreadcrumbList","@id":"https:\/\/www.sebastien-auziere.fr\/blog\/it\/brigitte-macron-incinta-foto-e-voci-spiegate\/#breadcrumb","itemListElement":[{"@type":"ListItem","position":1,"name":"Home","item":"https:\/\/www.sebastien-auziere.fr\/blog\/"},{"@type":"ListItem","position":2,"name":"Brigitte Macron incinta : foto e voci spiegate"}]},{"@type":"WebSite","@id":"https:\/\/www.sebastien-auziere.fr\/blog\/#website","url":"https:\/\/www.sebastien-auziere.fr\/blog\/","name":"Fan site S\u00e9bastien Auzi\u00e8re","description":"M\u00e9dia g\u00e9n\u00e9raliste","publisher":{"@id":"https:\/\/www.sebastien-auziere.fr\/blog\/#organization"},"potentialAction":[{"@type":"SearchAction","target":{"@type":"EntryPoint","urlTemplate":"https:\/\/www.sebastien-auziere.fr\/blog\/?s={search_term_string}"},"query-input":{"@type":"PropertyValueSpecification","valueRequired":true,"valueName":"search_term_string"}}],"inLanguage":"fr-FR"},{"@type":"Organization","@id":"https:\/\/www.sebastien-auziere.fr\/blog\/#organization","name":"Fan site S\u00e9bastien Auzi\u00e8re","url":"https:\/\/www.sebastien-auziere.fr\/blog\/","logo":{"@type":"ImageObject","inLanguage":"fr-FR","@id":"https:\/\/www.sebastien-auziere.fr\/blog\/#\/schema\/logo\/image\/","url":"https:\/\/www.sebastien-auziere.fr\/blog\/wp-content\/uploads\/2026\/03\/cropped-cropped-cropped-ChatGPT-Image-6-mars-2026-12_58_09-e1772798376794.jpg","contentUrl":"https:\/\/www.sebastien-auziere.fr\/blog\/wp-content\/uploads\/2026\/03\/cropped-cropped-cropped-ChatGPT-Image-6-mars-2026-12_58_09-e1772798376794.jpg","width":512,"height":360,"caption":"Fan site S\u00e9bastien Auzi\u00e8re"},"image":{"@id":"https:\/\/www.sebastien-auziere.fr\/blog\/#\/schema\/logo\/image\/"}},{"@type":"Person","@id":"https:\/\/www.sebastien-auziere.fr\/blog\/#\/schema\/person\/1e270a963009242469ed08b1c461f81f","name":"Celine","image":{"@type":"ImageObject","inLanguage":"fr-FR","@id":"https:\/\/secure.gravatar.com\/avatar\/c88d569fbe1fe19a13c7f21ee0f8973822df96073df21850b95af6a09ba820c9?s=96&d=mm&r=g","url":"https:\/\/secure.gravatar.com\/avatar\/c88d569fbe1fe19a13c7f21ee0f8973822df96073df21850b95af6a09ba820c9?s=96&d=mm&r=g","contentUrl":"https:\/\/secure.gravatar.com\/avatar\/c88d569fbe1fe19a13c7f21ee0f8973822df96073df21850b95af6a09ba820c9?s=96&d=mm&r=g","caption":"Celine"},"description":"Je m'appelle C\u00e9line, j'ai 31 ans et je suis journaliste sp\u00e9cialis\u00e9e dans le cin\u00e9ma. Passionn\u00e9e par le septi\u00e8me art, j'explore les actualit\u00e9s, les critiques et les tendances du monde cin\u00e9matographique. Mon objectif est de partager ma passion et d'informer les amateurs de films \u00e0 travers des articles percutants et des analyses approfondies.","url":"https:\/\/www.sebastien-auziere.fr\/blog\/author\/celine\/"}]}},"views":171,"_links":{"self":[{"href":"https:\/\/www.sebastien-auziere.fr\/blog\/wp-json\/wp\/v2\/posts\/2198","targetHints":{"allow":["GET"]}}],"collection":[{"href":"https:\/\/www.sebastien-auziere.fr\/blog\/wp-json\/wp\/v2\/posts"}],"about":[{"href":"https:\/\/www.sebastien-auziere.fr\/blog\/wp-json\/wp\/v2\/types\/post"}],"author":[{"embeddable":true,"href":"https:\/\/www.sebastien-auziere.fr\/blog\/wp-json\/wp\/v2\/users\/4"}],"replies":[{"embeddable":true,"href":"https:\/\/www.sebastien-auziere.fr\/blog\/wp-json\/wp\/v2\/comments?post=2198"}],"version-history":[{"count":1,"href":"https:\/\/www.sebastien-auziere.fr\/blog\/wp-json\/wp\/v2\/posts\/2198\/revisions"}],"predecessor-version":[{"id":2199,"href":"https:\/\/www.sebastien-auziere.fr\/blog\/wp-json\/wp\/v2\/posts\/2198\/revisions\/2199"}],"wp:featuredmedia":[{"embeddable":true,"href":"https:\/\/www.sebastien-auziere.fr\/blog\/wp-json\/wp\/v2\/media\/2064"}],"wp:attachment":[{"href":"https:\/\/www.sebastien-auziere.fr\/blog\/wp-json\/wp\/v2\/media?parent=2198"}],"wp:term":[{"taxonomy":"category","embeddable":true,"href":"https:\/\/www.sebastien-auziere.fr\/blog\/wp-json\/wp\/v2\/categories?post=2198"},{"taxonomy":"post_tag","embeddable":true,"href":"https:\/\/www.sebastien-auziere.fr\/blog\/wp-json\/wp\/v2\/tags?post=2198"}],"curies":[{"name":"wp","href":"https:\/\/api.w.org\/{rel}","templated":true}]}}