{"id":2196,"date":"2026-03-06T16:06:13","date_gmt":"2026-03-06T16:06:13","guid":{"rendered":"https:\/\/www.sebastien-auziere.fr\/blog\/?p=2196"},"modified":"2026-03-06T16:06:47","modified_gmt":"2026-03-06T16:06:47","slug":"brigitte-macron-schwanger-fotos-und-geruchte-erklart","status":"publish","type":"post","link":"https:\/\/www.sebastien-auziere.fr\/blog\/de\/brigitte-macron-schwanger-fotos-und-geruchte-erklart\/","title":{"rendered":"Brigitte Macron schwanger: Fotos und Ger\u00fcchte erkl\u00e4rt"},"content":{"rendered":"\n<p>Durch k\u00fcnstliche Intelligenz generiertes Bild, nicht reale Illustration<\/p>\n\n\n<p style=\"padding: 24px;background: lightblue\">\nWas man beachten sollte: Einige Internetrecherchen erw\u00e4hnen <strong>Fotos von Brigitte Macron schwanger<\/strong>, aber diese Inhalte sind in der Regel mit Ger\u00fcchten oder Verwechslungen mit alten Bildern verbunden. Brigitte Macron hat drei Kinder aus ihrer ersten Ehe, lange bevor sie Emmanuel Macron begegnete, und diese Bilder stammen aus dieser Zeit ihres Privatlebens.\n<\/p>\n<p>\nIm Internet suchen viele Menschen nach Informationen \u00fcber <strong>Brigitte Macron schwanger<\/strong> oder \u00fcber m\u00f6gliche Fotos aus dieser Zeit. In Wirklichkeit stammen diese Bilder aus einem Zeitraum, der lange vor ihrer Begegnung mit Emmanuel Macron liegt. In diesem Artikel wirst du <strong>den Kontext dieser Fotos, ihre Familiengeschichte und die Herkunft gewisser Ger\u00fcchte<\/strong> verstehen.\n<\/p>\n<ol>\n<li><a href=\"#vie-familiale\">Das Familienleben von Brigitte Macron<\/a><\/li>\n<li><a href=\"#photos-enceinte\">Die Fotos von Brigitte Macron schwanger<\/a><\/li>\n<li><a href=\"#origine-rumeurs\">Die Herkunft der Ger\u00fcchte im Internet<\/a><\/li>\n<li><a href=\"#vie-avant-macron\">Ihr Leben vor Emmanuel Macron<\/a><\/li>\n<\/ol>\n<h2 id=\"vie-familiale\">Das Familienleben von Brigitte Macron<\/h2>\n<p>\nBevor sie als First Lady bekannt wurde, f\u00fchrte Brigitte Macron \u2013 geboren als Brigitte Trogneux \u2013 ein Familienleben lange bevor sie in die Politik eintrat.\n<\/p>\n<h3>Eine Familie vor dem \u00c9lys\u00e9e<\/h3>\n<p>\nSie hatte drei Kinder aus ihrer ersten Ehe:\n<\/p>\n<ul>\n<li>S\u00e9bastien Auzi\u00e8re<\/li>\n<li>Laurence Auzi\u00e8re<\/li>\n<li>Tiphaine Auzi\u00e8re<\/li>\n<\/ul>\n<p>\nDiese Kinder wurden mehrere Jahre vor ihrer Begegnung mit Emmanuel Macron geboren.\n<\/p>\n<h2 id=\"photos-enceinte\">Die Fotos von Brigitte Macron schwanger<\/h2>\n<p>\nDie im Internet erw\u00e4hnten Fotos stammen in der Regel aus pers\u00f6nlichen Archiven oder aus Dokumenten, die mit ihrem Leben vor ihrer \u00f6ffentlichen Person verbunden sind.\n<\/p>\n<h3>Alte Bilder<\/h3>\n<p>\nDiese Bilder stammen aus der Zeit, als sie ein Privatleben fernab der Medienaufmerksamkeit f\u00fchrte.\n<\/p>\n<p>\nIn dieser Zeit war sie Lehrerin und f\u00fchrte ein klassisches Familienleben in Amiens.\n<\/p>\n<h2 id=\"origine-rumeurs\">Die Herkunft der Ger\u00fcchte im Internet<\/h2>\n<p>\n\u00d6ffentliche Pers\u00f6nlichkeiten sind oft Gegenstand zahlreicher Recherchen und Spekulationen im Internet.\n<\/p>\n<h3>Verwirrungen und verzerrte Informationen<\/h3>\n<p>\nEinige Recherchen oder Bilder, die online kursieren, k\u00f6nnten aus ihrem Kontext gerissen oder falsch interpretiert worden sein.\n<\/p>\n<ul>\n<li>Alte Bilder<\/li>\n<li>Verwechslungen mit Archivfotos<\/li>\n<li>Ger\u00fcchte, die in sozialen Netzwerken verst\u00e4rkt werden<\/li>\n<\/ul>\n<p>\nDaher ist es wichtig, diese Bilder in ihren historischen Kontext zu setzen.\n<\/p>\n<h2 id=\"vie-avant-macron\">Ihr Leben vor Emmanuel Macron<\/h2>\n<p>\nVor ihrer Begegnung mit Emmanuel Macron f\u00fchrte Brigitte Macron eine Karriere im Bildungswesen und ein diskretes Familienleben.\n<\/p>\n<h3>Eine Literaturlehrerin<\/h3>\n<p>\nSie unterrichtete Literatur und Theater an mehreren Schulen.\n<\/p>\n<p>\nErst mit der politischen Karriere von Emmanuel Macron wurde ihre pers\u00f6nliche Geschichte weitreichend \u00f6ffentlich gemacht.\n<\/p>\n<div style=\"overflow:auto;max-width:100%\">\n<table>\n<tbody>\n<tr>\n<th>Element<\/th>\n<th>Detail<\/th>\n<th>Zeitspanne<\/th>\n<\/tr>\n<tr>\n<td>Familienleben<\/td>\n<td>Drei Kinder<\/td>\n<td>Vor dem \u00f6ffentlichen Leben<\/td>\n<\/tr>\n<tr>\n<td>Kariere<\/td>\n<td>Literaturlehrerin<\/td>\n<td>1980-2000<\/td>\n<\/tr>\n<tr>\n<td>Begegnung<\/td>\n<td>Emmanuel Macron<\/td>\n<td>Gymnasium La Providence<\/td>\n<\/tr>\n<tr>\n<td>\u00d6ffentliches Leben<\/td>\n<td>First Lady<\/td>\n<td>Seit 2017<\/td>\n<\/tr>\n<\/tbody>\n<\/table>\n<\/div>\n<p>\nDie Recherchen \u00fcber Fotos von Brigitte Macron schwanger sind daher mit einem Zeitraum verbunden, der lange vor ihrem \u00f6ffentlichen Leben liegt. Sie entsprechen ihrem Familienleben, bevor sie eine Medienpers\u00f6nlichkeit wurde.\n<\/p>\n<h2>FAQ<\/h2>\n<h3>War Brigitte Macron schwanger?<\/h3>\n<p>\nJa, sie hatte drei Kinder aus ihrer ersten Ehe, bevor sie Emmanuel Macron begegnete.\n<\/p>\n<h3>Warum findet man im Internet Fotos von Brigitte Macron schwanger?<\/h3>\n<p>\nDiese Bilder stammen in der Regel aus pers\u00f6nlichen Archiven, die mit ihrem Privatleben vor ihrer Medialisierung verbunden sind.\n<\/p>\n<h3>Wie viele Kinder hat Brigitte Macron?<\/h3>\n<p>\nSie hat drei Kinder aus ihrer ersten Ehe.\n<\/p>\n<h3>Sind diese Fotos aktuell?<\/h3>\n<p>\nNein, sie stammen aus einem Zeitraum, der lange vor ihrer Rolle als First Lady liegt.\n<\/p>\n<p><br \/>\n[<br \/>\n{<br \/>\n\u00ab\u00a0@context\u00a0\u00bb:\u00a0\u00bbhttps:\/\/schema.org\u00a0\u00bb,<br \/>\n\u00ab\u00a0@type\u00a0\u00bb:\u00a0\u00bbArticle\u00a0\u00bb,<br \/>\n\u00ab\u00a0headline\u00a0\u00bb:\u00a0\u00bbBrigitte Macron schwanger: Fotos und Ger\u00fcchte erkl\u00e4rt\u00a0\u00bb,<br \/>\n\u00ab\u00a0description\u00a0\u00bb:\u00a0\u00bbErfahren Sie die Geschichte der Fotos von Brigitte Macron schwanger und den Kontext ihres Familienlebens vor dem \u00c9lys\u00e9e.\u00a0\u00bb,<br \/>\n\u00ab\u00a0inLanguage\u00a0\u00bb:\u00a0\u00bbde\u00a0\u00bb,<br \/>\n\u00ab\u00a0articleSection\u00a0\u00bb:\u00a0\u00bbBiografie\u00a0\u00bb,<br \/>\n\u00ab\u00a0abstract\u00a0\u00bb:\u00a0\u00bbDie Fotos von Brigitte Macron schwanger verweisen auf ihr Familienleben, bevor sie Emmanuel Macron begegnete.\u00a0\u00bb<br \/>\n},<br \/>\n{<br \/>\n\u00ab\u00a0@context\u00a0\u00bb:\u00a0\u00bbhttps:\/\/schema.org\u00a0\u00bb,<br \/>\n\u00ab\u00a0@type\u00a0\u00bb:\u00a0\u00bbFAQPage\u00a0\u00bb,<br \/>\n\u00ab\u00a0mainEntity\u00a0\u00bb:[<br \/>\n{<br \/>\n\u00ab\u00a0@type\u00a0\u00bb:\u00a0\u00bbQuestion\u00a0\u00bb,<br \/>\n\u00ab\u00a0name\u00a0\u00bb:\u00a0\u00bbHat Brigitte Macron Kinder gehabt?\u00a0\u00bb,<br \/>\n\u00ab\u00a0acceptedAnswer\u00a0\u00bb:{<br \/>\n\u00ab\u00a0@type\u00a0\u00bb:\u00a0\u00bbAnswer\u00a0\u00bb,<br \/>\n\u00ab\u00a0text\u00a0\u00bb:\u00a0\u00bbJa, Brigitte Macron hat drei Kinder aus ihrer ersten Ehe.\u00a0\u00bb<br \/>\n}<br \/>\n},<br \/>\n{<br \/>\n\u00ab\u00a0@type\u00a0\u00bb:\u00a0\u00bbQuestion\u00a0\u00bb,<br \/>\n\u00ab\u00a0name\u00a0\u00bb:\u00a0\u00bbWarum spricht man von Fotos von Brigitte Macron schwanger?\u00a0\u00bb,<br \/>\n\u00ab\u00a0acceptedAnswer\u00a0\u00bb:{<br \/>\n\u00ab\u00a0@type\u00a0\u00bb:\u00a0\u00bbAnswer\u00a0\u00bb,<br \/>\n\u00ab\u00a0text\u00a0\u00bb:\u00a0\u00bbDiese Bilder sind mit ihrem Privatleben vor ihrer Medialisierung verbunden.\u00a0\u00bb<br \/>\n}<br \/>\n}<br \/>\n]<br \/>\n}<br \/>\n]<br \/>\n<\/p>","protected":false},"excerpt":{"rendered":"<p>Durch k\u00fcnstliche Intelligenz generiertes Bild, nicht reale Illustration Was man beachten sollte: Einige Internetrecherchen erw\u00e4hnen Fotos von Brigitte Macron schwanger, aber diese Inhalte sind in der Regel mit Ger\u00fcchten oder Verwechslungen mit alten Bildern verbunden. Brigitte Macron hat drei Kinder aus ihrer ersten Ehe, lange bevor sie Emmanuel Macron begegnete, und diese Bilder stammen aus &#8230; <a title=\"Brigitte Macron schwanger: Fotos und Ger\u00fcchte erkl\u00e4rt\" class=\"read-more\" href=\"https:\/\/www.sebastien-auziere.fr\/blog\/de\/brigitte-macron-schwanger-fotos-und-geruchte-erklart\/\" aria-label=\"En savoir plus sur Brigitte Macron schwanger: Fotos und Ger\u00fcchte erkl\u00e4rt\">Lire plus<\/a><\/p>\n","protected":false},"author":4,"featured_media":2064,"comment_status":"open","ping_status":"open","sticky":false,"template":"","format":"standard","meta":{"footnotes":""},"categories":[838],"tags":[],"class_list":["post-2196","post","type-post","status-publish","format-standard","has-post-thumbnail","hentry","category-non-classe-de"],"yoast_head":"<!-- This site is optimized with the Yoast SEO plugin v27.5 - https:\/\/yoast.com\/product\/yoast-seo-wordpress\/ -->\n<title>Brigitte Macron schwanger: Fotos und Ger\u00fcchte erkl\u00e4rt - Fan site S\u00e9bastien Auzi\u00e8re<\/title>\n<meta name=\"robots\" content=\"index, follow, max-snippet:-1, max-image-preview:large, max-video-preview:-1\" \/>\n<link rel=\"canonical\" href=\"https:\/\/www.sebastien-auziere.fr\/blog\/de\/brigitte-macron-schwanger-fotos-und-geruchte-erklart\/\" \/>\n<meta property=\"og:locale\" content=\"fr_FR\" \/>\n<meta property=\"og:type\" content=\"article\" \/>\n<meta property=\"og:title\" content=\"Brigitte Macron schwanger: Fotos und Ger\u00fcchte erkl\u00e4rt - Fan site S\u00e9bastien Auzi\u00e8re\" \/>\n<meta property=\"og:description\" content=\"Durch k\u00fcnstliche Intelligenz generiertes Bild, nicht reale Illustration Was man beachten sollte: Einige Internetrecherchen erw\u00e4hnen Fotos von Brigitte Macron schwanger, aber diese Inhalte sind in der Regel mit Ger\u00fcchten oder Verwechslungen mit alten Bildern verbunden. Brigitte Macron hat drei Kinder aus ihrer ersten Ehe, lange bevor sie Emmanuel Macron begegnete, und diese Bilder stammen aus ... Lire plus\" \/>\n<meta property=\"og:url\" content=\"https:\/\/www.sebastien-auziere.fr\/blog\/de\/brigitte-macron-schwanger-fotos-und-geruchte-erklart\/\" \/>\n<meta property=\"og:site_name\" content=\"Fan site S\u00e9bastien Auzi\u00e8re\" \/>\n<meta property=\"article:published_time\" content=\"2026-03-06T16:06:13+00:00\" \/>\n<meta property=\"article:modified_time\" content=\"2026-03-06T16:06:47+00:00\" \/>\n<meta property=\"og:image\" content=\"https:\/\/www.sebastien-auziere.fr\/blog\/wp-content\/uploads\/2026\/03\/ChatGPT-Image-6-mars-2026-13_30_54.jpg\" \/>\n\t<meta property=\"og:image:width\" content=\"1536\" \/>\n\t<meta property=\"og:image:height\" content=\"1024\" \/>\n\t<meta property=\"og:image:type\" content=\"image\/jpeg\" \/>\n<meta name=\"author\" content=\"Celine\" \/>\n<meta name=\"twitter:card\" content=\"summary_large_image\" \/>\n<meta name=\"twitter:label1\" content=\"\u00c9crit par\" \/>\n\t<meta name=\"twitter:data1\" content=\"Celine\" \/>\n\t<meta name=\"twitter:label2\" content=\"Dur\u00e9e de lecture estim\u00e9e\" \/>\n\t<meta name=\"twitter:data2\" content=\"3 minutes\" \/>\n<script type=\"application\/ld+json\" class=\"yoast-schema-graph\">{\"@context\":\"https:\\\/\\\/schema.org\",\"@graph\":[{\"@type\":\"Article\",\"@id\":\"https:\\\/\\\/www.sebastien-auziere.fr\\\/blog\\\/de\\\/brigitte-macron-schwanger-fotos-und-geruchte-erklart\\\/#article\",\"isPartOf\":{\"@id\":\"https:\\\/\\\/www.sebastien-auziere.fr\\\/blog\\\/de\\\/brigitte-macron-schwanger-fotos-und-geruchte-erklart\\\/\"},\"author\":{\"name\":\"Celine\",\"@id\":\"https:\\\/\\\/www.sebastien-auziere.fr\\\/blog\\\/#\\\/schema\\\/person\\\/1e270a963009242469ed08b1c461f81f\"},\"headline\":\"Brigitte Macron schwanger: Fotos und Ger\u00fcchte erkl\u00e4rt\",\"datePublished\":\"2026-03-06T16:06:13+00:00\",\"dateModified\":\"2026-03-06T16:06:47+00:00\",\"mainEntityOfPage\":{\"@id\":\"https:\\\/\\\/www.sebastien-auziere.fr\\\/blog\\\/de\\\/brigitte-macron-schwanger-fotos-und-geruchte-erklart\\\/\"},\"wordCount\":640,\"commentCount\":0,\"publisher\":{\"@id\":\"https:\\\/\\\/www.sebastien-auziere.fr\\\/blog\\\/#organization\"},\"image\":{\"@id\":\"https:\\\/\\\/www.sebastien-auziere.fr\\\/blog\\\/de\\\/brigitte-macron-schwanger-fotos-und-geruchte-erklart\\\/#primaryimage\"},\"thumbnailUrl\":\"https:\\\/\\\/www.sebastien-auziere.fr\\\/blog\\\/wp-content\\\/uploads\\\/2026\\\/03\\\/ChatGPT-Image-6-mars-2026-13_30_54.jpg\",\"inLanguage\":\"fr-FR\",\"potentialAction\":[{\"@type\":\"CommentAction\",\"name\":\"Comment\",\"target\":[\"https:\\\/\\\/www.sebastien-auziere.fr\\\/blog\\\/de\\\/brigitte-macron-schwanger-fotos-und-geruchte-erklart\\\/#respond\"]}]},{\"@type\":\"WebPage\",\"@id\":\"https:\\\/\\\/www.sebastien-auziere.fr\\\/blog\\\/de\\\/brigitte-macron-schwanger-fotos-und-geruchte-erklart\\\/\",\"url\":\"https:\\\/\\\/www.sebastien-auziere.fr\\\/blog\\\/de\\\/brigitte-macron-schwanger-fotos-und-geruchte-erklart\\\/\",\"name\":\"Brigitte Macron schwanger: Fotos und Ger\u00fcchte erkl\u00e4rt - Fan site S\u00e9bastien Auzi\u00e8re\",\"isPartOf\":{\"@id\":\"https:\\\/\\\/www.sebastien-auziere.fr\\\/blog\\\/#website\"},\"primaryImageOfPage\":{\"@id\":\"https:\\\/\\\/www.sebastien-auziere.fr\\\/blog\\\/de\\\/brigitte-macron-schwanger-fotos-und-geruchte-erklart\\\/#primaryimage\"},\"image\":{\"@id\":\"https:\\\/\\\/www.sebastien-auziere.fr\\\/blog\\\/de\\\/brigitte-macron-schwanger-fotos-und-geruchte-erklart\\\/#primaryimage\"},\"thumbnailUrl\":\"https:\\\/\\\/www.sebastien-auziere.fr\\\/blog\\\/wp-content\\\/uploads\\\/2026\\\/03\\\/ChatGPT-Image-6-mars-2026-13_30_54.jpg\",\"datePublished\":\"2026-03-06T16:06:13+00:00\",\"dateModified\":\"2026-03-06T16:06:47+00:00\",\"breadcrumb\":{\"@id\":\"https:\\\/\\\/www.sebastien-auziere.fr\\\/blog\\\/de\\\/brigitte-macron-schwanger-fotos-und-geruchte-erklart\\\/#breadcrumb\"},\"inLanguage\":\"fr-FR\",\"potentialAction\":[{\"@type\":\"ReadAction\",\"target\":[\"https:\\\/\\\/www.sebastien-auziere.fr\\\/blog\\\/de\\\/brigitte-macron-schwanger-fotos-und-geruchte-erklart\\\/\"]}]},{\"@type\":\"ImageObject\",\"inLanguage\":\"fr-FR\",\"@id\":\"https:\\\/\\\/www.sebastien-auziere.fr\\\/blog\\\/de\\\/brigitte-macron-schwanger-fotos-und-geruchte-erklart\\\/#primaryimage\",\"url\":\"https:\\\/\\\/www.sebastien-auziere.fr\\\/blog\\\/wp-content\\\/uploads\\\/2026\\\/03\\\/ChatGPT-Image-6-mars-2026-13_30_54.jpg\",\"contentUrl\":\"https:\\\/\\\/www.sebastien-auziere.fr\\\/blog\\\/wp-content\\\/uploads\\\/2026\\\/03\\\/ChatGPT-Image-6-mars-2026-13_30_54.jpg\",\"width\":1536,\"height\":1024,\"caption\":\"Brigitte Macron enceinte\"},{\"@type\":\"BreadcrumbList\",\"@id\":\"https:\\\/\\\/www.sebastien-auziere.fr\\\/blog\\\/de\\\/brigitte-macron-schwanger-fotos-und-geruchte-erklart\\\/#breadcrumb\",\"itemListElement\":[{\"@type\":\"ListItem\",\"position\":1,\"name\":\"Home\",\"item\":\"https:\\\/\\\/www.sebastien-auziere.fr\\\/blog\\\/\"},{\"@type\":\"ListItem\",\"position\":2,\"name\":\"Brigitte Macron schwanger: Fotos und Ger\u00fcchte erkl\u00e4rt\"}]},{\"@type\":\"WebSite\",\"@id\":\"https:\\\/\\\/www.sebastien-auziere.fr\\\/blog\\\/#website\",\"url\":\"https:\\\/\\\/www.sebastien-auziere.fr\\\/blog\\\/\",\"name\":\"Fan site S\u00e9bastien Auzi\u00e8re\",\"description\":\"M\u00e9dia g\u00e9n\u00e9raliste\",\"publisher\":{\"@id\":\"https:\\\/\\\/www.sebastien-auziere.fr\\\/blog\\\/#organization\"},\"potentialAction\":[{\"@type\":\"SearchAction\",\"target\":{\"@type\":\"EntryPoint\",\"urlTemplate\":\"https:\\\/\\\/www.sebastien-auziere.fr\\\/blog\\\/?s={search_term_string}\"},\"query-input\":{\"@type\":\"PropertyValueSpecification\",\"valueRequired\":true,\"valueName\":\"search_term_string\"}}],\"inLanguage\":\"fr-FR\"},{\"@type\":\"Organization\",\"@id\":\"https:\\\/\\\/www.sebastien-auziere.fr\\\/blog\\\/#organization\",\"name\":\"Fan site S\u00e9bastien Auzi\u00e8re\",\"url\":\"https:\\\/\\\/www.sebastien-auziere.fr\\\/blog\\\/\",\"logo\":{\"@type\":\"ImageObject\",\"inLanguage\":\"fr-FR\",\"@id\":\"https:\\\/\\\/www.sebastien-auziere.fr\\\/blog\\\/#\\\/schema\\\/logo\\\/image\\\/\",\"url\":\"https:\\\/\\\/www.sebastien-auziere.fr\\\/blog\\\/wp-content\\\/uploads\\\/2026\\\/03\\\/cropped-cropped-cropped-ChatGPT-Image-6-mars-2026-12_58_09-e1772798376794.jpg\",\"contentUrl\":\"https:\\\/\\\/www.sebastien-auziere.fr\\\/blog\\\/wp-content\\\/uploads\\\/2026\\\/03\\\/cropped-cropped-cropped-ChatGPT-Image-6-mars-2026-12_58_09-e1772798376794.jpg\",\"width\":512,\"height\":360,\"caption\":\"Fan site S\u00e9bastien Auzi\u00e8re\"},\"image\":{\"@id\":\"https:\\\/\\\/www.sebastien-auziere.fr\\\/blog\\\/#\\\/schema\\\/logo\\\/image\\\/\"}},{\"@type\":\"Person\",\"@id\":\"https:\\\/\\\/www.sebastien-auziere.fr\\\/blog\\\/#\\\/schema\\\/person\\\/1e270a963009242469ed08b1c461f81f\",\"name\":\"Celine\",\"image\":{\"@type\":\"ImageObject\",\"inLanguage\":\"fr-FR\",\"@id\":\"https:\\\/\\\/secure.gravatar.com\\\/avatar\\\/c88d569fbe1fe19a13c7f21ee0f8973822df96073df21850b95af6a09ba820c9?s=96&d=mm&r=g\",\"url\":\"https:\\\/\\\/secure.gravatar.com\\\/avatar\\\/c88d569fbe1fe19a13c7f21ee0f8973822df96073df21850b95af6a09ba820c9?s=96&d=mm&r=g\",\"contentUrl\":\"https:\\\/\\\/secure.gravatar.com\\\/avatar\\\/c88d569fbe1fe19a13c7f21ee0f8973822df96073df21850b95af6a09ba820c9?s=96&d=mm&r=g\",\"caption\":\"Celine\"},\"description\":\"Je m'appelle C\u00e9line, j'ai 31 ans et je suis journaliste sp\u00e9cialis\u00e9e dans le cin\u00e9ma. Passionn\u00e9e par le septi\u00e8me art, j'explore les actualit\u00e9s, les critiques et les tendances du monde cin\u00e9matographique. Mon objectif est de partager ma passion et d'informer les amateurs de films \u00e0 travers des articles percutants et des analyses approfondies.\",\"url\":\"https:\\\/\\\/www.sebastien-auziere.fr\\\/blog\\\/author\\\/celine\\\/\"}]}<\/script>\n<!-- \/ Yoast SEO plugin. -->","yoast_head_json":{"title":"Brigitte Macron schwanger: Fotos und Ger\u00fcchte erkl\u00e4rt - Fan site S\u00e9bastien Auzi\u00e8re","robots":{"index":"index","follow":"follow","max-snippet":"max-snippet:-1","max-image-preview":"max-image-preview:large","max-video-preview":"max-video-preview:-1"},"canonical":"https:\/\/www.sebastien-auziere.fr\/blog\/de\/brigitte-macron-schwanger-fotos-und-geruchte-erklart\/","og_locale":"fr_FR","og_type":"article","og_title":"Brigitte Macron schwanger: Fotos und Ger\u00fcchte erkl\u00e4rt - Fan site S\u00e9bastien Auzi\u00e8re","og_description":"Durch k\u00fcnstliche Intelligenz generiertes Bild, nicht reale Illustration Was man beachten sollte: Einige Internetrecherchen erw\u00e4hnen Fotos von Brigitte Macron schwanger, aber diese Inhalte sind in der Regel mit Ger\u00fcchten oder Verwechslungen mit alten Bildern verbunden. Brigitte Macron hat drei Kinder aus ihrer ersten Ehe, lange bevor sie Emmanuel Macron begegnete, und diese Bilder stammen aus ... Lire plus","og_url":"https:\/\/www.sebastien-auziere.fr\/blog\/de\/brigitte-macron-schwanger-fotos-und-geruchte-erklart\/","og_site_name":"Fan site S\u00e9bastien Auzi\u00e8re","article_published_time":"2026-03-06T16:06:13+00:00","article_modified_time":"2026-03-06T16:06:47+00:00","og_image":[{"width":1536,"height":1024,"url":"https:\/\/www.sebastien-auziere.fr\/blog\/wp-content\/uploads\/2026\/03\/ChatGPT-Image-6-mars-2026-13_30_54.jpg","type":"image\/jpeg"}],"author":"Celine","twitter_card":"summary_large_image","twitter_misc":{"\u00c9crit par":"Celine","Dur\u00e9e de lecture estim\u00e9e":"3 minutes"},"schema":{"@context":"https:\/\/schema.org","@graph":[{"@type":"Article","@id":"https:\/\/www.sebastien-auziere.fr\/blog\/de\/brigitte-macron-schwanger-fotos-und-geruchte-erklart\/#article","isPartOf":{"@id":"https:\/\/www.sebastien-auziere.fr\/blog\/de\/brigitte-macron-schwanger-fotos-und-geruchte-erklart\/"},"author":{"name":"Celine","@id":"https:\/\/www.sebastien-auziere.fr\/blog\/#\/schema\/person\/1e270a963009242469ed08b1c461f81f"},"headline":"Brigitte Macron schwanger: Fotos und Ger\u00fcchte erkl\u00e4rt","datePublished":"2026-03-06T16:06:13+00:00","dateModified":"2026-03-06T16:06:47+00:00","mainEntityOfPage":{"@id":"https:\/\/www.sebastien-auziere.fr\/blog\/de\/brigitte-macron-schwanger-fotos-und-geruchte-erklart\/"},"wordCount":640,"commentCount":0,"publisher":{"@id":"https:\/\/www.sebastien-auziere.fr\/blog\/#organization"},"image":{"@id":"https:\/\/www.sebastien-auziere.fr\/blog\/de\/brigitte-macron-schwanger-fotos-und-geruchte-erklart\/#primaryimage"},"thumbnailUrl":"https:\/\/www.sebastien-auziere.fr\/blog\/wp-content\/uploads\/2026\/03\/ChatGPT-Image-6-mars-2026-13_30_54.jpg","inLanguage":"fr-FR","potentialAction":[{"@type":"CommentAction","name":"Comment","target":["https:\/\/www.sebastien-auziere.fr\/blog\/de\/brigitte-macron-schwanger-fotos-und-geruchte-erklart\/#respond"]}]},{"@type":"WebPage","@id":"https:\/\/www.sebastien-auziere.fr\/blog\/de\/brigitte-macron-schwanger-fotos-und-geruchte-erklart\/","url":"https:\/\/www.sebastien-auziere.fr\/blog\/de\/brigitte-macron-schwanger-fotos-und-geruchte-erklart\/","name":"Brigitte Macron schwanger: Fotos und Ger\u00fcchte erkl\u00e4rt - Fan site S\u00e9bastien Auzi\u00e8re","isPartOf":{"@id":"https:\/\/www.sebastien-auziere.fr\/blog\/#website"},"primaryImageOfPage":{"@id":"https:\/\/www.sebastien-auziere.fr\/blog\/de\/brigitte-macron-schwanger-fotos-und-geruchte-erklart\/#primaryimage"},"image":{"@id":"https:\/\/www.sebastien-auziere.fr\/blog\/de\/brigitte-macron-schwanger-fotos-und-geruchte-erklart\/#primaryimage"},"thumbnailUrl":"https:\/\/www.sebastien-auziere.fr\/blog\/wp-content\/uploads\/2026\/03\/ChatGPT-Image-6-mars-2026-13_30_54.jpg","datePublished":"2026-03-06T16:06:13+00:00","dateModified":"2026-03-06T16:06:47+00:00","breadcrumb":{"@id":"https:\/\/www.sebastien-auziere.fr\/blog\/de\/brigitte-macron-schwanger-fotos-und-geruchte-erklart\/#breadcrumb"},"inLanguage":"fr-FR","potentialAction":[{"@type":"ReadAction","target":["https:\/\/www.sebastien-auziere.fr\/blog\/de\/brigitte-macron-schwanger-fotos-und-geruchte-erklart\/"]}]},{"@type":"ImageObject","inLanguage":"fr-FR","@id":"https:\/\/www.sebastien-auziere.fr\/blog\/de\/brigitte-macron-schwanger-fotos-und-geruchte-erklart\/#primaryimage","url":"https:\/\/www.sebastien-auziere.fr\/blog\/wp-content\/uploads\/2026\/03\/ChatGPT-Image-6-mars-2026-13_30_54.jpg","contentUrl":"https:\/\/www.sebastien-auziere.fr\/blog\/wp-content\/uploads\/2026\/03\/ChatGPT-Image-6-mars-2026-13_30_54.jpg","width":1536,"height":1024,"caption":"Brigitte Macron enceinte"},{"@type":"BreadcrumbList","@id":"https:\/\/www.sebastien-auziere.fr\/blog\/de\/brigitte-macron-schwanger-fotos-und-geruchte-erklart\/#breadcrumb","itemListElement":[{"@type":"ListItem","position":1,"name":"Home","item":"https:\/\/www.sebastien-auziere.fr\/blog\/"},{"@type":"ListItem","position":2,"name":"Brigitte Macron schwanger: Fotos und Ger\u00fcchte erkl\u00e4rt"}]},{"@type":"WebSite","@id":"https:\/\/www.sebastien-auziere.fr\/blog\/#website","url":"https:\/\/www.sebastien-auziere.fr\/blog\/","name":"Fan site S\u00e9bastien Auzi\u00e8re","description":"M\u00e9dia g\u00e9n\u00e9raliste","publisher":{"@id":"https:\/\/www.sebastien-auziere.fr\/blog\/#organization"},"potentialAction":[{"@type":"SearchAction","target":{"@type":"EntryPoint","urlTemplate":"https:\/\/www.sebastien-auziere.fr\/blog\/?s={search_term_string}"},"query-input":{"@type":"PropertyValueSpecification","valueRequired":true,"valueName":"search_term_string"}}],"inLanguage":"fr-FR"},{"@type":"Organization","@id":"https:\/\/www.sebastien-auziere.fr\/blog\/#organization","name":"Fan site S\u00e9bastien Auzi\u00e8re","url":"https:\/\/www.sebastien-auziere.fr\/blog\/","logo":{"@type":"ImageObject","inLanguage":"fr-FR","@id":"https:\/\/www.sebastien-auziere.fr\/blog\/#\/schema\/logo\/image\/","url":"https:\/\/www.sebastien-auziere.fr\/blog\/wp-content\/uploads\/2026\/03\/cropped-cropped-cropped-ChatGPT-Image-6-mars-2026-12_58_09-e1772798376794.jpg","contentUrl":"https:\/\/www.sebastien-auziere.fr\/blog\/wp-content\/uploads\/2026\/03\/cropped-cropped-cropped-ChatGPT-Image-6-mars-2026-12_58_09-e1772798376794.jpg","width":512,"height":360,"caption":"Fan site S\u00e9bastien Auzi\u00e8re"},"image":{"@id":"https:\/\/www.sebastien-auziere.fr\/blog\/#\/schema\/logo\/image\/"}},{"@type":"Person","@id":"https:\/\/www.sebastien-auziere.fr\/blog\/#\/schema\/person\/1e270a963009242469ed08b1c461f81f","name":"Celine","image":{"@type":"ImageObject","inLanguage":"fr-FR","@id":"https:\/\/secure.gravatar.com\/avatar\/c88d569fbe1fe19a13c7f21ee0f8973822df96073df21850b95af6a09ba820c9?s=96&d=mm&r=g","url":"https:\/\/secure.gravatar.com\/avatar\/c88d569fbe1fe19a13c7f21ee0f8973822df96073df21850b95af6a09ba820c9?s=96&d=mm&r=g","contentUrl":"https:\/\/secure.gravatar.com\/avatar\/c88d569fbe1fe19a13c7f21ee0f8973822df96073df21850b95af6a09ba820c9?s=96&d=mm&r=g","caption":"Celine"},"description":"Je m'appelle C\u00e9line, j'ai 31 ans et je suis journaliste sp\u00e9cialis\u00e9e dans le cin\u00e9ma. Passionn\u00e9e par le septi\u00e8me art, j'explore les actualit\u00e9s, les critiques et les tendances du monde cin\u00e9matographique. Mon objectif est de partager ma passion et d'informer les amateurs de films \u00e0 travers des articles percutants et des analyses approfondies.","url":"https:\/\/www.sebastien-auziere.fr\/blog\/author\/celine\/"}]}},"views":172,"_links":{"self":[{"href":"https:\/\/www.sebastien-auziere.fr\/blog\/wp-json\/wp\/v2\/posts\/2196","targetHints":{"allow":["GET"]}}],"collection":[{"href":"https:\/\/www.sebastien-auziere.fr\/blog\/wp-json\/wp\/v2\/posts"}],"about":[{"href":"https:\/\/www.sebastien-auziere.fr\/blog\/wp-json\/wp\/v2\/types\/post"}],"author":[{"embeddable":true,"href":"https:\/\/www.sebastien-auziere.fr\/blog\/wp-json\/wp\/v2\/users\/4"}],"replies":[{"embeddable":true,"href":"https:\/\/www.sebastien-auziere.fr\/blog\/wp-json\/wp\/v2\/comments?post=2196"}],"version-history":[{"count":1,"href":"https:\/\/www.sebastien-auziere.fr\/blog\/wp-json\/wp\/v2\/posts\/2196\/revisions"}],"predecessor-version":[{"id":2197,"href":"https:\/\/www.sebastien-auziere.fr\/blog\/wp-json\/wp\/v2\/posts\/2196\/revisions\/2197"}],"wp:featuredmedia":[{"embeddable":true,"href":"https:\/\/www.sebastien-auziere.fr\/blog\/wp-json\/wp\/v2\/media\/2064"}],"wp:attachment":[{"href":"https:\/\/www.sebastien-auziere.fr\/blog\/wp-json\/wp\/v2\/media?parent=2196"}],"wp:term":[{"taxonomy":"category","embeddable":true,"href":"https:\/\/www.sebastien-auziere.fr\/blog\/wp-json\/wp\/v2\/categories?post=2196"},{"taxonomy":"post_tag","embeddable":true,"href":"https:\/\/www.sebastien-auziere.fr\/blog\/wp-json\/wp\/v2\/tags?post=2196"}],"curies":[{"name":"wp","href":"https:\/\/api.w.org\/{rel}","templated":true}]}}