{"id":2192,"date":"2026-03-06T16:03:53","date_gmt":"2026-03-06T16:03:53","guid":{"rendered":"https:\/\/www.sebastien-auziere.fr\/blog\/?p=2192"},"modified":"2026-03-06T16:04:24","modified_gmt":"2026-03-06T16:04:24","slug":"brigitte-macron-e-a-operacao-pieces-jaunes-por-que-ela-se-compromete-com-as-criancas-hospitalizadas","status":"publish","type":"post","link":"https:\/\/www.sebastien-auziere.fr\/blog\/pt\/brigitte-macron-e-a-operacao-pieces-jaunes-por-que-ela-se-compromete-com-as-criancas-hospitalizadas\/","title":{"rendered":"Brigitte Macron e a opera\u00e7\u00e3o Pi\u00e8ces Jaunes: por que ela se compromete com as crian\u00e7as hospitalizadas"},"content":{"rendered":"\n<p>Imagem gerada por intelig\u00eancia artificial, ilustra\u00e7\u00e3o n\u00e3o real.<\/p>\n\n\n<p style=\"padding: 24px;background: lightblue\">\nO que voc\u00ea precisa lembrar: <strong>Brigitte Macron \u00e9 a presidente da Funda\u00e7\u00e3o dos Hospitais<\/strong> e lidera a opera\u00e7\u00e3o Pi\u00e8ces Jaunes todos os anos. Esta campanha nacional permite financiar projetos para melhorar a vida cotidiana de crian\u00e7as e adolescentes hospitalizados em toda a Fran\u00e7a.\n<\/p>\n<p>\nTodos os anos na Fran\u00e7a, a opera\u00e7\u00e3o <strong>Pi\u00e8ces Jaunes<\/strong> mobiliza milh\u00f5es de pessoas. H\u00e1 v\u00e1rios anos, <strong>Brigitte Macron<\/strong> \u00e9 uma das figuras centrais. Esta iniciativa solid\u00e1ria permite arrecadar doa\u00e7\u00f5es para melhorar as condi\u00e7\u00f5es de vida das crian\u00e7as hospitalizadas. Neste artigo, voc\u00ea vai descobrir <strong>a hist\u00f3ria da opera\u00e7\u00e3o Pi\u00e8ces Jaunes, o papel de Brigitte Macron e os projetos financiados gra\u00e7as \u00e0s doa\u00e7\u00f5es<\/strong>.\n<\/p>\n<ol>\n<li><a href=\"#operation-pieces-jaunes\">A opera\u00e7\u00e3o Pi\u00e8ces Jaunes: como funciona<\/a><\/li>\n<li><a href=\"#role-brigitte-macron\">O papel de Brigitte Macron na funda\u00e7\u00e3o<\/a><\/li>\n<li><a href=\"#projets-finances\">Os projetos financiados gra\u00e7as \u00e0s doa\u00e7\u00f5es<\/a><\/li>\n<li><a href=\"#participer\">Como participar da opera\u00e7\u00e3o<\/a><\/li>\n<\/ol>\n<h2 id=\"operation-pieces-jaunes\">A opera\u00e7\u00e3o Pi\u00e8ces Jaunes: como funciona<\/h2>\n<p>\nA opera\u00e7\u00e3o Pi\u00e8ces Jaunes \u00e9 uma campanha de solidariedade nacional organizada todos os anos pela <strong>Funda\u00e7\u00e3o dos Hospitais<\/strong>.\n<\/p>\n<h3>Uma campanha lan\u00e7ada nos anos 1990<\/h3>\n<p>\nCriada em 1989, a Funda\u00e7\u00e3o dos Hospitais lan\u00e7ou a opera\u00e7\u00e3o Pi\u00e8ces Jaunes para coletar doa\u00e7\u00f5es do p\u00fablico em geral. O princ\u00edpio \u00e9 simples: qualquer pessoa pode depositar moedas em cofrinhos distribu\u00eddos por toda a Fran\u00e7a.\n<\/p>\n<p>\nOs fundos arrecadados servem para financiar projetos destinados a <strong>melhorar o cotidiano das crian\u00e7as hospitalizadas<\/strong>.\n<\/p>\n<h2 id=\"role-brigitte-macron\">O papel de Brigitte Macron na funda\u00e7\u00e3o<\/h2>\n<p>\nDesde 2019, <strong>Brigitte Macron \u00e9 presidente da Funda\u00e7\u00e3o dos Hospitais<\/strong>. Ela sucedeu Bernadette Chirac, que durante muito tempo personificou a opera\u00e7\u00e3o.\n<\/p>\n<h3>Um compromisso com os jovens pacientes<\/h3>\n<p>\nComo presidente, Brigitte Macron participa ativamente da promo\u00e7\u00e3o da campanha. Ela visita regularmente hospitais para encontrar crian\u00e7as, fam\u00edlias e a equipe m\u00e9dica.\n<\/p>\n<p>\nSeu objetivo \u00e9 <strong>destacar as necessidades dos jovens pacientes<\/strong> e incentivar a solidariedade nacional.\n<\/p>\n<h2 id=\"projets-finances\">Os projetos financiados gra\u00e7as \u00e0s doa\u00e7\u00f5es<\/h2>\n<p>\nAs doa\u00e7\u00f5es arrecadadas atrav\u00e9s da opera\u00e7\u00e3o Pi\u00e8ces Jaunes permitem financiar diversos projetos nos hospitais.\n<\/p>\n<h3>Melhorar o cotidiano no hospital<\/h3>\n<ul>\n<li>Cria\u00e7\u00e3o de salas de jogos para crian\u00e7as<\/li>\n<li>Melhorias em quartos para pais e filhos<\/li>\n<li>Espa\u00e7os dedicados aos adolescentes<\/li>\n<li>Equipamentos m\u00e9dicos adequados<\/li>\n<\/ul>\n<p>\nEsses projetos t\u00eam como objetivo tornar a hospitaliza\u00e7\u00e3o <strong>menos dif\u00edcil para os jovens pacientes e suas fam\u00edlias<\/strong>.\n<\/p>\n<h2 id=\"participer\">Como participar da opera\u00e7\u00e3o<\/h2>\n<p>\nTodos podem contribuir para a opera\u00e7\u00e3o Pi\u00e8ces Jaunes.\n<\/p>\n<h3>V\u00e1rias maneiras de fazer uma doa\u00e7\u00e3o<\/h3>\n<p>\n\u00c9 poss\u00edvel participar de diferentes formas:\n<\/p>\n<ul>\n<li>Depositar moedas nos cofrinhos<\/li>\n<li>Fazer uma doa\u00e7\u00e3o online<\/li>\n<li>Participar de eventos solid\u00e1rios<\/li>\n<li>Divulgar a opera\u00e7\u00e3o nas redes sociais<\/li>\n<\/ul>\n<div style=\"overflow:auto;max-width:100%\">\n<table>\n<tr>\n<th>Elemento<\/th>\n<th>Informa\u00e7\u00e3o<\/th>\n<th>Objetivo<\/th>\n<\/tr>\n<tr>\n<td>Opera\u00e7\u00e3o Pi\u00e8ces Jaunes<\/td>\n<td>Campanha de solidariedade nacional<\/td>\n<td>Ajudar as crian\u00e7as hospitalizadas<\/td>\n<\/tr>\n<tr>\n<td>Funda\u00e7\u00e3o dos Hospitais<\/td>\n<td>Organiza\u00e7\u00e3o respons\u00e1vel<\/td>\n<td>Financiar projetos hospitalares<\/td>\n<\/tr>\n<tr>\n<td>Brigitte Macron<\/td>\n<td>Presidente desde 2019<\/td>\n<td>Conscientizar o p\u00fablico<\/td>\n<\/tr>\n<tr>\n<td>Doa\u00e7\u00f5es coletadas<\/td>\n<td>Milh\u00f5es de euros todos os anos<\/td>\n<td>Melhorar a vida no hospital<\/td>\n<\/tr>\n<\/table>\n<\/div>\n<p>\nGra\u00e7as ao compromisso de muitas pessoas e \u00e0 mobiliza\u00e7\u00e3o de figuras p\u00fablicas como Brigitte Macron, a opera\u00e7\u00e3o Pi\u00e8ces Jaunes continua todos os anos a melhorar o cotidiano de milhares de crian\u00e7as hospitalizadas na Fran\u00e7a.\n<\/p>\n<h2>FAQ<\/h2>\n<h3>O que \u00e9 a opera\u00e7\u00e3o Pi\u00e8ces Jaunes?<\/h3>\n<p>\n\u00c9 uma campanha nacional de coleta de doa\u00e7\u00f5es destinada a melhorar as condi\u00e7\u00f5es de vida das crian\u00e7as e adolescentes hospitalizados.\n<\/p>\n<h3>Qual \u00e9 o papel de Brigitte Macron nesta opera\u00e7\u00e3o?<\/h3>\n<p>\nBrigitte Macron \u00e9 a presidente da Funda\u00e7\u00e3o dos Hospitais desde 2019 e apoia ativamente a campanha Pi\u00e8ces Jaunes.\n<\/p>\n<h3>Para que servem as doa\u00e7\u00f5es dos Pi\u00e8ces Jaunes?<\/h3>\n<p>\nElas financiam projetos nos hospitais: salas de jogos, quartos adaptados, espa\u00e7os para adolescentes e equipamentos.\n<\/p>\n<h3>Como participar da opera\u00e7\u00e3o?<\/h3>\n<p>\n\u00c9 poss\u00edvel doar moedas nos cofrinhos, fazer uma doa\u00e7\u00e3o online ou participar de eventos solid\u00e1rios.\n<\/p>","protected":false},"excerpt":{"rendered":"<p>Imagem gerada por intelig\u00eancia artificial, ilustra\u00e7\u00e3o n\u00e3o real. O que voc\u00ea precisa lembrar: Brigitte Macron \u00e9 a presidente da Funda\u00e7\u00e3o dos Hospitais e lidera a opera\u00e7\u00e3o Pi\u00e8ces Jaunes todos os anos. Esta campanha nacional permite financiar projetos para melhorar a vida cotidiana de crian\u00e7as e adolescentes hospitalizados em toda a Fran\u00e7a. Todos os anos na &#8230; <a title=\"Brigitte Macron e a opera\u00e7\u00e3o Pi\u00e8ces Jaunes: por que ela se compromete com as crian\u00e7as hospitalizadas\" class=\"read-more\" href=\"https:\/\/www.sebastien-auziere.fr\/blog\/pt\/brigitte-macron-e-a-operacao-pieces-jaunes-por-que-ela-se-compromete-com-as-criancas-hospitalizadas\/\" aria-label=\"En savoir plus sur Brigitte Macron e a opera\u00e7\u00e3o Pi\u00e8ces Jaunes: por que ela se compromete com as crian\u00e7as hospitalizadas\">Lire plus<\/a><\/p>\n","protected":false},"author":4,"featured_media":2071,"comment_status":"open","ping_status":"open","sticky":false,"template":"","format":"standard","meta":{"footnotes":""},"categories":[848],"tags":[],"class_list":["post-2192","post","type-post","status-publish","format-standard","has-post-thumbnail","hentry","category-non-classe-pt"],"yoast_head":"<!-- This site is optimized with the Yoast SEO plugin v27.5 - https:\/\/yoast.com\/product\/yoast-seo-wordpress\/ -->\n<title>Brigitte Macron e a opera\u00e7\u00e3o Pi\u00e8ces Jaunes: por que ela se compromete com as crian\u00e7as hospitalizadas - Fan site S\u00e9bastien Auzi\u00e8re<\/title>\n<meta name=\"robots\" content=\"index, follow, max-snippet:-1, max-image-preview:large, max-video-preview:-1\" \/>\n<link rel=\"canonical\" href=\"https:\/\/www.sebastien-auziere.fr\/blog\/pt\/brigitte-macron-e-a-operacao-pieces-jaunes-por-que-ela-se-compromete-com-as-criancas-hospitalizadas\/\" \/>\n<meta property=\"og:locale\" content=\"fr_FR\" \/>\n<meta property=\"og:type\" content=\"article\" \/>\n<meta property=\"og:title\" content=\"Brigitte Macron e a opera\u00e7\u00e3o Pi\u00e8ces Jaunes: por que ela se compromete com as crian\u00e7as hospitalizadas - Fan site S\u00e9bastien Auzi\u00e8re\" \/>\n<meta property=\"og:description\" content=\"Imagem gerada por intelig\u00eancia artificial, ilustra\u00e7\u00e3o n\u00e3o real. O que voc\u00ea precisa lembrar: Brigitte Macron \u00e9 a presidente da Funda\u00e7\u00e3o dos Hospitais e lidera a opera\u00e7\u00e3o Pi\u00e8ces Jaunes todos os anos. Esta campanha nacional permite financiar projetos para melhorar a vida cotidiana de crian\u00e7as e adolescentes hospitalizados em toda a Fran\u00e7a. Todos os anos na ... Lire plus\" \/>\n<meta property=\"og:url\" content=\"https:\/\/www.sebastien-auziere.fr\/blog\/pt\/brigitte-macron-e-a-operacao-pieces-jaunes-por-que-ela-se-compromete-com-as-criancas-hospitalizadas\/\" \/>\n<meta property=\"og:site_name\" content=\"Fan site S\u00e9bastien Auzi\u00e8re\" \/>\n<meta property=\"article:published_time\" content=\"2026-03-06T16:03:53+00:00\" \/>\n<meta property=\"article:modified_time\" content=\"2026-03-06T16:04:24+00:00\" \/>\n<meta property=\"og:image\" content=\"https:\/\/www.sebastien-auziere.fr\/blog\/wp-content\/uploads\/2026\/03\/ChatGPT-Image-6-mars-2026-13_41_02.jpg\" \/>\n\t<meta property=\"og:image:width\" content=\"1536\" \/>\n\t<meta property=\"og:image:height\" content=\"1024\" \/>\n\t<meta property=\"og:image:type\" content=\"image\/jpeg\" \/>\n<meta name=\"author\" content=\"Celine\" \/>\n<meta name=\"twitter:card\" content=\"summary_large_image\" \/>\n<meta name=\"twitter:label1\" content=\"\u00c9crit par\" \/>\n\t<meta name=\"twitter:data1\" content=\"Celine\" \/>\n\t<meta name=\"twitter:label2\" content=\"Dur\u00e9e de lecture estim\u00e9e\" \/>\n\t<meta name=\"twitter:data2\" content=\"3 minutes\" \/>\n<script type=\"application\/ld+json\" class=\"yoast-schema-graph\">{\"@context\":\"https:\\\/\\\/schema.org\",\"@graph\":[{\"@type\":\"Article\",\"@id\":\"https:\\\/\\\/www.sebastien-auziere.fr\\\/blog\\\/pt\\\/brigitte-macron-e-a-operacao-pieces-jaunes-por-que-ela-se-compromete-com-as-criancas-hospitalizadas\\\/#article\",\"isPartOf\":{\"@id\":\"https:\\\/\\\/www.sebastien-auziere.fr\\\/blog\\\/pt\\\/brigitte-macron-e-a-operacao-pieces-jaunes-por-que-ela-se-compromete-com-as-criancas-hospitalizadas\\\/\"},\"author\":{\"name\":\"Celine\",\"@id\":\"https:\\\/\\\/www.sebastien-auziere.fr\\\/blog\\\/#\\\/schema\\\/person\\\/1e270a963009242469ed08b1c461f81f\"},\"headline\":\"Brigitte Macron e a opera\u00e7\u00e3o Pi\u00e8ces Jaunes: por que ela se compromete com as crian\u00e7as hospitalizadas\",\"datePublished\":\"2026-03-06T16:03:53+00:00\",\"dateModified\":\"2026-03-06T16:04:24+00:00\",\"mainEntityOfPage\":{\"@id\":\"https:\\\/\\\/www.sebastien-auziere.fr\\\/blog\\\/pt\\\/brigitte-macron-e-a-operacao-pieces-jaunes-por-que-ela-se-compromete-com-as-criancas-hospitalizadas\\\/\"},\"wordCount\":671,\"commentCount\":0,\"publisher\":{\"@id\":\"https:\\\/\\\/www.sebastien-auziere.fr\\\/blog\\\/#organization\"},\"image\":{\"@id\":\"https:\\\/\\\/www.sebastien-auziere.fr\\\/blog\\\/pt\\\/brigitte-macron-e-a-operacao-pieces-jaunes-por-que-ela-se-compromete-com-as-criancas-hospitalizadas\\\/#primaryimage\"},\"thumbnailUrl\":\"https:\\\/\\\/www.sebastien-auziere.fr\\\/blog\\\/wp-content\\\/uploads\\\/2026\\\/03\\\/ChatGPT-Image-6-mars-2026-13_41_02.jpg\",\"inLanguage\":\"fr-FR\",\"potentialAction\":[{\"@type\":\"CommentAction\",\"name\":\"Comment\",\"target\":[\"https:\\\/\\\/www.sebastien-auziere.fr\\\/blog\\\/pt\\\/brigitte-macron-e-a-operacao-pieces-jaunes-por-que-ela-se-compromete-com-as-criancas-hospitalizadas\\\/#respond\"]}]},{\"@type\":\"WebPage\",\"@id\":\"https:\\\/\\\/www.sebastien-auziere.fr\\\/blog\\\/pt\\\/brigitte-macron-e-a-operacao-pieces-jaunes-por-que-ela-se-compromete-com-as-criancas-hospitalizadas\\\/\",\"url\":\"https:\\\/\\\/www.sebastien-auziere.fr\\\/blog\\\/pt\\\/brigitte-macron-e-a-operacao-pieces-jaunes-por-que-ela-se-compromete-com-as-criancas-hospitalizadas\\\/\",\"name\":\"Brigitte Macron e a opera\u00e7\u00e3o Pi\u00e8ces Jaunes: por que ela se compromete com as crian\u00e7as hospitalizadas - Fan site S\u00e9bastien Auzi\u00e8re\",\"isPartOf\":{\"@id\":\"https:\\\/\\\/www.sebastien-auziere.fr\\\/blog\\\/#website\"},\"primaryImageOfPage\":{\"@id\":\"https:\\\/\\\/www.sebastien-auziere.fr\\\/blog\\\/pt\\\/brigitte-macron-e-a-operacao-pieces-jaunes-por-que-ela-se-compromete-com-as-criancas-hospitalizadas\\\/#primaryimage\"},\"image\":{\"@id\":\"https:\\\/\\\/www.sebastien-auziere.fr\\\/blog\\\/pt\\\/brigitte-macron-e-a-operacao-pieces-jaunes-por-que-ela-se-compromete-com-as-criancas-hospitalizadas\\\/#primaryimage\"},\"thumbnailUrl\":\"https:\\\/\\\/www.sebastien-auziere.fr\\\/blog\\\/wp-content\\\/uploads\\\/2026\\\/03\\\/ChatGPT-Image-6-mars-2026-13_41_02.jpg\",\"datePublished\":\"2026-03-06T16:03:53+00:00\",\"dateModified\":\"2026-03-06T16:04:24+00:00\",\"breadcrumb\":{\"@id\":\"https:\\\/\\\/www.sebastien-auziere.fr\\\/blog\\\/pt\\\/brigitte-macron-e-a-operacao-pieces-jaunes-por-que-ela-se-compromete-com-as-criancas-hospitalizadas\\\/#breadcrumb\"},\"inLanguage\":\"fr-FR\",\"potentialAction\":[{\"@type\":\"ReadAction\",\"target\":[\"https:\\\/\\\/www.sebastien-auziere.fr\\\/blog\\\/pt\\\/brigitte-macron-e-a-operacao-pieces-jaunes-por-que-ela-se-compromete-com-as-criancas-hospitalizadas\\\/\"]}]},{\"@type\":\"ImageObject\",\"inLanguage\":\"fr-FR\",\"@id\":\"https:\\\/\\\/www.sebastien-auziere.fr\\\/blog\\\/pt\\\/brigitte-macron-e-a-operacao-pieces-jaunes-por-que-ela-se-compromete-com-as-criancas-hospitalizadas\\\/#primaryimage\",\"url\":\"https:\\\/\\\/www.sebastien-auziere.fr\\\/blog\\\/wp-content\\\/uploads\\\/2026\\\/03\\\/ChatGPT-Image-6-mars-2026-13_41_02.jpg\",\"contentUrl\":\"https:\\\/\\\/www.sebastien-auziere.fr\\\/blog\\\/wp-content\\\/uploads\\\/2026\\\/03\\\/ChatGPT-Image-6-mars-2026-13_41_02.jpg\",\"width\":1536,\"height\":1024,\"caption\":\"brigitte macron pieces jaunes\"},{\"@type\":\"BreadcrumbList\",\"@id\":\"https:\\\/\\\/www.sebastien-auziere.fr\\\/blog\\\/pt\\\/brigitte-macron-e-a-operacao-pieces-jaunes-por-que-ela-se-compromete-com-as-criancas-hospitalizadas\\\/#breadcrumb\",\"itemListElement\":[{\"@type\":\"ListItem\",\"position\":1,\"name\":\"Home\",\"item\":\"https:\\\/\\\/www.sebastien-auziere.fr\\\/blog\\\/\"},{\"@type\":\"ListItem\",\"position\":2,\"name\":\"Brigitte Macron e a opera\u00e7\u00e3o Pi\u00e8ces Jaunes: por que ela se compromete com as crian\u00e7as hospitalizadas\"}]},{\"@type\":\"WebSite\",\"@id\":\"https:\\\/\\\/www.sebastien-auziere.fr\\\/blog\\\/#website\",\"url\":\"https:\\\/\\\/www.sebastien-auziere.fr\\\/blog\\\/\",\"name\":\"Fan site S\u00e9bastien Auzi\u00e8re\",\"description\":\"M\u00e9dia g\u00e9n\u00e9raliste\",\"publisher\":{\"@id\":\"https:\\\/\\\/www.sebastien-auziere.fr\\\/blog\\\/#organization\"},\"potentialAction\":[{\"@type\":\"SearchAction\",\"target\":{\"@type\":\"EntryPoint\",\"urlTemplate\":\"https:\\\/\\\/www.sebastien-auziere.fr\\\/blog\\\/?s={search_term_string}\"},\"query-input\":{\"@type\":\"PropertyValueSpecification\",\"valueRequired\":true,\"valueName\":\"search_term_string\"}}],\"inLanguage\":\"fr-FR\"},{\"@type\":\"Organization\",\"@id\":\"https:\\\/\\\/www.sebastien-auziere.fr\\\/blog\\\/#organization\",\"name\":\"Fan site S\u00e9bastien Auzi\u00e8re\",\"url\":\"https:\\\/\\\/www.sebastien-auziere.fr\\\/blog\\\/\",\"logo\":{\"@type\":\"ImageObject\",\"inLanguage\":\"fr-FR\",\"@id\":\"https:\\\/\\\/www.sebastien-auziere.fr\\\/blog\\\/#\\\/schema\\\/logo\\\/image\\\/\",\"url\":\"https:\\\/\\\/www.sebastien-auziere.fr\\\/blog\\\/wp-content\\\/uploads\\\/2026\\\/03\\\/cropped-cropped-cropped-ChatGPT-Image-6-mars-2026-12_58_09-e1772798376794.jpg\",\"contentUrl\":\"https:\\\/\\\/www.sebastien-auziere.fr\\\/blog\\\/wp-content\\\/uploads\\\/2026\\\/03\\\/cropped-cropped-cropped-ChatGPT-Image-6-mars-2026-12_58_09-e1772798376794.jpg\",\"width\":512,\"height\":360,\"caption\":\"Fan site S\u00e9bastien Auzi\u00e8re\"},\"image\":{\"@id\":\"https:\\\/\\\/www.sebastien-auziere.fr\\\/blog\\\/#\\\/schema\\\/logo\\\/image\\\/\"}},{\"@type\":\"Person\",\"@id\":\"https:\\\/\\\/www.sebastien-auziere.fr\\\/blog\\\/#\\\/schema\\\/person\\\/1e270a963009242469ed08b1c461f81f\",\"name\":\"Celine\",\"image\":{\"@type\":\"ImageObject\",\"inLanguage\":\"fr-FR\",\"@id\":\"https:\\\/\\\/secure.gravatar.com\\\/avatar\\\/c88d569fbe1fe19a13c7f21ee0f8973822df96073df21850b95af6a09ba820c9?s=96&d=mm&r=g\",\"url\":\"https:\\\/\\\/secure.gravatar.com\\\/avatar\\\/c88d569fbe1fe19a13c7f21ee0f8973822df96073df21850b95af6a09ba820c9?s=96&d=mm&r=g\",\"contentUrl\":\"https:\\\/\\\/secure.gravatar.com\\\/avatar\\\/c88d569fbe1fe19a13c7f21ee0f8973822df96073df21850b95af6a09ba820c9?s=96&d=mm&r=g\",\"caption\":\"Celine\"},\"description\":\"Je m'appelle C\u00e9line, j'ai 31 ans et je suis journaliste sp\u00e9cialis\u00e9e dans le cin\u00e9ma. Passionn\u00e9e par le septi\u00e8me art, j'explore les actualit\u00e9s, les critiques et les tendances du monde cin\u00e9matographique. Mon objectif est de partager ma passion et d'informer les amateurs de films \u00e0 travers des articles percutants et des analyses approfondies.\",\"url\":\"https:\\\/\\\/www.sebastien-auziere.fr\\\/blog\\\/author\\\/celine\\\/\"}]}<\/script>\n<!-- \/ Yoast SEO plugin. -->","yoast_head_json":{"title":"Brigitte Macron e a opera\u00e7\u00e3o Pi\u00e8ces Jaunes: por que ela se compromete com as crian\u00e7as hospitalizadas - Fan site S\u00e9bastien Auzi\u00e8re","robots":{"index":"index","follow":"follow","max-snippet":"max-snippet:-1","max-image-preview":"max-image-preview:large","max-video-preview":"max-video-preview:-1"},"canonical":"https:\/\/www.sebastien-auziere.fr\/blog\/pt\/brigitte-macron-e-a-operacao-pieces-jaunes-por-que-ela-se-compromete-com-as-criancas-hospitalizadas\/","og_locale":"fr_FR","og_type":"article","og_title":"Brigitte Macron e a opera\u00e7\u00e3o Pi\u00e8ces Jaunes: por que ela se compromete com as crian\u00e7as hospitalizadas - Fan site S\u00e9bastien Auzi\u00e8re","og_description":"Imagem gerada por intelig\u00eancia artificial, ilustra\u00e7\u00e3o n\u00e3o real. O que voc\u00ea precisa lembrar: Brigitte Macron \u00e9 a presidente da Funda\u00e7\u00e3o dos Hospitais e lidera a opera\u00e7\u00e3o Pi\u00e8ces Jaunes todos os anos. Esta campanha nacional permite financiar projetos para melhorar a vida cotidiana de crian\u00e7as e adolescentes hospitalizados em toda a Fran\u00e7a. Todos os anos na ... Lire plus","og_url":"https:\/\/www.sebastien-auziere.fr\/blog\/pt\/brigitte-macron-e-a-operacao-pieces-jaunes-por-que-ela-se-compromete-com-as-criancas-hospitalizadas\/","og_site_name":"Fan site S\u00e9bastien Auzi\u00e8re","article_published_time":"2026-03-06T16:03:53+00:00","article_modified_time":"2026-03-06T16:04:24+00:00","og_image":[{"width":1536,"height":1024,"url":"https:\/\/www.sebastien-auziere.fr\/blog\/wp-content\/uploads\/2026\/03\/ChatGPT-Image-6-mars-2026-13_41_02.jpg","type":"image\/jpeg"}],"author":"Celine","twitter_card":"summary_large_image","twitter_misc":{"\u00c9crit par":"Celine","Dur\u00e9e de lecture estim\u00e9e":"3 minutes"},"schema":{"@context":"https:\/\/schema.org","@graph":[{"@type":"Article","@id":"https:\/\/www.sebastien-auziere.fr\/blog\/pt\/brigitte-macron-e-a-operacao-pieces-jaunes-por-que-ela-se-compromete-com-as-criancas-hospitalizadas\/#article","isPartOf":{"@id":"https:\/\/www.sebastien-auziere.fr\/blog\/pt\/brigitte-macron-e-a-operacao-pieces-jaunes-por-que-ela-se-compromete-com-as-criancas-hospitalizadas\/"},"author":{"name":"Celine","@id":"https:\/\/www.sebastien-auziere.fr\/blog\/#\/schema\/person\/1e270a963009242469ed08b1c461f81f"},"headline":"Brigitte Macron e a opera\u00e7\u00e3o Pi\u00e8ces Jaunes: por que ela se compromete com as crian\u00e7as hospitalizadas","datePublished":"2026-03-06T16:03:53+00:00","dateModified":"2026-03-06T16:04:24+00:00","mainEntityOfPage":{"@id":"https:\/\/www.sebastien-auziere.fr\/blog\/pt\/brigitte-macron-e-a-operacao-pieces-jaunes-por-que-ela-se-compromete-com-as-criancas-hospitalizadas\/"},"wordCount":671,"commentCount":0,"publisher":{"@id":"https:\/\/www.sebastien-auziere.fr\/blog\/#organization"},"image":{"@id":"https:\/\/www.sebastien-auziere.fr\/blog\/pt\/brigitte-macron-e-a-operacao-pieces-jaunes-por-que-ela-se-compromete-com-as-criancas-hospitalizadas\/#primaryimage"},"thumbnailUrl":"https:\/\/www.sebastien-auziere.fr\/blog\/wp-content\/uploads\/2026\/03\/ChatGPT-Image-6-mars-2026-13_41_02.jpg","inLanguage":"fr-FR","potentialAction":[{"@type":"CommentAction","name":"Comment","target":["https:\/\/www.sebastien-auziere.fr\/blog\/pt\/brigitte-macron-e-a-operacao-pieces-jaunes-por-que-ela-se-compromete-com-as-criancas-hospitalizadas\/#respond"]}]},{"@type":"WebPage","@id":"https:\/\/www.sebastien-auziere.fr\/blog\/pt\/brigitte-macron-e-a-operacao-pieces-jaunes-por-que-ela-se-compromete-com-as-criancas-hospitalizadas\/","url":"https:\/\/www.sebastien-auziere.fr\/blog\/pt\/brigitte-macron-e-a-operacao-pieces-jaunes-por-que-ela-se-compromete-com-as-criancas-hospitalizadas\/","name":"Brigitte Macron e a opera\u00e7\u00e3o Pi\u00e8ces Jaunes: por que ela se compromete com as crian\u00e7as hospitalizadas - Fan site S\u00e9bastien Auzi\u00e8re","isPartOf":{"@id":"https:\/\/www.sebastien-auziere.fr\/blog\/#website"},"primaryImageOfPage":{"@id":"https:\/\/www.sebastien-auziere.fr\/blog\/pt\/brigitte-macron-e-a-operacao-pieces-jaunes-por-que-ela-se-compromete-com-as-criancas-hospitalizadas\/#primaryimage"},"image":{"@id":"https:\/\/www.sebastien-auziere.fr\/blog\/pt\/brigitte-macron-e-a-operacao-pieces-jaunes-por-que-ela-se-compromete-com-as-criancas-hospitalizadas\/#primaryimage"},"thumbnailUrl":"https:\/\/www.sebastien-auziere.fr\/blog\/wp-content\/uploads\/2026\/03\/ChatGPT-Image-6-mars-2026-13_41_02.jpg","datePublished":"2026-03-06T16:03:53+00:00","dateModified":"2026-03-06T16:04:24+00:00","breadcrumb":{"@id":"https:\/\/www.sebastien-auziere.fr\/blog\/pt\/brigitte-macron-e-a-operacao-pieces-jaunes-por-que-ela-se-compromete-com-as-criancas-hospitalizadas\/#breadcrumb"},"inLanguage":"fr-FR","potentialAction":[{"@type":"ReadAction","target":["https:\/\/www.sebastien-auziere.fr\/blog\/pt\/brigitte-macron-e-a-operacao-pieces-jaunes-por-que-ela-se-compromete-com-as-criancas-hospitalizadas\/"]}]},{"@type":"ImageObject","inLanguage":"fr-FR","@id":"https:\/\/www.sebastien-auziere.fr\/blog\/pt\/brigitte-macron-e-a-operacao-pieces-jaunes-por-que-ela-se-compromete-com-as-criancas-hospitalizadas\/#primaryimage","url":"https:\/\/www.sebastien-auziere.fr\/blog\/wp-content\/uploads\/2026\/03\/ChatGPT-Image-6-mars-2026-13_41_02.jpg","contentUrl":"https:\/\/www.sebastien-auziere.fr\/blog\/wp-content\/uploads\/2026\/03\/ChatGPT-Image-6-mars-2026-13_41_02.jpg","width":1536,"height":1024,"caption":"brigitte macron pieces jaunes"},{"@type":"BreadcrumbList","@id":"https:\/\/www.sebastien-auziere.fr\/blog\/pt\/brigitte-macron-e-a-operacao-pieces-jaunes-por-que-ela-se-compromete-com-as-criancas-hospitalizadas\/#breadcrumb","itemListElement":[{"@type":"ListItem","position":1,"name":"Home","item":"https:\/\/www.sebastien-auziere.fr\/blog\/"},{"@type":"ListItem","position":2,"name":"Brigitte Macron e a opera\u00e7\u00e3o Pi\u00e8ces Jaunes: por que ela se compromete com as crian\u00e7as hospitalizadas"}]},{"@type":"WebSite","@id":"https:\/\/www.sebastien-auziere.fr\/blog\/#website","url":"https:\/\/www.sebastien-auziere.fr\/blog\/","name":"Fan site S\u00e9bastien Auzi\u00e8re","description":"M\u00e9dia g\u00e9n\u00e9raliste","publisher":{"@id":"https:\/\/www.sebastien-auziere.fr\/blog\/#organization"},"potentialAction":[{"@type":"SearchAction","target":{"@type":"EntryPoint","urlTemplate":"https:\/\/www.sebastien-auziere.fr\/blog\/?s={search_term_string}"},"query-input":{"@type":"PropertyValueSpecification","valueRequired":true,"valueName":"search_term_string"}}],"inLanguage":"fr-FR"},{"@type":"Organization","@id":"https:\/\/www.sebastien-auziere.fr\/blog\/#organization","name":"Fan site S\u00e9bastien Auzi\u00e8re","url":"https:\/\/www.sebastien-auziere.fr\/blog\/","logo":{"@type":"ImageObject","inLanguage":"fr-FR","@id":"https:\/\/www.sebastien-auziere.fr\/blog\/#\/schema\/logo\/image\/","url":"https:\/\/www.sebastien-auziere.fr\/blog\/wp-content\/uploads\/2026\/03\/cropped-cropped-cropped-ChatGPT-Image-6-mars-2026-12_58_09-e1772798376794.jpg","contentUrl":"https:\/\/www.sebastien-auziere.fr\/blog\/wp-content\/uploads\/2026\/03\/cropped-cropped-cropped-ChatGPT-Image-6-mars-2026-12_58_09-e1772798376794.jpg","width":512,"height":360,"caption":"Fan site S\u00e9bastien Auzi\u00e8re"},"image":{"@id":"https:\/\/www.sebastien-auziere.fr\/blog\/#\/schema\/logo\/image\/"}},{"@type":"Person","@id":"https:\/\/www.sebastien-auziere.fr\/blog\/#\/schema\/person\/1e270a963009242469ed08b1c461f81f","name":"Celine","image":{"@type":"ImageObject","inLanguage":"fr-FR","@id":"https:\/\/secure.gravatar.com\/avatar\/c88d569fbe1fe19a13c7f21ee0f8973822df96073df21850b95af6a09ba820c9?s=96&d=mm&r=g","url":"https:\/\/secure.gravatar.com\/avatar\/c88d569fbe1fe19a13c7f21ee0f8973822df96073df21850b95af6a09ba820c9?s=96&d=mm&r=g","contentUrl":"https:\/\/secure.gravatar.com\/avatar\/c88d569fbe1fe19a13c7f21ee0f8973822df96073df21850b95af6a09ba820c9?s=96&d=mm&r=g","caption":"Celine"},"description":"Je m'appelle C\u00e9line, j'ai 31 ans et je suis journaliste sp\u00e9cialis\u00e9e dans le cin\u00e9ma. Passionn\u00e9e par le septi\u00e8me art, j'explore les actualit\u00e9s, les critiques et les tendances du monde cin\u00e9matographique. Mon objectif est de partager ma passion et d'informer les amateurs de films \u00e0 travers des articles percutants et des analyses approfondies.","url":"https:\/\/www.sebastien-auziere.fr\/blog\/author\/celine\/"}]}},"views":150,"_links":{"self":[{"href":"https:\/\/www.sebastien-auziere.fr\/blog\/wp-json\/wp\/v2\/posts\/2192","targetHints":{"allow":["GET"]}}],"collection":[{"href":"https:\/\/www.sebastien-auziere.fr\/blog\/wp-json\/wp\/v2\/posts"}],"about":[{"href":"https:\/\/www.sebastien-auziere.fr\/blog\/wp-json\/wp\/v2\/types\/post"}],"author":[{"embeddable":true,"href":"https:\/\/www.sebastien-auziere.fr\/blog\/wp-json\/wp\/v2\/users\/4"}],"replies":[{"embeddable":true,"href":"https:\/\/www.sebastien-auziere.fr\/blog\/wp-json\/wp\/v2\/comments?post=2192"}],"version-history":[{"count":1,"href":"https:\/\/www.sebastien-auziere.fr\/blog\/wp-json\/wp\/v2\/posts\/2192\/revisions"}],"predecessor-version":[{"id":2193,"href":"https:\/\/www.sebastien-auziere.fr\/blog\/wp-json\/wp\/v2\/posts\/2192\/revisions\/2193"}],"wp:featuredmedia":[{"embeddable":true,"href":"https:\/\/www.sebastien-auziere.fr\/blog\/wp-json\/wp\/v2\/media\/2071"}],"wp:attachment":[{"href":"https:\/\/www.sebastien-auziere.fr\/blog\/wp-json\/wp\/v2\/media?parent=2192"}],"wp:term":[{"taxonomy":"category","embeddable":true,"href":"https:\/\/www.sebastien-auziere.fr\/blog\/wp-json\/wp\/v2\/categories?post=2192"},{"taxonomy":"post_tag","embeddable":true,"href":"https:\/\/www.sebastien-auziere.fr\/blog\/wp-json\/wp\/v2\/tags?post=2192"}],"curies":[{"name":"wp","href":"https:\/\/api.w.org\/{rel}","templated":true}]}}