{"id":2190,"date":"2026-03-06T16:02:22","date_gmt":"2026-03-06T16:02:22","guid":{"rendered":"https:\/\/www.sebastien-auziere.fr\/blog\/?p=2190"},"modified":"2026-03-06T16:03:05","modified_gmt":"2026-03-06T16:03:05","slug":"brigitte-macron-e-loperazione-pieces-jaunes-perche-si-impegna-per-i-bambini-ricoverati","status":"publish","type":"post","link":"https:\/\/www.sebastien-auziere.fr\/blog\/it\/brigitte-macron-e-loperazione-pieces-jaunes-perche-si-impegna-per-i-bambini-ricoverati\/","title":{"rendered":"Brigitte Macron e l&rsquo;operazione Pi\u00e8ces Jaunes: perch\u00e9 si impegna per i bambini ricoverati"},"content":{"rendered":"\n<p>Immagine generata da intelligenza artificiale, illustrazione non reale.<\/p>\n\n\n<p style=\"padding: 24px;background: lightblue\">\nCi\u00f2 che bisogna ricordare: <strong>Brigitte Macron \u00e8 la presidente della Fondazione degli Ospedali<\/strong> e ogni anno sostiene l\u2019operazione Monete Gialle. Questa campagna nazionale permette di finanziare progetti per migliorare la vita quotidiana dei bambini e degli adolescenti ricoverati in ospedale in tutta Francia.\n<\/p>\n<p>\nOgni anno in Francia, l\u2019operazione <strong>Monete Gialle<\/strong> mobilita milioni di persone. Da diversi anni, <strong>Brigitte Macron<\/strong> \u00e8 una delle figure centrali. Questa iniziativa solidale permette di raccogliere donazioni per migliorare le condizioni di vita dei bambini ricoverati. In questo articolo, scoprirai <strong>la storia dell&rsquo;operazione Monete Gialle, il ruolo di Brigitte Macron e i progetti finanziati grazie alle donazioni<\/strong>.\n<\/p>\n<ol>\n<li><a href=\"#operation-pieces-jaunes\">L\u2019operazione Monete Gialle: come funziona<\/a><\/li>\n<li><a href=\"#role-brigitte-macron\">Il ruolo di Brigitte Macron nella fondazione<\/a><\/li>\n<li><a href=\"#projets-finances\">I progetti finanziati grazie alle donazioni<\/a><\/li>\n<li><a href=\"#participer\">Come partecipare all\u2019operazione<\/a><\/li>\n<\/ol>\n<h2 id=\"operation-pieces-jaunes\">L\u2019operazione Monete Gialle: come funziona<\/h2>\n<p>\nL\u2019operazione Monete Gialle \u00e8 una campagna di solidariet\u00e0 nazionale organizzata ogni anno dalla <strong>Fondazione degli Ospedali<\/strong>.\n<\/p>\n<h3>Una campagna lanciata negli anni &rsquo;90<\/h3>\n<p>\nCreata nel 1989, la Fondazione degli Ospedali ha lanciato l\u2019operazione Monete Gialle per raccogliere donazioni dal grande pubblico. Il principio \u00e8 semplice: chiunque pu\u00f2 depositare monete nelle cassette delle donazioni distribuite in tutta la Francia.\n<\/p>\n<p>\nI fondi raccolti servono a finanziare progetti destinati a <strong>migliorare la vita quotidiana dei bambini ricoverati<\/strong>.\n<\/p>\n<h2 id=\"role-brigitte-macron\">Il ruolo di Brigitte Macron nella fondazione<\/h2>\n<p>\nDal 2019, <strong>Brigitte Macron \u00e8 la presidente della Fondazione degli Ospedali<\/strong>. Succede a Bernadette Chirac, che ha a lungo incarnato l\u2019operazione.\n<\/p>\n<h3>Un impegno nei confronti dei giovani pazienti<\/h3>\n<p>\nIn quanto presidente, Brigitte Macron partecipa attivamente alla promozione della campagna. Visita regolarmente gli ospedali per incontrare i bambini, le famiglie e il personale medico.\n<\/p>\n<p>\nIl suo obiettivo \u00e8 <strong>mettere in luce le necessit\u00e0 dei giovani pazienti<\/strong> e incoraggiare la solidariet\u00e0 nazionale.\n<\/p>\n<h2 id=\"projets-finances\">I progetti finanziati grazie alle donazioni<\/h2>\n<p>\nLe donazioni raccolte grazie all\u2019operazione Monete Gialle permettono di finanziare numerosi progetti negli ospedali.\n<\/p>\n<h3>Migliorare la vita quotidiana in ospedale<\/h3>\n<ul>\n<li>Creazione di sale giochi per bambini<\/li>\n<li>Ristrutturazione di camere genitore-bambino<\/li>\n<li>Spazi dedicati agli adolescenti<\/li>\n<li>Attrezzature mediche adeguate<\/li>\n<\/ul>\n<p>\nQuesti progetti hanno l&rsquo;obiettivo di rendere il ricovero <strong>meno difficile per i giovani pazienti e le loro famiglie<\/strong>.\n<\/p>\n<h2 id=\"participer\">Come partecipare all\u2019operazione<\/h2>\n<p>\nChiunque pu\u00f2 contribuire all\u2019operazione Monete Gialle.\n<\/p>\n<h3>Vari modi per fare una donazione<\/h3>\n<p>\n\u00c8 possibile partecipare in diversi modi:\n<\/p>\n<ul>\n<li>Depositare monete nelle cassette delle donazioni<\/li>\n<li>Fare una donazione online<\/li>\n<li>Partecipare agli eventi di solidariet\u00e0<\/li>\n<li>Diffondere l\u2019operazione sui social media<\/li>\n<\/ul>\n<div style=\"overflow:auto;max-width:100%\">\n<table>\n<tr>\n<th>Elemento<\/th>\n<th>Informazione<\/th>\n<th>Obiettivo<\/th>\n<\/tr>\n<tr>\n<td>Operazione Monete Gialle<\/td>\n<td>Campagna di solidariet\u00e0 nazionale<\/td>\n<td>Aiutare i bambini ricoverati<\/td>\n<\/tr>\n<tr>\n<td>Fondazione degli Ospedali<\/td>\n<td>Organizzazione responsabile<\/td>\n<td>Finanziare progetti ospedalieri<\/td>\n<\/tr>\n<tr>\n<td>Brigitte Macron<\/td>\n<td>Presidente dal 2019<\/td>\n<td>Sensibilizzare il pubblico<\/td>\n<\/tr>\n<tr>\n<td>Donazioni raccolte<\/td>\n<td>Milioni di euro ogni anno<\/td>\n<td>Migliorare la vita in ospedale<\/td>\n<\/tr>\n<\/table>\n<\/div>\n<p>\nGrazie all\u2019impegno di molte persone e alla mobilitazione di figure pubbliche come Brigitte Macron, l\u2019operazione Monete Gialle continua ogni anno a migliorare la vita quotidiana di migliaia di bambini ricoverati in Francia.\n<\/p>\n<h2>FAQ<\/h2>\n<h3>Cos&rsquo;\u00e8 l&rsquo;operazione Monete Gialle?<\/h3>\n<p>\n\u00c8 una campagna nazionale di raccolta fondi destinata a migliorare le condizioni di vita dei bambini e degli adolescenti ricoverati.\n<\/p>\n<h3>Qual \u00e8 il ruolo di Brigitte Macron in questa operazione?<\/h3>\n<p>\nBrigitte Macron \u00e8 la presidente della Fondazione degli Ospedali dal 2019 e supporta attivamente la campagna Monete Gialle.\n<\/p>\n<h3>A cosa servono le donazioni delle Monete Gialle?<\/h3>\n<p>\nFinanziano progetti negli ospedali: sale giochi, camere adattate, spazi per adolescenti e attrezzature.\n<\/p>\n<h3>Come partecipare all\u2019operazione?<\/h3>\n<p>\nSi possono donare monete nelle cassette, fare una donazione online o partecipare agli eventi di solidariet\u00e0.\n<\/p>","protected":false},"excerpt":{"rendered":"<p>Immagine generata da intelligenza artificiale, illustrazione non reale. Ci\u00f2 che bisogna ricordare: Brigitte Macron \u00e8 la presidente della Fondazione degli Ospedali e ogni anno sostiene l\u2019operazione Monete Gialle. Questa campagna nazionale permette di finanziare progetti per migliorare la vita quotidiana dei bambini e degli adolescenti ricoverati in ospedale in tutta Francia. Ogni anno in Francia, &#8230; <a title=\"Brigitte Macron e l&rsquo;operazione Pi\u00e8ces Jaunes: perch\u00e9 si impegna per i bambini ricoverati\" class=\"read-more\" href=\"https:\/\/www.sebastien-auziere.fr\/blog\/it\/brigitte-macron-e-loperazione-pieces-jaunes-perche-si-impegna-per-i-bambini-ricoverati\/\" aria-label=\"En savoir plus sur Brigitte Macron e l&rsquo;operazione Pi\u00e8ces Jaunes: perch\u00e9 si impegna per i bambini ricoverati\">Lire plus<\/a><\/p>\n","protected":false},"author":4,"featured_media":2071,"comment_status":"open","ping_status":"open","sticky":false,"template":"","format":"standard","meta":{"footnotes":""},"categories":[843],"tags":[],"class_list":["post-2190","post","type-post","status-publish","format-standard","has-post-thumbnail","hentry","category-non-classe-it"],"yoast_head":"<!-- This site is optimized with the Yoast SEO plugin v27.5 - https:\/\/yoast.com\/product\/yoast-seo-wordpress\/ -->\n<title>Brigitte Macron e l&#039;operazione Pi\u00e8ces Jaunes: perch\u00e9 si impegna per i bambini ricoverati - Fan site S\u00e9bastien Auzi\u00e8re<\/title>\n<meta name=\"robots\" content=\"index, follow, max-snippet:-1, max-image-preview:large, max-video-preview:-1\" \/>\n<link rel=\"canonical\" href=\"https:\/\/www.sebastien-auziere.fr\/blog\/it\/brigitte-macron-e-loperazione-pieces-jaunes-perche-si-impegna-per-i-bambini-ricoverati\/\" \/>\n<meta property=\"og:locale\" content=\"fr_FR\" \/>\n<meta property=\"og:type\" content=\"article\" \/>\n<meta property=\"og:title\" content=\"Brigitte Macron e l&#039;operazione Pi\u00e8ces Jaunes: perch\u00e9 si impegna per i bambini ricoverati - Fan site S\u00e9bastien Auzi\u00e8re\" \/>\n<meta property=\"og:description\" content=\"Immagine generata da intelligenza artificiale, illustrazione non reale. Ci\u00f2 che bisogna ricordare: Brigitte Macron \u00e8 la presidente della Fondazione degli Ospedali e ogni anno sostiene l\u2019operazione Monete Gialle. Questa campagna nazionale permette di finanziare progetti per migliorare la vita quotidiana dei bambini e degli adolescenti ricoverati in ospedale in tutta Francia. Ogni anno in Francia, ... Lire plus\" \/>\n<meta property=\"og:url\" content=\"https:\/\/www.sebastien-auziere.fr\/blog\/it\/brigitte-macron-e-loperazione-pieces-jaunes-perche-si-impegna-per-i-bambini-ricoverati\/\" \/>\n<meta property=\"og:site_name\" content=\"Fan site S\u00e9bastien Auzi\u00e8re\" \/>\n<meta property=\"article:published_time\" content=\"2026-03-06T16:02:22+00:00\" \/>\n<meta property=\"article:modified_time\" content=\"2026-03-06T16:03:05+00:00\" \/>\n<meta property=\"og:image\" content=\"https:\/\/www.sebastien-auziere.fr\/blog\/wp-content\/uploads\/2026\/03\/ChatGPT-Image-6-mars-2026-13_41_02.jpg\" \/>\n\t<meta property=\"og:image:width\" content=\"1536\" \/>\n\t<meta property=\"og:image:height\" content=\"1024\" \/>\n\t<meta property=\"og:image:type\" content=\"image\/jpeg\" \/>\n<meta name=\"author\" content=\"Celine\" \/>\n<meta name=\"twitter:card\" content=\"summary_large_image\" \/>\n<meta name=\"twitter:label1\" content=\"\u00c9crit par\" \/>\n\t<meta name=\"twitter:data1\" content=\"Celine\" \/>\n\t<meta name=\"twitter:label2\" content=\"Dur\u00e9e de lecture estim\u00e9e\" \/>\n\t<meta name=\"twitter:data2\" content=\"3 minutes\" \/>\n<script type=\"application\/ld+json\" class=\"yoast-schema-graph\">{\"@context\":\"https:\\\/\\\/schema.org\",\"@graph\":[{\"@type\":\"Article\",\"@id\":\"https:\\\/\\\/www.sebastien-auziere.fr\\\/blog\\\/it\\\/brigitte-macron-e-loperazione-pieces-jaunes-perche-si-impegna-per-i-bambini-ricoverati\\\/#article\",\"isPartOf\":{\"@id\":\"https:\\\/\\\/www.sebastien-auziere.fr\\\/blog\\\/it\\\/brigitte-macron-e-loperazione-pieces-jaunes-perche-si-impegna-per-i-bambini-ricoverati\\\/\"},\"author\":{\"name\":\"Celine\",\"@id\":\"https:\\\/\\\/www.sebastien-auziere.fr\\\/blog\\\/#\\\/schema\\\/person\\\/1e270a963009242469ed08b1c461f81f\"},\"headline\":\"Brigitte Macron e l&rsquo;operazione Pi\u00e8ces Jaunes: perch\u00e9 si impegna per i bambini ricoverati\",\"datePublished\":\"2026-03-06T16:02:22+00:00\",\"dateModified\":\"2026-03-06T16:03:05+00:00\",\"mainEntityOfPage\":{\"@id\":\"https:\\\/\\\/www.sebastien-auziere.fr\\\/blog\\\/it\\\/brigitte-macron-e-loperazione-pieces-jaunes-perche-si-impegna-per-i-bambini-ricoverati\\\/\"},\"wordCount\":569,\"commentCount\":0,\"publisher\":{\"@id\":\"https:\\\/\\\/www.sebastien-auziere.fr\\\/blog\\\/#organization\"},\"image\":{\"@id\":\"https:\\\/\\\/www.sebastien-auziere.fr\\\/blog\\\/it\\\/brigitte-macron-e-loperazione-pieces-jaunes-perche-si-impegna-per-i-bambini-ricoverati\\\/#primaryimage\"},\"thumbnailUrl\":\"https:\\\/\\\/www.sebastien-auziere.fr\\\/blog\\\/wp-content\\\/uploads\\\/2026\\\/03\\\/ChatGPT-Image-6-mars-2026-13_41_02.jpg\",\"inLanguage\":\"fr-FR\",\"potentialAction\":[{\"@type\":\"CommentAction\",\"name\":\"Comment\",\"target\":[\"https:\\\/\\\/www.sebastien-auziere.fr\\\/blog\\\/it\\\/brigitte-macron-e-loperazione-pieces-jaunes-perche-si-impegna-per-i-bambini-ricoverati\\\/#respond\"]}]},{\"@type\":\"WebPage\",\"@id\":\"https:\\\/\\\/www.sebastien-auziere.fr\\\/blog\\\/it\\\/brigitte-macron-e-loperazione-pieces-jaunes-perche-si-impegna-per-i-bambini-ricoverati\\\/\",\"url\":\"https:\\\/\\\/www.sebastien-auziere.fr\\\/blog\\\/it\\\/brigitte-macron-e-loperazione-pieces-jaunes-perche-si-impegna-per-i-bambini-ricoverati\\\/\",\"name\":\"Brigitte Macron e l'operazione Pi\u00e8ces Jaunes: perch\u00e9 si impegna per i bambini ricoverati - Fan site S\u00e9bastien Auzi\u00e8re\",\"isPartOf\":{\"@id\":\"https:\\\/\\\/www.sebastien-auziere.fr\\\/blog\\\/#website\"},\"primaryImageOfPage\":{\"@id\":\"https:\\\/\\\/www.sebastien-auziere.fr\\\/blog\\\/it\\\/brigitte-macron-e-loperazione-pieces-jaunes-perche-si-impegna-per-i-bambini-ricoverati\\\/#primaryimage\"},\"image\":{\"@id\":\"https:\\\/\\\/www.sebastien-auziere.fr\\\/blog\\\/it\\\/brigitte-macron-e-loperazione-pieces-jaunes-perche-si-impegna-per-i-bambini-ricoverati\\\/#primaryimage\"},\"thumbnailUrl\":\"https:\\\/\\\/www.sebastien-auziere.fr\\\/blog\\\/wp-content\\\/uploads\\\/2026\\\/03\\\/ChatGPT-Image-6-mars-2026-13_41_02.jpg\",\"datePublished\":\"2026-03-06T16:02:22+00:00\",\"dateModified\":\"2026-03-06T16:03:05+00:00\",\"breadcrumb\":{\"@id\":\"https:\\\/\\\/www.sebastien-auziere.fr\\\/blog\\\/it\\\/brigitte-macron-e-loperazione-pieces-jaunes-perche-si-impegna-per-i-bambini-ricoverati\\\/#breadcrumb\"},\"inLanguage\":\"fr-FR\",\"potentialAction\":[{\"@type\":\"ReadAction\",\"target\":[\"https:\\\/\\\/www.sebastien-auziere.fr\\\/blog\\\/it\\\/brigitte-macron-e-loperazione-pieces-jaunes-perche-si-impegna-per-i-bambini-ricoverati\\\/\"]}]},{\"@type\":\"ImageObject\",\"inLanguage\":\"fr-FR\",\"@id\":\"https:\\\/\\\/www.sebastien-auziere.fr\\\/blog\\\/it\\\/brigitte-macron-e-loperazione-pieces-jaunes-perche-si-impegna-per-i-bambini-ricoverati\\\/#primaryimage\",\"url\":\"https:\\\/\\\/www.sebastien-auziere.fr\\\/blog\\\/wp-content\\\/uploads\\\/2026\\\/03\\\/ChatGPT-Image-6-mars-2026-13_41_02.jpg\",\"contentUrl\":\"https:\\\/\\\/www.sebastien-auziere.fr\\\/blog\\\/wp-content\\\/uploads\\\/2026\\\/03\\\/ChatGPT-Image-6-mars-2026-13_41_02.jpg\",\"width\":1536,\"height\":1024,\"caption\":\"brigitte macron pieces jaunes\"},{\"@type\":\"BreadcrumbList\",\"@id\":\"https:\\\/\\\/www.sebastien-auziere.fr\\\/blog\\\/it\\\/brigitte-macron-e-loperazione-pieces-jaunes-perche-si-impegna-per-i-bambini-ricoverati\\\/#breadcrumb\",\"itemListElement\":[{\"@type\":\"ListItem\",\"position\":1,\"name\":\"Home\",\"item\":\"https:\\\/\\\/www.sebastien-auziere.fr\\\/blog\\\/\"},{\"@type\":\"ListItem\",\"position\":2,\"name\":\"Brigitte Macron e l&rsquo;operazione Pi\u00e8ces Jaunes: perch\u00e9 si impegna per i bambini ricoverati\"}]},{\"@type\":\"WebSite\",\"@id\":\"https:\\\/\\\/www.sebastien-auziere.fr\\\/blog\\\/#website\",\"url\":\"https:\\\/\\\/www.sebastien-auziere.fr\\\/blog\\\/\",\"name\":\"Fan site S\u00e9bastien Auzi\u00e8re\",\"description\":\"M\u00e9dia g\u00e9n\u00e9raliste\",\"publisher\":{\"@id\":\"https:\\\/\\\/www.sebastien-auziere.fr\\\/blog\\\/#organization\"},\"potentialAction\":[{\"@type\":\"SearchAction\",\"target\":{\"@type\":\"EntryPoint\",\"urlTemplate\":\"https:\\\/\\\/www.sebastien-auziere.fr\\\/blog\\\/?s={search_term_string}\"},\"query-input\":{\"@type\":\"PropertyValueSpecification\",\"valueRequired\":true,\"valueName\":\"search_term_string\"}}],\"inLanguage\":\"fr-FR\"},{\"@type\":\"Organization\",\"@id\":\"https:\\\/\\\/www.sebastien-auziere.fr\\\/blog\\\/#organization\",\"name\":\"Fan site S\u00e9bastien Auzi\u00e8re\",\"url\":\"https:\\\/\\\/www.sebastien-auziere.fr\\\/blog\\\/\",\"logo\":{\"@type\":\"ImageObject\",\"inLanguage\":\"fr-FR\",\"@id\":\"https:\\\/\\\/www.sebastien-auziere.fr\\\/blog\\\/#\\\/schema\\\/logo\\\/image\\\/\",\"url\":\"https:\\\/\\\/www.sebastien-auziere.fr\\\/blog\\\/wp-content\\\/uploads\\\/2026\\\/03\\\/cropped-cropped-cropped-ChatGPT-Image-6-mars-2026-12_58_09-e1772798376794.jpg\",\"contentUrl\":\"https:\\\/\\\/www.sebastien-auziere.fr\\\/blog\\\/wp-content\\\/uploads\\\/2026\\\/03\\\/cropped-cropped-cropped-ChatGPT-Image-6-mars-2026-12_58_09-e1772798376794.jpg\",\"width\":512,\"height\":360,\"caption\":\"Fan site S\u00e9bastien Auzi\u00e8re\"},\"image\":{\"@id\":\"https:\\\/\\\/www.sebastien-auziere.fr\\\/blog\\\/#\\\/schema\\\/logo\\\/image\\\/\"}},{\"@type\":\"Person\",\"@id\":\"https:\\\/\\\/www.sebastien-auziere.fr\\\/blog\\\/#\\\/schema\\\/person\\\/1e270a963009242469ed08b1c461f81f\",\"name\":\"Celine\",\"image\":{\"@type\":\"ImageObject\",\"inLanguage\":\"fr-FR\",\"@id\":\"https:\\\/\\\/secure.gravatar.com\\\/avatar\\\/c88d569fbe1fe19a13c7f21ee0f8973822df96073df21850b95af6a09ba820c9?s=96&d=mm&r=g\",\"url\":\"https:\\\/\\\/secure.gravatar.com\\\/avatar\\\/c88d569fbe1fe19a13c7f21ee0f8973822df96073df21850b95af6a09ba820c9?s=96&d=mm&r=g\",\"contentUrl\":\"https:\\\/\\\/secure.gravatar.com\\\/avatar\\\/c88d569fbe1fe19a13c7f21ee0f8973822df96073df21850b95af6a09ba820c9?s=96&d=mm&r=g\",\"caption\":\"Celine\"},\"description\":\"Je m'appelle C\u00e9line, j'ai 31 ans et je suis journaliste sp\u00e9cialis\u00e9e dans le cin\u00e9ma. Passionn\u00e9e par le septi\u00e8me art, j'explore les actualit\u00e9s, les critiques et les tendances du monde cin\u00e9matographique. Mon objectif est de partager ma passion et d'informer les amateurs de films \u00e0 travers des articles percutants et des analyses approfondies.\",\"url\":\"https:\\\/\\\/www.sebastien-auziere.fr\\\/blog\\\/author\\\/celine\\\/\"}]}<\/script>\n<!-- \/ Yoast SEO plugin. -->","yoast_head_json":{"title":"Brigitte Macron e l'operazione Pi\u00e8ces Jaunes: perch\u00e9 si impegna per i bambini ricoverati - Fan site S\u00e9bastien Auzi\u00e8re","robots":{"index":"index","follow":"follow","max-snippet":"max-snippet:-1","max-image-preview":"max-image-preview:large","max-video-preview":"max-video-preview:-1"},"canonical":"https:\/\/www.sebastien-auziere.fr\/blog\/it\/brigitte-macron-e-loperazione-pieces-jaunes-perche-si-impegna-per-i-bambini-ricoverati\/","og_locale":"fr_FR","og_type":"article","og_title":"Brigitte Macron e l'operazione Pi\u00e8ces Jaunes: perch\u00e9 si impegna per i bambini ricoverati - Fan site S\u00e9bastien Auzi\u00e8re","og_description":"Immagine generata da intelligenza artificiale, illustrazione non reale. Ci\u00f2 che bisogna ricordare: Brigitte Macron \u00e8 la presidente della Fondazione degli Ospedali e ogni anno sostiene l\u2019operazione Monete Gialle. Questa campagna nazionale permette di finanziare progetti per migliorare la vita quotidiana dei bambini e degli adolescenti ricoverati in ospedale in tutta Francia. Ogni anno in Francia, ... Lire plus","og_url":"https:\/\/www.sebastien-auziere.fr\/blog\/it\/brigitte-macron-e-loperazione-pieces-jaunes-perche-si-impegna-per-i-bambini-ricoverati\/","og_site_name":"Fan site S\u00e9bastien Auzi\u00e8re","article_published_time":"2026-03-06T16:02:22+00:00","article_modified_time":"2026-03-06T16:03:05+00:00","og_image":[{"width":1536,"height":1024,"url":"https:\/\/www.sebastien-auziere.fr\/blog\/wp-content\/uploads\/2026\/03\/ChatGPT-Image-6-mars-2026-13_41_02.jpg","type":"image\/jpeg"}],"author":"Celine","twitter_card":"summary_large_image","twitter_misc":{"\u00c9crit par":"Celine","Dur\u00e9e de lecture estim\u00e9e":"3 minutes"},"schema":{"@context":"https:\/\/schema.org","@graph":[{"@type":"Article","@id":"https:\/\/www.sebastien-auziere.fr\/blog\/it\/brigitte-macron-e-loperazione-pieces-jaunes-perche-si-impegna-per-i-bambini-ricoverati\/#article","isPartOf":{"@id":"https:\/\/www.sebastien-auziere.fr\/blog\/it\/brigitte-macron-e-loperazione-pieces-jaunes-perche-si-impegna-per-i-bambini-ricoverati\/"},"author":{"name":"Celine","@id":"https:\/\/www.sebastien-auziere.fr\/blog\/#\/schema\/person\/1e270a963009242469ed08b1c461f81f"},"headline":"Brigitte Macron e l&rsquo;operazione Pi\u00e8ces Jaunes: perch\u00e9 si impegna per i bambini ricoverati","datePublished":"2026-03-06T16:02:22+00:00","dateModified":"2026-03-06T16:03:05+00:00","mainEntityOfPage":{"@id":"https:\/\/www.sebastien-auziere.fr\/blog\/it\/brigitte-macron-e-loperazione-pieces-jaunes-perche-si-impegna-per-i-bambini-ricoverati\/"},"wordCount":569,"commentCount":0,"publisher":{"@id":"https:\/\/www.sebastien-auziere.fr\/blog\/#organization"},"image":{"@id":"https:\/\/www.sebastien-auziere.fr\/blog\/it\/brigitte-macron-e-loperazione-pieces-jaunes-perche-si-impegna-per-i-bambini-ricoverati\/#primaryimage"},"thumbnailUrl":"https:\/\/www.sebastien-auziere.fr\/blog\/wp-content\/uploads\/2026\/03\/ChatGPT-Image-6-mars-2026-13_41_02.jpg","inLanguage":"fr-FR","potentialAction":[{"@type":"CommentAction","name":"Comment","target":["https:\/\/www.sebastien-auziere.fr\/blog\/it\/brigitte-macron-e-loperazione-pieces-jaunes-perche-si-impegna-per-i-bambini-ricoverati\/#respond"]}]},{"@type":"WebPage","@id":"https:\/\/www.sebastien-auziere.fr\/blog\/it\/brigitte-macron-e-loperazione-pieces-jaunes-perche-si-impegna-per-i-bambini-ricoverati\/","url":"https:\/\/www.sebastien-auziere.fr\/blog\/it\/brigitte-macron-e-loperazione-pieces-jaunes-perche-si-impegna-per-i-bambini-ricoverati\/","name":"Brigitte Macron e l'operazione Pi\u00e8ces Jaunes: perch\u00e9 si impegna per i bambini ricoverati - Fan site S\u00e9bastien Auzi\u00e8re","isPartOf":{"@id":"https:\/\/www.sebastien-auziere.fr\/blog\/#website"},"primaryImageOfPage":{"@id":"https:\/\/www.sebastien-auziere.fr\/blog\/it\/brigitte-macron-e-loperazione-pieces-jaunes-perche-si-impegna-per-i-bambini-ricoverati\/#primaryimage"},"image":{"@id":"https:\/\/www.sebastien-auziere.fr\/blog\/it\/brigitte-macron-e-loperazione-pieces-jaunes-perche-si-impegna-per-i-bambini-ricoverati\/#primaryimage"},"thumbnailUrl":"https:\/\/www.sebastien-auziere.fr\/blog\/wp-content\/uploads\/2026\/03\/ChatGPT-Image-6-mars-2026-13_41_02.jpg","datePublished":"2026-03-06T16:02:22+00:00","dateModified":"2026-03-06T16:03:05+00:00","breadcrumb":{"@id":"https:\/\/www.sebastien-auziere.fr\/blog\/it\/brigitte-macron-e-loperazione-pieces-jaunes-perche-si-impegna-per-i-bambini-ricoverati\/#breadcrumb"},"inLanguage":"fr-FR","potentialAction":[{"@type":"ReadAction","target":["https:\/\/www.sebastien-auziere.fr\/blog\/it\/brigitte-macron-e-loperazione-pieces-jaunes-perche-si-impegna-per-i-bambini-ricoverati\/"]}]},{"@type":"ImageObject","inLanguage":"fr-FR","@id":"https:\/\/www.sebastien-auziere.fr\/blog\/it\/brigitte-macron-e-loperazione-pieces-jaunes-perche-si-impegna-per-i-bambini-ricoverati\/#primaryimage","url":"https:\/\/www.sebastien-auziere.fr\/blog\/wp-content\/uploads\/2026\/03\/ChatGPT-Image-6-mars-2026-13_41_02.jpg","contentUrl":"https:\/\/www.sebastien-auziere.fr\/blog\/wp-content\/uploads\/2026\/03\/ChatGPT-Image-6-mars-2026-13_41_02.jpg","width":1536,"height":1024,"caption":"brigitte macron pieces jaunes"},{"@type":"BreadcrumbList","@id":"https:\/\/www.sebastien-auziere.fr\/blog\/it\/brigitte-macron-e-loperazione-pieces-jaunes-perche-si-impegna-per-i-bambini-ricoverati\/#breadcrumb","itemListElement":[{"@type":"ListItem","position":1,"name":"Home","item":"https:\/\/www.sebastien-auziere.fr\/blog\/"},{"@type":"ListItem","position":2,"name":"Brigitte Macron e l&rsquo;operazione Pi\u00e8ces Jaunes: perch\u00e9 si impegna per i bambini ricoverati"}]},{"@type":"WebSite","@id":"https:\/\/www.sebastien-auziere.fr\/blog\/#website","url":"https:\/\/www.sebastien-auziere.fr\/blog\/","name":"Fan site S\u00e9bastien Auzi\u00e8re","description":"M\u00e9dia g\u00e9n\u00e9raliste","publisher":{"@id":"https:\/\/www.sebastien-auziere.fr\/blog\/#organization"},"potentialAction":[{"@type":"SearchAction","target":{"@type":"EntryPoint","urlTemplate":"https:\/\/www.sebastien-auziere.fr\/blog\/?s={search_term_string}"},"query-input":{"@type":"PropertyValueSpecification","valueRequired":true,"valueName":"search_term_string"}}],"inLanguage":"fr-FR"},{"@type":"Organization","@id":"https:\/\/www.sebastien-auziere.fr\/blog\/#organization","name":"Fan site S\u00e9bastien Auzi\u00e8re","url":"https:\/\/www.sebastien-auziere.fr\/blog\/","logo":{"@type":"ImageObject","inLanguage":"fr-FR","@id":"https:\/\/www.sebastien-auziere.fr\/blog\/#\/schema\/logo\/image\/","url":"https:\/\/www.sebastien-auziere.fr\/blog\/wp-content\/uploads\/2026\/03\/cropped-cropped-cropped-ChatGPT-Image-6-mars-2026-12_58_09-e1772798376794.jpg","contentUrl":"https:\/\/www.sebastien-auziere.fr\/blog\/wp-content\/uploads\/2026\/03\/cropped-cropped-cropped-ChatGPT-Image-6-mars-2026-12_58_09-e1772798376794.jpg","width":512,"height":360,"caption":"Fan site S\u00e9bastien Auzi\u00e8re"},"image":{"@id":"https:\/\/www.sebastien-auziere.fr\/blog\/#\/schema\/logo\/image\/"}},{"@type":"Person","@id":"https:\/\/www.sebastien-auziere.fr\/blog\/#\/schema\/person\/1e270a963009242469ed08b1c461f81f","name":"Celine","image":{"@type":"ImageObject","inLanguage":"fr-FR","@id":"https:\/\/secure.gravatar.com\/avatar\/c88d569fbe1fe19a13c7f21ee0f8973822df96073df21850b95af6a09ba820c9?s=96&d=mm&r=g","url":"https:\/\/secure.gravatar.com\/avatar\/c88d569fbe1fe19a13c7f21ee0f8973822df96073df21850b95af6a09ba820c9?s=96&d=mm&r=g","contentUrl":"https:\/\/secure.gravatar.com\/avatar\/c88d569fbe1fe19a13c7f21ee0f8973822df96073df21850b95af6a09ba820c9?s=96&d=mm&r=g","caption":"Celine"},"description":"Je m'appelle C\u00e9line, j'ai 31 ans et je suis journaliste sp\u00e9cialis\u00e9e dans le cin\u00e9ma. Passionn\u00e9e par le septi\u00e8me art, j'explore les actualit\u00e9s, les critiques et les tendances du monde cin\u00e9matographique. Mon objectif est de partager ma passion et d'informer les amateurs de films \u00e0 travers des articles percutants et des analyses approfondies.","url":"https:\/\/www.sebastien-auziere.fr\/blog\/author\/celine\/"}]}},"views":151,"_links":{"self":[{"href":"https:\/\/www.sebastien-auziere.fr\/blog\/wp-json\/wp\/v2\/posts\/2190","targetHints":{"allow":["GET"]}}],"collection":[{"href":"https:\/\/www.sebastien-auziere.fr\/blog\/wp-json\/wp\/v2\/posts"}],"about":[{"href":"https:\/\/www.sebastien-auziere.fr\/blog\/wp-json\/wp\/v2\/types\/post"}],"author":[{"embeddable":true,"href":"https:\/\/www.sebastien-auziere.fr\/blog\/wp-json\/wp\/v2\/users\/4"}],"replies":[{"embeddable":true,"href":"https:\/\/www.sebastien-auziere.fr\/blog\/wp-json\/wp\/v2\/comments?post=2190"}],"version-history":[{"count":1,"href":"https:\/\/www.sebastien-auziere.fr\/blog\/wp-json\/wp\/v2\/posts\/2190\/revisions"}],"predecessor-version":[{"id":2191,"href":"https:\/\/www.sebastien-auziere.fr\/blog\/wp-json\/wp\/v2\/posts\/2190\/revisions\/2191"}],"wp:featuredmedia":[{"embeddable":true,"href":"https:\/\/www.sebastien-auziere.fr\/blog\/wp-json\/wp\/v2\/media\/2071"}],"wp:attachment":[{"href":"https:\/\/www.sebastien-auziere.fr\/blog\/wp-json\/wp\/v2\/media?parent=2190"}],"wp:term":[{"taxonomy":"category","embeddable":true,"href":"https:\/\/www.sebastien-auziere.fr\/blog\/wp-json\/wp\/v2\/categories?post=2190"},{"taxonomy":"post_tag","embeddable":true,"href":"https:\/\/www.sebastien-auziere.fr\/blog\/wp-json\/wp\/v2\/tags?post=2190"}],"curies":[{"name":"wp","href":"https:\/\/api.w.org\/{rel}","templated":true}]}}