{"id":2188,"date":"2026-03-06T16:01:49","date_gmt":"2026-03-06T16:01:49","guid":{"rendered":"https:\/\/www.sebastien-auziere.fr\/blog\/?p=2188"},"modified":"2026-03-06T16:02:21","modified_gmt":"2026-03-06T16:02:21","slug":"brigitte-macron-und-die-operation-pieces-jaunes-warum-sie-sich-fur-die-hospitalisierten-kinder-engagiert","status":"publish","type":"post","link":"https:\/\/www.sebastien-auziere.fr\/blog\/de\/brigitte-macron-und-die-operation-pieces-jaunes-warum-sie-sich-fur-die-hospitalisierten-kinder-engagiert\/","title":{"rendered":"Brigitte Macron und die Operation Pi\u00e8ces Jaunes: Warum sie sich f\u00fcr die hospitalisierten Kinder engagiert"},"content":{"rendered":"\n<p>Bild, erstellt von k\u00fcnstlicher Intelligenz, nicht reale Illustration.<\/p>\n\n\n<p style=\"padding: 24px;background: lightblue\">\nWichtig zu beachten: <strong>Brigitte Macron ist die Pr\u00e4sidentin der Stiftung der Krankenh\u00e4user<\/strong> und unterst\u00fctzt j\u00e4hrlich die Aktion \u00ab\u00a0Pi\u00e8ces Jaunes\u00a0\u00bb. Diese nationale Kampagne erm\u00f6glicht es, Projekte zu finanzieren, die das t\u00e4gliche Leben von in ganz Frankreich hospitalisierten Kindern und Jugendlichen verbessern.\n<\/p>\n<p>\nJedes Jahr mobilisiert die Aktion <strong>Pi\u00e8ces Jaunes<\/strong> Millionen von Menschen in Frankreich. Seit mehreren Jahren ist <strong>Brigitte Macron<\/strong> eine der zentralen Figuren. Diese solidarische Initiative erm\u00f6glicht es, Spenden zu sammeln, um die Lebensbedingungen von hospitalisierten Kindern zu verbessern. In diesem Artikel wirst du <strong>die Geschichte der Aktion Pi\u00e8ces Jaunes, die Rolle von Brigitte Macron und die durch Spenden finanzierten Projekte<\/strong> entdecken.\n<\/p>\n<ol>\n<li><a href=\"#operation-pieces-jaunes\">Die Aktion Pi\u00e8ces Jaunes: wie sie funktioniert<\/a><\/li>\n<li><a href=\"#role-brigitte-macron\">Die Rolle von Brigitte Macron in der Stiftung<\/a><\/li>\n<li><a href=\"#projets-finances\">Die durch Spenden finanzierten Projekte<\/a><\/li>\n<li><a href=\"#participer\">Wie man an der Aktion teilnehmen kann<\/a><\/li>\n<\/ol>\n<h2 id=\"operation-pieces-jaunes\">Die Aktion Pi\u00e8ces Jaunes: wie sie funktioniert<\/h2>\n<p>\nDie Aktion Pi\u00e8ces Jaunes ist eine j\u00e4hrlich organisierte nationale Solidarit\u00e4tskampagne der <strong>Stiftung der Krankenh\u00e4user<\/strong>.\n<\/p>\n<h3>Eine Kampagne, die in den 1990er Jahren gestartet wurde<\/h3>\n<p>\nDie 1989 gegr\u00fcndete Stiftung der Krankenh\u00e4user initiierte die Aktion Pi\u00e8ces Jaunes, um Spenden von der \u00d6ffentlichkeit zu sammeln. Das Prinzip ist einfach: Jeder kann Geldst\u00fccke in die an verschiedenen Orten in ganz Frankreich verteilten Spendenboxen werfen.\n<\/p>\n<p>\nDie gesammelten Gelder dienen der Finanzierung von Projekten, die darauf abzielen, <strong>den Alltag der hospitalisierten Kinder zu verbessern<\/strong>.\n<\/p>\n<h2 id=\"role-brigitte-macron\">Die Rolle von Brigitte Macron in der Stiftung<\/h2>\n<p>\nSeit 2019 ist <strong>Brigitte Macron Pr\u00e4sidentin der Stiftung der Krankenh\u00e4user<\/strong>. Sie folgt Bernadette Chirac nach, die die Aktion lange Zeit repr\u00e4sentiert hat.\n<\/p>\n<h3>Ein Engagement f\u00fcr junge Patienten<\/h3>\n<p>\nAls Pr\u00e4sidentin beteiligt sich Brigitte Macron aktiv an der F\u00f6rderung der Kampagne. Sie besucht regelm\u00e4\u00dfig Krankenh\u00e4user, um mit den Kindern, den Familien und dem medizinischen Personal zu sprechen.\n<\/p>\n<p>\nIhr Ziel ist es, <strong>die Bed\u00fcrfnisse der jungen Patienten ins Rampenlicht zu r\u00fccken<\/strong> und die nationale Solidarit\u00e4t zu f\u00f6rdern.\n<\/p>\n<h2 id=\"projets-finances\">Die durch Spenden finanzierten Projekte<\/h2>\n<p>\nDie durch die Aktion Pi\u00e8ces Jaunes gesammelten Spenden erm\u00f6glichen es, zahlreiche Projekte in den Krankenh\u00e4usern zu finanzieren.\n<\/p>\n<h3>Den Alltag im Krankenhaus verbessern<\/h3>\n<ul>\n<li>Schaffung von Spielzimmern f\u00fcr Kinder<\/li>\n<li>Gestaltung von Eltern-Kind-Zimmern<\/li>\n<li>Bereiche f\u00fcr Jugendliche<\/li>\n<li>Angepasste medizinische Ausstattungen<\/li>\n<\/ul>\n<p>\nDiese Projekte zielen darauf ab, den Aufenthalt in der Klinik <strong>f\u00fcr die jungen Patienten und ihre Familien weniger schwer zu machen<\/strong>.\n<\/p>\n<h2 id=\"participer\">Wie man an der Aktion teilnehmen kann<\/h2>\n<p>\nJeder kann zur Aktion Pi\u00e8ces Jaunes beitragen.\n<\/p>\n<h3>Mehrere M\u00f6glichkeiten, eine Spende zu machen<\/h3>\n<p>\nEs gibt verschiedene Wege, um teilzunehmen:\n<\/p>\n<ul>\n<li>Geldst\u00fccke in die Spendenboxen werfen<\/li>\n<li>Online-Spende t\u00e4tigen<\/li>\n<li>An solidarischen Veranstaltungen teilnehmen<\/li>\n<li>Die Aktion in den sozialen Medien teilen<\/li>\n<\/ul>\n<div style=\"overflow:auto;max-width:100%\">\n<table>\n<tr>\n<th>Element<\/th>\n<th>Information<\/th>\n<th>Ziel<\/th>\n<\/tr>\n<tr>\n<td>Aktion Pi\u00e8ces Jaunes<\/td>\n<td>Nationale Solidarit\u00e4tskampagne<\/td>\n<td>Krankenhausaufenthalt der Kinder unterst\u00fctzen<\/td>\n<\/tr>\n<tr>\n<td>Stiftung der Krankenh\u00e4user<\/td>\n<td>Verantwortliche Organisation<\/td>\n<td>Finanzierung von Krankenhausprojekten<\/td>\n<\/tr>\n<tr>\n<td>Brigitte Macron<\/td>\n<td>Pr\u00e4sidentin seit 2019<\/td>\n<td>\u00d6ffentliches Bewusstsein schaffen<\/td>\n<\/tr>\n<tr>\n<td>Gesammelte Spenden<\/td>\n<td>Millionen Euro j\u00e4hrlich<\/td>\n<td>Das Leben im Krankenhaus verbessern<\/td>\n<\/tr>\n<\/table>\n<\/div>\n<p>\nDank des Engagements vieler Menschen und der Mobilisierung von \u00f6ffentlichen Pers\u00f6nlichkeiten wie Brigitte Macron verbessert die Aktion Pi\u00e8ces Jaunes jedes Jahr das t\u00e4gliche Leben von Tausenden von hospitalisierten Kindern in Frankreich.\n<\/p>\n<h2>FAQ<\/h2>\n<h3>Was ist die Aktion Pi\u00e8ces Jaunes?<\/h3>\n<p>\nEs handelt sich um eine nationale Spendenkampagne zur Verbesserung der Lebensbedingungen von hospitalisierten Kindern und Jugendlichen.\n<\/p>\n<h3>Welche Rolle spielt Brigitte Macron in dieser Aktion?<\/h3>\n<p>\nBrigitte Macron ist seit 2019 Pr\u00e4sidentin der Stiftung der Krankenh\u00e4user und unterst\u00fctzt aktiv die Aktion Pi\u00e8ces Jaunes.\n<\/p>\n<h3>Wof\u00fcr werden die Spenden von \u00ab\u00a0Pi\u00e8ces Jaunes\u00a0\u00bb verwendet?<\/h3>\n<p>\nSie finanzieren Projekte in den Krankenh\u00e4usern: Spielzimmer, angepasste Zimmer, Bereiche f\u00fcr Jugendliche und medizinische Ausstattungen.\n<\/p>\n<h3>Wie kann man an der Aktion teilnehmen?<\/h3>\n<p>\nMan kann Geldst\u00fccke in die Spendenboxen werfen, online spenden oder an solidarischen Veranstaltungen teilnehmen.\n<\/p>","protected":false},"excerpt":{"rendered":"<p>Bild, erstellt von k\u00fcnstlicher Intelligenz, nicht reale Illustration. Wichtig zu beachten: Brigitte Macron ist die Pr\u00e4sidentin der Stiftung der Krankenh\u00e4user und unterst\u00fctzt j\u00e4hrlich die Aktion \u00ab\u00a0Pi\u00e8ces Jaunes\u00a0\u00bb. Diese nationale Kampagne erm\u00f6glicht es, Projekte zu finanzieren, die das t\u00e4gliche Leben von in ganz Frankreich hospitalisierten Kindern und Jugendlichen verbessern. Jedes Jahr mobilisiert die Aktion Pi\u00e8ces Jaunes &#8230; <a title=\"Brigitte Macron und die Operation Pi\u00e8ces Jaunes: Warum sie sich f\u00fcr die hospitalisierten Kinder engagiert\" class=\"read-more\" href=\"https:\/\/www.sebastien-auziere.fr\/blog\/de\/brigitte-macron-und-die-operation-pieces-jaunes-warum-sie-sich-fur-die-hospitalisierten-kinder-engagiert\/\" aria-label=\"En savoir plus sur Brigitte Macron und die Operation Pi\u00e8ces Jaunes: Warum sie sich f\u00fcr die hospitalisierten Kinder engagiert\">Lire plus<\/a><\/p>\n","protected":false},"author":4,"featured_media":2071,"comment_status":"open","ping_status":"open","sticky":false,"template":"","format":"standard","meta":{"footnotes":""},"categories":[838],"tags":[],"class_list":["post-2188","post","type-post","status-publish","format-standard","has-post-thumbnail","hentry","category-non-classe-de"],"yoast_head":"<!-- This site is optimized with the Yoast SEO plugin v27.5 - https:\/\/yoast.com\/product\/yoast-seo-wordpress\/ -->\n<title>Brigitte Macron und die Operation Pi\u00e8ces Jaunes: Warum sie sich f\u00fcr die hospitalisierten Kinder engagiert - Fan site S\u00e9bastien Auzi\u00e8re<\/title>\n<meta name=\"robots\" content=\"index, follow, max-snippet:-1, max-image-preview:large, max-video-preview:-1\" \/>\n<link rel=\"canonical\" href=\"https:\/\/www.sebastien-auziere.fr\/blog\/de\/brigitte-macron-und-die-operation-pieces-jaunes-warum-sie-sich-fur-die-hospitalisierten-kinder-engagiert\/\" \/>\n<meta property=\"og:locale\" content=\"fr_FR\" \/>\n<meta property=\"og:type\" content=\"article\" \/>\n<meta property=\"og:title\" content=\"Brigitte Macron und die Operation Pi\u00e8ces Jaunes: Warum sie sich f\u00fcr die hospitalisierten Kinder engagiert - Fan site S\u00e9bastien Auzi\u00e8re\" \/>\n<meta property=\"og:description\" content=\"Bild, erstellt von k\u00fcnstlicher Intelligenz, nicht reale Illustration. Wichtig zu beachten: Brigitte Macron ist die Pr\u00e4sidentin der Stiftung der Krankenh\u00e4user und unterst\u00fctzt j\u00e4hrlich die Aktion \u00ab\u00a0Pi\u00e8ces Jaunes\u00a0\u00bb. Diese nationale Kampagne erm\u00f6glicht es, Projekte zu finanzieren, die das t\u00e4gliche Leben von in ganz Frankreich hospitalisierten Kindern und Jugendlichen verbessern. Jedes Jahr mobilisiert die Aktion Pi\u00e8ces Jaunes ... Lire plus\" \/>\n<meta property=\"og:url\" content=\"https:\/\/www.sebastien-auziere.fr\/blog\/de\/brigitte-macron-und-die-operation-pieces-jaunes-warum-sie-sich-fur-die-hospitalisierten-kinder-engagiert\/\" \/>\n<meta property=\"og:site_name\" content=\"Fan site S\u00e9bastien Auzi\u00e8re\" \/>\n<meta property=\"article:published_time\" content=\"2026-03-06T16:01:49+00:00\" \/>\n<meta property=\"article:modified_time\" content=\"2026-03-06T16:02:21+00:00\" \/>\n<meta property=\"og:image\" content=\"https:\/\/www.sebastien-auziere.fr\/blog\/wp-content\/uploads\/2026\/03\/ChatGPT-Image-6-mars-2026-13_41_02.jpg\" \/>\n\t<meta property=\"og:image:width\" content=\"1536\" \/>\n\t<meta property=\"og:image:height\" content=\"1024\" \/>\n\t<meta property=\"og:image:type\" content=\"image\/jpeg\" \/>\n<meta name=\"author\" content=\"Celine\" \/>\n<meta name=\"twitter:card\" content=\"summary_large_image\" \/>\n<meta name=\"twitter:label1\" content=\"\u00c9crit par\" \/>\n\t<meta name=\"twitter:data1\" content=\"Celine\" \/>\n\t<meta name=\"twitter:label2\" content=\"Dur\u00e9e de lecture estim\u00e9e\" \/>\n\t<meta name=\"twitter:data2\" content=\"3 minutes\" \/>\n<script type=\"application\/ld+json\" class=\"yoast-schema-graph\">{\"@context\":\"https:\\\/\\\/schema.org\",\"@graph\":[{\"@type\":\"Article\",\"@id\":\"https:\\\/\\\/www.sebastien-auziere.fr\\\/blog\\\/de\\\/brigitte-macron-und-die-operation-pieces-jaunes-warum-sie-sich-fur-die-hospitalisierten-kinder-engagiert\\\/#article\",\"isPartOf\":{\"@id\":\"https:\\\/\\\/www.sebastien-auziere.fr\\\/blog\\\/de\\\/brigitte-macron-und-die-operation-pieces-jaunes-warum-sie-sich-fur-die-hospitalisierten-kinder-engagiert\\\/\"},\"author\":{\"name\":\"Celine\",\"@id\":\"https:\\\/\\\/www.sebastien-auziere.fr\\\/blog\\\/#\\\/schema\\\/person\\\/1e270a963009242469ed08b1c461f81f\"},\"headline\":\"Brigitte Macron und die Operation Pi\u00e8ces Jaunes: Warum sie sich f\u00fcr die hospitalisierten Kinder engagiert\",\"datePublished\":\"2026-03-06T16:01:49+00:00\",\"dateModified\":\"2026-03-06T16:02:21+00:00\",\"mainEntityOfPage\":{\"@id\":\"https:\\\/\\\/www.sebastien-auziere.fr\\\/blog\\\/de\\\/brigitte-macron-und-die-operation-pieces-jaunes-warum-sie-sich-fur-die-hospitalisierten-kinder-engagiert\\\/\"},\"wordCount\":644,\"commentCount\":0,\"publisher\":{\"@id\":\"https:\\\/\\\/www.sebastien-auziere.fr\\\/blog\\\/#organization\"},\"image\":{\"@id\":\"https:\\\/\\\/www.sebastien-auziere.fr\\\/blog\\\/de\\\/brigitte-macron-und-die-operation-pieces-jaunes-warum-sie-sich-fur-die-hospitalisierten-kinder-engagiert\\\/#primaryimage\"},\"thumbnailUrl\":\"https:\\\/\\\/www.sebastien-auziere.fr\\\/blog\\\/wp-content\\\/uploads\\\/2026\\\/03\\\/ChatGPT-Image-6-mars-2026-13_41_02.jpg\",\"inLanguage\":\"fr-FR\",\"potentialAction\":[{\"@type\":\"CommentAction\",\"name\":\"Comment\",\"target\":[\"https:\\\/\\\/www.sebastien-auziere.fr\\\/blog\\\/de\\\/brigitte-macron-und-die-operation-pieces-jaunes-warum-sie-sich-fur-die-hospitalisierten-kinder-engagiert\\\/#respond\"]}]},{\"@type\":\"WebPage\",\"@id\":\"https:\\\/\\\/www.sebastien-auziere.fr\\\/blog\\\/de\\\/brigitte-macron-und-die-operation-pieces-jaunes-warum-sie-sich-fur-die-hospitalisierten-kinder-engagiert\\\/\",\"url\":\"https:\\\/\\\/www.sebastien-auziere.fr\\\/blog\\\/de\\\/brigitte-macron-und-die-operation-pieces-jaunes-warum-sie-sich-fur-die-hospitalisierten-kinder-engagiert\\\/\",\"name\":\"Brigitte Macron und die Operation Pi\u00e8ces Jaunes: Warum sie sich f\u00fcr die hospitalisierten Kinder engagiert - Fan site S\u00e9bastien Auzi\u00e8re\",\"isPartOf\":{\"@id\":\"https:\\\/\\\/www.sebastien-auziere.fr\\\/blog\\\/#website\"},\"primaryImageOfPage\":{\"@id\":\"https:\\\/\\\/www.sebastien-auziere.fr\\\/blog\\\/de\\\/brigitte-macron-und-die-operation-pieces-jaunes-warum-sie-sich-fur-die-hospitalisierten-kinder-engagiert\\\/#primaryimage\"},\"image\":{\"@id\":\"https:\\\/\\\/www.sebastien-auziere.fr\\\/blog\\\/de\\\/brigitte-macron-und-die-operation-pieces-jaunes-warum-sie-sich-fur-die-hospitalisierten-kinder-engagiert\\\/#primaryimage\"},\"thumbnailUrl\":\"https:\\\/\\\/www.sebastien-auziere.fr\\\/blog\\\/wp-content\\\/uploads\\\/2026\\\/03\\\/ChatGPT-Image-6-mars-2026-13_41_02.jpg\",\"datePublished\":\"2026-03-06T16:01:49+00:00\",\"dateModified\":\"2026-03-06T16:02:21+00:00\",\"breadcrumb\":{\"@id\":\"https:\\\/\\\/www.sebastien-auziere.fr\\\/blog\\\/de\\\/brigitte-macron-und-die-operation-pieces-jaunes-warum-sie-sich-fur-die-hospitalisierten-kinder-engagiert\\\/#breadcrumb\"},\"inLanguage\":\"fr-FR\",\"potentialAction\":[{\"@type\":\"ReadAction\",\"target\":[\"https:\\\/\\\/www.sebastien-auziere.fr\\\/blog\\\/de\\\/brigitte-macron-und-die-operation-pieces-jaunes-warum-sie-sich-fur-die-hospitalisierten-kinder-engagiert\\\/\"]}]},{\"@type\":\"ImageObject\",\"inLanguage\":\"fr-FR\",\"@id\":\"https:\\\/\\\/www.sebastien-auziere.fr\\\/blog\\\/de\\\/brigitte-macron-und-die-operation-pieces-jaunes-warum-sie-sich-fur-die-hospitalisierten-kinder-engagiert\\\/#primaryimage\",\"url\":\"https:\\\/\\\/www.sebastien-auziere.fr\\\/blog\\\/wp-content\\\/uploads\\\/2026\\\/03\\\/ChatGPT-Image-6-mars-2026-13_41_02.jpg\",\"contentUrl\":\"https:\\\/\\\/www.sebastien-auziere.fr\\\/blog\\\/wp-content\\\/uploads\\\/2026\\\/03\\\/ChatGPT-Image-6-mars-2026-13_41_02.jpg\",\"width\":1536,\"height\":1024,\"caption\":\"brigitte macron pieces jaunes\"},{\"@type\":\"BreadcrumbList\",\"@id\":\"https:\\\/\\\/www.sebastien-auziere.fr\\\/blog\\\/de\\\/brigitte-macron-und-die-operation-pieces-jaunes-warum-sie-sich-fur-die-hospitalisierten-kinder-engagiert\\\/#breadcrumb\",\"itemListElement\":[{\"@type\":\"ListItem\",\"position\":1,\"name\":\"Home\",\"item\":\"https:\\\/\\\/www.sebastien-auziere.fr\\\/blog\\\/\"},{\"@type\":\"ListItem\",\"position\":2,\"name\":\"Brigitte Macron und die Operation Pi\u00e8ces Jaunes: Warum sie sich f\u00fcr die hospitalisierten Kinder engagiert\"}]},{\"@type\":\"WebSite\",\"@id\":\"https:\\\/\\\/www.sebastien-auziere.fr\\\/blog\\\/#website\",\"url\":\"https:\\\/\\\/www.sebastien-auziere.fr\\\/blog\\\/\",\"name\":\"Fan site S\u00e9bastien Auzi\u00e8re\",\"description\":\"M\u00e9dia g\u00e9n\u00e9raliste\",\"publisher\":{\"@id\":\"https:\\\/\\\/www.sebastien-auziere.fr\\\/blog\\\/#organization\"},\"potentialAction\":[{\"@type\":\"SearchAction\",\"target\":{\"@type\":\"EntryPoint\",\"urlTemplate\":\"https:\\\/\\\/www.sebastien-auziere.fr\\\/blog\\\/?s={search_term_string}\"},\"query-input\":{\"@type\":\"PropertyValueSpecification\",\"valueRequired\":true,\"valueName\":\"search_term_string\"}}],\"inLanguage\":\"fr-FR\"},{\"@type\":\"Organization\",\"@id\":\"https:\\\/\\\/www.sebastien-auziere.fr\\\/blog\\\/#organization\",\"name\":\"Fan site S\u00e9bastien Auzi\u00e8re\",\"url\":\"https:\\\/\\\/www.sebastien-auziere.fr\\\/blog\\\/\",\"logo\":{\"@type\":\"ImageObject\",\"inLanguage\":\"fr-FR\",\"@id\":\"https:\\\/\\\/www.sebastien-auziere.fr\\\/blog\\\/#\\\/schema\\\/logo\\\/image\\\/\",\"url\":\"https:\\\/\\\/www.sebastien-auziere.fr\\\/blog\\\/wp-content\\\/uploads\\\/2026\\\/03\\\/cropped-cropped-cropped-ChatGPT-Image-6-mars-2026-12_58_09-e1772798376794.jpg\",\"contentUrl\":\"https:\\\/\\\/www.sebastien-auziere.fr\\\/blog\\\/wp-content\\\/uploads\\\/2026\\\/03\\\/cropped-cropped-cropped-ChatGPT-Image-6-mars-2026-12_58_09-e1772798376794.jpg\",\"width\":512,\"height\":360,\"caption\":\"Fan site S\u00e9bastien Auzi\u00e8re\"},\"image\":{\"@id\":\"https:\\\/\\\/www.sebastien-auziere.fr\\\/blog\\\/#\\\/schema\\\/logo\\\/image\\\/\"}},{\"@type\":\"Person\",\"@id\":\"https:\\\/\\\/www.sebastien-auziere.fr\\\/blog\\\/#\\\/schema\\\/person\\\/1e270a963009242469ed08b1c461f81f\",\"name\":\"Celine\",\"image\":{\"@type\":\"ImageObject\",\"inLanguage\":\"fr-FR\",\"@id\":\"https:\\\/\\\/secure.gravatar.com\\\/avatar\\\/c88d569fbe1fe19a13c7f21ee0f8973822df96073df21850b95af6a09ba820c9?s=96&d=mm&r=g\",\"url\":\"https:\\\/\\\/secure.gravatar.com\\\/avatar\\\/c88d569fbe1fe19a13c7f21ee0f8973822df96073df21850b95af6a09ba820c9?s=96&d=mm&r=g\",\"contentUrl\":\"https:\\\/\\\/secure.gravatar.com\\\/avatar\\\/c88d569fbe1fe19a13c7f21ee0f8973822df96073df21850b95af6a09ba820c9?s=96&d=mm&r=g\",\"caption\":\"Celine\"},\"description\":\"Je m'appelle C\u00e9line, j'ai 31 ans et je suis journaliste sp\u00e9cialis\u00e9e dans le cin\u00e9ma. Passionn\u00e9e par le septi\u00e8me art, j'explore les actualit\u00e9s, les critiques et les tendances du monde cin\u00e9matographique. Mon objectif est de partager ma passion et d'informer les amateurs de films \u00e0 travers des articles percutants et des analyses approfondies.\",\"url\":\"https:\\\/\\\/www.sebastien-auziere.fr\\\/blog\\\/author\\\/celine\\\/\"}]}<\/script>\n<!-- \/ Yoast SEO plugin. -->","yoast_head_json":{"title":"Brigitte Macron und die Operation Pi\u00e8ces Jaunes: Warum sie sich f\u00fcr die hospitalisierten Kinder engagiert - Fan site S\u00e9bastien Auzi\u00e8re","robots":{"index":"index","follow":"follow","max-snippet":"max-snippet:-1","max-image-preview":"max-image-preview:large","max-video-preview":"max-video-preview:-1"},"canonical":"https:\/\/www.sebastien-auziere.fr\/blog\/de\/brigitte-macron-und-die-operation-pieces-jaunes-warum-sie-sich-fur-die-hospitalisierten-kinder-engagiert\/","og_locale":"fr_FR","og_type":"article","og_title":"Brigitte Macron und die Operation Pi\u00e8ces Jaunes: Warum sie sich f\u00fcr die hospitalisierten Kinder engagiert - Fan site S\u00e9bastien Auzi\u00e8re","og_description":"Bild, erstellt von k\u00fcnstlicher Intelligenz, nicht reale Illustration. Wichtig zu beachten: Brigitte Macron ist die Pr\u00e4sidentin der Stiftung der Krankenh\u00e4user und unterst\u00fctzt j\u00e4hrlich die Aktion \u00ab\u00a0Pi\u00e8ces Jaunes\u00a0\u00bb. Diese nationale Kampagne erm\u00f6glicht es, Projekte zu finanzieren, die das t\u00e4gliche Leben von in ganz Frankreich hospitalisierten Kindern und Jugendlichen verbessern. Jedes Jahr mobilisiert die Aktion Pi\u00e8ces Jaunes ... Lire plus","og_url":"https:\/\/www.sebastien-auziere.fr\/blog\/de\/brigitte-macron-und-die-operation-pieces-jaunes-warum-sie-sich-fur-die-hospitalisierten-kinder-engagiert\/","og_site_name":"Fan site S\u00e9bastien Auzi\u00e8re","article_published_time":"2026-03-06T16:01:49+00:00","article_modified_time":"2026-03-06T16:02:21+00:00","og_image":[{"width":1536,"height":1024,"url":"https:\/\/www.sebastien-auziere.fr\/blog\/wp-content\/uploads\/2026\/03\/ChatGPT-Image-6-mars-2026-13_41_02.jpg","type":"image\/jpeg"}],"author":"Celine","twitter_card":"summary_large_image","twitter_misc":{"\u00c9crit par":"Celine","Dur\u00e9e de lecture estim\u00e9e":"3 minutes"},"schema":{"@context":"https:\/\/schema.org","@graph":[{"@type":"Article","@id":"https:\/\/www.sebastien-auziere.fr\/blog\/de\/brigitte-macron-und-die-operation-pieces-jaunes-warum-sie-sich-fur-die-hospitalisierten-kinder-engagiert\/#article","isPartOf":{"@id":"https:\/\/www.sebastien-auziere.fr\/blog\/de\/brigitte-macron-und-die-operation-pieces-jaunes-warum-sie-sich-fur-die-hospitalisierten-kinder-engagiert\/"},"author":{"name":"Celine","@id":"https:\/\/www.sebastien-auziere.fr\/blog\/#\/schema\/person\/1e270a963009242469ed08b1c461f81f"},"headline":"Brigitte Macron und die Operation Pi\u00e8ces Jaunes: Warum sie sich f\u00fcr die hospitalisierten Kinder engagiert","datePublished":"2026-03-06T16:01:49+00:00","dateModified":"2026-03-06T16:02:21+00:00","mainEntityOfPage":{"@id":"https:\/\/www.sebastien-auziere.fr\/blog\/de\/brigitte-macron-und-die-operation-pieces-jaunes-warum-sie-sich-fur-die-hospitalisierten-kinder-engagiert\/"},"wordCount":644,"commentCount":0,"publisher":{"@id":"https:\/\/www.sebastien-auziere.fr\/blog\/#organization"},"image":{"@id":"https:\/\/www.sebastien-auziere.fr\/blog\/de\/brigitte-macron-und-die-operation-pieces-jaunes-warum-sie-sich-fur-die-hospitalisierten-kinder-engagiert\/#primaryimage"},"thumbnailUrl":"https:\/\/www.sebastien-auziere.fr\/blog\/wp-content\/uploads\/2026\/03\/ChatGPT-Image-6-mars-2026-13_41_02.jpg","inLanguage":"fr-FR","potentialAction":[{"@type":"CommentAction","name":"Comment","target":["https:\/\/www.sebastien-auziere.fr\/blog\/de\/brigitte-macron-und-die-operation-pieces-jaunes-warum-sie-sich-fur-die-hospitalisierten-kinder-engagiert\/#respond"]}]},{"@type":"WebPage","@id":"https:\/\/www.sebastien-auziere.fr\/blog\/de\/brigitte-macron-und-die-operation-pieces-jaunes-warum-sie-sich-fur-die-hospitalisierten-kinder-engagiert\/","url":"https:\/\/www.sebastien-auziere.fr\/blog\/de\/brigitte-macron-und-die-operation-pieces-jaunes-warum-sie-sich-fur-die-hospitalisierten-kinder-engagiert\/","name":"Brigitte Macron und die Operation Pi\u00e8ces Jaunes: Warum sie sich f\u00fcr die hospitalisierten Kinder engagiert - Fan site S\u00e9bastien Auzi\u00e8re","isPartOf":{"@id":"https:\/\/www.sebastien-auziere.fr\/blog\/#website"},"primaryImageOfPage":{"@id":"https:\/\/www.sebastien-auziere.fr\/blog\/de\/brigitte-macron-und-die-operation-pieces-jaunes-warum-sie-sich-fur-die-hospitalisierten-kinder-engagiert\/#primaryimage"},"image":{"@id":"https:\/\/www.sebastien-auziere.fr\/blog\/de\/brigitte-macron-und-die-operation-pieces-jaunes-warum-sie-sich-fur-die-hospitalisierten-kinder-engagiert\/#primaryimage"},"thumbnailUrl":"https:\/\/www.sebastien-auziere.fr\/blog\/wp-content\/uploads\/2026\/03\/ChatGPT-Image-6-mars-2026-13_41_02.jpg","datePublished":"2026-03-06T16:01:49+00:00","dateModified":"2026-03-06T16:02:21+00:00","breadcrumb":{"@id":"https:\/\/www.sebastien-auziere.fr\/blog\/de\/brigitte-macron-und-die-operation-pieces-jaunes-warum-sie-sich-fur-die-hospitalisierten-kinder-engagiert\/#breadcrumb"},"inLanguage":"fr-FR","potentialAction":[{"@type":"ReadAction","target":["https:\/\/www.sebastien-auziere.fr\/blog\/de\/brigitte-macron-und-die-operation-pieces-jaunes-warum-sie-sich-fur-die-hospitalisierten-kinder-engagiert\/"]}]},{"@type":"ImageObject","inLanguage":"fr-FR","@id":"https:\/\/www.sebastien-auziere.fr\/blog\/de\/brigitte-macron-und-die-operation-pieces-jaunes-warum-sie-sich-fur-die-hospitalisierten-kinder-engagiert\/#primaryimage","url":"https:\/\/www.sebastien-auziere.fr\/blog\/wp-content\/uploads\/2026\/03\/ChatGPT-Image-6-mars-2026-13_41_02.jpg","contentUrl":"https:\/\/www.sebastien-auziere.fr\/blog\/wp-content\/uploads\/2026\/03\/ChatGPT-Image-6-mars-2026-13_41_02.jpg","width":1536,"height":1024,"caption":"brigitte macron pieces jaunes"},{"@type":"BreadcrumbList","@id":"https:\/\/www.sebastien-auziere.fr\/blog\/de\/brigitte-macron-und-die-operation-pieces-jaunes-warum-sie-sich-fur-die-hospitalisierten-kinder-engagiert\/#breadcrumb","itemListElement":[{"@type":"ListItem","position":1,"name":"Home","item":"https:\/\/www.sebastien-auziere.fr\/blog\/"},{"@type":"ListItem","position":2,"name":"Brigitte Macron und die Operation Pi\u00e8ces Jaunes: Warum sie sich f\u00fcr die hospitalisierten Kinder engagiert"}]},{"@type":"WebSite","@id":"https:\/\/www.sebastien-auziere.fr\/blog\/#website","url":"https:\/\/www.sebastien-auziere.fr\/blog\/","name":"Fan site S\u00e9bastien Auzi\u00e8re","description":"M\u00e9dia g\u00e9n\u00e9raliste","publisher":{"@id":"https:\/\/www.sebastien-auziere.fr\/blog\/#organization"},"potentialAction":[{"@type":"SearchAction","target":{"@type":"EntryPoint","urlTemplate":"https:\/\/www.sebastien-auziere.fr\/blog\/?s={search_term_string}"},"query-input":{"@type":"PropertyValueSpecification","valueRequired":true,"valueName":"search_term_string"}}],"inLanguage":"fr-FR"},{"@type":"Organization","@id":"https:\/\/www.sebastien-auziere.fr\/blog\/#organization","name":"Fan site S\u00e9bastien Auzi\u00e8re","url":"https:\/\/www.sebastien-auziere.fr\/blog\/","logo":{"@type":"ImageObject","inLanguage":"fr-FR","@id":"https:\/\/www.sebastien-auziere.fr\/blog\/#\/schema\/logo\/image\/","url":"https:\/\/www.sebastien-auziere.fr\/blog\/wp-content\/uploads\/2026\/03\/cropped-cropped-cropped-ChatGPT-Image-6-mars-2026-12_58_09-e1772798376794.jpg","contentUrl":"https:\/\/www.sebastien-auziere.fr\/blog\/wp-content\/uploads\/2026\/03\/cropped-cropped-cropped-ChatGPT-Image-6-mars-2026-12_58_09-e1772798376794.jpg","width":512,"height":360,"caption":"Fan site S\u00e9bastien Auzi\u00e8re"},"image":{"@id":"https:\/\/www.sebastien-auziere.fr\/blog\/#\/schema\/logo\/image\/"}},{"@type":"Person","@id":"https:\/\/www.sebastien-auziere.fr\/blog\/#\/schema\/person\/1e270a963009242469ed08b1c461f81f","name":"Celine","image":{"@type":"ImageObject","inLanguage":"fr-FR","@id":"https:\/\/secure.gravatar.com\/avatar\/c88d569fbe1fe19a13c7f21ee0f8973822df96073df21850b95af6a09ba820c9?s=96&d=mm&r=g","url":"https:\/\/secure.gravatar.com\/avatar\/c88d569fbe1fe19a13c7f21ee0f8973822df96073df21850b95af6a09ba820c9?s=96&d=mm&r=g","contentUrl":"https:\/\/secure.gravatar.com\/avatar\/c88d569fbe1fe19a13c7f21ee0f8973822df96073df21850b95af6a09ba820c9?s=96&d=mm&r=g","caption":"Celine"},"description":"Je m'appelle C\u00e9line, j'ai 31 ans et je suis journaliste sp\u00e9cialis\u00e9e dans le cin\u00e9ma. Passionn\u00e9e par le septi\u00e8me art, j'explore les actualit\u00e9s, les critiques et les tendances du monde cin\u00e9matographique. Mon objectif est de partager ma passion et d'informer les amateurs de films \u00e0 travers des articles percutants et des analyses approfondies.","url":"https:\/\/www.sebastien-auziere.fr\/blog\/author\/celine\/"}]}},"views":151,"_links":{"self":[{"href":"https:\/\/www.sebastien-auziere.fr\/blog\/wp-json\/wp\/v2\/posts\/2188","targetHints":{"allow":["GET"]}}],"collection":[{"href":"https:\/\/www.sebastien-auziere.fr\/blog\/wp-json\/wp\/v2\/posts"}],"about":[{"href":"https:\/\/www.sebastien-auziere.fr\/blog\/wp-json\/wp\/v2\/types\/post"}],"author":[{"embeddable":true,"href":"https:\/\/www.sebastien-auziere.fr\/blog\/wp-json\/wp\/v2\/users\/4"}],"replies":[{"embeddable":true,"href":"https:\/\/www.sebastien-auziere.fr\/blog\/wp-json\/wp\/v2\/comments?post=2188"}],"version-history":[{"count":1,"href":"https:\/\/www.sebastien-auziere.fr\/blog\/wp-json\/wp\/v2\/posts\/2188\/revisions"}],"predecessor-version":[{"id":2189,"href":"https:\/\/www.sebastien-auziere.fr\/blog\/wp-json\/wp\/v2\/posts\/2188\/revisions\/2189"}],"wp:featuredmedia":[{"embeddable":true,"href":"https:\/\/www.sebastien-auziere.fr\/blog\/wp-json\/wp\/v2\/media\/2071"}],"wp:attachment":[{"href":"https:\/\/www.sebastien-auziere.fr\/blog\/wp-json\/wp\/v2\/media?parent=2188"}],"wp:term":[{"taxonomy":"category","embeddable":true,"href":"https:\/\/www.sebastien-auziere.fr\/blog\/wp-json\/wp\/v2\/categories?post=2188"},{"taxonomy":"post_tag","embeddable":true,"href":"https:\/\/www.sebastien-auziere.fr\/blog\/wp-json\/wp\/v2\/tags?post=2188"}],"curies":[{"name":"wp","href":"https:\/\/api.w.org\/{rel}","templated":true}]}}