{"id":2094,"date":"2026-03-06T14:33:40","date_gmt":"2026-03-06T14:33:40","guid":{"rendered":"https:\/\/www.sebastien-auziere.fr\/blog\/?p=2094"},"modified":"2026-03-06T15:03:48","modified_gmt":"2026-03-06T15:03:48","slug":"brigitte-macron-young-her-journey-before-the-elysee","status":"publish","type":"post","link":"https:\/\/www.sebastien-auziere.fr\/blog\/en\/brigitte-macron-young-her-journey-before-the-elysee\/","title":{"rendered":"Brigitte Macron young: her journey before the \u00c9lys\u00e9e"},"content":{"rendered":"<p style=\"padding: 24px;background: lightblue\">\nWhat to remember: before becoming First Lady, <strong>Brigitte Macron had a recognized teaching career<\/strong>. Born into a family of entrepreneurs in Amiens, she dedicated a significant part of her life to education. Her personal journey and her meeting with Emmanuel Macron have greatly contributed to shaping her public story.\n<\/p>\n<p>\nMany people are interested today in <strong>young Brigitte Macron<\/strong> and her journey before her entrance to the \u00c9lys\u00e9e. Before being known to the general public, she was primarily a passionate teacher of literature and theater. In this article, you will discover <strong>her story, her youth, and her professional background<\/strong> before becoming one of the most publicized figures in French political life.\n<\/p>\n<ol>\n<li><a href=\"#jeunesse-brigitte-macron\">The youth of Brigitte Macron<\/a><\/li>\n<li><a href=\"#carriere-enseignante\">Her teaching career<\/a><\/li>\n<li><a href=\"#rencontre-emmanuel-macron\">The meeting with Emmanuel Macron<\/a><\/li>\n<li><a href=\"#role-premiere-dame\">Her role as First Lady<\/a><\/li>\n<\/ol>\n<h2 id=\"jeunesse-brigitte-macron\">The youth of Brigitte Macron<\/h2>\n<p>\nBrigitte Macron, born <strong>Brigitte Trogneux<\/strong>, was born on April 13, 1953, in Amiens. She grew up in a family known for its chocolate business, well established in the region.\n<\/p>\n<h3>An upbringing in a family of entrepreneurs<\/h3>\n<p>\nThe Trogneux family is renowned in Amiens for its activity in confectionery. This family business has existed for several generations and has marked the local economic history.\n<\/p>\n<p>\nBrigitte Macron therefore spent her childhood in a stable and enterprising environment, surrounded by her siblings.\n<\/p>\n<h2 id=\"carriere-enseignante\">Her teaching career<\/h2>\n<p>\nBefore entering the political sphere, Brigitte Macron built a solid career in teaching.\n<\/p>\n<h3>Teacher of literature and theater<\/h3>\n<p>\nShe teaches literature and theater in several schools. Her students often describe her as a passionate teacher who is very involved in the cultural life of high schools.\n<\/p>\n<ul>\n<li>French teacher<\/li>\n<li>Theater workshop coordinator<\/li>\n<li>Engaged in pedagogy and culture<\/li>\n<\/ul>\n<p>\nHer work as a teacher has profoundly impacted many students over the years.\n<\/p>\n<h2 id=\"rencontre-emmanuel-macron\">The meeting with Emmanuel Macron<\/h2>\n<p>\nIt is at La Providence high school in Amiens that Brigitte Macron meets Emmanuel Macron, then a student at the school.\n<\/p>\n<h3>A significant meeting<\/h3>\n<p>\nTheir relationship develops around a mutual passion for literature and theater. This meeting marks the beginning of a relationship that will later attract the attention of the public and the media.\n<\/p>\n<p>\nDespite criticism and obstacles, their relationship was built over time before their marriage in 2007.\n<\/p>\n<h2 id=\"role-premiere-dame\">Her role as First Lady<\/h2>\n<p>\nSince Emmanuel Macron&rsquo;s election to the presidency of the Republic in 2017, Brigitte Macron has held an important role on the public stage.\n<\/p>\n<h3>A social and educational commitment<\/h3>\n<p>\nShe is involved in several initiatives related to education, youth, and combating school bullying.\n<\/p>\n<ul>\n<li>Support for educational associations<\/li>\n<li>Actions against school bullying<\/li>\n<li>Promotion of culture and learning<\/li>\n<\/ul>\n<div style=\"overflow:auto;max-width:100%\">\n<table>\n<tbody>\n<tr>\n<th>Period<\/th>\n<th>Event<\/th>\n<th>Impact<\/th>\n<\/tr>\n<tr>\n<td>1953<\/td>\n<td>Born in Amiens<\/td>\n<td>Family of entrepreneurs<\/td>\n<\/tr>\n<tr>\n<td>1980s-2000<\/td>\n<td>Teaching career<\/td>\n<td>Pedagogical engagement<\/td>\n<\/tr>\n<tr>\n<td>2007<\/td>\n<td>Marriage to Emmanuel Macron<\/td>\n<td>Entry into public life<\/td>\n<\/tr>\n<tr>\n<td>2017<\/td>\n<td>First Lady<\/td>\n<td>Social and educational commitment<\/td>\n<\/tr>\n<\/tbody>\n<\/table>\n<\/div>\n<p>\nToday, Brigitte Macron remains an important media figure in France. Her journey shows that before politics, she was primarily <strong>a passionate and dedicated teacher<\/strong>.\n<\/p>\n<h2>FAQ<\/h2>\n<h3>Who was Brigitte Macron before the \u00c9lys\u00e9e?<\/h3>\n<p>\nBefore becoming First Lady, Brigitte Macron was a French and theater teacher in several high schools.\n<\/p>\n<h3>Where was Brigitte Macron born?<\/h3>\n<p>\nShe was born in Amiens in 1953 in the Trogneux family, known for its chocolate business.\n<\/p>\n<h3>When did Brigitte Macron meet Emmanuel Macron?<\/h3>\n<p>\nThey met at La Providence high school in Amiens when Emmanuel Macron was a student.\n<\/p>\n<h3>What is her role today?<\/h3>\n<p>\nAs First Lady, she is engaged in causes related to education, youth, and combating school bullying.\n<\/p>\n<p>[<br \/>\n{<br \/>\n\u00ab\u00a0@context\u00a0\u00bb:\u00a0\u00bbhttps:\/\/schema.org\u00a0\u00bb,<br \/>\n\u00ab\u00a0@type\u00a0\u00bb:\u00a0\u00bbArticle\u00a0\u00bb,<br \/>\n\u00ab\u00a0headline\u00a0\u00bb:\u00a0\u00bbYoung Brigitte Macron: her journey before the \u00c9lys\u00e9e\u00a0\u00bb,<br \/>\n\u00ab\u00a0description\u00a0\u00bb:\u00a0\u00bbDiscover the youth and background of Brigitte Macron before her role as First Lady.\u00a0\u00bb,<br \/>\n\u00ab\u00a0inLanguage\u00a0\u00bb:\u00a0\u00bbfr\u00a0\u00bb,<br \/>\n\u00ab\u00a0articleSection\u00a0\u00bb:\u00a0\u00bbbiography\u00a0\u00bb,<br \/>\n\u00ab\u00a0abstract\u00a0\u00bb:\u00a0\u00bbBrigitte Macron was initially a literature teacher before becoming the First Lady of France.\u00a0\u00bb<br \/>\n},<br \/>\n{<br \/>\n\u00ab\u00a0@context\u00a0\u00bb:\u00a0\u00bbhttps:\/\/schema.org\u00a0\u00bb,<br \/>\n\u00ab\u00a0@type\u00a0\u00bb:\u00a0\u00bbFAQPage\u00a0\u00bb,<br \/>\n\u00ab\u00a0mainEntity\u00a0\u00bb:[<br \/>\n{<br \/>\n\u00ab\u00a0@type\u00a0\u00bb:\u00a0\u00bbQuestion\u00a0\u00bb,<br \/>\n\u00ab\u00a0name\u00a0\u00bb:\u00a0\u00bbWho was Brigitte Macron before the \u00c9lys\u00e9e?\u00a0\u00bb,<br \/>\n\u00ab\u00a0acceptedAnswer\u00a0\u00bb:{<br \/>\n\u00ab\u00a0@type\u00a0\u00bb:\u00a0\u00bbAnswer\u00a0\u00bb,<br \/>\n\u00ab\u00a0text\u00a0\u00bb:\u00a0\u00bbBefore the \u00c9lys\u00e9e, Brigitte Macron was a French and theater teacher.\u00a0\u00bb<br \/>\n}<br \/>\n},<br \/>\n{<br \/>\n\u00ab\u00a0@type\u00a0\u00bb:\u00a0\u00bbQuestion\u00a0\u00bb,<br \/>\n\u00ab\u00a0name\u00a0\u00bb:\u00a0\u00bbWhere was Brigitte Macron born?\u00a0\u00bb,<br \/>\n\u00ab\u00a0acceptedAnswer\u00a0\u00bb:{<br \/>\n\u00ab\u00a0@type\u00a0\u00bb:\u00a0\u00bbAnswer\u00a0\u00bb,<br \/>\n\u00ab\u00a0text\u00a0\u00bb:\u00a0\u00bbBrigitte Macron was born in Amiens in 1953.\u00a0\u00bb<br \/>\n}<br \/>\n}<br \/>\n]<br \/>\n}<br \/>\n]<\/p>\n","protected":false},"excerpt":{"rendered":"<p>What to remember: before becoming First Lady, Brigitte Macron had a recognized teaching career. Born into a family of entrepreneurs in Amiens, she dedicated a significant part of her life to education. Her personal journey and her meeting with Emmanuel Macron have greatly contributed to shaping her public story. Many people are interested today in &#8230; <a title=\"Brigitte Macron young: her journey before the \u00c9lys\u00e9e\" class=\"read-more\" href=\"https:\/\/www.sebastien-auziere.fr\/blog\/en\/brigitte-macron-young-her-journey-before-the-elysee\/\" aria-label=\"En savoir plus sur Brigitte Macron young: her journey before the \u00c9lys\u00e9e\">Lire plus<\/a><\/p>\n","protected":false},"author":4,"featured_media":2040,"comment_status":"open","ping_status":"open","sticky":false,"template":"","format":"standard","meta":{"footnotes":""},"categories":[816],"tags":[],"class_list":["post-2094","post","type-post","status-publish","format-standard","has-post-thumbnail","hentry","category-news"],"yoast_head":"<!-- This site is optimized with the Yoast SEO plugin v27.5 - https:\/\/yoast.com\/product\/yoast-seo-wordpress\/ -->\n<title>Brigitte Macron young: her journey before the \u00c9lys\u00e9e - Fan site S\u00e9bastien Auzi\u00e8re<\/title>\n<meta name=\"robots\" content=\"index, follow, max-snippet:-1, max-image-preview:large, max-video-preview:-1\" \/>\n<link rel=\"canonical\" href=\"https:\/\/www.sebastien-auziere.fr\/blog\/en\/brigitte-macron-young-her-journey-before-the-elysee\/\" \/>\n<meta property=\"og:locale\" content=\"fr_FR\" \/>\n<meta property=\"og:type\" content=\"article\" \/>\n<meta property=\"og:title\" content=\"Brigitte Macron young: her journey before the \u00c9lys\u00e9e - Fan site S\u00e9bastien Auzi\u00e8re\" \/>\n<meta property=\"og:description\" content=\"What to remember: before becoming First Lady, Brigitte Macron had a recognized teaching career. Born into a family of entrepreneurs in Amiens, she dedicated a significant part of her life to education. Her personal journey and her meeting with Emmanuel Macron have greatly contributed to shaping her public story. Many people are interested today in ... Lire plus\" \/>\n<meta property=\"og:url\" content=\"https:\/\/www.sebastien-auziere.fr\/blog\/en\/brigitte-macron-young-her-journey-before-the-elysee\/\" \/>\n<meta property=\"og:site_name\" content=\"Fan site S\u00e9bastien Auzi\u00e8re\" \/>\n<meta property=\"article:published_time\" content=\"2026-03-06T14:33:40+00:00\" \/>\n<meta property=\"article:modified_time\" content=\"2026-03-06T15:03:48+00:00\" \/>\n<meta property=\"og:image\" content=\"https:\/\/www.sebastien-auziere.fr\/blog\/wp-content\/uploads\/2026\/03\/Brigitte-Macron-jeune.jpg\" \/>\n\t<meta property=\"og:image:width\" content=\"1189\" \/>\n\t<meta property=\"og:image:height\" content=\"758\" \/>\n\t<meta property=\"og:image:type\" content=\"image\/jpeg\" \/>\n<meta name=\"author\" content=\"Celine\" \/>\n<meta name=\"twitter:card\" content=\"summary_large_image\" \/>\n<meta name=\"twitter:label1\" content=\"\u00c9crit par\" \/>\n\t<meta name=\"twitter:data1\" content=\"Celine\" \/>\n\t<meta name=\"twitter:label2\" content=\"Dur\u00e9e de lecture estim\u00e9e\" \/>\n\t<meta name=\"twitter:data2\" content=\"3 minutes\" \/>\n<script type=\"application\/ld+json\" class=\"yoast-schema-graph\">{\"@context\":\"https:\\\/\\\/schema.org\",\"@graph\":[{\"@type\":\"Article\",\"@id\":\"https:\\\/\\\/www.sebastien-auziere.fr\\\/blog\\\/en\\\/brigitte-macron-young-her-journey-before-the-elysee\\\/#article\",\"isPartOf\":{\"@id\":\"https:\\\/\\\/www.sebastien-auziere.fr\\\/blog\\\/en\\\/brigitte-macron-young-her-journey-before-the-elysee\\\/\"},\"author\":{\"name\":\"Celine\",\"@id\":\"https:\\\/\\\/www.sebastien-auziere.fr\\\/blog\\\/#\\\/schema\\\/person\\\/1e270a963009242469ed08b1c461f81f\"},\"headline\":\"Brigitte Macron young: her journey before the \u00c9lys\u00e9e\",\"datePublished\":\"2026-03-06T14:33:40+00:00\",\"dateModified\":\"2026-03-06T15:03:48+00:00\",\"mainEntityOfPage\":{\"@id\":\"https:\\\/\\\/www.sebastien-auziere.fr\\\/blog\\\/en\\\/brigitte-macron-young-her-journey-before-the-elysee\\\/\"},\"wordCount\":668,\"commentCount\":0,\"publisher\":{\"@id\":\"https:\\\/\\\/www.sebastien-auziere.fr\\\/blog\\\/#organization\"},\"image\":{\"@id\":\"https:\\\/\\\/www.sebastien-auziere.fr\\\/blog\\\/en\\\/brigitte-macron-young-her-journey-before-the-elysee\\\/#primaryimage\"},\"thumbnailUrl\":\"https:\\\/\\\/www.sebastien-auziere.fr\\\/blog\\\/wp-content\\\/uploads\\\/2026\\\/03\\\/Brigitte-Macron-jeune.jpg\",\"articleSection\":[\"News\"],\"inLanguage\":\"fr-FR\",\"potentialAction\":[{\"@type\":\"CommentAction\",\"name\":\"Comment\",\"target\":[\"https:\\\/\\\/www.sebastien-auziere.fr\\\/blog\\\/en\\\/brigitte-macron-young-her-journey-before-the-elysee\\\/#respond\"]}]},{\"@type\":\"WebPage\",\"@id\":\"https:\\\/\\\/www.sebastien-auziere.fr\\\/blog\\\/en\\\/brigitte-macron-young-her-journey-before-the-elysee\\\/\",\"url\":\"https:\\\/\\\/www.sebastien-auziere.fr\\\/blog\\\/en\\\/brigitte-macron-young-her-journey-before-the-elysee\\\/\",\"name\":\"Brigitte Macron young: her journey before the \u00c9lys\u00e9e - Fan site S\u00e9bastien Auzi\u00e8re\",\"isPartOf\":{\"@id\":\"https:\\\/\\\/www.sebastien-auziere.fr\\\/blog\\\/#website\"},\"primaryImageOfPage\":{\"@id\":\"https:\\\/\\\/www.sebastien-auziere.fr\\\/blog\\\/en\\\/brigitte-macron-young-her-journey-before-the-elysee\\\/#primaryimage\"},\"image\":{\"@id\":\"https:\\\/\\\/www.sebastien-auziere.fr\\\/blog\\\/en\\\/brigitte-macron-young-her-journey-before-the-elysee\\\/#primaryimage\"},\"thumbnailUrl\":\"https:\\\/\\\/www.sebastien-auziere.fr\\\/blog\\\/wp-content\\\/uploads\\\/2026\\\/03\\\/Brigitte-Macron-jeune.jpg\",\"datePublished\":\"2026-03-06T14:33:40+00:00\",\"dateModified\":\"2026-03-06T15:03:48+00:00\",\"breadcrumb\":{\"@id\":\"https:\\\/\\\/www.sebastien-auziere.fr\\\/blog\\\/en\\\/brigitte-macron-young-her-journey-before-the-elysee\\\/#breadcrumb\"},\"inLanguage\":\"fr-FR\",\"potentialAction\":[{\"@type\":\"ReadAction\",\"target\":[\"https:\\\/\\\/www.sebastien-auziere.fr\\\/blog\\\/en\\\/brigitte-macron-young-her-journey-before-the-elysee\\\/\"]}]},{\"@type\":\"ImageObject\",\"inLanguage\":\"fr-FR\",\"@id\":\"https:\\\/\\\/www.sebastien-auziere.fr\\\/blog\\\/en\\\/brigitte-macron-young-her-journey-before-the-elysee\\\/#primaryimage\",\"url\":\"https:\\\/\\\/www.sebastien-auziere.fr\\\/blog\\\/wp-content\\\/uploads\\\/2026\\\/03\\\/Brigitte-Macron-jeune.jpg\",\"contentUrl\":\"https:\\\/\\\/www.sebastien-auziere.fr\\\/blog\\\/wp-content\\\/uploads\\\/2026\\\/03\\\/Brigitte-Macron-jeune.jpg\",\"width\":1189,\"height\":758,\"caption\":\"Brigitte Macron jeune\"},{\"@type\":\"BreadcrumbList\",\"@id\":\"https:\\\/\\\/www.sebastien-auziere.fr\\\/blog\\\/en\\\/brigitte-macron-young-her-journey-before-the-elysee\\\/#breadcrumb\",\"itemListElement\":[{\"@type\":\"ListItem\",\"position\":1,\"name\":\"Home\",\"item\":\"https:\\\/\\\/www.sebastien-auziere.fr\\\/blog\\\/\"},{\"@type\":\"ListItem\",\"position\":2,\"name\":\"Brigitte Macron young: her journey before the \u00c9lys\u00e9e\"}]},{\"@type\":\"WebSite\",\"@id\":\"https:\\\/\\\/www.sebastien-auziere.fr\\\/blog\\\/#website\",\"url\":\"https:\\\/\\\/www.sebastien-auziere.fr\\\/blog\\\/\",\"name\":\"Fan site S\u00e9bastien Auzi\u00e8re\",\"description\":\"M\u00e9dia g\u00e9n\u00e9raliste\",\"publisher\":{\"@id\":\"https:\\\/\\\/www.sebastien-auziere.fr\\\/blog\\\/#organization\"},\"potentialAction\":[{\"@type\":\"SearchAction\",\"target\":{\"@type\":\"EntryPoint\",\"urlTemplate\":\"https:\\\/\\\/www.sebastien-auziere.fr\\\/blog\\\/?s={search_term_string}\"},\"query-input\":{\"@type\":\"PropertyValueSpecification\",\"valueRequired\":true,\"valueName\":\"search_term_string\"}}],\"inLanguage\":\"fr-FR\"},{\"@type\":\"Organization\",\"@id\":\"https:\\\/\\\/www.sebastien-auziere.fr\\\/blog\\\/#organization\",\"name\":\"Fan site S\u00e9bastien Auzi\u00e8re\",\"url\":\"https:\\\/\\\/www.sebastien-auziere.fr\\\/blog\\\/\",\"logo\":{\"@type\":\"ImageObject\",\"inLanguage\":\"fr-FR\",\"@id\":\"https:\\\/\\\/www.sebastien-auziere.fr\\\/blog\\\/#\\\/schema\\\/logo\\\/image\\\/\",\"url\":\"https:\\\/\\\/www.sebastien-auziere.fr\\\/blog\\\/wp-content\\\/uploads\\\/2026\\\/03\\\/cropped-cropped-cropped-ChatGPT-Image-6-mars-2026-12_58_09-e1772798376794.jpg\",\"contentUrl\":\"https:\\\/\\\/www.sebastien-auziere.fr\\\/blog\\\/wp-content\\\/uploads\\\/2026\\\/03\\\/cropped-cropped-cropped-ChatGPT-Image-6-mars-2026-12_58_09-e1772798376794.jpg\",\"width\":512,\"height\":360,\"caption\":\"Fan site S\u00e9bastien Auzi\u00e8re\"},\"image\":{\"@id\":\"https:\\\/\\\/www.sebastien-auziere.fr\\\/blog\\\/#\\\/schema\\\/logo\\\/image\\\/\"}},{\"@type\":\"Person\",\"@id\":\"https:\\\/\\\/www.sebastien-auziere.fr\\\/blog\\\/#\\\/schema\\\/person\\\/1e270a963009242469ed08b1c461f81f\",\"name\":\"Celine\",\"image\":{\"@type\":\"ImageObject\",\"inLanguage\":\"fr-FR\",\"@id\":\"https:\\\/\\\/secure.gravatar.com\\\/avatar\\\/c88d569fbe1fe19a13c7f21ee0f8973822df96073df21850b95af6a09ba820c9?s=96&d=mm&r=g\",\"url\":\"https:\\\/\\\/secure.gravatar.com\\\/avatar\\\/c88d569fbe1fe19a13c7f21ee0f8973822df96073df21850b95af6a09ba820c9?s=96&d=mm&r=g\",\"contentUrl\":\"https:\\\/\\\/secure.gravatar.com\\\/avatar\\\/c88d569fbe1fe19a13c7f21ee0f8973822df96073df21850b95af6a09ba820c9?s=96&d=mm&r=g\",\"caption\":\"Celine\"},\"description\":\"Je m'appelle C\u00e9line, j'ai 31 ans et je suis journaliste sp\u00e9cialis\u00e9e dans le cin\u00e9ma. Passionn\u00e9e par le septi\u00e8me art, j'explore les actualit\u00e9s, les critiques et les tendances du monde cin\u00e9matographique. Mon objectif est de partager ma passion et d'informer les amateurs de films \u00e0 travers des articles percutants et des analyses approfondies.\",\"url\":\"https:\\\/\\\/www.sebastien-auziere.fr\\\/blog\\\/author\\\/celine\\\/\"}]}<\/script>\n<!-- \/ Yoast SEO plugin. -->","yoast_head_json":{"title":"Brigitte Macron young: her journey before the \u00c9lys\u00e9e - Fan site S\u00e9bastien Auzi\u00e8re","robots":{"index":"index","follow":"follow","max-snippet":"max-snippet:-1","max-image-preview":"max-image-preview:large","max-video-preview":"max-video-preview:-1"},"canonical":"https:\/\/www.sebastien-auziere.fr\/blog\/en\/brigitte-macron-young-her-journey-before-the-elysee\/","og_locale":"fr_FR","og_type":"article","og_title":"Brigitte Macron young: her journey before the \u00c9lys\u00e9e - Fan site S\u00e9bastien Auzi\u00e8re","og_description":"What to remember: before becoming First Lady, Brigitte Macron had a recognized teaching career. Born into a family of entrepreneurs in Amiens, she dedicated a significant part of her life to education. Her personal journey and her meeting with Emmanuel Macron have greatly contributed to shaping her public story. Many people are interested today in ... Lire plus","og_url":"https:\/\/www.sebastien-auziere.fr\/blog\/en\/brigitte-macron-young-her-journey-before-the-elysee\/","og_site_name":"Fan site S\u00e9bastien Auzi\u00e8re","article_published_time":"2026-03-06T14:33:40+00:00","article_modified_time":"2026-03-06T15:03:48+00:00","og_image":[{"width":1189,"height":758,"url":"https:\/\/www.sebastien-auziere.fr\/blog\/wp-content\/uploads\/2026\/03\/Brigitte-Macron-jeune.jpg","type":"image\/jpeg"}],"author":"Celine","twitter_card":"summary_large_image","twitter_misc":{"\u00c9crit par":"Celine","Dur\u00e9e de lecture estim\u00e9e":"3 minutes"},"schema":{"@context":"https:\/\/schema.org","@graph":[{"@type":"Article","@id":"https:\/\/www.sebastien-auziere.fr\/blog\/en\/brigitte-macron-young-her-journey-before-the-elysee\/#article","isPartOf":{"@id":"https:\/\/www.sebastien-auziere.fr\/blog\/en\/brigitte-macron-young-her-journey-before-the-elysee\/"},"author":{"name":"Celine","@id":"https:\/\/www.sebastien-auziere.fr\/blog\/#\/schema\/person\/1e270a963009242469ed08b1c461f81f"},"headline":"Brigitte Macron young: her journey before the \u00c9lys\u00e9e","datePublished":"2026-03-06T14:33:40+00:00","dateModified":"2026-03-06T15:03:48+00:00","mainEntityOfPage":{"@id":"https:\/\/www.sebastien-auziere.fr\/blog\/en\/brigitte-macron-young-her-journey-before-the-elysee\/"},"wordCount":668,"commentCount":0,"publisher":{"@id":"https:\/\/www.sebastien-auziere.fr\/blog\/#organization"},"image":{"@id":"https:\/\/www.sebastien-auziere.fr\/blog\/en\/brigitte-macron-young-her-journey-before-the-elysee\/#primaryimage"},"thumbnailUrl":"https:\/\/www.sebastien-auziere.fr\/blog\/wp-content\/uploads\/2026\/03\/Brigitte-Macron-jeune.jpg","articleSection":["News"],"inLanguage":"fr-FR","potentialAction":[{"@type":"CommentAction","name":"Comment","target":["https:\/\/www.sebastien-auziere.fr\/blog\/en\/brigitte-macron-young-her-journey-before-the-elysee\/#respond"]}]},{"@type":"WebPage","@id":"https:\/\/www.sebastien-auziere.fr\/blog\/en\/brigitte-macron-young-her-journey-before-the-elysee\/","url":"https:\/\/www.sebastien-auziere.fr\/blog\/en\/brigitte-macron-young-her-journey-before-the-elysee\/","name":"Brigitte Macron young: her journey before the \u00c9lys\u00e9e - Fan site S\u00e9bastien Auzi\u00e8re","isPartOf":{"@id":"https:\/\/www.sebastien-auziere.fr\/blog\/#website"},"primaryImageOfPage":{"@id":"https:\/\/www.sebastien-auziere.fr\/blog\/en\/brigitte-macron-young-her-journey-before-the-elysee\/#primaryimage"},"image":{"@id":"https:\/\/www.sebastien-auziere.fr\/blog\/en\/brigitte-macron-young-her-journey-before-the-elysee\/#primaryimage"},"thumbnailUrl":"https:\/\/www.sebastien-auziere.fr\/blog\/wp-content\/uploads\/2026\/03\/Brigitte-Macron-jeune.jpg","datePublished":"2026-03-06T14:33:40+00:00","dateModified":"2026-03-06T15:03:48+00:00","breadcrumb":{"@id":"https:\/\/www.sebastien-auziere.fr\/blog\/en\/brigitte-macron-young-her-journey-before-the-elysee\/#breadcrumb"},"inLanguage":"fr-FR","potentialAction":[{"@type":"ReadAction","target":["https:\/\/www.sebastien-auziere.fr\/blog\/en\/brigitte-macron-young-her-journey-before-the-elysee\/"]}]},{"@type":"ImageObject","inLanguage":"fr-FR","@id":"https:\/\/www.sebastien-auziere.fr\/blog\/en\/brigitte-macron-young-her-journey-before-the-elysee\/#primaryimage","url":"https:\/\/www.sebastien-auziere.fr\/blog\/wp-content\/uploads\/2026\/03\/Brigitte-Macron-jeune.jpg","contentUrl":"https:\/\/www.sebastien-auziere.fr\/blog\/wp-content\/uploads\/2026\/03\/Brigitte-Macron-jeune.jpg","width":1189,"height":758,"caption":"Brigitte Macron jeune"},{"@type":"BreadcrumbList","@id":"https:\/\/www.sebastien-auziere.fr\/blog\/en\/brigitte-macron-young-her-journey-before-the-elysee\/#breadcrumb","itemListElement":[{"@type":"ListItem","position":1,"name":"Home","item":"https:\/\/www.sebastien-auziere.fr\/blog\/"},{"@type":"ListItem","position":2,"name":"Brigitte Macron young: her journey before the \u00c9lys\u00e9e"}]},{"@type":"WebSite","@id":"https:\/\/www.sebastien-auziere.fr\/blog\/#website","url":"https:\/\/www.sebastien-auziere.fr\/blog\/","name":"Fan site S\u00e9bastien Auzi\u00e8re","description":"M\u00e9dia g\u00e9n\u00e9raliste","publisher":{"@id":"https:\/\/www.sebastien-auziere.fr\/blog\/#organization"},"potentialAction":[{"@type":"SearchAction","target":{"@type":"EntryPoint","urlTemplate":"https:\/\/www.sebastien-auziere.fr\/blog\/?s={search_term_string}"},"query-input":{"@type":"PropertyValueSpecification","valueRequired":true,"valueName":"search_term_string"}}],"inLanguage":"fr-FR"},{"@type":"Organization","@id":"https:\/\/www.sebastien-auziere.fr\/blog\/#organization","name":"Fan site S\u00e9bastien Auzi\u00e8re","url":"https:\/\/www.sebastien-auziere.fr\/blog\/","logo":{"@type":"ImageObject","inLanguage":"fr-FR","@id":"https:\/\/www.sebastien-auziere.fr\/blog\/#\/schema\/logo\/image\/","url":"https:\/\/www.sebastien-auziere.fr\/blog\/wp-content\/uploads\/2026\/03\/cropped-cropped-cropped-ChatGPT-Image-6-mars-2026-12_58_09-e1772798376794.jpg","contentUrl":"https:\/\/www.sebastien-auziere.fr\/blog\/wp-content\/uploads\/2026\/03\/cropped-cropped-cropped-ChatGPT-Image-6-mars-2026-12_58_09-e1772798376794.jpg","width":512,"height":360,"caption":"Fan site S\u00e9bastien Auzi\u00e8re"},"image":{"@id":"https:\/\/www.sebastien-auziere.fr\/blog\/#\/schema\/logo\/image\/"}},{"@type":"Person","@id":"https:\/\/www.sebastien-auziere.fr\/blog\/#\/schema\/person\/1e270a963009242469ed08b1c461f81f","name":"Celine","image":{"@type":"ImageObject","inLanguage":"fr-FR","@id":"https:\/\/secure.gravatar.com\/avatar\/c88d569fbe1fe19a13c7f21ee0f8973822df96073df21850b95af6a09ba820c9?s=96&d=mm&r=g","url":"https:\/\/secure.gravatar.com\/avatar\/c88d569fbe1fe19a13c7f21ee0f8973822df96073df21850b95af6a09ba820c9?s=96&d=mm&r=g","contentUrl":"https:\/\/secure.gravatar.com\/avatar\/c88d569fbe1fe19a13c7f21ee0f8973822df96073df21850b95af6a09ba820c9?s=96&d=mm&r=g","caption":"Celine"},"description":"Je m'appelle C\u00e9line, j'ai 31 ans et je suis journaliste sp\u00e9cialis\u00e9e dans le cin\u00e9ma. Passionn\u00e9e par le septi\u00e8me art, j'explore les actualit\u00e9s, les critiques et les tendances du monde cin\u00e9matographique. Mon objectif est de partager ma passion et d'informer les amateurs de films \u00e0 travers des articles percutants et des analyses approfondies.","url":"https:\/\/www.sebastien-auziere.fr\/blog\/author\/celine\/"}]}},"views":124,"_links":{"self":[{"href":"https:\/\/www.sebastien-auziere.fr\/blog\/wp-json\/wp\/v2\/posts\/2094","targetHints":{"allow":["GET"]}}],"collection":[{"href":"https:\/\/www.sebastien-auziere.fr\/blog\/wp-json\/wp\/v2\/posts"}],"about":[{"href":"https:\/\/www.sebastien-auziere.fr\/blog\/wp-json\/wp\/v2\/types\/post"}],"author":[{"embeddable":true,"href":"https:\/\/www.sebastien-auziere.fr\/blog\/wp-json\/wp\/v2\/users\/4"}],"replies":[{"embeddable":true,"href":"https:\/\/www.sebastien-auziere.fr\/blog\/wp-json\/wp\/v2\/comments?post=2094"}],"version-history":[{"count":3,"href":"https:\/\/www.sebastien-auziere.fr\/blog\/wp-json\/wp\/v2\/posts\/2094\/revisions"}],"predecessor-version":[{"id":2177,"href":"https:\/\/www.sebastien-auziere.fr\/blog\/wp-json\/wp\/v2\/posts\/2094\/revisions\/2177"}],"wp:featuredmedia":[{"embeddable":true,"href":"https:\/\/www.sebastien-auziere.fr\/blog\/wp-json\/wp\/v2\/media\/2040"}],"wp:attachment":[{"href":"https:\/\/www.sebastien-auziere.fr\/blog\/wp-json\/wp\/v2\/media?parent=2094"}],"wp:term":[{"taxonomy":"category","embeddable":true,"href":"https:\/\/www.sebastien-auziere.fr\/blog\/wp-json\/wp\/v2\/categories?post=2094"},{"taxonomy":"post_tag","embeddable":true,"href":"https:\/\/www.sebastien-auziere.fr\/blog\/wp-json\/wp\/v2\/tags?post=2094"}],"curies":[{"name":"wp","href":"https:\/\/api.w.org\/{rel}","templated":true}]}}