{"id":2092,"date":"2026-03-06T14:23:12","date_gmt":"2026-03-06T14:23:12","guid":{"rendered":"https:\/\/www.sebastien-auziere.fr\/blog\/?p=2092"},"modified":"2026-03-06T15:02:40","modified_gmt":"2026-03-06T15:02:40","slug":"brigitte-macron-quienes-son-sus-hermanos-y-hermanas","status":"publish","type":"post","link":"https:\/\/www.sebastien-auziere.fr\/blog\/es\/brigitte-macron-quienes-son-sus-hermanos-y-hermanas\/","title":{"rendered":"Brigitte Macron: \u00bfqui\u00e9nes son sus hermanos y hermanas?"},"content":{"rendered":"\n<p>Imagen generada por inteligencia artificial, ilustraci\u00f3n no real.<\/p>\n\n\n<p style=\"padding: 24px;background: lightblue\">\nLo que hay que recordar: Brigitte Macron proviene de la familia <strong>Trogneux<\/strong>, una familia de emprendedores bien conocida en Amiens. Creci\u00f3 rodeada de varios hermanos y hermanas en un entorno familiar relacionado con la empresa de chocolater\u00eda fundada por sus padres. Esta fraternidad desempe\u00f1\u00f3 un papel importante en su infancia y su trayectoria.\n<\/p>\n<p>\nAntes de convertirse en Primera dama de Francia, Brigitte Macron \u2013 nacida <strong>Brigitte Trogneux<\/strong> \u2013 creci\u00f3 en una familia numerosa y muy conocida en la regi\u00f3n de Amiens. Muchas personas se preguntan hoy en d\u00eda <strong>cu\u00e1ntos hermanos y hermanas tiene<\/strong> y qu\u00e9 papel desempe\u00f1a la familia Trogneux en la historia de la ciudad. En este art\u00edculo, descubrir\u00e1s <strong>la fraternidad de Brigitte Macron, su entorno familiar y la historia de esta familia de emprendedores<\/strong>.\n<\/p>\n<ol>\n<li><a href=\"#famille-trogneux\">La familia Trogneux en Amiens<\/a><\/li>\n<li><a href=\"#freres-soeurs\">Los hermanos y hermanas de Brigitte Macron<\/a><\/li>\n<li><a href=\"#entreprise-familiale\">La empresa familiar Trogneux<\/a><\/li>\n<li><a href=\"#importance-famille\">La importancia de la familia en su trayectoria<\/a><\/li>\n<\/ol>\n<h2 id=\"famille-trogneux\">La familia Trogneux en Amiens<\/h2>\n<p>\nBrigitte Macron naci\u00f3 el <strong>13 de abril de 1953 en Amiens<\/strong>. Pertenece a la familia Trogneux, una familia de emprendedores conocida por su actividad en la chocolater\u00eda y la confiter\u00eda.\n<\/p>\n<h3>Una familia conocida en la regi\u00f3n<\/h3>\n<p>\nDesde hace varias generaciones, la familia Trogneux posee una empresa especializada en la fabricaci\u00f3n de chocolates y macarons. Esta actividad familiar ha contribuido a la reputaci\u00f3n de la familia en la regi\u00f3n de los Hauts-de-France.\n<\/p>\n<p>\nCrecer en este entorno empresarial marc\u00f3 la infancia de Brigitte Macron y de sus hermanos y hermanas.\n<\/p>\n<h2 id=\"freres-soeurs\">Los hermanos y hermanas de Brigitte Macron<\/h2>\n<p>\nBrigitte Macron creci\u00f3 en una fraternidad compuesta por varios ni\u00f1os. Como en muchas familias, los lazos entre hermanos y hermanas jugaron un papel importante en su infancia.\n<\/p>\n<h3>Una fraternidad unida<\/h3>\n<p>\nLa familia Trogneux ten\u00eda varios hijos, cada uno siguiendo su propio camino profesional mientras segu\u00eda vinculado a la historia familiar.\n<\/p>\n<ul>\n<li>Algunos miembros continuaron con la actividad familiar<\/li>\n<li>Otros eligieron carreras diferentes<\/li>\n<li>La familia sigue muy unida a la ciudad de Amiens<\/li>\n<\/ul>\n<p>\nEsta fraternidad creci\u00f3 en un entorno familiar estable y muy involucrado en la vida local.\n<\/p>\n<h2 id=\"entreprise-familiale\">La empresa familiar Trogneux<\/h2>\n<p>\nLa empresa familiar es uno de los elementos m\u00e1s conocidos de la historia de la familia de Brigitte Macron.\n<\/p>\n<h3>Una chocolater\u00eda hist\u00f3rica<\/h3>\n<p>\nLa casa Trogneux existe desde hace varias generaciones y es famosa por sus macarons de Amiens. La empresa ha sido transmitida a lo largo del tiempo entre los miembros de la familia.\n<\/p>\n<ul>\n<li>Empresa fundada en el siglo XIX<\/li>\n<li>Especialidad: macarons de Amiens<\/li>\n<li>Empresa familiar a\u00fan activa<\/li>\n<\/ul>\n<p>\nEsta actividad comercial ha contribuido a la notoriedad de la familia en la regi\u00f3n.\n<\/p>\n<h2 id=\"importance-famille\">La importancia de la familia en su trayectoria<\/h2>\n<p>\nLa familia siempre ha ocupado un lugar importante en la vida de Brigitte Macron. Su infancia en Amiens y su entorno familiar han contribuido en gran medida a forjar su personalidad.\n<\/p>\n<h3>Ra\u00edces s\u00f3lidas<\/h3>\n<p>\nIncluso despu\u00e9s de convertirse en Primera dama, Brigitte Macron sigue ligada a sus ra\u00edces ami\u00e9noises y a su familia.\n<\/p>\n<p>\nSu trayectoria muestra la importancia de los lazos familiares y del entorno en la construcci\u00f3n de una personalidad p\u00fablica.\n<\/p>\n<div style=\"overflow:auto;max-width:100%\">\n<table>\n<tbody>\n<tr>\n<th>Elemento<\/th>\n<th>Detalle<\/th>\n<th>Importancia<\/th>\n<\/tr>\n<tr>\n<td>Familia<\/td>\n<td>Trogneux<\/td>\n<td>Familia de emprendedores<\/td>\n<\/tr>\n<tr>\n<td>Ciudad<\/td>\n<td>Amiens<\/td>\n<td>Or\u00edgenes familiares<\/td>\n<\/tr>\n<tr>\n<td>Actividad<\/td>\n<td>Chocolater\u00eda y macarons<\/td>\n<td>Empresa familiar hist\u00f3rica<\/td>\n<\/tr>\n<tr>\n<td>Fraternidad<\/td>\n<td>Varios hermanos y hermanas<\/td>\n<td>Entorno familiar<\/td>\n<\/tr>\n<\/tbody>\n<\/table>\n<\/div>\n<p>\nLa familia Trogneux sigue siendo hoy un elemento importante de la historia personal de Brigitte Macron. Su infancia rodeada de sus hermanos y hermanas en una familia de emprendedores ha contribuido a construir su trayectoria e identidad.\n<\/p>\n<h2>FAQ<\/h2>\n<h3>\u00bfCu\u00e1ntos hermanos y hermanas tiene Brigitte Macron?<\/h3>\n<p>\nBrigitte Macron proviene de una familia numerosa perteneciente a la familia Trogneux de Amiens.\n<\/p>\n<h3>\u00bfCu\u00e1l es el origen de la familia Trogneux?<\/h3>\n<p>\nLa familia Trogneux es una familia de emprendedores de Amiens conocida por su actividad en la chocolater\u00eda y la confiter\u00eda.\n<\/p>\n<h3>\u00bfQu\u00e9 empresa posee la familia de Brigitte Macron?<\/h3>\n<p>\nLa familia Trogneux es famosa por su chocolater\u00eda y sus macarons de Amiens.\n<\/p>\n<h3>\u00bfBrigitte Macron ha permanecido cercana a su familia?<\/h3>\n<p>\nS\u00ed, ella sigue estando ligada a sus ra\u00edces familiares y a la ciudad de Amiens.\n<\/p>\n<p><br \/>\n[<br \/>\n{<br \/>\n\u00ab\u00a0@context\u00a0\u00bb:\u00a0\u00bbhttps:\/\/schema.org\u00a0\u00bb,<br \/>\n\u00ab\u00a0@type\u00a0\u00bb:\u00a0\u00bbArticle\u00a0\u00bb,<br \/>\n\u00ab\u00a0headline\u00a0\u00bb:\u00a0\u00bbBrigitte Macron: \u00bfqui\u00e9nes son sus hermanos y hermanas?\u00a0\u00bb,<br \/>\n\u00ab\u00a0description\u00a0\u00bb:\u00a0\u00bbDescubre la familia de Brigitte Macron, su fraternidad y la historia de la familia Trogneux en Amiens.\u00a0\u00bb,<br \/>\n\u00ab\u00a0inLanguage\u00a0\u00bb:\u00a0\u00bbfr\u00a0\u00bb,<br \/>\n\u00ab\u00a0articleSection\u00a0\u00bb:\u00a0\u00bbbiograf\u00eda\u00a0\u00bb,<br \/>\n\u00ab\u00a0abstract\u00a0\u00bb:\u00a0\u00bbBrigitte Macron proviene de la familia Trogneux, una familia de emprendedores conocida por su chocolater\u00eda en Amiens.\u00a0\u00bb<br \/>\n},<br \/>\n{<br \/>\n\u00ab\u00a0@context\u00a0\u00bb:\u00a0\u00bbhttps:\/\/schema.org\u00a0\u00bb,<br \/>\n\u00ab\u00a0@type\u00a0\u00bb:\u00a0\u00bbFAQPage\u00a0\u00bb,<br \/>\n\u00ab\u00a0mainEntity\u00a0\u00bb:[<br \/>\n{<br \/>\n\u00ab\u00a0@type\u00a0\u00bb:\u00a0\u00bbQuestion\u00a0\u00bb,<br \/>\n\u00ab\u00a0name\u00a0\u00bb:\u00a0\u00bb\u00bfCu\u00e1ntos hermanos y hermanas tiene Brigitte Macron?\u00a0\u00bb,<br \/>\n\u00ab\u00a0acceptedAnswer\u00a0\u00bb:{<br \/>\n\u00ab\u00a0@type\u00a0\u00bb:\u00a0\u00bbAnswer\u00a0\u00bb,<br \/>\n\u00ab\u00a0text\u00a0\u00bb:\u00a0\u00bbBrigitte Macron pertenece a la familia Trogneux de Amiens, una familia compuesta por varios hermanos y hermanas.\u00a0\u00bb<br \/>\n}<br \/>\n},<br \/>\n{<br \/>\n\u00ab\u00a0@type\u00a0\u00bb:\u00a0\u00bbQuestion\u00a0\u00bb,<br \/>\n\u00ab\u00a0name\u00a0\u00bb:\u00a0\u00bb\u00bfCu\u00e1l es el origen de la familia Trogneux?\u00a0\u00bb,<br \/>\n\u00ab\u00a0acceptedAnswer\u00a0\u00bb:{<br \/>\n\u00ab\u00a0@type\u00a0\u00bb:\u00a0\u00bbAnswer\u00a0\u00bb,<br \/>\n\u00ab\u00a0text\u00a0\u00bb:\u00a0\u00bbLa familia Trogneux es conocida por su empresa de chocolater\u00eda y macarons en Amiens.\u00a0\u00bb<br \/>\n}<br \/>\n}<br \/>\n]<br \/>\n}<br \/>\n]<\/br>\n<\/p>","protected":false},"excerpt":{"rendered":"<p>Imagen generada por inteligencia artificial, ilustraci\u00f3n no real. Lo que hay que recordar: Brigitte Macron proviene de la familia Trogneux, una familia de emprendedores bien conocida en Amiens. Creci\u00f3 rodeada de varios hermanos y hermanas en un entorno familiar relacionado con la empresa de chocolater\u00eda fundada por sus padres. Esta fraternidad desempe\u00f1\u00f3 un papel importante &#8230; <a title=\"Brigitte Macron: \u00bfqui\u00e9nes son sus hermanos y hermanas?\" class=\"read-more\" href=\"https:\/\/www.sebastien-auziere.fr\/blog\/es\/brigitte-macron-quienes-son-sus-hermanos-y-hermanas\/\" aria-label=\"En savoir plus sur Brigitte Macron: \u00bfqui\u00e9nes son sus hermanos y hermanas?\">Lire plus<\/a><\/p>\n","protected":false},"author":4,"featured_media":2045,"comment_status":"open","ping_status":"open","sticky":false,"template":"","format":"standard","meta":{"footnotes":""},"categories":[820],"tags":[],"class_list":["post-2092","post","type-post","status-publish","format-standard","has-post-thumbnail","hentry","category-actualidades-es"],"yoast_head":"<!-- This site is optimized with the Yoast SEO plugin v27.5 - https:\/\/yoast.com\/product\/yoast-seo-wordpress\/ -->\n<title>Brigitte Macron: \u00bfqui\u00e9nes son sus hermanos y hermanas? - Fan site S\u00e9bastien Auzi\u00e8re<\/title>\n<meta name=\"robots\" content=\"index, follow, max-snippet:-1, max-image-preview:large, max-video-preview:-1\" \/>\n<link rel=\"canonical\" href=\"https:\/\/www.sebastien-auziere.fr\/blog\/es\/brigitte-macron-quienes-son-sus-hermanos-y-hermanas\/\" \/>\n<meta property=\"og:locale\" content=\"fr_FR\" \/>\n<meta property=\"og:type\" content=\"article\" \/>\n<meta property=\"og:title\" content=\"Brigitte Macron: \u00bfqui\u00e9nes son sus hermanos y hermanas? - Fan site S\u00e9bastien Auzi\u00e8re\" \/>\n<meta property=\"og:description\" content=\"Imagen generada por inteligencia artificial, ilustraci\u00f3n no real. Lo que hay que recordar: Brigitte Macron proviene de la familia Trogneux, una familia de emprendedores bien conocida en Amiens. Creci\u00f3 rodeada de varios hermanos y hermanas en un entorno familiar relacionado con la empresa de chocolater\u00eda fundada por sus padres. Esta fraternidad desempe\u00f1\u00f3 un papel importante ... Lire plus\" \/>\n<meta property=\"og:url\" content=\"https:\/\/www.sebastien-auziere.fr\/blog\/es\/brigitte-macron-quienes-son-sus-hermanos-y-hermanas\/\" \/>\n<meta property=\"og:site_name\" content=\"Fan site S\u00e9bastien Auzi\u00e8re\" \/>\n<meta property=\"article:published_time\" content=\"2026-03-06T14:23:12+00:00\" \/>\n<meta property=\"article:modified_time\" content=\"2026-03-06T15:02:40+00:00\" \/>\n<meta property=\"og:image\" content=\"https:\/\/www.sebastien-auziere.fr\/blog\/wp-content\/uploads\/2026\/03\/ChatGPT-Image-6-mars-2026-12_56_11.jpg\" \/>\n\t<meta property=\"og:image:width\" content=\"1536\" \/>\n\t<meta property=\"og:image:height\" content=\"1024\" \/>\n\t<meta property=\"og:image:type\" content=\"image\/jpeg\" \/>\n<meta name=\"author\" content=\"Celine\" \/>\n<meta name=\"twitter:card\" content=\"summary_large_image\" \/>\n<meta name=\"twitter:label1\" content=\"\u00c9crit par\" \/>\n\t<meta name=\"twitter:data1\" content=\"Celine\" \/>\n\t<meta name=\"twitter:label2\" content=\"Dur\u00e9e de lecture estim\u00e9e\" \/>\n\t<meta name=\"twitter:data2\" content=\"4 minutes\" \/>\n<script type=\"application\/ld+json\" class=\"yoast-schema-graph\">{\"@context\":\"https:\\\/\\\/schema.org\",\"@graph\":[{\"@type\":\"Article\",\"@id\":\"https:\\\/\\\/www.sebastien-auziere.fr\\\/blog\\\/es\\\/brigitte-macron-quienes-son-sus-hermanos-y-hermanas\\\/#article\",\"isPartOf\":{\"@id\":\"https:\\\/\\\/www.sebastien-auziere.fr\\\/blog\\\/es\\\/brigitte-macron-quienes-son-sus-hermanos-y-hermanas\\\/\"},\"author\":{\"name\":\"Celine\",\"@id\":\"https:\\\/\\\/www.sebastien-auziere.fr\\\/blog\\\/#\\\/schema\\\/person\\\/1e270a963009242469ed08b1c461f81f\"},\"headline\":\"Brigitte Macron: \u00bfqui\u00e9nes son sus hermanos y hermanas?\",\"datePublished\":\"2026-03-06T14:23:12+00:00\",\"dateModified\":\"2026-03-06T15:02:40+00:00\",\"mainEntityOfPage\":{\"@id\":\"https:\\\/\\\/www.sebastien-auziere.fr\\\/blog\\\/es\\\/brigitte-macron-quienes-son-sus-hermanos-y-hermanas\\\/\"},\"wordCount\":837,\"commentCount\":0,\"publisher\":{\"@id\":\"https:\\\/\\\/www.sebastien-auziere.fr\\\/blog\\\/#organization\"},\"image\":{\"@id\":\"https:\\\/\\\/www.sebastien-auziere.fr\\\/blog\\\/es\\\/brigitte-macron-quienes-son-sus-hermanos-y-hermanas\\\/#primaryimage\"},\"thumbnailUrl\":\"https:\\\/\\\/www.sebastien-auziere.fr\\\/blog\\\/wp-content\\\/uploads\\\/2026\\\/03\\\/ChatGPT-Image-6-mars-2026-12_56_11.jpg\",\"articleSection\":[\"Actualidades\"],\"inLanguage\":\"fr-FR\",\"potentialAction\":[{\"@type\":\"CommentAction\",\"name\":\"Comment\",\"target\":[\"https:\\\/\\\/www.sebastien-auziere.fr\\\/blog\\\/es\\\/brigitte-macron-quienes-son-sus-hermanos-y-hermanas\\\/#respond\"]}]},{\"@type\":\"WebPage\",\"@id\":\"https:\\\/\\\/www.sebastien-auziere.fr\\\/blog\\\/es\\\/brigitte-macron-quienes-son-sus-hermanos-y-hermanas\\\/\",\"url\":\"https:\\\/\\\/www.sebastien-auziere.fr\\\/blog\\\/es\\\/brigitte-macron-quienes-son-sus-hermanos-y-hermanas\\\/\",\"name\":\"Brigitte Macron: \u00bfqui\u00e9nes son sus hermanos y hermanas? - Fan site S\u00e9bastien Auzi\u00e8re\",\"isPartOf\":{\"@id\":\"https:\\\/\\\/www.sebastien-auziere.fr\\\/blog\\\/#website\"},\"primaryImageOfPage\":{\"@id\":\"https:\\\/\\\/www.sebastien-auziere.fr\\\/blog\\\/es\\\/brigitte-macron-quienes-son-sus-hermanos-y-hermanas\\\/#primaryimage\"},\"image\":{\"@id\":\"https:\\\/\\\/www.sebastien-auziere.fr\\\/blog\\\/es\\\/brigitte-macron-quienes-son-sus-hermanos-y-hermanas\\\/#primaryimage\"},\"thumbnailUrl\":\"https:\\\/\\\/www.sebastien-auziere.fr\\\/blog\\\/wp-content\\\/uploads\\\/2026\\\/03\\\/ChatGPT-Image-6-mars-2026-12_56_11.jpg\",\"datePublished\":\"2026-03-06T14:23:12+00:00\",\"dateModified\":\"2026-03-06T15:02:40+00:00\",\"breadcrumb\":{\"@id\":\"https:\\\/\\\/www.sebastien-auziere.fr\\\/blog\\\/es\\\/brigitte-macron-quienes-son-sus-hermanos-y-hermanas\\\/#breadcrumb\"},\"inLanguage\":\"fr-FR\",\"potentialAction\":[{\"@type\":\"ReadAction\",\"target\":[\"https:\\\/\\\/www.sebastien-auziere.fr\\\/blog\\\/es\\\/brigitte-macron-quienes-son-sus-hermanos-y-hermanas\\\/\"]}]},{\"@type\":\"ImageObject\",\"inLanguage\":\"fr-FR\",\"@id\":\"https:\\\/\\\/www.sebastien-auziere.fr\\\/blog\\\/es\\\/brigitte-macron-quienes-son-sus-hermanos-y-hermanas\\\/#primaryimage\",\"url\":\"https:\\\/\\\/www.sebastien-auziere.fr\\\/blog\\\/wp-content\\\/uploads\\\/2026\\\/03\\\/ChatGPT-Image-6-mars-2026-12_56_11.jpg\",\"contentUrl\":\"https:\\\/\\\/www.sebastien-auziere.fr\\\/blog\\\/wp-content\\\/uploads\\\/2026\\\/03\\\/ChatGPT-Image-6-mars-2026-12_56_11.jpg\",\"width\":1536,\"height\":1024,\"caption\":\"Brigitte Macron fr\u00e8re\"},{\"@type\":\"BreadcrumbList\",\"@id\":\"https:\\\/\\\/www.sebastien-auziere.fr\\\/blog\\\/es\\\/brigitte-macron-quienes-son-sus-hermanos-y-hermanas\\\/#breadcrumb\",\"itemListElement\":[{\"@type\":\"ListItem\",\"position\":1,\"name\":\"Home\",\"item\":\"https:\\\/\\\/www.sebastien-auziere.fr\\\/blog\\\/\"},{\"@type\":\"ListItem\",\"position\":2,\"name\":\"Brigitte Macron: \u00bfqui\u00e9nes son sus hermanos y hermanas?\"}]},{\"@type\":\"WebSite\",\"@id\":\"https:\\\/\\\/www.sebastien-auziere.fr\\\/blog\\\/#website\",\"url\":\"https:\\\/\\\/www.sebastien-auziere.fr\\\/blog\\\/\",\"name\":\"Fan site S\u00e9bastien Auzi\u00e8re\",\"description\":\"M\u00e9dia g\u00e9n\u00e9raliste\",\"publisher\":{\"@id\":\"https:\\\/\\\/www.sebastien-auziere.fr\\\/blog\\\/#organization\"},\"potentialAction\":[{\"@type\":\"SearchAction\",\"target\":{\"@type\":\"EntryPoint\",\"urlTemplate\":\"https:\\\/\\\/www.sebastien-auziere.fr\\\/blog\\\/?s={search_term_string}\"},\"query-input\":{\"@type\":\"PropertyValueSpecification\",\"valueRequired\":true,\"valueName\":\"search_term_string\"}}],\"inLanguage\":\"fr-FR\"},{\"@type\":\"Organization\",\"@id\":\"https:\\\/\\\/www.sebastien-auziere.fr\\\/blog\\\/#organization\",\"name\":\"Fan site S\u00e9bastien Auzi\u00e8re\",\"url\":\"https:\\\/\\\/www.sebastien-auziere.fr\\\/blog\\\/\",\"logo\":{\"@type\":\"ImageObject\",\"inLanguage\":\"fr-FR\",\"@id\":\"https:\\\/\\\/www.sebastien-auziere.fr\\\/blog\\\/#\\\/schema\\\/logo\\\/image\\\/\",\"url\":\"https:\\\/\\\/www.sebastien-auziere.fr\\\/blog\\\/wp-content\\\/uploads\\\/2026\\\/03\\\/cropped-cropped-cropped-ChatGPT-Image-6-mars-2026-12_58_09-e1772798376794.jpg\",\"contentUrl\":\"https:\\\/\\\/www.sebastien-auziere.fr\\\/blog\\\/wp-content\\\/uploads\\\/2026\\\/03\\\/cropped-cropped-cropped-ChatGPT-Image-6-mars-2026-12_58_09-e1772798376794.jpg\",\"width\":512,\"height\":360,\"caption\":\"Fan site S\u00e9bastien Auzi\u00e8re\"},\"image\":{\"@id\":\"https:\\\/\\\/www.sebastien-auziere.fr\\\/blog\\\/#\\\/schema\\\/logo\\\/image\\\/\"}},{\"@type\":\"Person\",\"@id\":\"https:\\\/\\\/www.sebastien-auziere.fr\\\/blog\\\/#\\\/schema\\\/person\\\/1e270a963009242469ed08b1c461f81f\",\"name\":\"Celine\",\"image\":{\"@type\":\"ImageObject\",\"inLanguage\":\"fr-FR\",\"@id\":\"https:\\\/\\\/secure.gravatar.com\\\/avatar\\\/c88d569fbe1fe19a13c7f21ee0f8973822df96073df21850b95af6a09ba820c9?s=96&d=mm&r=g\",\"url\":\"https:\\\/\\\/secure.gravatar.com\\\/avatar\\\/c88d569fbe1fe19a13c7f21ee0f8973822df96073df21850b95af6a09ba820c9?s=96&d=mm&r=g\",\"contentUrl\":\"https:\\\/\\\/secure.gravatar.com\\\/avatar\\\/c88d569fbe1fe19a13c7f21ee0f8973822df96073df21850b95af6a09ba820c9?s=96&d=mm&r=g\",\"caption\":\"Celine\"},\"description\":\"Je m'appelle C\u00e9line, j'ai 31 ans et je suis journaliste sp\u00e9cialis\u00e9e dans le cin\u00e9ma. Passionn\u00e9e par le septi\u00e8me art, j'explore les actualit\u00e9s, les critiques et les tendances du monde cin\u00e9matographique. Mon objectif est de partager ma passion et d'informer les amateurs de films \u00e0 travers des articles percutants et des analyses approfondies.\",\"url\":\"https:\\\/\\\/www.sebastien-auziere.fr\\\/blog\\\/author\\\/celine\\\/\"}]}<\/script>\n<!-- \/ Yoast SEO plugin. -->","yoast_head_json":{"title":"Brigitte Macron: \u00bfqui\u00e9nes son sus hermanos y hermanas? - Fan site S\u00e9bastien Auzi\u00e8re","robots":{"index":"index","follow":"follow","max-snippet":"max-snippet:-1","max-image-preview":"max-image-preview:large","max-video-preview":"max-video-preview:-1"},"canonical":"https:\/\/www.sebastien-auziere.fr\/blog\/es\/brigitte-macron-quienes-son-sus-hermanos-y-hermanas\/","og_locale":"fr_FR","og_type":"article","og_title":"Brigitte Macron: \u00bfqui\u00e9nes son sus hermanos y hermanas? - Fan site S\u00e9bastien Auzi\u00e8re","og_description":"Imagen generada por inteligencia artificial, ilustraci\u00f3n no real. Lo que hay que recordar: Brigitte Macron proviene de la familia Trogneux, una familia de emprendedores bien conocida en Amiens. Creci\u00f3 rodeada de varios hermanos y hermanas en un entorno familiar relacionado con la empresa de chocolater\u00eda fundada por sus padres. Esta fraternidad desempe\u00f1\u00f3 un papel importante ... Lire plus","og_url":"https:\/\/www.sebastien-auziere.fr\/blog\/es\/brigitte-macron-quienes-son-sus-hermanos-y-hermanas\/","og_site_name":"Fan site S\u00e9bastien Auzi\u00e8re","article_published_time":"2026-03-06T14:23:12+00:00","article_modified_time":"2026-03-06T15:02:40+00:00","og_image":[{"width":1536,"height":1024,"url":"https:\/\/www.sebastien-auziere.fr\/blog\/wp-content\/uploads\/2026\/03\/ChatGPT-Image-6-mars-2026-12_56_11.jpg","type":"image\/jpeg"}],"author":"Celine","twitter_card":"summary_large_image","twitter_misc":{"\u00c9crit par":"Celine","Dur\u00e9e de lecture estim\u00e9e":"4 minutes"},"schema":{"@context":"https:\/\/schema.org","@graph":[{"@type":"Article","@id":"https:\/\/www.sebastien-auziere.fr\/blog\/es\/brigitte-macron-quienes-son-sus-hermanos-y-hermanas\/#article","isPartOf":{"@id":"https:\/\/www.sebastien-auziere.fr\/blog\/es\/brigitte-macron-quienes-son-sus-hermanos-y-hermanas\/"},"author":{"name":"Celine","@id":"https:\/\/www.sebastien-auziere.fr\/blog\/#\/schema\/person\/1e270a963009242469ed08b1c461f81f"},"headline":"Brigitte Macron: \u00bfqui\u00e9nes son sus hermanos y hermanas?","datePublished":"2026-03-06T14:23:12+00:00","dateModified":"2026-03-06T15:02:40+00:00","mainEntityOfPage":{"@id":"https:\/\/www.sebastien-auziere.fr\/blog\/es\/brigitte-macron-quienes-son-sus-hermanos-y-hermanas\/"},"wordCount":837,"commentCount":0,"publisher":{"@id":"https:\/\/www.sebastien-auziere.fr\/blog\/#organization"},"image":{"@id":"https:\/\/www.sebastien-auziere.fr\/blog\/es\/brigitte-macron-quienes-son-sus-hermanos-y-hermanas\/#primaryimage"},"thumbnailUrl":"https:\/\/www.sebastien-auziere.fr\/blog\/wp-content\/uploads\/2026\/03\/ChatGPT-Image-6-mars-2026-12_56_11.jpg","articleSection":["Actualidades"],"inLanguage":"fr-FR","potentialAction":[{"@type":"CommentAction","name":"Comment","target":["https:\/\/www.sebastien-auziere.fr\/blog\/es\/brigitte-macron-quienes-son-sus-hermanos-y-hermanas\/#respond"]}]},{"@type":"WebPage","@id":"https:\/\/www.sebastien-auziere.fr\/blog\/es\/brigitte-macron-quienes-son-sus-hermanos-y-hermanas\/","url":"https:\/\/www.sebastien-auziere.fr\/blog\/es\/brigitte-macron-quienes-son-sus-hermanos-y-hermanas\/","name":"Brigitte Macron: \u00bfqui\u00e9nes son sus hermanos y hermanas? - Fan site S\u00e9bastien Auzi\u00e8re","isPartOf":{"@id":"https:\/\/www.sebastien-auziere.fr\/blog\/#website"},"primaryImageOfPage":{"@id":"https:\/\/www.sebastien-auziere.fr\/blog\/es\/brigitte-macron-quienes-son-sus-hermanos-y-hermanas\/#primaryimage"},"image":{"@id":"https:\/\/www.sebastien-auziere.fr\/blog\/es\/brigitte-macron-quienes-son-sus-hermanos-y-hermanas\/#primaryimage"},"thumbnailUrl":"https:\/\/www.sebastien-auziere.fr\/blog\/wp-content\/uploads\/2026\/03\/ChatGPT-Image-6-mars-2026-12_56_11.jpg","datePublished":"2026-03-06T14:23:12+00:00","dateModified":"2026-03-06T15:02:40+00:00","breadcrumb":{"@id":"https:\/\/www.sebastien-auziere.fr\/blog\/es\/brigitte-macron-quienes-son-sus-hermanos-y-hermanas\/#breadcrumb"},"inLanguage":"fr-FR","potentialAction":[{"@type":"ReadAction","target":["https:\/\/www.sebastien-auziere.fr\/blog\/es\/brigitte-macron-quienes-son-sus-hermanos-y-hermanas\/"]}]},{"@type":"ImageObject","inLanguage":"fr-FR","@id":"https:\/\/www.sebastien-auziere.fr\/blog\/es\/brigitte-macron-quienes-son-sus-hermanos-y-hermanas\/#primaryimage","url":"https:\/\/www.sebastien-auziere.fr\/blog\/wp-content\/uploads\/2026\/03\/ChatGPT-Image-6-mars-2026-12_56_11.jpg","contentUrl":"https:\/\/www.sebastien-auziere.fr\/blog\/wp-content\/uploads\/2026\/03\/ChatGPT-Image-6-mars-2026-12_56_11.jpg","width":1536,"height":1024,"caption":"Brigitte Macron fr\u00e8re"},{"@type":"BreadcrumbList","@id":"https:\/\/www.sebastien-auziere.fr\/blog\/es\/brigitte-macron-quienes-son-sus-hermanos-y-hermanas\/#breadcrumb","itemListElement":[{"@type":"ListItem","position":1,"name":"Home","item":"https:\/\/www.sebastien-auziere.fr\/blog\/"},{"@type":"ListItem","position":2,"name":"Brigitte Macron: \u00bfqui\u00e9nes son sus hermanos y hermanas?"}]},{"@type":"WebSite","@id":"https:\/\/www.sebastien-auziere.fr\/blog\/#website","url":"https:\/\/www.sebastien-auziere.fr\/blog\/","name":"Fan site S\u00e9bastien Auzi\u00e8re","description":"M\u00e9dia g\u00e9n\u00e9raliste","publisher":{"@id":"https:\/\/www.sebastien-auziere.fr\/blog\/#organization"},"potentialAction":[{"@type":"SearchAction","target":{"@type":"EntryPoint","urlTemplate":"https:\/\/www.sebastien-auziere.fr\/blog\/?s={search_term_string}"},"query-input":{"@type":"PropertyValueSpecification","valueRequired":true,"valueName":"search_term_string"}}],"inLanguage":"fr-FR"},{"@type":"Organization","@id":"https:\/\/www.sebastien-auziere.fr\/blog\/#organization","name":"Fan site S\u00e9bastien Auzi\u00e8re","url":"https:\/\/www.sebastien-auziere.fr\/blog\/","logo":{"@type":"ImageObject","inLanguage":"fr-FR","@id":"https:\/\/www.sebastien-auziere.fr\/blog\/#\/schema\/logo\/image\/","url":"https:\/\/www.sebastien-auziere.fr\/blog\/wp-content\/uploads\/2026\/03\/cropped-cropped-cropped-ChatGPT-Image-6-mars-2026-12_58_09-e1772798376794.jpg","contentUrl":"https:\/\/www.sebastien-auziere.fr\/blog\/wp-content\/uploads\/2026\/03\/cropped-cropped-cropped-ChatGPT-Image-6-mars-2026-12_58_09-e1772798376794.jpg","width":512,"height":360,"caption":"Fan site S\u00e9bastien Auzi\u00e8re"},"image":{"@id":"https:\/\/www.sebastien-auziere.fr\/blog\/#\/schema\/logo\/image\/"}},{"@type":"Person","@id":"https:\/\/www.sebastien-auziere.fr\/blog\/#\/schema\/person\/1e270a963009242469ed08b1c461f81f","name":"Celine","image":{"@type":"ImageObject","inLanguage":"fr-FR","@id":"https:\/\/secure.gravatar.com\/avatar\/c88d569fbe1fe19a13c7f21ee0f8973822df96073df21850b95af6a09ba820c9?s=96&d=mm&r=g","url":"https:\/\/secure.gravatar.com\/avatar\/c88d569fbe1fe19a13c7f21ee0f8973822df96073df21850b95af6a09ba820c9?s=96&d=mm&r=g","contentUrl":"https:\/\/secure.gravatar.com\/avatar\/c88d569fbe1fe19a13c7f21ee0f8973822df96073df21850b95af6a09ba820c9?s=96&d=mm&r=g","caption":"Celine"},"description":"Je m'appelle C\u00e9line, j'ai 31 ans et je suis journaliste sp\u00e9cialis\u00e9e dans le cin\u00e9ma. Passionn\u00e9e par le septi\u00e8me art, j'explore les actualit\u00e9s, les critiques et les tendances du monde cin\u00e9matographique. Mon objectif est de partager ma passion et d'informer les amateurs de films \u00e0 travers des articles percutants et des analyses approfondies.","url":"https:\/\/www.sebastien-auziere.fr\/blog\/author\/celine\/"}]}},"views":128,"_links":{"self":[{"href":"https:\/\/www.sebastien-auziere.fr\/blog\/wp-json\/wp\/v2\/posts\/2092","targetHints":{"allow":["GET"]}}],"collection":[{"href":"https:\/\/www.sebastien-auziere.fr\/blog\/wp-json\/wp\/v2\/posts"}],"about":[{"href":"https:\/\/www.sebastien-auziere.fr\/blog\/wp-json\/wp\/v2\/types\/post"}],"author":[{"embeddable":true,"href":"https:\/\/www.sebastien-auziere.fr\/blog\/wp-json\/wp\/v2\/users\/4"}],"replies":[{"embeddable":true,"href":"https:\/\/www.sebastien-auziere.fr\/blog\/wp-json\/wp\/v2\/comments?post=2092"}],"version-history":[{"count":3,"href":"https:\/\/www.sebastien-auziere.fr\/blog\/wp-json\/wp\/v2\/posts\/2092\/revisions"}],"predecessor-version":[{"id":2176,"href":"https:\/\/www.sebastien-auziere.fr\/blog\/wp-json\/wp\/v2\/posts\/2092\/revisions\/2176"}],"wp:featuredmedia":[{"embeddable":true,"href":"https:\/\/www.sebastien-auziere.fr\/blog\/wp-json\/wp\/v2\/media\/2045"}],"wp:attachment":[{"href":"https:\/\/www.sebastien-auziere.fr\/blog\/wp-json\/wp\/v2\/media?parent=2092"}],"wp:term":[{"taxonomy":"category","embeddable":true,"href":"https:\/\/www.sebastien-auziere.fr\/blog\/wp-json\/wp\/v2\/categories?post=2092"},{"taxonomy":"post_tag","embeddable":true,"href":"https:\/\/www.sebastien-auziere.fr\/blog\/wp-json\/wp\/v2\/tags?post=2092"}],"curies":[{"name":"wp","href":"https:\/\/api.w.org\/{rel}","templated":true}]}}