{"id":2089,"date":"2026-03-06T14:22:37","date_gmt":"2026-03-06T14:22:37","guid":{"rendered":"https:\/\/www.sebastien-auziere.fr\/blog\/?p=2089"},"modified":"2026-03-06T15:01:57","modified_gmt":"2026-03-06T15:01:57","slug":"brigitte-macron-who-are-her-brothers-and-sisters","status":"publish","type":"post","link":"https:\/\/www.sebastien-auziere.fr\/blog\/en\/brigitte-macron-who-are-her-brothers-and-sisters\/","title":{"rendered":"Brigitte Macron: who are her brothers and sisters?"},"content":{"rendered":"\n<p>Image generated by artificial intelligence, non-real illustration.<\/p>\n\n\n<p style=\"padding: 24px;background: lightblue\">\nWhat to remember: Brigitte Macron comes from the <strong>Trogneux<\/strong> family, a well-known family of entrepreneurs in Amiens. She grew up surrounded by several siblings in a family environment linked to the chocolate business founded by her parents. This sibling group played an important role in her childhood and her journey.\n<\/p>\n<p>\nBefore becoming the First Lady of France, Brigitte Macron \u2013 born <strong>Brigitte Trogneux<\/strong> \u2013 grew up in a large and well-known family in the Amiens region. Many people today wonder <strong>how many siblings she has<\/strong> and what role the Trogneux family plays in the history of the city. In this article, you will discover <strong>Brigitte Macron&rsquo;s siblings, her family environment, and the story of this entrepreneurial family<\/strong>.\n<\/p>\n<ol>\n<li><a href=\"#famille-trogneux\">The Trogneux Family in Amiens<\/a><\/li>\n<li><a href=\"#freres-soeurs\">Brigitte Macron&rsquo;s Siblings<\/a><\/li>\n<li><a href=\"#entreprise-familiale\">The Trogneux Family Business<\/a><\/li>\n<li><a href=\"#importance-famille\">The Importance of Family in Her Journey<\/a><\/li>\n<\/ol>\n<h2 id=\"famille-trogneux\">The Trogneux Family in Amiens<\/h2>\n<p>\nBrigitte Macron was born on <strong>April 13, 1953, in Amiens<\/strong>. She belongs to the Trogneux family, a family of entrepreneurs known for their activities in chocolate and confectionery.\n<\/p>\n<h3>A Well-Known Family in the Region<\/h3>\n<p>\nFor several generations, the Trogneux family has owned a business specializing in the production of chocolates and macarons. This family activity has contributed to the reputation of the family in the Hauts-de-France region.\n<\/p>\n<p>\nGrowing up in this entrepreneurial environment marked the childhood of Brigitte Macron and her siblings.\n<\/p>\n<h2 id=\"freres-soeurs\">Brigitte Macron&rsquo;s Siblings<\/h2>\n<p>\nBrigitte Macron grew up in a sibling group made up of several children. As in many families, the bonds between brothers and sisters played an important role in her childhood.\n<\/p>\n<h3>A Close-Knit Sibling Group<\/h3>\n<p>\nThe Trogneux family had several children, each having followed their own professional path while remaining linked to the family story.\n<\/p>\n<ul>\n<li>Some members continued the family business<\/li>\n<li>Others chose different careers<\/li>\n<li>The family remains very attached to the city of Amiens<\/li>\n<\/ul>\n<p>\nThis sibling group grew up in a stable family environment very involved in local life.\n<\/p>\n<h2 id=\"entreprise-familiale\">The Trogneux Family Business<\/h2>\n<p>\nThe family business is one of the best-known elements of Brigitte Macron&rsquo;s family history.\n<\/p>\n<h3>A Historic Chocolate Factory<\/h3>\n<p>\nThe Trogneux house has existed for several generations and is particularly famous for its macarons from Amiens. The business has been passed down over time among family members.\n<\/p>\n<ul>\n<li>Business founded in the 19th century<\/li>\n<li>Specialty: macarons from Amiens<\/li>\n<li>Family business still active<\/li>\n<\/ul>\n<p>\nThis business activity has contributed to the family&rsquo;s notoriety in the region.\n<\/p>\n<h2 id=\"importance-famille\">The Importance of Family in Her Journey<\/h2>\n<p>\nFamily has always held an important place in Brigitte Macron&rsquo;s life. Her childhood in Amiens and her family environment have largely contributed to shaping her personality.\n<\/p>\n<h3>Strong Roots<\/h3>\n<p>\nEven after becoming First Lady, Brigitte Macron remains attached to her Amiens roots and her family.\n<\/p>\n<p>\nHer journey demonstrates the importance of family ties and environment in shaping a public personality.\n<\/p>\n<div style=\"overflow:auto;max-width:100%\">\n<table>\n<tbody>\n<tr>\n<th>Element<\/th>\n<th>Detail<\/th>\n<th>Importance<\/th>\n<\/tr>\n<tr>\n<td>Family<\/td>\n<td>Trogneux<\/td>\n<td>Family of entrepreneurs<\/td>\n<\/tr>\n<tr>\n<td>City<\/td>\n<td>Amiens<\/td>\n<td>Family origins<\/td>\n<\/tr>\n<tr>\n<td>Activity<\/td>\n<td>Chocolate and macarons<\/td>\n<td>Historic family business<\/td>\n<\/tr>\n<tr>\n<td>Sibling Group<\/td>\n<td>Several brothers and sisters<\/td>\n<td>Family environment<\/td>\n<\/tr>\n<\/tbody>\n<\/table>\n<\/div>\n<p>\nThe Trogneux family remains an important element of Brigitte Macron&rsquo;s personal history today. Her childhood surrounded by her siblings in an entrepreneurial family helped shape her journey and identity.\n<\/p>\n<h2>FAQ<\/h2>\n<h3>How many siblings does Brigitte Macron have?<\/h3>\n<p>\nBrigitte Macron comes from a large family belonging to the Trogneux family of Amiens.\n<\/p>\n<h3>What is the origin of the Trogneux family?<\/h3>\n<p>\nThe Trogneux family is a family of entrepreneurs from Amiens known for their activity in chocolate and confectionery.\n<\/p>\n<h3>What business does Brigitte Macron&rsquo;s family own?<\/h3>\n<p>\nThe Trogneux family is famous for its chocolate factory and macarons from Amiens.\n<\/p>\n<h3>Has Brigitte Macron remained close to her family?<\/h3>\n<p>\nYes, she remains attached to her family roots and the city of Amiens.\n<\/p>\n<p><br \/>\n[<br \/>\n{<br \/>\n\u00ab\u00a0@context\u00a0\u00bb:\u00a0\u00bbhttps:\/\/schema.org\u00a0\u00bb,<br \/>\n\u00ab\u00a0@type\u00a0\u00bb:\u00a0\u00bbArticle\u00a0\u00bb,<br \/>\n\u00ab\u00a0headline\u00a0\u00bb:\u00a0\u00bbBrigitte Macron: who are her siblings?\u00a0\u00bb,<br \/>\n\u00ab\u00a0description\u00a0\u00bb:\u00a0\u00bbDiscover Brigitte Macron&rsquo;s family, her siblings, and the story of the Trogneux family in Amiens.\u00a0\u00bb,<br \/>\n\u00ab\u00a0inLanguage\u00a0\u00bb:\u00a0\u00bben\u00a0\u00bb,<br \/>\n\u00ab\u00a0articleSection\u00a0\u00bb:\u00a0\u00bbbiography\u00a0\u00bb,<br \/>\n\u00ab\u00a0abstract\u00a0\u00bb:\u00a0\u00bbBrigitte Macron comes from the Trogneux family, a family of entrepreneurs known for their chocolate factory in Amiens.\u00a0\u00bb<br \/>\n},<br \/>\n{<br \/>\n\u00ab\u00a0@context\u00a0\u00bb:\u00a0\u00bbhttps:\/\/schema.org\u00a0\u00bb,<br \/>\n\u00ab\u00a0@type\u00a0\u00bb:\u00a0\u00bbFAQPage\u00a0\u00bb,<br \/>\n\u00ab\u00a0mainEntity\u00a0\u00bb:[<br \/>\n{<br \/>\n\u00ab\u00a0@type\u00a0\u00bb:\u00a0\u00bbQuestion\u00a0\u00bb,<br \/>\n\u00ab\u00a0name\u00a0\u00bb:\u00a0\u00bbHow many siblings does Brigitte Macron have?\u00a0\u00bb,<br \/>\n\u00ab\u00a0acceptedAnswer\u00a0\u00bb:{<br \/>\n\u00ab\u00a0@type\u00a0\u00bb:\u00a0\u00bbAnswer\u00a0\u00bb,<br \/>\n\u00ab\u00a0text\u00a0\u00bb:\u00a0\u00bbBrigitte Macron belongs to the Trogneux family of Amiens, a family made up of several brothers and sisters.\u00a0\u00bb<br \/>\n}<br \/>\n},<br \/>\n{<br \/>\n\u00ab\u00a0@type\u00a0\u00bb:\u00a0\u00bbQuestion\u00a0\u00bb,<br \/>\n\u00ab\u00a0name\u00a0\u00bb:\u00a0\u00bbWhat is the origin of the Trogneux family?\u00a0\u00bb,<br \/>\n\u00ab\u00a0acceptedAnswer\u00a0\u00bb:{<br \/>\n\u00ab\u00a0@type\u00a0\u00bb:\u00a0\u00bbAnswer\u00a0\u00bb,<br \/>\n\u00ab\u00a0text\u00a0\u00bb:\u00a0\u00bbThe Trogneux family is known for its chocolate and macarons business in Amiens.\u00a0\u00bb<br \/>\n}<br \/>\n}<br \/>\n]<br \/>\n}<br \/>\n]<\/br>\n<\/p>","protected":false},"excerpt":{"rendered":"<p>Image generated by artificial intelligence, non-real illustration. What to remember: Brigitte Macron comes from the Trogneux family, a well-known family of entrepreneurs in Amiens. She grew up surrounded by several siblings in a family environment linked to the chocolate business founded by her parents. This sibling group played an important role in her childhood and &#8230; <a title=\"Brigitte Macron: who are her brothers and sisters?\" class=\"read-more\" href=\"https:\/\/www.sebastien-auziere.fr\/blog\/en\/brigitte-macron-who-are-her-brothers-and-sisters\/\" aria-label=\"En savoir plus sur Brigitte Macron: who are her brothers and sisters?\">Lire plus<\/a><\/p>\n","protected":false},"author":4,"featured_media":2045,"comment_status":"open","ping_status":"open","sticky":false,"template":"","format":"standard","meta":{"footnotes":""},"categories":[816],"tags":[],"class_list":["post-2089","post","type-post","status-publish","format-standard","has-post-thumbnail","hentry","category-news"],"yoast_head":"<!-- This site is optimized with the Yoast SEO plugin v27.5 - https:\/\/yoast.com\/product\/yoast-seo-wordpress\/ -->\n<title>Brigitte Macron: who are her brothers and sisters? - Fan site S\u00e9bastien Auzi\u00e8re<\/title>\n<meta name=\"robots\" content=\"index, follow, max-snippet:-1, max-image-preview:large, max-video-preview:-1\" \/>\n<link rel=\"canonical\" href=\"https:\/\/www.sebastien-auziere.fr\/blog\/en\/brigitte-macron-who-are-her-brothers-and-sisters\/\" \/>\n<meta property=\"og:locale\" content=\"fr_FR\" \/>\n<meta property=\"og:type\" content=\"article\" \/>\n<meta property=\"og:title\" content=\"Brigitte Macron: who are her brothers and sisters? - Fan site S\u00e9bastien Auzi\u00e8re\" \/>\n<meta property=\"og:description\" content=\"Image generated by artificial intelligence, non-real illustration. What to remember: Brigitte Macron comes from the Trogneux family, a well-known family of entrepreneurs in Amiens. She grew up surrounded by several siblings in a family environment linked to the chocolate business founded by her parents. This sibling group played an important role in her childhood and ... Lire plus\" \/>\n<meta property=\"og:url\" content=\"https:\/\/www.sebastien-auziere.fr\/blog\/en\/brigitte-macron-who-are-her-brothers-and-sisters\/\" \/>\n<meta property=\"og:site_name\" content=\"Fan site S\u00e9bastien Auzi\u00e8re\" \/>\n<meta property=\"article:published_time\" content=\"2026-03-06T14:22:37+00:00\" \/>\n<meta property=\"article:modified_time\" content=\"2026-03-06T15:01:57+00:00\" \/>\n<meta property=\"og:image\" content=\"https:\/\/www.sebastien-auziere.fr\/blog\/wp-content\/uploads\/2026\/03\/ChatGPT-Image-6-mars-2026-12_56_11.jpg\" \/>\n\t<meta property=\"og:image:width\" content=\"1536\" \/>\n\t<meta property=\"og:image:height\" content=\"1024\" \/>\n\t<meta property=\"og:image:type\" content=\"image\/jpeg\" \/>\n<meta name=\"author\" content=\"Celine\" \/>\n<meta name=\"twitter:card\" content=\"summary_large_image\" \/>\n<meta name=\"twitter:label1\" content=\"\u00c9crit par\" \/>\n\t<meta name=\"twitter:data1\" content=\"Celine\" \/>\n\t<meta name=\"twitter:label2\" content=\"Dur\u00e9e de lecture estim\u00e9e\" \/>\n\t<meta name=\"twitter:data2\" content=\"4 minutes\" \/>\n<script type=\"application\/ld+json\" class=\"yoast-schema-graph\">{\"@context\":\"https:\\\/\\\/schema.org\",\"@graph\":[{\"@type\":\"Article\",\"@id\":\"https:\\\/\\\/www.sebastien-auziere.fr\\\/blog\\\/en\\\/brigitte-macron-who-are-her-brothers-and-sisters\\\/#article\",\"isPartOf\":{\"@id\":\"https:\\\/\\\/www.sebastien-auziere.fr\\\/blog\\\/en\\\/brigitte-macron-who-are-her-brothers-and-sisters\\\/\"},\"author\":{\"name\":\"Celine\",\"@id\":\"https:\\\/\\\/www.sebastien-auziere.fr\\\/blog\\\/#\\\/schema\\\/person\\\/1e270a963009242469ed08b1c461f81f\"},\"headline\":\"Brigitte Macron: who are her brothers and sisters?\",\"datePublished\":\"2026-03-06T14:22:37+00:00\",\"dateModified\":\"2026-03-06T15:01:57+00:00\",\"mainEntityOfPage\":{\"@id\":\"https:\\\/\\\/www.sebastien-auziere.fr\\\/blog\\\/en\\\/brigitte-macron-who-are-her-brothers-and-sisters\\\/\"},\"wordCount\":732,\"commentCount\":0,\"publisher\":{\"@id\":\"https:\\\/\\\/www.sebastien-auziere.fr\\\/blog\\\/#organization\"},\"image\":{\"@id\":\"https:\\\/\\\/www.sebastien-auziere.fr\\\/blog\\\/en\\\/brigitte-macron-who-are-her-brothers-and-sisters\\\/#primaryimage\"},\"thumbnailUrl\":\"https:\\\/\\\/www.sebastien-auziere.fr\\\/blog\\\/wp-content\\\/uploads\\\/2026\\\/03\\\/ChatGPT-Image-6-mars-2026-12_56_11.jpg\",\"articleSection\":[\"News\"],\"inLanguage\":\"fr-FR\",\"potentialAction\":[{\"@type\":\"CommentAction\",\"name\":\"Comment\",\"target\":[\"https:\\\/\\\/www.sebastien-auziere.fr\\\/blog\\\/en\\\/brigitte-macron-who-are-her-brothers-and-sisters\\\/#respond\"]}]},{\"@type\":\"WebPage\",\"@id\":\"https:\\\/\\\/www.sebastien-auziere.fr\\\/blog\\\/en\\\/brigitte-macron-who-are-her-brothers-and-sisters\\\/\",\"url\":\"https:\\\/\\\/www.sebastien-auziere.fr\\\/blog\\\/en\\\/brigitte-macron-who-are-her-brothers-and-sisters\\\/\",\"name\":\"Brigitte Macron: who are her brothers and sisters? - Fan site S\u00e9bastien Auzi\u00e8re\",\"isPartOf\":{\"@id\":\"https:\\\/\\\/www.sebastien-auziere.fr\\\/blog\\\/#website\"},\"primaryImageOfPage\":{\"@id\":\"https:\\\/\\\/www.sebastien-auziere.fr\\\/blog\\\/en\\\/brigitte-macron-who-are-her-brothers-and-sisters\\\/#primaryimage\"},\"image\":{\"@id\":\"https:\\\/\\\/www.sebastien-auziere.fr\\\/blog\\\/en\\\/brigitte-macron-who-are-her-brothers-and-sisters\\\/#primaryimage\"},\"thumbnailUrl\":\"https:\\\/\\\/www.sebastien-auziere.fr\\\/blog\\\/wp-content\\\/uploads\\\/2026\\\/03\\\/ChatGPT-Image-6-mars-2026-12_56_11.jpg\",\"datePublished\":\"2026-03-06T14:22:37+00:00\",\"dateModified\":\"2026-03-06T15:01:57+00:00\",\"breadcrumb\":{\"@id\":\"https:\\\/\\\/www.sebastien-auziere.fr\\\/blog\\\/en\\\/brigitte-macron-who-are-her-brothers-and-sisters\\\/#breadcrumb\"},\"inLanguage\":\"fr-FR\",\"potentialAction\":[{\"@type\":\"ReadAction\",\"target\":[\"https:\\\/\\\/www.sebastien-auziere.fr\\\/blog\\\/en\\\/brigitte-macron-who-are-her-brothers-and-sisters\\\/\"]}]},{\"@type\":\"ImageObject\",\"inLanguage\":\"fr-FR\",\"@id\":\"https:\\\/\\\/www.sebastien-auziere.fr\\\/blog\\\/en\\\/brigitte-macron-who-are-her-brothers-and-sisters\\\/#primaryimage\",\"url\":\"https:\\\/\\\/www.sebastien-auziere.fr\\\/blog\\\/wp-content\\\/uploads\\\/2026\\\/03\\\/ChatGPT-Image-6-mars-2026-12_56_11.jpg\",\"contentUrl\":\"https:\\\/\\\/www.sebastien-auziere.fr\\\/blog\\\/wp-content\\\/uploads\\\/2026\\\/03\\\/ChatGPT-Image-6-mars-2026-12_56_11.jpg\",\"width\":1536,\"height\":1024,\"caption\":\"Brigitte Macron fr\u00e8re\"},{\"@type\":\"BreadcrumbList\",\"@id\":\"https:\\\/\\\/www.sebastien-auziere.fr\\\/blog\\\/en\\\/brigitte-macron-who-are-her-brothers-and-sisters\\\/#breadcrumb\",\"itemListElement\":[{\"@type\":\"ListItem\",\"position\":1,\"name\":\"Home\",\"item\":\"https:\\\/\\\/www.sebastien-auziere.fr\\\/blog\\\/\"},{\"@type\":\"ListItem\",\"position\":2,\"name\":\"Brigitte Macron: who are her brothers and sisters?\"}]},{\"@type\":\"WebSite\",\"@id\":\"https:\\\/\\\/www.sebastien-auziere.fr\\\/blog\\\/#website\",\"url\":\"https:\\\/\\\/www.sebastien-auziere.fr\\\/blog\\\/\",\"name\":\"Fan site S\u00e9bastien Auzi\u00e8re\",\"description\":\"M\u00e9dia g\u00e9n\u00e9raliste\",\"publisher\":{\"@id\":\"https:\\\/\\\/www.sebastien-auziere.fr\\\/blog\\\/#organization\"},\"potentialAction\":[{\"@type\":\"SearchAction\",\"target\":{\"@type\":\"EntryPoint\",\"urlTemplate\":\"https:\\\/\\\/www.sebastien-auziere.fr\\\/blog\\\/?s={search_term_string}\"},\"query-input\":{\"@type\":\"PropertyValueSpecification\",\"valueRequired\":true,\"valueName\":\"search_term_string\"}}],\"inLanguage\":\"fr-FR\"},{\"@type\":\"Organization\",\"@id\":\"https:\\\/\\\/www.sebastien-auziere.fr\\\/blog\\\/#organization\",\"name\":\"Fan site S\u00e9bastien Auzi\u00e8re\",\"url\":\"https:\\\/\\\/www.sebastien-auziere.fr\\\/blog\\\/\",\"logo\":{\"@type\":\"ImageObject\",\"inLanguage\":\"fr-FR\",\"@id\":\"https:\\\/\\\/www.sebastien-auziere.fr\\\/blog\\\/#\\\/schema\\\/logo\\\/image\\\/\",\"url\":\"https:\\\/\\\/www.sebastien-auziere.fr\\\/blog\\\/wp-content\\\/uploads\\\/2026\\\/03\\\/cropped-cropped-cropped-ChatGPT-Image-6-mars-2026-12_58_09-e1772798376794.jpg\",\"contentUrl\":\"https:\\\/\\\/www.sebastien-auziere.fr\\\/blog\\\/wp-content\\\/uploads\\\/2026\\\/03\\\/cropped-cropped-cropped-ChatGPT-Image-6-mars-2026-12_58_09-e1772798376794.jpg\",\"width\":512,\"height\":360,\"caption\":\"Fan site S\u00e9bastien Auzi\u00e8re\"},\"image\":{\"@id\":\"https:\\\/\\\/www.sebastien-auziere.fr\\\/blog\\\/#\\\/schema\\\/logo\\\/image\\\/\"}},{\"@type\":\"Person\",\"@id\":\"https:\\\/\\\/www.sebastien-auziere.fr\\\/blog\\\/#\\\/schema\\\/person\\\/1e270a963009242469ed08b1c461f81f\",\"name\":\"Celine\",\"image\":{\"@type\":\"ImageObject\",\"inLanguage\":\"fr-FR\",\"@id\":\"https:\\\/\\\/secure.gravatar.com\\\/avatar\\\/c88d569fbe1fe19a13c7f21ee0f8973822df96073df21850b95af6a09ba820c9?s=96&d=mm&r=g\",\"url\":\"https:\\\/\\\/secure.gravatar.com\\\/avatar\\\/c88d569fbe1fe19a13c7f21ee0f8973822df96073df21850b95af6a09ba820c9?s=96&d=mm&r=g\",\"contentUrl\":\"https:\\\/\\\/secure.gravatar.com\\\/avatar\\\/c88d569fbe1fe19a13c7f21ee0f8973822df96073df21850b95af6a09ba820c9?s=96&d=mm&r=g\",\"caption\":\"Celine\"},\"description\":\"Je m'appelle C\u00e9line, j'ai 31 ans et je suis journaliste sp\u00e9cialis\u00e9e dans le cin\u00e9ma. Passionn\u00e9e par le septi\u00e8me art, j'explore les actualit\u00e9s, les critiques et les tendances du monde cin\u00e9matographique. Mon objectif est de partager ma passion et d'informer les amateurs de films \u00e0 travers des articles percutants et des analyses approfondies.\",\"url\":\"https:\\\/\\\/www.sebastien-auziere.fr\\\/blog\\\/author\\\/celine\\\/\"}]}<\/script>\n<!-- \/ Yoast SEO plugin. -->","yoast_head_json":{"title":"Brigitte Macron: who are her brothers and sisters? - Fan site S\u00e9bastien Auzi\u00e8re","robots":{"index":"index","follow":"follow","max-snippet":"max-snippet:-1","max-image-preview":"max-image-preview:large","max-video-preview":"max-video-preview:-1"},"canonical":"https:\/\/www.sebastien-auziere.fr\/blog\/en\/brigitte-macron-who-are-her-brothers-and-sisters\/","og_locale":"fr_FR","og_type":"article","og_title":"Brigitte Macron: who are her brothers and sisters? - Fan site S\u00e9bastien Auzi\u00e8re","og_description":"Image generated by artificial intelligence, non-real illustration. What to remember: Brigitte Macron comes from the Trogneux family, a well-known family of entrepreneurs in Amiens. She grew up surrounded by several siblings in a family environment linked to the chocolate business founded by her parents. This sibling group played an important role in her childhood and ... Lire plus","og_url":"https:\/\/www.sebastien-auziere.fr\/blog\/en\/brigitte-macron-who-are-her-brothers-and-sisters\/","og_site_name":"Fan site S\u00e9bastien Auzi\u00e8re","article_published_time":"2026-03-06T14:22:37+00:00","article_modified_time":"2026-03-06T15:01:57+00:00","og_image":[{"width":1536,"height":1024,"url":"https:\/\/www.sebastien-auziere.fr\/blog\/wp-content\/uploads\/2026\/03\/ChatGPT-Image-6-mars-2026-12_56_11.jpg","type":"image\/jpeg"}],"author":"Celine","twitter_card":"summary_large_image","twitter_misc":{"\u00c9crit par":"Celine","Dur\u00e9e de lecture estim\u00e9e":"4 minutes"},"schema":{"@context":"https:\/\/schema.org","@graph":[{"@type":"Article","@id":"https:\/\/www.sebastien-auziere.fr\/blog\/en\/brigitte-macron-who-are-her-brothers-and-sisters\/#article","isPartOf":{"@id":"https:\/\/www.sebastien-auziere.fr\/blog\/en\/brigitte-macron-who-are-her-brothers-and-sisters\/"},"author":{"name":"Celine","@id":"https:\/\/www.sebastien-auziere.fr\/blog\/#\/schema\/person\/1e270a963009242469ed08b1c461f81f"},"headline":"Brigitte Macron: who are her brothers and sisters?","datePublished":"2026-03-06T14:22:37+00:00","dateModified":"2026-03-06T15:01:57+00:00","mainEntityOfPage":{"@id":"https:\/\/www.sebastien-auziere.fr\/blog\/en\/brigitte-macron-who-are-her-brothers-and-sisters\/"},"wordCount":732,"commentCount":0,"publisher":{"@id":"https:\/\/www.sebastien-auziere.fr\/blog\/#organization"},"image":{"@id":"https:\/\/www.sebastien-auziere.fr\/blog\/en\/brigitte-macron-who-are-her-brothers-and-sisters\/#primaryimage"},"thumbnailUrl":"https:\/\/www.sebastien-auziere.fr\/blog\/wp-content\/uploads\/2026\/03\/ChatGPT-Image-6-mars-2026-12_56_11.jpg","articleSection":["News"],"inLanguage":"fr-FR","potentialAction":[{"@type":"CommentAction","name":"Comment","target":["https:\/\/www.sebastien-auziere.fr\/blog\/en\/brigitte-macron-who-are-her-brothers-and-sisters\/#respond"]}]},{"@type":"WebPage","@id":"https:\/\/www.sebastien-auziere.fr\/blog\/en\/brigitte-macron-who-are-her-brothers-and-sisters\/","url":"https:\/\/www.sebastien-auziere.fr\/blog\/en\/brigitte-macron-who-are-her-brothers-and-sisters\/","name":"Brigitte Macron: who are her brothers and sisters? - Fan site S\u00e9bastien Auzi\u00e8re","isPartOf":{"@id":"https:\/\/www.sebastien-auziere.fr\/blog\/#website"},"primaryImageOfPage":{"@id":"https:\/\/www.sebastien-auziere.fr\/blog\/en\/brigitte-macron-who-are-her-brothers-and-sisters\/#primaryimage"},"image":{"@id":"https:\/\/www.sebastien-auziere.fr\/blog\/en\/brigitte-macron-who-are-her-brothers-and-sisters\/#primaryimage"},"thumbnailUrl":"https:\/\/www.sebastien-auziere.fr\/blog\/wp-content\/uploads\/2026\/03\/ChatGPT-Image-6-mars-2026-12_56_11.jpg","datePublished":"2026-03-06T14:22:37+00:00","dateModified":"2026-03-06T15:01:57+00:00","breadcrumb":{"@id":"https:\/\/www.sebastien-auziere.fr\/blog\/en\/brigitte-macron-who-are-her-brothers-and-sisters\/#breadcrumb"},"inLanguage":"fr-FR","potentialAction":[{"@type":"ReadAction","target":["https:\/\/www.sebastien-auziere.fr\/blog\/en\/brigitte-macron-who-are-her-brothers-and-sisters\/"]}]},{"@type":"ImageObject","inLanguage":"fr-FR","@id":"https:\/\/www.sebastien-auziere.fr\/blog\/en\/brigitte-macron-who-are-her-brothers-and-sisters\/#primaryimage","url":"https:\/\/www.sebastien-auziere.fr\/blog\/wp-content\/uploads\/2026\/03\/ChatGPT-Image-6-mars-2026-12_56_11.jpg","contentUrl":"https:\/\/www.sebastien-auziere.fr\/blog\/wp-content\/uploads\/2026\/03\/ChatGPT-Image-6-mars-2026-12_56_11.jpg","width":1536,"height":1024,"caption":"Brigitte Macron fr\u00e8re"},{"@type":"BreadcrumbList","@id":"https:\/\/www.sebastien-auziere.fr\/blog\/en\/brigitte-macron-who-are-her-brothers-and-sisters\/#breadcrumb","itemListElement":[{"@type":"ListItem","position":1,"name":"Home","item":"https:\/\/www.sebastien-auziere.fr\/blog\/"},{"@type":"ListItem","position":2,"name":"Brigitte Macron: who are her brothers and sisters?"}]},{"@type":"WebSite","@id":"https:\/\/www.sebastien-auziere.fr\/blog\/#website","url":"https:\/\/www.sebastien-auziere.fr\/blog\/","name":"Fan site S\u00e9bastien Auzi\u00e8re","description":"M\u00e9dia g\u00e9n\u00e9raliste","publisher":{"@id":"https:\/\/www.sebastien-auziere.fr\/blog\/#organization"},"potentialAction":[{"@type":"SearchAction","target":{"@type":"EntryPoint","urlTemplate":"https:\/\/www.sebastien-auziere.fr\/blog\/?s={search_term_string}"},"query-input":{"@type":"PropertyValueSpecification","valueRequired":true,"valueName":"search_term_string"}}],"inLanguage":"fr-FR"},{"@type":"Organization","@id":"https:\/\/www.sebastien-auziere.fr\/blog\/#organization","name":"Fan site S\u00e9bastien Auzi\u00e8re","url":"https:\/\/www.sebastien-auziere.fr\/blog\/","logo":{"@type":"ImageObject","inLanguage":"fr-FR","@id":"https:\/\/www.sebastien-auziere.fr\/blog\/#\/schema\/logo\/image\/","url":"https:\/\/www.sebastien-auziere.fr\/blog\/wp-content\/uploads\/2026\/03\/cropped-cropped-cropped-ChatGPT-Image-6-mars-2026-12_58_09-e1772798376794.jpg","contentUrl":"https:\/\/www.sebastien-auziere.fr\/blog\/wp-content\/uploads\/2026\/03\/cropped-cropped-cropped-ChatGPT-Image-6-mars-2026-12_58_09-e1772798376794.jpg","width":512,"height":360,"caption":"Fan site S\u00e9bastien Auzi\u00e8re"},"image":{"@id":"https:\/\/www.sebastien-auziere.fr\/blog\/#\/schema\/logo\/image\/"}},{"@type":"Person","@id":"https:\/\/www.sebastien-auziere.fr\/blog\/#\/schema\/person\/1e270a963009242469ed08b1c461f81f","name":"Celine","image":{"@type":"ImageObject","inLanguage":"fr-FR","@id":"https:\/\/secure.gravatar.com\/avatar\/c88d569fbe1fe19a13c7f21ee0f8973822df96073df21850b95af6a09ba820c9?s=96&d=mm&r=g","url":"https:\/\/secure.gravatar.com\/avatar\/c88d569fbe1fe19a13c7f21ee0f8973822df96073df21850b95af6a09ba820c9?s=96&d=mm&r=g","contentUrl":"https:\/\/secure.gravatar.com\/avatar\/c88d569fbe1fe19a13c7f21ee0f8973822df96073df21850b95af6a09ba820c9?s=96&d=mm&r=g","caption":"Celine"},"description":"Je m'appelle C\u00e9line, j'ai 31 ans et je suis journaliste sp\u00e9cialis\u00e9e dans le cin\u00e9ma. Passionn\u00e9e par le septi\u00e8me art, j'explore les actualit\u00e9s, les critiques et les tendances du monde cin\u00e9matographique. Mon objectif est de partager ma passion et d'informer les amateurs de films \u00e0 travers des articles percutants et des analyses approfondies.","url":"https:\/\/www.sebastien-auziere.fr\/blog\/author\/celine\/"}]}},"views":135,"_links":{"self":[{"href":"https:\/\/www.sebastien-auziere.fr\/blog\/wp-json\/wp\/v2\/posts\/2089","targetHints":{"allow":["GET"]}}],"collection":[{"href":"https:\/\/www.sebastien-auziere.fr\/blog\/wp-json\/wp\/v2\/posts"}],"about":[{"href":"https:\/\/www.sebastien-auziere.fr\/blog\/wp-json\/wp\/v2\/types\/post"}],"author":[{"embeddable":true,"href":"https:\/\/www.sebastien-auziere.fr\/blog\/wp-json\/wp\/v2\/users\/4"}],"replies":[{"embeddable":true,"href":"https:\/\/www.sebastien-auziere.fr\/blog\/wp-json\/wp\/v2\/comments?post=2089"}],"version-history":[{"count":3,"href":"https:\/\/www.sebastien-auziere.fr\/blog\/wp-json\/wp\/v2\/posts\/2089\/revisions"}],"predecessor-version":[{"id":2175,"href":"https:\/\/www.sebastien-auziere.fr\/blog\/wp-json\/wp\/v2\/posts\/2089\/revisions\/2175"}],"wp:featuredmedia":[{"embeddable":true,"href":"https:\/\/www.sebastien-auziere.fr\/blog\/wp-json\/wp\/v2\/media\/2045"}],"wp:attachment":[{"href":"https:\/\/www.sebastien-auziere.fr\/blog\/wp-json\/wp\/v2\/media?parent=2089"}],"wp:term":[{"taxonomy":"category","embeddable":true,"href":"https:\/\/www.sebastien-auziere.fr\/blog\/wp-json\/wp\/v2\/categories?post=2089"},{"taxonomy":"post_tag","embeddable":true,"href":"https:\/\/www.sebastien-auziere.fr\/blog\/wp-json\/wp\/v2\/tags?post=2089"}],"curies":[{"name":"wp","href":"https:\/\/api.w.org\/{rel}","templated":true}]}}