{"id":2077,"date":"2026-03-06T14:17:20","date_gmt":"2026-03-06T14:17:20","guid":{"rendered":"https:\/\/www.sebastien-auziere.fr\/blog\/?p=2077"},"modified":"2026-03-06T14:56:16","modified_gmt":"2026-03-06T14:56:16","slug":"brigitte-macron-y-la-operacion-pieces-jaunes-por-que-se-compromete-con-los-ninos-hospitalizados","status":"publish","type":"post","link":"https:\/\/www.sebastien-auziere.fr\/blog\/es\/brigitte-macron-y-la-operacion-pieces-jaunes-por-que-se-compromete-con-los-ninos-hospitalizados\/","title":{"rendered":"Brigitte Macron y la operaci\u00f3n Pi\u00e8ces Jaunes: por qu\u00e9 se compromete con los ni\u00f1os hospitalizados"},"content":{"rendered":"\n<p>Imagen generada por inteligencia artificial, ilustraci\u00f3n no real.<\/p>\n\n\n<p style=\"padding: 24px;background: lightblue\">\nLo que hay que recordar: <strong>Brigitte Macron es la presidenta de la Fundaci\u00f3n de los Hospitales<\/strong> y cada a\u00f1o lidera la operaci\u00f3n Monedas Amarillas. Esta campa\u00f1a nacional permite financiar proyectos para mejorar la vida diaria de los ni\u00f1os y adolescentes hospitalizados en toda Francia.\n<\/p>\n<p>\nCada a\u00f1o en Francia, la operaci\u00f3n <strong>Monedas Amarillas<\/strong> moviliza a millones de personas. Desde hace varios a\u00f1os, <strong>Brigitte Macron<\/strong> es una de las figuras centrales. Esta iniciativa solidaria permite recoger donaciones para mejorar las condiciones de vida de los ni\u00f1os hospitalizados. En este art\u00edculo, descubrir\u00e1s <strong>la historia de la operaci\u00f3n Monedas Amarillas, el papel de Brigitte Macron y los proyectos financiados gracias a las donaciones<\/strong>.\n<\/p>\n<ol>\n<li><a href=\"#operation-monedas-amarillas\">La operaci\u00f3n Monedas Amarillas: c\u00f3mo funciona<\/a><\/li>\n<li><a href=\"#rol-brigitte-macron\">El papel de Brigitte Macron en la fundaci\u00f3n<\/a><\/li>\n<li><a href=\"#proyectos-financiados\">Los proyectos financiados gracias a las donaciones<\/a><\/li>\n<li><a href=\"#participar\">C\u00f3mo participar en la operaci\u00f3n<\/a><\/li>\n<\/ol>\n<h2 id=\"operation-monedas-amarillas\">La operaci\u00f3n Monedas Amarillas: c\u00f3mo funciona<\/h2>\n<p>\nLa operaci\u00f3n Monedas Amarillas es una campa\u00f1a de solidaridad nacional organizada cada a\u00f1o por la <strong>Fundaci\u00f3n de los Hospitales<\/strong>.\n<\/p>\n<h3>Una campa\u00f1a lanzada en los a\u00f1os 1990<\/h3>\n<p>\nCreada en 1989, la Fundaci\u00f3n de los Hospitales lanz\u00f3 la operaci\u00f3n Monedas Amarillas para recoger donaciones del gran p\u00fablico. El principio es simple: cualquiera puede depositar monedas en huchas distribuidas por toda Francia.\n<\/p>\n<p>\nLos fondos recaudados se utilizan para financiar proyectos destinados a <strong>mejorar la vida diaria de los ni\u00f1os hospitalizados<\/strong>.\n<\/p>\n<h2 id=\"rol-brigitte-macron\">El papel de Brigitte Macron en la fundaci\u00f3n<\/h2>\n<p>\nDesde 2019, <strong>Brigitte Macron es presidenta de la Fundaci\u00f3n de los Hospitales<\/strong>. Sucede a Bernadette Chirac, quien durante mucho tiempo encarn\u00f3 la operaci\u00f3n.\n<\/p>\n<h3>Un compromiso con los j\u00f3venes pacientes<\/h3>\n<p>\nComo presidenta, Brigitte Macron participa activamente en la promoci\u00f3n de la campa\u00f1a. Visita regularmente hospitales para encontrarse con los ni\u00f1os, las familias y el personal m\u00e9dico.\n<\/p>\n<p>\nSu objetivo es <strong>dar visibilidad a las necesidades de los j\u00f3venes pacientes<\/strong> y fomentar la solidaridad nacional.\n<\/p>\n<h2 id=\"proyectos-financiados\">Los proyectos financiados gracias a las donaciones<\/h2>\n<p>\nLas donaciones recaudadas gracias a la operaci\u00f3n Monedas Amarillas permiten financiar numerosos proyectos en los hospitales.\n<\/p>\n<h3>Mejorar la vida diaria en el hospital<\/h3>\n<ul>\n<li>Creaci\u00f3n de salas de juegos para ni\u00f1os<\/li>\n<li>Adaptaci\u00f3n de habitaciones para padres e hijos<\/li>\n<li>Espacios dedicados a adolescentes<\/li>\n<li>Equipos m\u00e9dicos adecuados<\/li>\n<\/ul>\n<p>\nEstos proyectos tienen como objetivo hacer que la hospitalizaci\u00f3n sea <strong>menos dif\u00edcil para los j\u00f3venes pacientes y sus familias<\/strong>.\n<\/p>\n<h2 id=\"participar\">C\u00f3mo participar en la operaci\u00f3n<\/h2>\n<p>\nTodo el mundo puede contribuir a la operaci\u00f3n Monedas Amarillas.\n<\/p>\n<h3>Diversas formas de hacer una donaci\u00f3n<\/h3>\n<p>\nEs posible participar de diferentes maneras:\n<\/p>\n<ul>\n<li>Depositar monedas en las huchas<\/li>\n<li>Hacer una donaci\u00f3n en l\u00ednea<\/li>\n<li>Participar en eventos solidarios<\/li>\n<li>Difundir la operaci\u00f3n en las redes sociales<\/li>\n<\/ul>\n<div style=\"overflow:auto;max-width:100%\">\n<table>\n<tr>\n<th>Elemento<\/th>\n<th>Informaci\u00f3n<\/th>\n<th>Objetivo<\/th>\n<\/tr>\n<tr>\n<td>Operaci\u00f3n Monedas Amarillas<\/td>\n<td>Campa\u00f1a de solidaridad nacional<\/td>\n<td>Ayudar a los ni\u00f1os hospitalizados<\/td>\n<\/tr>\n<tr>\n<td>Fundaci\u00f3n de los Hospitales<\/td>\n<td>Organizaci\u00f3n responsable<\/td>\n<td>Financiar proyectos hospitalarios<\/td>\n<\/tr>\n<tr>\n<td>Brigitte Macron<\/td>\n<td>Presidenta desde 2019<\/td>\n<td>Concienciar al p\u00fablico<\/td>\n<\/tr>\n<tr>\n<td>Donaciones recaudadas<\/td>\n<td>Millones de euros cada a\u00f1o<\/td>\n<td>Mejorar la vida en el hospital<\/td>\n<\/tr>\n<\/table>\n<\/div>\n<p>\nGracias al compromiso de muchas personas y a la movilizaci\u00f3n de figuras p\u00fablicas como Brigitte Macron, la operaci\u00f3n Monedas Amarillas contin\u00faa cada a\u00f1o mejorando la vida diaria de miles de ni\u00f1os hospitalizados en Francia.\n<\/p>\n<h2>FAQ<\/h2>\n<h3>\u00bfQu\u00e9 es la operaci\u00f3n Monedas Amarillas?<\/h3>\n<p>\nEs una campa\u00f1a nacional de recolecci\u00f3n de donaciones destinada a mejorar las condiciones de vida de ni\u00f1os y adolescentes hospitalizados.\n<\/p>\n<h3>\u00bfCu\u00e1l es el papel de Brigitte Macron en esta operaci\u00f3n?<\/h3>\n<p>\nBrigitte Macron es la presidenta de la Fundaci\u00f3n de los Hospitales desde 2019 y apoya activamente la campa\u00f1a Monedas Amarillas.\n<\/p>\n<h3>\u00bfPara qu\u00e9 se utilizan las donaciones de las Monedas Amarillas?<\/h3>\n<p>\nFinancian proyectos en los hospitales: salas de juegos, habitaciones adaptadas, espacios para adolescentes y equipos.\n<\/p>\n<h3>\u00bfC\u00f3mo participar en la operaci\u00f3n?<\/h3>\n<p>\nSe pueden donar monedas en las huchas, hacer una donaci\u00f3n en l\u00ednea o participar en eventos solidarios.\n<\/p>","protected":false},"excerpt":{"rendered":"<p>Imagen generada por inteligencia artificial, ilustraci\u00f3n no real. Lo que hay que recordar: Brigitte Macron es la presidenta de la Fundaci\u00f3n de los Hospitales y cada a\u00f1o lidera la operaci\u00f3n Monedas Amarillas. Esta campa\u00f1a nacional permite financiar proyectos para mejorar la vida diaria de los ni\u00f1os y adolescentes hospitalizados en toda Francia. Cada a\u00f1o en &#8230; <a title=\"Brigitte Macron y la operaci\u00f3n Pi\u00e8ces Jaunes: por qu\u00e9 se compromete con los ni\u00f1os hospitalizados\" class=\"read-more\" href=\"https:\/\/www.sebastien-auziere.fr\/blog\/es\/brigitte-macron-y-la-operacion-pieces-jaunes-por-que-se-compromete-con-los-ninos-hospitalizados\/\" aria-label=\"En savoir plus sur Brigitte Macron y la operaci\u00f3n Pi\u00e8ces Jaunes: por qu\u00e9 se compromete con los ni\u00f1os hospitalizados\">Lire plus<\/a><\/p>\n","protected":false},"author":4,"featured_media":2071,"comment_status":"open","ping_status":"open","sticky":false,"template":"","format":"standard","meta":{"footnotes":""},"categories":[602],"tags":[],"class_list":["post-2077","post","type-post","status-publish","format-standard","has-post-thumbnail","hentry","category-tendencia"],"yoast_head":"<!-- This site is optimized with the Yoast SEO plugin v27.5 - https:\/\/yoast.com\/product\/yoast-seo-wordpress\/ -->\n<title>Brigitte Macron y la operaci\u00f3n Pi\u00e8ces Jaunes: por qu\u00e9 se compromete con los ni\u00f1os hospitalizados - Fan site S\u00e9bastien Auzi\u00e8re<\/title>\n<meta name=\"robots\" content=\"index, follow, max-snippet:-1, max-image-preview:large, max-video-preview:-1\" \/>\n<link rel=\"canonical\" href=\"https:\/\/www.sebastien-auziere.fr\/blog\/es\/brigitte-macron-y-la-operacion-pieces-jaunes-por-que-se-compromete-con-los-ninos-hospitalizados\/\" \/>\n<meta property=\"og:locale\" content=\"fr_FR\" \/>\n<meta property=\"og:type\" content=\"article\" \/>\n<meta property=\"og:title\" content=\"Brigitte Macron y la operaci\u00f3n Pi\u00e8ces Jaunes: por qu\u00e9 se compromete con los ni\u00f1os hospitalizados - Fan site S\u00e9bastien Auzi\u00e8re\" \/>\n<meta property=\"og:description\" content=\"Imagen generada por inteligencia artificial, ilustraci\u00f3n no real. Lo que hay que recordar: Brigitte Macron es la presidenta de la Fundaci\u00f3n de los Hospitales y cada a\u00f1o lidera la operaci\u00f3n Monedas Amarillas. Esta campa\u00f1a nacional permite financiar proyectos para mejorar la vida diaria de los ni\u00f1os y adolescentes hospitalizados en toda Francia. Cada a\u00f1o en ... Lire plus\" \/>\n<meta property=\"og:url\" content=\"https:\/\/www.sebastien-auziere.fr\/blog\/es\/brigitte-macron-y-la-operacion-pieces-jaunes-por-que-se-compromete-con-los-ninos-hospitalizados\/\" \/>\n<meta property=\"og:site_name\" content=\"Fan site S\u00e9bastien Auzi\u00e8re\" \/>\n<meta property=\"article:published_time\" content=\"2026-03-06T14:17:20+00:00\" \/>\n<meta property=\"article:modified_time\" content=\"2026-03-06T14:56:16+00:00\" \/>\n<meta property=\"og:image\" content=\"https:\/\/www.sebastien-auziere.fr\/blog\/wp-content\/uploads\/2026\/03\/ChatGPT-Image-6-mars-2026-13_41_02.jpg\" \/>\n\t<meta property=\"og:image:width\" content=\"1536\" \/>\n\t<meta property=\"og:image:height\" content=\"1024\" \/>\n\t<meta property=\"og:image:type\" content=\"image\/jpeg\" \/>\n<meta name=\"author\" content=\"Celine\" \/>\n<meta name=\"twitter:card\" content=\"summary_large_image\" \/>\n<meta name=\"twitter:label1\" content=\"\u00c9crit par\" \/>\n\t<meta name=\"twitter:data1\" content=\"Celine\" \/>\n\t<meta name=\"twitter:label2\" content=\"Dur\u00e9e de lecture estim\u00e9e\" \/>\n\t<meta name=\"twitter:data2\" content=\"3 minutes\" \/>\n<script type=\"application\/ld+json\" class=\"yoast-schema-graph\">{\"@context\":\"https:\\\/\\\/schema.org\",\"@graph\":[{\"@type\":\"Article\",\"@id\":\"https:\\\/\\\/www.sebastien-auziere.fr\\\/blog\\\/es\\\/brigitte-macron-y-la-operacion-pieces-jaunes-por-que-se-compromete-con-los-ninos-hospitalizados\\\/#article\",\"isPartOf\":{\"@id\":\"https:\\\/\\\/www.sebastien-auziere.fr\\\/blog\\\/es\\\/brigitte-macron-y-la-operacion-pieces-jaunes-por-que-se-compromete-con-los-ninos-hospitalizados\\\/\"},\"author\":{\"name\":\"Celine\",\"@id\":\"https:\\\/\\\/www.sebastien-auziere.fr\\\/blog\\\/#\\\/schema\\\/person\\\/1e270a963009242469ed08b1c461f81f\"},\"headline\":\"Brigitte Macron y la operaci\u00f3n Pi\u00e8ces Jaunes: por qu\u00e9 se compromete con los ni\u00f1os hospitalizados\",\"datePublished\":\"2026-03-06T14:17:20+00:00\",\"dateModified\":\"2026-03-06T14:56:16+00:00\",\"mainEntityOfPage\":{\"@id\":\"https:\\\/\\\/www.sebastien-auziere.fr\\\/blog\\\/es\\\/brigitte-macron-y-la-operacion-pieces-jaunes-por-que-se-compromete-con-los-ninos-hospitalizados\\\/\"},\"wordCount\":700,\"commentCount\":0,\"publisher\":{\"@id\":\"https:\\\/\\\/www.sebastien-auziere.fr\\\/blog\\\/#organization\"},\"image\":{\"@id\":\"https:\\\/\\\/www.sebastien-auziere.fr\\\/blog\\\/es\\\/brigitte-macron-y-la-operacion-pieces-jaunes-por-que-se-compromete-con-los-ninos-hospitalizados\\\/#primaryimage\"},\"thumbnailUrl\":\"https:\\\/\\\/www.sebastien-auziere.fr\\\/blog\\\/wp-content\\\/uploads\\\/2026\\\/03\\\/ChatGPT-Image-6-mars-2026-13_41_02.jpg\",\"articleSection\":[\"Tendencia\"],\"inLanguage\":\"fr-FR\",\"potentialAction\":[{\"@type\":\"CommentAction\",\"name\":\"Comment\",\"target\":[\"https:\\\/\\\/www.sebastien-auziere.fr\\\/blog\\\/es\\\/brigitte-macron-y-la-operacion-pieces-jaunes-por-que-se-compromete-con-los-ninos-hospitalizados\\\/#respond\"]}]},{\"@type\":\"WebPage\",\"@id\":\"https:\\\/\\\/www.sebastien-auziere.fr\\\/blog\\\/es\\\/brigitte-macron-y-la-operacion-pieces-jaunes-por-que-se-compromete-con-los-ninos-hospitalizados\\\/\",\"url\":\"https:\\\/\\\/www.sebastien-auziere.fr\\\/blog\\\/es\\\/brigitte-macron-y-la-operacion-pieces-jaunes-por-que-se-compromete-con-los-ninos-hospitalizados\\\/\",\"name\":\"Brigitte Macron y la operaci\u00f3n Pi\u00e8ces Jaunes: por qu\u00e9 se compromete con los ni\u00f1os hospitalizados - Fan site S\u00e9bastien Auzi\u00e8re\",\"isPartOf\":{\"@id\":\"https:\\\/\\\/www.sebastien-auziere.fr\\\/blog\\\/#website\"},\"primaryImageOfPage\":{\"@id\":\"https:\\\/\\\/www.sebastien-auziere.fr\\\/blog\\\/es\\\/brigitte-macron-y-la-operacion-pieces-jaunes-por-que-se-compromete-con-los-ninos-hospitalizados\\\/#primaryimage\"},\"image\":{\"@id\":\"https:\\\/\\\/www.sebastien-auziere.fr\\\/blog\\\/es\\\/brigitte-macron-y-la-operacion-pieces-jaunes-por-que-se-compromete-con-los-ninos-hospitalizados\\\/#primaryimage\"},\"thumbnailUrl\":\"https:\\\/\\\/www.sebastien-auziere.fr\\\/blog\\\/wp-content\\\/uploads\\\/2026\\\/03\\\/ChatGPT-Image-6-mars-2026-13_41_02.jpg\",\"datePublished\":\"2026-03-06T14:17:20+00:00\",\"dateModified\":\"2026-03-06T14:56:16+00:00\",\"breadcrumb\":{\"@id\":\"https:\\\/\\\/www.sebastien-auziere.fr\\\/blog\\\/es\\\/brigitte-macron-y-la-operacion-pieces-jaunes-por-que-se-compromete-con-los-ninos-hospitalizados\\\/#breadcrumb\"},\"inLanguage\":\"fr-FR\",\"potentialAction\":[{\"@type\":\"ReadAction\",\"target\":[\"https:\\\/\\\/www.sebastien-auziere.fr\\\/blog\\\/es\\\/brigitte-macron-y-la-operacion-pieces-jaunes-por-que-se-compromete-con-los-ninos-hospitalizados\\\/\"]}]},{\"@type\":\"ImageObject\",\"inLanguage\":\"fr-FR\",\"@id\":\"https:\\\/\\\/www.sebastien-auziere.fr\\\/blog\\\/es\\\/brigitte-macron-y-la-operacion-pieces-jaunes-por-que-se-compromete-con-los-ninos-hospitalizados\\\/#primaryimage\",\"url\":\"https:\\\/\\\/www.sebastien-auziere.fr\\\/blog\\\/wp-content\\\/uploads\\\/2026\\\/03\\\/ChatGPT-Image-6-mars-2026-13_41_02.jpg\",\"contentUrl\":\"https:\\\/\\\/www.sebastien-auziere.fr\\\/blog\\\/wp-content\\\/uploads\\\/2026\\\/03\\\/ChatGPT-Image-6-mars-2026-13_41_02.jpg\",\"width\":1536,\"height\":1024,\"caption\":\"brigitte macron pieces jaunes\"},{\"@type\":\"BreadcrumbList\",\"@id\":\"https:\\\/\\\/www.sebastien-auziere.fr\\\/blog\\\/es\\\/brigitte-macron-y-la-operacion-pieces-jaunes-por-que-se-compromete-con-los-ninos-hospitalizados\\\/#breadcrumb\",\"itemListElement\":[{\"@type\":\"ListItem\",\"position\":1,\"name\":\"Home\",\"item\":\"https:\\\/\\\/www.sebastien-auziere.fr\\\/blog\\\/\"},{\"@type\":\"ListItem\",\"position\":2,\"name\":\"Brigitte Macron y la operaci\u00f3n Pi\u00e8ces Jaunes: por qu\u00e9 se compromete con los ni\u00f1os hospitalizados\"}]},{\"@type\":\"WebSite\",\"@id\":\"https:\\\/\\\/www.sebastien-auziere.fr\\\/blog\\\/#website\",\"url\":\"https:\\\/\\\/www.sebastien-auziere.fr\\\/blog\\\/\",\"name\":\"Fan site S\u00e9bastien Auzi\u00e8re\",\"description\":\"M\u00e9dia g\u00e9n\u00e9raliste\",\"publisher\":{\"@id\":\"https:\\\/\\\/www.sebastien-auziere.fr\\\/blog\\\/#organization\"},\"potentialAction\":[{\"@type\":\"SearchAction\",\"target\":{\"@type\":\"EntryPoint\",\"urlTemplate\":\"https:\\\/\\\/www.sebastien-auziere.fr\\\/blog\\\/?s={search_term_string}\"},\"query-input\":{\"@type\":\"PropertyValueSpecification\",\"valueRequired\":true,\"valueName\":\"search_term_string\"}}],\"inLanguage\":\"fr-FR\"},{\"@type\":\"Organization\",\"@id\":\"https:\\\/\\\/www.sebastien-auziere.fr\\\/blog\\\/#organization\",\"name\":\"Fan site S\u00e9bastien Auzi\u00e8re\",\"url\":\"https:\\\/\\\/www.sebastien-auziere.fr\\\/blog\\\/\",\"logo\":{\"@type\":\"ImageObject\",\"inLanguage\":\"fr-FR\",\"@id\":\"https:\\\/\\\/www.sebastien-auziere.fr\\\/blog\\\/#\\\/schema\\\/logo\\\/image\\\/\",\"url\":\"https:\\\/\\\/www.sebastien-auziere.fr\\\/blog\\\/wp-content\\\/uploads\\\/2026\\\/03\\\/cropped-cropped-cropped-ChatGPT-Image-6-mars-2026-12_58_09-e1772798376794.jpg\",\"contentUrl\":\"https:\\\/\\\/www.sebastien-auziere.fr\\\/blog\\\/wp-content\\\/uploads\\\/2026\\\/03\\\/cropped-cropped-cropped-ChatGPT-Image-6-mars-2026-12_58_09-e1772798376794.jpg\",\"width\":512,\"height\":360,\"caption\":\"Fan site S\u00e9bastien Auzi\u00e8re\"},\"image\":{\"@id\":\"https:\\\/\\\/www.sebastien-auziere.fr\\\/blog\\\/#\\\/schema\\\/logo\\\/image\\\/\"}},{\"@type\":\"Person\",\"@id\":\"https:\\\/\\\/www.sebastien-auziere.fr\\\/blog\\\/#\\\/schema\\\/person\\\/1e270a963009242469ed08b1c461f81f\",\"name\":\"Celine\",\"image\":{\"@type\":\"ImageObject\",\"inLanguage\":\"fr-FR\",\"@id\":\"https:\\\/\\\/secure.gravatar.com\\\/avatar\\\/c88d569fbe1fe19a13c7f21ee0f8973822df96073df21850b95af6a09ba820c9?s=96&d=mm&r=g\",\"url\":\"https:\\\/\\\/secure.gravatar.com\\\/avatar\\\/c88d569fbe1fe19a13c7f21ee0f8973822df96073df21850b95af6a09ba820c9?s=96&d=mm&r=g\",\"contentUrl\":\"https:\\\/\\\/secure.gravatar.com\\\/avatar\\\/c88d569fbe1fe19a13c7f21ee0f8973822df96073df21850b95af6a09ba820c9?s=96&d=mm&r=g\",\"caption\":\"Celine\"},\"description\":\"Je m'appelle C\u00e9line, j'ai 31 ans et je suis journaliste sp\u00e9cialis\u00e9e dans le cin\u00e9ma. Passionn\u00e9e par le septi\u00e8me art, j'explore les actualit\u00e9s, les critiques et les tendances du monde cin\u00e9matographique. Mon objectif est de partager ma passion et d'informer les amateurs de films \u00e0 travers des articles percutants et des analyses approfondies.\",\"url\":\"https:\\\/\\\/www.sebastien-auziere.fr\\\/blog\\\/author\\\/celine\\\/\"}]}<\/script>\n<!-- \/ Yoast SEO plugin. -->","yoast_head_json":{"title":"Brigitte Macron y la operaci\u00f3n Pi\u00e8ces Jaunes: por qu\u00e9 se compromete con los ni\u00f1os hospitalizados - Fan site S\u00e9bastien Auzi\u00e8re","robots":{"index":"index","follow":"follow","max-snippet":"max-snippet:-1","max-image-preview":"max-image-preview:large","max-video-preview":"max-video-preview:-1"},"canonical":"https:\/\/www.sebastien-auziere.fr\/blog\/es\/brigitte-macron-y-la-operacion-pieces-jaunes-por-que-se-compromete-con-los-ninos-hospitalizados\/","og_locale":"fr_FR","og_type":"article","og_title":"Brigitte Macron y la operaci\u00f3n Pi\u00e8ces Jaunes: por qu\u00e9 se compromete con los ni\u00f1os hospitalizados - Fan site S\u00e9bastien Auzi\u00e8re","og_description":"Imagen generada por inteligencia artificial, ilustraci\u00f3n no real. Lo que hay que recordar: Brigitte Macron es la presidenta de la Fundaci\u00f3n de los Hospitales y cada a\u00f1o lidera la operaci\u00f3n Monedas Amarillas. Esta campa\u00f1a nacional permite financiar proyectos para mejorar la vida diaria de los ni\u00f1os y adolescentes hospitalizados en toda Francia. Cada a\u00f1o en ... Lire plus","og_url":"https:\/\/www.sebastien-auziere.fr\/blog\/es\/brigitte-macron-y-la-operacion-pieces-jaunes-por-que-se-compromete-con-los-ninos-hospitalizados\/","og_site_name":"Fan site S\u00e9bastien Auzi\u00e8re","article_published_time":"2026-03-06T14:17:20+00:00","article_modified_time":"2026-03-06T14:56:16+00:00","og_image":[{"width":1536,"height":1024,"url":"https:\/\/www.sebastien-auziere.fr\/blog\/wp-content\/uploads\/2026\/03\/ChatGPT-Image-6-mars-2026-13_41_02.jpg","type":"image\/jpeg"}],"author":"Celine","twitter_card":"summary_large_image","twitter_misc":{"\u00c9crit par":"Celine","Dur\u00e9e de lecture estim\u00e9e":"3 minutes"},"schema":{"@context":"https:\/\/schema.org","@graph":[{"@type":"Article","@id":"https:\/\/www.sebastien-auziere.fr\/blog\/es\/brigitte-macron-y-la-operacion-pieces-jaunes-por-que-se-compromete-con-los-ninos-hospitalizados\/#article","isPartOf":{"@id":"https:\/\/www.sebastien-auziere.fr\/blog\/es\/brigitte-macron-y-la-operacion-pieces-jaunes-por-que-se-compromete-con-los-ninos-hospitalizados\/"},"author":{"name":"Celine","@id":"https:\/\/www.sebastien-auziere.fr\/blog\/#\/schema\/person\/1e270a963009242469ed08b1c461f81f"},"headline":"Brigitte Macron y la operaci\u00f3n Pi\u00e8ces Jaunes: por qu\u00e9 se compromete con los ni\u00f1os hospitalizados","datePublished":"2026-03-06T14:17:20+00:00","dateModified":"2026-03-06T14:56:16+00:00","mainEntityOfPage":{"@id":"https:\/\/www.sebastien-auziere.fr\/blog\/es\/brigitte-macron-y-la-operacion-pieces-jaunes-por-que-se-compromete-con-los-ninos-hospitalizados\/"},"wordCount":700,"commentCount":0,"publisher":{"@id":"https:\/\/www.sebastien-auziere.fr\/blog\/#organization"},"image":{"@id":"https:\/\/www.sebastien-auziere.fr\/blog\/es\/brigitte-macron-y-la-operacion-pieces-jaunes-por-que-se-compromete-con-los-ninos-hospitalizados\/#primaryimage"},"thumbnailUrl":"https:\/\/www.sebastien-auziere.fr\/blog\/wp-content\/uploads\/2026\/03\/ChatGPT-Image-6-mars-2026-13_41_02.jpg","articleSection":["Tendencia"],"inLanguage":"fr-FR","potentialAction":[{"@type":"CommentAction","name":"Comment","target":["https:\/\/www.sebastien-auziere.fr\/blog\/es\/brigitte-macron-y-la-operacion-pieces-jaunes-por-que-se-compromete-con-los-ninos-hospitalizados\/#respond"]}]},{"@type":"WebPage","@id":"https:\/\/www.sebastien-auziere.fr\/blog\/es\/brigitte-macron-y-la-operacion-pieces-jaunes-por-que-se-compromete-con-los-ninos-hospitalizados\/","url":"https:\/\/www.sebastien-auziere.fr\/blog\/es\/brigitte-macron-y-la-operacion-pieces-jaunes-por-que-se-compromete-con-los-ninos-hospitalizados\/","name":"Brigitte Macron y la operaci\u00f3n Pi\u00e8ces Jaunes: por qu\u00e9 se compromete con los ni\u00f1os hospitalizados - Fan site S\u00e9bastien Auzi\u00e8re","isPartOf":{"@id":"https:\/\/www.sebastien-auziere.fr\/blog\/#website"},"primaryImageOfPage":{"@id":"https:\/\/www.sebastien-auziere.fr\/blog\/es\/brigitte-macron-y-la-operacion-pieces-jaunes-por-que-se-compromete-con-los-ninos-hospitalizados\/#primaryimage"},"image":{"@id":"https:\/\/www.sebastien-auziere.fr\/blog\/es\/brigitte-macron-y-la-operacion-pieces-jaunes-por-que-se-compromete-con-los-ninos-hospitalizados\/#primaryimage"},"thumbnailUrl":"https:\/\/www.sebastien-auziere.fr\/blog\/wp-content\/uploads\/2026\/03\/ChatGPT-Image-6-mars-2026-13_41_02.jpg","datePublished":"2026-03-06T14:17:20+00:00","dateModified":"2026-03-06T14:56:16+00:00","breadcrumb":{"@id":"https:\/\/www.sebastien-auziere.fr\/blog\/es\/brigitte-macron-y-la-operacion-pieces-jaunes-por-que-se-compromete-con-los-ninos-hospitalizados\/#breadcrumb"},"inLanguage":"fr-FR","potentialAction":[{"@type":"ReadAction","target":["https:\/\/www.sebastien-auziere.fr\/blog\/es\/brigitte-macron-y-la-operacion-pieces-jaunes-por-que-se-compromete-con-los-ninos-hospitalizados\/"]}]},{"@type":"ImageObject","inLanguage":"fr-FR","@id":"https:\/\/www.sebastien-auziere.fr\/blog\/es\/brigitte-macron-y-la-operacion-pieces-jaunes-por-que-se-compromete-con-los-ninos-hospitalizados\/#primaryimage","url":"https:\/\/www.sebastien-auziere.fr\/blog\/wp-content\/uploads\/2026\/03\/ChatGPT-Image-6-mars-2026-13_41_02.jpg","contentUrl":"https:\/\/www.sebastien-auziere.fr\/blog\/wp-content\/uploads\/2026\/03\/ChatGPT-Image-6-mars-2026-13_41_02.jpg","width":1536,"height":1024,"caption":"brigitte macron pieces jaunes"},{"@type":"BreadcrumbList","@id":"https:\/\/www.sebastien-auziere.fr\/blog\/es\/brigitte-macron-y-la-operacion-pieces-jaunes-por-que-se-compromete-con-los-ninos-hospitalizados\/#breadcrumb","itemListElement":[{"@type":"ListItem","position":1,"name":"Home","item":"https:\/\/www.sebastien-auziere.fr\/blog\/"},{"@type":"ListItem","position":2,"name":"Brigitte Macron y la operaci\u00f3n Pi\u00e8ces Jaunes: por qu\u00e9 se compromete con los ni\u00f1os hospitalizados"}]},{"@type":"WebSite","@id":"https:\/\/www.sebastien-auziere.fr\/blog\/#website","url":"https:\/\/www.sebastien-auziere.fr\/blog\/","name":"Fan site S\u00e9bastien Auzi\u00e8re","description":"M\u00e9dia g\u00e9n\u00e9raliste","publisher":{"@id":"https:\/\/www.sebastien-auziere.fr\/blog\/#organization"},"potentialAction":[{"@type":"SearchAction","target":{"@type":"EntryPoint","urlTemplate":"https:\/\/www.sebastien-auziere.fr\/blog\/?s={search_term_string}"},"query-input":{"@type":"PropertyValueSpecification","valueRequired":true,"valueName":"search_term_string"}}],"inLanguage":"fr-FR"},{"@type":"Organization","@id":"https:\/\/www.sebastien-auziere.fr\/blog\/#organization","name":"Fan site S\u00e9bastien Auzi\u00e8re","url":"https:\/\/www.sebastien-auziere.fr\/blog\/","logo":{"@type":"ImageObject","inLanguage":"fr-FR","@id":"https:\/\/www.sebastien-auziere.fr\/blog\/#\/schema\/logo\/image\/","url":"https:\/\/www.sebastien-auziere.fr\/blog\/wp-content\/uploads\/2026\/03\/cropped-cropped-cropped-ChatGPT-Image-6-mars-2026-12_58_09-e1772798376794.jpg","contentUrl":"https:\/\/www.sebastien-auziere.fr\/blog\/wp-content\/uploads\/2026\/03\/cropped-cropped-cropped-ChatGPT-Image-6-mars-2026-12_58_09-e1772798376794.jpg","width":512,"height":360,"caption":"Fan site S\u00e9bastien Auzi\u00e8re"},"image":{"@id":"https:\/\/www.sebastien-auziere.fr\/blog\/#\/schema\/logo\/image\/"}},{"@type":"Person","@id":"https:\/\/www.sebastien-auziere.fr\/blog\/#\/schema\/person\/1e270a963009242469ed08b1c461f81f","name":"Celine","image":{"@type":"ImageObject","inLanguage":"fr-FR","@id":"https:\/\/secure.gravatar.com\/avatar\/c88d569fbe1fe19a13c7f21ee0f8973822df96073df21850b95af6a09ba820c9?s=96&d=mm&r=g","url":"https:\/\/secure.gravatar.com\/avatar\/c88d569fbe1fe19a13c7f21ee0f8973822df96073df21850b95af6a09ba820c9?s=96&d=mm&r=g","contentUrl":"https:\/\/secure.gravatar.com\/avatar\/c88d569fbe1fe19a13c7f21ee0f8973822df96073df21850b95af6a09ba820c9?s=96&d=mm&r=g","caption":"Celine"},"description":"Je m'appelle C\u00e9line, j'ai 31 ans et je suis journaliste sp\u00e9cialis\u00e9e dans le cin\u00e9ma. Passionn\u00e9e par le septi\u00e8me art, j'explore les actualit\u00e9s, les critiques et les tendances du monde cin\u00e9matographique. Mon objectif est de partager ma passion et d'informer les amateurs de films \u00e0 travers des articles percutants et des analyses approfondies.","url":"https:\/\/www.sebastien-auziere.fr\/blog\/author\/celine\/"}]}},"views":159,"_links":{"self":[{"href":"https:\/\/www.sebastien-auziere.fr\/blog\/wp-json\/wp\/v2\/posts\/2077","targetHints":{"allow":["GET"]}}],"collection":[{"href":"https:\/\/www.sebastien-auziere.fr\/blog\/wp-json\/wp\/v2\/posts"}],"about":[{"href":"https:\/\/www.sebastien-auziere.fr\/blog\/wp-json\/wp\/v2\/types\/post"}],"author":[{"embeddable":true,"href":"https:\/\/www.sebastien-auziere.fr\/blog\/wp-json\/wp\/v2\/users\/4"}],"replies":[{"embeddable":true,"href":"https:\/\/www.sebastien-auziere.fr\/blog\/wp-json\/wp\/v2\/comments?post=2077"}],"version-history":[{"count":3,"href":"https:\/\/www.sebastien-auziere.fr\/blog\/wp-json\/wp\/v2\/posts\/2077\/revisions"}],"predecessor-version":[{"id":2167,"href":"https:\/\/www.sebastien-auziere.fr\/blog\/wp-json\/wp\/v2\/posts\/2077\/revisions\/2167"}],"wp:featuredmedia":[{"embeddable":true,"href":"https:\/\/www.sebastien-auziere.fr\/blog\/wp-json\/wp\/v2\/media\/2071"}],"wp:attachment":[{"href":"https:\/\/www.sebastien-auziere.fr\/blog\/wp-json\/wp\/v2\/media?parent=2077"}],"wp:term":[{"taxonomy":"category","embeddable":true,"href":"https:\/\/www.sebastien-auziere.fr\/blog\/wp-json\/wp\/v2\/categories?post=2077"},{"taxonomy":"post_tag","embeddable":true,"href":"https:\/\/www.sebastien-auziere.fr\/blog\/wp-json\/wp\/v2\/tags?post=2077"}],"curies":[{"name":"wp","href":"https:\/\/api.w.org\/{rel}","templated":true}]}}