{"id":2068,"date":"2026-03-06T12:41:33","date_gmt":"2026-03-06T12:41:33","guid":{"rendered":"https:\/\/www.sebastien-auziere.fr\/blog\/?p=2068"},"modified":"2026-03-06T12:41:34","modified_gmt":"2026-03-06T12:41:34","slug":"brigitte-macron-et-loperation-pieces-jaunes-pourquoi-elle-sengage-pour-les-enfants-hospitalises","status":"publish","type":"post","link":"https:\/\/www.sebastien-auziere.fr\/blog\/brigitte-macron-et-loperation-pieces-jaunes-pourquoi-elle-sengage-pour-les-enfants-hospitalises\/","title":{"rendered":"Brigitte Macron et l\u2019op\u00e9ration Pi\u00e8ces Jaunes : pourquoi elle s\u2019engage pour les enfants hospitalis\u00e9s"},"content":{"rendered":"\n<p>Image g\u00e9n\u00e9r\u00e9e par intelligence artificielle, illustration non r\u00e9elle.<\/p>\n\n\n<p style=\"padding: 24px; background: lightblue;\">\nCe qu&rsquo;il faut retenir : <strong>Brigitte Macron est la pr\u00e9sidente de la Fondation des H\u00f4pitaux<\/strong> et porte chaque ann\u00e9e l\u2019op\u00e9ration Pi\u00e8ces Jaunes. Cette campagne nationale permet de financer des projets pour am\u00e9liorer la vie quotidienne des enfants et adolescents hospitalis\u00e9s partout en France.\n<\/p>\n<p>\nChaque ann\u00e9e en France, l\u2019op\u00e9ration <strong>Pi\u00e8ces Jaunes<\/strong> mobilise des millions de personnes. Depuis plusieurs ann\u00e9es, <strong>Brigitte Macron<\/strong> en est l\u2019une des figures centrales. Cette initiative solidaire permet de r\u00e9colter des dons afin d\u2019am\u00e9liorer les conditions de vie des enfants hospitalis\u00e9s. Dans cet article, tu vas d\u00e9couvrir <strong>l\u2019histoire de l\u2019op\u00e9ration Pi\u00e8ces Jaunes, le r\u00f4le de Brigitte Macron et les projets financ\u00e9s gr\u00e2ce aux dons<\/strong>.\n<\/p>\n<ol>\n<li><a href=\"#operation-pieces-jaunes\">L\u2019op\u00e9ration Pi\u00e8ces Jaunes : comment elle fonctionne<\/a><\/li>\n<li><a href=\"#role-brigitte-macron\">Le r\u00f4le de Brigitte Macron dans la fondation<\/a><\/li>\n<li><a href=\"#projets-finances\">Les projets financ\u00e9s gr\u00e2ce aux dons<\/a><\/li>\n<li><a href=\"#participer\">Comment participer \u00e0 l\u2019op\u00e9ration<\/a><\/li>\n<\/ol>\n<h2 id=\"operation-pieces-jaunes\">L\u2019op\u00e9ration Pi\u00e8ces Jaunes : comment elle fonctionne<\/h2>\n<p>\nL\u2019op\u00e9ration Pi\u00e8ces Jaunes est une campagne de solidarit\u00e9 nationale organis\u00e9e chaque ann\u00e9e par la <strong>Fondation des H\u00f4pitaux<\/strong>.\n<\/p>\n<h3>Une campagne lanc\u00e9e dans les ann\u00e9es 1990<\/h3>\n<p>\nCr\u00e9\u00e9e en 1989, la Fondation des H\u00f4pitaux a lanc\u00e9 l\u2019op\u00e9ration Pi\u00e8ces Jaunes pour collecter des dons aupr\u00e8s du grand public. Le principe est simple : chacun peut d\u00e9poser des pi\u00e8ces dans des tirelires distribu\u00e9es dans toute la France.\n<\/p>\n<p>\nLes fonds r\u00e9colt\u00e9s servent \u00e0 financer des projets destin\u00e9s \u00e0 <strong>am\u00e9liorer le quotidien des enfants hospitalis\u00e9s<\/strong>.\n<\/p>\n<h2 id=\"role-brigitte-macron\">Le r\u00f4le de Brigitte Macron dans la fondation<\/h2>\n<p>\nDepuis 2019, <strong>Brigitte Macron est pr\u00e9sidente de la Fondation des H\u00f4pitaux<\/strong>. Elle succ\u00e8de \u00e0 Bernadette Chirac, qui a longtemps incarn\u00e9 l\u2019op\u00e9ration.\n<\/p>\n<h3>Un engagement aupr\u00e8s des jeunes patients<\/h3>\n<p>\nEn tant que pr\u00e9sidente, Brigitte Macron participe activement \u00e0 la promotion de la campagne. Elle se rend r\u00e9guli\u00e8rement dans des h\u00f4pitaux pour rencontrer les enfants, les familles et le personnel m\u00e9dical.\n<\/p>\n<p>\nSon objectif est de <strong>mettre en lumi\u00e8re les besoins des jeunes patients<\/strong> et encourager la solidarit\u00e9 nationale.\n<\/p>\n<h2 id=\"projets-finances\">Les projets financ\u00e9s gr\u00e2ce aux dons<\/h2>\n<p>\nLes dons r\u00e9colt\u00e9s gr\u00e2ce \u00e0 l\u2019op\u00e9ration Pi\u00e8ces Jaunes permettent de financer de nombreux projets dans les h\u00f4pitaux.\n<\/p>\n<h3>Am\u00e9liorer le quotidien \u00e0 l\u2019h\u00f4pital<\/h3>\n<ul>\n<li>Cr\u00e9ation de salles de jeux pour enfants<\/li>\n<li>Am\u00e9nagement de chambres parent-enfant<\/li>\n<li>Espaces d\u00e9di\u00e9s aux adolescents<\/li>\n<li>\u00c9quipements m\u00e9dicaux adapt\u00e9s<\/li>\n<\/ul>\n<p>\nCes projets ont pour objectif de rendre l\u2019hospitalisation <strong>moins difficile pour les jeunes patients et leurs familles<\/strong>.\n<\/p>\n<h2 id=\"participer\">Comment participer \u00e0 l\u2019op\u00e9ration<\/h2>\n<p>\nTout le monde peut contribuer \u00e0 l\u2019op\u00e9ration Pi\u00e8ces Jaunes.\n<\/p>\n<h3>Plusieurs moyens de faire un don<\/h3>\n<p>\nIl est possible de participer de diff\u00e9rentes fa\u00e7ons :\n<\/p>\n<ul>\n<li>D\u00e9poser des pi\u00e8ces dans les tirelires<\/li>\n<li>Faire un don en ligne<\/li>\n<li>Participer aux \u00e9v\u00e9nements solidaires<\/li>\n<li>Relayer l\u2019op\u00e9ration sur les r\u00e9seaux sociaux<\/li>\n<\/ul>\n<div style=\"overflow:auto;max-width:100%\">\n<table>\n<tr>\n<th>\u00c9l\u00e9ment<\/th>\n<th>Information<\/th>\n<th>Objectif<\/th>\n<\/tr>\n<tr>\n<td>Op\u00e9ration Pi\u00e8ces Jaunes<\/td>\n<td>Campagne de solidarit\u00e9 nationale<\/td>\n<td>Aider les enfants hospitalis\u00e9s<\/td>\n<\/tr>\n<tr>\n<td>Fondation des H\u00f4pitaux<\/td>\n<td>Organisation responsable<\/td>\n<td>Financer des projets hospitaliers<\/td>\n<\/tr>\n<tr>\n<td>Brigitte Macron<\/td>\n<td>Pr\u00e9sidente depuis 2019<\/td>\n<td>Sensibiliser le public<\/td>\n<\/tr>\n<tr>\n<td>Dons collect\u00e9s<\/td>\n<td>Millions d\u2019euros chaque ann\u00e9e<\/td>\n<td>Am\u00e9liorer la vie \u00e0 l\u2019h\u00f4pital<\/td>\n<\/tr>\n<\/table>\n<\/div>\n<p>\nGr\u00e2ce \u00e0 l\u2019engagement de nombreuses personnes et \u00e0 la mobilisation de figures publiques comme Brigitte Macron, l\u2019op\u00e9ration Pi\u00e8ces Jaunes continue chaque ann\u00e9e d\u2019am\u00e9liorer le quotidien de milliers d\u2019enfants hospitalis\u00e9s en France.\n<\/p>\n<h2>FAQ<\/h2>\n<h3>Qu\u2019est-ce que l\u2019op\u00e9ration Pi\u00e8ces Jaunes ?<\/h3>\n<p>\nC\u2019est une campagne nationale de collecte de dons destin\u00e9e \u00e0 am\u00e9liorer les conditions de vie des enfants et adolescents hospitalis\u00e9s.\n<\/p>\n<h3>Quel est le r\u00f4le de Brigitte Macron dans cette op\u00e9ration ?<\/h3>\n<p>\nBrigitte Macron est la pr\u00e9sidente de la Fondation des H\u00f4pitaux depuis 2019 et soutient activement la campagne Pi\u00e8ces Jaunes.\n<\/p>\n<h3>\u00c0 quoi servent les dons des Pi\u00e8ces Jaunes ?<\/h3>\n<p>\nIls financent des projets dans les h\u00f4pitaux : salles de jeux, chambres adapt\u00e9es, espaces pour adolescents et \u00e9quipements.\n<\/p>\n<h3>Comment participer \u00e0 l\u2019op\u00e9ration ?<\/h3>\n<p>\nOn peut donner des pi\u00e8ces dans les tirelires, faire un don en ligne ou participer aux \u00e9v\u00e9nements solidaires.\n<\/p>","protected":false},"excerpt":{"rendered":"<p>Image g\u00e9n\u00e9r\u00e9e par intelligence artificielle, illustration non r\u00e9elle. Ce qu&rsquo;il faut retenir : Brigitte Macron est la pr\u00e9sidente de la Fondation des H\u00f4pitaux et porte chaque ann\u00e9e l\u2019op\u00e9ration Pi\u00e8ces Jaunes. Cette campagne nationale permet de financer des projets pour am\u00e9liorer la vie quotidienne des enfants et adolescents hospitalis\u00e9s partout en France. Chaque ann\u00e9e en France, &#8230; <a title=\"Brigitte Macron et l\u2019op\u00e9ration Pi\u00e8ces Jaunes : pourquoi elle s\u2019engage pour les enfants hospitalis\u00e9s\" class=\"read-more\" href=\"https:\/\/www.sebastien-auziere.fr\/blog\/brigitte-macron-et-loperation-pieces-jaunes-pourquoi-elle-sengage-pour-les-enfants-hospitalises\/\" aria-label=\"En savoir plus sur Brigitte Macron et l\u2019op\u00e9ration Pi\u00e8ces Jaunes : pourquoi elle s\u2019engage pour les enfants hospitalis\u00e9s\">Lire plus<\/a><\/p>\n","protected":false},"author":4,"featured_media":2071,"comment_status":"open","ping_status":"open","sticky":false,"template":"","format":"standard","meta":{"footnotes":""},"categories":[1],"tags":[],"class_list":["post-2068","post","type-post","status-publish","format-standard","has-post-thumbnail","hentry","category-tendance"],"yoast_head":"<!-- This site is optimized with the Yoast SEO plugin v27.5 - https:\/\/yoast.com\/product\/yoast-seo-wordpress\/ -->\n<title>Brigitte Macron et l\u2019op\u00e9ration Pi\u00e8ces Jaunes : pourquoi elle s\u2019engage pour les enfants hospitalis\u00e9s - Fan site S\u00e9bastien Auzi\u00e8re<\/title>\n<meta name=\"robots\" content=\"index, follow, max-snippet:-1, max-image-preview:large, max-video-preview:-1\" \/>\n<link rel=\"canonical\" href=\"https:\/\/www.sebastien-auziere.fr\/blog\/brigitte-macron-et-loperation-pieces-jaunes-pourquoi-elle-sengage-pour-les-enfants-hospitalises\/\" \/>\n<meta property=\"og:locale\" content=\"fr_FR\" \/>\n<meta property=\"og:type\" content=\"article\" \/>\n<meta property=\"og:title\" content=\"Brigitte Macron et l\u2019op\u00e9ration Pi\u00e8ces Jaunes : pourquoi elle s\u2019engage pour les enfants hospitalis\u00e9s - Fan site S\u00e9bastien Auzi\u00e8re\" \/>\n<meta property=\"og:description\" content=\"Image g\u00e9n\u00e9r\u00e9e par intelligence artificielle, illustration non r\u00e9elle. Ce qu&rsquo;il faut retenir : Brigitte Macron est la pr\u00e9sidente de la Fondation des H\u00f4pitaux et porte chaque ann\u00e9e l\u2019op\u00e9ration Pi\u00e8ces Jaunes. Cette campagne nationale permet de financer des projets pour am\u00e9liorer la vie quotidienne des enfants et adolescents hospitalis\u00e9s partout en France. Chaque ann\u00e9e en France, ... Lire plus\" \/>\n<meta property=\"og:url\" content=\"https:\/\/www.sebastien-auziere.fr\/blog\/brigitte-macron-et-loperation-pieces-jaunes-pourquoi-elle-sengage-pour-les-enfants-hospitalises\/\" \/>\n<meta property=\"og:site_name\" content=\"Fan site S\u00e9bastien Auzi\u00e8re\" \/>\n<meta property=\"article:published_time\" content=\"2026-03-06T12:41:33+00:00\" \/>\n<meta property=\"article:modified_time\" content=\"2026-03-06T12:41:34+00:00\" \/>\n<meta property=\"og:image\" content=\"https:\/\/www.sebastien-auziere.fr\/blog\/wp-content\/uploads\/2026\/03\/ChatGPT-Image-6-mars-2026-13_41_02.jpg\" \/>\n\t<meta property=\"og:image:width\" content=\"1536\" \/>\n\t<meta property=\"og:image:height\" content=\"1024\" \/>\n\t<meta property=\"og:image:type\" content=\"image\/jpeg\" \/>\n<meta name=\"author\" content=\"Celine\" \/>\n<meta name=\"twitter:card\" content=\"summary_large_image\" \/>\n<meta name=\"twitter:label1\" content=\"\u00c9crit par\" \/>\n\t<meta name=\"twitter:data1\" content=\"Celine\" \/>\n\t<meta name=\"twitter:label2\" content=\"Dur\u00e9e de lecture estim\u00e9e\" \/>\n\t<meta name=\"twitter:data2\" content=\"4 minutes\" \/>\n<script type=\"application\/ld+json\" class=\"yoast-schema-graph\">{\"@context\":\"https:\\\/\\\/schema.org\",\"@graph\":[{\"@type\":\"Article\",\"@id\":\"https:\\\/\\\/www.sebastien-auziere.fr\\\/blog\\\/brigitte-macron-et-loperation-pieces-jaunes-pourquoi-elle-sengage-pour-les-enfants-hospitalises\\\/#article\",\"isPartOf\":{\"@id\":\"https:\\\/\\\/www.sebastien-auziere.fr\\\/blog\\\/brigitte-macron-et-loperation-pieces-jaunes-pourquoi-elle-sengage-pour-les-enfants-hospitalises\\\/\"},\"author\":{\"name\":\"Celine\",\"@id\":\"https:\\\/\\\/www.sebastien-auziere.fr\\\/blog\\\/#\\\/schema\\\/person\\\/1e270a963009242469ed08b1c461f81f\"},\"headline\":\"Brigitte Macron et l\u2019op\u00e9ration Pi\u00e8ces Jaunes : pourquoi elle s\u2019engage pour les enfants hospitalis\u00e9s\",\"datePublished\":\"2026-03-06T12:41:33+00:00\",\"dateModified\":\"2026-03-06T12:41:34+00:00\",\"mainEntityOfPage\":{\"@id\":\"https:\\\/\\\/www.sebastien-auziere.fr\\\/blog\\\/brigitte-macron-et-loperation-pieces-jaunes-pourquoi-elle-sengage-pour-les-enfants-hospitalises\\\/\"},\"wordCount\":737,\"commentCount\":0,\"publisher\":{\"@id\":\"https:\\\/\\\/www.sebastien-auziere.fr\\\/blog\\\/#organization\"},\"image\":{\"@id\":\"https:\\\/\\\/www.sebastien-auziere.fr\\\/blog\\\/brigitte-macron-et-loperation-pieces-jaunes-pourquoi-elle-sengage-pour-les-enfants-hospitalises\\\/#primaryimage\"},\"thumbnailUrl\":\"https:\\\/\\\/www.sebastien-auziere.fr\\\/blog\\\/wp-content\\\/uploads\\\/2026\\\/03\\\/ChatGPT-Image-6-mars-2026-13_41_02.jpg\",\"articleSection\":[\"Tendance\"],\"inLanguage\":\"fr-FR\",\"potentialAction\":[{\"@type\":\"CommentAction\",\"name\":\"Comment\",\"target\":[\"https:\\\/\\\/www.sebastien-auziere.fr\\\/blog\\\/brigitte-macron-et-loperation-pieces-jaunes-pourquoi-elle-sengage-pour-les-enfants-hospitalises\\\/#respond\"]}]},{\"@type\":\"WebPage\",\"@id\":\"https:\\\/\\\/www.sebastien-auziere.fr\\\/blog\\\/brigitte-macron-et-loperation-pieces-jaunes-pourquoi-elle-sengage-pour-les-enfants-hospitalises\\\/\",\"url\":\"https:\\\/\\\/www.sebastien-auziere.fr\\\/blog\\\/brigitte-macron-et-loperation-pieces-jaunes-pourquoi-elle-sengage-pour-les-enfants-hospitalises\\\/\",\"name\":\"Brigitte Macron et l\u2019op\u00e9ration Pi\u00e8ces Jaunes : pourquoi elle s\u2019engage pour les enfants hospitalis\u00e9s - Fan site S\u00e9bastien Auzi\u00e8re\",\"isPartOf\":{\"@id\":\"https:\\\/\\\/www.sebastien-auziere.fr\\\/blog\\\/#website\"},\"primaryImageOfPage\":{\"@id\":\"https:\\\/\\\/www.sebastien-auziere.fr\\\/blog\\\/brigitte-macron-et-loperation-pieces-jaunes-pourquoi-elle-sengage-pour-les-enfants-hospitalises\\\/#primaryimage\"},\"image\":{\"@id\":\"https:\\\/\\\/www.sebastien-auziere.fr\\\/blog\\\/brigitte-macron-et-loperation-pieces-jaunes-pourquoi-elle-sengage-pour-les-enfants-hospitalises\\\/#primaryimage\"},\"thumbnailUrl\":\"https:\\\/\\\/www.sebastien-auziere.fr\\\/blog\\\/wp-content\\\/uploads\\\/2026\\\/03\\\/ChatGPT-Image-6-mars-2026-13_41_02.jpg\",\"datePublished\":\"2026-03-06T12:41:33+00:00\",\"dateModified\":\"2026-03-06T12:41:34+00:00\",\"breadcrumb\":{\"@id\":\"https:\\\/\\\/www.sebastien-auziere.fr\\\/blog\\\/brigitte-macron-et-loperation-pieces-jaunes-pourquoi-elle-sengage-pour-les-enfants-hospitalises\\\/#breadcrumb\"},\"inLanguage\":\"fr-FR\",\"potentialAction\":[{\"@type\":\"ReadAction\",\"target\":[\"https:\\\/\\\/www.sebastien-auziere.fr\\\/blog\\\/brigitte-macron-et-loperation-pieces-jaunes-pourquoi-elle-sengage-pour-les-enfants-hospitalises\\\/\"]}]},{\"@type\":\"ImageObject\",\"inLanguage\":\"fr-FR\",\"@id\":\"https:\\\/\\\/www.sebastien-auziere.fr\\\/blog\\\/brigitte-macron-et-loperation-pieces-jaunes-pourquoi-elle-sengage-pour-les-enfants-hospitalises\\\/#primaryimage\",\"url\":\"https:\\\/\\\/www.sebastien-auziere.fr\\\/blog\\\/wp-content\\\/uploads\\\/2026\\\/03\\\/ChatGPT-Image-6-mars-2026-13_41_02.jpg\",\"contentUrl\":\"https:\\\/\\\/www.sebastien-auziere.fr\\\/blog\\\/wp-content\\\/uploads\\\/2026\\\/03\\\/ChatGPT-Image-6-mars-2026-13_41_02.jpg\",\"width\":1536,\"height\":1024,\"caption\":\"brigitte macron pieces jaunes\"},{\"@type\":\"BreadcrumbList\",\"@id\":\"https:\\\/\\\/www.sebastien-auziere.fr\\\/blog\\\/brigitte-macron-et-loperation-pieces-jaunes-pourquoi-elle-sengage-pour-les-enfants-hospitalises\\\/#breadcrumb\",\"itemListElement\":[{\"@type\":\"ListItem\",\"position\":1,\"name\":\"Home\",\"item\":\"https:\\\/\\\/www.sebastien-auziere.fr\\\/blog\\\/\"},{\"@type\":\"ListItem\",\"position\":2,\"name\":\"Brigitte Macron et l\u2019op\u00e9ration Pi\u00e8ces Jaunes : pourquoi elle s\u2019engage pour les enfants hospitalis\u00e9s\"}]},{\"@type\":\"WebSite\",\"@id\":\"https:\\\/\\\/www.sebastien-auziere.fr\\\/blog\\\/#website\",\"url\":\"https:\\\/\\\/www.sebastien-auziere.fr\\\/blog\\\/\",\"name\":\"Fan site S\u00e9bastien Auzi\u00e8re\",\"description\":\"M\u00e9dia g\u00e9n\u00e9raliste\",\"publisher\":{\"@id\":\"https:\\\/\\\/www.sebastien-auziere.fr\\\/blog\\\/#organization\"},\"potentialAction\":[{\"@type\":\"SearchAction\",\"target\":{\"@type\":\"EntryPoint\",\"urlTemplate\":\"https:\\\/\\\/www.sebastien-auziere.fr\\\/blog\\\/?s={search_term_string}\"},\"query-input\":{\"@type\":\"PropertyValueSpecification\",\"valueRequired\":true,\"valueName\":\"search_term_string\"}}],\"inLanguage\":\"fr-FR\"},{\"@type\":\"Organization\",\"@id\":\"https:\\\/\\\/www.sebastien-auziere.fr\\\/blog\\\/#organization\",\"name\":\"Fan site S\u00e9bastien Auzi\u00e8re\",\"url\":\"https:\\\/\\\/www.sebastien-auziere.fr\\\/blog\\\/\",\"logo\":{\"@type\":\"ImageObject\",\"inLanguage\":\"fr-FR\",\"@id\":\"https:\\\/\\\/www.sebastien-auziere.fr\\\/blog\\\/#\\\/schema\\\/logo\\\/image\\\/\",\"url\":\"https:\\\/\\\/www.sebastien-auziere.fr\\\/blog\\\/wp-content\\\/uploads\\\/2026\\\/03\\\/cropped-cropped-cropped-ChatGPT-Image-6-mars-2026-12_58_09-e1772798376794.jpg\",\"contentUrl\":\"https:\\\/\\\/www.sebastien-auziere.fr\\\/blog\\\/wp-content\\\/uploads\\\/2026\\\/03\\\/cropped-cropped-cropped-ChatGPT-Image-6-mars-2026-12_58_09-e1772798376794.jpg\",\"width\":512,\"height\":360,\"caption\":\"Fan site S\u00e9bastien Auzi\u00e8re\"},\"image\":{\"@id\":\"https:\\\/\\\/www.sebastien-auziere.fr\\\/blog\\\/#\\\/schema\\\/logo\\\/image\\\/\"}},{\"@type\":\"Person\",\"@id\":\"https:\\\/\\\/www.sebastien-auziere.fr\\\/blog\\\/#\\\/schema\\\/person\\\/1e270a963009242469ed08b1c461f81f\",\"name\":\"Celine\",\"image\":{\"@type\":\"ImageObject\",\"inLanguage\":\"fr-FR\",\"@id\":\"https:\\\/\\\/secure.gravatar.com\\\/avatar\\\/c88d569fbe1fe19a13c7f21ee0f8973822df96073df21850b95af6a09ba820c9?s=96&d=mm&r=g\",\"url\":\"https:\\\/\\\/secure.gravatar.com\\\/avatar\\\/c88d569fbe1fe19a13c7f21ee0f8973822df96073df21850b95af6a09ba820c9?s=96&d=mm&r=g\",\"contentUrl\":\"https:\\\/\\\/secure.gravatar.com\\\/avatar\\\/c88d569fbe1fe19a13c7f21ee0f8973822df96073df21850b95af6a09ba820c9?s=96&d=mm&r=g\",\"caption\":\"Celine\"},\"description\":\"Je m'appelle C\u00e9line, j'ai 31 ans et je suis journaliste sp\u00e9cialis\u00e9e dans le cin\u00e9ma. Passionn\u00e9e par le septi\u00e8me art, j'explore les actualit\u00e9s, les critiques et les tendances du monde cin\u00e9matographique. Mon objectif est de partager ma passion et d'informer les amateurs de films \u00e0 travers des articles percutants et des analyses approfondies.\",\"url\":\"https:\\\/\\\/www.sebastien-auziere.fr\\\/blog\\\/author\\\/celine\\\/\"}]}<\/script>\n<!-- \/ Yoast SEO plugin. -->","yoast_head_json":{"title":"Brigitte Macron et l\u2019op\u00e9ration Pi\u00e8ces Jaunes : pourquoi elle s\u2019engage pour les enfants hospitalis\u00e9s - Fan site S\u00e9bastien Auzi\u00e8re","robots":{"index":"index","follow":"follow","max-snippet":"max-snippet:-1","max-image-preview":"max-image-preview:large","max-video-preview":"max-video-preview:-1"},"canonical":"https:\/\/www.sebastien-auziere.fr\/blog\/brigitte-macron-et-loperation-pieces-jaunes-pourquoi-elle-sengage-pour-les-enfants-hospitalises\/","og_locale":"fr_FR","og_type":"article","og_title":"Brigitte Macron et l\u2019op\u00e9ration Pi\u00e8ces Jaunes : pourquoi elle s\u2019engage pour les enfants hospitalis\u00e9s - Fan site S\u00e9bastien Auzi\u00e8re","og_description":"Image g\u00e9n\u00e9r\u00e9e par intelligence artificielle, illustration non r\u00e9elle. Ce qu&rsquo;il faut retenir : Brigitte Macron est la pr\u00e9sidente de la Fondation des H\u00f4pitaux et porte chaque ann\u00e9e l\u2019op\u00e9ration Pi\u00e8ces Jaunes. Cette campagne nationale permet de financer des projets pour am\u00e9liorer la vie quotidienne des enfants et adolescents hospitalis\u00e9s partout en France. Chaque ann\u00e9e en France, ... Lire plus","og_url":"https:\/\/www.sebastien-auziere.fr\/blog\/brigitte-macron-et-loperation-pieces-jaunes-pourquoi-elle-sengage-pour-les-enfants-hospitalises\/","og_site_name":"Fan site S\u00e9bastien Auzi\u00e8re","article_published_time":"2026-03-06T12:41:33+00:00","article_modified_time":"2026-03-06T12:41:34+00:00","og_image":[{"width":1536,"height":1024,"url":"https:\/\/www.sebastien-auziere.fr\/blog\/wp-content\/uploads\/2026\/03\/ChatGPT-Image-6-mars-2026-13_41_02.jpg","type":"image\/jpeg"}],"author":"Celine","twitter_card":"summary_large_image","twitter_misc":{"\u00c9crit par":"Celine","Dur\u00e9e de lecture estim\u00e9e":"4 minutes"},"schema":{"@context":"https:\/\/schema.org","@graph":[{"@type":"Article","@id":"https:\/\/www.sebastien-auziere.fr\/blog\/brigitte-macron-et-loperation-pieces-jaunes-pourquoi-elle-sengage-pour-les-enfants-hospitalises\/#article","isPartOf":{"@id":"https:\/\/www.sebastien-auziere.fr\/blog\/brigitte-macron-et-loperation-pieces-jaunes-pourquoi-elle-sengage-pour-les-enfants-hospitalises\/"},"author":{"name":"Celine","@id":"https:\/\/www.sebastien-auziere.fr\/blog\/#\/schema\/person\/1e270a963009242469ed08b1c461f81f"},"headline":"Brigitte Macron et l\u2019op\u00e9ration Pi\u00e8ces Jaunes : pourquoi elle s\u2019engage pour les enfants hospitalis\u00e9s","datePublished":"2026-03-06T12:41:33+00:00","dateModified":"2026-03-06T12:41:34+00:00","mainEntityOfPage":{"@id":"https:\/\/www.sebastien-auziere.fr\/blog\/brigitte-macron-et-loperation-pieces-jaunes-pourquoi-elle-sengage-pour-les-enfants-hospitalises\/"},"wordCount":737,"commentCount":0,"publisher":{"@id":"https:\/\/www.sebastien-auziere.fr\/blog\/#organization"},"image":{"@id":"https:\/\/www.sebastien-auziere.fr\/blog\/brigitte-macron-et-loperation-pieces-jaunes-pourquoi-elle-sengage-pour-les-enfants-hospitalises\/#primaryimage"},"thumbnailUrl":"https:\/\/www.sebastien-auziere.fr\/blog\/wp-content\/uploads\/2026\/03\/ChatGPT-Image-6-mars-2026-13_41_02.jpg","articleSection":["Tendance"],"inLanguage":"fr-FR","potentialAction":[{"@type":"CommentAction","name":"Comment","target":["https:\/\/www.sebastien-auziere.fr\/blog\/brigitte-macron-et-loperation-pieces-jaunes-pourquoi-elle-sengage-pour-les-enfants-hospitalises\/#respond"]}]},{"@type":"WebPage","@id":"https:\/\/www.sebastien-auziere.fr\/blog\/brigitte-macron-et-loperation-pieces-jaunes-pourquoi-elle-sengage-pour-les-enfants-hospitalises\/","url":"https:\/\/www.sebastien-auziere.fr\/blog\/brigitte-macron-et-loperation-pieces-jaunes-pourquoi-elle-sengage-pour-les-enfants-hospitalises\/","name":"Brigitte Macron et l\u2019op\u00e9ration Pi\u00e8ces Jaunes : pourquoi elle s\u2019engage pour les enfants hospitalis\u00e9s - Fan site S\u00e9bastien Auzi\u00e8re","isPartOf":{"@id":"https:\/\/www.sebastien-auziere.fr\/blog\/#website"},"primaryImageOfPage":{"@id":"https:\/\/www.sebastien-auziere.fr\/blog\/brigitte-macron-et-loperation-pieces-jaunes-pourquoi-elle-sengage-pour-les-enfants-hospitalises\/#primaryimage"},"image":{"@id":"https:\/\/www.sebastien-auziere.fr\/blog\/brigitte-macron-et-loperation-pieces-jaunes-pourquoi-elle-sengage-pour-les-enfants-hospitalises\/#primaryimage"},"thumbnailUrl":"https:\/\/www.sebastien-auziere.fr\/blog\/wp-content\/uploads\/2026\/03\/ChatGPT-Image-6-mars-2026-13_41_02.jpg","datePublished":"2026-03-06T12:41:33+00:00","dateModified":"2026-03-06T12:41:34+00:00","breadcrumb":{"@id":"https:\/\/www.sebastien-auziere.fr\/blog\/brigitte-macron-et-loperation-pieces-jaunes-pourquoi-elle-sengage-pour-les-enfants-hospitalises\/#breadcrumb"},"inLanguage":"fr-FR","potentialAction":[{"@type":"ReadAction","target":["https:\/\/www.sebastien-auziere.fr\/blog\/brigitte-macron-et-loperation-pieces-jaunes-pourquoi-elle-sengage-pour-les-enfants-hospitalises\/"]}]},{"@type":"ImageObject","inLanguage":"fr-FR","@id":"https:\/\/www.sebastien-auziere.fr\/blog\/brigitte-macron-et-loperation-pieces-jaunes-pourquoi-elle-sengage-pour-les-enfants-hospitalises\/#primaryimage","url":"https:\/\/www.sebastien-auziere.fr\/blog\/wp-content\/uploads\/2026\/03\/ChatGPT-Image-6-mars-2026-13_41_02.jpg","contentUrl":"https:\/\/www.sebastien-auziere.fr\/blog\/wp-content\/uploads\/2026\/03\/ChatGPT-Image-6-mars-2026-13_41_02.jpg","width":1536,"height":1024,"caption":"brigitte macron pieces jaunes"},{"@type":"BreadcrumbList","@id":"https:\/\/www.sebastien-auziere.fr\/blog\/brigitte-macron-et-loperation-pieces-jaunes-pourquoi-elle-sengage-pour-les-enfants-hospitalises\/#breadcrumb","itemListElement":[{"@type":"ListItem","position":1,"name":"Home","item":"https:\/\/www.sebastien-auziere.fr\/blog\/"},{"@type":"ListItem","position":2,"name":"Brigitte Macron et l\u2019op\u00e9ration Pi\u00e8ces Jaunes : pourquoi elle s\u2019engage pour les enfants hospitalis\u00e9s"}]},{"@type":"WebSite","@id":"https:\/\/www.sebastien-auziere.fr\/blog\/#website","url":"https:\/\/www.sebastien-auziere.fr\/blog\/","name":"Fan site S\u00e9bastien Auzi\u00e8re","description":"M\u00e9dia g\u00e9n\u00e9raliste","publisher":{"@id":"https:\/\/www.sebastien-auziere.fr\/blog\/#organization"},"potentialAction":[{"@type":"SearchAction","target":{"@type":"EntryPoint","urlTemplate":"https:\/\/www.sebastien-auziere.fr\/blog\/?s={search_term_string}"},"query-input":{"@type":"PropertyValueSpecification","valueRequired":true,"valueName":"search_term_string"}}],"inLanguage":"fr-FR"},{"@type":"Organization","@id":"https:\/\/www.sebastien-auziere.fr\/blog\/#organization","name":"Fan site S\u00e9bastien Auzi\u00e8re","url":"https:\/\/www.sebastien-auziere.fr\/blog\/","logo":{"@type":"ImageObject","inLanguage":"fr-FR","@id":"https:\/\/www.sebastien-auziere.fr\/blog\/#\/schema\/logo\/image\/","url":"https:\/\/www.sebastien-auziere.fr\/blog\/wp-content\/uploads\/2026\/03\/cropped-cropped-cropped-ChatGPT-Image-6-mars-2026-12_58_09-e1772798376794.jpg","contentUrl":"https:\/\/www.sebastien-auziere.fr\/blog\/wp-content\/uploads\/2026\/03\/cropped-cropped-cropped-ChatGPT-Image-6-mars-2026-12_58_09-e1772798376794.jpg","width":512,"height":360,"caption":"Fan site S\u00e9bastien Auzi\u00e8re"},"image":{"@id":"https:\/\/www.sebastien-auziere.fr\/blog\/#\/schema\/logo\/image\/"}},{"@type":"Person","@id":"https:\/\/www.sebastien-auziere.fr\/blog\/#\/schema\/person\/1e270a963009242469ed08b1c461f81f","name":"Celine","image":{"@type":"ImageObject","inLanguage":"fr-FR","@id":"https:\/\/secure.gravatar.com\/avatar\/c88d569fbe1fe19a13c7f21ee0f8973822df96073df21850b95af6a09ba820c9?s=96&d=mm&r=g","url":"https:\/\/secure.gravatar.com\/avatar\/c88d569fbe1fe19a13c7f21ee0f8973822df96073df21850b95af6a09ba820c9?s=96&d=mm&r=g","contentUrl":"https:\/\/secure.gravatar.com\/avatar\/c88d569fbe1fe19a13c7f21ee0f8973822df96073df21850b95af6a09ba820c9?s=96&d=mm&r=g","caption":"Celine"},"description":"Je m'appelle C\u00e9line, j'ai 31 ans et je suis journaliste sp\u00e9cialis\u00e9e dans le cin\u00e9ma. Passionn\u00e9e par le septi\u00e8me art, j'explore les actualit\u00e9s, les critiques et les tendances du monde cin\u00e9matographique. Mon objectif est de partager ma passion et d'informer les amateurs de films \u00e0 travers des articles percutants et des analyses approfondies.","url":"https:\/\/www.sebastien-auziere.fr\/blog\/author\/celine\/"}]}},"views":181,"_links":{"self":[{"href":"https:\/\/www.sebastien-auziere.fr\/blog\/wp-json\/wp\/v2\/posts\/2068","targetHints":{"allow":["GET"]}}],"collection":[{"href":"https:\/\/www.sebastien-auziere.fr\/blog\/wp-json\/wp\/v2\/posts"}],"about":[{"href":"https:\/\/www.sebastien-auziere.fr\/blog\/wp-json\/wp\/v2\/types\/post"}],"author":[{"embeddable":true,"href":"https:\/\/www.sebastien-auziere.fr\/blog\/wp-json\/wp\/v2\/users\/4"}],"replies":[{"embeddable":true,"href":"https:\/\/www.sebastien-auziere.fr\/blog\/wp-json\/wp\/v2\/comments?post=2068"}],"version-history":[{"count":1,"href":"https:\/\/www.sebastien-auziere.fr\/blog\/wp-json\/wp\/v2\/posts\/2068\/revisions"}],"predecessor-version":[{"id":2072,"href":"https:\/\/www.sebastien-auziere.fr\/blog\/wp-json\/wp\/v2\/posts\/2068\/revisions\/2072"}],"wp:featuredmedia":[{"embeddable":true,"href":"https:\/\/www.sebastien-auziere.fr\/blog\/wp-json\/wp\/v2\/media\/2071"}],"wp:attachment":[{"href":"https:\/\/www.sebastien-auziere.fr\/blog\/wp-json\/wp\/v2\/media?parent=2068"}],"wp:term":[{"taxonomy":"category","embeddable":true,"href":"https:\/\/www.sebastien-auziere.fr\/blog\/wp-json\/wp\/v2\/categories?post=2068"},{"taxonomy":"post_tag","embeddable":true,"href":"https:\/\/www.sebastien-auziere.fr\/blog\/wp-json\/wp\/v2\/tags?post=2068"}],"curies":[{"name":"wp","href":"https:\/\/api.w.org\/{rel}","templated":true}]}}