{"id":2063,"date":"2026-03-06T12:31:06","date_gmt":"2026-03-06T12:31:06","guid":{"rendered":"https:\/\/www.sebastien-auziere.fr\/blog\/?p=2063"},"modified":"2026-03-06T12:33:15","modified_gmt":"2026-03-06T12:33:15","slug":"brigitte-macron-enceinte-photos-et-rumeurs-expliquees","status":"publish","type":"post","link":"https:\/\/www.sebastien-auziere.fr\/blog\/brigitte-macron-enceinte-photos-et-rumeurs-expliquees\/","title":{"rendered":"Brigitte Macron enceinte : photos et rumeurs expliqu\u00e9es"},"content":{"rendered":"\n<p>Image g\u00e9n\u00e9r\u00e9e par intelligence artificielle, illustration non r\u00e9elle<\/p>\n\n\n<p style=\"padding: 24px; background: lightblue;\">\nCe qu&rsquo;il faut retenir : certaines recherches sur Internet \u00e9voquent des <strong>photos de Brigitte Macron enceinte<\/strong>, mais ces contenus sont g\u00e9n\u00e9ralement li\u00e9s \u00e0 des rumeurs ou \u00e0 des confusions avec des images anciennes. Brigitte Macron a eu trois enfants lors de son premier mariage bien avant de rencontrer Emmanuel Macron, et ces images datent de cette p\u00e9riode de sa vie priv\u00e9e.\n<\/p>\n<p>\nSur Internet, de nombreuses personnes recherchent des informations sur <strong>Brigitte Macron enceinte<\/strong> ou sur d\u2019\u00e9ventuelles photos de cette p\u00e9riode. En r\u00e9alit\u00e9, ces images renvoient \u00e0 une p\u00e9riode bien ant\u00e9rieure \u00e0 sa rencontre avec Emmanuel Macron. Dans cet article, tu vas comprendre <strong>le contexte de ces photos, son histoire familiale et l\u2019origine de certaines rumeurs<\/strong>.\n<\/p>\n<ol>\n<li><a href=\"#vie-familiale\">La vie familiale de Brigitte Macron<\/a><\/li>\n<li><a href=\"#photos-enceinte\">Les photos de Brigitte Macron enceinte<\/a><\/li>\n<li><a href=\"#origine-rumeurs\">L\u2019origine des rumeurs sur Internet<\/a><\/li>\n<li><a href=\"#vie-avant-macron\">Sa vie avant Emmanuel Macron<\/a><\/li>\n<\/ol>\n<h2 id=\"vie-familiale\">La vie familiale de Brigitte Macron<\/h2>\n<p>\nAvant d\u2019\u00eatre connue comme Premi\u00e8re dame, Brigitte Macron \u2013 n\u00e9e Brigitte Trogneux \u2013 a construit une vie familiale bien avant son entr\u00e9e dans la vie politique.\n<\/p>\n<h3>Une famille avant l\u2019\u00c9lys\u00e9e<\/h3>\n<p>\nElle a eu trois enfants lors de son premier mariage :\n<\/p>\n<ul>\n<li>S\u00e9bastien Auzi\u00e8re<\/li>\n<li>Laurence Auzi\u00e8re<\/li>\n<li>Tiphaine Auzi\u00e8re<\/li>\n<\/ul>\n<p>\nCes enfants sont n\u00e9s plusieurs ann\u00e9es avant sa rencontre avec Emmanuel Macron.\n<\/p>\n<h2 id=\"photos-enceinte\">Les photos de Brigitte Macron enceinte<\/h2>\n<p>\nLes photos \u00e9voqu\u00e9es sur Internet proviennent g\u00e9n\u00e9ralement d\u2019archives personnelles ou de documents li\u00e9s \u00e0 sa vie avant d\u2019\u00eatre une personnalit\u00e9 publique.\n<\/p>\n<h3>Des images anciennes<\/h3>\n<p>\nCes images remontent \u00e0 la p\u00e9riode o\u00f9 elle vivait une vie priv\u00e9e loin de l\u2019attention m\u00e9diatique.\n<\/p>\n<p>\n\u00c0 cette \u00e9poque, elle \u00e9tait professeure et menait une vie familiale classique \u00e0 Amiens.\n<\/p>\n<h2 id=\"origine-rumeurs\">L\u2019origine des rumeurs sur Internet<\/h2>\n<p>\nLes personnalit\u00e9s publiques font souvent l\u2019objet de nombreuses recherches et sp\u00e9culations sur Internet.\n<\/p>\n<h3>Confusions et informations d\u00e9form\u00e9es<\/h3>\n<p>\nCertaines recherches ou images circulant en ligne peuvent \u00eatre sorties de leur contexte ou mal interpr\u00e9t\u00e9es.\n<\/p>\n<ul>\n<li>Images anciennes<\/li>\n<li>Confusion avec des photos d\u2019archives<\/li>\n<li>Rumeurs amplifi\u00e9es sur les r\u00e9seaux sociaux<\/li>\n<\/ul>\n<p>\nIl est donc important de replacer ces images dans leur contexte historique.\n<\/p>\n<h2 id=\"vie-avant-macron\">Sa vie avant Emmanuel Macron<\/h2>\n<p>\nAvant sa rencontre avec Emmanuel Macron, Brigitte Macron menait une carri\u00e8re dans l\u2019enseignement et une vie familiale discr\u00e8te.\n<\/p>\n<h3>Une professeure de lettres<\/h3>\n<p>\nElle enseignait la litt\u00e9rature et le th\u00e9\u00e2tre dans plusieurs \u00e9tablissements scolaires.\n<\/p>\n<p>\nCe n\u2019est qu\u2019\u00e0 partir de la carri\u00e8re politique d\u2019Emmanuel Macron que son histoire personnelle est devenue largement m\u00e9diatis\u00e9e.\n<\/p>\n<div style=\"overflow:auto;max-width:100%\">\n<table>\n<tbody>\n<tr>\n<th>\u00c9l\u00e9ment<\/th>\n<th>D\u00e9tail<\/th>\n<th>P\u00e9riode<\/th>\n<\/tr>\n<tr>\n<td>Vie familiale<\/td>\n<td>Trois enfants<\/td>\n<td>Avant la vie publique<\/td>\n<\/tr>\n<tr>\n<td>Carri\u00e8re<\/td>\n<td>Professeure de lettres<\/td>\n<td>Ann\u00e9es 1980-2000<\/td>\n<\/tr>\n<tr>\n<td>Rencontre<\/td>\n<td>Emmanuel Macron<\/td>\n<td>Lyc\u00e9e La Providence<\/td>\n<\/tr>\n<tr>\n<td>Vie publique<\/td>\n<td>Premi\u00e8re dame<\/td>\n<td>Depuis 2017<\/td>\n<\/tr>\n<\/tbody>\n<\/table>\n<\/div>\n<p>\nLes recherches concernant des photos de Brigitte Macron enceinte sont donc li\u00e9es \u00e0 une p\u00e9riode bien ant\u00e9rieure \u00e0 sa vie publique. Elles correspondent \u00e0 sa vie familiale avant qu\u2019elle ne devienne une personnalit\u00e9 m\u00e9diatique.\n<\/p>\n<h2>FAQ<\/h2>\n<h3>Brigitte Macron a-t-elle \u00e9t\u00e9 enceinte ?<\/h3>\n<p>\nOui, elle a eu trois enfants lors de son premier mariage avant sa rencontre avec Emmanuel Macron.\n<\/p>\n<h3>Pourquoi trouve-t-on des photos de Brigitte Macron enceinte sur Internet ?<\/h3>\n<p>\nCes images proviennent g\u00e9n\u00e9ralement d\u2019archives personnelles li\u00e9es \u00e0 sa vie priv\u00e9e avant sa m\u00e9diatisation.\n<\/p>\n<h3>Combien d\u2019enfants a Brigitte Macron ?<\/h3>\n<p>\nElle a trois enfants issus de son premier mariage.\n<\/p>\n<h3>Ces photos sont-elles r\u00e9centes ?<\/h3>\n<p>\nNon, elles datent d\u2019une p\u00e9riode bien ant\u00e9rieure \u00e0 son r\u00f4le de Premi\u00e8re dame.\n<\/p>\n<p><script type=\"application\/ld+json\"><br \/>\n[<br \/>\n{<br \/>\n\"@context\":\"https:\/\/schema.org\",<br \/>\n\"@type\":\"Article\",<br \/>\n\"headline\":\"Brigitte Macron enceinte : photos et rumeurs expliqu\u00e9es\",<br \/>\n\"description\":\"D\u00e9couvrez l\u2019histoire des photos de Brigitte Macron enceinte et le contexte de sa vie familiale avant l\u2019\u00c9lys\u00e9e.\",<br \/>\n\"inLanguage\":\"fr\",<br \/>\n\"articleSection\":\"biographie\",<br \/>\n\"abstract\":\"Les photos de Brigitte Macron enceinte renvoient \u00e0 sa vie familiale avant sa rencontre avec Emmanuel Macron.\"<br \/>\n},<br \/>\n{<br \/>\n\"@context\":\"https:\/\/schema.org\",<br \/>\n\"@type\":\"FAQPage\",<br \/>\n\"mainEntity\":[<br \/>\n{<br \/>\n\"@type\":\"Question\",<br \/>\n\"name\":\"Brigitte Macron a-t-elle eu des enfants ?\",<br \/>\n\"acceptedAnswer\":{<br \/>\n\"@type\":\"Answer\",<br \/>\n\"text\":\"Oui, Brigitte Macron a trois enfants issus de son premier mariage.\"<br \/>\n}<br \/>\n},<br \/>\n{<br \/>\n\"@type\":\"Question\",<br \/>\n\"name\":\"Pourquoi parle-t-on de photos de Brigitte Macron enceinte ?\",<br \/>\n\"acceptedAnswer\":{<br \/>\n\"@type\":\"Answer\",<br \/>\n\"text\":\"Ces images sont li\u00e9es \u00e0 sa vie priv\u00e9e avant sa m\u00e9diatisation.\"<br \/>\n}<br \/>\n}<br \/>\n]<br \/>\n}<br \/>\n]<br \/>\n<\/script><\/p>","protected":false},"excerpt":{"rendered":"<p>Image g\u00e9n\u00e9r\u00e9e par intelligence artificielle, illustration non r\u00e9elle Ce qu&rsquo;il faut retenir : certaines recherches sur Internet \u00e9voquent des photos de Brigitte Macron enceinte, mais ces contenus sont g\u00e9n\u00e9ralement li\u00e9s \u00e0 des rumeurs ou \u00e0 des confusions avec des images anciennes. Brigitte Macron a eu trois enfants lors de son premier mariage bien avant de &#8230; <a title=\"Brigitte Macron enceinte : photos et rumeurs expliqu\u00e9es\" class=\"read-more\" href=\"https:\/\/www.sebastien-auziere.fr\/blog\/brigitte-macron-enceinte-photos-et-rumeurs-expliquees\/\" aria-label=\"En savoir plus sur Brigitte Macron enceinte : photos et rumeurs expliqu\u00e9es\">Lire plus<\/a><\/p>\n","protected":false},"author":4,"featured_media":2064,"comment_status":"open","ping_status":"open","sticky":false,"template":"","format":"standard","meta":{"footnotes":""},"categories":[1],"tags":[],"class_list":["post-2063","post","type-post","status-publish","format-standard","has-post-thumbnail","hentry","category-tendance"],"yoast_head":"<!-- This site is optimized with the Yoast SEO plugin v27.5 - https:\/\/yoast.com\/product\/yoast-seo-wordpress\/ -->\n<title>Brigitte Macron enceinte : photos et rumeurs expliqu\u00e9es - Fan site S\u00e9bastien Auzi\u00e8re<\/title>\n<meta name=\"robots\" content=\"index, follow, max-snippet:-1, max-image-preview:large, max-video-preview:-1\" \/>\n<link rel=\"canonical\" href=\"https:\/\/www.sebastien-auziere.fr\/blog\/brigitte-macron-enceinte-photos-et-rumeurs-expliquees\/\" \/>\n<meta property=\"og:locale\" content=\"fr_FR\" \/>\n<meta property=\"og:type\" content=\"article\" \/>\n<meta property=\"og:title\" content=\"Brigitte Macron enceinte : photos et rumeurs expliqu\u00e9es - Fan site S\u00e9bastien Auzi\u00e8re\" \/>\n<meta property=\"og:description\" content=\"Image g\u00e9n\u00e9r\u00e9e par intelligence artificielle, illustration non r\u00e9elle Ce qu&rsquo;il faut retenir : certaines recherches sur Internet \u00e9voquent des photos de Brigitte Macron enceinte, mais ces contenus sont g\u00e9n\u00e9ralement li\u00e9s \u00e0 des rumeurs ou \u00e0 des confusions avec des images anciennes. Brigitte Macron a eu trois enfants lors de son premier mariage bien avant de ... Lire plus\" \/>\n<meta property=\"og:url\" content=\"https:\/\/www.sebastien-auziere.fr\/blog\/brigitte-macron-enceinte-photos-et-rumeurs-expliquees\/\" \/>\n<meta property=\"og:site_name\" content=\"Fan site S\u00e9bastien Auzi\u00e8re\" \/>\n<meta property=\"article:published_time\" content=\"2026-03-06T12:31:06+00:00\" \/>\n<meta property=\"article:modified_time\" content=\"2026-03-06T12:33:15+00:00\" \/>\n<meta property=\"og:image\" content=\"https:\/\/www.sebastien-auziere.fr\/blog\/wp-content\/uploads\/2026\/03\/ChatGPT-Image-6-mars-2026-13_30_54.jpg\" \/>\n\t<meta property=\"og:image:width\" content=\"1536\" \/>\n\t<meta property=\"og:image:height\" content=\"1024\" \/>\n\t<meta property=\"og:image:type\" content=\"image\/jpeg\" \/>\n<meta name=\"author\" content=\"Celine\" \/>\n<meta name=\"twitter:card\" content=\"summary_large_image\" \/>\n<meta name=\"twitter:label1\" content=\"\u00c9crit par\" \/>\n\t<meta name=\"twitter:data1\" content=\"Celine\" \/>\n\t<meta name=\"twitter:label2\" content=\"Dur\u00e9e de lecture estim\u00e9e\" \/>\n\t<meta name=\"twitter:data2\" content=\"3 minutes\" \/>\n<script type=\"application\/ld+json\" class=\"yoast-schema-graph\">{\"@context\":\"https:\\\/\\\/schema.org\",\"@graph\":[{\"@type\":\"Article\",\"@id\":\"https:\\\/\\\/www.sebastien-auziere.fr\\\/blog\\\/brigitte-macron-enceinte-photos-et-rumeurs-expliquees\\\/#article\",\"isPartOf\":{\"@id\":\"https:\\\/\\\/www.sebastien-auziere.fr\\\/blog\\\/brigitte-macron-enceinte-photos-et-rumeurs-expliquees\\\/\"},\"author\":{\"name\":\"Celine\",\"@id\":\"https:\\\/\\\/www.sebastien-auziere.fr\\\/blog\\\/#\\\/schema\\\/person\\\/1e270a963009242469ed08b1c461f81f\"},\"headline\":\"Brigitte Macron enceinte : photos et rumeurs expliqu\u00e9es\",\"datePublished\":\"2026-03-06T12:31:06+00:00\",\"dateModified\":\"2026-03-06T12:33:15+00:00\",\"mainEntityOfPage\":{\"@id\":\"https:\\\/\\\/www.sebastien-auziere.fr\\\/blog\\\/brigitte-macron-enceinte-photos-et-rumeurs-expliquees\\\/\"},\"wordCount\":604,\"commentCount\":0,\"publisher\":{\"@id\":\"https:\\\/\\\/www.sebastien-auziere.fr\\\/blog\\\/#organization\"},\"image\":{\"@id\":\"https:\\\/\\\/www.sebastien-auziere.fr\\\/blog\\\/brigitte-macron-enceinte-photos-et-rumeurs-expliquees\\\/#primaryimage\"},\"thumbnailUrl\":\"https:\\\/\\\/www.sebastien-auziere.fr\\\/blog\\\/wp-content\\\/uploads\\\/2026\\\/03\\\/ChatGPT-Image-6-mars-2026-13_30_54.jpg\",\"articleSection\":[\"Tendance\"],\"inLanguage\":\"fr-FR\",\"potentialAction\":[{\"@type\":\"CommentAction\",\"name\":\"Comment\",\"target\":[\"https:\\\/\\\/www.sebastien-auziere.fr\\\/blog\\\/brigitte-macron-enceinte-photos-et-rumeurs-expliquees\\\/#respond\"]}]},{\"@type\":\"WebPage\",\"@id\":\"https:\\\/\\\/www.sebastien-auziere.fr\\\/blog\\\/brigitte-macron-enceinte-photos-et-rumeurs-expliquees\\\/\",\"url\":\"https:\\\/\\\/www.sebastien-auziere.fr\\\/blog\\\/brigitte-macron-enceinte-photos-et-rumeurs-expliquees\\\/\",\"name\":\"Brigitte Macron enceinte : photos et rumeurs expliqu\u00e9es - Fan site S\u00e9bastien Auzi\u00e8re\",\"isPartOf\":{\"@id\":\"https:\\\/\\\/www.sebastien-auziere.fr\\\/blog\\\/#website\"},\"primaryImageOfPage\":{\"@id\":\"https:\\\/\\\/www.sebastien-auziere.fr\\\/blog\\\/brigitte-macron-enceinte-photos-et-rumeurs-expliquees\\\/#primaryimage\"},\"image\":{\"@id\":\"https:\\\/\\\/www.sebastien-auziere.fr\\\/blog\\\/brigitte-macron-enceinte-photos-et-rumeurs-expliquees\\\/#primaryimage\"},\"thumbnailUrl\":\"https:\\\/\\\/www.sebastien-auziere.fr\\\/blog\\\/wp-content\\\/uploads\\\/2026\\\/03\\\/ChatGPT-Image-6-mars-2026-13_30_54.jpg\",\"datePublished\":\"2026-03-06T12:31:06+00:00\",\"dateModified\":\"2026-03-06T12:33:15+00:00\",\"breadcrumb\":{\"@id\":\"https:\\\/\\\/www.sebastien-auziere.fr\\\/blog\\\/brigitte-macron-enceinte-photos-et-rumeurs-expliquees\\\/#breadcrumb\"},\"inLanguage\":\"fr-FR\",\"potentialAction\":[{\"@type\":\"ReadAction\",\"target\":[\"https:\\\/\\\/www.sebastien-auziere.fr\\\/blog\\\/brigitte-macron-enceinte-photos-et-rumeurs-expliquees\\\/\"]}]},{\"@type\":\"ImageObject\",\"inLanguage\":\"fr-FR\",\"@id\":\"https:\\\/\\\/www.sebastien-auziere.fr\\\/blog\\\/brigitte-macron-enceinte-photos-et-rumeurs-expliquees\\\/#primaryimage\",\"url\":\"https:\\\/\\\/www.sebastien-auziere.fr\\\/blog\\\/wp-content\\\/uploads\\\/2026\\\/03\\\/ChatGPT-Image-6-mars-2026-13_30_54.jpg\",\"contentUrl\":\"https:\\\/\\\/www.sebastien-auziere.fr\\\/blog\\\/wp-content\\\/uploads\\\/2026\\\/03\\\/ChatGPT-Image-6-mars-2026-13_30_54.jpg\",\"width\":1536,\"height\":1024,\"caption\":\"Brigitte Macron enceinte\"},{\"@type\":\"BreadcrumbList\",\"@id\":\"https:\\\/\\\/www.sebastien-auziere.fr\\\/blog\\\/brigitte-macron-enceinte-photos-et-rumeurs-expliquees\\\/#breadcrumb\",\"itemListElement\":[{\"@type\":\"ListItem\",\"position\":1,\"name\":\"Home\",\"item\":\"https:\\\/\\\/www.sebastien-auziere.fr\\\/blog\\\/\"},{\"@type\":\"ListItem\",\"position\":2,\"name\":\"Brigitte Macron enceinte : photos et rumeurs expliqu\u00e9es\"}]},{\"@type\":\"WebSite\",\"@id\":\"https:\\\/\\\/www.sebastien-auziere.fr\\\/blog\\\/#website\",\"url\":\"https:\\\/\\\/www.sebastien-auziere.fr\\\/blog\\\/\",\"name\":\"Fan site S\u00e9bastien Auzi\u00e8re\",\"description\":\"M\u00e9dia g\u00e9n\u00e9raliste\",\"publisher\":{\"@id\":\"https:\\\/\\\/www.sebastien-auziere.fr\\\/blog\\\/#organization\"},\"potentialAction\":[{\"@type\":\"SearchAction\",\"target\":{\"@type\":\"EntryPoint\",\"urlTemplate\":\"https:\\\/\\\/www.sebastien-auziere.fr\\\/blog\\\/?s={search_term_string}\"},\"query-input\":{\"@type\":\"PropertyValueSpecification\",\"valueRequired\":true,\"valueName\":\"search_term_string\"}}],\"inLanguage\":\"fr-FR\"},{\"@type\":\"Organization\",\"@id\":\"https:\\\/\\\/www.sebastien-auziere.fr\\\/blog\\\/#organization\",\"name\":\"Fan site S\u00e9bastien Auzi\u00e8re\",\"url\":\"https:\\\/\\\/www.sebastien-auziere.fr\\\/blog\\\/\",\"logo\":{\"@type\":\"ImageObject\",\"inLanguage\":\"fr-FR\",\"@id\":\"https:\\\/\\\/www.sebastien-auziere.fr\\\/blog\\\/#\\\/schema\\\/logo\\\/image\\\/\",\"url\":\"https:\\\/\\\/www.sebastien-auziere.fr\\\/blog\\\/wp-content\\\/uploads\\\/2026\\\/03\\\/cropped-cropped-cropped-ChatGPT-Image-6-mars-2026-12_58_09-e1772798376794.jpg\",\"contentUrl\":\"https:\\\/\\\/www.sebastien-auziere.fr\\\/blog\\\/wp-content\\\/uploads\\\/2026\\\/03\\\/cropped-cropped-cropped-ChatGPT-Image-6-mars-2026-12_58_09-e1772798376794.jpg\",\"width\":512,\"height\":360,\"caption\":\"Fan site S\u00e9bastien Auzi\u00e8re\"},\"image\":{\"@id\":\"https:\\\/\\\/www.sebastien-auziere.fr\\\/blog\\\/#\\\/schema\\\/logo\\\/image\\\/\"}},{\"@type\":\"Person\",\"@id\":\"https:\\\/\\\/www.sebastien-auziere.fr\\\/blog\\\/#\\\/schema\\\/person\\\/1e270a963009242469ed08b1c461f81f\",\"name\":\"Celine\",\"image\":{\"@type\":\"ImageObject\",\"inLanguage\":\"fr-FR\",\"@id\":\"https:\\\/\\\/secure.gravatar.com\\\/avatar\\\/c88d569fbe1fe19a13c7f21ee0f8973822df96073df21850b95af6a09ba820c9?s=96&d=mm&r=g\",\"url\":\"https:\\\/\\\/secure.gravatar.com\\\/avatar\\\/c88d569fbe1fe19a13c7f21ee0f8973822df96073df21850b95af6a09ba820c9?s=96&d=mm&r=g\",\"contentUrl\":\"https:\\\/\\\/secure.gravatar.com\\\/avatar\\\/c88d569fbe1fe19a13c7f21ee0f8973822df96073df21850b95af6a09ba820c9?s=96&d=mm&r=g\",\"caption\":\"Celine\"},\"description\":\"Je m'appelle C\u00e9line, j'ai 31 ans et je suis journaliste sp\u00e9cialis\u00e9e dans le cin\u00e9ma. Passionn\u00e9e par le septi\u00e8me art, j'explore les actualit\u00e9s, les critiques et les tendances du monde cin\u00e9matographique. Mon objectif est de partager ma passion et d'informer les amateurs de films \u00e0 travers des articles percutants et des analyses approfondies.\",\"url\":\"https:\\\/\\\/www.sebastien-auziere.fr\\\/blog\\\/author\\\/celine\\\/\"}]}<\/script>\n<!-- \/ Yoast SEO plugin. -->","yoast_head_json":{"title":"Brigitte Macron enceinte : photos et rumeurs expliqu\u00e9es - Fan site S\u00e9bastien Auzi\u00e8re","robots":{"index":"index","follow":"follow","max-snippet":"max-snippet:-1","max-image-preview":"max-image-preview:large","max-video-preview":"max-video-preview:-1"},"canonical":"https:\/\/www.sebastien-auziere.fr\/blog\/brigitte-macron-enceinte-photos-et-rumeurs-expliquees\/","og_locale":"fr_FR","og_type":"article","og_title":"Brigitte Macron enceinte : photos et rumeurs expliqu\u00e9es - Fan site S\u00e9bastien Auzi\u00e8re","og_description":"Image g\u00e9n\u00e9r\u00e9e par intelligence artificielle, illustration non r\u00e9elle Ce qu&rsquo;il faut retenir : certaines recherches sur Internet \u00e9voquent des photos de Brigitte Macron enceinte, mais ces contenus sont g\u00e9n\u00e9ralement li\u00e9s \u00e0 des rumeurs ou \u00e0 des confusions avec des images anciennes. Brigitte Macron a eu trois enfants lors de son premier mariage bien avant de ... Lire plus","og_url":"https:\/\/www.sebastien-auziere.fr\/blog\/brigitte-macron-enceinte-photos-et-rumeurs-expliquees\/","og_site_name":"Fan site S\u00e9bastien Auzi\u00e8re","article_published_time":"2026-03-06T12:31:06+00:00","article_modified_time":"2026-03-06T12:33:15+00:00","og_image":[{"width":1536,"height":1024,"url":"https:\/\/www.sebastien-auziere.fr\/blog\/wp-content\/uploads\/2026\/03\/ChatGPT-Image-6-mars-2026-13_30_54.jpg","type":"image\/jpeg"}],"author":"Celine","twitter_card":"summary_large_image","twitter_misc":{"\u00c9crit par":"Celine","Dur\u00e9e de lecture estim\u00e9e":"3 minutes"},"schema":{"@context":"https:\/\/schema.org","@graph":[{"@type":"Article","@id":"https:\/\/www.sebastien-auziere.fr\/blog\/brigitte-macron-enceinte-photos-et-rumeurs-expliquees\/#article","isPartOf":{"@id":"https:\/\/www.sebastien-auziere.fr\/blog\/brigitte-macron-enceinte-photos-et-rumeurs-expliquees\/"},"author":{"name":"Celine","@id":"https:\/\/www.sebastien-auziere.fr\/blog\/#\/schema\/person\/1e270a963009242469ed08b1c461f81f"},"headline":"Brigitte Macron enceinte : photos et rumeurs expliqu\u00e9es","datePublished":"2026-03-06T12:31:06+00:00","dateModified":"2026-03-06T12:33:15+00:00","mainEntityOfPage":{"@id":"https:\/\/www.sebastien-auziere.fr\/blog\/brigitte-macron-enceinte-photos-et-rumeurs-expliquees\/"},"wordCount":604,"commentCount":0,"publisher":{"@id":"https:\/\/www.sebastien-auziere.fr\/blog\/#organization"},"image":{"@id":"https:\/\/www.sebastien-auziere.fr\/blog\/brigitte-macron-enceinte-photos-et-rumeurs-expliquees\/#primaryimage"},"thumbnailUrl":"https:\/\/www.sebastien-auziere.fr\/blog\/wp-content\/uploads\/2026\/03\/ChatGPT-Image-6-mars-2026-13_30_54.jpg","articleSection":["Tendance"],"inLanguage":"fr-FR","potentialAction":[{"@type":"CommentAction","name":"Comment","target":["https:\/\/www.sebastien-auziere.fr\/blog\/brigitte-macron-enceinte-photos-et-rumeurs-expliquees\/#respond"]}]},{"@type":"WebPage","@id":"https:\/\/www.sebastien-auziere.fr\/blog\/brigitte-macron-enceinte-photos-et-rumeurs-expliquees\/","url":"https:\/\/www.sebastien-auziere.fr\/blog\/brigitte-macron-enceinte-photos-et-rumeurs-expliquees\/","name":"Brigitte Macron enceinte : photos et rumeurs expliqu\u00e9es - Fan site S\u00e9bastien Auzi\u00e8re","isPartOf":{"@id":"https:\/\/www.sebastien-auziere.fr\/blog\/#website"},"primaryImageOfPage":{"@id":"https:\/\/www.sebastien-auziere.fr\/blog\/brigitte-macron-enceinte-photos-et-rumeurs-expliquees\/#primaryimage"},"image":{"@id":"https:\/\/www.sebastien-auziere.fr\/blog\/brigitte-macron-enceinte-photos-et-rumeurs-expliquees\/#primaryimage"},"thumbnailUrl":"https:\/\/www.sebastien-auziere.fr\/blog\/wp-content\/uploads\/2026\/03\/ChatGPT-Image-6-mars-2026-13_30_54.jpg","datePublished":"2026-03-06T12:31:06+00:00","dateModified":"2026-03-06T12:33:15+00:00","breadcrumb":{"@id":"https:\/\/www.sebastien-auziere.fr\/blog\/brigitte-macron-enceinte-photos-et-rumeurs-expliquees\/#breadcrumb"},"inLanguage":"fr-FR","potentialAction":[{"@type":"ReadAction","target":["https:\/\/www.sebastien-auziere.fr\/blog\/brigitte-macron-enceinte-photos-et-rumeurs-expliquees\/"]}]},{"@type":"ImageObject","inLanguage":"fr-FR","@id":"https:\/\/www.sebastien-auziere.fr\/blog\/brigitte-macron-enceinte-photos-et-rumeurs-expliquees\/#primaryimage","url":"https:\/\/www.sebastien-auziere.fr\/blog\/wp-content\/uploads\/2026\/03\/ChatGPT-Image-6-mars-2026-13_30_54.jpg","contentUrl":"https:\/\/www.sebastien-auziere.fr\/blog\/wp-content\/uploads\/2026\/03\/ChatGPT-Image-6-mars-2026-13_30_54.jpg","width":1536,"height":1024,"caption":"Brigitte Macron enceinte"},{"@type":"BreadcrumbList","@id":"https:\/\/www.sebastien-auziere.fr\/blog\/brigitte-macron-enceinte-photos-et-rumeurs-expliquees\/#breadcrumb","itemListElement":[{"@type":"ListItem","position":1,"name":"Home","item":"https:\/\/www.sebastien-auziere.fr\/blog\/"},{"@type":"ListItem","position":2,"name":"Brigitte Macron enceinte : photos et rumeurs expliqu\u00e9es"}]},{"@type":"WebSite","@id":"https:\/\/www.sebastien-auziere.fr\/blog\/#website","url":"https:\/\/www.sebastien-auziere.fr\/blog\/","name":"Fan site S\u00e9bastien Auzi\u00e8re","description":"M\u00e9dia g\u00e9n\u00e9raliste","publisher":{"@id":"https:\/\/www.sebastien-auziere.fr\/blog\/#organization"},"potentialAction":[{"@type":"SearchAction","target":{"@type":"EntryPoint","urlTemplate":"https:\/\/www.sebastien-auziere.fr\/blog\/?s={search_term_string}"},"query-input":{"@type":"PropertyValueSpecification","valueRequired":true,"valueName":"search_term_string"}}],"inLanguage":"fr-FR"},{"@type":"Organization","@id":"https:\/\/www.sebastien-auziere.fr\/blog\/#organization","name":"Fan site S\u00e9bastien Auzi\u00e8re","url":"https:\/\/www.sebastien-auziere.fr\/blog\/","logo":{"@type":"ImageObject","inLanguage":"fr-FR","@id":"https:\/\/www.sebastien-auziere.fr\/blog\/#\/schema\/logo\/image\/","url":"https:\/\/www.sebastien-auziere.fr\/blog\/wp-content\/uploads\/2026\/03\/cropped-cropped-cropped-ChatGPT-Image-6-mars-2026-12_58_09-e1772798376794.jpg","contentUrl":"https:\/\/www.sebastien-auziere.fr\/blog\/wp-content\/uploads\/2026\/03\/cropped-cropped-cropped-ChatGPT-Image-6-mars-2026-12_58_09-e1772798376794.jpg","width":512,"height":360,"caption":"Fan site S\u00e9bastien Auzi\u00e8re"},"image":{"@id":"https:\/\/www.sebastien-auziere.fr\/blog\/#\/schema\/logo\/image\/"}},{"@type":"Person","@id":"https:\/\/www.sebastien-auziere.fr\/blog\/#\/schema\/person\/1e270a963009242469ed08b1c461f81f","name":"Celine","image":{"@type":"ImageObject","inLanguage":"fr-FR","@id":"https:\/\/secure.gravatar.com\/avatar\/c88d569fbe1fe19a13c7f21ee0f8973822df96073df21850b95af6a09ba820c9?s=96&d=mm&r=g","url":"https:\/\/secure.gravatar.com\/avatar\/c88d569fbe1fe19a13c7f21ee0f8973822df96073df21850b95af6a09ba820c9?s=96&d=mm&r=g","contentUrl":"https:\/\/secure.gravatar.com\/avatar\/c88d569fbe1fe19a13c7f21ee0f8973822df96073df21850b95af6a09ba820c9?s=96&d=mm&r=g","caption":"Celine"},"description":"Je m'appelle C\u00e9line, j'ai 31 ans et je suis journaliste sp\u00e9cialis\u00e9e dans le cin\u00e9ma. Passionn\u00e9e par le septi\u00e8me art, j'explore les actualit\u00e9s, les critiques et les tendances du monde cin\u00e9matographique. Mon objectif est de partager ma passion et d'informer les amateurs de films \u00e0 travers des articles percutants et des analyses approfondies.","url":"https:\/\/www.sebastien-auziere.fr\/blog\/author\/celine\/"}]}},"views":328,"_links":{"self":[{"href":"https:\/\/www.sebastien-auziere.fr\/blog\/wp-json\/wp\/v2\/posts\/2063","targetHints":{"allow":["GET"]}}],"collection":[{"href":"https:\/\/www.sebastien-auziere.fr\/blog\/wp-json\/wp\/v2\/posts"}],"about":[{"href":"https:\/\/www.sebastien-auziere.fr\/blog\/wp-json\/wp\/v2\/types\/post"}],"author":[{"embeddable":true,"href":"https:\/\/www.sebastien-auziere.fr\/blog\/wp-json\/wp\/v2\/users\/4"}],"replies":[{"embeddable":true,"href":"https:\/\/www.sebastien-auziere.fr\/blog\/wp-json\/wp\/v2\/comments?post=2063"}],"version-history":[{"count":3,"href":"https:\/\/www.sebastien-auziere.fr\/blog\/wp-json\/wp\/v2\/posts\/2063\/revisions"}],"predecessor-version":[{"id":2067,"href":"https:\/\/www.sebastien-auziere.fr\/blog\/wp-json\/wp\/v2\/posts\/2063\/revisions\/2067"}],"wp:featuredmedia":[{"embeddable":true,"href":"https:\/\/www.sebastien-auziere.fr\/blog\/wp-json\/wp\/v2\/media\/2064"}],"wp:attachment":[{"href":"https:\/\/www.sebastien-auziere.fr\/blog\/wp-json\/wp\/v2\/media?parent=2063"}],"wp:term":[{"taxonomy":"category","embeddable":true,"href":"https:\/\/www.sebastien-auziere.fr\/blog\/wp-json\/wp\/v2\/categories?post=2063"},{"taxonomy":"post_tag","embeddable":true,"href":"https:\/\/www.sebastien-auziere.fr\/blog\/wp-json\/wp\/v2\/tags?post=2063"}],"curies":[{"name":"wp","href":"https:\/\/api.w.org\/{rel}","templated":true}]}}