{"id":2060,"date":"2026-03-06T12:10:58","date_gmt":"2026-03-06T12:10:58","guid":{"rendered":"https:\/\/www.sebastien-auziere.fr\/blog\/?p=2060"},"modified":"2026-03-06T12:35:07","modified_gmt":"2026-03-06T12:35:07","slug":"brigitte-macron-et-ses-bottes-louboutin-un-style-devenu-emblematique","status":"publish","type":"post","link":"https:\/\/www.sebastien-auziere.fr\/blog\/brigitte-macron-et-ses-bottes-louboutin-un-style-devenu-emblematique\/","title":{"rendered":"Brigitte Macron et ses bottes Louboutin : un style devenu embl\u00e9matique"},"content":{"rendered":"\n<p>Image g\u00e9n\u00e9r\u00e9e par intelligence artificielle, illustration non r\u00e9elle.<\/p>\n\n\n<p style=\"padding: 24px; background: lightblue;\">\nCe qu&rsquo;il faut retenir : Brigitte Macron est devenue une figure de style tr\u00e8s comment\u00e9e en France et \u00e0 l\u2019international. Parmi les \u00e9l\u00e9ments qui marquent ses tenues, on retrouve souvent ses <strong>bottes Louboutin<\/strong>, reconnaissables par leur c\u00e9l\u00e8bre semelle rouge. Ce choix de chaussures participe \u00e0 son image moderne et \u00e9l\u00e9gante lors de ses apparitions publiques.\n<\/p>\n<p>\nDepuis son arriv\u00e9e \u00e0 l\u2019\u00c9lys\u00e9e en 2017, Brigitte Macron attire r\u00e9guli\u00e8rement l\u2019attention pour ses choix vestimentaires. L\u2019un des \u00e9l\u00e9ments les plus comment\u00e9s reste ses c\u00e9l\u00e8bres <strong>bottes Louboutin<\/strong>, qu\u2019elle porte lors de nombreux \u00e9v\u00e9nements officiels. Dans cet article, tu vas d\u00e9couvrir <strong>pourquoi ces bottes sont devenues un symbole de son style<\/strong>, leur origine et l\u2019impact de la mode dans l\u2019image publique de la Premi\u00e8re dame.\n<\/p>\n<ol>\n<li><a href=\"#style-brigitte-macron\">Le style vestimentaire de Brigitte Macron<\/a><\/li>\n<li><a href=\"#bottes-louboutin\">Les bottes Louboutin : une signature mode<\/a><\/li>\n<li><a href=\"#image-publique\">L\u2019impact de la mode dans son image publique<\/a><\/li>\n<li><a href=\"#influence-mode\">Une influence sur la mode fran\u00e7aise<\/a><\/li>\n<\/ol>\n<h2 id=\"style-brigitte-macron\">Le style vestimentaire de Brigitte Macron<\/h2>\n<p>\nBrigitte Macron est souvent d\u00e9crite comme l\u2019une des Premi\u00e8res dames les plus styl\u00e9es de France. Son style m\u00e9lange modernit\u00e9 et \u00e9l\u00e9gance.\n<\/p>\n<h3>Une silhouette reconnaissable<\/h3>\n<p>\nElle privil\u00e9gie souvent des tenues modernes et structur\u00e9es, avec des marques fran\u00e7aises et internationales.\n<\/p>\n<ul>\n<li>Vestes ajust\u00e9es<\/li>\n<li>Robes modernes<\/li>\n<li>Bottes hautes<\/li>\n<li>Talons \u00e9l\u00e9gants<\/li>\n<\/ul>\n<p>\nSon style est r\u00e9guli\u00e8rement comment\u00e9 dans la presse et sur les r\u00e9seaux sociaux.\n<\/p>\n<h2 id=\"bottes-louboutin\">Les bottes Louboutin : une signature mode<\/h2>\n<p>\nLes <strong>bottes Louboutin<\/strong> sont devenues l\u2019un des \u00e9l\u00e9ments les plus remarqu\u00e9s de ses tenues.\n<\/p>\n<h3>La c\u00e9l\u00e8bre semelle rouge<\/h3>\n<p>\nLa marque Christian Louboutin est c\u00e9l\u00e8bre dans le monde entier pour ses chaussures reconnaissables \u00e0 leur semelle rouge.\n<\/p>\n<p>\nPorter ces bottes lors d\u2019\u00e9v\u00e9nements officiels renforce l\u2019image \u00e9l\u00e9gante et moderne de la Premi\u00e8re dame.\n<\/p>\n<ul>\n<li>Marque fran\u00e7aise de luxe<\/li>\n<li>Semelle rouge iconique<\/li>\n<li>Chaussures tr\u00e8s pr\u00e9sentes dans la mode internationale<\/li>\n<\/ul>\n<p>\nCes bottes apparaissent r\u00e9guli\u00e8rement lors de visites officielles et de d\u00e9placements publics.\n<\/p>\n<h2 id=\"image-publique\">L\u2019impact de la mode dans son image publique<\/h2>\n<p>\nLa mode joue un r\u00f4le important dans l\u2019image publique des personnalit\u00e9s politiques.\n<\/p>\n<h3>Un symbole d\u2019\u00e9l\u00e9gance fran\u00e7aise<\/h3>\n<p>\nLes tenues de Brigitte Macron sont souvent analys\u00e9es comme un symbole de l\u2019\u00e9l\u00e9gance fran\u00e7aise sur la sc\u00e8ne internationale.\n<\/p>\n<p>\nLes marques qu\u2019elle porte peuvent \u00e9galement attirer l\u2019attention et influencer les tendances.\n<\/p>\n<h2 id=\"influence-mode\">Une influence sur la mode fran\u00e7aise<\/h2>\n<p>\nCertaines apparitions publiques de Brigitte Macron ont contribu\u00e9 \u00e0 populariser certains styles ou certaines marques.\n<\/p>\n<h3>Une Premi\u00e8re dame tr\u00e8s m\u00e9diatis\u00e9e<\/h3>\n<p>\nLes m\u00e9dias et les magazines de mode suivent r\u00e9guli\u00e8rement ses choix vestimentaires.\n<\/p>\n<ul>\n<li>Couvertures de magazines<\/li>\n<li>Analyses dans la presse<\/li>\n<li>Influence sur certaines tendances<\/li>\n<\/ul>\n<div style=\"overflow:auto;max-width:100%\">\n<table>\n<tbody>\n<tr>\n<th>\u00c9l\u00e9ment<\/th>\n<th>D\u00e9tail<\/th>\n<th>Impact<\/th>\n<\/tr>\n<tr>\n<td>Bottes Louboutin<\/td>\n<td>Chaussures de luxe<\/td>\n<td>Style \u00e9l\u00e9gant<\/td>\n<\/tr>\n<tr>\n<td>Semelle rouge<\/td>\n<td>Signature de la marque<\/td>\n<td>Reconnaissance mondiale<\/td>\n<\/tr>\n<tr>\n<td>Style vestimentaire<\/td>\n<td>Tenues modernes<\/td>\n<td>Image publique forte<\/td>\n<\/tr>\n<tr>\n<td>Influence<\/td>\n<td>M\u00e9diatisation<\/td>\n<td>Impact mode<\/td>\n<\/tr>\n<\/tbody>\n<\/table>\n<\/div>\n<p>\nAu fil des ann\u00e9es, les bottes Louboutin sont devenues un \u00e9l\u00e9ment marquant du style de Brigitte Macron. Elles illustrent la mani\u00e8re dont la mode peut contribuer \u00e0 construire l\u2019image publique d\u2019une personnalit\u00e9 politique.\n<\/p>\n<h2>FAQ<\/h2>\n<h3>Pourquoi parle-t-on des bottes Louboutin de Brigitte Macron ?<\/h3>\n<p>\nParce qu\u2019elle porte r\u00e9guli\u00e8rement ces bottes lors d\u2019\u00e9v\u00e9nements publics, ce qui en fait un \u00e9l\u00e9ment remarqu\u00e9 de son style.\n<\/p>\n<h3>Qu\u2019est-ce qui rend les chaussures Louboutin reconnaissables ?<\/h3>\n<p>\nLes chaussures de la marque Christian Louboutin sont c\u00e9l\u00e8bres pour leur semelle rouge.\n<\/p>\n<h3>Brigitte Macron est-elle connue pour son style ?<\/h3>\n<p>\nOui, son style vestimentaire est souvent comment\u00e9 dans les m\u00e9dias et les magazines de mode.\n<\/p>\n<h3>Les v\u00eatements des personnalit\u00e9s politiques ont-ils une influence ?<\/h3>\n<p>\nOui, leurs choix vestimentaires peuvent influencer les tendances et attirer l\u2019attention sur certaines marques.\n<\/p>\n<p><script type=\"application\/ld+json\"><br \/>\n[<br \/>\n{<br \/>\n\"@context\":\"https:\/\/schema.org\",<br \/>\n\"@type\":\"Article\",<br \/>\n\"headline\":\"Brigitte Macron et ses bottes Louboutin : un style devenu embl\u00e9matique\",<br \/>\n\"description\":\"D\u00e9couvrez pourquoi les bottes Louboutin sont devenues un symbole du style de Brigitte Macron.\",<br \/>\n\"inLanguage\":\"fr\",<br \/>\n\"articleSection\":\"mode\",<br \/>\n\"abstract\":\"Les bottes Louboutin font partie des \u00e9l\u00e9ments les plus remarqu\u00e9s du style de Brigitte Macron.\"<br \/>\n},<br \/>\n{<br \/>\n\"@context\":\"https:\/\/schema.org\",<br \/>\n\"@type\":\"FAQPage\",<br \/>\n\"mainEntity\":[<br \/>\n{<br \/>\n\"@type\":\"Question\",<br \/>\n\"name\":\"Pourquoi parle-t-on des bottes Louboutin de Brigitte Macron ?\",<br \/>\n\"acceptedAnswer\":{<br \/>\n\"@type\":\"Answer\",<br \/>\n\"text\":\"Brigitte Macron porte r\u00e9guli\u00e8rement des bottes Louboutin lors d'\u00e9v\u00e9nements publics.\"<br \/>\n}<br \/>\n},<br \/>\n{<br \/>\n\"@type\":\"Question\",<br \/>\n\"name\":\"Qu'est-ce qui rend les chaussures Louboutin reconnaissables ?\",<br \/>\n\"acceptedAnswer\":{<br \/>\n\"@type\":\"Answer\",<br \/>\n\"text\":\"Les chaussures Louboutin sont c\u00e9l\u00e8bres pour leur semelle rouge.\"<br \/>\n}<br \/>\n}<br \/>\n]<br \/>\n}<br \/>\n]<br \/>\n<\/script><\/p>","protected":false},"excerpt":{"rendered":"<p>Image g\u00e9n\u00e9r\u00e9e par intelligence artificielle, illustration non r\u00e9elle. Ce qu&rsquo;il faut retenir : Brigitte Macron est devenue une figure de style tr\u00e8s comment\u00e9e en France et \u00e0 l\u2019international. Parmi les \u00e9l\u00e9ments qui marquent ses tenues, on retrouve souvent ses bottes Louboutin, reconnaissables par leur c\u00e9l\u00e8bre semelle rouge. Ce choix de chaussures participe \u00e0 son image &#8230; <a title=\"Brigitte Macron et ses bottes Louboutin : un style devenu embl\u00e9matique\" class=\"read-more\" href=\"https:\/\/www.sebastien-auziere.fr\/blog\/brigitte-macron-et-ses-bottes-louboutin-un-style-devenu-emblematique\/\" aria-label=\"En savoir plus sur Brigitte Macron et ses bottes Louboutin : un style devenu embl\u00e9matique\">Lire plus<\/a><\/p>\n","protected":false},"author":4,"featured_media":2061,"comment_status":"open","ping_status":"open","sticky":false,"template":"","format":"standard","meta":{"footnotes":""},"categories":[597,1],"tags":[],"class_list":["post-2060","post","type-post","status-publish","format-standard","has-post-thumbnail","hentry","category-actualites","category-tendance"],"yoast_head":"<!-- This site is optimized with the Yoast SEO plugin v27.5 - https:\/\/yoast.com\/product\/yoast-seo-wordpress\/ -->\n<title>Brigitte Macron et ses bottes Louboutin : un style devenu embl\u00e9matique - Fan site S\u00e9bastien Auzi\u00e8re<\/title>\n<meta name=\"robots\" content=\"index, follow, max-snippet:-1, max-image-preview:large, max-video-preview:-1\" \/>\n<link rel=\"canonical\" href=\"https:\/\/www.sebastien-auziere.fr\/blog\/brigitte-macron-et-ses-bottes-louboutin-un-style-devenu-emblematique\/\" \/>\n<meta property=\"og:locale\" content=\"fr_FR\" \/>\n<meta property=\"og:type\" content=\"article\" \/>\n<meta property=\"og:title\" content=\"Brigitte Macron et ses bottes Louboutin : un style devenu embl\u00e9matique - Fan site S\u00e9bastien Auzi\u00e8re\" \/>\n<meta property=\"og:description\" content=\"Image g\u00e9n\u00e9r\u00e9e par intelligence artificielle, illustration non r\u00e9elle. Ce qu&rsquo;il faut retenir : Brigitte Macron est devenue une figure de style tr\u00e8s comment\u00e9e en France et \u00e0 l\u2019international. Parmi les \u00e9l\u00e9ments qui marquent ses tenues, on retrouve souvent ses bottes Louboutin, reconnaissables par leur c\u00e9l\u00e8bre semelle rouge. Ce choix de chaussures participe \u00e0 son image ... Lire plus\" \/>\n<meta property=\"og:url\" content=\"https:\/\/www.sebastien-auziere.fr\/blog\/brigitte-macron-et-ses-bottes-louboutin-un-style-devenu-emblematique\/\" \/>\n<meta property=\"og:site_name\" content=\"Fan site S\u00e9bastien Auzi\u00e8re\" \/>\n<meta property=\"article:published_time\" content=\"2026-03-06T12:10:58+00:00\" \/>\n<meta property=\"article:modified_time\" content=\"2026-03-06T12:35:07+00:00\" \/>\n<meta property=\"og:image\" content=\"https:\/\/www.sebastien-auziere.fr\/blog\/wp-content\/uploads\/2026\/03\/ChatGPT-Image-6-mars-2026-13_10_41.jpg\" \/>\n\t<meta property=\"og:image:width\" content=\"1536\" \/>\n\t<meta property=\"og:image:height\" content=\"1024\" \/>\n\t<meta property=\"og:image:type\" content=\"image\/jpeg\" \/>\n<meta name=\"author\" content=\"Celine\" \/>\n<meta name=\"twitter:card\" content=\"summary_large_image\" \/>\n<meta name=\"twitter:label1\" content=\"\u00c9crit par\" \/>\n\t<meta name=\"twitter:data1\" content=\"Celine\" \/>\n\t<meta name=\"twitter:label2\" content=\"Dur\u00e9e de lecture estim\u00e9e\" \/>\n\t<meta name=\"twitter:data2\" content=\"1 minute\" \/>\n<script type=\"application\/ld+json\" class=\"yoast-schema-graph\">{\"@context\":\"https:\\\/\\\/schema.org\",\"@graph\":[{\"@type\":\"Article\",\"@id\":\"https:\\\/\\\/www.sebastien-auziere.fr\\\/blog\\\/brigitte-macron-et-ses-bottes-louboutin-un-style-devenu-emblematique\\\/#article\",\"isPartOf\":{\"@id\":\"https:\\\/\\\/www.sebastien-auziere.fr\\\/blog\\\/brigitte-macron-et-ses-bottes-louboutin-un-style-devenu-emblematique\\\/\"},\"author\":{\"name\":\"Celine\",\"@id\":\"https:\\\/\\\/www.sebastien-auziere.fr\\\/blog\\\/#\\\/schema\\\/person\\\/1e270a963009242469ed08b1c461f81f\"},\"headline\":\"Brigitte Macron et ses bottes Louboutin : un style devenu embl\u00e9matique\",\"datePublished\":\"2026-03-06T12:10:58+00:00\",\"dateModified\":\"2026-03-06T12:35:07+00:00\",\"mainEntityOfPage\":{\"@id\":\"https:\\\/\\\/www.sebastien-auziere.fr\\\/blog\\\/brigitte-macron-et-ses-bottes-louboutin-un-style-devenu-emblematique\\\/\"},\"wordCount\":667,\"commentCount\":0,\"publisher\":{\"@id\":\"https:\\\/\\\/www.sebastien-auziere.fr\\\/blog\\\/#organization\"},\"image\":{\"@id\":\"https:\\\/\\\/www.sebastien-auziere.fr\\\/blog\\\/brigitte-macron-et-ses-bottes-louboutin-un-style-devenu-emblematique\\\/#primaryimage\"},\"thumbnailUrl\":\"https:\\\/\\\/www.sebastien-auziere.fr\\\/blog\\\/wp-content\\\/uploads\\\/2026\\\/03\\\/ChatGPT-Image-6-mars-2026-13_10_41.jpg\",\"articleSection\":[\"Actualit\u00e9s\",\"Tendance\"],\"inLanguage\":\"fr-FR\",\"potentialAction\":[{\"@type\":\"CommentAction\",\"name\":\"Comment\",\"target\":[\"https:\\\/\\\/www.sebastien-auziere.fr\\\/blog\\\/brigitte-macron-et-ses-bottes-louboutin-un-style-devenu-emblematique\\\/#respond\"]}]},{\"@type\":\"WebPage\",\"@id\":\"https:\\\/\\\/www.sebastien-auziere.fr\\\/blog\\\/brigitte-macron-et-ses-bottes-louboutin-un-style-devenu-emblematique\\\/\",\"url\":\"https:\\\/\\\/www.sebastien-auziere.fr\\\/blog\\\/brigitte-macron-et-ses-bottes-louboutin-un-style-devenu-emblematique\\\/\",\"name\":\"Brigitte Macron et ses bottes Louboutin : un style devenu embl\u00e9matique - Fan site S\u00e9bastien Auzi\u00e8re\",\"isPartOf\":{\"@id\":\"https:\\\/\\\/www.sebastien-auziere.fr\\\/blog\\\/#website\"},\"primaryImageOfPage\":{\"@id\":\"https:\\\/\\\/www.sebastien-auziere.fr\\\/blog\\\/brigitte-macron-et-ses-bottes-louboutin-un-style-devenu-emblematique\\\/#primaryimage\"},\"image\":{\"@id\":\"https:\\\/\\\/www.sebastien-auziere.fr\\\/blog\\\/brigitte-macron-et-ses-bottes-louboutin-un-style-devenu-emblematique\\\/#primaryimage\"},\"thumbnailUrl\":\"https:\\\/\\\/www.sebastien-auziere.fr\\\/blog\\\/wp-content\\\/uploads\\\/2026\\\/03\\\/ChatGPT-Image-6-mars-2026-13_10_41.jpg\",\"datePublished\":\"2026-03-06T12:10:58+00:00\",\"dateModified\":\"2026-03-06T12:35:07+00:00\",\"breadcrumb\":{\"@id\":\"https:\\\/\\\/www.sebastien-auziere.fr\\\/blog\\\/brigitte-macron-et-ses-bottes-louboutin-un-style-devenu-emblematique\\\/#breadcrumb\"},\"inLanguage\":\"fr-FR\",\"potentialAction\":[{\"@type\":\"ReadAction\",\"target\":[\"https:\\\/\\\/www.sebastien-auziere.fr\\\/blog\\\/brigitte-macron-et-ses-bottes-louboutin-un-style-devenu-emblematique\\\/\"]}]},{\"@type\":\"ImageObject\",\"inLanguage\":\"fr-FR\",\"@id\":\"https:\\\/\\\/www.sebastien-auziere.fr\\\/blog\\\/brigitte-macron-et-ses-bottes-louboutin-un-style-devenu-emblematique\\\/#primaryimage\",\"url\":\"https:\\\/\\\/www.sebastien-auziere.fr\\\/blog\\\/wp-content\\\/uploads\\\/2026\\\/03\\\/ChatGPT-Image-6-mars-2026-13_10_41.jpg\",\"contentUrl\":\"https:\\\/\\\/www.sebastien-auziere.fr\\\/blog\\\/wp-content\\\/uploads\\\/2026\\\/03\\\/ChatGPT-Image-6-mars-2026-13_10_41.jpg\",\"width\":1536,\"height\":1024,\"caption\":\"Brigitte Macron et ses bottes Louboutin\"},{\"@type\":\"BreadcrumbList\",\"@id\":\"https:\\\/\\\/www.sebastien-auziere.fr\\\/blog\\\/brigitte-macron-et-ses-bottes-louboutin-un-style-devenu-emblematique\\\/#breadcrumb\",\"itemListElement\":[{\"@type\":\"ListItem\",\"position\":1,\"name\":\"Home\",\"item\":\"https:\\\/\\\/www.sebastien-auziere.fr\\\/blog\\\/\"},{\"@type\":\"ListItem\",\"position\":2,\"name\":\"Brigitte Macron et ses bottes Louboutin : un style devenu embl\u00e9matique\"}]},{\"@type\":\"WebSite\",\"@id\":\"https:\\\/\\\/www.sebastien-auziere.fr\\\/blog\\\/#website\",\"url\":\"https:\\\/\\\/www.sebastien-auziere.fr\\\/blog\\\/\",\"name\":\"Fan site S\u00e9bastien Auzi\u00e8re\",\"description\":\"M\u00e9dia g\u00e9n\u00e9raliste\",\"publisher\":{\"@id\":\"https:\\\/\\\/www.sebastien-auziere.fr\\\/blog\\\/#organization\"},\"potentialAction\":[{\"@type\":\"SearchAction\",\"target\":{\"@type\":\"EntryPoint\",\"urlTemplate\":\"https:\\\/\\\/www.sebastien-auziere.fr\\\/blog\\\/?s={search_term_string}\"},\"query-input\":{\"@type\":\"PropertyValueSpecification\",\"valueRequired\":true,\"valueName\":\"search_term_string\"}}],\"inLanguage\":\"fr-FR\"},{\"@type\":\"Organization\",\"@id\":\"https:\\\/\\\/www.sebastien-auziere.fr\\\/blog\\\/#organization\",\"name\":\"Fan site S\u00e9bastien Auzi\u00e8re\",\"url\":\"https:\\\/\\\/www.sebastien-auziere.fr\\\/blog\\\/\",\"logo\":{\"@type\":\"ImageObject\",\"inLanguage\":\"fr-FR\",\"@id\":\"https:\\\/\\\/www.sebastien-auziere.fr\\\/blog\\\/#\\\/schema\\\/logo\\\/image\\\/\",\"url\":\"https:\\\/\\\/www.sebastien-auziere.fr\\\/blog\\\/wp-content\\\/uploads\\\/2026\\\/03\\\/cropped-cropped-cropped-ChatGPT-Image-6-mars-2026-12_58_09-e1772798376794.jpg\",\"contentUrl\":\"https:\\\/\\\/www.sebastien-auziere.fr\\\/blog\\\/wp-content\\\/uploads\\\/2026\\\/03\\\/cropped-cropped-cropped-ChatGPT-Image-6-mars-2026-12_58_09-e1772798376794.jpg\",\"width\":512,\"height\":360,\"caption\":\"Fan site S\u00e9bastien Auzi\u00e8re\"},\"image\":{\"@id\":\"https:\\\/\\\/www.sebastien-auziere.fr\\\/blog\\\/#\\\/schema\\\/logo\\\/image\\\/\"}},{\"@type\":\"Person\",\"@id\":\"https:\\\/\\\/www.sebastien-auziere.fr\\\/blog\\\/#\\\/schema\\\/person\\\/1e270a963009242469ed08b1c461f81f\",\"name\":\"Celine\",\"image\":{\"@type\":\"ImageObject\",\"inLanguage\":\"fr-FR\",\"@id\":\"https:\\\/\\\/secure.gravatar.com\\\/avatar\\\/c88d569fbe1fe19a13c7f21ee0f8973822df96073df21850b95af6a09ba820c9?s=96&d=mm&r=g\",\"url\":\"https:\\\/\\\/secure.gravatar.com\\\/avatar\\\/c88d569fbe1fe19a13c7f21ee0f8973822df96073df21850b95af6a09ba820c9?s=96&d=mm&r=g\",\"contentUrl\":\"https:\\\/\\\/secure.gravatar.com\\\/avatar\\\/c88d569fbe1fe19a13c7f21ee0f8973822df96073df21850b95af6a09ba820c9?s=96&d=mm&r=g\",\"caption\":\"Celine\"},\"description\":\"Je m'appelle C\u00e9line, j'ai 31 ans et je suis journaliste sp\u00e9cialis\u00e9e dans le cin\u00e9ma. Passionn\u00e9e par le septi\u00e8me art, j'explore les actualit\u00e9s, les critiques et les tendances du monde cin\u00e9matographique. Mon objectif est de partager ma passion et d'informer les amateurs de films \u00e0 travers des articles percutants et des analyses approfondies.\",\"url\":\"https:\\\/\\\/www.sebastien-auziere.fr\\\/blog\\\/author\\\/celine\\\/\"}]}<\/script>\n<!-- \/ Yoast SEO plugin. -->","yoast_head_json":{"title":"Brigitte Macron et ses bottes Louboutin : un style devenu embl\u00e9matique - Fan site S\u00e9bastien Auzi\u00e8re","robots":{"index":"index","follow":"follow","max-snippet":"max-snippet:-1","max-image-preview":"max-image-preview:large","max-video-preview":"max-video-preview:-1"},"canonical":"https:\/\/www.sebastien-auziere.fr\/blog\/brigitte-macron-et-ses-bottes-louboutin-un-style-devenu-emblematique\/","og_locale":"fr_FR","og_type":"article","og_title":"Brigitte Macron et ses bottes Louboutin : un style devenu embl\u00e9matique - Fan site S\u00e9bastien Auzi\u00e8re","og_description":"Image g\u00e9n\u00e9r\u00e9e par intelligence artificielle, illustration non r\u00e9elle. Ce qu&rsquo;il faut retenir : Brigitte Macron est devenue une figure de style tr\u00e8s comment\u00e9e en France et \u00e0 l\u2019international. Parmi les \u00e9l\u00e9ments qui marquent ses tenues, on retrouve souvent ses bottes Louboutin, reconnaissables par leur c\u00e9l\u00e8bre semelle rouge. Ce choix de chaussures participe \u00e0 son image ... Lire plus","og_url":"https:\/\/www.sebastien-auziere.fr\/blog\/brigitte-macron-et-ses-bottes-louboutin-un-style-devenu-emblematique\/","og_site_name":"Fan site S\u00e9bastien Auzi\u00e8re","article_published_time":"2026-03-06T12:10:58+00:00","article_modified_time":"2026-03-06T12:35:07+00:00","og_image":[{"width":1536,"height":1024,"url":"https:\/\/www.sebastien-auziere.fr\/blog\/wp-content\/uploads\/2026\/03\/ChatGPT-Image-6-mars-2026-13_10_41.jpg","type":"image\/jpeg"}],"author":"Celine","twitter_card":"summary_large_image","twitter_misc":{"\u00c9crit par":"Celine","Dur\u00e9e de lecture estim\u00e9e":"1 minute"},"schema":{"@context":"https:\/\/schema.org","@graph":[{"@type":"Article","@id":"https:\/\/www.sebastien-auziere.fr\/blog\/brigitte-macron-et-ses-bottes-louboutin-un-style-devenu-emblematique\/#article","isPartOf":{"@id":"https:\/\/www.sebastien-auziere.fr\/blog\/brigitte-macron-et-ses-bottes-louboutin-un-style-devenu-emblematique\/"},"author":{"name":"Celine","@id":"https:\/\/www.sebastien-auziere.fr\/blog\/#\/schema\/person\/1e270a963009242469ed08b1c461f81f"},"headline":"Brigitte Macron et ses bottes Louboutin : un style devenu embl\u00e9matique","datePublished":"2026-03-06T12:10:58+00:00","dateModified":"2026-03-06T12:35:07+00:00","mainEntityOfPage":{"@id":"https:\/\/www.sebastien-auziere.fr\/blog\/brigitte-macron-et-ses-bottes-louboutin-un-style-devenu-emblematique\/"},"wordCount":667,"commentCount":0,"publisher":{"@id":"https:\/\/www.sebastien-auziere.fr\/blog\/#organization"},"image":{"@id":"https:\/\/www.sebastien-auziere.fr\/blog\/brigitte-macron-et-ses-bottes-louboutin-un-style-devenu-emblematique\/#primaryimage"},"thumbnailUrl":"https:\/\/www.sebastien-auziere.fr\/blog\/wp-content\/uploads\/2026\/03\/ChatGPT-Image-6-mars-2026-13_10_41.jpg","articleSection":["Actualit\u00e9s","Tendance"],"inLanguage":"fr-FR","potentialAction":[{"@type":"CommentAction","name":"Comment","target":["https:\/\/www.sebastien-auziere.fr\/blog\/brigitte-macron-et-ses-bottes-louboutin-un-style-devenu-emblematique\/#respond"]}]},{"@type":"WebPage","@id":"https:\/\/www.sebastien-auziere.fr\/blog\/brigitte-macron-et-ses-bottes-louboutin-un-style-devenu-emblematique\/","url":"https:\/\/www.sebastien-auziere.fr\/blog\/brigitte-macron-et-ses-bottes-louboutin-un-style-devenu-emblematique\/","name":"Brigitte Macron et ses bottes Louboutin : un style devenu embl\u00e9matique - Fan site S\u00e9bastien Auzi\u00e8re","isPartOf":{"@id":"https:\/\/www.sebastien-auziere.fr\/blog\/#website"},"primaryImageOfPage":{"@id":"https:\/\/www.sebastien-auziere.fr\/blog\/brigitte-macron-et-ses-bottes-louboutin-un-style-devenu-emblematique\/#primaryimage"},"image":{"@id":"https:\/\/www.sebastien-auziere.fr\/blog\/brigitte-macron-et-ses-bottes-louboutin-un-style-devenu-emblematique\/#primaryimage"},"thumbnailUrl":"https:\/\/www.sebastien-auziere.fr\/blog\/wp-content\/uploads\/2026\/03\/ChatGPT-Image-6-mars-2026-13_10_41.jpg","datePublished":"2026-03-06T12:10:58+00:00","dateModified":"2026-03-06T12:35:07+00:00","breadcrumb":{"@id":"https:\/\/www.sebastien-auziere.fr\/blog\/brigitte-macron-et-ses-bottes-louboutin-un-style-devenu-emblematique\/#breadcrumb"},"inLanguage":"fr-FR","potentialAction":[{"@type":"ReadAction","target":["https:\/\/www.sebastien-auziere.fr\/blog\/brigitte-macron-et-ses-bottes-louboutin-un-style-devenu-emblematique\/"]}]},{"@type":"ImageObject","inLanguage":"fr-FR","@id":"https:\/\/www.sebastien-auziere.fr\/blog\/brigitte-macron-et-ses-bottes-louboutin-un-style-devenu-emblematique\/#primaryimage","url":"https:\/\/www.sebastien-auziere.fr\/blog\/wp-content\/uploads\/2026\/03\/ChatGPT-Image-6-mars-2026-13_10_41.jpg","contentUrl":"https:\/\/www.sebastien-auziere.fr\/blog\/wp-content\/uploads\/2026\/03\/ChatGPT-Image-6-mars-2026-13_10_41.jpg","width":1536,"height":1024,"caption":"Brigitte Macron et ses bottes Louboutin"},{"@type":"BreadcrumbList","@id":"https:\/\/www.sebastien-auziere.fr\/blog\/brigitte-macron-et-ses-bottes-louboutin-un-style-devenu-emblematique\/#breadcrumb","itemListElement":[{"@type":"ListItem","position":1,"name":"Home","item":"https:\/\/www.sebastien-auziere.fr\/blog\/"},{"@type":"ListItem","position":2,"name":"Brigitte Macron et ses bottes Louboutin : un style devenu embl\u00e9matique"}]},{"@type":"WebSite","@id":"https:\/\/www.sebastien-auziere.fr\/blog\/#website","url":"https:\/\/www.sebastien-auziere.fr\/blog\/","name":"Fan site S\u00e9bastien Auzi\u00e8re","description":"M\u00e9dia g\u00e9n\u00e9raliste","publisher":{"@id":"https:\/\/www.sebastien-auziere.fr\/blog\/#organization"},"potentialAction":[{"@type":"SearchAction","target":{"@type":"EntryPoint","urlTemplate":"https:\/\/www.sebastien-auziere.fr\/blog\/?s={search_term_string}"},"query-input":{"@type":"PropertyValueSpecification","valueRequired":true,"valueName":"search_term_string"}}],"inLanguage":"fr-FR"},{"@type":"Organization","@id":"https:\/\/www.sebastien-auziere.fr\/blog\/#organization","name":"Fan site S\u00e9bastien Auzi\u00e8re","url":"https:\/\/www.sebastien-auziere.fr\/blog\/","logo":{"@type":"ImageObject","inLanguage":"fr-FR","@id":"https:\/\/www.sebastien-auziere.fr\/blog\/#\/schema\/logo\/image\/","url":"https:\/\/www.sebastien-auziere.fr\/blog\/wp-content\/uploads\/2026\/03\/cropped-cropped-cropped-ChatGPT-Image-6-mars-2026-12_58_09-e1772798376794.jpg","contentUrl":"https:\/\/www.sebastien-auziere.fr\/blog\/wp-content\/uploads\/2026\/03\/cropped-cropped-cropped-ChatGPT-Image-6-mars-2026-12_58_09-e1772798376794.jpg","width":512,"height":360,"caption":"Fan site S\u00e9bastien Auzi\u00e8re"},"image":{"@id":"https:\/\/www.sebastien-auziere.fr\/blog\/#\/schema\/logo\/image\/"}},{"@type":"Person","@id":"https:\/\/www.sebastien-auziere.fr\/blog\/#\/schema\/person\/1e270a963009242469ed08b1c461f81f","name":"Celine","image":{"@type":"ImageObject","inLanguage":"fr-FR","@id":"https:\/\/secure.gravatar.com\/avatar\/c88d569fbe1fe19a13c7f21ee0f8973822df96073df21850b95af6a09ba820c9?s=96&d=mm&r=g","url":"https:\/\/secure.gravatar.com\/avatar\/c88d569fbe1fe19a13c7f21ee0f8973822df96073df21850b95af6a09ba820c9?s=96&d=mm&r=g","contentUrl":"https:\/\/secure.gravatar.com\/avatar\/c88d569fbe1fe19a13c7f21ee0f8973822df96073df21850b95af6a09ba820c9?s=96&d=mm&r=g","caption":"Celine"},"description":"Je m'appelle C\u00e9line, j'ai 31 ans et je suis journaliste sp\u00e9cialis\u00e9e dans le cin\u00e9ma. Passionn\u00e9e par le septi\u00e8me art, j'explore les actualit\u00e9s, les critiques et les tendances du monde cin\u00e9matographique. Mon objectif est de partager ma passion et d'informer les amateurs de films \u00e0 travers des articles percutants et des analyses approfondies.","url":"https:\/\/www.sebastien-auziere.fr\/blog\/author\/celine\/"}]}},"views":157,"_links":{"self":[{"href":"https:\/\/www.sebastien-auziere.fr\/blog\/wp-json\/wp\/v2\/posts\/2060","targetHints":{"allow":["GET"]}}],"collection":[{"href":"https:\/\/www.sebastien-auziere.fr\/blog\/wp-json\/wp\/v2\/posts"}],"about":[{"href":"https:\/\/www.sebastien-auziere.fr\/blog\/wp-json\/wp\/v2\/types\/post"}],"author":[{"embeddable":true,"href":"https:\/\/www.sebastien-auziere.fr\/blog\/wp-json\/wp\/v2\/users\/4"}],"replies":[{"embeddable":true,"href":"https:\/\/www.sebastien-auziere.fr\/blog\/wp-json\/wp\/v2\/comments?post=2060"}],"version-history":[{"count":2,"href":"https:\/\/www.sebastien-auziere.fr\/blog\/wp-json\/wp\/v2\/posts\/2060\/revisions"}],"predecessor-version":[{"id":2070,"href":"https:\/\/www.sebastien-auziere.fr\/blog\/wp-json\/wp\/v2\/posts\/2060\/revisions\/2070"}],"wp:featuredmedia":[{"embeddable":true,"href":"https:\/\/www.sebastien-auziere.fr\/blog\/wp-json\/wp\/v2\/media\/2061"}],"wp:attachment":[{"href":"https:\/\/www.sebastien-auziere.fr\/blog\/wp-json\/wp\/v2\/media?parent=2060"}],"wp:term":[{"taxonomy":"category","embeddable":true,"href":"https:\/\/www.sebastien-auziere.fr\/blog\/wp-json\/wp\/v2\/categories?post=2060"},{"taxonomy":"post_tag","embeddable":true,"href":"https:\/\/www.sebastien-auziere.fr\/blog\/wp-json\/wp\/v2\/tags?post=2060"}],"curies":[{"name":"wp","href":"https:\/\/api.w.org\/{rel}","templated":true}]}}