{"id":2043,"date":"2026-03-06T11:56:45","date_gmt":"2026-03-06T11:56:45","guid":{"rendered":"https:\/\/www.sebastien-auziere.fr\/blog\/?p=2043"},"modified":"2026-03-06T12:34:48","modified_gmt":"2026-03-06T12:34:48","slug":"brigitte-macron-qui-sont-ses-freres-et-soeurs","status":"publish","type":"post","link":"https:\/\/www.sebastien-auziere.fr\/blog\/brigitte-macron-qui-sont-ses-freres-et-soeurs\/","title":{"rendered":"Brigitte Macron : qui sont ses fr\u00e8res et s\u0153urs ?"},"content":{"rendered":"\n<p>Image g\u00e9n\u00e9r\u00e9e par intelligence artificielle, illustration non r\u00e9elle.<\/p>\n\n\n<p style=\"padding: 24px; background: lightblue;\">\nCe qu&rsquo;il faut retenir : Brigitte Macron est issue de la famille <strong>Trogneux<\/strong>, une famille d\u2019entrepreneurs bien connue \u00e0 Amiens. Elle a grandi entour\u00e9e de plusieurs fr\u00e8res et s\u0153urs dans un environnement familial li\u00e9 \u00e0 l\u2019entreprise de chocolaterie fond\u00e9e par ses parents. Cette fratrie a jou\u00e9 un r\u00f4le important dans son enfance et son parcours.\n<\/p>\n<p>\nAvant de devenir Premi\u00e8re dame de France, Brigitte Macron \u2013 n\u00e9e <strong>Brigitte Trogneux<\/strong> \u2013 a grandi dans une famille nombreuse et tr\u00e8s connue dans la r\u00e9gion d\u2019Amiens. Beaucoup de personnes se demandent aujourd\u2019hui <strong>combien de fr\u00e8res et s\u0153urs elle a<\/strong> et quel r\u00f4le joue la famille Trogneux dans l\u2019histoire de la ville. Dans cet article, tu vas d\u00e9couvrir <strong>la fratrie de Brigitte Macron, son environnement familial et l\u2019histoire de cette famille d\u2019entrepreneurs<\/strong>.\n<\/p>\n<ol>\n<li><a href=\"#famille-trogneux\">La famille Trogneux \u00e0 Amiens<\/a><\/li>\n<li><a href=\"#freres-soeurs\">Les fr\u00e8res et s\u0153urs de Brigitte Macron<\/a><\/li>\n<li><a href=\"#entreprise-familiale\">L\u2019entreprise familiale Trogneux<\/a><\/li>\n<li><a href=\"#importance-famille\">L\u2019importance de la famille dans son parcours<\/a><\/li>\n<\/ol>\n<h2 id=\"famille-trogneux\">La famille Trogneux \u00e0 Amiens<\/h2>\n<p>\nBrigitte Macron est n\u00e9e le <strong>13 avril 1953 \u00e0 Amiens<\/strong>. Elle appartient \u00e0 la famille Trogneux, une famille d\u2019entrepreneurs connue pour son activit\u00e9 dans la chocolaterie et la confiserie.\n<\/p>\n<h3>Une famille connue dans la r\u00e9gion<\/h3>\n<p>\nDepuis plusieurs g\u00e9n\u00e9rations, la famille Trogneux poss\u00e8de une entreprise sp\u00e9cialis\u00e9e dans la fabrication de chocolats et de macarons. Cette activit\u00e9 familiale a contribu\u00e9 \u00e0 la r\u00e9putation de la famille dans la r\u00e9gion des Hauts-de-France.\n<\/p>\n<p>\nGrandir dans cet environnement entrepreneurial a marqu\u00e9 l\u2019enfance de Brigitte Macron et de ses fr\u00e8res et s\u0153urs.\n<\/p>\n<h2 id=\"freres-soeurs\">Les fr\u00e8res et s\u0153urs de Brigitte Macron<\/h2>\n<p>\nBrigitte Macron a grandi dans une fratrie compos\u00e9e de plusieurs enfants. Comme dans beaucoup de familles, les liens entre fr\u00e8res et s\u0153urs ont jou\u00e9 un r\u00f4le important dans son enfance.\n<\/p>\n<h3>Une fratrie soud\u00e9e<\/h3>\n<p>\nLa famille Trogneux comptait plusieurs enfants, chacun ayant suivi son propre parcours professionnel tout en restant li\u00e9 \u00e0 l\u2019histoire familiale.\n<\/p>\n<ul>\n<li>Certains membres ont poursuivi l\u2019activit\u00e9 familiale<\/li>\n<li>D\u2019autres ont choisi des carri\u00e8res diff\u00e9rentes<\/li>\n<li>La famille reste tr\u00e8s attach\u00e9e \u00e0 la ville d\u2019Amiens<\/li>\n<\/ul>\n<p>\nCette fratrie a grandi dans un environnement familial stable et tr\u00e8s impliqu\u00e9 dans la vie locale.\n<\/p>\n<h2 id=\"entreprise-familiale\">L\u2019entreprise familiale Trogneux<\/h2>\n<p>\nL\u2019entreprise familiale est l\u2019un des \u00e9l\u00e9ments les plus connus de l\u2019histoire de la famille de Brigitte Macron.\n<\/p>\n<h3>Une chocolaterie historique<\/h3>\n<p>\nLa maison Trogneux existe depuis plusieurs g\u00e9n\u00e9rations et est notamment c\u00e9l\u00e8bre pour ses macarons d\u2019Amiens. L\u2019entreprise a \u00e9t\u00e9 transmise au fil du temps entre les membres de la famille.\n<\/p>\n<ul>\n<li>Entreprise fond\u00e9e au XIXe si\u00e8cle<\/li>\n<li>Sp\u00e9cialit\u00e9 : macarons d\u2019Amiens<\/li>\n<li>Entreprise familiale toujours active<\/li>\n<\/ul>\n<p>\nCette activit\u00e9 commerciale a contribu\u00e9 \u00e0 la notori\u00e9t\u00e9 de la famille dans la r\u00e9gion.\n<\/p>\n<h2 id=\"importance-famille\">L\u2019importance de la famille dans son parcours<\/h2>\n<p>\nLa famille a toujours occup\u00e9 une place importante dans la vie de Brigitte Macron. Son enfance \u00e0 Amiens et son environnement familial ont largement contribu\u00e9 \u00e0 fa\u00e7onner sa personnalit\u00e9.\n<\/p>\n<h3>Des racines solides<\/h3>\n<p>\nM\u00eame apr\u00e8s \u00eatre devenue Premi\u00e8re dame, Brigitte Macron reste attach\u00e9e \u00e0 ses racines ami\u00e9noises et \u00e0 sa famille.\n<\/p>\n<p>\nSon parcours montre l\u2019importance des liens familiaux et de l\u2019environnement dans la construction d\u2019une personnalit\u00e9 publique.\n<\/p>\n<div style=\"overflow:auto;max-width:100%\">\n<table>\n<tbody>\n<tr>\n<th>\u00c9l\u00e9ment<\/th>\n<th>D\u00e9tail<\/th>\n<th>Importance<\/th>\n<\/tr>\n<tr>\n<td>Famille<\/td>\n<td>Trogneux<\/td>\n<td>Famille d\u2019entrepreneurs<\/td>\n<\/tr>\n<tr>\n<td>Ville<\/td>\n<td>Amiens<\/td>\n<td>Origines familiales<\/td>\n<\/tr>\n<tr>\n<td>Activit\u00e9<\/td>\n<td>Chocolaterie et macarons<\/td>\n<td>Entreprise familiale historique<\/td>\n<\/tr>\n<tr>\n<td>Fratrie<\/td>\n<td>Plusieurs fr\u00e8res et s\u0153urs<\/td>\n<td>Environnement familial<\/td>\n<\/tr>\n<\/tbody>\n<\/table>\n<\/div>\n<p>\nLa famille Trogneux reste aujourd\u2019hui un \u00e9l\u00e9ment important de l\u2019histoire personnelle de Brigitte Macron. Son enfance entour\u00e9e de ses fr\u00e8res et s\u0153urs dans une famille d\u2019entrepreneurs a contribu\u00e9 \u00e0 construire son parcours et son identit\u00e9.\n<\/p>\n<h2>FAQ<\/h2>\n<h3>Combien de fr\u00e8res et s\u0153urs a Brigitte Macron ?<\/h3>\n<p>\nBrigitte Macron est issue d\u2019une famille nombreuse appartenant \u00e0 la famille Trogneux d\u2019Amiens.\n<\/p>\n<h3>Quelle est l\u2019origine de la famille Trogneux ?<\/h3>\n<p>\nLa famille Trogneux est une famille d\u2019entrepreneurs d\u2019Amiens connue pour son activit\u00e9 dans la chocolaterie et la confiserie.\n<\/p>\n<h3>Quelle entreprise poss\u00e8de la famille de Brigitte Macron ?<\/h3>\n<p>\nLa famille Trogneux est c\u00e9l\u00e8bre pour sa chocolaterie et ses macarons d\u2019Amiens.\n<\/p>\n<h3>Brigitte Macron est-elle rest\u00e9e proche de sa famille ?<\/h3>\n<p>\nOui, elle reste attach\u00e9e \u00e0 ses racines familiales et \u00e0 la ville d\u2019Amiens.\n<\/p>\n<p><script type=\"application\/ld+json\"><br \/>\n[<br \/>\n{<br \/>\n\"@context\":\"https:\/\/schema.org\",<br \/>\n\"@type\":\"Article\",<br \/>\n\"headline\":\"Brigitte Macron : qui sont ses fr\u00e8res et s\u0153urs ?\",<br \/>\n\"description\":\"D\u00e9couvrez la famille de Brigitte Macron, sa fratrie et l\u2019histoire de la famille Trogneux \u00e0 Amiens.\",<br \/>\n\"inLanguage\":\"fr\",<br \/>\n\"articleSection\":\"biographie\",<br \/>\n\"abstract\":\"Brigitte Macron est issue de la famille Trogneux, une famille d\u2019entrepreneurs connue pour sa chocolaterie \u00e0 Amiens.\"<br \/>\n},<br \/>\n{<br \/>\n\"@context\":\"https:\/\/schema.org\",<br \/>\n\"@type\":\"FAQPage\",<br \/>\n\"mainEntity\":[<br \/>\n{<br \/>\n\"@type\":\"Question\",<br \/>\n\"name\":\"Combien de fr\u00e8res et s\u0153urs a Brigitte Macron ?\",<br \/>\n\"acceptedAnswer\":{<br \/>\n\"@type\":\"Answer\",<br \/>\n\"text\":\"Brigitte Macron appartient \u00e0 la famille Trogneux d\u2019Amiens, une famille compos\u00e9e de plusieurs fr\u00e8res et s\u0153urs.\"<br \/>\n}<br \/>\n},<br \/>\n{<br \/>\n\"@type\":\"Question\",<br \/>\n\"name\":\"Quelle est l\u2019origine de la famille Trogneux ?\",<br \/>\n\"acceptedAnswer\":{<br \/>\n\"@type\":\"Answer\",<br \/>\n\"text\":\"La famille Trogneux est connue pour son entreprise de chocolaterie et de macarons \u00e0 Amiens.\"<br \/>\n}<br \/>\n}<br \/>\n]<br \/>\n}<br \/>\n]<br \/>\n<\/script><\/p>","protected":false},"excerpt":{"rendered":"<p>Image g\u00e9n\u00e9r\u00e9e par intelligence artificielle, illustration non r\u00e9elle. Ce qu&rsquo;il faut retenir : Brigitte Macron est issue de la famille Trogneux, une famille d\u2019entrepreneurs bien connue \u00e0 Amiens. Elle a grandi entour\u00e9e de plusieurs fr\u00e8res et s\u0153urs dans un environnement familial li\u00e9 \u00e0 l\u2019entreprise de chocolaterie fond\u00e9e par ses parents. Cette fratrie a jou\u00e9 un &#8230; <a title=\"Brigitte Macron : qui sont ses fr\u00e8res et s\u0153urs ?\" class=\"read-more\" href=\"https:\/\/www.sebastien-auziere.fr\/blog\/brigitte-macron-qui-sont-ses-freres-et-soeurs\/\" aria-label=\"En savoir plus sur Brigitte Macron : qui sont ses fr\u00e8res et s\u0153urs ?\">Lire plus<\/a><\/p>\n","protected":false},"author":4,"featured_media":2045,"comment_status":"open","ping_status":"open","sticky":false,"template":"","format":"standard","meta":{"footnotes":""},"categories":[597],"tags":[],"class_list":["post-2043","post","type-post","status-publish","format-standard","has-post-thumbnail","hentry","category-actualites"],"yoast_head":"<!-- This site is optimized with the Yoast SEO plugin v27.5 - https:\/\/yoast.com\/product\/yoast-seo-wordpress\/ -->\n<title>Brigitte Macron : qui sont ses fr\u00e8res et s\u0153urs ? - Fan site S\u00e9bastien Auzi\u00e8re<\/title>\n<meta name=\"robots\" content=\"index, follow, max-snippet:-1, max-image-preview:large, max-video-preview:-1\" \/>\n<link rel=\"canonical\" href=\"https:\/\/www.sebastien-auziere.fr\/blog\/brigitte-macron-qui-sont-ses-freres-et-soeurs\/\" \/>\n<meta property=\"og:locale\" content=\"fr_FR\" \/>\n<meta property=\"og:type\" content=\"article\" \/>\n<meta property=\"og:title\" content=\"Brigitte Macron : qui sont ses fr\u00e8res et s\u0153urs ? - Fan site S\u00e9bastien Auzi\u00e8re\" \/>\n<meta property=\"og:description\" content=\"Image g\u00e9n\u00e9r\u00e9e par intelligence artificielle, illustration non r\u00e9elle. Ce qu&rsquo;il faut retenir : Brigitte Macron est issue de la famille Trogneux, une famille d\u2019entrepreneurs bien connue \u00e0 Amiens. Elle a grandi entour\u00e9e de plusieurs fr\u00e8res et s\u0153urs dans un environnement familial li\u00e9 \u00e0 l\u2019entreprise de chocolaterie fond\u00e9e par ses parents. Cette fratrie a jou\u00e9 un ... Lire plus\" \/>\n<meta property=\"og:url\" content=\"https:\/\/www.sebastien-auziere.fr\/blog\/brigitte-macron-qui-sont-ses-freres-et-soeurs\/\" \/>\n<meta property=\"og:site_name\" content=\"Fan site S\u00e9bastien Auzi\u00e8re\" \/>\n<meta property=\"article:published_time\" content=\"2026-03-06T11:56:45+00:00\" \/>\n<meta property=\"article:modified_time\" content=\"2026-03-06T12:34:48+00:00\" \/>\n<meta property=\"og:image\" content=\"https:\/\/www.sebastien-auziere.fr\/blog\/wp-content\/uploads\/2026\/03\/ChatGPT-Image-6-mars-2026-12_56_11.jpg\" \/>\n\t<meta property=\"og:image:width\" content=\"1536\" \/>\n\t<meta property=\"og:image:height\" content=\"1024\" \/>\n\t<meta property=\"og:image:type\" content=\"image\/jpeg\" \/>\n<meta name=\"author\" content=\"Celine\" \/>\n<meta name=\"twitter:card\" content=\"summary_large_image\" \/>\n<meta name=\"twitter:label1\" content=\"\u00c9crit par\" \/>\n\t<meta name=\"twitter:data1\" content=\"Celine\" \/>\n\t<meta name=\"twitter:label2\" content=\"Dur\u00e9e de lecture estim\u00e9e\" \/>\n\t<meta name=\"twitter:data2\" content=\"1 minute\" \/>\n<script type=\"application\/ld+json\" class=\"yoast-schema-graph\">{\"@context\":\"https:\\\/\\\/schema.org\",\"@graph\":[{\"@type\":\"Article\",\"@id\":\"https:\\\/\\\/www.sebastien-auziere.fr\\\/blog\\\/brigitte-macron-qui-sont-ses-freres-et-soeurs\\\/#article\",\"isPartOf\":{\"@id\":\"https:\\\/\\\/www.sebastien-auziere.fr\\\/blog\\\/brigitte-macron-qui-sont-ses-freres-et-soeurs\\\/\"},\"author\":{\"name\":\"Celine\",\"@id\":\"https:\\\/\\\/www.sebastien-auziere.fr\\\/blog\\\/#\\\/schema\\\/person\\\/1e270a963009242469ed08b1c461f81f\"},\"headline\":\"Brigitte Macron : qui sont ses fr\u00e8res et s\u0153urs ?\",\"datePublished\":\"2026-03-06T11:56:45+00:00\",\"dateModified\":\"2026-03-06T12:34:48+00:00\",\"mainEntityOfPage\":{\"@id\":\"https:\\\/\\\/www.sebastien-auziere.fr\\\/blog\\\/brigitte-macron-qui-sont-ses-freres-et-soeurs\\\/\"},\"wordCount\":741,\"commentCount\":0,\"publisher\":{\"@id\":\"https:\\\/\\\/www.sebastien-auziere.fr\\\/blog\\\/#organization\"},\"image\":{\"@id\":\"https:\\\/\\\/www.sebastien-auziere.fr\\\/blog\\\/brigitte-macron-qui-sont-ses-freres-et-soeurs\\\/#primaryimage\"},\"thumbnailUrl\":\"https:\\\/\\\/www.sebastien-auziere.fr\\\/blog\\\/wp-content\\\/uploads\\\/2026\\\/03\\\/ChatGPT-Image-6-mars-2026-12_56_11.jpg\",\"articleSection\":[\"Actualit\u00e9s\"],\"inLanguage\":\"fr-FR\",\"potentialAction\":[{\"@type\":\"CommentAction\",\"name\":\"Comment\",\"target\":[\"https:\\\/\\\/www.sebastien-auziere.fr\\\/blog\\\/brigitte-macron-qui-sont-ses-freres-et-soeurs\\\/#respond\"]}]},{\"@type\":\"WebPage\",\"@id\":\"https:\\\/\\\/www.sebastien-auziere.fr\\\/blog\\\/brigitte-macron-qui-sont-ses-freres-et-soeurs\\\/\",\"url\":\"https:\\\/\\\/www.sebastien-auziere.fr\\\/blog\\\/brigitte-macron-qui-sont-ses-freres-et-soeurs\\\/\",\"name\":\"Brigitte Macron : qui sont ses fr\u00e8res et s\u0153urs ? - Fan site S\u00e9bastien Auzi\u00e8re\",\"isPartOf\":{\"@id\":\"https:\\\/\\\/www.sebastien-auziere.fr\\\/blog\\\/#website\"},\"primaryImageOfPage\":{\"@id\":\"https:\\\/\\\/www.sebastien-auziere.fr\\\/blog\\\/brigitte-macron-qui-sont-ses-freres-et-soeurs\\\/#primaryimage\"},\"image\":{\"@id\":\"https:\\\/\\\/www.sebastien-auziere.fr\\\/blog\\\/brigitte-macron-qui-sont-ses-freres-et-soeurs\\\/#primaryimage\"},\"thumbnailUrl\":\"https:\\\/\\\/www.sebastien-auziere.fr\\\/blog\\\/wp-content\\\/uploads\\\/2026\\\/03\\\/ChatGPT-Image-6-mars-2026-12_56_11.jpg\",\"datePublished\":\"2026-03-06T11:56:45+00:00\",\"dateModified\":\"2026-03-06T12:34:48+00:00\",\"breadcrumb\":{\"@id\":\"https:\\\/\\\/www.sebastien-auziere.fr\\\/blog\\\/brigitte-macron-qui-sont-ses-freres-et-soeurs\\\/#breadcrumb\"},\"inLanguage\":\"fr-FR\",\"potentialAction\":[{\"@type\":\"ReadAction\",\"target\":[\"https:\\\/\\\/www.sebastien-auziere.fr\\\/blog\\\/brigitte-macron-qui-sont-ses-freres-et-soeurs\\\/\"]}]},{\"@type\":\"ImageObject\",\"inLanguage\":\"fr-FR\",\"@id\":\"https:\\\/\\\/www.sebastien-auziere.fr\\\/blog\\\/brigitte-macron-qui-sont-ses-freres-et-soeurs\\\/#primaryimage\",\"url\":\"https:\\\/\\\/www.sebastien-auziere.fr\\\/blog\\\/wp-content\\\/uploads\\\/2026\\\/03\\\/ChatGPT-Image-6-mars-2026-12_56_11.jpg\",\"contentUrl\":\"https:\\\/\\\/www.sebastien-auziere.fr\\\/blog\\\/wp-content\\\/uploads\\\/2026\\\/03\\\/ChatGPT-Image-6-mars-2026-12_56_11.jpg\",\"width\":1536,\"height\":1024,\"caption\":\"Brigitte Macron fr\u00e8re\"},{\"@type\":\"BreadcrumbList\",\"@id\":\"https:\\\/\\\/www.sebastien-auziere.fr\\\/blog\\\/brigitte-macron-qui-sont-ses-freres-et-soeurs\\\/#breadcrumb\",\"itemListElement\":[{\"@type\":\"ListItem\",\"position\":1,\"name\":\"Home\",\"item\":\"https:\\\/\\\/www.sebastien-auziere.fr\\\/blog\\\/\"},{\"@type\":\"ListItem\",\"position\":2,\"name\":\"Brigitte Macron : qui sont ses fr\u00e8res et s\u0153urs ?\"}]},{\"@type\":\"WebSite\",\"@id\":\"https:\\\/\\\/www.sebastien-auziere.fr\\\/blog\\\/#website\",\"url\":\"https:\\\/\\\/www.sebastien-auziere.fr\\\/blog\\\/\",\"name\":\"Fan site S\u00e9bastien Auzi\u00e8re\",\"description\":\"M\u00e9dia g\u00e9n\u00e9raliste\",\"publisher\":{\"@id\":\"https:\\\/\\\/www.sebastien-auziere.fr\\\/blog\\\/#organization\"},\"potentialAction\":[{\"@type\":\"SearchAction\",\"target\":{\"@type\":\"EntryPoint\",\"urlTemplate\":\"https:\\\/\\\/www.sebastien-auziere.fr\\\/blog\\\/?s={search_term_string}\"},\"query-input\":{\"@type\":\"PropertyValueSpecification\",\"valueRequired\":true,\"valueName\":\"search_term_string\"}}],\"inLanguage\":\"fr-FR\"},{\"@type\":\"Organization\",\"@id\":\"https:\\\/\\\/www.sebastien-auziere.fr\\\/blog\\\/#organization\",\"name\":\"Fan site S\u00e9bastien Auzi\u00e8re\",\"url\":\"https:\\\/\\\/www.sebastien-auziere.fr\\\/blog\\\/\",\"logo\":{\"@type\":\"ImageObject\",\"inLanguage\":\"fr-FR\",\"@id\":\"https:\\\/\\\/www.sebastien-auziere.fr\\\/blog\\\/#\\\/schema\\\/logo\\\/image\\\/\",\"url\":\"https:\\\/\\\/www.sebastien-auziere.fr\\\/blog\\\/wp-content\\\/uploads\\\/2026\\\/03\\\/cropped-cropped-cropped-ChatGPT-Image-6-mars-2026-12_58_09-e1772798376794.jpg\",\"contentUrl\":\"https:\\\/\\\/www.sebastien-auziere.fr\\\/blog\\\/wp-content\\\/uploads\\\/2026\\\/03\\\/cropped-cropped-cropped-ChatGPT-Image-6-mars-2026-12_58_09-e1772798376794.jpg\",\"width\":512,\"height\":360,\"caption\":\"Fan site S\u00e9bastien Auzi\u00e8re\"},\"image\":{\"@id\":\"https:\\\/\\\/www.sebastien-auziere.fr\\\/blog\\\/#\\\/schema\\\/logo\\\/image\\\/\"}},{\"@type\":\"Person\",\"@id\":\"https:\\\/\\\/www.sebastien-auziere.fr\\\/blog\\\/#\\\/schema\\\/person\\\/1e270a963009242469ed08b1c461f81f\",\"name\":\"Celine\",\"image\":{\"@type\":\"ImageObject\",\"inLanguage\":\"fr-FR\",\"@id\":\"https:\\\/\\\/secure.gravatar.com\\\/avatar\\\/c88d569fbe1fe19a13c7f21ee0f8973822df96073df21850b95af6a09ba820c9?s=96&d=mm&r=g\",\"url\":\"https:\\\/\\\/secure.gravatar.com\\\/avatar\\\/c88d569fbe1fe19a13c7f21ee0f8973822df96073df21850b95af6a09ba820c9?s=96&d=mm&r=g\",\"contentUrl\":\"https:\\\/\\\/secure.gravatar.com\\\/avatar\\\/c88d569fbe1fe19a13c7f21ee0f8973822df96073df21850b95af6a09ba820c9?s=96&d=mm&r=g\",\"caption\":\"Celine\"},\"description\":\"Je m'appelle C\u00e9line, j'ai 31 ans et je suis journaliste sp\u00e9cialis\u00e9e dans le cin\u00e9ma. Passionn\u00e9e par le septi\u00e8me art, j'explore les actualit\u00e9s, les critiques et les tendances du monde cin\u00e9matographique. Mon objectif est de partager ma passion et d'informer les amateurs de films \u00e0 travers des articles percutants et des analyses approfondies.\",\"url\":\"https:\\\/\\\/www.sebastien-auziere.fr\\\/blog\\\/author\\\/celine\\\/\"}]}<\/script>\n<!-- \/ Yoast SEO plugin. -->","yoast_head_json":{"title":"Brigitte Macron : qui sont ses fr\u00e8res et s\u0153urs ? - Fan site S\u00e9bastien Auzi\u00e8re","robots":{"index":"index","follow":"follow","max-snippet":"max-snippet:-1","max-image-preview":"max-image-preview:large","max-video-preview":"max-video-preview:-1"},"canonical":"https:\/\/www.sebastien-auziere.fr\/blog\/brigitte-macron-qui-sont-ses-freres-et-soeurs\/","og_locale":"fr_FR","og_type":"article","og_title":"Brigitte Macron : qui sont ses fr\u00e8res et s\u0153urs ? - Fan site S\u00e9bastien Auzi\u00e8re","og_description":"Image g\u00e9n\u00e9r\u00e9e par intelligence artificielle, illustration non r\u00e9elle. Ce qu&rsquo;il faut retenir : Brigitte Macron est issue de la famille Trogneux, une famille d\u2019entrepreneurs bien connue \u00e0 Amiens. Elle a grandi entour\u00e9e de plusieurs fr\u00e8res et s\u0153urs dans un environnement familial li\u00e9 \u00e0 l\u2019entreprise de chocolaterie fond\u00e9e par ses parents. Cette fratrie a jou\u00e9 un ... Lire plus","og_url":"https:\/\/www.sebastien-auziere.fr\/blog\/brigitte-macron-qui-sont-ses-freres-et-soeurs\/","og_site_name":"Fan site S\u00e9bastien Auzi\u00e8re","article_published_time":"2026-03-06T11:56:45+00:00","article_modified_time":"2026-03-06T12:34:48+00:00","og_image":[{"width":1536,"height":1024,"url":"https:\/\/www.sebastien-auziere.fr\/blog\/wp-content\/uploads\/2026\/03\/ChatGPT-Image-6-mars-2026-12_56_11.jpg","type":"image\/jpeg"}],"author":"Celine","twitter_card":"summary_large_image","twitter_misc":{"\u00c9crit par":"Celine","Dur\u00e9e de lecture estim\u00e9e":"1 minute"},"schema":{"@context":"https:\/\/schema.org","@graph":[{"@type":"Article","@id":"https:\/\/www.sebastien-auziere.fr\/blog\/brigitte-macron-qui-sont-ses-freres-et-soeurs\/#article","isPartOf":{"@id":"https:\/\/www.sebastien-auziere.fr\/blog\/brigitte-macron-qui-sont-ses-freres-et-soeurs\/"},"author":{"name":"Celine","@id":"https:\/\/www.sebastien-auziere.fr\/blog\/#\/schema\/person\/1e270a963009242469ed08b1c461f81f"},"headline":"Brigitte Macron : qui sont ses fr\u00e8res et s\u0153urs ?","datePublished":"2026-03-06T11:56:45+00:00","dateModified":"2026-03-06T12:34:48+00:00","mainEntityOfPage":{"@id":"https:\/\/www.sebastien-auziere.fr\/blog\/brigitte-macron-qui-sont-ses-freres-et-soeurs\/"},"wordCount":741,"commentCount":0,"publisher":{"@id":"https:\/\/www.sebastien-auziere.fr\/blog\/#organization"},"image":{"@id":"https:\/\/www.sebastien-auziere.fr\/blog\/brigitte-macron-qui-sont-ses-freres-et-soeurs\/#primaryimage"},"thumbnailUrl":"https:\/\/www.sebastien-auziere.fr\/blog\/wp-content\/uploads\/2026\/03\/ChatGPT-Image-6-mars-2026-12_56_11.jpg","articleSection":["Actualit\u00e9s"],"inLanguage":"fr-FR","potentialAction":[{"@type":"CommentAction","name":"Comment","target":["https:\/\/www.sebastien-auziere.fr\/blog\/brigitte-macron-qui-sont-ses-freres-et-soeurs\/#respond"]}]},{"@type":"WebPage","@id":"https:\/\/www.sebastien-auziere.fr\/blog\/brigitte-macron-qui-sont-ses-freres-et-soeurs\/","url":"https:\/\/www.sebastien-auziere.fr\/blog\/brigitte-macron-qui-sont-ses-freres-et-soeurs\/","name":"Brigitte Macron : qui sont ses fr\u00e8res et s\u0153urs ? - Fan site S\u00e9bastien Auzi\u00e8re","isPartOf":{"@id":"https:\/\/www.sebastien-auziere.fr\/blog\/#website"},"primaryImageOfPage":{"@id":"https:\/\/www.sebastien-auziere.fr\/blog\/brigitte-macron-qui-sont-ses-freres-et-soeurs\/#primaryimage"},"image":{"@id":"https:\/\/www.sebastien-auziere.fr\/blog\/brigitte-macron-qui-sont-ses-freres-et-soeurs\/#primaryimage"},"thumbnailUrl":"https:\/\/www.sebastien-auziere.fr\/blog\/wp-content\/uploads\/2026\/03\/ChatGPT-Image-6-mars-2026-12_56_11.jpg","datePublished":"2026-03-06T11:56:45+00:00","dateModified":"2026-03-06T12:34:48+00:00","breadcrumb":{"@id":"https:\/\/www.sebastien-auziere.fr\/blog\/brigitte-macron-qui-sont-ses-freres-et-soeurs\/#breadcrumb"},"inLanguage":"fr-FR","potentialAction":[{"@type":"ReadAction","target":["https:\/\/www.sebastien-auziere.fr\/blog\/brigitte-macron-qui-sont-ses-freres-et-soeurs\/"]}]},{"@type":"ImageObject","inLanguage":"fr-FR","@id":"https:\/\/www.sebastien-auziere.fr\/blog\/brigitte-macron-qui-sont-ses-freres-et-soeurs\/#primaryimage","url":"https:\/\/www.sebastien-auziere.fr\/blog\/wp-content\/uploads\/2026\/03\/ChatGPT-Image-6-mars-2026-12_56_11.jpg","contentUrl":"https:\/\/www.sebastien-auziere.fr\/blog\/wp-content\/uploads\/2026\/03\/ChatGPT-Image-6-mars-2026-12_56_11.jpg","width":1536,"height":1024,"caption":"Brigitte Macron fr\u00e8re"},{"@type":"BreadcrumbList","@id":"https:\/\/www.sebastien-auziere.fr\/blog\/brigitte-macron-qui-sont-ses-freres-et-soeurs\/#breadcrumb","itemListElement":[{"@type":"ListItem","position":1,"name":"Home","item":"https:\/\/www.sebastien-auziere.fr\/blog\/"},{"@type":"ListItem","position":2,"name":"Brigitte Macron : qui sont ses fr\u00e8res et s\u0153urs ?"}]},{"@type":"WebSite","@id":"https:\/\/www.sebastien-auziere.fr\/blog\/#website","url":"https:\/\/www.sebastien-auziere.fr\/blog\/","name":"Fan site S\u00e9bastien Auzi\u00e8re","description":"M\u00e9dia g\u00e9n\u00e9raliste","publisher":{"@id":"https:\/\/www.sebastien-auziere.fr\/blog\/#organization"},"potentialAction":[{"@type":"SearchAction","target":{"@type":"EntryPoint","urlTemplate":"https:\/\/www.sebastien-auziere.fr\/blog\/?s={search_term_string}"},"query-input":{"@type":"PropertyValueSpecification","valueRequired":true,"valueName":"search_term_string"}}],"inLanguage":"fr-FR"},{"@type":"Organization","@id":"https:\/\/www.sebastien-auziere.fr\/blog\/#organization","name":"Fan site S\u00e9bastien Auzi\u00e8re","url":"https:\/\/www.sebastien-auziere.fr\/blog\/","logo":{"@type":"ImageObject","inLanguage":"fr-FR","@id":"https:\/\/www.sebastien-auziere.fr\/blog\/#\/schema\/logo\/image\/","url":"https:\/\/www.sebastien-auziere.fr\/blog\/wp-content\/uploads\/2026\/03\/cropped-cropped-cropped-ChatGPT-Image-6-mars-2026-12_58_09-e1772798376794.jpg","contentUrl":"https:\/\/www.sebastien-auziere.fr\/blog\/wp-content\/uploads\/2026\/03\/cropped-cropped-cropped-ChatGPT-Image-6-mars-2026-12_58_09-e1772798376794.jpg","width":512,"height":360,"caption":"Fan site S\u00e9bastien Auzi\u00e8re"},"image":{"@id":"https:\/\/www.sebastien-auziere.fr\/blog\/#\/schema\/logo\/image\/"}},{"@type":"Person","@id":"https:\/\/www.sebastien-auziere.fr\/blog\/#\/schema\/person\/1e270a963009242469ed08b1c461f81f","name":"Celine","image":{"@type":"ImageObject","inLanguage":"fr-FR","@id":"https:\/\/secure.gravatar.com\/avatar\/c88d569fbe1fe19a13c7f21ee0f8973822df96073df21850b95af6a09ba820c9?s=96&d=mm&r=g","url":"https:\/\/secure.gravatar.com\/avatar\/c88d569fbe1fe19a13c7f21ee0f8973822df96073df21850b95af6a09ba820c9?s=96&d=mm&r=g","contentUrl":"https:\/\/secure.gravatar.com\/avatar\/c88d569fbe1fe19a13c7f21ee0f8973822df96073df21850b95af6a09ba820c9?s=96&d=mm&r=g","caption":"Celine"},"description":"Je m'appelle C\u00e9line, j'ai 31 ans et je suis journaliste sp\u00e9cialis\u00e9e dans le cin\u00e9ma. Passionn\u00e9e par le septi\u00e8me art, j'explore les actualit\u00e9s, les critiques et les tendances du monde cin\u00e9matographique. Mon objectif est de partager ma passion et d'informer les amateurs de films \u00e0 travers des articles percutants et des analyses approfondies.","url":"https:\/\/www.sebastien-auziere.fr\/blog\/author\/celine\/"}]}},"views":223,"_links":{"self":[{"href":"https:\/\/www.sebastien-auziere.fr\/blog\/wp-json\/wp\/v2\/posts\/2043","targetHints":{"allow":["GET"]}}],"collection":[{"href":"https:\/\/www.sebastien-auziere.fr\/blog\/wp-json\/wp\/v2\/posts"}],"about":[{"href":"https:\/\/www.sebastien-auziere.fr\/blog\/wp-json\/wp\/v2\/types\/post"}],"author":[{"embeddable":true,"href":"https:\/\/www.sebastien-auziere.fr\/blog\/wp-json\/wp\/v2\/users\/4"}],"replies":[{"embeddable":true,"href":"https:\/\/www.sebastien-auziere.fr\/blog\/wp-json\/wp\/v2\/comments?post=2043"}],"version-history":[{"count":2,"href":"https:\/\/www.sebastien-auziere.fr\/blog\/wp-json\/wp\/v2\/posts\/2043\/revisions"}],"predecessor-version":[{"id":2069,"href":"https:\/\/www.sebastien-auziere.fr\/blog\/wp-json\/wp\/v2\/posts\/2043\/revisions\/2069"}],"wp:featuredmedia":[{"embeddable":true,"href":"https:\/\/www.sebastien-auziere.fr\/blog\/wp-json\/wp\/v2\/media\/2045"}],"wp:attachment":[{"href":"https:\/\/www.sebastien-auziere.fr\/blog\/wp-json\/wp\/v2\/media?parent=2043"}],"wp:term":[{"taxonomy":"category","embeddable":true,"href":"https:\/\/www.sebastien-auziere.fr\/blog\/wp-json\/wp\/v2\/categories?post=2043"},{"taxonomy":"post_tag","embeddable":true,"href":"https:\/\/www.sebastien-auziere.fr\/blog\/wp-json\/wp\/v2\/tags?post=2043"}],"curies":[{"name":"wp","href":"https:\/\/api.w.org\/{rel}","templated":true}]}}