{"id":2039,"date":"2026-03-06T11:50:01","date_gmt":"2026-03-06T11:50:01","guid":{"rendered":"https:\/\/www.sebastien-auziere.fr\/blog\/?p=2039"},"modified":"2026-03-06T11:50:02","modified_gmt":"2026-03-06T11:50:02","slug":"brigitte-macron-jeune-son-parcours-avant-lelysee","status":"publish","type":"post","link":"https:\/\/www.sebastien-auziere.fr\/blog\/brigitte-macron-jeune-son-parcours-avant-lelysee\/","title":{"rendered":"Brigitte Macron jeune : son parcours avant l\u2019\u00c9lys\u00e9e"},"content":{"rendered":"<p style=\"padding: 24px; background: lightblue;\">\nCe qu&rsquo;il faut retenir : avant de devenir Premi\u00e8re dame, <strong>Brigitte Macron a eu une carri\u00e8re d\u2019enseignante reconnue<\/strong>. N\u00e9e dans une famille d\u2019entrepreneurs \u00e0 Amiens, elle a consacr\u00e9 une grande partie de sa vie \u00e0 l\u2019\u00e9ducation. Son parcours personnel et sa rencontre avec Emmanuel Macron ont largement contribu\u00e9 \u00e0 fa\u00e7onner son histoire publique.\n<\/p>\n<p>\nBeaucoup de personnes s\u2019int\u00e9ressent aujourd\u2019hui \u00e0 <strong>Brigitte Macron jeune<\/strong> et \u00e0 son parcours avant son entr\u00e9e \u00e0 l\u2019\u00c9lys\u00e9e. Avant d\u2019\u00eatre connue du grand public, elle \u00e9tait avant tout une professeure passionn\u00e9e de litt\u00e9rature et de th\u00e9\u00e2tre. Dans cet article, tu vas d\u00e9couvrir <strong>son histoire, sa jeunesse et son parcours professionnel<\/strong> avant de devenir l\u2019une des figures les plus m\u00e9diatis\u00e9es de la vie politique fran\u00e7aise.\n<\/p>\n<ol>\n<li><a href=\"#jeunesse-brigitte-macron\">La jeunesse de Brigitte Macron<\/a><\/li>\n<li><a href=\"#carriere-enseignante\">Sa carri\u00e8re d\u2019enseignante<\/a><\/li>\n<li><a href=\"#rencontre-emmanuel-macron\">La rencontre avec Emmanuel Macron<\/a><\/li>\n<li><a href=\"#role-premiere-dame\">Son r\u00f4le de Premi\u00e8re dame<\/a><\/li>\n<\/ol>\n<h2 id=\"jeunesse-brigitte-macron\">La jeunesse de Brigitte Macron<\/h2>\n<p>\nBrigitte Macron, n\u00e9e <strong>Brigitte Trogneux<\/strong>, voit le jour le 13 avril 1953 \u00e0 Amiens. Elle grandit dans une famille connue pour son entreprise de chocolaterie, tr\u00e8s implant\u00e9e dans la r\u00e9gion.\n<\/p>\n<h3>Une enfance dans une famille d\u2019entrepreneurs<\/h3>\n<p>\nLa famille Trogneux est r\u00e9put\u00e9e \u00e0 Amiens pour son activit\u00e9 dans la confiserie. Cette entreprise familiale existe depuis plusieurs g\u00e9n\u00e9rations et a marqu\u00e9 l\u2019histoire \u00e9conomique locale.\n<\/p>\n<p>\nBrigitte Macron passe donc son enfance dans un environnement stable et entreprenant, entour\u00e9e de ses fr\u00e8res et s\u0153urs.\n<\/p>\n<h2 id=\"carriere-enseignante\">Sa carri\u00e8re d\u2019enseignante<\/h2>\n<p>\nAvant d\u2019entrer dans la sph\u00e8re politique, Brigitte Macron a construit une carri\u00e8re solide dans l\u2019enseignement.\n<\/p>\n<h3>Professeure de lettres et de th\u00e9\u00e2tre<\/h3>\n<p>\nElle enseigne la litt\u00e9rature et le th\u00e9\u00e2tre dans plusieurs \u00e9tablissements scolaires. Ses \u00e9l\u00e8ves la d\u00e9crivent souvent comme une enseignante passionn\u00e9e et tr\u00e8s impliqu\u00e9e dans la vie culturelle des lyc\u00e9es.\n<\/p>\n<ul>\n<li>Professeure de fran\u00e7ais<\/li>\n<li>Responsable d\u2019ateliers de th\u00e9\u00e2tre<\/li>\n<li>Engag\u00e9e dans la p\u00e9dagogie et la culture<\/li>\n<\/ul>\n<p>\nSon travail d\u2019enseignante a profond\u00e9ment marqu\u00e9 de nombreux \u00e9l\u00e8ves au fil des ann\u00e9es.\n<\/p>\n<h2 id=\"rencontre-emmanuel-macron\">La rencontre avec Emmanuel Macron<\/h2>\n<p>\nC\u2019est au lyc\u00e9e La Providence \u00e0 Amiens que Brigitte Macron rencontre Emmanuel Macron, alors \u00e9l\u00e8ve dans l\u2019\u00e9tablissement.\n<\/p>\n<h3>Une rencontre marquante<\/h3>\n<p>\nLeur relation se d\u00e9veloppe autour d\u2019une passion commune pour la litt\u00e9rature et le th\u00e9\u00e2tre. Cette rencontre marquera le d\u00e9but d\u2019une relation qui attirera plus tard l\u2019attention du public et des m\u00e9dias.\n<\/p>\n<p>\nMalgr\u00e9 les critiques et les obstacles, leur relation s\u2019est construite sur la dur\u00e9e avant leur mariage en 2007.\n<\/p>\n<h2 id=\"role-premiere-dame\">Son r\u00f4le de Premi\u00e8re dame<\/h2>\n<p>\nDepuis l\u2019\u00e9lection d\u2019Emmanuel Macron \u00e0 la pr\u00e9sidence de la R\u00e9publique en 2017, Brigitte Macron occupe un r\u00f4le important sur la sc\u00e8ne publique.\n<\/p>\n<h3>Un engagement social et \u00e9ducatif<\/h3>\n<p>\nElle s\u2019implique dans plusieurs initiatives li\u00e9es \u00e0 l\u2019\u00e9ducation, \u00e0 la jeunesse et \u00e0 la lutte contre le harc\u00e8lement scolaire.\n<\/p>\n<ul>\n<li>Soutien aux associations \u00e9ducatives<\/li>\n<li>Actions contre le harc\u00e8lement scolaire<\/li>\n<li>Promotion de la culture et de l\u2019apprentissage<\/li>\n<\/ul>\n<div style=\"overflow:auto;max-width:100%\">\n<table>\n<tbody>\n<tr>\n<th>P\u00e9riode<\/th>\n<th>\u00c9v\u00e9nement<\/th>\n<th>Impact<\/th>\n<\/tr>\n<tr>\n<td>1953<\/td>\n<td>Naissance \u00e0 Amiens<\/td>\n<td>Famille d\u2019entrepreneurs<\/td>\n<\/tr>\n<tr>\n<td>Ann\u00e9es 1980-2000<\/td>\n<td>Carri\u00e8re d\u2019enseignante<\/td>\n<td>Engagement p\u00e9dagogique<\/td>\n<\/tr>\n<tr>\n<td>2007<\/td>\n<td>Mariage avec Emmanuel Macron<\/td>\n<td>Entr\u00e9e dans la vie publique<\/td>\n<\/tr>\n<tr>\n<td>2017<\/td>\n<td>Premi\u00e8re dame<\/td>\n<td>Engagement social et \u00e9ducatif<\/td>\n<\/tr>\n<\/tbody>\n<\/table>\n<\/div>\n<p>\nAujourd\u2019hui, Brigitte Macron reste une figure m\u00e9diatique importante en France. Son parcours montre qu\u2019avant la politique, elle a surtout \u00e9t\u00e9 <strong>une enseignante passionn\u00e9e et engag\u00e9e<\/strong>.\n<\/p>\n<h2>FAQ<\/h2>\n<h3>Qui \u00e9tait Brigitte Macron avant l\u2019\u00c9lys\u00e9e ?<\/h3>\n<p>\nAvant de devenir Premi\u00e8re dame, Brigitte Macron \u00e9tait professeure de fran\u00e7ais et de th\u00e9\u00e2tre dans plusieurs lyc\u00e9es.\n<\/p>\n<h3>O\u00f9 est n\u00e9e Brigitte Macron ?<\/h3>\n<p>\nElle est n\u00e9e \u00e0 Amiens en 1953 dans la famille Trogneux, connue pour son entreprise de chocolaterie.\n<\/p>\n<h3>Quand Brigitte Macron a-t-elle rencontr\u00e9 Emmanuel Macron ?<\/h3>\n<p>\nIls se sont rencontr\u00e9s au lyc\u00e9e La Providence \u00e0 Amiens lorsque Emmanuel Macron \u00e9tait \u00e9l\u00e8ve.\n<\/p>\n<h3>Quel est son r\u00f4le aujourd\u2019hui ?<\/h3>\n<p>\nEn tant que Premi\u00e8re dame, elle s\u2019engage dans des causes li\u00e9es \u00e0 l\u2019\u00e9ducation, \u00e0 la jeunesse et \u00e0 la lutte contre le harc\u00e8lement scolaire.\n<\/p>\n<p><script type=\"application\/ld+json\">\n[\n{\n\"@context\":\"https:\/\/schema.org\",\n\"@type\":\"Article\",\n\"headline\":\"Brigitte Macron jeune : son parcours avant l\u2019\u00c9lys\u00e9e\",\n\"description\":\"D\u00e9couvrez la jeunesse et le parcours de Brigitte Macron avant son r\u00f4le de Premi\u00e8re dame.\",\n\"inLanguage\":\"fr\",\n\"articleSection\":\"biographie\",\n\"abstract\":\"Brigitte Macron a d\u2019abord \u00e9t\u00e9 professeure de lettres avant de devenir Premi\u00e8re dame de France.\"\n},\n{\n\"@context\":\"https:\/\/schema.org\",\n\"@type\":\"FAQPage\",\n\"mainEntity\":[\n{\n\"@type\":\"Question\",\n\"name\":\"Qui \u00e9tait Brigitte Macron avant l\u2019\u00c9lys\u00e9e ?\",\n\"acceptedAnswer\":{\n\"@type\":\"Answer\",\n\"text\":\"Avant l\u2019\u00c9lys\u00e9e, Brigitte Macron \u00e9tait professeure de fran\u00e7ais et de th\u00e9\u00e2tre.\"\n}\n},\n{\n\"@type\":\"Question\",\n\"name\":\"O\u00f9 est n\u00e9e Brigitte Macron ?\",\n\"acceptedAnswer\":{\n\"@type\":\"Answer\",\n\"text\":\"Brigitte Macron est n\u00e9e \u00e0 Amiens en 1953.\"\n}\n}\n]\n}\n]\n<\/script><\/p>\n","protected":false},"excerpt":{"rendered":"<p>Ce qu&rsquo;il faut retenir : avant de devenir Premi\u00e8re dame, Brigitte Macron a eu une carri\u00e8re d\u2019enseignante reconnue. N\u00e9e dans une famille d\u2019entrepreneurs \u00e0 Amiens, elle a consacr\u00e9 une grande partie de sa vie \u00e0 l\u2019\u00e9ducation. Son parcours personnel et sa rencontre avec Emmanuel Macron ont largement contribu\u00e9 \u00e0 fa\u00e7onner son histoire publique. Beaucoup de &#8230; <a title=\"Brigitte Macron jeune : son parcours avant l\u2019\u00c9lys\u00e9e\" class=\"read-more\" href=\"https:\/\/www.sebastien-auziere.fr\/blog\/brigitte-macron-jeune-son-parcours-avant-lelysee\/\" aria-label=\"En savoir plus sur Brigitte Macron jeune : son parcours avant l\u2019\u00c9lys\u00e9e\">Lire plus<\/a><\/p>\n","protected":false},"author":4,"featured_media":2040,"comment_status":"open","ping_status":"open","sticky":false,"template":"","format":"standard","meta":{"footnotes":""},"categories":[597],"tags":[],"class_list":["post-2039","post","type-post","status-publish","format-standard","has-post-thumbnail","hentry","category-actualites"],"yoast_head":"<!-- This site is optimized with the Yoast SEO plugin v27.5 - https:\/\/yoast.com\/product\/yoast-seo-wordpress\/ -->\n<title>Brigitte Macron jeune : son parcours avant l\u2019\u00c9lys\u00e9e - Fan site S\u00e9bastien Auzi\u00e8re<\/title>\n<meta name=\"robots\" content=\"index, follow, max-snippet:-1, max-image-preview:large, max-video-preview:-1\" \/>\n<link rel=\"canonical\" href=\"https:\/\/www.sebastien-auziere.fr\/blog\/brigitte-macron-jeune-son-parcours-avant-lelysee\/\" \/>\n<meta property=\"og:locale\" content=\"fr_FR\" \/>\n<meta property=\"og:type\" content=\"article\" \/>\n<meta property=\"og:title\" content=\"Brigitte Macron jeune : son parcours avant l\u2019\u00c9lys\u00e9e - Fan site S\u00e9bastien Auzi\u00e8re\" \/>\n<meta property=\"og:description\" content=\"Ce qu&rsquo;il faut retenir : avant de devenir Premi\u00e8re dame, Brigitte Macron a eu une carri\u00e8re d\u2019enseignante reconnue. N\u00e9e dans une famille d\u2019entrepreneurs \u00e0 Amiens, elle a consacr\u00e9 une grande partie de sa vie \u00e0 l\u2019\u00e9ducation. Son parcours personnel et sa rencontre avec Emmanuel Macron ont largement contribu\u00e9 \u00e0 fa\u00e7onner son histoire publique. Beaucoup de ... Lire plus\" \/>\n<meta property=\"og:url\" content=\"https:\/\/www.sebastien-auziere.fr\/blog\/brigitte-macron-jeune-son-parcours-avant-lelysee\/\" \/>\n<meta property=\"og:site_name\" content=\"Fan site S\u00e9bastien Auzi\u00e8re\" \/>\n<meta property=\"article:published_time\" content=\"2026-03-06T11:50:01+00:00\" \/>\n<meta property=\"article:modified_time\" content=\"2026-03-06T11:50:02+00:00\" \/>\n<meta property=\"og:image\" content=\"https:\/\/www.sebastien-auziere.fr\/blog\/wp-content\/uploads\/2026\/03\/Brigitte-Macron-jeune.jpg\" \/>\n\t<meta property=\"og:image:width\" content=\"1189\" \/>\n\t<meta property=\"og:image:height\" content=\"758\" \/>\n\t<meta property=\"og:image:type\" content=\"image\/jpeg\" \/>\n<meta name=\"author\" content=\"Celine\" \/>\n<meta name=\"twitter:card\" content=\"summary_large_image\" \/>\n<meta name=\"twitter:label1\" content=\"\u00c9crit par\" \/>\n\t<meta name=\"twitter:data1\" content=\"Celine\" \/>\n\t<meta name=\"twitter:label2\" content=\"Dur\u00e9e de lecture estim\u00e9e\" \/>\n\t<meta name=\"twitter:data2\" content=\"4 minutes\" \/>\n<script type=\"application\/ld+json\" class=\"yoast-schema-graph\">{\"@context\":\"https:\\\/\\\/schema.org\",\"@graph\":[{\"@type\":\"Article\",\"@id\":\"https:\\\/\\\/www.sebastien-auziere.fr\\\/blog\\\/brigitte-macron-jeune-son-parcours-avant-lelysee\\\/#article\",\"isPartOf\":{\"@id\":\"https:\\\/\\\/www.sebastien-auziere.fr\\\/blog\\\/brigitte-macron-jeune-son-parcours-avant-lelysee\\\/\"},\"author\":{\"name\":\"Celine\",\"@id\":\"https:\\\/\\\/www.sebastien-auziere.fr\\\/blog\\\/#\\\/schema\\\/person\\\/1e270a963009242469ed08b1c461f81f\"},\"headline\":\"Brigitte Macron jeune : son parcours avant l\u2019\u00c9lys\u00e9e\",\"datePublished\":\"2026-03-06T11:50:01+00:00\",\"dateModified\":\"2026-03-06T11:50:02+00:00\",\"mainEntityOfPage\":{\"@id\":\"https:\\\/\\\/www.sebastien-auziere.fr\\\/blog\\\/brigitte-macron-jeune-son-parcours-avant-lelysee\\\/\"},\"wordCount\":699,\"commentCount\":0,\"publisher\":{\"@id\":\"https:\\\/\\\/www.sebastien-auziere.fr\\\/blog\\\/#organization\"},\"image\":{\"@id\":\"https:\\\/\\\/www.sebastien-auziere.fr\\\/blog\\\/brigitte-macron-jeune-son-parcours-avant-lelysee\\\/#primaryimage\"},\"thumbnailUrl\":\"https:\\\/\\\/www.sebastien-auziere.fr\\\/blog\\\/wp-content\\\/uploads\\\/2026\\\/03\\\/Brigitte-Macron-jeune.jpg\",\"articleSection\":[\"Actualit\u00e9s\"],\"inLanguage\":\"fr-FR\",\"potentialAction\":[{\"@type\":\"CommentAction\",\"name\":\"Comment\",\"target\":[\"https:\\\/\\\/www.sebastien-auziere.fr\\\/blog\\\/brigitte-macron-jeune-son-parcours-avant-lelysee\\\/#respond\"]}]},{\"@type\":\"WebPage\",\"@id\":\"https:\\\/\\\/www.sebastien-auziere.fr\\\/blog\\\/brigitte-macron-jeune-son-parcours-avant-lelysee\\\/\",\"url\":\"https:\\\/\\\/www.sebastien-auziere.fr\\\/blog\\\/brigitte-macron-jeune-son-parcours-avant-lelysee\\\/\",\"name\":\"Brigitte Macron jeune : son parcours avant l\u2019\u00c9lys\u00e9e - Fan site S\u00e9bastien Auzi\u00e8re\",\"isPartOf\":{\"@id\":\"https:\\\/\\\/www.sebastien-auziere.fr\\\/blog\\\/#website\"},\"primaryImageOfPage\":{\"@id\":\"https:\\\/\\\/www.sebastien-auziere.fr\\\/blog\\\/brigitte-macron-jeune-son-parcours-avant-lelysee\\\/#primaryimage\"},\"image\":{\"@id\":\"https:\\\/\\\/www.sebastien-auziere.fr\\\/blog\\\/brigitte-macron-jeune-son-parcours-avant-lelysee\\\/#primaryimage\"},\"thumbnailUrl\":\"https:\\\/\\\/www.sebastien-auziere.fr\\\/blog\\\/wp-content\\\/uploads\\\/2026\\\/03\\\/Brigitte-Macron-jeune.jpg\",\"datePublished\":\"2026-03-06T11:50:01+00:00\",\"dateModified\":\"2026-03-06T11:50:02+00:00\",\"breadcrumb\":{\"@id\":\"https:\\\/\\\/www.sebastien-auziere.fr\\\/blog\\\/brigitte-macron-jeune-son-parcours-avant-lelysee\\\/#breadcrumb\"},\"inLanguage\":\"fr-FR\",\"potentialAction\":[{\"@type\":\"ReadAction\",\"target\":[\"https:\\\/\\\/www.sebastien-auziere.fr\\\/blog\\\/brigitte-macron-jeune-son-parcours-avant-lelysee\\\/\"]}]},{\"@type\":\"ImageObject\",\"inLanguage\":\"fr-FR\",\"@id\":\"https:\\\/\\\/www.sebastien-auziere.fr\\\/blog\\\/brigitte-macron-jeune-son-parcours-avant-lelysee\\\/#primaryimage\",\"url\":\"https:\\\/\\\/www.sebastien-auziere.fr\\\/blog\\\/wp-content\\\/uploads\\\/2026\\\/03\\\/Brigitte-Macron-jeune.jpg\",\"contentUrl\":\"https:\\\/\\\/www.sebastien-auziere.fr\\\/blog\\\/wp-content\\\/uploads\\\/2026\\\/03\\\/Brigitte-Macron-jeune.jpg\",\"width\":1189,\"height\":758,\"caption\":\"Brigitte Macron jeune\"},{\"@type\":\"BreadcrumbList\",\"@id\":\"https:\\\/\\\/www.sebastien-auziere.fr\\\/blog\\\/brigitte-macron-jeune-son-parcours-avant-lelysee\\\/#breadcrumb\",\"itemListElement\":[{\"@type\":\"ListItem\",\"position\":1,\"name\":\"Home\",\"item\":\"https:\\\/\\\/www.sebastien-auziere.fr\\\/blog\\\/\"},{\"@type\":\"ListItem\",\"position\":2,\"name\":\"Brigitte Macron jeune : son parcours avant l\u2019\u00c9lys\u00e9e\"}]},{\"@type\":\"WebSite\",\"@id\":\"https:\\\/\\\/www.sebastien-auziere.fr\\\/blog\\\/#website\",\"url\":\"https:\\\/\\\/www.sebastien-auziere.fr\\\/blog\\\/\",\"name\":\"Fan site S\u00e9bastien Auzi\u00e8re\",\"description\":\"M\u00e9dia g\u00e9n\u00e9raliste\",\"publisher\":{\"@id\":\"https:\\\/\\\/www.sebastien-auziere.fr\\\/blog\\\/#organization\"},\"potentialAction\":[{\"@type\":\"SearchAction\",\"target\":{\"@type\":\"EntryPoint\",\"urlTemplate\":\"https:\\\/\\\/www.sebastien-auziere.fr\\\/blog\\\/?s={search_term_string}\"},\"query-input\":{\"@type\":\"PropertyValueSpecification\",\"valueRequired\":true,\"valueName\":\"search_term_string\"}}],\"inLanguage\":\"fr-FR\"},{\"@type\":\"Organization\",\"@id\":\"https:\\\/\\\/www.sebastien-auziere.fr\\\/blog\\\/#organization\",\"name\":\"Fan site S\u00e9bastien Auzi\u00e8re\",\"url\":\"https:\\\/\\\/www.sebastien-auziere.fr\\\/blog\\\/\",\"logo\":{\"@type\":\"ImageObject\",\"inLanguage\":\"fr-FR\",\"@id\":\"https:\\\/\\\/www.sebastien-auziere.fr\\\/blog\\\/#\\\/schema\\\/logo\\\/image\\\/\",\"url\":\"https:\\\/\\\/www.sebastien-auziere.fr\\\/blog\\\/wp-content\\\/uploads\\\/2026\\\/03\\\/cropped-cropped-cropped-ChatGPT-Image-6-mars-2026-12_58_09-e1772798376794.jpg\",\"contentUrl\":\"https:\\\/\\\/www.sebastien-auziere.fr\\\/blog\\\/wp-content\\\/uploads\\\/2026\\\/03\\\/cropped-cropped-cropped-ChatGPT-Image-6-mars-2026-12_58_09-e1772798376794.jpg\",\"width\":512,\"height\":360,\"caption\":\"Fan site S\u00e9bastien Auzi\u00e8re\"},\"image\":{\"@id\":\"https:\\\/\\\/www.sebastien-auziere.fr\\\/blog\\\/#\\\/schema\\\/logo\\\/image\\\/\"}},{\"@type\":\"Person\",\"@id\":\"https:\\\/\\\/www.sebastien-auziere.fr\\\/blog\\\/#\\\/schema\\\/person\\\/1e270a963009242469ed08b1c461f81f\",\"name\":\"Celine\",\"image\":{\"@type\":\"ImageObject\",\"inLanguage\":\"fr-FR\",\"@id\":\"https:\\\/\\\/secure.gravatar.com\\\/avatar\\\/c88d569fbe1fe19a13c7f21ee0f8973822df96073df21850b95af6a09ba820c9?s=96&d=mm&r=g\",\"url\":\"https:\\\/\\\/secure.gravatar.com\\\/avatar\\\/c88d569fbe1fe19a13c7f21ee0f8973822df96073df21850b95af6a09ba820c9?s=96&d=mm&r=g\",\"contentUrl\":\"https:\\\/\\\/secure.gravatar.com\\\/avatar\\\/c88d569fbe1fe19a13c7f21ee0f8973822df96073df21850b95af6a09ba820c9?s=96&d=mm&r=g\",\"caption\":\"Celine\"},\"description\":\"Je m'appelle C\u00e9line, j'ai 31 ans et je suis journaliste sp\u00e9cialis\u00e9e dans le cin\u00e9ma. Passionn\u00e9e par le septi\u00e8me art, j'explore les actualit\u00e9s, les critiques et les tendances du monde cin\u00e9matographique. Mon objectif est de partager ma passion et d'informer les amateurs de films \u00e0 travers des articles percutants et des analyses approfondies.\",\"url\":\"https:\\\/\\\/www.sebastien-auziere.fr\\\/blog\\\/author\\\/celine\\\/\"}]}<\/script>\n<!-- \/ Yoast SEO plugin. -->","yoast_head_json":{"title":"Brigitte Macron jeune : son parcours avant l\u2019\u00c9lys\u00e9e - Fan site S\u00e9bastien Auzi\u00e8re","robots":{"index":"index","follow":"follow","max-snippet":"max-snippet:-1","max-image-preview":"max-image-preview:large","max-video-preview":"max-video-preview:-1"},"canonical":"https:\/\/www.sebastien-auziere.fr\/blog\/brigitte-macron-jeune-son-parcours-avant-lelysee\/","og_locale":"fr_FR","og_type":"article","og_title":"Brigitte Macron jeune : son parcours avant l\u2019\u00c9lys\u00e9e - Fan site S\u00e9bastien Auzi\u00e8re","og_description":"Ce qu&rsquo;il faut retenir : avant de devenir Premi\u00e8re dame, Brigitte Macron a eu une carri\u00e8re d\u2019enseignante reconnue. N\u00e9e dans une famille d\u2019entrepreneurs \u00e0 Amiens, elle a consacr\u00e9 une grande partie de sa vie \u00e0 l\u2019\u00e9ducation. Son parcours personnel et sa rencontre avec Emmanuel Macron ont largement contribu\u00e9 \u00e0 fa\u00e7onner son histoire publique. Beaucoup de ... Lire plus","og_url":"https:\/\/www.sebastien-auziere.fr\/blog\/brigitte-macron-jeune-son-parcours-avant-lelysee\/","og_site_name":"Fan site S\u00e9bastien Auzi\u00e8re","article_published_time":"2026-03-06T11:50:01+00:00","article_modified_time":"2026-03-06T11:50:02+00:00","og_image":[{"width":1189,"height":758,"url":"https:\/\/www.sebastien-auziere.fr\/blog\/wp-content\/uploads\/2026\/03\/Brigitte-Macron-jeune.jpg","type":"image\/jpeg"}],"author":"Celine","twitter_card":"summary_large_image","twitter_misc":{"\u00c9crit par":"Celine","Dur\u00e9e de lecture estim\u00e9e":"4 minutes"},"schema":{"@context":"https:\/\/schema.org","@graph":[{"@type":"Article","@id":"https:\/\/www.sebastien-auziere.fr\/blog\/brigitte-macron-jeune-son-parcours-avant-lelysee\/#article","isPartOf":{"@id":"https:\/\/www.sebastien-auziere.fr\/blog\/brigitte-macron-jeune-son-parcours-avant-lelysee\/"},"author":{"name":"Celine","@id":"https:\/\/www.sebastien-auziere.fr\/blog\/#\/schema\/person\/1e270a963009242469ed08b1c461f81f"},"headline":"Brigitte Macron jeune : son parcours avant l\u2019\u00c9lys\u00e9e","datePublished":"2026-03-06T11:50:01+00:00","dateModified":"2026-03-06T11:50:02+00:00","mainEntityOfPage":{"@id":"https:\/\/www.sebastien-auziere.fr\/blog\/brigitte-macron-jeune-son-parcours-avant-lelysee\/"},"wordCount":699,"commentCount":0,"publisher":{"@id":"https:\/\/www.sebastien-auziere.fr\/blog\/#organization"},"image":{"@id":"https:\/\/www.sebastien-auziere.fr\/blog\/brigitte-macron-jeune-son-parcours-avant-lelysee\/#primaryimage"},"thumbnailUrl":"https:\/\/www.sebastien-auziere.fr\/blog\/wp-content\/uploads\/2026\/03\/Brigitte-Macron-jeune.jpg","articleSection":["Actualit\u00e9s"],"inLanguage":"fr-FR","potentialAction":[{"@type":"CommentAction","name":"Comment","target":["https:\/\/www.sebastien-auziere.fr\/blog\/brigitte-macron-jeune-son-parcours-avant-lelysee\/#respond"]}]},{"@type":"WebPage","@id":"https:\/\/www.sebastien-auziere.fr\/blog\/brigitte-macron-jeune-son-parcours-avant-lelysee\/","url":"https:\/\/www.sebastien-auziere.fr\/blog\/brigitte-macron-jeune-son-parcours-avant-lelysee\/","name":"Brigitte Macron jeune : son parcours avant l\u2019\u00c9lys\u00e9e - Fan site S\u00e9bastien Auzi\u00e8re","isPartOf":{"@id":"https:\/\/www.sebastien-auziere.fr\/blog\/#website"},"primaryImageOfPage":{"@id":"https:\/\/www.sebastien-auziere.fr\/blog\/brigitte-macron-jeune-son-parcours-avant-lelysee\/#primaryimage"},"image":{"@id":"https:\/\/www.sebastien-auziere.fr\/blog\/brigitte-macron-jeune-son-parcours-avant-lelysee\/#primaryimage"},"thumbnailUrl":"https:\/\/www.sebastien-auziere.fr\/blog\/wp-content\/uploads\/2026\/03\/Brigitte-Macron-jeune.jpg","datePublished":"2026-03-06T11:50:01+00:00","dateModified":"2026-03-06T11:50:02+00:00","breadcrumb":{"@id":"https:\/\/www.sebastien-auziere.fr\/blog\/brigitte-macron-jeune-son-parcours-avant-lelysee\/#breadcrumb"},"inLanguage":"fr-FR","potentialAction":[{"@type":"ReadAction","target":["https:\/\/www.sebastien-auziere.fr\/blog\/brigitte-macron-jeune-son-parcours-avant-lelysee\/"]}]},{"@type":"ImageObject","inLanguage":"fr-FR","@id":"https:\/\/www.sebastien-auziere.fr\/blog\/brigitte-macron-jeune-son-parcours-avant-lelysee\/#primaryimage","url":"https:\/\/www.sebastien-auziere.fr\/blog\/wp-content\/uploads\/2026\/03\/Brigitte-Macron-jeune.jpg","contentUrl":"https:\/\/www.sebastien-auziere.fr\/blog\/wp-content\/uploads\/2026\/03\/Brigitte-Macron-jeune.jpg","width":1189,"height":758,"caption":"Brigitte Macron jeune"},{"@type":"BreadcrumbList","@id":"https:\/\/www.sebastien-auziere.fr\/blog\/brigitte-macron-jeune-son-parcours-avant-lelysee\/#breadcrumb","itemListElement":[{"@type":"ListItem","position":1,"name":"Home","item":"https:\/\/www.sebastien-auziere.fr\/blog\/"},{"@type":"ListItem","position":2,"name":"Brigitte Macron jeune : son parcours avant l\u2019\u00c9lys\u00e9e"}]},{"@type":"WebSite","@id":"https:\/\/www.sebastien-auziere.fr\/blog\/#website","url":"https:\/\/www.sebastien-auziere.fr\/blog\/","name":"Fan site S\u00e9bastien Auzi\u00e8re","description":"M\u00e9dia g\u00e9n\u00e9raliste","publisher":{"@id":"https:\/\/www.sebastien-auziere.fr\/blog\/#organization"},"potentialAction":[{"@type":"SearchAction","target":{"@type":"EntryPoint","urlTemplate":"https:\/\/www.sebastien-auziere.fr\/blog\/?s={search_term_string}"},"query-input":{"@type":"PropertyValueSpecification","valueRequired":true,"valueName":"search_term_string"}}],"inLanguage":"fr-FR"},{"@type":"Organization","@id":"https:\/\/www.sebastien-auziere.fr\/blog\/#organization","name":"Fan site S\u00e9bastien Auzi\u00e8re","url":"https:\/\/www.sebastien-auziere.fr\/blog\/","logo":{"@type":"ImageObject","inLanguage":"fr-FR","@id":"https:\/\/www.sebastien-auziere.fr\/blog\/#\/schema\/logo\/image\/","url":"https:\/\/www.sebastien-auziere.fr\/blog\/wp-content\/uploads\/2026\/03\/cropped-cropped-cropped-ChatGPT-Image-6-mars-2026-12_58_09-e1772798376794.jpg","contentUrl":"https:\/\/www.sebastien-auziere.fr\/blog\/wp-content\/uploads\/2026\/03\/cropped-cropped-cropped-ChatGPT-Image-6-mars-2026-12_58_09-e1772798376794.jpg","width":512,"height":360,"caption":"Fan site S\u00e9bastien Auzi\u00e8re"},"image":{"@id":"https:\/\/www.sebastien-auziere.fr\/blog\/#\/schema\/logo\/image\/"}},{"@type":"Person","@id":"https:\/\/www.sebastien-auziere.fr\/blog\/#\/schema\/person\/1e270a963009242469ed08b1c461f81f","name":"Celine","image":{"@type":"ImageObject","inLanguage":"fr-FR","@id":"https:\/\/secure.gravatar.com\/avatar\/c88d569fbe1fe19a13c7f21ee0f8973822df96073df21850b95af6a09ba820c9?s=96&d=mm&r=g","url":"https:\/\/secure.gravatar.com\/avatar\/c88d569fbe1fe19a13c7f21ee0f8973822df96073df21850b95af6a09ba820c9?s=96&d=mm&r=g","contentUrl":"https:\/\/secure.gravatar.com\/avatar\/c88d569fbe1fe19a13c7f21ee0f8973822df96073df21850b95af6a09ba820c9?s=96&d=mm&r=g","caption":"Celine"},"description":"Je m'appelle C\u00e9line, j'ai 31 ans et je suis journaliste sp\u00e9cialis\u00e9e dans le cin\u00e9ma. Passionn\u00e9e par le septi\u00e8me art, j'explore les actualit\u00e9s, les critiques et les tendances du monde cin\u00e9matographique. Mon objectif est de partager ma passion et d'informer les amateurs de films \u00e0 travers des articles percutants et des analyses approfondies.","url":"https:\/\/www.sebastien-auziere.fr\/blog\/author\/celine\/"}]}},"views":155,"_links":{"self":[{"href":"https:\/\/www.sebastien-auziere.fr\/blog\/wp-json\/wp\/v2\/posts\/2039","targetHints":{"allow":["GET"]}}],"collection":[{"href":"https:\/\/www.sebastien-auziere.fr\/blog\/wp-json\/wp\/v2\/posts"}],"about":[{"href":"https:\/\/www.sebastien-auziere.fr\/blog\/wp-json\/wp\/v2\/types\/post"}],"author":[{"embeddable":true,"href":"https:\/\/www.sebastien-auziere.fr\/blog\/wp-json\/wp\/v2\/users\/4"}],"replies":[{"embeddable":true,"href":"https:\/\/www.sebastien-auziere.fr\/blog\/wp-json\/wp\/v2\/comments?post=2039"}],"version-history":[{"count":1,"href":"https:\/\/www.sebastien-auziere.fr\/blog\/wp-json\/wp\/v2\/posts\/2039\/revisions"}],"predecessor-version":[{"id":2042,"href":"https:\/\/www.sebastien-auziere.fr\/blog\/wp-json\/wp\/v2\/posts\/2039\/revisions\/2042"}],"wp:featuredmedia":[{"embeddable":true,"href":"https:\/\/www.sebastien-auziere.fr\/blog\/wp-json\/wp\/v2\/media\/2040"}],"wp:attachment":[{"href":"https:\/\/www.sebastien-auziere.fr\/blog\/wp-json\/wp\/v2\/media?parent=2039"}],"wp:term":[{"taxonomy":"category","embeddable":true,"href":"https:\/\/www.sebastien-auziere.fr\/blog\/wp-json\/wp\/v2\/categories?post=2039"},{"taxonomy":"post_tag","embeddable":true,"href":"https:\/\/www.sebastien-auziere.fr\/blog\/wp-json\/wp\/v2\/tags?post=2039"}],"curies":[{"name":"wp","href":"https:\/\/api.w.org\/{rel}","templated":true}]}}